{"id":39741,"date":"2023-10-19T10:15:01","date_gmt":"2023-10-19T13:15:01","guid":{"rendered":"https:\/\/www.iquilibrio.com\/blog\/?p=39741"},"modified":"2023-10-19T10:15:01","modified_gmt":"2023-10-19T13:15:01","slug":"horoscopo-semanal-de-23-a-29-de-outubro-pela-astrologa-manu-koetz","status":"publish","type":"post","link":"https:\/\/www.iquilibrio.com\/blog\/astrologia\/horoscopo-semanal\/horoscopo-semanal-de-23-a-29-de-outubro-pela-astrologa-manu-koetz\/","title":{"rendered":"Hor\u00f3scopo semanal de 23 a 29 de Outubro, pela astr\u00f3loga Manu Koetz"},"content":{"rendered":"<hr \/>\n<h2><span id=\"Saiba_como_se_preparar_para_essa_semana_com_base_nas_energias_que_estao_por_vir_com_Manu_Koetzx2728\">Saiba como se preparar para essa semana com base nas energias que est\u00e3o por vir com Manu Koetz&#x2728;<\/span><\/h2>\n<p>A semana come\u00e7ou e voc\u00ea j\u00e1 pode se preparar para o que vem pela frente, porque o hor\u00f3scopo semanal est\u00e1 no ar! Arraste para baixo e veja quais s\u00e3o as energias e potenciais dessa semana de 23 a 29 de Outubro para o seu signo!<\/p>\n<h3><span id=\"Aries_2103_2004_x2648\"><span id=\"Aries_2103_8211_2004_x2648\">\u00c1ries\u00a0 (21\/03 \u2013 20\/04) &#x2648;<\/span><\/span><\/h3>\n<p><span style=\"font-weight: 400;\">As quest\u00f5es financeiras, particularmente aquelas relacionadas a recursos compartilhados ou investimentos, podem surgir, exigindo sua aten\u00e7\u00e3o e comunica\u00e7\u00e3o clara. Merc\u00fario, o mensageiro, de m\u00e3os dadas ao sol, promete trazer tend\u00eancias ou informa\u00e7\u00f5es reveladoras capazes de iluminar \u00e1reas da sua vida que precisam de renova\u00e7\u00e3o ou mudan\u00e7a, sendo sua capacidade estrat\u00e9gica uma grande aliada.<\/span><\/p>\n<p><span style=\"font-weight: 400;\">Especialmente porque com a Lua em Aqu\u00e1rio, sua necessidade emocional parece estar voltada para suas aspira\u00e7\u00f5es pessoais.<\/span><\/p>\n<p><span style=\"font-weight: 400;\">Ao longo dos dias, voc\u00ea \u00e9 convidada a um mergulho profundo no seu mundo interior. Esta fase pede por momentos de introspec\u00e7\u00e3o, relaxamento e talvez at\u00e9 uma fuga da agita\u00e7\u00e3o cotidiana. Pode ser um bom momento para meditar, dedicar-se a pr\u00e1ticas espirituais ou simplesmente descansar e sonhar. Ou\u00e7a sua intui\u00e7\u00e3o, \u00c1ries, pois ela ser\u00e1 sua b\u00fassola durante esta passagem.<\/span><\/p>\n<div class=\"code-block code-block-1\">\n<div id=\"nbtpreparagraph\"><\/div>\n<\/div>\n<h3><span id=\"Touro_2104_2005_x2649\"><span id=\"Touro_2104_8211_2005_x2649\">Touro\u00a0 (21\/04 \u2013 20\/05) &#x2649;<\/span><\/span><\/h3>\n<p><span style=\"font-weight: 400;\">No in\u00edcio desta semana, Sol e Merc\u00fario unem for\u00e7as em Escorpi\u00e3o e prometem profundidade em seus relacionamentos. Espere por conversas profundas e significativas com parceiros, sejam eles amorosos, de neg\u00f3cios ou amigos pr\u00f3ximos. Voc\u00ea \u00e9 incentivada a ir al\u00e9m da superf\u00edcie e explorar as verdadeiras motiva\u00e7\u00f5es e desejos tanto seus quanto dos outros.<\/span><\/p>\n<p><span style=\"font-weight: 400;\">T\u00f3picos sens\u00edveis ou ocultos podem surgir, e esta \u00e9 uma oportunidade de ouro para curar e fortalecer v\u00ednculos.<\/span><\/p>\n<p><span style=\"font-weight: 400;\">Contudo, a Lua em Aqu\u00e1rio ilumina o setor de sua carreira. E voc\u00ea pode perceber esse setor mais movimentado. Esse \u00e9 um momento para inovar, mostrar sua originalidade e, talvez, receber os aplausos pelo seu trabalho que vem desempenhando. Isso far\u00e1 com que ao longo dos dias, suas aspira\u00e7\u00f5es passem a ocupar um lugar importante em sua mente. Apenas tome cuidado para n\u00e3o idealizar demais.<\/span><\/p>\n<h3><span id=\"Gemeos_2105_2006_x264a\"><span id=\"Gemeos_2105_8211_2006_x264a\">G\u00eameos\u00a0 (21\/05 \u2013 20\/06) &#x264a;<\/span><\/span><\/h3>\n<p><span style=\"font-weight: 400;\">As tarefas di\u00e1rias, sa\u00fade e bem-estar est\u00e3o enfatizados no in\u00edcio da semana. Voc\u00ea busca cuidar de si mesmo e de organizar sua rotina. As conversas em seu ambiente de trabalho tendem a ser mais penetrantes e anal\u00edticas, sua mente est\u00e1 mais estrat\u00e9gica e investigativa, podendo levar a insights sobre como obter melhores resultados. Al\u00e9m disso, a Lua em Aqu\u00e1rio propicia ideias inovadoras e uma necessidade de ampliar seus horizontes. Quem sabe voc\u00ea n\u00e3o comece a planejar uma viagem ou inicie os estudos em uma nova \u00e1rea.<\/span><\/p>\n<p><span style=\"font-weight: 400;\">Sabemos que voc\u00ea \u00e9 naturalmente curiosa, e nessa semana essa caracter\u00edstica estar\u00e1 amplificada.<\/span><\/p>\n<p><span style=\"font-weight: 400;\">Ao longo dos dias voc\u00ea pode sentir-se mais emp\u00e1tica e intuitiva em rela\u00e7\u00e3o ao seu caminho profissional. Pode ser um per\u00edodo favor\u00e1vel para fazer contatos, especialmente aqueles que ressoam com sua vis\u00e3o e sentimentos mais internos sobre o que deseja alcan\u00e7ar.<\/span><\/p>\n<h3><span id=\"Cancer_2106_2207_x264b\"><span id=\"Cancer_2106_8211_2207_x264b\">C\u00e2ncer\u00a0 (21\/06 \u2013 22\/07) &#x264b;<\/span><\/span><\/h3>\n<p><span style=\"font-weight: 400;\">Com o Sol e Merc\u00fario ingressando em Escorpi\u00e3o, sua criatividade e express\u00e3o pessoal ser\u00e3o intensificadas. Voc\u00ea sentir\u00e1 um \u00edmpeto de se expressar de maneiras mais profundas, talvez atrav\u00e9s da arte, do romance ou de projetos pessoais. Seu desejo por divers\u00e3o tamb\u00e9m \u00e9 acentuado. No campo amoroso, espera-se uma comunica\u00e7\u00e3o mais profunda e intensa, onde segredos podem ser compartilhados e la\u00e7os fortalecidos.<\/span><\/p>\n<p><span style=\"font-weight: 400;\">Com a Lua em Aqu\u00e1rio voc\u00ea \u00e9 encorajada a uma abordagem mais objetiva e inovadora para \u00e1reas sens\u00edveis de sua vida, no sentido de buscar uma transforma\u00e7\u00e3o interna.<\/span><\/p>\n<p><span style=\"font-weight: 400;\">Ao longo dos dias, voc\u00ea passa por um per\u00edodo prop\u00edcio para a aprendizagem, explorar filosofias diferentes ou mesmo para considerar viagens que o levem al\u00e9m de seus horizontes usuais. Sua intui\u00e7\u00e3o estar\u00e1 particularmente agu\u00e7ada, ent\u00e3o confie nos seus sentimentos ao buscar novos caminhos e aventuras.<\/span><\/p>\n<h3><span id=\"Leao_2307_2208_x264c\"><span id=\"Leao_2307_8211_2208_x264c\">Le\u00e3o\u00a0 (23\/07 \u2013 22\/08) &#x264c;<\/span><\/span><\/h3>\n<p><span style=\"font-weight: 400;\">O lar, a fam\u00edlia e a sua sensa\u00e7\u00e3o de pertencimento ser\u00e3o destaque para voc\u00ea nos pr\u00f3ximos dias. Voc\u00ea pode sentir um desejo de se reconectar com seu passado, talvez relembrando mem\u00f3rias ou at\u00e9 mesmo revisando antigas hist\u00f3rias familiares.<\/span><\/p>\n<p><span style=\"font-weight: 400;\">Essa combina\u00e7\u00e3o astral tamb\u00e9m pode acentuar uma necessidade de comunica\u00e7\u00e3o mais profunda com entes queridos, trazendo \u00e0 tona assuntos que antes eram evitados.<\/span><\/p>\n<p><span style=\"font-weight: 400;\">Al\u00e9m disso, em suas rela\u00e7\u00f5es amorosas, de amizade ou profissionais, h\u00e1 um ar certo de imprevisibilidade \u00e0s intera\u00e7\u00f5es, ent\u00e3o esteja preparada para surpresas. Conforme os dias avan\u00e7am, voc\u00ea sente uma necessidade de profunda introspec\u00e7\u00e3o. \u00c9 um per\u00edodo prop\u00edcio para explorar suas emo\u00e7\u00f5es, desvendar seus medos e descobrir recursos internos que nem sabia que possu\u00eda.<\/span><\/p>\n<h3><span id=\"Virgem_2308-_2209_x264d\">Virgem\u00a0 (23\/08- 22\/09) &#x264d;<\/span><\/h3>\n<p><span style=\"font-weight: 400;\">A semana inicia com sua mente mais agu\u00e7ada, estrat\u00e9gica e com a necessidade de chegar no \u00e2mago das quest\u00f5es. As conversas tendem a ser mais reveladoras. N\u00e3o se surpreenda se voc\u00ea descobrir segredos ou obter informa\u00e7\u00f5es ocultas. Use essa energia para explorar temas mais profundos em conversas ou at\u00e9 mesmo para escrever, caso essa seja uma de suas paix\u00f5es.<\/span><\/p>\n<p><span style=\"font-weight: 400;\">Os dias prometem inspira\u00e7\u00e3o para experimentar novas abordagens no trabalho e introduzir mudan\u00e7as em sua rotina di\u00e1ria. Ser\u00e3o dias para observar sua sa\u00fade e bem-estar. Com o ingresso da Lua em Peixes, voc\u00ea \u00e9 tomada por uma atmosfera sonhadora, sens\u00edvel e idealizadora.<\/span><\/p>\n<p><span style=\"font-weight: 400;\">Seja no \u00e2mbito rom\u00e2ntico, de amizade ou de parcerias de trabalho, a empatia ser\u00e1 a sua chave. Voc\u00ea pode se sentir mais sens\u00edvel aos sentimentos e necessidades dos outros. Este \u00e9 um momento prop\u00edcio para aprofundar la\u00e7os, curar feridas relacionais e cultivar a compreens\u00e3o m\u00fatua. Apenas certifique-se de n\u00e3o idealizar demais ao ponto de iludir-se.<\/span><\/p>\n<h3><span id=\"Libra_2309_2210_x264e\"><span id=\"Libra_2309_8211_2210_x264e\">Libra (23\/09 \u2013 22\/10) &#x264e;<\/span><\/span><\/h3>\n<p><span style=\"font-weight: 400;\">No in\u00edcio da semana um holofote \u00e9 colocado sobre sobre suas finan\u00e7as, valores pessoais e autoestima. Voc\u00ea pode se encontrar fazendo an\u00e1lises mais profundas sobre seus gastos, investimentos ou sobre como valorizar seus pr\u00f3prios talentos. \u00c9 um momento prop\u00edcio para reflex\u00f5es sobre o que voc\u00ea realmente valoriza na vida, o que pode influenciar suas decis\u00f5es futuras.<\/span><\/p>\n<p><span style=\"font-weight: 400;\">Com a Lua transitando no setor dos prazeres e divertimentos, voc\u00ea busca experimentar o novo. Esta \u00e9 uma \u00e1rea que descreve nossas cria\u00e7\u00f5es. Por isso, n\u00e3o se surpreenda ao se ver criando projetos extremamente disruptivos e inovadores.<\/span><\/p>\n<p><span style=\"font-weight: 400;\">Com o passar dos dias, sua aten\u00e7\u00e3o se volta para os detalhes de sua rotina e cotidiano. O ambiente de trabalho pode parecer mais flu\u00eddo, e voc\u00ea pode se sentir mais emp\u00e1tico com os colegas. A sa\u00fade e o bem-estar tamb\u00e9m podem vir \u00e0 tona, com uma predisposi\u00e7\u00e3o maior a buscar pr\u00e1ticas que busquem o seu bem estar ps\u00edquico.<\/span><\/p>\n<h3><span id=\"Escorpiao_2310_2111_x264f\"><span id=\"Escorpiao_2310_8211_2111_x264f\">Escorpi\u00e3o\u00a0 (23\/10 \u2013 21\/11) &#x264f;<\/span><\/span><\/h3>\n<p><span style=\"font-weight: 400;\">A poderosa combina\u00e7\u00e3o de Sol e Merc\u00fario em seu signo destaca sua personalidade, suas ideias e sua capacidade de se comunicar. Se houver algo que voc\u00ea deseja expressar ou iniciar, este \u00e9 o momento! H\u00e1 uma profundidade e intensidade inerentes \u00e0 sua natureza que agora se tornam ainda mais palp\u00e1veis. Use essa energia para mergulhar em autoconhecimento e para projetar ao mundo sua aut\u00eantica ess\u00eancia.<\/span><\/p>\n<p><span style=\"font-weight: 400;\">Al\u00e9m disso, quest\u00f5es familiares e assuntos dom\u00e9sticos podem surgir com uma roupagem diferente. Voc\u00ea pode sentir uma necessidade de fazer as coisas diferentes em seu ambiente dom\u00e9stico e familiar. Ser\u00e3o dias que busca compreender e aceitar as diferen\u00e7as promovendo conversas abertas e compreensivas.<\/span><\/p>\n<p><span style=\"font-weight: 400;\">Com o passar dos dias, sua express\u00e3o criativa estar\u00e1 em alta, tornando este um excelente momento para se envolver em atividades art\u00edsticas ou para simplesmente apreciar a beleza ao seu redor. Os romances tamb\u00e9m podem ganhar um tom mais sutil e sonhador.<\/span><\/p>\n<h3><span id=\"Sagitario_2211_2112_x2650\"><span id=\"Sagitario_2211_8211_2112_x2650\">Sagit\u00e1rio\u00a0 (22\/11 \u2013 21\/12) &#x2650;<\/span><\/span><\/h3>\n<p><span style=\"font-weight: 400;\">A semana come\u00e7a introspectiva e com um impulso de olhar para dentro e revisitar aspectos ocultos de si mesmo. Quest\u00f5es do passado ou assuntos n\u00e3o resolvidos podem vir \u00e0 tona, como uma oportunidade para o entendimento de si. Embora a liberdade e aventura sejam sua forma natural de viver a vida, este \u00e9 um per\u00edodo para resguardar-se um pouco. Medita\u00e7\u00e3o, escrita ou qualquer forma de terapia pode ser muito ben\u00e9fica agora.No in\u00edcio da semana, a Lua em Aqu\u00e1rio transita pela casa da comunica\u00e7\u00e3o e aprendizado.<\/span><\/p>\n<p><span style=\"font-weight: 400;\">Voc\u00ea adquire um car\u00e1ter inovador e um tanto revolucion\u00e1rio.<\/span><\/p>\n<p><span style=\"font-weight: 400;\">Com uma inclina\u00e7\u00e3o para aprender coisas novas e se conectar com pessoas de diferentes repert\u00f3rios do passado. No final da semana, o lar e a fam\u00edlia ser\u00e3o seu foco. H\u00e1 uma energia suave e amorosa que envolve sua casa, tornando este um \u00f3timo momento para passar com entes queridos ou apenas se aninhar em um cantinho aconchegante. Quest\u00f5es familiares podem ser abordadas com compaix\u00e3o e empatia, e voc\u00ea pode se sentir mais emotiva e sens\u00edvel do que o normal.<\/span><\/p>\n<h3><span id=\"Capricornio_2212_2001_x2651\"><span id=\"Capricornio_2212_8211_2001_x2651\">Capric\u00f3rnio\u00a0 (22\/12 \u2013 20\/01) &#x2651;<\/span><\/span><\/h3>\n<p><span style=\"font-weight: 400;\">As conex\u00f5es sociais, amizades e suas aspira\u00e7\u00f5es est\u00e3o enfatizadas no in\u00edcio da semana. Um per\u00edodo prop\u00edcio para envolver-se em atividades em grupo ou simplesmente parar para refletir sobre seu futuro. Voc\u00ea pode encontrar pessoas que compartilham dos mesmos interesses ou metas que voc\u00ea, o que pode trazer parcerias promissoras para o seu futuro profissional.<\/span><\/p>\n<p><span style=\"font-weight: 400;\">Com a Lua transitando por Aqu\u00e1rio, os temas relacionados \u00e0 seguran\u00e7a material, valores pessoais e recursos financeiros estar\u00e3o em destaque. Pode haver uma tend\u00eancia a pensar fora da caixa quando se trata de finan\u00e7as, e esse \u00e9 um bom momento para considerar novas formas de investimento ou de ganhar dinheiro.<\/span><\/p>\n<p><span style=\"font-weight: 400;\">\u00c0 medida que a semana avan\u00e7a, voc\u00ea pode sentir uma comunica\u00e7\u00e3o mais sens\u00edvel e intuitiva. Se normalmente voc\u00ea \u00e9 mais reservado e pr\u00e1tico em sua abordagem, agora poder\u00e1 perceber que suas palavras carregam um tom mais compassivo e emp\u00e1tico.<\/span><\/p>\n<h3><span id=\"Aquario_2101_1902_x2652\"><span id=\"Aquario_2101_8211_1902_x2652\">Aqu\u00e1rio\u00a0 (21\/01 \u2013 19\/02) &#x2652;<\/span><\/span><\/h3>\n<p><span style=\"font-weight: 400;\">A semana come\u00e7a com suas aten\u00e7\u00f5es direcionadas \u00e0 sua carreira e reputa\u00e7\u00e3o. O Sol unido a Merc\u00fario no setor profissional de seu mapa, traz \u00e0 tona conversas significativas, decis\u00f5es e poss\u00edveis reconhecimentos no trabalho. Se houve algum projeto ou objetivo que voc\u00ea vem adiando, agora pode ser o momento de dar o pr\u00f3ximo passo com determina\u00e7\u00e3o e estrat\u00e9gia.<\/span><\/p>\n<p><span style=\"font-weight: 400;\">Al\u00e9m disso, com a Lua transitando em seu signo, voc\u00ea passa por dias de maior consci\u00eancia de si mesmo, de suas emo\u00e7\u00f5es e necessidades individuais.<\/span><\/p>\n<p><span style=\"font-weight: 400;\">Este \u00e9 um momento de reafirmar sua identidade e abra\u00e7ar todas as qualidades que fazem de voc\u00ea \u00fanico. Ao longo da semana, o\u00a0 tr\u00e2nsito lunar em Peixes traz uma sensibilidade especial \u00e0 maneira como voc\u00ea v\u00ea seus recursos e talentos. Esteja atenta para n\u00e3o deixar-se levar por gastos impensados.<\/span><\/p>\n<h3><span id=\"Peixes_2002_2003_x2653\"><span id=\"Peixes_2002_8211_2003_x2653\">Peixes\u00a0 (20\/02 \u2013 20\/03) &#x2653;<\/span><\/span><\/h3>\n<p><span style=\"font-weight: 400;\">Os dias iniciam com um desejo intenso de aprendizado e explora\u00e7\u00e3o. Seja atrav\u00e9s de estudos, viagens ou mesmo introspec\u00e7\u00f5es profundas, voc\u00ea est\u00e1 sendo chamado a expandir seus horizontes e compreender melhor o mundo ao seu redor. Talvez seja o momento de retomar aquele livro espiritual que voc\u00ea deixou de lado ou de considerar uma viagem que possa trazer n\u00e3o apenas descanso, mas tamb\u00e9m novos aprendizados. A Lua em Aqu\u00e1rio indica que esse \u00e9 o momento perfeito para se reconectar com sua vida interior, refletindo sobre seus sonhos, intui\u00e7\u00f5es e tudo aquilo que est\u00e1 abaixo da superf\u00edcie de sua consci\u00eancia. Esta energia pode revelar emo\u00e7\u00f5es e sentimentos que estavam escondidos.<\/span><\/p>\n<p><span style=\"font-weight: 400;\">\u00c0 medida que a semana avan\u00e7a voc\u00ea \u00e9 inundada pela sensibilidade pisciana, tornando este um momento m\u00e1gico para renovar sua auto imagem e expressar sua verdadeira ess\u00eancia ao mundo. Sinta-se incentivada a mostrar suas vulnerabilidades, abra\u00e7ando todas as suas emo\u00e7\u00f5es, sejam elas de alegria, tristeza, amor ou medo.<\/span><\/p>\n<hr \/>\n<p><img loading=\"lazy\" decoding=\"async\" class=\"wp-image-39273 size-thumbnail alignleft td-animation-stack-type0-2\" src=\"https:\/\/www.iquilibrio.com\/blog\/wp-content\/uploads\/2023\/07\/Manuela-150x150.png\" sizes=\"auto, (max-width: 150px) 100vw, 150px\" srcset=\"https:\/\/www.iquilibrio.com\/blog\/wp-content\/uploads\/2023\/07\/Manuela-150x150.png 150w, https:\/\/www.iquilibrio.com\/blog\/wp-content\/uploads\/2023\/07\/Manuela.png 300w\" alt=\"\" width=\"150\" height=\"150\" \/><\/p>\n<p>Ap\u00f3s 20 anos de experi\u00eancia como executiva de marketing em empresas multinacionais, Manu Koetz percebeu que as atividades que vinha desempenhando n\u00e3o estavam alinhadas com aquilo que era fundamental para ela. No entanto, ela n\u00e3o sabia ao certo o que realmente era essencial.<\/p>\n<p>Foi necess\u00e1rio fazer uma pausa e refletir sobre sua trajet\u00f3ria. E foi olhando para o c\u00e9u que encontrou a orienta\u00e7\u00e3o que buscava. Ao observar a conjun\u00e7\u00e3o de Plut\u00e3o com o Sol em seu mapa, tomou consci\u00eancia de que ambientes superficiais eram limitantes demais para ela. Percebeu que \u00e9 na profundidade e no oculto que seus maiores talentos s\u00e3o revelados.<\/p>\n<p>Ainda n\u00e3o \u00e9 poss\u00edvel determinar se Manu encontrou a Astrologia ou se foi a Astrologia que a encontrou. No entanto, o que ela sabe \u00e9 que, desde que come\u00e7ou a observar o c\u00e9u, tornou-se imposs\u00edvel n\u00e3o se ver mais. Hoje, ela compreende que todos n\u00f3s somos feitos da\u00a0mesma\u00a0mat\u00e9ria.<\/p>\n<hr \/>\n<p>Esperamos que os tr\u00e2nsitos astrol\u00f3gicos tragam boas vindas de alegria e for\u00e7a nesta nova semana. E para ter um maior aprofundamento nas mensagens, consulte o mapa astrol\u00f3gico aqui no blog&#x2764;&#xfe0f;<\/p>\n<p style=\"text-align: center;\"><span class=\"td_btn td_btn_md td_round_btn\" style=\"background-color: #3366ff; color: #ffffff;\"><a style=\"background-color: #3366ff; color: #ffffff;\" href=\"https:\/\/www.iquilibrio.com\/astrologia\/\" target=\"_blank\" rel=\"noopener\"><b>Saiba as previs\u00f5es de acontecimentos a partir das influencias do C\u00e9u no seu nascimento! Fa\u00e7a seu mapa de tr\u00e2nsitos astrol\u00f3gicos<\/b><\/a><\/span><\/p>\n\n\n<div class=\"kk-star-ratings kksr-auto kksr-align-left kksr-valign-bottom\"\n    data-payload='{&quot;align&quot;:&quot;left&quot;,&quot;id&quot;:&quot;39741&quot;,&quot;slug&quot;:&quot;default&quot;,&quot;valign&quot;:&quot;bottom&quot;,&quot;ignore&quot;:&quot;&quot;,&quot;reference&quot;:&quot;auto&quot;,&quot;class&quot;:&quot;&quot;,&quot;count&quot;:&quot;0&quot;,&quot;legendonly&quot;:&quot;&quot;,&quot;readonly&quot;:&quot;&quot;,&quot;score&quot;:&quot;0&quot;,&quot;starsonly&quot;:&quot;&quot;,&quot;best&quot;:&quot;5&quot;,&quot;gap&quot;:&quot;5&quot;,&quot;greet&quot;:&quot;Rate this post&quot;,&quot;legend&quot;:&quot;0\\\/5 - (0 voto)&quot;,&quot;size&quot;:&quot;24&quot;,&quot;title&quot;:&quot;Hor\u00f3scopo semanal de 23 a 29 de Outubro, pela astr\u00f3loga Manu Koetz&quot;,&quot;width&quot;:&quot;0&quot;,&quot;_legend&quot;:&quot;{score}\\\/{best} - ({count} {votes})&quot;,&quot;font_factor&quot;:&quot;1.25&quot;}'>\n            \n<div class=\"kksr-stars\">\n    \n<div class=\"kksr-stars-inactive\">\n            <div class=\"kksr-star\" data-star=\"1\" style=\"padding-right: 5px\">\n            \n\n<div class=\"kksr-icon\" style=\"width: 24px; height: 24px;\"><\/div>\n        <\/div>\n            <div class=\"kksr-star\" data-star=\"2\" style=\"padding-right: 5px\">\n            \n\n<div class=\"kksr-icon\" style=\"width: 24px; height: 24px;\"><\/div>\n        <\/div>\n            <div class=\"kksr-star\" data-star=\"3\" style=\"padding-right: 5px\">\n            \n\n<div class=\"kksr-icon\" style=\"width: 24px; height: 24px;\"><\/div>\n        <\/div>\n            <div class=\"kksr-star\" data-star=\"4\" style=\"padding-right: 5px\">\n            \n\n<div class=\"kksr-icon\" style=\"width: 24px; height: 24px;\"><\/div>\n        <\/div>\n            <div class=\"kksr-star\" data-star=\"5\" style=\"padding-right: 5px\">\n            \n\n<div class=\"kksr-icon\" style=\"width: 24px; height: 24px;\"><\/div>\n        <\/div>\n    <\/div>\n    \n<div class=\"kksr-stars-active\" style=\"width: 0px;\">\n            <div class=\"kksr-star\" style=\"padding-right: 5px\">\n            \n\n<div class=\"kksr-icon\" style=\"width: 24px; height: 24px;\"><\/div>\n        <\/div>\n            <div class=\"kksr-star\" style=\"padding-right: 5px\">\n            \n\n<div class=\"kksr-icon\" style=\"width: 24px; height: 24px;\"><\/div>\n        <\/div>\n            <div class=\"kksr-star\" style=\"padding-right: 5px\">\n            \n\n<div class=\"kksr-icon\" style=\"width: 24px; height: 24px;\"><\/div>\n        <\/div>\n            <div class=\"kksr-star\" style=\"padding-right: 5px\">\n            \n\n<div class=\"kksr-icon\" style=\"width: 24px; height: 24px;\"><\/div>\n        <\/div>\n            <div class=\"kksr-star\" style=\"padding-right: 5px\">\n            \n\n<div class=\"kksr-icon\" style=\"width: 24px; height: 24px;\"><\/div>\n        <\/div>\n    <\/div>\n<\/div>\n                \n\n<div class=\"kksr-legend\" style=\"font-size: 19.2px;\">\n            <span class=\"kksr-muted\">Rate this post<\/span>\n    <\/div>\n    <\/div>\n","protected":false},"excerpt":{"rendered":"<p>Saiba como se preparar para essa semana com base nas energias que est\u00e3o por vir com Manu Koetz&#x2728; A semana come\u00e7ou e voc\u00ea j\u00e1 pode se preparar para o que vem pela frente, porque o hor\u00f3scopo semanal est\u00e1 no ar! Arraste para baixo e veja quais s\u00e3o as energias e potenciais dessa semana de 23 [&hellip;]<\/p>\n","protected":false},"author":158,"featured_media":39558,"comment_status":"closed","ping_status":"closed","sticky":false,"template":"","format":"standard","meta":{"footnotes":""},"categories":[4263],"tags":[],"class_list":["post-39741","post","type-post","status-publish","format-standard","has-post-thumbnail","hentry","category-horoscopo-semanal"],"yoast_head":"<!-- This site is optimized with the Yoast SEO plugin v27.4 - https:\/\/yoast.com\/product\/yoast-seo-wordpress\/ -->\n<title>Hor\u00f3scopo semanal de 23 a 29 de Outubro, pela astr\u00f3loga Manu Koetz - iQuilibrio<\/title>\n<meta name=\"robots\" content=\"index, follow, max-snippet:-1, max-image-preview:large, max-video-preview:-1\" \/>\n<link rel=\"canonical\" href=\"https:\/\/www.iquilibrio.com\/blog\/astrologia\/horoscopo-semanal\/horoscopo-semanal-de-23-a-29-de-outubro-pela-astrologa-manu-koetz\/\" \/>\n<meta property=\"og:locale\" content=\"pt_BR\" \/>\n<meta property=\"og:type\" content=\"article\" \/>\n<meta property=\"og:title\" content=\"Hor\u00f3scopo semanal de 23 a 29 de Outubro, pela astr\u00f3loga Manu Koetz - iQuilibrio\" \/>\n<meta property=\"og:description\" content=\"Saiba como se preparar para essa semana com base nas energias que est\u00e3o por vir com Manu Koetz&#x2728; A semana come\u00e7ou e voc\u00ea j\u00e1 pode se preparar para o que vem pela frente, porque o hor\u00f3scopo semanal est\u00e1 no ar! Arraste para baixo e veja quais s\u00e3o as energias e potenciais dessa semana de 23 [&hellip;]\" \/>\n<meta property=\"og:url\" content=\"https:\/\/www.iquilibrio.com\/blog\/astrologia\/horoscopo-semanal\/horoscopo-semanal-de-23-a-29-de-outubro-pela-astrologa-manu-koetz\/\" \/>\n<meta property=\"og:site_name\" content=\"iQuilibrio\" \/>\n<meta property=\"article:publisher\" content=\"https:\/\/www.facebook.com\/iQuilibrio\/\" \/>\n<meta property=\"article:published_time\" content=\"2023-10-19T13:15:01+00:00\" \/>\n<meta property=\"og:image\" content=\"https:\/\/www.iquilibrio.com\/blog\/wp-content\/uploads\/2023\/09\/Image_20230915_154242_827.png\" \/>\n\t<meta property=\"og:image:width\" content=\"900\" \/>\n\t<meta property=\"og:image:height\" content=\"560\" \/>\n\t<meta property=\"og:image:type\" content=\"image\/png\" \/>\n<meta name=\"author\" content=\"Arthur Peroni\" \/>\n<meta name=\"twitter:card\" content=\"summary_large_image\" \/>\n<meta name=\"twitter:creator\" content=\"@iquilibrio\" \/>\n<meta name=\"twitter:site\" content=\"@iquilibrio\" \/>\n<meta name=\"twitter:label1\" content=\"Escrito por\" \/>\n\t<meta name=\"twitter:data1\" content=\"Arthur Peroni\" \/>\n\t<meta name=\"twitter:label2\" content=\"Est. tempo de leitura\" \/>\n\t<meta name=\"twitter:data2\" content=\"12 minutos\" \/>\n<script type=\"application\/ld+json\" class=\"yoast-schema-graph\">{\"@context\":\"https:\\\/\\\/schema.org\",\"@graph\":[{\"@type\":\"Article\",\"@id\":\"https:\\\/\\\/www.iquilibrio.com\\\/blog\\\/astrologia\\\/horoscopo-semanal\\\/horoscopo-semanal-de-23-a-29-de-outubro-pela-astrologa-manu-koetz\\\/#article\",\"isPartOf\":{\"@id\":\"https:\\\/\\\/www.iquilibrio.com\\\/blog\\\/astrologia\\\/horoscopo-semanal\\\/horoscopo-semanal-de-23-a-29-de-outubro-pela-astrologa-manu-koetz\\\/\"},\"author\":{\"name\":\"Arthur Peroni\",\"@id\":\"https:\\\/\\\/www.iquilibrio.com\\\/blog\\\/#\\\/schema\\\/person\\\/21ae990723c2e5a1170c9a06dacb4d3d\"},\"headline\":\"Hor\u00f3scopo semanal de 23 a 29 de Outubro, pela astr\u00f3loga Manu Koetz\",\"datePublished\":\"2023-10-19T13:15:01+00:00\",\"mainEntityOfPage\":{\"@id\":\"https:\\\/\\\/www.iquilibrio.com\\\/blog\\\/astrologia\\\/horoscopo-semanal\\\/horoscopo-semanal-de-23-a-29-de-outubro-pela-astrologa-manu-koetz\\\/\"},\"wordCount\":2234,\"publisher\":{\"@id\":\"https:\\\/\\\/www.iquilibrio.com\\\/blog\\\/#organization\"},\"image\":{\"@id\":\"https:\\\/\\\/www.iquilibrio.com\\\/blog\\\/astrologia\\\/horoscopo-semanal\\\/horoscopo-semanal-de-23-a-29-de-outubro-pela-astrologa-manu-koetz\\\/#primaryimage\"},\"thumbnailUrl\":\"https:\\\/\\\/www.iquilibrio.com\\\/blog\\\/wp-content\\\/uploads\\\/2023\\\/09\\\/Image_20230915_154242_827.png\",\"articleSection\":[\"Hor\u00f3scopo semanal\"],\"inLanguage\":\"pt-BR\"},{\"@type\":\"WebPage\",\"@id\":\"https:\\\/\\\/www.iquilibrio.com\\\/blog\\\/astrologia\\\/horoscopo-semanal\\\/horoscopo-semanal-de-23-a-29-de-outubro-pela-astrologa-manu-koetz\\\/\",\"url\":\"https:\\\/\\\/www.iquilibrio.com\\\/blog\\\/astrologia\\\/horoscopo-semanal\\\/horoscopo-semanal-de-23-a-29-de-outubro-pela-astrologa-manu-koetz\\\/\",\"name\":\"Hor\u00f3scopo semanal de 23 a 29 de Outubro, pela astr\u00f3loga Manu Koetz - iQuilibrio\",\"isPartOf\":{\"@id\":\"https:\\\/\\\/www.iquilibrio.com\\\/blog\\\/#website\"},\"primaryImageOfPage\":{\"@id\":\"https:\\\/\\\/www.iquilibrio.com\\\/blog\\\/astrologia\\\/horoscopo-semanal\\\/horoscopo-semanal-de-23-a-29-de-outubro-pela-astrologa-manu-koetz\\\/#primaryimage\"},\"image\":{\"@id\":\"https:\\\/\\\/www.iquilibrio.com\\\/blog\\\/astrologia\\\/horoscopo-semanal\\\/horoscopo-semanal-de-23-a-29-de-outubro-pela-astrologa-manu-koetz\\\/#primaryimage\"},\"thumbnailUrl\":\"https:\\\/\\\/www.iquilibrio.com\\\/blog\\\/wp-content\\\/uploads\\\/2023\\\/09\\\/Image_20230915_154242_827.png\",\"datePublished\":\"2023-10-19T13:15:01+00:00\",\"breadcrumb\":{\"@id\":\"https:\\\/\\\/www.iquilibrio.com\\\/blog\\\/astrologia\\\/horoscopo-semanal\\\/horoscopo-semanal-de-23-a-29-de-outubro-pela-astrologa-manu-koetz\\\/#breadcrumb\"},\"inLanguage\":\"pt-BR\",\"potentialAction\":[{\"@type\":\"ReadAction\",\"target\":[\"https:\\\/\\\/www.iquilibrio.com\\\/blog\\\/astrologia\\\/horoscopo-semanal\\\/horoscopo-semanal-de-23-a-29-de-outubro-pela-astrologa-manu-koetz\\\/\"]}]},{\"@type\":\"ImageObject\",\"inLanguage\":\"pt-BR\",\"@id\":\"https:\\\/\\\/www.iquilibrio.com\\\/blog\\\/astrologia\\\/horoscopo-semanal\\\/horoscopo-semanal-de-23-a-29-de-outubro-pela-astrologa-manu-koetz\\\/#primaryimage\",\"url\":\"https:\\\/\\\/www.iquilibrio.com\\\/blog\\\/wp-content\\\/uploads\\\/2023\\\/09\\\/Image_20230915_154242_827.png\",\"contentUrl\":\"https:\\\/\\\/www.iquilibrio.com\\\/blog\\\/wp-content\\\/uploads\\\/2023\\\/09\\\/Image_20230915_154242_827.png\",\"width\":900,\"height\":560,\"caption\":\"Hor\u00f3scopo semanal\"},{\"@type\":\"BreadcrumbList\",\"@id\":\"https:\\\/\\\/www.iquilibrio.com\\\/blog\\\/astrologia\\\/horoscopo-semanal\\\/horoscopo-semanal-de-23-a-29-de-outubro-pela-astrologa-manu-koetz\\\/#breadcrumb\",\"itemListElement\":[{\"@type\":\"ListItem\",\"position\":1,\"name\":\"In\u00edcio\",\"item\":\"https:\\\/\\\/www.iquilibrio.com\\\/blog\\\/\"},{\"@type\":\"ListItem\",\"position\":2,\"name\":\"Hor\u00f3scopo semanal de 23 a 29 de Outubro, pela astr\u00f3loga Manu Koetz\"}]},{\"@type\":\"WebSite\",\"@id\":\"https:\\\/\\\/www.iquilibrio.com\\\/blog\\\/#website\",\"url\":\"https:\\\/\\\/www.iquilibrio.com\\\/blog\\\/\",\"name\":\"iQuilibrio\",\"description\":\"Blog iQuilibrio\",\"publisher\":{\"@id\":\"https:\\\/\\\/www.iquilibrio.com\\\/blog\\\/#organization\"},\"potentialAction\":[{\"@type\":\"SearchAction\",\"target\":{\"@type\":\"EntryPoint\",\"urlTemplate\":\"https:\\\/\\\/www.iquilibrio.com\\\/blog\\\/?s={search_term_string}\"},\"query-input\":{\"@type\":\"PropertyValueSpecification\",\"valueRequired\":true,\"valueName\":\"search_term_string\"}}],\"inLanguage\":\"pt-BR\"},{\"@type\":\"Organization\",\"@id\":\"https:\\\/\\\/www.iquilibrio.com\\\/blog\\\/#organization\",\"name\":\"Esoterismo, Misticismo e Tarot Online - iQuilibrio\",\"url\":\"https:\\\/\\\/www.iquilibrio.com\\\/blog\\\/\",\"logo\":{\"@type\":\"ImageObject\",\"inLanguage\":\"pt-BR\",\"@id\":\"https:\\\/\\\/www.iquilibrio.com\\\/blog\\\/#\\\/schema\\\/logo\\\/image\\\/\",\"url\":\"https:\\\/\\\/www.iquilibrio.com\\\/blog\\\/wp-content\\\/uploads\\\/2018\\\/12\\\/iquilibrio_lovo_vetor_preto-retina.png\",\"contentUrl\":\"https:\\\/\\\/www.iquilibrio.com\\\/blog\\\/wp-content\\\/uploads\\\/2018\\\/12\\\/iquilibrio_lovo_vetor_preto-retina.png\",\"width\":972,\"height\":180,\"caption\":\"Esoterismo, Misticismo e Tarot Online - iQuilibrio\"},\"image\":{\"@id\":\"https:\\\/\\\/www.iquilibrio.com\\\/blog\\\/#\\\/schema\\\/logo\\\/image\\\/\"},\"sameAs\":[\"https:\\\/\\\/www.facebook.com\\\/iQuilibrio\\\/\",\"https:\\\/\\\/x.com\\\/iquilibrio\",\"https:\\\/\\\/www.instagram.com\\\/iquilibrio\\\/\",\"https:\\\/\\\/www.linkedin.com\\\/company\\\/iquilibrio\\\/\",\"https:\\\/\\\/br.pinterest.com\\\/iquilibrio1397\\\/\",\"https:\\\/\\\/www.youtube.com\\\/channel\\\/UC175qxd-4Zsi4wzawT5zF2g\"]},{\"@type\":\"Person\",\"@id\":\"https:\\\/\\\/www.iquilibrio.com\\\/blog\\\/#\\\/schema\\\/person\\\/21ae990723c2e5a1170c9a06dacb4d3d\",\"name\":\"Arthur Peroni\",\"image\":{\"@type\":\"ImageObject\",\"inLanguage\":\"pt-BR\",\"@id\":\"https:\\\/\\\/www.iquilibrio.com\\\/blog\\\/wp-content\\\/uploads\\\/2023\\\/04\\\/Arthur-Peroni-150x150.jpg\",\"url\":\"https:\\\/\\\/www.iquilibrio.com\\\/blog\\\/wp-content\\\/uploads\\\/2023\\\/04\\\/Arthur-Peroni-150x150.jpg\",\"contentUrl\":\"https:\\\/\\\/www.iquilibrio.com\\\/blog\\\/wp-content\\\/uploads\\\/2023\\\/04\\\/Arthur-Peroni-150x150.jpg\",\"caption\":\"Arthur Peroni\"},\"description\":\"Arthur Peroni escreve sobre a vida, o universo e tudo mais. Amante da literatura m\u00edstica, e fic\u00e7\u00e3o, descobriu sua carreira de redator gra\u00e7as ao h\u00e1bito de leitura constante sobre fantasia e drama. Nas horas vagas, gosta de cozinhar, ler e ver filmes antigos. J\u00e1 trabalhou com, comunica\u00e7\u00e3o social, massoterapia, terapias hol\u00edsticas e design de interiores. Atualmente trabalha como redator SEO e se entusiasma com tudo o que \u00e9 esot\u00e9rico. Gosta de discutir sobre assuntos complexos e instigantes, e v\u00ea na escrita uma oportunidade de aprender e criar todos os dias, mentalmente e espiritualmente.\",\"url\":\"https:\\\/\\\/www.iquilibrio.com\\\/blog\\\/author\\\/raul-vinicius\\\/\"}]}<\/script>\n<!-- \/ Yoast SEO plugin. -->","yoast_head_json":{"title":"Hor\u00f3scopo semanal de 23 a 29 de Outubro, pela astr\u00f3loga Manu Koetz - iQuilibrio","robots":{"index":"index","follow":"follow","max-snippet":"max-snippet:-1","max-image-preview":"max-image-preview:large","max-video-preview":"max-video-preview:-1"},"canonical":"https:\/\/www.iquilibrio.com\/blog\/astrologia\/horoscopo-semanal\/horoscopo-semanal-de-23-a-29-de-outubro-pela-astrologa-manu-koetz\/","og_locale":"pt_BR","og_type":"article","og_title":"Hor\u00f3scopo semanal de 23 a 29 de Outubro, pela astr\u00f3loga Manu Koetz - iQuilibrio","og_description":"Saiba como se preparar para essa semana com base nas energias que est\u00e3o por vir com Manu Koetz&#x2728; A semana come\u00e7ou e voc\u00ea j\u00e1 pode se preparar para o que vem pela frente, porque o hor\u00f3scopo semanal est\u00e1 no ar! Arraste para baixo e veja quais s\u00e3o as energias e potenciais dessa semana de 23 [&hellip;]","og_url":"https:\/\/www.iquilibrio.com\/blog\/astrologia\/horoscopo-semanal\/horoscopo-semanal-de-23-a-29-de-outubro-pela-astrologa-manu-koetz\/","og_site_name":"iQuilibrio","article_publisher":"https:\/\/www.facebook.com\/iQuilibrio\/","article_published_time":"2023-10-19T13:15:01+00:00","og_image":[{"width":900,"height":560,"url":"https:\/\/www.iquilibrio.com\/blog\/wp-content\/uploads\/2023\/09\/Image_20230915_154242_827.png","type":"image\/png"}],"author":"Arthur Peroni","twitter_card":"summary_large_image","twitter_creator":"@iquilibrio","twitter_site":"@iquilibrio","twitter_misc":{"Escrito por":"Arthur Peroni","Est. tempo de leitura":"12 minutos"},"schema":{"@context":"https:\/\/schema.org","@graph":[{"@type":"Article","@id":"https:\/\/www.iquilibrio.com\/blog\/astrologia\/horoscopo-semanal\/horoscopo-semanal-de-23-a-29-de-outubro-pela-astrologa-manu-koetz\/#article","isPartOf":{"@id":"https:\/\/www.iquilibrio.com\/blog\/astrologia\/horoscopo-semanal\/horoscopo-semanal-de-23-a-29-de-outubro-pela-astrologa-manu-koetz\/"},"author":{"name":"Arthur Peroni","@id":"https:\/\/www.iquilibrio.com\/blog\/#\/schema\/person\/21ae990723c2e5a1170c9a06dacb4d3d"},"headline":"Hor\u00f3scopo semanal de 23 a 29 de Outubro, pela astr\u00f3loga Manu Koetz","datePublished":"2023-10-19T13:15:01+00:00","mainEntityOfPage":{"@id":"https:\/\/www.iquilibrio.com\/blog\/astrologia\/horoscopo-semanal\/horoscopo-semanal-de-23-a-29-de-outubro-pela-astrologa-manu-koetz\/"},"wordCount":2234,"publisher":{"@id":"https:\/\/www.iquilibrio.com\/blog\/#organization"},"image":{"@id":"https:\/\/www.iquilibrio.com\/blog\/astrologia\/horoscopo-semanal\/horoscopo-semanal-de-23-a-29-de-outubro-pela-astrologa-manu-koetz\/#primaryimage"},"thumbnailUrl":"https:\/\/www.iquilibrio.com\/blog\/wp-content\/uploads\/2023\/09\/Image_20230915_154242_827.png","articleSection":["Hor\u00f3scopo semanal"],"inLanguage":"pt-BR"},{"@type":"WebPage","@id":"https:\/\/www.iquilibrio.com\/blog\/astrologia\/horoscopo-semanal\/horoscopo-semanal-de-23-a-29-de-outubro-pela-astrologa-manu-koetz\/","url":"https:\/\/www.iquilibrio.com\/blog\/astrologia\/horoscopo-semanal\/horoscopo-semanal-de-23-a-29-de-outubro-pela-astrologa-manu-koetz\/","name":"Hor\u00f3scopo semanal de 23 a 29 de Outubro, pela astr\u00f3loga Manu Koetz - iQuilibrio","isPartOf":{"@id":"https:\/\/www.iquilibrio.com\/blog\/#website"},"primaryImageOfPage":{"@id":"https:\/\/www.iquilibrio.com\/blog\/astrologia\/horoscopo-semanal\/horoscopo-semanal-de-23-a-29-de-outubro-pela-astrologa-manu-koetz\/#primaryimage"},"image":{"@id":"https:\/\/www.iquilibrio.com\/blog\/astrologia\/horoscopo-semanal\/horoscopo-semanal-de-23-a-29-de-outubro-pela-astrologa-manu-koetz\/#primaryimage"},"thumbnailUrl":"https:\/\/www.iquilibrio.com\/blog\/wp-content\/uploads\/2023\/09\/Image_20230915_154242_827.png","datePublished":"2023-10-19T13:15:01+00:00","breadcrumb":{"@id":"https:\/\/www.iquilibrio.com\/blog\/astrologia\/horoscopo-semanal\/horoscopo-semanal-de-23-a-29-de-outubro-pela-astrologa-manu-koetz\/#breadcrumb"},"inLanguage":"pt-BR","potentialAction":[{"@type":"ReadAction","target":["https:\/\/www.iquilibrio.com\/blog\/astrologia\/horoscopo-semanal\/horoscopo-semanal-de-23-a-29-de-outubro-pela-astrologa-manu-koetz\/"]}]},{"@type":"ImageObject","inLanguage":"pt-BR","@id":"https:\/\/www.iquilibrio.com\/blog\/astrologia\/horoscopo-semanal\/horoscopo-semanal-de-23-a-29-de-outubro-pela-astrologa-manu-koetz\/#primaryimage","url":"https:\/\/www.iquilibrio.com\/blog\/wp-content\/uploads\/2023\/09\/Image_20230915_154242_827.png","contentUrl":"https:\/\/www.iquilibrio.com\/blog\/wp-content\/uploads\/2023\/09\/Image_20230915_154242_827.png","width":900,"height":560,"caption":"Hor\u00f3scopo semanal"},{"@type":"BreadcrumbList","@id":"https:\/\/www.iquilibrio.com\/blog\/astrologia\/horoscopo-semanal\/horoscopo-semanal-de-23-a-29-de-outubro-pela-astrologa-manu-koetz\/#breadcrumb","itemListElement":[{"@type":"ListItem","position":1,"name":"In\u00edcio","item":"https:\/\/www.iquilibrio.com\/blog\/"},{"@type":"ListItem","position":2,"name":"Hor\u00f3scopo semanal de 23 a 29 de Outubro, pela astr\u00f3loga Manu Koetz"}]},{"@type":"WebSite","@id":"https:\/\/www.iquilibrio.com\/blog\/#website","url":"https:\/\/www.iquilibrio.com\/blog\/","name":"iQuilibrio","description":"Blog iQuilibrio","publisher":{"@id":"https:\/\/www.iquilibrio.com\/blog\/#organization"},"potentialAction":[{"@type":"SearchAction","target":{"@type":"EntryPoint","urlTemplate":"https:\/\/www.iquilibrio.com\/blog\/?s={search_term_string}"},"query-input":{"@type":"PropertyValueSpecification","valueRequired":true,"valueName":"search_term_string"}}],"inLanguage":"pt-BR"},{"@type":"Organization","@id":"https:\/\/www.iquilibrio.com\/blog\/#organization","name":"Esoterismo, Misticismo e Tarot Online - iQuilibrio","url":"https:\/\/www.iquilibrio.com\/blog\/","logo":{"@type":"ImageObject","inLanguage":"pt-BR","@id":"https:\/\/www.iquilibrio.com\/blog\/#\/schema\/logo\/image\/","url":"https:\/\/www.iquilibrio.com\/blog\/wp-content\/uploads\/2018\/12\/iquilibrio_lovo_vetor_preto-retina.png","contentUrl":"https:\/\/www.iquilibrio.com\/blog\/wp-content\/uploads\/2018\/12\/iquilibrio_lovo_vetor_preto-retina.png","width":972,"height":180,"caption":"Esoterismo, Misticismo e Tarot Online - iQuilibrio"},"image":{"@id":"https:\/\/www.iquilibrio.com\/blog\/#\/schema\/logo\/image\/"},"sameAs":["https:\/\/www.facebook.com\/iQuilibrio\/","https:\/\/x.com\/iquilibrio","https:\/\/www.instagram.com\/iquilibrio\/","https:\/\/www.linkedin.com\/company\/iquilibrio\/","https:\/\/br.pinterest.com\/iquilibrio1397\/","https:\/\/www.youtube.com\/channel\/UC175qxd-4Zsi4wzawT5zF2g"]},{"@type":"Person","@id":"https:\/\/www.iquilibrio.com\/blog\/#\/schema\/person\/21ae990723c2e5a1170c9a06dacb4d3d","name":"Arthur Peroni","image":{"@type":"ImageObject","inLanguage":"pt-BR","@id":"https:\/\/www.iquilibrio.com\/blog\/wp-content\/uploads\/2023\/04\/Arthur-Peroni-150x150.jpg","url":"https:\/\/www.iquilibrio.com\/blog\/wp-content\/uploads\/2023\/04\/Arthur-Peroni-150x150.jpg","contentUrl":"https:\/\/www.iquilibrio.com\/blog\/wp-content\/uploads\/2023\/04\/Arthur-Peroni-150x150.jpg","caption":"Arthur Peroni"},"description":"Arthur Peroni escreve sobre a vida, o universo e tudo mais. Amante da literatura m\u00edstica, e fic\u00e7\u00e3o, descobriu sua carreira de redator gra\u00e7as ao h\u00e1bito de leitura constante sobre fantasia e drama. Nas horas vagas, gosta de cozinhar, ler e ver filmes antigos. J\u00e1 trabalhou com, comunica\u00e7\u00e3o social, massoterapia, terapias hol\u00edsticas e design de interiores. Atualmente trabalha como redator SEO e se entusiasma com tudo o que \u00e9 esot\u00e9rico. Gosta de discutir sobre assuntos complexos e instigantes, e v\u00ea na escrita uma oportunidade de aprender e criar todos os dias, mentalmente e espiritualmente.","url":"https:\/\/www.iquilibrio.com\/blog\/author\/raul-vinicius\/"}]}},"_links":{"self":[{"href":"https:\/\/www.iquilibrio.com\/blog\/wp-json\/wp\/v2\/posts\/39741","targetHints":{"allow":["GET"]}}],"collection":[{"href":"https:\/\/www.iquilibrio.com\/blog\/wp-json\/wp\/v2\/posts"}],"about":[{"href":"https:\/\/www.iquilibrio.com\/blog\/wp-json\/wp\/v2\/types\/post"}],"author":[{"embeddable":true,"href":"https:\/\/www.iquilibrio.com\/blog\/wp-json\/wp\/v2\/users\/158"}],"replies":[{"embeddable":true,"href":"https:\/\/www.iquilibrio.com\/blog\/wp-json\/wp\/v2\/comments?post=39741"}],"version-history":[{"count":1,"href":"https:\/\/www.iquilibrio.com\/blog\/wp-json\/wp\/v2\/posts\/39741\/revisions"}],"predecessor-version":[{"id":39742,"href":"https:\/\/www.iquilibrio.com\/blog\/wp-json\/wp\/v2\/posts\/39741\/revisions\/39742"}],"wp:featuredmedia":[{"embeddable":true,"href":"https:\/\/www.iquilibrio.com\/blog\/wp-json\/wp\/v2\/media\/39558"}],"wp:attachment":[{"href":"https:\/\/www.iquilibrio.com\/blog\/wp-json\/wp\/v2\/media?parent=39741"}],"wp:term":[{"taxonomy":"category","embeddable":true,"href":"https:\/\/www.iquilibrio.com\/blog\/wp-json\/wp\/v2\/categories?post=39741"},{"taxonomy":"post_tag","embeddable":true,"href":"https:\/\/www.iquilibrio.com\/blog\/wp-json\/wp\/v2\/tags?post=39741"}],"curies":[{"name":"wp","href":"https:\/\/api.w.org\/{rel}","templated":true}]}}