{"id":39658,"date":"2023-10-02T11:00:35","date_gmt":"2023-10-02T14:00:35","guid":{"rendered":"https:\/\/www.iquilibrio.com\/blog\/?p=39658"},"modified":"2023-10-02T11:00:35","modified_gmt":"2023-10-02T14:00:35","slug":"horoscopo-semanal-de-02-a-08-de-outubro-pela-astrologa-manu-koetz","status":"publish","type":"post","link":"https:\/\/www.iquilibrio.com\/blog\/astrologia\/horoscopo-semanal\/horoscopo-semanal-de-02-a-08-de-outubro-pela-astrologa-manu-koetz\/","title":{"rendered":"Hor\u00f3scopo semanal de 02 a 08 de Outubro, pela astr\u00f3loga Manu Koetz"},"content":{"rendered":"<h2><span id=\"Saiba_como_se_preparar_para_essa_semana_com_base_nas_energias_que_estao_por_vir_com_Manu_Koetzx2728\">Saiba como se preparar para essa semana com base nas energias que est\u00e3o por vir com Manu Koetz&#x2728;<\/span><\/h2>\n<p>A semana come\u00e7ou e voc\u00ea j\u00e1 pode se preparar para o que vem pela frente, porque o hor\u00f3scopo semanal est\u00e1 no ar! Arraste para baixo e veja quais s\u00e3o as energias e potenciais dessa semana de 02 a 08 de Outubro para o seu signo!<\/p>\n<h3><span id=\"Aries_2103_2004_x2648\"><span id=\"Aries_2103_8211_2004_x2648\">\u00c1ries\u00a0 (21\/03 \u2013 20\/04) &#x2648;<\/span><\/span><\/h3>\n<p><span style=\"font-weight: 400;\">Com o ingresso da Lua em G\u00eameos voc\u00ea tende a come\u00e7ar a semana agitada e com a curiosidade a mil.<\/span> <span style=\"font-weight: 400;\">Este \u00e9 um \u00f3timo per\u00edodo para explorar novos conhecimentos e fortalecer conex\u00f5es atrav\u00e9s de di\u00e1logos significativos. No entanto, com a mente e emo\u00e7\u00f5es afloradas, certifique-se de manter o foco. Ao longo dos dias, voc\u00ea tende a sentir-se um pouco mais emotiva e a conex\u00e3o com a fam\u00edlia e o lar se intensificam.<\/span><\/p>\n<p><span style=\"font-weight: 400;\">Este \u00e9 um per\u00edodo para fortalecer la\u00e7os familiares e refletir sobre seu ambiente dom\u00e9stico. O desejo de conforto emocional e seguran\u00e7a ser\u00e1 evidente, e as rela\u00e7\u00f5es podem ser nutridas atrav\u00e9s de uma comunica\u00e7\u00e3o clara e emp\u00e1tica, tornando este um momento ideal para expressar carinho e compreender necessidades emocionais.<\/span><\/p>\n<h3><span id=\"Touro_2104_2005_x2649\"><span id=\"Touro_2104_8211_2005_x2649\">Touro\u00a0 (21\/04 \u2013 20\/05) &#x2649;<\/span><\/span><\/h3>\n<p><span style=\"font-weight: 400;\">A semana inicia com as quest\u00f5es relacionadas a valores e recursos enfatizadas. Este per\u00edodo \u00e9 prop\u00edcio para reflex\u00f5es acerca de suas finan\u00e7as e posses, trazendo maior clareza sobre temas materiais. H\u00e1 um interesse em adquirir novos conhecimentos que podem, diretamente ou indiretamente, influenciar sua vida financeira. Aproveite este momento para planejar este setor de sua vida.<\/span><\/p>\n<p><span style=\"font-weight: 400;\">O ingresso da Lua em C\u00e2ncer, faz deste um excelente momento para dialogar com aqueles ao seu redor, fortalecendo la\u00e7os atrav\u00e9s do entendimento m\u00fatuo e express\u00e3o de sentimentos.<\/span><\/p>\n<p><span style=\"font-weight: 400;\">A necessidade de criar conex\u00f5es emocionais mais profundas ser\u00e1 manifestada, tornando este um per\u00edodo ideal para construir rela\u00e7\u00f5es mais emp\u00e1ticas, enriquecendo suas intera\u00e7\u00f5es e aprendizados durante a semana.<\/span><\/p>\n<h3><span id=\"Gemeos_2105_2006_x264a\"><span id=\"Gemeos_2105_8211_2006_x264a\">G\u00eameos\u00a0 (21\/05 \u2013 20\/06) &#x264a;<\/span><\/span><\/h3>\n<p><span style=\"font-weight: 400;\">Sua energia flui naturalmente no in\u00edcio da semana. Voc\u00ea sente-se mais din\u00e2mica e comunicativa. Com a Lua em seu signo natal a expressividade est\u00e1 em alta, espere por inspira\u00e7\u00e3o e uma maior necessidade em compartilhar suas ideias, estabelecer trocas intelectuais e aprender mais sobre o mundo ao seu redor.<\/span><\/p>\n<p><span style=\"font-weight: 400;\">Sua mente estar\u00e1 \u00e1gil, e as oportunidades para novos conhecimentos e descobertas ser\u00e3o abundantes. Ao longo dos dias, voc\u00ea pode sentir-se mais sens\u00edvel e emotiva, fazendo com que entre para dentro do casulo. O seu foco agora est\u00e1 em seus valores pessoais e recursos financeiros, especialmente no quanto se sente segura nesse setor de sua vida.<\/span><\/p>\n<h3><span id=\"Cancer_2106_2207_x264b\"><span id=\"Cancer_2106_8211_2207_x264b\">C\u00e2ncer\u00a0 (21\/06 \u2013 22\/07) &#x264b;<\/span><\/span><\/h3>\n<p><span style=\"font-weight: 400;\">A <\/span><span style=\"font-weight: 400;\">semana inicia com momentos de reflex\u00e3o e introspec\u00e7\u00e3o profundas. Voc\u00ea busca pelos mist\u00e9rios em si e, sentimentos ocultos podem vir \u00e0 tona neste per\u00edodo. \u00c9 hora de olhar para dentro, entender suas emo\u00e7\u00f5es e explorar seus pensamentos mais \u00edntimos. A auto-reflex\u00e3o, ser\u00e1 crucial, e voc\u00ea pode encontrar clareza em aspectos de sua vida que anteriormente pareciam obscuros ou confusos.<\/span><\/p>\n<p><span style=\"font-weight: 400;\">Com o ingresso da lua em seu signo, o enfoque se volta para a express\u00e3o de sua identidade e emo\u00e7\u00f5es. A sensibilidade est\u00e1 acentuada, e voc\u00ea pode sentir uma forte conex\u00e3o com suas necessidades e desejos mais intr\u00ednsecos. Este per\u00edodo destaca a import\u00e2ncia do autocuidado e da auto express\u00e3o genu\u00edna.<\/span><\/p>\n<h3><span id=\"Leao_2307_2208_x264c\"><span id=\"Leao_2307_8211_2208_x264c\">Le\u00e3o\u00a0 (23\/07 \u2013 22\/08) &#x264c;<\/span><\/span><\/h3>\n<p><span style=\"font-weight: 400;\">A<\/span><span style=\"font-weight: 400;\"> Lua em G\u00eameos, banha sua esfera social com uma luz curiosa e din\u00e2mica. Este \u00e9 um per\u00edodo \u00fatil para expandir suas redes e estreitar os la\u00e7os com amigos e grupos. A troca de ideias e o compartilhamento de sonhos e aspira\u00e7\u00f5es est\u00e3o favorecidos, permitindo a explora\u00e7\u00e3o de novos horizontes intelectuais e sociais. Sua mente estar\u00e1 ativa e aberta, prop\u00edcia para descobrir novos interesses e fazer conex\u00f5es significativas.<\/span><\/p>\n<p><span style=\"font-weight: 400;\">Ao longo da semana, o cen\u00e1rio muda e voc\u00ea experimenta momentos de introspec\u00e7\u00e3o. Com as energias voltadas para o reino do inconsciente, emo\u00e7\u00f5es e pensamentos ocultos podem emergir. \u00c9 um per\u00edodo para autoan\u00e1lise e reconcilia\u00e7\u00e3o emocional, onde o autocuidado e a compreens\u00e3o de suas necessidades profundas s\u00e3o cruciais.<\/span><\/p>\n<h3><span id=\"Virgem_2308-_2209_x264d\">Virgem\u00a0 (23\/08- 22\/09) &#x264d;<\/span><\/h3>\n<p><span style=\"font-weight: 400;\">Esse ser\u00e1<\/span><span style=\"font-weight: 400;\"> um per\u00edodo vibrante que favorece a express\u00e3o de suas ideias no ambiente profissional. Voc\u00ea parece mais orientada no sentido de tra\u00e7ar metas e objetivos. Com a Lua dinamizada pela energia geminiana voc\u00ea sente-se mais \u00e1gil, seus pensamentos tornam-se claros e precisos, proporcionando discernimento para tomar decis\u00f5es acertadas. Com o passar dos dias, voc\u00ea se volta para suas conex\u00f5es sociais e amizades.<\/span><\/p>\n<p><span style=\"font-weight: 400;\">\u00c9 um momento de fortalecimento dos la\u00e7os com seus amigos e grupos, onde a troca de apoio emocional se torna uma fonte de nutri\u00e7\u00e3o para a alma. A busca por seguran\u00e7a emocional se destaca, convidando-a a compartilhar afeto e experi\u00eancias com aqueles de quem se aproxima. \u00c9 um tempo de acolhimento m\u00fatuo, em que a empatia e o cuidado permeiam suas intera\u00e7\u00f5es sociais, trazendo uma sensa\u00e7\u00e3o de pertencimento e compreens\u00e3o.<\/span><\/p>\n<h3><span id=\"Libra_2309_2210_x264e\"><span id=\"Libra_2309_8211_2210_x264e\">Libra (23\/09 \u2013 22\/10) &#x264e;<\/span><\/span><\/h3>\n<p><span style=\"font-weight: 400;\">A<\/span><span style=\"font-weight: 400;\"> semana come\u00e7a lan\u00e7ando luz sobre sua busca por conhecimento e expans\u00e3o de horizontes. As conversas podem ser repletas de insights, e sua mente estar\u00e1 especialmente agu\u00e7ada, pronta para voos intelectuais. \u00c9 um per\u00edodo prop\u00edcio para questionamentos profundos e para expandir sua compreens\u00e3o sobre o mundo, alimentando seu interior com novas perspectivas.<\/span><\/p>\n<p><span style=\"font-weight: 400;\">Ao longo dos dias o foco \u00e9 direcionado para sua carreira e aspira\u00e7\u00f5es. As emo\u00e7\u00f5es afloram no ambiente profissional, e a sensibilidade se torna uma ferramenta valiosa. Este \u00e9 o momento de harmonizar suas ambi\u00e7\u00f5es com suas necessidades emocionais, criando um espa\u00e7o de realiza\u00e7\u00e3o que ressoa com seu cora\u00e7\u00e3o.<\/span><\/p>\n<h3><span id=\"Escorpiao_2310_2111_x264f\"><span id=\"Escorpiao_2310_8211_2111_x264f\">Escorpi\u00e3o\u00a0 (23\/10 \u2013 21\/11) &#x264f;<\/span><\/span><\/h3>\n<p><span style=\"font-weight: 400;\">Este ser\u00e1 um per\u00edodo de transforma\u00e7\u00f5es e revela\u00e7\u00f5es profundas. Voc\u00ea experimentar\u00e1 dias de introspec\u00e7\u00e3o e an\u00e1lise, onde segredos podem ser revelados. As quest\u00f5es de intimidade e partilha est\u00e3o em evid\u00eancia, trazendo oportunidades para aprofundar rela\u00e7\u00f5es e entender as din\u00e2micas que estabelece. Com a mente afiada, voc\u00ea desenterra verdades e torna-se mais investigativa.<\/span><\/p>\n<p><span style=\"font-weight: 400;\">Ao longo dos dias, com o tr\u00e2nsito da Lua em C\u00e2ncer, o desejo de expans\u00e3o e conhecimento se intensifica. Sua emo\u00e7\u00e3o e intui\u00e7\u00e3o norteiam sua busca por sabedoria, levando-a a explorar novos territ\u00f3rios do pensamento e do entendimento. As quest\u00f5es filos\u00f3ficas e espirituais podem ressoar mais profundamente, e viagens, sejam f\u00edsicas ou mentais, podem oferecer insights valiosos.<\/span><\/p>\n<h3><span id=\"Sagitario_2211_2112_x2650\"><span id=\"Sagitario_2211_8211_2112_x2650\">Sagit\u00e1rio\u00a0 (22\/11 \u2013 21\/12) &#x2650;<\/span><\/span><\/h3>\n<p><span style=\"font-weight: 400;\">Um flerte pela casa das parcerias e rela\u00e7\u00f5es marca o in\u00edcio desta semana. Voc\u00ea sentir\u00e1 uma brisa de intera\u00e7\u00e3o e di\u00e1logo soprando e tornando os compromissos e colabora\u00e7\u00f5es especialmente ricos. A troca de ideias e a comunica\u00e7\u00e3o com os outros est\u00e1 em alta, promovendo entendimentos e acordos.<\/span><\/p>\n<p><span style=\"font-weight: 400;\">\u00c9 um per\u00edodo f\u00e9rtil para aprender com as diferen\u00e7as e enriquecer sua vis\u00e3o de mundo atrav\u00e9s dos olhos dos outros. Ao longo dos dias os temas mais profundos tomam conta de voc\u00ea. Voc\u00ea pode sentir suas emo\u00e7\u00f5es emergirem das profundezas, incentivando a introspec\u00e7\u00e3o e a explora\u00e7\u00e3o dos seus sentimentos mais \u00edntimos e secretos.<\/span><\/p>\n<p><span style=\"font-weight: 400;\">Este tr\u00e2nsito inspira uma busca pela compreens\u00e3o das din\u00e2micas ocultas e dos processos de transforma\u00e7\u00e3o.<\/span><\/p>\n<h3><span id=\"Capricornio_2212_2001_x2651\"><span id=\"Capricornio_2212_8211_2001_x2651\">Capric\u00f3rnio\u00a0 (22\/12 \u2013 20\/01) &#x2651;<\/span><\/span><\/h3>\n<p><span style=\"font-weight: 400;\">O vento agita suas rotinas, trazendo oportunidades para aprimorar h\u00e1bitos. As conversas e intera\u00e7\u00f5es no ambiente de trabalho podem ser fontes de aprendizado e inspira\u00e7\u00e3o. O momento \u00e9 ideal para organizar seus compromissos e dar aten\u00e7\u00e3o \u00e0 sua sa\u00fade e bem-estar, integrando ideias inovadoras que otimizem sua produtividade e harmonizem seu cotidiano.<\/span><\/p>\n<p><span style=\"font-weight: 400;\">Ao longo dos dias o cen\u00e1rio se transforma, dirigindo seu olhar para as rela\u00e7\u00f5es e parcerias. O ambiente se torna prop\u00edcio para nutrir v\u00ednculos e explorar as emo\u00e7\u00f5es compartilhadas. A sensibilidade permeia os encontros, favorecendo a compreens\u00e3o m\u00fatua e o aprofundamento dos la\u00e7os.<\/span><\/p>\n<p><span style=\"font-weight: 400;\">\u00c9 um per\u00edodo importante para cultivar a empatia e fortalecer as conex\u00f5es, permitindo que as emo\u00e7\u00f5es fluam e construam pontes de entendimento.<\/span><\/p>\n<h3><span id=\"Aquario_2101_1902_x2652\"><span id=\"Aquario_2101_8211_1902_x2652\">Aqu\u00e1rio\u00a0 (21\/01 \u2013 19\/02) &#x2652;<\/span><\/span><\/h3>\n<p><span style=\"font-weight: 400;\">A semana come\u00e7a com a Lua dinamizando sua casa com criatividade, lazer e prazer. Seja na arte, nos hobbies ou nos romances, \u00e9 tempo de explorar a autenticidade de sua express\u00e3o. \u00c9 o momento de permitir que sua crian\u00e7a interior flores\u00e7a, propiciando um ambiente f\u00e9rtil para novas ideias e descobertas. Ao longo dos dias a paisagem muda suavemente \u00e0 medida que a Lua encontra seu conforto em C\u00e2ncer.<\/span><\/p>\n<p><span style=\"font-weight: 400;\">Suas aten\u00e7\u00f5es se voltam para o cotidiano e bem-estar. Uma onda de sensibilidade invade sua rotina e, um anseio por nutrir corpo e alma pode emergir.<\/span><\/p>\n<p><span style=\"font-weight: 400;\">Aproveite este momento para se sintonizar com suas necessidades emocionais e f\u00edsicas, ajustar seu ritmo e recorrer a pr\u00e1ticas que alimentem sua ess\u00eancia e harmonizem seu dia a dia.<\/span><\/p>\n<h3><span id=\"Peixes_2002_2003_x2653\"><span id=\"Peixes_2002_8211_2003_x2653\">Peixes\u00a0 (20\/02 \u2013 20\/03) &#x2653;<\/span><\/span><\/h3>\n<p><span style=\"font-weight: 400;\">O seu lar, ambiente \u00edntimo e vida familiar est\u00e3o dinamizados no in\u00edcio da semana. Um ambiente de di\u00e1logo e curiosidade se instala, proporcionando trocas enriquecedoras e aprendizado m\u00fatuo entre voc\u00ea e seus entes queridos. Reflex\u00f5es e conversas em seu n\u00facleo familiar podem revelar tend\u00eancias valiosas e fortalecer os la\u00e7os.<\/span><\/p>\n<p><span style=\"font-weight: 400;\">Este \u00e9 um per\u00edodo prop\u00edcio para mergulhar nas ra\u00edzes, explorar suas emo\u00e7\u00f5es e compartilhar pensamentos e sentimentos com aqueles que comp\u00f5em o seu porto seguro. <\/span><\/p>\n<p><span style=\"font-weight: 400;\">Ao longo dos dias, com o ingresso da Lua em C\u00e2ncer, voc\u00ea \u00e9 convidada a explorar sua criatividade, a se entregar aos romances e a vivenciar a vida com um olhar renovado e cora\u00e7\u00e3o aberto. A energia \u00e9 de encanto e inspira\u00e7\u00e3o, favorecendo as artes, as paix\u00f5es e os momentos de divers\u00e3o.<\/span><\/p>\n<hr \/>\n<p><img loading=\"lazy\" decoding=\"async\" class=\"wp-image-39273 size-thumbnail alignleft td-animation-stack-type0-2\" src=\"https:\/\/www.iquilibrio.com\/blog\/wp-content\/uploads\/2023\/07\/Manuela-150x150.png\" sizes=\"auto, (max-width: 150px) 100vw, 150px\" srcset=\"https:\/\/www.iquilibrio.com\/blog\/wp-content\/uploads\/2023\/07\/Manuela-150x150.png 150w, https:\/\/www.iquilibrio.com\/blog\/wp-content\/uploads\/2023\/07\/Manuela.png 300w\" alt=\"\" width=\"150\" height=\"150\" \/><\/p>\n<p>Ap\u00f3s 20 anos de experi\u00eancia como executiva de marketing em empresas multinacionais, Manu Koetz percebeu que as atividades que vinha desempenhando n\u00e3o estavam alinhadas com aquilo que era fundamental para ela. No entanto, ela n\u00e3o sabia ao certo o que realmente era essencial.<\/p>\n<p>Foi necess\u00e1rio fazer uma pausa e refletir sobre sua trajet\u00f3ria. E foi olhando para o c\u00e9u que encontrou a orienta\u00e7\u00e3o que buscava. Ao observar a conjun\u00e7\u00e3o de Plut\u00e3o com o Sol em seu mapa, tomou consci\u00eancia de que ambientes superficiais eram limitantes demais para ela. Percebeu que \u00e9 na profundidade e no oculto que seus maiores talentos s\u00e3o revelados.<\/p>\n<p>Ainda n\u00e3o \u00e9 poss\u00edvel determinar se Manu encontrou a Astrologia ou se foi a Astrologia que a encontrou. No entanto, o que ela sabe \u00e9 que, desde que come\u00e7ou a observar o c\u00e9u, tornou-se imposs\u00edvel n\u00e3o se ver mais. Hoje, ela compreende que todos n\u00f3s somos feitos da\u00a0mesma\u00a0mat\u00e9ria.<\/p>\n<hr \/>\n<p>Esperamos que os tr\u00e2nsitos astrol\u00f3gicos tragam boas vindas de alegria e for\u00e7a nesta nova semana. E para ter um maior aprofundamento nas mensagens, consulte o mapa astrol\u00f3gico aqui no blog&#x2764;&#xfe0f;<\/p>\n<p style=\"text-align: center;\"><span class=\"td_btn td_btn_md td_round_btn\" style=\"background-color: #3366ff; color: #ffffff;\"><a style=\"background-color: #3366ff; color: #ffffff;\" href=\"https:\/\/www.iquilibrio.com\/astrologia\/mapa-astral\/transito-astrologico\/\" target=\"_blank\" rel=\"noopener\"><b>Saiba as previs\u00f5es de acontecimentos a partir das influencias do C\u00e9u no seu nascimento! Fa\u00e7a seu mapa de tr\u00e2nsitos astrol\u00f3gicos<\/b><\/a><\/span><\/p>\n\n\n<div class=\"kk-star-ratings kksr-auto kksr-align-left kksr-valign-bottom\"\n    data-payload='{&quot;align&quot;:&quot;left&quot;,&quot;id&quot;:&quot;39658&quot;,&quot;slug&quot;:&quot;default&quot;,&quot;valign&quot;:&quot;bottom&quot;,&quot;ignore&quot;:&quot;&quot;,&quot;reference&quot;:&quot;auto&quot;,&quot;class&quot;:&quot;&quot;,&quot;count&quot;:&quot;0&quot;,&quot;legendonly&quot;:&quot;&quot;,&quot;readonly&quot;:&quot;&quot;,&quot;score&quot;:&quot;0&quot;,&quot;starsonly&quot;:&quot;&quot;,&quot;best&quot;:&quot;5&quot;,&quot;gap&quot;:&quot;5&quot;,&quot;greet&quot;:&quot;Rate this post&quot;,&quot;legend&quot;:&quot;0\\\/5 - (0 voto)&quot;,&quot;size&quot;:&quot;24&quot;,&quot;title&quot;:&quot;Hor\u00f3scopo semanal de 02 a 08 de Outubro, pela astr\u00f3loga Manu Koetz&quot;,&quot;width&quot;:&quot;0&quot;,&quot;_legend&quot;:&quot;{score}\\\/{best} - ({count} {votes})&quot;,&quot;font_factor&quot;:&quot;1.25&quot;}'>\n            \n<div class=\"kksr-stars\">\n    \n<div class=\"kksr-stars-inactive\">\n            <div class=\"kksr-star\" data-star=\"1\" style=\"padding-right: 5px\">\n            \n\n<div class=\"kksr-icon\" style=\"width: 24px; height: 24px;\"><\/div>\n        <\/div>\n            <div class=\"kksr-star\" data-star=\"2\" style=\"padding-right: 5px\">\n            \n\n<div class=\"kksr-icon\" style=\"width: 24px; height: 24px;\"><\/div>\n        <\/div>\n            <div class=\"kksr-star\" data-star=\"3\" style=\"padding-right: 5px\">\n            \n\n<div class=\"kksr-icon\" style=\"width: 24px; height: 24px;\"><\/div>\n        <\/div>\n            <div class=\"kksr-star\" data-star=\"4\" style=\"padding-right: 5px\">\n            \n\n<div class=\"kksr-icon\" style=\"width: 24px; height: 24px;\"><\/div>\n        <\/div>\n            <div class=\"kksr-star\" data-star=\"5\" style=\"padding-right: 5px\">\n            \n\n<div class=\"kksr-icon\" style=\"width: 24px; height: 24px;\"><\/div>\n        <\/div>\n    <\/div>\n    \n<div class=\"kksr-stars-active\" style=\"width: 0px;\">\n            <div class=\"kksr-star\" style=\"padding-right: 5px\">\n            \n\n<div class=\"kksr-icon\" style=\"width: 24px; height: 24px;\"><\/div>\n        <\/div>\n            <div class=\"kksr-star\" style=\"padding-right: 5px\">\n            \n\n<div class=\"kksr-icon\" style=\"width: 24px; height: 24px;\"><\/div>\n        <\/div>\n            <div class=\"kksr-star\" style=\"padding-right: 5px\">\n            \n\n<div class=\"kksr-icon\" style=\"width: 24px; height: 24px;\"><\/div>\n        <\/div>\n            <div class=\"kksr-star\" style=\"padding-right: 5px\">\n            \n\n<div class=\"kksr-icon\" style=\"width: 24px; height: 24px;\"><\/div>\n        <\/div>\n            <div class=\"kksr-star\" style=\"padding-right: 5px\">\n            \n\n<div class=\"kksr-icon\" style=\"width: 24px; height: 24px;\"><\/div>\n        <\/div>\n    <\/div>\n<\/div>\n                \n\n<div class=\"kksr-legend\" style=\"font-size: 19.2px;\">\n            <span class=\"kksr-muted\">Rate this post<\/span>\n    <\/div>\n    <\/div>\n","protected":false},"excerpt":{"rendered":"<p>Saiba como se preparar para essa semana com base nas energias que est\u00e3o por vir com Manu Koetz&#x2728; A semana come\u00e7ou e voc\u00ea j\u00e1 pode se preparar para o que vem pela frente, porque o hor\u00f3scopo semanal est\u00e1 no ar! Arraste para baixo e veja quais s\u00e3o as energias e potenciais dessa semana de 02 [&hellip;]<\/p>\n","protected":false},"author":158,"featured_media":39558,"comment_status":"closed","ping_status":"closed","sticky":false,"template":"","format":"standard","meta":{"footnotes":""},"categories":[4263],"tags":[],"class_list":["post-39658","post","type-post","status-publish","format-standard","has-post-thumbnail","hentry","category-horoscopo-semanal"],"yoast_head":"<!-- This site is optimized with the Yoast SEO plugin v27.4 - https:\/\/yoast.com\/product\/yoast-seo-wordpress\/ -->\n<title>Hor\u00f3scopo semanal de 02 a 08 de Outubro, pela astr\u00f3loga Manu Koetz - iQuilibrio<\/title>\n<meta name=\"robots\" content=\"index, follow, max-snippet:-1, max-image-preview:large, max-video-preview:-1\" \/>\n<link rel=\"canonical\" href=\"https:\/\/www.iquilibrio.com\/blog\/astrologia\/horoscopo-semanal\/horoscopo-semanal-de-02-a-08-de-outubro-pela-astrologa-manu-koetz\/\" \/>\n<meta property=\"og:locale\" content=\"pt_BR\" \/>\n<meta property=\"og:type\" content=\"article\" \/>\n<meta property=\"og:title\" content=\"Hor\u00f3scopo semanal de 02 a 08 de Outubro, pela astr\u00f3loga Manu Koetz - iQuilibrio\" \/>\n<meta property=\"og:description\" content=\"Saiba como se preparar para essa semana com base nas energias que est\u00e3o por vir com Manu Koetz&#x2728; A semana come\u00e7ou e voc\u00ea j\u00e1 pode se preparar para o que vem pela frente, porque o hor\u00f3scopo semanal est\u00e1 no ar! Arraste para baixo e veja quais s\u00e3o as energias e potenciais dessa semana de 02 [&hellip;]\" \/>\n<meta property=\"og:url\" content=\"https:\/\/www.iquilibrio.com\/blog\/astrologia\/horoscopo-semanal\/horoscopo-semanal-de-02-a-08-de-outubro-pela-astrologa-manu-koetz\/\" \/>\n<meta property=\"og:site_name\" content=\"iQuilibrio\" \/>\n<meta property=\"article:publisher\" content=\"https:\/\/www.facebook.com\/iQuilibrio\/\" \/>\n<meta property=\"article:published_time\" content=\"2023-10-02T14:00:35+00:00\" \/>\n<meta property=\"og:image\" content=\"https:\/\/www.iquilibrio.com\/blog\/wp-content\/uploads\/2023\/09\/Image_20230915_154242_827.png\" \/>\n\t<meta property=\"og:image:width\" content=\"900\" \/>\n\t<meta property=\"og:image:height\" content=\"560\" \/>\n\t<meta property=\"og:image:type\" content=\"image\/png\" \/>\n<meta name=\"author\" content=\"Arthur Peroni\" \/>\n<meta name=\"twitter:card\" content=\"summary_large_image\" \/>\n<meta name=\"twitter:creator\" content=\"@iquilibrio\" \/>\n<meta name=\"twitter:site\" content=\"@iquilibrio\" \/>\n<meta name=\"twitter:label1\" content=\"Escrito por\" \/>\n\t<meta name=\"twitter:data1\" content=\"Arthur Peroni\" \/>\n\t<meta name=\"twitter:label2\" content=\"Est. tempo de leitura\" \/>\n\t<meta name=\"twitter:data2\" content=\"10 minutos\" \/>\n<script type=\"application\/ld+json\" class=\"yoast-schema-graph\">{\"@context\":\"https:\\\/\\\/schema.org\",\"@graph\":[{\"@type\":\"Article\",\"@id\":\"https:\\\/\\\/www.iquilibrio.com\\\/blog\\\/astrologia\\\/horoscopo-semanal\\\/horoscopo-semanal-de-02-a-08-de-outubro-pela-astrologa-manu-koetz\\\/#article\",\"isPartOf\":{\"@id\":\"https:\\\/\\\/www.iquilibrio.com\\\/blog\\\/astrologia\\\/horoscopo-semanal\\\/horoscopo-semanal-de-02-a-08-de-outubro-pela-astrologa-manu-koetz\\\/\"},\"author\":{\"name\":\"Arthur Peroni\",\"@id\":\"https:\\\/\\\/www.iquilibrio.com\\\/blog\\\/#\\\/schema\\\/person\\\/21ae990723c2e5a1170c9a06dacb4d3d\"},\"headline\":\"Hor\u00f3scopo semanal de 02 a 08 de Outubro, pela astr\u00f3loga Manu Koetz\",\"datePublished\":\"2023-10-02T14:00:35+00:00\",\"mainEntityOfPage\":{\"@id\":\"https:\\\/\\\/www.iquilibrio.com\\\/blog\\\/astrologia\\\/horoscopo-semanal\\\/horoscopo-semanal-de-02-a-08-de-outubro-pela-astrologa-manu-koetz\\\/\"},\"wordCount\":1886,\"publisher\":{\"@id\":\"https:\\\/\\\/www.iquilibrio.com\\\/blog\\\/#organization\"},\"image\":{\"@id\":\"https:\\\/\\\/www.iquilibrio.com\\\/blog\\\/astrologia\\\/horoscopo-semanal\\\/horoscopo-semanal-de-02-a-08-de-outubro-pela-astrologa-manu-koetz\\\/#primaryimage\"},\"thumbnailUrl\":\"https:\\\/\\\/www.iquilibrio.com\\\/blog\\\/wp-content\\\/uploads\\\/2023\\\/09\\\/Image_20230915_154242_827.png\",\"articleSection\":[\"Hor\u00f3scopo semanal\"],\"inLanguage\":\"pt-BR\"},{\"@type\":\"WebPage\",\"@id\":\"https:\\\/\\\/www.iquilibrio.com\\\/blog\\\/astrologia\\\/horoscopo-semanal\\\/horoscopo-semanal-de-02-a-08-de-outubro-pela-astrologa-manu-koetz\\\/\",\"url\":\"https:\\\/\\\/www.iquilibrio.com\\\/blog\\\/astrologia\\\/horoscopo-semanal\\\/horoscopo-semanal-de-02-a-08-de-outubro-pela-astrologa-manu-koetz\\\/\",\"name\":\"Hor\u00f3scopo semanal de 02 a 08 de Outubro, pela astr\u00f3loga Manu Koetz - iQuilibrio\",\"isPartOf\":{\"@id\":\"https:\\\/\\\/www.iquilibrio.com\\\/blog\\\/#website\"},\"primaryImageOfPage\":{\"@id\":\"https:\\\/\\\/www.iquilibrio.com\\\/blog\\\/astrologia\\\/horoscopo-semanal\\\/horoscopo-semanal-de-02-a-08-de-outubro-pela-astrologa-manu-koetz\\\/#primaryimage\"},\"image\":{\"@id\":\"https:\\\/\\\/www.iquilibrio.com\\\/blog\\\/astrologia\\\/horoscopo-semanal\\\/horoscopo-semanal-de-02-a-08-de-outubro-pela-astrologa-manu-koetz\\\/#primaryimage\"},\"thumbnailUrl\":\"https:\\\/\\\/www.iquilibrio.com\\\/blog\\\/wp-content\\\/uploads\\\/2023\\\/09\\\/Image_20230915_154242_827.png\",\"datePublished\":\"2023-10-02T14:00:35+00:00\",\"breadcrumb\":{\"@id\":\"https:\\\/\\\/www.iquilibrio.com\\\/blog\\\/astrologia\\\/horoscopo-semanal\\\/horoscopo-semanal-de-02-a-08-de-outubro-pela-astrologa-manu-koetz\\\/#breadcrumb\"},\"inLanguage\":\"pt-BR\",\"potentialAction\":[{\"@type\":\"ReadAction\",\"target\":[\"https:\\\/\\\/www.iquilibrio.com\\\/blog\\\/astrologia\\\/horoscopo-semanal\\\/horoscopo-semanal-de-02-a-08-de-outubro-pela-astrologa-manu-koetz\\\/\"]}]},{\"@type\":\"ImageObject\",\"inLanguage\":\"pt-BR\",\"@id\":\"https:\\\/\\\/www.iquilibrio.com\\\/blog\\\/astrologia\\\/horoscopo-semanal\\\/horoscopo-semanal-de-02-a-08-de-outubro-pela-astrologa-manu-koetz\\\/#primaryimage\",\"url\":\"https:\\\/\\\/www.iquilibrio.com\\\/blog\\\/wp-content\\\/uploads\\\/2023\\\/09\\\/Image_20230915_154242_827.png\",\"contentUrl\":\"https:\\\/\\\/www.iquilibrio.com\\\/blog\\\/wp-content\\\/uploads\\\/2023\\\/09\\\/Image_20230915_154242_827.png\",\"width\":900,\"height\":560,\"caption\":\"Hor\u00f3scopo semanal\"},{\"@type\":\"BreadcrumbList\",\"@id\":\"https:\\\/\\\/www.iquilibrio.com\\\/blog\\\/astrologia\\\/horoscopo-semanal\\\/horoscopo-semanal-de-02-a-08-de-outubro-pela-astrologa-manu-koetz\\\/#breadcrumb\",\"itemListElement\":[{\"@type\":\"ListItem\",\"position\":1,\"name\":\"In\u00edcio\",\"item\":\"https:\\\/\\\/www.iquilibrio.com\\\/blog\\\/\"},{\"@type\":\"ListItem\",\"position\":2,\"name\":\"Hor\u00f3scopo semanal de 02 a 08 de Outubro, pela astr\u00f3loga Manu Koetz\"}]},{\"@type\":\"WebSite\",\"@id\":\"https:\\\/\\\/www.iquilibrio.com\\\/blog\\\/#website\",\"url\":\"https:\\\/\\\/www.iquilibrio.com\\\/blog\\\/\",\"name\":\"iQuilibrio\",\"description\":\"Blog iQuilibrio\",\"publisher\":{\"@id\":\"https:\\\/\\\/www.iquilibrio.com\\\/blog\\\/#organization\"},\"potentialAction\":[{\"@type\":\"SearchAction\",\"target\":{\"@type\":\"EntryPoint\",\"urlTemplate\":\"https:\\\/\\\/www.iquilibrio.com\\\/blog\\\/?s={search_term_string}\"},\"query-input\":{\"@type\":\"PropertyValueSpecification\",\"valueRequired\":true,\"valueName\":\"search_term_string\"}}],\"inLanguage\":\"pt-BR\"},{\"@type\":\"Organization\",\"@id\":\"https:\\\/\\\/www.iquilibrio.com\\\/blog\\\/#organization\",\"name\":\"Esoterismo, Misticismo e Tarot Online - iQuilibrio\",\"url\":\"https:\\\/\\\/www.iquilibrio.com\\\/blog\\\/\",\"logo\":{\"@type\":\"ImageObject\",\"inLanguage\":\"pt-BR\",\"@id\":\"https:\\\/\\\/www.iquilibrio.com\\\/blog\\\/#\\\/schema\\\/logo\\\/image\\\/\",\"url\":\"https:\\\/\\\/www.iquilibrio.com\\\/blog\\\/wp-content\\\/uploads\\\/2018\\\/12\\\/iquilibrio_lovo_vetor_preto-retina.png\",\"contentUrl\":\"https:\\\/\\\/www.iquilibrio.com\\\/blog\\\/wp-content\\\/uploads\\\/2018\\\/12\\\/iquilibrio_lovo_vetor_preto-retina.png\",\"width\":972,\"height\":180,\"caption\":\"Esoterismo, Misticismo e Tarot Online - iQuilibrio\"},\"image\":{\"@id\":\"https:\\\/\\\/www.iquilibrio.com\\\/blog\\\/#\\\/schema\\\/logo\\\/image\\\/\"},\"sameAs\":[\"https:\\\/\\\/www.facebook.com\\\/iQuilibrio\\\/\",\"https:\\\/\\\/x.com\\\/iquilibrio\",\"https:\\\/\\\/www.instagram.com\\\/iquilibrio\\\/\",\"https:\\\/\\\/www.linkedin.com\\\/company\\\/iquilibrio\\\/\",\"https:\\\/\\\/br.pinterest.com\\\/iquilibrio1397\\\/\",\"https:\\\/\\\/www.youtube.com\\\/channel\\\/UC175qxd-4Zsi4wzawT5zF2g\"]},{\"@type\":\"Person\",\"@id\":\"https:\\\/\\\/www.iquilibrio.com\\\/blog\\\/#\\\/schema\\\/person\\\/21ae990723c2e5a1170c9a06dacb4d3d\",\"name\":\"Arthur Peroni\",\"image\":{\"@type\":\"ImageObject\",\"inLanguage\":\"pt-BR\",\"@id\":\"https:\\\/\\\/www.iquilibrio.com\\\/blog\\\/wp-content\\\/uploads\\\/2023\\\/04\\\/Arthur-Peroni-150x150.jpg\",\"url\":\"https:\\\/\\\/www.iquilibrio.com\\\/blog\\\/wp-content\\\/uploads\\\/2023\\\/04\\\/Arthur-Peroni-150x150.jpg\",\"contentUrl\":\"https:\\\/\\\/www.iquilibrio.com\\\/blog\\\/wp-content\\\/uploads\\\/2023\\\/04\\\/Arthur-Peroni-150x150.jpg\",\"caption\":\"Arthur Peroni\"},\"description\":\"Arthur Peroni escreve sobre a vida, o universo e tudo mais. Amante da literatura m\u00edstica, e fic\u00e7\u00e3o, descobriu sua carreira de redator gra\u00e7as ao h\u00e1bito de leitura constante sobre fantasia e drama. Nas horas vagas, gosta de cozinhar, ler e ver filmes antigos. J\u00e1 trabalhou com, comunica\u00e7\u00e3o social, massoterapia, terapias hol\u00edsticas e design de interiores. Atualmente trabalha como redator SEO e se entusiasma com tudo o que \u00e9 esot\u00e9rico. Gosta de discutir sobre assuntos complexos e instigantes, e v\u00ea na escrita uma oportunidade de aprender e criar todos os dias, mentalmente e espiritualmente.\",\"url\":\"https:\\\/\\\/www.iquilibrio.com\\\/blog\\\/author\\\/raul-vinicius\\\/\"}]}<\/script>\n<!-- \/ Yoast SEO plugin. -->","yoast_head_json":{"title":"Hor\u00f3scopo semanal de 02 a 08 de Outubro, pela astr\u00f3loga Manu Koetz - iQuilibrio","robots":{"index":"index","follow":"follow","max-snippet":"max-snippet:-1","max-image-preview":"max-image-preview:large","max-video-preview":"max-video-preview:-1"},"canonical":"https:\/\/www.iquilibrio.com\/blog\/astrologia\/horoscopo-semanal\/horoscopo-semanal-de-02-a-08-de-outubro-pela-astrologa-manu-koetz\/","og_locale":"pt_BR","og_type":"article","og_title":"Hor\u00f3scopo semanal de 02 a 08 de Outubro, pela astr\u00f3loga Manu Koetz - iQuilibrio","og_description":"Saiba como se preparar para essa semana com base nas energias que est\u00e3o por vir com Manu Koetz&#x2728; A semana come\u00e7ou e voc\u00ea j\u00e1 pode se preparar para o que vem pela frente, porque o hor\u00f3scopo semanal est\u00e1 no ar! Arraste para baixo e veja quais s\u00e3o as energias e potenciais dessa semana de 02 [&hellip;]","og_url":"https:\/\/www.iquilibrio.com\/blog\/astrologia\/horoscopo-semanal\/horoscopo-semanal-de-02-a-08-de-outubro-pela-astrologa-manu-koetz\/","og_site_name":"iQuilibrio","article_publisher":"https:\/\/www.facebook.com\/iQuilibrio\/","article_published_time":"2023-10-02T14:00:35+00:00","og_image":[{"width":900,"height":560,"url":"https:\/\/www.iquilibrio.com\/blog\/wp-content\/uploads\/2023\/09\/Image_20230915_154242_827.png","type":"image\/png"}],"author":"Arthur Peroni","twitter_card":"summary_large_image","twitter_creator":"@iquilibrio","twitter_site":"@iquilibrio","twitter_misc":{"Escrito por":"Arthur Peroni","Est. tempo de leitura":"10 minutos"},"schema":{"@context":"https:\/\/schema.org","@graph":[{"@type":"Article","@id":"https:\/\/www.iquilibrio.com\/blog\/astrologia\/horoscopo-semanal\/horoscopo-semanal-de-02-a-08-de-outubro-pela-astrologa-manu-koetz\/#article","isPartOf":{"@id":"https:\/\/www.iquilibrio.com\/blog\/astrologia\/horoscopo-semanal\/horoscopo-semanal-de-02-a-08-de-outubro-pela-astrologa-manu-koetz\/"},"author":{"name":"Arthur Peroni","@id":"https:\/\/www.iquilibrio.com\/blog\/#\/schema\/person\/21ae990723c2e5a1170c9a06dacb4d3d"},"headline":"Hor\u00f3scopo semanal de 02 a 08 de Outubro, pela astr\u00f3loga Manu Koetz","datePublished":"2023-10-02T14:00:35+00:00","mainEntityOfPage":{"@id":"https:\/\/www.iquilibrio.com\/blog\/astrologia\/horoscopo-semanal\/horoscopo-semanal-de-02-a-08-de-outubro-pela-astrologa-manu-koetz\/"},"wordCount":1886,"publisher":{"@id":"https:\/\/www.iquilibrio.com\/blog\/#organization"},"image":{"@id":"https:\/\/www.iquilibrio.com\/blog\/astrologia\/horoscopo-semanal\/horoscopo-semanal-de-02-a-08-de-outubro-pela-astrologa-manu-koetz\/#primaryimage"},"thumbnailUrl":"https:\/\/www.iquilibrio.com\/blog\/wp-content\/uploads\/2023\/09\/Image_20230915_154242_827.png","articleSection":["Hor\u00f3scopo semanal"],"inLanguage":"pt-BR"},{"@type":"WebPage","@id":"https:\/\/www.iquilibrio.com\/blog\/astrologia\/horoscopo-semanal\/horoscopo-semanal-de-02-a-08-de-outubro-pela-astrologa-manu-koetz\/","url":"https:\/\/www.iquilibrio.com\/blog\/astrologia\/horoscopo-semanal\/horoscopo-semanal-de-02-a-08-de-outubro-pela-astrologa-manu-koetz\/","name":"Hor\u00f3scopo semanal de 02 a 08 de Outubro, pela astr\u00f3loga Manu Koetz - iQuilibrio","isPartOf":{"@id":"https:\/\/www.iquilibrio.com\/blog\/#website"},"primaryImageOfPage":{"@id":"https:\/\/www.iquilibrio.com\/blog\/astrologia\/horoscopo-semanal\/horoscopo-semanal-de-02-a-08-de-outubro-pela-astrologa-manu-koetz\/#primaryimage"},"image":{"@id":"https:\/\/www.iquilibrio.com\/blog\/astrologia\/horoscopo-semanal\/horoscopo-semanal-de-02-a-08-de-outubro-pela-astrologa-manu-koetz\/#primaryimage"},"thumbnailUrl":"https:\/\/www.iquilibrio.com\/blog\/wp-content\/uploads\/2023\/09\/Image_20230915_154242_827.png","datePublished":"2023-10-02T14:00:35+00:00","breadcrumb":{"@id":"https:\/\/www.iquilibrio.com\/blog\/astrologia\/horoscopo-semanal\/horoscopo-semanal-de-02-a-08-de-outubro-pela-astrologa-manu-koetz\/#breadcrumb"},"inLanguage":"pt-BR","potentialAction":[{"@type":"ReadAction","target":["https:\/\/www.iquilibrio.com\/blog\/astrologia\/horoscopo-semanal\/horoscopo-semanal-de-02-a-08-de-outubro-pela-astrologa-manu-koetz\/"]}]},{"@type":"ImageObject","inLanguage":"pt-BR","@id":"https:\/\/www.iquilibrio.com\/blog\/astrologia\/horoscopo-semanal\/horoscopo-semanal-de-02-a-08-de-outubro-pela-astrologa-manu-koetz\/#primaryimage","url":"https:\/\/www.iquilibrio.com\/blog\/wp-content\/uploads\/2023\/09\/Image_20230915_154242_827.png","contentUrl":"https:\/\/www.iquilibrio.com\/blog\/wp-content\/uploads\/2023\/09\/Image_20230915_154242_827.png","width":900,"height":560,"caption":"Hor\u00f3scopo semanal"},{"@type":"BreadcrumbList","@id":"https:\/\/www.iquilibrio.com\/blog\/astrologia\/horoscopo-semanal\/horoscopo-semanal-de-02-a-08-de-outubro-pela-astrologa-manu-koetz\/#breadcrumb","itemListElement":[{"@type":"ListItem","position":1,"name":"In\u00edcio","item":"https:\/\/www.iquilibrio.com\/blog\/"},{"@type":"ListItem","position":2,"name":"Hor\u00f3scopo semanal de 02 a 08 de Outubro, pela astr\u00f3loga Manu Koetz"}]},{"@type":"WebSite","@id":"https:\/\/www.iquilibrio.com\/blog\/#website","url":"https:\/\/www.iquilibrio.com\/blog\/","name":"iQuilibrio","description":"Blog iQuilibrio","publisher":{"@id":"https:\/\/www.iquilibrio.com\/blog\/#organization"},"potentialAction":[{"@type":"SearchAction","target":{"@type":"EntryPoint","urlTemplate":"https:\/\/www.iquilibrio.com\/blog\/?s={search_term_string}"},"query-input":{"@type":"PropertyValueSpecification","valueRequired":true,"valueName":"search_term_string"}}],"inLanguage":"pt-BR"},{"@type":"Organization","@id":"https:\/\/www.iquilibrio.com\/blog\/#organization","name":"Esoterismo, Misticismo e Tarot Online - iQuilibrio","url":"https:\/\/www.iquilibrio.com\/blog\/","logo":{"@type":"ImageObject","inLanguage":"pt-BR","@id":"https:\/\/www.iquilibrio.com\/blog\/#\/schema\/logo\/image\/","url":"https:\/\/www.iquilibrio.com\/blog\/wp-content\/uploads\/2018\/12\/iquilibrio_lovo_vetor_preto-retina.png","contentUrl":"https:\/\/www.iquilibrio.com\/blog\/wp-content\/uploads\/2018\/12\/iquilibrio_lovo_vetor_preto-retina.png","width":972,"height":180,"caption":"Esoterismo, Misticismo e Tarot Online - iQuilibrio"},"image":{"@id":"https:\/\/www.iquilibrio.com\/blog\/#\/schema\/logo\/image\/"},"sameAs":["https:\/\/www.facebook.com\/iQuilibrio\/","https:\/\/x.com\/iquilibrio","https:\/\/www.instagram.com\/iquilibrio\/","https:\/\/www.linkedin.com\/company\/iquilibrio\/","https:\/\/br.pinterest.com\/iquilibrio1397\/","https:\/\/www.youtube.com\/channel\/UC175qxd-4Zsi4wzawT5zF2g"]},{"@type":"Person","@id":"https:\/\/www.iquilibrio.com\/blog\/#\/schema\/person\/21ae990723c2e5a1170c9a06dacb4d3d","name":"Arthur Peroni","image":{"@type":"ImageObject","inLanguage":"pt-BR","@id":"https:\/\/www.iquilibrio.com\/blog\/wp-content\/uploads\/2023\/04\/Arthur-Peroni-150x150.jpg","url":"https:\/\/www.iquilibrio.com\/blog\/wp-content\/uploads\/2023\/04\/Arthur-Peroni-150x150.jpg","contentUrl":"https:\/\/www.iquilibrio.com\/blog\/wp-content\/uploads\/2023\/04\/Arthur-Peroni-150x150.jpg","caption":"Arthur Peroni"},"description":"Arthur Peroni escreve sobre a vida, o universo e tudo mais. Amante da literatura m\u00edstica, e fic\u00e7\u00e3o, descobriu sua carreira de redator gra\u00e7as ao h\u00e1bito de leitura constante sobre fantasia e drama. Nas horas vagas, gosta de cozinhar, ler e ver filmes antigos. J\u00e1 trabalhou com, comunica\u00e7\u00e3o social, massoterapia, terapias hol\u00edsticas e design de interiores. Atualmente trabalha como redator SEO e se entusiasma com tudo o que \u00e9 esot\u00e9rico. Gosta de discutir sobre assuntos complexos e instigantes, e v\u00ea na escrita uma oportunidade de aprender e criar todos os dias, mentalmente e espiritualmente.","url":"https:\/\/www.iquilibrio.com\/blog\/author\/raul-vinicius\/"}]}},"_links":{"self":[{"href":"https:\/\/www.iquilibrio.com\/blog\/wp-json\/wp\/v2\/posts\/39658","targetHints":{"allow":["GET"]}}],"collection":[{"href":"https:\/\/www.iquilibrio.com\/blog\/wp-json\/wp\/v2\/posts"}],"about":[{"href":"https:\/\/www.iquilibrio.com\/blog\/wp-json\/wp\/v2\/types\/post"}],"author":[{"embeddable":true,"href":"https:\/\/www.iquilibrio.com\/blog\/wp-json\/wp\/v2\/users\/158"}],"replies":[{"embeddable":true,"href":"https:\/\/www.iquilibrio.com\/blog\/wp-json\/wp\/v2\/comments?post=39658"}],"version-history":[{"count":1,"href":"https:\/\/www.iquilibrio.com\/blog\/wp-json\/wp\/v2\/posts\/39658\/revisions"}],"predecessor-version":[{"id":39659,"href":"https:\/\/www.iquilibrio.com\/blog\/wp-json\/wp\/v2\/posts\/39658\/revisions\/39659"}],"wp:featuredmedia":[{"embeddable":true,"href":"https:\/\/www.iquilibrio.com\/blog\/wp-json\/wp\/v2\/media\/39558"}],"wp:attachment":[{"href":"https:\/\/www.iquilibrio.com\/blog\/wp-json\/wp\/v2\/media?parent=39658"}],"wp:term":[{"taxonomy":"category","embeddable":true,"href":"https:\/\/www.iquilibrio.com\/blog\/wp-json\/wp\/v2\/categories?post=39658"},{"taxonomy":"post_tag","embeddable":true,"href":"https:\/\/www.iquilibrio.com\/blog\/wp-json\/wp\/v2\/tags?post=39658"}],"curies":[{"name":"wp","href":"https:\/\/api.w.org\/{rel}","templated":true}]}}