{"id":39555,"date":"2023-09-15T12:00:38","date_gmt":"2023-09-15T15:00:38","guid":{"rendered":"https:\/\/www.iquilibrio.com\/blog\/?p=39555"},"modified":"2023-09-15T15:47:04","modified_gmt":"2023-09-15T18:47:04","slug":"horoscopo-semanal-de-18-a-24-de-setembro-pela-astrologa-manu-koetz","status":"publish","type":"post","link":"https:\/\/www.iquilibrio.com\/blog\/astrologia\/horoscopo-semanal\/horoscopo-semanal-de-18-a-24-de-setembro-pela-astrologa-manu-koetz\/","title":{"rendered":"Hor\u00f3scopo semanal de 18 a 24 de Setembro, pela astr\u00f3loga Manu Koetz"},"content":{"rendered":"<h2>Saiba como se preparar para essa semana com base nas energias que est\u00e3o por vir com Manu Koetz&#x2728;<\/h2>\n<p>A semana come\u00e7ou e voc\u00ea j\u00e1 pode se preparar para o que vem pela frente, porque o hor\u00f3scopo semanal est\u00e1 no ar! Arraste para baixo e veja quais s\u00e3o as energias e potenciais dessa semana de 18 a 24 de Setembro de Agosto para o seu signo!<\/p>\n<h3><span id=\"Aries_2103_2004_x2648\"><span id=\"Aries_2103_8211_2004_x2648\">\u00c1ries\u00a0 (21\/03 \u2013 20\/04) &#x2648;<\/span><\/span><\/h3>\n<p><span style=\"font-weight: 400;\">A semana come\u00e7a intensa, emocionalmente, pode ser que voc\u00ea sinta uma necessidade profunda de transforma\u00e7\u00f5es, compreendendo o que em sua vida deve ficar e aquilo que precisa dizer adeus. Aqui falamos de reciclar, renovar e acima de tudo deixar ir.<\/span><\/p>\n<p><span style=\"font-weight: 400;\">Inclua nessa lista, coisas, pensamentos, sentimentos, pessoas, situa\u00e7\u00f5es, atitudes. Ao longo dos dias voc\u00ea adquire um sentimento mais otimista e positivo, podendo buscar em experi\u00eancias, estudos e contato com pessoas de outras culturas os subs\u00eddios que necessita para ampliar sua vis\u00e3o de mundo e literalmente arejar sua mente.<\/span><\/p>\n<h3><span id=\"Touro_2104_2005_x2649\"><span id=\"Touro_2104_8211_2005_x2649\">Touro\u00a0 (21\/04 \u2013 20\/05) &#x2649;<\/span><\/span><\/h3>\n<p><span style=\"font-weight: 400;\">Suas necessidades, desejos e expectativas sobre as rela\u00e7\u00f5es (afetivas e comerciais) que estabelece estar\u00e3o enfatizadas no in\u00edcio desta semana. Voc\u00ea busca sair da superficialidade e mudar velhos padr\u00f5es. Independente do tipo de parceria a ideia aqui \u00e9 aprofundar, tornar mais s\u00e9rio (e considere aqui contratos) ou literalmente desapegar.<\/span><\/p>\n<p><span style=\"font-weight: 400;\">No decorrer dos dias \u00e9 prov\u00e1vel que seja tomada por uma energia mais confiante e espont\u00e2nea. Voc\u00ea procura olhar as coisas por uma perspectiva mais ampla e com uma vis\u00e3o muito mais filos\u00f3fica e reflexiva. H\u00e1 tamb\u00e9m uma certa tend\u00eancia a fazer as coisas no improviso nesse per\u00edodo, fique atenta.<\/span><\/p>\n<h3><span id=\"Gemeos_2105_2006_x264a\"><span id=\"Gemeos_2105_8211_2006_x264a\">G\u00eameos\u00a0 (21\/05 \u2013 20\/06) &#x264a;<\/span><\/span><\/h3>\n<p><span style=\"font-weight: 400;\">Este ser\u00e1 um per\u00edodo onde sua rotina, h\u00e1bitos e trabalho podem passar por algum tipo de transforma\u00e7\u00e3o. Voc\u00ea faz uma investiga\u00e7\u00e3o profunda com o objetivo de compreender o que pode ser aperfei\u00e7oado. Busca identificar o que em seu dia a dia pode ser deixado para tr\u00e1s e onde voc\u00ea deve investir seu tempo e energia.<\/span><\/p>\n<p><span style=\"font-weight: 400;\">No final da semana, \u00e9 poss\u00edvel que sinta-se mais espont\u00e2nea do que o normal. Voc\u00ea parece mais aberta e dispon\u00edvel para os seus relacionamentos pessoais e de trabalho. \u00c9 um momento prop\u00edcio tamb\u00e9m para\u00a0 acordos e contratos.<\/span><\/p>\n<h3><span id=\"Cancer_2106_2207_x264b\"><span id=\"Cancer_2106_8211_2207_x264b\">C\u00e2ncer\u00a0 (21\/06 \u2013 22\/07) &#x264b;<\/span><\/span><\/h3>\n<p><span style=\"font-weight: 400;\">Voc\u00ea passar\u00e1 por dias onde a divers\u00e3o, a criatividade, os prazeres e o romance estar\u00e3o destacados. \u00c9 um momento onde voc\u00ea parece estimulada a expressar-se de uma forma mais aut\u00eantica. \u00c9 como se voc\u00ea tivesse que se reconectar com sua crian\u00e7a interior para perceber quais aspectos de sua personalidade precisam vir \u00e0 tona e o que deve ser transformado.<\/span><\/p>\n<p><span style=\"font-weight: 400;\">Aproveite a intui\u00e7\u00e3o deste per\u00edodo, especialmente porque ao longo da semana lhe ser\u00e1 exigido melhorias em seus h\u00e1bitos, rotina, sa\u00fade e especialmente no trabalho. <\/span><\/p>\n<h3><span id=\"Leao_2307_2208_x264c\"><span id=\"Leao_2307_8211_2208_x264c\">Le\u00e3o\u00a0 (23\/07 \u2013 22\/08) &#x264c;<\/span><\/span><\/h3>\n<p><span style=\"font-weight: 400;\">Esta parece ser uma semana que inicia com a necessidade de finalizar algumas quest\u00f5es ou encerrar ciclos. \u00c9 um per\u00edodo que parece buscar em seu ambiente \u00edntimo e familiar a seguran\u00e7a emocional que necessita, especialmente porque os temas dom\u00e9sticos est\u00e3o destacados nesse per\u00edodo.<\/span><\/p>\n<p><span style=\"font-weight: 400;\">Ao longo dos dias voc\u00ea torna-se mais entusiasmada, otimista e expansiva e sente a necessidade de expressar-se. \u00c9 poss\u00edvel que tamb\u00e9m busque atividades prazerosas e criativamente estimulantes. <\/span><\/p>\n<h3><span id=\"Virgem_2308-_2209_x264d\">Virgem\u00a0 (23\/08- 22\/09) &#x264d;<\/span><\/h3>\n<p><span style=\"font-weight: 400;\">A comunica\u00e7\u00e3o, trocas sociais e intelectuais estar\u00e3o favorecidas neste per\u00edodo. Ser\u00e3o dias muito mais mentais mas, nada de superficialidade e temas corriqueiros. Isso porque voc\u00ea provavelmente sentir\u00e1 uma necessidade acentuada de aprofundar-se nas quest\u00f5es e chegar ao \u00e2mago das coisas.<\/span><\/p>\n<p><span style=\"font-weight: 400;\">No decorrer da semana, sua energia se torna muito mais afirmativa e focada em suas metas de curto prazo. Voc\u00ea pode se ver encerrando ciclos e finalizando quest\u00f5es que tenham ficado em aberto. \u00c9 poss\u00edvel tamb\u00e9m que tenha que lidar com alguns assuntos dom\u00e9sticos e familiares.<\/span><\/p>\n<h3><span id=\"Libra_2309_2210_x264e\"><span id=\"Libra_2309_8211_2210_x264e\">Libra (23\/09 \u2013 22\/10) &#x264e;<\/span><\/span><\/h3>\n<p><span style=\"font-weight: 400;\">Este ser\u00e1 um per\u00edodo em que sua seguran\u00e7a emocional parece intensamente ancorada em seus recursos pessoais. N\u00e3o apenas no que se refere ao plano material, como bens e recursos financeiros, mas especialmente sua autoestima e valor pr\u00f3prio. Ao longo dos dias, voc\u00ea pode ser tomada por um sentimento otimista e expansivo.<\/span><\/p>\n<p><span style=\"font-weight: 400;\">Ser\u00e1 bem mais espont\u00e2nea e soci\u00e1vel que no in\u00edcio da semana. \u00c9 esperado not\u00edcias sobre neg\u00f3cios e ter de lidar com documentos. Quest\u00f5es envolvendo seus irm\u00e3os tamb\u00e9m est\u00e3o enfatizadas.<\/span><\/p>\n<h3><span id=\"Escorpiao_2310_2111_x264f\"><span id=\"Escorpiao_2310_8211_2111_x264f\">Escorpi\u00e3o\u00a0 (23\/10 \u2013 21\/11) &#x264f;<\/span><\/span><\/h3>\n<p><span style=\"font-weight: 400;\">A semana inicia com a Lua ingressando em seu signo, por isso, \u00e9 esperado que sinta uma maior flu\u00eancia em sua express\u00e3o, autonomia e autoafirma\u00e7\u00e3o. \u00c9 poss\u00edvel tamb\u00e9m que se veja lidando com quest\u00f5es relacionadas ao seu corpo f\u00edsico e apar\u00eancia. No decorrer dos dias pode se perceber ocupada com seus talentos, autoestima e sistema de valores. H\u00e1 uma tend\u00eancia de ter que lidar com quest\u00f5es relacionadas a dinheiro.<\/span><\/p>\n<p><span style=\"font-weight: 400;\">Tenha em mente que esse \u00e9 um per\u00edodo que fala sobre amplia\u00e7\u00e3o das coisas, deste modo, voc\u00ea pode ganhar ou gastar muito.\u00a0 <\/span><\/p>\n<h3><span id=\"Sagitario_2211_2112_x2650\"><span id=\"Sagitario_2211_8211_2112_x2650\">Sagit\u00e1rio\u00a0 (22\/11 \u2013 21\/12) &#x2650;<\/span><\/span><\/h3>\n<p><span style=\"font-weight: 400;\">Voc\u00ea passar\u00e1 por dias mais introspectivos, com uma profunda necessidade de recolher-se e literalmente garantir instantes de solid\u00e3o. \u00c9 um per\u00edodo que fala sobre desenterrar coisas do passado, lidar com seu universo ps\u00edquico e cuidar de sua sa\u00fade.<\/span><\/p>\n<p><span style=\"font-weight: 400;\">Ao longo da semana, com a Lua transitando em seu signo, voc\u00ea se sentir\u00e1 muito mais expressivo, animado e otimista. Al\u00e9m disso, voc\u00ea n\u00e3o estar\u00e1 alheio \u00e0s circunst\u00e2ncias, pelo contr\u00e1rio, o momento pressup\u00f5e uma maior autonomia em seus dias, onde voc\u00ea literalmente assume o comando e faz as coisas acontecerem.<\/span><\/p>\n<h3><span id=\"Capricornio_2212_2001_x2651\"><span id=\"Capricornio_2212_8211_2001_x2651\">Capric\u00f3rnio\u00a0 (22\/12 \u2013 20\/01) &#x2651;<\/span><\/span><\/h3>\n<p><span style=\"font-weight: 400;\">Esta ser\u00e1 uma semana onde o contato social parece intensificado. Voc\u00ea busca aprofundar suas rela\u00e7\u00f5es e reavaliar o seu c\u00edrculo social. O networking e atividades que envolvam qualquer tipo de aconselhamento entre pessoas tamb\u00e9m est\u00e3o destacados neste per\u00edodo. Entretanto, com o passar dos dias, voc\u00ea tende a isolar-se, no sentido de olhar para dentro, revirar seus ba\u00fas e buscar inspira\u00e7\u00e3o.<\/span><\/p>\n<p><span style=\"font-weight: 400;\">Voc\u00ea pode sentir sua intui\u00e7\u00e3o mais aflorada enquanto sua mente l\u00f3gica e racional se torna mais turva. Preste aten\u00e7\u00e3o aos seus sonhos, eles podem ter bastante coisa a lhe dizer. <\/span><\/p>\n<h3><span id=\"Aquario_2101_1902_x2652\"><span id=\"Aquario_2101_8211_1902_x2652\">Aqu\u00e1rio\u00a0 (21\/01 \u2013 19\/02) &#x2652;<\/span><\/span><\/h3>\n<p><span style=\"font-weight: 400;\">Com a Lua transitando pelo setor de sua vida relacionado \u00e0 forma como voc\u00ea \u00e9 reconhecida publicamente,\u00a0 \u00e9 bem prov\u00e1vel que lide no in\u00edcio da semana com quest\u00f5es relacionadas a sua carreira. Muito no sentido de rearranjar a forma como \u00e9 vista e fazer as mudan\u00e7as necess\u00e1rias para obter o status social que almeja.<\/span><\/p>\n<p><span style=\"font-weight: 400;\">Ao longo dos dias, os temas sociais s\u00e3o enfatizados, voc\u00ea tende a estar mais otimista, positiva e expansiva. \u00c9 prov\u00e1vel que estabele\u00e7a novas alian\u00e7as no sentido de dar voz \u00e0s suas aspira\u00e7\u00f5es e abrir novas possibilidades para o futuro. <\/span><\/p>\n<h3><span id=\"Peixes_2002_2003_x2653\"><span id=\"Peixes_2002_8211_2003_x2653\">Peixes\u00a0 (20\/02 \u2013 20\/03) &#x2653;<\/span><\/span><\/h3>\n<p><span style=\"font-weight: 400;\">A semana come\u00e7a com a Lua atravessando a \u00e1rea de sua vida que se refere \u00e0 expans\u00e3o da mente e da forma como v\u00ea o mundo. Isso pode ocorrer por meio de viagens, situa\u00e7\u00f5es inusitadas, pessoas de diferentes culturas ou at\u00e9 mesmo livros e cursos. De toda forma, voc\u00ea tende a ver as coisas por uma nova perspectiva.<\/span><\/p>\n<p><span style=\"font-weight: 400;\">Ao longo dos dias, esses temas podem ecoar em sua carreira. Voc\u00ea passa a refletir mais sobre seus status e como se projeta no mundo, no sentido de obter o entendimento se esse \u00e9 o caminho do seu cora\u00e7\u00e3o. \u00c9 esperado tamb\u00e9m para esse per\u00edodo algum tipo de sorte ou reconhecimento nesse setor de sua vida.<\/span><\/p>\n<hr \/>\n<p><img loading=\"lazy\" decoding=\"async\" class=\"wp-image-39273 size-thumbnail alignleft td-animation-stack-type0-2\" src=\"https:\/\/www.iquilibrio.com\/blog\/wp-content\/uploads\/2023\/07\/Manuela-150x150.png\" sizes=\"auto, (max-width: 150px) 100vw, 150px\" srcset=\"https:\/\/www.iquilibrio.com\/blog\/wp-content\/uploads\/2023\/07\/Manuela-150x150.png 150w, https:\/\/www.iquilibrio.com\/blog\/wp-content\/uploads\/2023\/07\/Manuela.png 300w\" alt=\"\" width=\"150\" height=\"150\" \/><\/p>\n<p>Ap\u00f3s 20 anos de experi\u00eancia como executiva de marketing em empresas multinacionais, Manu Koetz percebeu que as atividades que vinha desempenhando n\u00e3o estavam alinhadas com aquilo que era fundamental para ela. No entanto, ela n\u00e3o sabia ao certo o que realmente era essencial.<\/p>\n<p>Foi necess\u00e1rio fazer uma pausa e refletir sobre sua trajet\u00f3ria. E foi olhando para o c\u00e9u que encontrou a orienta\u00e7\u00e3o que buscava. Ao observar a conjun\u00e7\u00e3o de Plut\u00e3o com o Sol em seu mapa, tomou consci\u00eancia de que ambientes superficiais eram limitantes demais para ela. Percebeu que \u00e9 na profundidade e no oculto que seus maiores talentos s\u00e3o revelados.<\/p>\n<p>Ainda n\u00e3o \u00e9 poss\u00edvel determinar se Manu encontrou a Astrologia ou se foi a Astrologia que a encontrou. No entanto, o que ela sabe \u00e9 que, desde que come\u00e7ou a observar o c\u00e9u, tornou-se imposs\u00edvel n\u00e3o se ver mais. Hoje, ela compreende que todos n\u00f3s somos feitos da\u00a0mesma\u00a0mat\u00e9ria.<\/p>\n<hr \/>\n<p>Esperamos que os tr\u00e2nsitos astrol\u00f3gicos tragam boas vindas de alegria e for\u00e7a nesta nova semana. E para ter um maior aprofundamento nas mensagens, consulte o mapa astrol\u00f3gico aqui no blog&#x2764;&#xfe0f;<\/p>\n<p style=\"text-align: center;\"><a href=\"https:\/\/www.iquilibrio.com\/astrologia\/mapa-astral\/transito-astrologico\/\" target=\"_blank\" rel=\"noopener\"><span class=\"td_btn td_btn_md td_round_btn\"><b>Saiba as previs\u00f5es de acontecimentos a partir das influencias do C\u00e9u no seu nascimento! Fa\u00e7a seu mapa de tr\u00e2nsitos astrol\u00f3gicos<\/b><\/span><\/a><\/p>\n\n\n<div class=\"kk-star-ratings kksr-auto kksr-align-left kksr-valign-bottom\"\n    data-payload='{&quot;align&quot;:&quot;left&quot;,&quot;id&quot;:&quot;39555&quot;,&quot;slug&quot;:&quot;default&quot;,&quot;valign&quot;:&quot;bottom&quot;,&quot;ignore&quot;:&quot;&quot;,&quot;reference&quot;:&quot;auto&quot;,&quot;class&quot;:&quot;&quot;,&quot;count&quot;:&quot;0&quot;,&quot;legendonly&quot;:&quot;&quot;,&quot;readonly&quot;:&quot;&quot;,&quot;score&quot;:&quot;0&quot;,&quot;starsonly&quot;:&quot;&quot;,&quot;best&quot;:&quot;5&quot;,&quot;gap&quot;:&quot;5&quot;,&quot;greet&quot;:&quot;Rate this post&quot;,&quot;legend&quot;:&quot;0\\\/5 - (0 voto)&quot;,&quot;size&quot;:&quot;24&quot;,&quot;title&quot;:&quot;Hor\u00f3scopo semanal de 18 a 24 de Setembro, pela astr\u00f3loga Manu Koetz&quot;,&quot;width&quot;:&quot;0&quot;,&quot;_legend&quot;:&quot;{score}\\\/{best} - ({count} {votes})&quot;,&quot;font_factor&quot;:&quot;1.25&quot;}'>\n            \n<div class=\"kksr-stars\">\n    \n<div class=\"kksr-stars-inactive\">\n            <div class=\"kksr-star\" data-star=\"1\" style=\"padding-right: 5px\">\n            \n\n<div class=\"kksr-icon\" style=\"width: 24px; height: 24px;\"><\/div>\n        <\/div>\n            <div class=\"kksr-star\" data-star=\"2\" style=\"padding-right: 5px\">\n            \n\n<div class=\"kksr-icon\" style=\"width: 24px; height: 24px;\"><\/div>\n        <\/div>\n            <div class=\"kksr-star\" data-star=\"3\" style=\"padding-right: 5px\">\n            \n\n<div class=\"kksr-icon\" style=\"width: 24px; height: 24px;\"><\/div>\n        <\/div>\n            <div class=\"kksr-star\" data-star=\"4\" style=\"padding-right: 5px\">\n            \n\n<div class=\"kksr-icon\" style=\"width: 24px; height: 24px;\"><\/div>\n        <\/div>\n            <div class=\"kksr-star\" data-star=\"5\" style=\"padding-right: 5px\">\n            \n\n<div class=\"kksr-icon\" style=\"width: 24px; height: 24px;\"><\/div>\n        <\/div>\n    <\/div>\n    \n<div class=\"kksr-stars-active\" style=\"width: 0px;\">\n            <div class=\"kksr-star\" style=\"padding-right: 5px\">\n            \n\n<div class=\"kksr-icon\" style=\"width: 24px; height: 24px;\"><\/div>\n        <\/div>\n            <div class=\"kksr-star\" style=\"padding-right: 5px\">\n            \n\n<div class=\"kksr-icon\" style=\"width: 24px; height: 24px;\"><\/div>\n        <\/div>\n            <div class=\"kksr-star\" style=\"padding-right: 5px\">\n            \n\n<div class=\"kksr-icon\" style=\"width: 24px; height: 24px;\"><\/div>\n        <\/div>\n            <div class=\"kksr-star\" style=\"padding-right: 5px\">\n            \n\n<div class=\"kksr-icon\" style=\"width: 24px; height: 24px;\"><\/div>\n        <\/div>\n            <div class=\"kksr-star\" style=\"padding-right: 5px\">\n            \n\n<div class=\"kksr-icon\" style=\"width: 24px; height: 24px;\"><\/div>\n        <\/div>\n    <\/div>\n<\/div>\n                \n\n<div class=\"kksr-legend\" style=\"font-size: 19.2px;\">\n            <span class=\"kksr-muted\">Rate this post<\/span>\n    <\/div>\n    <\/div>\n","protected":false},"excerpt":{"rendered":"<p>Saiba como se preparar para essa semana com base nas energias que est\u00e3o por vir com Manu Koetz&#x2728; A semana come\u00e7ou e voc\u00ea j\u00e1 pode se preparar para o que vem pela frente, porque o hor\u00f3scopo semanal est\u00e1 no ar! Arraste para baixo e veja quais s\u00e3o as energias e potenciais dessa semana de 18 [&hellip;]<\/p>\n","protected":false},"author":158,"featured_media":39558,"comment_status":"closed","ping_status":"closed","sticky":false,"template":"","format":"standard","meta":{"footnotes":""},"categories":[4263],"tags":[],"class_list":["post-39555","post","type-post","status-publish","format-standard","has-post-thumbnail","hentry","category-horoscopo-semanal"],"yoast_head":"<!-- This site is optimized with the Yoast SEO plugin v27.4 - https:\/\/yoast.com\/product\/yoast-seo-wordpress\/ -->\n<title>Hor\u00f3scopo semanal de 18 a 24 de Setembro, pela astr\u00f3loga Manu Koetz - iQuilibrio<\/title>\n<meta name=\"robots\" content=\"index, follow, max-snippet:-1, max-image-preview:large, max-video-preview:-1\" \/>\n<link rel=\"canonical\" href=\"https:\/\/www.iquilibrio.com\/blog\/astrologia\/horoscopo-semanal\/horoscopo-semanal-de-18-a-24-de-setembro-pela-astrologa-manu-koetz\/\" \/>\n<meta property=\"og:locale\" content=\"pt_BR\" \/>\n<meta property=\"og:type\" content=\"article\" \/>\n<meta property=\"og:title\" content=\"Hor\u00f3scopo semanal de 18 a 24 de Setembro, pela astr\u00f3loga Manu Koetz - iQuilibrio\" \/>\n<meta property=\"og:description\" content=\"Saiba como se preparar para essa semana com base nas energias que est\u00e3o por vir com Manu Koetz&#x2728; A semana come\u00e7ou e voc\u00ea j\u00e1 pode se preparar para o que vem pela frente, porque o hor\u00f3scopo semanal est\u00e1 no ar! Arraste para baixo e veja quais s\u00e3o as energias e potenciais dessa semana de 18 [&hellip;]\" \/>\n<meta property=\"og:url\" content=\"https:\/\/www.iquilibrio.com\/blog\/astrologia\/horoscopo-semanal\/horoscopo-semanal-de-18-a-24-de-setembro-pela-astrologa-manu-koetz\/\" \/>\n<meta property=\"og:site_name\" content=\"iQuilibrio\" \/>\n<meta property=\"article:publisher\" content=\"https:\/\/www.facebook.com\/iQuilibrio\/\" \/>\n<meta property=\"article:published_time\" content=\"2023-09-15T15:00:38+00:00\" \/>\n<meta property=\"article:modified_time\" content=\"2023-09-15T18:47:04+00:00\" \/>\n<meta property=\"og:image\" content=\"https:\/\/www.iquilibrio.com\/blog\/wp-content\/uploads\/2023\/09\/Image_20230915_154242_827.png\" \/>\n\t<meta property=\"og:image:width\" content=\"900\" \/>\n\t<meta property=\"og:image:height\" content=\"560\" \/>\n\t<meta property=\"og:image:type\" content=\"image\/png\" \/>\n<meta name=\"author\" content=\"Arthur Peroni\" \/>\n<meta name=\"twitter:card\" content=\"summary_large_image\" \/>\n<meta name=\"twitter:creator\" content=\"@iquilibrio\" \/>\n<meta name=\"twitter:site\" content=\"@iquilibrio\" \/>\n<meta name=\"twitter:label1\" content=\"Escrito por\" \/>\n\t<meta name=\"twitter:data1\" content=\"Arthur Peroni\" \/>\n\t<meta name=\"twitter:label2\" content=\"Est. tempo de leitura\" \/>\n\t<meta name=\"twitter:data2\" content=\"8 minutos\" \/>\n<script type=\"application\/ld+json\" class=\"yoast-schema-graph\">{\"@context\":\"https:\\\/\\\/schema.org\",\"@graph\":[{\"@type\":\"Article\",\"@id\":\"https:\\\/\\\/www.iquilibrio.com\\\/blog\\\/astrologia\\\/horoscopo-semanal\\\/horoscopo-semanal-de-18-a-24-de-setembro-pela-astrologa-manu-koetz\\\/#article\",\"isPartOf\":{\"@id\":\"https:\\\/\\\/www.iquilibrio.com\\\/blog\\\/astrologia\\\/horoscopo-semanal\\\/horoscopo-semanal-de-18-a-24-de-setembro-pela-astrologa-manu-koetz\\\/\"},\"author\":{\"name\":\"Arthur Peroni\",\"@id\":\"https:\\\/\\\/www.iquilibrio.com\\\/blog\\\/#\\\/schema\\\/person\\\/21ae990723c2e5a1170c9a06dacb4d3d\"},\"headline\":\"Hor\u00f3scopo semanal de 18 a 24 de Setembro, pela astr\u00f3loga Manu Koetz\",\"datePublished\":\"2023-09-15T15:00:38+00:00\",\"dateModified\":\"2023-09-15T18:47:04+00:00\",\"mainEntityOfPage\":{\"@id\":\"https:\\\/\\\/www.iquilibrio.com\\\/blog\\\/astrologia\\\/horoscopo-semanal\\\/horoscopo-semanal-de-18-a-24-de-setembro-pela-astrologa-manu-koetz\\\/\"},\"wordCount\":1512,\"publisher\":{\"@id\":\"https:\\\/\\\/www.iquilibrio.com\\\/blog\\\/#organization\"},\"image\":{\"@id\":\"https:\\\/\\\/www.iquilibrio.com\\\/blog\\\/astrologia\\\/horoscopo-semanal\\\/horoscopo-semanal-de-18-a-24-de-setembro-pela-astrologa-manu-koetz\\\/#primaryimage\"},\"thumbnailUrl\":\"https:\\\/\\\/www.iquilibrio.com\\\/blog\\\/wp-content\\\/uploads\\\/2023\\\/09\\\/Image_20230915_154242_827.png\",\"articleSection\":[\"Hor\u00f3scopo semanal\"],\"inLanguage\":\"pt-BR\"},{\"@type\":\"WebPage\",\"@id\":\"https:\\\/\\\/www.iquilibrio.com\\\/blog\\\/astrologia\\\/horoscopo-semanal\\\/horoscopo-semanal-de-18-a-24-de-setembro-pela-astrologa-manu-koetz\\\/\",\"url\":\"https:\\\/\\\/www.iquilibrio.com\\\/blog\\\/astrologia\\\/horoscopo-semanal\\\/horoscopo-semanal-de-18-a-24-de-setembro-pela-astrologa-manu-koetz\\\/\",\"name\":\"Hor\u00f3scopo semanal de 18 a 24 de Setembro, pela astr\u00f3loga Manu Koetz - iQuilibrio\",\"isPartOf\":{\"@id\":\"https:\\\/\\\/www.iquilibrio.com\\\/blog\\\/#website\"},\"primaryImageOfPage\":{\"@id\":\"https:\\\/\\\/www.iquilibrio.com\\\/blog\\\/astrologia\\\/horoscopo-semanal\\\/horoscopo-semanal-de-18-a-24-de-setembro-pela-astrologa-manu-koetz\\\/#primaryimage\"},\"image\":{\"@id\":\"https:\\\/\\\/www.iquilibrio.com\\\/blog\\\/astrologia\\\/horoscopo-semanal\\\/horoscopo-semanal-de-18-a-24-de-setembro-pela-astrologa-manu-koetz\\\/#primaryimage\"},\"thumbnailUrl\":\"https:\\\/\\\/www.iquilibrio.com\\\/blog\\\/wp-content\\\/uploads\\\/2023\\\/09\\\/Image_20230915_154242_827.png\",\"datePublished\":\"2023-09-15T15:00:38+00:00\",\"dateModified\":\"2023-09-15T18:47:04+00:00\",\"breadcrumb\":{\"@id\":\"https:\\\/\\\/www.iquilibrio.com\\\/blog\\\/astrologia\\\/horoscopo-semanal\\\/horoscopo-semanal-de-18-a-24-de-setembro-pela-astrologa-manu-koetz\\\/#breadcrumb\"},\"inLanguage\":\"pt-BR\",\"potentialAction\":[{\"@type\":\"ReadAction\",\"target\":[\"https:\\\/\\\/www.iquilibrio.com\\\/blog\\\/astrologia\\\/horoscopo-semanal\\\/horoscopo-semanal-de-18-a-24-de-setembro-pela-astrologa-manu-koetz\\\/\"]}]},{\"@type\":\"ImageObject\",\"inLanguage\":\"pt-BR\",\"@id\":\"https:\\\/\\\/www.iquilibrio.com\\\/blog\\\/astrologia\\\/horoscopo-semanal\\\/horoscopo-semanal-de-18-a-24-de-setembro-pela-astrologa-manu-koetz\\\/#primaryimage\",\"url\":\"https:\\\/\\\/www.iquilibrio.com\\\/blog\\\/wp-content\\\/uploads\\\/2023\\\/09\\\/Image_20230915_154242_827.png\",\"contentUrl\":\"https:\\\/\\\/www.iquilibrio.com\\\/blog\\\/wp-content\\\/uploads\\\/2023\\\/09\\\/Image_20230915_154242_827.png\",\"width\":900,\"height\":560,\"caption\":\"Hor\u00f3scopo semanal\"},{\"@type\":\"BreadcrumbList\",\"@id\":\"https:\\\/\\\/www.iquilibrio.com\\\/blog\\\/astrologia\\\/horoscopo-semanal\\\/horoscopo-semanal-de-18-a-24-de-setembro-pela-astrologa-manu-koetz\\\/#breadcrumb\",\"itemListElement\":[{\"@type\":\"ListItem\",\"position\":1,\"name\":\"In\u00edcio\",\"item\":\"https:\\\/\\\/www.iquilibrio.com\\\/blog\\\/\"},{\"@type\":\"ListItem\",\"position\":2,\"name\":\"Hor\u00f3scopo semanal de 18 a 24 de Setembro, pela astr\u00f3loga Manu Koetz\"}]},{\"@type\":\"WebSite\",\"@id\":\"https:\\\/\\\/www.iquilibrio.com\\\/blog\\\/#website\",\"url\":\"https:\\\/\\\/www.iquilibrio.com\\\/blog\\\/\",\"name\":\"iQuilibrio\",\"description\":\"Blog iQuilibrio\",\"publisher\":{\"@id\":\"https:\\\/\\\/www.iquilibrio.com\\\/blog\\\/#organization\"},\"potentialAction\":[{\"@type\":\"SearchAction\",\"target\":{\"@type\":\"EntryPoint\",\"urlTemplate\":\"https:\\\/\\\/www.iquilibrio.com\\\/blog\\\/?s={search_term_string}\"},\"query-input\":{\"@type\":\"PropertyValueSpecification\",\"valueRequired\":true,\"valueName\":\"search_term_string\"}}],\"inLanguage\":\"pt-BR\"},{\"@type\":\"Organization\",\"@id\":\"https:\\\/\\\/www.iquilibrio.com\\\/blog\\\/#organization\",\"name\":\"Esoterismo, Misticismo e Tarot Online - iQuilibrio\",\"url\":\"https:\\\/\\\/www.iquilibrio.com\\\/blog\\\/\",\"logo\":{\"@type\":\"ImageObject\",\"inLanguage\":\"pt-BR\",\"@id\":\"https:\\\/\\\/www.iquilibrio.com\\\/blog\\\/#\\\/schema\\\/logo\\\/image\\\/\",\"url\":\"https:\\\/\\\/www.iquilibrio.com\\\/blog\\\/wp-content\\\/uploads\\\/2018\\\/12\\\/iquilibrio_lovo_vetor_preto-retina.png\",\"contentUrl\":\"https:\\\/\\\/www.iquilibrio.com\\\/blog\\\/wp-content\\\/uploads\\\/2018\\\/12\\\/iquilibrio_lovo_vetor_preto-retina.png\",\"width\":972,\"height\":180,\"caption\":\"Esoterismo, Misticismo e Tarot Online - iQuilibrio\"},\"image\":{\"@id\":\"https:\\\/\\\/www.iquilibrio.com\\\/blog\\\/#\\\/schema\\\/logo\\\/image\\\/\"},\"sameAs\":[\"https:\\\/\\\/www.facebook.com\\\/iQuilibrio\\\/\",\"https:\\\/\\\/x.com\\\/iquilibrio\",\"https:\\\/\\\/www.instagram.com\\\/iquilibrio\\\/\",\"https:\\\/\\\/www.linkedin.com\\\/company\\\/iquilibrio\\\/\",\"https:\\\/\\\/br.pinterest.com\\\/iquilibrio1397\\\/\",\"https:\\\/\\\/www.youtube.com\\\/channel\\\/UC175qxd-4Zsi4wzawT5zF2g\"]},{\"@type\":\"Person\",\"@id\":\"https:\\\/\\\/www.iquilibrio.com\\\/blog\\\/#\\\/schema\\\/person\\\/21ae990723c2e5a1170c9a06dacb4d3d\",\"name\":\"Arthur Peroni\",\"image\":{\"@type\":\"ImageObject\",\"inLanguage\":\"pt-BR\",\"@id\":\"https:\\\/\\\/www.iquilibrio.com\\\/blog\\\/wp-content\\\/uploads\\\/2023\\\/04\\\/Arthur-Peroni-150x150.jpg\",\"url\":\"https:\\\/\\\/www.iquilibrio.com\\\/blog\\\/wp-content\\\/uploads\\\/2023\\\/04\\\/Arthur-Peroni-150x150.jpg\",\"contentUrl\":\"https:\\\/\\\/www.iquilibrio.com\\\/blog\\\/wp-content\\\/uploads\\\/2023\\\/04\\\/Arthur-Peroni-150x150.jpg\",\"caption\":\"Arthur Peroni\"},\"description\":\"Arthur Peroni escreve sobre a vida, o universo e tudo mais. Amante da literatura m\u00edstica, e fic\u00e7\u00e3o, descobriu sua carreira de redator gra\u00e7as ao h\u00e1bito de leitura constante sobre fantasia e drama. Nas horas vagas, gosta de cozinhar, ler e ver filmes antigos. J\u00e1 trabalhou com, comunica\u00e7\u00e3o social, massoterapia, terapias hol\u00edsticas e design de interiores. Atualmente trabalha como redator SEO e se entusiasma com tudo o que \u00e9 esot\u00e9rico. Gosta de discutir sobre assuntos complexos e instigantes, e v\u00ea na escrita uma oportunidade de aprender e criar todos os dias, mentalmente e espiritualmente.\",\"url\":\"https:\\\/\\\/www.iquilibrio.com\\\/blog\\\/author\\\/raul-vinicius\\\/\"}]}<\/script>\n<!-- \/ Yoast SEO plugin. -->","yoast_head_json":{"title":"Hor\u00f3scopo semanal de 18 a 24 de Setembro, pela astr\u00f3loga Manu Koetz - iQuilibrio","robots":{"index":"index","follow":"follow","max-snippet":"max-snippet:-1","max-image-preview":"max-image-preview:large","max-video-preview":"max-video-preview:-1"},"canonical":"https:\/\/www.iquilibrio.com\/blog\/astrologia\/horoscopo-semanal\/horoscopo-semanal-de-18-a-24-de-setembro-pela-astrologa-manu-koetz\/","og_locale":"pt_BR","og_type":"article","og_title":"Hor\u00f3scopo semanal de 18 a 24 de Setembro, pela astr\u00f3loga Manu Koetz - iQuilibrio","og_description":"Saiba como se preparar para essa semana com base nas energias que est\u00e3o por vir com Manu Koetz&#x2728; A semana come\u00e7ou e voc\u00ea j\u00e1 pode se preparar para o que vem pela frente, porque o hor\u00f3scopo semanal est\u00e1 no ar! Arraste para baixo e veja quais s\u00e3o as energias e potenciais dessa semana de 18 [&hellip;]","og_url":"https:\/\/www.iquilibrio.com\/blog\/astrologia\/horoscopo-semanal\/horoscopo-semanal-de-18-a-24-de-setembro-pela-astrologa-manu-koetz\/","og_site_name":"iQuilibrio","article_publisher":"https:\/\/www.facebook.com\/iQuilibrio\/","article_published_time":"2023-09-15T15:00:38+00:00","article_modified_time":"2023-09-15T18:47:04+00:00","og_image":[{"width":900,"height":560,"url":"https:\/\/www.iquilibrio.com\/blog\/wp-content\/uploads\/2023\/09\/Image_20230915_154242_827.png","type":"image\/png"}],"author":"Arthur Peroni","twitter_card":"summary_large_image","twitter_creator":"@iquilibrio","twitter_site":"@iquilibrio","twitter_misc":{"Escrito por":"Arthur Peroni","Est. tempo de leitura":"8 minutos"},"schema":{"@context":"https:\/\/schema.org","@graph":[{"@type":"Article","@id":"https:\/\/www.iquilibrio.com\/blog\/astrologia\/horoscopo-semanal\/horoscopo-semanal-de-18-a-24-de-setembro-pela-astrologa-manu-koetz\/#article","isPartOf":{"@id":"https:\/\/www.iquilibrio.com\/blog\/astrologia\/horoscopo-semanal\/horoscopo-semanal-de-18-a-24-de-setembro-pela-astrologa-manu-koetz\/"},"author":{"name":"Arthur Peroni","@id":"https:\/\/www.iquilibrio.com\/blog\/#\/schema\/person\/21ae990723c2e5a1170c9a06dacb4d3d"},"headline":"Hor\u00f3scopo semanal de 18 a 24 de Setembro, pela astr\u00f3loga Manu Koetz","datePublished":"2023-09-15T15:00:38+00:00","dateModified":"2023-09-15T18:47:04+00:00","mainEntityOfPage":{"@id":"https:\/\/www.iquilibrio.com\/blog\/astrologia\/horoscopo-semanal\/horoscopo-semanal-de-18-a-24-de-setembro-pela-astrologa-manu-koetz\/"},"wordCount":1512,"publisher":{"@id":"https:\/\/www.iquilibrio.com\/blog\/#organization"},"image":{"@id":"https:\/\/www.iquilibrio.com\/blog\/astrologia\/horoscopo-semanal\/horoscopo-semanal-de-18-a-24-de-setembro-pela-astrologa-manu-koetz\/#primaryimage"},"thumbnailUrl":"https:\/\/www.iquilibrio.com\/blog\/wp-content\/uploads\/2023\/09\/Image_20230915_154242_827.png","articleSection":["Hor\u00f3scopo semanal"],"inLanguage":"pt-BR"},{"@type":"WebPage","@id":"https:\/\/www.iquilibrio.com\/blog\/astrologia\/horoscopo-semanal\/horoscopo-semanal-de-18-a-24-de-setembro-pela-astrologa-manu-koetz\/","url":"https:\/\/www.iquilibrio.com\/blog\/astrologia\/horoscopo-semanal\/horoscopo-semanal-de-18-a-24-de-setembro-pela-astrologa-manu-koetz\/","name":"Hor\u00f3scopo semanal de 18 a 24 de Setembro, pela astr\u00f3loga Manu Koetz - iQuilibrio","isPartOf":{"@id":"https:\/\/www.iquilibrio.com\/blog\/#website"},"primaryImageOfPage":{"@id":"https:\/\/www.iquilibrio.com\/blog\/astrologia\/horoscopo-semanal\/horoscopo-semanal-de-18-a-24-de-setembro-pela-astrologa-manu-koetz\/#primaryimage"},"image":{"@id":"https:\/\/www.iquilibrio.com\/blog\/astrologia\/horoscopo-semanal\/horoscopo-semanal-de-18-a-24-de-setembro-pela-astrologa-manu-koetz\/#primaryimage"},"thumbnailUrl":"https:\/\/www.iquilibrio.com\/blog\/wp-content\/uploads\/2023\/09\/Image_20230915_154242_827.png","datePublished":"2023-09-15T15:00:38+00:00","dateModified":"2023-09-15T18:47:04+00:00","breadcrumb":{"@id":"https:\/\/www.iquilibrio.com\/blog\/astrologia\/horoscopo-semanal\/horoscopo-semanal-de-18-a-24-de-setembro-pela-astrologa-manu-koetz\/#breadcrumb"},"inLanguage":"pt-BR","potentialAction":[{"@type":"ReadAction","target":["https:\/\/www.iquilibrio.com\/blog\/astrologia\/horoscopo-semanal\/horoscopo-semanal-de-18-a-24-de-setembro-pela-astrologa-manu-koetz\/"]}]},{"@type":"ImageObject","inLanguage":"pt-BR","@id":"https:\/\/www.iquilibrio.com\/blog\/astrologia\/horoscopo-semanal\/horoscopo-semanal-de-18-a-24-de-setembro-pela-astrologa-manu-koetz\/#primaryimage","url":"https:\/\/www.iquilibrio.com\/blog\/wp-content\/uploads\/2023\/09\/Image_20230915_154242_827.png","contentUrl":"https:\/\/www.iquilibrio.com\/blog\/wp-content\/uploads\/2023\/09\/Image_20230915_154242_827.png","width":900,"height":560,"caption":"Hor\u00f3scopo semanal"},{"@type":"BreadcrumbList","@id":"https:\/\/www.iquilibrio.com\/blog\/astrologia\/horoscopo-semanal\/horoscopo-semanal-de-18-a-24-de-setembro-pela-astrologa-manu-koetz\/#breadcrumb","itemListElement":[{"@type":"ListItem","position":1,"name":"In\u00edcio","item":"https:\/\/www.iquilibrio.com\/blog\/"},{"@type":"ListItem","position":2,"name":"Hor\u00f3scopo semanal de 18 a 24 de Setembro, pela astr\u00f3loga Manu Koetz"}]},{"@type":"WebSite","@id":"https:\/\/www.iquilibrio.com\/blog\/#website","url":"https:\/\/www.iquilibrio.com\/blog\/","name":"iQuilibrio","description":"Blog iQuilibrio","publisher":{"@id":"https:\/\/www.iquilibrio.com\/blog\/#organization"},"potentialAction":[{"@type":"SearchAction","target":{"@type":"EntryPoint","urlTemplate":"https:\/\/www.iquilibrio.com\/blog\/?s={search_term_string}"},"query-input":{"@type":"PropertyValueSpecification","valueRequired":true,"valueName":"search_term_string"}}],"inLanguage":"pt-BR"},{"@type":"Organization","@id":"https:\/\/www.iquilibrio.com\/blog\/#organization","name":"Esoterismo, Misticismo e Tarot Online - iQuilibrio","url":"https:\/\/www.iquilibrio.com\/blog\/","logo":{"@type":"ImageObject","inLanguage":"pt-BR","@id":"https:\/\/www.iquilibrio.com\/blog\/#\/schema\/logo\/image\/","url":"https:\/\/www.iquilibrio.com\/blog\/wp-content\/uploads\/2018\/12\/iquilibrio_lovo_vetor_preto-retina.png","contentUrl":"https:\/\/www.iquilibrio.com\/blog\/wp-content\/uploads\/2018\/12\/iquilibrio_lovo_vetor_preto-retina.png","width":972,"height":180,"caption":"Esoterismo, Misticismo e Tarot Online - iQuilibrio"},"image":{"@id":"https:\/\/www.iquilibrio.com\/blog\/#\/schema\/logo\/image\/"},"sameAs":["https:\/\/www.facebook.com\/iQuilibrio\/","https:\/\/x.com\/iquilibrio","https:\/\/www.instagram.com\/iquilibrio\/","https:\/\/www.linkedin.com\/company\/iquilibrio\/","https:\/\/br.pinterest.com\/iquilibrio1397\/","https:\/\/www.youtube.com\/channel\/UC175qxd-4Zsi4wzawT5zF2g"]},{"@type":"Person","@id":"https:\/\/www.iquilibrio.com\/blog\/#\/schema\/person\/21ae990723c2e5a1170c9a06dacb4d3d","name":"Arthur Peroni","image":{"@type":"ImageObject","inLanguage":"pt-BR","@id":"https:\/\/www.iquilibrio.com\/blog\/wp-content\/uploads\/2023\/04\/Arthur-Peroni-150x150.jpg","url":"https:\/\/www.iquilibrio.com\/blog\/wp-content\/uploads\/2023\/04\/Arthur-Peroni-150x150.jpg","contentUrl":"https:\/\/www.iquilibrio.com\/blog\/wp-content\/uploads\/2023\/04\/Arthur-Peroni-150x150.jpg","caption":"Arthur Peroni"},"description":"Arthur Peroni escreve sobre a vida, o universo e tudo mais. Amante da literatura m\u00edstica, e fic\u00e7\u00e3o, descobriu sua carreira de redator gra\u00e7as ao h\u00e1bito de leitura constante sobre fantasia e drama. Nas horas vagas, gosta de cozinhar, ler e ver filmes antigos. J\u00e1 trabalhou com, comunica\u00e7\u00e3o social, massoterapia, terapias hol\u00edsticas e design de interiores. Atualmente trabalha como redator SEO e se entusiasma com tudo o que \u00e9 esot\u00e9rico. Gosta de discutir sobre assuntos complexos e instigantes, e v\u00ea na escrita uma oportunidade de aprender e criar todos os dias, mentalmente e espiritualmente.","url":"https:\/\/www.iquilibrio.com\/blog\/author\/raul-vinicius\/"}]}},"_links":{"self":[{"href":"https:\/\/www.iquilibrio.com\/blog\/wp-json\/wp\/v2\/posts\/39555","targetHints":{"allow":["GET"]}}],"collection":[{"href":"https:\/\/www.iquilibrio.com\/blog\/wp-json\/wp\/v2\/posts"}],"about":[{"href":"https:\/\/www.iquilibrio.com\/blog\/wp-json\/wp\/v2\/types\/post"}],"author":[{"embeddable":true,"href":"https:\/\/www.iquilibrio.com\/blog\/wp-json\/wp\/v2\/users\/158"}],"replies":[{"embeddable":true,"href":"https:\/\/www.iquilibrio.com\/blog\/wp-json\/wp\/v2\/comments?post=39555"}],"version-history":[{"count":1,"href":"https:\/\/www.iquilibrio.com\/blog\/wp-json\/wp\/v2\/posts\/39555\/revisions"}],"predecessor-version":[{"id":39556,"href":"https:\/\/www.iquilibrio.com\/blog\/wp-json\/wp\/v2\/posts\/39555\/revisions\/39556"}],"wp:featuredmedia":[{"embeddable":true,"href":"https:\/\/www.iquilibrio.com\/blog\/wp-json\/wp\/v2\/media\/39558"}],"wp:attachment":[{"href":"https:\/\/www.iquilibrio.com\/blog\/wp-json\/wp\/v2\/media?parent=39555"}],"wp:term":[{"taxonomy":"category","embeddable":true,"href":"https:\/\/www.iquilibrio.com\/blog\/wp-json\/wp\/v2\/categories?post=39555"},{"taxonomy":"post_tag","embeddable":true,"href":"https:\/\/www.iquilibrio.com\/blog\/wp-json\/wp\/v2\/tags?post=39555"}],"curies":[{"name":"wp","href":"https:\/\/api.w.org\/{rel}","templated":true}]}}