{"id":39544,"date":"2023-09-23T07:00:38","date_gmt":"2023-09-23T10:00:38","guid":{"rendered":"https:\/\/www.iquilibrio.com\/blog\/?p=39544"},"modified":"2023-09-22T15:09:07","modified_gmt":"2023-09-22T18:09:07","slug":"dia-do-sonho","status":"publish","type":"post","link":"https:\/\/www.iquilibrio.com\/blog\/outros\/dia-do-sonho\/","title":{"rendered":"O Dia do Sonho: Celebrando a Import\u00e2ncia dos Sonhos"},"content":{"rendered":"<p><span style=\"font-weight: 400;\">O Dia do Sonho \u00e9 uma data especial que nos convida a explorar o mundo m\u00e1gico e misterioso dos sonhos, um evento que celebra a riqueza da <\/span><a href=\"https:\/\/www.iquilibrio.com\/blog\/bem-estar\/cuidar-crianca-interior\/\"><span style=\"font-weight: 400;\">imagina\u00e7\u00e3o<\/span><\/a><span style=\"font-weight: 400;\"> e a profunda conex\u00e3o entre nossas vidas diurnas e noturnas.\u00a0<\/span><\/p>\n<p><span style=\"font-weight: 400;\">Voc\u00ea j\u00e1 se perguntou por que sonhamos e qual \u00e9 a import\u00e2ncia dos nossos sonhos?<\/span><\/p>\n<p><span style=\"font-weight: 400;\">Neste artigo, vamos explorar as origens e significados do Dia do Sonho, bem como mergulhar nas profundezas do mundo dos sonhos. Tamb\u00e9m vamos discutir por que eles s\u00e3o t\u00e3o importantes e como funcionam.\u00a0<\/span><\/p>\n<h2><span style=\"font-weight: 400;\">O Dia do Sonho: Uma Celebra\u00e7\u00e3o Global<\/span><\/h2>\n<p><span style=\"font-weight: 400;\">O Dia do Sonho, celebrado em 25 de setembro, \u00e9 uma data especial que nos convida a refletir sobre a import\u00e2ncia dos <\/span><a href=\"https:\/\/www.iquilibrio.com\/blog\/bem-estar\/autoconhecimento\/como-ter-sonhos-lucidos\/\"><span style=\"font-weight: 400;\">sonhos<\/span><\/a><span style=\"font-weight: 400;\"> em nossas vidas.\u00a0<\/span><\/p>\n<p><span style=\"font-weight: 400;\">Esta celebra\u00e7\u00e3o global foi criada para reconhecer a profunda influ\u00eancia que os sonhos t\u00eam em nossa psicologia. Al\u00e9m disso, na nossa criatividade, e at\u00e9 mesmo na resolu\u00e7\u00e3o de problemas.\u00a0<\/span><\/p>\n<p><span style=\"font-weight: 400;\">Por isso, ao longo dos anos, cientistas, psic\u00f3logos e entusiastas dos sonhos se reuniram para destacar a riqueza desse fen\u00f4meno intrigante.<\/span><\/p>\n<p style=\"text-align: center;\"><span class=\"td_btn td_btn_md td_round_btn\" style=\"background-color: #3366ff; color: #ffffff;\"><a style=\"background-color: #3366ff; color: #ffffff;\" href=\"https:\/\/www.iquilibrio.com\/esotericos\/\"><span style=\"font-weight: 400;\">Comece a sua jornada rumo ao autoconhecimento com ajuda dos sonhos!<\/span><\/a><\/span><\/p>\n<h2><span style=\"font-weight: 400;\">Como Funcionam os Sonhos?<\/span><\/h2>\n<p><span style=\"font-weight: 400;\">A ci\u00eancia dos sonhos \u00e9 complexa, mas algumas teorias nos ajudam a compreender esse fen\u00f4meno. Assim, os sonhos ocorrem principalmente durante o est\u00e1gio REM do <\/span><a href=\"https:\/\/www.iquilibrio.com\/blog\/terapias-alternativas\/insonia-que-fazer\/\"><span style=\"font-weight: 400;\">sono<\/span><\/a><span style=\"font-weight: 400;\"> e envolvem uma s\u00e9rie de processos cognitivos e emocionais.\u00a0<\/span><\/p>\n<p><span style=\"font-weight: 400;\">Durante esse est\u00e1gio, nossos c\u00e9rebros est\u00e3o incrivelmente ativos, criando narrativas e imagens que muitas vezes parecem desconexas.<\/span><\/p>\n<p><span style=\"font-weight: 400;\">Uma teoria popular \u00e9 a &#8220;hip\u00f3tese da consolida\u00e7\u00e3o&#8221;, a saber, que sugere que os sonhos ajudam a processar e consolidar mem\u00f3rias emocionais do dia.\u00a0<\/span><\/p>\n<p><span style=\"font-weight: 400;\">Al\u00e9m disso, outra teoria \u00e9 a &#8220;simula\u00e7\u00e3o social&#8221;, que afirma que os sonhos podem nos preparar para situa\u00e7\u00f5es sociais ao simular diferentes cen\u00e1rios.<\/span><\/p>\n<h3><span style=\"font-weight: 400;\">Dia do sonho: Por que os Sonhos s\u00e3o T\u00e3o Importantes?<\/span><\/h3>\n<p><span style=\"font-weight: 400;\">Os sonhos desempenham um papel fundamental em nossa <\/span><a href=\"https:\/\/www.iquilibrio.com\/blog\/outros\/astrologia-terapia-holistica\/\"><span style=\"font-weight: 400;\">sa\u00fade mental e emocional<\/span><\/a><span style=\"font-weight: 400;\">.\u00a0<\/span><\/p>\n<p><span style=\"font-weight: 400;\">Desse modo, eles atuam como uma esp\u00e9cie de terapia noturna, ajudando-nos a processar emo\u00e7\u00f5es, resolver conflitos internos e consolidar mem\u00f3rias.\u00a0<\/span><\/p>\n<p><span style=\"font-weight: 400;\">Aqui est\u00e3o algumas raz\u00f5es pelas quais os sonhos s\u00e3o t\u00e3o importantes:<\/span><\/p>\n<ul>\n<li style=\"font-weight: 400;\" aria-level=\"1\"><b>Processamento Emocional<\/b><span style=\"font-weight: 400;\">: Os sonhos ajudam a processar emo\u00e7\u00f5es intensas e traum\u00e1ticas, permitindo-nos enfrentar nossos medos e preocupa\u00e7\u00f5es de uma maneira segura e controlada.<\/span><\/li>\n<li style=\"font-weight: 400;\" aria-level=\"1\"><b>Resolu\u00e7\u00e3o de Problemas:<\/b><span style=\"font-weight: 400;\"> Durante os sonhos, nosso c\u00e9rebro continua a trabalhar em quest\u00f5es n\u00e3o resolvidas do dia, muitas vezes fornecendo insights criativos e solu\u00e7\u00f5es para problemas.<\/span><\/li>\n<li style=\"font-weight: 400;\" aria-level=\"1\"><b>Consolida\u00e7\u00e3o da Mem\u00f3ria: <\/b><span style=\"font-weight: 400;\">Os sonhos desempenham um papel na consolida\u00e7\u00e3o da mem\u00f3ria, ajudando-nos a reter informa\u00e7\u00f5es importantes e descartar o que n\u00e3o \u00e9 necess\u00e1rio.<\/span><\/li>\n<li style=\"font-weight: 400;\" aria-level=\"1\"><b>Autoconhecimento:<\/b><span style=\"font-weight: 400;\"> Analisar nossos sonhos pode nos fornecer uma vis\u00e3o profunda de nossos desejos, medos e aspira\u00e7\u00f5es, promovendo o <\/span><a href=\"https:\/\/www.astrocentro.com.br\/blog\/bem-estar\/tarot-autoconhecimento\/\"><span style=\"font-weight: 400;\">autoconhecimento<\/span><\/a><span style=\"font-weight: 400;\">.<\/span><\/li>\n<\/ul>\n<h3><span style=\"font-weight: 400;\">Sonhar com Reanima\u00e7\u00e3o: Uma Experi\u00eancia Intrigante<\/span><\/h3>\n<p><span style=\"font-weight: 400;\">Sonhos de reanima\u00e7\u00e3o s\u00e3o sonhos em que uma pessoa falecida aparece como se estivesse viva. Dessa maneira, esses sonhos podem ser incrivelmente emocionais e at\u00e9 mesmo espiritualmente significativos para aqueles que os experimentam.\u00a0<\/span><\/p>\n<p><span style=\"font-weight: 400;\">Embora a ci\u00eancia ainda n\u00e3o tenha explicado o porqu\u00ea desses sonhos ocorrerem, muitos acreditam que eles podem ser uma forma de lidar com a perda. E assim, encontrar uma fonte de consolo, <\/span><a href=\"https:\/\/www.astrocentro.com.br\/blog\/simpatias-2\/dia-internacional-paz\/\"><span style=\"font-weight: 400;\">paz<\/span><\/a><span style=\"font-weight: 400;\"> e aceita\u00e7\u00e3o.<\/span><\/p>\n<figure id=\"attachment_39546\" aria-describedby=\"caption-attachment-39546\" style=\"width: 900px\" class=\"wp-caption alignnone\"><img loading=\"lazy\" decoding=\"async\" class=\"size-full wp-image-39546\" src=\"https:\/\/www.iquilibrio.com\/blog\/wp-content\/uploads\/2023\/09\/Dia-do-sonho-1.jpg\" alt=\"Dia do sonho\" width=\"900\" height=\"560\" srcset=\"https:\/\/www.iquilibrio.com\/blog\/wp-content\/uploads\/2023\/09\/Dia-do-sonho-1.jpg 900w, https:\/\/www.iquilibrio.com\/blog\/wp-content\/uploads\/2023\/09\/Dia-do-sonho-1-300x187.jpg 300w, https:\/\/www.iquilibrio.com\/blog\/wp-content\/uploads\/2023\/09\/Dia-do-sonho-1-768x478.jpg 768w, https:\/\/www.iquilibrio.com\/blog\/wp-content\/uploads\/2023\/09\/Dia-do-sonho-1-696x433.jpg 696w, https:\/\/www.iquilibrio.com\/blog\/wp-content\/uploads\/2023\/09\/Dia-do-sonho-1-675x420.jpg 675w\" sizes=\"auto, (max-width: 900px) 100vw, 900px\" \/><figcaption id=\"caption-attachment-39546\" class=\"wp-caption-text\">Dia do sonho<\/figcaption><\/figure>\n<h3><span style=\"font-weight: 400;\">Sonhos Premonit\u00f3rios<\/span><\/h3>\n<p><span style=\"font-weight: 400;\">Voc\u00ea j\u00e1 sonhou com algo, e isso aconteceu em seguida? Nesse dia do sonho, vamos falar um pouco sobre os sonhos premonit\u00f3rios.\u00a0<\/span><\/p>\n<p><span style=\"font-weight: 400;\">Conforme, s\u00e3o aqueles que parecem antecipar eventos futuros. Embora a ci\u00eancia seja c\u00e9tica em rela\u00e7\u00e3o a esses fen\u00f4menos, muitas pessoas relatam experi\u00eancias de sonhos que mais tarde se tornaram realidade.\u00a0<\/span><\/p>\n<p><span style=\"font-weight: 400;\">Portanto algumas hist\u00f3rias famosas incluem:<\/span><\/p>\n<ul>\n<li style=\"font-weight: 400;\" aria-level=\"1\"><b>Abraham Lincoln:<\/b><span style=\"font-weight: 400;\"> Relatou um sonho sobre seu pr\u00f3prio funeral semanas antes de ser assassinado.<\/span><\/li>\n<li style=\"font-weight: 400;\" aria-level=\"1\"><b>Mark Twain:<\/b><span style=\"font-weight: 400;\"> Sonhou com a morte do irm\u00e3o e viu o corpo em um caix\u00e3o em seu sonho, o que se concretizou em sua vida real.<\/span><\/li>\n<li style=\"font-weight: 400;\" aria-level=\"1\"><b>Voo 401 da Eastern Airlines:<\/b><span style=\"font-weight: 400;\"> V\u00e1rios membros da tripula\u00e7\u00e3o alegaram ter sonhado com acidentes de avi\u00e3o antes do tr\u00e1gico voo.<\/span><\/li>\n<li style=\"font-weight: 400;\" aria-level=\"1\"><b>O Desastre do Titanic:<\/b><span style=\"font-weight: 400;\"> V\u00e1rios relatos sugerem que algumas pessoas sonharam com o naufr\u00e1gio do Titanic antes que acontecesse.<\/span><\/li>\n<\/ul>\n<p><span style=\"font-weight: 400;\">Embora a ci\u00eancia n\u00e3o tenha uma explica\u00e7\u00e3o definitiva para esses fen\u00f4menos, hist\u00f3rias de sonhos premonit\u00f3rios s\u00e3o fascinantes e provocam discuss\u00f5es sobre a natureza do tempo e da <\/span><a href=\"https:\/\/www.iquilibrio.com\/blog\/espiritualidade\/expansao-consciencia-espiritual\/\"><span style=\"font-weight: 400;\">consci\u00eancia<\/span><\/a><span style=\"font-weight: 400;\">.<\/span><\/p>\n<p style=\"text-align: center;\"><span class=\"td_btn td_btn_md td_round_btn\" style=\"background-color: #3366ff; color: #ffffff;\"><a style=\"background-color: #3366ff; color: #ffffff;\" href=\"https:\/\/www.iquilibrio.com\/esotericos\/\"><span style=\"font-weight: 400;\">Descubra como sonhos podem trazer clareza \u00e0 sua vida, fale com nossos especialistas!<\/span><\/a><\/span><\/p>\n<h4><span style=\"font-weight: 400;\">Dia do sonho: Sonhos e Criatividade<\/span><\/h4>\n<p><span style=\"font-weight: 400;\">Os sonhos t\u00eam desempenhado um papel fundamental na <\/span><a href=\"https:\/\/www.iquilibrio.com\/blog\/outros\/filmes-sobre-espiritualidade-para-achar-inspiracao-e-reflexao\/\"><span style=\"font-weight: 400;\">inspira\u00e7\u00e3o<\/span><\/a><span style=\"font-weight: 400;\"> de artistas, escritores e criativos ao longo da hist\u00f3ria. Assim, muitas obras de arte, literatura e m\u00fasica foram influenciadas por sonhos vividos.\u00a0<\/span><\/p>\n<p><span style=\"font-weight: 400;\">Alguns exemplos not\u00e1veis s\u00e3o:<\/span><\/p>\n<ul>\n<li style=\"font-weight: 400;\" aria-level=\"1\"><b>&#8220;Frankenstein&#8221; de Mary Shelley:<\/b><span style=\"font-weight: 400;\"> A hist\u00f3ria do monstro foi inspirada por um sonho que Mary Shelley teve durante uma noite de tempestade.<\/span><\/li>\n<li style=\"font-weight: 400;\" aria-level=\"1\"><b>A M\u00fasica de Paul McCartney<\/b><span style=\"font-weight: 400;\">: A melodia de &#8220;Yesterday&#8221; veio para Paul McCartney em um sonho, e ele acreditava que a tinha ouvido em algum lugar no passado.<\/span><\/li>\n<li style=\"font-weight: 400;\" aria-level=\"1\"><b>A Pintura de Salvador Dal\u00ed:<\/b><span style=\"font-weight: 400;\"> Dal\u00ed frequentemente usava imagens de seus sonhos em suas pinturas surrealistas.<\/span><\/li>\n<\/ul>\n<p><span style=\"font-weight: 400;\">Ademais, \u00e9 poss\u00edvel afirmar que os sonhos podem alimentar a criatividade. Portanto, pode ser interessante prestar aten\u00e7\u00e3o aos seus pr\u00f3prios sonhos, como fonte de inspira\u00e7\u00e3o.<\/span><\/p>\n<h2><span style=\"font-weight: 400;\">Dicas para Enriquecer Seus Sonhos<\/span><\/h2>\n<p><span style=\"font-weight: 400;\">Aproveite o Dia do Sonho para aprimorar sua experi\u00eancia noturna:<\/span><\/p>\n<ul>\n<li style=\"font-weight: 400;\" aria-level=\"1\"><b>Di\u00e1rio de Sonhos:<\/b><span style=\"font-weight: 400;\"> Mantenha um di\u00e1rio de sonhos para registrar seus sonhos todas as manh\u00e3s. Isso pode ajud\u00e1-lo a entender padr\u00f5es e s\u00edmbolos pessoais.<\/span><\/li>\n<li style=\"font-weight: 400;\" aria-level=\"1\"><b>Pr\u00e1tica de Mindfulness:<\/b><span style=\"font-weight: 400;\"> Praticar a aten\u00e7\u00e3o plena durante o dia pode melhorar a qualidade de seus sonhos \u00e0 noite.<\/span><\/li>\n<li style=\"font-weight: 400;\" aria-level=\"1\"><b>Estimule a criatividade: <\/b><span style=\"font-weight: 400;\">Inclua mais atividades criativas em sua vida di\u00e1ria, como arte, m\u00fasica ou escrita, para inspirar sonhos mais ricos.<\/span><\/li>\n<li style=\"font-weight: 400;\" aria-level=\"1\"><b>Durma Bem:<\/b><span style=\"font-weight: 400;\"> Garanta que voc\u00ea tenha um sono de qualidade, pois isso pode afetar diretamente a capacidade de lembrar e desfrutar de seus sonhos.<\/span><\/li>\n<\/ul>\n<p><span style=\"font-weight: 400;\">O Dia do Sonho nos lembra que nossos sonhos s\u00e3o tesouros valiosos que merecem aten\u00e7\u00e3o. Assim, eles n\u00e3o apenas oferecem um ref\u00fagio para nossa imagina\u00e7\u00e3o, mas tamb\u00e9m desempenham um papel vital em nosso <\/span><a href=\"https:\/\/www.iquilibrio.com\/blog\/simpatias\/banhos\/banho-energetico\/\"><span style=\"font-weight: 400;\">bem-estar<\/span><\/a><span style=\"font-weight: 400;\"> emocional.\u00a0<\/span><\/p>\n<p><span style=\"font-weight: 400;\">Aproveite este dia para explorar a maravilha dos sonhos e suas infinitas possibilidades.<\/span><\/p>\n<figure id=\"attachment_39547\" aria-describedby=\"caption-attachment-39547\" style=\"width: 900px\" class=\"wp-caption alignnone\"><img loading=\"lazy\" decoding=\"async\" class=\"size-full wp-image-39547\" src=\"https:\/\/www.iquilibrio.com\/blog\/wp-content\/uploads\/2023\/09\/Dia-do-sonho-2.jpg\" alt=\"Dia do sonho\" width=\"900\" height=\"560\" srcset=\"https:\/\/www.iquilibrio.com\/blog\/wp-content\/uploads\/2023\/09\/Dia-do-sonho-2.jpg 900w, https:\/\/www.iquilibrio.com\/blog\/wp-content\/uploads\/2023\/09\/Dia-do-sonho-2-300x187.jpg 300w, https:\/\/www.iquilibrio.com\/blog\/wp-content\/uploads\/2023\/09\/Dia-do-sonho-2-768x478.jpg 768w, https:\/\/www.iquilibrio.com\/blog\/wp-content\/uploads\/2023\/09\/Dia-do-sonho-2-696x433.jpg 696w, https:\/\/www.iquilibrio.com\/blog\/wp-content\/uploads\/2023\/09\/Dia-do-sonho-2-675x420.jpg 675w\" sizes=\"auto, (max-width: 900px) 100vw, 900px\" \/><figcaption id=\"caption-attachment-39547\" class=\"wp-caption-text\">Dia do sonho<\/figcaption><\/figure>\n<h2><span style=\"font-weight: 400;\">Explorando seu subconsciente no dia do sonho<\/span><\/h2>\n<p><span style=\"font-weight: 400;\">O Dia do Sonho \u00e9 uma oportunidade para celebrar a riqueza e a complexidade dos sonhos em nossas vidas. Afinal, eles n\u00e3o s\u00e3o apenas uma parte normal do sono, mas tamb\u00e9m uma janela para nossa mente subconsciente.\u00a0<\/span><\/p>\n<p><span style=\"font-weight: 400;\">Compreender a import\u00e2ncia dos sonhos e como eles funcionam pode nos ajudar a valoriz\u00e1-los ainda mais. Al\u00e9m disso, os sonhos de reanima\u00e7\u00e3o demonstram o poder dos sonhos em conectar o presente ao passado.<\/span><\/p>\n<p><span style=\"font-weight: 400;\">Portanto, na pr\u00f3xima vez que voc\u00ea se deitar para dormir, esteja aberto para a m\u00e1gica dos seus sonhos. Eles podem revelar mais sobre voc\u00ea e o mundo ao seu redor do que voc\u00ea imagina.\u00a0<\/span><\/p>\n<p><span style=\"font-weight: 400;\">Feliz Dia do Sonho!<\/span><\/p>\n<p><span style=\"font-weight: 400;\">Te vejo na pr\u00f3xima!<\/span><\/p>\n<p style=\"text-align: center;\"><span class=\"td_btn td_btn_md td_round_btn\" style=\"background-color: #3366ff; color: #ffffff;\"><a style=\"background-color: #3366ff; color: #ffffff;\" href=\"https:\/\/www.iquilibrio.com\/esotericos\/https:\/\/www.iquilibrio.com\/esotericos\/\"><span style=\"font-weight: 400;\">Explore como os sonhos podem inspirar sua criatividade e inova\u00e7\u00e3o no seu dia a dia!<\/span><\/a><\/span><\/p>\n<hr \/>\n<p>&nbsp;<\/p>\n<p><span style=\"font-weight: 400;\">Vem entender um pouco sobre interpreta\u00e7\u00e3o de sonhos, e o que significa sonhar com dinheiro!<\/span><\/p>\n<p><iframe loading=\"lazy\" title=\"Sonhar com dinheiro: o que significa? - iQuilibrio\" width=\"696\" height=\"392\" src=\"https:\/\/www.youtube.com\/embed\/LhG_FPIanf4?start=1&#038;feature=oembed\" frameborder=\"0\" allow=\"accelerometer; autoplay; clipboard-write; encrypted-media; gyroscope; picture-in-picture; web-share\" allowfullscreen><\/iframe><\/p>\n\n\n<div class=\"kk-star-ratings kksr-auto kksr-align-left kksr-valign-bottom\"\n    data-payload='{&quot;align&quot;:&quot;left&quot;,&quot;id&quot;:&quot;39544&quot;,&quot;slug&quot;:&quot;default&quot;,&quot;valign&quot;:&quot;bottom&quot;,&quot;ignore&quot;:&quot;&quot;,&quot;reference&quot;:&quot;auto&quot;,&quot;class&quot;:&quot;&quot;,&quot;count&quot;:&quot;0&quot;,&quot;legendonly&quot;:&quot;&quot;,&quot;readonly&quot;:&quot;&quot;,&quot;score&quot;:&quot;0&quot;,&quot;starsonly&quot;:&quot;&quot;,&quot;best&quot;:&quot;5&quot;,&quot;gap&quot;:&quot;5&quot;,&quot;greet&quot;:&quot;Rate this post&quot;,&quot;legend&quot;:&quot;0\\\/5 - (0 voto)&quot;,&quot;size&quot;:&quot;24&quot;,&quot;title&quot;:&quot;O Dia do Sonho: Celebrando a Import\u00e2ncia dos Sonhos&quot;,&quot;width&quot;:&quot;0&quot;,&quot;_legend&quot;:&quot;{score}\\\/{best} - ({count} {votes})&quot;,&quot;font_factor&quot;:&quot;1.25&quot;}'>\n            \n<div class=\"kksr-stars\">\n    \n<div class=\"kksr-stars-inactive\">\n            <div class=\"kksr-star\" data-star=\"1\" style=\"padding-right: 5px\">\n            \n\n<div class=\"kksr-icon\" style=\"width: 24px; height: 24px;\"><\/div>\n        <\/div>\n            <div class=\"kksr-star\" data-star=\"2\" style=\"padding-right: 5px\">\n            \n\n<div class=\"kksr-icon\" style=\"width: 24px; height: 24px;\"><\/div>\n        <\/div>\n            <div class=\"kksr-star\" data-star=\"3\" style=\"padding-right: 5px\">\n            \n\n<div class=\"kksr-icon\" style=\"width: 24px; height: 24px;\"><\/div>\n        <\/div>\n            <div class=\"kksr-star\" data-star=\"4\" style=\"padding-right: 5px\">\n            \n\n<div class=\"kksr-icon\" style=\"width: 24px; height: 24px;\"><\/div>\n        <\/div>\n            <div class=\"kksr-star\" data-star=\"5\" style=\"padding-right: 5px\">\n            \n\n<div class=\"kksr-icon\" style=\"width: 24px; height: 24px;\"><\/div>\n        <\/div>\n    <\/div>\n    \n<div class=\"kksr-stars-active\" style=\"width: 0px;\">\n            <div class=\"kksr-star\" style=\"padding-right: 5px\">\n            \n\n<div class=\"kksr-icon\" style=\"width: 24px; height: 24px;\"><\/div>\n        <\/div>\n            <div class=\"kksr-star\" style=\"padding-right: 5px\">\n            \n\n<div class=\"kksr-icon\" style=\"width: 24px; height: 24px;\"><\/div>\n        <\/div>\n            <div class=\"kksr-star\" style=\"padding-right: 5px\">\n            \n\n<div class=\"kksr-icon\" style=\"width: 24px; height: 24px;\"><\/div>\n        <\/div>\n            <div class=\"kksr-star\" style=\"padding-right: 5px\">\n            \n\n<div class=\"kksr-icon\" style=\"width: 24px; height: 24px;\"><\/div>\n        <\/div>\n            <div class=\"kksr-star\" style=\"padding-right: 5px\">\n            \n\n<div class=\"kksr-icon\" style=\"width: 24px; height: 24px;\"><\/div>\n        <\/div>\n    <\/div>\n<\/div>\n                \n\n<div class=\"kksr-legend\" style=\"font-size: 19.2px;\">\n            <span class=\"kksr-muted\">Rate this post<\/span>\n    <\/div>\n    <\/div>\n","protected":false},"excerpt":{"rendered":"<p>O Dia do Sonho \u00e9 uma data especial que nos convida a explorar o mundo m\u00e1gico e misterioso dos sonhos, um evento que celebra a riqueza da imagina\u00e7\u00e3o e a profunda conex\u00e3o entre nossas vidas diurnas e noturnas.\u00a0 Voc\u00ea j\u00e1 se perguntou por que sonhamos e qual \u00e9 a import\u00e2ncia dos nossos sonhos? Neste artigo, [&hellip;]<\/p>\n","protected":false},"author":161,"featured_media":39545,"comment_status":"closed","ping_status":"closed","sticky":false,"template":"","format":"standard","meta":{"footnotes":""},"categories":[1],"tags":[],"class_list":["post-39544","post","type-post","status-publish","format-standard","has-post-thumbnail","hentry","category-outros"],"yoast_head":"<!-- This site is optimized with the Yoast SEO plugin v27.4 - https:\/\/yoast.com\/product\/yoast-seo-wordpress\/ -->\n<title>Dia do sonho: O Fascinante Mundo dos Sonhos e seu poder<\/title>\n<meta name=\"description\" content=\"No dia do sonho, explore esse universo e sua import\u00e2ncia para nossa mente e imagina\u00e7\u00e3o. Descubra t\u00e9cnicas, e hist\u00f3rias fascinantes.\" \/>\n<meta name=\"robots\" content=\"index, follow, max-snippet:-1, max-image-preview:large, max-video-preview:-1\" \/>\n<link rel=\"canonical\" href=\"https:\/\/www.iquilibrio.com\/blog\/outros\/dia-do-sonho\/\" \/>\n<meta property=\"og:locale\" content=\"pt_BR\" \/>\n<meta property=\"og:type\" content=\"article\" \/>\n<meta property=\"og:title\" content=\"Dia do sonho: O Fascinante Mundo dos Sonhos e seu poder\" \/>\n<meta property=\"og:description\" content=\"No dia do sonho, explore esse universo e sua import\u00e2ncia para nossa mente e imagina\u00e7\u00e3o. Descubra t\u00e9cnicas, e hist\u00f3rias fascinantes.\" \/>\n<meta property=\"og:url\" content=\"https:\/\/www.iquilibrio.com\/blog\/outros\/dia-do-sonho\/\" \/>\n<meta property=\"og:site_name\" content=\"iQuilibrio\" \/>\n<meta property=\"article:publisher\" content=\"https:\/\/www.facebook.com\/iQuilibrio\/\" \/>\n<meta property=\"article:published_time\" content=\"2023-09-23T10:00:38+00:00\" \/>\n<meta property=\"og:image\" content=\"https:\/\/www.iquilibrio.com\/blog\/wp-content\/uploads\/2023\/09\/Dia-do-sonho.jpg\" \/>\n\t<meta property=\"og:image:width\" content=\"900\" \/>\n\t<meta property=\"og:image:height\" content=\"560\" \/>\n\t<meta property=\"og:image:type\" content=\"image\/jpeg\" \/>\n<meta name=\"author\" content=\"Caroline Rodrigues\" \/>\n<meta name=\"twitter:card\" content=\"summary_large_image\" \/>\n<meta name=\"twitter:creator\" content=\"@iquilibrio\" \/>\n<meta name=\"twitter:site\" content=\"@iquilibrio\" \/>\n<meta name=\"twitter:label1\" content=\"Escrito por\" \/>\n\t<meta name=\"twitter:data1\" content=\"Caroline Rodrigues\" \/>\n\t<meta name=\"twitter:label2\" content=\"Est. tempo de leitura\" \/>\n\t<meta name=\"twitter:data2\" content=\"7 minutos\" \/>\n<script type=\"application\/ld+json\" class=\"yoast-schema-graph\">{\"@context\":\"https:\\\/\\\/schema.org\",\"@graph\":[{\"@type\":\"Article\",\"@id\":\"https:\\\/\\\/www.iquilibrio.com\\\/blog\\\/outros\\\/dia-do-sonho\\\/#article\",\"isPartOf\":{\"@id\":\"https:\\\/\\\/www.iquilibrio.com\\\/blog\\\/outros\\\/dia-do-sonho\\\/\"},\"author\":{\"name\":\"Caroline Rodrigues\",\"@id\":\"https:\\\/\\\/www.iquilibrio.com\\\/blog\\\/#\\\/schema\\\/person\\\/d2a838a4b9311bdef1bd3fe2cdab523b\"},\"headline\":\"O Dia do Sonho: Celebrando a Import\u00e2ncia dos Sonhos\",\"datePublished\":\"2023-09-23T10:00:38+00:00\",\"mainEntityOfPage\":{\"@id\":\"https:\\\/\\\/www.iquilibrio.com\\\/blog\\\/outros\\\/dia-do-sonho\\\/\"},\"wordCount\":1278,\"publisher\":{\"@id\":\"https:\\\/\\\/www.iquilibrio.com\\\/blog\\\/#organization\"},\"image\":{\"@id\":\"https:\\\/\\\/www.iquilibrio.com\\\/blog\\\/outros\\\/dia-do-sonho\\\/#primaryimage\"},\"thumbnailUrl\":\"https:\\\/\\\/www.iquilibrio.com\\\/blog\\\/wp-content\\\/uploads\\\/2023\\\/09\\\/Dia-do-sonho.jpg\",\"articleSection\":[\"Outros\"],\"inLanguage\":\"pt-BR\"},{\"@type\":\"WebPage\",\"@id\":\"https:\\\/\\\/www.iquilibrio.com\\\/blog\\\/outros\\\/dia-do-sonho\\\/\",\"url\":\"https:\\\/\\\/www.iquilibrio.com\\\/blog\\\/outros\\\/dia-do-sonho\\\/\",\"name\":\"Dia do sonho: O Fascinante Mundo dos Sonhos e seu poder\",\"isPartOf\":{\"@id\":\"https:\\\/\\\/www.iquilibrio.com\\\/blog\\\/#website\"},\"primaryImageOfPage\":{\"@id\":\"https:\\\/\\\/www.iquilibrio.com\\\/blog\\\/outros\\\/dia-do-sonho\\\/#primaryimage\"},\"image\":{\"@id\":\"https:\\\/\\\/www.iquilibrio.com\\\/blog\\\/outros\\\/dia-do-sonho\\\/#primaryimage\"},\"thumbnailUrl\":\"https:\\\/\\\/www.iquilibrio.com\\\/blog\\\/wp-content\\\/uploads\\\/2023\\\/09\\\/Dia-do-sonho.jpg\",\"datePublished\":\"2023-09-23T10:00:38+00:00\",\"description\":\"No dia do sonho, explore esse universo e sua import\u00e2ncia para nossa mente e imagina\u00e7\u00e3o. Descubra t\u00e9cnicas, e hist\u00f3rias fascinantes.\",\"breadcrumb\":{\"@id\":\"https:\\\/\\\/www.iquilibrio.com\\\/blog\\\/outros\\\/dia-do-sonho\\\/#breadcrumb\"},\"inLanguage\":\"pt-BR\",\"potentialAction\":[{\"@type\":\"ReadAction\",\"target\":[\"https:\\\/\\\/www.iquilibrio.com\\\/blog\\\/outros\\\/dia-do-sonho\\\/\"]}]},{\"@type\":\"ImageObject\",\"inLanguage\":\"pt-BR\",\"@id\":\"https:\\\/\\\/www.iquilibrio.com\\\/blog\\\/outros\\\/dia-do-sonho\\\/#primaryimage\",\"url\":\"https:\\\/\\\/www.iquilibrio.com\\\/blog\\\/wp-content\\\/uploads\\\/2023\\\/09\\\/Dia-do-sonho.jpg\",\"contentUrl\":\"https:\\\/\\\/www.iquilibrio.com\\\/blog\\\/wp-content\\\/uploads\\\/2023\\\/09\\\/Dia-do-sonho.jpg\",\"width\":900,\"height\":560,\"caption\":\"Dia do sonho\"},{\"@type\":\"BreadcrumbList\",\"@id\":\"https:\\\/\\\/www.iquilibrio.com\\\/blog\\\/outros\\\/dia-do-sonho\\\/#breadcrumb\",\"itemListElement\":[{\"@type\":\"ListItem\",\"position\":1,\"name\":\"In\u00edcio\",\"item\":\"https:\\\/\\\/www.iquilibrio.com\\\/blog\\\/\"},{\"@type\":\"ListItem\",\"position\":2,\"name\":\"O Dia do Sonho: Celebrando a Import\u00e2ncia dos Sonhos\"}]},{\"@type\":\"WebSite\",\"@id\":\"https:\\\/\\\/www.iquilibrio.com\\\/blog\\\/#website\",\"url\":\"https:\\\/\\\/www.iquilibrio.com\\\/blog\\\/\",\"name\":\"iQuilibrio\",\"description\":\"Blog iQuilibrio\",\"publisher\":{\"@id\":\"https:\\\/\\\/www.iquilibrio.com\\\/blog\\\/#organization\"},\"potentialAction\":[{\"@type\":\"SearchAction\",\"target\":{\"@type\":\"EntryPoint\",\"urlTemplate\":\"https:\\\/\\\/www.iquilibrio.com\\\/blog\\\/?s={search_term_string}\"},\"query-input\":{\"@type\":\"PropertyValueSpecification\",\"valueRequired\":true,\"valueName\":\"search_term_string\"}}],\"inLanguage\":\"pt-BR\"},{\"@type\":\"Organization\",\"@id\":\"https:\\\/\\\/www.iquilibrio.com\\\/blog\\\/#organization\",\"name\":\"Esoterismo, Misticismo e Tarot Online - iQuilibrio\",\"url\":\"https:\\\/\\\/www.iquilibrio.com\\\/blog\\\/\",\"logo\":{\"@type\":\"ImageObject\",\"inLanguage\":\"pt-BR\",\"@id\":\"https:\\\/\\\/www.iquilibrio.com\\\/blog\\\/#\\\/schema\\\/logo\\\/image\\\/\",\"url\":\"https:\\\/\\\/www.iquilibrio.com\\\/blog\\\/wp-content\\\/uploads\\\/2018\\\/12\\\/iquilibrio_lovo_vetor_preto-retina.png\",\"contentUrl\":\"https:\\\/\\\/www.iquilibrio.com\\\/blog\\\/wp-content\\\/uploads\\\/2018\\\/12\\\/iquilibrio_lovo_vetor_preto-retina.png\",\"width\":972,\"height\":180,\"caption\":\"Esoterismo, Misticismo e Tarot Online - iQuilibrio\"},\"image\":{\"@id\":\"https:\\\/\\\/www.iquilibrio.com\\\/blog\\\/#\\\/schema\\\/logo\\\/image\\\/\"},\"sameAs\":[\"https:\\\/\\\/www.facebook.com\\\/iQuilibrio\\\/\",\"https:\\\/\\\/x.com\\\/iquilibrio\",\"https:\\\/\\\/www.instagram.com\\\/iquilibrio\\\/\",\"https:\\\/\\\/www.linkedin.com\\\/company\\\/iquilibrio\\\/\",\"https:\\\/\\\/br.pinterest.com\\\/iquilibrio1397\\\/\",\"https:\\\/\\\/www.youtube.com\\\/channel\\\/UC175qxd-4Zsi4wzawT5zF2g\"]},{\"@type\":\"Person\",\"@id\":\"https:\\\/\\\/www.iquilibrio.com\\\/blog\\\/#\\\/schema\\\/person\\\/d2a838a4b9311bdef1bd3fe2cdab523b\",\"name\":\"Caroline Rodrigues\",\"image\":{\"@type\":\"ImageObject\",\"inLanguage\":\"pt-BR\",\"@id\":\"https:\\\/\\\/www.iquilibrio.com\\\/blog\\\/wp-content\\\/uploads\\\/2023\\\/07\\\/Imagem-do-WhatsApp-de-2023-07-12-as-15.51.46-150x150.jpg\",\"url\":\"https:\\\/\\\/www.iquilibrio.com\\\/blog\\\/wp-content\\\/uploads\\\/2023\\\/07\\\/Imagem-do-WhatsApp-de-2023-07-12-as-15.51.46-150x150.jpg\",\"contentUrl\":\"https:\\\/\\\/www.iquilibrio.com\\\/blog\\\/wp-content\\\/uploads\\\/2023\\\/07\\\/Imagem-do-WhatsApp-de-2023-07-12-as-15.51.46-150x150.jpg\",\"caption\":\"Caroline Rodrigues\"},\"description\":\"Leitora de fantasias e curiosa por aprender sobre si mesma e o mundo ao seu redor! \u00c9 ariana e por isso n\u00e3o nega a vontade de fazer v\u00e1rias coisas de uma s\u00f3 vez, apaixonada por tudo que a faz se questionar sobre as suas pr\u00f3prias certezas, seja em filmes, s\u00e9ries ou livros! Gosta de praticar medita\u00e7\u00e3o e limpezas espirituais para equilibrar as energias em casa e ler sobre o universo e seus segredos\u00a0tamb\u00e9m! Encara escrever como uma forma de se expressar e falar o que sente, visto que \u00e9 uma pessoa muito sens\u00edvel\u00a0e\u00a0emotiva!\",\"url\":\"https:\\\/\\\/www.iquilibrio.com\\\/blog\\\/author\\\/caroline-rodrigues\\\/\"}]}<\/script>\n<!-- \/ Yoast SEO plugin. -->","yoast_head_json":{"title":"Dia do sonho: O Fascinante Mundo dos Sonhos e seu poder","description":"No dia do sonho, explore esse universo e sua import\u00e2ncia para nossa mente e imagina\u00e7\u00e3o. Descubra t\u00e9cnicas, e hist\u00f3rias fascinantes.","robots":{"index":"index","follow":"follow","max-snippet":"max-snippet:-1","max-image-preview":"max-image-preview:large","max-video-preview":"max-video-preview:-1"},"canonical":"https:\/\/www.iquilibrio.com\/blog\/outros\/dia-do-sonho\/","og_locale":"pt_BR","og_type":"article","og_title":"Dia do sonho: O Fascinante Mundo dos Sonhos e seu poder","og_description":"No dia do sonho, explore esse universo e sua import\u00e2ncia para nossa mente e imagina\u00e7\u00e3o. Descubra t\u00e9cnicas, e hist\u00f3rias fascinantes.","og_url":"https:\/\/www.iquilibrio.com\/blog\/outros\/dia-do-sonho\/","og_site_name":"iQuilibrio","article_publisher":"https:\/\/www.facebook.com\/iQuilibrio\/","article_published_time":"2023-09-23T10:00:38+00:00","og_image":[{"width":900,"height":560,"url":"https:\/\/www.iquilibrio.com\/blog\/wp-content\/uploads\/2023\/09\/Dia-do-sonho.jpg","type":"image\/jpeg"}],"author":"Caroline Rodrigues","twitter_card":"summary_large_image","twitter_creator":"@iquilibrio","twitter_site":"@iquilibrio","twitter_misc":{"Escrito por":"Caroline Rodrigues","Est. tempo de leitura":"7 minutos"},"schema":{"@context":"https:\/\/schema.org","@graph":[{"@type":"Article","@id":"https:\/\/www.iquilibrio.com\/blog\/outros\/dia-do-sonho\/#article","isPartOf":{"@id":"https:\/\/www.iquilibrio.com\/blog\/outros\/dia-do-sonho\/"},"author":{"name":"Caroline Rodrigues","@id":"https:\/\/www.iquilibrio.com\/blog\/#\/schema\/person\/d2a838a4b9311bdef1bd3fe2cdab523b"},"headline":"O Dia do Sonho: Celebrando a Import\u00e2ncia dos Sonhos","datePublished":"2023-09-23T10:00:38+00:00","mainEntityOfPage":{"@id":"https:\/\/www.iquilibrio.com\/blog\/outros\/dia-do-sonho\/"},"wordCount":1278,"publisher":{"@id":"https:\/\/www.iquilibrio.com\/blog\/#organization"},"image":{"@id":"https:\/\/www.iquilibrio.com\/blog\/outros\/dia-do-sonho\/#primaryimage"},"thumbnailUrl":"https:\/\/www.iquilibrio.com\/blog\/wp-content\/uploads\/2023\/09\/Dia-do-sonho.jpg","articleSection":["Outros"],"inLanguage":"pt-BR"},{"@type":"WebPage","@id":"https:\/\/www.iquilibrio.com\/blog\/outros\/dia-do-sonho\/","url":"https:\/\/www.iquilibrio.com\/blog\/outros\/dia-do-sonho\/","name":"Dia do sonho: O Fascinante Mundo dos Sonhos e seu poder","isPartOf":{"@id":"https:\/\/www.iquilibrio.com\/blog\/#website"},"primaryImageOfPage":{"@id":"https:\/\/www.iquilibrio.com\/blog\/outros\/dia-do-sonho\/#primaryimage"},"image":{"@id":"https:\/\/www.iquilibrio.com\/blog\/outros\/dia-do-sonho\/#primaryimage"},"thumbnailUrl":"https:\/\/www.iquilibrio.com\/blog\/wp-content\/uploads\/2023\/09\/Dia-do-sonho.jpg","datePublished":"2023-09-23T10:00:38+00:00","description":"No dia do sonho, explore esse universo e sua import\u00e2ncia para nossa mente e imagina\u00e7\u00e3o. Descubra t\u00e9cnicas, e hist\u00f3rias fascinantes.","breadcrumb":{"@id":"https:\/\/www.iquilibrio.com\/blog\/outros\/dia-do-sonho\/#breadcrumb"},"inLanguage":"pt-BR","potentialAction":[{"@type":"ReadAction","target":["https:\/\/www.iquilibrio.com\/blog\/outros\/dia-do-sonho\/"]}]},{"@type":"ImageObject","inLanguage":"pt-BR","@id":"https:\/\/www.iquilibrio.com\/blog\/outros\/dia-do-sonho\/#primaryimage","url":"https:\/\/www.iquilibrio.com\/blog\/wp-content\/uploads\/2023\/09\/Dia-do-sonho.jpg","contentUrl":"https:\/\/www.iquilibrio.com\/blog\/wp-content\/uploads\/2023\/09\/Dia-do-sonho.jpg","width":900,"height":560,"caption":"Dia do sonho"},{"@type":"BreadcrumbList","@id":"https:\/\/www.iquilibrio.com\/blog\/outros\/dia-do-sonho\/#breadcrumb","itemListElement":[{"@type":"ListItem","position":1,"name":"In\u00edcio","item":"https:\/\/www.iquilibrio.com\/blog\/"},{"@type":"ListItem","position":2,"name":"O Dia do Sonho: Celebrando a Import\u00e2ncia dos Sonhos"}]},{"@type":"WebSite","@id":"https:\/\/www.iquilibrio.com\/blog\/#website","url":"https:\/\/www.iquilibrio.com\/blog\/","name":"iQuilibrio","description":"Blog iQuilibrio","publisher":{"@id":"https:\/\/www.iquilibrio.com\/blog\/#organization"},"potentialAction":[{"@type":"SearchAction","target":{"@type":"EntryPoint","urlTemplate":"https:\/\/www.iquilibrio.com\/blog\/?s={search_term_string}"},"query-input":{"@type":"PropertyValueSpecification","valueRequired":true,"valueName":"search_term_string"}}],"inLanguage":"pt-BR"},{"@type":"Organization","@id":"https:\/\/www.iquilibrio.com\/blog\/#organization","name":"Esoterismo, Misticismo e Tarot Online - iQuilibrio","url":"https:\/\/www.iquilibrio.com\/blog\/","logo":{"@type":"ImageObject","inLanguage":"pt-BR","@id":"https:\/\/www.iquilibrio.com\/blog\/#\/schema\/logo\/image\/","url":"https:\/\/www.iquilibrio.com\/blog\/wp-content\/uploads\/2018\/12\/iquilibrio_lovo_vetor_preto-retina.png","contentUrl":"https:\/\/www.iquilibrio.com\/blog\/wp-content\/uploads\/2018\/12\/iquilibrio_lovo_vetor_preto-retina.png","width":972,"height":180,"caption":"Esoterismo, Misticismo e Tarot Online - iQuilibrio"},"image":{"@id":"https:\/\/www.iquilibrio.com\/blog\/#\/schema\/logo\/image\/"},"sameAs":["https:\/\/www.facebook.com\/iQuilibrio\/","https:\/\/x.com\/iquilibrio","https:\/\/www.instagram.com\/iquilibrio\/","https:\/\/www.linkedin.com\/company\/iquilibrio\/","https:\/\/br.pinterest.com\/iquilibrio1397\/","https:\/\/www.youtube.com\/channel\/UC175qxd-4Zsi4wzawT5zF2g"]},{"@type":"Person","@id":"https:\/\/www.iquilibrio.com\/blog\/#\/schema\/person\/d2a838a4b9311bdef1bd3fe2cdab523b","name":"Caroline Rodrigues","image":{"@type":"ImageObject","inLanguage":"pt-BR","@id":"https:\/\/www.iquilibrio.com\/blog\/wp-content\/uploads\/2023\/07\/Imagem-do-WhatsApp-de-2023-07-12-as-15.51.46-150x150.jpg","url":"https:\/\/www.iquilibrio.com\/blog\/wp-content\/uploads\/2023\/07\/Imagem-do-WhatsApp-de-2023-07-12-as-15.51.46-150x150.jpg","contentUrl":"https:\/\/www.iquilibrio.com\/blog\/wp-content\/uploads\/2023\/07\/Imagem-do-WhatsApp-de-2023-07-12-as-15.51.46-150x150.jpg","caption":"Caroline Rodrigues"},"description":"Leitora de fantasias e curiosa por aprender sobre si mesma e o mundo ao seu redor! \u00c9 ariana e por isso n\u00e3o nega a vontade de fazer v\u00e1rias coisas de uma s\u00f3 vez, apaixonada por tudo que a faz se questionar sobre as suas pr\u00f3prias certezas, seja em filmes, s\u00e9ries ou livros! Gosta de praticar medita\u00e7\u00e3o e limpezas espirituais para equilibrar as energias em casa e ler sobre o universo e seus segredos\u00a0tamb\u00e9m! Encara escrever como uma forma de se expressar e falar o que sente, visto que \u00e9 uma pessoa muito sens\u00edvel\u00a0e\u00a0emotiva!","url":"https:\/\/www.iquilibrio.com\/blog\/author\/caroline-rodrigues\/"}]}},"_links":{"self":[{"href":"https:\/\/www.iquilibrio.com\/blog\/wp-json\/wp\/v2\/posts\/39544","targetHints":{"allow":["GET"]}}],"collection":[{"href":"https:\/\/www.iquilibrio.com\/blog\/wp-json\/wp\/v2\/posts"}],"about":[{"href":"https:\/\/www.iquilibrio.com\/blog\/wp-json\/wp\/v2\/types\/post"}],"author":[{"embeddable":true,"href":"https:\/\/www.iquilibrio.com\/blog\/wp-json\/wp\/v2\/users\/161"}],"replies":[{"embeddable":true,"href":"https:\/\/www.iquilibrio.com\/blog\/wp-json\/wp\/v2\/comments?post=39544"}],"version-history":[{"count":1,"href":"https:\/\/www.iquilibrio.com\/blog\/wp-json\/wp\/v2\/posts\/39544\/revisions"}],"predecessor-version":[{"id":39548,"href":"https:\/\/www.iquilibrio.com\/blog\/wp-json\/wp\/v2\/posts\/39544\/revisions\/39548"}],"wp:featuredmedia":[{"embeddable":true,"href":"https:\/\/www.iquilibrio.com\/blog\/wp-json\/wp\/v2\/media\/39545"}],"wp:attachment":[{"href":"https:\/\/www.iquilibrio.com\/blog\/wp-json\/wp\/v2\/media?parent=39544"}],"wp:term":[{"taxonomy":"category","embeddable":true,"href":"https:\/\/www.iquilibrio.com\/blog\/wp-json\/wp\/v2\/categories?post=39544"},{"taxonomy":"post_tag","embeddable":true,"href":"https:\/\/www.iquilibrio.com\/blog\/wp-json\/wp\/v2\/tags?post=39544"}],"curies":[{"name":"wp","href":"https:\/\/api.w.org\/{rel}","templated":true}]}}