{"id":39480,"date":"2023-08-26T07:00:26","date_gmt":"2023-08-26T10:00:26","guid":{"rendered":"https:\/\/www.iquilibrio.com\/blog\/?p=39480"},"modified":"2023-08-25T18:31:12","modified_gmt":"2023-08-25T21:31:12","slug":"ori-o-seu-orixa-pessoal-pela-consultora-iris-%f0%9f%92%9f","status":"publish","type":"post","link":"https:\/\/www.iquilibrio.com\/blog\/espiritualidade\/umbanda-candomble\/ori-o-seu-orixa-pessoal-pela-consultora-iris-%f0%9f%92%9f\/","title":{"rendered":"Ori, o seu orix\u00e1 pessoal, pela consultora \u00cdris &#x1f49f;"},"content":{"rendered":"<p><span style=\"font-weight: 400;\">Ori \u00e9 o nosso Orix\u00e1 mais forte, referindo-se \u00e0 nossa intui\u00e7\u00e3o espiritual e ao nosso destino. Assim como outras palavras da religi\u00e3o, \u00e9 uma palavra derivada da l\u00edngua yorub\u00e1, sendo traduzida como &#8216;cabe\u00e7a\u2019<\/span><\/p>\n<p><span style=\"font-weight: 400;\">Tamb\u00e9m se refere ao Orix\u00e1 pessoal de cada um. Deste modo, \u00e9 o primeiro Orix\u00e1 a ser louvado, representando a ess\u00eancia particular e real do ser. \u00c9 aquele que guia, acompanha e nos auxilia desde antes do nosso nascimento, durante toda a nossa vida e ap\u00f3s a nossa morte, estando presente em toda a nossa jornada e auxiliando no cumprimento do nosso destino.<\/span><\/p>\n<p><span style=\"font-weight: 400;\">Como o Orix\u00e1 pessoal de cada ser humano, \u00e9 a divindade que est\u00e1 mais interessada na realiza\u00e7\u00e3o e felicidade de cada indiv\u00edduo do que qualquer outro Orix\u00e1. Da mesma forma, conhece as necessidades de cada um em sua jornada pela vida, e nos acertos e erros de cada um, possui os recursos adequados e todas as orienta\u00e7\u00f5es que permitem a reorganiza\u00e7\u00e3o do destino e caminhos relacionados a cada ser humano.<\/span><\/p>\n<p><span style=\"font-weight: 400;\">Um Ori bem cuidado tem o poder de aben\u00e7oar, abrir caminhos e melhorar a vida. Cuidar do Ori \u00e9 cuidar de si mesmo, \u00e9 refletir sobre suas escolhas pessoais, suas a\u00e7\u00f5es e as consequ\u00eancias dos pr\u00f3prios atos, sobre como e qual \u00e9 o seu contato com a espiritualidade e, acima de tudo, enxergar o sagrado em si. O sagrado no sopro divino da vida que foi recebida e presenteada, ver no pr\u00f3prio Ori o que ele representa pode proporcionar a for\u00e7a necess\u00e1ria de que precisamos no dia a dia, uma vez que o divino reside dentro da nossa cabe\u00e7a f\u00edsica e espiritual.<\/span><\/p>\n<p><span style=\"font-weight: 400;\">Existe um ditado Yoruba que diz: &#8216;Pode-se viver sem um bra\u00e7o ou uma perna, at\u00e9 mesmo sem um rim, mas n\u00e3o h\u00e1 caminho e vida sem um Ori.&#8217; Infelizmente, o culto ao Ori n\u00e3o \u00e9 t\u00e3o conhecido no Brasil, mas na Nig\u00e9ria e em terreiros mais antigos e tradicionais do candombl\u00e9 brasileiro, ele \u00e9 respeitado e reverenciado como o conhecimento ancestral mais importante, por trazer para n\u00f3s mesmos a responsabilidade sobre o nosso destino e um pouco mais de poder pessoal.<\/span><\/p>\n<p><span style=\"font-weight: 400;\">Existe uma prece muito antiga, que aqui est\u00e1 traduzida do Yorub\u00e1 e que pode ser realizada ao Ori quando se necessita de uma resposta, um caminho e boa sorte.<\/span><\/p>\n<p><span style=\"font-weight: 400;\">Sugiro que seja realizada junto com um copo d&#8217;\u00e1gua e uma vela de sete dias acesa ao lado.<\/span><\/p>\n<h2><span style=\"font-weight: 400;\">Encantamento para propiciar o Or\u00ed<\/span><\/h2>\n<p style=\"text-align: center;\"><span style=\"font-weight: 400;\">\u201c<\/span><i><span style=\"font-weight: 400;\">Or\u00fanmil\u00e1 que fortifica os tristes, fortifica-me, estou triste, fortifica este meu cora\u00e7\u00e3o triste.<\/span><\/i><\/p>\n<p style=\"text-align: center;\"><i><span style=\"font-weight: 400;\">Senhor da comunidade, aquele que \u00e9 honrado e respeitado, pois \u00e9 a cabe\u00e7a de algu\u00e9m cansado que invoca a tua ajuda.<\/span><\/i><\/p>\n<p style=\"text-align: center;\"><i><span style=\"font-weight: 400;\">Senhor da comunidade, esteja conosco, me acompanhe, para que as coisas boas me<\/span><\/i><\/p>\n<p style=\"text-align: center;\"><i><span style=\"font-weight: 400;\">encontrem, e que tenhamos coisas boas, \u00e9 a cabe\u00e7a de algu\u00e9m cansado que invoca tua ajuda.<\/span><\/i><\/p>\n<p style=\"text-align: center;\"><i><span style=\"font-weight: 400;\">Minha cabe\u00e7a, venha cobrir a casa e minha retaguarda.\u00a0<\/span><\/i><\/p>\n<p style=\"text-align: center;\"><i><span style=\"font-weight: 400;\">Duzentos, duzentos, que orob\u00f4 cres\u00e7a na floresta; duzentos, duzentos, que atar\u00e9 cres\u00e7a na floresta, duzentos, que o poder do dinheiro adentre a minha casa.<\/span><\/i><\/p>\n<p style=\"text-align: center;\"><i><span style=\"font-weight: 400;\">Que as feiti\u00e7arias, as doen\u00e7as, os problemas, as afli\u00e7\u00f5es, a morte, a fome, a<\/span><\/i><\/p>\n<p style=\"text-align: center;\"><i><span style=\"font-weight: 400;\">sede, desapare\u00e7am da minha vida.<\/span><\/i><\/p>\n<p style=\"text-align: center;\"><i><span style=\"font-weight: 400;\">Quando ef\u00fan entra no oss\u00fan ele desaparece.<\/span><\/i><\/p>\n<p style=\"text-align: center;\"><i><span style=\"font-weight: 400;\">Que todas as minhas afli\u00e7\u00f5es desapare\u00e7am.<\/span><\/i><\/p>\n<p style=\"text-align: center;\"><i><span style=\"font-weight: 400;\">Que a palavra de If\u00e1 se realize, e a de Or\u00fanmil\u00e1 tamb\u00e9m, como um encanto.\u00a0<\/span><\/i><\/p>\n<p style=\"text-align: center;\"><i><span style=\"font-weight: 400;\">E ao encontrarem Alagem\u00f4 realizam-se atrav\u00e9s dos Orix\u00e1s, que aceitam do alto todos os<\/span><\/i><\/p>\n<p style=\"text-align: center;\"><i><span style=\"font-weight: 400;\">meus pedidos.\u00a0<\/span><\/i><\/p>\n<p style=\"text-align: center;\"><i><span style=\"font-weight: 400;\">A folha no fogo queima rapidamente, que meus pedidos se realizem assim.<\/span><\/i><\/p>\n<p style=\"text-align: center;\"><i><span style=\"font-weight: 400;\">Leite, leite, escorra para as crian\u00e7as em quantidade como \u00e9 na fazenda de Esisi.\u00a0<\/span><\/i><\/p>\n<p style=\"text-align: center;\"><i><span style=\"font-weight: 400;\">Que minha casa, meus caminhos, meus conhecidos se engrande\u00e7am.\u00a0<\/span><\/i><\/p>\n<p style=\"text-align: center;\"><i><span style=\"font-weight: 400;\">Que todos os meus votos fa\u00e7am desabrochar, e transformar-se para mim, a fim de que ao nascer do dia eu encontre facilidades, ax\u00e9 \u00f4, ax\u00e9 \u00f4, ax\u00e9 \u00f4!\u201d<\/span><\/i><\/p>\n<p><span style=\"font-weight: 400;\">Um bom exerc\u00edcio de final de ano(e di\u00e1rio tamb\u00e9m) \u00e9 refletir sobre Ori, sobre nossos objetivos diante a vida e o sobre o que estamos fazendo para alcan\u00e7\u00e1-los, lembrando sempre que: <\/span><i><span style=\"font-weight: 400;\">\u201cOr\u00ed eni n\u00ed um\u2019ni j\u2019oba\u201d<\/span><\/i><span style=\"font-weight: 400;\">, isto \u00e9, \u201ca cabe\u00e7a de uma pessoa faz dela um rei\u201d.<\/span><\/p>\n<p><span style=\"font-weight: 400;\">Ax\u00e9 \u00f4!<\/span><\/p>\n<hr \/>\n<p><img loading=\"lazy\" decoding=\"async\" class=\"size-full wp-image-39481 alignleft\" src=\"https:\/\/www.iquilibrio.com\/blog\/wp-content\/uploads\/2023\/08\/iris.jpg\" alt=\"\" width=\"100\" height=\"100\" \/><\/p>\n<p>\u00cdris \u00e9 especialista em Tarot dourado de Rider Waite Or\u00e1culo de Delfos Thetaheling.<\/p>\n<p>Atua como consultora em desenvolvimento pessoal e leva seus consulentes a desenvolver suas capacidades m\u00e1ximas com autoconhecimento e amor pr\u00f3prio.<\/p>\n<p>Al\u00e9m disso, \u00cdris tamb\u00e9m escreve sobre o mundo m\u00edstico, e traz sua experi\u00eancia em atendmientos como um meio de se espressar atrav\u00e9z das palavras.<\/p>\n<p style=\"text-align: center;\"><span class=\"td_btn td_btn_md td_round_btn\" style=\"color: #ffffff; background-color: #3366ff;\"><a style=\"color: #ffffff; background-color: #3366ff;\" href=\"https:\/\/www.iquilibrio.com\/esotericos\/iris\/\" target=\"_blank\" rel=\"noopener\">Fale com a especialista \u00cdris, e tenha direcionamento e ilumina\u00e7\u00e3o no seu caminho<\/a><\/span><\/p>\n\n\n<div class=\"kk-star-ratings kksr-auto kksr-align-left kksr-valign-bottom\"\n    data-payload='{&quot;align&quot;:&quot;left&quot;,&quot;id&quot;:&quot;39480&quot;,&quot;slug&quot;:&quot;default&quot;,&quot;valign&quot;:&quot;bottom&quot;,&quot;ignore&quot;:&quot;&quot;,&quot;reference&quot;:&quot;auto&quot;,&quot;class&quot;:&quot;&quot;,&quot;count&quot;:&quot;16&quot;,&quot;legendonly&quot;:&quot;&quot;,&quot;readonly&quot;:&quot;&quot;,&quot;score&quot;:&quot;4.9&quot;,&quot;starsonly&quot;:&quot;&quot;,&quot;best&quot;:&quot;5&quot;,&quot;gap&quot;:&quot;5&quot;,&quot;greet&quot;:&quot;Rate this post&quot;,&quot;legend&quot;:&quot;4.9\\\/5 - (16 votos)&quot;,&quot;size&quot;:&quot;24&quot;,&quot;title&quot;:&quot;Ori, o seu orix\u00e1 pessoal, pela consultora \u00cdris \\u0026#x1f49f;&quot;,&quot;width&quot;:&quot;139.6&quot;,&quot;_legend&quot;:&quot;{score}\\\/{best} - ({count} {votes})&quot;,&quot;font_factor&quot;:&quot;1.25&quot;}'>\n            \n<div class=\"kksr-stars\">\n    \n<div class=\"kksr-stars-inactive\">\n            <div class=\"kksr-star\" data-star=\"1\" style=\"padding-right: 5px\">\n            \n\n<div class=\"kksr-icon\" style=\"width: 24px; height: 24px;\"><\/div>\n        <\/div>\n            <div class=\"kksr-star\" data-star=\"2\" style=\"padding-right: 5px\">\n            \n\n<div class=\"kksr-icon\" style=\"width: 24px; height: 24px;\"><\/div>\n        <\/div>\n            <div class=\"kksr-star\" data-star=\"3\" style=\"padding-right: 5px\">\n            \n\n<div class=\"kksr-icon\" style=\"width: 24px; height: 24px;\"><\/div>\n        <\/div>\n            <div class=\"kksr-star\" data-star=\"4\" style=\"padding-right: 5px\">\n            \n\n<div class=\"kksr-icon\" style=\"width: 24px; height: 24px;\"><\/div>\n        <\/div>\n            <div class=\"kksr-star\" data-star=\"5\" style=\"padding-right: 5px\">\n            \n\n<div class=\"kksr-icon\" style=\"width: 24px; height: 24px;\"><\/div>\n        <\/div>\n    <\/div>\n    \n<div class=\"kksr-stars-active\" style=\"width: 139.6px;\">\n            <div class=\"kksr-star\" style=\"padding-right: 5px\">\n            \n\n<div class=\"kksr-icon\" style=\"width: 24px; height: 24px;\"><\/div>\n        <\/div>\n            <div class=\"kksr-star\" style=\"padding-right: 5px\">\n            \n\n<div class=\"kksr-icon\" style=\"width: 24px; height: 24px;\"><\/div>\n        <\/div>\n            <div class=\"kksr-star\" style=\"padding-right: 5px\">\n            \n\n<div class=\"kksr-icon\" style=\"width: 24px; height: 24px;\"><\/div>\n        <\/div>\n            <div class=\"kksr-star\" style=\"padding-right: 5px\">\n            \n\n<div class=\"kksr-icon\" style=\"width: 24px; height: 24px;\"><\/div>\n        <\/div>\n            <div class=\"kksr-star\" style=\"padding-right: 5px\">\n            \n\n<div class=\"kksr-icon\" style=\"width: 24px; height: 24px;\"><\/div>\n        <\/div>\n    <\/div>\n<\/div>\n                \n\n<div class=\"kksr-legend\" style=\"font-size: 19.2px;\">\n            4.9\/5 - (16 votos)    <\/div>\n    <\/div>\n","protected":false},"excerpt":{"rendered":"<p>Ori \u00e9 o nosso Orix\u00e1 mais forte, referindo-se \u00e0 nossa intui\u00e7\u00e3o espiritual e ao nosso destino. Assim como outras palavras da religi\u00e3o, \u00e9 uma palavra derivada da l\u00edngua yorub\u00e1, sendo traduzida como &#8216;cabe\u00e7a\u2019 Tamb\u00e9m se refere ao Orix\u00e1 pessoal de cada um. Deste modo, \u00e9 o primeiro Orix\u00e1 a ser louvado, representando a ess\u00eancia particular [&hellip;]<\/p>\n","protected":false},"author":158,"featured_media":39484,"comment_status":"closed","ping_status":"closed","sticky":false,"template":"","format":"standard","meta":{"footnotes":""},"categories":[503],"tags":[],"class_list":["post-39480","post","type-post","status-publish","format-standard","has-post-thumbnail","hentry","category-umbanda-candomble"],"yoast_head":"<!-- This site is optimized with the Yoast SEO plugin v27.4 - https:\/\/yoast.com\/product\/yoast-seo-wordpress\/ -->\n<title>Ori, o seu orix\u00e1 pessoal, pela consultora \u00cdris &#x1f49f; - iQuilibrio<\/title>\n<meta name=\"robots\" content=\"index, follow, max-snippet:-1, max-image-preview:large, max-video-preview:-1\" \/>\n<link rel=\"canonical\" href=\"https:\/\/www.iquilibrio.com\/blog\/espiritualidade\/umbanda-candomble\/ori-o-seu-orixa-pessoal-pela-consultora-iris-\ud83d\udc9f\/\" \/>\n<meta property=\"og:locale\" content=\"pt_BR\" \/>\n<meta property=\"og:type\" content=\"article\" \/>\n<meta property=\"og:title\" content=\"Ori, o seu orix\u00e1 pessoal, pela consultora \u00cdris &#x1f49f; - iQuilibrio\" \/>\n<meta property=\"og:description\" content=\"Ori \u00e9 o nosso Orix\u00e1 mais forte, referindo-se \u00e0 nossa intui\u00e7\u00e3o espiritual e ao nosso destino. Assim como outras palavras da religi\u00e3o, \u00e9 uma palavra derivada da l\u00edngua yorub\u00e1, sendo traduzida como &#8216;cabe\u00e7a\u2019 Tamb\u00e9m se refere ao Orix\u00e1 pessoal de cada um. Deste modo, \u00e9 o primeiro Orix\u00e1 a ser louvado, representando a ess\u00eancia particular [&hellip;]\" \/>\n<meta property=\"og:url\" content=\"https:\/\/www.iquilibrio.com\/blog\/espiritualidade\/umbanda-candomble\/ori-o-seu-orixa-pessoal-pela-consultora-iris-\ud83d\udc9f\/\" \/>\n<meta property=\"og:site_name\" content=\"iQuilibrio\" \/>\n<meta property=\"article:publisher\" content=\"https:\/\/www.facebook.com\/iQuilibrio\/\" \/>\n<meta property=\"article:published_time\" content=\"2023-08-26T10:00:26+00:00\" \/>\n<meta property=\"og:image\" content=\"https:\/\/www.iquilibrio.com\/blog\/wp-content\/uploads\/2023\/08\/Ori.jpg\" \/>\n\t<meta property=\"og:image:width\" content=\"900\" \/>\n\t<meta property=\"og:image:height\" content=\"560\" \/>\n\t<meta property=\"og:image:type\" content=\"image\/jpeg\" \/>\n<meta name=\"author\" content=\"Arthur Peroni\" \/>\n<meta name=\"twitter:card\" content=\"summary_large_image\" \/>\n<meta name=\"twitter:creator\" content=\"@iquilibrio\" \/>\n<meta name=\"twitter:site\" content=\"@iquilibrio\" \/>\n<meta name=\"twitter:label1\" content=\"Escrito por\" \/>\n\t<meta name=\"twitter:data1\" content=\"Arthur Peroni\" \/>\n\t<meta name=\"twitter:label2\" content=\"Est. tempo de leitura\" \/>\n\t<meta name=\"twitter:data2\" content=\"5 minutos\" \/>\n<script type=\"application\/ld+json\" class=\"yoast-schema-graph\">{\"@context\":\"https:\\\/\\\/schema.org\",\"@graph\":[{\"@type\":\"Article\",\"@id\":\"https:\\\/\\\/www.iquilibrio.com\\\/blog\\\/espiritualidade\\\/umbanda-candomble\\\/ori-o-seu-orixa-pessoal-pela-consultora-iris-%f0%9f%92%9f\\\/#article\",\"isPartOf\":{\"@id\":\"https:\\\/\\\/www.iquilibrio.com\\\/blog\\\/espiritualidade\\\/umbanda-candomble\\\/ori-o-seu-orixa-pessoal-pela-consultora-iris-%f0%9f%92%9f\\\/\"},\"author\":{\"name\":\"Arthur Peroni\",\"@id\":\"https:\\\/\\\/www.iquilibrio.com\\\/blog\\\/#\\\/schema\\\/person\\\/21ae990723c2e5a1170c9a06dacb4d3d\"},\"headline\":\"Ori, o seu orix\u00e1 pessoal, pela consultora \u00cdris &#x1f49f;\",\"datePublished\":\"2023-08-26T10:00:26+00:00\",\"mainEntityOfPage\":{\"@id\":\"https:\\\/\\\/www.iquilibrio.com\\\/blog\\\/espiritualidade\\\/umbanda-candomble\\\/ori-o-seu-orixa-pessoal-pela-consultora-iris-%f0%9f%92%9f\\\/\"},\"wordCount\":799,\"publisher\":{\"@id\":\"https:\\\/\\\/www.iquilibrio.com\\\/blog\\\/#organization\"},\"image\":{\"@id\":\"https:\\\/\\\/www.iquilibrio.com\\\/blog\\\/espiritualidade\\\/umbanda-candomble\\\/ori-o-seu-orixa-pessoal-pela-consultora-iris-%f0%9f%92%9f\\\/#primaryimage\"},\"thumbnailUrl\":\"https:\\\/\\\/www.iquilibrio.com\\\/blog\\\/wp-content\\\/uploads\\\/2023\\\/08\\\/Ori.jpg\",\"articleSection\":[\"Umbanda e Candombl\u00e9\"],\"inLanguage\":\"pt-BR\"},{\"@type\":\"WebPage\",\"@id\":\"https:\\\/\\\/www.iquilibrio.com\\\/blog\\\/espiritualidade\\\/umbanda-candomble\\\/ori-o-seu-orixa-pessoal-pela-consultora-iris-%f0%9f%92%9f\\\/\",\"url\":\"https:\\\/\\\/www.iquilibrio.com\\\/blog\\\/espiritualidade\\\/umbanda-candomble\\\/ori-o-seu-orixa-pessoal-pela-consultora-iris-%f0%9f%92%9f\\\/\",\"name\":\"Ori, o seu orix\u00e1 pessoal, pela consultora \u00cdris &#x1f49f; - iQuilibrio\",\"isPartOf\":{\"@id\":\"https:\\\/\\\/www.iquilibrio.com\\\/blog\\\/#website\"},\"primaryImageOfPage\":{\"@id\":\"https:\\\/\\\/www.iquilibrio.com\\\/blog\\\/espiritualidade\\\/umbanda-candomble\\\/ori-o-seu-orixa-pessoal-pela-consultora-iris-%f0%9f%92%9f\\\/#primaryimage\"},\"image\":{\"@id\":\"https:\\\/\\\/www.iquilibrio.com\\\/blog\\\/espiritualidade\\\/umbanda-candomble\\\/ori-o-seu-orixa-pessoal-pela-consultora-iris-%f0%9f%92%9f\\\/#primaryimage\"},\"thumbnailUrl\":\"https:\\\/\\\/www.iquilibrio.com\\\/blog\\\/wp-content\\\/uploads\\\/2023\\\/08\\\/Ori.jpg\",\"datePublished\":\"2023-08-26T10:00:26+00:00\",\"breadcrumb\":{\"@id\":\"https:\\\/\\\/www.iquilibrio.com\\\/blog\\\/espiritualidade\\\/umbanda-candomble\\\/ori-o-seu-orixa-pessoal-pela-consultora-iris-%f0%9f%92%9f\\\/#breadcrumb\"},\"inLanguage\":\"pt-BR\",\"potentialAction\":[{\"@type\":\"ReadAction\",\"target\":[\"https:\\\/\\\/www.iquilibrio.com\\\/blog\\\/espiritualidade\\\/umbanda-candomble\\\/ori-o-seu-orixa-pessoal-pela-consultora-iris-%f0%9f%92%9f\\\/\"]}]},{\"@type\":\"ImageObject\",\"inLanguage\":\"pt-BR\",\"@id\":\"https:\\\/\\\/www.iquilibrio.com\\\/blog\\\/espiritualidade\\\/umbanda-candomble\\\/ori-o-seu-orixa-pessoal-pela-consultora-iris-%f0%9f%92%9f\\\/#primaryimage\",\"url\":\"https:\\\/\\\/www.iquilibrio.com\\\/blog\\\/wp-content\\\/uploads\\\/2023\\\/08\\\/Ori.jpg\",\"contentUrl\":\"https:\\\/\\\/www.iquilibrio.com\\\/blog\\\/wp-content\\\/uploads\\\/2023\\\/08\\\/Ori.jpg\",\"width\":900,\"height\":560},{\"@type\":\"BreadcrumbList\",\"@id\":\"https:\\\/\\\/www.iquilibrio.com\\\/blog\\\/espiritualidade\\\/umbanda-candomble\\\/ori-o-seu-orixa-pessoal-pela-consultora-iris-%f0%9f%92%9f\\\/#breadcrumb\",\"itemListElement\":[{\"@type\":\"ListItem\",\"position\":1,\"name\":\"In\u00edcio\",\"item\":\"https:\\\/\\\/www.iquilibrio.com\\\/blog\\\/\"},{\"@type\":\"ListItem\",\"position\":2,\"name\":\"Ori, o seu orix\u00e1 pessoal, pela consultora \u00cdris &#x1f49f;\"}]},{\"@type\":\"WebSite\",\"@id\":\"https:\\\/\\\/www.iquilibrio.com\\\/blog\\\/#website\",\"url\":\"https:\\\/\\\/www.iquilibrio.com\\\/blog\\\/\",\"name\":\"iQuilibrio\",\"description\":\"Blog iQuilibrio\",\"publisher\":{\"@id\":\"https:\\\/\\\/www.iquilibrio.com\\\/blog\\\/#organization\"},\"potentialAction\":[{\"@type\":\"SearchAction\",\"target\":{\"@type\":\"EntryPoint\",\"urlTemplate\":\"https:\\\/\\\/www.iquilibrio.com\\\/blog\\\/?s={search_term_string}\"},\"query-input\":{\"@type\":\"PropertyValueSpecification\",\"valueRequired\":true,\"valueName\":\"search_term_string\"}}],\"inLanguage\":\"pt-BR\"},{\"@type\":\"Organization\",\"@id\":\"https:\\\/\\\/www.iquilibrio.com\\\/blog\\\/#organization\",\"name\":\"Esoterismo, Misticismo e Tarot Online - iQuilibrio\",\"url\":\"https:\\\/\\\/www.iquilibrio.com\\\/blog\\\/\",\"logo\":{\"@type\":\"ImageObject\",\"inLanguage\":\"pt-BR\",\"@id\":\"https:\\\/\\\/www.iquilibrio.com\\\/blog\\\/#\\\/schema\\\/logo\\\/image\\\/\",\"url\":\"https:\\\/\\\/www.iquilibrio.com\\\/blog\\\/wp-content\\\/uploads\\\/2018\\\/12\\\/iquilibrio_lovo_vetor_preto-retina.png\",\"contentUrl\":\"https:\\\/\\\/www.iquilibrio.com\\\/blog\\\/wp-content\\\/uploads\\\/2018\\\/12\\\/iquilibrio_lovo_vetor_preto-retina.png\",\"width\":972,\"height\":180,\"caption\":\"Esoterismo, Misticismo e Tarot Online - iQuilibrio\"},\"image\":{\"@id\":\"https:\\\/\\\/www.iquilibrio.com\\\/blog\\\/#\\\/schema\\\/logo\\\/image\\\/\"},\"sameAs\":[\"https:\\\/\\\/www.facebook.com\\\/iQuilibrio\\\/\",\"https:\\\/\\\/x.com\\\/iquilibrio\",\"https:\\\/\\\/www.instagram.com\\\/iquilibrio\\\/\",\"https:\\\/\\\/www.linkedin.com\\\/company\\\/iquilibrio\\\/\",\"https:\\\/\\\/br.pinterest.com\\\/iquilibrio1397\\\/\",\"https:\\\/\\\/www.youtube.com\\\/channel\\\/UC175qxd-4Zsi4wzawT5zF2g\"]},{\"@type\":\"Person\",\"@id\":\"https:\\\/\\\/www.iquilibrio.com\\\/blog\\\/#\\\/schema\\\/person\\\/21ae990723c2e5a1170c9a06dacb4d3d\",\"name\":\"Arthur Peroni\",\"image\":{\"@type\":\"ImageObject\",\"inLanguage\":\"pt-BR\",\"@id\":\"https:\\\/\\\/www.iquilibrio.com\\\/blog\\\/wp-content\\\/uploads\\\/2023\\\/04\\\/Arthur-Peroni-150x150.jpg\",\"url\":\"https:\\\/\\\/www.iquilibrio.com\\\/blog\\\/wp-content\\\/uploads\\\/2023\\\/04\\\/Arthur-Peroni-150x150.jpg\",\"contentUrl\":\"https:\\\/\\\/www.iquilibrio.com\\\/blog\\\/wp-content\\\/uploads\\\/2023\\\/04\\\/Arthur-Peroni-150x150.jpg\",\"caption\":\"Arthur Peroni\"},\"description\":\"Arthur Peroni escreve sobre a vida, o universo e tudo mais. Amante da literatura m\u00edstica, e fic\u00e7\u00e3o, descobriu sua carreira de redator gra\u00e7as ao h\u00e1bito de leitura constante sobre fantasia e drama. Nas horas vagas, gosta de cozinhar, ler e ver filmes antigos. J\u00e1 trabalhou com, comunica\u00e7\u00e3o social, massoterapia, terapias hol\u00edsticas e design de interiores. Atualmente trabalha como redator SEO e se entusiasma com tudo o que \u00e9 esot\u00e9rico. Gosta de discutir sobre assuntos complexos e instigantes, e v\u00ea na escrita uma oportunidade de aprender e criar todos os dias, mentalmente e espiritualmente.\",\"url\":\"https:\\\/\\\/www.iquilibrio.com\\\/blog\\\/author\\\/raul-vinicius\\\/\"}]}<\/script>\n<!-- \/ Yoast SEO plugin. -->","yoast_head_json":{"title":"Ori, o seu orix\u00e1 pessoal, pela consultora \u00cdris &#x1f49f; - iQuilibrio","robots":{"index":"index","follow":"follow","max-snippet":"max-snippet:-1","max-image-preview":"max-image-preview:large","max-video-preview":"max-video-preview:-1"},"canonical":"https:\/\/www.iquilibrio.com\/blog\/espiritualidade\/umbanda-candomble\/ori-o-seu-orixa-pessoal-pela-consultora-iris-\ud83d\udc9f\/","og_locale":"pt_BR","og_type":"article","og_title":"Ori, o seu orix\u00e1 pessoal, pela consultora \u00cdris &#x1f49f; - iQuilibrio","og_description":"Ori \u00e9 o nosso Orix\u00e1 mais forte, referindo-se \u00e0 nossa intui\u00e7\u00e3o espiritual e ao nosso destino. Assim como outras palavras da religi\u00e3o, \u00e9 uma palavra derivada da l\u00edngua yorub\u00e1, sendo traduzida como &#8216;cabe\u00e7a\u2019 Tamb\u00e9m se refere ao Orix\u00e1 pessoal de cada um. Deste modo, \u00e9 o primeiro Orix\u00e1 a ser louvado, representando a ess\u00eancia particular [&hellip;]","og_url":"https:\/\/www.iquilibrio.com\/blog\/espiritualidade\/umbanda-candomble\/ori-o-seu-orixa-pessoal-pela-consultora-iris-\ud83d\udc9f\/","og_site_name":"iQuilibrio","article_publisher":"https:\/\/www.facebook.com\/iQuilibrio\/","article_published_time":"2023-08-26T10:00:26+00:00","og_image":[{"width":900,"height":560,"url":"https:\/\/www.iquilibrio.com\/blog\/wp-content\/uploads\/2023\/08\/Ori.jpg","type":"image\/jpeg"}],"author":"Arthur Peroni","twitter_card":"summary_large_image","twitter_creator":"@iquilibrio","twitter_site":"@iquilibrio","twitter_misc":{"Escrito por":"Arthur Peroni","Est. tempo de leitura":"5 minutos"},"schema":{"@context":"https:\/\/schema.org","@graph":[{"@type":"Article","@id":"https:\/\/www.iquilibrio.com\/blog\/espiritualidade\/umbanda-candomble\/ori-o-seu-orixa-pessoal-pela-consultora-iris-%f0%9f%92%9f\/#article","isPartOf":{"@id":"https:\/\/www.iquilibrio.com\/blog\/espiritualidade\/umbanda-candomble\/ori-o-seu-orixa-pessoal-pela-consultora-iris-%f0%9f%92%9f\/"},"author":{"name":"Arthur Peroni","@id":"https:\/\/www.iquilibrio.com\/blog\/#\/schema\/person\/21ae990723c2e5a1170c9a06dacb4d3d"},"headline":"Ori, o seu orix\u00e1 pessoal, pela consultora \u00cdris &#x1f49f;","datePublished":"2023-08-26T10:00:26+00:00","mainEntityOfPage":{"@id":"https:\/\/www.iquilibrio.com\/blog\/espiritualidade\/umbanda-candomble\/ori-o-seu-orixa-pessoal-pela-consultora-iris-%f0%9f%92%9f\/"},"wordCount":799,"publisher":{"@id":"https:\/\/www.iquilibrio.com\/blog\/#organization"},"image":{"@id":"https:\/\/www.iquilibrio.com\/blog\/espiritualidade\/umbanda-candomble\/ori-o-seu-orixa-pessoal-pela-consultora-iris-%f0%9f%92%9f\/#primaryimage"},"thumbnailUrl":"https:\/\/www.iquilibrio.com\/blog\/wp-content\/uploads\/2023\/08\/Ori.jpg","articleSection":["Umbanda e Candombl\u00e9"],"inLanguage":"pt-BR"},{"@type":"WebPage","@id":"https:\/\/www.iquilibrio.com\/blog\/espiritualidade\/umbanda-candomble\/ori-o-seu-orixa-pessoal-pela-consultora-iris-%f0%9f%92%9f\/","url":"https:\/\/www.iquilibrio.com\/blog\/espiritualidade\/umbanda-candomble\/ori-o-seu-orixa-pessoal-pela-consultora-iris-%f0%9f%92%9f\/","name":"Ori, o seu orix\u00e1 pessoal, pela consultora \u00cdris &#x1f49f; - iQuilibrio","isPartOf":{"@id":"https:\/\/www.iquilibrio.com\/blog\/#website"},"primaryImageOfPage":{"@id":"https:\/\/www.iquilibrio.com\/blog\/espiritualidade\/umbanda-candomble\/ori-o-seu-orixa-pessoal-pela-consultora-iris-%f0%9f%92%9f\/#primaryimage"},"image":{"@id":"https:\/\/www.iquilibrio.com\/blog\/espiritualidade\/umbanda-candomble\/ori-o-seu-orixa-pessoal-pela-consultora-iris-%f0%9f%92%9f\/#primaryimage"},"thumbnailUrl":"https:\/\/www.iquilibrio.com\/blog\/wp-content\/uploads\/2023\/08\/Ori.jpg","datePublished":"2023-08-26T10:00:26+00:00","breadcrumb":{"@id":"https:\/\/www.iquilibrio.com\/blog\/espiritualidade\/umbanda-candomble\/ori-o-seu-orixa-pessoal-pela-consultora-iris-%f0%9f%92%9f\/#breadcrumb"},"inLanguage":"pt-BR","potentialAction":[{"@type":"ReadAction","target":["https:\/\/www.iquilibrio.com\/blog\/espiritualidade\/umbanda-candomble\/ori-o-seu-orixa-pessoal-pela-consultora-iris-%f0%9f%92%9f\/"]}]},{"@type":"ImageObject","inLanguage":"pt-BR","@id":"https:\/\/www.iquilibrio.com\/blog\/espiritualidade\/umbanda-candomble\/ori-o-seu-orixa-pessoal-pela-consultora-iris-%f0%9f%92%9f\/#primaryimage","url":"https:\/\/www.iquilibrio.com\/blog\/wp-content\/uploads\/2023\/08\/Ori.jpg","contentUrl":"https:\/\/www.iquilibrio.com\/blog\/wp-content\/uploads\/2023\/08\/Ori.jpg","width":900,"height":560},{"@type":"BreadcrumbList","@id":"https:\/\/www.iquilibrio.com\/blog\/espiritualidade\/umbanda-candomble\/ori-o-seu-orixa-pessoal-pela-consultora-iris-%f0%9f%92%9f\/#breadcrumb","itemListElement":[{"@type":"ListItem","position":1,"name":"In\u00edcio","item":"https:\/\/www.iquilibrio.com\/blog\/"},{"@type":"ListItem","position":2,"name":"Ori, o seu orix\u00e1 pessoal, pela consultora \u00cdris &#x1f49f;"}]},{"@type":"WebSite","@id":"https:\/\/www.iquilibrio.com\/blog\/#website","url":"https:\/\/www.iquilibrio.com\/blog\/","name":"iQuilibrio","description":"Blog iQuilibrio","publisher":{"@id":"https:\/\/www.iquilibrio.com\/blog\/#organization"},"potentialAction":[{"@type":"SearchAction","target":{"@type":"EntryPoint","urlTemplate":"https:\/\/www.iquilibrio.com\/blog\/?s={search_term_string}"},"query-input":{"@type":"PropertyValueSpecification","valueRequired":true,"valueName":"search_term_string"}}],"inLanguage":"pt-BR"},{"@type":"Organization","@id":"https:\/\/www.iquilibrio.com\/blog\/#organization","name":"Esoterismo, Misticismo e Tarot Online - iQuilibrio","url":"https:\/\/www.iquilibrio.com\/blog\/","logo":{"@type":"ImageObject","inLanguage":"pt-BR","@id":"https:\/\/www.iquilibrio.com\/blog\/#\/schema\/logo\/image\/","url":"https:\/\/www.iquilibrio.com\/blog\/wp-content\/uploads\/2018\/12\/iquilibrio_lovo_vetor_preto-retina.png","contentUrl":"https:\/\/www.iquilibrio.com\/blog\/wp-content\/uploads\/2018\/12\/iquilibrio_lovo_vetor_preto-retina.png","width":972,"height":180,"caption":"Esoterismo, Misticismo e Tarot Online - iQuilibrio"},"image":{"@id":"https:\/\/www.iquilibrio.com\/blog\/#\/schema\/logo\/image\/"},"sameAs":["https:\/\/www.facebook.com\/iQuilibrio\/","https:\/\/x.com\/iquilibrio","https:\/\/www.instagram.com\/iquilibrio\/","https:\/\/www.linkedin.com\/company\/iquilibrio\/","https:\/\/br.pinterest.com\/iquilibrio1397\/","https:\/\/www.youtube.com\/channel\/UC175qxd-4Zsi4wzawT5zF2g"]},{"@type":"Person","@id":"https:\/\/www.iquilibrio.com\/blog\/#\/schema\/person\/21ae990723c2e5a1170c9a06dacb4d3d","name":"Arthur Peroni","image":{"@type":"ImageObject","inLanguage":"pt-BR","@id":"https:\/\/www.iquilibrio.com\/blog\/wp-content\/uploads\/2023\/04\/Arthur-Peroni-150x150.jpg","url":"https:\/\/www.iquilibrio.com\/blog\/wp-content\/uploads\/2023\/04\/Arthur-Peroni-150x150.jpg","contentUrl":"https:\/\/www.iquilibrio.com\/blog\/wp-content\/uploads\/2023\/04\/Arthur-Peroni-150x150.jpg","caption":"Arthur Peroni"},"description":"Arthur Peroni escreve sobre a vida, o universo e tudo mais. Amante da literatura m\u00edstica, e fic\u00e7\u00e3o, descobriu sua carreira de redator gra\u00e7as ao h\u00e1bito de leitura constante sobre fantasia e drama. Nas horas vagas, gosta de cozinhar, ler e ver filmes antigos. J\u00e1 trabalhou com, comunica\u00e7\u00e3o social, massoterapia, terapias hol\u00edsticas e design de interiores. Atualmente trabalha como redator SEO e se entusiasma com tudo o que \u00e9 esot\u00e9rico. Gosta de discutir sobre assuntos complexos e instigantes, e v\u00ea na escrita uma oportunidade de aprender e criar todos os dias, mentalmente e espiritualmente.","url":"https:\/\/www.iquilibrio.com\/blog\/author\/raul-vinicius\/"}]}},"_links":{"self":[{"href":"https:\/\/www.iquilibrio.com\/blog\/wp-json\/wp\/v2\/posts\/39480","targetHints":{"allow":["GET"]}}],"collection":[{"href":"https:\/\/www.iquilibrio.com\/blog\/wp-json\/wp\/v2\/posts"}],"about":[{"href":"https:\/\/www.iquilibrio.com\/blog\/wp-json\/wp\/v2\/types\/post"}],"author":[{"embeddable":true,"href":"https:\/\/www.iquilibrio.com\/blog\/wp-json\/wp\/v2\/users\/158"}],"replies":[{"embeddable":true,"href":"https:\/\/www.iquilibrio.com\/blog\/wp-json\/wp\/v2\/comments?post=39480"}],"version-history":[{"count":1,"href":"https:\/\/www.iquilibrio.com\/blog\/wp-json\/wp\/v2\/posts\/39480\/revisions"}],"predecessor-version":[{"id":39482,"href":"https:\/\/www.iquilibrio.com\/blog\/wp-json\/wp\/v2\/posts\/39480\/revisions\/39482"}],"wp:featuredmedia":[{"embeddable":true,"href":"https:\/\/www.iquilibrio.com\/blog\/wp-json\/wp\/v2\/media\/39484"}],"wp:attachment":[{"href":"https:\/\/www.iquilibrio.com\/blog\/wp-json\/wp\/v2\/media?parent=39480"}],"wp:term":[{"taxonomy":"category","embeddable":true,"href":"https:\/\/www.iquilibrio.com\/blog\/wp-json\/wp\/v2\/categories?post=39480"},{"taxonomy":"post_tag","embeddable":true,"href":"https:\/\/www.iquilibrio.com\/blog\/wp-json\/wp\/v2\/tags?post=39480"}],"curies":[{"name":"wp","href":"https:\/\/api.w.org\/{rel}","templated":true}]}}