{"id":39429,"date":"2023-08-18T12:33:42","date_gmt":"2023-08-18T15:33:42","guid":{"rendered":"https:\/\/www.iquilibrio.com\/blog\/?p=39429"},"modified":"2023-08-18T12:33:42","modified_gmt":"2023-08-18T15:33:42","slug":"horoscopo-semanal-de-21-a-27-de-agosto-pela-astrologa-manu-koetz","status":"publish","type":"post","link":"https:\/\/www.iquilibrio.com\/blog\/astrologia\/horoscopo-semanal\/horoscopo-semanal-de-21-a-27-de-agosto-pela-astrologa-manu-koetz\/","title":{"rendered":"Hor\u00f3scopo semanal de 21 a 27 de Agosto, pela astr\u00f3loga Manu Koetz"},"content":{"rendered":"<h3><span id=\"Saiba_como_se_preparar_para_essa_semana_com_base_nas_energias_que_estao_por_vir_com_Manu_Koetzx2728\">Saiba como se preparar para essa semana com base nas energias que est\u00e3o por vir com Manu Koetz&#x2728;<\/span><\/h3>\n<p>A semana come\u00e7ou e voc\u00ea j\u00e1 pode se preparar para o que vem pela frente, porque o hor\u00f3scopo semanal est\u00e1 no ar! Arraste para baixo e veja quais s\u00e3o as energias e potenciais dessa semana de 21 a 27 de Agosto para o seu signo!<\/p>\n<h3><span id=\"Aries_2103_2004_x2648\"><span id=\"Aries_2103_8211_2004_x2648\">\u00c1ries\u00a0 (21\/03 \u2013 20\/04) &#x2648;<\/span><\/span><\/h3>\n<p>Ap\u00f3s um per\u00edodo de divertimento, em que sua energia esteve voltada para fora, voc\u00ea parece estar decidida a vasculhar aquele velho arm\u00e1rio. Isso porque o confronto de Sol e Saturno podem trazer alguns questionamentos internos, levando voc\u00ea a fazer alguns ajustes, aperfei\u00e7oar seu trabalho e rotina de forma geral.<\/p>\n<p>Aproveite esse momento para dar aten\u00e7\u00e3o para a sa\u00fade espiritual e ps\u00edquica. Especialmente porque h\u00e1 uma necessidade emocional de mergulhar em si mesma. Algumas mudan\u00e7as inesperadas em sua vida financeira podem surgir, trazendo desafios, mas tamb\u00e9m oportunidades para reavaliar seus valores e recursos pessoais.<\/p>\n<h3><span id=\"Touro_2104_2005_x2649\"><span id=\"Touro_2104_8211_2005_x2649\">Touro\u00a0 (21\/04 \u2013 20\/05) &#x2649;<\/span><\/span><\/h3>\n<p><span style=\"font-weight: 400;\">Voc\u00ea passa por um momento em que pode encontrar certa dificuldade em conciliar quest\u00f5es familiares com suas responsabilidades e compromissos sociais. E \u00e9 bem poss\u00edvel que isso tenha lhe levado a examinar o papel que ocupa em seu meio social. Entendendo o que de fato lhe satisfaz e contribui para sua felicidade, elimina aquilo que n\u00e3o est\u00e1 alinhado \u00e0s suas necessidades.<\/span><\/p>\n<p><span style=\"font-weight: 400;\">Por outro lado, suas emo\u00e7\u00f5es parecem ancoradas na din\u00e2mica de suas rela\u00e7\u00f5es afetivas. Isso porque ao mesmo tempo que busca por profundidade quer preservar sua independ\u00eancia e autenticidade.<\/span><\/p>\n<h3><span id=\"Gemeos_2105_2006_x264a\"><span id=\"Gemeos_2105_8211_2006_x264a\">G\u00eameos\u00a0 (21\/05 \u2013 20\/06) &#x264a;<\/span><\/span><\/h3>\n<p><span style=\"font-weight: 400;\">\u00c9 bem prov\u00e1vel que voc\u00ea esteja enfrentando um dilema entre sua carreira e seu ambiente social. \u00c9 como se as responsabilidades e suas aspira\u00e7\u00f5es profissionais fossem desafiadas. Voc\u00ea passa a questionar os seus rumos. Torna-se mais sens\u00edvel a criticas e pode sentir-se sobrecarregada. Adicione a isso, o fato de voc\u00ea andar ocupada demais com as trocas intelectuais e conv\u00edvio social.<\/span><\/p>\n<p><span style=\"font-weight: 400;\">Nos dias que seguem, a tend\u00eancia \u00e9 que suas aten\u00e7\u00f5es se voltem para o ambiente dom\u00e9stico e \u00edntimo. Sua sa\u00fade e rotina tamb\u00e9m est\u00e3o destacadas. E voc\u00ea percebe que \u00e9 ao aperfei\u00e7oar essas \u00e1reas de sua vida que adquire a seguran\u00e7a e conforto emocional que necessita.<\/span><\/p>\n<h3><span id=\"Cancer_2106_2207_x264b\"><span id=\"Cancer_2106_8211_2207_x264b\">C\u00e2ncer\u00a0 (21\/06 \u2013 22\/07) &#x264b;<\/span><\/span><\/h3>\n<p><span style=\"font-weight: 400;\">As suas finan\u00e7as, valores pessoais e autoestima andaram ocupando sua mente nas \u00faltimas semanas. Mas nos pr\u00f3ximos dias, voc\u00ea entrar\u00e1 em um per\u00edodo onde buscar\u00e1 por intera\u00e7\u00e3o social e novos aprendizados. Voc\u00ea parece estar mais inclinada a aprender coisas novas, estabelecer trocas intelectuais construtivas e dinamizar seu conv\u00edvio social, podendo inclusive acontecer algumas viagens curtas.<\/span><\/p>\n<p><span style=\"font-weight: 400;\">Entretanto, com Saturno transitando pelo setor que fala sobre expans\u00e3o da mente, seus ideais parecem estar elevados. Voc\u00ea tende a questionar o significado de seu trabalho, a forma como leva a vida e buscar por algo maior. \u00c9 um per\u00edodo em que suas emo\u00e7\u00f5es est\u00e3o conectadas \u00e0s suas cria\u00e7\u00f5es e forma como se expressa no mundo.<\/span><\/p>\n<h3><span id=\"Leao_2307_2208_x264c\"><span id=\"Leao_2307_8211_2208_x264c\">Le\u00e3o\u00a0 (23\/07 \u2013 22\/08) &#x264c;<\/span><\/span><\/h3>\n<p><span style=\"font-weight: 400;\">Voc\u00ea passou por um per\u00edodo em que buscou afirmar a sua individualidade para o mundo. E nos pr\u00f3ximos dias, voc\u00ea ser\u00e1 conduzida a avaliar os seus recursos e valores pessoais. \u00c9 poss\u00edvel que alguns desafios tragam questionamentos profundos que trar\u00e3o transforma\u00e7\u00f5es interiores significativas. E com as emo\u00e7\u00f5es intensificadas, podem surgir alguns contratempos entre o seu meio familiar e a sua profiss\u00e3o. Sua carreira segue em expans\u00e3o. <\/span><\/p>\n<p><span style=\"font-weight: 400;\">E com o gigante J\u00fapiter e o disruptivo Urano ainda transitando neste setor, a busca por novas oportunidades profissionais e a ado\u00e7\u00e3o de uma abordagem mais inovadora e \u00fanica estar\u00e1 facilitada.<\/span><\/p>\n<h3><span id=\"Virgem_2308-_2209_x264d\">Virgem\u00a0 (23\/08- 22\/09) &#x264d;<\/span><\/h3>\n<p><span style=\"font-weight: 400;\">\u00c9 bem prov\u00e1vel que ap\u00f3s um per\u00edodo de introspec\u00e7\u00e3o e conex\u00e3o com o que h\u00e1 de mais profundo, voc\u00ea se perceba claramente entrando em um novo momento. Muito mais confiante e segura de si. Entretanto, este \u00e9 um per\u00edodo que lhe desafiar\u00e1 a encontrar equil\u00edbrio entre suas necessidades pessoais e as demandas dos outros. Suas emo\u00e7\u00f5es estar\u00e3o intensificadas, especialmente em rela\u00e7\u00e3o \u00e0s intera\u00e7\u00f5es cotidianas e \u00e9 poss\u00edvel que se veja buscando profundidade em suas trocas intelectuais.<\/span><\/p>\n<p><span style=\"font-weight: 400;\">No entanto, enquanto busca aprofundar-se em seus pensamentos, tamb\u00e9m sentir\u00e1 um impulso de expandir seus horizontes atrav\u00e9s de novas perspectivas e possivelmente at\u00e9 viagens. Esse tr\u00e2nsito pode lev\u00e1-lo a buscar conhecimento e experi\u00eancias que ampliar\u00e3o seus horizontes.<\/span><\/p>\n<h3><span id=\"Libra_2309_2210_x264e\"><span id=\"Libra_2309_8211_2210_x264e\">Libra (23\/09 \u2013 22\/10) &#x264e;<\/span><\/span><\/h3>\n<p><span style=\"font-weight: 400;\">Suas amizades, grupos sociais e aspira\u00e7\u00f5es pessoais ocuparam sua mente nas \u00faltimas semanas. Mas nos pr\u00f3ximos dias voc\u00ea ser\u00e1 convidada a olhar para dentro, abaixo da superf\u00edcie e para o que h\u00e1 de mais profundo em voc\u00ea. Com Saturno transitando pelo setor de sua vida que fala sobre h\u00e1bitos, rotina e trabalho, aquilo que foi negligenciado ou desconsiderado anteriormente agora passa por uma inspe\u00e7\u00e3o.<\/span><\/p>\n<p><span style=\"font-weight: 400;\">Voc\u00ea passa a refletir sobre como pode administrar melhor sua vida. Suas emo\u00e7\u00f5es estar\u00e3o voltadas para as quest\u00f5es de seguran\u00e7a material e autoestima e \u00e9 poss\u00edvel que experimente alguns eventos que lhe trar\u00e3o transforma\u00e7\u00f5es importantes. Esse \u00e9 um momento que pode receber algum tipo de benef\u00edcio (heran\u00e7a, bens, recursos) vindo de outras pessoas que n\u00e3o espera.<\/span><\/p>\n<h3><span id=\"Escorpiao_2310_2111_x264f\"><span id=\"Escorpiao_2310_8211_2111_x264f\">Escorpi\u00e3o\u00a0 (23\/10 \u2013 21\/11) &#x264f;<\/span><\/span><\/h3>\n<p><span style=\"font-weight: 400;\">Voc\u00ea passou por semanas onde seus esfor\u00e7os pareciam direcionados para a obten\u00e7\u00e3o de reconhecimento\u00a0 e visibilidade em sua carreira. Nos pr\u00f3ximos dias voc\u00ea entra em um novo momento, onde experimentar\u00e1 uma maior necessidade de estar entre grupos e dinamizar o seu meio social. Mas com o tr\u00e2nsito de Saturno pelo setor da sua vida relacionado ao prazer, \u00e9 poss\u00edvel que ainda sinta suas responsabilidades profissionais conflitando com tudo que se refere \u00e0 divers\u00e3o e prazer.<\/span><\/p>\n<p><span style=\"font-weight: 400;\">\u00c9 poss\u00edvel que sinta-se mais porosa, com as emo\u00e7\u00f5es intensificadas. Voc\u00ea tende a agir por impulso, porque afeta e \u00e9 afetada pelos meios que circulam. <\/span><\/p>\n<h3><span id=\"Sagitario_2211_2112_x2650\"><span id=\"Sagitario_2211_8211_2112_x2650\">Sagit\u00e1rio\u00a0 (22\/11 \u2013 21\/12) &#x2650;<\/span><\/span><\/h3>\n<p><span style=\"font-weight: 400;\">O desejo intenso de explorar novos horizontes e compreender quest\u00f5es mais amplas foram a tem\u00e1tica central dos dias que passaram. E agora, \u00e9 poss\u00edvel que perceba sua carreira dinamizada, ganhando destaque ou algum tipo de reconhecimento. Entretanto, com os holofotes direcionados para esse setor e Saturno transitando pelo seu ambiente dom\u00e9stico, alguns desafios entre sua profiss\u00e3o e vida \u00edntima s\u00e3o esperados. Mas tenha em mente que ser\u00e1 fundamental para que fa\u00e7a algum tipo de limpeza interior. O posicionamento da Lua aponta para a necessidade de introspec\u00e7\u00e3o. Saiba que \u00e9 no silenciar e na conex\u00e3o profunda consigo mesma que encontrar\u00e1 a seguran\u00e7a emocional que necessita.<\/span><\/p>\n<h3><span id=\"Capricornio_2212_2001_x2651\"><span id=\"Capricornio_2212_8211_2001_x2651\">Capric\u00f3rnio\u00a0 (22\/12 \u2013 20\/01) &#x2651;<\/span><\/span><\/h3>\n<p><span style=\"font-weight: 400;\">Ap\u00f3s um per\u00edodo mais introspectivo e investigativo onde voc\u00ea possivelmente passou por algum tipo de transforma\u00e7\u00e3o, prepare-se para entrar em um novo momento. Voc\u00ea estar\u00e1 mais expansiva, seus impulsos estar\u00e3o mais direcionados para novas experi\u00eancias, aventuras, adquirir conhecimento superior, ampliar sua mente em um sentido mais filos\u00f3fico.<\/span><\/p>\n<p><span style=\"font-weight: 400;\">Entretanto, espere por alguns desafios no que se refere \u00e0 comunica\u00e7\u00e3o. \u00c9 poss\u00edvel que sinta algum tipo de sobrecarga e cansa\u00e7o mental. Voc\u00ea passar\u00e1 por dias em que encontrar\u00e1 o conforto emocional que necessita em seu c\u00edrculo de amizade e grupos sociais que faz parte.<\/span><\/p>\n<h3><span id=\"Aquario_2101_1902_x2652\"><span id=\"Aquario_2101_8211_1902_x2652\">Aqu\u00e1rio\u00a0 (21\/01 \u2013 19\/02) &#x2652;<\/span><\/span><\/h3>\n<p><span style=\"font-weight: 400;\">Voc\u00ea passou por semanas onde os relacionamentos e as parcerias estiveram enfatizados. E agora, voc\u00ea entra em um per\u00edodo de transforma\u00e7\u00e3o profunda e crescimento pessoal. \u00c9 poss\u00edvel que experimente algumas situa\u00e7\u00f5es que desafiar\u00e3o sua seguran\u00e7a material e valores pessoais, especialmente porque Saturno transita neste setor de sua vida.<\/span><\/p>\n<p><span style=\"font-weight: 400;\">\u00c0 medida que ele avan\u00e7a, voc\u00ea adquire maior clareza sobre si e consegue compreender exatamente o que o impediu de alcan\u00e7ar os resultados desejados. Al\u00e9m disso, nos pr\u00f3ximos dias suas emo\u00e7\u00f5es estar\u00e3o voltadas para quest\u00f5es que envolvem a carreira, status e reconhecimento p\u00fablico.<\/span><\/p>\n<h3><span id=\"Peixes_2002_2003_x2653\"><span id=\"Peixes_2002_8211_2003_x2653\">Peixes\u00a0 (20\/02 \u2013 20\/03) &#x2653;<\/span><\/span><\/h3>\n<p><span style=\"font-weight: 400;\">O seu trabalho, rotina e sa\u00fade estiveram dinamizados nas \u00faltimas semanas. Voc\u00ea possivelmente dedicou seu tempo para aprimorar-se e cuidar de detalhes negligenciados anteriormente. Agora seus impulsos estar\u00e3o direcionados para suas parcerias e rela\u00e7\u00f5es afetivas. E com Saturno transitando pelo setor de sua vida relacionado \u00e0 identidade, espere por alguns desafios pessoais. Mas tenha em mente que ser\u00e3o fundamentais para arrancar aquilo que \u00e9 superficial e estruturar o \u201ceu\u201d para uma identidade mais realista e confiante de si. Suas emo\u00e7\u00f5es estar\u00e3o intimamente ligadas \u00e0s experi\u00eancias deste per\u00edodo. E \u00e9 bem poss\u00edvel que passe por dias mais filos\u00f3ficos e reflexivos acerca dos significados das coisas.<\/span><\/p>\n<hr \/>\n<p><img loading=\"lazy\" decoding=\"async\" class=\"wp-image-39273 size-thumbnail alignleft td-animation-stack-type0-2\" src=\"https:\/\/www.iquilibrio.com\/blog\/wp-content\/uploads\/2023\/07\/Manuela-150x150.png\" sizes=\"auto, (max-width: 150px) 100vw, 150px\" srcset=\"https:\/\/www.iquilibrio.com\/blog\/wp-content\/uploads\/2023\/07\/Manuela-150x150.png 150w, https:\/\/www.iquilibrio.com\/blog\/wp-content\/uploads\/2023\/07\/Manuela.png 300w\" alt=\"\" width=\"150\" height=\"150\" \/><\/p>\n<p>Ap\u00f3s 20 anos de experi\u00eancia como executiva de marketing em empresas multinacionais, Manu Koetz percebeu que as atividades que vinha desempenhando n\u00e3o estavam alinhadas com aquilo que era fundamental para ela. No entanto, ela n\u00e3o sabia ao certo o que realmente era essencial.<\/p>\n<p>Foi necess\u00e1rio fazer uma pausa e refletir sobre sua trajet\u00f3ria. E foi olhando para o c\u00e9u que encontrou a orienta\u00e7\u00e3o que buscava. Ao observar a conjun\u00e7\u00e3o de Plut\u00e3o com o Sol em seu mapa, tomou consci\u00eancia de que ambientes superficiais eram limitantes demais para ela. Percebeu que \u00e9 na profundidade e no oculto que seus maiores talentos s\u00e3o revelados.<\/p>\n<p>Ainda n\u00e3o \u00e9 poss\u00edvel determinar se Manu encontrou a Astrologia ou se foi a Astrologia que a encontrou. No entanto, o que ela sabe \u00e9 que, desde que come\u00e7ou a observar o c\u00e9u, tornou-se imposs\u00edvel n\u00e3o se ver mais. Hoje, ela compreende que todos n\u00f3s somos feitos da\u00a0mesma\u00a0mat\u00e9ria.<\/p>\n<hr \/>\n<p>Esperamos que os tr\u00e2nsitos astrol\u00f3gicos tragam boas vindas de alegria e for\u00e7a nesta nova semana. E para ter um maior aprofundamento nas mensagens, consulte o mapa astrol\u00f3gico aqui no blog&#x2764;&#xfe0f;<\/p>\n<p style=\"text-align: center;\"><a href=\"https:\/\/www.iquilibrio.com\/astrologia\/mapa-astral\/transito-astrologico\/\" target=\"_blank\" rel=\"noopener\"><span class=\"td_btn td_btn_md td_round_btn\"><b>Saiba as previs\u00f5es de acontecimentos a partir das influencias do C\u00e9u no seu nascimento! Fa\u00e7a seu mapa de tr\u00e2nsitos astrol\u00f3gicos<\/b><\/span><\/a><\/p>\n\n\n<div class=\"kk-star-ratings kksr-auto kksr-align-left kksr-valign-bottom\"\n    data-payload='{&quot;align&quot;:&quot;left&quot;,&quot;id&quot;:&quot;39429&quot;,&quot;slug&quot;:&quot;default&quot;,&quot;valign&quot;:&quot;bottom&quot;,&quot;ignore&quot;:&quot;&quot;,&quot;reference&quot;:&quot;auto&quot;,&quot;class&quot;:&quot;&quot;,&quot;count&quot;:&quot;0&quot;,&quot;legendonly&quot;:&quot;&quot;,&quot;readonly&quot;:&quot;&quot;,&quot;score&quot;:&quot;0&quot;,&quot;starsonly&quot;:&quot;&quot;,&quot;best&quot;:&quot;5&quot;,&quot;gap&quot;:&quot;5&quot;,&quot;greet&quot;:&quot;Rate this post&quot;,&quot;legend&quot;:&quot;0\\\/5 - (0 voto)&quot;,&quot;size&quot;:&quot;24&quot;,&quot;title&quot;:&quot;Hor\u00f3scopo semanal de 21 a 27 de Agosto, pela astr\u00f3loga Manu Koetz&quot;,&quot;width&quot;:&quot;0&quot;,&quot;_legend&quot;:&quot;{score}\\\/{best} - ({count} {votes})&quot;,&quot;font_factor&quot;:&quot;1.25&quot;}'>\n            \n<div class=\"kksr-stars\">\n    \n<div class=\"kksr-stars-inactive\">\n            <div class=\"kksr-star\" data-star=\"1\" style=\"padding-right: 5px\">\n            \n\n<div class=\"kksr-icon\" style=\"width: 24px; height: 24px;\"><\/div>\n        <\/div>\n            <div class=\"kksr-star\" data-star=\"2\" style=\"padding-right: 5px\">\n            \n\n<div class=\"kksr-icon\" style=\"width: 24px; height: 24px;\"><\/div>\n        <\/div>\n            <div class=\"kksr-star\" data-star=\"3\" style=\"padding-right: 5px\">\n            \n\n<div class=\"kksr-icon\" style=\"width: 24px; height: 24px;\"><\/div>\n        <\/div>\n            <div class=\"kksr-star\" data-star=\"4\" style=\"padding-right: 5px\">\n            \n\n<div class=\"kksr-icon\" style=\"width: 24px; height: 24px;\"><\/div>\n        <\/div>\n            <div class=\"kksr-star\" data-star=\"5\" style=\"padding-right: 5px\">\n            \n\n<div class=\"kksr-icon\" style=\"width: 24px; height: 24px;\"><\/div>\n        <\/div>\n    <\/div>\n    \n<div class=\"kksr-stars-active\" style=\"width: 0px;\">\n            <div class=\"kksr-star\" style=\"padding-right: 5px\">\n            \n\n<div class=\"kksr-icon\" style=\"width: 24px; height: 24px;\"><\/div>\n        <\/div>\n            <div class=\"kksr-star\" style=\"padding-right: 5px\">\n            \n\n<div class=\"kksr-icon\" style=\"width: 24px; height: 24px;\"><\/div>\n        <\/div>\n            <div class=\"kksr-star\" style=\"padding-right: 5px\">\n            \n\n<div class=\"kksr-icon\" style=\"width: 24px; height: 24px;\"><\/div>\n        <\/div>\n            <div class=\"kksr-star\" style=\"padding-right: 5px\">\n            \n\n<div class=\"kksr-icon\" style=\"width: 24px; height: 24px;\"><\/div>\n        <\/div>\n            <div class=\"kksr-star\" style=\"padding-right: 5px\">\n            \n\n<div class=\"kksr-icon\" style=\"width: 24px; height: 24px;\"><\/div>\n        <\/div>\n    <\/div>\n<\/div>\n                \n\n<div class=\"kksr-legend\" style=\"font-size: 19.2px;\">\n            <span class=\"kksr-muted\">Rate this post<\/span>\n    <\/div>\n    <\/div>\n","protected":false},"excerpt":{"rendered":"<p>Saiba como se preparar para essa semana com base nas energias que est\u00e3o por vir com Manu Koetz&#x2728; A semana come\u00e7ou e voc\u00ea j\u00e1 pode se preparar para o que vem pela frente, porque o hor\u00f3scopo semanal est\u00e1 no ar! Arraste para baixo e veja quais s\u00e3o as energias e potenciais dessa semana de 21 [&hellip;]<\/p>\n","protected":false},"author":158,"featured_media":39021,"comment_status":"closed","ping_status":"closed","sticky":false,"template":"","format":"standard","meta":{"footnotes":""},"categories":[4263],"tags":[],"class_list":["post-39429","post","type-post","status-publish","format-standard","has-post-thumbnail","hentry","category-horoscopo-semanal"],"yoast_head":"<!-- This site is optimized with the Yoast SEO plugin v27.4 - https:\/\/yoast.com\/product\/yoast-seo-wordpress\/ -->\n<title>Hor\u00f3scopo semanal de 21 a 27 de Agosto, pela astr\u00f3loga Manu Koetz - iQuilibrio<\/title>\n<meta name=\"robots\" content=\"index, follow, max-snippet:-1, max-image-preview:large, max-video-preview:-1\" \/>\n<link rel=\"canonical\" href=\"https:\/\/www.iquilibrio.com\/blog\/astrologia\/horoscopo-semanal\/horoscopo-semanal-de-21-a-27-de-agosto-pela-astrologa-manu-koetz\/\" \/>\n<meta property=\"og:locale\" content=\"pt_BR\" \/>\n<meta property=\"og:type\" content=\"article\" \/>\n<meta property=\"og:title\" content=\"Hor\u00f3scopo semanal de 21 a 27 de Agosto, pela astr\u00f3loga Manu Koetz - iQuilibrio\" \/>\n<meta property=\"og:description\" content=\"Saiba como se preparar para essa semana com base nas energias que est\u00e3o por vir com Manu Koetz&#x2728; A semana come\u00e7ou e voc\u00ea j\u00e1 pode se preparar para o que vem pela frente, porque o hor\u00f3scopo semanal est\u00e1 no ar! Arraste para baixo e veja quais s\u00e3o as energias e potenciais dessa semana de 21 [&hellip;]\" \/>\n<meta property=\"og:url\" content=\"https:\/\/www.iquilibrio.com\/blog\/astrologia\/horoscopo-semanal\/horoscopo-semanal-de-21-a-27-de-agosto-pela-astrologa-manu-koetz\/\" \/>\n<meta property=\"og:site_name\" content=\"iQuilibrio\" \/>\n<meta property=\"article:publisher\" content=\"https:\/\/www.facebook.com\/iQuilibrio\/\" \/>\n<meta property=\"article:published_time\" content=\"2023-08-18T15:33:42+00:00\" \/>\n<meta property=\"og:image\" content=\"https:\/\/www.iquilibrio.com\/blog\/wp-content\/uploads\/2023\/05\/horoscopo_semanal-iQui-2.jpg\" \/>\n\t<meta property=\"og:image:width\" content=\"900\" \/>\n\t<meta property=\"og:image:height\" content=\"560\" \/>\n\t<meta property=\"og:image:type\" content=\"image\/jpeg\" \/>\n<meta name=\"author\" content=\"Arthur Peroni\" \/>\n<meta name=\"twitter:card\" content=\"summary_large_image\" \/>\n<meta name=\"twitter:creator\" content=\"@iquilibrio\" \/>\n<meta name=\"twitter:site\" content=\"@iquilibrio\" \/>\n<meta name=\"twitter:label1\" content=\"Escrito por\" \/>\n\t<meta name=\"twitter:data1\" content=\"Arthur Peroni\" \/>\n\t<meta name=\"twitter:label2\" content=\"Est. tempo de leitura\" \/>\n\t<meta name=\"twitter:data2\" content=\"9 minutos\" \/>\n<script type=\"application\/ld+json\" class=\"yoast-schema-graph\">{\"@context\":\"https:\\\/\\\/schema.org\",\"@graph\":[{\"@type\":\"Article\",\"@id\":\"https:\\\/\\\/www.iquilibrio.com\\\/blog\\\/astrologia\\\/horoscopo-semanal\\\/horoscopo-semanal-de-21-a-27-de-agosto-pela-astrologa-manu-koetz\\\/#article\",\"isPartOf\":{\"@id\":\"https:\\\/\\\/www.iquilibrio.com\\\/blog\\\/astrologia\\\/horoscopo-semanal\\\/horoscopo-semanal-de-21-a-27-de-agosto-pela-astrologa-manu-koetz\\\/\"},\"author\":{\"name\":\"Arthur Peroni\",\"@id\":\"https:\\\/\\\/www.iquilibrio.com\\\/blog\\\/#\\\/schema\\\/person\\\/21ae990723c2e5a1170c9a06dacb4d3d\"},\"headline\":\"Hor\u00f3scopo semanal de 21 a 27 de Agosto, pela astr\u00f3loga Manu Koetz\",\"datePublished\":\"2023-08-18T15:33:42+00:00\",\"mainEntityOfPage\":{\"@id\":\"https:\\\/\\\/www.iquilibrio.com\\\/blog\\\/astrologia\\\/horoscopo-semanal\\\/horoscopo-semanal-de-21-a-27-de-agosto-pela-astrologa-manu-koetz\\\/\"},\"wordCount\":1674,\"publisher\":{\"@id\":\"https:\\\/\\\/www.iquilibrio.com\\\/blog\\\/#organization\"},\"image\":{\"@id\":\"https:\\\/\\\/www.iquilibrio.com\\\/blog\\\/astrologia\\\/horoscopo-semanal\\\/horoscopo-semanal-de-21-a-27-de-agosto-pela-astrologa-manu-koetz\\\/#primaryimage\"},\"thumbnailUrl\":\"https:\\\/\\\/www.iquilibrio.com\\\/blog\\\/wp-content\\\/uploads\\\/2023\\\/05\\\/horoscopo_semanal-iQui-2.jpg\",\"articleSection\":[\"Hor\u00f3scopo semanal\"],\"inLanguage\":\"pt-BR\"},{\"@type\":\"WebPage\",\"@id\":\"https:\\\/\\\/www.iquilibrio.com\\\/blog\\\/astrologia\\\/horoscopo-semanal\\\/horoscopo-semanal-de-21-a-27-de-agosto-pela-astrologa-manu-koetz\\\/\",\"url\":\"https:\\\/\\\/www.iquilibrio.com\\\/blog\\\/astrologia\\\/horoscopo-semanal\\\/horoscopo-semanal-de-21-a-27-de-agosto-pela-astrologa-manu-koetz\\\/\",\"name\":\"Hor\u00f3scopo semanal de 21 a 27 de Agosto, pela astr\u00f3loga Manu Koetz - iQuilibrio\",\"isPartOf\":{\"@id\":\"https:\\\/\\\/www.iquilibrio.com\\\/blog\\\/#website\"},\"primaryImageOfPage\":{\"@id\":\"https:\\\/\\\/www.iquilibrio.com\\\/blog\\\/astrologia\\\/horoscopo-semanal\\\/horoscopo-semanal-de-21-a-27-de-agosto-pela-astrologa-manu-koetz\\\/#primaryimage\"},\"image\":{\"@id\":\"https:\\\/\\\/www.iquilibrio.com\\\/blog\\\/astrologia\\\/horoscopo-semanal\\\/horoscopo-semanal-de-21-a-27-de-agosto-pela-astrologa-manu-koetz\\\/#primaryimage\"},\"thumbnailUrl\":\"https:\\\/\\\/www.iquilibrio.com\\\/blog\\\/wp-content\\\/uploads\\\/2023\\\/05\\\/horoscopo_semanal-iQui-2.jpg\",\"datePublished\":\"2023-08-18T15:33:42+00:00\",\"breadcrumb\":{\"@id\":\"https:\\\/\\\/www.iquilibrio.com\\\/blog\\\/astrologia\\\/horoscopo-semanal\\\/horoscopo-semanal-de-21-a-27-de-agosto-pela-astrologa-manu-koetz\\\/#breadcrumb\"},\"inLanguage\":\"pt-BR\",\"potentialAction\":[{\"@type\":\"ReadAction\",\"target\":[\"https:\\\/\\\/www.iquilibrio.com\\\/blog\\\/astrologia\\\/horoscopo-semanal\\\/horoscopo-semanal-de-21-a-27-de-agosto-pela-astrologa-manu-koetz\\\/\"]}]},{\"@type\":\"ImageObject\",\"inLanguage\":\"pt-BR\",\"@id\":\"https:\\\/\\\/www.iquilibrio.com\\\/blog\\\/astrologia\\\/horoscopo-semanal\\\/horoscopo-semanal-de-21-a-27-de-agosto-pela-astrologa-manu-koetz\\\/#primaryimage\",\"url\":\"https:\\\/\\\/www.iquilibrio.com\\\/blog\\\/wp-content\\\/uploads\\\/2023\\\/05\\\/horoscopo_semanal-iQui-2.jpg\",\"contentUrl\":\"https:\\\/\\\/www.iquilibrio.com\\\/blog\\\/wp-content\\\/uploads\\\/2023\\\/05\\\/horoscopo_semanal-iQui-2.jpg\",\"width\":900,\"height\":560},{\"@type\":\"BreadcrumbList\",\"@id\":\"https:\\\/\\\/www.iquilibrio.com\\\/blog\\\/astrologia\\\/horoscopo-semanal\\\/horoscopo-semanal-de-21-a-27-de-agosto-pela-astrologa-manu-koetz\\\/#breadcrumb\",\"itemListElement\":[{\"@type\":\"ListItem\",\"position\":1,\"name\":\"In\u00edcio\",\"item\":\"https:\\\/\\\/www.iquilibrio.com\\\/blog\\\/\"},{\"@type\":\"ListItem\",\"position\":2,\"name\":\"Hor\u00f3scopo semanal de 21 a 27 de Agosto, pela astr\u00f3loga Manu Koetz\"}]},{\"@type\":\"WebSite\",\"@id\":\"https:\\\/\\\/www.iquilibrio.com\\\/blog\\\/#website\",\"url\":\"https:\\\/\\\/www.iquilibrio.com\\\/blog\\\/\",\"name\":\"iQuilibrio\",\"description\":\"Blog iQuilibrio\",\"publisher\":{\"@id\":\"https:\\\/\\\/www.iquilibrio.com\\\/blog\\\/#organization\"},\"potentialAction\":[{\"@type\":\"SearchAction\",\"target\":{\"@type\":\"EntryPoint\",\"urlTemplate\":\"https:\\\/\\\/www.iquilibrio.com\\\/blog\\\/?s={search_term_string}\"},\"query-input\":{\"@type\":\"PropertyValueSpecification\",\"valueRequired\":true,\"valueName\":\"search_term_string\"}}],\"inLanguage\":\"pt-BR\"},{\"@type\":\"Organization\",\"@id\":\"https:\\\/\\\/www.iquilibrio.com\\\/blog\\\/#organization\",\"name\":\"Esoterismo, Misticismo e Tarot Online - iQuilibrio\",\"url\":\"https:\\\/\\\/www.iquilibrio.com\\\/blog\\\/\",\"logo\":{\"@type\":\"ImageObject\",\"inLanguage\":\"pt-BR\",\"@id\":\"https:\\\/\\\/www.iquilibrio.com\\\/blog\\\/#\\\/schema\\\/logo\\\/image\\\/\",\"url\":\"https:\\\/\\\/www.iquilibrio.com\\\/blog\\\/wp-content\\\/uploads\\\/2018\\\/12\\\/iquilibrio_lovo_vetor_preto-retina.png\",\"contentUrl\":\"https:\\\/\\\/www.iquilibrio.com\\\/blog\\\/wp-content\\\/uploads\\\/2018\\\/12\\\/iquilibrio_lovo_vetor_preto-retina.png\",\"width\":972,\"height\":180,\"caption\":\"Esoterismo, Misticismo e Tarot Online - iQuilibrio\"},\"image\":{\"@id\":\"https:\\\/\\\/www.iquilibrio.com\\\/blog\\\/#\\\/schema\\\/logo\\\/image\\\/\"},\"sameAs\":[\"https:\\\/\\\/www.facebook.com\\\/iQuilibrio\\\/\",\"https:\\\/\\\/x.com\\\/iquilibrio\",\"https:\\\/\\\/www.instagram.com\\\/iquilibrio\\\/\",\"https:\\\/\\\/www.linkedin.com\\\/company\\\/iquilibrio\\\/\",\"https:\\\/\\\/br.pinterest.com\\\/iquilibrio1397\\\/\",\"https:\\\/\\\/www.youtube.com\\\/channel\\\/UC175qxd-4Zsi4wzawT5zF2g\"]},{\"@type\":\"Person\",\"@id\":\"https:\\\/\\\/www.iquilibrio.com\\\/blog\\\/#\\\/schema\\\/person\\\/21ae990723c2e5a1170c9a06dacb4d3d\",\"name\":\"Arthur Peroni\",\"image\":{\"@type\":\"ImageObject\",\"inLanguage\":\"pt-BR\",\"@id\":\"https:\\\/\\\/www.iquilibrio.com\\\/blog\\\/wp-content\\\/uploads\\\/2023\\\/04\\\/Arthur-Peroni-150x150.jpg\",\"url\":\"https:\\\/\\\/www.iquilibrio.com\\\/blog\\\/wp-content\\\/uploads\\\/2023\\\/04\\\/Arthur-Peroni-150x150.jpg\",\"contentUrl\":\"https:\\\/\\\/www.iquilibrio.com\\\/blog\\\/wp-content\\\/uploads\\\/2023\\\/04\\\/Arthur-Peroni-150x150.jpg\",\"caption\":\"Arthur Peroni\"},\"description\":\"Arthur Peroni escreve sobre a vida, o universo e tudo mais. Amante da literatura m\u00edstica, e fic\u00e7\u00e3o, descobriu sua carreira de redator gra\u00e7as ao h\u00e1bito de leitura constante sobre fantasia e drama. Nas horas vagas, gosta de cozinhar, ler e ver filmes antigos. J\u00e1 trabalhou com, comunica\u00e7\u00e3o social, massoterapia, terapias hol\u00edsticas e design de interiores. Atualmente trabalha como redator SEO e se entusiasma com tudo o que \u00e9 esot\u00e9rico. Gosta de discutir sobre assuntos complexos e instigantes, e v\u00ea na escrita uma oportunidade de aprender e criar todos os dias, mentalmente e espiritualmente.\",\"url\":\"https:\\\/\\\/www.iquilibrio.com\\\/blog\\\/author\\\/raul-vinicius\\\/\"}]}<\/script>\n<!-- \/ Yoast SEO plugin. -->","yoast_head_json":{"title":"Hor\u00f3scopo semanal de 21 a 27 de Agosto, pela astr\u00f3loga Manu Koetz - iQuilibrio","robots":{"index":"index","follow":"follow","max-snippet":"max-snippet:-1","max-image-preview":"max-image-preview:large","max-video-preview":"max-video-preview:-1"},"canonical":"https:\/\/www.iquilibrio.com\/blog\/astrologia\/horoscopo-semanal\/horoscopo-semanal-de-21-a-27-de-agosto-pela-astrologa-manu-koetz\/","og_locale":"pt_BR","og_type":"article","og_title":"Hor\u00f3scopo semanal de 21 a 27 de Agosto, pela astr\u00f3loga Manu Koetz - iQuilibrio","og_description":"Saiba como se preparar para essa semana com base nas energias que est\u00e3o por vir com Manu Koetz&#x2728; A semana come\u00e7ou e voc\u00ea j\u00e1 pode se preparar para o que vem pela frente, porque o hor\u00f3scopo semanal est\u00e1 no ar! Arraste para baixo e veja quais s\u00e3o as energias e potenciais dessa semana de 21 [&hellip;]","og_url":"https:\/\/www.iquilibrio.com\/blog\/astrologia\/horoscopo-semanal\/horoscopo-semanal-de-21-a-27-de-agosto-pela-astrologa-manu-koetz\/","og_site_name":"iQuilibrio","article_publisher":"https:\/\/www.facebook.com\/iQuilibrio\/","article_published_time":"2023-08-18T15:33:42+00:00","og_image":[{"width":900,"height":560,"url":"https:\/\/www.iquilibrio.com\/blog\/wp-content\/uploads\/2023\/05\/horoscopo_semanal-iQui-2.jpg","type":"image\/jpeg"}],"author":"Arthur Peroni","twitter_card":"summary_large_image","twitter_creator":"@iquilibrio","twitter_site":"@iquilibrio","twitter_misc":{"Escrito por":"Arthur Peroni","Est. tempo de leitura":"9 minutos"},"schema":{"@context":"https:\/\/schema.org","@graph":[{"@type":"Article","@id":"https:\/\/www.iquilibrio.com\/blog\/astrologia\/horoscopo-semanal\/horoscopo-semanal-de-21-a-27-de-agosto-pela-astrologa-manu-koetz\/#article","isPartOf":{"@id":"https:\/\/www.iquilibrio.com\/blog\/astrologia\/horoscopo-semanal\/horoscopo-semanal-de-21-a-27-de-agosto-pela-astrologa-manu-koetz\/"},"author":{"name":"Arthur Peroni","@id":"https:\/\/www.iquilibrio.com\/blog\/#\/schema\/person\/21ae990723c2e5a1170c9a06dacb4d3d"},"headline":"Hor\u00f3scopo semanal de 21 a 27 de Agosto, pela astr\u00f3loga Manu Koetz","datePublished":"2023-08-18T15:33:42+00:00","mainEntityOfPage":{"@id":"https:\/\/www.iquilibrio.com\/blog\/astrologia\/horoscopo-semanal\/horoscopo-semanal-de-21-a-27-de-agosto-pela-astrologa-manu-koetz\/"},"wordCount":1674,"publisher":{"@id":"https:\/\/www.iquilibrio.com\/blog\/#organization"},"image":{"@id":"https:\/\/www.iquilibrio.com\/blog\/astrologia\/horoscopo-semanal\/horoscopo-semanal-de-21-a-27-de-agosto-pela-astrologa-manu-koetz\/#primaryimage"},"thumbnailUrl":"https:\/\/www.iquilibrio.com\/blog\/wp-content\/uploads\/2023\/05\/horoscopo_semanal-iQui-2.jpg","articleSection":["Hor\u00f3scopo semanal"],"inLanguage":"pt-BR"},{"@type":"WebPage","@id":"https:\/\/www.iquilibrio.com\/blog\/astrologia\/horoscopo-semanal\/horoscopo-semanal-de-21-a-27-de-agosto-pela-astrologa-manu-koetz\/","url":"https:\/\/www.iquilibrio.com\/blog\/astrologia\/horoscopo-semanal\/horoscopo-semanal-de-21-a-27-de-agosto-pela-astrologa-manu-koetz\/","name":"Hor\u00f3scopo semanal de 21 a 27 de Agosto, pela astr\u00f3loga Manu Koetz - iQuilibrio","isPartOf":{"@id":"https:\/\/www.iquilibrio.com\/blog\/#website"},"primaryImageOfPage":{"@id":"https:\/\/www.iquilibrio.com\/blog\/astrologia\/horoscopo-semanal\/horoscopo-semanal-de-21-a-27-de-agosto-pela-astrologa-manu-koetz\/#primaryimage"},"image":{"@id":"https:\/\/www.iquilibrio.com\/blog\/astrologia\/horoscopo-semanal\/horoscopo-semanal-de-21-a-27-de-agosto-pela-astrologa-manu-koetz\/#primaryimage"},"thumbnailUrl":"https:\/\/www.iquilibrio.com\/blog\/wp-content\/uploads\/2023\/05\/horoscopo_semanal-iQui-2.jpg","datePublished":"2023-08-18T15:33:42+00:00","breadcrumb":{"@id":"https:\/\/www.iquilibrio.com\/blog\/astrologia\/horoscopo-semanal\/horoscopo-semanal-de-21-a-27-de-agosto-pela-astrologa-manu-koetz\/#breadcrumb"},"inLanguage":"pt-BR","potentialAction":[{"@type":"ReadAction","target":["https:\/\/www.iquilibrio.com\/blog\/astrologia\/horoscopo-semanal\/horoscopo-semanal-de-21-a-27-de-agosto-pela-astrologa-manu-koetz\/"]}]},{"@type":"ImageObject","inLanguage":"pt-BR","@id":"https:\/\/www.iquilibrio.com\/blog\/astrologia\/horoscopo-semanal\/horoscopo-semanal-de-21-a-27-de-agosto-pela-astrologa-manu-koetz\/#primaryimage","url":"https:\/\/www.iquilibrio.com\/blog\/wp-content\/uploads\/2023\/05\/horoscopo_semanal-iQui-2.jpg","contentUrl":"https:\/\/www.iquilibrio.com\/blog\/wp-content\/uploads\/2023\/05\/horoscopo_semanal-iQui-2.jpg","width":900,"height":560},{"@type":"BreadcrumbList","@id":"https:\/\/www.iquilibrio.com\/blog\/astrologia\/horoscopo-semanal\/horoscopo-semanal-de-21-a-27-de-agosto-pela-astrologa-manu-koetz\/#breadcrumb","itemListElement":[{"@type":"ListItem","position":1,"name":"In\u00edcio","item":"https:\/\/www.iquilibrio.com\/blog\/"},{"@type":"ListItem","position":2,"name":"Hor\u00f3scopo semanal de 21 a 27 de Agosto, pela astr\u00f3loga Manu Koetz"}]},{"@type":"WebSite","@id":"https:\/\/www.iquilibrio.com\/blog\/#website","url":"https:\/\/www.iquilibrio.com\/blog\/","name":"iQuilibrio","description":"Blog iQuilibrio","publisher":{"@id":"https:\/\/www.iquilibrio.com\/blog\/#organization"},"potentialAction":[{"@type":"SearchAction","target":{"@type":"EntryPoint","urlTemplate":"https:\/\/www.iquilibrio.com\/blog\/?s={search_term_string}"},"query-input":{"@type":"PropertyValueSpecification","valueRequired":true,"valueName":"search_term_string"}}],"inLanguage":"pt-BR"},{"@type":"Organization","@id":"https:\/\/www.iquilibrio.com\/blog\/#organization","name":"Esoterismo, Misticismo e Tarot Online - iQuilibrio","url":"https:\/\/www.iquilibrio.com\/blog\/","logo":{"@type":"ImageObject","inLanguage":"pt-BR","@id":"https:\/\/www.iquilibrio.com\/blog\/#\/schema\/logo\/image\/","url":"https:\/\/www.iquilibrio.com\/blog\/wp-content\/uploads\/2018\/12\/iquilibrio_lovo_vetor_preto-retina.png","contentUrl":"https:\/\/www.iquilibrio.com\/blog\/wp-content\/uploads\/2018\/12\/iquilibrio_lovo_vetor_preto-retina.png","width":972,"height":180,"caption":"Esoterismo, Misticismo e Tarot Online - iQuilibrio"},"image":{"@id":"https:\/\/www.iquilibrio.com\/blog\/#\/schema\/logo\/image\/"},"sameAs":["https:\/\/www.facebook.com\/iQuilibrio\/","https:\/\/x.com\/iquilibrio","https:\/\/www.instagram.com\/iquilibrio\/","https:\/\/www.linkedin.com\/company\/iquilibrio\/","https:\/\/br.pinterest.com\/iquilibrio1397\/","https:\/\/www.youtube.com\/channel\/UC175qxd-4Zsi4wzawT5zF2g"]},{"@type":"Person","@id":"https:\/\/www.iquilibrio.com\/blog\/#\/schema\/person\/21ae990723c2e5a1170c9a06dacb4d3d","name":"Arthur Peroni","image":{"@type":"ImageObject","inLanguage":"pt-BR","@id":"https:\/\/www.iquilibrio.com\/blog\/wp-content\/uploads\/2023\/04\/Arthur-Peroni-150x150.jpg","url":"https:\/\/www.iquilibrio.com\/blog\/wp-content\/uploads\/2023\/04\/Arthur-Peroni-150x150.jpg","contentUrl":"https:\/\/www.iquilibrio.com\/blog\/wp-content\/uploads\/2023\/04\/Arthur-Peroni-150x150.jpg","caption":"Arthur Peroni"},"description":"Arthur Peroni escreve sobre a vida, o universo e tudo mais. Amante da literatura m\u00edstica, e fic\u00e7\u00e3o, descobriu sua carreira de redator gra\u00e7as ao h\u00e1bito de leitura constante sobre fantasia e drama. Nas horas vagas, gosta de cozinhar, ler e ver filmes antigos. J\u00e1 trabalhou com, comunica\u00e7\u00e3o social, massoterapia, terapias hol\u00edsticas e design de interiores. Atualmente trabalha como redator SEO e se entusiasma com tudo o que \u00e9 esot\u00e9rico. Gosta de discutir sobre assuntos complexos e instigantes, e v\u00ea na escrita uma oportunidade de aprender e criar todos os dias, mentalmente e espiritualmente.","url":"https:\/\/www.iquilibrio.com\/blog\/author\/raul-vinicius\/"}]}},"_links":{"self":[{"href":"https:\/\/www.iquilibrio.com\/blog\/wp-json\/wp\/v2\/posts\/39429","targetHints":{"allow":["GET"]}}],"collection":[{"href":"https:\/\/www.iquilibrio.com\/blog\/wp-json\/wp\/v2\/posts"}],"about":[{"href":"https:\/\/www.iquilibrio.com\/blog\/wp-json\/wp\/v2\/types\/post"}],"author":[{"embeddable":true,"href":"https:\/\/www.iquilibrio.com\/blog\/wp-json\/wp\/v2\/users\/158"}],"replies":[{"embeddable":true,"href":"https:\/\/www.iquilibrio.com\/blog\/wp-json\/wp\/v2\/comments?post=39429"}],"version-history":[{"count":1,"href":"https:\/\/www.iquilibrio.com\/blog\/wp-json\/wp\/v2\/posts\/39429\/revisions"}],"predecessor-version":[{"id":39430,"href":"https:\/\/www.iquilibrio.com\/blog\/wp-json\/wp\/v2\/posts\/39429\/revisions\/39430"}],"wp:featuredmedia":[{"embeddable":true,"href":"https:\/\/www.iquilibrio.com\/blog\/wp-json\/wp\/v2\/media\/39021"}],"wp:attachment":[{"href":"https:\/\/www.iquilibrio.com\/blog\/wp-json\/wp\/v2\/media?parent=39429"}],"wp:term":[{"taxonomy":"category","embeddable":true,"href":"https:\/\/www.iquilibrio.com\/blog\/wp-json\/wp\/v2\/categories?post=39429"},{"taxonomy":"post_tag","embeddable":true,"href":"https:\/\/www.iquilibrio.com\/blog\/wp-json\/wp\/v2\/tags?post=39429"}],"curies":[{"name":"wp","href":"https:\/\/api.w.org\/{rel}","templated":true}]}}