{"id":39368,"date":"2023-08-21T07:00:14","date_gmt":"2023-08-21T10:00:14","guid":{"rendered":"https:\/\/www.iquilibrio.com\/blog\/?p=39368"},"modified":"2023-08-15T10:50:43","modified_gmt":"2023-08-15T13:50:43","slug":"mercurio-retrogrado-2023","status":"publish","type":"post","link":"https:\/\/www.iquilibrio.com\/blog\/astrologia\/mercurio-retrogrado-2023\/","title":{"rendered":"Merc\u00fario Retr\u00f3grado 2023: Adversidades e Esperan\u00e7as"},"content":{"rendered":"<p><span style=\"font-weight: 400;\">O fen\u00f4meno conhecido como Merc\u00fario retr\u00f3grado 2023 \u00e9 uma das fases mais intrigantes e discutidas entre os entusiastas do zod\u00edaco e astrologia, esse ano.<\/span><\/p>\n<p><span style=\"font-weight: 400;\">Desse modo, esse evento acontece quatro vezes ao longo deste ano, em janeiro, abril, <\/span><a href=\"https:\/\/www.iquilibrio.com\/blog\/astrologia\/luas-do-mes-de-agosto\/\"><span style=\"font-weight: 400;\">agosto<\/span><\/a><span style=\"font-weight: 400;\"> e dezembro. Sendo uma das fases mais significativas a ser destacada a do m\u00eas de agosto.\u00a0<\/span><\/p>\n<p><span style=\"font-weight: 400;\">Neste texto, vamos explorar o que \u00e9 Merc\u00fario retr\u00f3grado, seu significado, as precau\u00e7\u00f5es que voc\u00ea deve tomar durante esse per\u00edodo. Al\u00e9m disso, acima de tudo, como encontrar esperan\u00e7a e conforto diante das adversidades que podem surgir.<\/span><\/p>\n<h2><span style=\"font-weight: 400;\">O que \u00e9 Merc\u00fario Retr\u00f3grado?<\/span><\/h2>\n<p><span style=\"font-weight: 400;\">O que significa Merc\u00fario retr\u00f3grado? Devo me preocupar? Essas s\u00e3o algumas perguntas que nos vem \u00e0 <\/span><a href=\"https:\/\/www.iquilibrio.com\/blog\/bem-estar\/yoga-iniciantes\/\"><span style=\"font-weight: 400;\">mente<\/span><\/a><span style=\"font-weight: 400;\"> quando ouvimos falar sobre o assunto, portanto, vamos esclarecer um pouco disso.<\/span><\/p>\n<p><span style=\"font-weight: 400;\">Merc\u00fario retr\u00f3grado \u00e9 um fen\u00f4meno que acontece quando Merc\u00fario parece se mover na dire\u00e7\u00e3o oposta \u00e0 sua \u00f3rbita normal, como visto da Terra. Contudo, essa mudan\u00e7a n\u00e3o \u00e9 f\u00edsica, mas, um efeito \u00f3tico causado pela velocidade orbital entre a Terra e Merc\u00fario.\u00a0<\/span><\/p>\n<p><span style=\"font-weight: 400;\">Durante esse per\u00edodo, a influ\u00eancia retr\u00f3grada de Merc\u00fario \u00e9 vista como capaz de desencadear desafios, mal-entendidos e atrasos em v\u00e1rios aspectos da vida. No entanto, n\u00e3o \u00e9 um sinal\u00a0 de m\u00e1 sorte, \u00e9 um momento para ser mais cuidadoso e atento.<\/span><\/p>\n<p><span style=\"font-weight: 400;\">Portanto, o que significa Merc\u00fario retr\u00f3grado \u00e9 um momento de introspec\u00e7\u00e3o e cautela, onde voc\u00ea deve estar atenta para sua comunica\u00e7\u00e3o.<\/span><\/p>\n<h2><span style=\"font-weight: 400;\">Merc\u00fario Retrogrado Agosto 2023<\/span><\/h2>\n<p><span style=\"font-weight: 400;\">O m\u00eas de agosto est\u00e1 recheado de fen\u00f4menos astrol\u00f3gicos! Al\u00e9m de duas <\/span><a href=\"https:\/\/www.iquilibrio.com\/blog\/astrologia\/super-lua\/\"><span style=\"font-weight: 400;\">super luas<\/span><\/a><span style=\"font-weight: 400;\">, carrega a energia de Merc\u00fario retr\u00f3grado, a partir do dia 23 at\u00e9 o pr\u00f3ximo dia 15 de setembro.<\/span><\/p>\n<p><span style=\"font-weight: 400;\">Assim, a sua influ\u00eancia poder\u00e1 ser sentida em v\u00e1rias \u00e1reas da vida. As comunica\u00e7\u00f5es podem ficar confusas e mal interpretadas, o que pode levar a conflitos interpessoais. O setor de tecnologia pode experimentar falhas, e atrasos nas viagens podem ocorrer.<\/span><\/p>\n<p><span style=\"font-weight: 400;\">\u00c9 essencial entender que, embora esses desafios sejam reais, Merc\u00fario retr\u00f3grado tamb\u00e9m oferece uma oportunidade para\u00a0<\/span><\/p>\n<ul>\n<li style=\"font-weight: 400;\" aria-level=\"1\"><span style=\"font-weight: 400;\">refletir sobre como nos comunicamos;<\/span><\/li>\n<li style=\"font-weight: 400;\" aria-level=\"1\"><span style=\"font-weight: 400;\">como utilizamos a tecnologia em nossas vidas;<\/span><\/li>\n<li style=\"font-weight: 400;\" aria-level=\"1\"><span style=\"font-weight: 400;\">como planejamos nossas <\/span><a href=\"https:\/\/www.iquilibrio.com\/blog\/sonhos\/sonhar-com-viagem\/\"><span style=\"font-weight: 400;\">viagens<\/span><\/a><span style=\"font-weight: 400;\">.\u00a0<\/span><\/li>\n<\/ul>\n<p><span style=\"font-weight: 400;\">Pode ser um per\u00edodo prop\u00edcio para rever quest\u00f5es do passado e resolver pend\u00eancias que h\u00e1 muito tempo precisam de aten\u00e7\u00e3o.<\/span><\/p>\n<p style=\"text-align: center;\"><span class=\"td_btn td_btn_md td_round_btn\" style=\"background-color: #3366ff; color: #ffffff;\"><a style=\"background-color: #3366ff; color: #ffffff;\" href=\"https:\/\/www.iquilibrio.com\/esotericos\/\"><span style=\"font-weight: 400;\">Fa\u00e7a agora seu mapa astral, e entenda as influ\u00eancias dos astros em sua vida!<\/span><\/a><\/span><\/p>\n<figure id=\"attachment_39370\" aria-describedby=\"caption-attachment-39370\" style=\"width: 900px\" class=\"wp-caption alignnone\"><img loading=\"lazy\" decoding=\"async\" class=\"size-full wp-image-39370\" src=\"https:\/\/www.iquilibrio.com\/blog\/wp-content\/uploads\/2023\/08\/Mercurio-Retrogrado-2023-1.jpg\" alt=\"\" width=\"900\" height=\"560\" srcset=\"https:\/\/www.iquilibrio.com\/blog\/wp-content\/uploads\/2023\/08\/Mercurio-Retrogrado-2023-1.jpg 900w, https:\/\/www.iquilibrio.com\/blog\/wp-content\/uploads\/2023\/08\/Mercurio-Retrogrado-2023-1-300x187.jpg 300w, https:\/\/www.iquilibrio.com\/blog\/wp-content\/uploads\/2023\/08\/Mercurio-Retrogrado-2023-1-768x478.jpg 768w, https:\/\/www.iquilibrio.com\/blog\/wp-content\/uploads\/2023\/08\/Mercurio-Retrogrado-2023-1-696x433.jpg 696w, https:\/\/www.iquilibrio.com\/blog\/wp-content\/uploads\/2023\/08\/Mercurio-Retrogrado-2023-1-675x420.jpg 675w\" sizes=\"auto, (max-width: 900px) 100vw, 900px\" \/><figcaption id=\"caption-attachment-39370\" class=\"wp-caption-text\">Merc\u00fario Retrogrado 2023<\/figcaption><\/figure>\n<h3><span style=\"font-weight: 400;\">Quais as pr\u00f3ximas datas de Merc\u00fario Retr\u00f3grado 2023?\u00a0<\/span><\/h3>\n<p><span style=\"font-weight: 400;\">Ainda para esse ano, al\u00e9m de agosto, teremos merc\u00fario em <\/span><a href=\"https:\/\/www.astrocentro.com.br\/blog\/astrologia\/planetas-retrogrados-o-que-esperar\/\"><span style=\"font-weight: 400;\">retrospec\u00e7\u00e3o<\/span><\/a><span style=\"font-weight: 400;\"> tamb\u00e9m em Dezembro. A partir do dia 13 ao dia 02 de 2024, portanto teremos uma virada de ano com merc\u00fario retr\u00f3grado.\u00a0<\/span><\/p>\n<p><span style=\"font-weight: 400;\">A virada do ano \u00e9 um momento de celebra\u00e7\u00e3o, festividades e resolu\u00e7\u00f5es. No entanto, com Merc\u00fario retr\u00f3grado, \u00e9 importante lembrar que a energia deste per\u00edodo pode afetar nossas intera\u00e7\u00f5es e planos.\u00a0<\/span><\/p>\n<p><span style=\"font-weight: 400;\">Decerto, se comunicar com clareza pode se tornar um desafio, e decis\u00f5es importantes podem exigir mais reflex\u00e3o antes de serem tomadas.<\/span><\/p>\n<p><span style=\"font-weight: 400;\">Contudo, a virada do ano com Merc\u00fario retr\u00f3grado ser\u00e1 uma oportunidade para se preparar para um novo come\u00e7o de maneira consciente e alinhada com seus objetivos.\u00a0<\/span><\/p>\n<p><span style=\"font-weight: 400;\">Dessa forma, estabele\u00e7a inten\u00e7\u00f5es claras e positivas para o <\/span><a href=\"https:\/\/www.astrocentro.com.br\/blog\/previsoes\/eclipse-lunar-2023\/\"><span style=\"font-weight: 400;\">pr\u00f3ximo ano<\/span><\/a><span style=\"font-weight: 400;\"> e se prepare para enfrentar os desafios que possam surgir.<\/span><\/p>\n<h2><span style=\"font-weight: 400;\">O que n\u00e3o se deve fazer com Merc\u00fario retr\u00f3grado em 2023<\/span><\/h2>\n<p><span style=\"font-weight: 400;\">A\u00ed voc\u00ea se pergunta, como sobreviver ao Merc\u00fario retr\u00f3grado 2023? Em vez de temer esse per\u00edodo, veja como uma oportunidade para aprimorar suas habilidades de enfrentar desafios e encontrar crescimento pessoal.<\/span><\/p>\n<p><span style=\"font-weight: 400;\">Durante o per\u00edodo de Merc\u00fario retr\u00f3grado em 2023, \u00e9 recomendado evitar certas atividades e tomar algumas precau\u00e7\u00f5es para minimizar poss\u00edveis <\/span><a href=\"https:\/\/www.iquilibrio.com\/blog\/astrologia\/signos\/desafios-signos\/\"><span style=\"font-weight: 400;\">desafios<\/span><\/a><span style=\"font-weight: 400;\"> e problemas. Aqui est\u00e3o algumas coisas que n\u00e3o se deve fazer durante esse per\u00edodo:<\/span><\/p>\n<ul>\n<li style=\"font-weight: 400;\" aria-level=\"1\"><b>Assumir Comunica\u00e7\u00f5es Sem Clareza:<\/b><span style=\"font-weight: 400;\"> evite tirar conclus\u00f5es precipitadas ou fazer suposi\u00e7\u00f5es com base em mensagens confusas ou mal interpretadas;<\/span><\/li>\n<li style=\"font-weight: 400;\" aria-level=\"1\"><b>Iniciar Projetos Importantes:<\/b><span style=\"font-weight: 400;\"> Merc\u00fario retr\u00f3grado pode ser um per\u00edodo propenso a mal-entendidos e imprevistos. Sendo assim, evite iniciar projetos significativos, especialmente aqueles que dependem de uma comunica\u00e7\u00e3o clara e eficiente;<\/span><\/li>\n<li style=\"font-weight: 400;\" aria-level=\"1\"><b>Assinar Contratos:<\/b><span style=\"font-weight: 400;\"> a energia desse per\u00edodo pode obscurecer detalhes importantes, e voc\u00ea pode se arrepender de decis\u00f5es apressadas;<\/span><\/li>\n<li style=\"font-weight: 400;\" aria-level=\"1\"><b>Compras Eletr\u00f4nicas:<\/b><span style=\"font-weight: 400;\"> evite fazer grandes investimentos em tecnologia ou eletr\u00f4nicos durante esse per\u00edodo, pois pode haver problemas t\u00e9cnicos ou insatisfa\u00e7\u00e3o com a compra;<\/span><\/li>\n<li style=\"font-weight: 400;\" aria-level=\"1\"><b>Realizar Viagens de Longa Dist\u00e2ncia:<\/b><span style=\"font-weight: 400;\"> caso seja necess\u00e1rio viajar durante o Merc\u00fario retr\u00f3grado 2023, esteja preparado para poss\u00edveis atrasos, <\/span><a href=\"https:\/\/www.iquilibrio.com\/blog\/astrologia\/eclipse-solar\/\"><span style=\"font-weight: 400;\">mudan\u00e7as <\/span><\/a><span style=\"font-weight: 400;\">ou problemas com reservas;<\/span><\/li>\n<li style=\"font-weight: 400;\" aria-level=\"1\"><b>Ignorar Quest\u00f5es do Passado:<\/b><span style=\"font-weight: 400;\"> Encare esse momento como uma oportunidade de resolver pend\u00eancias e liberar emo\u00e7\u00f5es reprimidas.<\/span><\/li>\n<\/ul>\n<p><span style=\"font-weight: 400;\">Lembre-se de que o Merc\u00fario retr\u00f3grado n\u00e3o \u00e9 uma senten\u00e7a para o fracasso, mas, um per\u00edodo em que \u00e9 necess\u00e1rio exercitar a paci\u00eancia, a cautela e a aten\u00e7\u00e3o aos detalhes.\u00a0<\/span><\/p>\n<p style=\"text-align: center;\"><span class=\"td_btn td_btn_md td_round_btn\" style=\"background-color: #3366ff; color: #ffffff;\"><a style=\"background-color: #3366ff; color: #ffffff;\" href=\"https:\/\/www.iquilibrio.com\/esotericos\/\"><span style=\"font-weight: 400;\">Entenda o que os astros t\u00eam a dizer a voc\u00ea por meio das previs\u00f5es astrol\u00f3gicas!<\/span><\/a><\/span><\/p>\n<h2><span style=\"font-weight: 400;\">Quando acaba Merc\u00fario retr\u00f3grado<\/span><\/h2>\n<p><span style=\"font-weight: 400;\">Em geral, o Merc\u00fario retr\u00f3grado dura cerca de tr\u00eas semanas, incluindo o per\u00edodo de sombra antes e depois da retrograda\u00e7\u00e3o.\u00a0<\/span><\/p>\n<p><span style=\"font-weight: 400;\">Durante esse tempo, \u00e9 importante estar consciente dos poss\u00edveis desafios e precau\u00e7\u00f5es para enfrentar esse per\u00edodo de forma mais tranquila e consciente. Desse modo, as pr\u00f3ximas datas para come\u00e7ar e acabar Merc\u00fario Retr\u00f3grado em 2023 s\u00e3o:\u00a0<\/span><\/p>\n<ul>\n<li style=\"font-weight: 400;\" aria-level=\"1\"><span style=\"font-weight: 400;\">23 de agosto a 15 de setembro<\/span><\/li>\n<li style=\"font-weight: 400;\" aria-level=\"1\"><span style=\"font-weight: 400;\">13 de dezembro a 02 de janeiro de 2024<\/span><\/li>\n<\/ul>\n<p><span style=\"font-weight: 400;\">A retrograda\u00e7\u00e3o de Merc\u00fario convida a parar e refletir cuidadosamente antes de agir. Desse modo, em vez de seguir adiante de forma impulsiva, \u00e9 recomendado olhar para tr\u00e1s e reavaliar as situa\u00e7\u00f5es.\u00a0<\/span><\/p>\n<p><span style=\"font-weight: 400;\">Esse per\u00edodo oferece uma oportunidade para aprimorar a maneira como nos comunicamos. Assim, nos permitindo encontrar abordagens eficazes para expressar nossas ideias e emo\u00e7\u00f5es.<\/span><\/p>\n<figure id=\"attachment_39371\" aria-describedby=\"caption-attachment-39371\" style=\"width: 900px\" class=\"wp-caption alignnone\"><img loading=\"lazy\" decoding=\"async\" class=\"size-full wp-image-39371\" src=\"https:\/\/www.iquilibrio.com\/blog\/wp-content\/uploads\/2023\/08\/Mercurio-Retrogrado-2023-2.jpg\" alt=\"\" width=\"900\" height=\"560\" srcset=\"https:\/\/www.iquilibrio.com\/blog\/wp-content\/uploads\/2023\/08\/Mercurio-Retrogrado-2023-2.jpg 900w, https:\/\/www.iquilibrio.com\/blog\/wp-content\/uploads\/2023\/08\/Mercurio-Retrogrado-2023-2-300x187.jpg 300w, https:\/\/www.iquilibrio.com\/blog\/wp-content\/uploads\/2023\/08\/Mercurio-Retrogrado-2023-2-768x478.jpg 768w, https:\/\/www.iquilibrio.com\/blog\/wp-content\/uploads\/2023\/08\/Mercurio-Retrogrado-2023-2-696x433.jpg 696w, https:\/\/www.iquilibrio.com\/blog\/wp-content\/uploads\/2023\/08\/Mercurio-Retrogrado-2023-2-675x420.jpg 675w\" sizes=\"auto, (max-width: 900px) 100vw, 900px\" \/><figcaption id=\"caption-attachment-39371\" class=\"wp-caption-text\">Merc\u00fario Retrogrado 2023<\/figcaption><\/figure>\n<h2><span style=\"font-weight: 400;\">Encontrando Esperan\u00e7a e Conforto<\/span><\/h2>\n<p><span style=\"font-weight: 400;\">Embora o per\u00edodo de Merc\u00fario retr\u00f3grado possa ser desafiador, \u00e9 importante lembrar que a astrologia n\u00e3o \u00e9 um destino inevit\u00e1vel. Entretanto, \u00e9 um guia para autoconhecimento e desenvolvimento pessoal.<\/span><\/p>\n<p><span style=\"font-weight: 400;\">Encare esse momento como uma oportunidade para reflex\u00e3o, aprendizado e crescimento. Sendo assim, foque em pr\u00e1ticas de <\/span><a href=\"https:\/\/www.iquilibrio.com\/blog\/lives\/autocuidado-amor-proprio\/\"><span style=\"font-weight: 400;\">autocuidado<\/span><\/a><span style=\"font-weight: 400;\">, medita\u00e7\u00e3o e fortalecimento emocional para lidar com as adversidades que possam surgir.<\/span><\/p>\n<p><span style=\"font-weight: 400;\">Lembre-se de que os desafios do Merc\u00fario retr\u00f3grado s\u00e3o tempor\u00e1rios e que voc\u00ea tem o poder de influenciar positivamente o seu destino.\u00a0<\/span><\/p>\n<p><span style=\"font-weight: 400;\">Portanto, em vez de se sentir derrotado, veja como uma chance de superar obst\u00e1culos, fortalecer suas habilidades de comunica\u00e7\u00e3o e aprimorar seu pensamento l\u00f3gico.<\/span><\/p>\n<h3><span style=\"font-weight: 400;\">Encontrando a Luz no Caos<\/span><\/h3>\n<p><span style=\"font-weight: 400;\">Embora Merc\u00fario retr\u00f3grado em 2023 possa ser desafiador, h\u00e1 v\u00e1rias maneiras de encontrar a luz no meio do caos e navegar com mais facilidade por esse per\u00edodo:<\/span><\/p>\n<ul>\n<li style=\"font-weight: 400;\" aria-level=\"1\"><span style=\"font-weight: 400;\"><strong>Pratique a Paci\u00eancia:<\/strong> Esteja ciente de que as coisas podem ficar confusas durante o Merc\u00fario retr\u00f3grado. Assim, pratique a paci\u00eancia consigo mesmo e com os outros.\u00a0<\/span><\/li>\n<li style=\"font-weight: 400;\" aria-level=\"1\"><span style=\"font-weight: 400;\"><strong>Aprenda com o Passado:<\/strong> Merc\u00fario retr\u00f3grado pode trazer \u00e0 tona quest\u00f5es do passado que precisam ser resolvidas. Use esse momento para aprender com suas experi\u00eancias e encontrar maneiras de crescer a partir delas.\u00a0<\/span><\/li>\n<li style=\"font-weight: 400;\" aria-level=\"1\"><span style=\"font-weight: 400;\"><strong>Comunique-se:<\/strong> Embora a comunica\u00e7\u00e3o possa ser desafiadora durante esse per\u00edodo, se esforce para se expressar com clareza e ou\u00e7a atentamente o que os outros t\u00eam a dizer.\u00a0<\/span><\/li>\n<li style=\"font-weight: 400;\" aria-level=\"1\"><span style=\"font-weight: 400;\"><strong>Cuide de Si Mesmo:<\/strong> Em momentos de turbul\u00eancia, o autocuidado \u00e9 fundamental. Medita\u00e7\u00e3o, ioga, caminhadas na natureza ou qualquer pr\u00e1tica que o acalme pode ser especialmente \u00fatil durante Merc\u00fario retr\u00f3grado.<\/span><\/li>\n<\/ul>\n<p><span style=\"font-weight: 400;\">Ao abra\u00e7ar o Merc\u00fario retr\u00f3grado 2023 com uma mentalidade positiva, voc\u00ea estar\u00e1 preparado para enfrentar os desafios. Dessa forma encontrar a esperan\u00e7a e o crescimento pessoal em meio \u00e0s adversidades.\u00a0<\/span><\/p>\n<p><span style=\"font-weight: 400;\">Lembre-se de que, assim como o pr\u00f3prio Merc\u00fario, a vida \u00e9 c\u00edclica, e cada per\u00edodo retr\u00f3grado traz consigo uma oportunidade para evoluir e se fortalecer.<\/span><\/p>\n<p style=\"text-align: center;\"><span class=\"td_btn td_btn_md td_round_btn\" style=\"background-color: #3366ff; color: #ffffff;\"><a style=\"background-color: #3366ff; color: #ffffff;\" href=\"https:\/\/www.iquilibrio.com\/esotericos\/\"><span style=\"font-weight: 400;\">Encontre paz e harmonia consigo mesma por meio da medita\u00e7\u00e3o guiada!<\/span><\/a><\/span><\/p>\n<hr \/>\n<p><span style=\"font-weight: 400;\">Vem aprender a fazer uma simpatia e um banho, para a prosperidade!<\/span><\/p>\n<p><iframe loading=\"lazy\" title=\"APRENDA A FAZER UM BANHO E UMA SIMPATIA PARA PROSPERIDADE\" width=\"696\" height=\"392\" src=\"https:\/\/www.youtube.com\/embed\/REILmd2ZhxE?feature=oembed\" frameborder=\"0\" allow=\"accelerometer; autoplay; clipboard-write; encrypted-media; gyroscope; picture-in-picture; web-share\" allowfullscreen><\/iframe><\/p>\n\n\n<div class=\"kk-star-ratings kksr-auto kksr-align-left kksr-valign-bottom\"\n    data-payload='{&quot;align&quot;:&quot;left&quot;,&quot;id&quot;:&quot;39368&quot;,&quot;slug&quot;:&quot;default&quot;,&quot;valign&quot;:&quot;bottom&quot;,&quot;ignore&quot;:&quot;&quot;,&quot;reference&quot;:&quot;auto&quot;,&quot;class&quot;:&quot;&quot;,&quot;count&quot;:&quot;1&quot;,&quot;legendonly&quot;:&quot;&quot;,&quot;readonly&quot;:&quot;&quot;,&quot;score&quot;:&quot;5&quot;,&quot;starsonly&quot;:&quot;&quot;,&quot;best&quot;:&quot;5&quot;,&quot;gap&quot;:&quot;5&quot;,&quot;greet&quot;:&quot;Rate this post&quot;,&quot;legend&quot;:&quot;5\\\/5 - (1 voto)&quot;,&quot;size&quot;:&quot;24&quot;,&quot;title&quot;:&quot;Merc\u00fario Retr\u00f3grado 2023: Adversidades e Esperan\u00e7as&quot;,&quot;width&quot;:&quot;142.5&quot;,&quot;_legend&quot;:&quot;{score}\\\/{best} - ({count} {votes})&quot;,&quot;font_factor&quot;:&quot;1.25&quot;}'>\n            \n<div class=\"kksr-stars\">\n    \n<div class=\"kksr-stars-inactive\">\n            <div class=\"kksr-star\" data-star=\"1\" style=\"padding-right: 5px\">\n            \n\n<div class=\"kksr-icon\" style=\"width: 24px; height: 24px;\"><\/div>\n        <\/div>\n            <div class=\"kksr-star\" data-star=\"2\" style=\"padding-right: 5px\">\n            \n\n<div class=\"kksr-icon\" style=\"width: 24px; height: 24px;\"><\/div>\n        <\/div>\n            <div class=\"kksr-star\" data-star=\"3\" style=\"padding-right: 5px\">\n            \n\n<div class=\"kksr-icon\" style=\"width: 24px; height: 24px;\"><\/div>\n        <\/div>\n            <div class=\"kksr-star\" data-star=\"4\" style=\"padding-right: 5px\">\n            \n\n<div class=\"kksr-icon\" style=\"width: 24px; height: 24px;\"><\/div>\n        <\/div>\n            <div class=\"kksr-star\" data-star=\"5\" style=\"padding-right: 5px\">\n            \n\n<div class=\"kksr-icon\" style=\"width: 24px; height: 24px;\"><\/div>\n        <\/div>\n    <\/div>\n    \n<div class=\"kksr-stars-active\" style=\"width: 142.5px;\">\n            <div class=\"kksr-star\" style=\"padding-right: 5px\">\n            \n\n<div class=\"kksr-icon\" style=\"width: 24px; height: 24px;\"><\/div>\n        <\/div>\n            <div class=\"kksr-star\" style=\"padding-right: 5px\">\n            \n\n<div class=\"kksr-icon\" style=\"width: 24px; height: 24px;\"><\/div>\n        <\/div>\n            <div class=\"kksr-star\" style=\"padding-right: 5px\">\n            \n\n<div class=\"kksr-icon\" style=\"width: 24px; height: 24px;\"><\/div>\n        <\/div>\n            <div class=\"kksr-star\" style=\"padding-right: 5px\">\n            \n\n<div class=\"kksr-icon\" style=\"width: 24px; height: 24px;\"><\/div>\n        <\/div>\n            <div class=\"kksr-star\" style=\"padding-right: 5px\">\n            \n\n<div class=\"kksr-icon\" style=\"width: 24px; height: 24px;\"><\/div>\n        <\/div>\n    <\/div>\n<\/div>\n                \n\n<div class=\"kksr-legend\" style=\"font-size: 19.2px;\">\n            5\/5 - (1 voto)    <\/div>\n    <\/div>\n","protected":false},"excerpt":{"rendered":"<p>O fen\u00f4meno conhecido como Merc\u00fario retr\u00f3grado 2023 \u00e9 uma das fases mais intrigantes e discutidas entre os entusiastas do zod\u00edaco e astrologia, esse ano. Desse modo, esse evento acontece quatro vezes ao longo deste ano, em janeiro, abril, agosto e dezembro. Sendo uma das fases mais significativas a ser destacada a do m\u00eas de agosto.\u00a0 [&hellip;]<\/p>\n","protected":false},"author":161,"featured_media":39369,"comment_status":"closed","ping_status":"closed","sticky":false,"template":"","format":"standard","meta":{"footnotes":""},"categories":[517],"tags":[2943],"class_list":["post-39368","post","type-post","status-publish","format-standard","has-post-thumbnail","hentry","category-astrologia","tag-astrologia"],"yoast_head":"<!-- This site is optimized with the Yoast SEO plugin v27.4 - https:\/\/yoast.com\/product\/yoast-seo-wordpress\/ -->\n<title>Merc\u00fario Retr\u00f3grado 2023: Desafio, Esperan\u00e7a e um Novo Ciclo<\/title>\n<meta name=\"description\" content=\"Descubra as influ\u00eancias do Merc\u00fario Retr\u00f3grado 2023 em nossas vidas, enfrentando desafios com esperan\u00e7a e preparando-se para um novo ciclo\" \/>\n<meta name=\"robots\" content=\"index, follow, max-snippet:-1, max-image-preview:large, max-video-preview:-1\" \/>\n<link rel=\"canonical\" href=\"https:\/\/www.iquilibrio.com\/blog\/astrologia\/mercurio-retrogrado-2023\/\" \/>\n<meta property=\"og:locale\" content=\"pt_BR\" \/>\n<meta property=\"og:type\" content=\"article\" \/>\n<meta property=\"og:title\" content=\"Merc\u00fario Retr\u00f3grado 2023: Desafio, Esperan\u00e7a e um Novo Ciclo\" \/>\n<meta property=\"og:description\" content=\"Descubra as influ\u00eancias do Merc\u00fario Retr\u00f3grado 2023 em nossas vidas, enfrentando desafios com esperan\u00e7a e preparando-se para um novo ciclo\" \/>\n<meta property=\"og:url\" content=\"https:\/\/www.iquilibrio.com\/blog\/astrologia\/mercurio-retrogrado-2023\/\" \/>\n<meta property=\"og:site_name\" content=\"iQuilibrio\" \/>\n<meta property=\"article:publisher\" content=\"https:\/\/www.facebook.com\/iQuilibrio\/\" \/>\n<meta property=\"article:published_time\" content=\"2023-08-21T10:00:14+00:00\" \/>\n<meta property=\"og:image\" content=\"https:\/\/www.iquilibrio.com\/blog\/wp-content\/uploads\/2023\/08\/Mercurio-Retrogrado-2023.jpg\" \/>\n\t<meta property=\"og:image:width\" content=\"900\" \/>\n\t<meta property=\"og:image:height\" content=\"560\" \/>\n\t<meta property=\"og:image:type\" content=\"image\/jpeg\" \/>\n<meta name=\"author\" content=\"Caroline Rodrigues\" \/>\n<meta name=\"twitter:card\" content=\"summary_large_image\" \/>\n<meta name=\"twitter:creator\" content=\"@iquilibrio\" \/>\n<meta name=\"twitter:site\" content=\"@iquilibrio\" \/>\n<meta name=\"twitter:label1\" content=\"Escrito por\" \/>\n\t<meta name=\"twitter:data1\" content=\"Caroline Rodrigues\" \/>\n\t<meta name=\"twitter:label2\" content=\"Est. tempo de leitura\" \/>\n\t<meta name=\"twitter:data2\" content=\"8 minutos\" \/>\n<script type=\"application\/ld+json\" class=\"yoast-schema-graph\">{\"@context\":\"https:\\\/\\\/schema.org\",\"@graph\":[{\"@type\":\"Article\",\"@id\":\"https:\\\/\\\/www.iquilibrio.com\\\/blog\\\/astrologia\\\/mercurio-retrogrado-2023\\\/#article\",\"isPartOf\":{\"@id\":\"https:\\\/\\\/www.iquilibrio.com\\\/blog\\\/astrologia\\\/mercurio-retrogrado-2023\\\/\"},\"author\":{\"name\":\"Caroline Rodrigues\",\"@id\":\"https:\\\/\\\/www.iquilibrio.com\\\/blog\\\/#\\\/schema\\\/person\\\/d2a838a4b9311bdef1bd3fe2cdab523b\"},\"headline\":\"Merc\u00fario Retr\u00f3grado 2023: Adversidades e Esperan\u00e7as\",\"datePublished\":\"2023-08-21T10:00:14+00:00\",\"mainEntityOfPage\":{\"@id\":\"https:\\\/\\\/www.iquilibrio.com\\\/blog\\\/astrologia\\\/mercurio-retrogrado-2023\\\/\"},\"wordCount\":1421,\"publisher\":{\"@id\":\"https:\\\/\\\/www.iquilibrio.com\\\/blog\\\/#organization\"},\"image\":{\"@id\":\"https:\\\/\\\/www.iquilibrio.com\\\/blog\\\/astrologia\\\/mercurio-retrogrado-2023\\\/#primaryimage\"},\"thumbnailUrl\":\"https:\\\/\\\/www.iquilibrio.com\\\/blog\\\/wp-content\\\/uploads\\\/2023\\\/08\\\/Mercurio-Retrogrado-2023.jpg\",\"keywords\":[\"astrologia\"],\"articleSection\":[\"Astrologia\"],\"inLanguage\":\"pt-BR\"},{\"@type\":\"WebPage\",\"@id\":\"https:\\\/\\\/www.iquilibrio.com\\\/blog\\\/astrologia\\\/mercurio-retrogrado-2023\\\/\",\"url\":\"https:\\\/\\\/www.iquilibrio.com\\\/blog\\\/astrologia\\\/mercurio-retrogrado-2023\\\/\",\"name\":\"Merc\u00fario Retr\u00f3grado 2023: Desafio, Esperan\u00e7a e um Novo Ciclo\",\"isPartOf\":{\"@id\":\"https:\\\/\\\/www.iquilibrio.com\\\/blog\\\/#website\"},\"primaryImageOfPage\":{\"@id\":\"https:\\\/\\\/www.iquilibrio.com\\\/blog\\\/astrologia\\\/mercurio-retrogrado-2023\\\/#primaryimage\"},\"image\":{\"@id\":\"https:\\\/\\\/www.iquilibrio.com\\\/blog\\\/astrologia\\\/mercurio-retrogrado-2023\\\/#primaryimage\"},\"thumbnailUrl\":\"https:\\\/\\\/www.iquilibrio.com\\\/blog\\\/wp-content\\\/uploads\\\/2023\\\/08\\\/Mercurio-Retrogrado-2023.jpg\",\"datePublished\":\"2023-08-21T10:00:14+00:00\",\"description\":\"Descubra as influ\u00eancias do Merc\u00fario Retr\u00f3grado 2023 em nossas vidas, enfrentando desafios com esperan\u00e7a e preparando-se para um novo ciclo\",\"breadcrumb\":{\"@id\":\"https:\\\/\\\/www.iquilibrio.com\\\/blog\\\/astrologia\\\/mercurio-retrogrado-2023\\\/#breadcrumb\"},\"inLanguage\":\"pt-BR\",\"potentialAction\":[{\"@type\":\"ReadAction\",\"target\":[\"https:\\\/\\\/www.iquilibrio.com\\\/blog\\\/astrologia\\\/mercurio-retrogrado-2023\\\/\"]}]},{\"@type\":\"ImageObject\",\"inLanguage\":\"pt-BR\",\"@id\":\"https:\\\/\\\/www.iquilibrio.com\\\/blog\\\/astrologia\\\/mercurio-retrogrado-2023\\\/#primaryimage\",\"url\":\"https:\\\/\\\/www.iquilibrio.com\\\/blog\\\/wp-content\\\/uploads\\\/2023\\\/08\\\/Mercurio-Retrogrado-2023.jpg\",\"contentUrl\":\"https:\\\/\\\/www.iquilibrio.com\\\/blog\\\/wp-content\\\/uploads\\\/2023\\\/08\\\/Mercurio-Retrogrado-2023.jpg\",\"width\":900,\"height\":560,\"caption\":\"Merc\u00fario Retrogrado 2023\"},{\"@type\":\"BreadcrumbList\",\"@id\":\"https:\\\/\\\/www.iquilibrio.com\\\/blog\\\/astrologia\\\/mercurio-retrogrado-2023\\\/#breadcrumb\",\"itemListElement\":[{\"@type\":\"ListItem\",\"position\":1,\"name\":\"In\u00edcio\",\"item\":\"https:\\\/\\\/www.iquilibrio.com\\\/blog\\\/\"},{\"@type\":\"ListItem\",\"position\":2,\"name\":\"Merc\u00fario Retr\u00f3grado 2023: Adversidades e Esperan\u00e7as\"}]},{\"@type\":\"WebSite\",\"@id\":\"https:\\\/\\\/www.iquilibrio.com\\\/blog\\\/#website\",\"url\":\"https:\\\/\\\/www.iquilibrio.com\\\/blog\\\/\",\"name\":\"iQuilibrio\",\"description\":\"Blog iQuilibrio\",\"publisher\":{\"@id\":\"https:\\\/\\\/www.iquilibrio.com\\\/blog\\\/#organization\"},\"potentialAction\":[{\"@type\":\"SearchAction\",\"target\":{\"@type\":\"EntryPoint\",\"urlTemplate\":\"https:\\\/\\\/www.iquilibrio.com\\\/blog\\\/?s={search_term_string}\"},\"query-input\":{\"@type\":\"PropertyValueSpecification\",\"valueRequired\":true,\"valueName\":\"search_term_string\"}}],\"inLanguage\":\"pt-BR\"},{\"@type\":\"Organization\",\"@id\":\"https:\\\/\\\/www.iquilibrio.com\\\/blog\\\/#organization\",\"name\":\"Esoterismo, Misticismo e Tarot Online - iQuilibrio\",\"url\":\"https:\\\/\\\/www.iquilibrio.com\\\/blog\\\/\",\"logo\":{\"@type\":\"ImageObject\",\"inLanguage\":\"pt-BR\",\"@id\":\"https:\\\/\\\/www.iquilibrio.com\\\/blog\\\/#\\\/schema\\\/logo\\\/image\\\/\",\"url\":\"https:\\\/\\\/www.iquilibrio.com\\\/blog\\\/wp-content\\\/uploads\\\/2018\\\/12\\\/iquilibrio_lovo_vetor_preto-retina.png\",\"contentUrl\":\"https:\\\/\\\/www.iquilibrio.com\\\/blog\\\/wp-content\\\/uploads\\\/2018\\\/12\\\/iquilibrio_lovo_vetor_preto-retina.png\",\"width\":972,\"height\":180,\"caption\":\"Esoterismo, Misticismo e Tarot Online - iQuilibrio\"},\"image\":{\"@id\":\"https:\\\/\\\/www.iquilibrio.com\\\/blog\\\/#\\\/schema\\\/logo\\\/image\\\/\"},\"sameAs\":[\"https:\\\/\\\/www.facebook.com\\\/iQuilibrio\\\/\",\"https:\\\/\\\/x.com\\\/iquilibrio\",\"https:\\\/\\\/www.instagram.com\\\/iquilibrio\\\/\",\"https:\\\/\\\/www.linkedin.com\\\/company\\\/iquilibrio\\\/\",\"https:\\\/\\\/br.pinterest.com\\\/iquilibrio1397\\\/\",\"https:\\\/\\\/www.youtube.com\\\/channel\\\/UC175qxd-4Zsi4wzawT5zF2g\"]},{\"@type\":\"Person\",\"@id\":\"https:\\\/\\\/www.iquilibrio.com\\\/blog\\\/#\\\/schema\\\/person\\\/d2a838a4b9311bdef1bd3fe2cdab523b\",\"name\":\"Caroline Rodrigues\",\"image\":{\"@type\":\"ImageObject\",\"inLanguage\":\"pt-BR\",\"@id\":\"https:\\\/\\\/www.iquilibrio.com\\\/blog\\\/wp-content\\\/uploads\\\/2023\\\/07\\\/Imagem-do-WhatsApp-de-2023-07-12-as-15.51.46-150x150.jpg\",\"url\":\"https:\\\/\\\/www.iquilibrio.com\\\/blog\\\/wp-content\\\/uploads\\\/2023\\\/07\\\/Imagem-do-WhatsApp-de-2023-07-12-as-15.51.46-150x150.jpg\",\"contentUrl\":\"https:\\\/\\\/www.iquilibrio.com\\\/blog\\\/wp-content\\\/uploads\\\/2023\\\/07\\\/Imagem-do-WhatsApp-de-2023-07-12-as-15.51.46-150x150.jpg\",\"caption\":\"Caroline Rodrigues\"},\"description\":\"Leitora de fantasias e curiosa por aprender sobre si mesma e o mundo ao seu redor! \u00c9 ariana e por isso n\u00e3o nega a vontade de fazer v\u00e1rias coisas de uma s\u00f3 vez, apaixonada por tudo que a faz se questionar sobre as suas pr\u00f3prias certezas, seja em filmes, s\u00e9ries ou livros! Gosta de praticar medita\u00e7\u00e3o e limpezas espirituais para equilibrar as energias em casa e ler sobre o universo e seus segredos\u00a0tamb\u00e9m! Encara escrever como uma forma de se expressar e falar o que sente, visto que \u00e9 uma pessoa muito sens\u00edvel\u00a0e\u00a0emotiva!\",\"url\":\"https:\\\/\\\/www.iquilibrio.com\\\/blog\\\/author\\\/caroline-rodrigues\\\/\"}]}<\/script>\n<!-- \/ Yoast SEO plugin. -->","yoast_head_json":{"title":"Merc\u00fario Retr\u00f3grado 2023: Desafio, Esperan\u00e7a e um Novo Ciclo","description":"Descubra as influ\u00eancias do Merc\u00fario Retr\u00f3grado 2023 em nossas vidas, enfrentando desafios com esperan\u00e7a e preparando-se para um novo ciclo","robots":{"index":"index","follow":"follow","max-snippet":"max-snippet:-1","max-image-preview":"max-image-preview:large","max-video-preview":"max-video-preview:-1"},"canonical":"https:\/\/www.iquilibrio.com\/blog\/astrologia\/mercurio-retrogrado-2023\/","og_locale":"pt_BR","og_type":"article","og_title":"Merc\u00fario Retr\u00f3grado 2023: Desafio, Esperan\u00e7a e um Novo Ciclo","og_description":"Descubra as influ\u00eancias do Merc\u00fario Retr\u00f3grado 2023 em nossas vidas, enfrentando desafios com esperan\u00e7a e preparando-se para um novo ciclo","og_url":"https:\/\/www.iquilibrio.com\/blog\/astrologia\/mercurio-retrogrado-2023\/","og_site_name":"iQuilibrio","article_publisher":"https:\/\/www.facebook.com\/iQuilibrio\/","article_published_time":"2023-08-21T10:00:14+00:00","og_image":[{"width":900,"height":560,"url":"https:\/\/www.iquilibrio.com\/blog\/wp-content\/uploads\/2023\/08\/Mercurio-Retrogrado-2023.jpg","type":"image\/jpeg"}],"author":"Caroline Rodrigues","twitter_card":"summary_large_image","twitter_creator":"@iquilibrio","twitter_site":"@iquilibrio","twitter_misc":{"Escrito por":"Caroline Rodrigues","Est. tempo de leitura":"8 minutos"},"schema":{"@context":"https:\/\/schema.org","@graph":[{"@type":"Article","@id":"https:\/\/www.iquilibrio.com\/blog\/astrologia\/mercurio-retrogrado-2023\/#article","isPartOf":{"@id":"https:\/\/www.iquilibrio.com\/blog\/astrologia\/mercurio-retrogrado-2023\/"},"author":{"name":"Caroline Rodrigues","@id":"https:\/\/www.iquilibrio.com\/blog\/#\/schema\/person\/d2a838a4b9311bdef1bd3fe2cdab523b"},"headline":"Merc\u00fario Retr\u00f3grado 2023: Adversidades e Esperan\u00e7as","datePublished":"2023-08-21T10:00:14+00:00","mainEntityOfPage":{"@id":"https:\/\/www.iquilibrio.com\/blog\/astrologia\/mercurio-retrogrado-2023\/"},"wordCount":1421,"publisher":{"@id":"https:\/\/www.iquilibrio.com\/blog\/#organization"},"image":{"@id":"https:\/\/www.iquilibrio.com\/blog\/astrologia\/mercurio-retrogrado-2023\/#primaryimage"},"thumbnailUrl":"https:\/\/www.iquilibrio.com\/blog\/wp-content\/uploads\/2023\/08\/Mercurio-Retrogrado-2023.jpg","keywords":["astrologia"],"articleSection":["Astrologia"],"inLanguage":"pt-BR"},{"@type":"WebPage","@id":"https:\/\/www.iquilibrio.com\/blog\/astrologia\/mercurio-retrogrado-2023\/","url":"https:\/\/www.iquilibrio.com\/blog\/astrologia\/mercurio-retrogrado-2023\/","name":"Merc\u00fario Retr\u00f3grado 2023: Desafio, Esperan\u00e7a e um Novo Ciclo","isPartOf":{"@id":"https:\/\/www.iquilibrio.com\/blog\/#website"},"primaryImageOfPage":{"@id":"https:\/\/www.iquilibrio.com\/blog\/astrologia\/mercurio-retrogrado-2023\/#primaryimage"},"image":{"@id":"https:\/\/www.iquilibrio.com\/blog\/astrologia\/mercurio-retrogrado-2023\/#primaryimage"},"thumbnailUrl":"https:\/\/www.iquilibrio.com\/blog\/wp-content\/uploads\/2023\/08\/Mercurio-Retrogrado-2023.jpg","datePublished":"2023-08-21T10:00:14+00:00","description":"Descubra as influ\u00eancias do Merc\u00fario Retr\u00f3grado 2023 em nossas vidas, enfrentando desafios com esperan\u00e7a e preparando-se para um novo ciclo","breadcrumb":{"@id":"https:\/\/www.iquilibrio.com\/blog\/astrologia\/mercurio-retrogrado-2023\/#breadcrumb"},"inLanguage":"pt-BR","potentialAction":[{"@type":"ReadAction","target":["https:\/\/www.iquilibrio.com\/blog\/astrologia\/mercurio-retrogrado-2023\/"]}]},{"@type":"ImageObject","inLanguage":"pt-BR","@id":"https:\/\/www.iquilibrio.com\/blog\/astrologia\/mercurio-retrogrado-2023\/#primaryimage","url":"https:\/\/www.iquilibrio.com\/blog\/wp-content\/uploads\/2023\/08\/Mercurio-Retrogrado-2023.jpg","contentUrl":"https:\/\/www.iquilibrio.com\/blog\/wp-content\/uploads\/2023\/08\/Mercurio-Retrogrado-2023.jpg","width":900,"height":560,"caption":"Merc\u00fario Retrogrado 2023"},{"@type":"BreadcrumbList","@id":"https:\/\/www.iquilibrio.com\/blog\/astrologia\/mercurio-retrogrado-2023\/#breadcrumb","itemListElement":[{"@type":"ListItem","position":1,"name":"In\u00edcio","item":"https:\/\/www.iquilibrio.com\/blog\/"},{"@type":"ListItem","position":2,"name":"Merc\u00fario Retr\u00f3grado 2023: Adversidades e Esperan\u00e7as"}]},{"@type":"WebSite","@id":"https:\/\/www.iquilibrio.com\/blog\/#website","url":"https:\/\/www.iquilibrio.com\/blog\/","name":"iQuilibrio","description":"Blog iQuilibrio","publisher":{"@id":"https:\/\/www.iquilibrio.com\/blog\/#organization"},"potentialAction":[{"@type":"SearchAction","target":{"@type":"EntryPoint","urlTemplate":"https:\/\/www.iquilibrio.com\/blog\/?s={search_term_string}"},"query-input":{"@type":"PropertyValueSpecification","valueRequired":true,"valueName":"search_term_string"}}],"inLanguage":"pt-BR"},{"@type":"Organization","@id":"https:\/\/www.iquilibrio.com\/blog\/#organization","name":"Esoterismo, Misticismo e Tarot Online - iQuilibrio","url":"https:\/\/www.iquilibrio.com\/blog\/","logo":{"@type":"ImageObject","inLanguage":"pt-BR","@id":"https:\/\/www.iquilibrio.com\/blog\/#\/schema\/logo\/image\/","url":"https:\/\/www.iquilibrio.com\/blog\/wp-content\/uploads\/2018\/12\/iquilibrio_lovo_vetor_preto-retina.png","contentUrl":"https:\/\/www.iquilibrio.com\/blog\/wp-content\/uploads\/2018\/12\/iquilibrio_lovo_vetor_preto-retina.png","width":972,"height":180,"caption":"Esoterismo, Misticismo e Tarot Online - iQuilibrio"},"image":{"@id":"https:\/\/www.iquilibrio.com\/blog\/#\/schema\/logo\/image\/"},"sameAs":["https:\/\/www.facebook.com\/iQuilibrio\/","https:\/\/x.com\/iquilibrio","https:\/\/www.instagram.com\/iquilibrio\/","https:\/\/www.linkedin.com\/company\/iquilibrio\/","https:\/\/br.pinterest.com\/iquilibrio1397\/","https:\/\/www.youtube.com\/channel\/UC175qxd-4Zsi4wzawT5zF2g"]},{"@type":"Person","@id":"https:\/\/www.iquilibrio.com\/blog\/#\/schema\/person\/d2a838a4b9311bdef1bd3fe2cdab523b","name":"Caroline Rodrigues","image":{"@type":"ImageObject","inLanguage":"pt-BR","@id":"https:\/\/www.iquilibrio.com\/blog\/wp-content\/uploads\/2023\/07\/Imagem-do-WhatsApp-de-2023-07-12-as-15.51.46-150x150.jpg","url":"https:\/\/www.iquilibrio.com\/blog\/wp-content\/uploads\/2023\/07\/Imagem-do-WhatsApp-de-2023-07-12-as-15.51.46-150x150.jpg","contentUrl":"https:\/\/www.iquilibrio.com\/blog\/wp-content\/uploads\/2023\/07\/Imagem-do-WhatsApp-de-2023-07-12-as-15.51.46-150x150.jpg","caption":"Caroline Rodrigues"},"description":"Leitora de fantasias e curiosa por aprender sobre si mesma e o mundo ao seu redor! \u00c9 ariana e por isso n\u00e3o nega a vontade de fazer v\u00e1rias coisas de uma s\u00f3 vez, apaixonada por tudo que a faz se questionar sobre as suas pr\u00f3prias certezas, seja em filmes, s\u00e9ries ou livros! Gosta de praticar medita\u00e7\u00e3o e limpezas espirituais para equilibrar as energias em casa e ler sobre o universo e seus segredos\u00a0tamb\u00e9m! Encara escrever como uma forma de se expressar e falar o que sente, visto que \u00e9 uma pessoa muito sens\u00edvel\u00a0e\u00a0emotiva!","url":"https:\/\/www.iquilibrio.com\/blog\/author\/caroline-rodrigues\/"}]}},"_links":{"self":[{"href":"https:\/\/www.iquilibrio.com\/blog\/wp-json\/wp\/v2\/posts\/39368","targetHints":{"allow":["GET"]}}],"collection":[{"href":"https:\/\/www.iquilibrio.com\/blog\/wp-json\/wp\/v2\/posts"}],"about":[{"href":"https:\/\/www.iquilibrio.com\/blog\/wp-json\/wp\/v2\/types\/post"}],"author":[{"embeddable":true,"href":"https:\/\/www.iquilibrio.com\/blog\/wp-json\/wp\/v2\/users\/161"}],"replies":[{"embeddable":true,"href":"https:\/\/www.iquilibrio.com\/blog\/wp-json\/wp\/v2\/comments?post=39368"}],"version-history":[{"count":1,"href":"https:\/\/www.iquilibrio.com\/blog\/wp-json\/wp\/v2\/posts\/39368\/revisions"}],"predecessor-version":[{"id":39372,"href":"https:\/\/www.iquilibrio.com\/blog\/wp-json\/wp\/v2\/posts\/39368\/revisions\/39372"}],"wp:featuredmedia":[{"embeddable":true,"href":"https:\/\/www.iquilibrio.com\/blog\/wp-json\/wp\/v2\/media\/39369"}],"wp:attachment":[{"href":"https:\/\/www.iquilibrio.com\/blog\/wp-json\/wp\/v2\/media?parent=39368"}],"wp:term":[{"taxonomy":"category","embeddable":true,"href":"https:\/\/www.iquilibrio.com\/blog\/wp-json\/wp\/v2\/categories?post=39368"},{"taxonomy":"post_tag","embeddable":true,"href":"https:\/\/www.iquilibrio.com\/blog\/wp-json\/wp\/v2\/tags?post=39368"}],"curies":[{"name":"wp","href":"https:\/\/api.w.org\/{rel}","templated":true}]}}