{"id":39266,"date":"2023-07-19T07:00:41","date_gmt":"2023-07-19T10:00:41","guid":{"rendered":"https:\/\/www.iquilibrio.com\/blog\/?p=39266"},"modified":"2023-07-06T10:26:04","modified_gmt":"2023-07-06T13:26:04","slug":"previsao-do-fim-de-semana-21-a-23-de-julho","status":"publish","type":"post","link":"https:\/\/www.iquilibrio.com\/blog\/outros\/previsao-do-fim-de-semana-21-a-23-de-julho\/","title":{"rendered":"Previs\u00e3o do fim de semana [21 a 23 de Julho]"},"content":{"rendered":"<p>A sua\u00a0<strong>p<\/strong><strong>revis\u00e3o para o fim de semana \u2013 21 a 23 de Julho \u2013 <\/strong>chegou! O que ser\u00e1 que te aguarda neste segundo fim de semana do quarto m\u00eas do ano? Para isso te convido a confiar em seus instintos!<\/p>\n<p>Mas como fazer isso? Voc\u00ea ir\u00e1 escolher uma das tr\u00eas cartas abaixo e, em seguida, ler\u00e1 a resposta que segue sobre cada uma delas.\u00a0<strong>Dica<\/strong>: se precisar se aprofundar no significado da sua carta, aqui no\u00a0<a href=\"https:\/\/www.iquilibrio.com\/blog\/\">blog da iQui<\/a>\u00a0temos os significados de todas!<\/p>\n<p>Leia as s\u00e1bias palavras do consultor Abra\u00e3o e tenha um incr\u00edvel fim de semana. Acredite em seu potencial e jamais deixe de se amar!<\/p>\n<p>Beijos,<\/p>\n<p><strong>Equipe Iqui<\/strong><\/p>\n<hr \/>\n<h2><span id=\"Previsao_para_o_fim_de_semana_07_a_09_de_Julho\"><span id=\"Previsao_para_o_fim_de_semana_30_de_junho_a_02_de_Julho\"><span id=\"Previsao_para_o_fim_de_semana_16_a_18_de_Junho\"><span id=\"Previsao_para_o_fim_de_semana_09_a_11_de_Junho\"><span id=\"Previsao_para_o_fim_de_semana_02_a_04_de_Junho\"><span id=\"Previsao_para_o_fim_de_semana_26_a_28_de_Maio\"><span id=\"Previsao_para_o_fim_de_semana_19_a_21_de_Maio\"><span id=\"Previsao_para_o_fim_de_semana_12_a_14_de_Maio\"><span id=\"Previsao_para_o_fim_de_semana_05_a_07_de_Maio\"><span id=\"Previsao_para_o_fim_de_semana_28_a_30_de_Abril\"><span id=\"Previsao_para_o_fim_de_semana_21_a_23_de_Abril\"><span id=\"Previsao_para_o_fim_de_semana_14_a_16_de_Abril\"><span id=\"Previsao_para_o_fim_de_semana_10_a_12_de_Marco\">Previs\u00e3o para o fim de semana 21 a 23 de Julho<\/span><\/span><\/span><\/span><\/span><\/span><\/span><\/span><\/span><\/span><\/span><\/span><\/span><\/h2>\n<h2><span id=\"Se_concentre_e_escolha_uma_das_3_cartas\"><strong>Se concentre e escolha uma das 3 cartas!<\/strong><\/span><\/h2>\n<figure id=\"attachment_38650\" class=\"wp-caption aligncenter\" aria-describedby=\"caption-attachment-38650\"><img loading=\"lazy\" decoding=\"async\" class=\"wp-image-38650 size-full td-animation-stack-type0-2\" src=\"https:\/\/www.iquilibrio.com\/blog\/wp-content\/uploads\/2023\/03\/BLOG-previsao_fim_de_semana-2-iQui-900x560-min.jpg\" sizes=\"auto, (max-width: 900px) 100vw, 900px\" srcset=\"https:\/\/www.iquilibrio.com\/blog\/wp-content\/uploads\/2023\/03\/BLOG-previsao_fim_de_semana-2-iQui-900x560-min.jpg 900w, https:\/\/www.iquilibrio.com\/blog\/wp-content\/uploads\/2023\/03\/BLOG-previsao_fim_de_semana-2-iQui-900x560-min-300x187.jpg 300w, https:\/\/www.iquilibrio.com\/blog\/wp-content\/uploads\/2023\/03\/BLOG-previsao_fim_de_semana-2-iQui-900x560-min-768x478.jpg 768w, https:\/\/www.iquilibrio.com\/blog\/wp-content\/uploads\/2023\/03\/BLOG-previsao_fim_de_semana-2-iQui-900x560-min-696x433.jpg 696w, https:\/\/www.iquilibrio.com\/blog\/wp-content\/uploads\/2023\/03\/BLOG-previsao_fim_de_semana-2-iQui-900x560-min-675x420.jpg 675w\" alt=\"Previs\u00e3o Fim de Semana - escolha uma das tr\u00eas cartas\" width=\"900\" height=\"560\" \/><figcaption id=\"caption-attachment-38650\" class=\"wp-caption-text\">Escolha uma das tr\u00eas cartas acima<\/figcaption><\/figure>\n<h3><span id=\"Respire_Qual_mais_chamou_sua_atencao\"><strong><span id=\"Seja_sincero_qual_mais_chama_sua_atencao\">Respire. Qual mais chamou sua aten\u00e7\u00e3o?<\/span><\/strong><\/span><\/h3>\n<p>Agora que voc\u00ea j\u00e1 escolheu mentalmente a carta que te guiar\u00e1 neste fim de semana, ent\u00e3o<strong>\u00a0confira abaixo a resposta e veja o que ela te revelar\u00e1!<\/strong><\/p>\n<p style=\"text-align: center;\"><a href=\"https:\/\/www.iquilibrio.com\/v2\/?utm_campaign=previsao_conversao&amp;utm_medium=texto_cta&amp;utm_source=blog&amp;utm_content=2023_previsao_fim_semana_marco\" target=\"_blank\" rel=\"noopener\"><span class=\"td_btn td_btn_sm td_round_btn td_btn_md\">Precisando e mais de uma carta para prever o futuro? Sua carta est\u00e1 aqui!<\/span><\/a><\/p>\n<div class=\"tve-leads-in-content tve-tl-anim tve-leads-track-in_content-813 tl-anim-instant tve-leads-triggered\">\n<div id=\"tve_tcb2_multi-step-set-056_m1\" class=\"tl-style\" data-state=\"813\" data-form-state=\"\">\n<div class=\"tve-leads-conversion-object\" data-tl-type=\"in_content\">\n<div class=\"tve_flt\">\n<div id=\"tve_editor\" class=\"tve_shortcode_editor\">\n<div class=\"thrv-leads-form-box tve_no_drag tve_no_icons thrv_wrapper tve_editor_main_content tve_empty_dropzone\" data-css=\"tve-u-05ad5fa841fcda\">\n<div class=\"thrv_wrapper tve_image_caption\" data-css=\"tve-u-179814672ee\"><\/div>\n<\/div>\n<\/div>\n<\/div>\n<\/div>\n<\/div>\n<\/div>\n<h3><span id=\"Carta_1_Previsao_para_o_fim_de_semana\">[Carta 1] Previs\u00e3o para o fim de semana<\/span><\/h3>\n<p><img loading=\"lazy\" decoding=\"async\" class=\"alignleft wp-image-12589 size-medium\" src=\"https:\/\/www.iquilibrio.com\/blog\/wp-content\/uploads\/2017\/12\/eremita-181x300.jpg\" alt=\"\" width=\"181\" height=\"300\" \/>Se voc\u00ea escolheu esta carta, saiba que ela fala sobre a necessidade de se conectar com a sua luz interior, de parar um pouco e fugir do barulho do mundo para encontrar a voz de Deus no sil\u00eancio do cora\u00e7\u00e3o.<\/p>\n<p><strong>No campo amoroso<\/strong>, esta carta fala sobre uma pessoa solteira, ou ao menos sozinha, e aponta que esse \u00e9 um bom per\u00edodo para avaliar a sua postura diante da vida amorosa.<\/p>\n<p><strong>No campo profissional<\/strong>, esta carta aconselha a evitar riscos<br \/>\ndesnecess\u00e1rios, e a se recolher para uma melhor prepara\u00e7\u00e3o diante de desafios futuros.<br \/>\nTamb\u00e9m \u00e9 uma carta que aconselha a melhorar a forma\u00e7\u00e3o profissional.<\/p>\n<figure id=\"attachment_14765\" class=\"wp-caption alignleft\" aria-describedby=\"caption-attachment-14765\"><\/figure>\n<p><strong>No campo da sa\u00fade<\/strong>, esta carta fala sobre a necessidade de procurar um m\u00e9dico para avaliar a situa\u00e7\u00e3o da sua sa\u00fade! \u00c9 uma carta que tamb\u00e9m pode indicar um per\u00edodo de depress\u00e3o, portanto, cuide bem do seu cora\u00e7\u00e3o!<\/p>\n<h3><span id=\"Carta_2_Previsao_para_o_fim_de_semana\">[Carta 2] Previs\u00e3o para o fim de semana<\/span><\/h3>\n<figure id=\"attachment_15049\" class=\"wp-caption alignleft\" aria-describedby=\"caption-attachment-15049\"><figcaption id=\"caption-attachment-15049\" class=\"wp-caption-text\"><\/figcaption><\/figure>\n<p><img loading=\"lazy\" decoding=\"async\" class=\"size-full wp-image-10034 alignleft\" src=\"https:\/\/www.iquilibrio.com\/blog\/wp-content\/uploads\/2017\/09\/valete-de-espadas.jpg\" alt=\"carta waite valete de espadas\" width=\"239\" height=\"410\" \/>Todo valete \u00e9 um mensageiro! Sendo assim, as cartas dos Valetes podem indicar uma pessoa, uma situa\u00e7\u00e3o ou um aviso, dependendo das cartas que acompanham!<\/p>\n<p>O Valete de Espadas, sozinho, geralmente \u00e9 associado a um aviso, mas tamb\u00e9m pode indicar uma pessoa jovem que est\u00e1 perto de voc\u00ea e que tem influencia para resolver algum assunto da sua vida! Ao surgir num lan\u00e7amento, esta carta indica que voc\u00ea ser\u00e1 confrontado com desafios inesperados, por isso eu prefiro interpret\u00e1-la como um aviso!<\/p>\n<p><strong>No campo amoroso<\/strong>, esta carta diz que voc\u00ea deve usar sua intelig\u00eancia e sentido pr\u00e1tico para lidar com conflitos e situa\u00e7\u00f5es que v\u00e3o colocar sua rela\u00e7\u00e3o a prova.<\/p>\n<p><strong>No campo do trabalho<\/strong> esta carta diz que voc\u00ea deve ficar vigilante quanto a tudo o que faz e tudo o que acontece a sua volta, pois existe a possibilidade de uma mudan\u00e7a para a qual voc\u00ea deve estar preparado!<\/p>\n<p><strong>No campo da sa\u00fade<\/strong> esta carta indica para n\u00e3o desleixar a sua sa\u00fade.<\/p>\n<h3><span id=\"Carta_3_Previsao_para_o_fim_de_semana\">[Carta 3] Previs\u00e3o para o fim de semana<\/span><\/h3>\n<p><img loading=\"lazy\" decoding=\"async\" class=\"wp-image-14740 alignleft\" src=\"https:\/\/www.iquilibrio.com\/blog\/wp-content\/uploads\/2017\/09\/carta-tarot-cavaleiro-paus-2.jpg\" alt=\"cavaleiro de paus taort\" width=\"181\" height=\"351\" \/><\/p>\n<p>Se voc\u00ea escolheu esta carta, saiba que voc\u00ea se encontra prestes a partir para<br \/>\nalgo diferente, uma nova situa\u00e7\u00e3o. Apesar disso, voc\u00ea deve ser \u00e1gil para agarrar as<br \/>\noportunidades que se apresentam.<\/p>\n<p><strong>No campo amoroso<\/strong>, esta carta anuncia um afastamento s\u00fabito do parceiro, devido a diferen\u00e7as de opini\u00e3o, o que pode indicar uma mudan\u00e7a de atitudes. Para evitar isto, invista na comunica\u00e7\u00e3o!<\/p>\n<p><strong>No campo profissional<\/strong>, esta carta anuncia o recebimento de dinheiro inesperado, ou mudan\u00e7as na vida profissional. Apesar disso, tenha cuidado, pois estas<br \/>\nmudan\u00e7as podem ser imprevis\u00edveis!<\/p>\n<p><strong>No campo da sa\u00fade<\/strong>, esta carta anuncia uma energia muito forte e din\u00e2mica,<\/p>\n<p>que pode ser canalizada para mudan\u00e7as positivas em sua vida!<\/p>\n<hr \/>\n<h3><span id=\"Um_otimo_fim_de_semana_a_todos_com_muita_paz_luz_e_sucesso_Abraao\"><span id=\"8220Um_otimo_fim_de_semana_a_todos_com_muita_paz_luz_e_sucesso_8211_Abraao\"><span id=\"8221_Um_otimo_fim_de_semana_a_todos_com_muita_paz_luz_e_sucesso8221\"><strong>\u201cUm \u00f3timo fim de semana a todos, com muita paz, luz e sucesso! \u2013 Abra\u00e3o<\/strong><\/span><span id=\"8221_Um_otimo_fim_de_semana_a_todos_com_muita_paz_luz_e_sucesso8221\"><strong>\u201d<\/strong><\/span><\/span><\/span><\/h3>\n<p><img loading=\"lazy\" decoding=\"async\" class=\"wp-image-33031 aligncenter td-animation-stack-type0-2\" src=\"https:\/\/www.iquilibrio.com\/blog\/wp-content\/uploads\/2021\/10\/affection-300x300.png\" sizes=\"auto, (max-width: 73px) 100vw, 73px\" srcset=\"https:\/\/www.iquilibrio.com\/blog\/wp-content\/uploads\/2021\/10\/affection-300x300.png 300w, https:\/\/www.iquilibrio.com\/blog\/wp-content\/uploads\/2021\/10\/affection-150x150.png 150w, https:\/\/www.iquilibrio.com\/blog\/wp-content\/uploads\/2021\/10\/affection-420x420.png 420w, https:\/\/www.iquilibrio.com\/blog\/wp-content\/uploads\/2021\/10\/affection.png 512w\" alt=\"\" width=\"73\" height=\"73\" data-pagespeed-url-hash=\"4177743144\" \/><\/p>\n<p>Gostou da sua previs\u00e3o para o fim de semana? Agora, voc\u00ea pode tamb\u00e9m jogar\u00a0<strong>tarot online gr\u00e1tis<\/strong>\u00a0em nosso blog, para perguntas e respostas simples e pontuais.<\/p>\n<p style=\"text-align: center;\"><span class=\"td_btn td_btn_md td_round_btn\" style=\"color: #ffffff;\">\u00a0<a style=\"color: #ffffff;\" href=\"https:\/\/www.iquilibrio.com\/blog\/tarot-marselha-3-cartas\/\" target=\"_blank\" rel=\"noopener\"><strong>Clique aqui e fa\u00e7a sua pergunta!<\/strong><\/a><\/span><\/p>\n<hr \/>\n<h2><span id=\"Conheca_mais_sobre_o_consultor_Abraao\"><img loading=\"lazy\" decoding=\"async\" class=\"wp-image-20324 alignleft td-animation-stack-type0-2\" src=\"https:\/\/www.iquilibrio.com\/blog\/wp-content\/uploads\/2018\/10\/abraao.png\" alt=\"\" width=\"124\" height=\"124\" data-pagespeed-url-hash=\"3726655892\" \/>Conhe\u00e7a mais sobre o consultor Abra\u00e3o<\/span><\/h2>\n<p>Sou o Abra\u00e3o,\u00a0estudo Tarot h\u00e1 mais de 10 anos e tamb\u00e9m trabalho com Numerologia.<\/p>\n<p>\u00c9 muito gratificante saber que pude ao decorrer destes anos ajudar tantas pessoas com o meu dom e conhecimento, e espero que eu tamb\u00e9m possa ajudar voc\u00ea a se encontrar em um caminho de Luz.<\/p>\n\n\n<div class=\"kk-star-ratings kksr-auto kksr-align-left kksr-valign-bottom\"\n    data-payload='{&quot;align&quot;:&quot;left&quot;,&quot;id&quot;:&quot;39266&quot;,&quot;slug&quot;:&quot;default&quot;,&quot;valign&quot;:&quot;bottom&quot;,&quot;ignore&quot;:&quot;&quot;,&quot;reference&quot;:&quot;auto&quot;,&quot;class&quot;:&quot;&quot;,&quot;count&quot;:&quot;0&quot;,&quot;legendonly&quot;:&quot;&quot;,&quot;readonly&quot;:&quot;&quot;,&quot;score&quot;:&quot;0&quot;,&quot;starsonly&quot;:&quot;&quot;,&quot;best&quot;:&quot;5&quot;,&quot;gap&quot;:&quot;5&quot;,&quot;greet&quot;:&quot;Rate this post&quot;,&quot;legend&quot;:&quot;0\\\/5 - (0 voto)&quot;,&quot;size&quot;:&quot;24&quot;,&quot;title&quot;:&quot;Previs\u00e3o do fim de semana [21 a 23 de Julho]&quot;,&quot;width&quot;:&quot;0&quot;,&quot;_legend&quot;:&quot;{score}\\\/{best} - ({count} {votes})&quot;,&quot;font_factor&quot;:&quot;1.25&quot;}'>\n            \n<div class=\"kksr-stars\">\n    \n<div class=\"kksr-stars-inactive\">\n            <div class=\"kksr-star\" data-star=\"1\" style=\"padding-right: 5px\">\n            \n\n<div class=\"kksr-icon\" style=\"width: 24px; height: 24px;\"><\/div>\n        <\/div>\n            <div class=\"kksr-star\" data-star=\"2\" style=\"padding-right: 5px\">\n            \n\n<div class=\"kksr-icon\" style=\"width: 24px; height: 24px;\"><\/div>\n        <\/div>\n            <div class=\"kksr-star\" data-star=\"3\" style=\"padding-right: 5px\">\n            \n\n<div class=\"kksr-icon\" style=\"width: 24px; height: 24px;\"><\/div>\n        <\/div>\n            <div class=\"kksr-star\" data-star=\"4\" style=\"padding-right: 5px\">\n            \n\n<div class=\"kksr-icon\" style=\"width: 24px; height: 24px;\"><\/div>\n        <\/div>\n            <div class=\"kksr-star\" data-star=\"5\" style=\"padding-right: 5px\">\n            \n\n<div class=\"kksr-icon\" style=\"width: 24px; height: 24px;\"><\/div>\n        <\/div>\n    <\/div>\n    \n<div class=\"kksr-stars-active\" style=\"width: 0px;\">\n            <div class=\"kksr-star\" style=\"padding-right: 5px\">\n            \n\n<div class=\"kksr-icon\" style=\"width: 24px; height: 24px;\"><\/div>\n        <\/div>\n            <div class=\"kksr-star\" style=\"padding-right: 5px\">\n            \n\n<div class=\"kksr-icon\" style=\"width: 24px; height: 24px;\"><\/div>\n        <\/div>\n            <div class=\"kksr-star\" style=\"padding-right: 5px\">\n            \n\n<div class=\"kksr-icon\" style=\"width: 24px; height: 24px;\"><\/div>\n        <\/div>\n            <div class=\"kksr-star\" style=\"padding-right: 5px\">\n            \n\n<div class=\"kksr-icon\" style=\"width: 24px; height: 24px;\"><\/div>\n        <\/div>\n            <div class=\"kksr-star\" style=\"padding-right: 5px\">\n            \n\n<div class=\"kksr-icon\" style=\"width: 24px; height: 24px;\"><\/div>\n        <\/div>\n    <\/div>\n<\/div>\n                \n\n<div class=\"kksr-legend\" style=\"font-size: 19.2px;\">\n            <span class=\"kksr-muted\">Rate this post<\/span>\n    <\/div>\n    <\/div>\n","protected":false},"excerpt":{"rendered":"<p>A sua\u00a0previs\u00e3o para o fim de semana \u2013 21 a 23 de Julho \u2013 chegou! O que ser\u00e1 que te aguarda neste segundo fim de semana do quarto m\u00eas do ano? Para isso te convido a confiar em seus instintos! Mas como fazer isso? Voc\u00ea ir\u00e1 escolher uma das tr\u00eas cartas abaixo e, em seguida, [&hellip;]<\/p>\n","protected":false},"author":158,"featured_media":39017,"comment_status":"closed","ping_status":"closed","sticky":false,"template":"","format":"standard","meta":{"footnotes":""},"categories":[1,4219],"tags":[],"class_list":["post-39266","post","type-post","status-publish","format-standard","has-post-thumbnail","hentry","category-outros","category-previsao-fim-de-semana"],"yoast_head":"<!-- This site is optimized with the Yoast SEO plugin v27.4 - https:\/\/yoast.com\/product\/yoast-seo-wordpress\/ -->\n<title>Previs\u00e3o do fim de semana [21 a 23 de Julho] - iQuilibrio<\/title>\n<meta name=\"robots\" content=\"index, follow, max-snippet:-1, max-image-preview:large, max-video-preview:-1\" \/>\n<link rel=\"canonical\" href=\"https:\/\/www.iquilibrio.com\/blog\/outros\/previsao-do-fim-de-semana-21-a-23-de-julho\/\" \/>\n<meta property=\"og:locale\" content=\"pt_BR\" \/>\n<meta property=\"og:type\" content=\"article\" \/>\n<meta property=\"og:title\" content=\"Previs\u00e3o do fim de semana [21 a 23 de Julho] - iQuilibrio\" \/>\n<meta property=\"og:description\" content=\"A sua\u00a0previs\u00e3o para o fim de semana \u2013 21 a 23 de Julho \u2013 chegou! O que ser\u00e1 que te aguarda neste segundo fim de semana do quarto m\u00eas do ano? Para isso te convido a confiar em seus instintos! Mas como fazer isso? Voc\u00ea ir\u00e1 escolher uma das tr\u00eas cartas abaixo e, em seguida, [&hellip;]\" \/>\n<meta property=\"og:url\" content=\"https:\/\/www.iquilibrio.com\/blog\/outros\/previsao-do-fim-de-semana-21-a-23-de-julho\/\" \/>\n<meta property=\"og:site_name\" content=\"iQuilibrio\" \/>\n<meta property=\"article:publisher\" content=\"https:\/\/www.facebook.com\/iQuilibrio\/\" \/>\n<meta property=\"article:published_time\" content=\"2023-07-19T10:00:41+00:00\" \/>\n<meta property=\"og:image\" content=\"https:\/\/www.iquilibrio.com\/blog\/wp-content\/uploads\/2023\/05\/BLOG-previsao_fim_de_semana-iQui-900x560-min-2.jpg\" \/>\n\t<meta property=\"og:image:width\" content=\"900\" \/>\n\t<meta property=\"og:image:height\" content=\"560\" \/>\n\t<meta property=\"og:image:type\" content=\"image\/jpeg\" \/>\n<meta name=\"author\" content=\"Arthur Peroni\" \/>\n<meta name=\"twitter:card\" content=\"summary_large_image\" \/>\n<meta name=\"twitter:creator\" content=\"@iquilibrio\" \/>\n<meta name=\"twitter:site\" content=\"@iquilibrio\" \/>\n<meta name=\"twitter:label1\" content=\"Escrito por\" \/>\n\t<meta name=\"twitter:data1\" content=\"Arthur Peroni\" \/>\n\t<meta name=\"twitter:label2\" content=\"Est. tempo de leitura\" \/>\n\t<meta name=\"twitter:data2\" content=\"6 minutos\" \/>\n<script type=\"application\/ld+json\" class=\"yoast-schema-graph\">{\"@context\":\"https:\\\/\\\/schema.org\",\"@graph\":[{\"@type\":\"Article\",\"@id\":\"https:\\\/\\\/www.iquilibrio.com\\\/blog\\\/outros\\\/previsao-do-fim-de-semana-21-a-23-de-julho\\\/#article\",\"isPartOf\":{\"@id\":\"https:\\\/\\\/www.iquilibrio.com\\\/blog\\\/outros\\\/previsao-do-fim-de-semana-21-a-23-de-julho\\\/\"},\"author\":{\"name\":\"Arthur Peroni\",\"@id\":\"https:\\\/\\\/www.iquilibrio.com\\\/blog\\\/#\\\/schema\\\/person\\\/21ae990723c2e5a1170c9a06dacb4d3d\"},\"headline\":\"Previs\u00e3o do fim de semana [21 a 23 de Julho]\",\"datePublished\":\"2023-07-19T10:00:41+00:00\",\"mainEntityOfPage\":{\"@id\":\"https:\\\/\\\/www.iquilibrio.com\\\/blog\\\/outros\\\/previsao-do-fim-de-semana-21-a-23-de-julho\\\/\"},\"wordCount\":782,\"publisher\":{\"@id\":\"https:\\\/\\\/www.iquilibrio.com\\\/blog\\\/#organization\"},\"image\":{\"@id\":\"https:\\\/\\\/www.iquilibrio.com\\\/blog\\\/outros\\\/previsao-do-fim-de-semana-21-a-23-de-julho\\\/#primaryimage\"},\"thumbnailUrl\":\"https:\\\/\\\/www.iquilibrio.com\\\/blog\\\/wp-content\\\/uploads\\\/2023\\\/05\\\/BLOG-previsao_fim_de_semana-iQui-900x560-min-2.jpg\",\"articleSection\":[\"Outros\",\"Previs\u00e3o Fim de Semana\"],\"inLanguage\":\"pt-BR\"},{\"@type\":\"WebPage\",\"@id\":\"https:\\\/\\\/www.iquilibrio.com\\\/blog\\\/outros\\\/previsao-do-fim-de-semana-21-a-23-de-julho\\\/\",\"url\":\"https:\\\/\\\/www.iquilibrio.com\\\/blog\\\/outros\\\/previsao-do-fim-de-semana-21-a-23-de-julho\\\/\",\"name\":\"Previs\u00e3o do fim de semana [21 a 23 de Julho] - iQuilibrio\",\"isPartOf\":{\"@id\":\"https:\\\/\\\/www.iquilibrio.com\\\/blog\\\/#website\"},\"primaryImageOfPage\":{\"@id\":\"https:\\\/\\\/www.iquilibrio.com\\\/blog\\\/outros\\\/previsao-do-fim-de-semana-21-a-23-de-julho\\\/#primaryimage\"},\"image\":{\"@id\":\"https:\\\/\\\/www.iquilibrio.com\\\/blog\\\/outros\\\/previsao-do-fim-de-semana-21-a-23-de-julho\\\/#primaryimage\"},\"thumbnailUrl\":\"https:\\\/\\\/www.iquilibrio.com\\\/blog\\\/wp-content\\\/uploads\\\/2023\\\/05\\\/BLOG-previsao_fim_de_semana-iQui-900x560-min-2.jpg\",\"datePublished\":\"2023-07-19T10:00:41+00:00\",\"breadcrumb\":{\"@id\":\"https:\\\/\\\/www.iquilibrio.com\\\/blog\\\/outros\\\/previsao-do-fim-de-semana-21-a-23-de-julho\\\/#breadcrumb\"},\"inLanguage\":\"pt-BR\",\"potentialAction\":[{\"@type\":\"ReadAction\",\"target\":[\"https:\\\/\\\/www.iquilibrio.com\\\/blog\\\/outros\\\/previsao-do-fim-de-semana-21-a-23-de-julho\\\/\"]}]},{\"@type\":\"ImageObject\",\"inLanguage\":\"pt-BR\",\"@id\":\"https:\\\/\\\/www.iquilibrio.com\\\/blog\\\/outros\\\/previsao-do-fim-de-semana-21-a-23-de-julho\\\/#primaryimage\",\"url\":\"https:\\\/\\\/www.iquilibrio.com\\\/blog\\\/wp-content\\\/uploads\\\/2023\\\/05\\\/BLOG-previsao_fim_de_semana-iQui-900x560-min-2.jpg\",\"contentUrl\":\"https:\\\/\\\/www.iquilibrio.com\\\/blog\\\/wp-content\\\/uploads\\\/2023\\\/05\\\/BLOG-previsao_fim_de_semana-iQui-900x560-min-2.jpg\",\"width\":900,\"height\":560},{\"@type\":\"BreadcrumbList\",\"@id\":\"https:\\\/\\\/www.iquilibrio.com\\\/blog\\\/outros\\\/previsao-do-fim-de-semana-21-a-23-de-julho\\\/#breadcrumb\",\"itemListElement\":[{\"@type\":\"ListItem\",\"position\":1,\"name\":\"In\u00edcio\",\"item\":\"https:\\\/\\\/www.iquilibrio.com\\\/blog\\\/\"},{\"@type\":\"ListItem\",\"position\":2,\"name\":\"Previs\u00e3o do fim de semana [21 a 23 de Julho]\"}]},{\"@type\":\"WebSite\",\"@id\":\"https:\\\/\\\/www.iquilibrio.com\\\/blog\\\/#website\",\"url\":\"https:\\\/\\\/www.iquilibrio.com\\\/blog\\\/\",\"name\":\"iQuilibrio\",\"description\":\"Blog iQuilibrio\",\"publisher\":{\"@id\":\"https:\\\/\\\/www.iquilibrio.com\\\/blog\\\/#organization\"},\"potentialAction\":[{\"@type\":\"SearchAction\",\"target\":{\"@type\":\"EntryPoint\",\"urlTemplate\":\"https:\\\/\\\/www.iquilibrio.com\\\/blog\\\/?s={search_term_string}\"},\"query-input\":{\"@type\":\"PropertyValueSpecification\",\"valueRequired\":true,\"valueName\":\"search_term_string\"}}],\"inLanguage\":\"pt-BR\"},{\"@type\":\"Organization\",\"@id\":\"https:\\\/\\\/www.iquilibrio.com\\\/blog\\\/#organization\",\"name\":\"Esoterismo, Misticismo e Tarot Online - iQuilibrio\",\"url\":\"https:\\\/\\\/www.iquilibrio.com\\\/blog\\\/\",\"logo\":{\"@type\":\"ImageObject\",\"inLanguage\":\"pt-BR\",\"@id\":\"https:\\\/\\\/www.iquilibrio.com\\\/blog\\\/#\\\/schema\\\/logo\\\/image\\\/\",\"url\":\"https:\\\/\\\/www.iquilibrio.com\\\/blog\\\/wp-content\\\/uploads\\\/2018\\\/12\\\/iquilibrio_lovo_vetor_preto-retina.png\",\"contentUrl\":\"https:\\\/\\\/www.iquilibrio.com\\\/blog\\\/wp-content\\\/uploads\\\/2018\\\/12\\\/iquilibrio_lovo_vetor_preto-retina.png\",\"width\":972,\"height\":180,\"caption\":\"Esoterismo, Misticismo e Tarot Online - iQuilibrio\"},\"image\":{\"@id\":\"https:\\\/\\\/www.iquilibrio.com\\\/blog\\\/#\\\/schema\\\/logo\\\/image\\\/\"},\"sameAs\":[\"https:\\\/\\\/www.facebook.com\\\/iQuilibrio\\\/\",\"https:\\\/\\\/x.com\\\/iquilibrio\",\"https:\\\/\\\/www.instagram.com\\\/iquilibrio\\\/\",\"https:\\\/\\\/www.linkedin.com\\\/company\\\/iquilibrio\\\/\",\"https:\\\/\\\/br.pinterest.com\\\/iquilibrio1397\\\/\",\"https:\\\/\\\/www.youtube.com\\\/channel\\\/UC175qxd-4Zsi4wzawT5zF2g\"]},{\"@type\":\"Person\",\"@id\":\"https:\\\/\\\/www.iquilibrio.com\\\/blog\\\/#\\\/schema\\\/person\\\/21ae990723c2e5a1170c9a06dacb4d3d\",\"name\":\"Arthur Peroni\",\"image\":{\"@type\":\"ImageObject\",\"inLanguage\":\"pt-BR\",\"@id\":\"https:\\\/\\\/www.iquilibrio.com\\\/blog\\\/wp-content\\\/uploads\\\/2023\\\/04\\\/Arthur-Peroni-150x150.jpg\",\"url\":\"https:\\\/\\\/www.iquilibrio.com\\\/blog\\\/wp-content\\\/uploads\\\/2023\\\/04\\\/Arthur-Peroni-150x150.jpg\",\"contentUrl\":\"https:\\\/\\\/www.iquilibrio.com\\\/blog\\\/wp-content\\\/uploads\\\/2023\\\/04\\\/Arthur-Peroni-150x150.jpg\",\"caption\":\"Arthur Peroni\"},\"description\":\"Arthur Peroni escreve sobre a vida, o universo e tudo mais. Amante da literatura m\u00edstica, e fic\u00e7\u00e3o, descobriu sua carreira de redator gra\u00e7as ao h\u00e1bito de leitura constante sobre fantasia e drama. Nas horas vagas, gosta de cozinhar, ler e ver filmes antigos. J\u00e1 trabalhou com, comunica\u00e7\u00e3o social, massoterapia, terapias hol\u00edsticas e design de interiores. Atualmente trabalha como redator SEO e se entusiasma com tudo o que \u00e9 esot\u00e9rico. Gosta de discutir sobre assuntos complexos e instigantes, e v\u00ea na escrita uma oportunidade de aprender e criar todos os dias, mentalmente e espiritualmente.\",\"url\":\"https:\\\/\\\/www.iquilibrio.com\\\/blog\\\/author\\\/raul-vinicius\\\/\"}]}<\/script>\n<!-- \/ Yoast SEO plugin. -->","yoast_head_json":{"title":"Previs\u00e3o do fim de semana [21 a 23 de Julho] - iQuilibrio","robots":{"index":"index","follow":"follow","max-snippet":"max-snippet:-1","max-image-preview":"max-image-preview:large","max-video-preview":"max-video-preview:-1"},"canonical":"https:\/\/www.iquilibrio.com\/blog\/outros\/previsao-do-fim-de-semana-21-a-23-de-julho\/","og_locale":"pt_BR","og_type":"article","og_title":"Previs\u00e3o do fim de semana [21 a 23 de Julho] - iQuilibrio","og_description":"A sua\u00a0previs\u00e3o para o fim de semana \u2013 21 a 23 de Julho \u2013 chegou! O que ser\u00e1 que te aguarda neste segundo fim de semana do quarto m\u00eas do ano? Para isso te convido a confiar em seus instintos! Mas como fazer isso? Voc\u00ea ir\u00e1 escolher uma das tr\u00eas cartas abaixo e, em seguida, [&hellip;]","og_url":"https:\/\/www.iquilibrio.com\/blog\/outros\/previsao-do-fim-de-semana-21-a-23-de-julho\/","og_site_name":"iQuilibrio","article_publisher":"https:\/\/www.facebook.com\/iQuilibrio\/","article_published_time":"2023-07-19T10:00:41+00:00","og_image":[{"width":900,"height":560,"url":"https:\/\/www.iquilibrio.com\/blog\/wp-content\/uploads\/2023\/05\/BLOG-previsao_fim_de_semana-iQui-900x560-min-2.jpg","type":"image\/jpeg"}],"author":"Arthur Peroni","twitter_card":"summary_large_image","twitter_creator":"@iquilibrio","twitter_site":"@iquilibrio","twitter_misc":{"Escrito por":"Arthur Peroni","Est. tempo de leitura":"6 minutos"},"schema":{"@context":"https:\/\/schema.org","@graph":[{"@type":"Article","@id":"https:\/\/www.iquilibrio.com\/blog\/outros\/previsao-do-fim-de-semana-21-a-23-de-julho\/#article","isPartOf":{"@id":"https:\/\/www.iquilibrio.com\/blog\/outros\/previsao-do-fim-de-semana-21-a-23-de-julho\/"},"author":{"name":"Arthur Peroni","@id":"https:\/\/www.iquilibrio.com\/blog\/#\/schema\/person\/21ae990723c2e5a1170c9a06dacb4d3d"},"headline":"Previs\u00e3o do fim de semana [21 a 23 de Julho]","datePublished":"2023-07-19T10:00:41+00:00","mainEntityOfPage":{"@id":"https:\/\/www.iquilibrio.com\/blog\/outros\/previsao-do-fim-de-semana-21-a-23-de-julho\/"},"wordCount":782,"publisher":{"@id":"https:\/\/www.iquilibrio.com\/blog\/#organization"},"image":{"@id":"https:\/\/www.iquilibrio.com\/blog\/outros\/previsao-do-fim-de-semana-21-a-23-de-julho\/#primaryimage"},"thumbnailUrl":"https:\/\/www.iquilibrio.com\/blog\/wp-content\/uploads\/2023\/05\/BLOG-previsao_fim_de_semana-iQui-900x560-min-2.jpg","articleSection":["Outros","Previs\u00e3o Fim de Semana"],"inLanguage":"pt-BR"},{"@type":"WebPage","@id":"https:\/\/www.iquilibrio.com\/blog\/outros\/previsao-do-fim-de-semana-21-a-23-de-julho\/","url":"https:\/\/www.iquilibrio.com\/blog\/outros\/previsao-do-fim-de-semana-21-a-23-de-julho\/","name":"Previs\u00e3o do fim de semana [21 a 23 de Julho] - iQuilibrio","isPartOf":{"@id":"https:\/\/www.iquilibrio.com\/blog\/#website"},"primaryImageOfPage":{"@id":"https:\/\/www.iquilibrio.com\/blog\/outros\/previsao-do-fim-de-semana-21-a-23-de-julho\/#primaryimage"},"image":{"@id":"https:\/\/www.iquilibrio.com\/blog\/outros\/previsao-do-fim-de-semana-21-a-23-de-julho\/#primaryimage"},"thumbnailUrl":"https:\/\/www.iquilibrio.com\/blog\/wp-content\/uploads\/2023\/05\/BLOG-previsao_fim_de_semana-iQui-900x560-min-2.jpg","datePublished":"2023-07-19T10:00:41+00:00","breadcrumb":{"@id":"https:\/\/www.iquilibrio.com\/blog\/outros\/previsao-do-fim-de-semana-21-a-23-de-julho\/#breadcrumb"},"inLanguage":"pt-BR","potentialAction":[{"@type":"ReadAction","target":["https:\/\/www.iquilibrio.com\/blog\/outros\/previsao-do-fim-de-semana-21-a-23-de-julho\/"]}]},{"@type":"ImageObject","inLanguage":"pt-BR","@id":"https:\/\/www.iquilibrio.com\/blog\/outros\/previsao-do-fim-de-semana-21-a-23-de-julho\/#primaryimage","url":"https:\/\/www.iquilibrio.com\/blog\/wp-content\/uploads\/2023\/05\/BLOG-previsao_fim_de_semana-iQui-900x560-min-2.jpg","contentUrl":"https:\/\/www.iquilibrio.com\/blog\/wp-content\/uploads\/2023\/05\/BLOG-previsao_fim_de_semana-iQui-900x560-min-2.jpg","width":900,"height":560},{"@type":"BreadcrumbList","@id":"https:\/\/www.iquilibrio.com\/blog\/outros\/previsao-do-fim-de-semana-21-a-23-de-julho\/#breadcrumb","itemListElement":[{"@type":"ListItem","position":1,"name":"In\u00edcio","item":"https:\/\/www.iquilibrio.com\/blog\/"},{"@type":"ListItem","position":2,"name":"Previs\u00e3o do fim de semana [21 a 23 de Julho]"}]},{"@type":"WebSite","@id":"https:\/\/www.iquilibrio.com\/blog\/#website","url":"https:\/\/www.iquilibrio.com\/blog\/","name":"iQuilibrio","description":"Blog iQuilibrio","publisher":{"@id":"https:\/\/www.iquilibrio.com\/blog\/#organization"},"potentialAction":[{"@type":"SearchAction","target":{"@type":"EntryPoint","urlTemplate":"https:\/\/www.iquilibrio.com\/blog\/?s={search_term_string}"},"query-input":{"@type":"PropertyValueSpecification","valueRequired":true,"valueName":"search_term_string"}}],"inLanguage":"pt-BR"},{"@type":"Organization","@id":"https:\/\/www.iquilibrio.com\/blog\/#organization","name":"Esoterismo, Misticismo e Tarot Online - iQuilibrio","url":"https:\/\/www.iquilibrio.com\/blog\/","logo":{"@type":"ImageObject","inLanguage":"pt-BR","@id":"https:\/\/www.iquilibrio.com\/blog\/#\/schema\/logo\/image\/","url":"https:\/\/www.iquilibrio.com\/blog\/wp-content\/uploads\/2018\/12\/iquilibrio_lovo_vetor_preto-retina.png","contentUrl":"https:\/\/www.iquilibrio.com\/blog\/wp-content\/uploads\/2018\/12\/iquilibrio_lovo_vetor_preto-retina.png","width":972,"height":180,"caption":"Esoterismo, Misticismo e Tarot Online - iQuilibrio"},"image":{"@id":"https:\/\/www.iquilibrio.com\/blog\/#\/schema\/logo\/image\/"},"sameAs":["https:\/\/www.facebook.com\/iQuilibrio\/","https:\/\/x.com\/iquilibrio","https:\/\/www.instagram.com\/iquilibrio\/","https:\/\/www.linkedin.com\/company\/iquilibrio\/","https:\/\/br.pinterest.com\/iquilibrio1397\/","https:\/\/www.youtube.com\/channel\/UC175qxd-4Zsi4wzawT5zF2g"]},{"@type":"Person","@id":"https:\/\/www.iquilibrio.com\/blog\/#\/schema\/person\/21ae990723c2e5a1170c9a06dacb4d3d","name":"Arthur Peroni","image":{"@type":"ImageObject","inLanguage":"pt-BR","@id":"https:\/\/www.iquilibrio.com\/blog\/wp-content\/uploads\/2023\/04\/Arthur-Peroni-150x150.jpg","url":"https:\/\/www.iquilibrio.com\/blog\/wp-content\/uploads\/2023\/04\/Arthur-Peroni-150x150.jpg","contentUrl":"https:\/\/www.iquilibrio.com\/blog\/wp-content\/uploads\/2023\/04\/Arthur-Peroni-150x150.jpg","caption":"Arthur Peroni"},"description":"Arthur Peroni escreve sobre a vida, o universo e tudo mais. Amante da literatura m\u00edstica, e fic\u00e7\u00e3o, descobriu sua carreira de redator gra\u00e7as ao h\u00e1bito de leitura constante sobre fantasia e drama. Nas horas vagas, gosta de cozinhar, ler e ver filmes antigos. J\u00e1 trabalhou com, comunica\u00e7\u00e3o social, massoterapia, terapias hol\u00edsticas e design de interiores. Atualmente trabalha como redator SEO e se entusiasma com tudo o que \u00e9 esot\u00e9rico. Gosta de discutir sobre assuntos complexos e instigantes, e v\u00ea na escrita uma oportunidade de aprender e criar todos os dias, mentalmente e espiritualmente.","url":"https:\/\/www.iquilibrio.com\/blog\/author\/raul-vinicius\/"}]}},"_links":{"self":[{"href":"https:\/\/www.iquilibrio.com\/blog\/wp-json\/wp\/v2\/posts\/39266","targetHints":{"allow":["GET"]}}],"collection":[{"href":"https:\/\/www.iquilibrio.com\/blog\/wp-json\/wp\/v2\/posts"}],"about":[{"href":"https:\/\/www.iquilibrio.com\/blog\/wp-json\/wp\/v2\/types\/post"}],"author":[{"embeddable":true,"href":"https:\/\/www.iquilibrio.com\/blog\/wp-json\/wp\/v2\/users\/158"}],"replies":[{"embeddable":true,"href":"https:\/\/www.iquilibrio.com\/blog\/wp-json\/wp\/v2\/comments?post=39266"}],"version-history":[{"count":1,"href":"https:\/\/www.iquilibrio.com\/blog\/wp-json\/wp\/v2\/posts\/39266\/revisions"}],"predecessor-version":[{"id":39267,"href":"https:\/\/www.iquilibrio.com\/blog\/wp-json\/wp\/v2\/posts\/39266\/revisions\/39267"}],"wp:featuredmedia":[{"embeddable":true,"href":"https:\/\/www.iquilibrio.com\/blog\/wp-json\/wp\/v2\/media\/39017"}],"wp:attachment":[{"href":"https:\/\/www.iquilibrio.com\/blog\/wp-json\/wp\/v2\/media?parent=39266"}],"wp:term":[{"taxonomy":"category","embeddable":true,"href":"https:\/\/www.iquilibrio.com\/blog\/wp-json\/wp\/v2\/categories?post=39266"},{"taxonomy":"post_tag","embeddable":true,"href":"https:\/\/www.iquilibrio.com\/blog\/wp-json\/wp\/v2\/tags?post=39266"}],"curies":[{"name":"wp","href":"https:\/\/api.w.org\/{rel}","templated":true}]}}