{"id":39053,"date":"2023-11-28T07:00:29","date_gmt":"2023-11-28T10:00:29","guid":{"rendered":"https:\/\/www.iquilibrio.com\/blog\/?p=39053"},"modified":"2023-11-27T13:16:03","modified_gmt":"2023-11-27T16:16:03","slug":"nana-orixa","status":"publish","type":"post","link":"https:\/\/www.iquilibrio.com\/blog\/outros\/nana-orixa\/","title":{"rendered":"Nan\u00e3 Orix\u00e1: a bruxa sagrada da mitologia yorub\u00e1"},"content":{"rendered":"<p>Certamente,<b> Nan\u00e3 Orix\u00e1<\/b><span style=\"font-weight: 400;\"> \u00e9 uma figura muito poderosa na religi\u00e3o e mitologia yorub\u00e1. Como resultado<\/span><span style=\"font-weight: 400;\">, ela \u00e9 reverenciada como uma das <\/span>divindades mais antigas.<\/p>\n<p>Assim, ela tem um papel fundamental na <b>cria\u00e7\u00e3o do mundo e da humanidade, <\/b>por isso <span style=\"font-weight: 400;\">neste artigo, vamos ver curiosidades, caracter\u00edsticas e a verdadeira hist\u00f3ria do orix\u00e1 Nan\u00e3.\u00a0<\/span><\/p>\n<ul>\n<li style=\"font-weight: 400;\" aria-level=\"1\"><b>Quem \u00e9 o Orix\u00e1 Nan\u00e3: <\/b><span style=\"font-weight: 400;\">Afinal, quem \u00e9 Nan\u00e3, falamos sobre sua posi\u00e7\u00e3o como uma das divindades mais antigas e por que ela \u00e9 associada a uma bruxa;<\/span><\/li>\n<li style=\"font-weight: 400;\" aria-level=\"1\"><b>A verdadeira hist\u00f3ria de Nan\u00e3:<\/b><span style=\"font-weight: 400;\"> A hist\u00f3ria de Nan\u00e3, sua liga\u00e7\u00e3o simb\u00f3lica com a lama e seu conhecimento medicinal e curativo;<\/span><\/li>\n<li style=\"font-weight: 400;\" aria-level=\"1\"><b>Respeito aos mais velhos:<\/b><span style=\"font-weight: 400;\">\u00a0sua liga\u00e7\u00e3o com a sabedoria, introspec\u00e7\u00e3o e respeito pelos mais velhos, al\u00e9m de seu papel na purifica\u00e7\u00e3o e harmoniza\u00e7\u00e3o;<\/span><\/li>\n<li style=\"font-weight: 400;\" aria-level=\"1\"><b>Os filhos de Nan\u00e3:<\/b><span style=\"font-weight: 400;\"> aqueles que est\u00e3o ligados a ela e com sua sabedoria ancestral e s\u00e3o agentes de cura e orienta\u00e7\u00e3o espiritual;<\/span><\/li>\n<li style=\"font-weight: 400;\" aria-level=\"1\"><b>Ora\u00e7\u00e3o a Nan\u00e3.<\/b><\/li>\n<\/ul>\n<h2><span style=\"font-weight: 400;\">Quem \u00e9 Nan\u00e3 Orix\u00e1?<\/span><\/h2>\n<p><span style=\"font-weight: 400;\">Primeiramente, para saber quem \u00e9 o orix\u00e1 Nan\u00e3, precisamos conhecer tamb\u00e9m sua<\/span><a href=\"https:\/\/www.iquilibrio.com\/blog\/espiritualidade\/umbanda-candomble\/tudo-sobre-nana\/\"> <span style=\"font-weight: 400;\">origem<\/span><\/a><span style=\"font-weight: 400;\">.<\/span><\/p>\n<p><span style=\"font-weight: 400;\">Nan\u00e3 orix\u00e1 \u00e9 uma divindade feminina do<\/span><b> pante\u00e3o yorub\u00e1<\/b><span style=\"font-weight: 400;\">, de origem na \u00c1frica Ocidental <\/span><i><span style=\"font-weight: 400;\">(regi\u00e3o da Nig\u00e9ria e Benin)<\/span><\/i><span style=\"font-weight: 400;\">. Com isso, ela \u00e9 reverenciada principalmente nas religi\u00f5es afro-brasileiras, e tem destaque como uma das divindades <\/span><b>mais antigas e s\u00e1bias<\/b><span style=\"font-weight: 400;\">.\u00a0<\/span><\/p>\n<p><span style=\"font-weight: 400;\">Apesar de ser conhecida como Nan\u00e3, ela tamb\u00e9m \u00e9 chamada:<\/span><\/p>\n<ul>\n<li style=\"font-weight: 400;\" aria-level=\"1\"><span style=\"font-weight: 400;\">Nan\u00e3 Buruku;<\/span><\/li>\n<li style=\"font-weight: 400;\" aria-level=\"1\"><span style=\"font-weight: 400;\">Nan\u00e3 Buluku.<\/span><\/li>\n<\/ul>\n<p><span style=\"font-weight: 400;\">Al\u00e9m disso, ela \u00e9 associada \u00e0 lama, lagoas e p\u00e2ntanos, s\u00edmbolos da <\/span><b>fertilidade, transforma\u00e7\u00e3o e renova\u00e7\u00e3o<\/b><span style=\"font-weight: 400;\">. Da mesma forma, ela representa:<\/span><\/p>\n<ul>\n<li style=\"font-weight: 400;\" aria-level=\"1\"><span style=\"font-weight: 400;\">ancestralidade;<\/span><\/li>\n<li style=\"font-weight: 400;\" aria-level=\"1\"><span style=\"font-weight: 400;\">sabedoria;<\/span><\/li>\n<li style=\"font-weight: 400;\" aria-level=\"1\"><span style=\"font-weight: 400;\">poder feminino.<\/span><\/li>\n<\/ul>\n<p><span style=\"font-weight: 400;\">Por isso, recebeu tamb\u00e9m o t\u00edtulo de<\/span><b> guardi\u00e3 dos mortos<\/b><span style=\"font-weight: 400;\">, pois traz equil\u00edbrio entre a vida e a morte<\/span><\/p>\n<p><span style=\"font-weight: 400;\">Agora, vamos conhecer mais sobre os seus poderes e o que Nan\u00e3 faz na vida das pessoas.<\/span><\/p>\n<h3><span style=\"font-weight: 400;\">A Orix\u00e1 Nan\u00e3 \u00e9 considerada bruxa?<\/span><\/h3>\n<p><span style=\"font-weight: 400;\">Embora seja mencionada como<\/span><a href=\"https:\/\/www.iquilibrio.com\/blog\/espiritualidade\/xamanismo\/tipos-bruxa\/\"> <span style=\"font-weight: 400;\">bruxa<\/span><\/a><span style=\"font-weight: 400;\"> em alguns escritos, esse t\u00edtulo n\u00e3o tem significado pejorativo. Ao contr\u00e1rio de outros contextos.\u00a0<\/span><\/p>\n<p><span style=\"font-weight: 400;\">Dessa forma, o termo &#8220;<\/span><i><span style=\"font-weight: 400;\">bruxa<\/span><\/i><span style=\"font-weight: 400;\">&#8221; \u00e9 representa a <\/span><b>figura feminina com conhecimentos e poderes especiais. <\/b>Principalmente<span style=\"font-weight: 400;\"> associados \u00e0 sabedoria ancestral e ao dom\u00ednio sobre os mist\u00e9rios da vida e da morte.<\/span><\/p>\n<p><span style=\"font-weight: 400;\">Assim, as pessoas buscam a sabedoria de Nan\u00e3 para lidar com problemas de:<\/span><\/p>\n<ul>\n<li style=\"font-weight: 400;\" aria-level=\"1\"><span style=\"font-weight: 400;\">sa\u00fade;<\/span><\/li>\n<li style=\"font-weight: 400;\" aria-level=\"1\"><span style=\"font-weight: 400;\">fertilidade;<\/span><\/li>\n<li style=\"font-weight: 400;\" aria-level=\"1\"><span style=\"font-weight: 400;\">equil\u00edbrio emocional.\u00a0<\/span><\/li>\n<\/ul>\n<p style=\"text-align: center;\"><span class=\"td_btn td_btn_md td_round_btn\" style=\"color: #ffffff; background-color: #3366ff;\"><a style=\"color: #ffffff; background-color: #3366ff;\" href=\"https:\/\/www.iquilibrio.com\/meditacao\/?utm_campaign=blog_conversao&amp;utm_medium=texto_cta&amp;utm_source=blog&amp;utm_content=2023_cat_eumbanda-e-candomble_art_nana-orixa\" target=\"_blank\" rel=\"noopener\"><span style=\"font-weight: 400;\">Descubra o poder\u00a0 da medita\u00e7\u00e3o em sua vida e encontre sua paz interior!<\/span><\/a><\/span><\/p>\n<h3><span style=\"font-weight: 400;\">Nan\u00e3 e seus conhecimentos\u00a0<\/span><\/h3>\n<p><span style=\"font-weight: 400;\">Certamente, essa orix\u00e1 \u00e9 muito conhecida por suas capacidades curativas e conex\u00e3o com o mundo espiritual. Por isso, algumas de suas caracter\u00edsticas est\u00e3o ligadas\u00a0 ligadas \u00e0 cura, por exemplo:<\/span><\/p>\n<ul>\n<li style=\"font-weight: 400;\" aria-level=\"1\"><b>Conhecimento Medicinal:<\/b><span style=\"font-weight: 400;\"> rem\u00e9dios naturais, po\u00e7\u00f5es e prepara\u00e7\u00f5es utilizadas para tratar<\/span><a href=\"https:\/\/www.iquilibrio.com\/blog\/espiritualidade\/espiritualidade-e-saude\/\"> <span style=\"font-weight: 400;\">doen\u00e7as f\u00edsicas e espirituais<\/span><\/a><span style=\"font-weight: 400;\">;<\/span><\/li>\n<li style=\"font-weight: 400;\" aria-level=\"1\"><b>Purifica\u00e7\u00e3o e Limpeza:<\/b><span style=\"font-weight: 400;\">\u00a0 \u00e1s vezes, Nan\u00e3 \u00e9 invocada para realizar rituais de purifica\u00e7\u00e3o e limpeza <em>(f\u00edsica e espiritual)<\/em>;<\/span><\/li>\n<li style=\"font-weight: 400;\" aria-level=\"1\"><b>Harmoniza\u00e7\u00e3o Energ\u00e9tica:<\/b><span style=\"font-weight: 400;\"> sua presen\u00e7a tamb\u00e9m \u00e9 invocada para harmonizar e equilibrar as energias;<\/span><\/li>\n<li style=\"font-weight: 400;\" aria-level=\"1\"><b>Prote\u00e7\u00e3o e Fortalecimento:<\/b><span style=\"font-weight: 400;\"> Nan\u00e3 \u00e9 considerada protetora das gestantes, pois\u00a0 garante uma gesta\u00e7\u00e3o saud\u00e1vel e segura. Al\u00e9m disso, ela tamb\u00e9m oferece prote\u00e7\u00e3o e fortalecimento \u00e0s crian\u00e7as.<\/span><\/li>\n<\/ul>\n<p><span style=\"font-weight: 400;\">Contudo, \u00e9 importante lembrar que a busca por suas energias deve ser feita com respeito e de acordo com as tradi\u00e7\u00f5es da religi\u00e3o.<\/span><\/p>\n<figure id=\"attachment_39057\" aria-describedby=\"caption-attachment-39057\" style=\"width: 900px\" class=\"wp-caption alignnone\"><img loading=\"lazy\" decoding=\"async\" class=\"size-full wp-image-39057\" src=\"https:\/\/www.iquilibrio.com\/blog\/wp-content\/uploads\/2023\/05\/Nana-Orixa.jpg\" alt=\"Nan\u00e3 Orix\u00e1\" width=\"900\" height=\"560\" srcset=\"https:\/\/www.iquilibrio.com\/blog\/wp-content\/uploads\/2023\/05\/Nana-Orixa.jpg 900w, https:\/\/www.iquilibrio.com\/blog\/wp-content\/uploads\/2023\/05\/Nana-Orixa-300x187.jpg 300w, https:\/\/www.iquilibrio.com\/blog\/wp-content\/uploads\/2023\/05\/Nana-Orixa-768x478.jpg 768w, https:\/\/www.iquilibrio.com\/blog\/wp-content\/uploads\/2023\/05\/Nana-Orixa-696x433.jpg 696w, https:\/\/www.iquilibrio.com\/blog\/wp-content\/uploads\/2023\/05\/Nana-Orixa-675x420.jpg 675w\" sizes=\"auto, (max-width: 900px) 100vw, 900px\" \/><figcaption id=\"caption-attachment-39057\" class=\"wp-caption-text\">Nan\u00e3 Orix\u00e1<\/figcaption><\/figure>\n<h2><span style=\"font-weight: 400;\">A verdadeira hist\u00f3ria do Orix\u00e1 Nan\u00e3\u00a0<\/span><\/h2>\n<p><span style=\"font-weight: 400;\">A verdadeira hist\u00f3ria de Nan\u00e3 Orix\u00e1 come\u00e7a no in\u00edcio de tudo, pois de acordo com a mitologia, ela \u00e9 filha de <\/span><b>Olodumar\u00e9<\/b> <i><span style=\"font-weight: 400;\">(deus supremo).<\/span><\/i><span style=\"font-weight: 400;\"> Al\u00e9m disso, ela foi respons\u00e1vel por moldar a argila que deu origem \u00e0 humanidade.\u00a0<\/span><\/p>\n<p><span style=\"font-weight: 400;\">Por consequ\u00eancia, \u00e9 considerada a <\/span><b>m\u00e3e dos orix\u00e1s<\/b><span style=\"font-weight: 400;\">, pois trouxe \u00e0 vida divindades e seres humanos.\u00a0<\/span><span style=\"font-weight: 400;\">Sendo assim, sua influ\u00eancia \u00e9 fundamental na <\/span><b>manuten\u00e7\u00e3o do equil\u00edbrio c\u00f3smico. <\/b>Al\u00e9m da<span style=\"font-weight: 400;\">\u00a0prote\u00e7\u00e3o das almas que retornam ao plano espiritual.<\/span><\/p>\n<p><span style=\"font-weight: 400;\">Al\u00e9m disso, Nan\u00e3 tamb\u00e9m \u00e9 irm\u00e3 de outras divindades importantes, como:<\/span><\/p>\n<ul>\n<li style=\"font-weight: 400;\" aria-level=\"1\"><span style=\"font-weight: 400;\">Obatal\u00e1;<\/span><\/li>\n<li style=\"font-weight: 400;\" aria-level=\"1\"><span style=\"font-weight: 400;\">Ogun;<\/span><\/li>\n<li style=\"font-weight: 400;\" aria-level=\"1\"><a href=\"https:\/\/www.iquilibrio.com\/blog\/espiritualidade\/umbanda-candomble\/iemanja-rainha-mar\/\"><span style=\"font-weight: 400;\">Iemanj\u00e1<\/span><\/a><span style=\"font-weight: 400;\">;<\/span><\/li>\n<li style=\"font-weight: 400;\" aria-level=\"1\"><span style=\"font-weight: 400;\">Oxal\u00e1.<\/span><\/li>\n<\/ul>\n<p><span style=\"font-weight: 400;\">Como resultado, ela \u00e9 respeitada e reverenciada por muitas pessoas, e seu legado segue nas tradi\u00e7\u00f5es afro-brasileiras at\u00e9 hoje. Assim, para <\/span><b>honrar sua sabedoria e poder <\/b><span style=\"font-weight: 400;\">de transforma\u00e7\u00e3o, seu culto \u00e9 feito com festas e rituais.<\/span><\/p>\n<h3><span style=\"font-weight: 400;\">Sauda\u00e7\u00e3o a Nan\u00e3<\/span><\/h3>\n<p><span style=\"font-weight: 400;\">Certamente, as express\u00f5es mais usadas para saudar a orix\u00e1 s\u00e3o &#8220;<\/span><i><span style=\"font-weight: 400;\">Saluba Nan\u00e3<\/span><\/i><span style=\"font-weight: 400;\">&#8221; ou &#8220;<\/span><i><span style=\"font-weight: 400;\">Atot\u00f4, Nan\u00e3<\/span><\/i><span style=\"font-weight: 400;\">&#8220;. Seu significado \u00e9: <\/span><b>nos refugiamos em Nan\u00e3<\/b><span style=\"font-weight: 400;\"> ou <\/span><b>Salve a Senhora da Lama!<\/b><span style=\"font-weight: 400;\">\u00a0<\/span><\/p>\n<p><span style=\"font-weight: 400;\">Com isso, seus devotos mostram seu respeito e rever\u00eancia \u00e0 ela.\u00a0<\/span><\/p>\n<h3><span style=\"font-weight: 400;\">Qual a cor do orix\u00e1 Nan\u00e3?<\/span><\/h3>\n<p><span style=\"font-weight: 400;\">As cores associadas a Nan\u00e3 s\u00e3o:<\/span><\/p>\n<ul>\n<li><a href=\"https:\/\/www.astrocentro.com.br\/blog\/bem-estar\/significado-cor-roxa\/\" target=\"_blank\" rel=\"noopener\">\u00a0<span style=\"font-weight: 400;\">roxo<\/span><\/a><span style=\"font-weight: 400;\"> e o lil\u00e1s: s\u00edmbolos de <\/span><b>conex\u00e3o com a espiritualidade<\/b><span style=\"font-weight: 400;\">, introspec\u00e7\u00e3o e mist\u00e9rio;<\/span><\/li>\n<li>branco; s\u00edmbolo de pureza, sabedoria e ancestralidade.<\/li>\n<\/ul>\n<h3><span style=\"font-weight: 400;\">S\u00edmbolos de Nan\u00e3<\/span><\/h3>\n<p><span style=\"font-weight: 400;\">Nan\u00e3 \u00e9 representada por diversos s\u00edmbolos que refletem sua personalidade e poder. Alguns dos principais s\u00edmbolos s\u00e3o:<\/span><\/p>\n<ul>\n<li style=\"font-weight: 400;\" aria-level=\"1\"><b>Ibiri:<\/b><span style=\"font-weight: 400;\"> cajado ornado s\u00edmblos da autoridade e conex\u00e3o de Nan\u00e3 com seus ancestrais. \u00c9 um instrumento de poder e sabedoria, utilizado em rituais e cerim\u00f4nias religiosas;<\/span><\/li>\n<li style=\"font-weight: 400;\" aria-level=\"1\"><b>Lodo:<\/b><span style=\"font-weight: 400;\"> representa a <\/span><b>fertilidade<\/b><span style=\"font-weight: 400;\">, transforma\u00e7\u00e3o e o princ\u00edpio da cria\u00e7\u00e3o. Igualmente, a lama \u00e9 associada ao \u00fatero primordial e ao poder de gerar vida;<\/span><\/li>\n<li style=\"font-weight: 400;\" aria-level=\"1\"><b>Abad\u00e1:<\/b><span style=\"font-weight: 400;\"> uma esp\u00e9cie de manto ou vestimenta branca usado em cerim\u00f4nias religiosas dedicadas a Nan\u00e3. \u00c9 um s\u00edmbolo de pureza e rever\u00eancia;<\/span><\/li>\n<li style=\"font-weight: 400;\" aria-level=\"1\"><b>Jogo de b\u00fazios:<\/b><span style=\"font-weight: 400;\"> o jogo de b\u00fazios \u00e9 uma<\/span><a href=\"https:\/\/www.iquilibrio.com\/blog\/oraculos\/buzios\/jogo-como-funciona\/\"> <span style=\"font-weight: 400;\">pr\u00e1tica divinat\u00f3ria<\/span><\/a><span style=\"font-weight: 400;\"> utilizada para buscar orienta\u00e7\u00e3o e conselhos das divindades, nesse caso de Nan\u00e3.\u00a0<\/span><\/li>\n<\/ul>\n<p style=\"text-align: center;\"><span class=\"td_btn td_btn_md td_round_btn\" style=\"color: #ffffff; background-color: #3366ff;\"><a style=\"color: #ffffff; background-color: #3366ff;\" href=\"https:\/\/www.iquilibrio.com\/buzios\/?utm_campaign=blog_conversao&amp;utm_medium=texto_cta&amp;utm_source=blog&amp;utm_content=2023_cat_eumbanda-e-candomble_art_nana-orixa\" target=\"_blank\" rel=\"noopener\"><span style=\"font-weight: 400;\">Experimente o poder dos b\u00fazios, consulte agora mesmo nossos especialistas!<\/span><\/a><\/span><\/p>\n<h2><span style=\"font-weight: 400;\">Respeito aos Mais Velhos<\/span><\/h2>\n<p><span style=\"font-weight: 400;\">Por causa de sua imagem, Nan\u00e3 \u00e9 associada \u00e0:<\/span><\/p>\n<ul>\n<li style=\"font-weight: 400;\" aria-level=\"1\"><span style=\"font-weight: 400;\">respeito pelos mais velhos;<\/span><\/li>\n<li style=\"font-weight: 400;\" aria-level=\"1\"><a href=\"https:\/\/www.iquilibrio.com\/blog\/bem-estar\/autoconhecimento\/ancestralidade-espiritual\/\"><span style=\"font-weight: 400;\">valoriza\u00e7\u00e3o da ancestralidade<\/span><\/a><span style=\"font-weight: 400;\">;<\/span><\/li>\n<li style=\"font-weight: 400;\" aria-level=\"1\"><span style=\"font-weight: 400;\">sabedoria acumulada com os anos;<\/span><\/li>\n<li style=\"font-weight: 400;\" aria-level=\"1\"><span style=\"font-weight: 400;\">import\u00e2ncia de aprender com as experi\u00eancias do passado.<\/span><\/li>\n<\/ul>\n<p><span style=\"font-weight: 400;\">Por isso muitas pessoas tamb\u00e9m a procuram por meio de medita\u00e7\u00e3o. Dessa forma, <\/span><span style=\"font-weight: 400;\">a sabedoria de Nan\u00e3 pode orientar a jornada de quem a procura.<\/span><\/p>\n<h3><span style=\"font-weight: 400;\">O que significa ser de Nan\u00e3: os filhos da orix\u00e1<\/span><\/h3>\n<p><span style=\"font-weight: 400;\">Os<\/span><a href=\"https:\/\/www.astrocentro.com.br\/blog\/umbanda\/filhos-de-nana\/\" target=\"_blank\" rel=\"noopener\"> <span style=\"font-weight: 400;\">filhos de Nan\u00e3<\/span><\/a><span style=\"font-weight: 400;\"> s\u00e3o aqueles com uma liga\u00e7\u00e3o espiritual muito forte a ela. Da mesma forma s\u00e3o considerados consagrados a ela nas tradi\u00e7\u00f5es religiosas. Sendo assim, ser filho de Nan\u00e3, ou ser de Nan\u00e3, mostram <\/span><b>devo\u00e7\u00e3o e conex\u00e3o com sua energia<\/b><span style=\"font-weight: 400;\">.<\/span><\/p>\n<p><span style=\"font-weight: 400;\">Dessa forma, cada filho de Nan\u00e3 tem caracter\u00edsticas e responsabilidades espec\u00edficas, de acordo com as orienta\u00e7\u00f5es recebidas. Al\u00e9m disso, s\u00e3o intermedi\u00e1rios entre as pessoas e a orix\u00e1, e atuam como agentes de cura, prote\u00e7\u00e3o e orienta\u00e7\u00e3o espiritual.<\/span><\/p>\n<figure id=\"attachment_39055\" aria-describedby=\"caption-attachment-39055\" style=\"width: 900px\" class=\"wp-caption alignnone\"><img loading=\"lazy\" decoding=\"async\" class=\"size-full wp-image-39055\" src=\"https:\/\/www.iquilibrio.com\/blog\/wp-content\/uploads\/2023\/05\/Nana-Orixa-1.jpg\" alt=\"Nan\u00e3 Orix\u00e1\" width=\"900\" height=\"560\" srcset=\"https:\/\/www.iquilibrio.com\/blog\/wp-content\/uploads\/2023\/05\/Nana-Orixa-1.jpg 900w, https:\/\/www.iquilibrio.com\/blog\/wp-content\/uploads\/2023\/05\/Nana-Orixa-1-300x187.jpg 300w, https:\/\/www.iquilibrio.com\/blog\/wp-content\/uploads\/2023\/05\/Nana-Orixa-1-768x478.jpg 768w, https:\/\/www.iquilibrio.com\/blog\/wp-content\/uploads\/2023\/05\/Nana-Orixa-1-696x433.jpg 696w, https:\/\/www.iquilibrio.com\/blog\/wp-content\/uploads\/2023\/05\/Nana-Orixa-1-675x420.jpg 675w\" sizes=\"auto, (max-width: 900px) 100vw, 900px\" \/><figcaption id=\"caption-attachment-39055\" class=\"wp-caption-text\">Nan\u00e3 Orix\u00e1<\/figcaption><\/figure>\n<h2><span style=\"font-weight: 400;\">Ora\u00e7\u00e3o a Nan\u00e3<\/span><\/h2>\n<p><i><span style=\"font-weight: 400;\">&#8220;Saluba Nan\u00e3, senhora dos mist\u00e9rios e guardi\u00e3 da sabedoria ancestral,<\/span><\/i><\/p>\n<p><i><span style=\"font-weight: 400;\">Eu me curvo diante de sua presen\u00e7a com respeito e devo\u00e7\u00e3o.<\/span><\/i><\/p>\n<p><i><span style=\"font-weight: 400;\">Oh, Nan\u00e3, rainha das \u00e1guas primordiais e senhora da lama f\u00e9rtil,<\/span><\/i><\/p>\n<p><i><span style=\"font-weight: 400;\">Pe\u00e7o sua b\u00ean\u00e7\u00e3o e sua prote\u00e7\u00e3o em minha jornada.<\/span><\/i><\/p>\n<p><i><span style=\"font-weight: 400;\">Nan\u00e3, m\u00e3e compassiva que cura enfermidades,<\/span><\/i><\/p>\n<p><i><span style=\"font-weight: 400;\">Derrame suas b\u00ean\u00e7\u00e3os de cura sobre mim e sobre aqueles que amo.<\/span><\/i><\/p>\n<p><i><span style=\"font-weight: 400;\">Que sua sabedoria ancestral guie minhas escolhas e a\u00e7\u00f5es,<\/span><\/i><\/p>\n<p><i><span style=\"font-weight: 400;\">E que sua presen\u00e7a purifique e fortale\u00e7a meu corpo, mente e esp\u00edrito.<\/span><\/i><\/p>\n<p><i><span style=\"font-weight: 400;\">Que eu encontre\u00a0 paz interior e clareza em momentos de incerteza.<\/span><\/i><\/p>\n<p><i><span style=\"font-weight: 400;\">Me conceda sabedoria para enfrentar os desafios da vida,<\/span><\/i><\/p>\n<p><i><span style=\"font-weight: 400;\">Que sua presen\u00e7a me inspire a cultivar paci\u00eancia, compaix\u00e3o e aceita\u00e7\u00e3o.<\/span><\/i><\/p>\n<p><i><span style=\"font-weight: 400;\">Saluba Nan\u00e3, que sua luz brilhe sobre mim e\u00a0 todos os seres,<\/span><\/i><\/p>\n<p><i><span style=\"font-weight: 400;\">Que eu possa honrar e respeitar os mais velhos, assim como voc\u00ea faz.<\/span><\/i><\/p>\n<p><i><span style=\"font-weight: 400;\">Que sua presen\u00e7a sagrada esteja sempre comigo,<\/span><\/i><\/p>\n<p><i><span style=\"font-weight: 400;\">E que eu possa viver em harmonia com a natureza e com o divino.<\/span><\/i><\/p>\n<p><i><span style=\"font-weight: 400;\">Atot\u00f4, Nan\u00e3! Saluba Nan\u00e3!<\/span><\/i><\/p>\n<p><i><span style=\"font-weight: 400;\">Que assim seja!&#8221;<\/span><\/i><\/p>\n<p><span style=\"font-weight: 400;\">Nan\u00e3 Orix\u00e1 \u00e9 s\u00edmbolo de ancestralidade,<\/span><a href=\"https:\/\/www.iquilibrio.com\/blog\/espiritualidade\/wicca\/sagrado-feminino\/\"> <span style=\"font-weight: 400;\">sabedoria feminina<\/span><\/a><span style=\"font-weight: 400;\"> e equil\u00edbrio c\u00f3smico, e a sua import\u00e2ncia vai al\u00e9m das fronteiras culturais e geogr\u00e1ficas. Por isso ela \u00e9 t\u00e3o fundamental na espiritualidade.<\/span><\/p>\n<p><span style=\"font-weight: 400;\">Ent\u00e3o, agora que voc\u00ea j\u00e1 conhece a hist\u00f3ria de Nan\u00e3 Orix\u00e1, \u00e9 s\u00f3 buscar suas orienta\u00e7\u00f5es e honrar e valorizar sua sabedoria ancestral. Que Nan\u00e3 te traga muita sa\u00fade e sabedoria em sua jornada.<\/span><\/p>\n<p><span style=\"font-weight: 400;\">At\u00e9 a pr\u00f3xima!<\/span><\/p>\n<p style=\"text-align: center;\"><span class=\"td_btn td_btn_md td_round_btn\" style=\"color: #ffffff; background-color: #3366ff;\"><a style=\"color: #ffffff; background-color: #3366ff;\" href=\"https:\/\/www.iquilibrio.com\/previsoes\/?utm_campaign=blog_conversao&amp;utm_medium=texto_cta&amp;utm_source=blog&amp;utm_content=2023_cat_eumbanda-e-candomble_art_nana-orixa\" target=\"_blank\" rel=\"noopener\"><span style=\"font-weight: 400;\">Desvende seu o futuro com nossos or\u00e1culos e tenha as melhores previs\u00f5es!<\/span><\/a><\/span><\/p>\n<hr \/>\n<p><span style=\"font-weight: 400;\">Limpe e recarregue suas energias com esse poderoso banho.<\/span><\/p>\n<p><iframe loading=\"lazy\" title=\"APRENDA A FAZER UM BANHO ENERGIZANTE\" width=\"696\" height=\"392\" src=\"https:\/\/www.youtube.com\/embed\/6-sV-j5Bodo?feature=oembed\" frameborder=\"0\" allow=\"accelerometer; autoplay; clipboard-write; encrypted-media; gyroscope; picture-in-picture; web-share\" allowfullscreen><\/iframe><\/p>\n\n\n<div class=\"kk-star-ratings kksr-auto kksr-align-left kksr-valign-bottom\"\n    data-payload='{&quot;align&quot;:&quot;left&quot;,&quot;id&quot;:&quot;39053&quot;,&quot;slug&quot;:&quot;default&quot;,&quot;valign&quot;:&quot;bottom&quot;,&quot;ignore&quot;:&quot;&quot;,&quot;reference&quot;:&quot;auto&quot;,&quot;class&quot;:&quot;&quot;,&quot;count&quot;:&quot;1&quot;,&quot;legendonly&quot;:&quot;&quot;,&quot;readonly&quot;:&quot;&quot;,&quot;score&quot;:&quot;5&quot;,&quot;starsonly&quot;:&quot;&quot;,&quot;best&quot;:&quot;5&quot;,&quot;gap&quot;:&quot;5&quot;,&quot;greet&quot;:&quot;Rate this post&quot;,&quot;legend&quot;:&quot;5\\\/5 - (1 voto)&quot;,&quot;size&quot;:&quot;24&quot;,&quot;title&quot;:&quot;Nan\u00e3 Orix\u00e1: a bruxa sagrada da mitologia yorub\u00e1&quot;,&quot;width&quot;:&quot;142.5&quot;,&quot;_legend&quot;:&quot;{score}\\\/{best} - ({count} {votes})&quot;,&quot;font_factor&quot;:&quot;1.25&quot;}'>\n            \n<div class=\"kksr-stars\">\n    \n<div class=\"kksr-stars-inactive\">\n            <div class=\"kksr-star\" data-star=\"1\" style=\"padding-right: 5px\">\n            \n\n<div class=\"kksr-icon\" style=\"width: 24px; height: 24px;\"><\/div>\n        <\/div>\n            <div class=\"kksr-star\" data-star=\"2\" style=\"padding-right: 5px\">\n            \n\n<div class=\"kksr-icon\" style=\"width: 24px; height: 24px;\"><\/div>\n        <\/div>\n            <div class=\"kksr-star\" data-star=\"3\" style=\"padding-right: 5px\">\n            \n\n<div class=\"kksr-icon\" style=\"width: 24px; height: 24px;\"><\/div>\n        <\/div>\n            <div class=\"kksr-star\" data-star=\"4\" style=\"padding-right: 5px\">\n            \n\n<div class=\"kksr-icon\" style=\"width: 24px; height: 24px;\"><\/div>\n        <\/div>\n            <div class=\"kksr-star\" data-star=\"5\" style=\"padding-right: 5px\">\n            \n\n<div class=\"kksr-icon\" style=\"width: 24px; height: 24px;\"><\/div>\n        <\/div>\n    <\/div>\n    \n<div class=\"kksr-stars-active\" style=\"width: 142.5px;\">\n            <div class=\"kksr-star\" style=\"padding-right: 5px\">\n            \n\n<div class=\"kksr-icon\" style=\"width: 24px; height: 24px;\"><\/div>\n        <\/div>\n            <div class=\"kksr-star\" style=\"padding-right: 5px\">\n            \n\n<div class=\"kksr-icon\" style=\"width: 24px; height: 24px;\"><\/div>\n        <\/div>\n            <div class=\"kksr-star\" style=\"padding-right: 5px\">\n            \n\n<div class=\"kksr-icon\" style=\"width: 24px; height: 24px;\"><\/div>\n        <\/div>\n            <div class=\"kksr-star\" style=\"padding-right: 5px\">\n            \n\n<div class=\"kksr-icon\" style=\"width: 24px; height: 24px;\"><\/div>\n        <\/div>\n            <div class=\"kksr-star\" style=\"padding-right: 5px\">\n            \n\n<div class=\"kksr-icon\" style=\"width: 24px; height: 24px;\"><\/div>\n        <\/div>\n    <\/div>\n<\/div>\n                \n\n<div class=\"kksr-legend\" style=\"font-size: 19.2px;\">\n            5\/5 - (1 voto)    <\/div>\n    <\/div>\n","protected":false},"excerpt":{"rendered":"<p>Certamente, Nan\u00e3 Orix\u00e1 \u00e9 uma figura muito poderosa na religi\u00e3o e mitologia yorub\u00e1. Como resultado, ela \u00e9 reverenciada como uma das divindades mais antigas. Assim, ela tem um papel fundamental na cria\u00e7\u00e3o do mundo e da humanidade, por isso neste artigo, vamos ver curiosidades, caracter\u00edsticas e a verdadeira hist\u00f3ria do orix\u00e1 Nan\u00e3.\u00a0 Quem \u00e9 o [&hellip;]<\/p>\n","protected":false},"author":159,"featured_media":39056,"comment_status":"closed","ping_status":"closed","sticky":false,"template":"","format":"standard","meta":{"footnotes":""},"categories":[1],"tags":[458],"class_list":["post-39053","post","type-post","status-publish","format-standard","has-post-thumbnail","hentry","category-outros","tag-orixa"],"yoast_head":"<!-- This site is optimized with the Yoast SEO plugin v27.4 - https:\/\/yoast.com\/product\/yoast-seo-wordpress\/ -->\n<title>Nan\u00e3 Orix\u00e1: s\u00edmbolo da sabedoria e cura<\/title>\n<meta name=\"description\" content=\"Descubra a hist\u00f3ria de Nan\u00e3, o Orix\u00e1 da Sabedoria e da Ancestralidade, e entenda como ela pode trazer cura e orienta\u00e7\u00e3o espiritual.\" \/>\n<meta name=\"robots\" content=\"index, follow, max-snippet:-1, max-image-preview:large, max-video-preview:-1\" \/>\n<link rel=\"canonical\" href=\"https:\/\/www.iquilibrio.com\/blog\/outros\/nana-orixa\/\" \/>\n<meta property=\"og:locale\" content=\"pt_BR\" \/>\n<meta property=\"og:type\" content=\"article\" \/>\n<meta property=\"og:title\" content=\"Nan\u00e3 Orix\u00e1: s\u00edmbolo da sabedoria e cura\" \/>\n<meta property=\"og:description\" content=\"Descubra a hist\u00f3ria de Nan\u00e3, o Orix\u00e1 da Sabedoria e da Ancestralidade, e entenda como ela pode trazer cura e orienta\u00e7\u00e3o espiritual.\" \/>\n<meta property=\"og:url\" content=\"https:\/\/www.iquilibrio.com\/blog\/outros\/nana-orixa\/\" \/>\n<meta property=\"og:site_name\" content=\"iQuilibrio\" \/>\n<meta property=\"article:publisher\" content=\"https:\/\/www.facebook.com\/iQuilibrio\/\" \/>\n<meta property=\"article:published_time\" content=\"2023-11-28T10:00:29+00:00\" \/>\n<meta property=\"og:image\" content=\"https:\/\/www.iquilibrio.com\/blog\/wp-content\/uploads\/2023\/05\/Nana-Orixa-2.jpg\" \/>\n\t<meta property=\"og:image:width\" content=\"900\" \/>\n\t<meta property=\"og:image:height\" content=\"560\" \/>\n\t<meta property=\"og:image:type\" content=\"image\/jpeg\" \/>\n<meta name=\"author\" content=\"Thaly Barboza\" \/>\n<meta name=\"twitter:card\" content=\"summary_large_image\" \/>\n<meta name=\"twitter:creator\" content=\"@iquilibrio\" \/>\n<meta name=\"twitter:site\" content=\"@iquilibrio\" \/>\n<meta name=\"twitter:label1\" content=\"Escrito por\" \/>\n\t<meta name=\"twitter:data1\" content=\"Thaly Barboza\" \/>\n\t<meta name=\"twitter:label2\" content=\"Est. tempo de leitura\" \/>\n\t<meta name=\"twitter:data2\" content=\"8 minutos\" \/>\n<script type=\"application\/ld+json\" class=\"yoast-schema-graph\">{\"@context\":\"https:\\\/\\\/schema.org\",\"@graph\":[{\"@type\":\"Article\",\"@id\":\"https:\\\/\\\/www.iquilibrio.com\\\/blog\\\/outros\\\/nana-orixa\\\/#article\",\"isPartOf\":{\"@id\":\"https:\\\/\\\/www.iquilibrio.com\\\/blog\\\/outros\\\/nana-orixa\\\/\"},\"author\":{\"name\":\"Thaly Barboza\",\"@id\":\"https:\\\/\\\/www.iquilibrio.com\\\/blog\\\/#\\\/schema\\\/person\\\/3d4598b7daef5714d9764c40b5d54d5c\"},\"headline\":\"Nan\u00e3 Orix\u00e1: a bruxa sagrada da mitologia yorub\u00e1\",\"datePublished\":\"2023-11-28T10:00:29+00:00\",\"mainEntityOfPage\":{\"@id\":\"https:\\\/\\\/www.iquilibrio.com\\\/blog\\\/outros\\\/nana-orixa\\\/\"},\"wordCount\":1386,\"publisher\":{\"@id\":\"https:\\\/\\\/www.iquilibrio.com\\\/blog\\\/#organization\"},\"image\":{\"@id\":\"https:\\\/\\\/www.iquilibrio.com\\\/blog\\\/outros\\\/nana-orixa\\\/#primaryimage\"},\"thumbnailUrl\":\"https:\\\/\\\/www.iquilibrio.com\\\/blog\\\/wp-content\\\/uploads\\\/2023\\\/05\\\/Nana-Orixa-2.jpg\",\"keywords\":[\"Orix\u00e1\"],\"articleSection\":[\"Outros\"],\"inLanguage\":\"pt-BR\"},{\"@type\":\"WebPage\",\"@id\":\"https:\\\/\\\/www.iquilibrio.com\\\/blog\\\/outros\\\/nana-orixa\\\/\",\"url\":\"https:\\\/\\\/www.iquilibrio.com\\\/blog\\\/outros\\\/nana-orixa\\\/\",\"name\":\"Nan\u00e3 Orix\u00e1: s\u00edmbolo da sabedoria e cura\",\"isPartOf\":{\"@id\":\"https:\\\/\\\/www.iquilibrio.com\\\/blog\\\/#website\"},\"primaryImageOfPage\":{\"@id\":\"https:\\\/\\\/www.iquilibrio.com\\\/blog\\\/outros\\\/nana-orixa\\\/#primaryimage\"},\"image\":{\"@id\":\"https:\\\/\\\/www.iquilibrio.com\\\/blog\\\/outros\\\/nana-orixa\\\/#primaryimage\"},\"thumbnailUrl\":\"https:\\\/\\\/www.iquilibrio.com\\\/blog\\\/wp-content\\\/uploads\\\/2023\\\/05\\\/Nana-Orixa-2.jpg\",\"datePublished\":\"2023-11-28T10:00:29+00:00\",\"description\":\"Descubra a hist\u00f3ria de Nan\u00e3, o Orix\u00e1 da Sabedoria e da Ancestralidade, e entenda como ela pode trazer cura e orienta\u00e7\u00e3o espiritual.\",\"breadcrumb\":{\"@id\":\"https:\\\/\\\/www.iquilibrio.com\\\/blog\\\/outros\\\/nana-orixa\\\/#breadcrumb\"},\"inLanguage\":\"pt-BR\",\"potentialAction\":[{\"@type\":\"ReadAction\",\"target\":[\"https:\\\/\\\/www.iquilibrio.com\\\/blog\\\/outros\\\/nana-orixa\\\/\"]}]},{\"@type\":\"ImageObject\",\"inLanguage\":\"pt-BR\",\"@id\":\"https:\\\/\\\/www.iquilibrio.com\\\/blog\\\/outros\\\/nana-orixa\\\/#primaryimage\",\"url\":\"https:\\\/\\\/www.iquilibrio.com\\\/blog\\\/wp-content\\\/uploads\\\/2023\\\/05\\\/Nana-Orixa-2.jpg\",\"contentUrl\":\"https:\\\/\\\/www.iquilibrio.com\\\/blog\\\/wp-content\\\/uploads\\\/2023\\\/05\\\/Nana-Orixa-2.jpg\",\"width\":900,\"height\":560,\"caption\":\"Nan\u00e3 Orix\u00e1\"},{\"@type\":\"BreadcrumbList\",\"@id\":\"https:\\\/\\\/www.iquilibrio.com\\\/blog\\\/outros\\\/nana-orixa\\\/#breadcrumb\",\"itemListElement\":[{\"@type\":\"ListItem\",\"position\":1,\"name\":\"In\u00edcio\",\"item\":\"https:\\\/\\\/www.iquilibrio.com\\\/blog\\\/\"},{\"@type\":\"ListItem\",\"position\":2,\"name\":\"Nan\u00e3 Orix\u00e1: a bruxa sagrada da mitologia yorub\u00e1\"}]},{\"@type\":\"WebSite\",\"@id\":\"https:\\\/\\\/www.iquilibrio.com\\\/blog\\\/#website\",\"url\":\"https:\\\/\\\/www.iquilibrio.com\\\/blog\\\/\",\"name\":\"iQuilibrio\",\"description\":\"Blog iQuilibrio\",\"publisher\":{\"@id\":\"https:\\\/\\\/www.iquilibrio.com\\\/blog\\\/#organization\"},\"potentialAction\":[{\"@type\":\"SearchAction\",\"target\":{\"@type\":\"EntryPoint\",\"urlTemplate\":\"https:\\\/\\\/www.iquilibrio.com\\\/blog\\\/?s={search_term_string}\"},\"query-input\":{\"@type\":\"PropertyValueSpecification\",\"valueRequired\":true,\"valueName\":\"search_term_string\"}}],\"inLanguage\":\"pt-BR\"},{\"@type\":\"Organization\",\"@id\":\"https:\\\/\\\/www.iquilibrio.com\\\/blog\\\/#organization\",\"name\":\"Esoterismo, Misticismo e Tarot Online - iQuilibrio\",\"url\":\"https:\\\/\\\/www.iquilibrio.com\\\/blog\\\/\",\"logo\":{\"@type\":\"ImageObject\",\"inLanguage\":\"pt-BR\",\"@id\":\"https:\\\/\\\/www.iquilibrio.com\\\/blog\\\/#\\\/schema\\\/logo\\\/image\\\/\",\"url\":\"https:\\\/\\\/www.iquilibrio.com\\\/blog\\\/wp-content\\\/uploads\\\/2018\\\/12\\\/iquilibrio_lovo_vetor_preto-retina.png\",\"contentUrl\":\"https:\\\/\\\/www.iquilibrio.com\\\/blog\\\/wp-content\\\/uploads\\\/2018\\\/12\\\/iquilibrio_lovo_vetor_preto-retina.png\",\"width\":972,\"height\":180,\"caption\":\"Esoterismo, Misticismo e Tarot Online - iQuilibrio\"},\"image\":{\"@id\":\"https:\\\/\\\/www.iquilibrio.com\\\/blog\\\/#\\\/schema\\\/logo\\\/image\\\/\"},\"sameAs\":[\"https:\\\/\\\/www.facebook.com\\\/iQuilibrio\\\/\",\"https:\\\/\\\/x.com\\\/iquilibrio\",\"https:\\\/\\\/www.instagram.com\\\/iquilibrio\\\/\",\"https:\\\/\\\/www.linkedin.com\\\/company\\\/iquilibrio\\\/\",\"https:\\\/\\\/br.pinterest.com\\\/iquilibrio1397\\\/\",\"https:\\\/\\\/www.youtube.com\\\/channel\\\/UC175qxd-4Zsi4wzawT5zF2g\"]},{\"@type\":\"Person\",\"@id\":\"https:\\\/\\\/www.iquilibrio.com\\\/blog\\\/#\\\/schema\\\/person\\\/3d4598b7daef5714d9764c40b5d54d5c\",\"name\":\"Thaly Barboza\",\"image\":{\"@type\":\"ImageObject\",\"inLanguage\":\"pt-BR\",\"@id\":\"https:\\\/\\\/secure.gravatar.com\\\/avatar\\\/341d6c4b7158e03d5853a428959b37c577948b1ee8e6e5fc12f06d91c9a53ef4?s=96&d=blank&r=g\",\"url\":\"https:\\\/\\\/secure.gravatar.com\\\/avatar\\\/341d6c4b7158e03d5853a428959b37c577948b1ee8e6e5fc12f06d91c9a53ef4?s=96&d=blank&r=g\",\"contentUrl\":\"https:\\\/\\\/secure.gravatar.com\\\/avatar\\\/341d6c4b7158e03d5853a428959b37c577948b1ee8e6e5fc12f06d91c9a53ef4?s=96&d=blank&r=g\",\"caption\":\"Thaly Barboza\"},\"description\":\"Uma pedagoga curiosa e apaixonada por aprender coisas novas. Pronta para qualquer desafio, acredita que todos possuem uma miss\u00e3o na Terra! A troca de energia entre as pessoas \u00e9 essencial para aprendermos cada vez mais, por isso essa piscina ama passar um tempo com sua fam\u00edlia e seus amigos, pois sabe a import\u00e2ncia da ancestralidade. Quando n\u00e3o est\u00e1 se aventurando nos mais diversos universos de s\u00e9ries e livros, se dedica a aprender sobre as maravilhas do nosso pr\u00f3prio cosmo!\",\"url\":\"https:\\\/\\\/www.iquilibrio.com\\\/blog\\\/author\\\/thalita-barboza\\\/\"}]}<\/script>\n<!-- \/ Yoast SEO plugin. -->","yoast_head_json":{"title":"Nan\u00e3 Orix\u00e1: s\u00edmbolo da sabedoria e cura","description":"Descubra a hist\u00f3ria de Nan\u00e3, o Orix\u00e1 da Sabedoria e da Ancestralidade, e entenda como ela pode trazer cura e orienta\u00e7\u00e3o espiritual.","robots":{"index":"index","follow":"follow","max-snippet":"max-snippet:-1","max-image-preview":"max-image-preview:large","max-video-preview":"max-video-preview:-1"},"canonical":"https:\/\/www.iquilibrio.com\/blog\/outros\/nana-orixa\/","og_locale":"pt_BR","og_type":"article","og_title":"Nan\u00e3 Orix\u00e1: s\u00edmbolo da sabedoria e cura","og_description":"Descubra a hist\u00f3ria de Nan\u00e3, o Orix\u00e1 da Sabedoria e da Ancestralidade, e entenda como ela pode trazer cura e orienta\u00e7\u00e3o espiritual.","og_url":"https:\/\/www.iquilibrio.com\/blog\/outros\/nana-orixa\/","og_site_name":"iQuilibrio","article_publisher":"https:\/\/www.facebook.com\/iQuilibrio\/","article_published_time":"2023-11-28T10:00:29+00:00","og_image":[{"width":900,"height":560,"url":"https:\/\/www.iquilibrio.com\/blog\/wp-content\/uploads\/2023\/05\/Nana-Orixa-2.jpg","type":"image\/jpeg"}],"author":"Thaly Barboza","twitter_card":"summary_large_image","twitter_creator":"@iquilibrio","twitter_site":"@iquilibrio","twitter_misc":{"Escrito por":"Thaly Barboza","Est. tempo de leitura":"8 minutos"},"schema":{"@context":"https:\/\/schema.org","@graph":[{"@type":"Article","@id":"https:\/\/www.iquilibrio.com\/blog\/outros\/nana-orixa\/#article","isPartOf":{"@id":"https:\/\/www.iquilibrio.com\/blog\/outros\/nana-orixa\/"},"author":{"name":"Thaly Barboza","@id":"https:\/\/www.iquilibrio.com\/blog\/#\/schema\/person\/3d4598b7daef5714d9764c40b5d54d5c"},"headline":"Nan\u00e3 Orix\u00e1: a bruxa sagrada da mitologia yorub\u00e1","datePublished":"2023-11-28T10:00:29+00:00","mainEntityOfPage":{"@id":"https:\/\/www.iquilibrio.com\/blog\/outros\/nana-orixa\/"},"wordCount":1386,"publisher":{"@id":"https:\/\/www.iquilibrio.com\/blog\/#organization"},"image":{"@id":"https:\/\/www.iquilibrio.com\/blog\/outros\/nana-orixa\/#primaryimage"},"thumbnailUrl":"https:\/\/www.iquilibrio.com\/blog\/wp-content\/uploads\/2023\/05\/Nana-Orixa-2.jpg","keywords":["Orix\u00e1"],"articleSection":["Outros"],"inLanguage":"pt-BR"},{"@type":"WebPage","@id":"https:\/\/www.iquilibrio.com\/blog\/outros\/nana-orixa\/","url":"https:\/\/www.iquilibrio.com\/blog\/outros\/nana-orixa\/","name":"Nan\u00e3 Orix\u00e1: s\u00edmbolo da sabedoria e cura","isPartOf":{"@id":"https:\/\/www.iquilibrio.com\/blog\/#website"},"primaryImageOfPage":{"@id":"https:\/\/www.iquilibrio.com\/blog\/outros\/nana-orixa\/#primaryimage"},"image":{"@id":"https:\/\/www.iquilibrio.com\/blog\/outros\/nana-orixa\/#primaryimage"},"thumbnailUrl":"https:\/\/www.iquilibrio.com\/blog\/wp-content\/uploads\/2023\/05\/Nana-Orixa-2.jpg","datePublished":"2023-11-28T10:00:29+00:00","description":"Descubra a hist\u00f3ria de Nan\u00e3, o Orix\u00e1 da Sabedoria e da Ancestralidade, e entenda como ela pode trazer cura e orienta\u00e7\u00e3o espiritual.","breadcrumb":{"@id":"https:\/\/www.iquilibrio.com\/blog\/outros\/nana-orixa\/#breadcrumb"},"inLanguage":"pt-BR","potentialAction":[{"@type":"ReadAction","target":["https:\/\/www.iquilibrio.com\/blog\/outros\/nana-orixa\/"]}]},{"@type":"ImageObject","inLanguage":"pt-BR","@id":"https:\/\/www.iquilibrio.com\/blog\/outros\/nana-orixa\/#primaryimage","url":"https:\/\/www.iquilibrio.com\/blog\/wp-content\/uploads\/2023\/05\/Nana-Orixa-2.jpg","contentUrl":"https:\/\/www.iquilibrio.com\/blog\/wp-content\/uploads\/2023\/05\/Nana-Orixa-2.jpg","width":900,"height":560,"caption":"Nan\u00e3 Orix\u00e1"},{"@type":"BreadcrumbList","@id":"https:\/\/www.iquilibrio.com\/blog\/outros\/nana-orixa\/#breadcrumb","itemListElement":[{"@type":"ListItem","position":1,"name":"In\u00edcio","item":"https:\/\/www.iquilibrio.com\/blog\/"},{"@type":"ListItem","position":2,"name":"Nan\u00e3 Orix\u00e1: a bruxa sagrada da mitologia yorub\u00e1"}]},{"@type":"WebSite","@id":"https:\/\/www.iquilibrio.com\/blog\/#website","url":"https:\/\/www.iquilibrio.com\/blog\/","name":"iQuilibrio","description":"Blog iQuilibrio","publisher":{"@id":"https:\/\/www.iquilibrio.com\/blog\/#organization"},"potentialAction":[{"@type":"SearchAction","target":{"@type":"EntryPoint","urlTemplate":"https:\/\/www.iquilibrio.com\/blog\/?s={search_term_string}"},"query-input":{"@type":"PropertyValueSpecification","valueRequired":true,"valueName":"search_term_string"}}],"inLanguage":"pt-BR"},{"@type":"Organization","@id":"https:\/\/www.iquilibrio.com\/blog\/#organization","name":"Esoterismo, Misticismo e Tarot Online - iQuilibrio","url":"https:\/\/www.iquilibrio.com\/blog\/","logo":{"@type":"ImageObject","inLanguage":"pt-BR","@id":"https:\/\/www.iquilibrio.com\/blog\/#\/schema\/logo\/image\/","url":"https:\/\/www.iquilibrio.com\/blog\/wp-content\/uploads\/2018\/12\/iquilibrio_lovo_vetor_preto-retina.png","contentUrl":"https:\/\/www.iquilibrio.com\/blog\/wp-content\/uploads\/2018\/12\/iquilibrio_lovo_vetor_preto-retina.png","width":972,"height":180,"caption":"Esoterismo, Misticismo e Tarot Online - iQuilibrio"},"image":{"@id":"https:\/\/www.iquilibrio.com\/blog\/#\/schema\/logo\/image\/"},"sameAs":["https:\/\/www.facebook.com\/iQuilibrio\/","https:\/\/x.com\/iquilibrio","https:\/\/www.instagram.com\/iquilibrio\/","https:\/\/www.linkedin.com\/company\/iquilibrio\/","https:\/\/br.pinterest.com\/iquilibrio1397\/","https:\/\/www.youtube.com\/channel\/UC175qxd-4Zsi4wzawT5zF2g"]},{"@type":"Person","@id":"https:\/\/www.iquilibrio.com\/blog\/#\/schema\/person\/3d4598b7daef5714d9764c40b5d54d5c","name":"Thaly Barboza","image":{"@type":"ImageObject","inLanguage":"pt-BR","@id":"https:\/\/secure.gravatar.com\/avatar\/341d6c4b7158e03d5853a428959b37c577948b1ee8e6e5fc12f06d91c9a53ef4?s=96&d=blank&r=g","url":"https:\/\/secure.gravatar.com\/avatar\/341d6c4b7158e03d5853a428959b37c577948b1ee8e6e5fc12f06d91c9a53ef4?s=96&d=blank&r=g","contentUrl":"https:\/\/secure.gravatar.com\/avatar\/341d6c4b7158e03d5853a428959b37c577948b1ee8e6e5fc12f06d91c9a53ef4?s=96&d=blank&r=g","caption":"Thaly Barboza"},"description":"Uma pedagoga curiosa e apaixonada por aprender coisas novas. Pronta para qualquer desafio, acredita que todos possuem uma miss\u00e3o na Terra! A troca de energia entre as pessoas \u00e9 essencial para aprendermos cada vez mais, por isso essa piscina ama passar um tempo com sua fam\u00edlia e seus amigos, pois sabe a import\u00e2ncia da ancestralidade. Quando n\u00e3o est\u00e1 se aventurando nos mais diversos universos de s\u00e9ries e livros, se dedica a aprender sobre as maravilhas do nosso pr\u00f3prio cosmo!","url":"https:\/\/www.iquilibrio.com\/blog\/author\/thalita-barboza\/"}]}},"_links":{"self":[{"href":"https:\/\/www.iquilibrio.com\/blog\/wp-json\/wp\/v2\/posts\/39053","targetHints":{"allow":["GET"]}}],"collection":[{"href":"https:\/\/www.iquilibrio.com\/blog\/wp-json\/wp\/v2\/posts"}],"about":[{"href":"https:\/\/www.iquilibrio.com\/blog\/wp-json\/wp\/v2\/types\/post"}],"author":[{"embeddable":true,"href":"https:\/\/www.iquilibrio.com\/blog\/wp-json\/wp\/v2\/users\/159"}],"replies":[{"embeddable":true,"href":"https:\/\/www.iquilibrio.com\/blog\/wp-json\/wp\/v2\/comments?post=39053"}],"version-history":[{"count":3,"href":"https:\/\/www.iquilibrio.com\/blog\/wp-json\/wp\/v2\/posts\/39053\/revisions"}],"predecessor-version":[{"id":39915,"href":"https:\/\/www.iquilibrio.com\/blog\/wp-json\/wp\/v2\/posts\/39053\/revisions\/39915"}],"wp:featuredmedia":[{"embeddable":true,"href":"https:\/\/www.iquilibrio.com\/blog\/wp-json\/wp\/v2\/media\/39056"}],"wp:attachment":[{"href":"https:\/\/www.iquilibrio.com\/blog\/wp-json\/wp\/v2\/media?parent=39053"}],"wp:term":[{"taxonomy":"category","embeddable":true,"href":"https:\/\/www.iquilibrio.com\/blog\/wp-json\/wp\/v2\/categories?post=39053"},{"taxonomy":"post_tag","embeddable":true,"href":"https:\/\/www.iquilibrio.com\/blog\/wp-json\/wp\/v2\/tags?post=39053"}],"curies":[{"name":"wp","href":"https:\/\/api.w.org\/{rel}","templated":true}]}}