{"id":3851,"date":"2018-09-29T07:00:03","date_gmt":"2018-09-29T10:00:03","guid":{"rendered":"https:\/\/www.iquilibrio.com\/blog\/?p=3851"},"modified":"2019-03-20T15:43:48","modified_gmt":"2019-03-20T17:43:48","slug":"sao-miguel-arcanjo","status":"publish","type":"post","link":"https:\/\/www.iquilibrio.com\/blog\/espiritualidade\/cristianismo\/sao-miguel-arcanjo\/","title":{"rendered":"Conhe\u00e7a mais sobre S\u00e3o Miguel Arcanjo &#8211; O guardi\u00e3o guerreiro"},"content":{"rendered":"<p><strong>S\u00e3o Miguel Arcanjo<\/strong> \u00e9 o Pr\u00edncipe Celeste mais pr\u00f3ximo de Deus, seu pr\u00f3prio nome em hebraico significa: &#8220;Quem \u00e9 igual a Deus&#8221;.<\/p>\n<p>De acordo com a B\u00edblia, <strong>S\u00e3o Miguel<\/strong> \u00e9 um dos sete esp\u00edritos protetores direto do trono divino, sendo ele o mais pr\u00f3ximo do Pai e conhecido como o mais importante Pr\u00edncipe de Deus, sendo l\u00edder de Seu ex\u00e9rcito.<\/p>\n<p style=\"text-align: center;\"><a href=\"https:\/\/www.iquilibrio.com\/salmos\/\"><span class=\"td_btn td_btn_lg td_round_btn class-cta1\" style=\"color: #ffffff;\">Abra seus Caminhos AQUI com a Orienta\u00e7\u00e3o dos Melhores Especialistas em Salmos<\/span><\/a><\/p>\n<p>Na\u00a0<strong>Ora\u00e7\u00e3o de S\u00e3o Miguel<\/strong>, sempre pedimos por defesa e prote\u00e7\u00e3o, pois ele \u00e9 um dos Arcanjos mais destemidos e sempre est\u00e1 a frente no combate, sendo o\u00a0mais forte, destemido e corajoso. Quem busca por vit\u00f3ria e inspira\u00e7\u00e3o de determina\u00e7\u00e3o, pode contar com o aux\u00edlio deste Arcanjo.<\/p>\n<p>Aproveite para ler tamb\u00e9m o <a href=\"https:\/\/www.iquilibrio.com\/blog\/espiritualidade\/cristianismo\/dia-dos-arcanjos\/\"><strong>artigo dos arcanjos principais<\/strong><\/a>: Miguel, Rafael e Gabriel.<\/p>\n<p>Continue a leitura e conhe\u00e7a mais sobre <strong>S\u00e3o Miguel Arcanjo<\/strong>:<\/p>\n<h2>Hist\u00f3ria de S\u00e3o Miguel Arcanjo<\/h2>\n<p>S\u00e3o Miguel participou desde a cria\u00e7\u00e3o do mundo, sempre ao lado do Senhor pronto para acatar qualquer ordem requisitada.<\/p>\n<p>Miguel \u00e9 citado no livro do Apocalipse como um dos sete esp\u00edritos no grupo principal de Deus. Por ter este contato direto com o Alt\u00edssimo, Miguel \u00e9 um dos mensageiros de Deus para a humanidade, sua miss\u00e3o \u00e9 atender as solicita\u00e7\u00f5es divinas e defender os filhos amados do Pai sempre que preciso.<\/p>\n<p>A Igreja Cat\u00f3lica considera Miguel o seu fundador, sua base foi toda estruturada\u00a0em torno de sua prote\u00e7\u00e3o e dos decretos de Deus trazidos pelo Arcanjo. Na B\u00edblia \u00e9 poss\u00edvel identificar v\u00e1rias cita\u00e7\u00f5es em nome de S\u00e3o Miguel, abaixo algumas delas:<\/p>\n<blockquote><p>&#8220;Mas quando o Arcanjo Miguel, discutindo com o Diabo, disputava a respeito do corpo de Mois\u00e9s, n\u00e3o ousou pronunciar contra ele ju\u00edzo de maldi\u00e7\u00e3o, mas disse: O Senhor te repreenda &#8221; &#8211; (Judas 1,9)<\/p><\/blockquote>\n<p style=\"text-align: left;\">Aqui ele \u00e9 citado como um dos pr\u00edncipes celestes principais:<\/p>\n<blockquote><p>&#8220;Mas o pr\u00edncipe do reino da P\u00e9rsia me resistiu por vinte e um dias; e eis que Miguel, um dos primeiros pr\u00edncipes, veio para ajudar- me, e eu o deixei ali com os reis da P\u00e9rsia.&#8221;<\/p>\n<p>(Daniel 10,13)<\/p><\/blockquote>\n<p>Quando Deus resolveu punir L\u00facifer, foi Miguel quem lutou contra ele e o expulsou do reino celeste:<\/p>\n<blockquote><p>&#8220;Ent\u00e3o houve guerra no c\u00e9u:\u00a0Miguel e os seus anjos batalhavam contra o drag\u00e3o.E o drag\u00e3o e os seus anjos batalhavam, mas n\u00e3o prevaleceram, nem mais o seu lugar se achou no c\u00e9u. E foi precipitado o grande drag\u00e3o, a antiga serpente, que se chama o Diabo e Satan\u00e1s, que engana todo o mundo; foi precipitado na terra, e os seus anjos foram precipitados com ele. &#8221;<br \/>\n(Apo 12,7-9)<\/p><\/blockquote>\n<p>Os trechos abaixo explicam sobre Miguel ser o fundador da Igreja, portador da mensagem de Deus:<\/p>\n<blockquote><p><span class=\"paragrafo\">&#8220;O<\/span>ra, estando Josu\u00e9 perto de Jeric\u00f3, levantou os olhos, e olhou; e eis que estava em p\u00e9 diante dele um homem que tinha na m\u00e3o uma espada nua.\u00a0Chegou-se Josu\u00e9 a ele, e perguntou-lhe: \u00c9s tu por n\u00f3s, ou pelos nossos advers\u00e1rios?<\/p>\n<p>Resposta: N\u00e3o; mas\u00a0venho agora como pr\u00edncipe do ex\u00e9rcito do Senhor. Ent\u00e3o Josu\u00e9, prostrando-se com o rosto em terra, perguntou-lhe: Que diz meu Senhor ao seu servo?<\/p>\n<div class=\"bg1\">Resposta: Tira os sapatos dos p\u00e9s, porque o lugar em que est\u00e1s \u00e9 santo. E Josu\u00e9 assim fez:&#8221;<\/div>\n<div class=\"bg1\">(Jos 5, 13-15)<\/div>\n<\/blockquote>\n<div class=\"bg1\">S\u00e3o Miguel tamb\u00e9m \u00e9 conhecido como o pesador de almas. Acredita-se que quando uma pessoa morre, \u00e9 ele quem faz o acerto de contas, vendo toda sua vida e decidindo se o que ela realizou dentro das normas de Deus pesa mais do que as coisas que ela negligenciou durante a vida.<\/div>\n<div class=\"bg1\"><\/div>\n<div class=\"bg1\">A <strong>imagem de S\u00e3o Miguel Arcanjo<\/strong> \u00e9 muito comum nas Igrejas cat\u00f3licas, tendo diversas interpreta\u00e7\u00f5es feitas por artistas renomados como o pintor Rafael Sanzio, guido Reni e Colijn de Coter.<\/div>\n<div><\/div>\n<div>Voc\u00ea acredita no poder dos anjos do Senhor? Ent\u00e3o fa\u00e7a agora uma consulta reveladora com quem consegue enxergar a energia desses seres de luz, <a href=\"https:\/\/www.iquilibrio.com\/esotericos\/pedro-valentim\/\"> <span class=\"class-texto-consultor\">clique aqui<\/span><\/a> e fale com o especialista Pedro Valentim.<\/div>\n<h2>Dia de S\u00e3o Miguel Arcanjo<\/h2>\n<p>O dia lit\u00fargico de comemora\u00e7\u00e3o em nome de S\u00e3o Miguel \u00e9 em 29 de Setembro. Neste dia s\u00e3o realizadas celebra\u00e7\u00f5es em\u00a0sua homenagem, al\u00e9m de <strong>Ora\u00e7\u00e3o para S\u00e3o Miguel Arcanjo<\/strong>.<\/p>\n<h2>Ora\u00e7\u00e3o de S\u00e3o Miguel Arcanjo<\/h2>\n<p>Para quem busca prote\u00e7\u00e3o e for\u00e7a para a vida, a <strong>Ora\u00e7\u00e3o a S\u00e3o Miguel Arcanjo\u00a0<\/strong>\u00e9 a melhor forma de alcan\u00e7ar o que \u00e9 desejado, sempre busque o sil\u00eancio e a paz interior na hora de proferi-la, esta \u00e9 a melhor forma \u00a0de se manter conectado ao Arcanjo.<\/p>\n<blockquote><p>&#8220;Pr\u00edncipe Guardi\u00e3o e Guerreiro defendei-me e protegei-me com Vossa Espada.<\/p>\n<p>N\u00e3o permita que nenhum mal me atinja.<\/p>\n<p>Protegei-me contra assaltos, roubos, acidentes e contra quaisquer atos de viol\u00eancia.<\/p>\n<p>Livrai-me de pessoas negativas e espalhai vosso manto e vosso escudo de prote\u00e7\u00e3o em meu lar, meus filhos e familiares. Guardai meu trabalho, meus neg\u00f3cios e meus bens.<\/p>\n<p>Trazei a paz e a harmonia.<\/p>\n<p>S\u00e3o Miguel Arcanjo, defendei-nos neste combate, cobri-nos com o vosso escudo contra os embustes e ciladas do dem\u00f4nio.<\/p>\n<p>Instante e humildemente vos pedimos, que Deus sobre ele impere e v\u00f3s, Pr\u00edncipe da mil\u00edcia celeste, com esse poder divino, precipitai no inferno a Satan\u00e1s e aos outros esp\u00edritos malignos que vagueiam pelo mundo para perdi\u00e7\u00e3o das almas.<\/p>\n<p>Am\u00e9m.&#8221;<\/p><\/blockquote>\n<h2>Novena de S\u00e3o Miguel Arcanjo<\/h2>\n<p>Para realizar esta novena, \u00e9 importante o uso do <strong>Ter\u00e7o de S\u00e3o Miguel Arcanjo<\/strong>, e a forma de reza-lo \u00e9 a seguinte:<\/p>\n<blockquote><p>&#8220;Deus, vinde em meu aux\u00edlio. Senhor, socorrei-me e salvai-me. Gl\u00f3ria ao Pai, ao Filho e ao Esp\u00edrito Santo, assim como era no princ\u00edpio, agora e sempre Am\u00e9m.&#8221;<\/p><\/blockquote>\n<p>Depois de inciar, cite as invoca\u00e7\u00f5es abaixo e entre cada uma rezar um Pai Nosso e Tr\u00eas Ave Marias.<\/p>\n<ul>\n<li>\n<blockquote><p><strong>1\u00aa invoca\u00e7\u00e3o:<\/strong> &#8220;Pela intercess\u00e3o de S\u00e3o Miguel Arcanjo e do Coro Celeste dos Serafins, o Senhor nos fa\u00e7a dignos do fogo da perfeita caridade.&#8221;<\/p><\/blockquote>\n<\/li>\n<li>\n<blockquote><p><strong>2\u00aa invoca\u00e7\u00e3o:<\/strong> &#8220;Pela intercess\u00e3o de S\u00e3o Miguel Arcanjo e do Coro Celeste dos Querubins, o Senhor nos conceda a gra\u00e7a de trilharmos a estrada da perfei\u00e7\u00e3o crist\u00e3.&#8221;<\/p><\/blockquote>\n<\/li>\n<li>\n<blockquote><p><strong>3\u00aa invoca\u00e7\u00e3o:<\/strong> &#8220;Pela intercess\u00e3o de S\u00e3o Miguel Arcanjo e do Coro Celeste dos Tronos, o Senhor nos conceda o esp\u00edrito da verdadeira humildade.&#8221;<\/p><\/blockquote>\n<\/li>\n<li>\n<blockquote><p><strong>4\u00aa invoca\u00e7\u00e3o:<\/strong> &#8220;Pela intercess\u00e3o de S\u00e3o Miguel Arcanjo e do Coro Celeste das Domina\u00e7\u00f5es, o Senhor nos d\u00ea a gra\u00e7a de podermos dominar os nossos sentidos.&#8221;<\/p><\/blockquote>\n<\/li>\n<li>\n<blockquote><p><strong>5\u00aa invoca\u00e7\u00e3o:<\/strong> &#8220;Pela intercess\u00e3o de S\u00e3o Miguel Arcanjo e do Coro Celeste das Potestades, o Senhor nos guarde das trai\u00e7\u00f5es e tenta\u00e7\u00f5es do dem\u00f3nio.&#8221;<\/p><\/blockquote>\n<\/li>\n<li>\n<blockquote><p><strong>6\u00aa invoca\u00e7\u00e3o:<\/strong> &#8220;Pela intercess\u00e3o de S\u00e3o Miguel Arcanjo e do Coro Celeste das Virtudes, o Senhor nos conceda a gra\u00e7a de n\u00e3o sermos vencidos no combate perigoso das tenta\u00e7\u00f5es.&#8221;<\/p><\/blockquote>\n<\/li>\n<li>\n<blockquote><p><strong>7\u00aa invoca\u00e7\u00e3o:<\/strong> &#8220;Pela intercess\u00e3o de S\u00e3o Miguel Arcanjo e do Coro Celeste dos Principados, o Senhor nos d\u00ea o esp\u00edrito da verdadeira e sincera obedi\u00eancia.&#8221;<\/p><\/blockquote>\n<\/li>\n<li>\n<blockquote><p><strong>8\u00aa invoca\u00e7\u00e3o:<\/strong> &#8220;Pela intercess\u00e3o de S\u00e3o Miguel Arcanjo e do Coro Celeste dos Arcanjos, o Senhor nos conceda o dom da perseveran\u00e7a na f\u00e9 e boas obras.&#8221;<\/p><\/blockquote>\n<\/li>\n<li>\n<blockquote><p><strong>9\u00aa invoca\u00e7\u00e3o:<\/strong> &#8220;Pela intercess\u00e3o de S\u00e3o Miguel Arcanjo e do Coro Celeste dos Anjos, o Senhor nos conceda que estes esp\u00edritos bem-aventurados nos guardem sempre, e principalmente na hora da nossa morte.&#8221;<\/p><\/blockquote>\n<\/li>\n<\/ul>\n<p>Para finalizar, fa\u00e7a um Pai Nosso a S\u00e3o Miguel, reze sua Ant\u00edfona:<\/p>\n<blockquote><p>&#8220;Glorioso S\u00e3o Miguel, chefe e pr\u00edncipe dos ex\u00e9rcitos celestes, fiel guardi\u00e3o das almas, vencedor dos esp\u00edritos rebeldes, amado da casa de Deus, nosso admir\u00e1vel guia depois de Cristo. V\u00f3s cuja excel\u00eancia e virtudes s\u00e3o eminent\u00edssimas, dignai-vos livrai-nos de todos os males, n\u00f3s todos que recorremos a v\u00f3s com confian\u00e7a, e fazei pela vossa incompar\u00e1vel prote\u00e7\u00e3o que adiantemos cada dia mais uma fidelidade em servir a Deus. Rogai por n\u00f3s, \u00f3 bem aventurado S\u00e3o Miguel Arcanjo, pr\u00edncipe da igreja de Jesus Cristo. Para que sejamos dignos de Suas promessas.<\/p>\n<p>Am\u00e9m.&#8221;<\/p><\/blockquote>\n<p>O <strong>Ter\u00e7o de S\u00e3o Miguel<\/strong> \u00e9 uma forte ferramenta para manter a concentra\u00e7\u00e3o e aumentar a energia para falar com o Arcanjo.<\/p>\n<p>S\u00e3o Miguel Arcanjo \u00e9 um forte aliado para quem quer andar de cabe\u00e7a erguida, que busca por justi\u00e7a e prote\u00e7\u00e3o divina. Ele foi instru\u00eddo pelo Senhor para proteger os seus filhos amados, quem busca por Miguel, confia nos ensinamentos e palavras divinas, pois sabe que este Arcanjo est\u00e1 ao lado de Deus e poder\u00e1 fazer o melhor em sua vida.<\/p>\n<p>Se conecte com os anjos atrav\u00e9s de uma consulta personalizada com o Tarot dos Anjos. <a href=\"https:\/\/www.iquilibrio.com\/tarot\/anjos\/\"><strong> <span class=\"class-texto-produtos\">Clique aqui para conferir<\/span><\/strong><\/a>!<\/p>\n<p style=\"text-align: center;\"><span style=\"color: #ffffff;\"><a style=\"color: #ffffff;\" href=\"https:\/\/www.iquilibrio.com\/esotericos\/\"><span class=\"td_btn td_btn_lg td_round_btn class-cta2\">Ven\u00e7a Seus Desafios de Vida Com a Ajuda de Esot\u00e9ricos Experientes<\/span><\/a><\/span><\/p>\n\n\n<div class=\"kk-star-ratings kksr-auto kksr-align-left kksr-valign-bottom\"\n    data-payload='{&quot;align&quot;:&quot;left&quot;,&quot;id&quot;:&quot;3851&quot;,&quot;slug&quot;:&quot;default&quot;,&quot;valign&quot;:&quot;bottom&quot;,&quot;ignore&quot;:&quot;&quot;,&quot;reference&quot;:&quot;auto&quot;,&quot;class&quot;:&quot;&quot;,&quot;count&quot;:&quot;1&quot;,&quot;legendonly&quot;:&quot;&quot;,&quot;readonly&quot;:&quot;&quot;,&quot;score&quot;:&quot;5&quot;,&quot;starsonly&quot;:&quot;&quot;,&quot;best&quot;:&quot;5&quot;,&quot;gap&quot;:&quot;5&quot;,&quot;greet&quot;:&quot;Rate this post&quot;,&quot;legend&quot;:&quot;5\\\/5 - (1 voto)&quot;,&quot;size&quot;:&quot;24&quot;,&quot;title&quot;:&quot;Conhe\u00e7a mais sobre S\u00e3o Miguel Arcanjo - O guardi\u00e3o guerreiro&quot;,&quot;width&quot;:&quot;142.5&quot;,&quot;_legend&quot;:&quot;{score}\\\/{best} - ({count} {votes})&quot;,&quot;font_factor&quot;:&quot;1.25&quot;}'>\n            \n<div class=\"kksr-stars\">\n    \n<div class=\"kksr-stars-inactive\">\n            <div class=\"kksr-star\" data-star=\"1\" style=\"padding-right: 5px\">\n            \n\n<div class=\"kksr-icon\" style=\"width: 24px; height: 24px;\"><\/div>\n        <\/div>\n            <div class=\"kksr-star\" data-star=\"2\" style=\"padding-right: 5px\">\n            \n\n<div class=\"kksr-icon\" style=\"width: 24px; height: 24px;\"><\/div>\n        <\/div>\n            <div class=\"kksr-star\" data-star=\"3\" style=\"padding-right: 5px\">\n            \n\n<div class=\"kksr-icon\" style=\"width: 24px; height: 24px;\"><\/div>\n        <\/div>\n            <div class=\"kksr-star\" data-star=\"4\" style=\"padding-right: 5px\">\n            \n\n<div class=\"kksr-icon\" style=\"width: 24px; height: 24px;\"><\/div>\n        <\/div>\n            <div class=\"kksr-star\" data-star=\"5\" style=\"padding-right: 5px\">\n            \n\n<div class=\"kksr-icon\" style=\"width: 24px; height: 24px;\"><\/div>\n        <\/div>\n    <\/div>\n    \n<div class=\"kksr-stars-active\" style=\"width: 142.5px;\">\n            <div class=\"kksr-star\" style=\"padding-right: 5px\">\n            \n\n<div class=\"kksr-icon\" style=\"width: 24px; height: 24px;\"><\/div>\n        <\/div>\n            <div class=\"kksr-star\" style=\"padding-right: 5px\">\n            \n\n<div class=\"kksr-icon\" style=\"width: 24px; height: 24px;\"><\/div>\n        <\/div>\n            <div class=\"kksr-star\" style=\"padding-right: 5px\">\n            \n\n<div class=\"kksr-icon\" style=\"width: 24px; height: 24px;\"><\/div>\n        <\/div>\n            <div class=\"kksr-star\" style=\"padding-right: 5px\">\n            \n\n<div class=\"kksr-icon\" style=\"width: 24px; height: 24px;\"><\/div>\n        <\/div>\n            <div class=\"kksr-star\" style=\"padding-right: 5px\">\n            \n\n<div class=\"kksr-icon\" style=\"width: 24px; height: 24px;\"><\/div>\n        <\/div>\n    <\/div>\n<\/div>\n                \n\n<div class=\"kksr-legend\" style=\"font-size: 19.2px;\">\n            5\/5 - (1 voto)    <\/div>\n    <\/div>\n","protected":false},"excerpt":{"rendered":"<p>S\u00e3o Miguel Arcanjo \u00e9 o Pr\u00edncipe Celeste mais pr\u00f3ximo de Deus, seu pr\u00f3prio nome em hebraico significa: &#8220;Quem \u00e9 igual a Deus&#8221;. De acordo com a B\u00edblia, S\u00e3o Miguel \u00e9 um dos sete esp\u00edritos protetores direto do trono divino, sendo ele o mais pr\u00f3ximo do Pai e conhecido como o mais importante Pr\u00edncipe de Deus, [&hellip;]<\/p>\n","protected":false},"author":20,"featured_media":19850,"comment_status":"open","ping_status":"open","sticky":false,"template":"","format":"standard","meta":{"footnotes":""},"categories":[504],"tags":[3511,901],"class_list":["post-3851","post","type-post","status-publish","format-standard","has-post-thumbnail","hentry","category-cristianismo","tag-miguel-arcanjo","tag-sao-miguel"],"yoast_head":"<!-- This site is optimized with the Yoast SEO plugin v27.4 - https:\/\/yoast.com\/product\/yoast-seo-wordpress\/ -->\n<title>S\u00e3o Miguel Arcanjo - Saiba Mais Sobre O Guardi\u00e3o Guerreiro | iQuilibrio<\/title>\n<meta name=\"description\" content=\"Saiba mais sobre S\u00e3o Miguel Arcanjo, o Guardi\u00e3o Celeste mais pr\u00f3ximo de Deus, ele \u00e9 o respons\u00e1vel pela prote\u00e7\u00e3o do Trono Divino.\" \/>\n<meta name=\"robots\" content=\"index, follow, max-snippet:-1, max-image-preview:large, max-video-preview:-1\" \/>\n<link rel=\"canonical\" href=\"https:\/\/www.iquilibrio.com\/blog\/espiritualidade\/cristianismo\/sao-miguel-arcanjo\/\" \/>\n<meta property=\"og:locale\" content=\"pt_BR\" \/>\n<meta property=\"og:type\" content=\"article\" \/>\n<meta property=\"og:title\" content=\"S\u00e3o Miguel Arcanjo - Saiba Mais Sobre O Guardi\u00e3o Guerreiro | iQuilibrio\" \/>\n<meta property=\"og:description\" content=\"Saiba mais sobre S\u00e3o Miguel Arcanjo, o Guardi\u00e3o Celeste mais pr\u00f3ximo de Deus, ele \u00e9 o respons\u00e1vel pela prote\u00e7\u00e3o do Trono Divino.\" \/>\n<meta property=\"og:url\" content=\"https:\/\/www.iquilibrio.com\/blog\/espiritualidade\/cristianismo\/sao-miguel-arcanjo\/\" \/>\n<meta property=\"og:site_name\" content=\"iQuilibrio\" \/>\n<meta property=\"article:publisher\" content=\"https:\/\/www.facebook.com\/iQuilibrio\/\" \/>\n<meta property=\"article:published_time\" content=\"2018-09-29T10:00:03+00:00\" \/>\n<meta property=\"article:modified_time\" content=\"2019-03-20T17:43:48+00:00\" \/>\n<meta property=\"og:image\" content=\"https:\/\/www.iquilibrio.com\/blog\/wp-content\/uploads\/2017\/02\/sao_miguel_blog.jpg\" \/>\n\t<meta property=\"og:image:width\" content=\"900\" \/>\n\t<meta property=\"og:image:height\" content=\"560\" \/>\n\t<meta property=\"og:image:type\" content=\"image\/jpeg\" \/>\n<meta name=\"author\" content=\"Reda\u00e7\u00e3o iQuilibrio\" \/>\n<meta name=\"twitter:card\" content=\"summary_large_image\" \/>\n<meta name=\"twitter:creator\" content=\"@iquilibrio\" \/>\n<meta name=\"twitter:site\" content=\"@iquilibrio\" \/>\n<meta name=\"twitter:label1\" content=\"Escrito por\" \/>\n\t<meta name=\"twitter:data1\" content=\"Reda\u00e7\u00e3o iQuilibrio\" \/>\n\t<meta name=\"twitter:label2\" content=\"Est. tempo de leitura\" \/>\n\t<meta name=\"twitter:data2\" content=\"8 minutos\" \/>\n<script type=\"application\/ld+json\" class=\"yoast-schema-graph\">{\"@context\":\"https:\\\/\\\/schema.org\",\"@graph\":[{\"@type\":\"Article\",\"@id\":\"https:\\\/\\\/www.iquilibrio.com\\\/blog\\\/espiritualidade\\\/cristianismo\\\/sao-miguel-arcanjo\\\/#article\",\"isPartOf\":{\"@id\":\"https:\\\/\\\/www.iquilibrio.com\\\/blog\\\/espiritualidade\\\/cristianismo\\\/sao-miguel-arcanjo\\\/\"},\"author\":{\"name\":\"Reda\u00e7\u00e3o iQuilibrio\",\"@id\":\"https:\\\/\\\/www.iquilibrio.com\\\/blog\\\/#\\\/schema\\\/person\\\/199505a1f0db0d00f022188666c75dca\"},\"headline\":\"Conhe\u00e7a mais sobre S\u00e3o Miguel Arcanjo &#8211; O guardi\u00e3o guerreiro\",\"datePublished\":\"2018-09-29T10:00:03+00:00\",\"dateModified\":\"2019-03-20T17:43:48+00:00\",\"mainEntityOfPage\":{\"@id\":\"https:\\\/\\\/www.iquilibrio.com\\\/blog\\\/espiritualidade\\\/cristianismo\\\/sao-miguel-arcanjo\\\/\"},\"wordCount\":1545,\"commentCount\":0,\"publisher\":{\"@id\":\"https:\\\/\\\/www.iquilibrio.com\\\/blog\\\/#organization\"},\"image\":{\"@id\":\"https:\\\/\\\/www.iquilibrio.com\\\/blog\\\/espiritualidade\\\/cristianismo\\\/sao-miguel-arcanjo\\\/#primaryimage\"},\"thumbnailUrl\":\"https:\\\/\\\/www.iquilibrio.com\\\/blog\\\/wp-content\\\/uploads\\\/2017\\\/02\\\/sao_miguel_blog.jpg\",\"keywords\":[\"Miguel Arcanjo\",\"S\u00e3o Miguel\"],\"articleSection\":[\"Cristianismo\"],\"inLanguage\":\"pt-BR\"},{\"@type\":\"WebPage\",\"@id\":\"https:\\\/\\\/www.iquilibrio.com\\\/blog\\\/espiritualidade\\\/cristianismo\\\/sao-miguel-arcanjo\\\/\",\"url\":\"https:\\\/\\\/www.iquilibrio.com\\\/blog\\\/espiritualidade\\\/cristianismo\\\/sao-miguel-arcanjo\\\/\",\"name\":\"S\u00e3o Miguel Arcanjo - Saiba Mais Sobre O Guardi\u00e3o Guerreiro | iQuilibrio\",\"isPartOf\":{\"@id\":\"https:\\\/\\\/www.iquilibrio.com\\\/blog\\\/#website\"},\"primaryImageOfPage\":{\"@id\":\"https:\\\/\\\/www.iquilibrio.com\\\/blog\\\/espiritualidade\\\/cristianismo\\\/sao-miguel-arcanjo\\\/#primaryimage\"},\"image\":{\"@id\":\"https:\\\/\\\/www.iquilibrio.com\\\/blog\\\/espiritualidade\\\/cristianismo\\\/sao-miguel-arcanjo\\\/#primaryimage\"},\"thumbnailUrl\":\"https:\\\/\\\/www.iquilibrio.com\\\/blog\\\/wp-content\\\/uploads\\\/2017\\\/02\\\/sao_miguel_blog.jpg\",\"datePublished\":\"2018-09-29T10:00:03+00:00\",\"dateModified\":\"2019-03-20T17:43:48+00:00\",\"description\":\"Saiba mais sobre S\u00e3o Miguel Arcanjo, o Guardi\u00e3o Celeste mais pr\u00f3ximo de Deus, ele \u00e9 o respons\u00e1vel pela prote\u00e7\u00e3o do Trono Divino.\",\"breadcrumb\":{\"@id\":\"https:\\\/\\\/www.iquilibrio.com\\\/blog\\\/espiritualidade\\\/cristianismo\\\/sao-miguel-arcanjo\\\/#breadcrumb\"},\"inLanguage\":\"pt-BR\",\"potentialAction\":[{\"@type\":\"ReadAction\",\"target\":[\"https:\\\/\\\/www.iquilibrio.com\\\/blog\\\/espiritualidade\\\/cristianismo\\\/sao-miguel-arcanjo\\\/\"]}]},{\"@type\":\"ImageObject\",\"inLanguage\":\"pt-BR\",\"@id\":\"https:\\\/\\\/www.iquilibrio.com\\\/blog\\\/espiritualidade\\\/cristianismo\\\/sao-miguel-arcanjo\\\/#primaryimage\",\"url\":\"https:\\\/\\\/www.iquilibrio.com\\\/blog\\\/wp-content\\\/uploads\\\/2017\\\/02\\\/sao_miguel_blog.jpg\",\"contentUrl\":\"https:\\\/\\\/www.iquilibrio.com\\\/blog\\\/wp-content\\\/uploads\\\/2017\\\/02\\\/sao_miguel_blog.jpg\",\"width\":900,\"height\":560,\"caption\":\"Arcanjo Miguel\"},{\"@type\":\"BreadcrumbList\",\"@id\":\"https:\\\/\\\/www.iquilibrio.com\\\/blog\\\/espiritualidade\\\/cristianismo\\\/sao-miguel-arcanjo\\\/#breadcrumb\",\"itemListElement\":[{\"@type\":\"ListItem\",\"position\":1,\"name\":\"In\u00edcio\",\"item\":\"https:\\\/\\\/www.iquilibrio.com\\\/blog\\\/\"},{\"@type\":\"ListItem\",\"position\":2,\"name\":\"Conhe\u00e7a mais sobre S\u00e3o Miguel Arcanjo &#8211; O guardi\u00e3o guerreiro\"}]},{\"@type\":\"WebSite\",\"@id\":\"https:\\\/\\\/www.iquilibrio.com\\\/blog\\\/#website\",\"url\":\"https:\\\/\\\/www.iquilibrio.com\\\/blog\\\/\",\"name\":\"iQuilibrio\",\"description\":\"Blog iQuilibrio\",\"publisher\":{\"@id\":\"https:\\\/\\\/www.iquilibrio.com\\\/blog\\\/#organization\"},\"potentialAction\":[{\"@type\":\"SearchAction\",\"target\":{\"@type\":\"EntryPoint\",\"urlTemplate\":\"https:\\\/\\\/www.iquilibrio.com\\\/blog\\\/?s={search_term_string}\"},\"query-input\":{\"@type\":\"PropertyValueSpecification\",\"valueRequired\":true,\"valueName\":\"search_term_string\"}}],\"inLanguage\":\"pt-BR\"},{\"@type\":\"Organization\",\"@id\":\"https:\\\/\\\/www.iquilibrio.com\\\/blog\\\/#organization\",\"name\":\"Esoterismo, Misticismo e Tarot Online - iQuilibrio\",\"url\":\"https:\\\/\\\/www.iquilibrio.com\\\/blog\\\/\",\"logo\":{\"@type\":\"ImageObject\",\"inLanguage\":\"pt-BR\",\"@id\":\"https:\\\/\\\/www.iquilibrio.com\\\/blog\\\/#\\\/schema\\\/logo\\\/image\\\/\",\"url\":\"https:\\\/\\\/www.iquilibrio.com\\\/blog\\\/wp-content\\\/uploads\\\/2018\\\/12\\\/iquilibrio_lovo_vetor_preto-retina.png\",\"contentUrl\":\"https:\\\/\\\/www.iquilibrio.com\\\/blog\\\/wp-content\\\/uploads\\\/2018\\\/12\\\/iquilibrio_lovo_vetor_preto-retina.png\",\"width\":972,\"height\":180,\"caption\":\"Esoterismo, Misticismo e Tarot Online - iQuilibrio\"},\"image\":{\"@id\":\"https:\\\/\\\/www.iquilibrio.com\\\/blog\\\/#\\\/schema\\\/logo\\\/image\\\/\"},\"sameAs\":[\"https:\\\/\\\/www.facebook.com\\\/iQuilibrio\\\/\",\"https:\\\/\\\/x.com\\\/iquilibrio\",\"https:\\\/\\\/www.instagram.com\\\/iquilibrio\\\/\",\"https:\\\/\\\/www.linkedin.com\\\/company\\\/iquilibrio\\\/\",\"https:\\\/\\\/br.pinterest.com\\\/iquilibrio1397\\\/\",\"https:\\\/\\\/www.youtube.com\\\/channel\\\/UC175qxd-4Zsi4wzawT5zF2g\"]},{\"@type\":\"Person\",\"@id\":\"https:\\\/\\\/www.iquilibrio.com\\\/blog\\\/#\\\/schema\\\/person\\\/199505a1f0db0d00f022188666c75dca\",\"name\":\"Reda\u00e7\u00e3o iQuilibrio\",\"image\":{\"@type\":\"ImageObject\",\"inLanguage\":\"pt-BR\",\"@id\":\"https:\\\/\\\/www.iquilibrio.com\\\/blog\\\/wp-content\\\/uploads\\\/2021\\\/12\\\/Consulta-por-email-3-150x150.png\",\"url\":\"https:\\\/\\\/www.iquilibrio.com\\\/blog\\\/wp-content\\\/uploads\\\/2021\\\/12\\\/Consulta-por-email-3-150x150.png\",\"contentUrl\":\"https:\\\/\\\/www.iquilibrio.com\\\/blog\\\/wp-content\\\/uploads\\\/2021\\\/12\\\/Consulta-por-email-3-150x150.png\",\"caption\":\"Reda\u00e7\u00e3o iQuilibrio\"},\"description\":\"A equipe de reda\u00e7\u00e3o da iQuilibrio \u00e9 composta pelos mais diversos especialistas e esot\u00e9ricos. Al\u00e9m de dominar a arte de traduzir as energias que o universo emana, nossos redatores sentem imenso prazer em trabalhar com palavras. Boa leitura e um \u00f3timo aprendizado!\",\"url\":\"https:\\\/\\\/www.iquilibrio.com\\\/blog\\\/author\\\/juliana\\\/\"}]}<\/script>\n<!-- \/ Yoast SEO plugin. -->","yoast_head_json":{"title":"S\u00e3o Miguel Arcanjo - Saiba Mais Sobre O Guardi\u00e3o Guerreiro | iQuilibrio","description":"Saiba mais sobre S\u00e3o Miguel Arcanjo, o Guardi\u00e3o Celeste mais pr\u00f3ximo de Deus, ele \u00e9 o respons\u00e1vel pela prote\u00e7\u00e3o do Trono Divino.","robots":{"index":"index","follow":"follow","max-snippet":"max-snippet:-1","max-image-preview":"max-image-preview:large","max-video-preview":"max-video-preview:-1"},"canonical":"https:\/\/www.iquilibrio.com\/blog\/espiritualidade\/cristianismo\/sao-miguel-arcanjo\/","og_locale":"pt_BR","og_type":"article","og_title":"S\u00e3o Miguel Arcanjo - Saiba Mais Sobre O Guardi\u00e3o Guerreiro | iQuilibrio","og_description":"Saiba mais sobre S\u00e3o Miguel Arcanjo, o Guardi\u00e3o Celeste mais pr\u00f3ximo de Deus, ele \u00e9 o respons\u00e1vel pela prote\u00e7\u00e3o do Trono Divino.","og_url":"https:\/\/www.iquilibrio.com\/blog\/espiritualidade\/cristianismo\/sao-miguel-arcanjo\/","og_site_name":"iQuilibrio","article_publisher":"https:\/\/www.facebook.com\/iQuilibrio\/","article_published_time":"2018-09-29T10:00:03+00:00","article_modified_time":"2019-03-20T17:43:48+00:00","og_image":[{"width":900,"height":560,"url":"https:\/\/www.iquilibrio.com\/blog\/wp-content\/uploads\/2017\/02\/sao_miguel_blog.jpg","type":"image\/jpeg"}],"author":"Reda\u00e7\u00e3o iQuilibrio","twitter_card":"summary_large_image","twitter_creator":"@iquilibrio","twitter_site":"@iquilibrio","twitter_misc":{"Escrito por":"Reda\u00e7\u00e3o iQuilibrio","Est. tempo de leitura":"8 minutos"},"schema":{"@context":"https:\/\/schema.org","@graph":[{"@type":"Article","@id":"https:\/\/www.iquilibrio.com\/blog\/espiritualidade\/cristianismo\/sao-miguel-arcanjo\/#article","isPartOf":{"@id":"https:\/\/www.iquilibrio.com\/blog\/espiritualidade\/cristianismo\/sao-miguel-arcanjo\/"},"author":{"name":"Reda\u00e7\u00e3o iQuilibrio","@id":"https:\/\/www.iquilibrio.com\/blog\/#\/schema\/person\/199505a1f0db0d00f022188666c75dca"},"headline":"Conhe\u00e7a mais sobre S\u00e3o Miguel Arcanjo &#8211; O guardi\u00e3o guerreiro","datePublished":"2018-09-29T10:00:03+00:00","dateModified":"2019-03-20T17:43:48+00:00","mainEntityOfPage":{"@id":"https:\/\/www.iquilibrio.com\/blog\/espiritualidade\/cristianismo\/sao-miguel-arcanjo\/"},"wordCount":1545,"commentCount":0,"publisher":{"@id":"https:\/\/www.iquilibrio.com\/blog\/#organization"},"image":{"@id":"https:\/\/www.iquilibrio.com\/blog\/espiritualidade\/cristianismo\/sao-miguel-arcanjo\/#primaryimage"},"thumbnailUrl":"https:\/\/www.iquilibrio.com\/blog\/wp-content\/uploads\/2017\/02\/sao_miguel_blog.jpg","keywords":["Miguel Arcanjo","S\u00e3o Miguel"],"articleSection":["Cristianismo"],"inLanguage":"pt-BR"},{"@type":"WebPage","@id":"https:\/\/www.iquilibrio.com\/blog\/espiritualidade\/cristianismo\/sao-miguel-arcanjo\/","url":"https:\/\/www.iquilibrio.com\/blog\/espiritualidade\/cristianismo\/sao-miguel-arcanjo\/","name":"S\u00e3o Miguel Arcanjo - Saiba Mais Sobre O Guardi\u00e3o Guerreiro | iQuilibrio","isPartOf":{"@id":"https:\/\/www.iquilibrio.com\/blog\/#website"},"primaryImageOfPage":{"@id":"https:\/\/www.iquilibrio.com\/blog\/espiritualidade\/cristianismo\/sao-miguel-arcanjo\/#primaryimage"},"image":{"@id":"https:\/\/www.iquilibrio.com\/blog\/espiritualidade\/cristianismo\/sao-miguel-arcanjo\/#primaryimage"},"thumbnailUrl":"https:\/\/www.iquilibrio.com\/blog\/wp-content\/uploads\/2017\/02\/sao_miguel_blog.jpg","datePublished":"2018-09-29T10:00:03+00:00","dateModified":"2019-03-20T17:43:48+00:00","description":"Saiba mais sobre S\u00e3o Miguel Arcanjo, o Guardi\u00e3o Celeste mais pr\u00f3ximo de Deus, ele \u00e9 o respons\u00e1vel pela prote\u00e7\u00e3o do Trono Divino.","breadcrumb":{"@id":"https:\/\/www.iquilibrio.com\/blog\/espiritualidade\/cristianismo\/sao-miguel-arcanjo\/#breadcrumb"},"inLanguage":"pt-BR","potentialAction":[{"@type":"ReadAction","target":["https:\/\/www.iquilibrio.com\/blog\/espiritualidade\/cristianismo\/sao-miguel-arcanjo\/"]}]},{"@type":"ImageObject","inLanguage":"pt-BR","@id":"https:\/\/www.iquilibrio.com\/blog\/espiritualidade\/cristianismo\/sao-miguel-arcanjo\/#primaryimage","url":"https:\/\/www.iquilibrio.com\/blog\/wp-content\/uploads\/2017\/02\/sao_miguel_blog.jpg","contentUrl":"https:\/\/www.iquilibrio.com\/blog\/wp-content\/uploads\/2017\/02\/sao_miguel_blog.jpg","width":900,"height":560,"caption":"Arcanjo Miguel"},{"@type":"BreadcrumbList","@id":"https:\/\/www.iquilibrio.com\/blog\/espiritualidade\/cristianismo\/sao-miguel-arcanjo\/#breadcrumb","itemListElement":[{"@type":"ListItem","position":1,"name":"In\u00edcio","item":"https:\/\/www.iquilibrio.com\/blog\/"},{"@type":"ListItem","position":2,"name":"Conhe\u00e7a mais sobre S\u00e3o Miguel Arcanjo &#8211; O guardi\u00e3o guerreiro"}]},{"@type":"WebSite","@id":"https:\/\/www.iquilibrio.com\/blog\/#website","url":"https:\/\/www.iquilibrio.com\/blog\/","name":"iQuilibrio","description":"Blog iQuilibrio","publisher":{"@id":"https:\/\/www.iquilibrio.com\/blog\/#organization"},"potentialAction":[{"@type":"SearchAction","target":{"@type":"EntryPoint","urlTemplate":"https:\/\/www.iquilibrio.com\/blog\/?s={search_term_string}"},"query-input":{"@type":"PropertyValueSpecification","valueRequired":true,"valueName":"search_term_string"}}],"inLanguage":"pt-BR"},{"@type":"Organization","@id":"https:\/\/www.iquilibrio.com\/blog\/#organization","name":"Esoterismo, Misticismo e Tarot Online - iQuilibrio","url":"https:\/\/www.iquilibrio.com\/blog\/","logo":{"@type":"ImageObject","inLanguage":"pt-BR","@id":"https:\/\/www.iquilibrio.com\/blog\/#\/schema\/logo\/image\/","url":"https:\/\/www.iquilibrio.com\/blog\/wp-content\/uploads\/2018\/12\/iquilibrio_lovo_vetor_preto-retina.png","contentUrl":"https:\/\/www.iquilibrio.com\/blog\/wp-content\/uploads\/2018\/12\/iquilibrio_lovo_vetor_preto-retina.png","width":972,"height":180,"caption":"Esoterismo, Misticismo e Tarot Online - iQuilibrio"},"image":{"@id":"https:\/\/www.iquilibrio.com\/blog\/#\/schema\/logo\/image\/"},"sameAs":["https:\/\/www.facebook.com\/iQuilibrio\/","https:\/\/x.com\/iquilibrio","https:\/\/www.instagram.com\/iquilibrio\/","https:\/\/www.linkedin.com\/company\/iquilibrio\/","https:\/\/br.pinterest.com\/iquilibrio1397\/","https:\/\/www.youtube.com\/channel\/UC175qxd-4Zsi4wzawT5zF2g"]},{"@type":"Person","@id":"https:\/\/www.iquilibrio.com\/blog\/#\/schema\/person\/199505a1f0db0d00f022188666c75dca","name":"Reda\u00e7\u00e3o iQuilibrio","image":{"@type":"ImageObject","inLanguage":"pt-BR","@id":"https:\/\/www.iquilibrio.com\/blog\/wp-content\/uploads\/2021\/12\/Consulta-por-email-3-150x150.png","url":"https:\/\/www.iquilibrio.com\/blog\/wp-content\/uploads\/2021\/12\/Consulta-por-email-3-150x150.png","contentUrl":"https:\/\/www.iquilibrio.com\/blog\/wp-content\/uploads\/2021\/12\/Consulta-por-email-3-150x150.png","caption":"Reda\u00e7\u00e3o iQuilibrio"},"description":"A equipe de reda\u00e7\u00e3o da iQuilibrio \u00e9 composta pelos mais diversos especialistas e esot\u00e9ricos. Al\u00e9m de dominar a arte de traduzir as energias que o universo emana, nossos redatores sentem imenso prazer em trabalhar com palavras. Boa leitura e um \u00f3timo aprendizado!","url":"https:\/\/www.iquilibrio.com\/blog\/author\/juliana\/"}]}},"_links":{"self":[{"href":"https:\/\/www.iquilibrio.com\/blog\/wp-json\/wp\/v2\/posts\/3851","targetHints":{"allow":["GET"]}}],"collection":[{"href":"https:\/\/www.iquilibrio.com\/blog\/wp-json\/wp\/v2\/posts"}],"about":[{"href":"https:\/\/www.iquilibrio.com\/blog\/wp-json\/wp\/v2\/types\/post"}],"author":[{"embeddable":true,"href":"https:\/\/www.iquilibrio.com\/blog\/wp-json\/wp\/v2\/users\/20"}],"replies":[{"embeddable":true,"href":"https:\/\/www.iquilibrio.com\/blog\/wp-json\/wp\/v2\/comments?post=3851"}],"version-history":[{"count":8,"href":"https:\/\/www.iquilibrio.com\/blog\/wp-json\/wp\/v2\/posts\/3851\/revisions"}],"predecessor-version":[{"id":23888,"href":"https:\/\/www.iquilibrio.com\/blog\/wp-json\/wp\/v2\/posts\/3851\/revisions\/23888"}],"wp:featuredmedia":[{"embeddable":true,"href":"https:\/\/www.iquilibrio.com\/blog\/wp-json\/wp\/v2\/media\/19850"}],"wp:attachment":[{"href":"https:\/\/www.iquilibrio.com\/blog\/wp-json\/wp\/v2\/media?parent=3851"}],"wp:term":[{"taxonomy":"category","embeddable":true,"href":"https:\/\/www.iquilibrio.com\/blog\/wp-json\/wp\/v2\/categories?post=3851"},{"taxonomy":"post_tag","embeddable":true,"href":"https:\/\/www.iquilibrio.com\/blog\/wp-json\/wp\/v2\/tags?post=3851"}],"curies":[{"name":"wp","href":"https:\/\/api.w.org\/{rel}","templated":true}]}}