{"id":38452,"date":"2023-04-17T07:00:38","date_gmt":"2023-04-17T10:00:38","guid":{"rendered":"https:\/\/www.iquilibrio.com\/blog\/?p=38452"},"modified":"2023-02-28T18:54:04","modified_gmt":"2023-02-28T21:54:04","slug":"dia-internacional-saude-mulher","status":"publish","type":"post","link":"https:\/\/www.iquilibrio.com\/blog\/bem-estar\/dia-internacional-saude-mulher\/","title":{"rendered":"Dia Internacional da Sa\u00fade da Mulher: \u00e9 tempo de se cuidar!"},"content":{"rendered":"<p><span style=\"font-weight: 400;\">Que a mulher e sua sa\u00fade ficaram por muito tempo em segundo plano \u00e9 um fato que todas sabemos. Contudo, mesmo com a conscientiza\u00e7\u00e3o do <\/span><b>Dia Internacional da Sa\u00fade da Mulher<\/b><span style=\"font-weight: 400;\"> e muitos outros direitos que surgiram, ainda existe a falta de informa\u00e7\u00e3o.<\/span><\/p>\n<p><span style=\"font-weight: 400;\">Mas hoje, estamos aqui para falar de como \u00e9 importante o cuidado com a sa\u00fade da mulher, tanto f\u00edsica quanto espiritual. Ent\u00e3o, embarque comigo nessa jornada de autoconhecimento e autocuidado.<\/span><\/p>\n<p><span style=\"font-weight: 400;\">Nesse texto voc\u00ea vai ver:<\/span><\/p>\n<ul>\n<li style=\"font-weight: 400;\" aria-level=\"1\"><b>O que \u00e9 o Dia Internacional da Sa\u00fade da Mulher:<\/b><span style=\"font-weight: 400;\"> Celebrada em 28 de maio, essa data visa conscientizar a sociedade sobre a import\u00e2ncia de cuidar da sa\u00fade da mulher, tanto f\u00edsica quanto mental.<\/span><\/li>\n<li style=\"font-weight: 400;\" aria-level=\"1\"><b>Cuidados com a sa\u00fade:<\/b><span style=\"font-weight: 400;\"> Al\u00e9m de cuidar da sa\u00fade f\u00edsica, a mulher deve ser encorajada a cuidar e entender sobre sua sa\u00fade emocional e mental.<\/span><\/li>\n<li style=\"font-weight: 400;\" aria-level=\"1\"><b>Import\u00e2ncia do equil\u00edbrio:<\/b><span style=\"font-weight: 400;\"> Mesmo que voc\u00ea fa\u00e7a exames peri\u00f3dicos, o ac\u00famulo de vibra\u00e7\u00f5es negativas come\u00e7a a afetar o seu corpo f\u00edsico.<\/span><\/li>\n<li style=\"font-weight: 400;\" aria-level=\"1\"><b>For\u00e7a com a espiritualidade: <\/b><span style=\"font-weight: 400;\">Entrar em contato com a espiritualidade \u00e9 uma \u00f3tima maneira de alcan\u00e7ar o equil\u00edbrio e cuidar da sa\u00fade emocional e espiritual da mulher.<\/span><\/li>\n<\/ul>\n<h2><span style=\"font-weight: 400;\">Dia Internacional da Sa\u00fade da mulher: Foque em voc\u00ea!<\/span><\/h2>\n<p><span style=\"font-weight: 400;\">Certamente voc\u00ea j\u00e1 percebeu que a vida da mulher moderna tem sempre um pequeno caos acontecendo, e isso n\u00e3o podemos negar. Pois, precisamos lidar com:<\/span><\/p>\n<ul>\n<li style=\"font-weight: 400;\" aria-level=\"1\"><span style=\"font-weight: 400;\">fam\u00edlia;<\/span><\/li>\n<li style=\"font-weight: 400;\" aria-level=\"1\"><span style=\"font-weight: 400;\">trabalho;<\/span><\/li>\n<li style=\"font-weight: 400;\" aria-level=\"1\"><span style=\"font-weight: 400;\">amigos;<\/span><\/li>\n<li style=\"font-weight: 400;\" aria-level=\"1\"><span style=\"font-weight: 400;\">servi\u00e7os da casa;<\/span><\/li>\n<li style=\"font-weight: 400;\" aria-level=\"1\"><span style=\"font-weight: 400;\">e ainda precisamos de tempo para n\u00f3s.<\/span><\/li>\n<\/ul>\n<p><span style=\"font-weight: 400;\">Mas infelizmente, o dia s\u00f3 tem 24 horas, ent\u00e3o,\u00a0 para n\u00e3o nos sobrecarregarmos, acabamos abandonando alguma coisa, e normalmente somos n\u00f3s mesmas.\u00a0<\/span><\/p>\n<p><span style=\"font-weight: 400;\">Entretanto, a sua sa\u00fade \u00e9 <\/span><b>t\u00e3o importante <\/b><span style=\"font-weight: 400;\">quanto a das pessoas que est\u00e3o ao seu redor. Al\u00e9m disso, se voc\u00ea focar em cuidar de tudo e todos, n\u00e3o sobra energia para voc\u00ea, e com a sua sa\u00fade em risco, voc\u00ea n\u00e3o cuida de ningu\u00e9m!\u00a0<\/span><\/p>\n<p><span style=\"font-weight: 400;\">Portanto, mantenha sempre em sua mente: <\/span><a href=\"https:\/\/www.iquilibrio.com\/blog\/terapias-alternativas\/cristaloterapia\/cristais-amor-proprio\/\"><b><i>N\u00e3o \u00e9 ego\u00edsmo cuidar de voc\u00ea!<\/i><\/b><\/a><\/p>\n<p><span style=\"font-weight: 400;\">E \u00e9 por voc\u00ea e por tantas outras, que as pessoas precisam aprender o que se comemora no dia 28 de maio!<\/span><\/p>\n<p style=\"text-align: center;\"><span class=\"td_btn td_btn_md td_round_btn\" style=\"color: #ffffff; background-color: #ff6600;\"><a style=\"color: #ffffff; background-color: #ff6600;\" href=\"https:\/\/www.iquilibrio.com\/previsoes-saude\/?utm_campaign=blog_conversao&amp;utm_medium=texto_cta&amp;utm_source=blog&amp;utm_content=2023_cat_dicas-de-bem-estar_art_dia-internacional-da-saude-da-mulher\"><span style=\"font-weight: 400;\">Saiba o que a espiritualidade tem para te dizer em rela\u00e7\u00e3o \u00e0 sua sa\u00fade!<\/span><\/a><\/span><\/p>\n<h3><span style=\"font-weight: 400;\">Dia Internacional de luta pela sa\u00fade da mulher: Como surgiu?<\/span><\/h3>\n<p><span style=\"font-weight: 400;\">Comemorado desde <\/span><b>1984<\/b><span style=\"font-weight: 400;\">, o <\/span><i><span style=\"font-weight: 400;\">Dia Internacional da Sa\u00fade da Mulher<\/span><\/i><span style=\"font-weight: 400;\">, ou <\/span><i><span style=\"font-weight: 400;\">Dia Internacional de A\u00e7\u00e3o pela Sa\u00fade da Mulher<\/span><\/i><span style=\"font-weight: 400;\">, surgiu para conscientizar a import\u00e2ncia de cuidar desse ser t\u00e3o importante e poderoso, <\/span><b>a mulher<\/b><span style=\"font-weight: 400;\">.<\/span><\/p>\n<p><span style=\"font-weight: 400;\">Mas, esse \u00e9 um caminho \u00e1rduo que vem sendo trilhado h\u00e1 muito tempo, e com v\u00e1rias lutas diferentes.<\/span><\/p>\n<p><b><i>Por exemplo, voc\u00ea sabe como surgiu o dia 8 de mar\u00e7o, Dia internacional da mulher?<\/i><\/b><\/p>\n<p><span style=\"font-weight: 400;\">Essa \u00e9 uma luta que come\u00e7ou a ser travada por volta de<\/span><b> 1914<\/b><span style=\"font-weight: 400;\">, na Primeira Guerra Mundial, quando come\u00e7aram as manifesta\u00e7\u00f5es das mulheres.\u00a0<\/span><\/p>\n<p><span style=\"font-weight: 400;\">Durante muito tempo o <\/span><a href=\"https:\/\/www.astrocentro.com.br\/blog\/bem-estar\/dia-mulher\/\"><span style=\"font-weight: 400;\">dia 8 de mar\u00e7o<\/span><\/a><span style=\"font-weight: 400;\"> foi palco dessas manifesta\u00e7\u00f5es, mas ainda assim, foram necess\u00e1rios muitos anos para que, finalmente, o <\/span><i><span style=\"font-weight: 400;\">Dia Internacional da Mulher<\/span><\/i><span style=\"font-weight: 400;\"> pudesse ser oficializado pela <\/span><i><span style=\"font-weight: 400;\">ONU<\/span><\/i><span style=\"font-weight: 400;\"> em <\/span><b>1977<\/b><span style=\"font-weight: 400;\">.<\/span><\/p>\n<p><b><i>Mas oficializar um dia n\u00e3o \u00e9 o suficiente<\/i><\/b><span style=\"font-weight: 400;\">.<\/span><\/p>\n<p><span style=\"font-weight: 400;\">Apesar da cria\u00e7\u00e3o de projetos e leis que apoiam as mulheres, ainda existem muitas coisas enraizadas na sociedade que afetam as mulheres desde s\u00e9culos atr\u00e1s, como:<\/span><\/p>\n<ul>\n<li style=\"font-weight: 400;\" aria-level=\"1\"><span style=\"font-weight: 400;\">postura no trabalho;<\/span><\/li>\n<li style=\"font-weight: 400;\" aria-level=\"1\"><span style=\"font-weight: 400;\">como ela deve se comportar socialmente;<\/span><\/li>\n<li style=\"font-weight: 400;\" aria-level=\"1\"><span style=\"font-weight: 400;\">sobre o que ela deve ou n\u00e3o falar;<\/span><\/li>\n<li style=\"font-weight: 400;\" aria-level=\"1\"><span style=\"font-weight: 400;\">a necessidade de se colocar depois dos filhos e marido.<\/span><\/li>\n<\/ul>\n<p><span style=\"font-weight: 400;\">Por\u00e9m, para fazer tudo isso, muitas vezes a mulher sacrifica a sua ess\u00eancia. E ent\u00e3o, mesmo que ela fa\u00e7a tudo isso de forma majestosa, sua <\/span><a href=\"https:\/\/www.iquilibrio.com\/blog\/bem-estar\/qual-importancia-saude-mental\/\"><span style=\"font-weight: 400;\">sa\u00fade mental<\/span><\/a><span style=\"font-weight: 400;\">, f\u00edsica e espiritual s\u00e3o extremamente comprometidas.<\/span><\/p>\n<p><span style=\"font-weight: 400;\">Sendo assim, o <\/span><i><span style=\"font-weight: 400;\">Dia Internacional da Sa\u00fade da Mulher<\/span><\/i><span style=\"font-weight: 400;\"> vem para dar mais um destaque na import\u00e2ncia da <\/span><b>sa\u00fade f\u00edsica<\/b> <b>e principalmente mental <\/b><span style=\"font-weight: 400;\">da mulher!\u00a0<\/span><\/p>\n<p><span style=\"font-weight: 400;\">Sa\u00fade n\u00e3o \u00e9 algo com que se possa brincar ou deixar para depois, e <\/span><b>quanto mais cedo voc\u00ea buscar ajuda, melhor<\/b><span style=\"font-weight: 400;\">!<\/span><\/p>\n<figure id=\"attachment_38455\" aria-describedby=\"caption-attachment-38455\" style=\"width: 900px\" class=\"wp-caption alignnone\"><img loading=\"lazy\" decoding=\"async\" class=\"size-full wp-image-38455\" src=\"https:\/\/www.iquilibrio.com\/blog\/wp-content\/uploads\/2023\/02\/Dia-internacional-da-Saude-da-Mulher-2.jpg\" alt=\"Dia Internacional da Sa\u00fade da Mulher\" width=\"900\" height=\"560\" srcset=\"https:\/\/www.iquilibrio.com\/blog\/wp-content\/uploads\/2023\/02\/Dia-internacional-da-Saude-da-Mulher-2.jpg 900w, https:\/\/www.iquilibrio.com\/blog\/wp-content\/uploads\/2023\/02\/Dia-internacional-da-Saude-da-Mulher-2-300x187.jpg 300w, https:\/\/www.iquilibrio.com\/blog\/wp-content\/uploads\/2023\/02\/Dia-internacional-da-Saude-da-Mulher-2-768x478.jpg 768w, https:\/\/www.iquilibrio.com\/blog\/wp-content\/uploads\/2023\/02\/Dia-internacional-da-Saude-da-Mulher-2-696x433.jpg 696w, https:\/\/www.iquilibrio.com\/blog\/wp-content\/uploads\/2023\/02\/Dia-internacional-da-Saude-da-Mulher-2-675x420.jpg 675w\" sizes=\"auto, (max-width: 900px) 100vw, 900px\" \/><figcaption id=\"caption-attachment-38455\" class=\"wp-caption-text\">Dia Internacional da Sa\u00fade da Mulher<\/figcaption><\/figure>\n<h3><span style=\"font-weight: 400;\">Equil\u00edbrio entre o f\u00edsico, o mental e o espiritual.<\/span><\/h3>\n<p><span style=\"font-weight: 400;\">Buscar ajuda quando temos algum problema f\u00edsico \u00e9 at\u00e9 f\u00e1cil, pois existem muitos m\u00e9dicos por a\u00ed, mas <\/span><i><span style=\"font-weight: 400;\">e quando o problema est\u00e1 al\u00e9m disso?<\/span><\/i><span style=\"font-weight: 400;\">\u00a0<\/span><\/p>\n<p><span style=\"font-weight: 400;\">Mesmo cuidando da sa\u00fade f\u00edsica, muitas vezes deixamos nossas emo\u00e7\u00f5es e pensamentos de lado. Assim, por consequ\u00eancia, nossa vida entra em desequil\u00edbrio, e nosso corpo f\u00edsico \u00e9 afetado pela nossa <\/span><a href=\"https:\/\/www.astrocentro.com.br\/blog\/espiritual\/dores-corpo-significado-espiritual\/\"><span style=\"font-weight: 400;\">vibra\u00e7\u00e3o espiritual<\/span><\/a><span style=\"font-weight: 400;\">.<\/span><\/p>\n<p><b><i>Mas como alcan\u00e7ar esse equil\u00edbrio?<\/i><\/b><\/p>\n<p><span style=\"font-weight: 400;\">Mesmo com a conscientiza\u00e7\u00e3o que envolve o <\/span><i><span style=\"font-weight: 400;\">Dia Internacional de A\u00e7\u00e3o pela Sa\u00fade da Mulher<\/span><\/i><span style=\"font-weight: 400;\">, <\/span><b>cuidar da espiritualidade<\/b><span style=\"font-weight: 400;\"> n\u00e3o \u00e9 algo t\u00e3o simples. Mas saiba que existem muitas pessoas que podem te guiar nesse caminho com o aux\u00edlio do esoterismo, seja com:<\/span><\/p>\n<ul>\n<li><span style=\"font-weight: 400;\">Astrologia;<\/span><\/li>\n<li><a href=\"https:\/\/www.iquilibrio.com\/blog\/bem-estar\/saude-fisica-mental\/\"><span style=\"font-weight: 400;\">Tarot<\/span><\/a><span style=\"font-weight: 400;\">;<\/span><\/li>\n<li><span style=\"font-weight: 400;\">Numerologia;<\/span><\/li>\n<li><span style=\"font-weight: 400;\">B\u00fazios;<\/span><\/li>\n<li><span style=\"font-weight: 400;\">Baralho Cigano;<\/span><\/li>\n<li><span style=\"font-weight: 400;\">Medita\u00e7\u00e3o guiada.<\/span><\/li>\n<\/ul>\n<p><span style=\"font-weight: 400;\">E muitos outros meios de se orientar que podem te ajudar a entrar em contato com seus pr\u00f3prios sentimentos e pensamentos, e como resultado, voc\u00ea consegue se conectar com a sua espiritualidade.<\/span><\/p>\n<p style=\"text-align: center;\"><span class=\"td_btn td_btn_md td_round_btn\" style=\"color: #ffffff; background-color: #ff6600;\"><a style=\"color: #ffffff; background-color: #ff6600;\" href=\"https:\/\/www.iquilibrio.com\/tarot\/?utm_campaign=blog_conversao&amp;utm_medium=texto_cta&amp;utm_source=blog&amp;utm_content=2023_cat_dicas-de-bem-estar_art_dia-internacional-da-saude-da-mulher\"><span style=\"font-weight: 400;\">Descubra que mensagem o Tarot traz para que voc\u00ea se conecte com sua espiritualidade!<\/span><\/a><\/span><\/p>\n<h3><span style=\"font-weight: 400;\">Dia Internacional da Sa\u00fade da Mulher e o Sagrado Feminino<\/span><\/h3>\n<p><span style=\"font-weight: 400;\">Para guiar as mulheres em sua jornada de <\/span><a href=\"https:\/\/www.iquilibrio.com\/blog\/bem-estar\/autoconhecimento\/como-desenvolver-autoconhecimento\/\"><span style=\"font-weight: 400;\">autoconhecimento<\/span><\/a><span style=\"font-weight: 400;\"> e autocuidado, a filosofia do Sagrado Feminino ajuda a fazer o que o <\/span><i><span style=\"font-weight: 400;\">Dia Internacional de Luta pela Sa\u00fade da Mulher<\/span><\/i><span style=\"font-weight: 400;\"> pede, <\/span><b>conscientizar!<\/b><\/p>\n<p><span style=\"font-weight: 400;\">Sendo assim, com o <\/span><a href=\"https:\/\/www.iquilibrio.com\/blog\/espiritualidade\/wicca\/sagrado-feminino\/\"><span style=\"font-weight: 400;\">Sagrado Feminino<\/span><\/a><span style=\"font-weight: 400;\">, as mulheres s\u00e3o encorajadas a <\/span><b>questionar e compreender<\/b><span style=\"font-weight: 400;\"> seus pr\u00f3prios pensamentos e por consequ\u00eancia, a sua natureza, para que assim possam ficar em harmonia com quem elas realmente s\u00e3o.<\/span><\/p>\n<p><span style=\"font-weight: 400;\">Com isso, al\u00e9m de se conectar com ela mesma, a mulher tamb\u00e9m encontra for\u00e7as na espiritualidade e nas energias que a cercam, principalmente a energia feminina da natureza ou da M\u00e3e Terra.<\/span><\/p>\n<p><b><i>Mas o que isso tem a ver com o Dia Internacional da Sa\u00fade da Mulher?<\/i><\/b><\/p>\n<p><span style=\"font-weight: 400;\">Tudo!\u00a0<\/span><\/p>\n<p><span style=\"font-weight: 400;\">Pois quando a mulher conhece seus processos internos e o modo como o corpo dela trabalha e reage \u00e0s coisas, \u00e9 mais f\u00e1cil perceber quais s\u00e3o os pontos que precisam de cuidados.<\/span><\/p>\n<p><span style=\"font-weight: 400;\">Al\u00e9m disso, quando prestamos aten\u00e7\u00e3o em nossa espiritualidade, os efeitos come\u00e7am a aparecer no nosso corpo. Como:<\/span><\/p>\n<ul>\n<li><span style=\"font-weight: 400;\">melhora na qualidade do sono;<\/span><\/li>\n<li><span style=\"font-weight: 400;\">diminui\u00e7\u00e3o de dores;<\/span><\/li>\n<li><span style=\"font-weight: 400;\">melhoras no humor;<\/span><\/li>\n<li><span style=\"font-weight: 400;\">diminui\u00e7\u00e3o dos sintomas de ansiedade e depress\u00e3o;<\/span><\/li>\n<li><a href=\"https:\/\/www.iquilibrio.com\/blog\/bem-estar\/autoestima\/\"><span style=\"font-weight: 400;\">aumento da autoestima<\/span><\/a><span style=\"font-weight: 400;\">.<\/span><\/li>\n<\/ul>\n<p><span style=\"font-weight: 400;\">Finalmente, quando juntamos esses efeitos com os cuidados f\u00edsicos, conseguimos alcan\u00e7ar o t\u00e3o desejado <\/span><b>equil\u00edbrio<\/b><span style=\"font-weight: 400;\">.\u00a0<\/span><\/p>\n<p><span style=\"font-weight: 400;\">Mas lembre-se que essa \u00e9 uma caminhada longa, ent\u00e3o, para que voc\u00ea <\/span><b>n\u00e3o perca a f\u00e9<\/b><span style=\"font-weight: 400;\"> em voc\u00ea mesma, a\u00ed v\u00e3o algumas divindades que podem te dar for\u00e7a nessa jornada.<\/span><\/p>\n<figure id=\"attachment_38454\" aria-describedby=\"caption-attachment-38454\" style=\"width: 900px\" class=\"wp-caption alignnone\"><img loading=\"lazy\" decoding=\"async\" class=\"size-full wp-image-38454\" src=\"https:\/\/www.iquilibrio.com\/blog\/wp-content\/uploads\/2023\/02\/Dia-internacional-da-Saude-da-Mulher-1.jpg\" alt=\"Dia Internacional da Sa\u00fade da Mulher\" width=\"900\" height=\"560\" srcset=\"https:\/\/www.iquilibrio.com\/blog\/wp-content\/uploads\/2023\/02\/Dia-internacional-da-Saude-da-Mulher-1.jpg 900w, https:\/\/www.iquilibrio.com\/blog\/wp-content\/uploads\/2023\/02\/Dia-internacional-da-Saude-da-Mulher-1-300x187.jpg 300w, https:\/\/www.iquilibrio.com\/blog\/wp-content\/uploads\/2023\/02\/Dia-internacional-da-Saude-da-Mulher-1-768x478.jpg 768w, https:\/\/www.iquilibrio.com\/blog\/wp-content\/uploads\/2023\/02\/Dia-internacional-da-Saude-da-Mulher-1-696x433.jpg 696w, https:\/\/www.iquilibrio.com\/blog\/wp-content\/uploads\/2023\/02\/Dia-internacional-da-Saude-da-Mulher-1-675x420.jpg 675w\" sizes=\"auto, (max-width: 900px) 100vw, 900px\" \/><figcaption id=\"caption-attachment-38454\" class=\"wp-caption-text\">Dia Internacional da Sa\u00fade da Mulher<\/figcaption><\/figure>\n<h3><span style=\"font-weight: 400;\">O poder tamb\u00e9m est\u00e1 no cuidado!<\/span><\/h3>\n<p><span style=\"font-weight: 400;\">Apesar de muitas pessoas falarem sobre o poder feminino, muitas vezes esse poder est\u00e1 relacionado com coisas materiais, como se tornar uma <\/span><b>mulher de neg\u00f3cios<\/b><span style=\"font-weight: 400;\"> por exemplo.\u00a0<\/span><\/p>\n<p><span style=\"font-weight: 400;\">Entretanto, <\/span><b>a for\u00e7a da mulher vai al\u00e9m disso<\/b><span style=\"font-weight: 400;\">, e para represent\u00e1-la, vamos conhecer algumas divindades femininas que s\u00e3o <\/span><a href=\"https:\/\/www.iquilibrio.com\/blog\/espiritualidade\/deusas\/\"><span style=\"font-weight: 400;\">s\u00edmbolo de poder<\/span><\/a><span style=\"font-weight: 400;\">.<\/span><b><\/b><\/p>\n<ul>\n<li><b>Gaia:<\/b><span style=\"font-weight: 400;\"> tamb\u00e9m conhecida como M\u00e3e Terra, Gaia \u00e9 s\u00edmbolo de prote\u00e7\u00e3o e fertilidade.<\/span><\/li>\n<li><b>Iemanj\u00e1: <\/b><span style=\"font-weight: 400;\">Deusa do amor incondicional e da compaix\u00e3o, Iemanj\u00e1 tamb\u00e9m \u00e9 conhecida como a M\u00e3e dos Orix\u00e1s.<\/span><\/li>\n<li><b>Atena:<\/b><span style=\"font-weight: 400;\"> deusa da sabedoria e da justi\u00e7a.<\/span><\/li>\n<li><b>Freya: <\/b><span style=\"font-weight: 400;\">Deusa do amor, da fertilidade, da m\u00fasica e das flores.<\/span><\/li>\n<li><b>Morrigan:<\/b><span style=\"font-weight: 400;\"> Deusa celta da fertilidade e soberania.<\/span><\/li>\n<\/ul>\n<p><span style=\"font-weight: 400;\">Al\u00e9m dessas, existem muitas outras divindades que voc\u00ea pode buscar para te dar for\u00e7as em sua jornada. Da mesma forma, voc\u00ea pode us\u00e1-las para inspirar outras mulheres a seguir o mesmo caminho que voc\u00ea, o do <\/span><b>autocuidado<\/b><span style=\"font-weight: 400;\">.\u00a0<\/span><\/p>\n<p><span style=\"font-weight: 400;\">Contudo, o cuidado n\u00e3o deve ser restrito ao Dia Internacional da Sa\u00fade da Mulher, ent\u00e3o, cuide de voc\u00ea todos os dias, e seu corpo e sua mente estar\u00e3o sempre prontos para qualquer coisa. At\u00e9 a pr\u00f3xima!<\/span><\/p>\n<p style=\"text-align: center;\"><span class=\"td_btn td_btn_md td_round_btn\" style=\"color: #ffffff; background-color: #ff6600;\"><a style=\"color: #ffffff; background-color: #ff6600;\" href=\"https:\/\/www.iquilibrio.com\/autoconhecimento\/?utm_campaign=blog_conversao&amp;utm_medium=texto_cta&amp;utm_source=blog&amp;utm_content=2023_cat_dicas-de-bem-estar_art_dia-internacional-da-saude-da-mulher\"><span style=\"font-weight: 400;\">Comece sua jornada de autoconhecimento e autocuidado com os nossos especialistas!<\/span><\/a><\/span><\/p>\n<hr \/>\n<p><span style=\"font-weight: 400;\">Comece a cuidar da sua sa\u00fade espiritual se conectando com seu anjo da guarda.\u00a0<\/span><\/p>\n<p><iframe loading=\"lazy\" title=\"Medita\u00e7\u00e3o guiada do anjo da guarda - iQuilibrio\" width=\"696\" height=\"392\" src=\"https:\/\/www.youtube.com\/embed\/hBbGYTsMw2o?feature=oembed\" frameborder=\"0\" allow=\"accelerometer; autoplay; clipboard-write; encrypted-media; gyroscope; picture-in-picture; web-share\" allowfullscreen><\/iframe><\/p>\n\n\n<div class=\"kk-star-ratings kksr-auto kksr-align-left kksr-valign-bottom\"\n    data-payload='{&quot;align&quot;:&quot;left&quot;,&quot;id&quot;:&quot;38452&quot;,&quot;slug&quot;:&quot;default&quot;,&quot;valign&quot;:&quot;bottom&quot;,&quot;ignore&quot;:&quot;&quot;,&quot;reference&quot;:&quot;auto&quot;,&quot;class&quot;:&quot;&quot;,&quot;count&quot;:&quot;0&quot;,&quot;legendonly&quot;:&quot;&quot;,&quot;readonly&quot;:&quot;&quot;,&quot;score&quot;:&quot;0&quot;,&quot;starsonly&quot;:&quot;&quot;,&quot;best&quot;:&quot;5&quot;,&quot;gap&quot;:&quot;5&quot;,&quot;greet&quot;:&quot;Rate this post&quot;,&quot;legend&quot;:&quot;0\\\/5 - (0 voto)&quot;,&quot;size&quot;:&quot;24&quot;,&quot;title&quot;:&quot;Dia Internacional da Sa\u00fade da Mulher: \u00e9 tempo de se cuidar!&quot;,&quot;width&quot;:&quot;0&quot;,&quot;_legend&quot;:&quot;{score}\\\/{best} - ({count} {votes})&quot;,&quot;font_factor&quot;:&quot;1.25&quot;}'>\n            \n<div class=\"kksr-stars\">\n    \n<div class=\"kksr-stars-inactive\">\n            <div class=\"kksr-star\" data-star=\"1\" style=\"padding-right: 5px\">\n            \n\n<div class=\"kksr-icon\" style=\"width: 24px; height: 24px;\"><\/div>\n        <\/div>\n            <div class=\"kksr-star\" data-star=\"2\" style=\"padding-right: 5px\">\n            \n\n<div class=\"kksr-icon\" style=\"width: 24px; height: 24px;\"><\/div>\n        <\/div>\n            <div class=\"kksr-star\" data-star=\"3\" style=\"padding-right: 5px\">\n            \n\n<div class=\"kksr-icon\" style=\"width: 24px; height: 24px;\"><\/div>\n        <\/div>\n            <div class=\"kksr-star\" data-star=\"4\" style=\"padding-right: 5px\">\n            \n\n<div class=\"kksr-icon\" style=\"width: 24px; height: 24px;\"><\/div>\n        <\/div>\n            <div class=\"kksr-star\" data-star=\"5\" style=\"padding-right: 5px\">\n            \n\n<div class=\"kksr-icon\" style=\"width: 24px; height: 24px;\"><\/div>\n        <\/div>\n    <\/div>\n    \n<div class=\"kksr-stars-active\" style=\"width: 0px;\">\n            <div class=\"kksr-star\" style=\"padding-right: 5px\">\n            \n\n<div class=\"kksr-icon\" style=\"width: 24px; height: 24px;\"><\/div>\n        <\/div>\n            <div class=\"kksr-star\" style=\"padding-right: 5px\">\n            \n\n<div class=\"kksr-icon\" style=\"width: 24px; height: 24px;\"><\/div>\n        <\/div>\n            <div class=\"kksr-star\" style=\"padding-right: 5px\">\n            \n\n<div class=\"kksr-icon\" style=\"width: 24px; height: 24px;\"><\/div>\n        <\/div>\n            <div class=\"kksr-star\" style=\"padding-right: 5px\">\n            \n\n<div class=\"kksr-icon\" style=\"width: 24px; height: 24px;\"><\/div>\n        <\/div>\n            <div class=\"kksr-star\" style=\"padding-right: 5px\">\n            \n\n<div class=\"kksr-icon\" style=\"width: 24px; height: 24px;\"><\/div>\n        <\/div>\n    <\/div>\n<\/div>\n                \n\n<div class=\"kksr-legend\" style=\"font-size: 19.2px;\">\n            <span class=\"kksr-muted\">Rate this post<\/span>\n    <\/div>\n    <\/div>\n","protected":false},"excerpt":{"rendered":"<p>Que a mulher e sua sa\u00fade ficaram por muito tempo em segundo plano \u00e9 um fato que todas sabemos. Contudo, mesmo com a conscientiza\u00e7\u00e3o do Dia Internacional da Sa\u00fade da Mulher e muitos outros direitos que surgiram, ainda existe a falta de informa\u00e7\u00e3o. Mas hoje, estamos aqui para falar de como \u00e9 importante o cuidado [&hellip;]<\/p>\n","protected":false},"author":159,"featured_media":38453,"comment_status":"closed","ping_status":"closed","sticky":false,"template":"","format":"standard","meta":{"footnotes":""},"categories":[592],"tags":[],"class_list":["post-38452","post","type-post","status-publish","format-standard","has-post-thumbnail","hentry","category-bem-estar"],"yoast_head":"<!-- This site is optimized with the Yoast SEO plugin v27.4 - https:\/\/yoast.com\/product\/yoast-seo-wordpress\/ -->\n<title>Dia internacional da sa\u00fade da mulher e a sua import\u00e2ncia. \u2640\ufe0f<\/title>\n<meta name=\"description\" content=\"Voc\u00ea sabia que existe o Dia Internacional da Sa\u00fade da Mulher? Venha conhecer mais sobre essa data e sua import\u00e2ncia!\" \/>\n<meta name=\"robots\" content=\"index, follow, max-snippet:-1, max-image-preview:large, max-video-preview:-1\" \/>\n<link rel=\"canonical\" href=\"https:\/\/www.iquilibrio.com\/blog\/bem-estar\/dia-internacional-saude-mulher\/\" \/>\n<meta property=\"og:locale\" content=\"pt_BR\" \/>\n<meta property=\"og:type\" content=\"article\" \/>\n<meta property=\"og:title\" content=\"Dia internacional da sa\u00fade da mulher e a sua import\u00e2ncia. \u2640\ufe0f\" \/>\n<meta property=\"og:description\" content=\"Voc\u00ea sabia que existe o Dia Internacional da Sa\u00fade da Mulher? Venha conhecer mais sobre essa data e sua import\u00e2ncia!\" \/>\n<meta property=\"og:url\" content=\"https:\/\/www.iquilibrio.com\/blog\/bem-estar\/dia-internacional-saude-mulher\/\" \/>\n<meta property=\"og:site_name\" content=\"iQuilibrio\" \/>\n<meta property=\"article:publisher\" content=\"https:\/\/www.facebook.com\/iQuilibrio\/\" \/>\n<meta property=\"article:published_time\" content=\"2023-04-17T10:00:38+00:00\" \/>\n<meta property=\"og:image\" content=\"https:\/\/www.iquilibrio.com\/blog\/wp-content\/uploads\/2023\/02\/Dia-internacional-da-Saude-da-Mulher.jpg\" \/>\n\t<meta property=\"og:image:width\" content=\"900\" \/>\n\t<meta property=\"og:image:height\" content=\"560\" \/>\n\t<meta property=\"og:image:type\" content=\"image\/jpeg\" \/>\n<meta name=\"author\" content=\"Thaly Barboza\" \/>\n<meta name=\"twitter:card\" content=\"summary_large_image\" \/>\n<meta name=\"twitter:creator\" content=\"@iquilibrio\" \/>\n<meta name=\"twitter:site\" content=\"@iquilibrio\" \/>\n<meta name=\"twitter:label1\" content=\"Escrito por\" \/>\n\t<meta name=\"twitter:data1\" content=\"Thaly Barboza\" \/>\n\t<meta name=\"twitter:label2\" content=\"Est. tempo de leitura\" \/>\n\t<meta name=\"twitter:data2\" content=\"8 minutos\" \/>\n<script type=\"application\/ld+json\" class=\"yoast-schema-graph\">{\"@context\":\"https:\\\/\\\/schema.org\",\"@graph\":[{\"@type\":\"Article\",\"@id\":\"https:\\\/\\\/www.iquilibrio.com\\\/blog\\\/bem-estar\\\/dia-internacional-saude-mulher\\\/#article\",\"isPartOf\":{\"@id\":\"https:\\\/\\\/www.iquilibrio.com\\\/blog\\\/bem-estar\\\/dia-internacional-saude-mulher\\\/\"},\"author\":{\"name\":\"Thaly Barboza\",\"@id\":\"https:\\\/\\\/www.iquilibrio.com\\\/blog\\\/#\\\/schema\\\/person\\\/3d4598b7daef5714d9764c40b5d54d5c\"},\"headline\":\"Dia Internacional da Sa\u00fade da Mulher: \u00e9 tempo de se cuidar!\",\"datePublished\":\"2023-04-17T10:00:38+00:00\",\"mainEntityOfPage\":{\"@id\":\"https:\\\/\\\/www.iquilibrio.com\\\/blog\\\/bem-estar\\\/dia-internacional-saude-mulher\\\/\"},\"wordCount\":1407,\"publisher\":{\"@id\":\"https:\\\/\\\/www.iquilibrio.com\\\/blog\\\/#organization\"},\"image\":{\"@id\":\"https:\\\/\\\/www.iquilibrio.com\\\/blog\\\/bem-estar\\\/dia-internacional-saude-mulher\\\/#primaryimage\"},\"thumbnailUrl\":\"https:\\\/\\\/www.iquilibrio.com\\\/blog\\\/wp-content\\\/uploads\\\/2023\\\/02\\\/Dia-internacional-da-Saude-da-Mulher.jpg\",\"articleSection\":[\"Dicas de Bem-Estar\"],\"inLanguage\":\"pt-BR\"},{\"@type\":\"WebPage\",\"@id\":\"https:\\\/\\\/www.iquilibrio.com\\\/blog\\\/bem-estar\\\/dia-internacional-saude-mulher\\\/\",\"url\":\"https:\\\/\\\/www.iquilibrio.com\\\/blog\\\/bem-estar\\\/dia-internacional-saude-mulher\\\/\",\"name\":\"Dia internacional da sa\u00fade da mulher e a sua import\u00e2ncia. \u2640\ufe0f\",\"isPartOf\":{\"@id\":\"https:\\\/\\\/www.iquilibrio.com\\\/blog\\\/#website\"},\"primaryImageOfPage\":{\"@id\":\"https:\\\/\\\/www.iquilibrio.com\\\/blog\\\/bem-estar\\\/dia-internacional-saude-mulher\\\/#primaryimage\"},\"image\":{\"@id\":\"https:\\\/\\\/www.iquilibrio.com\\\/blog\\\/bem-estar\\\/dia-internacional-saude-mulher\\\/#primaryimage\"},\"thumbnailUrl\":\"https:\\\/\\\/www.iquilibrio.com\\\/blog\\\/wp-content\\\/uploads\\\/2023\\\/02\\\/Dia-internacional-da-Saude-da-Mulher.jpg\",\"datePublished\":\"2023-04-17T10:00:38+00:00\",\"description\":\"Voc\u00ea sabia que existe o Dia Internacional da Sa\u00fade da Mulher? Venha conhecer mais sobre essa data e sua import\u00e2ncia!\",\"breadcrumb\":{\"@id\":\"https:\\\/\\\/www.iquilibrio.com\\\/blog\\\/bem-estar\\\/dia-internacional-saude-mulher\\\/#breadcrumb\"},\"inLanguage\":\"pt-BR\",\"potentialAction\":[{\"@type\":\"ReadAction\",\"target\":[\"https:\\\/\\\/www.iquilibrio.com\\\/blog\\\/bem-estar\\\/dia-internacional-saude-mulher\\\/\"]}]},{\"@type\":\"ImageObject\",\"inLanguage\":\"pt-BR\",\"@id\":\"https:\\\/\\\/www.iquilibrio.com\\\/blog\\\/bem-estar\\\/dia-internacional-saude-mulher\\\/#primaryimage\",\"url\":\"https:\\\/\\\/www.iquilibrio.com\\\/blog\\\/wp-content\\\/uploads\\\/2023\\\/02\\\/Dia-internacional-da-Saude-da-Mulher.jpg\",\"contentUrl\":\"https:\\\/\\\/www.iquilibrio.com\\\/blog\\\/wp-content\\\/uploads\\\/2023\\\/02\\\/Dia-internacional-da-Saude-da-Mulher.jpg\",\"width\":900,\"height\":560,\"caption\":\"Dia Internacional da Sa\u00fade da Mulher\"},{\"@type\":\"BreadcrumbList\",\"@id\":\"https:\\\/\\\/www.iquilibrio.com\\\/blog\\\/bem-estar\\\/dia-internacional-saude-mulher\\\/#breadcrumb\",\"itemListElement\":[{\"@type\":\"ListItem\",\"position\":1,\"name\":\"In\u00edcio\",\"item\":\"https:\\\/\\\/www.iquilibrio.com\\\/blog\\\/\"},{\"@type\":\"ListItem\",\"position\":2,\"name\":\"Dia Internacional da Sa\u00fade da Mulher: \u00e9 tempo de se cuidar!\"}]},{\"@type\":\"WebSite\",\"@id\":\"https:\\\/\\\/www.iquilibrio.com\\\/blog\\\/#website\",\"url\":\"https:\\\/\\\/www.iquilibrio.com\\\/blog\\\/\",\"name\":\"iQuilibrio\",\"description\":\"Blog iQuilibrio\",\"publisher\":{\"@id\":\"https:\\\/\\\/www.iquilibrio.com\\\/blog\\\/#organization\"},\"potentialAction\":[{\"@type\":\"SearchAction\",\"target\":{\"@type\":\"EntryPoint\",\"urlTemplate\":\"https:\\\/\\\/www.iquilibrio.com\\\/blog\\\/?s={search_term_string}\"},\"query-input\":{\"@type\":\"PropertyValueSpecification\",\"valueRequired\":true,\"valueName\":\"search_term_string\"}}],\"inLanguage\":\"pt-BR\"},{\"@type\":\"Organization\",\"@id\":\"https:\\\/\\\/www.iquilibrio.com\\\/blog\\\/#organization\",\"name\":\"Esoterismo, Misticismo e Tarot Online - iQuilibrio\",\"url\":\"https:\\\/\\\/www.iquilibrio.com\\\/blog\\\/\",\"logo\":{\"@type\":\"ImageObject\",\"inLanguage\":\"pt-BR\",\"@id\":\"https:\\\/\\\/www.iquilibrio.com\\\/blog\\\/#\\\/schema\\\/logo\\\/image\\\/\",\"url\":\"https:\\\/\\\/www.iquilibrio.com\\\/blog\\\/wp-content\\\/uploads\\\/2018\\\/12\\\/iquilibrio_lovo_vetor_preto-retina.png\",\"contentUrl\":\"https:\\\/\\\/www.iquilibrio.com\\\/blog\\\/wp-content\\\/uploads\\\/2018\\\/12\\\/iquilibrio_lovo_vetor_preto-retina.png\",\"width\":972,\"height\":180,\"caption\":\"Esoterismo, Misticismo e Tarot Online - iQuilibrio\"},\"image\":{\"@id\":\"https:\\\/\\\/www.iquilibrio.com\\\/blog\\\/#\\\/schema\\\/logo\\\/image\\\/\"},\"sameAs\":[\"https:\\\/\\\/www.facebook.com\\\/iQuilibrio\\\/\",\"https:\\\/\\\/x.com\\\/iquilibrio\",\"https:\\\/\\\/www.instagram.com\\\/iquilibrio\\\/\",\"https:\\\/\\\/www.linkedin.com\\\/company\\\/iquilibrio\\\/\",\"https:\\\/\\\/br.pinterest.com\\\/iquilibrio1397\\\/\",\"https:\\\/\\\/www.youtube.com\\\/channel\\\/UC175qxd-4Zsi4wzawT5zF2g\"]},{\"@type\":\"Person\",\"@id\":\"https:\\\/\\\/www.iquilibrio.com\\\/blog\\\/#\\\/schema\\\/person\\\/3d4598b7daef5714d9764c40b5d54d5c\",\"name\":\"Thaly Barboza\",\"image\":{\"@type\":\"ImageObject\",\"inLanguage\":\"pt-BR\",\"@id\":\"https:\\\/\\\/secure.gravatar.com\\\/avatar\\\/341d6c4b7158e03d5853a428959b37c577948b1ee8e6e5fc12f06d91c9a53ef4?s=96&d=blank&r=g\",\"url\":\"https:\\\/\\\/secure.gravatar.com\\\/avatar\\\/341d6c4b7158e03d5853a428959b37c577948b1ee8e6e5fc12f06d91c9a53ef4?s=96&d=blank&r=g\",\"contentUrl\":\"https:\\\/\\\/secure.gravatar.com\\\/avatar\\\/341d6c4b7158e03d5853a428959b37c577948b1ee8e6e5fc12f06d91c9a53ef4?s=96&d=blank&r=g\",\"caption\":\"Thaly Barboza\"},\"description\":\"Uma pedagoga curiosa e apaixonada por aprender coisas novas. Pronta para qualquer desafio, acredita que todos possuem uma miss\u00e3o na Terra! A troca de energia entre as pessoas \u00e9 essencial para aprendermos cada vez mais, por isso essa piscina ama passar um tempo com sua fam\u00edlia e seus amigos, pois sabe a import\u00e2ncia da ancestralidade. Quando n\u00e3o est\u00e1 se aventurando nos mais diversos universos de s\u00e9ries e livros, se dedica a aprender sobre as maravilhas do nosso pr\u00f3prio cosmo!\",\"url\":\"https:\\\/\\\/www.iquilibrio.com\\\/blog\\\/author\\\/thalita-barboza\\\/\"}]}<\/script>\n<!-- \/ Yoast SEO plugin. -->","yoast_head_json":{"title":"Dia internacional da sa\u00fade da mulher e a sua import\u00e2ncia. \u2640\ufe0f","description":"Voc\u00ea sabia que existe o Dia Internacional da Sa\u00fade da Mulher? Venha conhecer mais sobre essa data e sua import\u00e2ncia!","robots":{"index":"index","follow":"follow","max-snippet":"max-snippet:-1","max-image-preview":"max-image-preview:large","max-video-preview":"max-video-preview:-1"},"canonical":"https:\/\/www.iquilibrio.com\/blog\/bem-estar\/dia-internacional-saude-mulher\/","og_locale":"pt_BR","og_type":"article","og_title":"Dia internacional da sa\u00fade da mulher e a sua import\u00e2ncia. \u2640\ufe0f","og_description":"Voc\u00ea sabia que existe o Dia Internacional da Sa\u00fade da Mulher? Venha conhecer mais sobre essa data e sua import\u00e2ncia!","og_url":"https:\/\/www.iquilibrio.com\/blog\/bem-estar\/dia-internacional-saude-mulher\/","og_site_name":"iQuilibrio","article_publisher":"https:\/\/www.facebook.com\/iQuilibrio\/","article_published_time":"2023-04-17T10:00:38+00:00","og_image":[{"width":900,"height":560,"url":"https:\/\/www.iquilibrio.com\/blog\/wp-content\/uploads\/2023\/02\/Dia-internacional-da-Saude-da-Mulher.jpg","type":"image\/jpeg"}],"author":"Thaly Barboza","twitter_card":"summary_large_image","twitter_creator":"@iquilibrio","twitter_site":"@iquilibrio","twitter_misc":{"Escrito por":"Thaly Barboza","Est. tempo de leitura":"8 minutos"},"schema":{"@context":"https:\/\/schema.org","@graph":[{"@type":"Article","@id":"https:\/\/www.iquilibrio.com\/blog\/bem-estar\/dia-internacional-saude-mulher\/#article","isPartOf":{"@id":"https:\/\/www.iquilibrio.com\/blog\/bem-estar\/dia-internacional-saude-mulher\/"},"author":{"name":"Thaly Barboza","@id":"https:\/\/www.iquilibrio.com\/blog\/#\/schema\/person\/3d4598b7daef5714d9764c40b5d54d5c"},"headline":"Dia Internacional da Sa\u00fade da Mulher: \u00e9 tempo de se cuidar!","datePublished":"2023-04-17T10:00:38+00:00","mainEntityOfPage":{"@id":"https:\/\/www.iquilibrio.com\/blog\/bem-estar\/dia-internacional-saude-mulher\/"},"wordCount":1407,"publisher":{"@id":"https:\/\/www.iquilibrio.com\/blog\/#organization"},"image":{"@id":"https:\/\/www.iquilibrio.com\/blog\/bem-estar\/dia-internacional-saude-mulher\/#primaryimage"},"thumbnailUrl":"https:\/\/www.iquilibrio.com\/blog\/wp-content\/uploads\/2023\/02\/Dia-internacional-da-Saude-da-Mulher.jpg","articleSection":["Dicas de Bem-Estar"],"inLanguage":"pt-BR"},{"@type":"WebPage","@id":"https:\/\/www.iquilibrio.com\/blog\/bem-estar\/dia-internacional-saude-mulher\/","url":"https:\/\/www.iquilibrio.com\/blog\/bem-estar\/dia-internacional-saude-mulher\/","name":"Dia internacional da sa\u00fade da mulher e a sua import\u00e2ncia. \u2640\ufe0f","isPartOf":{"@id":"https:\/\/www.iquilibrio.com\/blog\/#website"},"primaryImageOfPage":{"@id":"https:\/\/www.iquilibrio.com\/blog\/bem-estar\/dia-internacional-saude-mulher\/#primaryimage"},"image":{"@id":"https:\/\/www.iquilibrio.com\/blog\/bem-estar\/dia-internacional-saude-mulher\/#primaryimage"},"thumbnailUrl":"https:\/\/www.iquilibrio.com\/blog\/wp-content\/uploads\/2023\/02\/Dia-internacional-da-Saude-da-Mulher.jpg","datePublished":"2023-04-17T10:00:38+00:00","description":"Voc\u00ea sabia que existe o Dia Internacional da Sa\u00fade da Mulher? Venha conhecer mais sobre essa data e sua import\u00e2ncia!","breadcrumb":{"@id":"https:\/\/www.iquilibrio.com\/blog\/bem-estar\/dia-internacional-saude-mulher\/#breadcrumb"},"inLanguage":"pt-BR","potentialAction":[{"@type":"ReadAction","target":["https:\/\/www.iquilibrio.com\/blog\/bem-estar\/dia-internacional-saude-mulher\/"]}]},{"@type":"ImageObject","inLanguage":"pt-BR","@id":"https:\/\/www.iquilibrio.com\/blog\/bem-estar\/dia-internacional-saude-mulher\/#primaryimage","url":"https:\/\/www.iquilibrio.com\/blog\/wp-content\/uploads\/2023\/02\/Dia-internacional-da-Saude-da-Mulher.jpg","contentUrl":"https:\/\/www.iquilibrio.com\/blog\/wp-content\/uploads\/2023\/02\/Dia-internacional-da-Saude-da-Mulher.jpg","width":900,"height":560,"caption":"Dia Internacional da Sa\u00fade da Mulher"},{"@type":"BreadcrumbList","@id":"https:\/\/www.iquilibrio.com\/blog\/bem-estar\/dia-internacional-saude-mulher\/#breadcrumb","itemListElement":[{"@type":"ListItem","position":1,"name":"In\u00edcio","item":"https:\/\/www.iquilibrio.com\/blog\/"},{"@type":"ListItem","position":2,"name":"Dia Internacional da Sa\u00fade da Mulher: \u00e9 tempo de se cuidar!"}]},{"@type":"WebSite","@id":"https:\/\/www.iquilibrio.com\/blog\/#website","url":"https:\/\/www.iquilibrio.com\/blog\/","name":"iQuilibrio","description":"Blog iQuilibrio","publisher":{"@id":"https:\/\/www.iquilibrio.com\/blog\/#organization"},"potentialAction":[{"@type":"SearchAction","target":{"@type":"EntryPoint","urlTemplate":"https:\/\/www.iquilibrio.com\/blog\/?s={search_term_string}"},"query-input":{"@type":"PropertyValueSpecification","valueRequired":true,"valueName":"search_term_string"}}],"inLanguage":"pt-BR"},{"@type":"Organization","@id":"https:\/\/www.iquilibrio.com\/blog\/#organization","name":"Esoterismo, Misticismo e Tarot Online - iQuilibrio","url":"https:\/\/www.iquilibrio.com\/blog\/","logo":{"@type":"ImageObject","inLanguage":"pt-BR","@id":"https:\/\/www.iquilibrio.com\/blog\/#\/schema\/logo\/image\/","url":"https:\/\/www.iquilibrio.com\/blog\/wp-content\/uploads\/2018\/12\/iquilibrio_lovo_vetor_preto-retina.png","contentUrl":"https:\/\/www.iquilibrio.com\/blog\/wp-content\/uploads\/2018\/12\/iquilibrio_lovo_vetor_preto-retina.png","width":972,"height":180,"caption":"Esoterismo, Misticismo e Tarot Online - iQuilibrio"},"image":{"@id":"https:\/\/www.iquilibrio.com\/blog\/#\/schema\/logo\/image\/"},"sameAs":["https:\/\/www.facebook.com\/iQuilibrio\/","https:\/\/x.com\/iquilibrio","https:\/\/www.instagram.com\/iquilibrio\/","https:\/\/www.linkedin.com\/company\/iquilibrio\/","https:\/\/br.pinterest.com\/iquilibrio1397\/","https:\/\/www.youtube.com\/channel\/UC175qxd-4Zsi4wzawT5zF2g"]},{"@type":"Person","@id":"https:\/\/www.iquilibrio.com\/blog\/#\/schema\/person\/3d4598b7daef5714d9764c40b5d54d5c","name":"Thaly Barboza","image":{"@type":"ImageObject","inLanguage":"pt-BR","@id":"https:\/\/secure.gravatar.com\/avatar\/341d6c4b7158e03d5853a428959b37c577948b1ee8e6e5fc12f06d91c9a53ef4?s=96&d=blank&r=g","url":"https:\/\/secure.gravatar.com\/avatar\/341d6c4b7158e03d5853a428959b37c577948b1ee8e6e5fc12f06d91c9a53ef4?s=96&d=blank&r=g","contentUrl":"https:\/\/secure.gravatar.com\/avatar\/341d6c4b7158e03d5853a428959b37c577948b1ee8e6e5fc12f06d91c9a53ef4?s=96&d=blank&r=g","caption":"Thaly Barboza"},"description":"Uma pedagoga curiosa e apaixonada por aprender coisas novas. Pronta para qualquer desafio, acredita que todos possuem uma miss\u00e3o na Terra! A troca de energia entre as pessoas \u00e9 essencial para aprendermos cada vez mais, por isso essa piscina ama passar um tempo com sua fam\u00edlia e seus amigos, pois sabe a import\u00e2ncia da ancestralidade. Quando n\u00e3o est\u00e1 se aventurando nos mais diversos universos de s\u00e9ries e livros, se dedica a aprender sobre as maravilhas do nosso pr\u00f3prio cosmo!","url":"https:\/\/www.iquilibrio.com\/blog\/author\/thalita-barboza\/"}]}},"_links":{"self":[{"href":"https:\/\/www.iquilibrio.com\/blog\/wp-json\/wp\/v2\/posts\/38452","targetHints":{"allow":["GET"]}}],"collection":[{"href":"https:\/\/www.iquilibrio.com\/blog\/wp-json\/wp\/v2\/posts"}],"about":[{"href":"https:\/\/www.iquilibrio.com\/blog\/wp-json\/wp\/v2\/types\/post"}],"author":[{"embeddable":true,"href":"https:\/\/www.iquilibrio.com\/blog\/wp-json\/wp\/v2\/users\/159"}],"replies":[{"embeddable":true,"href":"https:\/\/www.iquilibrio.com\/blog\/wp-json\/wp\/v2\/comments?post=38452"}],"version-history":[{"count":2,"href":"https:\/\/www.iquilibrio.com\/blog\/wp-json\/wp\/v2\/posts\/38452\/revisions"}],"predecessor-version":[{"id":38607,"href":"https:\/\/www.iquilibrio.com\/blog\/wp-json\/wp\/v2\/posts\/38452\/revisions\/38607"}],"wp:featuredmedia":[{"embeddable":true,"href":"https:\/\/www.iquilibrio.com\/blog\/wp-json\/wp\/v2\/media\/38453"}],"wp:attachment":[{"href":"https:\/\/www.iquilibrio.com\/blog\/wp-json\/wp\/v2\/media?parent=38452"}],"wp:term":[{"taxonomy":"category","embeddable":true,"href":"https:\/\/www.iquilibrio.com\/blog\/wp-json\/wp\/v2\/categories?post=38452"},{"taxonomy":"post_tag","embeddable":true,"href":"https:\/\/www.iquilibrio.com\/blog\/wp-json\/wp\/v2\/tags?post=38452"}],"curies":[{"name":"wp","href":"https:\/\/api.w.org\/{rel}","templated":true}]}}