{"id":38374,"date":"2023-01-30T12:39:37","date_gmt":"2023-01-30T15:39:37","guid":{"rendered":"https:\/\/www.iquilibrio.com\/blog\/?p=38374"},"modified":"2023-03-14T12:51:40","modified_gmt":"2023-03-14T15:51:40","slug":"previsoes-de-fevereiro","status":"publish","type":"post","link":"https:\/\/www.iquilibrio.com\/blog\/previsoes\/previsoes-de-fevereiro\/","title":{"rendered":"Previs\u00f5es de Fevereiro 2023- Pela consultora Melissa"},"content":{"rendered":"<p>Come\u00e7ou o m\u00eas do carnaval! As <strong>previs\u00f5es para fevereiro de 2023<\/strong> s\u00e3o intensas e voc\u00ea precisa saber o que o destino te aguarda!<\/p>\n<p><span style=\"font-weight: 400;\">Fevereiro come\u00e7a pedindo cautela. \u00c9 um m\u00eas que fala para termos aten\u00e7\u00e3o e com sabedoria, ao mesmo tempo que pede agilidade na solu\u00e7\u00e3o de problemas e racioc\u00ednio r\u00e1pido!<\/span><\/p>\n<p><span style=\"font-weight: 400;\">Devemos ficar atentos \u00e0s pessoas a nossa volta, desconfiar de\u00a0 muita bajula\u00e7\u00e3o e tamb\u00e9m ter cuidado com o que falamos, afinal, n\u00e3o sejamos aquilo que n\u00e3o queremos para n\u00f3s.<\/span><\/p>\n<p><span style=\"font-weight: 400;\">Esse m\u00eas chega com dificuldades, obst\u00e1culos complicados que bloqueiam os\u00a0 caminhos, causando ru\u00eddos na comunica\u00e7\u00e3o. Mas \u00e9 preciso ter perseveran\u00e7a para super\u00e1-los.<\/span><\/p>\n<p><span style=\"font-weight: 400;\">Devemos nos adaptar e ter dedica\u00e7\u00e3o para contornar os problemas, mantendo\u00a0 uma postura firme sempre.\u00a0\u00a0<\/span><\/p>\n<p><span style=\"font-weight: 400;\">Outro recado das cartas \u00e9 para ter cuidado com a ingenuidade, principalmente em\u00a0 rela\u00e7\u00e3o \u00e0s outras pessoas, \u00e9 importante saber lidar com maturidade diante dos fatos e confiar, porque um novo ciclo se iniciar\u00e1 em breve.<\/span><\/p>\n<blockquote class=\"td_quote_box td_box_center\"><p><span style=\"font-weight: 400;\">&#8211; Nossa! Quanta not\u00edcia ruim logo de in\u00edcio nas previs\u00f5es de fevereiro, Melissa!\u00a0<\/span><\/p><\/blockquote>\n<h2><span style=\"font-weight: 400;\">Calma que tem boas not\u00edcias tamb\u00e9m nas previs\u00f5es de fevereiro &#x1f929;<\/span><\/h2>\n<p><span style=\"font-weight: 400;\">\u201cDepois da tempestade vem a bonan\u00e7a\u201d,\u00a0 j\u00e1 dizia o ditado. Sim, essa fase ruim, que \u00e9 reflexo do <\/span><span style=\"font-weight: 400;\">eterno <\/span><span style=\"font-weight: 400;\">m\u00eas de janeiro, entrar\u00e1 ainda em fevereiro. Mas tamb\u00e9m teremos tranquilidade, paz, um momento\u00a0 de calmaria!<\/span><\/p>\n<p><span style=\"font-weight: 400;\">Para tanto, o recado das cartas \u00e9 \u201cconfie na espiritualidade e busque\u00a0 harmonia, logo seus caminhos se abrir\u00e3o novamente\u201d. Ent\u00e3o vamos ter f\u00e9, bons\u00a0 sentimentos, nos cercar de pessoas s\u00e1bias, espiritualizadas, n\u00e3o ter pressa e n\u00e3o devemos nos acomodar.\u00a0\u00a0<\/span><\/p>\n<p><span style=\"font-weight: 400;\">Logo, momentos de prazer, encontros, lazer, de bons frutos se abrir\u00e3o. Afinal, \u201cem\u00a0 fevereiro tem carnaval!\u201d, j\u00e1 dizia a m\u00fasica! Ent\u00e3o, chegou a hora da socializa\u00e7\u00e3o,\u00a0 vista sua fantasia e aproveite a folia, divers\u00e3o \u00e9 muito importante e \u00e9 a cura para muitos males, principalmente os de ordem emocional. Descanso ap\u00f3s tanta luta sempre \u00e9 bem-vindo.\u00a0\u00a0<\/span><\/p>\n<p><span style=\"font-weight: 400;\">Superar obst\u00e1culos, cuidar de si mesmo, socializar e se divertir s\u00e3o o caminho do\u00a0 sucesso e para as realiza\u00e7\u00f5es neste m\u00eas, pode apostar que a dica \u00e9 certeira! Dessa\u00a0 forma voc\u00ea ter\u00e1 clareza de ideias e das situa\u00e7\u00f5es que poder\u00e3o trazer conquistas e\u00a0 prosperidade, vai ter energia para arrega\u00e7ar as mangas e trabalhar, brigar pelos\u00a0 seus projetos de vida e brilhar muito! Confie no seu potencial, esse \u00e9 o recado.\u00a0\u00a0<\/span><\/p>\n<p><span style=\"font-weight: 400;\">Outros aspectos em alta no m\u00eas de fevereiro ser\u00e3o a intui\u00e7\u00e3o, a determina\u00e7\u00e3o, as\u00a0 emo\u00e7\u00f5es, a criatividade, aproveite e use todos esses ingredientes para tomas as\u00a0<\/span><span style=\"font-weight: 400;\">decis\u00f5es r\u00e1pidas que esse m\u00eas pede.<\/span><\/p>\n<p><span style=\"font-weight: 400;\">Dinamismo e movimento, coragem e\u00a0 determina\u00e7\u00e3o na conquista de novos rumos, sejam eles de ordem profissional,\u00a0 pessoal, amoroso e at\u00e9 mesmo em rela\u00e7\u00e3o a sa\u00fade e espiritualidade. Sejam\u00a0 destemidos!\u00a0<\/span><\/p>\n<p><span style=\"font-weight: 400;\">Como nem tudo s\u00e3o flores, nesse caminho pode aparecer desgastes, aborrecimentos, frustra\u00e7\u00f5es, mas n\u00e3o se deve deixar-se abalar. Cuide da sua sa\u00fade\u00a0 mental, tenha cautela e siga em frente.<\/span><\/p>\n<h2>Previs\u00f5es para fevereiro: por assunto e por semana!<\/h2>\n<h2>Previs\u00f5es de fevereiro para o AMOR<\/h2>\n<p><img loading=\"lazy\" decoding=\"async\" class=\"alignleft size-full wp-image-34601\" src=\"https:\/\/www.iquilibrio.com\/blog\/wp-content\/uploads\/2022\/03\/simpatia-para-o-amor-1.jpg\" alt=\"Simpatia para o amor\" width=\"900\" height=\"560\" srcset=\"https:\/\/www.iquilibrio.com\/blog\/wp-content\/uploads\/2022\/03\/simpatia-para-o-amor-1.jpg 900w, https:\/\/www.iquilibrio.com\/blog\/wp-content\/uploads\/2022\/03\/simpatia-para-o-amor-1-300x187.jpg 300w, https:\/\/www.iquilibrio.com\/blog\/wp-content\/uploads\/2022\/03\/simpatia-para-o-amor-1-768x478.jpg 768w, https:\/\/www.iquilibrio.com\/blog\/wp-content\/uploads\/2022\/03\/simpatia-para-o-amor-1-696x433.jpg 696w, https:\/\/www.iquilibrio.com\/blog\/wp-content\/uploads\/2022\/03\/simpatia-para-o-amor-1-675x420.jpg 675w\" sizes=\"auto, (max-width: 900px) 100vw, 900px\" \/><\/p>\n<p><span style=\"font-weight: 400;\">E como fevereiro ser\u00e1 um m\u00eas de aten\u00e7\u00e3o em diferentes aspectos da vida, n\u00e3o seria\u00a0 diferente no campo amoroso. Algumas rela\u00e7\u00f5es que est\u00e3o desgastadas dever\u00e3o ter\u00a0 uma solu\u00e7\u00e3o, seja para fortalecer os la\u00e7os novamente, seja para o t\u00e9rmino, o\u00a0 importante \u00e9 ter um direcionamento, seguir adiante. Fa\u00e7am escolhas s\u00e1bias.<\/span><\/p>\n<p><span style=\"font-weight: 400;\">Os relacionamentos precisam de harmonia para evoluir. Cuidado com os ci\u00fames, a\u00a0 domina\u00e7\u00e3o, conflitos e brigas.\u00a0<\/span><\/p>\n<p style=\"text-align: center;\"><a href=\"https:\/\/www.iquilibrio.com\/previsoes\/?utm_campaign=blog_conversao&amp;utm_medium=texto_cta&amp;utm_source=blog&amp;utm_content=2023_cat_previsoes_art_previsoes_fevereiro_2023\" target=\"_blank\" rel=\"noopener\"><span class=\"td_btn td_btn_md td_round_btn\" style=\"background-color: #ff6600; color: #ffffff;\">A sua Previs\u00e3o para 2023 est\u00e1 aqui! Basta clicar aqui!<\/span><\/a><\/p>\n<h3>Para quem est\u00e1 em um relacionamento<\/h3>\n<p><span style=\"font-weight: 400;\">Outro aspecto muito importante para os casais \u00e9 n\u00e3o deixar o romantismo de lado,\u00a0 como temos um m\u00eas muito voltado para decis\u00f5es, firmeza e \u201cp\u00e9 no ch\u00e3o\u201d \u00e9 poss\u00edvel\u00a0 que isso afete o campo amoroso, ent\u00e3o \u00e9 importante solidez na rela\u00e7\u00e3o, mas sem\u00a0 deixar o carinho para tr\u00e1s.\u00a0\u00a0<\/span><\/p>\n<p><span style=\"font-weight: 400;\">A sexualidade \u00e9 outro aspecto em alta esse m\u00eas. Ou seja, entregue-se e viva esse momento com intensidade.<\/span><\/p>\n<h3>Para os solteiros<\/h3>\n<p><span style=\"font-weight: 400;\">Uma nova pessoa deve aparecer no seu caminho, por\u00e9m voc\u00ea deve ter sabedoria e\u00a0 analisar se \u00e9 a melhor op\u00e7\u00e3o para voc\u00ea. Esque\u00e7a o passado, busque algo novo, n\u00e3o\u00a0 procure algu\u00e9m semelhando ao ex.\u00a0<\/span><\/p>\n<p><span style=\"font-weight: 400;\">Importante, tamb\u00e9m, \u00e9 sair da zona de conforto e ir \u00e0 luta, ficar em casa esperando\u00a0 seu amor cair do c\u00e9u n\u00e3o vai acontecer. Ent\u00e3o v\u00e1 passear, fa\u00e7a amizades, v\u00e1 para\u00a0 festas, bloquinhos de carnaval (sei que \u00e9 dif\u00edcil rolar um namoro da\u00ed, mas quem\u00a0 sabe?), abra contas nos <\/span><i><span style=\"font-weight: 400;\">apps <\/span><\/i><span style=\"font-weight: 400;\">de relacionamento e se joga! Conhe\u00e7a pessoas\u00a0 novas.<\/span><\/p>\n<h2>Previs\u00f5es de fevereiro para trabalho e finan\u00e7as<\/h2>\n<p><img loading=\"lazy\" decoding=\"async\" class=\"alignleft size-full wp-image-4111\" src=\"https:\/\/www.iquilibrio.com\/blog\/wp-content\/uploads\/2017\/03\/sonhar-com-dinheiro.jpg\" alt=\"\" width=\"900\" height=\"560\" srcset=\"https:\/\/www.iquilibrio.com\/blog\/wp-content\/uploads\/2017\/03\/sonhar-com-dinheiro.jpg 900w, https:\/\/www.iquilibrio.com\/blog\/wp-content\/uploads\/2017\/03\/sonhar-com-dinheiro-300x187.jpg 300w, https:\/\/www.iquilibrio.com\/blog\/wp-content\/uploads\/2017\/03\/sonhar-com-dinheiro-768x478.jpg 768w, https:\/\/www.iquilibrio.com\/blog\/wp-content\/uploads\/2017\/03\/sonhar-com-dinheiro-696x433.jpg 696w, https:\/\/www.iquilibrio.com\/blog\/wp-content\/uploads\/2017\/03\/sonhar-com-dinheiro-675x420.jpg 675w\" sizes=\"auto, (max-width: 900px) 100vw, 900px\" \/><\/p>\n<p><span style=\"font-weight: 400;\">As energias mais densas desse m\u00eas tamb\u00e9m v\u00e3o se refletir no ambiente de\u00a0 trabalho, cuidado com os atritos, tenha pondera\u00e7\u00e3o, cautela e controle a ansiedade<\/span><\/p>\n<h3>Para quem est\u00e1 empregado<\/h3>\n<p><span style=\"font-weight: 400;\">As previs\u00f5es para fevereiro mostram que \u00e9 um bom momento para trabalhos em equipe, parcerias e boa comunica\u00e7\u00e3o, dessa\u00a0 forma as realiza\u00e7\u00f5es sair\u00e3o do papel e o reconhecimento vir\u00e1. Quem sabe n\u00e3o pinta\u00a0 um aumento de sal\u00e1rio ou aquela promo\u00e7\u00e3o t\u00e3o desejada?<\/span><\/p>\n<h3>Para os desempregados<\/h3>\n<p><span style=\"font-weight: 400;\">A fase \u00e9 de direcionamento, foque nas suas virtudes sempre e n\u00e3o pise nos outros\u00a0 para conquistar seus objetivos. Desapegue do passado, organize-se, fa\u00e7a metas e\u00a0 contatos. Trabalhe a desenvoltura e seja espont\u00e2neo (com cautela) nas entrevistas. <\/span><\/p>\n<h2>Previs\u00f5es de fevereiro para a Sa\u00fade<\/h2>\n<p><img loading=\"lazy\" decoding=\"async\" class=\"wp-image-37379 size-full\" src=\"https:\/\/www.iquilibrio.com\/blog\/wp-content\/uploads\/2022\/10\/Saude-fisica-e-mental.jpg\" alt=\"Sa\u00fade f\u00edsica e mental\" width=\"900\" height=\"560\" srcset=\"https:\/\/www.iquilibrio.com\/blog\/wp-content\/uploads\/2022\/10\/Saude-fisica-e-mental.jpg 900w, https:\/\/www.iquilibrio.com\/blog\/wp-content\/uploads\/2022\/10\/Saude-fisica-e-mental-300x187.jpg 300w, https:\/\/www.iquilibrio.com\/blog\/wp-content\/uploads\/2022\/10\/Saude-fisica-e-mental-768x478.jpg 768w, https:\/\/www.iquilibrio.com\/blog\/wp-content\/uploads\/2022\/10\/Saude-fisica-e-mental-696x433.jpg 696w, https:\/\/www.iquilibrio.com\/blog\/wp-content\/uploads\/2022\/10\/Saude-fisica-e-mental-675x420.jpg 675w\" sizes=\"auto, (max-width: 900px) 100vw, 900px\" \/><\/p>\n<p><span style=\"font-weight: 400;\">Fevereiro pede um maior comprometimento com a sa\u00fade, fa\u00e7a exames de rotina.\u00a0 Pe\u00e7a recomenda\u00e7\u00f5es para pessoas de confian\u00e7a, procure um profissional adequado\u00a0 para solicitar exames e\/ou cuidar do seu tratamento.\u00a0\u00a0<\/span><\/p>\n<p><span style=\"font-weight: 400;\">Cuidado com dores musculares, doen\u00e7as cr\u00f4nicas, problema ligados a fala, garganta, es\u00f4fago, infec\u00e7\u00f5es, gripes, resfriados, n\u00e3o \u00e9 porque estamos no ver\u00e3o que\u00a0 essas doen\u00e7as respirat\u00f3rias sumiram, ok? Temos que permanecer vigilantes.<\/span><\/p>\n<h3>Para quem est\u00e1 em tratamento<\/h3>\n<p><span style=\"font-weight: 400;\">Busque novas opini\u00f5es se o tratamento atual n\u00e3o estiver surtindo efeito ou esteja lento em trazer o conforto desejado. Lembre-se, o destino est\u00e1 em suas m\u00e3os e ele pode ser modificado a qualquer momento.<\/span><\/p>\n<h2>Espiritualidade em fevereiro<\/h2>\n<p><span style=\"font-weight: 400;\">No campo espiritual o foco para fevereiro \u00e9 nos ancestrais. Devemos nos conectar\u00a0 aos nossos entes queridos para que possamos receber energias positivas e sintonizar nossas almas para alcan\u00e7ar o equil\u00edbrio.<\/span><\/p>\n<p><span style=\"font-weight: 400;\">Pensar no pr\u00f3ximo, nos\u00a0\u00a0<\/span><span style=\"font-weight: 400;\">aproximar da nossa fam\u00edlia f\u00edsica e tamb\u00e9m da \u201cfam\u00edlia espiritual\u201d.\u00a0 \u00c9 tamb\u00e9m um m\u00eas de muitos conflitos internos que mostram uma fase de mudan\u00e7as\u00a0 que necessita de movimento. Hora de recalibrar as energias e os caminhos, \u201cser\u00e1\u00a0 que esse \u00e9 o caminho certo para mim?<\/span><\/p>\n<p style=\"text-align: center;\"><a href=\"https:\/\/www.iquilibrio.com\/previsoes-2023\/?utm_campaign=blog_conversao&amp;utm_medium=texto_cta&amp;utm_source=blog&amp;utm_content=2023_cat_previsoes_art_previsoes_fevereiro_2023\" target=\"_blank\" rel=\"noopener\"><span class=\"td_btn td_btn_md td_round_btn\" style=\"background-color: #ff6600; color: #ffffff;\">Veja as suas previs\u00f5es para 2023 aqui!<\/span><\/a><\/p>\n<h3>1\u00ba semana<\/h3>\n<p><img loading=\"lazy\" decoding=\"async\" class=\"aligncenter size-full wp-image-38309\" src=\"https:\/\/www.iquilibrio.com\/blog\/wp-content\/uploads\/2023\/01\/Fazer-sexo-sem-amor-1.jpg\" alt=\"\" width=\"900\" height=\"560\" srcset=\"https:\/\/www.iquilibrio.com\/blog\/wp-content\/uploads\/2023\/01\/Fazer-sexo-sem-amor-1.jpg 900w, https:\/\/www.iquilibrio.com\/blog\/wp-content\/uploads\/2023\/01\/Fazer-sexo-sem-amor-1-300x187.jpg 300w, https:\/\/www.iquilibrio.com\/blog\/wp-content\/uploads\/2023\/01\/Fazer-sexo-sem-amor-1-768x478.jpg 768w, https:\/\/www.iquilibrio.com\/blog\/wp-content\/uploads\/2023\/01\/Fazer-sexo-sem-amor-1-696x433.jpg 696w, https:\/\/www.iquilibrio.com\/blog\/wp-content\/uploads\/2023\/01\/Fazer-sexo-sem-amor-1-675x420.jpg 675w\" sizes=\"auto, (max-width: 900px) 100vw, 900px\" \/><\/p>\n<p><span style=\"font-weight: 400;\">A primeira semana de fevereiro come\u00e7a com dificuldades moment\u00e2neas,\u00a0 alguns passos para tr\u00e1s, portanto, se faz necess\u00e1rio uma pausa para balan\u00e7o. S\u00e3o\u00a0<\/span><span style=\"font-weight: 400;\">sinais de que as coisas v\u00e3o mudar de rumo e precisamos recalibrar energias para a\u00a0 nova oportunidade que est\u00e1 prestes a surgir.\u00a0\u00a0<\/span><\/p>\n<p><span style=\"font-weight: 400;\">Esse momento turbulento indica um fim de ciclo para in\u00edcio de um novo, onde ser\u00e1\u00a0 exigido o desapego, aproveite para praticar e abandone o que te prende ao\u00a0 passado. Use sua sabedoria acumulada ao longo de anos de experi\u00eancias ou\u00a0 estudos para agir com parcim\u00f4nia.\u00a0\u00a0<\/span><\/p>\n<p><span style=\"font-weight: 400;\">Momento prop\u00edcio para os estudos, pesquisas e projetos, busque se especializar e\u00a0 se aprimorar, ainda h\u00e1 muito a aprender.<\/span><\/p>\n<h4>Nos relacionamentos<\/h4>\n<p><span style=\"font-weight: 400;\">Ser\u00e3o dias complicados, de incerteza e que requer muito di\u00e1logo, mas ser\u00e3o\u00a0 situa\u00e7\u00f5es passageiras. Se acreditar no amor logo tudo passar\u00e1. Os casais sentir\u00e3o\u00a0 uma necessidade de transforma\u00e7\u00e3o, de renascimento do amor. Se a rela\u00e7\u00e3o est\u00e1\u00a0 ruim, deve-se seguir adiante sem olhar para tr\u00e1s, aceitar que acabou.\u00a0\u00a0<\/span><\/p>\n<p><span style=\"font-weight: 400;\">Cuidado com a falta de romantismo, busque traz\u00ea-lo de volta para a rela\u00e7\u00e3o.\u00a0 Para os solteiros ser\u00e3o dias de incertezas, hora de se fechar para balan\u00e7o, se\u00a0 fortificar, ter f\u00e9, tamb\u00e9m \u00e9 uma fase passageira.<\/span><\/p>\n<p><span style=\"font-weight: 400;\">N\u00e3o se deve desanimar perante os\u00a0 problemas, temos que encarar essa fase como um momento de aprendizado.\u00a0 Cuidado com o apego ao passado, n\u00e3o se iludam. Se n\u00e3o est\u00e1 bem para pensar na\u00a0 parte amorosa, busque focar em outras \u00e1reas da sua vida.\u00a0 <\/span><\/p>\n<h4>No campo profissional<\/h4>\n<p><span style=\"font-weight: 400;\">Dias de prova\u00e7\u00f5es e testes, estejamos atentos a fofocas, ter calma \u00e9 o principal\u00a0 conselho, n\u00e3o devemos tomar atitudes sem certeza, tenhamos controle sem perder\u00a0 de vista nossos objetivos. Mudan\u00e7as acontecer\u00e3o e novos ciclos se abrir\u00e3o,\u00a0 devemos estar abertos a elas para crescer na carreira.\u00a0\u00a0<\/span><\/p>\n<p><span style=\"font-weight: 400;\">Para os desempregados ser\u00e3o dias complicados, mas n\u00e3o se deve perder o foco\u00a0 porque \u00e9 uma situa\u00e7\u00e3o passageira. Reveja seu caminho e n\u00e3o se apegue ao\u00a0 passado, importante se movimentar para encontrar essas mudan\u00e7as, Invista em\u00a0 aprendizado, especializa\u00e7\u00e3o, fa\u00e7a cursos que v\u00e3o te trazer um retorno futuro.<\/span><\/p>\n<h4>Na sa\u00fade<\/h4>\n<p><span style=\"font-weight: 400;\">Para quem est\u00e1 com dificuldades a boa not\u00edcia \u00e9 que tudo ser\u00e1 superado rapidamente, mas \u00e9 necess\u00e1rio agir, busque ajuda profissional. Se for atr\u00e1s, esse ciclo de sofrimento estar\u00e1 bem pr\u00f3ximo do fim.\u00a0\u00a0<\/span><\/p>\n<p><span style=\"font-weight: 400;\">Cuidado com problemas de circula\u00e7\u00e3o, com dores corporais e press\u00e3o alta.\u00a0 <\/span><\/p>\n<h3>2\u00ba semana<\/h3>\n<p><img loading=\"lazy\" decoding=\"async\" class=\"size-full wp-image-38019\" src=\"https:\/\/www.iquilibrio.com\/blog\/wp-content\/uploads\/2022\/12\/Yoga-para-iniciantes.jpg\" alt=\"Yoga para iniciantes\" width=\"900\" height=\"560\" srcset=\"https:\/\/www.iquilibrio.com\/blog\/wp-content\/uploads\/2022\/12\/Yoga-para-iniciantes.jpg 900w, https:\/\/www.iquilibrio.com\/blog\/wp-content\/uploads\/2022\/12\/Yoga-para-iniciantes-300x187.jpg 300w, https:\/\/www.iquilibrio.com\/blog\/wp-content\/uploads\/2022\/12\/Yoga-para-iniciantes-768x478.jpg 768w, https:\/\/www.iquilibrio.com\/blog\/wp-content\/uploads\/2022\/12\/Yoga-para-iniciantes-696x433.jpg 696w, https:\/\/www.iquilibrio.com\/blog\/wp-content\/uploads\/2022\/12\/Yoga-para-iniciantes-675x420.jpg 675w\" sizes=\"auto, (max-width: 900px) 100vw, 900px\" \/><\/p>\n<p><span style=\"font-weight: 400;\">As previs\u00f5es para fevereiro em rela\u00e7\u00e3o a segunda semana mostram dias de vitalidade, sa\u00fade e prosperidade, boas energias para fortalecer la\u00e7os\u00a0 familiares e busca a espiritualidade atrav\u00e9s do culto aos ancestrais, muito favorecido\u00a0 nesse m\u00eas de fevereiro, como dito anteriormente.<\/span><\/p>\n<p><span style=\"font-weight: 400;\">E realmente s\u00e3o dias de focar nesses la\u00e7os, buscar as pessoas que amamos, nossos entes queridos e deixar\u00a0 transbordar o amor e a felicidade.\u00a0\u00a0<\/span><\/p>\n<p><span style=\"font-weight: 400;\">Como os sentimentos estar\u00e3o aflorados, cuidado com os negativos como a raiva,\u00a0 que pode atrair energias ruins e atrasar seu caminho. N\u00e3o haja de forma impulsiva. Planejamento, dedica\u00e7\u00e3o e fincar ra\u00edzes, isso vale para todos os campos da nossa\u00a0 vida e s\u00e3o as pedidas da semana para crescermos.\u00a0\u00a0<\/span><\/p>\n<p><span style=\"font-weight: 400;\">N\u00e3o \u00e9 porque as energias est\u00e3o favor\u00e1veis que tudo s\u00e3o flores, \u00e9 importante estar\u00a0 atento a nossa volta, pode ter muita gente aproveitadora e trai\u00e7oeira a espera de um\u00a0 deslize.\u00a0<\/span><\/p>\n<h4>Nos relacionamentos<\/h4>\n<p><span style=\"font-weight: 400;\">No amor ser\u00e3o dias de estabilidade, por\u00e9m n\u00e3o devemos tornar esses momentos\u00a0 tediosos, aproveitem a calmaria para transforma-lo numa fase de muito amor\u00a0 correspondido e envolvimento, abram seus cora\u00e7\u00f5es.\u00a0\u00a0<\/span><\/p>\n<p><span style=\"font-weight: 400;\">Se a rela\u00e7\u00e3o est\u00e1 ruim, reflita mais um pouco, n\u00e3o \u00e9 hora de tomar decis\u00f5es\u00a0 definitivas, busquem sempre o di\u00e1logo e pense com tranquilidade.\u00a0<\/span><span style=\"font-weight: 400;\">Cuidado com rela\u00e7\u00f5es extraconjugais, energia sexual intensa no per\u00edodo.<\/span><\/p>\n<p><span style=\"font-weight: 400;\">Para quem est\u00e1 solteiro, oportunidade a vista com possibilidades de envolvimento\u00a0 s\u00f3lido, inclusive duradouro no sentido de constituir fam\u00edlia, mas n\u00e3o tenha pressa,\u00a0 deixe as coisas acontecerem e fincarem ra\u00edzes. Um novo amor pode surgir, abuse\u00a0 do poder de sedu\u00e7\u00e3o.<\/span><\/p>\n<h4>No campo profissional<\/h4>\n<p><span style=\"font-weight: 400;\">No campo profissional ser\u00e1 momento de reconhecimento. Coloque sentimento no\u00a0 trabalho, se percebe que n\u00e3o gosta do que faz, analise melhor e, se tiver condi\u00e7\u00f5es, planeje uma mudan\u00e7a, mas sempre com sabedoria.\u00a0<\/span><\/p>\n<p><span style=\"font-weight: 400;\">Aceite as cr\u00edticas de modo construtivo, n\u00e3o se deve levar para o lado pessoal. Evite\u00a0 fofocas, d\u00ea aten\u00e7\u00e3o \u00e0s pessoas que trabalham com voc\u00ea e busque o equil\u00edbrio. <\/span><\/p>\n<p><span style=\"font-weight: 400;\">Para os desempregados \u00e9 hora de ser respons\u00e1vel, perceba at\u00e9 onde voc\u00ea\u00a0 consegue ir e n\u00e3o assuma responsabilidades que v\u00e3o al\u00e9m da sua capacidade e\u00a0 experi\u00eancia. Busque algo que goste, mas n\u00e3o escolha por impulso, analise a\u00a0 oportunidade, n\u00e3o aceite qualquer vaga.\u00a0\u00a0<\/span><\/p>\n<p><span style=\"font-weight: 400;\">Aten\u00e7\u00e3o ao comportamento no processo seletivo, n\u00e3o cometa excessos e nem\u00a0 pare\u00e7a desesperado.\u00a0 <\/span><\/p>\n<h4>No campo da sa\u00fade<\/h4>\n<p><span style=\"font-weight: 400;\">Para a sa\u00fade \u00e9 um momento de equil\u00edbrio mental, emocional e f\u00edsico, ou seja, boa\u00a0 sa\u00fade! Mas cuidado com excessos, n\u00e3o \u00e9 porque voc\u00ea sente bem que pode exagerar, ok?<\/span><\/p>\n<p><span style=\"font-weight: 400;\">Modera\u00e7\u00e3o! Quest\u00f5es emocionais em alta, portanto cuidado com\u00a0 sentimentos ruins como a raiva, vingan\u00e7a, eles podem te trazer excesso de energia\u00a0 negativa.\u00a0\u00a0<\/span><\/p>\n<p><span style=\"font-weight: 400;\">Para quem passa por situa\u00e7\u00f5es delicadas as energias desses dias s\u00e3o de cura, n\u00e3o\u00a0 perca as esperan\u00e7as.\u00a0\u00a0<\/span><\/p>\n<p><span style=\"font-weight: 400;\">Cuidado com doen\u00e7as relacionadas aos \u00f3rg\u00e3os sexuais, problemas card\u00edacos e quest\u00f5es emocionais.\u00a0 <\/span><\/p>\n<h3>3\u00ba semana<\/h3>\n<p><img loading=\"lazy\" decoding=\"async\" class=\"aligncenter size-full wp-image-38347\" src=\"https:\/\/www.iquilibrio.com\/blog\/wp-content\/uploads\/2023\/01\/Exu-no-carnaval-2.jpg\" alt=\"Exu no carnaval\" width=\"900\" height=\"560\" srcset=\"https:\/\/www.iquilibrio.com\/blog\/wp-content\/uploads\/2023\/01\/Exu-no-carnaval-2.jpg 900w, https:\/\/www.iquilibrio.com\/blog\/wp-content\/uploads\/2023\/01\/Exu-no-carnaval-2-300x187.jpg 300w, https:\/\/www.iquilibrio.com\/blog\/wp-content\/uploads\/2023\/01\/Exu-no-carnaval-2-768x478.jpg 768w, https:\/\/www.iquilibrio.com\/blog\/wp-content\/uploads\/2023\/01\/Exu-no-carnaval-2-696x433.jpg 696w, https:\/\/www.iquilibrio.com\/blog\/wp-content\/uploads\/2023\/01\/Exu-no-carnaval-2-675x420.jpg 675w\" sizes=\"auto, (max-width: 900px) 100vw, 900px\" \/><\/p>\n<p><span style=\"font-weight: 400;\">\u201cDias de luta, dias de gl\u00f3ria\u201d, j\u00e1 dizia o poeta. &#x1f60d;<\/span><\/p>\n<p><span style=\"font-weight: 400;\">Logo, semana de vit\u00f3rias ap\u00f3s um per\u00edodo turbulento, ser\u00e1 preciso manter a f\u00e9 e confiar que o triunfo vem. As solu\u00e7\u00f5es chegar\u00e3o e encontraremos rotas alternativas, sa\u00eddas para nossos caminhos.<\/span><\/p>\n<p><span style=\"font-weight: 400;\">As oportunidades e o sucesso se encontrar\u00e3o, deixe que o destino se encarregue, mas\u00a0 sempre lembrando que voc\u00ea tem livre-arb\u00edtrio para fazer as mudan\u00e7as que achar necess\u00e1rio. Confie.\u00a0\u00a0<\/span><\/p>\n<p><span style=\"font-weight: 400;\">Dias de estabilidade e seguran\u00e7a, tenha controle sobre as coisas, mas n\u00e3o se deixe\u00a0 estagnar. <\/span><\/p>\n<h4>Na \u00e1rea do amor<\/h4>\n<p><span style=\"font-weight: 400;\">Finaliza\u00e7\u00e3o de uma situa\u00e7\u00e3o dif\u00edcil, pode ser o fim de um relacionamento que j\u00e1 n\u00e3o\u00a0 tinha mais jeito ou mesmo o fim de um per\u00edodo de sofrimento. Encare, seja qual for o seu caso, como uma vit\u00f3ria, o pior j\u00e1 passou.<\/span><\/p>\n<p><span style=\"font-weight: 400;\">Resolvam as pend\u00eancias sempre <\/span><span style=\"font-weight: 400;\">buscando o di\u00e1logo e expondo os sentimentos. N\u00e3o deixe a rela\u00e7\u00e3o estagnar, saiam\u00a0 da zona de conforto, movimentem-se e busque o romantismo.\u00a0\u00a0<\/span><\/p>\n<p><span style=\"font-weight: 400;\">Para os solteiros ser\u00e3o dias muito favor\u00e1veis para se conhecer algu\u00e9m que chega para uma rela\u00e7\u00e3o duradoura. Se j\u00e1 tem algu\u00e9m em vista, se abra, fale do seu\u00a0 sentimento para a pessoa, isso pode te surpreender.<\/span><\/p>\n<p><span style=\"font-weight: 400;\">Preste aten\u00e7\u00e3o no que te\u00a0 atrapalha na busca por um novo amor, ser\u00e1 que voc\u00ea n\u00e3o est\u00e1 presa(o) ao\u00a0 passado? Analise bem.\u00a0\u00a0<\/span><\/p>\n<h4>Na \u00e1rea profissional<\/h4>\n<p><span style=\"font-weight: 400;\">No campo profissional, as previs\u00f5es de fevereiro apontam que chegou a hora da colheita. Pode aparecer aquela promo\u00e7\u00e3o t\u00e3o aguardada, o reconhecimento por tanta luta, n\u00e3o se deve desanimar.<\/span><\/p>\n<p><span style=\"font-weight: 400;\">Momento\u00a0 positivo, hora de encarar novos desafios e buscar a estabilidade neles. Para os desempregados aparecer\u00e3o novas oportunidades de conquistar a vaga t\u00e3o\u00a0 esperada, as perspectivas s\u00e3o boas, continue lutando. Tend\u00eancias de surgir\u00a0 oportunidade que traga bastante estabilidade.\u00a0 <\/span><\/p>\n<h4>Na \u00e1rea da sa\u00fade<\/h4>\n<p><span style=\"font-weight: 400;\">Para quem passa por doen\u00e7as dif\u00edceis deve-se manter a f\u00e9, o momento \u00e9 de luta. Deve-se dedicar 100% ao tratamento, esque\u00e7a todo o resto, a prioridade agora \u00e9 a recupera\u00e7\u00e3o e a cura.<\/span><\/p>\n<p><span style=\"font-weight: 400;\">Se n\u00e3o est\u00e1 satisfeito, busque um novo direcionamento. Para quem est\u00e1 bem, cuidado com excesso de confian\u00e7a, se cuide e fa\u00e7a exames de rotina.<\/span><\/p>\n<p><span style=\"font-weight: 400;\">Cuidado com dores nas costas, dores de ouvido e garganta, problemas relacionados\u00a0 aos membros inferiores, circula\u00e7\u00e3o e fraturas.<\/span><\/p>\n<h3>4\u00ba semana<\/h3>\n<p><img loading=\"lazy\" decoding=\"async\" class=\"size-full wp-image-36782\" src=\"https:\/\/www.iquilibrio.com\/blog\/wp-content\/uploads\/2022\/08\/Grabovoi-para-2023.jpg\" alt=\"Grabovoi para 2023\" width=\"900\" height=\"560\" srcset=\"https:\/\/www.iquilibrio.com\/blog\/wp-content\/uploads\/2022\/08\/Grabovoi-para-2023.jpg 900w, https:\/\/www.iquilibrio.com\/blog\/wp-content\/uploads\/2022\/08\/Grabovoi-para-2023-300x187.jpg 300w, https:\/\/www.iquilibrio.com\/blog\/wp-content\/uploads\/2022\/08\/Grabovoi-para-2023-768x478.jpg 768w, https:\/\/www.iquilibrio.com\/blog\/wp-content\/uploads\/2022\/08\/Grabovoi-para-2023-696x433.jpg 696w, https:\/\/www.iquilibrio.com\/blog\/wp-content\/uploads\/2022\/08\/Grabovoi-para-2023-675x420.jpg 675w\" sizes=\"auto, (max-width: 900px) 100vw, 900px\" \/><\/p>\n<p><span style=\"font-weight: 400;\">Fevereiro termina com uma energia muito positiva, lealdade, amizades, prote\u00e7\u00e3o e\u00a0 fidelidade. Momento de buscar aliados, de ouvir nossos mentores espirituais,\u00a0 conversar com o anjo da aguarda e n\u00e3o ter medo de pedir ajuda, se necess\u00e1rio.\u00a0 Fase excelente para parcerias.\u00a0\u00a0<\/span><\/p>\n<p><span style=\"font-weight: 400;\">As mudan\u00e7as que se fizeram presente ao logo do m\u00eas de fevereiro v\u00e3o se\u00a0 concretizar e a partir desse momento ser\u00e1 preciso viver novas emo\u00e7\u00f5es.\u00a0 Para quem tem planos de mudar de casa, bom momento para colocar em pr\u00e1tica.\u00a0 Momento bom, tamb\u00e9m, para planejar viagens.<\/span><\/p>\n<p><span style=\"font-weight: 400;\">Dias excelentes para se conectar com o nosso \u201ceu interior\u201d e encontrar as respostas\u00a0 em n\u00f3s mesmos, buscar o autoconhecimento. Escute o chamado da espiritualidade.<\/span><\/p>\n<h4>No campo amoroso<\/h4>\n<p><span style=\"font-weight: 400;\">No amor, as previs\u00f5es de fevereiro destacam que o foco \u00e9 no companheirismo e na confian\u00e7a. Seja paciente e saiba escutar\u00a0 o outro. Cuidado com a frieza na rela\u00e7\u00e3o, \u00e9 preciso di\u00e1logo.\u00a0\u00a0<\/span><\/p>\n<p><span style=\"font-weight: 400;\">Para os solteiros, analise as pessoas pr\u00f3ximas, quem sabe aquele amigo n\u00e3o pode\u00a0 ser o grande amor que voc\u00ea procura? Deixe fluir e, principalmente, se desapegue do\u00a0 passado.<\/span><\/p>\n<h4>No campo profissional<\/h4>\n<p><span style=\"font-weight: 400;\">N\u00e3o tenha receio de pedir aux\u00edlio aos seus colegas, bons fluidos para trabalho em\u00a0 equipe, buscar parcerias e oportunidades.\u00a0\u00a0<\/span><\/p>\n<p><span style=\"font-weight: 400;\">Quem tem novos projetos chegou a hora de investir.\u00a0\u00a0<\/span><\/p>\n<p><span style=\"font-weight: 400;\">Para os desempregados \u00e9 o fim de um per\u00edodo, busque ajuda dos amigos para dar\u00a0 aquela for\u00e7a na indica\u00e7\u00e3o. Invista em conhecimento. <\/span><\/p>\n<h3>No campo da sa\u00fade<\/h3>\n<p><span style=\"font-weight: 400;\">Na sa\u00fade \u00e9 um momento de estabilidade, tanto para quem est\u00e1 bem quanto para\u00a0 quem passa por tratamento, n\u00e3o deve ter evolu\u00e7\u00e3o na doen\u00e7a. Busque profissionais\u00a0 dedicados e emp\u00e1ticos. Foque na cura.\u00a0\u00a0<\/span><\/p>\n<p><span style=\"font-weight: 400;\">Cuidado com problemas de depress\u00e3o, alergias, diabetes e gravidez indesejada.\u00a0 Busque fazer atividades f\u00edsicas, caminhada, dan\u00e7a, coisas que te fa\u00e7a bem.\u00a0 <\/span><\/p>\n<h2>Conclus\u00e3o e conselhos sobre as previs\u00f5es de fevereiro de 2023<\/h2>\n<p><img loading=\"lazy\" decoding=\"async\" class=\"aligncenter size-full wp-image-35626\" src=\"https:\/\/www.iquilibrio.com\/blog\/wp-content\/uploads\/2022\/05\/Mulher-feliz-.jpg\" alt=\"espiritualidade e autoconhecimento\" width=\"900\" height=\"560\" srcset=\"https:\/\/www.iquilibrio.com\/blog\/wp-content\/uploads\/2022\/05\/Mulher-feliz-.jpg 900w, https:\/\/www.iquilibrio.com\/blog\/wp-content\/uploads\/2022\/05\/Mulher-feliz--300x187.jpg 300w, https:\/\/www.iquilibrio.com\/blog\/wp-content\/uploads\/2022\/05\/Mulher-feliz--768x478.jpg 768w, https:\/\/www.iquilibrio.com\/blog\/wp-content\/uploads\/2022\/05\/Mulher-feliz--696x433.jpg 696w, https:\/\/www.iquilibrio.com\/blog\/wp-content\/uploads\/2022\/05\/Mulher-feliz--675x420.jpg 675w\" sizes=\"auto, (max-width: 900px) 100vw, 900px\" \/><\/p>\n<p><span style=\"font-weight: 400;\">Fevereiro \u00e9 um m\u00eas com altos e baixos, instabilidades emocionais e nos relacionamentos de todas as ordens. Portanto, n\u00e3o tome decis\u00f5es de cabe\u00e7a\u00a0 quente, mas siga sua intui\u00e7\u00e3o, as emo\u00e7\u00f5es estar\u00e3o em alta, evite criar hist\u00f3rias e\u00a0 fantasiar sobre situa\u00e7\u00f5es que n\u00e3o est\u00e3o claras. Isso pode levar \u00e0 ansiedade,\u00a0 confus\u00e3o mental, depress\u00e3o o que deixa tudo ainda mais dif\u00edcil de ser solucionado.\u00a0<\/span><\/p>\n<p><span style=\"font-weight: 400;\">Esse m\u00eas pede for\u00e7a, coragem, agir com a raz\u00e3o, ter uma postura mais realista dos\u00a0 fatos e da vida, manter os p\u00e9s no ch\u00e3o para n\u00e3o se perder nessa instabilidade, nos\u00a0 sonhos e nas armadilhas que nossa mente, no momento da ang\u00fastia, prega.\u00a0<\/span><\/p>\n<p><span style=\"font-weight: 400;\">Controle a ansiedade, n\u00e3o \u00e9 o melhor momento para tomar decis\u00f5es, tenha\u00a0 paci\u00eancia e prud\u00eancia nas a\u00e7\u00f5es, busque cuidar da sa\u00fade emocional porque essa\u00a0 turbul\u00eancia vai passar e bem r\u00e1pido!<\/span><\/p>\n<p>Viva o carnaval, divirta-se e mantenha-se em equil\u00edbrio! um grande beijo e at\u00e9 a pr\u00f3xima.<\/p>\n<p style=\"text-align: right;\">-Melissa-<\/p>\n<hr \/>\n<h2>Como a Melissa pode te ajudar?<\/h2>\n<p><img loading=\"lazy\" decoding=\"async\" class=\"alignleft wp-image-30280\" src=\"https:\/\/www.iquilibrio.com\/blog\/wp-content\/uploads\/2020\/08\/melissa.png\" alt=\"\" width=\"186\" height=\"190\" srcset=\"https:\/\/www.iquilibrio.com\/blog\/wp-content\/uploads\/2020\/08\/melissa.png 414w, https:\/\/www.iquilibrio.com\/blog\/wp-content\/uploads\/2020\/08\/melissa-294x300.png 294w, https:\/\/www.iquilibrio.com\/blog\/wp-content\/uploads\/2020\/08\/melissa-356x364.png 356w, https:\/\/www.iquilibrio.com\/blog\/wp-content\/uploads\/2020\/08\/melissa-411x420.png 411w\" sizes=\"auto, (max-width: 186px) 100vw, 186px\" \/>Sempre senti um chamado para utilizar minha mediunidade a favor de quem est\u00e1 aberto a essa experi\u00eancia. Sinto-me realizada em auxiliar quem precisa nos momentos que mais necessitam, tirando todas as suas d\u00favidas e orientando da melhor forma poss\u00edvel com o aux\u00edlio dos or\u00e1culos.<\/p>\n<p>Comigo voc\u00ea ter\u00e1 n\u00e3o s\u00f3 uma tar\u00f3loga, mas tamb\u00e9m um ombro amigo que poder\u00e1 contar em todos os momentos! Como uma boa amiga, n\u00e3o estou aqui para te julgar, independente do tema que for abordado na consulta. O meu papel \u00e9 de acolher a sua dor ou questionamento, para que possa acessar conselhos e direcionamentos atrav\u00e9s dos or\u00e1culos. Trago respostas claras e objetivas, podendo at\u00e9 mesmo prever prazos para os acontecimentos que s\u00e3o vistos nas leituras.<\/p>\n<p style=\"text-align: center;\"><a href=\"https:\/\/www.iquilibrio.com\/esotericos\/melissa\/?utm_campaign=blog_conversao&amp;utm_medium=texto_cta&amp;utm_source=blog&amp;utm_content=2023_cat_previsoes_art_previsoes_fevereiro_2023\" target=\"_blank\" rel=\"noopener\"><span class=\"td_btn td_btn_md td_round_btn\" style=\"background-color: #ff6600; color: #ffffff;\">Converse com a Melissa agora! Clique aqui no bot\u00e3o!<\/span><\/a><\/p>\n<p>Esperamos que as previs\u00f5es de fevereiro de 2023 tenham sido muito boas para voc\u00ea e sua fam\u00edlia!<\/p>\n\n\n<div class=\"kk-star-ratings kksr-auto kksr-align-left kksr-valign-bottom\"\n    data-payload='{&quot;align&quot;:&quot;left&quot;,&quot;id&quot;:&quot;38374&quot;,&quot;slug&quot;:&quot;default&quot;,&quot;valign&quot;:&quot;bottom&quot;,&quot;ignore&quot;:&quot;&quot;,&quot;reference&quot;:&quot;auto&quot;,&quot;class&quot;:&quot;&quot;,&quot;count&quot;:&quot;1&quot;,&quot;legendonly&quot;:&quot;&quot;,&quot;readonly&quot;:&quot;&quot;,&quot;score&quot;:&quot;5&quot;,&quot;starsonly&quot;:&quot;&quot;,&quot;best&quot;:&quot;5&quot;,&quot;gap&quot;:&quot;5&quot;,&quot;greet&quot;:&quot;Rate this post&quot;,&quot;legend&quot;:&quot;5\\\/5 - (1 voto)&quot;,&quot;size&quot;:&quot;24&quot;,&quot;title&quot;:&quot;Previs\u00f5es de Fevereiro 2023- Pela consultora Melissa&quot;,&quot;width&quot;:&quot;142.5&quot;,&quot;_legend&quot;:&quot;{score}\\\/{best} - ({count} {votes})&quot;,&quot;font_factor&quot;:&quot;1.25&quot;}'>\n            \n<div class=\"kksr-stars\">\n    \n<div class=\"kksr-stars-inactive\">\n            <div class=\"kksr-star\" data-star=\"1\" style=\"padding-right: 5px\">\n            \n\n<div class=\"kksr-icon\" style=\"width: 24px; height: 24px;\"><\/div>\n        <\/div>\n            <div class=\"kksr-star\" data-star=\"2\" style=\"padding-right: 5px\">\n            \n\n<div class=\"kksr-icon\" style=\"width: 24px; height: 24px;\"><\/div>\n        <\/div>\n            <div class=\"kksr-star\" data-star=\"3\" style=\"padding-right: 5px\">\n            \n\n<div class=\"kksr-icon\" style=\"width: 24px; height: 24px;\"><\/div>\n        <\/div>\n            <div class=\"kksr-star\" data-star=\"4\" style=\"padding-right: 5px\">\n            \n\n<div class=\"kksr-icon\" style=\"width: 24px; height: 24px;\"><\/div>\n        <\/div>\n            <div class=\"kksr-star\" data-star=\"5\" style=\"padding-right: 5px\">\n            \n\n<div class=\"kksr-icon\" style=\"width: 24px; height: 24px;\"><\/div>\n        <\/div>\n    <\/div>\n    \n<div class=\"kksr-stars-active\" style=\"width: 142.5px;\">\n            <div class=\"kksr-star\" style=\"padding-right: 5px\">\n            \n\n<div class=\"kksr-icon\" style=\"width: 24px; height: 24px;\"><\/div>\n        <\/div>\n            <div class=\"kksr-star\" style=\"padding-right: 5px\">\n            \n\n<div class=\"kksr-icon\" style=\"width: 24px; height: 24px;\"><\/div>\n        <\/div>\n            <div class=\"kksr-star\" style=\"padding-right: 5px\">\n            \n\n<div class=\"kksr-icon\" style=\"width: 24px; height: 24px;\"><\/div>\n        <\/div>\n            <div class=\"kksr-star\" style=\"padding-right: 5px\">\n            \n\n<div class=\"kksr-icon\" style=\"width: 24px; height: 24px;\"><\/div>\n        <\/div>\n            <div class=\"kksr-star\" style=\"padding-right: 5px\">\n            \n\n<div class=\"kksr-icon\" style=\"width: 24px; height: 24px;\"><\/div>\n        <\/div>\n    <\/div>\n<\/div>\n                \n\n<div class=\"kksr-legend\" style=\"font-size: 19.2px;\">\n            5\/5 - (1 voto)    <\/div>\n    <\/div>\n","protected":false},"excerpt":{"rendered":"<p>Come\u00e7ou o m\u00eas do carnaval! As previs\u00f5es para fevereiro de 2023 s\u00e3o intensas e voc\u00ea precisa saber o que o destino te aguarda! Fevereiro come\u00e7a pedindo cautela. \u00c9 um m\u00eas que fala para termos aten\u00e7\u00e3o e com sabedoria, ao mesmo tempo que pede agilidade na solu\u00e7\u00e3o de problemas e racioc\u00ednio r\u00e1pido! Devemos ficar atentos \u00e0s [&hellip;]<\/p>\n","protected":false},"author":156,"featured_media":38138,"comment_status":"closed","ping_status":"closed","sticky":false,"template":"","format":"standard","meta":{"footnotes":""},"categories":[4749],"tags":[4874,4873,391],"class_list":["post-38374","post","type-post","status-publish","format-standard","has-post-thumbnail","hentry","category-previsoes","tag-previsao-do-mes-de-fevereiro","tag-previsao-mensal","tag-previsoes"],"yoast_head":"<!-- This site is optimized with the Yoast SEO plugin v27.4 - https:\/\/yoast.com\/product\/yoast-seo-wordpress\/ -->\n<title>Previs\u00f5es de Fevereiro de 2023 | Saiba tudo semana a semana<\/title>\n<meta name=\"description\" content=\"Saiba as previs\u00f5es de fevereiro de 2023 por assunto e semana a semana Quer saber sobre o amor ou trabalho? Sa\u00fade ou espiritualidade?\" \/>\n<meta name=\"robots\" content=\"index, follow, max-snippet:-1, max-image-preview:large, max-video-preview:-1\" \/>\n<link rel=\"canonical\" href=\"https:\/\/www.iquilibrio.com\/blog\/previsoes\/previsoes-de-fevereiro\/\" \/>\n<meta property=\"og:locale\" content=\"pt_BR\" \/>\n<meta property=\"og:type\" content=\"article\" \/>\n<meta property=\"og:title\" content=\"Previs\u00f5es de Fevereiro de 2023 | Saiba tudo semana a semana\" \/>\n<meta property=\"og:description\" content=\"Saiba as previs\u00f5es de fevereiro de 2023 por assunto e semana a semana Quer saber sobre o amor ou trabalho? Sa\u00fade ou espiritualidade?\" \/>\n<meta property=\"og:url\" content=\"https:\/\/www.iquilibrio.com\/blog\/previsoes\/previsoes-de-fevereiro\/\" \/>\n<meta property=\"og:site_name\" content=\"iQuilibrio\" \/>\n<meta property=\"article:publisher\" content=\"https:\/\/www.facebook.com\/iQuilibrio\/\" \/>\n<meta property=\"article:published_time\" content=\"2023-01-30T15:39:37+00:00\" \/>\n<meta property=\"article:modified_time\" content=\"2023-03-14T15:51:40+00:00\" \/>\n<meta property=\"og:image\" content=\"https:\/\/www.iquilibrio.com\/blog\/wp-content\/uploads\/2022\/12\/previsoes-2023.jpg\" \/>\n\t<meta property=\"og:image:width\" content=\"900\" \/>\n\t<meta property=\"og:image:height\" content=\"560\" \/>\n\t<meta property=\"og:image:type\" content=\"image\/jpeg\" \/>\n<meta name=\"author\" content=\"iQuilibrio\" \/>\n<meta name=\"twitter:card\" content=\"summary_large_image\" \/>\n<meta name=\"twitter:creator\" content=\"@iquilibrio\" \/>\n<meta name=\"twitter:site\" content=\"@iquilibrio\" \/>\n<meta name=\"twitter:label1\" content=\"Escrito por\" \/>\n\t<meta name=\"twitter:data1\" content=\"iQuilibrio\" \/>\n\t<meta name=\"twitter:label2\" content=\"Est. tempo de leitura\" \/>\n\t<meta name=\"twitter:data2\" content=\"18 minutos\" \/>\n<script type=\"application\/ld+json\" class=\"yoast-schema-graph\">{\"@context\":\"https:\\\/\\\/schema.org\",\"@graph\":[{\"@type\":\"Article\",\"@id\":\"https:\\\/\\\/www.iquilibrio.com\\\/blog\\\/previsoes\\\/previsoes-de-fevereiro\\\/#article\",\"isPartOf\":{\"@id\":\"https:\\\/\\\/www.iquilibrio.com\\\/blog\\\/previsoes\\\/previsoes-de-fevereiro\\\/\"},\"author\":{\"name\":\"iQuilibrio\",\"@id\":\"https:\\\/\\\/www.iquilibrio.com\\\/blog\\\/#\\\/schema\\\/person\\\/2acb51f4069f3a1354edeaff3dee22f4\"},\"headline\":\"Previs\u00f5es de Fevereiro 2023- Pela consultora Melissa\",\"datePublished\":\"2023-01-30T15:39:37+00:00\",\"dateModified\":\"2023-03-14T15:51:40+00:00\",\"mainEntityOfPage\":{\"@id\":\"https:\\\/\\\/www.iquilibrio.com\\\/blog\\\/previsoes\\\/previsoes-de-fevereiro\\\/\"},\"wordCount\":3172,\"publisher\":{\"@id\":\"https:\\\/\\\/www.iquilibrio.com\\\/blog\\\/#organization\"},\"image\":{\"@id\":\"https:\\\/\\\/www.iquilibrio.com\\\/blog\\\/previsoes\\\/previsoes-de-fevereiro\\\/#primaryimage\"},\"thumbnailUrl\":\"https:\\\/\\\/www.iquilibrio.com\\\/blog\\\/wp-content\\\/uploads\\\/2022\\\/12\\\/previsoes-2023.jpg\",\"keywords\":[\"previs\u00e3o do m\u00eas de fevereiro\",\"previs\u00e3o mensal\",\"previsoes\"],\"articleSection\":[\"Previs\u00f5es\"],\"inLanguage\":\"pt-BR\"},{\"@type\":\"WebPage\",\"@id\":\"https:\\\/\\\/www.iquilibrio.com\\\/blog\\\/previsoes\\\/previsoes-de-fevereiro\\\/\",\"url\":\"https:\\\/\\\/www.iquilibrio.com\\\/blog\\\/previsoes\\\/previsoes-de-fevereiro\\\/\",\"name\":\"Previs\u00f5es de Fevereiro de 2023 | Saiba tudo semana a semana\",\"isPartOf\":{\"@id\":\"https:\\\/\\\/www.iquilibrio.com\\\/blog\\\/#website\"},\"primaryImageOfPage\":{\"@id\":\"https:\\\/\\\/www.iquilibrio.com\\\/blog\\\/previsoes\\\/previsoes-de-fevereiro\\\/#primaryimage\"},\"image\":{\"@id\":\"https:\\\/\\\/www.iquilibrio.com\\\/blog\\\/previsoes\\\/previsoes-de-fevereiro\\\/#primaryimage\"},\"thumbnailUrl\":\"https:\\\/\\\/www.iquilibrio.com\\\/blog\\\/wp-content\\\/uploads\\\/2022\\\/12\\\/previsoes-2023.jpg\",\"datePublished\":\"2023-01-30T15:39:37+00:00\",\"dateModified\":\"2023-03-14T15:51:40+00:00\",\"description\":\"Saiba as previs\u00f5es de fevereiro de 2023 por assunto e semana a semana Quer saber sobre o amor ou trabalho? Sa\u00fade ou espiritualidade?\",\"breadcrumb\":{\"@id\":\"https:\\\/\\\/www.iquilibrio.com\\\/blog\\\/previsoes\\\/previsoes-de-fevereiro\\\/#breadcrumb\"},\"inLanguage\":\"pt-BR\",\"potentialAction\":[{\"@type\":\"ReadAction\",\"target\":[\"https:\\\/\\\/www.iquilibrio.com\\\/blog\\\/previsoes\\\/previsoes-de-fevereiro\\\/\"]}]},{\"@type\":\"ImageObject\",\"inLanguage\":\"pt-BR\",\"@id\":\"https:\\\/\\\/www.iquilibrio.com\\\/blog\\\/previsoes\\\/previsoes-de-fevereiro\\\/#primaryimage\",\"url\":\"https:\\\/\\\/www.iquilibrio.com\\\/blog\\\/wp-content\\\/uploads\\\/2022\\\/12\\\/previsoes-2023.jpg\",\"contentUrl\":\"https:\\\/\\\/www.iquilibrio.com\\\/blog\\\/wp-content\\\/uploads\\\/2022\\\/12\\\/previsoes-2023.jpg\",\"width\":900,\"height\":560,\"caption\":\"Previs\u00f5es 2023\"},{\"@type\":\"BreadcrumbList\",\"@id\":\"https:\\\/\\\/www.iquilibrio.com\\\/blog\\\/previsoes\\\/previsoes-de-fevereiro\\\/#breadcrumb\",\"itemListElement\":[{\"@type\":\"ListItem\",\"position\":1,\"name\":\"In\u00edcio\",\"item\":\"https:\\\/\\\/www.iquilibrio.com\\\/blog\\\/\"},{\"@type\":\"ListItem\",\"position\":2,\"name\":\"Previs\u00f5es de Fevereiro 2023- Pela consultora Melissa\"}]},{\"@type\":\"WebSite\",\"@id\":\"https:\\\/\\\/www.iquilibrio.com\\\/blog\\\/#website\",\"url\":\"https:\\\/\\\/www.iquilibrio.com\\\/blog\\\/\",\"name\":\"iQuilibrio\",\"description\":\"Blog iQuilibrio\",\"publisher\":{\"@id\":\"https:\\\/\\\/www.iquilibrio.com\\\/blog\\\/#organization\"},\"potentialAction\":[{\"@type\":\"SearchAction\",\"target\":{\"@type\":\"EntryPoint\",\"urlTemplate\":\"https:\\\/\\\/www.iquilibrio.com\\\/blog\\\/?s={search_term_string}\"},\"query-input\":{\"@type\":\"PropertyValueSpecification\",\"valueRequired\":true,\"valueName\":\"search_term_string\"}}],\"inLanguage\":\"pt-BR\"},{\"@type\":\"Organization\",\"@id\":\"https:\\\/\\\/www.iquilibrio.com\\\/blog\\\/#organization\",\"name\":\"Esoterismo, Misticismo e Tarot Online - iQuilibrio\",\"url\":\"https:\\\/\\\/www.iquilibrio.com\\\/blog\\\/\",\"logo\":{\"@type\":\"ImageObject\",\"inLanguage\":\"pt-BR\",\"@id\":\"https:\\\/\\\/www.iquilibrio.com\\\/blog\\\/#\\\/schema\\\/logo\\\/image\\\/\",\"url\":\"https:\\\/\\\/www.iquilibrio.com\\\/blog\\\/wp-content\\\/uploads\\\/2018\\\/12\\\/iquilibrio_lovo_vetor_preto-retina.png\",\"contentUrl\":\"https:\\\/\\\/www.iquilibrio.com\\\/blog\\\/wp-content\\\/uploads\\\/2018\\\/12\\\/iquilibrio_lovo_vetor_preto-retina.png\",\"width\":972,\"height\":180,\"caption\":\"Esoterismo, Misticismo e Tarot Online - iQuilibrio\"},\"image\":{\"@id\":\"https:\\\/\\\/www.iquilibrio.com\\\/blog\\\/#\\\/schema\\\/logo\\\/image\\\/\"},\"sameAs\":[\"https:\\\/\\\/www.facebook.com\\\/iQuilibrio\\\/\",\"https:\\\/\\\/x.com\\\/iquilibrio\",\"https:\\\/\\\/www.instagram.com\\\/iquilibrio\\\/\",\"https:\\\/\\\/www.linkedin.com\\\/company\\\/iquilibrio\\\/\",\"https:\\\/\\\/br.pinterest.com\\\/iquilibrio1397\\\/\",\"https:\\\/\\\/www.youtube.com\\\/channel\\\/UC175qxd-4Zsi4wzawT5zF2g\"]},{\"@type\":\"Person\",\"@id\":\"https:\\\/\\\/www.iquilibrio.com\\\/blog\\\/#\\\/schema\\\/person\\\/2acb51f4069f3a1354edeaff3dee22f4\",\"name\":\"iQuilibrio\",\"image\":{\"@type\":\"ImageObject\",\"inLanguage\":\"pt-BR\",\"@id\":\"https:\\\/\\\/www.iquilibrio.com\\\/blog\\\/wp-content\\\/uploads\\\/2021\\\/12\\\/Consulta-por-email-3-150x150.png\",\"url\":\"https:\\\/\\\/www.iquilibrio.com\\\/blog\\\/wp-content\\\/uploads\\\/2021\\\/12\\\/Consulta-por-email-3-150x150.png\",\"contentUrl\":\"https:\\\/\\\/www.iquilibrio.com\\\/blog\\\/wp-content\\\/uploads\\\/2021\\\/12\\\/Consulta-por-email-3-150x150.png\",\"caption\":\"iQuilibrio\"},\"description\":\"A equipe de reda\u00e7\u00e3o da iQuilibrio \u00e9 composta pelos mais diversos especialistas e esot\u00e9ricos. Al\u00e9m de dominar a arte de traduzir as energias que o universo emana, nossos redatores sentem imenso prazer em trabalhar com palavras. Boa leitura e um \u00f3timo aprendizado!\",\"url\":\"https:\\\/\\\/www.iquilibrio.com\\\/blog\\\/author\\\/iquilibrio\\\/\"}]}<\/script>\n<!-- \/ Yoast SEO plugin. -->","yoast_head_json":{"title":"Previs\u00f5es de Fevereiro de 2023 | Saiba tudo semana a semana","description":"Saiba as previs\u00f5es de fevereiro de 2023 por assunto e semana a semana Quer saber sobre o amor ou trabalho? Sa\u00fade ou espiritualidade?","robots":{"index":"index","follow":"follow","max-snippet":"max-snippet:-1","max-image-preview":"max-image-preview:large","max-video-preview":"max-video-preview:-1"},"canonical":"https:\/\/www.iquilibrio.com\/blog\/previsoes\/previsoes-de-fevereiro\/","og_locale":"pt_BR","og_type":"article","og_title":"Previs\u00f5es de Fevereiro de 2023 | Saiba tudo semana a semana","og_description":"Saiba as previs\u00f5es de fevereiro de 2023 por assunto e semana a semana Quer saber sobre o amor ou trabalho? Sa\u00fade ou espiritualidade?","og_url":"https:\/\/www.iquilibrio.com\/blog\/previsoes\/previsoes-de-fevereiro\/","og_site_name":"iQuilibrio","article_publisher":"https:\/\/www.facebook.com\/iQuilibrio\/","article_published_time":"2023-01-30T15:39:37+00:00","article_modified_time":"2023-03-14T15:51:40+00:00","og_image":[{"width":900,"height":560,"url":"https:\/\/www.iquilibrio.com\/blog\/wp-content\/uploads\/2022\/12\/previsoes-2023.jpg","type":"image\/jpeg"}],"author":"iQuilibrio","twitter_card":"summary_large_image","twitter_creator":"@iquilibrio","twitter_site":"@iquilibrio","twitter_misc":{"Escrito por":"iQuilibrio","Est. tempo de leitura":"18 minutos"},"schema":{"@context":"https:\/\/schema.org","@graph":[{"@type":"Article","@id":"https:\/\/www.iquilibrio.com\/blog\/previsoes\/previsoes-de-fevereiro\/#article","isPartOf":{"@id":"https:\/\/www.iquilibrio.com\/blog\/previsoes\/previsoes-de-fevereiro\/"},"author":{"name":"iQuilibrio","@id":"https:\/\/www.iquilibrio.com\/blog\/#\/schema\/person\/2acb51f4069f3a1354edeaff3dee22f4"},"headline":"Previs\u00f5es de Fevereiro 2023- Pela consultora Melissa","datePublished":"2023-01-30T15:39:37+00:00","dateModified":"2023-03-14T15:51:40+00:00","mainEntityOfPage":{"@id":"https:\/\/www.iquilibrio.com\/blog\/previsoes\/previsoes-de-fevereiro\/"},"wordCount":3172,"publisher":{"@id":"https:\/\/www.iquilibrio.com\/blog\/#organization"},"image":{"@id":"https:\/\/www.iquilibrio.com\/blog\/previsoes\/previsoes-de-fevereiro\/#primaryimage"},"thumbnailUrl":"https:\/\/www.iquilibrio.com\/blog\/wp-content\/uploads\/2022\/12\/previsoes-2023.jpg","keywords":["previs\u00e3o do m\u00eas de fevereiro","previs\u00e3o mensal","previsoes"],"articleSection":["Previs\u00f5es"],"inLanguage":"pt-BR"},{"@type":"WebPage","@id":"https:\/\/www.iquilibrio.com\/blog\/previsoes\/previsoes-de-fevereiro\/","url":"https:\/\/www.iquilibrio.com\/blog\/previsoes\/previsoes-de-fevereiro\/","name":"Previs\u00f5es de Fevereiro de 2023 | Saiba tudo semana a semana","isPartOf":{"@id":"https:\/\/www.iquilibrio.com\/blog\/#website"},"primaryImageOfPage":{"@id":"https:\/\/www.iquilibrio.com\/blog\/previsoes\/previsoes-de-fevereiro\/#primaryimage"},"image":{"@id":"https:\/\/www.iquilibrio.com\/blog\/previsoes\/previsoes-de-fevereiro\/#primaryimage"},"thumbnailUrl":"https:\/\/www.iquilibrio.com\/blog\/wp-content\/uploads\/2022\/12\/previsoes-2023.jpg","datePublished":"2023-01-30T15:39:37+00:00","dateModified":"2023-03-14T15:51:40+00:00","description":"Saiba as previs\u00f5es de fevereiro de 2023 por assunto e semana a semana Quer saber sobre o amor ou trabalho? Sa\u00fade ou espiritualidade?","breadcrumb":{"@id":"https:\/\/www.iquilibrio.com\/blog\/previsoes\/previsoes-de-fevereiro\/#breadcrumb"},"inLanguage":"pt-BR","potentialAction":[{"@type":"ReadAction","target":["https:\/\/www.iquilibrio.com\/blog\/previsoes\/previsoes-de-fevereiro\/"]}]},{"@type":"ImageObject","inLanguage":"pt-BR","@id":"https:\/\/www.iquilibrio.com\/blog\/previsoes\/previsoes-de-fevereiro\/#primaryimage","url":"https:\/\/www.iquilibrio.com\/blog\/wp-content\/uploads\/2022\/12\/previsoes-2023.jpg","contentUrl":"https:\/\/www.iquilibrio.com\/blog\/wp-content\/uploads\/2022\/12\/previsoes-2023.jpg","width":900,"height":560,"caption":"Previs\u00f5es 2023"},{"@type":"BreadcrumbList","@id":"https:\/\/www.iquilibrio.com\/blog\/previsoes\/previsoes-de-fevereiro\/#breadcrumb","itemListElement":[{"@type":"ListItem","position":1,"name":"In\u00edcio","item":"https:\/\/www.iquilibrio.com\/blog\/"},{"@type":"ListItem","position":2,"name":"Previs\u00f5es de Fevereiro 2023- Pela consultora Melissa"}]},{"@type":"WebSite","@id":"https:\/\/www.iquilibrio.com\/blog\/#website","url":"https:\/\/www.iquilibrio.com\/blog\/","name":"iQuilibrio","description":"Blog iQuilibrio","publisher":{"@id":"https:\/\/www.iquilibrio.com\/blog\/#organization"},"potentialAction":[{"@type":"SearchAction","target":{"@type":"EntryPoint","urlTemplate":"https:\/\/www.iquilibrio.com\/blog\/?s={search_term_string}"},"query-input":{"@type":"PropertyValueSpecification","valueRequired":true,"valueName":"search_term_string"}}],"inLanguage":"pt-BR"},{"@type":"Organization","@id":"https:\/\/www.iquilibrio.com\/blog\/#organization","name":"Esoterismo, Misticismo e Tarot Online - iQuilibrio","url":"https:\/\/www.iquilibrio.com\/blog\/","logo":{"@type":"ImageObject","inLanguage":"pt-BR","@id":"https:\/\/www.iquilibrio.com\/blog\/#\/schema\/logo\/image\/","url":"https:\/\/www.iquilibrio.com\/blog\/wp-content\/uploads\/2018\/12\/iquilibrio_lovo_vetor_preto-retina.png","contentUrl":"https:\/\/www.iquilibrio.com\/blog\/wp-content\/uploads\/2018\/12\/iquilibrio_lovo_vetor_preto-retina.png","width":972,"height":180,"caption":"Esoterismo, Misticismo e Tarot Online - iQuilibrio"},"image":{"@id":"https:\/\/www.iquilibrio.com\/blog\/#\/schema\/logo\/image\/"},"sameAs":["https:\/\/www.facebook.com\/iQuilibrio\/","https:\/\/x.com\/iquilibrio","https:\/\/www.instagram.com\/iquilibrio\/","https:\/\/www.linkedin.com\/company\/iquilibrio\/","https:\/\/br.pinterest.com\/iquilibrio1397\/","https:\/\/www.youtube.com\/channel\/UC175qxd-4Zsi4wzawT5zF2g"]},{"@type":"Person","@id":"https:\/\/www.iquilibrio.com\/blog\/#\/schema\/person\/2acb51f4069f3a1354edeaff3dee22f4","name":"iQuilibrio","image":{"@type":"ImageObject","inLanguage":"pt-BR","@id":"https:\/\/www.iquilibrio.com\/blog\/wp-content\/uploads\/2021\/12\/Consulta-por-email-3-150x150.png","url":"https:\/\/www.iquilibrio.com\/blog\/wp-content\/uploads\/2021\/12\/Consulta-por-email-3-150x150.png","contentUrl":"https:\/\/www.iquilibrio.com\/blog\/wp-content\/uploads\/2021\/12\/Consulta-por-email-3-150x150.png","caption":"iQuilibrio"},"description":"A equipe de reda\u00e7\u00e3o da iQuilibrio \u00e9 composta pelos mais diversos especialistas e esot\u00e9ricos. Al\u00e9m de dominar a arte de traduzir as energias que o universo emana, nossos redatores sentem imenso prazer em trabalhar com palavras. Boa leitura e um \u00f3timo aprendizado!","url":"https:\/\/www.iquilibrio.com\/blog\/author\/iquilibrio\/"}]}},"_links":{"self":[{"href":"https:\/\/www.iquilibrio.com\/blog\/wp-json\/wp\/v2\/posts\/38374","targetHints":{"allow":["GET"]}}],"collection":[{"href":"https:\/\/www.iquilibrio.com\/blog\/wp-json\/wp\/v2\/posts"}],"about":[{"href":"https:\/\/www.iquilibrio.com\/blog\/wp-json\/wp\/v2\/types\/post"}],"author":[{"embeddable":true,"href":"https:\/\/www.iquilibrio.com\/blog\/wp-json\/wp\/v2\/users\/156"}],"replies":[{"embeddable":true,"href":"https:\/\/www.iquilibrio.com\/blog\/wp-json\/wp\/v2\/comments?post=38374"}],"version-history":[{"count":1,"href":"https:\/\/www.iquilibrio.com\/blog\/wp-json\/wp\/v2\/posts\/38374\/revisions"}],"predecessor-version":[{"id":38375,"href":"https:\/\/www.iquilibrio.com\/blog\/wp-json\/wp\/v2\/posts\/38374\/revisions\/38375"}],"wp:featuredmedia":[{"embeddable":true,"href":"https:\/\/www.iquilibrio.com\/blog\/wp-json\/wp\/v2\/media\/38138"}],"wp:attachment":[{"href":"https:\/\/www.iquilibrio.com\/blog\/wp-json\/wp\/v2\/media?parent=38374"}],"wp:term":[{"taxonomy":"category","embeddable":true,"href":"https:\/\/www.iquilibrio.com\/blog\/wp-json\/wp\/v2\/categories?post=38374"},{"taxonomy":"post_tag","embeddable":true,"href":"https:\/\/www.iquilibrio.com\/blog\/wp-json\/wp\/v2\/tags?post=38374"}],"curies":[{"name":"wp","href":"https:\/\/api.w.org\/{rel}","templated":true}]}}