{"id":38346,"date":"2023-02-05T13:39:53","date_gmt":"2023-02-05T16:39:53","guid":{"rendered":"https:\/\/www.iquilibrio.com\/blog\/?p=38346"},"modified":"2023-02-05T13:39:53","modified_gmt":"2023-02-05T16:39:53","slug":"exu-carnaval","status":"publish","type":"post","link":"https:\/\/www.iquilibrio.com\/blog\/espiritualidade\/umbanda-candomble\/exu-carnaval\/","title":{"rendered":"Exu no Carnaval: Conhe\u00e7a a liga\u00e7\u00e3o dos orix\u00e1s com a festa"},"content":{"rendered":"<p><span style=\"font-weight: 400;\">O que o carnaval e as religi\u00f5es africanas t\u00eam em comum? Se voc\u00ea disse a <\/span><a href=\"https:\/\/www.iquilibrio.com\/blog\/terapias-alternativas\/musicoterapia\/\"><span style=\"font-weight: 400;\">m\u00fasica<\/span><\/a><span style=\"font-weight: 400;\">, voc\u00ea est\u00e1 certa. Assim sendo, <\/span><b>Exu no Carnaval<\/b><span style=\"font-weight: 400;\"> \u00e9 um assunto que pode ser bem falado nessa \u00e9poca.<\/span><\/p>\n<p><span style=\"font-weight: 400;\">Inclusive, Exu foi o tema da escola de samba Campe\u00e3 do Carnaval do Rio em 2022, a Grande Rio.<\/span><\/p>\n<p><span style=\"font-weight: 400;\">Al\u00e9m dele tamb\u00e9m temos Oxum, que basicamente representa a <\/span><b>for\u00e7a complementar<\/b><span style=\"font-weight: 400;\"> de Exu. Ent\u00e3o hoje falaremos um pouco de Exu no carnaval e como os orix\u00e1s se relacionam com essa festa.<\/span><\/p>\n<p><span style=\"font-weight: 400;\">Nesse texto voc\u00ea vai encontrar:<\/span><\/p>\n<ul>\n<li><b>Carnaval e a raiz africana da m\u00fasica:<\/b><span style=\"font-weight: 400;\"> muitas religi\u00f5es usam a m\u00fasica como uma forma de se conectar com a espiritualidade e um dos instrumentos mais comuns nas m\u00fasicas religiosas africanas \u00e9 o tambor, muito encontrado nas escolas de samba.<\/span><\/li>\n<li><b>Quem \u00e9 Exu: <\/b><span style=\"font-weight: 400;\">conhecido como orix\u00e1 protetor da comunica\u00e7\u00e3o, Exu tamb\u00e9m \u00e9 muito ligado \u00e0s coisas boas da vida, como festas, dan\u00e7as e sedu\u00e7\u00e3o.<\/span><\/li>\n<li><b>Quem \u00e9 Oxum: <\/b><span style=\"font-weight: 400;\">conhecida como a senhora das \u00e1guas doces, Oxum tamb\u00e9m est\u00e1 ligada ao amor, graciosidade e for\u00e7a feminina.<\/span><\/li>\n<li><b>Rela\u00e7\u00e3o entre Exu e Oxum:<\/b><span style=\"font-weight: 400;\"> Considerados for\u00e7as complementares, Exu foi seduzido por Oxum para que ele contasse a ela os segredos do or\u00e1culo.<\/span><\/li>\n<\/ul>\n<h2><span style=\"font-weight: 400;\">Exu no Carnaval e a rela\u00e7\u00e3o dos orix\u00e1s com a festa<\/span><\/h2>\n<p><span style=\"font-weight: 400;\">Normalmente, a m\u00fasica \u00e9 uma parte muito importante das <\/span><a href=\"https:\/\/www.iquilibrio.com\/blog\/espiritualidade\/quais-as-principais-religioes-do-mundo\/\"><span style=\"font-weight: 400;\">religi\u00f5es<\/span><\/a><span style=\"font-weight: 400;\">, pois por meio delas as pessoas se <\/span><b>conectam <\/b><span style=\"font-weight: 400;\">com a espiritualidade de uma forma mais pura. Assim, nas religi\u00f5es de base africanas n\u00e3o seria diferente.<\/span><\/p>\n<p><span style=\"font-weight: 400;\">Al\u00e9m disso, existem muitas coisas em nossa cultura que tem base no que recebemos da cultura africana, e a m\u00fasica \u00e9 uma delas, temos:<\/span><\/p>\n<ul>\n<li style=\"font-weight: 400;\"><span style=\"font-weight: 400;\">samba;<\/span><\/li>\n<li style=\"font-weight: 400;\"><span style=\"font-weight: 400;\">maracatu;<\/span><\/li>\n<li style=\"font-weight: 400;\"><span style=\"font-weight: 400;\">maxixe;<\/span><\/li>\n<li style=\"font-weight: 400;\"><span style=\"font-weight: 400;\">lambada.<\/span><\/li>\n<\/ul>\n<p><b><i>E o que essas m\u00fasicas e as m\u00fasicas religiosas africanas t\u00eam em comum?<\/i><\/b><\/p>\n<p><i><span style=\"font-weight: 400;\">O tambor!<\/span><\/i><\/p>\n<p><span style=\"font-weight: 400;\">O &#8220;batuque&#8221; \u00e9 uma forma de dar <\/span><b>ritmo<\/b><span style=\"font-weight: 400;\">, quase acompanhando as batidas dos cora\u00e7\u00f5es. Al\u00e9m disso, eles tamb\u00e9m eram usados como meio de comunica\u00e7\u00e3o e uma maneira de contar hist\u00f3rias.<\/span><\/p>\n<p><span style=\"font-weight: 400;\">E essa \u00e9 a liga\u00e7\u00e3o mais forte entre os orix\u00e1s e o <\/span><a href=\"https:\/\/www.astrocentro.com.br\/blog\/previsoes\/o-que-e-carnaval\/\"><span style=\"font-weight: 400;\">Carnaval<\/span><\/a><span style=\"font-weight: 400;\">.<\/span><\/p>\n<p><span style=\"font-weight: 400;\">No carnaval, os tambores s\u00e3o usados enquanto uma hist\u00f3ria \u00e9 contada. J\u00e1 na religi\u00e3o, os tambores s\u00e3o usados para a <\/span><b>conex\u00e3o<\/b><span style=\"font-weight: 400;\"> entre a m\u00fasica, a dan\u00e7a e a comunica\u00e7\u00e3o com o divino.<\/span><\/p>\n<p><span style=\"font-weight: 400;\">Mas al\u00e9m disso, tamb\u00e9m existe uma certa influ\u00eancia principalmente de Ogum e Exu no carnaval. Mas, para entendermos melhor essa conex\u00e3o, vamos conhecer um pouco desses orix\u00e1s.<\/span><\/p>\n<p style=\"text-align: center;\"><span class=\"td_btn td_btn_md td_round_btn\" style=\"color: #ffffff; background-color: #ff6600;\"><a style=\"color: #ffffff; background-color: #ff6600;\" href=\"https:\/\/www.iquilibrio.com\/autoconhecimento\/?utm_campaign=blog_conversao&amp;utm_medium=texto_cta&amp;utm_source=blog&amp;utm_content=2023_cat_umbanda_exu_carnaval\" target=\"_blank\" rel=\"noopener\"><span style=\"font-weight: 400;\">Entre em contato com a sua espiritualidade com o aux\u00edlio dos nossos consultores!<\/span><\/a><\/span><\/p>\n<h3><span style=\"font-weight: 400;\">Conhecendo Exu<\/span><\/h3>\n<p><span style=\"font-weight: 400;\">Representado pelas cores <\/span><b>preto e vermelho<\/b><span style=\"font-weight: 400;\">, Exu tamb\u00e9m \u00e9 conhecido como o mensageiro, ou o <\/span><a href=\"https:\/\/www.iquilibrio.com\/blog\/espiritualidade\/umbanda-candomble\/exu-orixa\/\"><span style=\"font-weight: 400;\">orix\u00e1 guardi\u00e3o da comunica\u00e7\u00e3o<\/span><\/a><span style=\"font-weight: 400;\">.<\/span><\/p>\n<p><span style=\"font-weight: 400;\">Entre os orix\u00e1s, ele \u00e9 o que mais se aproxima dos seres humanos em suas caracter\u00edsticas. Ele \u00e9:<\/span><\/p>\n<ul>\n<li style=\"font-weight: 400;\"><span style=\"font-weight: 400;\">carism\u00e1tico;<\/span><\/li>\n<li style=\"font-weight: 400;\"><span style=\"font-weight: 400;\">brincalh\u00e3o;<\/span><\/li>\n<li style=\"font-weight: 400;\"><span style=\"font-weight: 400;\">alegre;<\/span><\/li>\n<li style=\"font-weight: 400;\"><span style=\"font-weight: 400;\">atraente (uma das caracter\u00edsticas que o liga tamb\u00e9m \u00e0 <\/span><b>vaidade<\/b><span style=\"font-weight: 400;\">).<\/span><\/li>\n<\/ul>\n<p><span style=\"font-weight: 400;\">Por causa de suas caracter\u00edsticas Exu \u00e9 muito relacionado com festas e eventos envolvendo as coisas <\/span><b>carnais <\/b><span style=\"font-weight: 400;\">(uma das raz\u00f5es pela qual ele est\u00e1 relacionado ao Carnaval).\u00a0<\/span><\/p>\n<p><span style=\"font-weight: 400;\">Em sua hist\u00f3ria, Exu \u00e9 enviado para a Terra para checar se seria um bom lugar para a morada dos orix\u00e1s e para os seres humanos. Por\u00e9m, depois de um tempo ele resolveu ficar na Terra, e acabou se tornando um dos orix\u00e1s mais conhecidos.<\/span><\/p>\n<p><img loading=\"lazy\" decoding=\"async\" class=\"alignnone size-full wp-image-38348\" src=\"https:\/\/www.iquilibrio.com\/blog\/wp-content\/uploads\/2023\/01\/Exu-no-carnaval-3.jpg\" alt=\"Exu no carnaval\" width=\"900\" height=\"560\" srcset=\"https:\/\/www.iquilibrio.com\/blog\/wp-content\/uploads\/2023\/01\/Exu-no-carnaval-3.jpg 900w, https:\/\/www.iquilibrio.com\/blog\/wp-content\/uploads\/2023\/01\/Exu-no-carnaval-3-300x187.jpg 300w, https:\/\/www.iquilibrio.com\/blog\/wp-content\/uploads\/2023\/01\/Exu-no-carnaval-3-768x478.jpg 768w, https:\/\/www.iquilibrio.com\/blog\/wp-content\/uploads\/2023\/01\/Exu-no-carnaval-3-696x433.jpg 696w, https:\/\/www.iquilibrio.com\/blog\/wp-content\/uploads\/2023\/01\/Exu-no-carnaval-3-675x420.jpg 675w\" sizes=\"auto, (max-width: 900px) 100vw, 900px\" \/><\/p>\n<h3><span style=\"font-weight: 400;\">Conhecendo Oxum<\/span><\/h3>\n<p><span style=\"font-weight: 400;\">Oxum, tamb\u00e9m conhecida como <\/span><a href=\"https:\/\/www.iquilibrio.com\/blog\/espiritualidade\/umbanda-candomble\/tudo-sobre-oxum\/\"><span style=\"font-weight: 400;\">senhora das \u00e1guas doces<\/span><\/a><span style=\"font-weight: 400;\">, \u00e9 uma orix\u00e1 representada pelas cores <\/span><b>amarelo<\/b><span style=\"font-weight: 400;\">, ou dourado, e <\/span><b>azul escuro<\/b><span style=\"font-weight: 400;\">.<\/span><\/p>\n<p><span style=\"font-weight: 400;\">Vista como uma for\u00e7a complementar a de Exu, Oxum representa:<\/span><\/p>\n<ul>\n<li style=\"font-weight: 400;\"><span style=\"font-weight: 400;\">amor;<\/span><\/li>\n<li style=\"font-weight: 400;\"><span style=\"font-weight: 400;\">graciosidade;<\/span><\/li>\n<li style=\"font-weight: 400;\"><span style=\"font-weight: 400;\">sensibilidade;<\/span><\/li>\n<li style=\"font-weight: 400;\"><span style=\"font-weight: 400;\">for\u00e7a feminina.<\/span><\/li>\n<\/ul>\n<p><span style=\"font-weight: 400;\">Devido a essa conex\u00e3o de Oxum com o amor, ela tamb\u00e9m \u00e9 muito cultuada nos jogos de <\/span><b>B\u00fazios<\/b><span style=\"font-weight: 400;\">, que assim como o <\/span><b>Tarot do amor<\/b><span style=\"font-weight: 400;\">, podem ajudar a direcionar as pessoas em seus relacionamentos.\u00a0<\/span><\/p>\n<p><span style=\"font-weight: 400;\">E al\u00e9m disso \u00e9 esse amor que tamb\u00e9m a liga com o carnaval, por causa das paix\u00f5es que muitos encontram na festa.<\/span><\/p>\n<p><span style=\"font-weight: 400;\">Em sua hist\u00f3ria, Oxum, filha de<\/span><a href=\"https:\/\/www.iquilibrio.com\/blog\/espiritualidade\/umbanda-candomble\/banho-iemanja\/\"><span style=\"font-weight: 400;\"> Iemanj\u00e1<\/span><\/a><span style=\"font-weight: 400;\"> e Orunmil\u00e1, queria muito aprender os segredos de seu pai, conhecido como o adivinho, por\u00e9m ele negou esse desejo. Assim, Oxum <\/span><b>seduziu<\/b><span style=\"font-weight: 400;\"> Exu para que ele lhe contasse os segredos do or\u00e1culo, e foi quando ela aprendeu todos os segredos de seu pai.<\/span><\/p>\n<p><span style=\"font-weight: 400;\">Agora que j\u00e1 conhecemos um pouco de cada um dos orix\u00e1s, vamos ver como s\u00e3o relacionados Oxum e Exu no carnaval. E para isso, ningu\u00e9m melhor do que um verdadeiro especialista, como o nosso consultor Davi.<\/span><\/p>\n<p style=\"text-align: center;\"><span class=\"td_btn td_btn_md td_round_btn\" style=\"color: #ffffff; background-color: #ff6600;\"><a style=\"color: #ffffff; background-color: #ff6600;\" href=\"https:\/\/www.iquilibrio.com\/buzios\/?utm_campaign=blog_conversao&amp;utm_medium=texto_cta&amp;utm_source=blog&amp;utm_content=2023_cat_umbanda_exu_carnaval\" target=\"_blank\" rel=\"noopener\"><span style=\"font-weight: 400;\">E se voc\u00ea quer saber como os b\u00fazios te ajudam, nossos consultores podem ajudar!<\/span><\/a><\/span><\/p>\n<h3><span style=\"font-weight: 400;\">Exu no carnaval: a rela\u00e7\u00e3o do orix\u00e1 com a m\u00fasica<\/span><\/h3>\n<p>Conversamos com um de nossos queridos especialistas, o Davi, para saber da rela\u00e7\u00e3o desses orix\u00e1s com a festa mais popular do Brasil. Veja abaixo, na \u00edntegra, o que Davi nos respondeu.<\/p>\n<p><i><span style=\"font-weight: 400;\">&#8220;Exu est\u00e1 totalmente ligado ao <\/span><\/i><b><i>batuque e \u00e0 dan\u00e7a<\/i><\/b><i><span style=\"font-weight: 400;\">. Principal recurso do carnaval.\u00a0<\/span><\/i><\/p>\n<p><i><span style=\"font-weight: 400;\">Os mais velhos contam que um certo dia, enquanto ocorria a grande constru\u00e7\u00e3o, Zambiapungo o Ser Supremo dos cultos Angolo-Congoleses foi tomado por uma t\u00e3o grande tristeza.\u00a0<\/span><\/i><\/p>\n<p><i><span style=\"font-weight: 400;\">Ent\u00e3o, os Inquices\u00a0resolveram agir cada um em seus prop\u00f3sitos e dom\u00ednios a fim de agradar o Grande Ser. At\u00e9 que cada um apresentou seus feitos, mas n\u00e3o era exatamente o que Zambi buscava.<\/span><\/i><\/p>\n<p><i><span style=\"font-weight: 400;\">Ent\u00e3o, Zazi (<\/span><\/i><a href=\"https:\/\/www.iquilibrio.com\/blog\/espiritualidade\/umbanda-candomble\/tudo-sobre-xango\/\"><i><span style=\"font-weight: 400;\">Xang\u00f4<\/span><\/i><\/a><i><span style=\"font-weight: 400;\">) buscou nos <\/span><\/i><b><i>or\u00e1culos<\/i><\/b><i><span style=\"font-weight: 400;\"> uma forma de agradar ao grande pai e o Divino lhe revelou como fazer um <\/span><\/i><b><i>tambor<\/i><\/b><i><span style=\"font-weight: 400;\"> e assim, ele o fez, com a pele de um bode, fogo a fim de ressecar um peda\u00e7o do tronco de uma \u00e1rvore e assim criou o que chamou de &#8220;<\/span><\/i><b><i>Ng&#8217;oma<\/i><\/b><i><span style=\"font-weight: 400;\">&#8221; o nome do primeiro tambor.\u00a0<\/span><\/i><\/p>\n<p><i><span style=\"font-weight: 400;\">Ao som do batuque, foi Aluvai\u00e1, tamb\u00e9m chamado de Exu, que dan\u00e7ou ao redor. Sendo assim, <\/span><\/i><b><i>Exu \u00e9 o patrono<\/i><\/b><i><span style=\"font-weight: 400;\"> que rege a dan\u00e7a do carnaval.\u00a0<\/span><\/i><\/p>\n<p><i><span style=\"font-weight: 400;\">Contudo, atrav\u00e9s de sua dan\u00e7a, todos os filhos de Zambi foram inspirados a dan\u00e7ar tamb\u00e9m em um grande folguedo da carne e alma.<\/span><\/i><\/p>\n<p><i><span style=\"font-weight: 400;\">Dito isso, assim foi a <\/span><\/i><b><i>primeira festa<\/i><\/b><i><span style=\"font-weight: 400;\"> pelo mundo. Ao som do batuque, inspirado por Zazi e Exu dan\u00e7ando convidando todos ao redor.\u00a0<\/span><\/i><\/p>\n<p><i><span style=\"font-weight: 400;\">Desse modo, \u00e9 Exu que nos inspira na dan\u00e7a, a express\u00e3o de <\/span><\/i><b><i>regozijo e felicidade<\/i><\/b><i><span style=\"font-weight: 400;\"> no carnaval. Onde houver um foli\u00e3o dan\u00e7ando e bailando ao som dos batuques, ali estar\u00e1 Exu a vibrar em perfeita sintonia.\u201d<\/span><\/i><\/p>\n<p><img loading=\"lazy\" decoding=\"async\" class=\"alignnone size-full wp-image-38349\" src=\"https:\/\/www.iquilibrio.com\/blog\/wp-content\/uploads\/2023\/01\/Exu-no-carnaval-1.jpg\" alt=\"Exu no carnaval\" width=\"900\" height=\"560\" srcset=\"https:\/\/www.iquilibrio.com\/blog\/wp-content\/uploads\/2023\/01\/Exu-no-carnaval-1.jpg 900w, https:\/\/www.iquilibrio.com\/blog\/wp-content\/uploads\/2023\/01\/Exu-no-carnaval-1-300x187.jpg 300w, https:\/\/www.iquilibrio.com\/blog\/wp-content\/uploads\/2023\/01\/Exu-no-carnaval-1-768x478.jpg 768w, https:\/\/www.iquilibrio.com\/blog\/wp-content\/uploads\/2023\/01\/Exu-no-carnaval-1-696x433.jpg 696w, https:\/\/www.iquilibrio.com\/blog\/wp-content\/uploads\/2023\/01\/Exu-no-carnaval-1-675x420.jpg 675w\" sizes=\"auto, (max-width: 900px) 100vw, 900px\" \/><\/p>\n<h3><span style=\"font-weight: 400;\">O momento em que Oxum entra na hist\u00f3ria<\/span><\/h3>\n<p><i><span style=\"font-weight: 400;\">\u201cQuanto a Oxum, \u00e9 um orix\u00e1 cuja principal express\u00e3o visual est\u00e1 no ouro, na ornamenta\u00e7\u00e3o de suas preciosidades, ostentadas ao longo do seu corpo. E isso evidencia com potencial a <\/span><\/i><b><i>beleza<\/i><\/b><i><span style=\"font-weight: 400;\">. Beleza que envolve, encanta, seduz.\u00a0<\/span><\/i><\/p>\n<p><i><span style=\"font-weight: 400;\">Para Oxum, sem sombra de d\u00favidas, a beleza est\u00e1 nos olhos de quem v\u00ea e sendo assim, se a beleza est\u00e1 nos olhos de quem v\u00ea, tamb\u00e9m est\u00e1 a <\/span><\/i><b><i>sedu\u00e7\u00e3o<\/i><\/b><i><span style=\"font-weight: 400;\">, o charme que desperta o <\/span><\/i><b><i>desejo<\/i><\/b><i><span style=\"font-weight: 400;\">.\u00a0<\/span><\/i><\/p>\n<p><i><span style=\"font-weight: 400;\">Dentre tantas oportunidades de se viver um amor, se tem o carnaval.\u00a0<\/span><\/i><\/p>\n<p><i><span style=\"font-weight: 400;\">Haja visto, todos j\u00e1 ouvimos a express\u00e3o &#8220;<\/span><\/i><a href=\"https:\/\/www.astrocentro.com.br\/blog\/sexualidade\/sexo-no-carnaval\/\"><i><span style=\"font-weight: 400;\">amor de carnaval<\/span><\/i><\/a><i><span style=\"font-weight: 400;\">&#8220;. E Oxum est\u00e1 representada e expressando-se atrav\u00e9s desses amores sim.\u00a0<\/span><\/i><\/p>\n<p><i><span style=\"font-weight: 400;\">O amor expresso pelo desejo da carne, a sexualidade aflorada, a busca substancial pelo prazer.\u00a0<\/span><\/i><\/p>\n<p><i><span style=\"font-weight: 400;\">Ent\u00e3o, ao som dos tambores e na ginga de Exu, \u00e9 Oxum quem chega e d\u00e1 beleza a essa roda, trazendo consigo seu <\/span><\/i><b><i>charme e o convite ao prazer<\/i><\/b><i><span style=\"font-weight: 400;\">.\u00a0<\/span><\/i><\/p>\n<p><i><span style=\"font-weight: 400;\"><strong>Se tem uma defini\u00e7\u00e3o melhor de festa da carne, eu desconhe\u00e7o senhoras e senhores<\/strong>.&#8221;<\/span><\/i><\/p>\n<p><span style=\"font-weight: 400;\">Al\u00e9m de seu conhecimento dos orix\u00e1s, o consultor Davi tamb\u00e9m faz o jogo de <\/span><a href=\"https:\/\/www.iquilibrio.com\/blog\/oraculos\/buzios\/jogo-como-funciona\/\"><span style=\"font-weight: 400;\">B\u00fazios<\/span><\/a><span style=\"font-weight: 400;\">, Tarot do amor e outros or\u00e1culos.<\/span><\/p>\n<p style=\"text-align: center;\"><span class=\"td_btn td_btn_md td_round_btn\" style=\"color: #ffffff; background-color: #ff6600;\"><a style=\"color: #ffffff; background-color: #ff6600;\" href=\"https:\/\/www.iquilibrio.com\/esotericos\/davi\/?utm_campaign=blog_conversao&amp;utm_medium=texto_cta&amp;utm_source=blog&amp;utm_content=2023_cat_umbanda_exu_carnaval\" target=\"_blank\" rel=\"noopener\"><span style=\"font-weight: 400;\">Voc\u00ea tamb\u00e9m pode tirar d\u00favidas e pedir conselhos direto com o consultor Davi, aproveite!<\/span><\/a><\/span><\/p>\n<p><span style=\"font-weight: 400;\">Enfim, Oxum e\u00a0 Exu no Carnaval \u00e0s vezes podem n\u00e3o ser muito falados, por\u00e9m n\u00e3o podemos negar sua import\u00e2ncia e presen\u00e7a nessa festa t\u00e3o animada. Assim sendo, se divirta, mas tome cuidado com os exageros.<\/span><\/p>\n<p><span style=\"font-weight: 400;\">Est\u00e1 cansada de romances passageiros? A\u00ed v\u00e3o tr\u00eas dicas para atrair o amor para a sua<\/span><span style=\"font-weight: 400;\"> vida.<\/span><\/p>\n<hr \/>\n<p><iframe loading=\"lazy\" title=\"3 dicas para atrair amor para a sua vida - iQuilibrio\" width=\"696\" height=\"392\" src=\"https:\/\/www.youtube.com\/embed\/ZaTTmIBuwpg?feature=oembed\" frameborder=\"0\" allow=\"accelerometer; autoplay; clipboard-write; encrypted-media; gyroscope; picture-in-picture; web-share\" allowfullscreen><\/iframe><\/p>\n\n\n<div class=\"kk-star-ratings kksr-auto kksr-align-left kksr-valign-bottom\"\n    data-payload='{&quot;align&quot;:&quot;left&quot;,&quot;id&quot;:&quot;38346&quot;,&quot;slug&quot;:&quot;default&quot;,&quot;valign&quot;:&quot;bottom&quot;,&quot;ignore&quot;:&quot;&quot;,&quot;reference&quot;:&quot;auto&quot;,&quot;class&quot;:&quot;&quot;,&quot;count&quot;:&quot;2&quot;,&quot;legendonly&quot;:&quot;&quot;,&quot;readonly&quot;:&quot;&quot;,&quot;score&quot;:&quot;5&quot;,&quot;starsonly&quot;:&quot;&quot;,&quot;best&quot;:&quot;5&quot;,&quot;gap&quot;:&quot;5&quot;,&quot;greet&quot;:&quot;Rate this post&quot;,&quot;legend&quot;:&quot;5\\\/5 - (2 votos)&quot;,&quot;size&quot;:&quot;24&quot;,&quot;title&quot;:&quot;Exu no Carnaval: Conhe\u00e7a a liga\u00e7\u00e3o dos orix\u00e1s com a festa&quot;,&quot;width&quot;:&quot;142.5&quot;,&quot;_legend&quot;:&quot;{score}\\\/{best} - ({count} {votes})&quot;,&quot;font_factor&quot;:&quot;1.25&quot;}'>\n            \n<div class=\"kksr-stars\">\n    \n<div class=\"kksr-stars-inactive\">\n            <div class=\"kksr-star\" data-star=\"1\" style=\"padding-right: 5px\">\n            \n\n<div class=\"kksr-icon\" style=\"width: 24px; height: 24px;\"><\/div>\n        <\/div>\n            <div class=\"kksr-star\" data-star=\"2\" style=\"padding-right: 5px\">\n            \n\n<div class=\"kksr-icon\" style=\"width: 24px; height: 24px;\"><\/div>\n        <\/div>\n            <div class=\"kksr-star\" data-star=\"3\" style=\"padding-right: 5px\">\n            \n\n<div class=\"kksr-icon\" style=\"width: 24px; height: 24px;\"><\/div>\n        <\/div>\n            <div class=\"kksr-star\" data-star=\"4\" style=\"padding-right: 5px\">\n            \n\n<div class=\"kksr-icon\" style=\"width: 24px; height: 24px;\"><\/div>\n        <\/div>\n            <div class=\"kksr-star\" data-star=\"5\" style=\"padding-right: 5px\">\n            \n\n<div class=\"kksr-icon\" style=\"width: 24px; height: 24px;\"><\/div>\n        <\/div>\n    <\/div>\n    \n<div class=\"kksr-stars-active\" style=\"width: 142.5px;\">\n            <div class=\"kksr-star\" style=\"padding-right: 5px\">\n            \n\n<div class=\"kksr-icon\" style=\"width: 24px; height: 24px;\"><\/div>\n        <\/div>\n            <div class=\"kksr-star\" style=\"padding-right: 5px\">\n            \n\n<div class=\"kksr-icon\" style=\"width: 24px; height: 24px;\"><\/div>\n        <\/div>\n            <div class=\"kksr-star\" style=\"padding-right: 5px\">\n            \n\n<div class=\"kksr-icon\" style=\"width: 24px; height: 24px;\"><\/div>\n        <\/div>\n            <div class=\"kksr-star\" style=\"padding-right: 5px\">\n            \n\n<div class=\"kksr-icon\" style=\"width: 24px; height: 24px;\"><\/div>\n        <\/div>\n            <div class=\"kksr-star\" style=\"padding-right: 5px\">\n            \n\n<div class=\"kksr-icon\" style=\"width: 24px; height: 24px;\"><\/div>\n        <\/div>\n    <\/div>\n<\/div>\n                \n\n<div class=\"kksr-legend\" style=\"font-size: 19.2px;\">\n            5\/5 - (2 votos)    <\/div>\n    <\/div>\n","protected":false},"excerpt":{"rendered":"<p>O que o carnaval e as religi\u00f5es africanas t\u00eam em comum? Se voc\u00ea disse a m\u00fasica, voc\u00ea est\u00e1 certa. Assim sendo, Exu no Carnaval \u00e9 um assunto que pode ser bem falado nessa \u00e9poca. Inclusive, Exu foi o tema da escola de samba Campe\u00e3 do Carnaval do Rio em 2022, a Grande Rio. Al\u00e9m dele [&hellip;]<\/p>\n","protected":false},"author":158,"featured_media":38347,"comment_status":"closed","ping_status":"closed","sticky":false,"template":"","format":"standard","meta":{"footnotes":""},"categories":[503],"tags":[687,4877,677],"class_list":["post-38346","post","type-post","status-publish","format-standard","has-post-thumbnail","hentry","category-umbanda-candomble","tag-carnaval","tag-exu-no-carnaval","tag-orixas"],"yoast_head":"<!-- This site is optimized with the Yoast SEO plugin v27.4 - https:\/\/yoast.com\/product\/yoast-seo-wordpress\/ -->\n<title>Exu no carnaval: a rela\u00e7\u00e3o dos orix\u00e1s e a festa<\/title>\n<meta name=\"description\" content=\"Que o Carnaval \u00e9 uma festa gigante todos n\u00f3s sabemos. Mas hoje veremos Exu no carnaval e a rela\u00e7\u00e3o do orix\u00e1 com a festa\" \/>\n<meta name=\"robots\" content=\"index, follow, max-snippet:-1, max-image-preview:large, max-video-preview:-1\" \/>\n<link rel=\"canonical\" href=\"https:\/\/www.iquilibrio.com\/blog\/espiritualidade\/umbanda-candomble\/exu-carnaval\/\" \/>\n<meta property=\"og:locale\" content=\"pt_BR\" \/>\n<meta property=\"og:type\" content=\"article\" \/>\n<meta property=\"og:title\" content=\"Exu no carnaval: a rela\u00e7\u00e3o dos orix\u00e1s e a festa\" \/>\n<meta property=\"og:description\" content=\"Que o Carnaval \u00e9 uma festa gigante todos n\u00f3s sabemos. Mas hoje veremos Exu no carnaval e a rela\u00e7\u00e3o do orix\u00e1 com a festa\" \/>\n<meta property=\"og:url\" content=\"https:\/\/www.iquilibrio.com\/blog\/espiritualidade\/umbanda-candomble\/exu-carnaval\/\" \/>\n<meta property=\"og:site_name\" content=\"iQuilibrio\" \/>\n<meta property=\"article:publisher\" content=\"https:\/\/www.facebook.com\/iQuilibrio\/\" \/>\n<meta property=\"article:published_time\" content=\"2023-02-05T16:39:53+00:00\" \/>\n<meta property=\"og:image\" content=\"https:\/\/www.iquilibrio.com\/blog\/wp-content\/uploads\/2023\/01\/Exu-no-carnaval-2.jpg\" \/>\n\t<meta property=\"og:image:width\" content=\"900\" \/>\n\t<meta property=\"og:image:height\" content=\"560\" \/>\n\t<meta property=\"og:image:type\" content=\"image\/jpeg\" \/>\n<meta name=\"author\" content=\"Arthur Peroni\" \/>\n<meta name=\"twitter:card\" content=\"summary_large_image\" \/>\n<meta name=\"twitter:creator\" content=\"@iquilibrio\" \/>\n<meta name=\"twitter:site\" content=\"@iquilibrio\" \/>\n<meta name=\"twitter:label1\" content=\"Escrito por\" \/>\n\t<meta name=\"twitter:data1\" content=\"Arthur Peroni\" \/>\n\t<meta name=\"twitter:label2\" content=\"Est. tempo de leitura\" \/>\n\t<meta name=\"twitter:data2\" content=\"8 minutos\" \/>\n<script type=\"application\/ld+json\" class=\"yoast-schema-graph\">{\"@context\":\"https:\\\/\\\/schema.org\",\"@graph\":[{\"@type\":\"Article\",\"@id\":\"https:\\\/\\\/www.iquilibrio.com\\\/blog\\\/espiritualidade\\\/umbanda-candomble\\\/exu-carnaval\\\/#article\",\"isPartOf\":{\"@id\":\"https:\\\/\\\/www.iquilibrio.com\\\/blog\\\/espiritualidade\\\/umbanda-candomble\\\/exu-carnaval\\\/\"},\"author\":{\"name\":\"Arthur Peroni\",\"@id\":\"https:\\\/\\\/www.iquilibrio.com\\\/blog\\\/#\\\/schema\\\/person\\\/21ae990723c2e5a1170c9a06dacb4d3d\"},\"headline\":\"Exu no Carnaval: Conhe\u00e7a a liga\u00e7\u00e3o dos orix\u00e1s com a festa\",\"datePublished\":\"2023-02-05T16:39:53+00:00\",\"mainEntityOfPage\":{\"@id\":\"https:\\\/\\\/www.iquilibrio.com\\\/blog\\\/espiritualidade\\\/umbanda-candomble\\\/exu-carnaval\\\/\"},\"wordCount\":1385,\"publisher\":{\"@id\":\"https:\\\/\\\/www.iquilibrio.com\\\/blog\\\/#organization\"},\"image\":{\"@id\":\"https:\\\/\\\/www.iquilibrio.com\\\/blog\\\/espiritualidade\\\/umbanda-candomble\\\/exu-carnaval\\\/#primaryimage\"},\"thumbnailUrl\":\"https:\\\/\\\/www.iquilibrio.com\\\/blog\\\/wp-content\\\/uploads\\\/2023\\\/01\\\/Exu-no-carnaval-2.jpg\",\"keywords\":[\"carnaval\",\"exu no carnaval\",\"orix\u00e1s\"],\"articleSection\":[\"Umbanda e Candombl\u00e9\"],\"inLanguage\":\"pt-BR\"},{\"@type\":\"WebPage\",\"@id\":\"https:\\\/\\\/www.iquilibrio.com\\\/blog\\\/espiritualidade\\\/umbanda-candomble\\\/exu-carnaval\\\/\",\"url\":\"https:\\\/\\\/www.iquilibrio.com\\\/blog\\\/espiritualidade\\\/umbanda-candomble\\\/exu-carnaval\\\/\",\"name\":\"Exu no carnaval: a rela\u00e7\u00e3o dos orix\u00e1s e a festa\",\"isPartOf\":{\"@id\":\"https:\\\/\\\/www.iquilibrio.com\\\/blog\\\/#website\"},\"primaryImageOfPage\":{\"@id\":\"https:\\\/\\\/www.iquilibrio.com\\\/blog\\\/espiritualidade\\\/umbanda-candomble\\\/exu-carnaval\\\/#primaryimage\"},\"image\":{\"@id\":\"https:\\\/\\\/www.iquilibrio.com\\\/blog\\\/espiritualidade\\\/umbanda-candomble\\\/exu-carnaval\\\/#primaryimage\"},\"thumbnailUrl\":\"https:\\\/\\\/www.iquilibrio.com\\\/blog\\\/wp-content\\\/uploads\\\/2023\\\/01\\\/Exu-no-carnaval-2.jpg\",\"datePublished\":\"2023-02-05T16:39:53+00:00\",\"description\":\"Que o Carnaval \u00e9 uma festa gigante todos n\u00f3s sabemos. Mas hoje veremos Exu no carnaval e a rela\u00e7\u00e3o do orix\u00e1 com a festa\",\"breadcrumb\":{\"@id\":\"https:\\\/\\\/www.iquilibrio.com\\\/blog\\\/espiritualidade\\\/umbanda-candomble\\\/exu-carnaval\\\/#breadcrumb\"},\"inLanguage\":\"pt-BR\",\"potentialAction\":[{\"@type\":\"ReadAction\",\"target\":[\"https:\\\/\\\/www.iquilibrio.com\\\/blog\\\/espiritualidade\\\/umbanda-candomble\\\/exu-carnaval\\\/\"]}]},{\"@type\":\"ImageObject\",\"inLanguage\":\"pt-BR\",\"@id\":\"https:\\\/\\\/www.iquilibrio.com\\\/blog\\\/espiritualidade\\\/umbanda-candomble\\\/exu-carnaval\\\/#primaryimage\",\"url\":\"https:\\\/\\\/www.iquilibrio.com\\\/blog\\\/wp-content\\\/uploads\\\/2023\\\/01\\\/Exu-no-carnaval-2.jpg\",\"contentUrl\":\"https:\\\/\\\/www.iquilibrio.com\\\/blog\\\/wp-content\\\/uploads\\\/2023\\\/01\\\/Exu-no-carnaval-2.jpg\",\"width\":900,\"height\":560,\"caption\":\"Exu no carnaval\"},{\"@type\":\"BreadcrumbList\",\"@id\":\"https:\\\/\\\/www.iquilibrio.com\\\/blog\\\/espiritualidade\\\/umbanda-candomble\\\/exu-carnaval\\\/#breadcrumb\",\"itemListElement\":[{\"@type\":\"ListItem\",\"position\":1,\"name\":\"In\u00edcio\",\"item\":\"https:\\\/\\\/www.iquilibrio.com\\\/blog\\\/\"},{\"@type\":\"ListItem\",\"position\":2,\"name\":\"Exu no Carnaval: Conhe\u00e7a a liga\u00e7\u00e3o dos orix\u00e1s com a festa\"}]},{\"@type\":\"WebSite\",\"@id\":\"https:\\\/\\\/www.iquilibrio.com\\\/blog\\\/#website\",\"url\":\"https:\\\/\\\/www.iquilibrio.com\\\/blog\\\/\",\"name\":\"iQuilibrio\",\"description\":\"Blog iQuilibrio\",\"publisher\":{\"@id\":\"https:\\\/\\\/www.iquilibrio.com\\\/blog\\\/#organization\"},\"potentialAction\":[{\"@type\":\"SearchAction\",\"target\":{\"@type\":\"EntryPoint\",\"urlTemplate\":\"https:\\\/\\\/www.iquilibrio.com\\\/blog\\\/?s={search_term_string}\"},\"query-input\":{\"@type\":\"PropertyValueSpecification\",\"valueRequired\":true,\"valueName\":\"search_term_string\"}}],\"inLanguage\":\"pt-BR\"},{\"@type\":\"Organization\",\"@id\":\"https:\\\/\\\/www.iquilibrio.com\\\/blog\\\/#organization\",\"name\":\"Esoterismo, Misticismo e Tarot Online - iQuilibrio\",\"url\":\"https:\\\/\\\/www.iquilibrio.com\\\/blog\\\/\",\"logo\":{\"@type\":\"ImageObject\",\"inLanguage\":\"pt-BR\",\"@id\":\"https:\\\/\\\/www.iquilibrio.com\\\/blog\\\/#\\\/schema\\\/logo\\\/image\\\/\",\"url\":\"https:\\\/\\\/www.iquilibrio.com\\\/blog\\\/wp-content\\\/uploads\\\/2018\\\/12\\\/iquilibrio_lovo_vetor_preto-retina.png\",\"contentUrl\":\"https:\\\/\\\/www.iquilibrio.com\\\/blog\\\/wp-content\\\/uploads\\\/2018\\\/12\\\/iquilibrio_lovo_vetor_preto-retina.png\",\"width\":972,\"height\":180,\"caption\":\"Esoterismo, Misticismo e Tarot Online - iQuilibrio\"},\"image\":{\"@id\":\"https:\\\/\\\/www.iquilibrio.com\\\/blog\\\/#\\\/schema\\\/logo\\\/image\\\/\"},\"sameAs\":[\"https:\\\/\\\/www.facebook.com\\\/iQuilibrio\\\/\",\"https:\\\/\\\/x.com\\\/iquilibrio\",\"https:\\\/\\\/www.instagram.com\\\/iquilibrio\\\/\",\"https:\\\/\\\/www.linkedin.com\\\/company\\\/iquilibrio\\\/\",\"https:\\\/\\\/br.pinterest.com\\\/iquilibrio1397\\\/\",\"https:\\\/\\\/www.youtube.com\\\/channel\\\/UC175qxd-4Zsi4wzawT5zF2g\"]},{\"@type\":\"Person\",\"@id\":\"https:\\\/\\\/www.iquilibrio.com\\\/blog\\\/#\\\/schema\\\/person\\\/21ae990723c2e5a1170c9a06dacb4d3d\",\"name\":\"Arthur Peroni\",\"image\":{\"@type\":\"ImageObject\",\"inLanguage\":\"pt-BR\",\"@id\":\"https:\\\/\\\/www.iquilibrio.com\\\/blog\\\/wp-content\\\/uploads\\\/2023\\\/04\\\/Arthur-Peroni-150x150.jpg\",\"url\":\"https:\\\/\\\/www.iquilibrio.com\\\/blog\\\/wp-content\\\/uploads\\\/2023\\\/04\\\/Arthur-Peroni-150x150.jpg\",\"contentUrl\":\"https:\\\/\\\/www.iquilibrio.com\\\/blog\\\/wp-content\\\/uploads\\\/2023\\\/04\\\/Arthur-Peroni-150x150.jpg\",\"caption\":\"Arthur Peroni\"},\"description\":\"Arthur Peroni escreve sobre a vida, o universo e tudo mais. Amante da literatura m\u00edstica, e fic\u00e7\u00e3o, descobriu sua carreira de redator gra\u00e7as ao h\u00e1bito de leitura constante sobre fantasia e drama. Nas horas vagas, gosta de cozinhar, ler e ver filmes antigos. J\u00e1 trabalhou com, comunica\u00e7\u00e3o social, massoterapia, terapias hol\u00edsticas e design de interiores. Atualmente trabalha como redator SEO e se entusiasma com tudo o que \u00e9 esot\u00e9rico. Gosta de discutir sobre assuntos complexos e instigantes, e v\u00ea na escrita uma oportunidade de aprender e criar todos os dias, mentalmente e espiritualmente.\",\"url\":\"https:\\\/\\\/www.iquilibrio.com\\\/blog\\\/author\\\/raul-vinicius\\\/\"}]}<\/script>\n<!-- \/ Yoast SEO plugin. -->","yoast_head_json":{"title":"Exu no carnaval: a rela\u00e7\u00e3o dos orix\u00e1s e a festa","description":"Que o Carnaval \u00e9 uma festa gigante todos n\u00f3s sabemos. Mas hoje veremos Exu no carnaval e a rela\u00e7\u00e3o do orix\u00e1 com a festa","robots":{"index":"index","follow":"follow","max-snippet":"max-snippet:-1","max-image-preview":"max-image-preview:large","max-video-preview":"max-video-preview:-1"},"canonical":"https:\/\/www.iquilibrio.com\/blog\/espiritualidade\/umbanda-candomble\/exu-carnaval\/","og_locale":"pt_BR","og_type":"article","og_title":"Exu no carnaval: a rela\u00e7\u00e3o dos orix\u00e1s e a festa","og_description":"Que o Carnaval \u00e9 uma festa gigante todos n\u00f3s sabemos. Mas hoje veremos Exu no carnaval e a rela\u00e7\u00e3o do orix\u00e1 com a festa","og_url":"https:\/\/www.iquilibrio.com\/blog\/espiritualidade\/umbanda-candomble\/exu-carnaval\/","og_site_name":"iQuilibrio","article_publisher":"https:\/\/www.facebook.com\/iQuilibrio\/","article_published_time":"2023-02-05T16:39:53+00:00","og_image":[{"width":900,"height":560,"url":"https:\/\/www.iquilibrio.com\/blog\/wp-content\/uploads\/2023\/01\/Exu-no-carnaval-2.jpg","type":"image\/jpeg"}],"author":"Arthur Peroni","twitter_card":"summary_large_image","twitter_creator":"@iquilibrio","twitter_site":"@iquilibrio","twitter_misc":{"Escrito por":"Arthur Peroni","Est. tempo de leitura":"8 minutos"},"schema":{"@context":"https:\/\/schema.org","@graph":[{"@type":"Article","@id":"https:\/\/www.iquilibrio.com\/blog\/espiritualidade\/umbanda-candomble\/exu-carnaval\/#article","isPartOf":{"@id":"https:\/\/www.iquilibrio.com\/blog\/espiritualidade\/umbanda-candomble\/exu-carnaval\/"},"author":{"name":"Arthur Peroni","@id":"https:\/\/www.iquilibrio.com\/blog\/#\/schema\/person\/21ae990723c2e5a1170c9a06dacb4d3d"},"headline":"Exu no Carnaval: Conhe\u00e7a a liga\u00e7\u00e3o dos orix\u00e1s com a festa","datePublished":"2023-02-05T16:39:53+00:00","mainEntityOfPage":{"@id":"https:\/\/www.iquilibrio.com\/blog\/espiritualidade\/umbanda-candomble\/exu-carnaval\/"},"wordCount":1385,"publisher":{"@id":"https:\/\/www.iquilibrio.com\/blog\/#organization"},"image":{"@id":"https:\/\/www.iquilibrio.com\/blog\/espiritualidade\/umbanda-candomble\/exu-carnaval\/#primaryimage"},"thumbnailUrl":"https:\/\/www.iquilibrio.com\/blog\/wp-content\/uploads\/2023\/01\/Exu-no-carnaval-2.jpg","keywords":["carnaval","exu no carnaval","orix\u00e1s"],"articleSection":["Umbanda e Candombl\u00e9"],"inLanguage":"pt-BR"},{"@type":"WebPage","@id":"https:\/\/www.iquilibrio.com\/blog\/espiritualidade\/umbanda-candomble\/exu-carnaval\/","url":"https:\/\/www.iquilibrio.com\/blog\/espiritualidade\/umbanda-candomble\/exu-carnaval\/","name":"Exu no carnaval: a rela\u00e7\u00e3o dos orix\u00e1s e a festa","isPartOf":{"@id":"https:\/\/www.iquilibrio.com\/blog\/#website"},"primaryImageOfPage":{"@id":"https:\/\/www.iquilibrio.com\/blog\/espiritualidade\/umbanda-candomble\/exu-carnaval\/#primaryimage"},"image":{"@id":"https:\/\/www.iquilibrio.com\/blog\/espiritualidade\/umbanda-candomble\/exu-carnaval\/#primaryimage"},"thumbnailUrl":"https:\/\/www.iquilibrio.com\/blog\/wp-content\/uploads\/2023\/01\/Exu-no-carnaval-2.jpg","datePublished":"2023-02-05T16:39:53+00:00","description":"Que o Carnaval \u00e9 uma festa gigante todos n\u00f3s sabemos. Mas hoje veremos Exu no carnaval e a rela\u00e7\u00e3o do orix\u00e1 com a festa","breadcrumb":{"@id":"https:\/\/www.iquilibrio.com\/blog\/espiritualidade\/umbanda-candomble\/exu-carnaval\/#breadcrumb"},"inLanguage":"pt-BR","potentialAction":[{"@type":"ReadAction","target":["https:\/\/www.iquilibrio.com\/blog\/espiritualidade\/umbanda-candomble\/exu-carnaval\/"]}]},{"@type":"ImageObject","inLanguage":"pt-BR","@id":"https:\/\/www.iquilibrio.com\/blog\/espiritualidade\/umbanda-candomble\/exu-carnaval\/#primaryimage","url":"https:\/\/www.iquilibrio.com\/blog\/wp-content\/uploads\/2023\/01\/Exu-no-carnaval-2.jpg","contentUrl":"https:\/\/www.iquilibrio.com\/blog\/wp-content\/uploads\/2023\/01\/Exu-no-carnaval-2.jpg","width":900,"height":560,"caption":"Exu no carnaval"},{"@type":"BreadcrumbList","@id":"https:\/\/www.iquilibrio.com\/blog\/espiritualidade\/umbanda-candomble\/exu-carnaval\/#breadcrumb","itemListElement":[{"@type":"ListItem","position":1,"name":"In\u00edcio","item":"https:\/\/www.iquilibrio.com\/blog\/"},{"@type":"ListItem","position":2,"name":"Exu no Carnaval: Conhe\u00e7a a liga\u00e7\u00e3o dos orix\u00e1s com a festa"}]},{"@type":"WebSite","@id":"https:\/\/www.iquilibrio.com\/blog\/#website","url":"https:\/\/www.iquilibrio.com\/blog\/","name":"iQuilibrio","description":"Blog iQuilibrio","publisher":{"@id":"https:\/\/www.iquilibrio.com\/blog\/#organization"},"potentialAction":[{"@type":"SearchAction","target":{"@type":"EntryPoint","urlTemplate":"https:\/\/www.iquilibrio.com\/blog\/?s={search_term_string}"},"query-input":{"@type":"PropertyValueSpecification","valueRequired":true,"valueName":"search_term_string"}}],"inLanguage":"pt-BR"},{"@type":"Organization","@id":"https:\/\/www.iquilibrio.com\/blog\/#organization","name":"Esoterismo, Misticismo e Tarot Online - iQuilibrio","url":"https:\/\/www.iquilibrio.com\/blog\/","logo":{"@type":"ImageObject","inLanguage":"pt-BR","@id":"https:\/\/www.iquilibrio.com\/blog\/#\/schema\/logo\/image\/","url":"https:\/\/www.iquilibrio.com\/blog\/wp-content\/uploads\/2018\/12\/iquilibrio_lovo_vetor_preto-retina.png","contentUrl":"https:\/\/www.iquilibrio.com\/blog\/wp-content\/uploads\/2018\/12\/iquilibrio_lovo_vetor_preto-retina.png","width":972,"height":180,"caption":"Esoterismo, Misticismo e Tarot Online - iQuilibrio"},"image":{"@id":"https:\/\/www.iquilibrio.com\/blog\/#\/schema\/logo\/image\/"},"sameAs":["https:\/\/www.facebook.com\/iQuilibrio\/","https:\/\/x.com\/iquilibrio","https:\/\/www.instagram.com\/iquilibrio\/","https:\/\/www.linkedin.com\/company\/iquilibrio\/","https:\/\/br.pinterest.com\/iquilibrio1397\/","https:\/\/www.youtube.com\/channel\/UC175qxd-4Zsi4wzawT5zF2g"]},{"@type":"Person","@id":"https:\/\/www.iquilibrio.com\/blog\/#\/schema\/person\/21ae990723c2e5a1170c9a06dacb4d3d","name":"Arthur Peroni","image":{"@type":"ImageObject","inLanguage":"pt-BR","@id":"https:\/\/www.iquilibrio.com\/blog\/wp-content\/uploads\/2023\/04\/Arthur-Peroni-150x150.jpg","url":"https:\/\/www.iquilibrio.com\/blog\/wp-content\/uploads\/2023\/04\/Arthur-Peroni-150x150.jpg","contentUrl":"https:\/\/www.iquilibrio.com\/blog\/wp-content\/uploads\/2023\/04\/Arthur-Peroni-150x150.jpg","caption":"Arthur Peroni"},"description":"Arthur Peroni escreve sobre a vida, o universo e tudo mais. Amante da literatura m\u00edstica, e fic\u00e7\u00e3o, descobriu sua carreira de redator gra\u00e7as ao h\u00e1bito de leitura constante sobre fantasia e drama. Nas horas vagas, gosta de cozinhar, ler e ver filmes antigos. J\u00e1 trabalhou com, comunica\u00e7\u00e3o social, massoterapia, terapias hol\u00edsticas e design de interiores. Atualmente trabalha como redator SEO e se entusiasma com tudo o que \u00e9 esot\u00e9rico. Gosta de discutir sobre assuntos complexos e instigantes, e v\u00ea na escrita uma oportunidade de aprender e criar todos os dias, mentalmente e espiritualmente.","url":"https:\/\/www.iquilibrio.com\/blog\/author\/raul-vinicius\/"}]}},"_links":{"self":[{"href":"https:\/\/www.iquilibrio.com\/blog\/wp-json\/wp\/v2\/posts\/38346","targetHints":{"allow":["GET"]}}],"collection":[{"href":"https:\/\/www.iquilibrio.com\/blog\/wp-json\/wp\/v2\/posts"}],"about":[{"href":"https:\/\/www.iquilibrio.com\/blog\/wp-json\/wp\/v2\/types\/post"}],"author":[{"embeddable":true,"href":"https:\/\/www.iquilibrio.com\/blog\/wp-json\/wp\/v2\/users\/158"}],"replies":[{"embeddable":true,"href":"https:\/\/www.iquilibrio.com\/blog\/wp-json\/wp\/v2\/comments?post=38346"}],"version-history":[{"count":5,"href":"https:\/\/www.iquilibrio.com\/blog\/wp-json\/wp\/v2\/posts\/38346\/revisions"}],"predecessor-version":[{"id":38419,"href":"https:\/\/www.iquilibrio.com\/blog\/wp-json\/wp\/v2\/posts\/38346\/revisions\/38419"}],"wp:featuredmedia":[{"embeddable":true,"href":"https:\/\/www.iquilibrio.com\/blog\/wp-json\/wp\/v2\/media\/38347"}],"wp:attachment":[{"href":"https:\/\/www.iquilibrio.com\/blog\/wp-json\/wp\/v2\/media?parent=38346"}],"wp:term":[{"taxonomy":"category","embeddable":true,"href":"https:\/\/www.iquilibrio.com\/blog\/wp-json\/wp\/v2\/categories?post=38346"},{"taxonomy":"post_tag","embeddable":true,"href":"https:\/\/www.iquilibrio.com\/blog\/wp-json\/wp\/v2\/tags?post=38346"}],"curies":[{"name":"wp","href":"https:\/\/api.w.org\/{rel}","templated":true}]}}