{"id":3816,"date":"2017-02-21T15:09:41","date_gmt":"2017-02-21T15:09:41","guid":{"rendered":"https:\/\/www.iquilibrio.com\/blog\/?p=3816"},"modified":"2019-03-19T15:32:25","modified_gmt":"2019-03-19T17:32:25","slug":"sete-chakras","status":"publish","type":"post","link":"https:\/\/www.iquilibrio.com\/blog\/espiritualidade\/chakras\/sete-chakras\/","title":{"rendered":"Conhe\u00e7a o Poder dos Sete Chakras"},"content":{"rendered":"<p>\u00c9 preciso entender sobre a energia que possu\u00edmos em nosso corpo para entendermos os<strong> Chakras<\/strong>. N\u00e3o existe nada no Universo que n\u00e3o possua energia, tudo \u00e9 formato por ela. O que vemos, s\u00e3o energias materializadas e para sobrevivermos necessitamos da nossa energia pr\u00f3pria mais a energia que captamos no meio, somando tudo temos nossa energia vital.<\/p>\n<p style=\"text-align: center;\"><a href=\"https:\/\/www.iquilibrio.com\/reiki\/\"><span class=\"td_btn td_btn_lg td_round_btn class-cta1\" style=\"color: #ffffff;\">Falta For\u00e7a para Lutar pelos Seus Sonhos? Tenha a Ajuda que Precisa Alinhando seus Chakras AQUI, com o Reiki Online!<\/span><\/a><\/p>\n<p>N\u00f3s somos \u00fanicos por conta da energia que cultivamos, com ela formamos nossa aura, que funciona como um escudo em torno de nosso corpo. Precisamos constantemente trocar nossas energias com o ambiente no qual estamos, isso inclui realmente tudo a sua volta. E essa passagem de troca, deixa aberturas em nossa aura. Os <strong>chakras<\/strong> s\u00e3o exatamente esses canais ou v\u00f3rtices abertos em nossa aura para a troca de energia.<\/p>\n<h2>Entenda os Chakras<\/h2>\n<p>De origem do s\u00e2nscrito, os <strong>chakras tem\u00a0significado<\/strong> de roda. Temos bilh\u00f5es\u00a0de chacras espalhados por nossa aura, cada c\u00e9lula de nosso corpo possui um, que faz a troca de energia vital e nos mant\u00e9m em desenvolvimento e vivos. \u00a0Quando essa troca de energia cessa, significa que as c\u00e9lulas n\u00e3o ser\u00e3o mais alimentadas e nosso tempo de vida chegou ao fim.<\/p>\n<p>Dentre todos estes v\u00f3rtices, sete deles que est\u00e3o alinhados com as gl\u00e2ndulas end\u00f3crinas e s\u00e3o considerados os principais, s\u00e3o eles: b\u00e1sico, sexual, plexo solar, card\u00edaco, lar\u00edngeo, frontal e coron\u00e1rio.<\/p>\n<h2>Os 7 Chakras<\/h2>\n<p>Na espiritualidade a vibra\u00e7\u00e3o dos chakras \u00e9 a medida de como est\u00e1 cada ponto de seu corpo. Se estiver demasiadamente mais alto, \u00e9 sinal de que h\u00e1 vibra\u00e7\u00f5es hiperativas, se vibrarem em menor quantidade hipoativo.<\/p>\n<p>Quando eles est\u00e3o em equil\u00edbrio \u00e9 not\u00e1vel nossa disposi\u00e7\u00e3o, felicidade e estaremos livres de dores f\u00edsicas, isso \u00e9 chamado alinhamento dos chacras. \u00c9 praticamente imposs\u00edvel algu\u00e9m que n\u00e3o possui autoconhecimento espiritual e que n\u00e3o sabe meditar manter todos os chakras alinhados. Pois se voc\u00ea desconhece qual o foco do problema energ\u00e9tico, n\u00e3o saber\u00e1 como corrigi-lo.<\/p>\n<p><strong>Chakra 1 &#8211; O Chakra B\u00e1sico: <\/strong>se encontra no c\u00f3ccix, na base da coluna. Respons\u00e1vel por toda a estrutura corporal, como ossos e m\u00fasculos;<\/p>\n<p><strong>Chakra 2 &#8211; O Chakra Espl\u00eanico \/ Sexual:\u00a0<\/strong>est\u00e1 no baixo ventre, \u00e9 o respons\u00e1vel pela reprodu\u00e7\u00e3o e controla os l\u00edquidos no corpo;<\/p>\n<p><strong>Chakra 3 &#8211; O Chakra Umbilical \/ Plexo Solar:\u00a0<\/strong>se localiza a dois dedos acima do umbigo, ele representa nossa parte mental, onde concentramos os sentimentos;<\/p>\n<p><strong>Chakra 4 &#8211; O Chakra Card\u00edaco:\u00a0<\/strong>fica na altura do cora\u00e7\u00e3o, mas na regi\u00e3o central do peito. Ele \u00e9 respons\u00e1vel pela energiza\u00e7\u00e3o do sistema cardiorrespirat\u00f3rio;<\/p>\n<p><strong>Chakra 5 &#8211; O Chakra Lar\u00edngeo:<\/strong>\u00a0localizado na garganta, respons\u00e1vel pela comunica\u00e7\u00e3o e express\u00e3o;<\/p>\n<p><strong>Chakra 6 &#8211; O Chakra Frontal:\u00a0<\/strong>\u00e9 o ponto do terceiro olho, ele comanda todos os outros chakras e \u00e9 respons\u00e1vel pelas ideias e racioc\u00ednio;<\/p>\n<p><strong>Chakra 7 &#8211; O Chakra Coron\u00e1rio:\u00a0<\/strong>fica no topo da cabe\u00e7a, ele estabelece a liga\u00e7\u00e3o com o espiritual.<\/p>\n<p>A desestabiliza\u00e7\u00e3o de cada chakra traz enormes problemas ao corpo e a sa\u00fade no geral, compreender cada ponto e procurar uma forma de balance\u00e1-los s\u00f3 trar\u00e1 benef\u00edcios e qualidade de vida. Tudo o que sentimos de efeito na mente e no corpo s\u00e3o avisos de falhas de trocas energ\u00e9ticas que podem ser facilmente corrigidas quando aprendemos a identific\u00e1-las e repar\u00e1-las. O seu corpo fala, voc\u00ea s\u00f3 precisa aprender a compreend\u00ea-lo.<\/p>\n<p style=\"text-align: center;\"><span style=\"color: #ffffff;\"><a style=\"color: #ffffff;\" href=\"https:\/\/www.iquilibrio.com\/radiestesia\/mesa-radionica-quantica\/\"><span class=\"td_btn td_btn_lg td_round_btn class-cta2\">Sentindo como se Carregasse o Mundo nas Costas? Sua Energia Pode estar Pesada Demais, Encontre Equil\u00edbrio com a Mesa Radi\u00f4nica AGORA!<\/span><\/a><\/span><\/p>\n\n\n<div class=\"kk-star-ratings kksr-auto kksr-align-left kksr-valign-bottom\"\n    data-payload='{&quot;align&quot;:&quot;left&quot;,&quot;id&quot;:&quot;3816&quot;,&quot;slug&quot;:&quot;default&quot;,&quot;valign&quot;:&quot;bottom&quot;,&quot;ignore&quot;:&quot;&quot;,&quot;reference&quot;:&quot;auto&quot;,&quot;class&quot;:&quot;&quot;,&quot;count&quot;:&quot;2&quot;,&quot;legendonly&quot;:&quot;&quot;,&quot;readonly&quot;:&quot;&quot;,&quot;score&quot;:&quot;5&quot;,&quot;starsonly&quot;:&quot;&quot;,&quot;best&quot;:&quot;5&quot;,&quot;gap&quot;:&quot;5&quot;,&quot;greet&quot;:&quot;Rate this post&quot;,&quot;legend&quot;:&quot;5\\\/5 - (2 votos)&quot;,&quot;size&quot;:&quot;24&quot;,&quot;title&quot;:&quot;Conhe\u00e7a o Poder dos Sete Chakras&quot;,&quot;width&quot;:&quot;142.5&quot;,&quot;_legend&quot;:&quot;{score}\\\/{best} - ({count} {votes})&quot;,&quot;font_factor&quot;:&quot;1.25&quot;}'>\n            \n<div class=\"kksr-stars\">\n    \n<div class=\"kksr-stars-inactive\">\n            <div class=\"kksr-star\" data-star=\"1\" style=\"padding-right: 5px\">\n            \n\n<div class=\"kksr-icon\" style=\"width: 24px; height: 24px;\"><\/div>\n        <\/div>\n            <div class=\"kksr-star\" data-star=\"2\" style=\"padding-right: 5px\">\n            \n\n<div class=\"kksr-icon\" style=\"width: 24px; height: 24px;\"><\/div>\n        <\/div>\n            <div class=\"kksr-star\" data-star=\"3\" style=\"padding-right: 5px\">\n            \n\n<div class=\"kksr-icon\" style=\"width: 24px; height: 24px;\"><\/div>\n        <\/div>\n            <div class=\"kksr-star\" data-star=\"4\" style=\"padding-right: 5px\">\n            \n\n<div class=\"kksr-icon\" style=\"width: 24px; height: 24px;\"><\/div>\n        <\/div>\n            <div class=\"kksr-star\" data-star=\"5\" style=\"padding-right: 5px\">\n            \n\n<div class=\"kksr-icon\" style=\"width: 24px; height: 24px;\"><\/div>\n        <\/div>\n    <\/div>\n    \n<div class=\"kksr-stars-active\" style=\"width: 142.5px;\">\n            <div class=\"kksr-star\" style=\"padding-right: 5px\">\n            \n\n<div class=\"kksr-icon\" style=\"width: 24px; height: 24px;\"><\/div>\n        <\/div>\n            <div class=\"kksr-star\" style=\"padding-right: 5px\">\n            \n\n<div class=\"kksr-icon\" style=\"width: 24px; height: 24px;\"><\/div>\n        <\/div>\n            <div class=\"kksr-star\" style=\"padding-right: 5px\">\n            \n\n<div class=\"kksr-icon\" style=\"width: 24px; height: 24px;\"><\/div>\n        <\/div>\n            <div class=\"kksr-star\" style=\"padding-right: 5px\">\n            \n\n<div class=\"kksr-icon\" style=\"width: 24px; height: 24px;\"><\/div>\n        <\/div>\n            <div class=\"kksr-star\" style=\"padding-right: 5px\">\n            \n\n<div class=\"kksr-icon\" style=\"width: 24px; height: 24px;\"><\/div>\n        <\/div>\n    <\/div>\n<\/div>\n                \n\n<div class=\"kksr-legend\" style=\"font-size: 19.2px;\">\n            5\/5 - (2 votos)    <\/div>\n    <\/div>\n","protected":false},"excerpt":{"rendered":"<p>\u00c9 preciso entender sobre a energia que possu\u00edmos em nosso corpo para entendermos os Chakras. N\u00e3o existe nada no Universo que n\u00e3o possua energia, tudo \u00e9 formato por ela. O que vemos, s\u00e3o energias materializadas e para sobrevivermos necessitamos da nossa energia pr\u00f3pria mais a energia que captamos no meio, somando tudo temos nossa energia [&hellip;]<\/p>\n","protected":false},"author":20,"featured_media":9453,"comment_status":"open","ping_status":"open","sticky":false,"template":"","format":"standard","meta":{"footnotes":""},"categories":[896],"tags":[897],"class_list":["post-3816","post","type-post","status-publish","format-standard","has-post-thumbnail","hentry","category-chakras","tag-chakras"],"yoast_head":"<!-- This site is optimized with the Yoast SEO plugin v27.4 - https:\/\/yoast.com\/product\/yoast-seo-wordpress\/ -->\n<title>Saiba Mais Sobre o Poder dos Sete Chakras | iQuilibrio<\/title>\n<meta name=\"description\" content=\"Conhe\u00e7a o poder dos Sete Chakras, bem como eles influenciam no equil\u00edbrio f\u00edsico, mental e espiritual. Clique aqui e confira!\" \/>\n<meta name=\"robots\" content=\"index, follow, max-snippet:-1, max-image-preview:large, max-video-preview:-1\" \/>\n<link rel=\"canonical\" href=\"https:\/\/www.iquilibrio.com\/blog\/espiritualidade\/chakras\/sete-chakras\/\" \/>\n<meta property=\"og:locale\" content=\"pt_BR\" \/>\n<meta property=\"og:type\" content=\"article\" \/>\n<meta property=\"og:title\" content=\"Saiba Mais Sobre o Poder dos Sete Chakras | iQuilibrio\" \/>\n<meta property=\"og:description\" content=\"Conhe\u00e7a o poder dos Sete Chakras, bem como eles influenciam no equil\u00edbrio f\u00edsico, mental e espiritual. Clique aqui e confira!\" \/>\n<meta property=\"og:url\" content=\"https:\/\/www.iquilibrio.com\/blog\/espiritualidade\/chakras\/sete-chakras\/\" \/>\n<meta property=\"og:site_name\" content=\"iQuilibrio\" \/>\n<meta property=\"article:publisher\" content=\"https:\/\/www.facebook.com\/iQuilibrio\/\" \/>\n<meta property=\"article:published_time\" content=\"2017-02-21T15:09:41+00:00\" \/>\n<meta property=\"article:modified_time\" content=\"2019-03-19T17:32:25+00:00\" \/>\n<meta property=\"og:image\" content=\"https:\/\/www.iquilibrio.com\/blog\/wp-content\/uploads\/2017\/02\/7-chakras.jpg\" \/>\n\t<meta property=\"og:image:width\" content=\"900\" \/>\n\t<meta property=\"og:image:height\" content=\"560\" \/>\n\t<meta property=\"og:image:type\" content=\"image\/jpeg\" \/>\n<meta name=\"author\" content=\"Reda\u00e7\u00e3o iQuilibrio\" \/>\n<meta name=\"twitter:card\" content=\"summary_large_image\" \/>\n<meta name=\"twitter:creator\" content=\"@iquilibrio\" \/>\n<meta name=\"twitter:site\" content=\"@iquilibrio\" \/>\n<meta name=\"twitter:label1\" content=\"Escrito por\" \/>\n\t<meta name=\"twitter:data1\" content=\"Reda\u00e7\u00e3o iQuilibrio\" \/>\n\t<meta name=\"twitter:label2\" content=\"Est. tempo de leitura\" \/>\n\t<meta name=\"twitter:data2\" content=\"3 minutos\" \/>\n<script type=\"application\/ld+json\" class=\"yoast-schema-graph\">{\"@context\":\"https:\\\/\\\/schema.org\",\"@graph\":[{\"@type\":\"Article\",\"@id\":\"https:\\\/\\\/www.iquilibrio.com\\\/blog\\\/espiritualidade\\\/chakras\\\/sete-chakras\\\/#article\",\"isPartOf\":{\"@id\":\"https:\\\/\\\/www.iquilibrio.com\\\/blog\\\/espiritualidade\\\/chakras\\\/sete-chakras\\\/\"},\"author\":{\"name\":\"Reda\u00e7\u00e3o iQuilibrio\",\"@id\":\"https:\\\/\\\/www.iquilibrio.com\\\/blog\\\/#\\\/schema\\\/person\\\/199505a1f0db0d00f022188666c75dca\"},\"headline\":\"Conhe\u00e7a o Poder dos Sete Chakras\",\"datePublished\":\"2017-02-21T15:09:41+00:00\",\"dateModified\":\"2019-03-19T17:32:25+00:00\",\"mainEntityOfPage\":{\"@id\":\"https:\\\/\\\/www.iquilibrio.com\\\/blog\\\/espiritualidade\\\/chakras\\\/sete-chakras\\\/\"},\"wordCount\":636,\"commentCount\":0,\"publisher\":{\"@id\":\"https:\\\/\\\/www.iquilibrio.com\\\/blog\\\/#organization\"},\"image\":{\"@id\":\"https:\\\/\\\/www.iquilibrio.com\\\/blog\\\/espiritualidade\\\/chakras\\\/sete-chakras\\\/#primaryimage\"},\"thumbnailUrl\":\"https:\\\/\\\/www.iquilibrio.com\\\/blog\\\/wp-content\\\/uploads\\\/2017\\\/02\\\/7-chakras.jpg\",\"keywords\":[\"chakras\"],\"articleSection\":[\"Chakras\"],\"inLanguage\":\"pt-BR\"},{\"@type\":\"WebPage\",\"@id\":\"https:\\\/\\\/www.iquilibrio.com\\\/blog\\\/espiritualidade\\\/chakras\\\/sete-chakras\\\/\",\"url\":\"https:\\\/\\\/www.iquilibrio.com\\\/blog\\\/espiritualidade\\\/chakras\\\/sete-chakras\\\/\",\"name\":\"Saiba Mais Sobre o Poder dos Sete Chakras | iQuilibrio\",\"isPartOf\":{\"@id\":\"https:\\\/\\\/www.iquilibrio.com\\\/blog\\\/#website\"},\"primaryImageOfPage\":{\"@id\":\"https:\\\/\\\/www.iquilibrio.com\\\/blog\\\/espiritualidade\\\/chakras\\\/sete-chakras\\\/#primaryimage\"},\"image\":{\"@id\":\"https:\\\/\\\/www.iquilibrio.com\\\/blog\\\/espiritualidade\\\/chakras\\\/sete-chakras\\\/#primaryimage\"},\"thumbnailUrl\":\"https:\\\/\\\/www.iquilibrio.com\\\/blog\\\/wp-content\\\/uploads\\\/2017\\\/02\\\/7-chakras.jpg\",\"datePublished\":\"2017-02-21T15:09:41+00:00\",\"dateModified\":\"2019-03-19T17:32:25+00:00\",\"description\":\"Conhe\u00e7a o poder dos Sete Chakras, bem como eles influenciam no equil\u00edbrio f\u00edsico, mental e espiritual. Clique aqui e confira!\",\"breadcrumb\":{\"@id\":\"https:\\\/\\\/www.iquilibrio.com\\\/blog\\\/espiritualidade\\\/chakras\\\/sete-chakras\\\/#breadcrumb\"},\"inLanguage\":\"pt-BR\",\"potentialAction\":[{\"@type\":\"ReadAction\",\"target\":[\"https:\\\/\\\/www.iquilibrio.com\\\/blog\\\/espiritualidade\\\/chakras\\\/sete-chakras\\\/\"]}]},{\"@type\":\"ImageObject\",\"inLanguage\":\"pt-BR\",\"@id\":\"https:\\\/\\\/www.iquilibrio.com\\\/blog\\\/espiritualidade\\\/chakras\\\/sete-chakras\\\/#primaryimage\",\"url\":\"https:\\\/\\\/www.iquilibrio.com\\\/blog\\\/wp-content\\\/uploads\\\/2017\\\/02\\\/7-chakras.jpg\",\"contentUrl\":\"https:\\\/\\\/www.iquilibrio.com\\\/blog\\\/wp-content\\\/uploads\\\/2017\\\/02\\\/7-chakras.jpg\",\"width\":900,\"height\":560},{\"@type\":\"BreadcrumbList\",\"@id\":\"https:\\\/\\\/www.iquilibrio.com\\\/blog\\\/espiritualidade\\\/chakras\\\/sete-chakras\\\/#breadcrumb\",\"itemListElement\":[{\"@type\":\"ListItem\",\"position\":1,\"name\":\"In\u00edcio\",\"item\":\"https:\\\/\\\/www.iquilibrio.com\\\/blog\\\/\"},{\"@type\":\"ListItem\",\"position\":2,\"name\":\"Conhe\u00e7a o Poder dos Sete Chakras\"}]},{\"@type\":\"WebSite\",\"@id\":\"https:\\\/\\\/www.iquilibrio.com\\\/blog\\\/#website\",\"url\":\"https:\\\/\\\/www.iquilibrio.com\\\/blog\\\/\",\"name\":\"iQuilibrio\",\"description\":\"Blog iQuilibrio\",\"publisher\":{\"@id\":\"https:\\\/\\\/www.iquilibrio.com\\\/blog\\\/#organization\"},\"potentialAction\":[{\"@type\":\"SearchAction\",\"target\":{\"@type\":\"EntryPoint\",\"urlTemplate\":\"https:\\\/\\\/www.iquilibrio.com\\\/blog\\\/?s={search_term_string}\"},\"query-input\":{\"@type\":\"PropertyValueSpecification\",\"valueRequired\":true,\"valueName\":\"search_term_string\"}}],\"inLanguage\":\"pt-BR\"},{\"@type\":\"Organization\",\"@id\":\"https:\\\/\\\/www.iquilibrio.com\\\/blog\\\/#organization\",\"name\":\"Esoterismo, Misticismo e Tarot Online - iQuilibrio\",\"url\":\"https:\\\/\\\/www.iquilibrio.com\\\/blog\\\/\",\"logo\":{\"@type\":\"ImageObject\",\"inLanguage\":\"pt-BR\",\"@id\":\"https:\\\/\\\/www.iquilibrio.com\\\/blog\\\/#\\\/schema\\\/logo\\\/image\\\/\",\"url\":\"https:\\\/\\\/www.iquilibrio.com\\\/blog\\\/wp-content\\\/uploads\\\/2018\\\/12\\\/iquilibrio_lovo_vetor_preto-retina.png\",\"contentUrl\":\"https:\\\/\\\/www.iquilibrio.com\\\/blog\\\/wp-content\\\/uploads\\\/2018\\\/12\\\/iquilibrio_lovo_vetor_preto-retina.png\",\"width\":972,\"height\":180,\"caption\":\"Esoterismo, Misticismo e Tarot Online - iQuilibrio\"},\"image\":{\"@id\":\"https:\\\/\\\/www.iquilibrio.com\\\/blog\\\/#\\\/schema\\\/logo\\\/image\\\/\"},\"sameAs\":[\"https:\\\/\\\/www.facebook.com\\\/iQuilibrio\\\/\",\"https:\\\/\\\/x.com\\\/iquilibrio\",\"https:\\\/\\\/www.instagram.com\\\/iquilibrio\\\/\",\"https:\\\/\\\/www.linkedin.com\\\/company\\\/iquilibrio\\\/\",\"https:\\\/\\\/br.pinterest.com\\\/iquilibrio1397\\\/\",\"https:\\\/\\\/www.youtube.com\\\/channel\\\/UC175qxd-4Zsi4wzawT5zF2g\"]},{\"@type\":\"Person\",\"@id\":\"https:\\\/\\\/www.iquilibrio.com\\\/blog\\\/#\\\/schema\\\/person\\\/199505a1f0db0d00f022188666c75dca\",\"name\":\"Reda\u00e7\u00e3o iQuilibrio\",\"image\":{\"@type\":\"ImageObject\",\"inLanguage\":\"pt-BR\",\"@id\":\"https:\\\/\\\/www.iquilibrio.com\\\/blog\\\/wp-content\\\/uploads\\\/2021\\\/12\\\/Consulta-por-email-3-150x150.png\",\"url\":\"https:\\\/\\\/www.iquilibrio.com\\\/blog\\\/wp-content\\\/uploads\\\/2021\\\/12\\\/Consulta-por-email-3-150x150.png\",\"contentUrl\":\"https:\\\/\\\/www.iquilibrio.com\\\/blog\\\/wp-content\\\/uploads\\\/2021\\\/12\\\/Consulta-por-email-3-150x150.png\",\"caption\":\"Reda\u00e7\u00e3o iQuilibrio\"},\"description\":\"A equipe de reda\u00e7\u00e3o da iQuilibrio \u00e9 composta pelos mais diversos especialistas e esot\u00e9ricos. Al\u00e9m de dominar a arte de traduzir as energias que o universo emana, nossos redatores sentem imenso prazer em trabalhar com palavras. Boa leitura e um \u00f3timo aprendizado!\",\"url\":\"https:\\\/\\\/www.iquilibrio.com\\\/blog\\\/author\\\/juliana\\\/\"}]}<\/script>\n<!-- \/ Yoast SEO plugin. -->","yoast_head_json":{"title":"Saiba Mais Sobre o Poder dos Sete Chakras | iQuilibrio","description":"Conhe\u00e7a o poder dos Sete Chakras, bem como eles influenciam no equil\u00edbrio f\u00edsico, mental e espiritual. Clique aqui e confira!","robots":{"index":"index","follow":"follow","max-snippet":"max-snippet:-1","max-image-preview":"max-image-preview:large","max-video-preview":"max-video-preview:-1"},"canonical":"https:\/\/www.iquilibrio.com\/blog\/espiritualidade\/chakras\/sete-chakras\/","og_locale":"pt_BR","og_type":"article","og_title":"Saiba Mais Sobre o Poder dos Sete Chakras | iQuilibrio","og_description":"Conhe\u00e7a o poder dos Sete Chakras, bem como eles influenciam no equil\u00edbrio f\u00edsico, mental e espiritual. Clique aqui e confira!","og_url":"https:\/\/www.iquilibrio.com\/blog\/espiritualidade\/chakras\/sete-chakras\/","og_site_name":"iQuilibrio","article_publisher":"https:\/\/www.facebook.com\/iQuilibrio\/","article_published_time":"2017-02-21T15:09:41+00:00","article_modified_time":"2019-03-19T17:32:25+00:00","og_image":[{"width":900,"height":560,"url":"https:\/\/www.iquilibrio.com\/blog\/wp-content\/uploads\/2017\/02\/7-chakras.jpg","type":"image\/jpeg"}],"author":"Reda\u00e7\u00e3o iQuilibrio","twitter_card":"summary_large_image","twitter_creator":"@iquilibrio","twitter_site":"@iquilibrio","twitter_misc":{"Escrito por":"Reda\u00e7\u00e3o iQuilibrio","Est. tempo de leitura":"3 minutos"},"schema":{"@context":"https:\/\/schema.org","@graph":[{"@type":"Article","@id":"https:\/\/www.iquilibrio.com\/blog\/espiritualidade\/chakras\/sete-chakras\/#article","isPartOf":{"@id":"https:\/\/www.iquilibrio.com\/blog\/espiritualidade\/chakras\/sete-chakras\/"},"author":{"name":"Reda\u00e7\u00e3o iQuilibrio","@id":"https:\/\/www.iquilibrio.com\/blog\/#\/schema\/person\/199505a1f0db0d00f022188666c75dca"},"headline":"Conhe\u00e7a o Poder dos Sete Chakras","datePublished":"2017-02-21T15:09:41+00:00","dateModified":"2019-03-19T17:32:25+00:00","mainEntityOfPage":{"@id":"https:\/\/www.iquilibrio.com\/blog\/espiritualidade\/chakras\/sete-chakras\/"},"wordCount":636,"commentCount":0,"publisher":{"@id":"https:\/\/www.iquilibrio.com\/blog\/#organization"},"image":{"@id":"https:\/\/www.iquilibrio.com\/blog\/espiritualidade\/chakras\/sete-chakras\/#primaryimage"},"thumbnailUrl":"https:\/\/www.iquilibrio.com\/blog\/wp-content\/uploads\/2017\/02\/7-chakras.jpg","keywords":["chakras"],"articleSection":["Chakras"],"inLanguage":"pt-BR"},{"@type":"WebPage","@id":"https:\/\/www.iquilibrio.com\/blog\/espiritualidade\/chakras\/sete-chakras\/","url":"https:\/\/www.iquilibrio.com\/blog\/espiritualidade\/chakras\/sete-chakras\/","name":"Saiba Mais Sobre o Poder dos Sete Chakras | iQuilibrio","isPartOf":{"@id":"https:\/\/www.iquilibrio.com\/blog\/#website"},"primaryImageOfPage":{"@id":"https:\/\/www.iquilibrio.com\/blog\/espiritualidade\/chakras\/sete-chakras\/#primaryimage"},"image":{"@id":"https:\/\/www.iquilibrio.com\/blog\/espiritualidade\/chakras\/sete-chakras\/#primaryimage"},"thumbnailUrl":"https:\/\/www.iquilibrio.com\/blog\/wp-content\/uploads\/2017\/02\/7-chakras.jpg","datePublished":"2017-02-21T15:09:41+00:00","dateModified":"2019-03-19T17:32:25+00:00","description":"Conhe\u00e7a o poder dos Sete Chakras, bem como eles influenciam no equil\u00edbrio f\u00edsico, mental e espiritual. Clique aqui e confira!","breadcrumb":{"@id":"https:\/\/www.iquilibrio.com\/blog\/espiritualidade\/chakras\/sete-chakras\/#breadcrumb"},"inLanguage":"pt-BR","potentialAction":[{"@type":"ReadAction","target":["https:\/\/www.iquilibrio.com\/blog\/espiritualidade\/chakras\/sete-chakras\/"]}]},{"@type":"ImageObject","inLanguage":"pt-BR","@id":"https:\/\/www.iquilibrio.com\/blog\/espiritualidade\/chakras\/sete-chakras\/#primaryimage","url":"https:\/\/www.iquilibrio.com\/blog\/wp-content\/uploads\/2017\/02\/7-chakras.jpg","contentUrl":"https:\/\/www.iquilibrio.com\/blog\/wp-content\/uploads\/2017\/02\/7-chakras.jpg","width":900,"height":560},{"@type":"BreadcrumbList","@id":"https:\/\/www.iquilibrio.com\/blog\/espiritualidade\/chakras\/sete-chakras\/#breadcrumb","itemListElement":[{"@type":"ListItem","position":1,"name":"In\u00edcio","item":"https:\/\/www.iquilibrio.com\/blog\/"},{"@type":"ListItem","position":2,"name":"Conhe\u00e7a o Poder dos Sete Chakras"}]},{"@type":"WebSite","@id":"https:\/\/www.iquilibrio.com\/blog\/#website","url":"https:\/\/www.iquilibrio.com\/blog\/","name":"iQuilibrio","description":"Blog iQuilibrio","publisher":{"@id":"https:\/\/www.iquilibrio.com\/blog\/#organization"},"potentialAction":[{"@type":"SearchAction","target":{"@type":"EntryPoint","urlTemplate":"https:\/\/www.iquilibrio.com\/blog\/?s={search_term_string}"},"query-input":{"@type":"PropertyValueSpecification","valueRequired":true,"valueName":"search_term_string"}}],"inLanguage":"pt-BR"},{"@type":"Organization","@id":"https:\/\/www.iquilibrio.com\/blog\/#organization","name":"Esoterismo, Misticismo e Tarot Online - iQuilibrio","url":"https:\/\/www.iquilibrio.com\/blog\/","logo":{"@type":"ImageObject","inLanguage":"pt-BR","@id":"https:\/\/www.iquilibrio.com\/blog\/#\/schema\/logo\/image\/","url":"https:\/\/www.iquilibrio.com\/blog\/wp-content\/uploads\/2018\/12\/iquilibrio_lovo_vetor_preto-retina.png","contentUrl":"https:\/\/www.iquilibrio.com\/blog\/wp-content\/uploads\/2018\/12\/iquilibrio_lovo_vetor_preto-retina.png","width":972,"height":180,"caption":"Esoterismo, Misticismo e Tarot Online - iQuilibrio"},"image":{"@id":"https:\/\/www.iquilibrio.com\/blog\/#\/schema\/logo\/image\/"},"sameAs":["https:\/\/www.facebook.com\/iQuilibrio\/","https:\/\/x.com\/iquilibrio","https:\/\/www.instagram.com\/iquilibrio\/","https:\/\/www.linkedin.com\/company\/iquilibrio\/","https:\/\/br.pinterest.com\/iquilibrio1397\/","https:\/\/www.youtube.com\/channel\/UC175qxd-4Zsi4wzawT5zF2g"]},{"@type":"Person","@id":"https:\/\/www.iquilibrio.com\/blog\/#\/schema\/person\/199505a1f0db0d00f022188666c75dca","name":"Reda\u00e7\u00e3o iQuilibrio","image":{"@type":"ImageObject","inLanguage":"pt-BR","@id":"https:\/\/www.iquilibrio.com\/blog\/wp-content\/uploads\/2021\/12\/Consulta-por-email-3-150x150.png","url":"https:\/\/www.iquilibrio.com\/blog\/wp-content\/uploads\/2021\/12\/Consulta-por-email-3-150x150.png","contentUrl":"https:\/\/www.iquilibrio.com\/blog\/wp-content\/uploads\/2021\/12\/Consulta-por-email-3-150x150.png","caption":"Reda\u00e7\u00e3o iQuilibrio"},"description":"A equipe de reda\u00e7\u00e3o da iQuilibrio \u00e9 composta pelos mais diversos especialistas e esot\u00e9ricos. Al\u00e9m de dominar a arte de traduzir as energias que o universo emana, nossos redatores sentem imenso prazer em trabalhar com palavras. Boa leitura e um \u00f3timo aprendizado!","url":"https:\/\/www.iquilibrio.com\/blog\/author\/juliana\/"}]}},"_links":{"self":[{"href":"https:\/\/www.iquilibrio.com\/blog\/wp-json\/wp\/v2\/posts\/3816","targetHints":{"allow":["GET"]}}],"collection":[{"href":"https:\/\/www.iquilibrio.com\/blog\/wp-json\/wp\/v2\/posts"}],"about":[{"href":"https:\/\/www.iquilibrio.com\/blog\/wp-json\/wp\/v2\/types\/post"}],"author":[{"embeddable":true,"href":"https:\/\/www.iquilibrio.com\/blog\/wp-json\/wp\/v2\/users\/20"}],"replies":[{"embeddable":true,"href":"https:\/\/www.iquilibrio.com\/blog\/wp-json\/wp\/v2\/comments?post=3816"}],"version-history":[{"count":3,"href":"https:\/\/www.iquilibrio.com\/blog\/wp-json\/wp\/v2\/posts\/3816\/revisions"}],"predecessor-version":[{"id":23303,"href":"https:\/\/www.iquilibrio.com\/blog\/wp-json\/wp\/v2\/posts\/3816\/revisions\/23303"}],"wp:featuredmedia":[{"embeddable":true,"href":"https:\/\/www.iquilibrio.com\/blog\/wp-json\/wp\/v2\/media\/9453"}],"wp:attachment":[{"href":"https:\/\/www.iquilibrio.com\/blog\/wp-json\/wp\/v2\/media?parent=3816"}],"wp:term":[{"taxonomy":"category","embeddable":true,"href":"https:\/\/www.iquilibrio.com\/blog\/wp-json\/wp\/v2\/categories?post=3816"},{"taxonomy":"post_tag","embeddable":true,"href":"https:\/\/www.iquilibrio.com\/blog\/wp-json\/wp\/v2\/tags?post=3816"}],"curies":[{"name":"wp","href":"https:\/\/api.w.org\/{rel}","templated":true}]}}