{"id":38066,"date":"2022-12-26T12:31:09","date_gmt":"2022-12-26T15:31:09","guid":{"rendered":"https:\/\/www.iquilibrio.com\/blog\/?p=38066"},"modified":"2022-12-26T12:31:09","modified_gmt":"2022-12-26T15:31:09","slug":"dia-de-natal","status":"publish","type":"post","link":"https:\/\/www.iquilibrio.com\/blog\/bem-estar\/dia-de-natal\/","title":{"rendered":"Dia de natal, hora de abrir os presentes!"},"content":{"rendered":"<p><span style=\"font-weight: 400;\">O <\/span><b>dia de natal<\/b><span style=\"font-weight: 400;\"> \u00e9 a data mais marcante do ano. Sendo ela, por v\u00e1rios motivos, mas especialmente pelo valor simb\u00f3lico de sua cria\u00e7\u00e3o e propaga\u00e7\u00e3o mundial.<\/span><\/p>\n<p><span style=\"font-weight: 400;\">Logo, o dia de natal \u00e9 um momento de descanso e reflex\u00e3o, para que haja em nossas festas e reuni\u00f5es, uma oportunidade de fazer a diferen\u00e7a. Contudo observando o valor simb\u00f3lico do dia<\/span><a href=\"https:\/\/www.iquilibrio.com\/blog\/espiritualidade\/oracoes-salmos\/oracao-natal\/\"><span style=\"font-weight: 400;\"> 25 de dezembro<\/span><\/a><span style=\"font-weight: 400;\">.<\/span><\/p>\n<h2><span style=\"font-weight: 400;\">Dia de natal para todos<\/span><\/h2>\n<h2><span style=\"font-weight: 400;\">Dia de natal, vamos todos nos abra\u00e7ar!<\/span><\/h2>\n<p><span style=\"font-weight: 400;\">Parte do que faz o natal ser uma data t\u00e3o esperada \u00e9 a reuni\u00e3o que ele promove. Pois se trata de um dia especial onde <\/span><b>culturalmente<\/b><span style=\"font-weight: 400;\">, as pessoas tendem a do\u00e7ura e aceita\u00e7\u00e3o com o pr\u00f3ximo.<\/span><\/p>\n<p><span style=\"font-weight: 400;\">Afinal de contas, o primeiro sentido do dia de natal \u00e9 o anivers\u00e1rio de Cristo, que por parte das igrejas, traz o sentido de chegada do bem maior ao mundo. Mas que pode fazer parte do senso comum das pessoas mesmo que elas n\u00e3o sejam membros de alguma <\/span><a href=\"https:\/\/www.iquilibrio.com\/blog\/sonhos\/sonhar-com-igreja\/\"><span style=\"font-weight: 400;\">igreja<\/span><\/a><span style=\"font-weight: 400;\">.<\/span><\/p>\n<p><span style=\"font-weight: 400;\">Ali\u00e1s, a comemora\u00e7\u00e3o do natal n\u00e3o prende exclusivamente ao cristianismo, pois a origem do natal de certo modo, passa um pouco longe desta religi\u00e3o.<\/span><\/p>\n<p style=\"text-align: center;\"><span class=\"td_btn td_btn_md td_round_btn\" style=\"color: #ffffff; background-color: #3366ff;\"><a style=\"color: #ffffff; background-color: #3366ff;\" href=\"https:\/\/www.iquilibrio.com\/tarot\/?utm_campaign=blog_conversao&amp;utm_medium=texto_cta&amp;utm_source=blog&amp;utm_content=20221225_categoria_bem_estar_artigo_dia_natal_botao_abaixo_paragrafo7\" target=\"_blank\" rel=\"noopener\"><span style=\"font-weight: 400;\">Tenha a resposta para suas inclina\u00e7\u00f5es! Aproveite esta data para conferir seus pr\u00f3ximos passos no tarot!<\/span><\/a><\/span><\/p>\n<p><span style=\"font-weight: 400;\">Contudo, essa abordagem Crist\u00e3 remete aos valores propriamente ensinados dentro do cristianismo, onde o amor ao pr\u00f3ximo e o respeito absoluto pelo ser humano, prevalece independente das diverg\u00eancias.<\/span><\/p>\n<h2><span style=\"font-weight: 400;\">S\u00edmbolos do natal<\/span><\/h2>\n<p><span style=\"font-weight: 400;\">Quando falamos em<\/span><a href=\"https:\/\/www.iquilibrio.com\/blog\/espiritualidade\/cristianismo\/significado-simbolos-natal\/\"><span style=\"font-weight: 400;\"> s\u00edmbolos<\/span><\/a><span style=\"font-weight: 400;\"> natalinos geralmente pensamos na <\/span><b>decora\u00e7\u00e3o de natal<\/b><span style=\"font-weight: 400;\"> que ser\u00e1 feita. No entanto, seu significado pode sim dizer quais s\u00edmbolos natalinos iremos usar na arruma\u00e7\u00e3o da casa, e ao mesmo tempo representar os s\u00edmbolos de valor desta data.<\/span><\/p>\n<p><span style=\"font-weight: 400;\">Logo, alguns itens que usamos desde a <\/span><a href=\"https:\/\/www.astrocentro.com.br\/blog\/esoterismo\/dia-montar-arvore-natal\/\" target=\"_blank\" rel=\"noopener\"><span style=\"font-weight: 400;\">\u00e1rvore de natal<\/span><\/a><span style=\"font-weight: 400;\"> at\u00e9 a fachada de nossas casas, podem carregar o simbolismo do natal, como \u00e9 o caso das:<\/span><\/p>\n<ul>\n<li style=\"font-weight: 400;\"><b>bolas vermelhas<\/b><span style=\"font-weight: 400;\"> &#8211; Que significam o amor e perd\u00e3o entre a fam\u00edlia, e os frutos da vida que chegam com o nascimento dos filhos.<\/span><\/li>\n<li style=\"font-weight: 400;\"><b>luzes brancas<\/b><span style=\"font-weight: 400;\"> &#8211; Tamb\u00e9m chamadas de luzes douradas, s\u00e3o o simbolismo puro da divindade, da pureza e santifica\u00e7\u00e3o em nossas casas.<\/span><\/li>\n<li style=\"font-weight: 400;\"><b>a estrela natalina<\/b><span style=\"font-weight: 400;\"> &#8211; Sabe aquela estrela que geralmente fica no topo da \u00e1rvore? Ent\u00e3o, ela \u00e9 a representa\u00e7\u00e3o da estrela de Bel\u00e9m, onde a chegada de Jesus fora marcada e a estrela brilhou fortemente para guiar os tr\u00eas reis magos.<\/span><\/li>\n<li style=\"font-weight: 400;\"><b>entrega de presentes<\/b><span style=\"font-weight: 400;\"> &#8211; Assim como foi o primeiro contato com os reis magos quando viram Cristo em sua manjedoura, dar <\/span><a href=\"https:\/\/www.astrocentro.com.br\/blog\/signos\/presente-de-natal-de-cada-signo\/\" target=\"_blank\" rel=\"noopener\"><span style=\"font-weight: 400;\">presentes<\/span><\/a><span style=\"font-weight: 400;\"> significa um ato de carinho e prest\u00edgio.<\/span><\/li>\n<li style=\"font-weight: 400;\"><b>ceia de natal<\/b><span style=\"font-weight: 400;\"> &#8211; Um dos s\u00edmbolos do natal mais importantes, a contempla\u00e7\u00e3o do alimento e a partilha da refei\u00e7\u00e3o. A ceia de natal remete aos anfitri\u00f5es que recebiam os peregrinos em suas mesas de jantar para compartilhar sua comida e conforto. Contudo, essa pr\u00e1tica \u00e9 de origem pag\u00e3, mas que fora usada tamb\u00e9m pelos crist\u00e3os.<\/span><\/li>\n<\/ul>\n<p><span style=\"font-weight: 400;\">Percebe como as coisas mais comuns do natal possuem um valor a mais al\u00e9m do senso comum? Pois estes s\u00e3o apenas alguns dos v\u00e1rios exemplos de como esta data possui seu valor significativo simb\u00f3lico para toda uma cultura.<\/span><\/p>\n<p style=\"text-align: center;\"><span class=\"td_btn td_btn_md td_round_btn\" style=\"color: #ffffff; background-color: #3366ff;\"><a style=\"color: #ffffff; background-color: #3366ff;\" href=\"https:\/\/www.iquilibrio.com\/autoconhecimento\/?utm_campaign=blog_conversao&amp;utm_medium=texto_cta&amp;utm_source=blog&amp;utm_content=20221225_categoria_bem_estar_artigo_dia_natal_botao_abaixo_paragrafo16\" target=\"_blank\" rel=\"noopener\"><span style=\"font-weight: 400;\">Conhe\u00e7a o seu caminho com o autoconhecimento! Tenha o controle da sua vida para este fim de ano!<\/span><\/a><\/span><\/p>\n<h3><img loading=\"lazy\" decoding=\"async\" class=\"alignnone wp-image-38068 size-full\" src=\"https:\/\/www.iquilibrio.com\/blog\/wp-content\/uploads\/2022\/12\/Dia-de-natal-1.jpg\" alt=\"Dia de Natal\" width=\"900\" height=\"560\" srcset=\"https:\/\/www.iquilibrio.com\/blog\/wp-content\/uploads\/2022\/12\/Dia-de-natal-1.jpg 900w, https:\/\/www.iquilibrio.com\/blog\/wp-content\/uploads\/2022\/12\/Dia-de-natal-1-300x187.jpg 300w, https:\/\/www.iquilibrio.com\/blog\/wp-content\/uploads\/2022\/12\/Dia-de-natal-1-768x478.jpg 768w, https:\/\/www.iquilibrio.com\/blog\/wp-content\/uploads\/2022\/12\/Dia-de-natal-1-696x433.jpg 696w, https:\/\/www.iquilibrio.com\/blog\/wp-content\/uploads\/2022\/12\/Dia-de-natal-1-675x420.jpg 675w\" sizes=\"auto, (max-width: 900px) 100vw, 900px\" \/><\/h3>\n<h3><span style=\"font-weight: 400;\">A \u00e1rvore<\/span><\/h3>\n<p><span style=\"font-weight: 400;\">\u00c9 imposs\u00edvel falar sobre o dia de natal sem citar a t\u00e3o famosa pe\u00e7a de decora\u00e7\u00e3o desta data.<\/span><\/p>\n<p><span style=\"font-weight: 400;\">Afinal de contas, se \u00e9 natal, ent\u00e3o com certeza montaremos \u00e1rvores com luzes e bolas vermelhas em volta, para deixar nossa casa no clima perfeito para receber os convidados.\u00a0<\/span><\/p>\n<p><span style=\"font-weight: 400;\">No entanto, por mais que este seja um costume muito associado \u00e0 <\/span><b>tradi\u00e7\u00e3o crist\u00e3<\/b><span style=\"font-weight: 400;\">, a \u00e1rvore de natal \u00e9 de <\/span><b>origem pag\u00e3<\/b><span style=\"font-weight: 400;\">, o que gera uma certa discuss\u00e3o sobre a apropria\u00e7\u00e3o da cultura, com a diferen\u00e7a feita entre o cristianismo ou todas as religi\u00f5es alheias a esta tradi\u00e7\u00e3o.<\/span><\/p>\n<p><span style=\"font-weight: 400;\">Contudo, \u00e9 certo afirmar que o cristianismo n\u00e3o se apropriou, mas sim<\/span><b> adaptou<\/b><span style=\"font-weight: 400;\"> a usabilidade junto da simbologia por tr\u00e1s da \u00e1rvore. Uma vez que sua simbologia crist\u00e3 prega o milagre da vida, a pag\u00e3 remete ao milagre da:<\/span><\/p>\n<ul>\n<li style=\"font-weight: 400;\"><span style=\"font-weight: 400;\">fertilidade;<\/span><\/li>\n<li style=\"font-weight: 400;\"><span style=\"font-weight: 400;\">frutos ao mundo;<\/span><\/li>\n<li style=\"font-weight: 400;\"><a href=\"https:\/\/www.iquilibrio.com\/blog\/outros\/conectar-natureza\/\"><span style=\"font-weight: 400;\">natureza<\/span><\/a><span style=\"font-weight: 400;\">.<\/span><\/li>\n<\/ul>\n<p><span style=\"font-weight: 400;\">Certamente que mesmo em diferentes subculturas dentro do paganismo, a fertilidade remete a um \u00edcone mitol\u00f3gico primordial, pois se trata da m\u00e3e Gaia, presente na mitologia grega, mas que \u00e9 venerada por outros grupos religiosos.<\/span><\/p>\n<p><span style=\"font-weight: 400;\">Especialmente os remanescentes das antigas tradi\u00e7\u00f5es Europeias.<\/span><\/p>\n<h3><span style=\"font-weight: 400;\">Noite de natal, a espera pelo pai<\/span><\/h3>\n<p><span style=\"font-weight: 400;\">O personagem universal da tradi\u00e7\u00e3o do natal \u00e9 sem d\u00favidas o Papai Noel. Mas voc\u00ea sabe qual a sua origem de fato ?<\/span><\/p>\n<p><span style=\"font-weight: 400;\">Pois saiba que a origem do Papai Noel \u00e9 uma deriva\u00e7\u00e3o de<\/span><b> S\u00e3o Nicolau de Mira<\/b><span style=\"font-weight: 400;\">, ou Nicolau Taumaturgo. Era um bispo crist\u00e3o que era conhecido por sua generosidade e dedica\u00e7\u00e3o a doar sua riqueza aos pobres.<\/span><\/p>\n<p><span style=\"font-weight: 400;\">S\u00e3o Nicolau era filho de uma fam\u00edlia rica, mas ap\u00f3s herdar sua heran\u00e7a, este viu na doa\u00e7\u00e3o\u00a0 ato de amor maior. E fez de seus bens pessoais presentes para as pessoas pobres da regi\u00e3o onde morava. Segundo a hist\u00f3ria, S\u00e3o Nicolau morava na regi\u00e3o da \u00c1sia menor, o que corresponde atualmente \u00e0 Turquia.<\/span><\/p>\n<h3><span style=\"font-weight: 400;\">O cordeiro de Deus<\/span><\/h3>\n<p><span style=\"font-weight: 400;\">A chegada de <\/span><a href=\"https:\/\/www.iquilibrio.com\/blog\/espiritualidade\/cristianismo\/qual-significado-corpus-christi\/\"><span style=\"font-weight: 400;\">Jesus Cristo<\/span><\/a><span style=\"font-weight: 400;\"> ao mundo \u00e9 o ponto central do dia e natal como conhecemos. Pois mesmo que a ceia e os presentes sejam o vislumbre desta noite t\u00e3o especial, Cristo ainda \u00e9 a estrela da festa, da lembran\u00e7a de seu nascimento e da contempla\u00e7\u00e3o de sua gra\u00e7a.<\/span><\/p>\n<p><span style=\"font-weight: 400;\">Assim como a marca do amor maior que veio ao mundo e t\u00e3o brevemente foi expulso dele, n\u00f3s passamos por esta data de maneira r\u00e1pida, mas o que conta \u00e9 o seu significado de alegria e amor ao pr\u00f3ximo.<\/span><\/p>\n<p><span style=\"font-weight: 400;\">Logo o valor simb\u00f3lico crist\u00e3o est\u00e1 na vinda do salvador do mundo, e este dia \u00e9 o seu <\/span><b>anivers\u00e1rio<\/b><span style=\"font-weight: 400;\"> para que seja celebrado e ao mesmo tempo sirva de porta de entrada aos seus ensinamentos.<\/span><\/p>\n<h3><img loading=\"lazy\" decoding=\"async\" class=\"alignnone wp-image-38067 size-full\" src=\"https:\/\/www.iquilibrio.com\/blog\/wp-content\/uploads\/2022\/12\/Dia-de-natal-2.jpg\" alt=\"Dia de Natal\" width=\"900\" height=\"560\" srcset=\"https:\/\/www.iquilibrio.com\/blog\/wp-content\/uploads\/2022\/12\/Dia-de-natal-2.jpg 900w, https:\/\/www.iquilibrio.com\/blog\/wp-content\/uploads\/2022\/12\/Dia-de-natal-2-300x187.jpg 300w, https:\/\/www.iquilibrio.com\/blog\/wp-content\/uploads\/2022\/12\/Dia-de-natal-2-768x478.jpg 768w, https:\/\/www.iquilibrio.com\/blog\/wp-content\/uploads\/2022\/12\/Dia-de-natal-2-696x433.jpg 696w, https:\/\/www.iquilibrio.com\/blog\/wp-content\/uploads\/2022\/12\/Dia-de-natal-2-675x420.jpg 675w\" sizes=\"auto, (max-width: 900px) 100vw, 900px\" \/><\/h3>\n<h3><span style=\"font-weight: 400;\">O valor do dia de natal<\/span><\/h3>\n<p><span style=\"font-weight: 400;\">Independente de sua religi\u00e3o, tenha o dia de natal como uma data para celebrar com seus familiares e amigos, pois n\u00e3o sabemos quanto tempo ainda nos resta de <\/span><a href=\"https:\/\/www.iquilibrio.com\/blog\/terapias-alternativas\/feng-shui\/feng-shui-para-o-natal\/\"><span style=\"font-weight: 400;\">reuni\u00f5es e brindes<\/span><\/a><span style=\"font-weight: 400;\"> em volta da ceia de natal.<\/span><\/p>\n<p><span style=\"font-weight: 400;\">No mais desejamos um feliz natal para voc\u00ea e sua fam\u00edlia, boas festas e que o esp\u00edrito do bem esteja de visita em sua casa no dia de natal, para que este dia seja marcado pela alegria e amor ao pr\u00f3ximo.<\/span><\/p>\n<p style=\"text-align: center;\"><span class=\"td_btn td_btn_md td_round_btn\" style=\"color: #ffffff; background-color: #3366ff;\"><a style=\"color: #ffffff; background-color: #3366ff;\" href=\"https:\/\/www.iquilibrio.com\/feng-shui\/?utm_campaign=blog_conversao&amp;utm_medium=texto_cta&amp;utm_source=blog&amp;utm_content=20221225_categoria_bem_estar_artigo_dia_natal_botao_ultimo_paragrafo\" target=\"_blank\" rel=\"noopener\"><span style=\"font-weight: 400;\">Crie ambientes harm\u00f4nicos com o feng shui para este natal, receba hoje mesmo nossas dicas para atrair o que h\u00e1 de melhor!<\/span><\/a><\/span><\/p>\n<p><span style=\"font-weight: 400;\">Aproveite e confira nosso v\u00eddeo sobre previs\u00f5es para 2023!<\/span><\/p>\n<p>https:\/\/youtu.be\/SYFY3mgHMgY<\/p>\n\n\n<div class=\"kk-star-ratings kksr-auto kksr-align-left kksr-valign-bottom\"\n    data-payload='{&quot;align&quot;:&quot;left&quot;,&quot;id&quot;:&quot;38066&quot;,&quot;slug&quot;:&quot;default&quot;,&quot;valign&quot;:&quot;bottom&quot;,&quot;ignore&quot;:&quot;&quot;,&quot;reference&quot;:&quot;auto&quot;,&quot;class&quot;:&quot;&quot;,&quot;count&quot;:&quot;0&quot;,&quot;legendonly&quot;:&quot;&quot;,&quot;readonly&quot;:&quot;&quot;,&quot;score&quot;:&quot;0&quot;,&quot;starsonly&quot;:&quot;&quot;,&quot;best&quot;:&quot;5&quot;,&quot;gap&quot;:&quot;5&quot;,&quot;greet&quot;:&quot;Rate this post&quot;,&quot;legend&quot;:&quot;0\\\/5 - (0 voto)&quot;,&quot;size&quot;:&quot;24&quot;,&quot;title&quot;:&quot;Dia de natal, hora de abrir os presentes!&quot;,&quot;width&quot;:&quot;0&quot;,&quot;_legend&quot;:&quot;{score}\\\/{best} - ({count} {votes})&quot;,&quot;font_factor&quot;:&quot;1.25&quot;}'>\n            \n<div class=\"kksr-stars\">\n    \n<div class=\"kksr-stars-inactive\">\n            <div class=\"kksr-star\" data-star=\"1\" style=\"padding-right: 5px\">\n            \n\n<div class=\"kksr-icon\" style=\"width: 24px; height: 24px;\"><\/div>\n        <\/div>\n            <div class=\"kksr-star\" data-star=\"2\" style=\"padding-right: 5px\">\n            \n\n<div class=\"kksr-icon\" style=\"width: 24px; height: 24px;\"><\/div>\n        <\/div>\n            <div class=\"kksr-star\" data-star=\"3\" style=\"padding-right: 5px\">\n            \n\n<div class=\"kksr-icon\" style=\"width: 24px; height: 24px;\"><\/div>\n        <\/div>\n            <div class=\"kksr-star\" data-star=\"4\" style=\"padding-right: 5px\">\n            \n\n<div class=\"kksr-icon\" style=\"width: 24px; height: 24px;\"><\/div>\n        <\/div>\n            <div class=\"kksr-star\" data-star=\"5\" style=\"padding-right: 5px\">\n            \n\n<div class=\"kksr-icon\" style=\"width: 24px; height: 24px;\"><\/div>\n        <\/div>\n    <\/div>\n    \n<div class=\"kksr-stars-active\" style=\"width: 0px;\">\n            <div class=\"kksr-star\" style=\"padding-right: 5px\">\n            \n\n<div class=\"kksr-icon\" style=\"width: 24px; height: 24px;\"><\/div>\n        <\/div>\n            <div class=\"kksr-star\" style=\"padding-right: 5px\">\n            \n\n<div class=\"kksr-icon\" style=\"width: 24px; height: 24px;\"><\/div>\n        <\/div>\n            <div class=\"kksr-star\" style=\"padding-right: 5px\">\n            \n\n<div class=\"kksr-icon\" style=\"width: 24px; height: 24px;\"><\/div>\n        <\/div>\n            <div class=\"kksr-star\" style=\"padding-right: 5px\">\n            \n\n<div class=\"kksr-icon\" style=\"width: 24px; height: 24px;\"><\/div>\n        <\/div>\n            <div class=\"kksr-star\" style=\"padding-right: 5px\">\n            \n\n<div class=\"kksr-icon\" style=\"width: 24px; height: 24px;\"><\/div>\n        <\/div>\n    <\/div>\n<\/div>\n                \n\n<div class=\"kksr-legend\" style=\"font-size: 19.2px;\">\n            <span class=\"kksr-muted\">Rate this post<\/span>\n    <\/div>\n    <\/div>\n","protected":false},"excerpt":{"rendered":"<p>O dia de natal \u00e9 a data mais marcante do ano. Sendo ela, por v\u00e1rios motivos, mas especialmente pelo valor simb\u00f3lico de sua cria\u00e7\u00e3o e propaga\u00e7\u00e3o mundial. Logo, o dia de natal \u00e9 um momento de descanso e reflex\u00e3o, para que haja em nossas festas e reuni\u00f5es, uma oportunidade de fazer a diferen\u00e7a. Contudo observando [&hellip;]<\/p>\n","protected":false},"author":158,"featured_media":38069,"comment_status":"closed","ping_status":"closed","sticky":false,"template":"","format":"standard","meta":{"footnotes":""},"categories":[592],"tags":[],"class_list":["post-38066","post","type-post","status-publish","format-standard","has-post-thumbnail","hentry","category-bem-estar"],"yoast_head":"<!-- This site is optimized with the Yoast SEO plugin v27.4 - https:\/\/yoast.com\/product\/yoast-seo-wordpress\/ -->\n<title>Dia de natal, hora de comemorar com seus amigos e familiares!<\/title>\n<meta name=\"description\" content=\"Celebre o dia de natal tenha este momento marcante para voc\u00ea e sua fam\u00edlia junto da origem e significado do natal.\" \/>\n<meta name=\"robots\" content=\"index, follow, max-snippet:-1, max-image-preview:large, max-video-preview:-1\" \/>\n<link rel=\"canonical\" href=\"https:\/\/www.iquilibrio.com\/blog\/bem-estar\/dia-de-natal\/\" \/>\n<meta property=\"og:locale\" content=\"pt_BR\" \/>\n<meta property=\"og:type\" content=\"article\" \/>\n<meta property=\"og:title\" content=\"Dia de natal, hora de comemorar com seus amigos e familiares!\" \/>\n<meta property=\"og:description\" content=\"Celebre o dia de natal tenha este momento marcante para voc\u00ea e sua fam\u00edlia junto da origem e significado do natal.\" \/>\n<meta property=\"og:url\" content=\"https:\/\/www.iquilibrio.com\/blog\/bem-estar\/dia-de-natal\/\" \/>\n<meta property=\"og:site_name\" content=\"iQuilibrio\" \/>\n<meta property=\"article:publisher\" content=\"https:\/\/www.facebook.com\/iQuilibrio\/\" \/>\n<meta property=\"article:published_time\" content=\"2022-12-26T15:31:09+00:00\" \/>\n<meta property=\"og:image\" content=\"https:\/\/www.iquilibrio.com\/blog\/wp-content\/uploads\/2022\/12\/Dia-de-natal.jpg\" \/>\n\t<meta property=\"og:image:width\" content=\"900\" \/>\n\t<meta property=\"og:image:height\" content=\"560\" \/>\n\t<meta property=\"og:image:type\" content=\"image\/jpeg\" \/>\n<meta name=\"author\" content=\"Arthur Peroni\" \/>\n<meta name=\"twitter:card\" content=\"summary_large_image\" \/>\n<meta name=\"twitter:creator\" content=\"@iquilibrio\" \/>\n<meta name=\"twitter:site\" content=\"@iquilibrio\" \/>\n<meta name=\"twitter:label1\" content=\"Escrito por\" \/>\n\t<meta name=\"twitter:data1\" content=\"Arthur Peroni\" \/>\n\t<meta name=\"twitter:label2\" content=\"Est. tempo de leitura\" \/>\n\t<meta name=\"twitter:data2\" content=\"7 minutos\" \/>\n<script type=\"application\/ld+json\" class=\"yoast-schema-graph\">{\"@context\":\"https:\\\/\\\/schema.org\",\"@graph\":[{\"@type\":\"Article\",\"@id\":\"https:\\\/\\\/www.iquilibrio.com\\\/blog\\\/bem-estar\\\/dia-de-natal\\\/#article\",\"isPartOf\":{\"@id\":\"https:\\\/\\\/www.iquilibrio.com\\\/blog\\\/bem-estar\\\/dia-de-natal\\\/\"},\"author\":{\"name\":\"Arthur Peroni\",\"@id\":\"https:\\\/\\\/www.iquilibrio.com\\\/blog\\\/#\\\/schema\\\/person\\\/21ae990723c2e5a1170c9a06dacb4d3d\"},\"headline\":\"Dia de natal, hora de abrir os presentes!\",\"datePublished\":\"2022-12-26T15:31:09+00:00\",\"mainEntityOfPage\":{\"@id\":\"https:\\\/\\\/www.iquilibrio.com\\\/blog\\\/bem-estar\\\/dia-de-natal\\\/\"},\"wordCount\":1165,\"publisher\":{\"@id\":\"https:\\\/\\\/www.iquilibrio.com\\\/blog\\\/#organization\"},\"image\":{\"@id\":\"https:\\\/\\\/www.iquilibrio.com\\\/blog\\\/bem-estar\\\/dia-de-natal\\\/#primaryimage\"},\"thumbnailUrl\":\"https:\\\/\\\/www.iquilibrio.com\\\/blog\\\/wp-content\\\/uploads\\\/2022\\\/12\\\/Dia-de-natal.jpg\",\"articleSection\":[\"Dicas de Bem-Estar\"],\"inLanguage\":\"pt-BR\"},{\"@type\":\"WebPage\",\"@id\":\"https:\\\/\\\/www.iquilibrio.com\\\/blog\\\/bem-estar\\\/dia-de-natal\\\/\",\"url\":\"https:\\\/\\\/www.iquilibrio.com\\\/blog\\\/bem-estar\\\/dia-de-natal\\\/\",\"name\":\"Dia de natal, hora de comemorar com seus amigos e familiares!\",\"isPartOf\":{\"@id\":\"https:\\\/\\\/www.iquilibrio.com\\\/blog\\\/#website\"},\"primaryImageOfPage\":{\"@id\":\"https:\\\/\\\/www.iquilibrio.com\\\/blog\\\/bem-estar\\\/dia-de-natal\\\/#primaryimage\"},\"image\":{\"@id\":\"https:\\\/\\\/www.iquilibrio.com\\\/blog\\\/bem-estar\\\/dia-de-natal\\\/#primaryimage\"},\"thumbnailUrl\":\"https:\\\/\\\/www.iquilibrio.com\\\/blog\\\/wp-content\\\/uploads\\\/2022\\\/12\\\/Dia-de-natal.jpg\",\"datePublished\":\"2022-12-26T15:31:09+00:00\",\"description\":\"Celebre o dia de natal tenha este momento marcante para voc\u00ea e sua fam\u00edlia junto da origem e significado do natal.\",\"breadcrumb\":{\"@id\":\"https:\\\/\\\/www.iquilibrio.com\\\/blog\\\/bem-estar\\\/dia-de-natal\\\/#breadcrumb\"},\"inLanguage\":\"pt-BR\",\"potentialAction\":[{\"@type\":\"ReadAction\",\"target\":[\"https:\\\/\\\/www.iquilibrio.com\\\/blog\\\/bem-estar\\\/dia-de-natal\\\/\"]}]},{\"@type\":\"ImageObject\",\"inLanguage\":\"pt-BR\",\"@id\":\"https:\\\/\\\/www.iquilibrio.com\\\/blog\\\/bem-estar\\\/dia-de-natal\\\/#primaryimage\",\"url\":\"https:\\\/\\\/www.iquilibrio.com\\\/blog\\\/wp-content\\\/uploads\\\/2022\\\/12\\\/Dia-de-natal.jpg\",\"contentUrl\":\"https:\\\/\\\/www.iquilibrio.com\\\/blog\\\/wp-content\\\/uploads\\\/2022\\\/12\\\/Dia-de-natal.jpg\",\"width\":900,\"height\":560},{\"@type\":\"BreadcrumbList\",\"@id\":\"https:\\\/\\\/www.iquilibrio.com\\\/blog\\\/bem-estar\\\/dia-de-natal\\\/#breadcrumb\",\"itemListElement\":[{\"@type\":\"ListItem\",\"position\":1,\"name\":\"In\u00edcio\",\"item\":\"https:\\\/\\\/www.iquilibrio.com\\\/blog\\\/\"},{\"@type\":\"ListItem\",\"position\":2,\"name\":\"Dia de natal, hora de abrir os presentes!\"}]},{\"@type\":\"WebSite\",\"@id\":\"https:\\\/\\\/www.iquilibrio.com\\\/blog\\\/#website\",\"url\":\"https:\\\/\\\/www.iquilibrio.com\\\/blog\\\/\",\"name\":\"iQuilibrio\",\"description\":\"Blog iQuilibrio\",\"publisher\":{\"@id\":\"https:\\\/\\\/www.iquilibrio.com\\\/blog\\\/#organization\"},\"potentialAction\":[{\"@type\":\"SearchAction\",\"target\":{\"@type\":\"EntryPoint\",\"urlTemplate\":\"https:\\\/\\\/www.iquilibrio.com\\\/blog\\\/?s={search_term_string}\"},\"query-input\":{\"@type\":\"PropertyValueSpecification\",\"valueRequired\":true,\"valueName\":\"search_term_string\"}}],\"inLanguage\":\"pt-BR\"},{\"@type\":\"Organization\",\"@id\":\"https:\\\/\\\/www.iquilibrio.com\\\/blog\\\/#organization\",\"name\":\"Esoterismo, Misticismo e Tarot Online - iQuilibrio\",\"url\":\"https:\\\/\\\/www.iquilibrio.com\\\/blog\\\/\",\"logo\":{\"@type\":\"ImageObject\",\"inLanguage\":\"pt-BR\",\"@id\":\"https:\\\/\\\/www.iquilibrio.com\\\/blog\\\/#\\\/schema\\\/logo\\\/image\\\/\",\"url\":\"https:\\\/\\\/www.iquilibrio.com\\\/blog\\\/wp-content\\\/uploads\\\/2018\\\/12\\\/iquilibrio_lovo_vetor_preto-retina.png\",\"contentUrl\":\"https:\\\/\\\/www.iquilibrio.com\\\/blog\\\/wp-content\\\/uploads\\\/2018\\\/12\\\/iquilibrio_lovo_vetor_preto-retina.png\",\"width\":972,\"height\":180,\"caption\":\"Esoterismo, Misticismo e Tarot Online - iQuilibrio\"},\"image\":{\"@id\":\"https:\\\/\\\/www.iquilibrio.com\\\/blog\\\/#\\\/schema\\\/logo\\\/image\\\/\"},\"sameAs\":[\"https:\\\/\\\/www.facebook.com\\\/iQuilibrio\\\/\",\"https:\\\/\\\/x.com\\\/iquilibrio\",\"https:\\\/\\\/www.instagram.com\\\/iquilibrio\\\/\",\"https:\\\/\\\/www.linkedin.com\\\/company\\\/iquilibrio\\\/\",\"https:\\\/\\\/br.pinterest.com\\\/iquilibrio1397\\\/\",\"https:\\\/\\\/www.youtube.com\\\/channel\\\/UC175qxd-4Zsi4wzawT5zF2g\"]},{\"@type\":\"Person\",\"@id\":\"https:\\\/\\\/www.iquilibrio.com\\\/blog\\\/#\\\/schema\\\/person\\\/21ae990723c2e5a1170c9a06dacb4d3d\",\"name\":\"Arthur Peroni\",\"image\":{\"@type\":\"ImageObject\",\"inLanguage\":\"pt-BR\",\"@id\":\"https:\\\/\\\/www.iquilibrio.com\\\/blog\\\/wp-content\\\/uploads\\\/2023\\\/04\\\/Arthur-Peroni-150x150.jpg\",\"url\":\"https:\\\/\\\/www.iquilibrio.com\\\/blog\\\/wp-content\\\/uploads\\\/2023\\\/04\\\/Arthur-Peroni-150x150.jpg\",\"contentUrl\":\"https:\\\/\\\/www.iquilibrio.com\\\/blog\\\/wp-content\\\/uploads\\\/2023\\\/04\\\/Arthur-Peroni-150x150.jpg\",\"caption\":\"Arthur Peroni\"},\"description\":\"Arthur Peroni escreve sobre a vida, o universo e tudo mais. Amante da literatura m\u00edstica, e fic\u00e7\u00e3o, descobriu sua carreira de redator gra\u00e7as ao h\u00e1bito de leitura constante sobre fantasia e drama. Nas horas vagas, gosta de cozinhar, ler e ver filmes antigos. J\u00e1 trabalhou com, comunica\u00e7\u00e3o social, massoterapia, terapias hol\u00edsticas e design de interiores. Atualmente trabalha como redator SEO e se entusiasma com tudo o que \u00e9 esot\u00e9rico. Gosta de discutir sobre assuntos complexos e instigantes, e v\u00ea na escrita uma oportunidade de aprender e criar todos os dias, mentalmente e espiritualmente.\",\"url\":\"https:\\\/\\\/www.iquilibrio.com\\\/blog\\\/author\\\/raul-vinicius\\\/\"}]}<\/script>\n<!-- \/ Yoast SEO plugin. -->","yoast_head_json":{"title":"Dia de natal, hora de comemorar com seus amigos e familiares!","description":"Celebre o dia de natal tenha este momento marcante para voc\u00ea e sua fam\u00edlia junto da origem e significado do natal.","robots":{"index":"index","follow":"follow","max-snippet":"max-snippet:-1","max-image-preview":"max-image-preview:large","max-video-preview":"max-video-preview:-1"},"canonical":"https:\/\/www.iquilibrio.com\/blog\/bem-estar\/dia-de-natal\/","og_locale":"pt_BR","og_type":"article","og_title":"Dia de natal, hora de comemorar com seus amigos e familiares!","og_description":"Celebre o dia de natal tenha este momento marcante para voc\u00ea e sua fam\u00edlia junto da origem e significado do natal.","og_url":"https:\/\/www.iquilibrio.com\/blog\/bem-estar\/dia-de-natal\/","og_site_name":"iQuilibrio","article_publisher":"https:\/\/www.facebook.com\/iQuilibrio\/","article_published_time":"2022-12-26T15:31:09+00:00","og_image":[{"width":900,"height":560,"url":"https:\/\/www.iquilibrio.com\/blog\/wp-content\/uploads\/2022\/12\/Dia-de-natal.jpg","type":"image\/jpeg"}],"author":"Arthur Peroni","twitter_card":"summary_large_image","twitter_creator":"@iquilibrio","twitter_site":"@iquilibrio","twitter_misc":{"Escrito por":"Arthur Peroni","Est. tempo de leitura":"7 minutos"},"schema":{"@context":"https:\/\/schema.org","@graph":[{"@type":"Article","@id":"https:\/\/www.iquilibrio.com\/blog\/bem-estar\/dia-de-natal\/#article","isPartOf":{"@id":"https:\/\/www.iquilibrio.com\/blog\/bem-estar\/dia-de-natal\/"},"author":{"name":"Arthur Peroni","@id":"https:\/\/www.iquilibrio.com\/blog\/#\/schema\/person\/21ae990723c2e5a1170c9a06dacb4d3d"},"headline":"Dia de natal, hora de abrir os presentes!","datePublished":"2022-12-26T15:31:09+00:00","mainEntityOfPage":{"@id":"https:\/\/www.iquilibrio.com\/blog\/bem-estar\/dia-de-natal\/"},"wordCount":1165,"publisher":{"@id":"https:\/\/www.iquilibrio.com\/blog\/#organization"},"image":{"@id":"https:\/\/www.iquilibrio.com\/blog\/bem-estar\/dia-de-natal\/#primaryimage"},"thumbnailUrl":"https:\/\/www.iquilibrio.com\/blog\/wp-content\/uploads\/2022\/12\/Dia-de-natal.jpg","articleSection":["Dicas de Bem-Estar"],"inLanguage":"pt-BR"},{"@type":"WebPage","@id":"https:\/\/www.iquilibrio.com\/blog\/bem-estar\/dia-de-natal\/","url":"https:\/\/www.iquilibrio.com\/blog\/bem-estar\/dia-de-natal\/","name":"Dia de natal, hora de comemorar com seus amigos e familiares!","isPartOf":{"@id":"https:\/\/www.iquilibrio.com\/blog\/#website"},"primaryImageOfPage":{"@id":"https:\/\/www.iquilibrio.com\/blog\/bem-estar\/dia-de-natal\/#primaryimage"},"image":{"@id":"https:\/\/www.iquilibrio.com\/blog\/bem-estar\/dia-de-natal\/#primaryimage"},"thumbnailUrl":"https:\/\/www.iquilibrio.com\/blog\/wp-content\/uploads\/2022\/12\/Dia-de-natal.jpg","datePublished":"2022-12-26T15:31:09+00:00","description":"Celebre o dia de natal tenha este momento marcante para voc\u00ea e sua fam\u00edlia junto da origem e significado do natal.","breadcrumb":{"@id":"https:\/\/www.iquilibrio.com\/blog\/bem-estar\/dia-de-natal\/#breadcrumb"},"inLanguage":"pt-BR","potentialAction":[{"@type":"ReadAction","target":["https:\/\/www.iquilibrio.com\/blog\/bem-estar\/dia-de-natal\/"]}]},{"@type":"ImageObject","inLanguage":"pt-BR","@id":"https:\/\/www.iquilibrio.com\/blog\/bem-estar\/dia-de-natal\/#primaryimage","url":"https:\/\/www.iquilibrio.com\/blog\/wp-content\/uploads\/2022\/12\/Dia-de-natal.jpg","contentUrl":"https:\/\/www.iquilibrio.com\/blog\/wp-content\/uploads\/2022\/12\/Dia-de-natal.jpg","width":900,"height":560},{"@type":"BreadcrumbList","@id":"https:\/\/www.iquilibrio.com\/blog\/bem-estar\/dia-de-natal\/#breadcrumb","itemListElement":[{"@type":"ListItem","position":1,"name":"In\u00edcio","item":"https:\/\/www.iquilibrio.com\/blog\/"},{"@type":"ListItem","position":2,"name":"Dia de natal, hora de abrir os presentes!"}]},{"@type":"WebSite","@id":"https:\/\/www.iquilibrio.com\/blog\/#website","url":"https:\/\/www.iquilibrio.com\/blog\/","name":"iQuilibrio","description":"Blog iQuilibrio","publisher":{"@id":"https:\/\/www.iquilibrio.com\/blog\/#organization"},"potentialAction":[{"@type":"SearchAction","target":{"@type":"EntryPoint","urlTemplate":"https:\/\/www.iquilibrio.com\/blog\/?s={search_term_string}"},"query-input":{"@type":"PropertyValueSpecification","valueRequired":true,"valueName":"search_term_string"}}],"inLanguage":"pt-BR"},{"@type":"Organization","@id":"https:\/\/www.iquilibrio.com\/blog\/#organization","name":"Esoterismo, Misticismo e Tarot Online - iQuilibrio","url":"https:\/\/www.iquilibrio.com\/blog\/","logo":{"@type":"ImageObject","inLanguage":"pt-BR","@id":"https:\/\/www.iquilibrio.com\/blog\/#\/schema\/logo\/image\/","url":"https:\/\/www.iquilibrio.com\/blog\/wp-content\/uploads\/2018\/12\/iquilibrio_lovo_vetor_preto-retina.png","contentUrl":"https:\/\/www.iquilibrio.com\/blog\/wp-content\/uploads\/2018\/12\/iquilibrio_lovo_vetor_preto-retina.png","width":972,"height":180,"caption":"Esoterismo, Misticismo e Tarot Online - iQuilibrio"},"image":{"@id":"https:\/\/www.iquilibrio.com\/blog\/#\/schema\/logo\/image\/"},"sameAs":["https:\/\/www.facebook.com\/iQuilibrio\/","https:\/\/x.com\/iquilibrio","https:\/\/www.instagram.com\/iquilibrio\/","https:\/\/www.linkedin.com\/company\/iquilibrio\/","https:\/\/br.pinterest.com\/iquilibrio1397\/","https:\/\/www.youtube.com\/channel\/UC175qxd-4Zsi4wzawT5zF2g"]},{"@type":"Person","@id":"https:\/\/www.iquilibrio.com\/blog\/#\/schema\/person\/21ae990723c2e5a1170c9a06dacb4d3d","name":"Arthur Peroni","image":{"@type":"ImageObject","inLanguage":"pt-BR","@id":"https:\/\/www.iquilibrio.com\/blog\/wp-content\/uploads\/2023\/04\/Arthur-Peroni-150x150.jpg","url":"https:\/\/www.iquilibrio.com\/blog\/wp-content\/uploads\/2023\/04\/Arthur-Peroni-150x150.jpg","contentUrl":"https:\/\/www.iquilibrio.com\/blog\/wp-content\/uploads\/2023\/04\/Arthur-Peroni-150x150.jpg","caption":"Arthur Peroni"},"description":"Arthur Peroni escreve sobre a vida, o universo e tudo mais. Amante da literatura m\u00edstica, e fic\u00e7\u00e3o, descobriu sua carreira de redator gra\u00e7as ao h\u00e1bito de leitura constante sobre fantasia e drama. Nas horas vagas, gosta de cozinhar, ler e ver filmes antigos. J\u00e1 trabalhou com, comunica\u00e7\u00e3o social, massoterapia, terapias hol\u00edsticas e design de interiores. Atualmente trabalha como redator SEO e se entusiasma com tudo o que \u00e9 esot\u00e9rico. Gosta de discutir sobre assuntos complexos e instigantes, e v\u00ea na escrita uma oportunidade de aprender e criar todos os dias, mentalmente e espiritualmente.","url":"https:\/\/www.iquilibrio.com\/blog\/author\/raul-vinicius\/"}]}},"_links":{"self":[{"href":"https:\/\/www.iquilibrio.com\/blog\/wp-json\/wp\/v2\/posts\/38066","targetHints":{"allow":["GET"]}}],"collection":[{"href":"https:\/\/www.iquilibrio.com\/blog\/wp-json\/wp\/v2\/posts"}],"about":[{"href":"https:\/\/www.iquilibrio.com\/blog\/wp-json\/wp\/v2\/types\/post"}],"author":[{"embeddable":true,"href":"https:\/\/www.iquilibrio.com\/blog\/wp-json\/wp\/v2\/users\/158"}],"replies":[{"embeddable":true,"href":"https:\/\/www.iquilibrio.com\/blog\/wp-json\/wp\/v2\/comments?post=38066"}],"version-history":[{"count":4,"href":"https:\/\/www.iquilibrio.com\/blog\/wp-json\/wp\/v2\/posts\/38066\/revisions"}],"predecessor-version":[{"id":38110,"href":"https:\/\/www.iquilibrio.com\/blog\/wp-json\/wp\/v2\/posts\/38066\/revisions\/38110"}],"wp:featuredmedia":[{"embeddable":true,"href":"https:\/\/www.iquilibrio.com\/blog\/wp-json\/wp\/v2\/media\/38069"}],"wp:attachment":[{"href":"https:\/\/www.iquilibrio.com\/blog\/wp-json\/wp\/v2\/media?parent=38066"}],"wp:term":[{"taxonomy":"category","embeddable":true,"href":"https:\/\/www.iquilibrio.com\/blog\/wp-json\/wp\/v2\/categories?post=38066"},{"taxonomy":"post_tag","embeddable":true,"href":"https:\/\/www.iquilibrio.com\/blog\/wp-json\/wp\/v2\/tags?post=38066"}],"curies":[{"name":"wp","href":"https:\/\/api.w.org\/{rel}","templated":true}]}}