{"id":37934,"date":"2022-12-23T19:18:19","date_gmt":"2022-12-23T22:18:19","guid":{"rendered":"https:\/\/www.iquilibrio.com\/blog\/?p=37934"},"modified":"2022-12-23T19:18:19","modified_gmt":"2022-12-23T22:18:19","slug":"mensagem-natal-iqui","status":"publish","type":"post","link":"https:\/\/www.iquilibrio.com\/blog\/bem-estar\/mensagem-natal-iqui\/","title":{"rendered":"Aque\u00e7a o seu cora\u00e7\u00e3o com esta mensagem de Natal &#8211; Saralis"},"content":{"rendered":"<p>E o Natal chegou! Com ele, n\u00f3s estamos trazendo uma linda mensagem de Natal de nossa consultora Saralis.<\/p>\n<p>N\u00f3s, da equipe iQuilibrio, desejamos um Natal incr\u00edvel, cheio de energia positiva e comidinhas gostosas. Agora, aque\u00e7a seu cora\u00e7\u00e3o com essas\u00a0 belas palavras.<\/p>\n<p>Um grande beijo,<\/p>\n<p style=\"text-align: right;\">Katrina Devilla<\/p>\n<hr \/>\n<p>Meus lindos tudo bem? Sou eu, a Saralis &#x2764;&#xfe0f;<\/p>\n<p>Foi um prazer acompanh\u00e1-los neste ano de 2022! Foram tantas hist\u00f3rias, emo\u00e7\u00f5es, aprendizados e amizades. Deixo hoje para voc\u00eas uma mensagem de cora\u00e7\u00e3o, n\u00e3o s\u00f3 minha, mas com o carinho de toda equipe Iquil\u00edbrio \ud83d\ude42<\/p>\n<p>Dia 25 de Dezembro, \u00e9 comemorado o Natal, a data do nascimento do Cristo. O termo Natal tem origem na palavra do latim \u201cnatalis\u201d que, por sua vez, \u00e9 derivada do verbo nascer (n\u0101scor).<\/p>\n<p>Com o Natal surgem v\u00e1rios sinais representativos dessa comemora\u00e7\u00e3o festiva, cada qual com um significado distinto e com origem pag\u00e3 ou religiosa. Quando falamos no nascimento de Jesus, a representa\u00e7\u00e3o mais presente na nossa cabe\u00e7a \u00e9 o pres\u00e9pio, afinal ele retrata o cen\u00e1rio onde o Menino nasceu.<\/p>\n<p>E a\u00ed, de forma conjunta ou isolada, conhecemos os elementos que nele figuram: a sagrada fam\u00edlia, composta por Jesus, Jos\u00e9 e Maria, os tr\u00eas reis magos, o anjo e a estrela.<\/p>\n<p>O Natal \u00e9 a celebra\u00e7\u00e3o de esperan\u00e7a de um povo que aguardava o messias prometido desde o antigo testamento. Voc\u00ea n\u00e3o precisa acreditar que Papai Noel existe para acreditar no Natal, mas que o Noel da boas surpresas existe, ah ele existe sim.<\/p>\n<p>Voc\u00ea n\u00e3o precisa acreditar que o Natal existe para acreditar em Jesus, ou no Cristo, ali\u00e1s nem precisa acreditar neles se quiser, mas que o amor \u00e9 a nossa ess\u00eancia, ah isso \u00e9 incontest\u00e1vel.<\/p>\n<p>Natal \u00e9 uma \u00e9poca de sonhos, onde nossa esperan\u00e7a renasce, juntamente ao nascimento de Cristo. Estejam sempre sintonizando prop\u00f3sitos superiores e que este Natal traga um folego de f\u00e9 e amor em vossas vidas e a vida de todos seus entes queridos.<\/p>\n<p>O melhor presente que podemos receber em uma noite de Natal \u00e9 fam\u00edlia e amigos reunidos (pets tamb\u00e9m, afinal fazem parte de nossa fam\u00edlia &#x1f60a;), conversando, matando a saudade, e unidos no prop\u00f3sito do amor, compartilhar hist\u00f3rias e criar momentos.<\/p>\n<p>Bom mesmo \u00e9 ver crian\u00e7as correndo, av\u00f3s cozinhando, amigos celebrando e sorrisos em todo canto. O Natal n\u00e3o \u00e9 apenas uma data, uma celebra\u00e7\u00e3o, \u00e9 um estado de esp\u00edrito.<\/p>\n<p>Deixo a voc\u00eas, o seguinte poema, sobre esperan\u00e7a e f\u00e9, renovados nesta \u00e9poca de Natal. Que esse texto traga um caloroso abra\u00e7o a todos voc\u00eas &#x1f60a;<\/p>\n<p>&#8220;<em>Que neste Natal, eu possa lembrar dos que vivem em guerra, e fazer por eles uma prece de paz.<\/em><br \/>\n<em>Que eu possa lembrar dos que odeiam, e fazer por eles uma prece de amor.<\/em><br \/>\n<em>Que eu possa perdoar a todos que me magoaram, e fazer por eles uma prece de perd\u00e3o.<\/em><br \/>\n<em>Que eu lembre dos desesperados, e fa\u00e7a por eles uma prece de esperan\u00e7a.<\/em><br \/>\n<em>Que eu esque\u00e7a as tristezas do ano que termina, e fa\u00e7a uma prece de alegria.<\/em><br \/>\n<em>Que eu possa acreditar que o mundo ainda pode ser melhor, e fa\u00e7a por ele uma prece de f\u00e9.<\/em><br \/>\n<em>Obrigada Senhor<\/em><br \/>\n<em>Por ter alimento, quando tantos passam o ano com fome.<\/em><br \/>\n<em>Por ter sa\u00fade, quando tantos sofrem neste momento.<\/em><br \/>\n<em>Por ter um lar, quando tantos dormem nas ruas.<\/em><br \/>\n<em>Por ser feliz, quando tantos choram na solid\u00e3o.<\/em><br \/>\n<em>Por ter amor, quantos tantos vivem no \u00f3dio.<\/em><br \/>\n<em>Pela minha paz, quando tantos vivem o horror da guerra.<\/em>&#8221;<\/p>\n<p>A Alegria de voc\u00eas, nossos clientes e amigos, \u00e9 a nossa alegria! Ilumina nosso caminho! A felicidade \u00e9 di\u00e1ria na Iqui, porque temos clientes amigos, como voc\u00eas! S\u00e3o os mais sinceros votos, de toda equipe da Iqui. Obrigado pela confian\u00e7a e que em 2023 possamos seguir com esta parceria de amor e amizade.<\/p>\n<p>Beijos carinhosos,<\/p>\n<p style=\"text-align: right;\">Saralis.<\/p>\n<hr \/>\n<p>&nbsp;<\/p>\n<p dir=\"ltr\"><img loading=\"lazy\" decoding=\"async\" class=\"alignleft wp-image-36043 size-thumbnail\" src=\"https:\/\/www.iquilibrio.com\/blog\/wp-content\/uploads\/2022\/06\/consultora-Saralis-150x150.jpg\" alt=\"\" width=\"150\" height=\"150\" \/>Ol\u00e1! Eu sou a Saralis, e ser\u00e1 um imenso prazer te atender! Sou uma consultora direta e sincera. Tenho uma vasta experi\u00eancia e conhecimento no mundo hol\u00edstico, por isso consigo te direcionar de forma assertiva. Sou apaixonada pelo que fa\u00e7o, de ascend\u00eancia cigana, trago em meu cora\u00e7\u00e3o o amor pelo Baralho Cigano.<\/p>\n<p dir=\"ltr\">Te espero para uma consulta reveladora!<\/p>\n<p style=\"text-align: center;\"><span class=\"td_btn td_btn_sm td_round_btn td_btn_md\" style=\"background-color: #ff0000; color: #ffffff;\"><a style=\"background-color: #ff0000; color: #ffffff;\" href=\"https:\/\/www.iquilibrio.com\/esotericos\/saralis\/?utm_campaign=blog_conversao&amp;utm_medium=texto_cta&amp;utm_source=blog&amp;utm_content=20221224_mensagem_natal_botao_abaixo_perfil_consultor\" target=\"_blank\" rel=\"noopener\"><b>Fale agora com a consultora Saralis e descubra o passo a passo para a felicidade!<\/b><\/a><\/span><\/p>\n<hr \/>\n\n\n<div class=\"kk-star-ratings kksr-auto kksr-align-left kksr-valign-bottom\"\n    data-payload='{&quot;align&quot;:&quot;left&quot;,&quot;id&quot;:&quot;37934&quot;,&quot;slug&quot;:&quot;default&quot;,&quot;valign&quot;:&quot;bottom&quot;,&quot;ignore&quot;:&quot;&quot;,&quot;reference&quot;:&quot;auto&quot;,&quot;class&quot;:&quot;&quot;,&quot;count&quot;:&quot;0&quot;,&quot;legendonly&quot;:&quot;&quot;,&quot;readonly&quot;:&quot;&quot;,&quot;score&quot;:&quot;0&quot;,&quot;starsonly&quot;:&quot;&quot;,&quot;best&quot;:&quot;5&quot;,&quot;gap&quot;:&quot;5&quot;,&quot;greet&quot;:&quot;Rate this post&quot;,&quot;legend&quot;:&quot;0\\\/5 - (0 voto)&quot;,&quot;size&quot;:&quot;24&quot;,&quot;title&quot;:&quot;Aque\u00e7a o seu cora\u00e7\u00e3o com esta mensagem de Natal - Saralis&quot;,&quot;width&quot;:&quot;0&quot;,&quot;_legend&quot;:&quot;{score}\\\/{best} - ({count} {votes})&quot;,&quot;font_factor&quot;:&quot;1.25&quot;}'>\n            \n<div class=\"kksr-stars\">\n    \n<div class=\"kksr-stars-inactive\">\n            <div class=\"kksr-star\" data-star=\"1\" style=\"padding-right: 5px\">\n            \n\n<div class=\"kksr-icon\" style=\"width: 24px; height: 24px;\"><\/div>\n        <\/div>\n            <div class=\"kksr-star\" data-star=\"2\" style=\"padding-right: 5px\">\n            \n\n<div class=\"kksr-icon\" style=\"width: 24px; height: 24px;\"><\/div>\n        <\/div>\n            <div class=\"kksr-star\" data-star=\"3\" style=\"padding-right: 5px\">\n            \n\n<div class=\"kksr-icon\" style=\"width: 24px; height: 24px;\"><\/div>\n        <\/div>\n            <div class=\"kksr-star\" data-star=\"4\" style=\"padding-right: 5px\">\n            \n\n<div class=\"kksr-icon\" style=\"width: 24px; height: 24px;\"><\/div>\n        <\/div>\n            <div class=\"kksr-star\" data-star=\"5\" style=\"padding-right: 5px\">\n            \n\n<div class=\"kksr-icon\" style=\"width: 24px; height: 24px;\"><\/div>\n        <\/div>\n    <\/div>\n    \n<div class=\"kksr-stars-active\" style=\"width: 0px;\">\n            <div class=\"kksr-star\" style=\"padding-right: 5px\">\n            \n\n<div class=\"kksr-icon\" style=\"width: 24px; height: 24px;\"><\/div>\n        <\/div>\n            <div class=\"kksr-star\" style=\"padding-right: 5px\">\n            \n\n<div class=\"kksr-icon\" style=\"width: 24px; height: 24px;\"><\/div>\n        <\/div>\n            <div class=\"kksr-star\" style=\"padding-right: 5px\">\n            \n\n<div class=\"kksr-icon\" style=\"width: 24px; height: 24px;\"><\/div>\n        <\/div>\n            <div class=\"kksr-star\" style=\"padding-right: 5px\">\n            \n\n<div class=\"kksr-icon\" style=\"width: 24px; height: 24px;\"><\/div>\n        <\/div>\n            <div class=\"kksr-star\" style=\"padding-right: 5px\">\n            \n\n<div class=\"kksr-icon\" style=\"width: 24px; height: 24px;\"><\/div>\n        <\/div>\n    <\/div>\n<\/div>\n                \n\n<div class=\"kksr-legend\" style=\"font-size: 19.2px;\">\n            <span class=\"kksr-muted\">Rate this post<\/span>\n    <\/div>\n    <\/div>\n","protected":false},"excerpt":{"rendered":"<p>E o Natal chegou! Com ele, n\u00f3s estamos trazendo uma linda mensagem de Natal de nossa consultora Saralis. N\u00f3s, da equipe iQuilibrio, desejamos um Natal incr\u00edvel, cheio de energia positiva e comidinhas gostosas. Agora, aque\u00e7a seu cora\u00e7\u00e3o com essas\u00a0 belas palavras. Um grande beijo, Katrina Devilla Meus lindos tudo bem? Sou eu, a Saralis &#x2764;&#xfe0f; [&hellip;]<\/p>\n","protected":false},"author":155,"featured_media":38068,"comment_status":"closed","ping_status":"closed","sticky":false,"template":"","format":"standard","meta":{"footnotes":""},"categories":[592],"tags":[4848,769],"class_list":["post-37934","post","type-post","status-publish","format-standard","has-post-thumbnail","hentry","category-bem-estar","tag-mensagem-de-natal","tag-natal"],"yoast_head":"<!-- This site is optimized with the Yoast SEO plugin v27.4 - https:\/\/yoast.com\/product\/yoast-seo-wordpress\/ -->\n<title>Mensagem de Natal para alegrar seu cora\u00e7\u00e3o e trazer paz<\/title>\n<meta name=\"description\" content=\"Aque\u00e7a seu cora\u00e7\u00e3o com a bel\u00edssima mensagem de Natal de nossa consultora Saralis. Aproveite a espiritualidade para trazer paz ao seu cora\u00e7\u00e3o.\" \/>\n<meta name=\"robots\" content=\"index, follow, max-snippet:-1, max-image-preview:large, max-video-preview:-1\" \/>\n<link rel=\"canonical\" href=\"https:\/\/www.iquilibrio.com\/blog\/bem-estar\/mensagem-natal-iqui\/\" \/>\n<meta property=\"og:locale\" content=\"pt_BR\" \/>\n<meta property=\"og:type\" content=\"article\" \/>\n<meta property=\"og:title\" content=\"Mensagem de Natal para alegrar seu cora\u00e7\u00e3o e trazer paz\" \/>\n<meta property=\"og:description\" content=\"Aque\u00e7a seu cora\u00e7\u00e3o com a bel\u00edssima mensagem de Natal de nossa consultora Saralis. Aproveite a espiritualidade para trazer paz ao seu cora\u00e7\u00e3o.\" \/>\n<meta property=\"og:url\" content=\"https:\/\/www.iquilibrio.com\/blog\/bem-estar\/mensagem-natal-iqui\/\" \/>\n<meta property=\"og:site_name\" content=\"iQuilibrio\" \/>\n<meta property=\"article:publisher\" content=\"https:\/\/www.facebook.com\/iQuilibrio\/\" \/>\n<meta property=\"article:published_time\" content=\"2022-12-23T22:18:19+00:00\" \/>\n<meta property=\"og:image\" content=\"https:\/\/www.iquilibrio.com\/blog\/wp-content\/uploads\/2022\/12\/Dia-de-natal-1.jpg\" \/>\n\t<meta property=\"og:image:width\" content=\"900\" \/>\n\t<meta property=\"og:image:height\" content=\"560\" \/>\n\t<meta property=\"og:image:type\" content=\"image\/jpeg\" \/>\n<meta name=\"author\" content=\"Katrina Devilla\" \/>\n<meta name=\"twitter:card\" content=\"summary_large_image\" \/>\n<meta name=\"twitter:creator\" content=\"@iquilibrio\" \/>\n<meta name=\"twitter:site\" content=\"@iquilibrio\" \/>\n<meta name=\"twitter:label1\" content=\"Escrito por\" \/>\n\t<meta name=\"twitter:data1\" content=\"Katrina Devilla\" \/>\n\t<meta name=\"twitter:label2\" content=\"Est. tempo de leitura\" \/>\n\t<meta name=\"twitter:data2\" content=\"5 minutos\" \/>\n<script type=\"application\/ld+json\" class=\"yoast-schema-graph\">{\"@context\":\"https:\\\/\\\/schema.org\",\"@graph\":[{\"@type\":\"Article\",\"@id\":\"https:\\\/\\\/www.iquilibrio.com\\\/blog\\\/bem-estar\\\/mensagem-natal-iqui\\\/#article\",\"isPartOf\":{\"@id\":\"https:\\\/\\\/www.iquilibrio.com\\\/blog\\\/bem-estar\\\/mensagem-natal-iqui\\\/\"},\"author\":{\"name\":\"Katrina Devilla\",\"@id\":\"https:\\\/\\\/www.iquilibrio.com\\\/blog\\\/#\\\/schema\\\/person\\\/a9cde6e88d14c853339bcd3d04fe1dbb\"},\"headline\":\"Aque\u00e7a o seu cora\u00e7\u00e3o com esta mensagem de Natal &#8211; Saralis\",\"datePublished\":\"2022-12-23T22:18:19+00:00\",\"mainEntityOfPage\":{\"@id\":\"https:\\\/\\\/www.iquilibrio.com\\\/blog\\\/bem-estar\\\/mensagem-natal-iqui\\\/\"},\"wordCount\":763,\"publisher\":{\"@id\":\"https:\\\/\\\/www.iquilibrio.com\\\/blog\\\/#organization\"},\"image\":{\"@id\":\"https:\\\/\\\/www.iquilibrio.com\\\/blog\\\/bem-estar\\\/mensagem-natal-iqui\\\/#primaryimage\"},\"thumbnailUrl\":\"https:\\\/\\\/www.iquilibrio.com\\\/blog\\\/wp-content\\\/uploads\\\/2022\\\/12\\\/Dia-de-natal-1.jpg\",\"keywords\":[\"mensagem de natal\",\"natal\"],\"articleSection\":[\"Dicas de Bem-Estar\"],\"inLanguage\":\"pt-BR\"},{\"@type\":\"WebPage\",\"@id\":\"https:\\\/\\\/www.iquilibrio.com\\\/blog\\\/bem-estar\\\/mensagem-natal-iqui\\\/\",\"url\":\"https:\\\/\\\/www.iquilibrio.com\\\/blog\\\/bem-estar\\\/mensagem-natal-iqui\\\/\",\"name\":\"Mensagem de Natal para alegrar seu cora\u00e7\u00e3o e trazer paz\",\"isPartOf\":{\"@id\":\"https:\\\/\\\/www.iquilibrio.com\\\/blog\\\/#website\"},\"primaryImageOfPage\":{\"@id\":\"https:\\\/\\\/www.iquilibrio.com\\\/blog\\\/bem-estar\\\/mensagem-natal-iqui\\\/#primaryimage\"},\"image\":{\"@id\":\"https:\\\/\\\/www.iquilibrio.com\\\/blog\\\/bem-estar\\\/mensagem-natal-iqui\\\/#primaryimage\"},\"thumbnailUrl\":\"https:\\\/\\\/www.iquilibrio.com\\\/blog\\\/wp-content\\\/uploads\\\/2022\\\/12\\\/Dia-de-natal-1.jpg\",\"datePublished\":\"2022-12-23T22:18:19+00:00\",\"description\":\"Aque\u00e7a seu cora\u00e7\u00e3o com a bel\u00edssima mensagem de Natal de nossa consultora Saralis. Aproveite a espiritualidade para trazer paz ao seu cora\u00e7\u00e3o.\",\"breadcrumb\":{\"@id\":\"https:\\\/\\\/www.iquilibrio.com\\\/blog\\\/bem-estar\\\/mensagem-natal-iqui\\\/#breadcrumb\"},\"inLanguage\":\"pt-BR\",\"potentialAction\":[{\"@type\":\"ReadAction\",\"target\":[\"https:\\\/\\\/www.iquilibrio.com\\\/blog\\\/bem-estar\\\/mensagem-natal-iqui\\\/\"]}]},{\"@type\":\"ImageObject\",\"inLanguage\":\"pt-BR\",\"@id\":\"https:\\\/\\\/www.iquilibrio.com\\\/blog\\\/bem-estar\\\/mensagem-natal-iqui\\\/#primaryimage\",\"url\":\"https:\\\/\\\/www.iquilibrio.com\\\/blog\\\/wp-content\\\/uploads\\\/2022\\\/12\\\/Dia-de-natal-1.jpg\",\"contentUrl\":\"https:\\\/\\\/www.iquilibrio.com\\\/blog\\\/wp-content\\\/uploads\\\/2022\\\/12\\\/Dia-de-natal-1.jpg\",\"width\":900,\"height\":560,\"caption\":\"Dia de Natal\"},{\"@type\":\"BreadcrumbList\",\"@id\":\"https:\\\/\\\/www.iquilibrio.com\\\/blog\\\/bem-estar\\\/mensagem-natal-iqui\\\/#breadcrumb\",\"itemListElement\":[{\"@type\":\"ListItem\",\"position\":1,\"name\":\"In\u00edcio\",\"item\":\"https:\\\/\\\/www.iquilibrio.com\\\/blog\\\/\"},{\"@type\":\"ListItem\",\"position\":2,\"name\":\"Aque\u00e7a o seu cora\u00e7\u00e3o com esta mensagem de Natal &#8211; Saralis\"}]},{\"@type\":\"WebSite\",\"@id\":\"https:\\\/\\\/www.iquilibrio.com\\\/blog\\\/#website\",\"url\":\"https:\\\/\\\/www.iquilibrio.com\\\/blog\\\/\",\"name\":\"iQuilibrio\",\"description\":\"Blog iQuilibrio\",\"publisher\":{\"@id\":\"https:\\\/\\\/www.iquilibrio.com\\\/blog\\\/#organization\"},\"potentialAction\":[{\"@type\":\"SearchAction\",\"target\":{\"@type\":\"EntryPoint\",\"urlTemplate\":\"https:\\\/\\\/www.iquilibrio.com\\\/blog\\\/?s={search_term_string}\"},\"query-input\":{\"@type\":\"PropertyValueSpecification\",\"valueRequired\":true,\"valueName\":\"search_term_string\"}}],\"inLanguage\":\"pt-BR\"},{\"@type\":\"Organization\",\"@id\":\"https:\\\/\\\/www.iquilibrio.com\\\/blog\\\/#organization\",\"name\":\"Esoterismo, Misticismo e Tarot Online - iQuilibrio\",\"url\":\"https:\\\/\\\/www.iquilibrio.com\\\/blog\\\/\",\"logo\":{\"@type\":\"ImageObject\",\"inLanguage\":\"pt-BR\",\"@id\":\"https:\\\/\\\/www.iquilibrio.com\\\/blog\\\/#\\\/schema\\\/logo\\\/image\\\/\",\"url\":\"https:\\\/\\\/www.iquilibrio.com\\\/blog\\\/wp-content\\\/uploads\\\/2018\\\/12\\\/iquilibrio_lovo_vetor_preto-retina.png\",\"contentUrl\":\"https:\\\/\\\/www.iquilibrio.com\\\/blog\\\/wp-content\\\/uploads\\\/2018\\\/12\\\/iquilibrio_lovo_vetor_preto-retina.png\",\"width\":972,\"height\":180,\"caption\":\"Esoterismo, Misticismo e Tarot Online - iQuilibrio\"},\"image\":{\"@id\":\"https:\\\/\\\/www.iquilibrio.com\\\/blog\\\/#\\\/schema\\\/logo\\\/image\\\/\"},\"sameAs\":[\"https:\\\/\\\/www.facebook.com\\\/iQuilibrio\\\/\",\"https:\\\/\\\/x.com\\\/iquilibrio\",\"https:\\\/\\\/www.instagram.com\\\/iquilibrio\\\/\",\"https:\\\/\\\/www.linkedin.com\\\/company\\\/iquilibrio\\\/\",\"https:\\\/\\\/br.pinterest.com\\\/iquilibrio1397\\\/\",\"https:\\\/\\\/www.youtube.com\\\/channel\\\/UC175qxd-4Zsi4wzawT5zF2g\"]},{\"@type\":\"Person\",\"@id\":\"https:\\\/\\\/www.iquilibrio.com\\\/blog\\\/#\\\/schema\\\/person\\\/a9cde6e88d14c853339bcd3d04fe1dbb\",\"name\":\"Katrina Devilla\",\"image\":{\"@type\":\"ImageObject\",\"inLanguage\":\"pt-BR\",\"@id\":\"https:\\\/\\\/secure.gravatar.com\\\/avatar\\\/1f540b99ef20bca9c5117565f5cb62c1a95aa578d9d45345315e4338aac207d6?s=96&d=blank&r=g\",\"url\":\"https:\\\/\\\/secure.gravatar.com\\\/avatar\\\/1f540b99ef20bca9c5117565f5cb62c1a95aa578d9d45345315e4338aac207d6?s=96&d=blank&r=g\",\"contentUrl\":\"https:\\\/\\\/secure.gravatar.com\\\/avatar\\\/1f540b99ef20bca9c5117565f5cb62c1a95aa578d9d45345315e4338aac207d6?s=96&d=blank&r=g\",\"caption\":\"Katrina Devilla\"},\"description\":\"Katrina Devilla escreve sobre magia e como deixar a vida leve. Cozinha coisas gostosas, deita no quintal para ver estrelas e, quando tem sorte, v\u00ea um ou outro sat\u00e9lite, mas pensa que \u00e9 estrela cadente. Vive a magia da natureza e se encanta com cada amanhecer. Frui vita! Al\u00e9m disso, Katrina Devilla \u00e9 uma bruxa espiritualista que, por acaso, escreve bem e entende de SEO. Tem imenso prazer em ajudar os outros e ver que seus textos podem inspirar e mudar vidas. A espiritualidade est\u00e1 aqui, basta voc\u00ea querer ver e experimentar!\",\"url\":\"https:\\\/\\\/www.iquilibrio.com\\\/blog\\\/author\\\/candida-thomazellicanoadigital-com\\\/\"}]}<\/script>\n<!-- \/ Yoast SEO plugin. -->","yoast_head_json":{"title":"Mensagem de Natal para alegrar seu cora\u00e7\u00e3o e trazer paz","description":"Aque\u00e7a seu cora\u00e7\u00e3o com a bel\u00edssima mensagem de Natal de nossa consultora Saralis. Aproveite a espiritualidade para trazer paz ao seu cora\u00e7\u00e3o.","robots":{"index":"index","follow":"follow","max-snippet":"max-snippet:-1","max-image-preview":"max-image-preview:large","max-video-preview":"max-video-preview:-1"},"canonical":"https:\/\/www.iquilibrio.com\/blog\/bem-estar\/mensagem-natal-iqui\/","og_locale":"pt_BR","og_type":"article","og_title":"Mensagem de Natal para alegrar seu cora\u00e7\u00e3o e trazer paz","og_description":"Aque\u00e7a seu cora\u00e7\u00e3o com a bel\u00edssima mensagem de Natal de nossa consultora Saralis. Aproveite a espiritualidade para trazer paz ao seu cora\u00e7\u00e3o.","og_url":"https:\/\/www.iquilibrio.com\/blog\/bem-estar\/mensagem-natal-iqui\/","og_site_name":"iQuilibrio","article_publisher":"https:\/\/www.facebook.com\/iQuilibrio\/","article_published_time":"2022-12-23T22:18:19+00:00","og_image":[{"width":900,"height":560,"url":"https:\/\/www.iquilibrio.com\/blog\/wp-content\/uploads\/2022\/12\/Dia-de-natal-1.jpg","type":"image\/jpeg"}],"author":"Katrina Devilla","twitter_card":"summary_large_image","twitter_creator":"@iquilibrio","twitter_site":"@iquilibrio","twitter_misc":{"Escrito por":"Katrina Devilla","Est. tempo de leitura":"5 minutos"},"schema":{"@context":"https:\/\/schema.org","@graph":[{"@type":"Article","@id":"https:\/\/www.iquilibrio.com\/blog\/bem-estar\/mensagem-natal-iqui\/#article","isPartOf":{"@id":"https:\/\/www.iquilibrio.com\/blog\/bem-estar\/mensagem-natal-iqui\/"},"author":{"name":"Katrina Devilla","@id":"https:\/\/www.iquilibrio.com\/blog\/#\/schema\/person\/a9cde6e88d14c853339bcd3d04fe1dbb"},"headline":"Aque\u00e7a o seu cora\u00e7\u00e3o com esta mensagem de Natal &#8211; Saralis","datePublished":"2022-12-23T22:18:19+00:00","mainEntityOfPage":{"@id":"https:\/\/www.iquilibrio.com\/blog\/bem-estar\/mensagem-natal-iqui\/"},"wordCount":763,"publisher":{"@id":"https:\/\/www.iquilibrio.com\/blog\/#organization"},"image":{"@id":"https:\/\/www.iquilibrio.com\/blog\/bem-estar\/mensagem-natal-iqui\/#primaryimage"},"thumbnailUrl":"https:\/\/www.iquilibrio.com\/blog\/wp-content\/uploads\/2022\/12\/Dia-de-natal-1.jpg","keywords":["mensagem de natal","natal"],"articleSection":["Dicas de Bem-Estar"],"inLanguage":"pt-BR"},{"@type":"WebPage","@id":"https:\/\/www.iquilibrio.com\/blog\/bem-estar\/mensagem-natal-iqui\/","url":"https:\/\/www.iquilibrio.com\/blog\/bem-estar\/mensagem-natal-iqui\/","name":"Mensagem de Natal para alegrar seu cora\u00e7\u00e3o e trazer paz","isPartOf":{"@id":"https:\/\/www.iquilibrio.com\/blog\/#website"},"primaryImageOfPage":{"@id":"https:\/\/www.iquilibrio.com\/blog\/bem-estar\/mensagem-natal-iqui\/#primaryimage"},"image":{"@id":"https:\/\/www.iquilibrio.com\/blog\/bem-estar\/mensagem-natal-iqui\/#primaryimage"},"thumbnailUrl":"https:\/\/www.iquilibrio.com\/blog\/wp-content\/uploads\/2022\/12\/Dia-de-natal-1.jpg","datePublished":"2022-12-23T22:18:19+00:00","description":"Aque\u00e7a seu cora\u00e7\u00e3o com a bel\u00edssima mensagem de Natal de nossa consultora Saralis. Aproveite a espiritualidade para trazer paz ao seu cora\u00e7\u00e3o.","breadcrumb":{"@id":"https:\/\/www.iquilibrio.com\/blog\/bem-estar\/mensagem-natal-iqui\/#breadcrumb"},"inLanguage":"pt-BR","potentialAction":[{"@type":"ReadAction","target":["https:\/\/www.iquilibrio.com\/blog\/bem-estar\/mensagem-natal-iqui\/"]}]},{"@type":"ImageObject","inLanguage":"pt-BR","@id":"https:\/\/www.iquilibrio.com\/blog\/bem-estar\/mensagem-natal-iqui\/#primaryimage","url":"https:\/\/www.iquilibrio.com\/blog\/wp-content\/uploads\/2022\/12\/Dia-de-natal-1.jpg","contentUrl":"https:\/\/www.iquilibrio.com\/blog\/wp-content\/uploads\/2022\/12\/Dia-de-natal-1.jpg","width":900,"height":560,"caption":"Dia de Natal"},{"@type":"BreadcrumbList","@id":"https:\/\/www.iquilibrio.com\/blog\/bem-estar\/mensagem-natal-iqui\/#breadcrumb","itemListElement":[{"@type":"ListItem","position":1,"name":"In\u00edcio","item":"https:\/\/www.iquilibrio.com\/blog\/"},{"@type":"ListItem","position":2,"name":"Aque\u00e7a o seu cora\u00e7\u00e3o com esta mensagem de Natal &#8211; Saralis"}]},{"@type":"WebSite","@id":"https:\/\/www.iquilibrio.com\/blog\/#website","url":"https:\/\/www.iquilibrio.com\/blog\/","name":"iQuilibrio","description":"Blog iQuilibrio","publisher":{"@id":"https:\/\/www.iquilibrio.com\/blog\/#organization"},"potentialAction":[{"@type":"SearchAction","target":{"@type":"EntryPoint","urlTemplate":"https:\/\/www.iquilibrio.com\/blog\/?s={search_term_string}"},"query-input":{"@type":"PropertyValueSpecification","valueRequired":true,"valueName":"search_term_string"}}],"inLanguage":"pt-BR"},{"@type":"Organization","@id":"https:\/\/www.iquilibrio.com\/blog\/#organization","name":"Esoterismo, Misticismo e Tarot Online - iQuilibrio","url":"https:\/\/www.iquilibrio.com\/blog\/","logo":{"@type":"ImageObject","inLanguage":"pt-BR","@id":"https:\/\/www.iquilibrio.com\/blog\/#\/schema\/logo\/image\/","url":"https:\/\/www.iquilibrio.com\/blog\/wp-content\/uploads\/2018\/12\/iquilibrio_lovo_vetor_preto-retina.png","contentUrl":"https:\/\/www.iquilibrio.com\/blog\/wp-content\/uploads\/2018\/12\/iquilibrio_lovo_vetor_preto-retina.png","width":972,"height":180,"caption":"Esoterismo, Misticismo e Tarot Online - iQuilibrio"},"image":{"@id":"https:\/\/www.iquilibrio.com\/blog\/#\/schema\/logo\/image\/"},"sameAs":["https:\/\/www.facebook.com\/iQuilibrio\/","https:\/\/x.com\/iquilibrio","https:\/\/www.instagram.com\/iquilibrio\/","https:\/\/www.linkedin.com\/company\/iquilibrio\/","https:\/\/br.pinterest.com\/iquilibrio1397\/","https:\/\/www.youtube.com\/channel\/UC175qxd-4Zsi4wzawT5zF2g"]},{"@type":"Person","@id":"https:\/\/www.iquilibrio.com\/blog\/#\/schema\/person\/a9cde6e88d14c853339bcd3d04fe1dbb","name":"Katrina Devilla","image":{"@type":"ImageObject","inLanguage":"pt-BR","@id":"https:\/\/secure.gravatar.com\/avatar\/1f540b99ef20bca9c5117565f5cb62c1a95aa578d9d45345315e4338aac207d6?s=96&d=blank&r=g","url":"https:\/\/secure.gravatar.com\/avatar\/1f540b99ef20bca9c5117565f5cb62c1a95aa578d9d45345315e4338aac207d6?s=96&d=blank&r=g","contentUrl":"https:\/\/secure.gravatar.com\/avatar\/1f540b99ef20bca9c5117565f5cb62c1a95aa578d9d45345315e4338aac207d6?s=96&d=blank&r=g","caption":"Katrina Devilla"},"description":"Katrina Devilla escreve sobre magia e como deixar a vida leve. Cozinha coisas gostosas, deita no quintal para ver estrelas e, quando tem sorte, v\u00ea um ou outro sat\u00e9lite, mas pensa que \u00e9 estrela cadente. Vive a magia da natureza e se encanta com cada amanhecer. Frui vita! Al\u00e9m disso, Katrina Devilla \u00e9 uma bruxa espiritualista que, por acaso, escreve bem e entende de SEO. Tem imenso prazer em ajudar os outros e ver que seus textos podem inspirar e mudar vidas. A espiritualidade est\u00e1 aqui, basta voc\u00ea querer ver e experimentar!","url":"https:\/\/www.iquilibrio.com\/blog\/author\/candida-thomazellicanoadigital-com\/"}]}},"_links":{"self":[{"href":"https:\/\/www.iquilibrio.com\/blog\/wp-json\/wp\/v2\/posts\/37934","targetHints":{"allow":["GET"]}}],"collection":[{"href":"https:\/\/www.iquilibrio.com\/blog\/wp-json\/wp\/v2\/posts"}],"about":[{"href":"https:\/\/www.iquilibrio.com\/blog\/wp-json\/wp\/v2\/types\/post"}],"author":[{"embeddable":true,"href":"https:\/\/www.iquilibrio.com\/blog\/wp-json\/wp\/v2\/users\/155"}],"replies":[{"embeddable":true,"href":"https:\/\/www.iquilibrio.com\/blog\/wp-json\/wp\/v2\/comments?post=37934"}],"version-history":[{"count":3,"href":"https:\/\/www.iquilibrio.com\/blog\/wp-json\/wp\/v2\/posts\/37934\/revisions"}],"predecessor-version":[{"id":38096,"href":"https:\/\/www.iquilibrio.com\/blog\/wp-json\/wp\/v2\/posts\/37934\/revisions\/38096"}],"wp:featuredmedia":[{"embeddable":true,"href":"https:\/\/www.iquilibrio.com\/blog\/wp-json\/wp\/v2\/media\/38068"}],"wp:attachment":[{"href":"https:\/\/www.iquilibrio.com\/blog\/wp-json\/wp\/v2\/media?parent=37934"}],"wp:term":[{"taxonomy":"category","embeddable":true,"href":"https:\/\/www.iquilibrio.com\/blog\/wp-json\/wp\/v2\/categories?post=37934"},{"taxonomy":"post_tag","embeddable":true,"href":"https:\/\/www.iquilibrio.com\/blog\/wp-json\/wp\/v2\/tags?post=37934"}],"curies":[{"name":"wp","href":"https:\/\/api.w.org\/{rel}","templated":true}]}}