{"id":37672,"date":"2022-11-09T10:10:13","date_gmt":"2022-11-09T13:10:13","guid":{"rendered":"https:\/\/www.iquilibrio.com\/blog\/?p=37672"},"modified":"2022-11-07T15:47:20","modified_gmt":"2022-11-07T18:47:20","slug":"previsao-trabalho-2023","status":"publish","type":"post","link":"https:\/\/www.iquilibrio.com\/blog\/previsoes\/previsao-trabalho-2023\/","title":{"rendered":"Previs\u00e3o para o trabalho 2023"},"content":{"rendered":"<p><span style=\"font-weight: 400;\">Ol\u00e1, sou o consultor Abra\u00e3o e para fazer a previs\u00e3o para o trabalho 2023, vamos usar a t\u00e9cnica de redu\u00e7\u00e3o pitag\u00f3rica por onde \u00e9 poss\u00edvel determinar qual ser\u00e1 a carta e o n\u00famero regente do ano, que por sua vez, nos ajuda a entender as previs\u00f5es para o trabalho 2023. Esta opera\u00e7\u00e3o \u00e9 atribu\u00edda ao fil\u00f3sofo grego Pit\u00e1goras e consiste em reduzir um n\u00famero at\u00e9 que ele seja menor ou igual a 10. <\/span><\/p>\n<p><span style=\"font-weight: 400;\">Sobretudo, para o ano de 2023, essa redu\u00e7\u00e3o pode ser feita da seguinte maneira: 2 + 0 + 2 + 3 = 7. Isto significa que<a href=\"https:\/\/www.iquilibrio.com\/blog\/oraculos\/numerologia\/numerologia-2023\/\"> o n\u00famero que rege 2023 \u00e9 o n\u00famero 7<\/a>, que no Tarot corresponde ao Arcano Maior \u201cO Carro\u201d, que ao meu ver \u00e9 uma das cartas mais lindas do Tarot. Por\u00e9m, o que o n\u00famero 7 e o Arcano \u201cO Carro\u201d dizem a respeito da previs\u00e3o para o trabalho 2023?<\/span><\/p>\n<h2><span style=\"font-weight: 400;\">\u00cdndice &#8211; Previs\u00e3o para o trabalho 2023<\/span><\/h2>\n<h2><span style=\"font-weight: 400;\">O N\u00famero 7<\/span><\/h2>\n<p><span style=\"font-weight: 400;\"><a href=\"https:\/\/www.iquilibrio.com\/blog\/oraculos\/numerologia\/numero-7-significado\/\">Este n\u00famero representa a perfei\u00e7\u00e3o<\/a> e a integridade. Trata-se de um n\u00famero que define muitas m\u00e9tricas e sabedorias populares. Este n\u00famero representa o mist\u00e9rio, o ocultismo, a busca pela sabedoria, o desvendar dos mist\u00e9rios, a busca pela seguran\u00e7a e por completar ciclos, sendo assim, representa todos os caminhos que s\u00e3o percorridos at\u00e9 o fim.<\/span><\/p>\n<p><span style=\"font-weight: 400;\">De antem\u00e3o, como indicativo das previs\u00f5es para o trabalho em 2023, este n\u00famero aben\u00e7oa todos os projetos que come\u00e7am com estudo e pesquisa, o conhecimento antes da a\u00e7\u00e3o, a estrat\u00e9gia de trabalho, a estrat\u00e9gia de carreira. <\/span><span style=\"font-weight: 400;\">Esse n\u00famero indica que ser\u00e3o bem sucedidos aqueles que: <\/span><\/p>\n<ul>\n<li><span style=\"font-weight: 400;\">Estudarem;<\/span><\/li>\n<li><span style=\"font-weight: 400;\">Tra\u00e7arem estrat\u00e9gias;<\/span><\/li>\n<li><span style=\"font-weight: 400;\">Mantenham a disciplina para segui-las at\u00e9 o fim; <\/span><\/li>\n<li><span style=\"font-weight: 400;\">Exercite a paci\u00eancia;<\/span><\/li>\n<li><span style=\"font-weight: 400;\">Relembre sempre qual \u00e9 a sua motiva\u00e7\u00e3o.<\/span><\/li>\n<\/ul>\n<p style=\"text-align: center;\"><a href=\"https:\/\/www.iquilibrio.com\/trabalho-carreira\/?utm_campaign=blog_conversao&amp;utm_medium=texto_cta&amp;utm_source=blog&amp;utm_content=20220711_previsao_trabalho_2023_botao_abaixo_paragrafo4\" target=\"_blank\" rel=\"noopener\"><span class=\"td_btn td_btn_md td_round_btn\" style=\"background-color: #3366ff;\">Receba agora direcionamento sobre sua carreira e finan\u00e7as em 2023. Fale com um especialista!<\/span><\/a><\/p>\n<figure id=\"attachment_37326\" aria-describedby=\"caption-attachment-37326\" style=\"width: 900px\" class=\"wp-caption aligncenter\"><img loading=\"lazy\" decoding=\"async\" class=\"size-full wp-image-37326\" src=\"https:\/\/www.iquilibrio.com\/blog\/wp-content\/uploads\/2022\/10\/Tarot-2023-A-carta-de-2023.jpg\" alt=\"Tarot 2023 - A carta de 2023\" width=\"900\" height=\"560\" srcset=\"https:\/\/www.iquilibrio.com\/blog\/wp-content\/uploads\/2022\/10\/Tarot-2023-A-carta-de-2023.jpg 900w, https:\/\/www.iquilibrio.com\/blog\/wp-content\/uploads\/2022\/10\/Tarot-2023-A-carta-de-2023-300x187.jpg 300w, https:\/\/www.iquilibrio.com\/blog\/wp-content\/uploads\/2022\/10\/Tarot-2023-A-carta-de-2023-768x478.jpg 768w, https:\/\/www.iquilibrio.com\/blog\/wp-content\/uploads\/2022\/10\/Tarot-2023-A-carta-de-2023-696x433.jpg 696w, https:\/\/www.iquilibrio.com\/blog\/wp-content\/uploads\/2022\/10\/Tarot-2023-A-carta-de-2023-675x420.jpg 675w\" sizes=\"auto, (max-width: 900px) 100vw, 900px\" \/><figcaption id=\"caption-attachment-37326\" class=\"wp-caption-text\">Tarot 2023 &#8211; A carta de 2023<\/figcaption><\/figure>\n<h2><span style=\"font-weight: 400;\">O Arcano \u201cO Carro\u201d<\/span><\/h2>\n<p><span style=\"font-weight: 400;\"><a href=\"https:\/\/www.iquilibrio.com\/blog\/oraculos\/tarot\/tarot-2023-carta\/\">Este Arcano representa<\/a> dois cavalos puxando uma antiga biga \u2013 uma carro\u00e7a de duas rodas, preparadas para um \u00fanico cavaleiro \u2013 na frente da biga em alguns baralhos, como o de <a href=\"https:\/\/www.iquilibrio.com\/blog\/oraculos\/tarot\/tarot-de-marselha\/\">Marselha<\/a>, aparecem as letras SM, e em outros baralhos, como o <a href=\"https:\/\/www.iquilibrio.com\/blog\/oraculos\/tarot\/tarot-waite\/\">Tarot de Waite<\/a>, essas letras n\u00e3o s\u00e3o representadas.\u00a0<\/span><\/p>\n<p><span style=\"font-weight: 400;\">Na biga encontra-se um homem coroado, portando um cetro em sua m\u00e3o direita. Pode-se perceber que a biga possui um dossel \u2013 o anteparo sobre o qual uma rica manta est\u00e1 <\/span><span style=\"font-weight: 400;\">estendida \u2013 oferecendo prote\u00e7\u00e3o contra o calor do sol.<\/span><\/p>\n<p><strong>Experimente agora o <a href=\"https:\/\/www.iquilibrio.com\/blog\/tarot-marselha-3-cartas\/\">jogo gr\u00e1tis das 3 cartas<\/a>, o Tarot tem uma mensagem para voc\u00ea.<\/strong><\/p>\n<h3><span style=\"font-weight: 400;\">Previs\u00e3o para o trabalho 2023 &#8211; Os simbolismos da carta O Carro<\/span><\/h3>\n<p><span style=\"font-weight: 400;\">Este Arcano representa um her\u00f3i vitorioso, realizando um desfile para demonstrar o seu triunfo. As ra\u00edzes deste s\u00edmbolo parecem remontar ao triunfo do deus eg\u00edpcio Os\u00edris, que ressuscitou por meio do poder de sua esposa \u00cdsis, com quem retornou vitorioso ao mundo dos vivos.\u00a0<\/span><\/p>\n<p><span style=\"font-weight: 400;\">Contudo, tamb\u00e9m possui ra\u00edzes nas lendas de Alexandre, o Grande, devido a suas diversas vit\u00f3rias e conquistas em campos de batalha. Do mesmo modo, representa o deus grego Apolo, que em suas viagens trazia: <\/span><\/p>\n<ul>\n<li><a href=\"https:\/\/www.iquilibrio.com\/blog\/previsoes\/simpatias-ano-novo\/\"><span style=\"font-weight: 400;\">Prosperidade;<\/span><\/a><\/li>\n<li><a href=\"https:\/\/www.iquilibrio.com\/blog\/espiritualidade\/avanco-idade-espiritualidade\/\"><span style=\"font-weight: 400;\">Sabedoria;<\/span><\/a><\/li>\n<li><span style=\"font-weight: 400;\">Presentes aos seus destinos. <\/span><\/li>\n<\/ul>\n<p><span style=\"font-weight: 400;\">Por\u00e9m, \u00e9 um <a href=\"https:\/\/www.iquilibrio.com\/blog\/espiritualidade\/xamanismo\/yin-yang\/\">s\u00edmbolo de movimento<\/a>, \u00e9 um s\u00edmbolo de prosperidade que j\u00e1 est\u00e1 acontecendo ou que est\u00e1 a caminho de se tornar algo est\u00e1vel e permanente.<\/span><\/p>\n<p><span style=\"font-weight: 400;\">Assim como um cavaleiro que mant\u00e9m o controle dos cavalos, esta carta indica que a sua prosperidade vai depender muito do modo como voc\u00ea dirige, ou seja, aqui tudo volta para o estudo, a disciplina e a estrat\u00e9gia do n\u00famero 7. Al\u00e9m disso, o cetro indica que voc\u00ea pode muito mais do que voc\u00ea imagina que pode, e que voc\u00ea deve acreditar em voc\u00ea mesmo.<\/span><\/p>\n<h3><span style=\"font-weight: 400;\">Sucesso, reconhecimento e prosperidade em 2023<\/span><\/h3>\n<p><span style=\"font-weight: 400;\">Sendo assim, para 2023, a carta O Carro indica que este \u00e9 o ano em que os seus esfor\u00e7os dar\u00e3o resultados. Este \u00e9 o ano em que voc\u00ea vai perceber que as coisas est\u00e3o voltando a andar, e que os caminhos estar\u00e3o abertos. <\/span><\/p>\n<p><span style=\"font-weight: 400;\">\u00c9 um Arcano que anuncia prosperidade, especialmente para comerciantes \u2013 inclusive aqueles que:<\/span><\/p>\n<ul>\n<li><span style=\"font-weight: 400;\">Trabalham com exporta\u00e7\u00e3o e importa\u00e7\u00e3o;<\/span><\/li>\n<li><span style=\"font-weight: 400;\">Para pessoas que trabalham viajando;<\/span><\/li>\n<li><span style=\"font-weight: 400;\">Para militares;<\/span><\/li>\n<li><span style=\"font-weight: 400;\">Para esportes competitivos.<\/span><\/li>\n<\/ul>\n<p><span style=\"font-weight: 400;\">Al\u00e9m disso, pelo fato do cavaleiro estar coroado, \u00e9 um Arcano que tamb\u00e9m possui rela\u00e7\u00e3o com o mercado de luxo \u2013 joias, perfumes, tecidos finos, alta costura, itens exclusivos, e tudo que esteja <a href=\"https:\/\/www.astrocentro.com.br\/blog\/bem-estar\/como-atrair-prosperidade-riqueza\/\" target=\"_blank\" rel=\"noopener\">relacionado \u00e0 riqueza<\/a>. Ser\u00e1 um ano marcado por not\u00edcias positivas, anunciando novos caminhos e oportunidades.<\/span><\/p>\n<p style=\"text-align: center;\"><a href=\"https:\/\/www.iquilibrio.com\/tarot\/?utm_campaign=blog_conversao&amp;utm_medium=texto_cta&amp;utm_source=blog&amp;utm_content=20220711_previsao_trabalho_2023_botao_abaixo_paragrafo14\" target=\"_blank\" rel=\"noopener\"><span class=\"td_btn td_btn_md td_round_btn\" style=\"background-color: #3366ff;\">Descubra qual \u00e9 a mensagem do Tarot para a sua vida. Fa\u00e7a uma tiragem de cartas com um especialista e receba luz!<\/span><\/a><\/p>\n<figure id=\"attachment_35295\" aria-describedby=\"caption-attachment-35295\" style=\"width: 900px\" class=\"wp-caption aligncenter\"><img loading=\"lazy\" decoding=\"async\" class=\"size-full wp-image-35295\" src=\"https:\/\/www.iquilibrio.com\/blog\/wp-content\/uploads\/2022\/04\/oracao-para-conseguir-trabalho.jpg\" alt=\"ora\u00e7\u00e3o para conseguir trabalho\" width=\"900\" height=\"560\" srcset=\"https:\/\/www.iquilibrio.com\/blog\/wp-content\/uploads\/2022\/04\/oracao-para-conseguir-trabalho.jpg 900w, https:\/\/www.iquilibrio.com\/blog\/wp-content\/uploads\/2022\/04\/oracao-para-conseguir-trabalho-300x187.jpg 300w, https:\/\/www.iquilibrio.com\/blog\/wp-content\/uploads\/2022\/04\/oracao-para-conseguir-trabalho-768x478.jpg 768w, https:\/\/www.iquilibrio.com\/blog\/wp-content\/uploads\/2022\/04\/oracao-para-conseguir-trabalho-696x433.jpg 696w, https:\/\/www.iquilibrio.com\/blog\/wp-content\/uploads\/2022\/04\/oracao-para-conseguir-trabalho-675x420.jpg 675w\" sizes=\"auto, (max-width: 900px) 100vw, 900px\" \/><figcaption id=\"caption-attachment-35295\" class=\"wp-caption-text\">ora\u00e7\u00e3o para conseguir trabalho<\/figcaption><\/figure>\n<h2><span style=\"font-weight: 400;\">Previs\u00e3o para o trabalho 2023 &#8211; Cuidado com a ambi\u00e7\u00e3o!<\/span><\/h2>\n<p><span style=\"font-weight: 400;\">Entretanto, pelo lado negativo, este Arcano indica que a disciplina pode ultrapassar os limites da raz\u00e3o. Se isso acontecer, voc\u00ea corre o risco de ver as pessoas como meros instrumentos para alcan\u00e7ar as suas metas. <\/span><\/p>\n<p><span style=\"font-weight: 400;\">Seja como for, pode indicar tamb\u00e9m, pelo lado negativo, a possibilidade de alimentar ambi\u00e7\u00f5es desmedidas, megalomania, oportunismo perigoso e perda de controle.<\/span><\/p>\n<p><span style=\"font-weight: 400;\">O lado negativo deste Arcano pode ser evitado exercendo a autocr\u00edtica, e buscando o autoconhecimento, assim como o conhecimento t\u00e9cnicos, como por exemplo:<\/span><\/p>\n<ul>\n<li><span style=\"font-weight: 400;\">Profiss\u00f5es em alta em 2023;<\/span><\/li>\n<li><span style=\"font-weight: 400;\">Tend\u00eancia de mercado para 2023;<\/span><\/li>\n<li><span style=\"font-weight: 400;\">Conhecimento da \u00e1rea em que voc\u00ea pretende trabalhar. <\/span><\/li>\n<\/ul>\n<p><span style=\"font-weight: 400;\">Nesse sentido, acredite em si mesmo, por\u00e9m, n\u00e3o deixe de iluminar o seu cora\u00e7\u00e3o com o <\/span><span style=\"font-weight: 400;\">conhecimento. Afinal de contas, <a href=\"https:\/\/www.iquilibrio.com\/blog\/terapias-alternativas\/gayatri-mantra\/\">a ora\u00e7\u00e3o mais antiga do mundo \u2013 o Gayatri<\/a> \u2013 diz: \u201cNo para\u00edso, na Terra e no submundo, n\u00f3s pedimos, Senhor, pela sabedoria, e que a luz do conhecimento, nos liberta da escurid\u00e3o!\u201d.\u00a0<\/span><\/p>\n<p><span style=\"font-weight: 400;\">Portanto, melhore o seu conhecimento,<a href=\"https:\/\/www.bbc.com\/portuguese\/geral-55721818\" target=\"_blank\" rel=\"noopener\"> exercite a autocr\u00edtica<\/a>, trace uma estrat\u00e9gia de trabalho e de carreira, e confie em Deus e em si mesmo. Que 2023 seja um ano maravilhoso, para todos n\u00f3s e que voc\u00ea consiga usar as previs\u00f5es para o trabalho 2023 a seu favor!<\/span><\/p>\n<hr \/>\n<h2><span id=\"Conheca_mais_sobre_o_consultor_Abraao\"><img loading=\"lazy\" decoding=\"async\" class=\"wp-image-20324 alignleft td-animation-stack-type0-2\" src=\"https:\/\/www.iquilibrio.com\/blog\/wp-content\/uploads\/2018\/10\/abraao.png\" alt=\"\" width=\"124\" height=\"124\" data-pagespeed-url-hash=\"3726655892\" \/>Conhe\u00e7a mais sobre o consultor Abra\u00e3o<\/span><\/h2>\n<p>Sou o Abra\u00e3o,\u00a0estudo Tarot h\u00e1 mais de 10 anos e tamb\u00e9m trabalho com Numerologia.<\/p>\n<p>\u00c9 muito gratificante saber que pude ao decorrer destes anos ajudar tantas pessoas com o meu dom e conhecimento, e espero que eu tamb\u00e9m possa ajudar voc\u00ea a se encontrar em um caminho de Luz.<\/p>\n<p style=\"text-align: center;\"><a href=\"https:\/\/www.iquilibrio.com\/esotericos\/abraao\/?utm_campaign=blog_conversao&amp;utm_medium=texto_cta&amp;utm_source=blog&amp;utm_content=20220711_previsao_trabalho_2023_botao_abaixo_perfil_consultor\" target=\"_blank\" rel=\"noopener\"><span class=\"td_btn td_btn_md td_round_btn\" style=\"background-color: #00ff00;\">Fale agora com o consultor Abra\u00e3o e receba direcionamento para sua vida!<\/span><\/a><\/p>\n<hr \/>\n<p>Assista este v\u00eddeo e descubra uma simpatia poderosa para arrumar emprego:<\/p>\n<p><iframe loading=\"lazy\" title=\"SIMPATIA PARA ARRUMAR EMPREGO\" width=\"696\" height=\"392\" src=\"https:\/\/www.youtube.com\/embed\/u-O010mkDdQ?feature=oembed\" frameborder=\"0\" allow=\"accelerometer; autoplay; clipboard-write; encrypted-media; gyroscope; picture-in-picture\" allowfullscreen><\/iframe><\/p>\n\n\n<div class=\"kk-star-ratings kksr-auto kksr-align-left kksr-valign-bottom\"\n    data-payload='{&quot;align&quot;:&quot;left&quot;,&quot;id&quot;:&quot;37672&quot;,&quot;slug&quot;:&quot;default&quot;,&quot;valign&quot;:&quot;bottom&quot;,&quot;ignore&quot;:&quot;&quot;,&quot;reference&quot;:&quot;auto&quot;,&quot;class&quot;:&quot;&quot;,&quot;count&quot;:&quot;0&quot;,&quot;legendonly&quot;:&quot;&quot;,&quot;readonly&quot;:&quot;&quot;,&quot;score&quot;:&quot;0&quot;,&quot;starsonly&quot;:&quot;&quot;,&quot;best&quot;:&quot;5&quot;,&quot;gap&quot;:&quot;5&quot;,&quot;greet&quot;:&quot;Rate this post&quot;,&quot;legend&quot;:&quot;0\\\/5 - (0 voto)&quot;,&quot;size&quot;:&quot;24&quot;,&quot;title&quot;:&quot;Previs\u00e3o para o trabalho 2023&quot;,&quot;width&quot;:&quot;0&quot;,&quot;_legend&quot;:&quot;{score}\\\/{best} - ({count} {votes})&quot;,&quot;font_factor&quot;:&quot;1.25&quot;}'>\n            \n<div class=\"kksr-stars\">\n    \n<div class=\"kksr-stars-inactive\">\n            <div class=\"kksr-star\" data-star=\"1\" style=\"padding-right: 5px\">\n            \n\n<div class=\"kksr-icon\" style=\"width: 24px; height: 24px;\"><\/div>\n        <\/div>\n            <div class=\"kksr-star\" data-star=\"2\" style=\"padding-right: 5px\">\n            \n\n<div class=\"kksr-icon\" style=\"width: 24px; height: 24px;\"><\/div>\n        <\/div>\n            <div class=\"kksr-star\" data-star=\"3\" style=\"padding-right: 5px\">\n            \n\n<div class=\"kksr-icon\" style=\"width: 24px; height: 24px;\"><\/div>\n        <\/div>\n            <div class=\"kksr-star\" data-star=\"4\" style=\"padding-right: 5px\">\n            \n\n<div class=\"kksr-icon\" style=\"width: 24px; height: 24px;\"><\/div>\n        <\/div>\n            <div class=\"kksr-star\" data-star=\"5\" style=\"padding-right: 5px\">\n            \n\n<div class=\"kksr-icon\" style=\"width: 24px; height: 24px;\"><\/div>\n        <\/div>\n    <\/div>\n    \n<div class=\"kksr-stars-active\" style=\"width: 0px;\">\n            <div class=\"kksr-star\" style=\"padding-right: 5px\">\n            \n\n<div class=\"kksr-icon\" style=\"width: 24px; height: 24px;\"><\/div>\n        <\/div>\n            <div class=\"kksr-star\" style=\"padding-right: 5px\">\n            \n\n<div class=\"kksr-icon\" style=\"width: 24px; height: 24px;\"><\/div>\n        <\/div>\n            <div class=\"kksr-star\" style=\"padding-right: 5px\">\n            \n\n<div class=\"kksr-icon\" style=\"width: 24px; height: 24px;\"><\/div>\n        <\/div>\n            <div class=\"kksr-star\" style=\"padding-right: 5px\">\n            \n\n<div class=\"kksr-icon\" style=\"width: 24px; height: 24px;\"><\/div>\n        <\/div>\n            <div class=\"kksr-star\" style=\"padding-right: 5px\">\n            \n\n<div class=\"kksr-icon\" style=\"width: 24px; height: 24px;\"><\/div>\n        <\/div>\n    <\/div>\n<\/div>\n                \n\n<div class=\"kksr-legend\" style=\"font-size: 19.2px;\">\n            <span class=\"kksr-muted\">Rate this post<\/span>\n    <\/div>\n    <\/div>\n","protected":false},"excerpt":{"rendered":"<p>Ol\u00e1, sou o consultor Abra\u00e3o e para fazer a previs\u00e3o para o trabalho 2023, vamos usar a t\u00e9cnica de redu\u00e7\u00e3o pitag\u00f3rica por onde \u00e9 poss\u00edvel determinar qual ser\u00e1 a carta e o n\u00famero regente do ano, que por sua vez, nos ajuda a entender as previs\u00f5es para o trabalho 2023. Esta opera\u00e7\u00e3o \u00e9 atribu\u00edda ao [&hellip;]<\/p>\n","protected":false},"author":153,"featured_media":37675,"comment_status":"closed","ping_status":"closed","sticky":false,"template":"","format":"standard","meta":{"footnotes":""},"categories":[4749],"tags":[],"class_list":["post-37672","post","type-post","status-publish","format-standard","has-post-thumbnail","hentry","category-previsoes"],"yoast_head":"<!-- This site is optimized with the Yoast SEO plugin v27.4 - https:\/\/yoast.com\/product\/yoast-seo-wordpress\/ -->\n<title>Previs\u00e3o para o trabalho 2023 - Veja o que os or\u00e1culos dizem<\/title>\n<meta name=\"description\" content=\"Quer saber como se preparar para o mercado de trabalho e assim alcan\u00e7ar o sucesso no ano novo? Confira agora a previs\u00e3o para o trabalho 2023\" \/>\n<meta name=\"robots\" content=\"index, follow, max-snippet:-1, max-image-preview:large, max-video-preview:-1\" \/>\n<link rel=\"canonical\" href=\"https:\/\/www.iquilibrio.com\/blog\/previsoes\/previsao-trabalho-2023\/\" \/>\n<meta property=\"og:locale\" content=\"pt_BR\" \/>\n<meta property=\"og:type\" content=\"article\" \/>\n<meta property=\"og:title\" content=\"Previs\u00e3o para o trabalho 2023 - Veja o que os or\u00e1culos dizem\" \/>\n<meta property=\"og:description\" content=\"Quer saber como se preparar para o mercado de trabalho e assim alcan\u00e7ar o sucesso no ano novo? Confira agora a previs\u00e3o para o trabalho 2023\" \/>\n<meta property=\"og:url\" content=\"https:\/\/www.iquilibrio.com\/blog\/previsoes\/previsao-trabalho-2023\/\" \/>\n<meta property=\"og:site_name\" content=\"iQuilibrio\" \/>\n<meta property=\"article:publisher\" content=\"https:\/\/www.facebook.com\/iQuilibrio\/\" \/>\n<meta property=\"article:published_time\" content=\"2022-11-09T13:10:13+00:00\" \/>\n<meta property=\"og:image\" content=\"https:\/\/www.iquilibrio.com\/blog\/wp-content\/uploads\/2022\/11\/previsao-para-o-trabalho.jpg\" \/>\n\t<meta property=\"og:image:width\" content=\"900\" \/>\n\t<meta property=\"og:image:height\" content=\"560\" \/>\n\t<meta property=\"og:image:type\" content=\"image\/jpeg\" \/>\n<meta name=\"author\" content=\"Eduardo Miranda\" \/>\n<meta name=\"twitter:card\" content=\"summary_large_image\" \/>\n<meta name=\"twitter:creator\" content=\"@iquilibrio\" \/>\n<meta name=\"twitter:site\" content=\"@iquilibrio\" \/>\n<meta name=\"twitter:label1\" content=\"Escrito por\" \/>\n\t<meta name=\"twitter:data1\" content=\"Eduardo Miranda\" \/>\n\t<meta name=\"twitter:label2\" content=\"Est. tempo de leitura\" \/>\n\t<meta name=\"twitter:data2\" content=\"7 minutos\" \/>\n<script type=\"application\/ld+json\" class=\"yoast-schema-graph\">{\"@context\":\"https:\\\/\\\/schema.org\",\"@graph\":[{\"@type\":\"Article\",\"@id\":\"https:\\\/\\\/www.iquilibrio.com\\\/blog\\\/previsoes\\\/previsao-trabalho-2023\\\/#article\",\"isPartOf\":{\"@id\":\"https:\\\/\\\/www.iquilibrio.com\\\/blog\\\/previsoes\\\/previsao-trabalho-2023\\\/\"},\"author\":{\"name\":\"Eduardo Miranda\",\"@id\":\"https:\\\/\\\/www.iquilibrio.com\\\/blog\\\/#\\\/schema\\\/person\\\/c77867b3c23fbf4763476631f4b92e6e\"},\"headline\":\"Previs\u00e3o para o trabalho 2023\",\"datePublished\":\"2022-11-09T13:10:13+00:00\",\"mainEntityOfPage\":{\"@id\":\"https:\\\/\\\/www.iquilibrio.com\\\/blog\\\/previsoes\\\/previsao-trabalho-2023\\\/\"},\"wordCount\":1111,\"publisher\":{\"@id\":\"https:\\\/\\\/www.iquilibrio.com\\\/blog\\\/#organization\"},\"image\":{\"@id\":\"https:\\\/\\\/www.iquilibrio.com\\\/blog\\\/previsoes\\\/previsao-trabalho-2023\\\/#primaryimage\"},\"thumbnailUrl\":\"https:\\\/\\\/www.iquilibrio.com\\\/blog\\\/wp-content\\\/uploads\\\/2022\\\/11\\\/previsao-para-o-trabalho.jpg\",\"articleSection\":[\"Previs\u00f5es\"],\"inLanguage\":\"pt-BR\"},{\"@type\":\"WebPage\",\"@id\":\"https:\\\/\\\/www.iquilibrio.com\\\/blog\\\/previsoes\\\/previsao-trabalho-2023\\\/\",\"url\":\"https:\\\/\\\/www.iquilibrio.com\\\/blog\\\/previsoes\\\/previsao-trabalho-2023\\\/\",\"name\":\"Previs\u00e3o para o trabalho 2023 - Veja o que os or\u00e1culos dizem\",\"isPartOf\":{\"@id\":\"https:\\\/\\\/www.iquilibrio.com\\\/blog\\\/#website\"},\"primaryImageOfPage\":{\"@id\":\"https:\\\/\\\/www.iquilibrio.com\\\/blog\\\/previsoes\\\/previsao-trabalho-2023\\\/#primaryimage\"},\"image\":{\"@id\":\"https:\\\/\\\/www.iquilibrio.com\\\/blog\\\/previsoes\\\/previsao-trabalho-2023\\\/#primaryimage\"},\"thumbnailUrl\":\"https:\\\/\\\/www.iquilibrio.com\\\/blog\\\/wp-content\\\/uploads\\\/2022\\\/11\\\/previsao-para-o-trabalho.jpg\",\"datePublished\":\"2022-11-09T13:10:13+00:00\",\"description\":\"Quer saber como se preparar para o mercado de trabalho e assim alcan\u00e7ar o sucesso no ano novo? Confira agora a previs\u00e3o para o trabalho 2023\",\"breadcrumb\":{\"@id\":\"https:\\\/\\\/www.iquilibrio.com\\\/blog\\\/previsoes\\\/previsao-trabalho-2023\\\/#breadcrumb\"},\"inLanguage\":\"pt-BR\",\"potentialAction\":[{\"@type\":\"ReadAction\",\"target\":[\"https:\\\/\\\/www.iquilibrio.com\\\/blog\\\/previsoes\\\/previsao-trabalho-2023\\\/\"]}]},{\"@type\":\"ImageObject\",\"inLanguage\":\"pt-BR\",\"@id\":\"https:\\\/\\\/www.iquilibrio.com\\\/blog\\\/previsoes\\\/previsao-trabalho-2023\\\/#primaryimage\",\"url\":\"https:\\\/\\\/www.iquilibrio.com\\\/blog\\\/wp-content\\\/uploads\\\/2022\\\/11\\\/previsao-para-o-trabalho.jpg\",\"contentUrl\":\"https:\\\/\\\/www.iquilibrio.com\\\/blog\\\/wp-content\\\/uploads\\\/2022\\\/11\\\/previsao-para-o-trabalho.jpg\",\"width\":900,\"height\":560,\"caption\":\"previs\u00e3o para o trabalho\"},{\"@type\":\"BreadcrumbList\",\"@id\":\"https:\\\/\\\/www.iquilibrio.com\\\/blog\\\/previsoes\\\/previsao-trabalho-2023\\\/#breadcrumb\",\"itemListElement\":[{\"@type\":\"ListItem\",\"position\":1,\"name\":\"In\u00edcio\",\"item\":\"https:\\\/\\\/www.iquilibrio.com\\\/blog\\\/\"},{\"@type\":\"ListItem\",\"position\":2,\"name\":\"Previs\u00e3o para o trabalho 2023\"}]},{\"@type\":\"WebSite\",\"@id\":\"https:\\\/\\\/www.iquilibrio.com\\\/blog\\\/#website\",\"url\":\"https:\\\/\\\/www.iquilibrio.com\\\/blog\\\/\",\"name\":\"iQuilibrio\",\"description\":\"Blog iQuilibrio\",\"publisher\":{\"@id\":\"https:\\\/\\\/www.iquilibrio.com\\\/blog\\\/#organization\"},\"potentialAction\":[{\"@type\":\"SearchAction\",\"target\":{\"@type\":\"EntryPoint\",\"urlTemplate\":\"https:\\\/\\\/www.iquilibrio.com\\\/blog\\\/?s={search_term_string}\"},\"query-input\":{\"@type\":\"PropertyValueSpecification\",\"valueRequired\":true,\"valueName\":\"search_term_string\"}}],\"inLanguage\":\"pt-BR\"},{\"@type\":\"Organization\",\"@id\":\"https:\\\/\\\/www.iquilibrio.com\\\/blog\\\/#organization\",\"name\":\"Esoterismo, Misticismo e Tarot Online - iQuilibrio\",\"url\":\"https:\\\/\\\/www.iquilibrio.com\\\/blog\\\/\",\"logo\":{\"@type\":\"ImageObject\",\"inLanguage\":\"pt-BR\",\"@id\":\"https:\\\/\\\/www.iquilibrio.com\\\/blog\\\/#\\\/schema\\\/logo\\\/image\\\/\",\"url\":\"https:\\\/\\\/www.iquilibrio.com\\\/blog\\\/wp-content\\\/uploads\\\/2018\\\/12\\\/iquilibrio_lovo_vetor_preto-retina.png\",\"contentUrl\":\"https:\\\/\\\/www.iquilibrio.com\\\/blog\\\/wp-content\\\/uploads\\\/2018\\\/12\\\/iquilibrio_lovo_vetor_preto-retina.png\",\"width\":972,\"height\":180,\"caption\":\"Esoterismo, Misticismo e Tarot Online - iQuilibrio\"},\"image\":{\"@id\":\"https:\\\/\\\/www.iquilibrio.com\\\/blog\\\/#\\\/schema\\\/logo\\\/image\\\/\"},\"sameAs\":[\"https:\\\/\\\/www.facebook.com\\\/iQuilibrio\\\/\",\"https:\\\/\\\/x.com\\\/iquilibrio\",\"https:\\\/\\\/www.instagram.com\\\/iquilibrio\\\/\",\"https:\\\/\\\/www.linkedin.com\\\/company\\\/iquilibrio\\\/\",\"https:\\\/\\\/br.pinterest.com\\\/iquilibrio1397\\\/\",\"https:\\\/\\\/www.youtube.com\\\/channel\\\/UC175qxd-4Zsi4wzawT5zF2g\"]},{\"@type\":\"Person\",\"@id\":\"https:\\\/\\\/www.iquilibrio.com\\\/blog\\\/#\\\/schema\\\/person\\\/c77867b3c23fbf4763476631f4b92e6e\",\"name\":\"Eduardo Miranda\",\"image\":{\"@type\":\"ImageObject\",\"inLanguage\":\"pt-BR\",\"@id\":\"https:\\\/\\\/www.iquilibrio.com\\\/blog\\\/wp-content\\\/uploads\\\/2021\\\/12\\\/Consulta-por-email-3-150x150.png\",\"url\":\"https:\\\/\\\/www.iquilibrio.com\\\/blog\\\/wp-content\\\/uploads\\\/2021\\\/12\\\/Consulta-por-email-3-150x150.png\",\"contentUrl\":\"https:\\\/\\\/www.iquilibrio.com\\\/blog\\\/wp-content\\\/uploads\\\/2021\\\/12\\\/Consulta-por-email-3-150x150.png\",\"caption\":\"Eduardo Miranda\"},\"description\":\"Eduardo, \u00e9 um jovem apaixonado pela leitura e escrita. Est\u00e1 constantemente em busca de novos aprendizados e experi\u00eancias. A miss\u00e3o dele envolve o desenvolvimento das pessoas atrav\u00e9s daquilo que escreve, de forma leve e pr\u00e1tica, em busca de propagar conte\u00fados emp\u00e1ticos ao falar sobre temas como autoconhecimento e espiritualidade. Sempre prezando pela complexidade interior de cada um, respeitando as cargas emocionais e culturais de cada indiv\u00edduo ao abordar temas como: religi\u00e3o, amor e outras vertentes da vida espiritual.\",\"url\":\"https:\\\/\\\/www.iquilibrio.com\\\/blog\\\/author\\\/lucas-eduardo\\\/\"}]}<\/script>\n<!-- \/ Yoast SEO plugin. -->","yoast_head_json":{"title":"Previs\u00e3o para o trabalho 2023 - Veja o que os or\u00e1culos dizem","description":"Quer saber como se preparar para o mercado de trabalho e assim alcan\u00e7ar o sucesso no ano novo? Confira agora a previs\u00e3o para o trabalho 2023","robots":{"index":"index","follow":"follow","max-snippet":"max-snippet:-1","max-image-preview":"max-image-preview:large","max-video-preview":"max-video-preview:-1"},"canonical":"https:\/\/www.iquilibrio.com\/blog\/previsoes\/previsao-trabalho-2023\/","og_locale":"pt_BR","og_type":"article","og_title":"Previs\u00e3o para o trabalho 2023 - Veja o que os or\u00e1culos dizem","og_description":"Quer saber como se preparar para o mercado de trabalho e assim alcan\u00e7ar o sucesso no ano novo? Confira agora a previs\u00e3o para o trabalho 2023","og_url":"https:\/\/www.iquilibrio.com\/blog\/previsoes\/previsao-trabalho-2023\/","og_site_name":"iQuilibrio","article_publisher":"https:\/\/www.facebook.com\/iQuilibrio\/","article_published_time":"2022-11-09T13:10:13+00:00","og_image":[{"width":900,"height":560,"url":"https:\/\/www.iquilibrio.com\/blog\/wp-content\/uploads\/2022\/11\/previsao-para-o-trabalho.jpg","type":"image\/jpeg"}],"author":"Eduardo Miranda","twitter_card":"summary_large_image","twitter_creator":"@iquilibrio","twitter_site":"@iquilibrio","twitter_misc":{"Escrito por":"Eduardo Miranda","Est. tempo de leitura":"7 minutos"},"schema":{"@context":"https:\/\/schema.org","@graph":[{"@type":"Article","@id":"https:\/\/www.iquilibrio.com\/blog\/previsoes\/previsao-trabalho-2023\/#article","isPartOf":{"@id":"https:\/\/www.iquilibrio.com\/blog\/previsoes\/previsao-trabalho-2023\/"},"author":{"name":"Eduardo Miranda","@id":"https:\/\/www.iquilibrio.com\/blog\/#\/schema\/person\/c77867b3c23fbf4763476631f4b92e6e"},"headline":"Previs\u00e3o para o trabalho 2023","datePublished":"2022-11-09T13:10:13+00:00","mainEntityOfPage":{"@id":"https:\/\/www.iquilibrio.com\/blog\/previsoes\/previsao-trabalho-2023\/"},"wordCount":1111,"publisher":{"@id":"https:\/\/www.iquilibrio.com\/blog\/#organization"},"image":{"@id":"https:\/\/www.iquilibrio.com\/blog\/previsoes\/previsao-trabalho-2023\/#primaryimage"},"thumbnailUrl":"https:\/\/www.iquilibrio.com\/blog\/wp-content\/uploads\/2022\/11\/previsao-para-o-trabalho.jpg","articleSection":["Previs\u00f5es"],"inLanguage":"pt-BR"},{"@type":"WebPage","@id":"https:\/\/www.iquilibrio.com\/blog\/previsoes\/previsao-trabalho-2023\/","url":"https:\/\/www.iquilibrio.com\/blog\/previsoes\/previsao-trabalho-2023\/","name":"Previs\u00e3o para o trabalho 2023 - Veja o que os or\u00e1culos dizem","isPartOf":{"@id":"https:\/\/www.iquilibrio.com\/blog\/#website"},"primaryImageOfPage":{"@id":"https:\/\/www.iquilibrio.com\/blog\/previsoes\/previsao-trabalho-2023\/#primaryimage"},"image":{"@id":"https:\/\/www.iquilibrio.com\/blog\/previsoes\/previsao-trabalho-2023\/#primaryimage"},"thumbnailUrl":"https:\/\/www.iquilibrio.com\/blog\/wp-content\/uploads\/2022\/11\/previsao-para-o-trabalho.jpg","datePublished":"2022-11-09T13:10:13+00:00","description":"Quer saber como se preparar para o mercado de trabalho e assim alcan\u00e7ar o sucesso no ano novo? Confira agora a previs\u00e3o para o trabalho 2023","breadcrumb":{"@id":"https:\/\/www.iquilibrio.com\/blog\/previsoes\/previsao-trabalho-2023\/#breadcrumb"},"inLanguage":"pt-BR","potentialAction":[{"@type":"ReadAction","target":["https:\/\/www.iquilibrio.com\/blog\/previsoes\/previsao-trabalho-2023\/"]}]},{"@type":"ImageObject","inLanguage":"pt-BR","@id":"https:\/\/www.iquilibrio.com\/blog\/previsoes\/previsao-trabalho-2023\/#primaryimage","url":"https:\/\/www.iquilibrio.com\/blog\/wp-content\/uploads\/2022\/11\/previsao-para-o-trabalho.jpg","contentUrl":"https:\/\/www.iquilibrio.com\/blog\/wp-content\/uploads\/2022\/11\/previsao-para-o-trabalho.jpg","width":900,"height":560,"caption":"previs\u00e3o para o trabalho"},{"@type":"BreadcrumbList","@id":"https:\/\/www.iquilibrio.com\/blog\/previsoes\/previsao-trabalho-2023\/#breadcrumb","itemListElement":[{"@type":"ListItem","position":1,"name":"In\u00edcio","item":"https:\/\/www.iquilibrio.com\/blog\/"},{"@type":"ListItem","position":2,"name":"Previs\u00e3o para o trabalho 2023"}]},{"@type":"WebSite","@id":"https:\/\/www.iquilibrio.com\/blog\/#website","url":"https:\/\/www.iquilibrio.com\/blog\/","name":"iQuilibrio","description":"Blog iQuilibrio","publisher":{"@id":"https:\/\/www.iquilibrio.com\/blog\/#organization"},"potentialAction":[{"@type":"SearchAction","target":{"@type":"EntryPoint","urlTemplate":"https:\/\/www.iquilibrio.com\/blog\/?s={search_term_string}"},"query-input":{"@type":"PropertyValueSpecification","valueRequired":true,"valueName":"search_term_string"}}],"inLanguage":"pt-BR"},{"@type":"Organization","@id":"https:\/\/www.iquilibrio.com\/blog\/#organization","name":"Esoterismo, Misticismo e Tarot Online - iQuilibrio","url":"https:\/\/www.iquilibrio.com\/blog\/","logo":{"@type":"ImageObject","inLanguage":"pt-BR","@id":"https:\/\/www.iquilibrio.com\/blog\/#\/schema\/logo\/image\/","url":"https:\/\/www.iquilibrio.com\/blog\/wp-content\/uploads\/2018\/12\/iquilibrio_lovo_vetor_preto-retina.png","contentUrl":"https:\/\/www.iquilibrio.com\/blog\/wp-content\/uploads\/2018\/12\/iquilibrio_lovo_vetor_preto-retina.png","width":972,"height":180,"caption":"Esoterismo, Misticismo e Tarot Online - iQuilibrio"},"image":{"@id":"https:\/\/www.iquilibrio.com\/blog\/#\/schema\/logo\/image\/"},"sameAs":["https:\/\/www.facebook.com\/iQuilibrio\/","https:\/\/x.com\/iquilibrio","https:\/\/www.instagram.com\/iquilibrio\/","https:\/\/www.linkedin.com\/company\/iquilibrio\/","https:\/\/br.pinterest.com\/iquilibrio1397\/","https:\/\/www.youtube.com\/channel\/UC175qxd-4Zsi4wzawT5zF2g"]},{"@type":"Person","@id":"https:\/\/www.iquilibrio.com\/blog\/#\/schema\/person\/c77867b3c23fbf4763476631f4b92e6e","name":"Eduardo Miranda","image":{"@type":"ImageObject","inLanguage":"pt-BR","@id":"https:\/\/www.iquilibrio.com\/blog\/wp-content\/uploads\/2021\/12\/Consulta-por-email-3-150x150.png","url":"https:\/\/www.iquilibrio.com\/blog\/wp-content\/uploads\/2021\/12\/Consulta-por-email-3-150x150.png","contentUrl":"https:\/\/www.iquilibrio.com\/blog\/wp-content\/uploads\/2021\/12\/Consulta-por-email-3-150x150.png","caption":"Eduardo Miranda"},"description":"Eduardo, \u00e9 um jovem apaixonado pela leitura e escrita. Est\u00e1 constantemente em busca de novos aprendizados e experi\u00eancias. A miss\u00e3o dele envolve o desenvolvimento das pessoas atrav\u00e9s daquilo que escreve, de forma leve e pr\u00e1tica, em busca de propagar conte\u00fados emp\u00e1ticos ao falar sobre temas como autoconhecimento e espiritualidade. Sempre prezando pela complexidade interior de cada um, respeitando as cargas emocionais e culturais de cada indiv\u00edduo ao abordar temas como: religi\u00e3o, amor e outras vertentes da vida espiritual.","url":"https:\/\/www.iquilibrio.com\/blog\/author\/lucas-eduardo\/"}]}},"_links":{"self":[{"href":"https:\/\/www.iquilibrio.com\/blog\/wp-json\/wp\/v2\/posts\/37672","targetHints":{"allow":["GET"]}}],"collection":[{"href":"https:\/\/www.iquilibrio.com\/blog\/wp-json\/wp\/v2\/posts"}],"about":[{"href":"https:\/\/www.iquilibrio.com\/blog\/wp-json\/wp\/v2\/types\/post"}],"author":[{"embeddable":true,"href":"https:\/\/www.iquilibrio.com\/blog\/wp-json\/wp\/v2\/users\/153"}],"replies":[{"embeddable":true,"href":"https:\/\/www.iquilibrio.com\/blog\/wp-json\/wp\/v2\/comments?post=37672"}],"version-history":[{"count":3,"href":"https:\/\/www.iquilibrio.com\/blog\/wp-json\/wp\/v2\/posts\/37672\/revisions"}],"predecessor-version":[{"id":37676,"href":"https:\/\/www.iquilibrio.com\/blog\/wp-json\/wp\/v2\/posts\/37672\/revisions\/37676"}],"wp:featuredmedia":[{"embeddable":true,"href":"https:\/\/www.iquilibrio.com\/blog\/wp-json\/wp\/v2\/media\/37675"}],"wp:attachment":[{"href":"https:\/\/www.iquilibrio.com\/blog\/wp-json\/wp\/v2\/media?parent=37672"}],"wp:term":[{"taxonomy":"category","embeddable":true,"href":"https:\/\/www.iquilibrio.com\/blog\/wp-json\/wp\/v2\/categories?post=37672"},{"taxonomy":"post_tag","embeddable":true,"href":"https:\/\/www.iquilibrio.com\/blog\/wp-json\/wp\/v2\/tags?post=37672"}],"curies":[{"name":"wp","href":"https:\/\/api.w.org\/{rel}","templated":true}]}}