{"id":37470,"date":"2022-10-20T10:10:58","date_gmt":"2022-10-20T13:10:58","guid":{"rendered":"https:\/\/www.iquilibrio.com\/blog\/?p=37470"},"modified":"2022-10-19T17:26:39","modified_gmt":"2022-10-19T20:26:39","slug":"rejeicao","status":"publish","type":"post","link":"https:\/\/www.iquilibrio.com\/blog\/bem-estar\/autoconhecimento\/rejeicao\/","title":{"rendered":"Por que temos medo da rejei\u00e7\u00e3o, como enfrent\u00e1-la?"},"content":{"rendered":"<p><span style=\"font-weight: 400;\">Antes de tudo, preciso te fazer uma pergunta, voc\u00ea tem medo da rejei\u00e7\u00e3o? Se a resposta for sim, temos aqui um poss\u00edvel progn\u00f3stico, mas \u00e9 preciso desenvolver melhor esse racioc\u00ednio para entender de onde se origina esse medo. <\/span><\/p>\n<p><span style=\"font-weight: 400;\">Apesar disso, n\u00e3o se sinta mal ou envergonhado por ter medo da rejei\u00e7\u00e3o, isso \u00e9 normal e todos carregamos um pouco disso no cora\u00e7\u00e3o e na mente.<\/span><\/p>\n<h2><span style=\"font-weight: 400;\">\u00cdndice &#8211; Rejei\u00e7\u00e3o, como enfrent\u00e1-la?<\/span><\/h2>\n<p><span style=\"font-weight: 400;\">Para come\u00e7ar, vamos iniciar com a parte mais importante, a rejei\u00e7\u00e3o segundo a psicologia \u00e9 a primeira que deve ser trabalhada a fim de conquistar:\u00a0<\/span><\/p>\n<ul>\n<li style=\"font-weight: 400;\" aria-level=\"1\"><span style=\"font-weight: 400;\">Seguran\u00e7a;<\/span><\/li>\n<li style=\"font-weight: 400;\" aria-level=\"1\"><span style=\"font-weight: 400;\">Autocontrole;<\/span><\/li>\n<li style=\"font-weight: 400;\" aria-level=\"1\"><span style=\"font-weight: 400;\">Lidar com os medos;<\/span><\/li>\n<li style=\"font-weight: 400;\" aria-level=\"1\"><span style=\"font-weight: 400;\">Amor pr\u00f3prio.<\/span><\/li>\n<\/ul>\n<p><span style=\"font-weight: 400;\">Em suma, a rejei\u00e7\u00e3o segundo a psicologia ocorre devido a um processo de autossabotagem que o indiv\u00edduo alimenta ap\u00f3s certos <a href=\"https:\/\/www.iquilibrio.com\/blog\/bem-estar\/autoconhecimento\/inconsciente\/\">traumas ou decep\u00e7\u00f5es<\/a>. <\/span><\/p>\n<p><span style=\"font-weight: 400;\">Al\u00e9m disso, esse processo de autossabotagem pode desencadear uma rea\u00e7\u00e3o que resulta num complexo de inferioridade e autonega\u00e7\u00e3o, levando assim a pessoa a se rejeitar antes de qualquer outro.<\/span><\/p>\n<p style=\"text-align: center;\"><a href=\"https:\/\/www.iquilibrio.com\/baralho-cigano\/?utm_campaign=blog_conversao&amp;utm_medium=texto_cta&amp;utm_source=blog&amp;utm_content=20221910_rejei\u00e7\u00e3o_botao_abaixo_paragrafo5\" target=\"_blank\" rel=\"noopener\"><span class=\"td_btn td_btn_md td_round_btn\" style=\"background-color: #3366ff;\"><b>Descubra o que as cartas do Baralho Cigano dizem sobre o seu futuro. Fale agora com um especialista!<\/b><\/span><\/a><\/p>\n<p><span style=\"font-weight: 400;\">Esse processo \u00e9 bem complexo de entender, pois muitos fatores podem contribuir para que algu\u00e9m sinta inseguran\u00e7a a respeito de si mesmo. <\/span><\/p>\n<p><span style=\"font-weight: 400;\">Nesse sentido, pessoas com essas condi\u00e7\u00f5es tendem a se excluir mais, a pensar sempre no pior, e principalmente, dar in\u00edcio por conta pr\u00f3pria ao processo de rejei\u00e7\u00e3o.\u00a0<\/span><\/p>\n<p><span style=\"font-weight: 400;\">\u00c9 a rejei\u00e7\u00e3o psicol\u00f3gica, <a href=\"https:\/\/www.iquilibrio.com\/blog\/espiritualidade\/como-praticar-hooponopono\/\">quando algu\u00e9m n\u00e3o se aceita<\/a>, ou n\u00e3o se reconhece como algu\u00e9m importante, ou relevante para algu\u00e9m ou alguma situa\u00e7\u00e3o. Em suma, algu\u00e9m que vive dessa maneira n\u00e3o consegue entender:<\/span><\/p>\n<ul>\n<li style=\"font-weight: 400;\" aria-level=\"1\"><a href=\"https:\/\/www.iquilibrio.com\/blog\/oraculos\/tarot\/voce-e-que-voce-pensa\/\"><span style=\"font-weight: 400;\">Sua pr\u00f3pria import\u00e2ncia;<\/span><\/a><\/li>\n<li style=\"font-weight: 400;\" aria-level=\"1\"><span style=\"font-weight: 400;\">A capacidade que possui;<\/span><\/li>\n<li style=\"font-weight: 400;\" aria-level=\"1\"><a href=\"https:\/\/www.iquilibrio.com\/blog\/oraculos\/numerologia\/ano-pessoal-2023-2\/\"><span style=\"font-weight: 400;\">O valor da sua presen\u00e7a;<\/span><\/a><\/li>\n<li style=\"font-weight: 400;\" aria-level=\"1\"><span style=\"font-weight: 400;\">O valor da presen\u00e7a do outro;<\/span><\/li>\n<li style=\"font-weight: 400;\" aria-level=\"1\"><a href=\"https:\/\/www.iquilibrio.com\/blog\/bem-estar\/autoconhecimento\/autoconhecer\/\"><span style=\"font-weight: 400;\">Seu poder pessoal.<\/span><\/a><\/li>\n<\/ul>\n<h2><img loading=\"lazy\" decoding=\"async\" class=\"size-full wp-image-33803 aligncenter\" src=\"https:\/\/www.iquilibrio.com\/blog\/wp-content\/uploads\/2021\/12\/mudancas-pessoais.jpg\" alt=\"Mudan\u00e7as pessoais\" width=\"900\" height=\"560\" srcset=\"https:\/\/www.iquilibrio.com\/blog\/wp-content\/uploads\/2021\/12\/mudancas-pessoais.jpg 900w, https:\/\/www.iquilibrio.com\/blog\/wp-content\/uploads\/2021\/12\/mudancas-pessoais-300x187.jpg 300w, https:\/\/www.iquilibrio.com\/blog\/wp-content\/uploads\/2021\/12\/mudancas-pessoais-768x478.jpg 768w, https:\/\/www.iquilibrio.com\/blog\/wp-content\/uploads\/2021\/12\/mudancas-pessoais-696x433.jpg 696w, https:\/\/www.iquilibrio.com\/blog\/wp-content\/uploads\/2021\/12\/mudancas-pessoais-675x420.jpg 675w\" sizes=\"auto, (max-width: 900px) 100vw, 900px\" \/><\/h2>\n<h2><span style=\"font-weight: 400;\">Como situa\u00e7\u00f5es assim se apresentam?<\/span><\/h2>\n<p><span style=\"font-weight: 400;\">Existe uma teoria da comunica\u00e7\u00e3o que se chama \u201cEspiral do sil\u00eancio\u201d, essa teoria basicamente diz que se h\u00e1 uma ideia predominante na opini\u00e3o p\u00fablica, a tend\u00eancia \u00e9 que aqueles que pensam diferente da maioria se calem e se afastem dos demais, sendo assim relegados a um lugar de sil\u00eancio.\u00a0<\/span><\/p>\n<p><span style=\"font-weight: 400;\">Essa teoria serve como um cl\u00e1ssico exemplo de rejei\u00e7\u00e3o, e a mais comum de acontecer, a rejei\u00e7\u00e3o silenciosa, que s\u00f3 percebem que algu\u00e9m foi exclu\u00eddo <a href=\"https:\/\/www.iquilibrio.com\/blog\/bem-estar\/autoconhecimento\/diferenca-entre-solidao-solitude\/\">depois que essa pessoa desaparece. <\/a><\/span><\/p>\n<p><span style=\"font-weight: 400;\">Isso porque geralmente, a maioria que pensa igual, tende a n\u00e3o dar muita relev\u00e2ncia para quem pensa diferente, logo se algu\u00e9m deixa de aparecer, esse algu\u00e9m n\u00e3o far\u00e1 falta.\u00a0<\/span><\/p>\n<h3><span style=\"font-weight: 400;\">Rejei\u00e7\u00e3o silenciosa na pr\u00e1tica<\/span><\/h3>\n<p><span style=\"font-weight: 400;\">Talvez voc\u00ea que esteja lendo esse texto, j\u00e1 consiga identificar onde a espiral do sil\u00eancio se aplica em sua vida, isso \u00e9 normal j\u00e1 que vivemos numa <a href=\"https:\/\/www.iquilibrio.com\/blog\/oraculos\/tarot\/politica-2023\/\">sociedade t\u00e3o polarizada<\/a>, t\u00e3o divergente e que n\u00e3o consegue lidar com aquilo que \u00e9 diferente e n\u00e3o segue padr\u00f5es.\u00a0<\/span><\/p>\n<p><span style=\"font-weight: 400;\">Quando voc\u00ea faz parte de um grupo, por exemplo, um grupo <a href=\"https:\/\/www.iquilibrio.com\/blog\/espiritualidade\/sao-jorge-sincretismo\/\">religioso<\/a>, e em determinado momento voc\u00ea deixa de se identificar com as ideologias que regem aquele ambiente, voc\u00ea passa a viver uma rela\u00e7\u00e3o conflituosa, at\u00e9 que seja silenciado e finalmente rejeitado.<\/span><\/p>\n<p><span style=\"font-weight: 400;\">Do mesmo modo, <a href=\"https:\/\/www.iquilibrio.com\/blog\/amor-2\/amor-familia\/\">ocorre em fam\u00edlia<\/a>, se voc\u00ea pensa diferente, ou n\u00e3o segue aquilo que a fam\u00edlia julga ser o correto, voc\u00ea passa a viver muitos conflitos, at\u00e9 ser silenciado e rejeitado. <\/span><\/p>\n<p><span style=\"font-weight: 400;\">N\u00e3o tem muito segredo, a f\u00f3rmula da rejei\u00e7\u00e3o \u00e9 essa:<\/span><\/p>\n<ul>\n<li style=\"font-weight: 400;\" aria-level=\"1\"><span style=\"font-weight: 400;\">Diverg\u00eancia de ideias;<\/span><\/li>\n<li style=\"font-weight: 400;\" aria-level=\"1\"><span style=\"font-weight: 400;\">Atrito e conflitos na comunica\u00e7\u00e3o;<\/span><\/li>\n<li style=\"font-weight: 400;\" aria-level=\"1\"><span style=\"font-weight: 400;\">Silenciamento e afastamento.<\/span><\/li>\n<\/ul>\n<p><img loading=\"lazy\" decoding=\"async\" class=\"size-full wp-image-32876 aligncenter\" src=\"https:\/\/www.iquilibrio.com\/blog\/wp-content\/uploads\/2021\/10\/como-lidar-ansiedade-pandemia.jpg\" alt=\"Como lidar com a ansiedade na pandemia\" width=\"900\" height=\"560\" srcset=\"https:\/\/www.iquilibrio.com\/blog\/wp-content\/uploads\/2021\/10\/como-lidar-ansiedade-pandemia.jpg 900w, https:\/\/www.iquilibrio.com\/blog\/wp-content\/uploads\/2021\/10\/como-lidar-ansiedade-pandemia-300x187.jpg 300w, https:\/\/www.iquilibrio.com\/blog\/wp-content\/uploads\/2021\/10\/como-lidar-ansiedade-pandemia-768x478.jpg 768w, https:\/\/www.iquilibrio.com\/blog\/wp-content\/uploads\/2021\/10\/como-lidar-ansiedade-pandemia-696x433.jpg 696w, https:\/\/www.iquilibrio.com\/blog\/wp-content\/uploads\/2021\/10\/como-lidar-ansiedade-pandemia-675x420.jpg 675w\" sizes=\"auto, (max-width: 900px) 100vw, 900px\" \/><\/p>\n<h2><span style=\"font-weight: 400;\">Rejei\u00e7\u00e3o familiar &#8211; Origem dos traumas<\/span><\/h2>\n<p><span style=\"font-weight: 400;\">Antes de tudo, n\u00e3o sei se voc\u00ea vai concordar comigo, mas o sentimento que impera no ar hoje em dia, \u00e9 de que a maioria das fam\u00edlias tem entrado em conflitos por causa da diverg\u00eancia de ideias.\u00a0<\/span><\/p>\n<p><span style=\"font-weight: 400;\">Em outras palavras, isso provavelmente \u00e9 devido a esse momento de <a href=\"https:\/\/www.bbc.com\/portuguese\/internacional-57938082\" target=\"_blank\" rel=\"noopener\">transi\u00e7\u00e3o geracional<\/a> que temos vivido hoje, as gera\u00e7\u00f5es mais novas tendem a possuir ideias mais atualizadas e n\u00e3o s\u00e3o mais t\u00e3o ligados aos dogmas e preceitos da moral que regiam a sociedade at\u00e9 ent\u00e3o.\u00a0<\/span><\/p>\n<p><span style=\"font-weight: 400;\">Tendo tudo isso em mente podemos concluir que cada indiv\u00edduo sente a necessidade de ter o seu espa\u00e7o seguro para pensar e se expressar de maneira livre, n\u00e3o que suas ideias e vontades sejam aceitas por todos, mas que a sua pessoa, a personalidade, o car\u00e1ter, a ess\u00eancia desse indiv\u00edduo seja aceita e respeitada.\u00a0<\/span><\/p>\n<p><span style=\"font-weight: 400;\">Todos, sem exce\u00e7\u00e3o, precisamos de um lugar seguro e acolhedor para se estar e viver em harmonia, afinal, precisamos uns dos outros para crescermos, e talvez seja desse lugar que nasce o medo da rejei\u00e7\u00e3o. <\/span><\/p>\n<p><span style=\"font-weight: 400;\">Temos medo de ficar sozinhos, mas esquecemos que sempre existe um lugar que ser\u00e1 nosso, ele s\u00f3 precisa ser descoberto!<\/span><\/p>\n<p style=\"text-align: center;\"><a href=\"https:\/\/www.iquilibrio.com\/futuro-familiar\/?utm_campaign=blog_conversao&amp;utm_medium=texto_cta&amp;utm_source=blog&amp;utm_content=20221910_rejei\u00e7\u00e3o_botao_abaixo_paragrafo19\" target=\"_blank\" rel=\"noopener\"><span class=\"td_btn td_btn_md td_round_btn\" style=\"background-color: #3366ff;\"><b>Melhore o seu relacionamento familiar, fale com um especialista e receba direcionamento!<\/b><\/span><\/a><\/p>\n<h2><span style=\"font-weight: 400;\">O que eu devo fazer com a rejei\u00e7\u00e3o?<\/span><\/h2>\n<p><span style=\"font-weight: 400;\">Essa \u00e9 a parte mais legal da nossa conversa, porque h\u00e1 somente tr\u00eas coisas que podemos fazer para lidar com a rejei\u00e7\u00e3o:<\/span><\/p>\n<ul>\n<li style=\"font-weight: 400;\" aria-level=\"1\"><span style=\"font-weight: 400;\">Aceitar<\/span><\/li>\n<\/ul>\n<p><span style=\"font-weight: 400;\">A aceita\u00e7\u00e3o \u00e9 de suma import\u00e2ncia, pois \u00e9 com ela que conseguimos identificar o nosso valor, e assim n\u00e3o se sujeitar mais \u00e0 situa\u00e7\u00f5es que n\u00e3o nos cabia mais.\u00a0<\/span><\/p>\n<ul>\n<li style=\"font-weight: 400;\" aria-level=\"1\"><span style=\"font-weight: 400;\">Entender\u00a0<\/span><\/li>\n<\/ul>\n<p><span style=\"font-weight: 400;\">O entendimento acerca das coisas que nos cercam \u00e9 essencial para nossa sobreviv\u00eancia, precisamos buscar entender o que nos fez ser rejeitados, se alguma atitude nossa que vale a pena ser solucionada, ou se as pessoas simplesmente<a href=\"https:\/\/www.iquilibrio.com\/blog\/amor-2\/responsabilidade-emocional-afetiva\/\"> n\u00e3o nos querem por perto<\/a>. <\/span><\/p>\n<p><span style=\"font-weight: 400;\">Se for a segunda op\u00e7\u00e3o, cabe a voc\u00ea entender isso e se valorizar, procurando outras pessoas para viver.<\/span><\/p>\n<ul>\n<li style=\"font-weight: 400;\" aria-level=\"1\"><span style=\"font-weight: 400;\">Crescer<\/span><\/li>\n<\/ul>\n<p><span style=\"font-weight: 400;\">Geralmente, esse tipo de situa\u00e7\u00e3o nos arranca da nossa zona de conforto, isso nos faz levantar para alguma a\u00e7\u00e3o, o foco dessa a\u00e7\u00e3o \u00e9 se tornar algu\u00e9m melhor do eu fui ontem. <\/span><\/p>\n<p><span style=\"font-weight: 400;\">Por exemplo, entender nossas quest\u00f5es internas e avaliar que tipo de ambiente e amizades fazem sentido para mim.\u00a0<\/span><\/p>\n<figure id=\"attachment_35482\" aria-describedby=\"caption-attachment-35482\" style=\"width: 900px\" class=\"wp-caption aligncenter\"><img loading=\"lazy\" decoding=\"async\" class=\"size-full wp-image-35482\" src=\"https:\/\/www.iquilibrio.com\/blog\/wp-content\/uploads\/2022\/05\/Alegria-de-viver.jpg\" alt=\"alegria de viver\" width=\"900\" height=\"560\" srcset=\"https:\/\/www.iquilibrio.com\/blog\/wp-content\/uploads\/2022\/05\/Alegria-de-viver.jpg 900w, https:\/\/www.iquilibrio.com\/blog\/wp-content\/uploads\/2022\/05\/Alegria-de-viver-300x187.jpg 300w, https:\/\/www.iquilibrio.com\/blog\/wp-content\/uploads\/2022\/05\/Alegria-de-viver-768x478.jpg 768w, https:\/\/www.iquilibrio.com\/blog\/wp-content\/uploads\/2022\/05\/Alegria-de-viver-696x433.jpg 696w, https:\/\/www.iquilibrio.com\/blog\/wp-content\/uploads\/2022\/05\/Alegria-de-viver-675x420.jpg 675w\" sizes=\"auto, (max-width: 900px) 100vw, 900px\" \/><figcaption id=\"caption-attachment-35482\" class=\"wp-caption-text\">alegria de viver<\/figcaption><\/figure>\n<h2><span style=\"font-weight: 400;\">Combust\u00edvel para crescer!<\/span><\/h2>\n<p><span style=\"font-weight: 400;\">Trabalhando esses tr\u00eas pontos, voc\u00ea ter\u00e1 clareza para tomar as decis\u00f5es mais assertivas para a sua vida, e tenho certeza que encontrar\u00e1 o caminho para a sua felicidade.\u00a0<\/span><\/p>\n<p><span style=\"font-weight: 400;\">N\u00e3o encare a rejei\u00e7\u00e3o como o fim de tudo, e tamb\u00e9m n\u00e3o associe com o desmoronamento do nosso \u201ceu\u201d interior. <\/span><\/p>\n<p><span style=\"font-weight: 400;\">Ficamos tristes quando somos rejeitados por pessoas <a href=\"https:\/\/www.bbc.com\/portuguese\/vert-fut-60922106\" target=\"_blank\" rel=\"noopener\">que ach\u00e1vamos ser amigos de verdade<\/a>, mas isso n\u00e3o deve nos impedir de continuar nossa jornada.\u00a0<\/span><\/p>\n<p><span style=\"font-weight: 400;\">Muitos famosos foram rejeitados antes de serem aceitos e constru\u00edrem uma carreira s\u00f3lida. Gosto de pensar na hist\u00f3ria da Elis Regina, que mesmo com tanta dificuldade, foi se reinventando, se adaptando \u00e0s situa\u00e7\u00f5es, at\u00e9 que ela encontrou o seu lugar.<\/span><\/p>\n<p><span style=\"font-weight: 400;\">E a\u00ed, ser\u00e1 que voc\u00ea \u00e9 capaz de contornar a rejei\u00e7\u00e3o e usar isso para construir um caminho de sucesso e luz?<\/span><\/p>\n<p style=\"text-align: center;\"><a href=\"https:\/\/www.iquilibrio.com\/autoconhecimento\/?utm_campaign=blog_conversao&amp;utm_medium=texto_cta&amp;utm_source=blog&amp;utm_content=20221910_rejei\u00e7\u00e3o_botao_abaixo_ultimo_paragrafo\" target=\"_blank\" rel=\"noopener\"><span class=\"td_btn td_btn_md td_round_btn\" style=\"background-color: #3366ff;\"><b>Experimente o autoconhecimento como ferramenta de evolu\u00e7\u00e3o pessoal! Surpreenda-se!!!<\/b><\/span><\/a><\/p>\n<hr \/>\n<p>Assista este v\u00eddeo e receba dicas valiosas para crescer no autoconhecimento e no amor pr\u00f3prio:<\/p>\n<p><iframe loading=\"lazy\" title=\"Solid\u00e3o e solitude: aprendendo a ser feliz sozinha - iQuilibrio\" width=\"696\" height=\"392\" src=\"https:\/\/www.youtube.com\/embed\/Tf9wFdZFJzc?feature=oembed\" frameborder=\"0\" allow=\"accelerometer; autoplay; clipboard-write; encrypted-media; gyroscope; picture-in-picture\" allowfullscreen><\/iframe><\/p>\n\n\n<div class=\"kk-star-ratings kksr-auto kksr-align-left kksr-valign-bottom\"\n    data-payload='{&quot;align&quot;:&quot;left&quot;,&quot;id&quot;:&quot;37470&quot;,&quot;slug&quot;:&quot;default&quot;,&quot;valign&quot;:&quot;bottom&quot;,&quot;ignore&quot;:&quot;&quot;,&quot;reference&quot;:&quot;auto&quot;,&quot;class&quot;:&quot;&quot;,&quot;count&quot;:&quot;0&quot;,&quot;legendonly&quot;:&quot;&quot;,&quot;readonly&quot;:&quot;&quot;,&quot;score&quot;:&quot;0&quot;,&quot;starsonly&quot;:&quot;&quot;,&quot;best&quot;:&quot;5&quot;,&quot;gap&quot;:&quot;5&quot;,&quot;greet&quot;:&quot;Rate this post&quot;,&quot;legend&quot;:&quot;0\\\/5 - (0 voto)&quot;,&quot;size&quot;:&quot;24&quot;,&quot;title&quot;:&quot;Por que temos medo da rejei\u00e7\u00e3o, como enfrent\u00e1-la?&quot;,&quot;width&quot;:&quot;0&quot;,&quot;_legend&quot;:&quot;{score}\\\/{best} - ({count} {votes})&quot;,&quot;font_factor&quot;:&quot;1.25&quot;}'>\n            \n<div class=\"kksr-stars\">\n    \n<div class=\"kksr-stars-inactive\">\n            <div class=\"kksr-star\" data-star=\"1\" style=\"padding-right: 5px\">\n            \n\n<div class=\"kksr-icon\" style=\"width: 24px; height: 24px;\"><\/div>\n        <\/div>\n            <div class=\"kksr-star\" data-star=\"2\" style=\"padding-right: 5px\">\n            \n\n<div class=\"kksr-icon\" style=\"width: 24px; height: 24px;\"><\/div>\n        <\/div>\n            <div class=\"kksr-star\" data-star=\"3\" style=\"padding-right: 5px\">\n            \n\n<div class=\"kksr-icon\" style=\"width: 24px; height: 24px;\"><\/div>\n        <\/div>\n            <div class=\"kksr-star\" data-star=\"4\" style=\"padding-right: 5px\">\n            \n\n<div class=\"kksr-icon\" style=\"width: 24px; height: 24px;\"><\/div>\n        <\/div>\n            <div class=\"kksr-star\" data-star=\"5\" style=\"padding-right: 5px\">\n            \n\n<div class=\"kksr-icon\" style=\"width: 24px; height: 24px;\"><\/div>\n        <\/div>\n    <\/div>\n    \n<div class=\"kksr-stars-active\" style=\"width: 0px;\">\n            <div class=\"kksr-star\" style=\"padding-right: 5px\">\n            \n\n<div class=\"kksr-icon\" style=\"width: 24px; height: 24px;\"><\/div>\n        <\/div>\n            <div class=\"kksr-star\" style=\"padding-right: 5px\">\n            \n\n<div class=\"kksr-icon\" style=\"width: 24px; height: 24px;\"><\/div>\n        <\/div>\n            <div class=\"kksr-star\" style=\"padding-right: 5px\">\n            \n\n<div class=\"kksr-icon\" style=\"width: 24px; height: 24px;\"><\/div>\n        <\/div>\n            <div class=\"kksr-star\" style=\"padding-right: 5px\">\n            \n\n<div class=\"kksr-icon\" style=\"width: 24px; height: 24px;\"><\/div>\n        <\/div>\n            <div class=\"kksr-star\" style=\"padding-right: 5px\">\n            \n\n<div class=\"kksr-icon\" style=\"width: 24px; height: 24px;\"><\/div>\n        <\/div>\n    <\/div>\n<\/div>\n                \n\n<div class=\"kksr-legend\" style=\"font-size: 19.2px;\">\n            <span class=\"kksr-muted\">Rate this post<\/span>\n    <\/div>\n    <\/div>\n","protected":false},"excerpt":{"rendered":"<p>Antes de tudo, preciso te fazer uma pergunta, voc\u00ea tem medo da rejei\u00e7\u00e3o? Se a resposta for sim, temos aqui um poss\u00edvel progn\u00f3stico, mas \u00e9 preciso desenvolver melhor esse racioc\u00ednio para entender de onde se origina esse medo. Apesar disso, n\u00e3o se sinta mal ou envergonhado por ter medo da rejei\u00e7\u00e3o, isso \u00e9 normal e [&hellip;]<\/p>\n","protected":false},"author":153,"featured_media":37473,"comment_status":"closed","ping_status":"closed","sticky":false,"template":"","format":"standard","meta":{"footnotes":""},"categories":[623],"tags":[],"class_list":["post-37470","post","type-post","status-publish","format-standard","has-post-thumbnail","hentry","category-autoconhecimento"],"yoast_head":"<!-- This site is optimized with the Yoast SEO plugin v27.4 - https:\/\/yoast.com\/product\/yoast-seo-wordpress\/ -->\n<title>Rejei\u00e7\u00e3o, como lidar com isso e crescer no autoconhecimento?<\/title>\n<meta name=\"description\" content=\"Voc\u00ea j\u00e1 se sentiu exclu\u00eddo de algum lugar ou grupo, ou sente que n\u00e3o cabe mais em determinadas situa\u00e7\u00f5es? Voc\u00ea tem medo da rejei\u00e7\u00e3o?\" \/>\n<meta name=\"robots\" content=\"index, follow, max-snippet:-1, max-image-preview:large, max-video-preview:-1\" \/>\n<link rel=\"canonical\" href=\"https:\/\/www.iquilibrio.com\/blog\/bem-estar\/autoconhecimento\/rejeicao\/\" \/>\n<meta property=\"og:locale\" content=\"pt_BR\" \/>\n<meta property=\"og:type\" content=\"article\" \/>\n<meta property=\"og:title\" content=\"Rejei\u00e7\u00e3o, como lidar com isso e crescer no autoconhecimento?\" \/>\n<meta property=\"og:description\" content=\"Voc\u00ea j\u00e1 se sentiu exclu\u00eddo de algum lugar ou grupo, ou sente que n\u00e3o cabe mais em determinadas situa\u00e7\u00f5es? Voc\u00ea tem medo da rejei\u00e7\u00e3o?\" \/>\n<meta property=\"og:url\" content=\"https:\/\/www.iquilibrio.com\/blog\/bem-estar\/autoconhecimento\/rejeicao\/\" \/>\n<meta property=\"og:site_name\" content=\"iQuilibrio\" \/>\n<meta property=\"article:publisher\" content=\"https:\/\/www.facebook.com\/iQuilibrio\/\" \/>\n<meta property=\"article:published_time\" content=\"2022-10-20T13:10:58+00:00\" \/>\n<meta property=\"og:image\" content=\"https:\/\/www.iquilibrio.com\/blog\/wp-content\/uploads\/2022\/10\/rejeicao.jpg\" \/>\n\t<meta property=\"og:image:width\" content=\"900\" \/>\n\t<meta property=\"og:image:height\" content=\"560\" \/>\n\t<meta property=\"og:image:type\" content=\"image\/jpeg\" \/>\n<meta name=\"author\" content=\"Eduardo Miranda\" \/>\n<meta name=\"twitter:card\" content=\"summary_large_image\" \/>\n<meta name=\"twitter:creator\" content=\"@iquilibrio\" \/>\n<meta name=\"twitter:site\" content=\"@iquilibrio\" \/>\n<meta name=\"twitter:label1\" content=\"Escrito por\" \/>\n\t<meta name=\"twitter:data1\" content=\"Eduardo Miranda\" \/>\n\t<meta name=\"twitter:label2\" content=\"Est. tempo de leitura\" \/>\n\t<meta name=\"twitter:data2\" content=\"7 minutos\" \/>\n<script type=\"application\/ld+json\" class=\"yoast-schema-graph\">{\"@context\":\"https:\\\/\\\/schema.org\",\"@graph\":[{\"@type\":\"Article\",\"@id\":\"https:\\\/\\\/www.iquilibrio.com\\\/blog\\\/bem-estar\\\/autoconhecimento\\\/rejeicao\\\/#article\",\"isPartOf\":{\"@id\":\"https:\\\/\\\/www.iquilibrio.com\\\/blog\\\/bem-estar\\\/autoconhecimento\\\/rejeicao\\\/\"},\"author\":{\"name\":\"Eduardo Miranda\",\"@id\":\"https:\\\/\\\/www.iquilibrio.com\\\/blog\\\/#\\\/schema\\\/person\\\/c77867b3c23fbf4763476631f4b92e6e\"},\"headline\":\"Por que temos medo da rejei\u00e7\u00e3o, como enfrent\u00e1-la?\",\"datePublished\":\"2022-10-20T13:10:58+00:00\",\"mainEntityOfPage\":{\"@id\":\"https:\\\/\\\/www.iquilibrio.com\\\/blog\\\/bem-estar\\\/autoconhecimento\\\/rejeicao\\\/\"},\"wordCount\":1207,\"publisher\":{\"@id\":\"https:\\\/\\\/www.iquilibrio.com\\\/blog\\\/#organization\"},\"image\":{\"@id\":\"https:\\\/\\\/www.iquilibrio.com\\\/blog\\\/bem-estar\\\/autoconhecimento\\\/rejeicao\\\/#primaryimage\"},\"thumbnailUrl\":\"https:\\\/\\\/www.iquilibrio.com\\\/blog\\\/wp-content\\\/uploads\\\/2022\\\/10\\\/rejeicao.jpg\",\"articleSection\":[\"Autoconhecimento\"],\"inLanguage\":\"pt-BR\"},{\"@type\":\"WebPage\",\"@id\":\"https:\\\/\\\/www.iquilibrio.com\\\/blog\\\/bem-estar\\\/autoconhecimento\\\/rejeicao\\\/\",\"url\":\"https:\\\/\\\/www.iquilibrio.com\\\/blog\\\/bem-estar\\\/autoconhecimento\\\/rejeicao\\\/\",\"name\":\"Rejei\u00e7\u00e3o, como lidar com isso e crescer no autoconhecimento?\",\"isPartOf\":{\"@id\":\"https:\\\/\\\/www.iquilibrio.com\\\/blog\\\/#website\"},\"primaryImageOfPage\":{\"@id\":\"https:\\\/\\\/www.iquilibrio.com\\\/blog\\\/bem-estar\\\/autoconhecimento\\\/rejeicao\\\/#primaryimage\"},\"image\":{\"@id\":\"https:\\\/\\\/www.iquilibrio.com\\\/blog\\\/bem-estar\\\/autoconhecimento\\\/rejeicao\\\/#primaryimage\"},\"thumbnailUrl\":\"https:\\\/\\\/www.iquilibrio.com\\\/blog\\\/wp-content\\\/uploads\\\/2022\\\/10\\\/rejeicao.jpg\",\"datePublished\":\"2022-10-20T13:10:58+00:00\",\"description\":\"Voc\u00ea j\u00e1 se sentiu exclu\u00eddo de algum lugar ou grupo, ou sente que n\u00e3o cabe mais em determinadas situa\u00e7\u00f5es? Voc\u00ea tem medo da rejei\u00e7\u00e3o?\",\"breadcrumb\":{\"@id\":\"https:\\\/\\\/www.iquilibrio.com\\\/blog\\\/bem-estar\\\/autoconhecimento\\\/rejeicao\\\/#breadcrumb\"},\"inLanguage\":\"pt-BR\",\"potentialAction\":[{\"@type\":\"ReadAction\",\"target\":[\"https:\\\/\\\/www.iquilibrio.com\\\/blog\\\/bem-estar\\\/autoconhecimento\\\/rejeicao\\\/\"]}]},{\"@type\":\"ImageObject\",\"inLanguage\":\"pt-BR\",\"@id\":\"https:\\\/\\\/www.iquilibrio.com\\\/blog\\\/bem-estar\\\/autoconhecimento\\\/rejeicao\\\/#primaryimage\",\"url\":\"https:\\\/\\\/www.iquilibrio.com\\\/blog\\\/wp-content\\\/uploads\\\/2022\\\/10\\\/rejeicao.jpg\",\"contentUrl\":\"https:\\\/\\\/www.iquilibrio.com\\\/blog\\\/wp-content\\\/uploads\\\/2022\\\/10\\\/rejeicao.jpg\",\"width\":900,\"height\":560,\"caption\":\"rejei\u00e7\u00e3o\"},{\"@type\":\"BreadcrumbList\",\"@id\":\"https:\\\/\\\/www.iquilibrio.com\\\/blog\\\/bem-estar\\\/autoconhecimento\\\/rejeicao\\\/#breadcrumb\",\"itemListElement\":[{\"@type\":\"ListItem\",\"position\":1,\"name\":\"In\u00edcio\",\"item\":\"https:\\\/\\\/www.iquilibrio.com\\\/blog\\\/\"},{\"@type\":\"ListItem\",\"position\":2,\"name\":\"Por que temos medo da rejei\u00e7\u00e3o, como enfrent\u00e1-la?\"}]},{\"@type\":\"WebSite\",\"@id\":\"https:\\\/\\\/www.iquilibrio.com\\\/blog\\\/#website\",\"url\":\"https:\\\/\\\/www.iquilibrio.com\\\/blog\\\/\",\"name\":\"iQuilibrio\",\"description\":\"Blog iQuilibrio\",\"publisher\":{\"@id\":\"https:\\\/\\\/www.iquilibrio.com\\\/blog\\\/#organization\"},\"potentialAction\":[{\"@type\":\"SearchAction\",\"target\":{\"@type\":\"EntryPoint\",\"urlTemplate\":\"https:\\\/\\\/www.iquilibrio.com\\\/blog\\\/?s={search_term_string}\"},\"query-input\":{\"@type\":\"PropertyValueSpecification\",\"valueRequired\":true,\"valueName\":\"search_term_string\"}}],\"inLanguage\":\"pt-BR\"},{\"@type\":\"Organization\",\"@id\":\"https:\\\/\\\/www.iquilibrio.com\\\/blog\\\/#organization\",\"name\":\"Esoterismo, Misticismo e Tarot Online - iQuilibrio\",\"url\":\"https:\\\/\\\/www.iquilibrio.com\\\/blog\\\/\",\"logo\":{\"@type\":\"ImageObject\",\"inLanguage\":\"pt-BR\",\"@id\":\"https:\\\/\\\/www.iquilibrio.com\\\/blog\\\/#\\\/schema\\\/logo\\\/image\\\/\",\"url\":\"https:\\\/\\\/www.iquilibrio.com\\\/blog\\\/wp-content\\\/uploads\\\/2018\\\/12\\\/iquilibrio_lovo_vetor_preto-retina.png\",\"contentUrl\":\"https:\\\/\\\/www.iquilibrio.com\\\/blog\\\/wp-content\\\/uploads\\\/2018\\\/12\\\/iquilibrio_lovo_vetor_preto-retina.png\",\"width\":972,\"height\":180,\"caption\":\"Esoterismo, Misticismo e Tarot Online - iQuilibrio\"},\"image\":{\"@id\":\"https:\\\/\\\/www.iquilibrio.com\\\/blog\\\/#\\\/schema\\\/logo\\\/image\\\/\"},\"sameAs\":[\"https:\\\/\\\/www.facebook.com\\\/iQuilibrio\\\/\",\"https:\\\/\\\/x.com\\\/iquilibrio\",\"https:\\\/\\\/www.instagram.com\\\/iquilibrio\\\/\",\"https:\\\/\\\/www.linkedin.com\\\/company\\\/iquilibrio\\\/\",\"https:\\\/\\\/br.pinterest.com\\\/iquilibrio1397\\\/\",\"https:\\\/\\\/www.youtube.com\\\/channel\\\/UC175qxd-4Zsi4wzawT5zF2g\"]},{\"@type\":\"Person\",\"@id\":\"https:\\\/\\\/www.iquilibrio.com\\\/blog\\\/#\\\/schema\\\/person\\\/c77867b3c23fbf4763476631f4b92e6e\",\"name\":\"Eduardo Miranda\",\"image\":{\"@type\":\"ImageObject\",\"inLanguage\":\"pt-BR\",\"@id\":\"https:\\\/\\\/www.iquilibrio.com\\\/blog\\\/wp-content\\\/uploads\\\/2021\\\/12\\\/Consulta-por-email-3-150x150.png\",\"url\":\"https:\\\/\\\/www.iquilibrio.com\\\/blog\\\/wp-content\\\/uploads\\\/2021\\\/12\\\/Consulta-por-email-3-150x150.png\",\"contentUrl\":\"https:\\\/\\\/www.iquilibrio.com\\\/blog\\\/wp-content\\\/uploads\\\/2021\\\/12\\\/Consulta-por-email-3-150x150.png\",\"caption\":\"Eduardo Miranda\"},\"description\":\"Eduardo, \u00e9 um jovem apaixonado pela leitura e escrita. Est\u00e1 constantemente em busca de novos aprendizados e experi\u00eancias. A miss\u00e3o dele envolve o desenvolvimento das pessoas atrav\u00e9s daquilo que escreve, de forma leve e pr\u00e1tica, em busca de propagar conte\u00fados emp\u00e1ticos ao falar sobre temas como autoconhecimento e espiritualidade. Sempre prezando pela complexidade interior de cada um, respeitando as cargas emocionais e culturais de cada indiv\u00edduo ao abordar temas como: religi\u00e3o, amor e outras vertentes da vida espiritual.\",\"url\":\"https:\\\/\\\/www.iquilibrio.com\\\/blog\\\/author\\\/lucas-eduardo\\\/\"}]}<\/script>\n<!-- \/ Yoast SEO plugin. -->","yoast_head_json":{"title":"Rejei\u00e7\u00e3o, como lidar com isso e crescer no autoconhecimento?","description":"Voc\u00ea j\u00e1 se sentiu exclu\u00eddo de algum lugar ou grupo, ou sente que n\u00e3o cabe mais em determinadas situa\u00e7\u00f5es? Voc\u00ea tem medo da rejei\u00e7\u00e3o?","robots":{"index":"index","follow":"follow","max-snippet":"max-snippet:-1","max-image-preview":"max-image-preview:large","max-video-preview":"max-video-preview:-1"},"canonical":"https:\/\/www.iquilibrio.com\/blog\/bem-estar\/autoconhecimento\/rejeicao\/","og_locale":"pt_BR","og_type":"article","og_title":"Rejei\u00e7\u00e3o, como lidar com isso e crescer no autoconhecimento?","og_description":"Voc\u00ea j\u00e1 se sentiu exclu\u00eddo de algum lugar ou grupo, ou sente que n\u00e3o cabe mais em determinadas situa\u00e7\u00f5es? Voc\u00ea tem medo da rejei\u00e7\u00e3o?","og_url":"https:\/\/www.iquilibrio.com\/blog\/bem-estar\/autoconhecimento\/rejeicao\/","og_site_name":"iQuilibrio","article_publisher":"https:\/\/www.facebook.com\/iQuilibrio\/","article_published_time":"2022-10-20T13:10:58+00:00","og_image":[{"width":900,"height":560,"url":"https:\/\/www.iquilibrio.com\/blog\/wp-content\/uploads\/2022\/10\/rejeicao.jpg","type":"image\/jpeg"}],"author":"Eduardo Miranda","twitter_card":"summary_large_image","twitter_creator":"@iquilibrio","twitter_site":"@iquilibrio","twitter_misc":{"Escrito por":"Eduardo Miranda","Est. tempo de leitura":"7 minutos"},"schema":{"@context":"https:\/\/schema.org","@graph":[{"@type":"Article","@id":"https:\/\/www.iquilibrio.com\/blog\/bem-estar\/autoconhecimento\/rejeicao\/#article","isPartOf":{"@id":"https:\/\/www.iquilibrio.com\/blog\/bem-estar\/autoconhecimento\/rejeicao\/"},"author":{"name":"Eduardo Miranda","@id":"https:\/\/www.iquilibrio.com\/blog\/#\/schema\/person\/c77867b3c23fbf4763476631f4b92e6e"},"headline":"Por que temos medo da rejei\u00e7\u00e3o, como enfrent\u00e1-la?","datePublished":"2022-10-20T13:10:58+00:00","mainEntityOfPage":{"@id":"https:\/\/www.iquilibrio.com\/blog\/bem-estar\/autoconhecimento\/rejeicao\/"},"wordCount":1207,"publisher":{"@id":"https:\/\/www.iquilibrio.com\/blog\/#organization"},"image":{"@id":"https:\/\/www.iquilibrio.com\/blog\/bem-estar\/autoconhecimento\/rejeicao\/#primaryimage"},"thumbnailUrl":"https:\/\/www.iquilibrio.com\/blog\/wp-content\/uploads\/2022\/10\/rejeicao.jpg","articleSection":["Autoconhecimento"],"inLanguage":"pt-BR"},{"@type":"WebPage","@id":"https:\/\/www.iquilibrio.com\/blog\/bem-estar\/autoconhecimento\/rejeicao\/","url":"https:\/\/www.iquilibrio.com\/blog\/bem-estar\/autoconhecimento\/rejeicao\/","name":"Rejei\u00e7\u00e3o, como lidar com isso e crescer no autoconhecimento?","isPartOf":{"@id":"https:\/\/www.iquilibrio.com\/blog\/#website"},"primaryImageOfPage":{"@id":"https:\/\/www.iquilibrio.com\/blog\/bem-estar\/autoconhecimento\/rejeicao\/#primaryimage"},"image":{"@id":"https:\/\/www.iquilibrio.com\/blog\/bem-estar\/autoconhecimento\/rejeicao\/#primaryimage"},"thumbnailUrl":"https:\/\/www.iquilibrio.com\/blog\/wp-content\/uploads\/2022\/10\/rejeicao.jpg","datePublished":"2022-10-20T13:10:58+00:00","description":"Voc\u00ea j\u00e1 se sentiu exclu\u00eddo de algum lugar ou grupo, ou sente que n\u00e3o cabe mais em determinadas situa\u00e7\u00f5es? Voc\u00ea tem medo da rejei\u00e7\u00e3o?","breadcrumb":{"@id":"https:\/\/www.iquilibrio.com\/blog\/bem-estar\/autoconhecimento\/rejeicao\/#breadcrumb"},"inLanguage":"pt-BR","potentialAction":[{"@type":"ReadAction","target":["https:\/\/www.iquilibrio.com\/blog\/bem-estar\/autoconhecimento\/rejeicao\/"]}]},{"@type":"ImageObject","inLanguage":"pt-BR","@id":"https:\/\/www.iquilibrio.com\/blog\/bem-estar\/autoconhecimento\/rejeicao\/#primaryimage","url":"https:\/\/www.iquilibrio.com\/blog\/wp-content\/uploads\/2022\/10\/rejeicao.jpg","contentUrl":"https:\/\/www.iquilibrio.com\/blog\/wp-content\/uploads\/2022\/10\/rejeicao.jpg","width":900,"height":560,"caption":"rejei\u00e7\u00e3o"},{"@type":"BreadcrumbList","@id":"https:\/\/www.iquilibrio.com\/blog\/bem-estar\/autoconhecimento\/rejeicao\/#breadcrumb","itemListElement":[{"@type":"ListItem","position":1,"name":"In\u00edcio","item":"https:\/\/www.iquilibrio.com\/blog\/"},{"@type":"ListItem","position":2,"name":"Por que temos medo da rejei\u00e7\u00e3o, como enfrent\u00e1-la?"}]},{"@type":"WebSite","@id":"https:\/\/www.iquilibrio.com\/blog\/#website","url":"https:\/\/www.iquilibrio.com\/blog\/","name":"iQuilibrio","description":"Blog iQuilibrio","publisher":{"@id":"https:\/\/www.iquilibrio.com\/blog\/#organization"},"potentialAction":[{"@type":"SearchAction","target":{"@type":"EntryPoint","urlTemplate":"https:\/\/www.iquilibrio.com\/blog\/?s={search_term_string}"},"query-input":{"@type":"PropertyValueSpecification","valueRequired":true,"valueName":"search_term_string"}}],"inLanguage":"pt-BR"},{"@type":"Organization","@id":"https:\/\/www.iquilibrio.com\/blog\/#organization","name":"Esoterismo, Misticismo e Tarot Online - iQuilibrio","url":"https:\/\/www.iquilibrio.com\/blog\/","logo":{"@type":"ImageObject","inLanguage":"pt-BR","@id":"https:\/\/www.iquilibrio.com\/blog\/#\/schema\/logo\/image\/","url":"https:\/\/www.iquilibrio.com\/blog\/wp-content\/uploads\/2018\/12\/iquilibrio_lovo_vetor_preto-retina.png","contentUrl":"https:\/\/www.iquilibrio.com\/blog\/wp-content\/uploads\/2018\/12\/iquilibrio_lovo_vetor_preto-retina.png","width":972,"height":180,"caption":"Esoterismo, Misticismo e Tarot Online - iQuilibrio"},"image":{"@id":"https:\/\/www.iquilibrio.com\/blog\/#\/schema\/logo\/image\/"},"sameAs":["https:\/\/www.facebook.com\/iQuilibrio\/","https:\/\/x.com\/iquilibrio","https:\/\/www.instagram.com\/iquilibrio\/","https:\/\/www.linkedin.com\/company\/iquilibrio\/","https:\/\/br.pinterest.com\/iquilibrio1397\/","https:\/\/www.youtube.com\/channel\/UC175qxd-4Zsi4wzawT5zF2g"]},{"@type":"Person","@id":"https:\/\/www.iquilibrio.com\/blog\/#\/schema\/person\/c77867b3c23fbf4763476631f4b92e6e","name":"Eduardo Miranda","image":{"@type":"ImageObject","inLanguage":"pt-BR","@id":"https:\/\/www.iquilibrio.com\/blog\/wp-content\/uploads\/2021\/12\/Consulta-por-email-3-150x150.png","url":"https:\/\/www.iquilibrio.com\/blog\/wp-content\/uploads\/2021\/12\/Consulta-por-email-3-150x150.png","contentUrl":"https:\/\/www.iquilibrio.com\/blog\/wp-content\/uploads\/2021\/12\/Consulta-por-email-3-150x150.png","caption":"Eduardo Miranda"},"description":"Eduardo, \u00e9 um jovem apaixonado pela leitura e escrita. Est\u00e1 constantemente em busca de novos aprendizados e experi\u00eancias. A miss\u00e3o dele envolve o desenvolvimento das pessoas atrav\u00e9s daquilo que escreve, de forma leve e pr\u00e1tica, em busca de propagar conte\u00fados emp\u00e1ticos ao falar sobre temas como autoconhecimento e espiritualidade. Sempre prezando pela complexidade interior de cada um, respeitando as cargas emocionais e culturais de cada indiv\u00edduo ao abordar temas como: religi\u00e3o, amor e outras vertentes da vida espiritual.","url":"https:\/\/www.iquilibrio.com\/blog\/author\/lucas-eduardo\/"}]}},"_links":{"self":[{"href":"https:\/\/www.iquilibrio.com\/blog\/wp-json\/wp\/v2\/posts\/37470","targetHints":{"allow":["GET"]}}],"collection":[{"href":"https:\/\/www.iquilibrio.com\/blog\/wp-json\/wp\/v2\/posts"}],"about":[{"href":"https:\/\/www.iquilibrio.com\/blog\/wp-json\/wp\/v2\/types\/post"}],"author":[{"embeddable":true,"href":"https:\/\/www.iquilibrio.com\/blog\/wp-json\/wp\/v2\/users\/153"}],"replies":[{"embeddable":true,"href":"https:\/\/www.iquilibrio.com\/blog\/wp-json\/wp\/v2\/comments?post=37470"}],"version-history":[{"count":3,"href":"https:\/\/www.iquilibrio.com\/blog\/wp-json\/wp\/v2\/posts\/37470\/revisions"}],"predecessor-version":[{"id":37475,"href":"https:\/\/www.iquilibrio.com\/blog\/wp-json\/wp\/v2\/posts\/37470\/revisions\/37475"}],"wp:featuredmedia":[{"embeddable":true,"href":"https:\/\/www.iquilibrio.com\/blog\/wp-json\/wp\/v2\/media\/37473"}],"wp:attachment":[{"href":"https:\/\/www.iquilibrio.com\/blog\/wp-json\/wp\/v2\/media?parent=37470"}],"wp:term":[{"taxonomy":"category","embeddable":true,"href":"https:\/\/www.iquilibrio.com\/blog\/wp-json\/wp\/v2\/categories?post=37470"},{"taxonomy":"post_tag","embeddable":true,"href":"https:\/\/www.iquilibrio.com\/blog\/wp-json\/wp\/v2\/tags?post=37470"}],"curies":[{"name":"wp","href":"https:\/\/api.w.org\/{rel}","templated":true}]}}