{"id":37364,"date":"2022-10-11T15:15:07","date_gmt":"2022-10-11T18:15:07","guid":{"rendered":"https:\/\/www.iquilibrio.com\/blog\/?p=37364"},"modified":"2022-10-19T11:51:10","modified_gmt":"2022-10-19T14:51:10","slug":"politica-2023","status":"publish","type":"post","link":"https:\/\/www.iquilibrio.com\/blog\/oraculos\/tarot\/politica-2023\/","title":{"rendered":"O cen\u00e1rio da pol\u00edtica 2023 segundo o Tarot"},"content":{"rendered":"<p><span style=\"font-weight: 400;\">\u201cAntes de mais nada, sabemos que h\u00e1 muito conflito e muita ansiedade em torno de todo o nosso cen\u00e1rio da pol\u00edtica 2023 no Brasil. <\/span><\/p>\n<p><span style=\"font-weight: 400;\">Ano eleitoral sempre \u00e9 um momento de muitos embates, nesse sentido, convidamos o consultor <strong>Dom Guerino<\/strong>, para fazer uma tiragem e leituras de cartas do Tarot, e assim nos dizer quais s\u00e3o as previs\u00f5es para nosso cen\u00e1rio pol\u00edtico.\u00a0<\/span><\/p>\n<p><b>Eduardo Miranda<\/b><span style=\"font-weight: 400;\">\u201d<\/span><\/p>\n<hr \/>\n<h2><span style=\"font-weight: 400;\">\u00cdndice &#8211; Pol\u00edtica 2023, as previs\u00f5es para o cen\u00e1rio brasileiro<\/span><\/h2>\n<p><span style=\"font-weight: 400;\">Desde j\u00e1, as cartas que sa\u00edram na tiragem para a pol\u00edtica 2023 foram: <\/span><\/p>\n<ul>\n<li><a href=\"https:\/\/www.iquilibrio.com\/blog\/oraculos\/tarot\/a-justica-significado\/\"><b>A Justi\u00e7a<\/b><\/a><span style=\"font-weight: 400;\">, significa necessidade de equil\u00edbrio interior; <\/span><\/li>\n<li><a href=\"https:\/\/www.iquilibrio.com\/blog\/oraculos\/tarot\/roda-da-fortuna-tarot\/\"><b>Roda da Fortuna<\/b><\/a><span style=\"font-weight: 400;\">, que simboliza mudan\u00e7as; por fim,<\/span><b> <\/b><\/li>\n<li><a href=\"https:\/\/www.iquilibrio.com\/blog\/oraculos\/tarot\/significado-julgamento-tarot\/\"><b>O Julgamento<\/b><\/a><span style=\"font-weight: 400;\">, \u00e9 a carta da cura e da transforma\u00e7\u00e3o eficaz das situa\u00e7\u00f5es.<\/span><\/li>\n<\/ul>\n<p><img loading=\"lazy\" decoding=\"async\" class=\"size-full wp-image-37362 aligncenter\" src=\"https:\/\/www.iquilibrio.com\/blog\/wp-content\/uploads\/2022\/10\/Politica-2023-Cartas.jpg\" alt=\"\" width=\"900\" height=\"560\" srcset=\"https:\/\/www.iquilibrio.com\/blog\/wp-content\/uploads\/2022\/10\/Politica-2023-Cartas.jpg 900w, https:\/\/www.iquilibrio.com\/blog\/wp-content\/uploads\/2022\/10\/Politica-2023-Cartas-300x187.jpg 300w, https:\/\/www.iquilibrio.com\/blog\/wp-content\/uploads\/2022\/10\/Politica-2023-Cartas-768x478.jpg 768w, https:\/\/www.iquilibrio.com\/blog\/wp-content\/uploads\/2022\/10\/Politica-2023-Cartas-696x433.jpg 696w, https:\/\/www.iquilibrio.com\/blog\/wp-content\/uploads\/2022\/10\/Politica-2023-Cartas-675x420.jpg 675w\" sizes=\"auto, (max-width: 900px) 100vw, 900px\" \/><\/p>\n<p><span style=\"font-weight: 400;\">A diverg\u00eancia na composi\u00e7\u00e3o de for\u00e7as pol\u00edticas acabam por ser um sinal saud\u00e1vel , pois equilibram o cen\u00e1rio pol\u00edtico ,trazendo embate democr\u00e1tico e acordos.\u00a0<\/span><\/p>\n<p><span style=\"font-weight: 400;\">Sobretudo, depois de mar\u00e7o a uni\u00e3o de for\u00e7as mesmo ideologicamente opostas trazem as prioridades \u00e0 tona, como por exemplo, o combate \u00e0 fome e o desenvolvimento sustent\u00e1vel desvinculados do vi\u00e9s partid\u00e1rio.<\/span><\/p>\n<p style=\"text-align: center;\"><a href=\"https:\/\/www.iquilibrio.com\/tarot\/?utm_campaign=blog_conversao&amp;utm_medium=texto_cta&amp;utm_source=blog&amp;utm_content=20221007_politica_2023_botao_abaixo_paragrafo4\" target=\"_blank\" rel=\"noopener\"><span class=\"td_btn td_btn_md td_round_btn\" style=\"background-color: #0000ff;\"><b>Fa\u00e7a uma consulta do Tarot e receba uma vis\u00e3o clara do seu futuro!<\/b><\/span><\/a><\/p>\n<h2><span style=\"font-weight: 400;\">Pol\u00edtica 2023 &#8211; Protagonismo internacional\u00a0<\/span><\/h2>\n<p><span style=\"font-weight: 400;\">O Brasil poder\u00e1 ser protagonista internacional no mapa da exporta\u00e7\u00e3o de alimentos, mudando a ret\u00f3rica na busca de responsabilidades nos problemas internos, sem apontar culpados.<\/span><\/p>\n<p><span style=\"font-weight: 400;\">O protagonismo do <a href=\"https:\/\/www.cnnbrasil.com.br\/politica\/stf-se-tornou-um-poder-politico-diz-ives-gandra\/\" target=\"_blank\" rel=\"noopener\">poder judici\u00e1rio<\/a> continua como mediadores e guardi\u00f5es da constitui\u00e7\u00e3o, pois em qualquer resultado a democracia ainda \u00e9 amea\u00e7ada por radicais.\u00a0<\/span><\/p>\n<p><span style=\"font-weight: 400;\">Minha sensitividade aponta para o protagonismo novamente da figura de &#8220;ex-presidentes&#8221; pois seja qual dos dois que disputarem para presidente, sofrem grande risco de vida por atentado ou doen\u00e7a cr\u00f4nica-aguda.<\/span><\/p>\n<h3><span style=\"font-weight: 400;\">Acerto de contas e continuidade de alguns assuntos<\/span><\/h3>\n<p><span style=\"font-weight: 400;\">At\u00e9 Mar\u00e7o de 2023 estaremos vivendo um per\u00edodo de solu\u00e7\u00f5es dram\u00e1ticas e c\u00e1rmicas com efeitos de m\u00e9dio e longo prazo positivos para o Brasil.<\/span><\/p>\n<p><span style=\"font-weight: 400;\">Em suma, isso ocorre independente de ideologias, pois novamente o mundo volta sua aten\u00e7\u00e3o para as quest\u00f5es como: Amaz\u00f4nia e a fome, uma realidade urgente e que n\u00e3o se pode negar.<\/span><\/p>\n<p><span style=\"font-weight: 400;\">O saldo positivo no cen\u00e1rio econ\u00f4mico e pol\u00edtico para o final de 2023, trar\u00e1 excelentes perspectivas, depois de enfrentarmos o fantasma do retrocesso.<\/span><\/p>\n<p style=\"text-align: center;\"><a href=\"https:\/\/www.iquilibrio.com\/baralho-cigano\/?utm_campaign=blog_conversao&amp;utm_medium=texto_cta&amp;utm_source=blog&amp;utm_content=20221007_politica_2023_botao_abaixo_paragrafo10\" target=\"_blank\" rel=\"noopener\"><span class=\"td_btn td_btn_md td_round_btn\" style=\"background-color: #0000ff;\"><b>Entre em 2023 sem as cargas do passado. Fale com um especialista e abra seus caminhos!<\/b><\/span><\/a><\/p>\n<h2><img loading=\"lazy\" decoding=\"async\" class=\"size-full wp-image-34206 aligncenter\" src=\"https:\/\/www.iquilibrio.com\/blog\/wp-content\/uploads\/2022\/02\/filosofia-ubuntu.jpg\" alt=\"Filosofia ubuntu\" width=\"900\" height=\"560\" srcset=\"https:\/\/www.iquilibrio.com\/blog\/wp-content\/uploads\/2022\/02\/filosofia-ubuntu.jpg 900w, https:\/\/www.iquilibrio.com\/blog\/wp-content\/uploads\/2022\/02\/filosofia-ubuntu-300x187.jpg 300w, https:\/\/www.iquilibrio.com\/blog\/wp-content\/uploads\/2022\/02\/filosofia-ubuntu-768x478.jpg 768w, https:\/\/www.iquilibrio.com\/blog\/wp-content\/uploads\/2022\/02\/filosofia-ubuntu-696x433.jpg 696w, https:\/\/www.iquilibrio.com\/blog\/wp-content\/uploads\/2022\/02\/filosofia-ubuntu-675x420.jpg 675w\" sizes=\"auto, (max-width: 900px) 100vw, 900px\" \/><\/h2>\n<h2><span style=\"font-weight: 400;\">Previs\u00f5es gerais &#8211; Pol\u00edtica 2023<\/span><\/h2>\n<p><span style=\"font-weight: 400;\">O cen\u00e1rio pol\u00edtico ser\u00e1 influenciado por uma solidariedade pr\u00f3pria do povo brasileiro, mesmo que infelizmente s\u00f3 apare\u00e7a ap\u00f3s cat\u00e1strofes como enchentes, deslizamentos e a a\u00e7\u00e3o humana nociva.\u00a0<\/span><\/p>\n<p><span style=\"font-weight: 400;\">O equil\u00edbrio ecol\u00f3gico de 2023 n\u00e3o est\u00e1 isento de grandes cat\u00e1strofes no Brasil, como por exemplo, um tsunami, que \u00e9 efeito do avan\u00e7o no derretimento das calotas polares no \u00e1rtico.<\/span><\/p>\n<p><span style=\"font-weight: 400;\">O cen\u00e1rio pol\u00edtico vai finalmente reconhecer o valor da regi\u00e3o norte\/nordeste, bem como, a cultura e o povo nordestino, que s\u00e3o fundamentais na nossa identidade cultural como na\u00e7\u00e3o, ali\u00e1s, a primeira capital federal do pa\u00eds foi em Salvador &#8211; Bahia.\u00a0<\/span><\/p>\n<h2><span style=\"font-weight: 400;\">Defesa de direitos e surgimento de frentes unidas<\/span><\/h2>\n<p><span style=\"font-weight: 400;\">O ataque de xenofobia estar\u00e1 mais evidente, ent\u00e3o, prevejo o ressurgimento de minist\u00e9rios ou secretarias que combatam a desigualdade social, e lutem pelos direitos dos povos e culturas que comp\u00f5em nossa brasilidade.\u00a0<\/span><\/p>\n<p><span style=\"font-weight: 400;\">O que tamb\u00e9m prevalece \u00e9 o fato de que se um governo incentiva viol\u00eancia de qualquer natureza, este estar\u00e1 sujeito a impeachment!<\/span><\/p>\n<p><span style=\"font-weight: 400;\">Todavia, o resumo \u00e9: esse novo ano lan\u00e7ar\u00e1 luz sobre tudo o que se faz necess\u00e1rio para a mudan\u00e7a e a paz! Na pol\u00edtica 2023, teremos muita clareza e resultados pr\u00e1ticos por todo o pa\u00eds.<\/span><\/p>\n<hr \/>\n<h2><span id=\"Conheca_mais_sobre_nosso_consultor_DGuerino\"><img loading=\"lazy\" decoding=\"async\" class=\"size-full wp-image-21284 alignleft\" src=\"https:\/\/www.iquilibrio.com\/blog\/wp-content\/uploads\/2018\/12\/dguerino.png\" alt=\"\" width=\"100\" height=\"100\" \/>Conhe\u00e7a mais o consultor D.Guerino<\/span><\/h2>\n<p>D. Guerino \u00e9 terapeuta hol\u00edstico e atende de forma acolhedora os seus consulentes. Muito querido por quem o conhece, o consultor tamb\u00e9m ensina pr\u00e1ticas como a medita\u00e7\u00e3o para melhorar a energia e fluxo de vida das pessoas que o procura.<\/p>\n<p style=\"text-align: center;\"><a href=\"https:\/\/www.iquilibrio.com\/esotericos\/dom-guerino\/?utm_campaign=blog_conversao&amp;utm_medium=texto_cta&amp;utm_source=blog&amp;utm_content=20221007_politica_2023_botao_abaixo_perfil_consultor\" target=\"_blank\" rel=\"noopener\"><strong><span class=\"td_btn td_btn_md td_round_btn\" style=\"background-color: #00ff00;\">Fale com o consultor D. Guerino e receba luz e direcionamento em seu caminho!<\/span><\/strong><\/a><\/p>\n\n\n<div class=\"kk-star-ratings kksr-auto kksr-align-left kksr-valign-bottom\"\n    data-payload='{&quot;align&quot;:&quot;left&quot;,&quot;id&quot;:&quot;37364&quot;,&quot;slug&quot;:&quot;default&quot;,&quot;valign&quot;:&quot;bottom&quot;,&quot;ignore&quot;:&quot;&quot;,&quot;reference&quot;:&quot;auto&quot;,&quot;class&quot;:&quot;&quot;,&quot;count&quot;:&quot;1&quot;,&quot;legendonly&quot;:&quot;&quot;,&quot;readonly&quot;:&quot;&quot;,&quot;score&quot;:&quot;5&quot;,&quot;starsonly&quot;:&quot;&quot;,&quot;best&quot;:&quot;5&quot;,&quot;gap&quot;:&quot;5&quot;,&quot;greet&quot;:&quot;Rate this post&quot;,&quot;legend&quot;:&quot;5\\\/5 - (1 voto)&quot;,&quot;size&quot;:&quot;24&quot;,&quot;title&quot;:&quot;O cen\u00e1rio da pol\u00edtica 2023 segundo o Tarot&quot;,&quot;width&quot;:&quot;142.5&quot;,&quot;_legend&quot;:&quot;{score}\\\/{best} - ({count} {votes})&quot;,&quot;font_factor&quot;:&quot;1.25&quot;}'>\n            \n<div class=\"kksr-stars\">\n    \n<div class=\"kksr-stars-inactive\">\n            <div class=\"kksr-star\" data-star=\"1\" style=\"padding-right: 5px\">\n            \n\n<div class=\"kksr-icon\" style=\"width: 24px; height: 24px;\"><\/div>\n        <\/div>\n            <div class=\"kksr-star\" data-star=\"2\" style=\"padding-right: 5px\">\n            \n\n<div class=\"kksr-icon\" style=\"width: 24px; height: 24px;\"><\/div>\n        <\/div>\n            <div class=\"kksr-star\" data-star=\"3\" style=\"padding-right: 5px\">\n            \n\n<div class=\"kksr-icon\" style=\"width: 24px; height: 24px;\"><\/div>\n        <\/div>\n            <div class=\"kksr-star\" data-star=\"4\" style=\"padding-right: 5px\">\n            \n\n<div class=\"kksr-icon\" style=\"width: 24px; height: 24px;\"><\/div>\n        <\/div>\n            <div class=\"kksr-star\" data-star=\"5\" style=\"padding-right: 5px\">\n            \n\n<div class=\"kksr-icon\" style=\"width: 24px; height: 24px;\"><\/div>\n        <\/div>\n    <\/div>\n    \n<div class=\"kksr-stars-active\" style=\"width: 142.5px;\">\n            <div class=\"kksr-star\" style=\"padding-right: 5px\">\n            \n\n<div class=\"kksr-icon\" style=\"width: 24px; height: 24px;\"><\/div>\n        <\/div>\n            <div class=\"kksr-star\" style=\"padding-right: 5px\">\n            \n\n<div class=\"kksr-icon\" style=\"width: 24px; height: 24px;\"><\/div>\n        <\/div>\n            <div class=\"kksr-star\" style=\"padding-right: 5px\">\n            \n\n<div class=\"kksr-icon\" style=\"width: 24px; height: 24px;\"><\/div>\n        <\/div>\n            <div class=\"kksr-star\" style=\"padding-right: 5px\">\n            \n\n<div class=\"kksr-icon\" style=\"width: 24px; height: 24px;\"><\/div>\n        <\/div>\n            <div class=\"kksr-star\" style=\"padding-right: 5px\">\n            \n\n<div class=\"kksr-icon\" style=\"width: 24px; height: 24px;\"><\/div>\n        <\/div>\n    <\/div>\n<\/div>\n                \n\n<div class=\"kksr-legend\" style=\"font-size: 19.2px;\">\n            5\/5 - (1 voto)    <\/div>\n    <\/div>\n","protected":false},"excerpt":{"rendered":"<p>\u201cAntes de mais nada, sabemos que h\u00e1 muito conflito e muita ansiedade em torno de todo o nosso cen\u00e1rio da pol\u00edtica 2023 no Brasil. Ano eleitoral sempre \u00e9 um momento de muitos embates, nesse sentido, convidamos o consultor Dom Guerino, para fazer uma tiragem e leituras de cartas do Tarot, e assim nos dizer quais [&hellip;]<\/p>\n","protected":false},"author":156,"featured_media":37363,"comment_status":"closed","ping_status":"closed","sticky":false,"template":"","format":"standard","meta":{"footnotes":""},"categories":[4749,534],"tags":[],"class_list":["post-37364","post","type-post","status-publish","format-standard","has-post-thumbnail","hentry","category-previsoes","category-tarot"],"yoast_head":"<!-- This site is optimized with the Yoast SEO plugin v27.4 - https:\/\/yoast.com\/product\/yoast-seo-wordpress\/ -->\n<title>Pol\u00edtica 2023 - Saiba as tend\u00eancias para o nosso futuro pol\u00edtico<\/title>\n<meta name=\"description\" content=\"O consultor Dom Guerino nos trouxe o que as cartas do Tarot dizem sobre o futuro da pol\u00edtica 2023 no Brasil. Confira aqui as previs\u00f5es!\" \/>\n<meta name=\"robots\" content=\"index, follow, max-snippet:-1, max-image-preview:large, max-video-preview:-1\" \/>\n<link rel=\"canonical\" href=\"https:\/\/www.iquilibrio.com\/blog\/oraculos\/tarot\/politica-2023\/\" \/>\n<meta property=\"og:locale\" content=\"pt_BR\" \/>\n<meta property=\"og:type\" content=\"article\" \/>\n<meta property=\"og:title\" content=\"Pol\u00edtica 2023 - Saiba as tend\u00eancias para o nosso futuro pol\u00edtico\" \/>\n<meta property=\"og:description\" content=\"O consultor Dom Guerino nos trouxe o que as cartas do Tarot dizem sobre o futuro da pol\u00edtica 2023 no Brasil. Confira aqui as previs\u00f5es!\" \/>\n<meta property=\"og:url\" content=\"https:\/\/www.iquilibrio.com\/blog\/oraculos\/tarot\/politica-2023\/\" \/>\n<meta property=\"og:site_name\" content=\"iQuilibrio\" \/>\n<meta property=\"article:publisher\" content=\"https:\/\/www.facebook.com\/iQuilibrio\/\" \/>\n<meta property=\"article:published_time\" content=\"2022-10-11T18:15:07+00:00\" \/>\n<meta property=\"article:modified_time\" content=\"2022-10-19T14:51:10+00:00\" \/>\n<meta property=\"og:image\" content=\"https:\/\/www.iquilibrio.com\/blog\/wp-content\/uploads\/2022\/10\/Politica-2023-1.jpg\" \/>\n\t<meta property=\"og:image:width\" content=\"900\" \/>\n\t<meta property=\"og:image:height\" content=\"560\" \/>\n\t<meta property=\"og:image:type\" content=\"image\/jpeg\" \/>\n<meta name=\"author\" content=\"iQuilibrio\" \/>\n<meta name=\"twitter:card\" content=\"summary_large_image\" \/>\n<meta name=\"twitter:creator\" content=\"@iquilibrio\" \/>\n<meta name=\"twitter:site\" content=\"@iquilibrio\" \/>\n<meta name=\"twitter:label1\" content=\"Escrito por\" \/>\n\t<meta name=\"twitter:data1\" content=\"iQuilibrio\" \/>\n\t<meta name=\"twitter:label2\" content=\"Est. tempo de leitura\" \/>\n\t<meta name=\"twitter:data2\" content=\"5 minutos\" \/>\n<script type=\"application\/ld+json\" class=\"yoast-schema-graph\">{\"@context\":\"https:\\\/\\\/schema.org\",\"@graph\":[{\"@type\":\"Article\",\"@id\":\"https:\\\/\\\/www.iquilibrio.com\\\/blog\\\/oraculos\\\/tarot\\\/politica-2023\\\/#article\",\"isPartOf\":{\"@id\":\"https:\\\/\\\/www.iquilibrio.com\\\/blog\\\/oraculos\\\/tarot\\\/politica-2023\\\/\"},\"author\":{\"name\":\"iQuilibrio\",\"@id\":\"https:\\\/\\\/www.iquilibrio.com\\\/blog\\\/#\\\/schema\\\/person\\\/2acb51f4069f3a1354edeaff3dee22f4\"},\"headline\":\"O cen\u00e1rio da pol\u00edtica 2023 segundo o Tarot\",\"datePublished\":\"2022-10-11T18:15:07+00:00\",\"dateModified\":\"2022-10-19T14:51:10+00:00\",\"mainEntityOfPage\":{\"@id\":\"https:\\\/\\\/www.iquilibrio.com\\\/blog\\\/oraculos\\\/tarot\\\/politica-2023\\\/\"},\"wordCount\":708,\"publisher\":{\"@id\":\"https:\\\/\\\/www.iquilibrio.com\\\/blog\\\/#organization\"},\"image\":{\"@id\":\"https:\\\/\\\/www.iquilibrio.com\\\/blog\\\/oraculos\\\/tarot\\\/politica-2023\\\/#primaryimage\"},\"thumbnailUrl\":\"https:\\\/\\\/www.iquilibrio.com\\\/blog\\\/wp-content\\\/uploads\\\/2022\\\/10\\\/Politica-2023-1.jpg\",\"articleSection\":[\"Previs\u00f5es\",\"Tarot\"],\"inLanguage\":\"pt-BR\"},{\"@type\":\"WebPage\",\"@id\":\"https:\\\/\\\/www.iquilibrio.com\\\/blog\\\/oraculos\\\/tarot\\\/politica-2023\\\/\",\"url\":\"https:\\\/\\\/www.iquilibrio.com\\\/blog\\\/oraculos\\\/tarot\\\/politica-2023\\\/\",\"name\":\"Pol\u00edtica 2023 - Saiba as tend\u00eancias para o nosso futuro pol\u00edtico\",\"isPartOf\":{\"@id\":\"https:\\\/\\\/www.iquilibrio.com\\\/blog\\\/#website\"},\"primaryImageOfPage\":{\"@id\":\"https:\\\/\\\/www.iquilibrio.com\\\/blog\\\/oraculos\\\/tarot\\\/politica-2023\\\/#primaryimage\"},\"image\":{\"@id\":\"https:\\\/\\\/www.iquilibrio.com\\\/blog\\\/oraculos\\\/tarot\\\/politica-2023\\\/#primaryimage\"},\"thumbnailUrl\":\"https:\\\/\\\/www.iquilibrio.com\\\/blog\\\/wp-content\\\/uploads\\\/2022\\\/10\\\/Politica-2023-1.jpg\",\"datePublished\":\"2022-10-11T18:15:07+00:00\",\"dateModified\":\"2022-10-19T14:51:10+00:00\",\"description\":\"O consultor Dom Guerino nos trouxe o que as cartas do Tarot dizem sobre o futuro da pol\u00edtica 2023 no Brasil. Confira aqui as previs\u00f5es!\",\"breadcrumb\":{\"@id\":\"https:\\\/\\\/www.iquilibrio.com\\\/blog\\\/oraculos\\\/tarot\\\/politica-2023\\\/#breadcrumb\"},\"inLanguage\":\"pt-BR\",\"potentialAction\":[{\"@type\":\"ReadAction\",\"target\":[\"https:\\\/\\\/www.iquilibrio.com\\\/blog\\\/oraculos\\\/tarot\\\/politica-2023\\\/\"]}]},{\"@type\":\"ImageObject\",\"inLanguage\":\"pt-BR\",\"@id\":\"https:\\\/\\\/www.iquilibrio.com\\\/blog\\\/oraculos\\\/tarot\\\/politica-2023\\\/#primaryimage\",\"url\":\"https:\\\/\\\/www.iquilibrio.com\\\/blog\\\/wp-content\\\/uploads\\\/2022\\\/10\\\/Politica-2023-1.jpg\",\"contentUrl\":\"https:\\\/\\\/www.iquilibrio.com\\\/blog\\\/wp-content\\\/uploads\\\/2022\\\/10\\\/Politica-2023-1.jpg\",\"width\":900,\"height\":560,\"caption\":\"Pol\u00edtica 2023\"},{\"@type\":\"BreadcrumbList\",\"@id\":\"https:\\\/\\\/www.iquilibrio.com\\\/blog\\\/oraculos\\\/tarot\\\/politica-2023\\\/#breadcrumb\",\"itemListElement\":[{\"@type\":\"ListItem\",\"position\":1,\"name\":\"In\u00edcio\",\"item\":\"https:\\\/\\\/www.iquilibrio.com\\\/blog\\\/\"},{\"@type\":\"ListItem\",\"position\":2,\"name\":\"O cen\u00e1rio da pol\u00edtica 2023 segundo o Tarot\"}]},{\"@type\":\"WebSite\",\"@id\":\"https:\\\/\\\/www.iquilibrio.com\\\/blog\\\/#website\",\"url\":\"https:\\\/\\\/www.iquilibrio.com\\\/blog\\\/\",\"name\":\"iQuilibrio\",\"description\":\"Blog iQuilibrio\",\"publisher\":{\"@id\":\"https:\\\/\\\/www.iquilibrio.com\\\/blog\\\/#organization\"},\"potentialAction\":[{\"@type\":\"SearchAction\",\"target\":{\"@type\":\"EntryPoint\",\"urlTemplate\":\"https:\\\/\\\/www.iquilibrio.com\\\/blog\\\/?s={search_term_string}\"},\"query-input\":{\"@type\":\"PropertyValueSpecification\",\"valueRequired\":true,\"valueName\":\"search_term_string\"}}],\"inLanguage\":\"pt-BR\"},{\"@type\":\"Organization\",\"@id\":\"https:\\\/\\\/www.iquilibrio.com\\\/blog\\\/#organization\",\"name\":\"Esoterismo, Misticismo e Tarot Online - iQuilibrio\",\"url\":\"https:\\\/\\\/www.iquilibrio.com\\\/blog\\\/\",\"logo\":{\"@type\":\"ImageObject\",\"inLanguage\":\"pt-BR\",\"@id\":\"https:\\\/\\\/www.iquilibrio.com\\\/blog\\\/#\\\/schema\\\/logo\\\/image\\\/\",\"url\":\"https:\\\/\\\/www.iquilibrio.com\\\/blog\\\/wp-content\\\/uploads\\\/2018\\\/12\\\/iquilibrio_lovo_vetor_preto-retina.png\",\"contentUrl\":\"https:\\\/\\\/www.iquilibrio.com\\\/blog\\\/wp-content\\\/uploads\\\/2018\\\/12\\\/iquilibrio_lovo_vetor_preto-retina.png\",\"width\":972,\"height\":180,\"caption\":\"Esoterismo, Misticismo e Tarot Online - iQuilibrio\"},\"image\":{\"@id\":\"https:\\\/\\\/www.iquilibrio.com\\\/blog\\\/#\\\/schema\\\/logo\\\/image\\\/\"},\"sameAs\":[\"https:\\\/\\\/www.facebook.com\\\/iQuilibrio\\\/\",\"https:\\\/\\\/x.com\\\/iquilibrio\",\"https:\\\/\\\/www.instagram.com\\\/iquilibrio\\\/\",\"https:\\\/\\\/www.linkedin.com\\\/company\\\/iquilibrio\\\/\",\"https:\\\/\\\/br.pinterest.com\\\/iquilibrio1397\\\/\",\"https:\\\/\\\/www.youtube.com\\\/channel\\\/UC175qxd-4Zsi4wzawT5zF2g\"]},{\"@type\":\"Person\",\"@id\":\"https:\\\/\\\/www.iquilibrio.com\\\/blog\\\/#\\\/schema\\\/person\\\/2acb51f4069f3a1354edeaff3dee22f4\",\"name\":\"iQuilibrio\",\"image\":{\"@type\":\"ImageObject\",\"inLanguage\":\"pt-BR\",\"@id\":\"https:\\\/\\\/www.iquilibrio.com\\\/blog\\\/wp-content\\\/uploads\\\/2021\\\/12\\\/Consulta-por-email-3-150x150.png\",\"url\":\"https:\\\/\\\/www.iquilibrio.com\\\/blog\\\/wp-content\\\/uploads\\\/2021\\\/12\\\/Consulta-por-email-3-150x150.png\",\"contentUrl\":\"https:\\\/\\\/www.iquilibrio.com\\\/blog\\\/wp-content\\\/uploads\\\/2021\\\/12\\\/Consulta-por-email-3-150x150.png\",\"caption\":\"iQuilibrio\"},\"description\":\"A equipe de reda\u00e7\u00e3o da iQuilibrio \u00e9 composta pelos mais diversos especialistas e esot\u00e9ricos. Al\u00e9m de dominar a arte de traduzir as energias que o universo emana, nossos redatores sentem imenso prazer em trabalhar com palavras. Boa leitura e um \u00f3timo aprendizado!\",\"url\":\"https:\\\/\\\/www.iquilibrio.com\\\/blog\\\/author\\\/iquilibrio\\\/\"}]}<\/script>\n<!-- \/ Yoast SEO plugin. -->","yoast_head_json":{"title":"Pol\u00edtica 2023 - Saiba as tend\u00eancias para o nosso futuro pol\u00edtico","description":"O consultor Dom Guerino nos trouxe o que as cartas do Tarot dizem sobre o futuro da pol\u00edtica 2023 no Brasil. Confira aqui as previs\u00f5es!","robots":{"index":"index","follow":"follow","max-snippet":"max-snippet:-1","max-image-preview":"max-image-preview:large","max-video-preview":"max-video-preview:-1"},"canonical":"https:\/\/www.iquilibrio.com\/blog\/oraculos\/tarot\/politica-2023\/","og_locale":"pt_BR","og_type":"article","og_title":"Pol\u00edtica 2023 - Saiba as tend\u00eancias para o nosso futuro pol\u00edtico","og_description":"O consultor Dom Guerino nos trouxe o que as cartas do Tarot dizem sobre o futuro da pol\u00edtica 2023 no Brasil. Confira aqui as previs\u00f5es!","og_url":"https:\/\/www.iquilibrio.com\/blog\/oraculos\/tarot\/politica-2023\/","og_site_name":"iQuilibrio","article_publisher":"https:\/\/www.facebook.com\/iQuilibrio\/","article_published_time":"2022-10-11T18:15:07+00:00","article_modified_time":"2022-10-19T14:51:10+00:00","og_image":[{"width":900,"height":560,"url":"https:\/\/www.iquilibrio.com\/blog\/wp-content\/uploads\/2022\/10\/Politica-2023-1.jpg","type":"image\/jpeg"}],"author":"iQuilibrio","twitter_card":"summary_large_image","twitter_creator":"@iquilibrio","twitter_site":"@iquilibrio","twitter_misc":{"Escrito por":"iQuilibrio","Est. tempo de leitura":"5 minutos"},"schema":{"@context":"https:\/\/schema.org","@graph":[{"@type":"Article","@id":"https:\/\/www.iquilibrio.com\/blog\/oraculos\/tarot\/politica-2023\/#article","isPartOf":{"@id":"https:\/\/www.iquilibrio.com\/blog\/oraculos\/tarot\/politica-2023\/"},"author":{"name":"iQuilibrio","@id":"https:\/\/www.iquilibrio.com\/blog\/#\/schema\/person\/2acb51f4069f3a1354edeaff3dee22f4"},"headline":"O cen\u00e1rio da pol\u00edtica 2023 segundo o Tarot","datePublished":"2022-10-11T18:15:07+00:00","dateModified":"2022-10-19T14:51:10+00:00","mainEntityOfPage":{"@id":"https:\/\/www.iquilibrio.com\/blog\/oraculos\/tarot\/politica-2023\/"},"wordCount":708,"publisher":{"@id":"https:\/\/www.iquilibrio.com\/blog\/#organization"},"image":{"@id":"https:\/\/www.iquilibrio.com\/blog\/oraculos\/tarot\/politica-2023\/#primaryimage"},"thumbnailUrl":"https:\/\/www.iquilibrio.com\/blog\/wp-content\/uploads\/2022\/10\/Politica-2023-1.jpg","articleSection":["Previs\u00f5es","Tarot"],"inLanguage":"pt-BR"},{"@type":"WebPage","@id":"https:\/\/www.iquilibrio.com\/blog\/oraculos\/tarot\/politica-2023\/","url":"https:\/\/www.iquilibrio.com\/blog\/oraculos\/tarot\/politica-2023\/","name":"Pol\u00edtica 2023 - Saiba as tend\u00eancias para o nosso futuro pol\u00edtico","isPartOf":{"@id":"https:\/\/www.iquilibrio.com\/blog\/#website"},"primaryImageOfPage":{"@id":"https:\/\/www.iquilibrio.com\/blog\/oraculos\/tarot\/politica-2023\/#primaryimage"},"image":{"@id":"https:\/\/www.iquilibrio.com\/blog\/oraculos\/tarot\/politica-2023\/#primaryimage"},"thumbnailUrl":"https:\/\/www.iquilibrio.com\/blog\/wp-content\/uploads\/2022\/10\/Politica-2023-1.jpg","datePublished":"2022-10-11T18:15:07+00:00","dateModified":"2022-10-19T14:51:10+00:00","description":"O consultor Dom Guerino nos trouxe o que as cartas do Tarot dizem sobre o futuro da pol\u00edtica 2023 no Brasil. Confira aqui as previs\u00f5es!","breadcrumb":{"@id":"https:\/\/www.iquilibrio.com\/blog\/oraculos\/tarot\/politica-2023\/#breadcrumb"},"inLanguage":"pt-BR","potentialAction":[{"@type":"ReadAction","target":["https:\/\/www.iquilibrio.com\/blog\/oraculos\/tarot\/politica-2023\/"]}]},{"@type":"ImageObject","inLanguage":"pt-BR","@id":"https:\/\/www.iquilibrio.com\/blog\/oraculos\/tarot\/politica-2023\/#primaryimage","url":"https:\/\/www.iquilibrio.com\/blog\/wp-content\/uploads\/2022\/10\/Politica-2023-1.jpg","contentUrl":"https:\/\/www.iquilibrio.com\/blog\/wp-content\/uploads\/2022\/10\/Politica-2023-1.jpg","width":900,"height":560,"caption":"Pol\u00edtica 2023"},{"@type":"BreadcrumbList","@id":"https:\/\/www.iquilibrio.com\/blog\/oraculos\/tarot\/politica-2023\/#breadcrumb","itemListElement":[{"@type":"ListItem","position":1,"name":"In\u00edcio","item":"https:\/\/www.iquilibrio.com\/blog\/"},{"@type":"ListItem","position":2,"name":"O cen\u00e1rio da pol\u00edtica 2023 segundo o Tarot"}]},{"@type":"WebSite","@id":"https:\/\/www.iquilibrio.com\/blog\/#website","url":"https:\/\/www.iquilibrio.com\/blog\/","name":"iQuilibrio","description":"Blog iQuilibrio","publisher":{"@id":"https:\/\/www.iquilibrio.com\/blog\/#organization"},"potentialAction":[{"@type":"SearchAction","target":{"@type":"EntryPoint","urlTemplate":"https:\/\/www.iquilibrio.com\/blog\/?s={search_term_string}"},"query-input":{"@type":"PropertyValueSpecification","valueRequired":true,"valueName":"search_term_string"}}],"inLanguage":"pt-BR"},{"@type":"Organization","@id":"https:\/\/www.iquilibrio.com\/blog\/#organization","name":"Esoterismo, Misticismo e Tarot Online - iQuilibrio","url":"https:\/\/www.iquilibrio.com\/blog\/","logo":{"@type":"ImageObject","inLanguage":"pt-BR","@id":"https:\/\/www.iquilibrio.com\/blog\/#\/schema\/logo\/image\/","url":"https:\/\/www.iquilibrio.com\/blog\/wp-content\/uploads\/2018\/12\/iquilibrio_lovo_vetor_preto-retina.png","contentUrl":"https:\/\/www.iquilibrio.com\/blog\/wp-content\/uploads\/2018\/12\/iquilibrio_lovo_vetor_preto-retina.png","width":972,"height":180,"caption":"Esoterismo, Misticismo e Tarot Online - iQuilibrio"},"image":{"@id":"https:\/\/www.iquilibrio.com\/blog\/#\/schema\/logo\/image\/"},"sameAs":["https:\/\/www.facebook.com\/iQuilibrio\/","https:\/\/x.com\/iquilibrio","https:\/\/www.instagram.com\/iquilibrio\/","https:\/\/www.linkedin.com\/company\/iquilibrio\/","https:\/\/br.pinterest.com\/iquilibrio1397\/","https:\/\/www.youtube.com\/channel\/UC175qxd-4Zsi4wzawT5zF2g"]},{"@type":"Person","@id":"https:\/\/www.iquilibrio.com\/blog\/#\/schema\/person\/2acb51f4069f3a1354edeaff3dee22f4","name":"iQuilibrio","image":{"@type":"ImageObject","inLanguage":"pt-BR","@id":"https:\/\/www.iquilibrio.com\/blog\/wp-content\/uploads\/2021\/12\/Consulta-por-email-3-150x150.png","url":"https:\/\/www.iquilibrio.com\/blog\/wp-content\/uploads\/2021\/12\/Consulta-por-email-3-150x150.png","contentUrl":"https:\/\/www.iquilibrio.com\/blog\/wp-content\/uploads\/2021\/12\/Consulta-por-email-3-150x150.png","caption":"iQuilibrio"},"description":"A equipe de reda\u00e7\u00e3o da iQuilibrio \u00e9 composta pelos mais diversos especialistas e esot\u00e9ricos. Al\u00e9m de dominar a arte de traduzir as energias que o universo emana, nossos redatores sentem imenso prazer em trabalhar com palavras. Boa leitura e um \u00f3timo aprendizado!","url":"https:\/\/www.iquilibrio.com\/blog\/author\/iquilibrio\/"}]}},"_links":{"self":[{"href":"https:\/\/www.iquilibrio.com\/blog\/wp-json\/wp\/v2\/posts\/37364","targetHints":{"allow":["GET"]}}],"collection":[{"href":"https:\/\/www.iquilibrio.com\/blog\/wp-json\/wp\/v2\/posts"}],"about":[{"href":"https:\/\/www.iquilibrio.com\/blog\/wp-json\/wp\/v2\/types\/post"}],"author":[{"embeddable":true,"href":"https:\/\/www.iquilibrio.com\/blog\/wp-json\/wp\/v2\/users\/156"}],"replies":[{"embeddable":true,"href":"https:\/\/www.iquilibrio.com\/blog\/wp-json\/wp\/v2\/comments?post=37364"}],"version-history":[{"count":4,"href":"https:\/\/www.iquilibrio.com\/blog\/wp-json\/wp\/v2\/posts\/37364\/revisions"}],"predecessor-version":[{"id":37369,"href":"https:\/\/www.iquilibrio.com\/blog\/wp-json\/wp\/v2\/posts\/37364\/revisions\/37369"}],"wp:featuredmedia":[{"embeddable":true,"href":"https:\/\/www.iquilibrio.com\/blog\/wp-json\/wp\/v2\/media\/37363"}],"wp:attachment":[{"href":"https:\/\/www.iquilibrio.com\/blog\/wp-json\/wp\/v2\/media?parent=37364"}],"wp:term":[{"taxonomy":"category","embeddable":true,"href":"https:\/\/www.iquilibrio.com\/blog\/wp-json\/wp\/v2\/categories?post=37364"},{"taxonomy":"post_tag","embeddable":true,"href":"https:\/\/www.iquilibrio.com\/blog\/wp-json\/wp\/v2\/tags?post=37364"}],"curies":[{"name":"wp","href":"https:\/\/api.w.org\/{rel}","templated":true}]}}