{"id":37340,"date":"2022-10-09T10:10:33","date_gmt":"2022-10-09T13:10:33","guid":{"rendered":"https:\/\/www.iquilibrio.com\/blog\/?p=37340"},"modified":"2022-10-05T17:37:35","modified_gmt":"2022-10-05T20:37:35","slug":"calendario-wicca-2023","status":"publish","type":"post","link":"https:\/\/www.iquilibrio.com\/blog\/espiritualidade\/wicca\/calendario-wicca-2023\/","title":{"rendered":"Calend\u00e1rio Wicca 2023: A roda do ano"},"content":{"rendered":"<p><span style=\"font-weight: 400;\">Em suma, por ser uma religi\u00e3o muito ligada \u00e0 natureza, bem como, aos seus ciclos, o consultor Abra\u00e3o preparou para n\u00f3s o calend\u00e1rio Wicca 2023, que possui celebra\u00e7\u00f5es anuais e mensais voltadas \u00e0s tradi\u00e7\u00f5es da Wicca.<\/span><\/p>\n<h2><span style=\"font-weight: 400;\">\u00cdndice &#8211; Calend\u00e1rio Wicca 2023<\/span><\/h2>\n<p><span style=\"font-weight: 400;\">Antes de tudo, as celebra\u00e7\u00f5es mensais, conhecidas como <\/span><b><i>Esbat<\/i><\/b><span style=\"font-weight: 400;\">, acontecem em todas as luas cheias do ano, nesse sentido, os dias em que a lua se encontra nesta fase s\u00e3o poderosos. Por\u00e9m, a troca das esta\u00e7\u00f5es tamb\u00e9m possui dias de intenso poder, onde rituais pr\u00f3prios da esta\u00e7\u00e3o fazem com que os <a href=\"https:\/\/www.iquilibrio.com\/blog\/espiritualidade\/wicca\/o-que-e-a-wicca\/\">adeptos da Wicca<\/a> consigam uma profunda conex\u00e3o com a Deusa.\u00a0<\/span><\/p>\n<p><span style=\"font-weight: 400;\">\u00c0 primeira vista, esses dias poderosos s\u00e3o conhecidos como <\/span><b><i>Sabat<\/i><\/b><span style=\"font-weight: 400;\">, podendo ser escrito e pronunciado em <\/span><span style=\"font-weight: 400;\">sua forma aportuguesada \u201c<\/span><i><span style=\"font-weight: 400;\">Sab\u00e1<\/span><\/i><span style=\"font-weight: 400;\">\u201d. Em outras palavras, os praticantes modernos da Wicca chamam esse conjunto de celebra\u00e7\u00f5es anuais de \u201cRoda do Ano\u201d. Sendo assim, abaixo s\u00e3o abordados os Oito Sab\u00e1s e os seus significados.\u00a0<\/span><\/p>\n<p><span style=\"font-weight: 400;\">Contudo, \u00e9 importante lembrar que as esta\u00e7\u00f5es do ano ocorrem de forma diferente no hemisf\u00e9rio norte e no hemisf\u00e9rio sul. Sendo assim, se diz na Wicca que existe uma Roda Norte (para o hemisf\u00e9rio norte), e uma Roda Sul (para o hemisf\u00e9rio sul).\u00a0<\/span><\/p>\n<p><span style=\"font-weight: 400;\">Por exemplo, a comemora\u00e7\u00e3o do Solst\u00edcio de Inverno, na Roda Norte, acontece entre 21 e 22 de dezembro, pr\u00f3xima ao Natal crist\u00e3o. Por\u00e9m, na Roda Sul, ocorre entre 21 e 22 de junho, pr\u00f3ximo \u00e0s nossas festas juninas. Sendo assim, atente-se que todas as datas abaixo correspondem \u00e0 Roda Sul.<\/span><\/p>\n<p style=\"text-align: center;\"><a href=\"https:\/\/www.iquilibrio.com\/simpatias\/?utm_campaign=blog_conversao&amp;utm_medium=texto_cta&amp;utm_source=blog&amp;utm_content=20221005_calendario_wicca_2023_botao_abaixo_paragrafo5\" target=\"_blank\" rel=\"noopener\"><strong><span class=\"td_btn td_btn_md td_round_btn\" style=\"background-color: #0000ff;\">Descubra quais simpatias fazer, e tenha muito sucesso e conquistas em 2023!!!<\/span><\/strong><\/a><\/p>\n<h2><img loading=\"lazy\" decoding=\"async\" class=\"size-full wp-image-6826 aligncenter\" src=\"https:\/\/www.iquilibrio.com\/blog\/wp-content\/uploads\/2017\/06\/feitico-wicca.jpg\" alt=\"\" width=\"900\" height=\"560\" srcset=\"https:\/\/www.iquilibrio.com\/blog\/wp-content\/uploads\/2017\/06\/feitico-wicca.jpg 900w, https:\/\/www.iquilibrio.com\/blog\/wp-content\/uploads\/2017\/06\/feitico-wicca-300x187.jpg 300w, https:\/\/www.iquilibrio.com\/blog\/wp-content\/uploads\/2017\/06\/feitico-wicca-768x478.jpg 768w, https:\/\/www.iquilibrio.com\/blog\/wp-content\/uploads\/2017\/06\/feitico-wicca-696x433.jpg 696w, https:\/\/www.iquilibrio.com\/blog\/wp-content\/uploads\/2017\/06\/feitico-wicca-675x420.jpg 675w\" sizes=\"auto, (max-width: 900px) 100vw, 900px\" \/><\/h2>\n<h2><span style=\"font-weight: 400;\">Calend\u00e1rio Wicca 2023 &#8211; Samhaim 1\u00ba de maio.<\/span><\/h2>\n<p><span style=\"font-weight: 400;\"><a href=\"https:\/\/www.iquilibrio.com\/blog\/espiritualidade\/wicca\/ritual-de-samrain-wicca\/\">Este Sab\u00e1 \u00e9 o primeiro<\/a> da Roda do Ano. Se trata de uma celebra\u00e7\u00e3o que deu origem ao <a href=\"https:\/\/www.iquilibrio.com\/blog\/espiritualidade\/wicca\/simpatias-de-halloween\/\">Halloween ou Dia das Bruxas<\/a>, no hemisf\u00e9rio norte. Ou seja, neste dia, se diz que o mundo do al\u00e9m se encontra mais pr\u00f3ximo do mundo dos vivos.<\/span><\/p>\n<p><span style=\"font-weight: 400;\">Em outras palavras, aqueles que j\u00e1 realizaram a passagem para o mundo dos mortos, podem atravessar a fronteira entre os dois mundos e, assim, ficar temporariamente mais pr\u00f3ximos daqueles que eles deixaram no mundo dos vivos.<\/span><\/p>\n<p><span style=\"font-weight: 400;\">Seno assim, neste Sab\u00e1, comemora-se tamb\u00e9m a Deusa, que se encontra gr\u00e1vida, e que dar\u00e1 a luz ao Deus, no pr\u00f3ximo Sab\u00e1. Os elementos usados para celebrar este Sab\u00e1 s\u00e3o:<\/span><\/p>\n<ul>\n<li style=\"font-weight: 400;\" aria-level=\"1\"><span style=\"font-weight: 400;\">Velas coloridas;<\/span><\/li>\n<li style=\"font-weight: 400;\" aria-level=\"1\"><span style=\"font-weight: 400;\">Vinho tinto, sidra ou refresco de uva;<\/span><\/li>\n<li style=\"font-weight: 400;\" aria-level=\"1\"><span style=\"font-weight: 400;\">Beterrabas;<\/span><\/li>\n<li style=\"font-weight: 400;\" aria-level=\"1\"><span style=\"font-weight: 400;\">Castanhas;<\/span><\/li>\n<li style=\"font-weight: 400;\" aria-level=\"1\"><span style=\"font-weight: 400;\">Milho;<\/span><\/li>\n<li style=\"font-weight: 400;\" aria-level=\"1\"><span style=\"font-weight: 400;\">Gengibre;<\/span><\/li>\n<li style=\"font-weight: 400;\" aria-level=\"1\"><span style=\"font-weight: 400;\">Ab\u00f3boras;<\/span><\/li>\n<li style=\"font-weight: 400;\" aria-level=\"1\"><span style=\"font-weight: 400;\">Doces e bolos.<\/span><\/li>\n<\/ul>\n<h3><span style=\"font-weight: 400;\">Yule \u2013 21 e 22 de junho.<\/span><\/h3>\n<p><span style=\"font-weight: 400;\"><a href=\"https:\/\/www.iquilibrio.com\/blog\/espiritualidade\/wicca\/ritual-de-yule\/\">Este Sab\u00e1 representa o Solst\u00edcio de Inverno<\/a>. Normalmente no inverno os dias s\u00e3o mais curtos, por\u00e9m, o Solst\u00edcio de inverno \u00e9 a marca do in\u00edcio oficial do inverno, por ser o dia mais curto do ano.\u00a0<\/span><\/p>\n<p><span style=\"font-weight: 400;\">Em suma, para a Wicca, este Sab\u00e1 representa ciclos de renascimento, uma vez que aqui a Deusa d\u00e1 \u00e0 luz, o que garante que apesar da escurid\u00e3o, temos quem nos guia para a Luz.<\/span><\/p>\n<p><span style=\"font-weight: 400;\">Os elementos usados para celebrar este Sab\u00e1 incluem:\u00a0<\/span><\/p>\n<ul>\n<li style=\"font-weight: 400;\" aria-level=\"1\"><span style=\"font-weight: 400;\">Frutas como p\u00earas e ma\u00e7\u00e3s;\u00a0<\/span><\/li>\n<li style=\"font-weight: 400;\" aria-level=\"1\"><span style=\"font-weight: 400;\">Bolos de castanhas;\u00a0<\/span><\/li>\n<li style=\"font-weight: 400;\" aria-level=\"1\"><span style=\"font-weight: 400;\">Carnes;<\/span><\/li>\n<li style=\"font-weight: 400;\" aria-level=\"1\"><span style=\"font-weight: 400;\">Ch\u00e1s de hibisco ou gengibre.<\/span><\/li>\n<\/ul>\n<p style=\"text-align: center;\"><a href=\"https:\/\/www.iquilibrio.com\/dinheiro-financas\/?utm_campaign=blog_conversao&amp;utm_medium=texto_cta&amp;utm_source=blog&amp;utm_content=20221005_calendario_wicca_2023_botao_abaixo_paragrafo10\" target=\"_blank\" rel=\"noopener\"><strong><span class=\"td_btn td_btn_md td_round_btn\" style=\"background-color: #0000ff;\">Seja pr\u00f3spero em 2023. Fale com um consultor e descubra os segredos da riqueza e da prosperidade!<\/span><\/strong><\/a><\/p>\n<h2><img loading=\"lazy\" decoding=\"async\" class=\"size-full wp-image-35866 aligncenter\" src=\"https:\/\/www.iquilibrio.com\/blog\/wp-content\/uploads\/2022\/06\/Bruxaria-Natual-Feitico.png\" alt=\"Bruxaria natural feiti\u00e7os\" width=\"900\" height=\"560\" srcset=\"https:\/\/www.iquilibrio.com\/blog\/wp-content\/uploads\/2022\/06\/Bruxaria-Natual-Feitico.png 900w, https:\/\/www.iquilibrio.com\/blog\/wp-content\/uploads\/2022\/06\/Bruxaria-Natual-Feitico-300x187.png 300w, https:\/\/www.iquilibrio.com\/blog\/wp-content\/uploads\/2022\/06\/Bruxaria-Natual-Feitico-768x478.png 768w, https:\/\/www.iquilibrio.com\/blog\/wp-content\/uploads\/2022\/06\/Bruxaria-Natual-Feitico-696x433.png 696w, https:\/\/www.iquilibrio.com\/blog\/wp-content\/uploads\/2022\/06\/Bruxaria-Natual-Feitico-675x420.png 675w\" sizes=\"auto, (max-width: 900px) 100vw, 900px\" \/><\/h2>\n<h2><span style=\"font-weight: 400;\">Calend\u00e1rio Wicca 2023 &#8211; <\/span><span style=\"font-weight: 400;\">Imbolc \u2013 1\u00ba de agosto<\/span><\/h2>\n<p><span style=\"font-weight: 400;\">De antem\u00e3o, este Sab\u00e1 comemora os primeiros sinais de vida \u00e0 medida que o inverno vai perdendo for\u00e7a. Celebrado na metade do tempo entre o Solst\u00edcio de Inverno e o Equin\u00f3cio de Primavera, este Sab\u00e1 celebra o come\u00e7o da fertilidade, que logo estar\u00e1 plena na natureza.<\/span><\/p>\n<p><span style=\"font-weight: 400;\">Simboliza o crescimento do Deus, e <a href=\"https:\/\/www.iquilibrio.com\/blog\/espiritualidade\/wicca\/lei-triplice\/\">traz simbolismos<\/a> de fertilidade, fogo, purifica\u00e7\u00e3o e renascimento.\u00a0<\/span><\/p>\n<p><span style=\"font-weight: 400;\">Os elementos usados para celebrar este Sab\u00e1 s\u00e3o leite e pratos brancos, desde que muito bem temperados. Podem-se usar pratos com uvas passas e vinho forte.<\/span><\/p>\n<h3><span style=\"font-weight: 400;\">Ostara \u2013 22 a 24 de setembro<\/span><\/h3>\n<p><span style=\"font-weight: 400;\"><a href=\"https:\/\/www.iquilibrio.com\/blog\/terapias-alternativas\/reiki\/ostara\/\">Esta \u00e9 a celebra\u00e7\u00e3o do Equin\u00f3cio da Primavera<\/a>. Ent\u00e3o, trata-se de um dia em que a noite e o dia tem a mesma dura\u00e7\u00e3o. Por\u00e9m, nos dias seguintes, at\u00e9 o ver\u00e3o, os dias ficar\u00e3o mais longos. Celebra- se a fertilidade, o amor e o nascimento. A natureza desperta para uma vida nova.<\/span><\/p>\n<p><span style=\"font-weight: 400;\">Os s\u00edmbolos deste Sab\u00e1 s\u00e3o todos ligados \u00e0 fertilidade e \u00e0 reprodu\u00e7\u00e3o.\u00a0<\/span><\/p>\n<ul>\n<li style=\"font-weight: 400;\" aria-level=\"1\"><span style=\"font-weight: 400;\">Flores;<\/span><\/li>\n<li style=\"font-weight: 400;\" aria-level=\"1\"><span style=\"font-weight: 400;\">Leite;<\/span><\/li>\n<li style=\"font-weight: 400;\" aria-level=\"1\"><span style=\"font-weight: 400;\">Coelhos e lebres;<\/span><\/li>\n<li style=\"font-weight: 400;\" aria-level=\"1\"><span style=\"font-weight: 400;\">Ovos coloridos.<\/span><\/li>\n<\/ul>\n<p><span style=\"font-weight: 400;\">Portanto, esses s\u00e3o os elementos usados para esta celebra\u00e7\u00e3o, mas que tamb\u00e9m acabaram sobrevivendo na celebra\u00e7\u00e3o da P\u00e1scoa. <\/span><span style=\"font-weight: 400;\">Para a Wicca, por\u00e9m, esta celebra\u00e7\u00e3o \u00e9 onde a Deusa \u00e9 vista como uma donzela, bem como, o Deus \u00e9 visto como um adolescente. <a href=\"https:\/\/www.iquilibrio.com\/blog\/espiritualidade\/wicca\/deuses-wicca\/\">Ambos em pleno crescimento<\/a>.\u00a0<\/span><\/p>\n<p><span style=\"font-weight: 400;\">Os elementos usados para celebrar este Sab\u00e1 s\u00e3o:<\/span><\/p>\n<ul>\n<li style=\"font-weight: 400;\" aria-level=\"1\"><span style=\"font-weight: 400;\">Velas e lanternas coloridas;<\/span><\/li>\n<li style=\"font-weight: 400;\" aria-level=\"1\"><span style=\"font-weight: 400;\">M\u00fasica alegre;<\/span><\/li>\n<li style=\"font-weight: 400;\" aria-level=\"1\"><span style=\"font-weight: 400;\">Flores;<\/span><\/li>\n<li style=\"font-weight: 400;\" aria-level=\"1\"><span style=\"font-weight: 400;\">Pratos com mel;<\/span><\/li>\n<li style=\"font-weight: 400;\" aria-level=\"1\"><span style=\"font-weight: 400;\">Ab\u00f3boras e sementes de girassol;<\/span><\/li>\n<li style=\"font-weight: 400;\" aria-level=\"1\"><span style=\"font-weight: 400;\">Gergelim;<\/span><\/li>\n<li style=\"font-weight: 400;\" aria-level=\"1\"><span style=\"font-weight: 400;\">Brotos, verduras e pratos que imitam flores.<\/span><\/li>\n<\/ul>\n<p style=\"text-align: center;\"><a href=\"https:\/\/www.iquilibrio.com\/baralho-cigano\/?utm_campaign=blog_conversao&amp;utm_medium=texto_cta&amp;utm_source=blog&amp;utm_content=20221005_calendario_wicca_2023_botao_abaixo_paragrafo15\" target=\"_blank\" rel=\"noopener\"><strong><span class=\"td_btn td_btn_md td_round_btn\" style=\"background-color: #0000ff;\">Tenha uma nova vida, deixe as dores para tr\u00e1s e viva com alegria. Fale agora com um especialista!<\/span><\/strong><\/a><\/p>\n<h2><img loading=\"lazy\" decoding=\"async\" class=\"size-full wp-image-32959 aligncenter\" src=\"https:\/\/www.iquilibrio.com\/blog\/wp-content\/uploads\/2021\/10\/bruxas-2022.png\" alt=\"Bruxas 2022\" width=\"900\" height=\"560\" srcset=\"https:\/\/www.iquilibrio.com\/blog\/wp-content\/uploads\/2021\/10\/bruxas-2022.png 900w, https:\/\/www.iquilibrio.com\/blog\/wp-content\/uploads\/2021\/10\/bruxas-2022-300x187.png 300w, https:\/\/www.iquilibrio.com\/blog\/wp-content\/uploads\/2021\/10\/bruxas-2022-768x478.png 768w, https:\/\/www.iquilibrio.com\/blog\/wp-content\/uploads\/2021\/10\/bruxas-2022-696x433.png 696w, https:\/\/www.iquilibrio.com\/blog\/wp-content\/uploads\/2021\/10\/bruxas-2022-675x420.png 675w\" sizes=\"auto, (max-width: 900px) 100vw, 900px\" \/><\/h2>\n<h2><span style=\"font-weight: 400;\">Calend\u00e1rio Wicca 2023 &#8211; <\/span><span style=\"font-weight: 400;\">Beltane \u2013 31 de outubro<\/span><\/h2>\n<p><span style=\"font-weight: 400;\">Ainda dentro da celebra\u00e7\u00e3o da primavera, este Sab\u00e1 \u00e9 aquele em que se comemora ainda os elementos referentes \u00e0 fertilidade. Por\u00e9m, neste festival, se comemora a uni\u00e3o rom\u00e2ntica entre <a href=\"https:\/\/www.iquilibrio.com\/blog\/espiritualidade\/wicca\/ritual-para-descobrir-deus-pai-e-deusa-mae-wicca\/\">a Deusa e o Deus<\/a>, o que render\u00e1 campos f\u00e9rteis, colheitas abundantes, e sustento para mais um ano, para alimentar mais um ciclo da vida.\u00a0<\/span><\/p>\n<p><span style=\"font-weight: 400;\">Em suma, os elementos usados para celebrar este Sab\u00e1 incluem:\u00a0<\/span><\/p>\n<ul>\n<li style=\"font-weight: 400;\" aria-level=\"1\"><span style=\"font-weight: 400;\">Flores;<\/span><\/li>\n<li style=\"font-weight: 400;\" aria-level=\"1\"><span style=\"font-weight: 400;\">Ramos de trigo;<\/span><\/li>\n<li style=\"font-weight: 400;\" aria-level=\"1\"><span style=\"font-weight: 400;\">Sorvetes de baunilha;<\/span><\/li>\n<li style=\"font-weight: 400;\" aria-level=\"1\"><span style=\"font-weight: 400;\">Alimentos que levem leite;<\/span><\/li>\n<li style=\"font-weight: 400;\" aria-level=\"1\"><span style=\"font-weight: 400;\">Bolos de aveia;<\/span><\/li>\n<li style=\"font-weight: 400;\" aria-level=\"1\"><span style=\"font-weight: 400;\">Bebidas com leite e mel.<\/span><\/li>\n<\/ul>\n<h3><span style=\"font-weight: 400;\">Litha \u2013 21 e 22 de dezembro<\/span><\/h3>\n<p><span style=\"font-weight: 400;\">Este Sab\u00e1 ocorre no Solst\u00edcio de ver\u00e3o, naquele que costuma ser o dia mais longo do ano, com abund\u00e2ncia de luz. Ent\u00e3o, aqui a Deusa \u00e9 vista como uma mulher gestante, e o Deus se encontra em seu auge.\u00a0<\/span><\/p>\n<p><span style=\"font-weight: 400;\">Por outro lado, em <a href=\"https:\/\/www.iquilibrio.com\/blog\/espiritualidade\/wicca\/mitos-e-verdades-wicca\/\">lendas mais antigas<\/a>, se diz que esta \u00e9 uma celebra\u00e7\u00e3o onde a metade mais clara do ano venceu a metade mais escura. Nesse sentido, este simbolismo \u00e9 encontrado na <a href=\"https:\/\/fenixdefogo.wordpress.com\/2013\/01\/01\/o-ano-celta-e-o-mito-dos-reis-carvalho-e-azevinho\/\" target=\"_blank\" rel=\"noopener\">batalha de dois reis<\/a>, o Rei Carvalho (representando o inverno) e o Rei Azevinho (representando o ver\u00e3o, \u00e9poca em que esta planta floresce).\u00a0<\/span><\/p>\n<p><span style=\"font-weight: 400;\">Os elementos usados para celebrar este Sab\u00e1 s\u00e3o:\u00a0<\/span><\/p>\n<ul>\n<li style=\"font-weight: 400;\" aria-level=\"1\"><span style=\"font-weight: 400;\">Frutas frescas e sucos;<\/span><\/li>\n<li style=\"font-weight: 400;\" aria-level=\"1\"><span style=\"font-weight: 400;\">Queijos;<\/span><\/li>\n<li style=\"font-weight: 400;\" aria-level=\"1\"><span style=\"font-weight: 400;\">Sorvetes.<\/span><\/li>\n<\/ul>\n<figure id=\"attachment_34751\" aria-describedby=\"caption-attachment-34751\" style=\"width: 900px\" class=\"wp-caption aligncenter\"><img loading=\"lazy\" decoding=\"async\" class=\"size-full wp-image-34751\" src=\"https:\/\/www.iquilibrio.com\/blog\/wp-content\/uploads\/2022\/03\/Bruxa.jpg\" alt=\"Qual tipo de bruxa eu sou?\" width=\"900\" height=\"560\" srcset=\"https:\/\/www.iquilibrio.com\/blog\/wp-content\/uploads\/2022\/03\/Bruxa.jpg 900w, https:\/\/www.iquilibrio.com\/blog\/wp-content\/uploads\/2022\/03\/Bruxa-300x187.jpg 300w, https:\/\/www.iquilibrio.com\/blog\/wp-content\/uploads\/2022\/03\/Bruxa-768x478.jpg 768w, https:\/\/www.iquilibrio.com\/blog\/wp-content\/uploads\/2022\/03\/Bruxa-696x433.jpg 696w, https:\/\/www.iquilibrio.com\/blog\/wp-content\/uploads\/2022\/03\/Bruxa-675x420.jpg 675w\" sizes=\"auto, (max-width: 900px) 100vw, 900px\" \/><figcaption id=\"caption-attachment-34751\" class=\"wp-caption-text\">Qual tipo de bruxa eu sou?<\/figcaption><\/figure>\n<h2><span style=\"font-weight: 400;\">Calend\u00e1rio Wicca 2023 &#8211; <\/span><span style=\"font-weight: 400;\">Lammas \u2013 1 ou 2 de fevereiro<\/span><\/h2>\n<p><span style=\"font-weight: 400;\"><a href=\"https:\/\/www.iquilibrio.com\/blog\/espiritualidade\/wicca\/sabbat-lammas\/\">Este \u00e9 o principal Sab\u00e1 onde se celebra a colheita<\/a>, portanto, \u00e9 um Sab\u00e1 de agradecimento. Contudo, ainda existe um forte simbolismo da fertilidade, por\u00e9m, n\u00e3o como algo poss\u00edvel, e sim como algo que acabou de se concretizar, e que torna as pessoas felizes e agradecidas por isso.<\/span><\/p>\n<p><span style=\"font-weight: 400;\">Se diz inclusive que a carta 3 de Copas no Tarot de Waite, retrata essa felicidade celebrada num festival da colheita.\u00a0<\/span><\/p>\n<p><span style=\"font-weight: 400;\">Sendo assim, este Sab\u00e1 \u00e9 celebrado com um banquete, e os seus elementos s\u00e3o:\u00a0<\/span><\/p>\n<ul>\n<li style=\"font-weight: 400;\" aria-level=\"1\"><span style=\"font-weight: 400;\">Pratos com trigo;<\/span><\/li>\n<li style=\"font-weight: 400;\" aria-level=\"1\"><span style=\"font-weight: 400;\">Milho;<\/span><\/li>\n<li style=\"font-weight: 400;\" aria-level=\"1\"><span style=\"font-weight: 400;\">Aveia;<\/span><\/li>\n<li style=\"font-weight: 400;\" aria-level=\"1\"><span style=\"font-weight: 400;\">P\u00e3es dos mais variados;<\/span><\/li>\n<li style=\"font-weight: 400;\" aria-level=\"1\"><span style=\"font-weight: 400;\">Bolos e frutas silvestres;<\/span><\/li>\n<li style=\"font-weight: 400;\" aria-level=\"1\"><span style=\"font-weight: 400;\">Bebidas diversas, por\u00e9m, com \u00eanfase nos vinhos e na cidra.<\/span><\/li>\n<\/ul>\n<p style=\"text-align: center;\"><a href=\"https:\/\/www.iquilibrio.com\/tarot\/?utm_campaign=blog_conversao&amp;utm_medium=texto_cta&amp;utm_source=blog&amp;utm_content=20221005_calendario_wicca_2023_botao_abaixo_paragrafo21\" target=\"_blank\" rel=\"noopener\"><strong><span class=\"td_btn td_btn_md td_round_btn\" style=\"background-color: #0000ff;\">Descubra qual \u00e9 a mensagem do Tarot para voc\u00ea. Receba luz e direcionamento agora!<\/span><\/strong><\/a><\/p>\n<h3><span style=\"font-weight: 400;\">Mabon \u2013 21 de mar\u00e7o<\/span><\/h3>\n<p><span style=\"font-weight: 400;\"><a href=\"https:\/\/www.iquilibrio.com\/blog\/espiritualidade\/wicca\/ritual-mabon\/\">Este Sab\u00e1 \u00e9 celebrado no equin\u00f3cio de outono<\/a>, onde o dia e a noite t\u00eam a mesma dura\u00e7\u00e3o. Entretanto, embora ainda esteja no per\u00edodo da colheita, percebe-se que o inverno est\u00e1 chegando! Os dias se tornar\u00e3o mais curtos daqui pra frente.\u00a0<\/span><\/p>\n<p><span style=\"font-weight: 400;\">Se trata de um Sab\u00e1 bastante controverso, uma vez que se comemora ainda a colheita, por\u00e9m, tamb\u00e9m se celebra os <a href=\"https:\/\/www.bbc.com\/portuguese\/vert-cap-52928468\" target=\"_blank\" rel=\"noopener\">s\u00edmbolos da velhice, a sabedoria dos anci\u00f5es<\/a>, e a descida para o submundo.\u00a0<\/span><\/p>\n<p><span style=\"font-weight: 400;\">Nesse sentido ,mitos como o de Pers\u00e9fone e Dem\u00e9ter, por exemplo, s\u00e3o comemorados neste Sab\u00e1. Pers\u00e9fone foi sequestrada pelo Deus do Submundo, e obrigada a ficar l\u00e1 como Rainha. Por\u00e9m, sua m\u00e3e, Dem\u00e9ter, sentindo sua falta, tornou os campos do mundo est\u00e9reis e congelados.\u00a0<\/span><\/p>\n<p><span style=\"font-weight: 400;\">At\u00e9 que os deuses fizeram um acordo, onde Pers\u00e9fone passaria 6 meses com sua m\u00e3e, e 6 meses reinando no Submundo. Os elementos usados para celebrar este Sab\u00e1 s\u00e3o:<\/span><\/p>\n<ul>\n<li style=\"font-weight: 400;\" aria-level=\"1\"><span style=\"font-weight: 400;\">Sobras da colheita anterior;<\/span><\/li>\n<li style=\"font-weight: 400;\" aria-level=\"1\"><span style=\"font-weight: 400;\">P\u00e3es de milho;\u00a0<\/span><\/li>\n<li style=\"font-weight: 400;\" aria-level=\"1\"><span style=\"font-weight: 400;\">Gr\u00e3os;<\/span><\/li>\n<li style=\"font-weight: 400;\" aria-level=\"1\"><span style=\"font-weight: 400;\">Frutas;<\/span><\/li>\n<li style=\"font-weight: 400;\" aria-level=\"1\"><span style=\"font-weight: 400;\">Vegetais;<\/span><\/li>\n<li style=\"font-weight: 400;\" aria-level=\"1\"><span style=\"font-weight: 400;\">Feij\u00f5es;<\/span><\/li>\n<li style=\"font-weight: 400;\" aria-level=\"1\"><span style=\"font-weight: 400;\">Ab\u00f3boras podem ser utilizadas.<\/span><\/li>\n<\/ul>\n<h2><img loading=\"lazy\" decoding=\"async\" class=\"size-full wp-image-10065 aligncenter\" src=\"https:\/\/www.iquilibrio.com\/blog\/wp-content\/uploads\/2017\/10\/13-condutas-wicca.jpg\" alt=\"13 princ\u00edpios wicca\" width=\"900\" height=\"560\" srcset=\"https:\/\/www.iquilibrio.com\/blog\/wp-content\/uploads\/2017\/10\/13-condutas-wicca.jpg 900w, https:\/\/www.iquilibrio.com\/blog\/wp-content\/uploads\/2017\/10\/13-condutas-wicca-300x187.jpg 300w, https:\/\/www.iquilibrio.com\/blog\/wp-content\/uploads\/2017\/10\/13-condutas-wicca-768x478.jpg 768w\" sizes=\"auto, (max-width: 900px) 100vw, 900px\" \/><\/h2>\n<h2><span style=\"font-weight: 400;\">Calend\u00e1rio Wicca 2023 &#8211; <\/span>Calend\u00e1rio dos Esbats<\/h2>\n<p><span style=\"font-weight: 400;\">Os Esbats s\u00e3o celebra\u00e7\u00f5es ligadas \u00e0 Lua Cheia, ent\u00e3o, s\u00e3o como uma representa\u00e7\u00e3o da Deusa, a Lua <\/span><span style=\"font-weight: 400;\">Crescente corresponde ao arqu\u00e9tipo da donzela, a Lua Cheia ao arqu\u00e9tipo da m\u00e3e, e a Lua Minguante ao arqu\u00e9tipo da Anci\u00e3.\u00a0<\/span><\/p>\n<p><span style=\"font-weight: 400;\">Contudo, alguns wiccanos consideram a Lua Nova como um arqu\u00e9tipo das Deusas Sombrias, ou Deusas do Submundo, ent\u00e3o, uma vez que no <a href=\"https:\/\/www.iquilibrio.com\/blog\/previsoes\/calendario-lunar-2023\/\">in\u00edcio da fase da Lua<\/a> Nova praticamente n\u00e3o se v\u00ea a Lua no c\u00e9u, predominando a escurid\u00e3o.\u00a0<\/span><\/p>\n<p><span style=\"font-weight: 400;\">As datas abaixo, portanto, correspondem ao primeiro dia da Lua Cheia para 2023. S\u00e3o os dias recomendados para se conectar com o poder da Deusa <a href=\"https:\/\/www.iquilibrio.com\/blog\/espiritualidade\/wicca\/ritual-da-lua\/\">durante a fase da Lua Cheia<\/a>!<\/span><\/p>\n<ul>\n<li style=\"font-weight: 400;\" aria-level=\"1\"><span style=\"font-weight: 400;\">06 de janeiro<\/span><\/li>\n<li style=\"font-weight: 400;\" aria-level=\"1\"><span style=\"font-weight: 400;\">05 de fevereiro<\/span><\/li>\n<li style=\"font-weight: 400;\" aria-level=\"1\"><span style=\"font-weight: 400;\">07 de mar\u00e7o<\/span><\/li>\n<li style=\"font-weight: 400;\" aria-level=\"1\"><span style=\"font-weight: 400;\">06 de abril<\/span><\/li>\n<li style=\"font-weight: 400;\" aria-level=\"1\"><span style=\"font-weight: 400;\">05 de maio<\/span><\/li>\n<li style=\"font-weight: 400;\" aria-level=\"1\"><span style=\"font-weight: 400;\">04 de junho<\/span><\/li>\n<li style=\"font-weight: 400;\" aria-level=\"1\"><span style=\"font-weight: 400;\">03 de julho<\/span><\/li>\n<li style=\"font-weight: 400;\" aria-level=\"1\"><span style=\"font-weight: 400;\">01 de agosto<\/span><\/li>\n<li style=\"font-weight: 400;\" aria-level=\"1\"><span style=\"font-weight: 400;\">30 de agosto<\/span><\/li>\n<li style=\"font-weight: 400;\" aria-level=\"1\"><span style=\"font-weight: 400;\">29 de setembro<\/span><\/li>\n<li style=\"font-weight: 400;\" aria-level=\"1\"><span style=\"font-weight: 400;\">28 de outubro<\/span><\/li>\n<li style=\"font-weight: 400;\" aria-level=\"1\"><span style=\"font-weight: 400;\">27 de novembro<\/span><\/li>\n<li style=\"font-weight: 400;\" aria-level=\"1\"><span style=\"font-weight: 400;\">26 de dezembro<\/span><\/li>\n<\/ul>\n<p><span style=\"font-weight: 400;\">Que esta Roda do Ano de 2023 traga-lhe b\u00ean\u00e7\u00e3os de todos os Deuses, que os caminhos se abram a sua frente, que o vento sopre leve nos seus ombros, que o sol brilhe suave no seu rosto, que as chuvas caiam serenas nos seus campos, e at\u00e9 a pr\u00f3xima Roda do Ano, que os Deuses guardem voc\u00ea e os seus entes queridos nas palmas das Suas m\u00e3os!<\/span><\/p>\n<hr \/>\n<h2><span id=\"Conheca_mais_sobre_o_consultor_Abraao\"><img loading=\"lazy\" decoding=\"async\" class=\"wp-image-20324 alignleft td-animation-stack-type0-2\" src=\"https:\/\/www.iquilibrio.com\/blog\/wp-content\/uploads\/2018\/10\/abraao.png\" alt=\"\" width=\"124\" height=\"124\" data-pagespeed-url-hash=\"3726655892\" \/>Conhe\u00e7a mais sobre o consultor Abra\u00e3o<\/span><\/h2>\n<p>Sou o Abra\u00e3o,\u00a0estudo Tarot h\u00e1 mais de 10 anos e tamb\u00e9m trabalho com Numerologia.<\/p>\n<p>\u00c9 muito gratificante saber que pude ao decorrer destes anos ajudar tantas pessoas com o meu dom e conhecimento, e espero que eu tamb\u00e9m possa ajudar voc\u00ea a se encontrar em um caminho de Luz.<\/p>\n<p style=\"text-align: center;\"><a href=\"https:\/\/www.iquilibrio.com\/esotericos\/abraao\/?utm_campaign=blog_conversao&amp;utm_medium=texto_cta&amp;utm_source=blog&amp;utm_content=20221005_calendario_wicca_2023_botao_abaixo_perfil_consultor\" target=\"_blank\" rel=\"noopener\"><strong><span class=\"td_btn td_btn_md td_round_btn\" style=\"background-color: #00ff00;\">Fale agora com o consultor Abra\u00e3o e saiba como abrir todos os caminhos em 2023<\/span><\/strong><\/a><\/p>\n\n\n<div class=\"kk-star-ratings kksr-auto kksr-align-left kksr-valign-bottom\"\n    data-payload='{&quot;align&quot;:&quot;left&quot;,&quot;id&quot;:&quot;37340&quot;,&quot;slug&quot;:&quot;default&quot;,&quot;valign&quot;:&quot;bottom&quot;,&quot;ignore&quot;:&quot;&quot;,&quot;reference&quot;:&quot;auto&quot;,&quot;class&quot;:&quot;&quot;,&quot;count&quot;:&quot;1&quot;,&quot;legendonly&quot;:&quot;&quot;,&quot;readonly&quot;:&quot;&quot;,&quot;score&quot;:&quot;5&quot;,&quot;starsonly&quot;:&quot;&quot;,&quot;best&quot;:&quot;5&quot;,&quot;gap&quot;:&quot;5&quot;,&quot;greet&quot;:&quot;Rate this post&quot;,&quot;legend&quot;:&quot;5\\\/5 - (1 voto)&quot;,&quot;size&quot;:&quot;24&quot;,&quot;title&quot;:&quot;Calend\u00e1rio Wicca 2023: A roda do ano&quot;,&quot;width&quot;:&quot;142.5&quot;,&quot;_legend&quot;:&quot;{score}\\\/{best} - ({count} {votes})&quot;,&quot;font_factor&quot;:&quot;1.25&quot;}'>\n            \n<div class=\"kksr-stars\">\n    \n<div class=\"kksr-stars-inactive\">\n            <div class=\"kksr-star\" data-star=\"1\" style=\"padding-right: 5px\">\n            \n\n<div class=\"kksr-icon\" style=\"width: 24px; height: 24px;\"><\/div>\n        <\/div>\n            <div class=\"kksr-star\" data-star=\"2\" style=\"padding-right: 5px\">\n            \n\n<div class=\"kksr-icon\" style=\"width: 24px; height: 24px;\"><\/div>\n        <\/div>\n            <div class=\"kksr-star\" data-star=\"3\" style=\"padding-right: 5px\">\n            \n\n<div class=\"kksr-icon\" style=\"width: 24px; height: 24px;\"><\/div>\n        <\/div>\n            <div class=\"kksr-star\" data-star=\"4\" style=\"padding-right: 5px\">\n            \n\n<div class=\"kksr-icon\" style=\"width: 24px; height: 24px;\"><\/div>\n        <\/div>\n            <div class=\"kksr-star\" data-star=\"5\" style=\"padding-right: 5px\">\n            \n\n<div class=\"kksr-icon\" style=\"width: 24px; height: 24px;\"><\/div>\n        <\/div>\n    <\/div>\n    \n<div class=\"kksr-stars-active\" style=\"width: 142.5px;\">\n            <div class=\"kksr-star\" style=\"padding-right: 5px\">\n            \n\n<div class=\"kksr-icon\" style=\"width: 24px; height: 24px;\"><\/div>\n        <\/div>\n            <div class=\"kksr-star\" style=\"padding-right: 5px\">\n            \n\n<div class=\"kksr-icon\" style=\"width: 24px; height: 24px;\"><\/div>\n        <\/div>\n            <div class=\"kksr-star\" style=\"padding-right: 5px\">\n            \n\n<div class=\"kksr-icon\" style=\"width: 24px; height: 24px;\"><\/div>\n        <\/div>\n            <div class=\"kksr-star\" style=\"padding-right: 5px\">\n            \n\n<div class=\"kksr-icon\" style=\"width: 24px; height: 24px;\"><\/div>\n        <\/div>\n            <div class=\"kksr-star\" style=\"padding-right: 5px\">\n            \n\n<div class=\"kksr-icon\" style=\"width: 24px; height: 24px;\"><\/div>\n        <\/div>\n    <\/div>\n<\/div>\n                \n\n<div class=\"kksr-legend\" style=\"font-size: 19.2px;\">\n            5\/5 - (1 voto)    <\/div>\n    <\/div>\n","protected":false},"excerpt":{"rendered":"<p>Em suma, por ser uma religi\u00e3o muito ligada \u00e0 natureza, bem como, aos seus ciclos, o consultor Abra\u00e3o preparou para n\u00f3s o calend\u00e1rio Wicca 2023, que possui celebra\u00e7\u00f5es anuais e mensais voltadas \u00e0s tradi\u00e7\u00f5es da Wicca. \u00cdndice &#8211; Calend\u00e1rio Wicca 2023 Antes de tudo, as celebra\u00e7\u00f5es mensais, conhecidas como Esbat, acontecem em todas as luas [&hellip;]<\/p>\n","protected":false},"author":156,"featured_media":37341,"comment_status":"closed","ping_status":"closed","sticky":false,"template":"","format":"standard","meta":{"footnotes":""},"categories":[974],"tags":[],"class_list":["post-37340","post","type-post","status-publish","format-standard","has-post-thumbnail","hentry","category-wicca"],"yoast_head":"<!-- This site is optimized with the Yoast SEO plugin v27.4 - https:\/\/yoast.com\/product\/yoast-seo-wordpress\/ -->\n<title>Wicca 2023 - O ciclo anual das bruxas para 2023<\/title>\n<meta name=\"description\" content=\"Descubra quais s\u00e3o as datas mais importantes no calend\u00e1rio wicca 2023. Saiba quais s\u00e3o as datas e se prepare para receber muita luz.\" \/>\n<meta name=\"robots\" content=\"index, follow, max-snippet:-1, max-image-preview:large, max-video-preview:-1\" \/>\n<link rel=\"canonical\" href=\"https:\/\/www.iquilibrio.com\/blog\/espiritualidade\/wicca\/calendario-wicca-2023\/\" \/>\n<meta property=\"og:locale\" content=\"pt_BR\" \/>\n<meta property=\"og:type\" content=\"article\" \/>\n<meta property=\"og:title\" content=\"Wicca 2023 - O ciclo anual das bruxas para 2023\" \/>\n<meta property=\"og:description\" content=\"Descubra quais s\u00e3o as datas mais importantes no calend\u00e1rio wicca 2023. Saiba quais s\u00e3o as datas e se prepare para receber muita luz.\" \/>\n<meta property=\"og:url\" content=\"https:\/\/www.iquilibrio.com\/blog\/espiritualidade\/wicca\/calendario-wicca-2023\/\" \/>\n<meta property=\"og:site_name\" content=\"iQuilibrio\" \/>\n<meta property=\"article:publisher\" content=\"https:\/\/www.facebook.com\/iQuilibrio\/\" \/>\n<meta property=\"article:published_time\" content=\"2022-10-09T13:10:33+00:00\" \/>\n<meta property=\"og:image\" content=\"https:\/\/www.iquilibrio.com\/blog\/wp-content\/uploads\/2022\/10\/Wicca-2023.jpg\" \/>\n\t<meta property=\"og:image:width\" content=\"900\" \/>\n\t<meta property=\"og:image:height\" content=\"560\" \/>\n\t<meta property=\"og:image:type\" content=\"image\/jpeg\" \/>\n<meta name=\"author\" content=\"iQuilibrio\" \/>\n<meta name=\"twitter:card\" content=\"summary_large_image\" \/>\n<meta name=\"twitter:creator\" content=\"@iquilibrio\" \/>\n<meta name=\"twitter:site\" content=\"@iquilibrio\" \/>\n<meta name=\"twitter:label1\" content=\"Escrito por\" \/>\n\t<meta name=\"twitter:data1\" content=\"iQuilibrio\" \/>\n\t<meta name=\"twitter:label2\" content=\"Est. tempo de leitura\" \/>\n\t<meta name=\"twitter:data2\" content=\"10 minutos\" \/>\n<script type=\"application\/ld+json\" class=\"yoast-schema-graph\">{\"@context\":\"https:\\\/\\\/schema.org\",\"@graph\":[{\"@type\":\"Article\",\"@id\":\"https:\\\/\\\/www.iquilibrio.com\\\/blog\\\/espiritualidade\\\/wicca\\\/calendario-wicca-2023\\\/#article\",\"isPartOf\":{\"@id\":\"https:\\\/\\\/www.iquilibrio.com\\\/blog\\\/espiritualidade\\\/wicca\\\/calendario-wicca-2023\\\/\"},\"author\":{\"name\":\"iQuilibrio\",\"@id\":\"https:\\\/\\\/www.iquilibrio.com\\\/blog\\\/#\\\/schema\\\/person\\\/2acb51f4069f3a1354edeaff3dee22f4\"},\"headline\":\"Calend\u00e1rio Wicca 2023: A roda do ano\",\"datePublished\":\"2022-10-09T13:10:33+00:00\",\"mainEntityOfPage\":{\"@id\":\"https:\\\/\\\/www.iquilibrio.com\\\/blog\\\/espiritualidade\\\/wicca\\\/calendario-wicca-2023\\\/\"},\"wordCount\":1671,\"publisher\":{\"@id\":\"https:\\\/\\\/www.iquilibrio.com\\\/blog\\\/#organization\"},\"image\":{\"@id\":\"https:\\\/\\\/www.iquilibrio.com\\\/blog\\\/espiritualidade\\\/wicca\\\/calendario-wicca-2023\\\/#primaryimage\"},\"thumbnailUrl\":\"https:\\\/\\\/www.iquilibrio.com\\\/blog\\\/wp-content\\\/uploads\\\/2022\\\/10\\\/Wicca-2023.jpg\",\"articleSection\":[\"Wicca\"],\"inLanguage\":\"pt-BR\"},{\"@type\":\"WebPage\",\"@id\":\"https:\\\/\\\/www.iquilibrio.com\\\/blog\\\/espiritualidade\\\/wicca\\\/calendario-wicca-2023\\\/\",\"url\":\"https:\\\/\\\/www.iquilibrio.com\\\/blog\\\/espiritualidade\\\/wicca\\\/calendario-wicca-2023\\\/\",\"name\":\"Wicca 2023 - O ciclo anual das bruxas para 2023\",\"isPartOf\":{\"@id\":\"https:\\\/\\\/www.iquilibrio.com\\\/blog\\\/#website\"},\"primaryImageOfPage\":{\"@id\":\"https:\\\/\\\/www.iquilibrio.com\\\/blog\\\/espiritualidade\\\/wicca\\\/calendario-wicca-2023\\\/#primaryimage\"},\"image\":{\"@id\":\"https:\\\/\\\/www.iquilibrio.com\\\/blog\\\/espiritualidade\\\/wicca\\\/calendario-wicca-2023\\\/#primaryimage\"},\"thumbnailUrl\":\"https:\\\/\\\/www.iquilibrio.com\\\/blog\\\/wp-content\\\/uploads\\\/2022\\\/10\\\/Wicca-2023.jpg\",\"datePublished\":\"2022-10-09T13:10:33+00:00\",\"description\":\"Descubra quais s\u00e3o as datas mais importantes no calend\u00e1rio wicca 2023. Saiba quais s\u00e3o as datas e se prepare para receber muita luz.\",\"breadcrumb\":{\"@id\":\"https:\\\/\\\/www.iquilibrio.com\\\/blog\\\/espiritualidade\\\/wicca\\\/calendario-wicca-2023\\\/#breadcrumb\"},\"inLanguage\":\"pt-BR\",\"potentialAction\":[{\"@type\":\"ReadAction\",\"target\":[\"https:\\\/\\\/www.iquilibrio.com\\\/blog\\\/espiritualidade\\\/wicca\\\/calendario-wicca-2023\\\/\"]}]},{\"@type\":\"ImageObject\",\"inLanguage\":\"pt-BR\",\"@id\":\"https:\\\/\\\/www.iquilibrio.com\\\/blog\\\/espiritualidade\\\/wicca\\\/calendario-wicca-2023\\\/#primaryimage\",\"url\":\"https:\\\/\\\/www.iquilibrio.com\\\/blog\\\/wp-content\\\/uploads\\\/2022\\\/10\\\/Wicca-2023.jpg\",\"contentUrl\":\"https:\\\/\\\/www.iquilibrio.com\\\/blog\\\/wp-content\\\/uploads\\\/2022\\\/10\\\/Wicca-2023.jpg\",\"width\":900,\"height\":560,\"caption\":\"Wicca 2023\"},{\"@type\":\"BreadcrumbList\",\"@id\":\"https:\\\/\\\/www.iquilibrio.com\\\/blog\\\/espiritualidade\\\/wicca\\\/calendario-wicca-2023\\\/#breadcrumb\",\"itemListElement\":[{\"@type\":\"ListItem\",\"position\":1,\"name\":\"In\u00edcio\",\"item\":\"https:\\\/\\\/www.iquilibrio.com\\\/blog\\\/\"},{\"@type\":\"ListItem\",\"position\":2,\"name\":\"Calend\u00e1rio Wicca 2023: A roda do ano\"}]},{\"@type\":\"WebSite\",\"@id\":\"https:\\\/\\\/www.iquilibrio.com\\\/blog\\\/#website\",\"url\":\"https:\\\/\\\/www.iquilibrio.com\\\/blog\\\/\",\"name\":\"iQuilibrio\",\"description\":\"Blog iQuilibrio\",\"publisher\":{\"@id\":\"https:\\\/\\\/www.iquilibrio.com\\\/blog\\\/#organization\"},\"potentialAction\":[{\"@type\":\"SearchAction\",\"target\":{\"@type\":\"EntryPoint\",\"urlTemplate\":\"https:\\\/\\\/www.iquilibrio.com\\\/blog\\\/?s={search_term_string}\"},\"query-input\":{\"@type\":\"PropertyValueSpecification\",\"valueRequired\":true,\"valueName\":\"search_term_string\"}}],\"inLanguage\":\"pt-BR\"},{\"@type\":\"Organization\",\"@id\":\"https:\\\/\\\/www.iquilibrio.com\\\/blog\\\/#organization\",\"name\":\"Esoterismo, Misticismo e Tarot Online - iQuilibrio\",\"url\":\"https:\\\/\\\/www.iquilibrio.com\\\/blog\\\/\",\"logo\":{\"@type\":\"ImageObject\",\"inLanguage\":\"pt-BR\",\"@id\":\"https:\\\/\\\/www.iquilibrio.com\\\/blog\\\/#\\\/schema\\\/logo\\\/image\\\/\",\"url\":\"https:\\\/\\\/www.iquilibrio.com\\\/blog\\\/wp-content\\\/uploads\\\/2018\\\/12\\\/iquilibrio_lovo_vetor_preto-retina.png\",\"contentUrl\":\"https:\\\/\\\/www.iquilibrio.com\\\/blog\\\/wp-content\\\/uploads\\\/2018\\\/12\\\/iquilibrio_lovo_vetor_preto-retina.png\",\"width\":972,\"height\":180,\"caption\":\"Esoterismo, Misticismo e Tarot Online - iQuilibrio\"},\"image\":{\"@id\":\"https:\\\/\\\/www.iquilibrio.com\\\/blog\\\/#\\\/schema\\\/logo\\\/image\\\/\"},\"sameAs\":[\"https:\\\/\\\/www.facebook.com\\\/iQuilibrio\\\/\",\"https:\\\/\\\/x.com\\\/iquilibrio\",\"https:\\\/\\\/www.instagram.com\\\/iquilibrio\\\/\",\"https:\\\/\\\/www.linkedin.com\\\/company\\\/iquilibrio\\\/\",\"https:\\\/\\\/br.pinterest.com\\\/iquilibrio1397\\\/\",\"https:\\\/\\\/www.youtube.com\\\/channel\\\/UC175qxd-4Zsi4wzawT5zF2g\"]},{\"@type\":\"Person\",\"@id\":\"https:\\\/\\\/www.iquilibrio.com\\\/blog\\\/#\\\/schema\\\/person\\\/2acb51f4069f3a1354edeaff3dee22f4\",\"name\":\"iQuilibrio\",\"image\":{\"@type\":\"ImageObject\",\"inLanguage\":\"pt-BR\",\"@id\":\"https:\\\/\\\/www.iquilibrio.com\\\/blog\\\/wp-content\\\/uploads\\\/2021\\\/12\\\/Consulta-por-email-3-150x150.png\",\"url\":\"https:\\\/\\\/www.iquilibrio.com\\\/blog\\\/wp-content\\\/uploads\\\/2021\\\/12\\\/Consulta-por-email-3-150x150.png\",\"contentUrl\":\"https:\\\/\\\/www.iquilibrio.com\\\/blog\\\/wp-content\\\/uploads\\\/2021\\\/12\\\/Consulta-por-email-3-150x150.png\",\"caption\":\"iQuilibrio\"},\"description\":\"A equipe de reda\u00e7\u00e3o da iQuilibrio \u00e9 composta pelos mais diversos especialistas e esot\u00e9ricos. Al\u00e9m de dominar a arte de traduzir as energias que o universo emana, nossos redatores sentem imenso prazer em trabalhar com palavras. Boa leitura e um \u00f3timo aprendizado!\",\"url\":\"https:\\\/\\\/www.iquilibrio.com\\\/blog\\\/author\\\/iquilibrio\\\/\"}]}<\/script>\n<!-- \/ Yoast SEO plugin. -->","yoast_head_json":{"title":"Wicca 2023 - O ciclo anual das bruxas para 2023","description":"Descubra quais s\u00e3o as datas mais importantes no calend\u00e1rio wicca 2023. Saiba quais s\u00e3o as datas e se prepare para receber muita luz.","robots":{"index":"index","follow":"follow","max-snippet":"max-snippet:-1","max-image-preview":"max-image-preview:large","max-video-preview":"max-video-preview:-1"},"canonical":"https:\/\/www.iquilibrio.com\/blog\/espiritualidade\/wicca\/calendario-wicca-2023\/","og_locale":"pt_BR","og_type":"article","og_title":"Wicca 2023 - O ciclo anual das bruxas para 2023","og_description":"Descubra quais s\u00e3o as datas mais importantes no calend\u00e1rio wicca 2023. Saiba quais s\u00e3o as datas e se prepare para receber muita luz.","og_url":"https:\/\/www.iquilibrio.com\/blog\/espiritualidade\/wicca\/calendario-wicca-2023\/","og_site_name":"iQuilibrio","article_publisher":"https:\/\/www.facebook.com\/iQuilibrio\/","article_published_time":"2022-10-09T13:10:33+00:00","og_image":[{"width":900,"height":560,"url":"https:\/\/www.iquilibrio.com\/blog\/wp-content\/uploads\/2022\/10\/Wicca-2023.jpg","type":"image\/jpeg"}],"author":"iQuilibrio","twitter_card":"summary_large_image","twitter_creator":"@iquilibrio","twitter_site":"@iquilibrio","twitter_misc":{"Escrito por":"iQuilibrio","Est. tempo de leitura":"10 minutos"},"schema":{"@context":"https:\/\/schema.org","@graph":[{"@type":"Article","@id":"https:\/\/www.iquilibrio.com\/blog\/espiritualidade\/wicca\/calendario-wicca-2023\/#article","isPartOf":{"@id":"https:\/\/www.iquilibrio.com\/blog\/espiritualidade\/wicca\/calendario-wicca-2023\/"},"author":{"name":"iQuilibrio","@id":"https:\/\/www.iquilibrio.com\/blog\/#\/schema\/person\/2acb51f4069f3a1354edeaff3dee22f4"},"headline":"Calend\u00e1rio Wicca 2023: A roda do ano","datePublished":"2022-10-09T13:10:33+00:00","mainEntityOfPage":{"@id":"https:\/\/www.iquilibrio.com\/blog\/espiritualidade\/wicca\/calendario-wicca-2023\/"},"wordCount":1671,"publisher":{"@id":"https:\/\/www.iquilibrio.com\/blog\/#organization"},"image":{"@id":"https:\/\/www.iquilibrio.com\/blog\/espiritualidade\/wicca\/calendario-wicca-2023\/#primaryimage"},"thumbnailUrl":"https:\/\/www.iquilibrio.com\/blog\/wp-content\/uploads\/2022\/10\/Wicca-2023.jpg","articleSection":["Wicca"],"inLanguage":"pt-BR"},{"@type":"WebPage","@id":"https:\/\/www.iquilibrio.com\/blog\/espiritualidade\/wicca\/calendario-wicca-2023\/","url":"https:\/\/www.iquilibrio.com\/blog\/espiritualidade\/wicca\/calendario-wicca-2023\/","name":"Wicca 2023 - O ciclo anual das bruxas para 2023","isPartOf":{"@id":"https:\/\/www.iquilibrio.com\/blog\/#website"},"primaryImageOfPage":{"@id":"https:\/\/www.iquilibrio.com\/blog\/espiritualidade\/wicca\/calendario-wicca-2023\/#primaryimage"},"image":{"@id":"https:\/\/www.iquilibrio.com\/blog\/espiritualidade\/wicca\/calendario-wicca-2023\/#primaryimage"},"thumbnailUrl":"https:\/\/www.iquilibrio.com\/blog\/wp-content\/uploads\/2022\/10\/Wicca-2023.jpg","datePublished":"2022-10-09T13:10:33+00:00","description":"Descubra quais s\u00e3o as datas mais importantes no calend\u00e1rio wicca 2023. Saiba quais s\u00e3o as datas e se prepare para receber muita luz.","breadcrumb":{"@id":"https:\/\/www.iquilibrio.com\/blog\/espiritualidade\/wicca\/calendario-wicca-2023\/#breadcrumb"},"inLanguage":"pt-BR","potentialAction":[{"@type":"ReadAction","target":["https:\/\/www.iquilibrio.com\/blog\/espiritualidade\/wicca\/calendario-wicca-2023\/"]}]},{"@type":"ImageObject","inLanguage":"pt-BR","@id":"https:\/\/www.iquilibrio.com\/blog\/espiritualidade\/wicca\/calendario-wicca-2023\/#primaryimage","url":"https:\/\/www.iquilibrio.com\/blog\/wp-content\/uploads\/2022\/10\/Wicca-2023.jpg","contentUrl":"https:\/\/www.iquilibrio.com\/blog\/wp-content\/uploads\/2022\/10\/Wicca-2023.jpg","width":900,"height":560,"caption":"Wicca 2023"},{"@type":"BreadcrumbList","@id":"https:\/\/www.iquilibrio.com\/blog\/espiritualidade\/wicca\/calendario-wicca-2023\/#breadcrumb","itemListElement":[{"@type":"ListItem","position":1,"name":"In\u00edcio","item":"https:\/\/www.iquilibrio.com\/blog\/"},{"@type":"ListItem","position":2,"name":"Calend\u00e1rio Wicca 2023: A roda do ano"}]},{"@type":"WebSite","@id":"https:\/\/www.iquilibrio.com\/blog\/#website","url":"https:\/\/www.iquilibrio.com\/blog\/","name":"iQuilibrio","description":"Blog iQuilibrio","publisher":{"@id":"https:\/\/www.iquilibrio.com\/blog\/#organization"},"potentialAction":[{"@type":"SearchAction","target":{"@type":"EntryPoint","urlTemplate":"https:\/\/www.iquilibrio.com\/blog\/?s={search_term_string}"},"query-input":{"@type":"PropertyValueSpecification","valueRequired":true,"valueName":"search_term_string"}}],"inLanguage":"pt-BR"},{"@type":"Organization","@id":"https:\/\/www.iquilibrio.com\/blog\/#organization","name":"Esoterismo, Misticismo e Tarot Online - iQuilibrio","url":"https:\/\/www.iquilibrio.com\/blog\/","logo":{"@type":"ImageObject","inLanguage":"pt-BR","@id":"https:\/\/www.iquilibrio.com\/blog\/#\/schema\/logo\/image\/","url":"https:\/\/www.iquilibrio.com\/blog\/wp-content\/uploads\/2018\/12\/iquilibrio_lovo_vetor_preto-retina.png","contentUrl":"https:\/\/www.iquilibrio.com\/blog\/wp-content\/uploads\/2018\/12\/iquilibrio_lovo_vetor_preto-retina.png","width":972,"height":180,"caption":"Esoterismo, Misticismo e Tarot Online - iQuilibrio"},"image":{"@id":"https:\/\/www.iquilibrio.com\/blog\/#\/schema\/logo\/image\/"},"sameAs":["https:\/\/www.facebook.com\/iQuilibrio\/","https:\/\/x.com\/iquilibrio","https:\/\/www.instagram.com\/iquilibrio\/","https:\/\/www.linkedin.com\/company\/iquilibrio\/","https:\/\/br.pinterest.com\/iquilibrio1397\/","https:\/\/www.youtube.com\/channel\/UC175qxd-4Zsi4wzawT5zF2g"]},{"@type":"Person","@id":"https:\/\/www.iquilibrio.com\/blog\/#\/schema\/person\/2acb51f4069f3a1354edeaff3dee22f4","name":"iQuilibrio","image":{"@type":"ImageObject","inLanguage":"pt-BR","@id":"https:\/\/www.iquilibrio.com\/blog\/wp-content\/uploads\/2021\/12\/Consulta-por-email-3-150x150.png","url":"https:\/\/www.iquilibrio.com\/blog\/wp-content\/uploads\/2021\/12\/Consulta-por-email-3-150x150.png","contentUrl":"https:\/\/www.iquilibrio.com\/blog\/wp-content\/uploads\/2021\/12\/Consulta-por-email-3-150x150.png","caption":"iQuilibrio"},"description":"A equipe de reda\u00e7\u00e3o da iQuilibrio \u00e9 composta pelos mais diversos especialistas e esot\u00e9ricos. Al\u00e9m de dominar a arte de traduzir as energias que o universo emana, nossos redatores sentem imenso prazer em trabalhar com palavras. Boa leitura e um \u00f3timo aprendizado!","url":"https:\/\/www.iquilibrio.com\/blog\/author\/iquilibrio\/"}]}},"_links":{"self":[{"href":"https:\/\/www.iquilibrio.com\/blog\/wp-json\/wp\/v2\/posts\/37340","targetHints":{"allow":["GET"]}}],"collection":[{"href":"https:\/\/www.iquilibrio.com\/blog\/wp-json\/wp\/v2\/posts"}],"about":[{"href":"https:\/\/www.iquilibrio.com\/blog\/wp-json\/wp\/v2\/types\/post"}],"author":[{"embeddable":true,"href":"https:\/\/www.iquilibrio.com\/blog\/wp-json\/wp\/v2\/users\/156"}],"replies":[{"embeddable":true,"href":"https:\/\/www.iquilibrio.com\/blog\/wp-json\/wp\/v2\/comments?post=37340"}],"version-history":[{"count":3,"href":"https:\/\/www.iquilibrio.com\/blog\/wp-json\/wp\/v2\/posts\/37340\/revisions"}],"predecessor-version":[{"id":37344,"href":"https:\/\/www.iquilibrio.com\/blog\/wp-json\/wp\/v2\/posts\/37340\/revisions\/37344"}],"wp:featuredmedia":[{"embeddable":true,"href":"https:\/\/www.iquilibrio.com\/blog\/wp-json\/wp\/v2\/media\/37341"}],"wp:attachment":[{"href":"https:\/\/www.iquilibrio.com\/blog\/wp-json\/wp\/v2\/media?parent=37340"}],"wp:term":[{"taxonomy":"category","embeddable":true,"href":"https:\/\/www.iquilibrio.com\/blog\/wp-json\/wp\/v2\/categories?post=37340"},{"taxonomy":"post_tag","embeddable":true,"href":"https:\/\/www.iquilibrio.com\/blog\/wp-json\/wp\/v2\/tags?post=37340"}],"curies":[{"name":"wp","href":"https:\/\/api.w.org\/{rel}","templated":true}]}}