{"id":37331,"date":"2022-10-16T10:10:38","date_gmt":"2022-10-16T13:10:38","guid":{"rendered":"https:\/\/www.iquilibrio.com\/blog\/?p=37331"},"modified":"2022-10-19T17:33:16","modified_gmt":"2022-10-19T20:33:16","slug":"acordar-3-horas-da-manha","status":"publish","type":"post","link":"https:\/\/www.iquilibrio.com\/blog\/espiritualidade\/acordar-3-horas-da-manha\/","title":{"rendered":"O significado espiritual de acordar 3 horas da manh\u00e3"},"content":{"rendered":"<p><span style=\"font-weight: 400;\">O misticismo e o ocultismo, trazem uma chave de interpreta\u00e7\u00e3o para diversos fen\u00f4menos curiosos. Pois, assim como <\/span><b>acordar 3 horas da manh\u00e3<\/b><span style=\"font-weight: 400;\">, diversos outros costumes \u201cpeculiares\u201d, trazem uma ideia de que existe algum significado nela.<\/span><\/p>\n<p><span style=\"font-weight: 400;\">Mas n\u00e3o se engane! Afinal nem tudo o que se fala por a\u00ed \u00e9 verdade, e nem tudo do que se duvida \u00e9 mentira.<\/span><\/p>\n<p><span style=\"font-weight: 400;\">Certamente, a coisa certa a se fazer quando <\/span><a href=\"https:\/\/www.iquilibrio.com\/blog\/espiritualidade\/oracoes-salmos\/oracao-da-manha\/\"><span style=\"font-weight: 400;\">acordar<\/span><\/a><span style=\"font-weight: 400;\"> toda madrugada no mesmo hor\u00e1rio, \u00e9 buscar informa\u00e7\u00e3o, com quem entende do assunto.<\/span><\/p>\n<p><span style=\"font-weight: 400;\">Contudo, no artigo de hoje eu trouxe um dos meus assuntos favoritos quando se trata interven\u00e7\u00f5es do sono, e como este fen\u00f4meno pode explicar \u201co porqu\u00ea&#8221; de acordar 3 horas da manh\u00e3.<\/span><\/p>\n<p><span style=\"font-weight: 400;\">Ademais, continue comigo at\u00e9 o final, e vamos juntos entender o que significa acordar 3 horas da manh\u00e3.&#x1f44c;<\/span><\/p>\n<h2>\u00cdndice &#8211; <span style=\"font-weight: 400;\">Acordar 3 horas da manh\u00e3<\/span><\/h2>\n<p><span style=\"font-weight: 400;\">A sabedoria popular caminha ao lado do folclore, que por sua vez, ajuda a definir toda uma cultura.<\/span><\/p>\n<p><span style=\"font-weight: 400;\">No entanto, quando se trata de lendas e contos populares, \u00e9 comum voc\u00ea se deparar com alguns<\/span><b> exageros<\/b><span style=\"font-weight: 400;\">.<\/span><\/p>\n<p><span style=\"font-weight: 400;\">No entanto, <\/span><a href=\"https:\/\/www.iquilibrio.com\/blog\/oraculos\/numerologia\/despertar-420-manha\/\"><span style=\"font-weight: 400;\">acordar em hor\u00e1rios aleat\u00f3rios<\/span><\/a><span style=\"font-weight: 400;\"> pode ser um ind\u00edcio de algum problema f\u00edsico ou algum dist\u00farbio ligado ao sono como:<\/span><\/p>\n<ul>\n<li style=\"font-weight: 400;\"><span style=\"font-weight: 400;\">ansiedade noturna;<\/span><\/li>\n<li style=\"font-weight: 400;\"><span style=\"font-weight: 400;\">paralisia do sono;<\/span><\/li>\n<li style=\"font-weight: 400;\"><span style=\"font-weight: 400;\">gastrite;<\/span><\/li>\n<li style=\"font-weight: 400;\"><span style=\"font-weight: 400;\">m\u00e1 digest\u00e3o.<\/span><\/li>\n<\/ul>\n<p><span style=\"font-weight: 400;\">Enfim, na sabedoria popular \u00e9 f\u00e1cil encontrar uma explica\u00e7\u00e3o ligada ao n\u00famero \u201c3\u201d, e acredite ou n\u00e3o, isso tem a ver com satanismo&#x1f47f;<\/span><\/p>\n<p><span style=\"font-weight: 400;\">Pois, na sociedade ocidental onde o cristianismo se espalhou, criou-se diversas lendas baseadas em algumas informa\u00e7\u00f5es da b\u00edblia.<\/span><\/p>\n<p><span style=\"font-weight: 400;\">Por\u00e9m, mesmo que padres e pastores n\u00e3o tenham feito essa associa\u00e7\u00e3o, \u00e9 comum que <\/span><b>fi\u00e9is<\/b><span style=\"font-weight: 400;\"> inventem, ou encontrem alguma informa\u00e7\u00e3o para justificar esse poss\u00edvel \u201cmito\u201d.<\/span><\/p>\n<p><i><span style=\"font-weight: 400;\">A tal teoria das 3 horas da manh\u00e3.<\/span><\/i><\/p>\n<p><span style=\"font-weight: 400;\">Pois, segundo a b\u00edblia, Jesus Cristo morreu \u00e0s <\/span><b>3 horas da tarde<\/b><span style=\"font-weight: 400;\">. Sendo ent\u00e3o \u00e0s <\/span><b>3 da manh\u00e3<\/b><span style=\"font-weight: 400;\"> o inverso da partida do salvador do mundo. Para ent\u00e3o revelar o hor\u00e1rio da chegada do messias invertido, ou o <\/span><a href=\"https:\/\/www.terra.com.br\/noticias\/educacao\/historia\/nietzsche-como-anticristo,7d8f3ac4744bd3a697d361a28ca537957encxbs4.html\" target=\"_blank\" rel=\"noopener\"><span style=\"font-weight: 400;\">anticristo<\/span><\/a><span style=\"font-weight: 400;\">.<\/span><\/p>\n<p style=\"text-align: center;\"><strong><span class=\"td_btn td_btn_md td_round_btn\" style=\"color: #ffffff;\"><a style=\"color: #ffffff;\" href=\"https:\/\/www.iquilibrio.com\/salmos\/?utm_campaign=blog_conversao&amp;utm_medium=texto_cta&amp;utm_source=blog&amp;utm_content=20221007_acordar_3_horas_da_manha_botao_abaixo_paragrafo12\" target=\"_blank\" rel=\"noopener\">Confira como a b\u00edblia diz para se preparar para a chegada do Anticristo na terra!<\/a><\/span><\/strong><\/p>\n<p><img loading=\"lazy\" decoding=\"async\" class=\"size-full wp-image-36025\" src=\"https:\/\/www.iquilibrio.com\/blog\/wp-content\/uploads\/2022\/06\/despertar-420-da-manha.jpg\" alt=\"despertar 420 da manh\u00e3\" width=\"900\" height=\"560\" srcset=\"https:\/\/www.iquilibrio.com\/blog\/wp-content\/uploads\/2022\/06\/despertar-420-da-manha.jpg 900w, https:\/\/www.iquilibrio.com\/blog\/wp-content\/uploads\/2022\/06\/despertar-420-da-manha-300x187.jpg 300w, https:\/\/www.iquilibrio.com\/blog\/wp-content\/uploads\/2022\/06\/despertar-420-da-manha-768x478.jpg 768w, https:\/\/www.iquilibrio.com\/blog\/wp-content\/uploads\/2022\/06\/despertar-420-da-manha-696x433.jpg 696w, https:\/\/www.iquilibrio.com\/blog\/wp-content\/uploads\/2022\/06\/despertar-420-da-manha-675x420.jpg 675w\" sizes=\"auto, (max-width: 900px) 100vw, 900px\" \/><\/p>\n<h2><span style=\"font-weight: 400;\">Acordar 3 horas da madrugada o que significa<\/span><\/h2>\n<p><span style=\"font-weight: 400;\">Para o espiritismo, acordar toda madrugada no mesmo hor\u00e1rio \u00e9 um sinal de contato.<\/span><\/p>\n<p><span style=\"font-weight: 400;\">Onde h\u00e1 uma grande manifesta\u00e7\u00e3o energ\u00e9tica por meio de um esp\u00edrito que quer fazer passar uma <\/span><b>mensagem<\/b><span style=\"font-weight: 400;\">.<\/span><\/p>\n<p><span style=\"font-weight: 400;\">No entanto, cada hor\u00e1rio pode significar uma mensagem diferente.<\/span><\/p>\n<p><i><span style=\"font-weight: 400;\">Mas como isso \u00e9 poss\u00edvel?<\/span><\/i><\/p>\n<p><span style=\"font-weight: 400;\">Basicamente, cada hor\u00e1rio se baseia em um ponto de movimento da terra, e sua posi\u00e7\u00e3o para o sol e a lua em que est\u00e1, interfere na influ\u00eancia vibracional do seu ambiente.<\/span><\/p>\n<p><span style=\"font-weight: 400;\">Sendo assim, cada hor\u00e1rio da madrugada pode significar um tipo de mensagem diferente, como por exemplo as 2 horas da manh\u00e3, que \u00e9 na sua maioria uma<\/span><a href=\"https:\/\/www.iquilibrio.com\/blog\/oraculos\/tarot\/mensagem-amizade\/\"><span style=\"font-weight: 400;\"> mensagem de cuidado<\/span><\/a><span style=\"font-weight: 400;\">, pois algo de ruim est\u00e1 perto de acontecer em sua vida.<\/span><\/p>\n<p><i><span style=\"font-weight: 400;\">Mas o que significa acordar 3 horas da manh\u00e3?<\/span><\/i><\/p>\n<p><span style=\"font-weight: 400;\">Nesse hor\u00e1rio temos uma tend\u00eancia energ\u00e9tica mais intensa, o que significa que os esp\u00edritos est\u00e3o de maneira incisiva, tentando <\/span><b>se comunicar<\/b><span style=\"font-weight: 400;\"> com voc\u00ea.<\/span><\/p>\n<p><span style=\"font-weight: 400;\">N\u00e3o \u00e9 como se eles tivessem uma mensagem direcionada, e sim que notaram sua presen\u00e7a de esp\u00edrito e est\u00e3o dizendo um \u201coi\u201d&#x1f47b;.<\/span><\/p>\n<h3><span style=\"font-weight: 400;\">O que fazer ao acordar 3 da manh\u00e3?<\/span><\/h3>\n<p><span style=\"font-weight: 400;\">Aproveite este momento para fazer uma ora\u00e7\u00e3o!<\/span><\/p>\n<p><span style=\"font-weight: 400;\">Pois \u00e9 um privil\u00e9gio que os esp\u00edritos tenham notado a sua presen\u00e7a vibracional, e queiram de alguma forma chamar sua <\/span><b>aten\u00e7\u00e3o<\/b><span style=\"font-weight: 400;\">.<\/span><\/p>\n<p><span style=\"font-weight: 400;\">Contudo, n\u00e3o \u00e9 preciso ter medo, pois geralmente os esp\u00edritos bons se aproximam de voc\u00ea, desde que suas aspira\u00e7\u00f5es sejam positivas e com uma certa dose de bom humor.<\/span><\/p>\n<p><span style=\"font-weight: 400;\">Experimente fazer esta ora\u00e7\u00e3o antes de dormir!<\/span><\/p>\n<p><i><span style=\"font-weight: 400;\">\u201c\u00d3h esp\u00edritos que me rondam a noite, estejam por perto velando o meu sono;<\/span><\/i><\/p>\n<p><i><span style=\"font-weight: 400;\">Cuidem dos meu olhos fechados;<\/span><\/i><\/p>\n<p><i><span style=\"font-weight: 400;\">protejam meus sonhos;<\/span><\/i><\/p>\n<p><i><span style=\"font-weight: 400;\">Velem por minha passagem transcendente, enquanto meu impulsos me levam a transmuta\u00e7\u00e3o;<\/span><\/i><\/p>\n<p><i><span style=\"font-weight: 400;\">Estejam comigo, nobres que passaram pelo mundo, e venham diante de mim para me proteger dos baixos, dos males, dos esp\u00edritos quebrados que se alimentam de minha alegria;<\/span><\/i><\/p>\n<p><i><span style=\"font-weight: 400;\">Estejam comigo com a permiss\u00e3o do pai eterno, e deste modo eu os agrade\u00e7o<\/span><\/i><\/p>\n<p><i><span style=\"font-weight: 400;\">Que assim seja, Am\u00e9m!\u201d.<\/span><\/i><\/p>\n<p><span style=\"font-weight: 400;\">Esta \u00e9 uma ora\u00e7\u00e3o de prepara\u00e7\u00e3o para a noite, e deve ser feita com os olhos fechados e com a mente limpa, para que o seu cora\u00e7\u00e3o esboce as palavras para uma boa noite de sono.<\/span><\/p>\n<p style=\"text-align: center;\"><strong><span class=\"td_btn td_btn_md td_round_btn\" style=\"color: #ffffff;\"><a style=\"color: #ffffff;\" href=\"https:\/\/www.iquilibrio.com\/mediuns\/?utm_campaign=blog_conversao&amp;utm_medium=texto_cta&amp;utm_source=blog&amp;utm_content=20221007_acordar_3_horas_da_manha_botao_abaixo_paragrafo24\" target=\"_blank\" rel=\"noopener\">Veja agora como os esp\u00edritos se comportam durante o seu sono, e descubra se tem algum encosto na sua casa!<\/a><\/span><\/strong><\/p>\n<h3><img loading=\"lazy\" decoding=\"async\" class=\"size-full wp-image-35129 aligncenter\" src=\"https:\/\/www.iquilibrio.com\/blog\/wp-content\/uploads\/2022\/04\/dores-despertar-espiritual.jpg\" alt=\"Dores do despertar Espiritual\" width=\"900\" height=\"560\" srcset=\"https:\/\/www.iquilibrio.com\/blog\/wp-content\/uploads\/2022\/04\/dores-despertar-espiritual.jpg 900w, https:\/\/www.iquilibrio.com\/blog\/wp-content\/uploads\/2022\/04\/dores-despertar-espiritual-300x187.jpg 300w, https:\/\/www.iquilibrio.com\/blog\/wp-content\/uploads\/2022\/04\/dores-despertar-espiritual-768x478.jpg 768w, https:\/\/www.iquilibrio.com\/blog\/wp-content\/uploads\/2022\/04\/dores-despertar-espiritual-696x433.jpg 696w, https:\/\/www.iquilibrio.com\/blog\/wp-content\/uploads\/2022\/04\/dores-despertar-espiritual-675x420.jpg 675w\" sizes=\"auto, (max-width: 900px) 100vw, 900px\" \/><\/h3>\n<h3><span style=\"font-weight: 400;\">O que significa a sensibilidade?&#x1f64f;<\/span><\/h3>\n<p><span style=\"font-weight: 400;\">A mediunidade como um todo, \u00e9 um dom natural provindo de uma inclina\u00e7\u00e3o \u00e0 cren\u00e7a nos esp\u00edritos.<\/span><\/p>\n<p><span style=\"font-weight: 400;\">Quando n\u00e3o educada, pode gerar muitas d\u00favidas. Contudo a <\/span><a href=\"https:\/\/www.iquilibrio.com\/blog\/espiritualidade\/mediunidade-videncia\/sinais-de-mediunidade\/\"><span style=\"font-weight: 400;\">sensibilidade espiritual<\/span><\/a><span style=\"font-weight: 400;\"> \u00e9 uma das habilidades naturais mais preciosas no campo do esoterismo. Afinal, \u00e9 ela que prov\u00e9m o contato direto com a influ\u00eancia das energias carregadas pelos seres espirituais.<\/span><\/p>\n<p><span style=\"font-weight: 400;\">Podendo ser:<\/span><\/p>\n<ul>\n<li style=\"font-weight: 400;\"><span style=\"font-weight: 400;\">esp\u00edritos desgarrados;<\/span><\/li>\n<li style=\"font-weight: 400;\"><span style=\"font-weight: 400;\">apegados em algu\u00e9m;<\/span><\/li>\n<li style=\"font-weight: 400;\"><span style=\"font-weight: 400;\">revoltados;<\/span><\/li>\n<li style=\"font-weight: 400;\"><span style=\"font-weight: 400;\">esp\u00edritos de doentes mentais;<\/span><\/li>\n<li style=\"font-weight: 400;\"><span style=\"font-weight: 400;\">manifesta\u00e7\u00f5es espirituais.<\/span><\/li>\n<\/ul>\n<p><span style=\"font-weight: 400;\">Enfim, todo e qualquer tipo de influ\u00eancia(de alguma forma) <\/span><a href=\"https:\/\/www.iquilibrio.com\/blog\/espiritualidade\/espiritismo\/espiritos-obsessores\/\"><span style=\"font-weight: 400;\">apegada ao mundo f\u00edsico<\/span><\/a><span style=\"font-weight: 400;\">, que se limita a vagar, ou passar por aqui quando o nosso plano est\u00e1 mais sens\u00edvel.<\/span><\/p>\n<p><span style=\"font-weight: 400;\">Portanto, \u00e9 a\u00ed que entram os m\u00e9diuns!<\/span><\/p>\n<p><span style=\"font-weight: 400;\">Pois s\u00e3o eles que sentem as inclina\u00e7\u00f5es energ\u00e9ticas de maneira mais profunda e precisa. E por isso que pais de santo, candomblecistas e pastores espirituais, sentem com tanta certeza as presen\u00e7as espirituais.<\/span><\/p>\n<p><span style=\"font-weight: 400;\">Mas, agora quero lhe perguntar, voc\u00ea j\u00e1 teve alguma sensa\u00e7\u00e3o fora do comum?<\/span><\/p>\n<p><span style=\"font-weight: 400;\">Como por exemplo:<\/span><\/p>\n<ul>\n<li style=\"font-weight: 400;\"><span style=\"font-weight: 400;\">ouvir vozes;<\/span><\/li>\n<li style=\"font-weight: 400;\"><span style=\"font-weight: 400;\">perceber presen\u00e7as mesmo estando sozinha;<\/span><\/li>\n<li style=\"font-weight: 400;\"><a href=\"https:\/\/www.terra.com.br\/vida-e-estilo\/horoscopo\/esoterico\/como-descobrir-se-a-sua-casa-tem-assombracoes,921863337df6d310VgnCLD200000bbcceb0aRCRD.html\" target=\"_blank\" rel=\"noopener\"><span style=\"font-weight: 400;\">ver vultos<\/span><\/a><span style=\"font-weight: 400;\">.<\/span><\/li>\n<\/ul>\n<p><span style=\"font-weight: 400;\">Certamente, estes s\u00e3o ind\u00edcios de que voc\u00ea possui um grande poder adormecido, e que merece ser explorado. Pois a mediunidade come\u00e7a bem pequeno, e a medida em que voc\u00ea aprender a dobr\u00e1-la, sua intera\u00e7\u00e3o com os esp\u00edritos ao acordar 3 horas da manh\u00e3 ser\u00e1 bem diferente!<\/span><\/p>\n<p><span style=\"font-weight: 400;\">Mas aten\u00e7\u00e3o! Trabalhar a mediunidade n\u00e3o \u00e9 brincadeira, portanto trate desse assunto com bastante responsabilidade e respeito.<\/span><\/p>\n<p><a href=\"https:\/\/youtu.be\/6b9E-BNuR28\"><span style=\"font-weight: 400;\" data-rich-links=\"{&quot;fple-t&quot;:&quot;Voc\u00ea \u00e9 um M\u00e9dium? Conhe\u00e7a os Sinais de Mediunidade&quot;,&quot;fple-u&quot;:&quot;https:\/\/youtu.be\/6b9E-BNuR28&quot;,&quot;fple-mt&quot;:null,&quot;type&quot;:&quot;first-party-link&quot;}\">Voc\u00ea \u00e9 um M\u00e9dium? Conhe\u00e7a os Sinais de Mediunidade<\/span><\/a><\/p>\n<h3><span style=\"font-weight: 400;\">Nos seus sonhos inquietos<\/span><\/h3>\n<p><span style=\"font-weight: 400;\">Acordar 3 horas da manh\u00e3 pode\u00a0 te assustar a princ\u00edpio, mas tenha em mente que esta \u00e9 uma oportunidade!<\/span><\/p>\n<p><span style=\"font-weight: 400;\">Pois al\u00e9m de ser uma visita espiritual, voc\u00ea pode aprender com ela desenvolvendo a sua <\/span><a href=\"https:\/\/www.iquilibrio.com\/blog\/simpatias\/limpeza-energetica\/banhos-para-mediunidade\/\"><span style=\"font-weight: 400;\">mediunidade<\/span><\/a><span style=\"font-weight: 400;\">, e acredite, muitas pessoas invejavam sua capacidade.\u00a0<\/span><\/p>\n<p><span style=\"font-weight: 400;\">No mais, \u00e9 perfeitamente normal que os esp\u00edritos conversem com voc\u00ea por meio dos seus <\/span><a href=\"https:\/\/www.iquilibrio.com\/blog\/bem-estar\/autoconhecimento\/como-ter-sonhos-lucidos\/\"><span style=\"font-weight: 400;\">sonhos<\/span><\/a><span style=\"font-weight: 400;\">, j\u00e1 que suas influ\u00eancia tamb\u00e9m interferem no nosso subconsciente trazendo muitas vezes, sonhos indecifr\u00e1veis e que n\u00e3o fazem sentido.<\/span><\/p>\n<p><span style=\"font-weight: 400;\">Para esta quest\u00e3o voc\u00ea pode consultar um profissional dos sonhos e traduzir as mensagens ocultas, das dessas visitas noturnas.<\/span><\/p>\n<p style=\"text-align: center;\"><strong><span class=\"td_btn td_btn_md td_round_btn\" style=\"color: #ffffff;\"><a style=\"color: #ffffff;\" href=\"https:\/\/www.iquilibrio.com\/sonhos\/?utm_campaign=blog_conversao&amp;utm_medium=texto_cta&amp;utm_source=blog&amp;utm_content=20221007_acordar_3_horas_da_manha_botao_abaixo_ultimo_paragrafo\" target=\"_blank\" rel=\"noopener\">Fale agora com um especialista em interpreta\u00e7\u00e3o de sonho e decifre os c\u00f3digos da sua mente!<\/a><\/span><\/strong><\/p>\n<hr \/>\n<p>Assista este v\u00eddeo e receba mais dicas para ter uma noite de sono tranquila e revigorante:<\/p>\n<p><iframe loading=\"lazy\" title=\"Dicas para acabar com a ins\u00f4nia e diminuir a ansiedade noturna - iQuilibrio\" width=\"696\" height=\"392\" src=\"https:\/\/www.youtube.com\/embed\/uWFycIPTIUE?feature=oembed\" frameborder=\"0\" allow=\"accelerometer; autoplay; clipboard-write; encrypted-media; gyroscope; picture-in-picture\" allowfullscreen><\/iframe><\/p>\n\n\n<div class=\"kk-star-ratings kksr-auto kksr-align-left kksr-valign-bottom\"\n    data-payload='{&quot;align&quot;:&quot;left&quot;,&quot;id&quot;:&quot;37331&quot;,&quot;slug&quot;:&quot;default&quot;,&quot;valign&quot;:&quot;bottom&quot;,&quot;ignore&quot;:&quot;&quot;,&quot;reference&quot;:&quot;auto&quot;,&quot;class&quot;:&quot;&quot;,&quot;count&quot;:&quot;0&quot;,&quot;legendonly&quot;:&quot;&quot;,&quot;readonly&quot;:&quot;&quot;,&quot;score&quot;:&quot;0&quot;,&quot;starsonly&quot;:&quot;&quot;,&quot;best&quot;:&quot;5&quot;,&quot;gap&quot;:&quot;5&quot;,&quot;greet&quot;:&quot;Rate this post&quot;,&quot;legend&quot;:&quot;0\\\/5 - (0 voto)&quot;,&quot;size&quot;:&quot;24&quot;,&quot;title&quot;:&quot;O significado espiritual de acordar 3 horas da manh\u00e3&quot;,&quot;width&quot;:&quot;0&quot;,&quot;_legend&quot;:&quot;{score}\\\/{best} - ({count} {votes})&quot;,&quot;font_factor&quot;:&quot;1.25&quot;}'>\n            \n<div class=\"kksr-stars\">\n    \n<div class=\"kksr-stars-inactive\">\n            <div class=\"kksr-star\" data-star=\"1\" style=\"padding-right: 5px\">\n            \n\n<div class=\"kksr-icon\" style=\"width: 24px; height: 24px;\"><\/div>\n        <\/div>\n            <div class=\"kksr-star\" data-star=\"2\" style=\"padding-right: 5px\">\n            \n\n<div class=\"kksr-icon\" style=\"width: 24px; height: 24px;\"><\/div>\n        <\/div>\n            <div class=\"kksr-star\" data-star=\"3\" style=\"padding-right: 5px\">\n            \n\n<div class=\"kksr-icon\" style=\"width: 24px; height: 24px;\"><\/div>\n        <\/div>\n            <div class=\"kksr-star\" data-star=\"4\" style=\"padding-right: 5px\">\n            \n\n<div class=\"kksr-icon\" style=\"width: 24px; height: 24px;\"><\/div>\n        <\/div>\n            <div class=\"kksr-star\" data-star=\"5\" style=\"padding-right: 5px\">\n            \n\n<div class=\"kksr-icon\" style=\"width: 24px; height: 24px;\"><\/div>\n        <\/div>\n    <\/div>\n    \n<div class=\"kksr-stars-active\" style=\"width: 0px;\">\n            <div class=\"kksr-star\" style=\"padding-right: 5px\">\n            \n\n<div class=\"kksr-icon\" style=\"width: 24px; height: 24px;\"><\/div>\n        <\/div>\n            <div class=\"kksr-star\" style=\"padding-right: 5px\">\n            \n\n<div class=\"kksr-icon\" style=\"width: 24px; height: 24px;\"><\/div>\n        <\/div>\n            <div class=\"kksr-star\" style=\"padding-right: 5px\">\n            \n\n<div class=\"kksr-icon\" style=\"width: 24px; height: 24px;\"><\/div>\n        <\/div>\n            <div class=\"kksr-star\" style=\"padding-right: 5px\">\n            \n\n<div class=\"kksr-icon\" style=\"width: 24px; height: 24px;\"><\/div>\n        <\/div>\n            <div class=\"kksr-star\" style=\"padding-right: 5px\">\n            \n\n<div class=\"kksr-icon\" style=\"width: 24px; height: 24px;\"><\/div>\n        <\/div>\n    <\/div>\n<\/div>\n                \n\n<div class=\"kksr-legend\" style=\"font-size: 19.2px;\">\n            <span class=\"kksr-muted\">Rate this post<\/span>\n    <\/div>\n    <\/div>\n","protected":false},"excerpt":{"rendered":"<p>O misticismo e o ocultismo, trazem uma chave de interpreta\u00e7\u00e3o para diversos fen\u00f4menos curiosos. Pois, assim como acordar 3 horas da manh\u00e3, diversos outros costumes \u201cpeculiares\u201d, trazem uma ideia de que existe algum significado nela. Mas n\u00e3o se engane! Afinal nem tudo o que se fala por a\u00ed \u00e9 verdade, e nem tudo do que [&hellip;]<\/p>\n","protected":false},"author":158,"featured_media":37332,"comment_status":"closed","ping_status":"closed","sticky":false,"template":"","format":"standard","meta":{"footnotes":""},"categories":[502,508],"tags":[],"class_list":["post-37331","post","type-post","status-publish","format-standard","has-post-thumbnail","hentry","category-espiritualidade","category-mediunidade-videncia"],"yoast_head":"<!-- This site is optimized with the Yoast SEO plugin v27.4 - https:\/\/yoast.com\/product\/yoast-seo-wordpress\/ -->\n<title>Acordar 3 horas da manh\u00e3 - Descubra o significado espiritual \u23f0<\/title>\n<meta name=\"description\" content=\"Saiba como a espiritualidade encara o despertar de um hor\u00e1rio t\u00e3o espec\u00edfico, e quais as explica\u00e7\u00f5es de se acordar \u00e0s 3 horas da manh\u00e3.\" \/>\n<meta name=\"robots\" content=\"index, follow, max-snippet:-1, max-image-preview:large, max-video-preview:-1\" \/>\n<link rel=\"canonical\" href=\"https:\/\/www.iquilibrio.com\/blog\/espiritualidade\/acordar-3-horas-da-manha\/\" \/>\n<meta property=\"og:locale\" content=\"pt_BR\" \/>\n<meta property=\"og:type\" content=\"article\" \/>\n<meta property=\"og:title\" content=\"Acordar 3 horas da manh\u00e3 - Descubra o significado espiritual \u23f0\" \/>\n<meta property=\"og:description\" content=\"Saiba como a espiritualidade encara o despertar de um hor\u00e1rio t\u00e3o espec\u00edfico, e quais as explica\u00e7\u00f5es de se acordar \u00e0s 3 horas da manh\u00e3.\" \/>\n<meta property=\"og:url\" content=\"https:\/\/www.iquilibrio.com\/blog\/espiritualidade\/acordar-3-horas-da-manha\/\" \/>\n<meta property=\"og:site_name\" content=\"iQuilibrio\" \/>\n<meta property=\"article:publisher\" content=\"https:\/\/www.facebook.com\/iQuilibrio\/\" \/>\n<meta property=\"article:published_time\" content=\"2022-10-16T13:10:38+00:00\" \/>\n<meta property=\"article:modified_time\" content=\"2022-10-19T20:33:16+00:00\" \/>\n<meta property=\"og:image\" content=\"https:\/\/www.iquilibrio.com\/blog\/wp-content\/uploads\/2022\/10\/Acordar-3-da-manha.jpg\" \/>\n\t<meta property=\"og:image:width\" content=\"900\" \/>\n\t<meta property=\"og:image:height\" content=\"560\" \/>\n\t<meta property=\"og:image:type\" content=\"image\/jpeg\" \/>\n<meta name=\"author\" content=\"Arthur Peroni\" \/>\n<meta name=\"twitter:card\" content=\"summary_large_image\" \/>\n<meta name=\"twitter:creator\" content=\"@iquilibrio\" \/>\n<meta name=\"twitter:site\" content=\"@iquilibrio\" \/>\n<meta name=\"twitter:label1\" content=\"Escrito por\" \/>\n\t<meta name=\"twitter:data1\" content=\"Arthur Peroni\" \/>\n\t<meta name=\"twitter:label2\" content=\"Est. tempo de leitura\" \/>\n\t<meta name=\"twitter:data2\" content=\"7 minutos\" \/>\n<script type=\"application\/ld+json\" class=\"yoast-schema-graph\">{\"@context\":\"https:\\\/\\\/schema.org\",\"@graph\":[{\"@type\":\"Article\",\"@id\":\"https:\\\/\\\/www.iquilibrio.com\\\/blog\\\/espiritualidade\\\/acordar-3-horas-da-manha\\\/#article\",\"isPartOf\":{\"@id\":\"https:\\\/\\\/www.iquilibrio.com\\\/blog\\\/espiritualidade\\\/acordar-3-horas-da-manha\\\/\"},\"author\":{\"name\":\"Arthur Peroni\",\"@id\":\"https:\\\/\\\/www.iquilibrio.com\\\/blog\\\/#\\\/schema\\\/person\\\/21ae990723c2e5a1170c9a06dacb4d3d\"},\"headline\":\"O significado espiritual de acordar 3 horas da manh\u00e3\",\"datePublished\":\"2022-10-16T13:10:38+00:00\",\"dateModified\":\"2022-10-19T20:33:16+00:00\",\"mainEntityOfPage\":{\"@id\":\"https:\\\/\\\/www.iquilibrio.com\\\/blog\\\/espiritualidade\\\/acordar-3-horas-da-manha\\\/\"},\"wordCount\":1189,\"publisher\":{\"@id\":\"https:\\\/\\\/www.iquilibrio.com\\\/blog\\\/#organization\"},\"image\":{\"@id\":\"https:\\\/\\\/www.iquilibrio.com\\\/blog\\\/espiritualidade\\\/acordar-3-horas-da-manha\\\/#primaryimage\"},\"thumbnailUrl\":\"https:\\\/\\\/www.iquilibrio.com\\\/blog\\\/wp-content\\\/uploads\\\/2022\\\/10\\\/Acordar-3-da-manha.jpg\",\"articleSection\":[\"Espiritualidade\",\"Mediunidade e Vid\u00eancia\"],\"inLanguage\":\"pt-BR\"},{\"@type\":\"WebPage\",\"@id\":\"https:\\\/\\\/www.iquilibrio.com\\\/blog\\\/espiritualidade\\\/acordar-3-horas-da-manha\\\/\",\"url\":\"https:\\\/\\\/www.iquilibrio.com\\\/blog\\\/espiritualidade\\\/acordar-3-horas-da-manha\\\/\",\"name\":\"Acordar 3 horas da manh\u00e3 - Descubra o significado espiritual \u23f0\",\"isPartOf\":{\"@id\":\"https:\\\/\\\/www.iquilibrio.com\\\/blog\\\/#website\"},\"primaryImageOfPage\":{\"@id\":\"https:\\\/\\\/www.iquilibrio.com\\\/blog\\\/espiritualidade\\\/acordar-3-horas-da-manha\\\/#primaryimage\"},\"image\":{\"@id\":\"https:\\\/\\\/www.iquilibrio.com\\\/blog\\\/espiritualidade\\\/acordar-3-horas-da-manha\\\/#primaryimage\"},\"thumbnailUrl\":\"https:\\\/\\\/www.iquilibrio.com\\\/blog\\\/wp-content\\\/uploads\\\/2022\\\/10\\\/Acordar-3-da-manha.jpg\",\"datePublished\":\"2022-10-16T13:10:38+00:00\",\"dateModified\":\"2022-10-19T20:33:16+00:00\",\"description\":\"Saiba como a espiritualidade encara o despertar de um hor\u00e1rio t\u00e3o espec\u00edfico, e quais as explica\u00e7\u00f5es de se acordar \u00e0s 3 horas da manh\u00e3.\",\"breadcrumb\":{\"@id\":\"https:\\\/\\\/www.iquilibrio.com\\\/blog\\\/espiritualidade\\\/acordar-3-horas-da-manha\\\/#breadcrumb\"},\"inLanguage\":\"pt-BR\",\"potentialAction\":[{\"@type\":\"ReadAction\",\"target\":[\"https:\\\/\\\/www.iquilibrio.com\\\/blog\\\/espiritualidade\\\/acordar-3-horas-da-manha\\\/\"]}]},{\"@type\":\"ImageObject\",\"inLanguage\":\"pt-BR\",\"@id\":\"https:\\\/\\\/www.iquilibrio.com\\\/blog\\\/espiritualidade\\\/acordar-3-horas-da-manha\\\/#primaryimage\",\"url\":\"https:\\\/\\\/www.iquilibrio.com\\\/blog\\\/wp-content\\\/uploads\\\/2022\\\/10\\\/Acordar-3-da-manha.jpg\",\"contentUrl\":\"https:\\\/\\\/www.iquilibrio.com\\\/blog\\\/wp-content\\\/uploads\\\/2022\\\/10\\\/Acordar-3-da-manha.jpg\",\"width\":900,\"height\":560,\"caption\":\"Acordar 3 horas da manh\u00e3\"},{\"@type\":\"BreadcrumbList\",\"@id\":\"https:\\\/\\\/www.iquilibrio.com\\\/blog\\\/espiritualidade\\\/acordar-3-horas-da-manha\\\/#breadcrumb\",\"itemListElement\":[{\"@type\":\"ListItem\",\"position\":1,\"name\":\"In\u00edcio\",\"item\":\"https:\\\/\\\/www.iquilibrio.com\\\/blog\\\/\"},{\"@type\":\"ListItem\",\"position\":2,\"name\":\"O significado espiritual de acordar 3 horas da manh\u00e3\"}]},{\"@type\":\"WebSite\",\"@id\":\"https:\\\/\\\/www.iquilibrio.com\\\/blog\\\/#website\",\"url\":\"https:\\\/\\\/www.iquilibrio.com\\\/blog\\\/\",\"name\":\"iQuilibrio\",\"description\":\"Blog iQuilibrio\",\"publisher\":{\"@id\":\"https:\\\/\\\/www.iquilibrio.com\\\/blog\\\/#organization\"},\"potentialAction\":[{\"@type\":\"SearchAction\",\"target\":{\"@type\":\"EntryPoint\",\"urlTemplate\":\"https:\\\/\\\/www.iquilibrio.com\\\/blog\\\/?s={search_term_string}\"},\"query-input\":{\"@type\":\"PropertyValueSpecification\",\"valueRequired\":true,\"valueName\":\"search_term_string\"}}],\"inLanguage\":\"pt-BR\"},{\"@type\":\"Organization\",\"@id\":\"https:\\\/\\\/www.iquilibrio.com\\\/blog\\\/#organization\",\"name\":\"Esoterismo, Misticismo e Tarot Online - iQuilibrio\",\"url\":\"https:\\\/\\\/www.iquilibrio.com\\\/blog\\\/\",\"logo\":{\"@type\":\"ImageObject\",\"inLanguage\":\"pt-BR\",\"@id\":\"https:\\\/\\\/www.iquilibrio.com\\\/blog\\\/#\\\/schema\\\/logo\\\/image\\\/\",\"url\":\"https:\\\/\\\/www.iquilibrio.com\\\/blog\\\/wp-content\\\/uploads\\\/2018\\\/12\\\/iquilibrio_lovo_vetor_preto-retina.png\",\"contentUrl\":\"https:\\\/\\\/www.iquilibrio.com\\\/blog\\\/wp-content\\\/uploads\\\/2018\\\/12\\\/iquilibrio_lovo_vetor_preto-retina.png\",\"width\":972,\"height\":180,\"caption\":\"Esoterismo, Misticismo e Tarot Online - iQuilibrio\"},\"image\":{\"@id\":\"https:\\\/\\\/www.iquilibrio.com\\\/blog\\\/#\\\/schema\\\/logo\\\/image\\\/\"},\"sameAs\":[\"https:\\\/\\\/www.facebook.com\\\/iQuilibrio\\\/\",\"https:\\\/\\\/x.com\\\/iquilibrio\",\"https:\\\/\\\/www.instagram.com\\\/iquilibrio\\\/\",\"https:\\\/\\\/www.linkedin.com\\\/company\\\/iquilibrio\\\/\",\"https:\\\/\\\/br.pinterest.com\\\/iquilibrio1397\\\/\",\"https:\\\/\\\/www.youtube.com\\\/channel\\\/UC175qxd-4Zsi4wzawT5zF2g\"]},{\"@type\":\"Person\",\"@id\":\"https:\\\/\\\/www.iquilibrio.com\\\/blog\\\/#\\\/schema\\\/person\\\/21ae990723c2e5a1170c9a06dacb4d3d\",\"name\":\"Arthur Peroni\",\"image\":{\"@type\":\"ImageObject\",\"inLanguage\":\"pt-BR\",\"@id\":\"https:\\\/\\\/www.iquilibrio.com\\\/blog\\\/wp-content\\\/uploads\\\/2023\\\/04\\\/Arthur-Peroni-150x150.jpg\",\"url\":\"https:\\\/\\\/www.iquilibrio.com\\\/blog\\\/wp-content\\\/uploads\\\/2023\\\/04\\\/Arthur-Peroni-150x150.jpg\",\"contentUrl\":\"https:\\\/\\\/www.iquilibrio.com\\\/blog\\\/wp-content\\\/uploads\\\/2023\\\/04\\\/Arthur-Peroni-150x150.jpg\",\"caption\":\"Arthur Peroni\"},\"description\":\"Arthur Peroni escreve sobre a vida, o universo e tudo mais. Amante da literatura m\u00edstica, e fic\u00e7\u00e3o, descobriu sua carreira de redator gra\u00e7as ao h\u00e1bito de leitura constante sobre fantasia e drama. Nas horas vagas, gosta de cozinhar, ler e ver filmes antigos. J\u00e1 trabalhou com, comunica\u00e7\u00e3o social, massoterapia, terapias hol\u00edsticas e design de interiores. Atualmente trabalha como redator SEO e se entusiasma com tudo o que \u00e9 esot\u00e9rico. Gosta de discutir sobre assuntos complexos e instigantes, e v\u00ea na escrita uma oportunidade de aprender e criar todos os dias, mentalmente e espiritualmente.\",\"url\":\"https:\\\/\\\/www.iquilibrio.com\\\/blog\\\/author\\\/raul-vinicius\\\/\"}]}<\/script>\n<!-- \/ Yoast SEO plugin. -->","yoast_head_json":{"title":"Acordar 3 horas da manh\u00e3 - Descubra o significado espiritual \u23f0","description":"Saiba como a espiritualidade encara o despertar de um hor\u00e1rio t\u00e3o espec\u00edfico, e quais as explica\u00e7\u00f5es de se acordar \u00e0s 3 horas da manh\u00e3.","robots":{"index":"index","follow":"follow","max-snippet":"max-snippet:-1","max-image-preview":"max-image-preview:large","max-video-preview":"max-video-preview:-1"},"canonical":"https:\/\/www.iquilibrio.com\/blog\/espiritualidade\/acordar-3-horas-da-manha\/","og_locale":"pt_BR","og_type":"article","og_title":"Acordar 3 horas da manh\u00e3 - Descubra o significado espiritual \u23f0","og_description":"Saiba como a espiritualidade encara o despertar de um hor\u00e1rio t\u00e3o espec\u00edfico, e quais as explica\u00e7\u00f5es de se acordar \u00e0s 3 horas da manh\u00e3.","og_url":"https:\/\/www.iquilibrio.com\/blog\/espiritualidade\/acordar-3-horas-da-manha\/","og_site_name":"iQuilibrio","article_publisher":"https:\/\/www.facebook.com\/iQuilibrio\/","article_published_time":"2022-10-16T13:10:38+00:00","article_modified_time":"2022-10-19T20:33:16+00:00","og_image":[{"width":900,"height":560,"url":"https:\/\/www.iquilibrio.com\/blog\/wp-content\/uploads\/2022\/10\/Acordar-3-da-manha.jpg","type":"image\/jpeg"}],"author":"Arthur Peroni","twitter_card":"summary_large_image","twitter_creator":"@iquilibrio","twitter_site":"@iquilibrio","twitter_misc":{"Escrito por":"Arthur Peroni","Est. tempo de leitura":"7 minutos"},"schema":{"@context":"https:\/\/schema.org","@graph":[{"@type":"Article","@id":"https:\/\/www.iquilibrio.com\/blog\/espiritualidade\/acordar-3-horas-da-manha\/#article","isPartOf":{"@id":"https:\/\/www.iquilibrio.com\/blog\/espiritualidade\/acordar-3-horas-da-manha\/"},"author":{"name":"Arthur Peroni","@id":"https:\/\/www.iquilibrio.com\/blog\/#\/schema\/person\/21ae990723c2e5a1170c9a06dacb4d3d"},"headline":"O significado espiritual de acordar 3 horas da manh\u00e3","datePublished":"2022-10-16T13:10:38+00:00","dateModified":"2022-10-19T20:33:16+00:00","mainEntityOfPage":{"@id":"https:\/\/www.iquilibrio.com\/blog\/espiritualidade\/acordar-3-horas-da-manha\/"},"wordCount":1189,"publisher":{"@id":"https:\/\/www.iquilibrio.com\/blog\/#organization"},"image":{"@id":"https:\/\/www.iquilibrio.com\/blog\/espiritualidade\/acordar-3-horas-da-manha\/#primaryimage"},"thumbnailUrl":"https:\/\/www.iquilibrio.com\/blog\/wp-content\/uploads\/2022\/10\/Acordar-3-da-manha.jpg","articleSection":["Espiritualidade","Mediunidade e Vid\u00eancia"],"inLanguage":"pt-BR"},{"@type":"WebPage","@id":"https:\/\/www.iquilibrio.com\/blog\/espiritualidade\/acordar-3-horas-da-manha\/","url":"https:\/\/www.iquilibrio.com\/blog\/espiritualidade\/acordar-3-horas-da-manha\/","name":"Acordar 3 horas da manh\u00e3 - Descubra o significado espiritual \u23f0","isPartOf":{"@id":"https:\/\/www.iquilibrio.com\/blog\/#website"},"primaryImageOfPage":{"@id":"https:\/\/www.iquilibrio.com\/blog\/espiritualidade\/acordar-3-horas-da-manha\/#primaryimage"},"image":{"@id":"https:\/\/www.iquilibrio.com\/blog\/espiritualidade\/acordar-3-horas-da-manha\/#primaryimage"},"thumbnailUrl":"https:\/\/www.iquilibrio.com\/blog\/wp-content\/uploads\/2022\/10\/Acordar-3-da-manha.jpg","datePublished":"2022-10-16T13:10:38+00:00","dateModified":"2022-10-19T20:33:16+00:00","description":"Saiba como a espiritualidade encara o despertar de um hor\u00e1rio t\u00e3o espec\u00edfico, e quais as explica\u00e7\u00f5es de se acordar \u00e0s 3 horas da manh\u00e3.","breadcrumb":{"@id":"https:\/\/www.iquilibrio.com\/blog\/espiritualidade\/acordar-3-horas-da-manha\/#breadcrumb"},"inLanguage":"pt-BR","potentialAction":[{"@type":"ReadAction","target":["https:\/\/www.iquilibrio.com\/blog\/espiritualidade\/acordar-3-horas-da-manha\/"]}]},{"@type":"ImageObject","inLanguage":"pt-BR","@id":"https:\/\/www.iquilibrio.com\/blog\/espiritualidade\/acordar-3-horas-da-manha\/#primaryimage","url":"https:\/\/www.iquilibrio.com\/blog\/wp-content\/uploads\/2022\/10\/Acordar-3-da-manha.jpg","contentUrl":"https:\/\/www.iquilibrio.com\/blog\/wp-content\/uploads\/2022\/10\/Acordar-3-da-manha.jpg","width":900,"height":560,"caption":"Acordar 3 horas da manh\u00e3"},{"@type":"BreadcrumbList","@id":"https:\/\/www.iquilibrio.com\/blog\/espiritualidade\/acordar-3-horas-da-manha\/#breadcrumb","itemListElement":[{"@type":"ListItem","position":1,"name":"In\u00edcio","item":"https:\/\/www.iquilibrio.com\/blog\/"},{"@type":"ListItem","position":2,"name":"O significado espiritual de acordar 3 horas da manh\u00e3"}]},{"@type":"WebSite","@id":"https:\/\/www.iquilibrio.com\/blog\/#website","url":"https:\/\/www.iquilibrio.com\/blog\/","name":"iQuilibrio","description":"Blog iQuilibrio","publisher":{"@id":"https:\/\/www.iquilibrio.com\/blog\/#organization"},"potentialAction":[{"@type":"SearchAction","target":{"@type":"EntryPoint","urlTemplate":"https:\/\/www.iquilibrio.com\/blog\/?s={search_term_string}"},"query-input":{"@type":"PropertyValueSpecification","valueRequired":true,"valueName":"search_term_string"}}],"inLanguage":"pt-BR"},{"@type":"Organization","@id":"https:\/\/www.iquilibrio.com\/blog\/#organization","name":"Esoterismo, Misticismo e Tarot Online - iQuilibrio","url":"https:\/\/www.iquilibrio.com\/blog\/","logo":{"@type":"ImageObject","inLanguage":"pt-BR","@id":"https:\/\/www.iquilibrio.com\/blog\/#\/schema\/logo\/image\/","url":"https:\/\/www.iquilibrio.com\/blog\/wp-content\/uploads\/2018\/12\/iquilibrio_lovo_vetor_preto-retina.png","contentUrl":"https:\/\/www.iquilibrio.com\/blog\/wp-content\/uploads\/2018\/12\/iquilibrio_lovo_vetor_preto-retina.png","width":972,"height":180,"caption":"Esoterismo, Misticismo e Tarot Online - iQuilibrio"},"image":{"@id":"https:\/\/www.iquilibrio.com\/blog\/#\/schema\/logo\/image\/"},"sameAs":["https:\/\/www.facebook.com\/iQuilibrio\/","https:\/\/x.com\/iquilibrio","https:\/\/www.instagram.com\/iquilibrio\/","https:\/\/www.linkedin.com\/company\/iquilibrio\/","https:\/\/br.pinterest.com\/iquilibrio1397\/","https:\/\/www.youtube.com\/channel\/UC175qxd-4Zsi4wzawT5zF2g"]},{"@type":"Person","@id":"https:\/\/www.iquilibrio.com\/blog\/#\/schema\/person\/21ae990723c2e5a1170c9a06dacb4d3d","name":"Arthur Peroni","image":{"@type":"ImageObject","inLanguage":"pt-BR","@id":"https:\/\/www.iquilibrio.com\/blog\/wp-content\/uploads\/2023\/04\/Arthur-Peroni-150x150.jpg","url":"https:\/\/www.iquilibrio.com\/blog\/wp-content\/uploads\/2023\/04\/Arthur-Peroni-150x150.jpg","contentUrl":"https:\/\/www.iquilibrio.com\/blog\/wp-content\/uploads\/2023\/04\/Arthur-Peroni-150x150.jpg","caption":"Arthur Peroni"},"description":"Arthur Peroni escreve sobre a vida, o universo e tudo mais. Amante da literatura m\u00edstica, e fic\u00e7\u00e3o, descobriu sua carreira de redator gra\u00e7as ao h\u00e1bito de leitura constante sobre fantasia e drama. Nas horas vagas, gosta de cozinhar, ler e ver filmes antigos. J\u00e1 trabalhou com, comunica\u00e7\u00e3o social, massoterapia, terapias hol\u00edsticas e design de interiores. Atualmente trabalha como redator SEO e se entusiasma com tudo o que \u00e9 esot\u00e9rico. Gosta de discutir sobre assuntos complexos e instigantes, e v\u00ea na escrita uma oportunidade de aprender e criar todos os dias, mentalmente e espiritualmente.","url":"https:\/\/www.iquilibrio.com\/blog\/author\/raul-vinicius\/"}]}},"_links":{"self":[{"href":"https:\/\/www.iquilibrio.com\/blog\/wp-json\/wp\/v2\/posts\/37331","targetHints":{"allow":["GET"]}}],"collection":[{"href":"https:\/\/www.iquilibrio.com\/blog\/wp-json\/wp\/v2\/posts"}],"about":[{"href":"https:\/\/www.iquilibrio.com\/blog\/wp-json\/wp\/v2\/types\/post"}],"author":[{"embeddable":true,"href":"https:\/\/www.iquilibrio.com\/blog\/wp-json\/wp\/v2\/users\/158"}],"replies":[{"embeddable":true,"href":"https:\/\/www.iquilibrio.com\/blog\/wp-json\/wp\/v2\/comments?post=37331"}],"version-history":[{"count":7,"href":"https:\/\/www.iquilibrio.com\/blog\/wp-json\/wp\/v2\/posts\/37331\/revisions"}],"predecessor-version":[{"id":37479,"href":"https:\/\/www.iquilibrio.com\/blog\/wp-json\/wp\/v2\/posts\/37331\/revisions\/37479"}],"wp:featuredmedia":[{"embeddable":true,"href":"https:\/\/www.iquilibrio.com\/blog\/wp-json\/wp\/v2\/media\/37332"}],"wp:attachment":[{"href":"https:\/\/www.iquilibrio.com\/blog\/wp-json\/wp\/v2\/media?parent=37331"}],"wp:term":[{"taxonomy":"category","embeddable":true,"href":"https:\/\/www.iquilibrio.com\/blog\/wp-json\/wp\/v2\/categories?post=37331"},{"taxonomy":"post_tag","embeddable":true,"href":"https:\/\/www.iquilibrio.com\/blog\/wp-json\/wp\/v2\/tags?post=37331"}],"curies":[{"name":"wp","href":"https:\/\/api.w.org\/{rel}","templated":true}]}}