{"id":37033,"date":"2022-09-08T11:46:21","date_gmt":"2022-09-08T14:46:21","guid":{"rendered":"https:\/\/www.iquilibrio.com\/blog\/?p=37033"},"modified":"2022-09-08T11:46:21","modified_gmt":"2022-09-08T14:46:21","slug":"trabalhar-espiritualidade","status":"publish","type":"post","link":"https:\/\/www.iquilibrio.com\/blog\/espiritualidade\/trabalhar-espiritualidade\/","title":{"rendered":"Trabalhar a espiritualidade &#8211; Alcance a cura e a transforma\u00e7\u00e3o!"},"content":{"rendered":"<p><span style=\"font-weight: 400;\">Trabalhar a espiritualidade deveria ser parte da nossa rotina, pois ela funciona como uma terapia, onde se todo mundo fizesse, o mundo seria mais feliz e equilibrado. <\/span><span style=\"font-weight: 400;\">No entanto, n\u00e3o s\u00e3o todas as pessoas que querem desenvolver, ou at\u00e9 mesmo <a href=\"https:\/\/www.iquilibrio.com\/autoconhecimento\/?utm_campaign=blog_conversao&amp;utm_medium=texto_cta&amp;utm_source=blog&amp;utm_content=20220908_trabalhar_espiritualidade_trecho_paragrafo1\" target=\"_blank\" rel=\"noopener\">explorar as profundezas de seu \u201cser\u201d.<\/a><\/span><\/p>\n<p><span style=\"font-weight: 400;\">Pode parecer algo super particular, mas que influencia (e muito) na maneira com que colocamos nossos sentimentos e ideias pra fora. <\/span><span style=\"font-weight: 400;\">Enfim, tratar de espiritualidade pode ser como estar em um &#8220;<em>mato sem cachorro<\/em>&#8220;, mas com uma m\u00e3ozinha tudo pode ficar mais f\u00e1cil.<\/span><\/p>\n<p><span style=\"font-weight: 400;\">Portanto, venha comigo rever alguns valores e entender quais os benef\u00edcios de trabalhar a espiritualidade na sua vida!<\/span><\/p>\n<p style=\"text-align: center;\"><a href=\"https:\/\/www.iquilibrio.com\/?utm_campaign=blog_conversao&amp;utm_medium=texto_cta&amp;utm_source=blog&amp;utm_content=20220908_trabalhar_espiritualidade_botao_abaixo_paragrafo3\" target=\"_blank\" rel=\"noopener\"><span class=\"td_btn td_btn_md td_round_btn\">Entenda como voc\u00ea pode transformar sua vida por meio da espiritualidade!<\/span><\/a><\/p>\n<h2>\u00cdndice<\/h2>\n<p><img loading=\"lazy\" decoding=\"async\" class=\"wp-image-34132 alignright\" src=\"https:\/\/www.iquilibrio.com\/blog\/wp-content\/uploads\/2022\/01\/Como-desenvolver-o-autoconhecimento-300x187.png\" alt=\"Como desenvolver o autoconhecimento?\" width=\"304\" height=\"189\" srcset=\"https:\/\/www.iquilibrio.com\/blog\/wp-content\/uploads\/2022\/01\/Como-desenvolver-o-autoconhecimento-300x187.png 300w, https:\/\/www.iquilibrio.com\/blog\/wp-content\/uploads\/2022\/01\/Como-desenvolver-o-autoconhecimento-768x478.png 768w, https:\/\/www.iquilibrio.com\/blog\/wp-content\/uploads\/2022\/01\/Como-desenvolver-o-autoconhecimento-356x220.png 356w, https:\/\/www.iquilibrio.com\/blog\/wp-content\/uploads\/2022\/01\/Como-desenvolver-o-autoconhecimento-696x433.png 696w, https:\/\/www.iquilibrio.com\/blog\/wp-content\/uploads\/2022\/01\/Como-desenvolver-o-autoconhecimento-675x420.png 675w, https:\/\/www.iquilibrio.com\/blog\/wp-content\/uploads\/2022\/01\/Como-desenvolver-o-autoconhecimento.png 900w\" sizes=\"auto, (max-width: 304px) 100vw, 304px\" \/><\/p>\n<h2><span style=\"font-weight: 400;\">Trabalhar espiritualidade &#8211; por onde come\u00e7ar?<\/span><\/h2>\n<p><span style=\"font-weight: 400;\">Olha, eu diria para voc\u00ea que tudo come\u00e7a com um <a href=\"https:\/\/www.iquilibrio.com\/blog\/bem-estar\/autoconhecimento\/perguntas-de-autoconhecimento\/\" target=\"_blank\" rel=\"noopener\">olhar para dentro<\/a>, o que quer dizer que voc\u00ea deve fazer uma reflex\u00e3o:<\/span><\/p>\n<p>&nbsp;<\/p>\n<h4 style=\"text-align: center;\"><strong>\u201c<i>Quais caminhos eu tenho trilhado ?<\/i> \u201c<\/strong><\/h4>\n<h4 style=\"text-align: center;\"><strong>\u201c<i>Qual \u00e9 o meu grande sonho?\u201d<\/i><\/strong><\/h4>\n<h4 style=\"text-align: center;\"><strong><i>\u201cO que mais eu posso esperar da vida?\u201d<\/i><\/strong><\/h4>\n<h4 style=\"text-align: center;\"><strong><i>\u201cQual o meu papel aqui\u201d<\/i><\/strong><\/h4>\n<p><span style=\"font-weight: 400;\">Essas perguntas todas devem ser feitas pelo <\/span><b>seu prop\u00f3sito<\/b><span style=\"font-weight: 400;\">, o que n\u00e3o quer dizer que voc\u00ea precise respond\u00ea-las. <\/span><span style=\"font-weight: 400;\">Por\u00e9m, se o inc\u00f4modo das perguntas te fizer buscar uma resposta, ent\u00e3o voc\u00ea est\u00e1 no caminho certo!<\/span><\/p>\n<p><span style=\"font-weight: 400;\">Pense que, de qualquer maneira, a vida se transforma \u00e0 medida em que voc\u00ea cresce, e ao buscar trabalhar a espiritualidade, voc\u00ea estar\u00e1 dando um passo al\u00e9m da sua exist\u00eancia.<\/span><\/p>\n<p><span style=\"font-weight: 400;\">Rumo a um novo patamar de vida &#x2764;<\/span><\/p>\n<h2><span style=\"font-weight: 400;\"><strong>Autoconhecimento<\/strong> &#8211; a palavra da vez!<\/span><\/h2>\n<p><a href=\"https:\/\/www.iquilibrio.com\/blog\/bem-estar\/autoconhecimento\/espiritualidade-autoconhecimento\/\" target=\"_blank\" rel=\"noopener\"><span style=\"font-weight: 400;\">Autoconhecer-se<\/span><\/a><span style=\"font-weight: 400;\"> pode parecer um tema gen\u00e9rico nos dias de hoje, mas est\u00e1 ligado diretamente ao seu <\/span><b>direcionamento espiritual<\/b><span style=\"font-weight: 400;\">.<\/span><\/p>\n<p><span style=\"font-weight: 400;\">Tudo \u00e9 um processo. Mas se quer tratar do autoconhecimento procure entender:<\/span><\/p>\n<ul>\n<li style=\"font-weight: 400;\"><span style=\"font-weight: 400;\">o que te faz feliz;<\/span><\/li>\n<li style=\"font-weight: 400;\"><span style=\"font-weight: 400;\">o que te coloca para baixo;<\/span><\/li>\n<li style=\"font-weight: 400;\"><span style=\"font-weight: 400;\">quais s\u00e3o as suas realiza\u00e7\u00f5es;<\/span><\/li>\n<li style=\"font-weight: 400;\"><span style=\"font-weight: 400;\">os seus sonhos;<\/span><\/li>\n<li style=\"font-weight: 400;\"><span style=\"font-weight: 400;\">quem s\u00e3o as pessoas importantes em sua vida.<\/span><\/li>\n<\/ul>\n<p><span style=\"font-weight: 400;\">Certamente, voc\u00ea ir\u00e1 refletir um pouco mais sobre as coisas que est\u00e3o envolta na sua vida. Tornando tudo mais f\u00e1cil de se discutir para ent\u00e3o, avan\u00e7armos mais um passo.<\/span><\/p>\n<p><span style=\"font-weight: 400;\">No entanto, voc\u00ea n\u00e3o precisa pensar em tudo isso sozinho, afinal para tudo na vida existe uma m\u00e3o amiga. \u00c9 para isso que a iQuilibrio est\u00e1 aqui! Voc\u00ea pode conversar com um especialista e ter um direcionamento de como atrair harmonia para sua vida!<\/span><\/p>\n<p style=\"text-align: center;\"><span style=\"color: #ffffff;\"><strong><span class=\"td_btn td_btn_md td_round_btn\"><a style=\"color: #ffffff;\" href=\"https:\/\/www.iquilibrio.com\/tarot\/?utm_campaign=blog_conversao&amp;utm_medium=texto_cta&amp;utm_source=blog&amp;utm_content=20220908_trabalhar_espiritualidade_botao_abaixo_paragrafo13\" target=\"_blank\" rel=\"noopener\">Desenvolva o autoconhecimento, entenda suas viv\u00eancias e viva com plenitude!<\/a><\/span><\/strong><\/span><\/p>\n<h3><span style=\"font-weight: 400;\">Para trabalhar a espiritualidade \u00e9 preciso <strong>eliminar os excessos<\/strong><\/span><\/h3>\n<p><span style=\"font-weight: 400;\">J\u00e1 ouviu aquela frase \u201c<\/span><i><span style=\"font-weight: 400;\">tudo o que \u00e9 demais faz mal\u201d? <\/span><\/i><span style=\"font-weight: 400;\">Pois bem, \u00e9 sobre isso que se trata <\/span><b>eliminar os excessos.<\/b><\/p>\n<p><span style=\"font-weight: 400;\">Afinal para tudo o que trazemos (ou permitimos) na vida com excessos, em algum prazo ir\u00e1 nos devorar por dentro, seja:<\/span><\/p>\n<ul>\n<li style=\"font-weight: 400;\"><span style=\"font-weight: 400;\">companhias;<\/span><\/li>\n<li style=\"font-weight: 400;\"><span style=\"font-weight: 400;\">contato com as pessoas;<\/span><\/li>\n<li style=\"font-weight: 400;\"><span style=\"font-weight: 400;\">maus costumes;<\/span><\/li>\n<li style=\"font-weight: 400;\"><a href=\"https:\/\/www.terra.com.br\/vida-e-estilo\/horoscopo\/esoterico\/aprenda-oracoes-para-se-libertar-de-males-e-vicios,98687e55a7b4d310VgnCLD200000bbcceb0aRCRD.html\" target=\"_blank\" rel=\"noopener\"><span style=\"font-weight: 400;\">v\u00edcios<\/span><\/a><span style=\"font-weight: 400;\">;<\/span><\/li>\n<li style=\"font-weight: 400;\"><span style=\"font-weight: 400;\">hobbies.<\/span><\/li>\n<\/ul>\n<p><span style=\"font-weight: 400;\">Al\u00e9m disso, quando n\u00e3o temos uma rotina saud\u00e1vel, ou uma que desafia a sua <\/span><span style=\"font-weight: 400;\">sa\u00fade<\/span><span style=\"font-weight: 400;\"> e bem estar, \u00e9 um prato cheio para que voc\u00ea se sinta:<\/span><\/p>\n<ul>\n<li style=\"font-weight: 400;\"><a href=\"https:\/\/www.terra.com.br\/vida-e-estilo\/saude\/bem-estar\/e-possivel-encontrar-o-equilibrio-na-busca-pela-felicidade,500c63f3b750e0bb2d692081d7050a79yho7beqp.html\" target=\"_blank\" rel=\"noopener\"><span style=\"font-weight: 400;\">insatisfeito<\/span><\/a><span style=\"font-weight: 400;\">;<\/span><\/li>\n<li style=\"font-weight: 400;\"><span style=\"font-weight: 400;\">irritado;<\/span><\/li>\n<li style=\"font-weight: 400;\"><span style=\"font-weight: 400;\">infeliz;<\/span><\/li>\n<li style=\"font-weight: 400;\"><span style=\"font-weight: 400;\">hostil.<\/span><\/li>\n<\/ul>\n<p><span style=\"font-weight: 400;\">De fato, isso ao longo prazo pode te gerar um desconforto enorme. Contudo, o que eu indico \u00e9:<\/span><\/p>\n<ol>\n<li><span style=\"font-weight: 400;\">Passe a ser mais<\/span><b> punitivo<\/b><span style=\"font-weight: 400;\"> com aquilo que n\u00e3o lhe agrega nada;<\/span><\/li>\n<li>Ao passo que voc\u00ea for eliminando as \u201csobras\u201d, voc\u00ea ter\u00e1 mais tempo e disposi\u00e7\u00e3o para focar nas coisas realmente importantes em sua vida, a come\u00e7ar por <b>voc\u00ea;<\/b><\/li>\n<li>\u00c0s vezes isso pode parecer um pouco ego\u00edsta, mas seja maduro e entenda que ego\u00edsmo n\u00e3o \u00e9 sin\u00f4nimo de <b>resili\u00eancia<\/b>, e \u00e9 exatamente isso que voc\u00ea est\u00e1 buscando!<\/li>\n<\/ol>\n<h3><span style=\"font-weight: 400;\">Crie uma nova rotina &#x1f4aa;<\/span><\/h3>\n<p><span style=\"font-weight: 400;\">Para trabalhar a espiritualidade \u00e9 crucial que voc\u00ea tenha espa\u00e7o para tratar dela, ou seja, a<\/span><span style=\"font-weight: 400;\">ntes de sair por a\u00ed fazendo novas coisas mirabolantes, tenha um tempo melhor administrado por voc\u00ea mesmo.<\/span><\/p>\n<p><span style=\"font-weight: 400;\">Tudo bem, eu sei que isso n\u00e3o \u00e9 t\u00e3o simples assim, mas vai por mim, vale muito a pena!<\/span><\/p>\n<p><span style=\"font-weight: 400;\">Afinal, ao reservar aquela meia hora por semana, para refletir sobre as coisas e trabalhar a espiritualidade, lhe trar\u00e1 uma sensa\u00e7\u00e3o de:<\/span><\/p>\n<ul>\n<li style=\"font-weight: 400;\"><span style=\"font-weight: 400;\">responsabilidade;<\/span><\/li>\n<li style=\"font-weight: 400;\"><span style=\"font-weight: 400;\">autonomia;<\/span><\/li>\n<li style=\"font-weight: 400;\"><span style=\"font-weight: 400;\">investimento;<\/span><\/li>\n<li style=\"font-weight: 400;\"><a href=\"https:\/\/www.iquilibrio.com\/blog\/espiritualidade\/espiritualidade-alimentacao\/\" target=\"_blank\" rel=\"noopener\"><span style=\"font-weight: 400;\">cuidado<\/span><\/a><span style=\"font-weight: 400;\">.<\/span><\/li>\n<\/ul>\n<p><span style=\"font-weight: 400;\">Sendo assim, o seu tempo estar\u00e1 sendo dedicado a todos os campos da sua vida.<\/span><\/p>\n<h3>Divida seu tempo!<\/h3>\n<p><span style=\"font-weight: 400;\">Comece por dividir o seu tempo em prioridades como:<\/span><\/p>\n<ul>\n<li style=\"font-weight: 400;\"><span style=\"font-weight: 400;\">fam\u00edlia;<\/span><\/li>\n<li style=\"font-weight: 400;\"><span style=\"font-weight: 400;\">trabalho;<\/span><\/li>\n<li style=\"font-weight: 400;\"><span style=\"font-weight: 400;\">casa;<\/span><\/li>\n<li style=\"font-weight: 400;\"><span style=\"font-weight: 400;\">estudos.<\/span><\/li>\n<\/ul>\n<p><span style=\"font-weight: 400;\">Eu imagino que esses 4 itens tomem a sua semana praticamente inteira, n\u00e3o \u00e9 mesmo?<\/span><\/p>\n<p><span style=\"font-weight: 400;\">Agora pense em como dividir todas as suas atividades, e encaixe um per\u00edodo da sua semana ou dia, para desenvolver o seu<\/span><a href=\"https:\/\/www.iquilibrio.com\/blog\/outros\/comecar-praticar-espiritualidade\/\" target=\"_blank\" rel=\"noopener\"><span style=\"font-weight: 400;\"> lado espiritual<\/span><\/a><span style=\"font-weight: 400;\">, seja com:<\/span><\/p>\n<ul>\n<li style=\"font-weight: 400;\"><span style=\"font-weight: 400;\">ora\u00e7\u00f5es;<\/span><\/li>\n<li style=\"font-weight: 400;\"><span style=\"font-weight: 400;\">rezas;<\/span><\/li>\n<li style=\"font-weight: 400;\"><span style=\"font-weight: 400;\">cultos;<\/span><\/li>\n<li style=\"font-weight: 400;\"><span style=\"font-weight: 400;\">missas;<\/span><\/li>\n<li style=\"font-weight: 400;\"><span style=\"font-weight: 400;\">reuni\u00f5es espirituais.<\/span><\/li>\n<\/ul>\n<p><span style=\"font-weight: 400;\">Enfim, voc\u00ea decide! <\/span><span style=\"font-weight: 400;\">Portanto, entenda a import\u00e2ncia da rotina em sua vida, pois com ela voc\u00ea ter\u00e1 mais liberdade!<\/span><\/p>\n<p><span style=\"font-weight: 400;\">Certamente esta liberdade ir\u00e1 te trazer muita seguran\u00e7a, inclusive a profissional, pois n\u00e3o deixe passar, e explore os seus horizontes no trabalho.<\/span><\/p>\n<h2><span style=\"font-weight: 400;\">Trabalho de cura espiritual<\/span><\/h2>\n<p><span style=\"font-weight: 400;\">Agora que voc\u00ea j\u00e1 passou por todos os processos de<\/span><b> reflex\u00e3o<\/b><span style=\"font-weight: 400;\"> e <\/span><b>organiza\u00e7\u00e3o<\/b><span style=\"font-weight: 400;\">, vamos partir para a pr\u00e1tica. <\/span><span style=\"font-weight: 400;\">Pois, se tratando de cura voc\u00ea pode contar com a ajuda de alguns recursos e t\u00e9cnicas j\u00e1 existentes.<\/span><\/p>\n<h3><span style=\"font-weight: 400;\">Terapias hol\u00edsticas<\/span><\/h3>\n<p><span style=\"font-weight: 400;\">As terapias hol\u00edsticas s\u00e3o um meio natural de desenvolver a autocura. Al\u00e9m disso, ela pode ser feita com exerc\u00edcios e pr\u00e1ticas muito simples como:<\/span><\/p>\n<ul>\n<li style=\"font-weight: 400;\"><span style=\"font-weight: 400;\">medita\u00e7\u00e3o;<\/span><\/li>\n<li style=\"font-weight: 400;\"><span style=\"font-weight: 400;\">yoga<\/span><span style=\"font-weight: 400;\">;<\/span><\/li>\n<li style=\"font-weight: 400;\"><span style=\"font-weight: 400;\"><a href=\"https:\/\/www.anyma.me\/\" target=\"_blank\" rel=\"noopener\">imers\u00e3o<\/a>;<\/span><\/li>\n<li style=\"font-weight: 400;\"><span style=\"font-weight: 400;\">reiki.<\/span><\/li>\n<\/ul>\n<h3><span style=\"font-weight: 400;\">Trabalhar a espiritualidade, encontre a sua luz<\/span><\/h3>\n<p><span style=\"font-weight: 400;\">Encontrar uma religi\u00e3o que desperte em voc\u00ea uma identidade \u00e9 o grande momento \u201ceureca\u201d na busca espiritual.<\/span><\/p>\n<p><span style=\"font-weight: 400;\">Pois \u00e9 nas <\/span><a href=\"https:\/\/www.iquilibrio.com\/blog\/espiritualidade\/emocoes-espirituais\/\" target=\"_blank\" rel=\"noopener\"><span style=\"font-weight: 400;\">palavras e na filosofia<\/span><\/a><span style=\"font-weight: 400;\"> que mora a vitalidade e o rigor do esp\u00edrito.<\/span><\/p>\n<p><span style=\"font-weight: 400;\">Pois se tratando de trabalho de cura espiritual, um direcionamento mais fechado pode abrir portas na sua concep\u00e7\u00e3o de vida.<\/span><\/p>\n<h3><span style=\"font-weight: 400;\">Mudan\u00e7a de ares<\/span><\/h3>\n<p><span style=\"font-weight: 400;\">O meio mais simples de trabalho de cura espiritual \u00e9 a mudan\u00e7a!<\/span><\/p>\n<p><span style=\"font-weight: 400;\">Afinal as atitudes e comportamento s\u00e3o capazes de <\/span><a href=\"https:\/\/www.iquilibrio.com\/blog\/bem-estar\/autoconhecimento\/transcender\/\" target=\"_blank\" rel=\"noopener\"><span style=\"font-weight: 400;\">transcender<\/span><\/a><span style=\"font-weight: 400;\"> nossa vida para uma realidade diferente, e isso vale tanto para o positivo quanto para o negativo.<\/span><\/p>\n<p><span style=\"font-weight: 400;\">No entanto, para trazer a cura junto \u00e0s terapias e a sua busca espiritual, voc\u00ea pode experimentar:<\/span><\/p>\n<ul>\n<li style=\"font-weight: 400;\"><a href=\"https:\/\/www.iquilibrio.com\/blog\/espiritualidade\/hooponopono-frase\/\" target=\"_blank\" rel=\"noopener\"><span style=\"font-weight: 400;\">Ho\u2019oponopono<\/span><\/a><span style=\"font-weight: 400;\">;<\/span><\/li>\n<li style=\"font-weight: 400;\"><span style=\"font-weight: 400;\">lei da atra\u00e7\u00e3o.<\/span><\/li>\n<\/ul>\n<p><span style=\"font-weight: 400;\">Ali\u00e1s, praticar a gratid\u00e3o \u00e9 uma cultura de boas aspira\u00e7\u00f5es, vale a pena come\u00e7ar por ela.<\/span><\/p>\n<p><span style=\"font-weight: 400;\">Pois aspirar novos ares te trar\u00e1 a cura e o bem estar que voc\u00ea merece.<\/span><\/p>\n<p><span style=\"font-weight: 400;\">Ademais, eu espero que voc\u00ea encontre o meio ideal de trabalhar a espiritualidade, e que no seu caminho voc\u00ea encontre tudo aquilo que te edifique!<\/span><\/p>\n<p><span style=\"font-weight: 400;\">Nos vemos no pr\u00f3ximo artigo, at\u00e9 l\u00e1!<\/span><\/p>\n<hr \/>\n<p>Agora indico que assista esse v\u00eddeo que fala tudo sobre o Ho&#8217;ponopono:<\/p>\n<p><iframe loading=\"lazy\" title=\"Voc\u00ea conhece o Hooponopono?\" width=\"696\" height=\"392\" src=\"https:\/\/www.youtube.com\/embed\/4ggXzRK-dRU?feature=oembed\" frameborder=\"0\" allow=\"accelerometer; autoplay; clipboard-write; encrypted-media; gyroscope; picture-in-picture\" allowfullscreen><\/iframe><\/p>\n<p>&nbsp;<\/p>\n<p>&nbsp;<\/p>\n\n\n<div class=\"kk-star-ratings kksr-auto kksr-align-left kksr-valign-bottom\"\n    data-payload='{&quot;align&quot;:&quot;left&quot;,&quot;id&quot;:&quot;37033&quot;,&quot;slug&quot;:&quot;default&quot;,&quot;valign&quot;:&quot;bottom&quot;,&quot;ignore&quot;:&quot;&quot;,&quot;reference&quot;:&quot;auto&quot;,&quot;class&quot;:&quot;&quot;,&quot;count&quot;:&quot;0&quot;,&quot;legendonly&quot;:&quot;&quot;,&quot;readonly&quot;:&quot;&quot;,&quot;score&quot;:&quot;0&quot;,&quot;starsonly&quot;:&quot;&quot;,&quot;best&quot;:&quot;5&quot;,&quot;gap&quot;:&quot;5&quot;,&quot;greet&quot;:&quot;Rate this post&quot;,&quot;legend&quot;:&quot;0\\\/5 - (0 voto)&quot;,&quot;size&quot;:&quot;24&quot;,&quot;title&quot;:&quot;Trabalhar a espiritualidade - Alcance a cura e a transforma\u00e7\u00e3o!&quot;,&quot;width&quot;:&quot;0&quot;,&quot;_legend&quot;:&quot;{score}\\\/{best} - ({count} {votes})&quot;,&quot;font_factor&quot;:&quot;1.25&quot;}'>\n            \n<div class=\"kksr-stars\">\n    \n<div class=\"kksr-stars-inactive\">\n            <div class=\"kksr-star\" data-star=\"1\" style=\"padding-right: 5px\">\n            \n\n<div class=\"kksr-icon\" style=\"width: 24px; height: 24px;\"><\/div>\n        <\/div>\n            <div class=\"kksr-star\" data-star=\"2\" style=\"padding-right: 5px\">\n            \n\n<div class=\"kksr-icon\" style=\"width: 24px; height: 24px;\"><\/div>\n        <\/div>\n            <div class=\"kksr-star\" data-star=\"3\" style=\"padding-right: 5px\">\n            \n\n<div class=\"kksr-icon\" style=\"width: 24px; height: 24px;\"><\/div>\n        <\/div>\n            <div class=\"kksr-star\" data-star=\"4\" style=\"padding-right: 5px\">\n            \n\n<div class=\"kksr-icon\" style=\"width: 24px; height: 24px;\"><\/div>\n        <\/div>\n            <div class=\"kksr-star\" data-star=\"5\" style=\"padding-right: 5px\">\n            \n\n<div class=\"kksr-icon\" style=\"width: 24px; height: 24px;\"><\/div>\n        <\/div>\n    <\/div>\n    \n<div class=\"kksr-stars-active\" style=\"width: 0px;\">\n            <div class=\"kksr-star\" style=\"padding-right: 5px\">\n            \n\n<div class=\"kksr-icon\" style=\"width: 24px; height: 24px;\"><\/div>\n        <\/div>\n            <div class=\"kksr-star\" style=\"padding-right: 5px\">\n            \n\n<div class=\"kksr-icon\" style=\"width: 24px; height: 24px;\"><\/div>\n        <\/div>\n            <div class=\"kksr-star\" style=\"padding-right: 5px\">\n            \n\n<div class=\"kksr-icon\" style=\"width: 24px; height: 24px;\"><\/div>\n        <\/div>\n            <div class=\"kksr-star\" style=\"padding-right: 5px\">\n            \n\n<div class=\"kksr-icon\" style=\"width: 24px; height: 24px;\"><\/div>\n        <\/div>\n            <div class=\"kksr-star\" style=\"padding-right: 5px\">\n            \n\n<div class=\"kksr-icon\" style=\"width: 24px; height: 24px;\"><\/div>\n        <\/div>\n    <\/div>\n<\/div>\n                \n\n<div class=\"kksr-legend\" style=\"font-size: 19.2px;\">\n            <span class=\"kksr-muted\">Rate this post<\/span>\n    <\/div>\n    <\/div>\n","protected":false},"excerpt":{"rendered":"<p>Trabalhar a espiritualidade deveria ser parte da nossa rotina, pois ela funciona como uma terapia, onde se todo mundo fizesse, o mundo seria mais feliz e equilibrado. No entanto, n\u00e3o s\u00e3o todas as pessoas que querem desenvolver, ou at\u00e9 mesmo explorar as profundezas de seu \u201cser\u201d. Pode parecer algo super particular, mas que influencia (e [&hellip;]<\/p>\n","protected":false},"author":158,"featured_media":37034,"comment_status":"closed","ping_status":"closed","sticky":false,"template":"","format":"standard","meta":{"footnotes":""},"categories":[502],"tags":[],"class_list":["post-37033","post","type-post","status-publish","format-standard","has-post-thumbnail","hentry","category-espiritualidade"],"yoast_head":"<!-- This site is optimized with the Yoast SEO plugin v27.4 - https:\/\/yoast.com\/product\/yoast-seo-wordpress\/ -->\n<title>Trabalhar espiritualidade - Conhe\u00e7a o trabalho de cura espiritual!<\/title>\n<meta name=\"description\" content=\"Confira, os meios de buscar uma vida mais conectada com voc\u00ea mesmo, Saiba como \u00e9 trabalhar a espiritualidade. Continue lendo...\" \/>\n<meta name=\"robots\" content=\"index, follow, max-snippet:-1, max-image-preview:large, max-video-preview:-1\" \/>\n<link rel=\"canonical\" href=\"https:\/\/www.iquilibrio.com\/blog\/espiritualidade\/trabalhar-espiritualidade\/\" \/>\n<meta property=\"og:locale\" content=\"pt_BR\" \/>\n<meta property=\"og:type\" content=\"article\" \/>\n<meta property=\"og:title\" content=\"Trabalhar espiritualidade - Conhe\u00e7a o trabalho de cura espiritual!\" \/>\n<meta property=\"og:description\" content=\"Confira, os meios de buscar uma vida mais conectada com voc\u00ea mesmo, Saiba como \u00e9 trabalhar a espiritualidade. Continue lendo...\" \/>\n<meta property=\"og:url\" content=\"https:\/\/www.iquilibrio.com\/blog\/espiritualidade\/trabalhar-espiritualidade\/\" \/>\n<meta property=\"og:site_name\" content=\"iQuilibrio\" \/>\n<meta property=\"article:publisher\" content=\"https:\/\/www.facebook.com\/iQuilibrio\/\" \/>\n<meta property=\"article:published_time\" content=\"2022-09-08T14:46:21+00:00\" \/>\n<meta property=\"og:image\" content=\"https:\/\/www.iquilibrio.com\/blog\/wp-content\/uploads\/2022\/09\/trabalhar-a-espiritualidade.jpg\" \/>\n\t<meta property=\"og:image:width\" content=\"900\" \/>\n\t<meta property=\"og:image:height\" content=\"560\" \/>\n\t<meta property=\"og:image:type\" content=\"image\/jpeg\" \/>\n<meta name=\"author\" content=\"Arthur Peroni\" \/>\n<meta name=\"twitter:card\" content=\"summary_large_image\" \/>\n<meta name=\"twitter:creator\" content=\"@iquilibrio\" \/>\n<meta name=\"twitter:site\" content=\"@iquilibrio\" \/>\n<meta name=\"twitter:label1\" content=\"Escrito por\" \/>\n\t<meta name=\"twitter:data1\" content=\"Arthur Peroni\" \/>\n\t<meta name=\"twitter:label2\" content=\"Est. tempo de leitura\" \/>\n\t<meta name=\"twitter:data2\" content=\"6 minutos\" \/>\n<script type=\"application\/ld+json\" class=\"yoast-schema-graph\">{\"@context\":\"https:\\\/\\\/schema.org\",\"@graph\":[{\"@type\":\"Article\",\"@id\":\"https:\\\/\\\/www.iquilibrio.com\\\/blog\\\/espiritualidade\\\/trabalhar-espiritualidade\\\/#article\",\"isPartOf\":{\"@id\":\"https:\\\/\\\/www.iquilibrio.com\\\/blog\\\/espiritualidade\\\/trabalhar-espiritualidade\\\/\"},\"author\":{\"name\":\"Arthur Peroni\",\"@id\":\"https:\\\/\\\/www.iquilibrio.com\\\/blog\\\/#\\\/schema\\\/person\\\/21ae990723c2e5a1170c9a06dacb4d3d\"},\"headline\":\"Trabalhar a espiritualidade &#8211; Alcance a cura e a transforma\u00e7\u00e3o!\",\"datePublished\":\"2022-09-08T14:46:21+00:00\",\"mainEntityOfPage\":{\"@id\":\"https:\\\/\\\/www.iquilibrio.com\\\/blog\\\/espiritualidade\\\/trabalhar-espiritualidade\\\/\"},\"wordCount\":1117,\"publisher\":{\"@id\":\"https:\\\/\\\/www.iquilibrio.com\\\/blog\\\/#organization\"},\"image\":{\"@id\":\"https:\\\/\\\/www.iquilibrio.com\\\/blog\\\/espiritualidade\\\/trabalhar-espiritualidade\\\/#primaryimage\"},\"thumbnailUrl\":\"https:\\\/\\\/www.iquilibrio.com\\\/blog\\\/wp-content\\\/uploads\\\/2022\\\/09\\\/trabalhar-a-espiritualidade.jpg\",\"articleSection\":[\"Espiritualidade\"],\"inLanguage\":\"pt-BR\"},{\"@type\":\"WebPage\",\"@id\":\"https:\\\/\\\/www.iquilibrio.com\\\/blog\\\/espiritualidade\\\/trabalhar-espiritualidade\\\/\",\"url\":\"https:\\\/\\\/www.iquilibrio.com\\\/blog\\\/espiritualidade\\\/trabalhar-espiritualidade\\\/\",\"name\":\"Trabalhar espiritualidade - Conhe\u00e7a o trabalho de cura espiritual!\",\"isPartOf\":{\"@id\":\"https:\\\/\\\/www.iquilibrio.com\\\/blog\\\/#website\"},\"primaryImageOfPage\":{\"@id\":\"https:\\\/\\\/www.iquilibrio.com\\\/blog\\\/espiritualidade\\\/trabalhar-espiritualidade\\\/#primaryimage\"},\"image\":{\"@id\":\"https:\\\/\\\/www.iquilibrio.com\\\/blog\\\/espiritualidade\\\/trabalhar-espiritualidade\\\/#primaryimage\"},\"thumbnailUrl\":\"https:\\\/\\\/www.iquilibrio.com\\\/blog\\\/wp-content\\\/uploads\\\/2022\\\/09\\\/trabalhar-a-espiritualidade.jpg\",\"datePublished\":\"2022-09-08T14:46:21+00:00\",\"description\":\"Confira, os meios de buscar uma vida mais conectada com voc\u00ea mesmo, Saiba como \u00e9 trabalhar a espiritualidade. Continue lendo...\",\"breadcrumb\":{\"@id\":\"https:\\\/\\\/www.iquilibrio.com\\\/blog\\\/espiritualidade\\\/trabalhar-espiritualidade\\\/#breadcrumb\"},\"inLanguage\":\"pt-BR\",\"potentialAction\":[{\"@type\":\"ReadAction\",\"target\":[\"https:\\\/\\\/www.iquilibrio.com\\\/blog\\\/espiritualidade\\\/trabalhar-espiritualidade\\\/\"]}]},{\"@type\":\"ImageObject\",\"inLanguage\":\"pt-BR\",\"@id\":\"https:\\\/\\\/www.iquilibrio.com\\\/blog\\\/espiritualidade\\\/trabalhar-espiritualidade\\\/#primaryimage\",\"url\":\"https:\\\/\\\/www.iquilibrio.com\\\/blog\\\/wp-content\\\/uploads\\\/2022\\\/09\\\/trabalhar-a-espiritualidade.jpg\",\"contentUrl\":\"https:\\\/\\\/www.iquilibrio.com\\\/blog\\\/wp-content\\\/uploads\\\/2022\\\/09\\\/trabalhar-a-espiritualidade.jpg\",\"width\":900,\"height\":560,\"caption\":\"Trabalhar a espiritualidade\"},{\"@type\":\"BreadcrumbList\",\"@id\":\"https:\\\/\\\/www.iquilibrio.com\\\/blog\\\/espiritualidade\\\/trabalhar-espiritualidade\\\/#breadcrumb\",\"itemListElement\":[{\"@type\":\"ListItem\",\"position\":1,\"name\":\"In\u00edcio\",\"item\":\"https:\\\/\\\/www.iquilibrio.com\\\/blog\\\/\"},{\"@type\":\"ListItem\",\"position\":2,\"name\":\"Trabalhar a espiritualidade &#8211; Alcance a cura e a transforma\u00e7\u00e3o!\"}]},{\"@type\":\"WebSite\",\"@id\":\"https:\\\/\\\/www.iquilibrio.com\\\/blog\\\/#website\",\"url\":\"https:\\\/\\\/www.iquilibrio.com\\\/blog\\\/\",\"name\":\"iQuilibrio\",\"description\":\"Blog iQuilibrio\",\"publisher\":{\"@id\":\"https:\\\/\\\/www.iquilibrio.com\\\/blog\\\/#organization\"},\"potentialAction\":[{\"@type\":\"SearchAction\",\"target\":{\"@type\":\"EntryPoint\",\"urlTemplate\":\"https:\\\/\\\/www.iquilibrio.com\\\/blog\\\/?s={search_term_string}\"},\"query-input\":{\"@type\":\"PropertyValueSpecification\",\"valueRequired\":true,\"valueName\":\"search_term_string\"}}],\"inLanguage\":\"pt-BR\"},{\"@type\":\"Organization\",\"@id\":\"https:\\\/\\\/www.iquilibrio.com\\\/blog\\\/#organization\",\"name\":\"Esoterismo, Misticismo e Tarot Online - iQuilibrio\",\"url\":\"https:\\\/\\\/www.iquilibrio.com\\\/blog\\\/\",\"logo\":{\"@type\":\"ImageObject\",\"inLanguage\":\"pt-BR\",\"@id\":\"https:\\\/\\\/www.iquilibrio.com\\\/blog\\\/#\\\/schema\\\/logo\\\/image\\\/\",\"url\":\"https:\\\/\\\/www.iquilibrio.com\\\/blog\\\/wp-content\\\/uploads\\\/2018\\\/12\\\/iquilibrio_lovo_vetor_preto-retina.png\",\"contentUrl\":\"https:\\\/\\\/www.iquilibrio.com\\\/blog\\\/wp-content\\\/uploads\\\/2018\\\/12\\\/iquilibrio_lovo_vetor_preto-retina.png\",\"width\":972,\"height\":180,\"caption\":\"Esoterismo, Misticismo e Tarot Online - iQuilibrio\"},\"image\":{\"@id\":\"https:\\\/\\\/www.iquilibrio.com\\\/blog\\\/#\\\/schema\\\/logo\\\/image\\\/\"},\"sameAs\":[\"https:\\\/\\\/www.facebook.com\\\/iQuilibrio\\\/\",\"https:\\\/\\\/x.com\\\/iquilibrio\",\"https:\\\/\\\/www.instagram.com\\\/iquilibrio\\\/\",\"https:\\\/\\\/www.linkedin.com\\\/company\\\/iquilibrio\\\/\",\"https:\\\/\\\/br.pinterest.com\\\/iquilibrio1397\\\/\",\"https:\\\/\\\/www.youtube.com\\\/channel\\\/UC175qxd-4Zsi4wzawT5zF2g\"]},{\"@type\":\"Person\",\"@id\":\"https:\\\/\\\/www.iquilibrio.com\\\/blog\\\/#\\\/schema\\\/person\\\/21ae990723c2e5a1170c9a06dacb4d3d\",\"name\":\"Arthur Peroni\",\"image\":{\"@type\":\"ImageObject\",\"inLanguage\":\"pt-BR\",\"@id\":\"https:\\\/\\\/www.iquilibrio.com\\\/blog\\\/wp-content\\\/uploads\\\/2023\\\/04\\\/Arthur-Peroni-150x150.jpg\",\"url\":\"https:\\\/\\\/www.iquilibrio.com\\\/blog\\\/wp-content\\\/uploads\\\/2023\\\/04\\\/Arthur-Peroni-150x150.jpg\",\"contentUrl\":\"https:\\\/\\\/www.iquilibrio.com\\\/blog\\\/wp-content\\\/uploads\\\/2023\\\/04\\\/Arthur-Peroni-150x150.jpg\",\"caption\":\"Arthur Peroni\"},\"description\":\"Arthur Peroni escreve sobre a vida, o universo e tudo mais. Amante da literatura m\u00edstica, e fic\u00e7\u00e3o, descobriu sua carreira de redator gra\u00e7as ao h\u00e1bito de leitura constante sobre fantasia e drama. Nas horas vagas, gosta de cozinhar, ler e ver filmes antigos. J\u00e1 trabalhou com, comunica\u00e7\u00e3o social, massoterapia, terapias hol\u00edsticas e design de interiores. Atualmente trabalha como redator SEO e se entusiasma com tudo o que \u00e9 esot\u00e9rico. Gosta de discutir sobre assuntos complexos e instigantes, e v\u00ea na escrita uma oportunidade de aprender e criar todos os dias, mentalmente e espiritualmente.\",\"url\":\"https:\\\/\\\/www.iquilibrio.com\\\/blog\\\/author\\\/raul-vinicius\\\/\"}]}<\/script>\n<!-- \/ Yoast SEO plugin. -->","yoast_head_json":{"title":"Trabalhar espiritualidade - Conhe\u00e7a o trabalho de cura espiritual!","description":"Confira, os meios de buscar uma vida mais conectada com voc\u00ea mesmo, Saiba como \u00e9 trabalhar a espiritualidade. Continue lendo...","robots":{"index":"index","follow":"follow","max-snippet":"max-snippet:-1","max-image-preview":"max-image-preview:large","max-video-preview":"max-video-preview:-1"},"canonical":"https:\/\/www.iquilibrio.com\/blog\/espiritualidade\/trabalhar-espiritualidade\/","og_locale":"pt_BR","og_type":"article","og_title":"Trabalhar espiritualidade - Conhe\u00e7a o trabalho de cura espiritual!","og_description":"Confira, os meios de buscar uma vida mais conectada com voc\u00ea mesmo, Saiba como \u00e9 trabalhar a espiritualidade. Continue lendo...","og_url":"https:\/\/www.iquilibrio.com\/blog\/espiritualidade\/trabalhar-espiritualidade\/","og_site_name":"iQuilibrio","article_publisher":"https:\/\/www.facebook.com\/iQuilibrio\/","article_published_time":"2022-09-08T14:46:21+00:00","og_image":[{"width":900,"height":560,"url":"https:\/\/www.iquilibrio.com\/blog\/wp-content\/uploads\/2022\/09\/trabalhar-a-espiritualidade.jpg","type":"image\/jpeg"}],"author":"Arthur Peroni","twitter_card":"summary_large_image","twitter_creator":"@iquilibrio","twitter_site":"@iquilibrio","twitter_misc":{"Escrito por":"Arthur Peroni","Est. tempo de leitura":"6 minutos"},"schema":{"@context":"https:\/\/schema.org","@graph":[{"@type":"Article","@id":"https:\/\/www.iquilibrio.com\/blog\/espiritualidade\/trabalhar-espiritualidade\/#article","isPartOf":{"@id":"https:\/\/www.iquilibrio.com\/blog\/espiritualidade\/trabalhar-espiritualidade\/"},"author":{"name":"Arthur Peroni","@id":"https:\/\/www.iquilibrio.com\/blog\/#\/schema\/person\/21ae990723c2e5a1170c9a06dacb4d3d"},"headline":"Trabalhar a espiritualidade &#8211; Alcance a cura e a transforma\u00e7\u00e3o!","datePublished":"2022-09-08T14:46:21+00:00","mainEntityOfPage":{"@id":"https:\/\/www.iquilibrio.com\/blog\/espiritualidade\/trabalhar-espiritualidade\/"},"wordCount":1117,"publisher":{"@id":"https:\/\/www.iquilibrio.com\/blog\/#organization"},"image":{"@id":"https:\/\/www.iquilibrio.com\/blog\/espiritualidade\/trabalhar-espiritualidade\/#primaryimage"},"thumbnailUrl":"https:\/\/www.iquilibrio.com\/blog\/wp-content\/uploads\/2022\/09\/trabalhar-a-espiritualidade.jpg","articleSection":["Espiritualidade"],"inLanguage":"pt-BR"},{"@type":"WebPage","@id":"https:\/\/www.iquilibrio.com\/blog\/espiritualidade\/trabalhar-espiritualidade\/","url":"https:\/\/www.iquilibrio.com\/blog\/espiritualidade\/trabalhar-espiritualidade\/","name":"Trabalhar espiritualidade - Conhe\u00e7a o trabalho de cura espiritual!","isPartOf":{"@id":"https:\/\/www.iquilibrio.com\/blog\/#website"},"primaryImageOfPage":{"@id":"https:\/\/www.iquilibrio.com\/blog\/espiritualidade\/trabalhar-espiritualidade\/#primaryimage"},"image":{"@id":"https:\/\/www.iquilibrio.com\/blog\/espiritualidade\/trabalhar-espiritualidade\/#primaryimage"},"thumbnailUrl":"https:\/\/www.iquilibrio.com\/blog\/wp-content\/uploads\/2022\/09\/trabalhar-a-espiritualidade.jpg","datePublished":"2022-09-08T14:46:21+00:00","description":"Confira, os meios de buscar uma vida mais conectada com voc\u00ea mesmo, Saiba como \u00e9 trabalhar a espiritualidade. Continue lendo...","breadcrumb":{"@id":"https:\/\/www.iquilibrio.com\/blog\/espiritualidade\/trabalhar-espiritualidade\/#breadcrumb"},"inLanguage":"pt-BR","potentialAction":[{"@type":"ReadAction","target":["https:\/\/www.iquilibrio.com\/blog\/espiritualidade\/trabalhar-espiritualidade\/"]}]},{"@type":"ImageObject","inLanguage":"pt-BR","@id":"https:\/\/www.iquilibrio.com\/blog\/espiritualidade\/trabalhar-espiritualidade\/#primaryimage","url":"https:\/\/www.iquilibrio.com\/blog\/wp-content\/uploads\/2022\/09\/trabalhar-a-espiritualidade.jpg","contentUrl":"https:\/\/www.iquilibrio.com\/blog\/wp-content\/uploads\/2022\/09\/trabalhar-a-espiritualidade.jpg","width":900,"height":560,"caption":"Trabalhar a espiritualidade"},{"@type":"BreadcrumbList","@id":"https:\/\/www.iquilibrio.com\/blog\/espiritualidade\/trabalhar-espiritualidade\/#breadcrumb","itemListElement":[{"@type":"ListItem","position":1,"name":"In\u00edcio","item":"https:\/\/www.iquilibrio.com\/blog\/"},{"@type":"ListItem","position":2,"name":"Trabalhar a espiritualidade &#8211; Alcance a cura e a transforma\u00e7\u00e3o!"}]},{"@type":"WebSite","@id":"https:\/\/www.iquilibrio.com\/blog\/#website","url":"https:\/\/www.iquilibrio.com\/blog\/","name":"iQuilibrio","description":"Blog iQuilibrio","publisher":{"@id":"https:\/\/www.iquilibrio.com\/blog\/#organization"},"potentialAction":[{"@type":"SearchAction","target":{"@type":"EntryPoint","urlTemplate":"https:\/\/www.iquilibrio.com\/blog\/?s={search_term_string}"},"query-input":{"@type":"PropertyValueSpecification","valueRequired":true,"valueName":"search_term_string"}}],"inLanguage":"pt-BR"},{"@type":"Organization","@id":"https:\/\/www.iquilibrio.com\/blog\/#organization","name":"Esoterismo, Misticismo e Tarot Online - iQuilibrio","url":"https:\/\/www.iquilibrio.com\/blog\/","logo":{"@type":"ImageObject","inLanguage":"pt-BR","@id":"https:\/\/www.iquilibrio.com\/blog\/#\/schema\/logo\/image\/","url":"https:\/\/www.iquilibrio.com\/blog\/wp-content\/uploads\/2018\/12\/iquilibrio_lovo_vetor_preto-retina.png","contentUrl":"https:\/\/www.iquilibrio.com\/blog\/wp-content\/uploads\/2018\/12\/iquilibrio_lovo_vetor_preto-retina.png","width":972,"height":180,"caption":"Esoterismo, Misticismo e Tarot Online - iQuilibrio"},"image":{"@id":"https:\/\/www.iquilibrio.com\/blog\/#\/schema\/logo\/image\/"},"sameAs":["https:\/\/www.facebook.com\/iQuilibrio\/","https:\/\/x.com\/iquilibrio","https:\/\/www.instagram.com\/iquilibrio\/","https:\/\/www.linkedin.com\/company\/iquilibrio\/","https:\/\/br.pinterest.com\/iquilibrio1397\/","https:\/\/www.youtube.com\/channel\/UC175qxd-4Zsi4wzawT5zF2g"]},{"@type":"Person","@id":"https:\/\/www.iquilibrio.com\/blog\/#\/schema\/person\/21ae990723c2e5a1170c9a06dacb4d3d","name":"Arthur Peroni","image":{"@type":"ImageObject","inLanguage":"pt-BR","@id":"https:\/\/www.iquilibrio.com\/blog\/wp-content\/uploads\/2023\/04\/Arthur-Peroni-150x150.jpg","url":"https:\/\/www.iquilibrio.com\/blog\/wp-content\/uploads\/2023\/04\/Arthur-Peroni-150x150.jpg","contentUrl":"https:\/\/www.iquilibrio.com\/blog\/wp-content\/uploads\/2023\/04\/Arthur-Peroni-150x150.jpg","caption":"Arthur Peroni"},"description":"Arthur Peroni escreve sobre a vida, o universo e tudo mais. Amante da literatura m\u00edstica, e fic\u00e7\u00e3o, descobriu sua carreira de redator gra\u00e7as ao h\u00e1bito de leitura constante sobre fantasia e drama. Nas horas vagas, gosta de cozinhar, ler e ver filmes antigos. J\u00e1 trabalhou com, comunica\u00e7\u00e3o social, massoterapia, terapias hol\u00edsticas e design de interiores. Atualmente trabalha como redator SEO e se entusiasma com tudo o que \u00e9 esot\u00e9rico. Gosta de discutir sobre assuntos complexos e instigantes, e v\u00ea na escrita uma oportunidade de aprender e criar todos os dias, mentalmente e espiritualmente.","url":"https:\/\/www.iquilibrio.com\/blog\/author\/raul-vinicius\/"}]}},"_links":{"self":[{"href":"https:\/\/www.iquilibrio.com\/blog\/wp-json\/wp\/v2\/posts\/37033","targetHints":{"allow":["GET"]}}],"collection":[{"href":"https:\/\/www.iquilibrio.com\/blog\/wp-json\/wp\/v2\/posts"}],"about":[{"href":"https:\/\/www.iquilibrio.com\/blog\/wp-json\/wp\/v2\/types\/post"}],"author":[{"embeddable":true,"href":"https:\/\/www.iquilibrio.com\/blog\/wp-json\/wp\/v2\/users\/158"}],"replies":[{"embeddable":true,"href":"https:\/\/www.iquilibrio.com\/blog\/wp-json\/wp\/v2\/comments?post=37033"}],"version-history":[{"count":4,"href":"https:\/\/www.iquilibrio.com\/blog\/wp-json\/wp\/v2\/posts\/37033\/revisions"}],"predecessor-version":[{"id":37054,"href":"https:\/\/www.iquilibrio.com\/blog\/wp-json\/wp\/v2\/posts\/37033\/revisions\/37054"}],"wp:featuredmedia":[{"embeddable":true,"href":"https:\/\/www.iquilibrio.com\/blog\/wp-json\/wp\/v2\/media\/37034"}],"wp:attachment":[{"href":"https:\/\/www.iquilibrio.com\/blog\/wp-json\/wp\/v2\/media?parent=37033"}],"wp:term":[{"taxonomy":"category","embeddable":true,"href":"https:\/\/www.iquilibrio.com\/blog\/wp-json\/wp\/v2\/categories?post=37033"},{"taxonomy":"post_tag","embeddable":true,"href":"https:\/\/www.iquilibrio.com\/blog\/wp-json\/wp\/v2\/tags?post=37033"}],"curies":[{"name":"wp","href":"https:\/\/api.w.org\/{rel}","templated":true}]}}