{"id":36717,"date":"2022-08-10T18:00:49","date_gmt":"2022-08-10T21:00:49","guid":{"rendered":"https:\/\/www.iquilibrio.com\/blog\/?p=36717"},"modified":"2022-08-16T11:38:47","modified_gmt":"2022-08-16T14:38:47","slug":"oleos-essenciais-para-concentracao","status":"publish","type":"post","link":"https:\/\/www.iquilibrio.com\/blog\/terapias-alternativas\/aromaterapia\/oleos-essenciais-para-concentracao\/","title":{"rendered":"\u00d3leos essenciais para concentra\u00e7\u00e3o &#8211; O poder do \u00f3leos&#x2764;"},"content":{"rendered":"<p><span style=\"font-weight: 400;\">Hoje n\u00f3s iremos mostrar algumas op\u00e7\u00f5es naturais de ter foco! Pois com os <\/span><b>\u00f3leos essenciais para concentra\u00e7\u00e3o<\/b><span style=\"font-weight: 400;\">, voc\u00ea al\u00e9m de linda e cheirosa, ir\u00e1 despertar o instinto natural da concentra\u00e7\u00e3o.<\/span><\/p>\n<h2>\u00cdndice &#8211; \u00d3leos essenciais para concentra\u00e7\u00e3o<\/h2>\n<p><span style=\"font-weight: 400;\">Igualmente, as ervas que tem o aroma e propriedades para lhe fornecer esse bem.<\/span><\/p>\n<p><span style=\"font-weight: 400;\">Contudo, vamos te apresentar essas del\u00edcias que estimulam a sua concentra\u00e7\u00e3o gra\u00e7as ao seu princ\u00edpio ativo.<\/span><\/p>\n<p><span style=\"font-weight: 400;\">No mais fique conosco at\u00e9 o fim, e veja qual dos \u00f3leos essenciais para foco e concentra\u00e7\u00e3o voc\u00ea ir\u00e1 usar.<\/span><\/p>\n<h2><span style=\"font-weight: 400;\">\u00d3leos essenciais para concentra\u00e7\u00e3o ao acordar.<\/span><\/h2>\n<p><span style=\"font-weight: 400;\">Que tal um pouco de canela e pimenta?<\/span><\/p>\n<p><span style=\"font-weight: 400;\">Ao <\/span><a href=\"https:\/\/www.iquilibrio.com\/blog\/terapias-alternativas\/meditacao\/meditacao-da-manha\/\"><span style=\"font-weight: 400;\">acordar pela manh\u00e3<\/span><\/a><span style=\"font-weight: 400;\">, antes do cafezinho ou do ch\u00e1, ainda temos o corpo sonolento e um pouco devagar. Contudo, nosso metabolismo est\u00e1 funcionando numa velocidade c\u00f4moda devido ao estado de sono de algumas horas atr\u00e1s.<\/span><\/p>\n<p><span style=\"font-weight: 400;\">Entretanto, se usar \u00f3leo de canela logo cedo, voc\u00ea ter\u00e1 um avan\u00e7o da acelera\u00e7\u00e3o do seu metabolismo, al\u00e9m disso, a canela \u00e9 pioneira em tratamentos de:<\/span><\/p>\n<ul>\n<li style=\"font-weight: 400;\" aria-level=\"1\"><span style=\"font-weight: 400;\">Acne;<\/span><\/li>\n<li style=\"font-weight: 400;\" aria-level=\"1\"><span style=\"font-weight: 400;\">Infec\u00e7\u00f5es diversas;<\/span><\/li>\n<li style=\"font-weight: 400;\" aria-level=\"1\"><a href=\"https:\/\/www.iquilibrio.com\/blog\/espiritualidade\/magia-cigana-para-crescer-cabelo\/\"><span style=\"font-weight: 400;\">M\u00e1scara de cabelo<\/span><\/a><span style=\"font-weight: 400;\">;<\/span><\/li>\n<li style=\"font-weight: 400;\" aria-level=\"1\"><span style=\"font-weight: 400;\">Desperta a libido;<\/span><\/li>\n<li style=\"font-weight: 400;\" aria-level=\"1\"><span style=\"font-weight: 400;\">Fluxo menstrual.<\/span><\/li>\n<\/ul>\n<p><span style=\"font-weight: 400;\">Semelhantemente temos a pimenta, que \u00e9 um excelente \u00f3leo essencial para concentra\u00e7\u00e3o e mem\u00f3ria. Assim como ele ajuda a acelerar o metabolismo e nos deixa mais ativas para a concentra\u00e7\u00e3o e o foco.<\/span><\/p>\n<p><span style=\"font-weight: 400;\">O seu \u00f3leo pode ser extra\u00eddo da semente ou da pr\u00f3pria especiaria. Pois ela \u00e9 rica em propriedades que te ajudam em:<\/span><\/p>\n<ul>\n<li style=\"font-weight: 400;\" aria-level=\"1\"><span style=\"font-weight: 400;\">Enxaqueca;<\/span><\/li>\n<li style=\"font-weight: 400;\" aria-level=\"1\"><span style=\"font-weight: 400;\">Reduzir o colesterol;<\/span><\/li>\n<li style=\"font-weight: 400;\" aria-level=\"1\"><span style=\"font-weight: 400;\">Propriedades anticancer\u00edgenas;<\/span><\/li>\n<li style=\"font-weight: 400;\" aria-level=\"1\"><span style=\"font-weight: 400;\">Anti-inflamat\u00f3rio.<\/span><\/li>\n<\/ul>\n<p><span style=\"font-weight: 400;\">Pode parecer que estas s\u00e3o propriedades que se referem \u00e0 alimenta\u00e7\u00e3o, mas n\u00e3o \u00e9 somente isso, pois os \u00f3leos agem a <\/span><a href=\"https:\/\/www.iquilibrio.com\/blog\/terapias-alternativas\/aromaterapia\/oleos-essenciais-guia-saude\/\"><span style=\"font-weight: 400;\">favor do seu metabolismo<\/span><\/a><span style=\"font-weight: 400;\"> e com eles sua manh\u00e3 pode ser focada e o seu dia mais produtivo.<\/span><\/p>\n<p><strong>Contudo, para saber melhor o uso dessas especiarias, fa\u00e7a uma consulta, assim voc\u00ea pode encontrar outros usos para melhorar o seu metabolismo.<\/strong><\/p>\n<p style=\"text-align: center;\"><a href=\"https:\/\/www.iquilibrio.com\/previsoes-saude\/?utm_campaign=blog_conversao&amp;utm_medium=texto_cta&amp;utm_source=blog&amp;utm_content=20220810_oleos_essenciais_para_concentracao_botao_abaixo_paragrafo11\" target=\"_blank\" rel=\"noopener\"><strong><span class=\"td_btn td_btn_md td_round_btn\" style=\"background-color: #0000ff;\">Fale agora mesmo com um especialista!<\/span><\/strong><\/a><\/p>\n<h3><span style=\"font-weight: 400;\">\u00d3leos essenciais para concentra\u00e7\u00e3o &#8211; Lavanda<\/span><\/h3>\n<p><span style=\"font-weight: 400;\">A lavanda \u00e9 um verdadeiro b\u00e1lsamo!<\/span><\/p>\n<p><span style=\"font-weight: 400;\">Pois suas propriedades s\u00e3o tantas que ela \u00e9 usada para mais do que uma fun\u00e7\u00e3o. Ali\u00e1s \u00e9 bem comum comprarmos perfumes, sabonetes e cremes com base de lavanda, j\u00e1 que sua base tem um aroma delicioso.<\/span><\/p>\n<p><span style=\"font-weight: 400;\">Os \u00f3leos de lavanda geralmente est\u00e3o em um estado de concentra\u00e7\u00e3o que refor\u00e7a o princ\u00edpio ativo dele, para ajudar em:<\/span><\/p>\n<ul>\n<li style=\"font-weight: 400;\" aria-level=\"1\"><span style=\"font-weight: 400;\">Relaxamento;<\/span><\/li>\n<li style=\"font-weight: 400;\" aria-level=\"1\"><span style=\"font-weight: 400;\">Controle da ansiedade;<\/span><\/li>\n<li style=\"font-weight: 400;\" aria-level=\"1\"><span style=\"font-weight: 400;\">Tratamentos psicoterap\u00eauticos;<\/span><\/li>\n<\/ul>\n<p><span style=\"font-weight: 400;\">Contudo, se isso n\u00e3o fosse o bastante, ele <\/span><a href=\"https:\/\/www.iquilibrio.com\/blog\/simpatias\/banhos\/banho-de-arruda\/\"><span style=\"font-weight: 400;\">aproveita esse relaxamento<\/span><\/a><span style=\"font-weight: 400;\">, nos mantendo focadas e com a concentra\u00e7\u00e3o agu\u00e7ada.<\/span><\/p>\n<p><span style=\"font-weight: 400;\">Olha, \u00e9 bem comum uma pessoa come\u00e7ar a usar \u00f3leo de lavanda e n\u00e3o querer usar outro. Pois este \u00e9 um dote no estudo de aromas e que vale a pena voc\u00ea conhecer.<\/span><\/p>\n<h3><span style=\"font-weight: 400;\">\u00d3leo essencial para concentra\u00e7\u00e3o e mem\u00f3ria &#8211; Alecrim para ficar esperta!<\/span><\/h3>\n<p><span style=\"font-weight: 400;\">Imagine que existe uma erva recomendada na nutri\u00e7\u00e3o para melhorar as nossas capacidades cognitivas, pois esta \u00e9 o alecrim.<\/span><\/p>\n<p><span style=\"font-weight: 400;\">J\u00e1 ouviu falar que peixe com alecrim deixa a gente mais esperta? Pois bem\u2026<\/span><\/p>\n<p><span style=\"font-weight: 400;\">O alecrim \u00e9 muito conhecido por ser um tempero e condimento gastron\u00f4mico. Mas a sua usabilidade vai um pouco al\u00e9m, pois suas propriedades naturais s\u00e3o verdadeiras armas contra os dois maiores inimigos do s\u00e9culo XXI<\/span><\/p>\n<ul>\n<li style=\"font-weight: 400;\" aria-level=\"1\"><a href=\"https:\/\/www.iquilibrio.com\/blog\/espiritualidade\/depressao-espiritual\/\"><span style=\"font-weight: 400;\">Depress\u00e3o<\/span><\/a><span style=\"font-weight: 400;\">;<\/span><\/li>\n<li style=\"font-weight: 400;\" aria-level=\"1\"><span style=\"font-weight: 400;\">Estresse.<\/span><\/li>\n<\/ul>\n<p><span style=\"font-weight: 400;\">Entretanto, se voc\u00ea n\u00e3o gosta do sabor do alecrim, saiba que n\u00e3o \u00e9 necess\u00e1rio ingerir para consumi-lo.<\/span><\/p>\n<p><span style=\"font-weight: 400;\">No entanto, o seu \u00f3leo possui uma intensidade para esses tratamentos, e um dos mais fortes \u00e9 o melhoramento da\u00a0<\/span><\/p>\n<ul>\n<li style=\"font-weight: 400;\" aria-level=\"1\"><span style=\"font-weight: 400;\">Capacidade cognitiva;<\/span><\/li>\n<li style=\"font-weight: 400;\" aria-level=\"1\"><span style=\"font-weight: 400;\">Concentra\u00e7\u00e3o;<\/span><\/li>\n<li style=\"font-weight: 400;\" aria-level=\"1\"><span style=\"font-weight: 400;\">Foco;<\/span><\/li>\n<li style=\"font-weight: 400;\" aria-level=\"1\"><span style=\"font-weight: 400;\">Vis\u00e3o apurada;<\/span><\/li>\n<\/ul>\n<p><span style=\"font-weight: 400;\">Fora que ele tamb\u00e9m \u00e9 usado como ansiol\u00edtico e possui uma concentra\u00e7\u00e3o neuroprotetora.<\/span><\/p>\n<h3><img loading=\"lazy\" decoding=\"async\" class=\"size-full wp-image-36715 aligncenter\" src=\"https:\/\/www.iquilibrio.com\/blog\/wp-content\/uploads\/2022\/08\/Oleos-essenciais-para-concentracao-1.jpg\" alt=\"\" width=\"900\" height=\"560\" srcset=\"https:\/\/www.iquilibrio.com\/blog\/wp-content\/uploads\/2022\/08\/Oleos-essenciais-para-concentracao-1.jpg 900w, https:\/\/www.iquilibrio.com\/blog\/wp-content\/uploads\/2022\/08\/Oleos-essenciais-para-concentracao-1-300x187.jpg 300w, https:\/\/www.iquilibrio.com\/blog\/wp-content\/uploads\/2022\/08\/Oleos-essenciais-para-concentracao-1-768x478.jpg 768w, https:\/\/www.iquilibrio.com\/blog\/wp-content\/uploads\/2022\/08\/Oleos-essenciais-para-concentracao-1-696x433.jpg 696w, https:\/\/www.iquilibrio.com\/blog\/wp-content\/uploads\/2022\/08\/Oleos-essenciais-para-concentracao-1-675x420.jpg 675w\" sizes=\"auto, (max-width: 900px) 100vw, 900px\" \/><\/h3>\n<h3><span style=\"font-weight: 400;\">Os aromas das ervas<\/span><\/h3>\n<p><span style=\"font-weight: 400;\">Voc\u00ea sabia que as <\/span><a href=\"https:\/\/www.iquilibrio.com\/blog\/bem-estar\/beneficios-cha-erva-doce\/\"><span style=\"font-weight: 400;\">ervas utilizadas<\/span><\/a><span style=\"font-weight: 400;\"> na cria\u00e7\u00e3o dos \u00f3leos essenciais para a concentra\u00e7\u00e3o, passam por uma sele\u00e7\u00e3o arom\u00e1tica?<\/span><\/p>\n<p><span style=\"font-weight: 400;\">Pois \u00e9 com o cheirinho gostoso que nosso c\u00e9rebro associa o relaxamento e a concentra\u00e7\u00e3o, por meio dos gatilhos mentais.<\/span><\/p>\n<p><span style=\"font-weight: 400;\">Afinal, os aromas entram com tudo quando se trata do nosso bem-estar e o da nossa mente.<\/span><\/p>\n<p><strong>Contudo, se voc\u00ea gostaria de entender melhor as propriedades dos aromas, d\u00ea uma olhada no <a href=\"https:\/\/www.iquilibrio.com\/cursos\/aromaterapia?utm_campaign=blog_conversao&amp;utm_medium=texto_cta&amp;utm_source=blog&amp;utm_content=20220810_oleos_essenciais_para_concentracao_trecho_paragrafo25\" target=\"_blank\" rel=\"noopener\">nosso curso de aromaterapia<\/a>, pois com ele voc\u00ea ir\u00e1 aprender a manipular as especiarias naturais que ir\u00e3o melhorar a sua qualidade de vida.<\/strong><\/p>\n<h3><span style=\"font-weight: 400;\">\u00d3leo essencial para concentra\u00e7\u00e3o infantil<\/span><\/h3>\n<p><b>Hiperatividade e ansiedade\u00a0<\/b><\/p>\n<p><span style=\"font-weight: 400;\">Talvez sejam o que atrapalha no desenvolvimento de uma <\/span><a href=\"https:\/\/www.terra.com.br\/vida-e-estilo\/saude\/bem-estar\/ouvir-musica-durante-o-sono-ajuda-a-ter-boa-memoria-diz-estudo,5d2aff2c3be0e310VgnVCM3000009acceb0aRCRD.html\" target=\"_blank\" rel=\"noopener\"><span style=\"font-weight: 400;\">boa mem\u00f3ria<\/span><\/a><span style=\"font-weight: 400;\">, e de assimilar as coisas em uma crian\u00e7a.<\/span><\/p>\n<p><span style=\"font-weight: 400;\">Mas tenha calma, pois essas s\u00e3o caracter\u00edsticas comuns nos pequenos, mas existem \u00f3leos essenciais para concentra\u00e7\u00e3o infantil. E um deles \u00e9 o cedro atral.<\/span><\/p>\n<p><span style=\"font-weight: 400;\">Pois o \u00f3leo de cedro atlas al\u00e9m de natural, \u00e9 recomendado para o tratamento de crian\u00e7as com d\u00e9ficit de aten\u00e7\u00e3o(TDAH).<\/span><\/p>\n<h3><span style=\"font-weight: 400;\">\u00d3leos essenciais para concentra\u00e7\u00e3o &#8211; hortel\u00e3 pimenta<\/span><\/h3>\n<p><span style=\"font-weight: 400;\">Este \u00f3leo \u00e9 pouco conhecido, por\u00e9m \u00e9 muito poderoso.<\/span><\/p>\n<p><span style=\"font-weight: 400;\">Suas propriedades s\u00e3o ideias para o tratamento de da s\u00edndrome de Burnout, que \u00e9 o efeito colateral f\u00edsico devido a:<\/span><\/p>\n<ul>\n<li style=\"font-weight: 400;\" aria-level=\"1\"><span style=\"font-weight: 400;\">Trabalho excessivo;<\/span><\/li>\n<li style=\"font-weight: 400;\" aria-level=\"1\"><a href=\"https:\/\/www.iquilibrio.com\/blog\/terapias-alternativas\/cristaloterapia\/cristais-protecao-trabalho\/\"><span style=\"font-weight: 400;\">P\u00e9ssimas condi\u00e7\u00f5es de trabalho<\/span><\/a><span style=\"font-weight: 400;\">;<\/span><\/li>\n<li style=\"font-weight: 400;\" aria-level=\"1\"><span style=\"font-weight: 400;\">Pessoas t\u00f3xicas em ambiente di\u00e1rio;<\/span><\/li>\n<li style=\"font-weight: 400;\" aria-level=\"1\"><span style=\"font-weight: 400;\">Rotina pesada;<\/span><\/li>\n<li style=\"font-weight: 400;\" aria-level=\"1\"><span style=\"font-weight: 400;\">Alta press\u00e3o.<\/span><\/li>\n<\/ul>\n<p><span style=\"font-weight: 400;\">Pois o \u00f3leo de hortel\u00e3-pimenta \u00e9 o mais recomendado para este tratamento, e se n\u00e3o fosse o bastante, ele ativa sua a sua percep\u00e7\u00e3o, melhorando a concentra\u00e7\u00e3o e o foco.<\/span><\/p>\n<p><span style=\"font-weight: 400;\">Este \u00f3leo pode ser usado sempre, mas recomendamos intercalar com os outros, para ter sempre um perfuminho diferente!<\/span><\/p>\n<h3><span style=\"font-weight: 400;\">Vai estudar? ent\u00e3o tenha manjeric\u00e3o<\/span><\/h3>\n<p><span style=\"font-weight: 400;\">O \u00f3leo de manjeric\u00e3o \u00e9 super recomendado para quem bota a cara nos livros.<\/span><\/p>\n<p><span style=\"font-weight: 400;\">Independente de quanto tempo voc\u00ea se dedica a leitura e escrita, a concentra\u00e7\u00e3o \u00e9 necess\u00e1ria para um bom aproveitamento das novas informa\u00e7\u00f5es.<\/span><\/p>\n<p><span style=\"font-weight: 400;\">E este \u00f3leo \u00e9 o ideal para ter foco, j\u00e1 que ele ajuda a melhorar o:\u00a0<\/span><\/p>\n<ul>\n<li style=\"font-weight: 400;\" aria-level=\"1\"><a href=\"https:\/\/www.terra.com.br\/noticias\/dino\/cansaco-fisico-e-mental-quais-as-principais-causas,46747088a71ae99e8bff6d9dfa157309jdsl98ec.html\" target=\"_blank\" rel=\"noopener\"><span style=\"font-weight: 400;\">Cansa\u00e7o mental<\/span><\/a><span style=\"font-weight: 400;\">;<\/span><\/li>\n<li style=\"font-weight: 400;\" aria-level=\"1\"><span style=\"font-weight: 400;\">Equil\u00edbrio cognitivo;<\/span><\/li>\n<li style=\"font-weight: 400;\" aria-level=\"1\"><span style=\"font-weight: 400;\">Melhora dores de cabe\u00e7a.<\/span><\/li>\n<\/ul>\n<p><span style=\"font-weight: 400;\">Fora que o manjeric\u00e3o \u00e9 uma erva afrodis\u00edaca. Portanto, o uso do \u00f3leo pode aumentar a libido, despertar um clima sensual e criar uma energia sexual mais disposta.<\/span><\/p>\n<p><span style=\"font-weight: 400;\">Manjeric\u00e3o \u00e9 tudo de bom!<\/span><\/p>\n<p><span style=\"font-weight: 400;\">Contudo, os \u00f3leos essenciais para concentra\u00e7\u00e3o s\u00e3o medidas muito poderosas para melhorarmos a nossa capacidade mental.<\/span><\/p>\n<p><span style=\"font-weight: 400;\">Al\u00e9m disso, cada um traz um benef\u00edcio extra para melhorar cada vez mais a sua qualidade de vida.<\/span><\/p>\n<p><span style=\"font-weight: 400;\">E se o <\/span><a href=\"https:\/\/www.iquilibrio.com\/blog\/bem-estar\/qual-importancia-saude-mental\/\"><span style=\"font-weight: 400;\">contato mental<\/span><\/a><span style=\"font-weight: 400;\"> com as coisas ainda \u00e9 um desafio para voc\u00ea, saiba que existem medidas al\u00e9m dos \u00f3leos essenciais para foco e concentra\u00e7\u00e3o. Uma delas \u00e9 a reiki, uma pr\u00e1tica super saud\u00e1vel, e muito popular nos meios hol\u00edsticos.<\/span><\/p>\n<p><span style=\"font-weight: 400;\">Que tal fazer uma <\/span><span style=\"font-weight: 400;\">consulta com um de nossos especialistas em Reiki,<\/span><span style=\"font-weight: 400;\"> e garantir uma mente mais limpa, equilibrada e saud\u00e1vel?<\/span><\/p>\n<p style=\"text-align: center;\"><a href=\"https:\/\/www.iquilibrio.com\/reiki\/?utm_campaign=blog_conversao&amp;utm_medium=texto_cta&amp;utm_source=blog&amp;utm_content=20220810_oleos_essenciais_para_concentracao_botao_abaixo_ultimo_paragrafo\" target=\"_blank\" rel=\"noopener\"><strong><span class=\"td_btn td_btn_md td_round_btn\" style=\"background-color: #0000ff;\">Fale agora com um especialista e transforme sua vida!<\/span><\/strong><\/a><\/p>\n<hr \/>\n<p>Saiba mais sobre o poder dos \u00f3leos essenciais para concentra\u00e7\u00e3o assistindo a este v\u00eddeo:<\/p>\n<p><iframe loading=\"lazy\" title=\"Como a aromaterapia funciona? - Astrocentro\" width=\"696\" height=\"392\" src=\"https:\/\/www.youtube.com\/embed\/u9mLNB2xJP8?feature=oembed\" frameborder=\"0\" allow=\"accelerometer; autoplay; clipboard-write; encrypted-media; gyroscope; picture-in-picture\" allowfullscreen><\/iframe><\/p>\n\n\n<div class=\"kk-star-ratings kksr-auto kksr-align-left kksr-valign-bottom\"\n    data-payload='{&quot;align&quot;:&quot;left&quot;,&quot;id&quot;:&quot;36717&quot;,&quot;slug&quot;:&quot;default&quot;,&quot;valign&quot;:&quot;bottom&quot;,&quot;ignore&quot;:&quot;&quot;,&quot;reference&quot;:&quot;auto&quot;,&quot;class&quot;:&quot;&quot;,&quot;count&quot;:&quot;0&quot;,&quot;legendonly&quot;:&quot;&quot;,&quot;readonly&quot;:&quot;&quot;,&quot;score&quot;:&quot;0&quot;,&quot;starsonly&quot;:&quot;&quot;,&quot;best&quot;:&quot;5&quot;,&quot;gap&quot;:&quot;5&quot;,&quot;greet&quot;:&quot;Rate this post&quot;,&quot;legend&quot;:&quot;0\\\/5 - (0 voto)&quot;,&quot;size&quot;:&quot;24&quot;,&quot;title&quot;:&quot;\u00d3leos essenciais para concentra\u00e7\u00e3o - O poder do \u00f3leos\\u0026#x2764;&quot;,&quot;width&quot;:&quot;0&quot;,&quot;_legend&quot;:&quot;{score}\\\/{best} - ({count} {votes})&quot;,&quot;font_factor&quot;:&quot;1.25&quot;}'>\n            \n<div class=\"kksr-stars\">\n    \n<div class=\"kksr-stars-inactive\">\n            <div class=\"kksr-star\" data-star=\"1\" style=\"padding-right: 5px\">\n            \n\n<div class=\"kksr-icon\" style=\"width: 24px; height: 24px;\"><\/div>\n        <\/div>\n            <div class=\"kksr-star\" data-star=\"2\" style=\"padding-right: 5px\">\n            \n\n<div class=\"kksr-icon\" style=\"width: 24px; height: 24px;\"><\/div>\n        <\/div>\n            <div class=\"kksr-star\" data-star=\"3\" style=\"padding-right: 5px\">\n            \n\n<div class=\"kksr-icon\" style=\"width: 24px; height: 24px;\"><\/div>\n        <\/div>\n            <div class=\"kksr-star\" data-star=\"4\" style=\"padding-right: 5px\">\n            \n\n<div class=\"kksr-icon\" style=\"width: 24px; height: 24px;\"><\/div>\n        <\/div>\n            <div class=\"kksr-star\" data-star=\"5\" style=\"padding-right: 5px\">\n            \n\n<div class=\"kksr-icon\" style=\"width: 24px; height: 24px;\"><\/div>\n        <\/div>\n    <\/div>\n    \n<div class=\"kksr-stars-active\" style=\"width: 0px;\">\n            <div class=\"kksr-star\" style=\"padding-right: 5px\">\n            \n\n<div class=\"kksr-icon\" style=\"width: 24px; height: 24px;\"><\/div>\n        <\/div>\n            <div class=\"kksr-star\" style=\"padding-right: 5px\">\n            \n\n<div class=\"kksr-icon\" style=\"width: 24px; height: 24px;\"><\/div>\n        <\/div>\n            <div class=\"kksr-star\" style=\"padding-right: 5px\">\n            \n\n<div class=\"kksr-icon\" style=\"width: 24px; height: 24px;\"><\/div>\n        <\/div>\n            <div class=\"kksr-star\" style=\"padding-right: 5px\">\n            \n\n<div class=\"kksr-icon\" style=\"width: 24px; height: 24px;\"><\/div>\n        <\/div>\n            <div class=\"kksr-star\" style=\"padding-right: 5px\">\n            \n\n<div class=\"kksr-icon\" style=\"width: 24px; height: 24px;\"><\/div>\n        <\/div>\n    <\/div>\n<\/div>\n                \n\n<div class=\"kksr-legend\" style=\"font-size: 19.2px;\">\n            <span class=\"kksr-muted\">Rate this post<\/span>\n    <\/div>\n    <\/div>\n","protected":false},"excerpt":{"rendered":"<p>Hoje n\u00f3s iremos mostrar algumas op\u00e7\u00f5es naturais de ter foco! Pois com os \u00f3leos essenciais para concentra\u00e7\u00e3o, voc\u00ea al\u00e9m de linda e cheirosa, ir\u00e1 despertar o instinto natural da concentra\u00e7\u00e3o. \u00cdndice &#8211; \u00d3leos essenciais para concentra\u00e7\u00e3o Igualmente, as ervas que tem o aroma e propriedades para lhe fornecer esse bem. Contudo, vamos te apresentar essas [&hellip;]<\/p>\n","protected":false},"author":158,"featured_media":36716,"comment_status":"closed","ping_status":"closed","sticky":false,"template":"","format":"standard","meta":{"footnotes":""},"categories":[514],"tags":[],"class_list":["post-36717","post","type-post","status-publish","format-standard","has-post-thumbnail","hentry","category-aromaterapia"],"yoast_head":"<!-- This site is optimized with the Yoast SEO plugin v27.4 - https:\/\/yoast.com\/product\/yoast-seo-wordpress\/ -->\n<title>\u00d3leos essenciais para concentra\u00e7\u00e3o - tenha foco no seu dia-a-dia<\/title>\n<meta name=\"description\" content=\"Sabia que existem \u00f3leos essenciais para concentra\u00e7\u00e3o que podem nos ajudar a melhorar nosso desempenho no dia a dia? Saiba mais aqui!\" \/>\n<meta name=\"robots\" content=\"index, follow, max-snippet:-1, max-image-preview:large, max-video-preview:-1\" \/>\n<link rel=\"canonical\" href=\"https:\/\/www.iquilibrio.com\/blog\/terapias-alternativas\/aromaterapia\/oleos-essenciais-para-concentracao\/\" \/>\n<meta property=\"og:locale\" content=\"pt_BR\" \/>\n<meta property=\"og:type\" content=\"article\" \/>\n<meta property=\"og:title\" content=\"\u00d3leos essenciais para concentra\u00e7\u00e3o - tenha foco no seu dia-a-dia\" \/>\n<meta property=\"og:description\" content=\"Sabia que existem \u00f3leos essenciais para concentra\u00e7\u00e3o que podem nos ajudar a melhorar nosso desempenho no dia a dia? Saiba mais aqui!\" \/>\n<meta property=\"og:url\" content=\"https:\/\/www.iquilibrio.com\/blog\/terapias-alternativas\/aromaterapia\/oleos-essenciais-para-concentracao\/\" \/>\n<meta property=\"og:site_name\" content=\"iQuilibrio\" \/>\n<meta property=\"article:publisher\" content=\"https:\/\/www.facebook.com\/iQuilibrio\/\" \/>\n<meta property=\"article:published_time\" content=\"2022-08-10T21:00:49+00:00\" \/>\n<meta property=\"article:modified_time\" content=\"2022-08-16T14:38:47+00:00\" \/>\n<meta property=\"og:image\" content=\"https:\/\/www.iquilibrio.com\/blog\/wp-content\/uploads\/2022\/08\/Oleos-essenciais-para-concentracao.jpg\" \/>\n\t<meta property=\"og:image:width\" content=\"900\" \/>\n\t<meta property=\"og:image:height\" content=\"560\" \/>\n\t<meta property=\"og:image:type\" content=\"image\/jpeg\" \/>\n<meta name=\"author\" content=\"Arthur Peroni\" \/>\n<meta name=\"twitter:card\" content=\"summary_large_image\" \/>\n<meta name=\"twitter:creator\" content=\"@iquilibrio\" \/>\n<meta name=\"twitter:site\" content=\"@iquilibrio\" \/>\n<meta name=\"twitter:label1\" content=\"Escrito por\" \/>\n\t<meta name=\"twitter:data1\" content=\"Arthur Peroni\" \/>\n\t<meta name=\"twitter:label2\" content=\"Est. tempo de leitura\" \/>\n\t<meta name=\"twitter:data2\" content=\"6 minutos\" \/>\n<script type=\"application\/ld+json\" class=\"yoast-schema-graph\">{\"@context\":\"https:\\\/\\\/schema.org\",\"@graph\":[{\"@type\":\"Article\",\"@id\":\"https:\\\/\\\/www.iquilibrio.com\\\/blog\\\/terapias-alternativas\\\/aromaterapia\\\/oleos-essenciais-para-concentracao\\\/#article\",\"isPartOf\":{\"@id\":\"https:\\\/\\\/www.iquilibrio.com\\\/blog\\\/terapias-alternativas\\\/aromaterapia\\\/oleos-essenciais-para-concentracao\\\/\"},\"author\":{\"name\":\"Arthur Peroni\",\"@id\":\"https:\\\/\\\/www.iquilibrio.com\\\/blog\\\/#\\\/schema\\\/person\\\/21ae990723c2e5a1170c9a06dacb4d3d\"},\"headline\":\"\u00d3leos essenciais para concentra\u00e7\u00e3o &#8211; O poder do \u00f3leos&#x2764;\",\"datePublished\":\"2022-08-10T21:00:49+00:00\",\"dateModified\":\"2022-08-16T14:38:47+00:00\",\"mainEntityOfPage\":{\"@id\":\"https:\\\/\\\/www.iquilibrio.com\\\/blog\\\/terapias-alternativas\\\/aromaterapia\\\/oleos-essenciais-para-concentracao\\\/\"},\"wordCount\":1155,\"publisher\":{\"@id\":\"https:\\\/\\\/www.iquilibrio.com\\\/blog\\\/#organization\"},\"image\":{\"@id\":\"https:\\\/\\\/www.iquilibrio.com\\\/blog\\\/terapias-alternativas\\\/aromaterapia\\\/oleos-essenciais-para-concentracao\\\/#primaryimage\"},\"thumbnailUrl\":\"https:\\\/\\\/www.iquilibrio.com\\\/blog\\\/wp-content\\\/uploads\\\/2022\\\/08\\\/Oleos-essenciais-para-concentracao.jpg\",\"articleSection\":[\"Aromaterapia\"],\"inLanguage\":\"pt-BR\"},{\"@type\":\"WebPage\",\"@id\":\"https:\\\/\\\/www.iquilibrio.com\\\/blog\\\/terapias-alternativas\\\/aromaterapia\\\/oleos-essenciais-para-concentracao\\\/\",\"url\":\"https:\\\/\\\/www.iquilibrio.com\\\/blog\\\/terapias-alternativas\\\/aromaterapia\\\/oleos-essenciais-para-concentracao\\\/\",\"name\":\"\u00d3leos essenciais para concentra\u00e7\u00e3o - tenha foco no seu dia-a-dia\",\"isPartOf\":{\"@id\":\"https:\\\/\\\/www.iquilibrio.com\\\/blog\\\/#website\"},\"primaryImageOfPage\":{\"@id\":\"https:\\\/\\\/www.iquilibrio.com\\\/blog\\\/terapias-alternativas\\\/aromaterapia\\\/oleos-essenciais-para-concentracao\\\/#primaryimage\"},\"image\":{\"@id\":\"https:\\\/\\\/www.iquilibrio.com\\\/blog\\\/terapias-alternativas\\\/aromaterapia\\\/oleos-essenciais-para-concentracao\\\/#primaryimage\"},\"thumbnailUrl\":\"https:\\\/\\\/www.iquilibrio.com\\\/blog\\\/wp-content\\\/uploads\\\/2022\\\/08\\\/Oleos-essenciais-para-concentracao.jpg\",\"datePublished\":\"2022-08-10T21:00:49+00:00\",\"dateModified\":\"2022-08-16T14:38:47+00:00\",\"description\":\"Sabia que existem \u00f3leos essenciais para concentra\u00e7\u00e3o que podem nos ajudar a melhorar nosso desempenho no dia a dia? Saiba mais aqui!\",\"breadcrumb\":{\"@id\":\"https:\\\/\\\/www.iquilibrio.com\\\/blog\\\/terapias-alternativas\\\/aromaterapia\\\/oleos-essenciais-para-concentracao\\\/#breadcrumb\"},\"inLanguage\":\"pt-BR\",\"potentialAction\":[{\"@type\":\"ReadAction\",\"target\":[\"https:\\\/\\\/www.iquilibrio.com\\\/blog\\\/terapias-alternativas\\\/aromaterapia\\\/oleos-essenciais-para-concentracao\\\/\"]}]},{\"@type\":\"ImageObject\",\"inLanguage\":\"pt-BR\",\"@id\":\"https:\\\/\\\/www.iquilibrio.com\\\/blog\\\/terapias-alternativas\\\/aromaterapia\\\/oleos-essenciais-para-concentracao\\\/#primaryimage\",\"url\":\"https:\\\/\\\/www.iquilibrio.com\\\/blog\\\/wp-content\\\/uploads\\\/2022\\\/08\\\/Oleos-essenciais-para-concentracao.jpg\",\"contentUrl\":\"https:\\\/\\\/www.iquilibrio.com\\\/blog\\\/wp-content\\\/uploads\\\/2022\\\/08\\\/Oleos-essenciais-para-concentracao.jpg\",\"width\":900,\"height\":560,\"caption\":\"\u00d3leos essenciais para concentra\u00e7\u00e3o\"},{\"@type\":\"BreadcrumbList\",\"@id\":\"https:\\\/\\\/www.iquilibrio.com\\\/blog\\\/terapias-alternativas\\\/aromaterapia\\\/oleos-essenciais-para-concentracao\\\/#breadcrumb\",\"itemListElement\":[{\"@type\":\"ListItem\",\"position\":1,\"name\":\"In\u00edcio\",\"item\":\"https:\\\/\\\/www.iquilibrio.com\\\/blog\\\/\"},{\"@type\":\"ListItem\",\"position\":2,\"name\":\"\u00d3leos essenciais para concentra\u00e7\u00e3o &#8211; O poder do \u00f3leos&#x2764;\"}]},{\"@type\":\"WebSite\",\"@id\":\"https:\\\/\\\/www.iquilibrio.com\\\/blog\\\/#website\",\"url\":\"https:\\\/\\\/www.iquilibrio.com\\\/blog\\\/\",\"name\":\"iQuilibrio\",\"description\":\"Blog iQuilibrio\",\"publisher\":{\"@id\":\"https:\\\/\\\/www.iquilibrio.com\\\/blog\\\/#organization\"},\"potentialAction\":[{\"@type\":\"SearchAction\",\"target\":{\"@type\":\"EntryPoint\",\"urlTemplate\":\"https:\\\/\\\/www.iquilibrio.com\\\/blog\\\/?s={search_term_string}\"},\"query-input\":{\"@type\":\"PropertyValueSpecification\",\"valueRequired\":true,\"valueName\":\"search_term_string\"}}],\"inLanguage\":\"pt-BR\"},{\"@type\":\"Organization\",\"@id\":\"https:\\\/\\\/www.iquilibrio.com\\\/blog\\\/#organization\",\"name\":\"Esoterismo, Misticismo e Tarot Online - iQuilibrio\",\"url\":\"https:\\\/\\\/www.iquilibrio.com\\\/blog\\\/\",\"logo\":{\"@type\":\"ImageObject\",\"inLanguage\":\"pt-BR\",\"@id\":\"https:\\\/\\\/www.iquilibrio.com\\\/blog\\\/#\\\/schema\\\/logo\\\/image\\\/\",\"url\":\"https:\\\/\\\/www.iquilibrio.com\\\/blog\\\/wp-content\\\/uploads\\\/2018\\\/12\\\/iquilibrio_lovo_vetor_preto-retina.png\",\"contentUrl\":\"https:\\\/\\\/www.iquilibrio.com\\\/blog\\\/wp-content\\\/uploads\\\/2018\\\/12\\\/iquilibrio_lovo_vetor_preto-retina.png\",\"width\":972,\"height\":180,\"caption\":\"Esoterismo, Misticismo e Tarot Online - iQuilibrio\"},\"image\":{\"@id\":\"https:\\\/\\\/www.iquilibrio.com\\\/blog\\\/#\\\/schema\\\/logo\\\/image\\\/\"},\"sameAs\":[\"https:\\\/\\\/www.facebook.com\\\/iQuilibrio\\\/\",\"https:\\\/\\\/x.com\\\/iquilibrio\",\"https:\\\/\\\/www.instagram.com\\\/iquilibrio\\\/\",\"https:\\\/\\\/www.linkedin.com\\\/company\\\/iquilibrio\\\/\",\"https:\\\/\\\/br.pinterest.com\\\/iquilibrio1397\\\/\",\"https:\\\/\\\/www.youtube.com\\\/channel\\\/UC175qxd-4Zsi4wzawT5zF2g\"]},{\"@type\":\"Person\",\"@id\":\"https:\\\/\\\/www.iquilibrio.com\\\/blog\\\/#\\\/schema\\\/person\\\/21ae990723c2e5a1170c9a06dacb4d3d\",\"name\":\"Arthur Peroni\",\"image\":{\"@type\":\"ImageObject\",\"inLanguage\":\"pt-BR\",\"@id\":\"https:\\\/\\\/www.iquilibrio.com\\\/blog\\\/wp-content\\\/uploads\\\/2023\\\/04\\\/Arthur-Peroni-150x150.jpg\",\"url\":\"https:\\\/\\\/www.iquilibrio.com\\\/blog\\\/wp-content\\\/uploads\\\/2023\\\/04\\\/Arthur-Peroni-150x150.jpg\",\"contentUrl\":\"https:\\\/\\\/www.iquilibrio.com\\\/blog\\\/wp-content\\\/uploads\\\/2023\\\/04\\\/Arthur-Peroni-150x150.jpg\",\"caption\":\"Arthur Peroni\"},\"description\":\"Arthur Peroni escreve sobre a vida, o universo e tudo mais. Amante da literatura m\u00edstica, e fic\u00e7\u00e3o, descobriu sua carreira de redator gra\u00e7as ao h\u00e1bito de leitura constante sobre fantasia e drama. Nas horas vagas, gosta de cozinhar, ler e ver filmes antigos. J\u00e1 trabalhou com, comunica\u00e7\u00e3o social, massoterapia, terapias hol\u00edsticas e design de interiores. Atualmente trabalha como redator SEO e se entusiasma com tudo o que \u00e9 esot\u00e9rico. Gosta de discutir sobre assuntos complexos e instigantes, e v\u00ea na escrita uma oportunidade de aprender e criar todos os dias, mentalmente e espiritualmente.\",\"url\":\"https:\\\/\\\/www.iquilibrio.com\\\/blog\\\/author\\\/raul-vinicius\\\/\"}]}<\/script>\n<!-- \/ Yoast SEO plugin. -->","yoast_head_json":{"title":"\u00d3leos essenciais para concentra\u00e7\u00e3o - tenha foco no seu dia-a-dia","description":"Sabia que existem \u00f3leos essenciais para concentra\u00e7\u00e3o que podem nos ajudar a melhorar nosso desempenho no dia a dia? Saiba mais aqui!","robots":{"index":"index","follow":"follow","max-snippet":"max-snippet:-1","max-image-preview":"max-image-preview:large","max-video-preview":"max-video-preview:-1"},"canonical":"https:\/\/www.iquilibrio.com\/blog\/terapias-alternativas\/aromaterapia\/oleos-essenciais-para-concentracao\/","og_locale":"pt_BR","og_type":"article","og_title":"\u00d3leos essenciais para concentra\u00e7\u00e3o - tenha foco no seu dia-a-dia","og_description":"Sabia que existem \u00f3leos essenciais para concentra\u00e7\u00e3o que podem nos ajudar a melhorar nosso desempenho no dia a dia? Saiba mais aqui!","og_url":"https:\/\/www.iquilibrio.com\/blog\/terapias-alternativas\/aromaterapia\/oleos-essenciais-para-concentracao\/","og_site_name":"iQuilibrio","article_publisher":"https:\/\/www.facebook.com\/iQuilibrio\/","article_published_time":"2022-08-10T21:00:49+00:00","article_modified_time":"2022-08-16T14:38:47+00:00","og_image":[{"width":900,"height":560,"url":"https:\/\/www.iquilibrio.com\/blog\/wp-content\/uploads\/2022\/08\/Oleos-essenciais-para-concentracao.jpg","type":"image\/jpeg"}],"author":"Arthur Peroni","twitter_card":"summary_large_image","twitter_creator":"@iquilibrio","twitter_site":"@iquilibrio","twitter_misc":{"Escrito por":"Arthur Peroni","Est. tempo de leitura":"6 minutos"},"schema":{"@context":"https:\/\/schema.org","@graph":[{"@type":"Article","@id":"https:\/\/www.iquilibrio.com\/blog\/terapias-alternativas\/aromaterapia\/oleos-essenciais-para-concentracao\/#article","isPartOf":{"@id":"https:\/\/www.iquilibrio.com\/blog\/terapias-alternativas\/aromaterapia\/oleos-essenciais-para-concentracao\/"},"author":{"name":"Arthur Peroni","@id":"https:\/\/www.iquilibrio.com\/blog\/#\/schema\/person\/21ae990723c2e5a1170c9a06dacb4d3d"},"headline":"\u00d3leos essenciais para concentra\u00e7\u00e3o &#8211; O poder do \u00f3leos&#x2764;","datePublished":"2022-08-10T21:00:49+00:00","dateModified":"2022-08-16T14:38:47+00:00","mainEntityOfPage":{"@id":"https:\/\/www.iquilibrio.com\/blog\/terapias-alternativas\/aromaterapia\/oleos-essenciais-para-concentracao\/"},"wordCount":1155,"publisher":{"@id":"https:\/\/www.iquilibrio.com\/blog\/#organization"},"image":{"@id":"https:\/\/www.iquilibrio.com\/blog\/terapias-alternativas\/aromaterapia\/oleos-essenciais-para-concentracao\/#primaryimage"},"thumbnailUrl":"https:\/\/www.iquilibrio.com\/blog\/wp-content\/uploads\/2022\/08\/Oleos-essenciais-para-concentracao.jpg","articleSection":["Aromaterapia"],"inLanguage":"pt-BR"},{"@type":"WebPage","@id":"https:\/\/www.iquilibrio.com\/blog\/terapias-alternativas\/aromaterapia\/oleos-essenciais-para-concentracao\/","url":"https:\/\/www.iquilibrio.com\/blog\/terapias-alternativas\/aromaterapia\/oleos-essenciais-para-concentracao\/","name":"\u00d3leos essenciais para concentra\u00e7\u00e3o - tenha foco no seu dia-a-dia","isPartOf":{"@id":"https:\/\/www.iquilibrio.com\/blog\/#website"},"primaryImageOfPage":{"@id":"https:\/\/www.iquilibrio.com\/blog\/terapias-alternativas\/aromaterapia\/oleos-essenciais-para-concentracao\/#primaryimage"},"image":{"@id":"https:\/\/www.iquilibrio.com\/blog\/terapias-alternativas\/aromaterapia\/oleos-essenciais-para-concentracao\/#primaryimage"},"thumbnailUrl":"https:\/\/www.iquilibrio.com\/blog\/wp-content\/uploads\/2022\/08\/Oleos-essenciais-para-concentracao.jpg","datePublished":"2022-08-10T21:00:49+00:00","dateModified":"2022-08-16T14:38:47+00:00","description":"Sabia que existem \u00f3leos essenciais para concentra\u00e7\u00e3o que podem nos ajudar a melhorar nosso desempenho no dia a dia? Saiba mais aqui!","breadcrumb":{"@id":"https:\/\/www.iquilibrio.com\/blog\/terapias-alternativas\/aromaterapia\/oleos-essenciais-para-concentracao\/#breadcrumb"},"inLanguage":"pt-BR","potentialAction":[{"@type":"ReadAction","target":["https:\/\/www.iquilibrio.com\/blog\/terapias-alternativas\/aromaterapia\/oleos-essenciais-para-concentracao\/"]}]},{"@type":"ImageObject","inLanguage":"pt-BR","@id":"https:\/\/www.iquilibrio.com\/blog\/terapias-alternativas\/aromaterapia\/oleos-essenciais-para-concentracao\/#primaryimage","url":"https:\/\/www.iquilibrio.com\/blog\/wp-content\/uploads\/2022\/08\/Oleos-essenciais-para-concentracao.jpg","contentUrl":"https:\/\/www.iquilibrio.com\/blog\/wp-content\/uploads\/2022\/08\/Oleos-essenciais-para-concentracao.jpg","width":900,"height":560,"caption":"\u00d3leos essenciais para concentra\u00e7\u00e3o"},{"@type":"BreadcrumbList","@id":"https:\/\/www.iquilibrio.com\/blog\/terapias-alternativas\/aromaterapia\/oleos-essenciais-para-concentracao\/#breadcrumb","itemListElement":[{"@type":"ListItem","position":1,"name":"In\u00edcio","item":"https:\/\/www.iquilibrio.com\/blog\/"},{"@type":"ListItem","position":2,"name":"\u00d3leos essenciais para concentra\u00e7\u00e3o &#8211; O poder do \u00f3leos&#x2764;"}]},{"@type":"WebSite","@id":"https:\/\/www.iquilibrio.com\/blog\/#website","url":"https:\/\/www.iquilibrio.com\/blog\/","name":"iQuilibrio","description":"Blog iQuilibrio","publisher":{"@id":"https:\/\/www.iquilibrio.com\/blog\/#organization"},"potentialAction":[{"@type":"SearchAction","target":{"@type":"EntryPoint","urlTemplate":"https:\/\/www.iquilibrio.com\/blog\/?s={search_term_string}"},"query-input":{"@type":"PropertyValueSpecification","valueRequired":true,"valueName":"search_term_string"}}],"inLanguage":"pt-BR"},{"@type":"Organization","@id":"https:\/\/www.iquilibrio.com\/blog\/#organization","name":"Esoterismo, Misticismo e Tarot Online - iQuilibrio","url":"https:\/\/www.iquilibrio.com\/blog\/","logo":{"@type":"ImageObject","inLanguage":"pt-BR","@id":"https:\/\/www.iquilibrio.com\/blog\/#\/schema\/logo\/image\/","url":"https:\/\/www.iquilibrio.com\/blog\/wp-content\/uploads\/2018\/12\/iquilibrio_lovo_vetor_preto-retina.png","contentUrl":"https:\/\/www.iquilibrio.com\/blog\/wp-content\/uploads\/2018\/12\/iquilibrio_lovo_vetor_preto-retina.png","width":972,"height":180,"caption":"Esoterismo, Misticismo e Tarot Online - iQuilibrio"},"image":{"@id":"https:\/\/www.iquilibrio.com\/blog\/#\/schema\/logo\/image\/"},"sameAs":["https:\/\/www.facebook.com\/iQuilibrio\/","https:\/\/x.com\/iquilibrio","https:\/\/www.instagram.com\/iquilibrio\/","https:\/\/www.linkedin.com\/company\/iquilibrio\/","https:\/\/br.pinterest.com\/iquilibrio1397\/","https:\/\/www.youtube.com\/channel\/UC175qxd-4Zsi4wzawT5zF2g"]},{"@type":"Person","@id":"https:\/\/www.iquilibrio.com\/blog\/#\/schema\/person\/21ae990723c2e5a1170c9a06dacb4d3d","name":"Arthur Peroni","image":{"@type":"ImageObject","inLanguage":"pt-BR","@id":"https:\/\/www.iquilibrio.com\/blog\/wp-content\/uploads\/2023\/04\/Arthur-Peroni-150x150.jpg","url":"https:\/\/www.iquilibrio.com\/blog\/wp-content\/uploads\/2023\/04\/Arthur-Peroni-150x150.jpg","contentUrl":"https:\/\/www.iquilibrio.com\/blog\/wp-content\/uploads\/2023\/04\/Arthur-Peroni-150x150.jpg","caption":"Arthur Peroni"},"description":"Arthur Peroni escreve sobre a vida, o universo e tudo mais. Amante da literatura m\u00edstica, e fic\u00e7\u00e3o, descobriu sua carreira de redator gra\u00e7as ao h\u00e1bito de leitura constante sobre fantasia e drama. Nas horas vagas, gosta de cozinhar, ler e ver filmes antigos. J\u00e1 trabalhou com, comunica\u00e7\u00e3o social, massoterapia, terapias hol\u00edsticas e design de interiores. Atualmente trabalha como redator SEO e se entusiasma com tudo o que \u00e9 esot\u00e9rico. Gosta de discutir sobre assuntos complexos e instigantes, e v\u00ea na escrita uma oportunidade de aprender e criar todos os dias, mentalmente e espiritualmente.","url":"https:\/\/www.iquilibrio.com\/blog\/author\/raul-vinicius\/"}]}},"_links":{"self":[{"href":"https:\/\/www.iquilibrio.com\/blog\/wp-json\/wp\/v2\/posts\/36717","targetHints":{"allow":["GET"]}}],"collection":[{"href":"https:\/\/www.iquilibrio.com\/blog\/wp-json\/wp\/v2\/posts"}],"about":[{"href":"https:\/\/www.iquilibrio.com\/blog\/wp-json\/wp\/v2\/types\/post"}],"author":[{"embeddable":true,"href":"https:\/\/www.iquilibrio.com\/blog\/wp-json\/wp\/v2\/users\/158"}],"replies":[{"embeddable":true,"href":"https:\/\/www.iquilibrio.com\/blog\/wp-json\/wp\/v2\/comments?post=36717"}],"version-history":[{"count":4,"href":"https:\/\/www.iquilibrio.com\/blog\/wp-json\/wp\/v2\/posts\/36717\/revisions"}],"predecessor-version":[{"id":36818,"href":"https:\/\/www.iquilibrio.com\/blog\/wp-json\/wp\/v2\/posts\/36717\/revisions\/36818"}],"wp:featuredmedia":[{"embeddable":true,"href":"https:\/\/www.iquilibrio.com\/blog\/wp-json\/wp\/v2\/media\/36716"}],"wp:attachment":[{"href":"https:\/\/www.iquilibrio.com\/blog\/wp-json\/wp\/v2\/media?parent=36717"}],"wp:term":[{"taxonomy":"category","embeddable":true,"href":"https:\/\/www.iquilibrio.com\/blog\/wp-json\/wp\/v2\/categories?post=36717"},{"taxonomy":"post_tag","embeddable":true,"href":"https:\/\/www.iquilibrio.com\/blog\/wp-json\/wp\/v2\/tags?post=36717"}],"curies":[{"name":"wp","href":"https:\/\/api.w.org\/{rel}","templated":true}]}}