{"id":36281,"date":"2022-07-13T15:09:48","date_gmt":"2022-07-13T18:09:48","guid":{"rendered":"https:\/\/www.iquilibrio.com\/blog\/?p=36281"},"modified":"2022-07-13T16:02:12","modified_gmt":"2022-07-13T19:02:12","slug":"james-webb","status":"publish","type":"post","link":"https:\/\/www.iquilibrio.com\/blog\/bem-estar\/autoconhecimento\/james-webb\/","title":{"rendered":"James Webb e o sentido de nossa exist\u00eancia &#x1f30c;"},"content":{"rendered":"<p><span style=\"font-weight: 400;\">Desde ontem 12\/07\/2022 estamos vendo a internet &#8220;bombar&#8221; com as imagens produzidas pelo novo \u201cxod\u00f3\u201d da NASA, o Telesc\u00f3pio <\/span><b>James Webb <\/b><span style=\"font-weight: 400;\">que custou mais de 10 bilh\u00f5es de d\u00f3lares, tem quase 7 metros de di\u00e2metro e foi colocado por n\u00f3s, mais longe do que a Lua, a um milh\u00e3o e quinhentos mil quil\u00f4metros da Terra. S\u00f3 para compara\u00e7\u00e3o, a Lua est\u00e1 a 357 mil quil\u00f4metros da Terra.\u00a0<\/span><\/p>\n<h2><span style=\"font-weight: 400;\">\u00cdndice &#8211; James Webb<\/span><\/h2>\n<p><span style=\"font-weight: 400;\">O <\/span><b>Telesc\u00f3pio James Webb<\/b><span style=\"font-weight: 400;\"> tem espelhos feitos de um metal muito male\u00e1vel, o Ber\u00edlio, que n\u00e3o sofre varia\u00e7\u00f5es em temperaturas de -200 graus que \u00e9 a temperatura que o Telesc\u00f3pio precisa operar, j\u00e1 que capta imagens no infravermelho. Al\u00e9m disso, esses espelhos de Ber\u00edlio, s\u00e3o revestidos com uma fin\u00edssima camada de ouro, que consegue captar com perfei\u00e7\u00e3o o infravermelho das estrelas.\u00a0<\/span><\/p>\n<p><span style=\"font-weight: 400;\">A capacidade deste Telesc\u00f3pio \u00e9 maior do que a do <\/span><b>Telesc\u00f3pio Hubble<\/b><span style=\"font-weight: 400;\">, pois pode registrar imagens de estrelas e gal\u00e1xias que surgiram no in\u00edcio do universo, ou seja, coisas que existiram h\u00e1 14 bilh\u00f5es de anos atr\u00e1s. As imagens que vimos sendo divulgadas s\u00e3o de regi\u00f5es muito distantes de n\u00f3s.\u00a0<\/span><\/p>\n<h2><span style=\"font-weight: 400;\">Apenas um gr\u00e3o de areia no meio da imensid\u00e3o! &#8211; James Webb<\/span><\/h2>\n<p><span style=\"font-weight: 400;\">Para compara\u00e7\u00e3o: se a Terra pudesse viajar na velocidade da luz, levar\u00edamos 8 minutos para chegar at\u00e9 o Sol, contudo, se viaj\u00e1ssemos na velocidade da luz at\u00e9 um dos lugares fotografados pelo <\/span><b>James Webb<\/b><span style=\"font-weight: 400;\">, levar\u00edamos mais de 10 bilh\u00f5es de anos para chegar l\u00e1.\u00a0<\/span><\/p>\n<p><span style=\"font-weight: 400;\">O tamanho da regi\u00e3o fotografada pelo <\/span><b>Telesc\u00f3pio James Webb<\/b><span style=\"font-weight: 400;\">, pode ser comparado ao tamanho de <a href=\"https:\/\/g1.globo.com\/ciencia\/noticia\/2022\/07\/13\/james-webb-veja-em-infograficos-o-que-revelam-as-fotos-do-supertelescopio.ghtml\" target=\"_blank\" rel=\"noopener\">um gr\u00e3o de areia \u00e0 dist\u00e2ncia de um bra\u00e7o dos nossos olhos<\/a>, simplesmente n\u00e3o conseguimos enxergar. Na regi\u00e3o, foram encontrados ber\u00e7\u00e1rios de estrelas novas, nuvens de poeira de estrelas que j\u00e1 morreram, e outras gal\u00e1xias lind\u00edssimas.\u00a0<\/span><\/p>\n<p><span style=\"font-weight: 400;\">Ou seja, se dentro de uma regi\u00e3o do tamanho de um gr\u00e3o de areia existe tudo isso, qual \u00e9 o nosso tamanho em compara\u00e7\u00e3o? Diante de fatos t\u00e3o grandiosos, somos \u00ednfimos, e at\u00e9 insignificantes diante de todo o esplendor e a grandeza do universo.\u00a0<\/span><\/p>\n<p style=\"text-align: center;\"><a href=\"https:\/\/www.iquilibrio.com\/esotericos\/?utm_campaign=blog_conversao&amp;utm_medium=texto_cta&amp;utm_source=blog&amp;utm_content=20220713_james_webb_segundo_subtitulo_ultimo_paragrafo\" target=\"_blank\" rel=\"noopener\"><span class=\"td_btn td_btn_md td_default_btn td_round_btn\" style=\"background-color: #0000ff;\">Quer entender o esplendor do universo e entrar em conjun\u00e7\u00e3o com ele? Fa\u00e7a isso agora mesmo!<\/span><\/a><\/p>\n<h2><span style=\"font-weight: 400;\">Voc\u00ea j\u00e1 pensou qual \u00e9 o nosso real valor? &#8211; James Webb<\/span><\/h2>\n<p><span style=\"font-weight: 400;\">No entanto, podemos refletir sobre o nosso verdadeiro valor e a nossa miss\u00e3o aqui na Terra, que h\u00e1 muito tempo \u00e9 conhecida como um P\u00e1lido Ponto Azul, pois \u00e9 dessa forma que somos vistos \u201cl\u00e1 de fora\u201d. Apesar de sermos pequenos, podemos com certeza nos considerar o microcosmo do macrocosmo, ideia muito usada no <a href=\"https:\/\/www.iquilibrio.com\/blog\/bem-estar\/o-que-significa-yoga\/\">Yoga<\/a>, na <a href=\"https:\/\/www.iquilibrio.com\/blog\/bem-estar\/ayurveda-para-iniciantes\/\">Ayurveda<\/a>, e no Vedanta.\u00a0<\/span><\/p>\n<p><span style=\"font-weight: 400;\">Reconhecer que fazemos parte de algo que de t\u00e3o grande se torna imensur\u00e1vel, n\u00e3o deve nos desanimar quanto \u00e0 nossa import\u00e2ncia, mas sim nos motivar a viver cada dia com muito amor, respeito, e em busca da compreens\u00e3o e eleva\u00e7\u00e3o de nossa consci\u00eancia.\u00a0<\/span><\/p>\n<h2><span style=\"font-weight: 400;\">O nome disso \u00e9 amor imensur\u00e1vel<\/span><\/h2>\n<p><span style=\"font-weight: 400;\">As fotos do universo que o Telesc\u00f3pio <\/span><b>James Webb<\/b><span style=\"font-weight: 400;\"> revelou, vem nos mostrar que simplesmente n\u00e3o vale a pena pensar em maldades ao nosso pr\u00f3ximo, n\u00e3o vale a pena alimentar \u00f3dio e inveja; investir em guerras, e muito menos se encher de ego\u00edsmos.\u00a0<\/span><\/p>\n<p><span style=\"font-weight: 400;\">O bem mais importante que temos \u00e9 a vida, e principalmente a vida do nosso pr\u00f3ximo. Plantar bondade e espalhar amor por onde a gente passa, faz com que possamos colher durante a nossa vida, todas as boas energias que faz essas lindas grandezas que vimos nas fotos acontecerem.<\/span><\/p>\n<p><span style=\"font-weight: 400;\">As<\/span><b> fotos do universo<\/b><span style=\"font-weight: 400;\"> representam a pura Shakti, ou seja, a energia primor que sustenta e movimenta toda a exist\u00eancia e seus ciclos, todos os movimentos de nascimento e fim das estrelas e de nossos corpos, nossa alma se acende diante dessa grandeza quando decidimos focar nossos olhos, mente e cora\u00e7\u00e3o naquilo que \u00e9 bom e puro, naquilo que \u00e9 amor benevol\u00eancia.\u00a0<\/span><\/p>\n<p style=\"text-align: center;\"><a href=\"https:\/\/www.iquilibrio.com\/radiestesia\/?utm_campaign=blog_conversao&amp;utm_medium=texto_cta&amp;utm_source=blog&amp;utm_content=20220713_james_webb_quarto_subtitulo_ultimo_paragrafo\" target=\"_blank\" rel=\"noopener\"><span class=\"td_btn td_btn_md td_round_btn\" style=\"background-color: #0000ff;\">A energia do universo movimenta a vida. Receba as melhores orienta\u00e7\u00f5es agora!<\/span><\/a><\/p>\n<h2><span style=\"font-weight: 400;\">Fa\u00e7a o seu caminho de luz e justi\u00e7a!<\/span><\/h2>\n<p><span style=\"font-weight: 400;\">Por isso sempre prezamos nesse blog o seu contato com o autoconhecimento, e tamb\u00e9m com as terapias hol\u00edsticas, pois \u00e9 atrav\u00e9s dessas ferramentas que podemos entrar em contato e compreender todo o poder que nos cerca, e usar isso em nosso favor. O universo \u00e9 feito de energia e amor, e podemos canalizar isso para viver com plenitude em todos os aspectos que envolve a vida humana.\u00a0<\/span><\/p>\n<p><span style=\"font-weight: 400;\">Por isso, ao ver essas fotos, reflita sobre o que voc\u00ea tem feito, e qual \u00e9 o seu objetivo\/destino. Assim poderemos criar um caminho de luz para nossos p\u00e9s, que devem sempre estar firmados no amor, o amor que produziu tudo o que o <\/span><b>James Webb<\/b><span style=\"font-weight: 400;\"> registrou!!<\/span><\/p>\n<h3>Aglomerado de gal\u00e1xias SMACS 0723<\/h3>\n<figure id=\"attachment_36291\" aria-describedby=\"caption-attachment-36291\" style=\"width: 900px\" class=\"wp-caption aligncenter\"><img loading=\"lazy\" decoding=\"async\" class=\"wp-image-36291 size-full\" src=\"https:\/\/www.iquilibrio.com\/blog\/wp-content\/uploads\/2022\/07\/SMACS-0723.jpg\" alt=\"\" width=\"900\" height=\"560\" srcset=\"https:\/\/www.iquilibrio.com\/blog\/wp-content\/uploads\/2022\/07\/SMACS-0723.jpg 900w, https:\/\/www.iquilibrio.com\/blog\/wp-content\/uploads\/2022\/07\/SMACS-0723-300x187.jpg 300w, https:\/\/www.iquilibrio.com\/blog\/wp-content\/uploads\/2022\/07\/SMACS-0723-768x478.jpg 768w, https:\/\/www.iquilibrio.com\/blog\/wp-content\/uploads\/2022\/07\/SMACS-0723-696x433.jpg 696w, https:\/\/www.iquilibrio.com\/blog\/wp-content\/uploads\/2022\/07\/SMACS-0723-675x420.jpg 675w\" sizes=\"auto, (max-width: 900px) 100vw, 900px\" \/><figcaption id=\"caption-attachment-36291\" class=\"wp-caption-text\">Aglomerado SMACS 0723 &#8211; James Webb &#8211;<strong> Foto Retirada do Site Oficial da NASA.<\/strong><\/figcaption><\/figure>\n<p>Est\u00e1 foto corresponde a um gr\u00e3o de areia no meio do vasto universo. No meio da imagem h\u00e1 gal\u00e1xias de at\u00e9 11 bilh\u00f5es de anos luz de dist\u00e2ncia de n\u00f3s.<\/p>\n<h3>Nebulosa Carina<\/h3>\n<figure id=\"attachment_36287\" aria-describedby=\"caption-attachment-36287\" style=\"width: 900px\" class=\"wp-caption aligncenter\"><img loading=\"lazy\" decoding=\"async\" class=\"wp-image-36287 size-full\" src=\"https:\/\/www.iquilibrio.com\/blog\/wp-content\/uploads\/2022\/07\/Nebulosa-Carina1.jpg\" alt=\"Nebulosa Carina - James Webb\" width=\"900\" height=\"560\" srcset=\"https:\/\/www.iquilibrio.com\/blog\/wp-content\/uploads\/2022\/07\/Nebulosa-Carina1.jpg 900w, https:\/\/www.iquilibrio.com\/blog\/wp-content\/uploads\/2022\/07\/Nebulosa-Carina1-300x187.jpg 300w, https:\/\/www.iquilibrio.com\/blog\/wp-content\/uploads\/2022\/07\/Nebulosa-Carina1-768x478.jpg 768w, https:\/\/www.iquilibrio.com\/blog\/wp-content\/uploads\/2022\/07\/Nebulosa-Carina1-696x433.jpg 696w, https:\/\/www.iquilibrio.com\/blog\/wp-content\/uploads\/2022\/07\/Nebulosa-Carina1-675x420.jpg 675w\" sizes=\"auto, (max-width: 900px) 100vw, 900px\" \/><figcaption id=\"caption-attachment-36287\" class=\"wp-caption-text\">Nebulosa Carina &#8211; James Webb &#8211; <strong>Foto Retirada do Site Oficial da NASA.<\/strong><\/figcaption><\/figure>\n<p>Est\u00e1 foto registra basicamente uma nuvem gigantesca de poeira. O nascimento e a morte de estrelas formam esse grande mar de poeira c\u00f3smica. As estrelas com brilho azul, s\u00e3o as super novas.<\/p>\n<h3>Quinteto de Stephan<\/h3>\n<figure id=\"attachment_36290\" aria-describedby=\"caption-attachment-36290\" style=\"width: 900px\" class=\"wp-caption aligncenter\"><img loading=\"lazy\" decoding=\"async\" class=\"wp-image-36290 size-full\" src=\"https:\/\/www.iquilibrio.com\/blog\/wp-content\/uploads\/2022\/07\/Quinteto-de-Stephan.jpg\" alt=\"\" width=\"900\" height=\"560\" srcset=\"https:\/\/www.iquilibrio.com\/blog\/wp-content\/uploads\/2022\/07\/Quinteto-de-Stephan.jpg 900w, https:\/\/www.iquilibrio.com\/blog\/wp-content\/uploads\/2022\/07\/Quinteto-de-Stephan-300x187.jpg 300w, https:\/\/www.iquilibrio.com\/blog\/wp-content\/uploads\/2022\/07\/Quinteto-de-Stephan-768x478.jpg 768w, https:\/\/www.iquilibrio.com\/blog\/wp-content\/uploads\/2022\/07\/Quinteto-de-Stephan-696x433.jpg 696w, https:\/\/www.iquilibrio.com\/blog\/wp-content\/uploads\/2022\/07\/Quinteto-de-Stephan-675x420.jpg 675w\" sizes=\"auto, (max-width: 900px) 100vw, 900px\" \/><figcaption id=\"caption-attachment-36290\" class=\"wp-caption-text\">Quinteto de Stephan &#8211; James Webb &#8211; <strong>Foto Retirada do Site Oficial da NASA.<\/strong><\/figcaption><\/figure>\n<p>Este \u00e9 um grupo de 5 gal\u00e1xias relativamente pr\u00f3ximas, j\u00e1 havia registros anteriores delas feitos pelo Hubble, mas agora podemos ver com nitidez e at\u00e9 encaminhar pesquisas sobre esse grupo.<\/p>\n<h3>Nebulosa do Anel Azul<\/h3>\n<figure id=\"attachment_36292\" aria-describedby=\"caption-attachment-36292\" style=\"width: 900px\" class=\"wp-caption aligncenter\"><img loading=\"lazy\" decoding=\"async\" class=\"wp-image-36292 size-full\" src=\"https:\/\/www.iquilibrio.com\/blog\/wp-content\/uploads\/2022\/07\/Nebulosa-do-Anel-Azul1.jpg\" alt=\"\" width=\"900\" height=\"560\" srcset=\"https:\/\/www.iquilibrio.com\/blog\/wp-content\/uploads\/2022\/07\/Nebulosa-do-Anel-Azul1.jpg 900w, https:\/\/www.iquilibrio.com\/blog\/wp-content\/uploads\/2022\/07\/Nebulosa-do-Anel-Azul1-300x187.jpg 300w, https:\/\/www.iquilibrio.com\/blog\/wp-content\/uploads\/2022\/07\/Nebulosa-do-Anel-Azul1-768x478.jpg 768w, https:\/\/www.iquilibrio.com\/blog\/wp-content\/uploads\/2022\/07\/Nebulosa-do-Anel-Azul1-696x433.jpg 696w, https:\/\/www.iquilibrio.com\/blog\/wp-content\/uploads\/2022\/07\/Nebulosa-do-Anel-Azul1-675x420.jpg 675w\" sizes=\"auto, (max-width: 900px) 100vw, 900px\" \/><figcaption id=\"caption-attachment-36292\" class=\"wp-caption-text\">Nebulosa do Anel Azul &#8211; James Webb &#8211; <strong>Foto Retirada do Site Oficial da NASA.<\/strong><\/figcaption><\/figure>\n<p>Essa \u00e9 a imagem de uma estrela muito antiga que queimou todo o seu combust\u00edvel e colapsou sobre si mesma, formando essa nuvem de poeira em torno de si. A foto da esquerda \u00e9 do James Webb, a da direita \u00e9 mais antiga, registrada pelo Hubble. No centro d\u00e1 para ver duas estrelas uma ao lado da outra, \u00e9 uma an\u00e3 branca, processo que acontecer\u00e1 com o nosso Sol.<\/p>\n<h3>Espelhos de Ber\u00edlio e Ouro do Webb<\/h3>\n<figure id=\"attachment_36289\" aria-describedby=\"caption-attachment-36289\" style=\"width: 900px\" class=\"wp-caption aligncenter\"><img loading=\"lazy\" decoding=\"async\" class=\"wp-image-36289 size-full\" src=\"https:\/\/www.iquilibrio.com\/blog\/wp-content\/uploads\/2022\/07\/Espelhos-do-Webb.jpg\" alt=\"\" width=\"900\" height=\"560\" srcset=\"https:\/\/www.iquilibrio.com\/blog\/wp-content\/uploads\/2022\/07\/Espelhos-do-Webb.jpg 900w, https:\/\/www.iquilibrio.com\/blog\/wp-content\/uploads\/2022\/07\/Espelhos-do-Webb-300x187.jpg 300w, https:\/\/www.iquilibrio.com\/blog\/wp-content\/uploads\/2022\/07\/Espelhos-do-Webb-768x478.jpg 768w, https:\/\/www.iquilibrio.com\/blog\/wp-content\/uploads\/2022\/07\/Espelhos-do-Webb-696x433.jpg 696w, https:\/\/www.iquilibrio.com\/blog\/wp-content\/uploads\/2022\/07\/Espelhos-do-Webb-675x420.jpg 675w\" sizes=\"auto, (max-width: 900px) 100vw, 900px\" \/><figcaption id=\"caption-attachment-36289\" class=\"wp-caption-text\">Espelhos de Ber\u00edlio e Ouro &#8211; James Webb &#8211; <strong>Foto Retirada do Site Oficial da NASA.<\/strong><\/figcaption><\/figure>\n<p><span style=\"font-weight: 400;\">O <\/span><b>Telesc\u00f3pio James Webb<\/b><span style=\"font-weight: 400;\"> tem espelhos feitos de um metal muito male\u00e1vel, o Ber\u00edlio, que n\u00e3o sofre varia\u00e7\u00f5es em temperaturas de -200 graus que \u00e9 a temperatura que o Telesc\u00f3pio precisa operar, j\u00e1 que capta imagens no infravermelho.<\/span><\/p>\n<p>[td_smart_list_end]<\/p>\n<h2>Algumas inspira\u00e7\u00f5es para voc\u00ea &#x1f499;<\/h2>\n<p>Por fim, mas n\u00e3o menos importante, se voc\u00ea est\u00e1 inspirada e quer melhorar o seu relacionamento com o universo, separamos uma lista de publica\u00e7\u00f5es que podem te ajudar.<\/p>\n<ul>\n<li><a href=\"https:\/\/www.iquilibrio.com\/blog\/bem-estar\/autoconhecimento\/autoconhecer\/\">As vantagens de se se autoconhecer<\/a><\/li>\n<li><a href=\"https:\/\/www.iquilibrio.com\/blog\/bem-estar\/mantra-para-banho\/\">Conecte-se com o universo: mantras para banho<\/a><\/li>\n<li><a href=\"https:\/\/www.iquilibrio.com\/blog\/bem-estar\/autoconhecimento\/espiritualidade-autoconhecimento\/\">Espiritualidade e autoconhecimento: voc\u00ea se conhece de verdade?<\/a><\/li>\n<li><a href=\"https:\/\/www.iquilibrio.com\/blog\/bem-estar\/como-tirar-energia-negativa-corpo\/\">Como tirar energias negativas do corpo?<\/a><\/li>\n<li><a href=\"https:\/\/www.iquilibrio.com\/blog\/bem-estar\/autoconhecimento\/dores-despertar-espiritual\/\">Conhe\u00e7a as dores do despertar espiritual<\/a><\/li>\n<li><a href=\"https:\/\/www.iquilibrio.com\/blog\/bem-estar\/acordar-feliz\/\">Acorde feliz! O universo quer voc\u00ea assim<\/a><\/li>\n<li><a href=\"https:\/\/www.iquilibrio.com\/blog\/bem-estar\/filosofia-ubuntu\/\">Conhece a Filosofia Ubunto? Eu sou porque n\u00f3s somos<\/a><\/li>\n<\/ul>\n<p>Diante da imensid\u00e3o do universo (bel\u00edssimo, por sinal, como as imagens mostram), conhecer-se \u00e9 um pequeno passo em dire\u00e7\u00e3o a uni\u00e3o com o infinito. Dessa forma, o autoconhecimento precisa ser trabalhado diariamente, pois \u00e9 um exerc\u00edcio de constante aperfei\u00e7oamento.<\/p>\n<p>N\u00e3o sabe por onde come\u00e7ar? Eu te ajudo! Aqui na iQui n\u00f3s temos uma sele\u00e7\u00e3o especial de esot\u00e9ricos que podem guiar voc\u00ea nessa jornada:<\/p>\n<p style=\"text-align: center;\"><a href=\"https:\/\/www.iquilibrio.com\/autoconhecimento\/?utm_campaign=blog_conversao&amp;utm_medium=texto_cta&amp;utm_source=blog&amp;utm_content=20220713_james_webb_ultimo_paragrafo\" target=\"_blank\" rel=\"noopener\"><span class=\"td_btn td_btn_md td_round_btn\" style=\"background-color: #0000ff;\">Autoconhecimento \u00e9 o primeiro passo em dire\u00e7\u00e3o a uni\u00e3o com o infinito. Receba direcionamento agora mesmo!<\/span><\/a><\/p>\n\n\n<div class=\"kk-star-ratings kksr-auto kksr-align-left kksr-valign-bottom\"\n    data-payload='{&quot;align&quot;:&quot;left&quot;,&quot;id&quot;:&quot;36281&quot;,&quot;slug&quot;:&quot;default&quot;,&quot;valign&quot;:&quot;bottom&quot;,&quot;ignore&quot;:&quot;&quot;,&quot;reference&quot;:&quot;auto&quot;,&quot;class&quot;:&quot;&quot;,&quot;count&quot;:&quot;1&quot;,&quot;legendonly&quot;:&quot;&quot;,&quot;readonly&quot;:&quot;&quot;,&quot;score&quot;:&quot;5&quot;,&quot;starsonly&quot;:&quot;&quot;,&quot;best&quot;:&quot;5&quot;,&quot;gap&quot;:&quot;5&quot;,&quot;greet&quot;:&quot;Rate this post&quot;,&quot;legend&quot;:&quot;5\\\/5 - (1 voto)&quot;,&quot;size&quot;:&quot;24&quot;,&quot;title&quot;:&quot;James Webb e o sentido de nossa exist\u00eancia \\u0026#x1f30c;&quot;,&quot;width&quot;:&quot;142.5&quot;,&quot;_legend&quot;:&quot;{score}\\\/{best} - ({count} {votes})&quot;,&quot;font_factor&quot;:&quot;1.25&quot;}'>\n            \n<div class=\"kksr-stars\">\n    \n<div class=\"kksr-stars-inactive\">\n            <div class=\"kksr-star\" data-star=\"1\" style=\"padding-right: 5px\">\n            \n\n<div class=\"kksr-icon\" style=\"width: 24px; height: 24px;\"><\/div>\n        <\/div>\n            <div class=\"kksr-star\" data-star=\"2\" style=\"padding-right: 5px\">\n            \n\n<div class=\"kksr-icon\" style=\"width: 24px; height: 24px;\"><\/div>\n        <\/div>\n            <div class=\"kksr-star\" data-star=\"3\" style=\"padding-right: 5px\">\n            \n\n<div class=\"kksr-icon\" style=\"width: 24px; height: 24px;\"><\/div>\n        <\/div>\n            <div class=\"kksr-star\" data-star=\"4\" style=\"padding-right: 5px\">\n            \n\n<div class=\"kksr-icon\" style=\"width: 24px; height: 24px;\"><\/div>\n        <\/div>\n            <div class=\"kksr-star\" data-star=\"5\" style=\"padding-right: 5px\">\n            \n\n<div class=\"kksr-icon\" style=\"width: 24px; height: 24px;\"><\/div>\n        <\/div>\n    <\/div>\n    \n<div class=\"kksr-stars-active\" style=\"width: 142.5px;\">\n            <div class=\"kksr-star\" style=\"padding-right: 5px\">\n            \n\n<div class=\"kksr-icon\" style=\"width: 24px; height: 24px;\"><\/div>\n        <\/div>\n            <div class=\"kksr-star\" style=\"padding-right: 5px\">\n            \n\n<div class=\"kksr-icon\" style=\"width: 24px; height: 24px;\"><\/div>\n        <\/div>\n            <div class=\"kksr-star\" style=\"padding-right: 5px\">\n            \n\n<div class=\"kksr-icon\" style=\"width: 24px; height: 24px;\"><\/div>\n        <\/div>\n            <div class=\"kksr-star\" style=\"padding-right: 5px\">\n            \n\n<div class=\"kksr-icon\" style=\"width: 24px; height: 24px;\"><\/div>\n        <\/div>\n            <div class=\"kksr-star\" style=\"padding-right: 5px\">\n            \n\n<div class=\"kksr-icon\" style=\"width: 24px; height: 24px;\"><\/div>\n        <\/div>\n    <\/div>\n<\/div>\n                \n\n<div class=\"kksr-legend\" style=\"font-size: 19.2px;\">\n            5\/5 - (1 voto)    <\/div>\n    <\/div>\n","protected":false},"excerpt":{"rendered":"<p>Desde ontem 12\/07\/2022 estamos vendo a internet &#8220;bombar&#8221; com as imagens produzidas pelo novo \u201cxod\u00f3\u201d da NASA, o Telesc\u00f3pio James Webb que custou mais de 10 bilh\u00f5es de d\u00f3lares, tem quase 7 metros de di\u00e2metro e foi colocado por n\u00f3s, mais longe do que a Lua, a um milh\u00e3o e quinhentos mil quil\u00f4metros da Terra. [&hellip;]<\/p>\n","protected":false},"author":153,"featured_media":36287,"comment_status":"closed","ping_status":"closed","sticky":false,"template":"","format":"standard","meta":{"footnotes":""},"categories":[623],"tags":[4744,4743,4746,4748,4745],"class_list":["post-36281","post","type-post","status-publish","format-standard","has-post-thumbnail","hentry","category-autoconhecimento","tag-fotos-do-james-webb","tag-james-webb","tag-palido-ponto-azul","tag-somos-um-grao-de-areia","tag-universo-profundo"],"yoast_head":"<!-- This site is optimized with the Yoast SEO plugin v27.4 - https:\/\/yoast.com\/product\/yoast-seo-wordpress\/ -->\n<title>James Webb e o sentido de nossa exist\u00eancia<\/title>\n<meta name=\"description\" content=\"Voc\u00ea viu as imagens produzidas pelo super telesc\u00f3pio James Webb? S\u00e3o imagens de 12 bilh\u00f5es de anos de dist\u00e2ncia. Mas o que isso significa?\" \/>\n<meta name=\"robots\" content=\"index, follow, max-snippet:-1, max-image-preview:large, max-video-preview:-1\" \/>\n<link rel=\"canonical\" href=\"https:\/\/www.iquilibrio.com\/blog\/bem-estar\/autoconhecimento\/james-webb\/\" \/>\n<meta property=\"og:locale\" content=\"pt_BR\" \/>\n<meta property=\"og:type\" content=\"article\" \/>\n<meta property=\"og:title\" content=\"James Webb e o sentido de nossa exist\u00eancia\" \/>\n<meta property=\"og:description\" content=\"Voc\u00ea viu as imagens produzidas pelo super telesc\u00f3pio James Webb? S\u00e3o imagens de 12 bilh\u00f5es de anos de dist\u00e2ncia. Mas o que isso significa?\" \/>\n<meta property=\"og:url\" content=\"https:\/\/www.iquilibrio.com\/blog\/bem-estar\/autoconhecimento\/james-webb\/\" \/>\n<meta property=\"og:site_name\" content=\"iQuilibrio\" \/>\n<meta property=\"article:publisher\" content=\"https:\/\/www.facebook.com\/iQuilibrio\/\" \/>\n<meta property=\"article:published_time\" content=\"2022-07-13T18:09:48+00:00\" \/>\n<meta property=\"article:modified_time\" content=\"2022-07-13T19:02:12+00:00\" \/>\n<meta property=\"og:image\" content=\"https:\/\/www.iquilibrio.com\/blog\/wp-content\/uploads\/2022\/07\/Nebulosa-Carina1.jpg\" \/>\n\t<meta property=\"og:image:width\" content=\"900\" \/>\n\t<meta property=\"og:image:height\" content=\"560\" \/>\n\t<meta property=\"og:image:type\" content=\"image\/jpeg\" \/>\n<meta name=\"author\" content=\"Eduardo Miranda\" \/>\n<meta name=\"twitter:card\" content=\"summary_large_image\" \/>\n<meta name=\"twitter:creator\" content=\"@iquilibrio\" \/>\n<meta name=\"twitter:site\" content=\"@iquilibrio\" \/>\n<meta name=\"twitter:label1\" content=\"Escrito por\" \/>\n\t<meta name=\"twitter:data1\" content=\"Eduardo Miranda\" \/>\n\t<meta name=\"twitter:label2\" content=\"Est. tempo de leitura\" \/>\n\t<meta name=\"twitter:data2\" content=\"8 minutos\" \/>\n<script type=\"application\/ld+json\" class=\"yoast-schema-graph\">{\"@context\":\"https:\\\/\\\/schema.org\",\"@graph\":[{\"@type\":\"Article\",\"@id\":\"https:\\\/\\\/www.iquilibrio.com\\\/blog\\\/bem-estar\\\/autoconhecimento\\\/james-webb\\\/#article\",\"isPartOf\":{\"@id\":\"https:\\\/\\\/www.iquilibrio.com\\\/blog\\\/bem-estar\\\/autoconhecimento\\\/james-webb\\\/\"},\"author\":{\"name\":\"Eduardo Miranda\",\"@id\":\"https:\\\/\\\/www.iquilibrio.com\\\/blog\\\/#\\\/schema\\\/person\\\/c77867b3c23fbf4763476631f4b92e6e\"},\"headline\":\"James Webb e o sentido de nossa exist\u00eancia &#x1f30c;\",\"datePublished\":\"2022-07-13T18:09:48+00:00\",\"dateModified\":\"2022-07-13T19:02:12+00:00\",\"mainEntityOfPage\":{\"@id\":\"https:\\\/\\\/www.iquilibrio.com\\\/blog\\\/bem-estar\\\/autoconhecimento\\\/james-webb\\\/\"},\"wordCount\":1344,\"publisher\":{\"@id\":\"https:\\\/\\\/www.iquilibrio.com\\\/blog\\\/#organization\"},\"image\":{\"@id\":\"https:\\\/\\\/www.iquilibrio.com\\\/blog\\\/bem-estar\\\/autoconhecimento\\\/james-webb\\\/#primaryimage\"},\"thumbnailUrl\":\"https:\\\/\\\/www.iquilibrio.com\\\/blog\\\/wp-content\\\/uploads\\\/2022\\\/07\\\/Nebulosa-Carina1.jpg\",\"keywords\":[\"Fotos do James Webb\",\"James Webb\",\"p\u00e1lido ponto azul\",\"Somos um gr\u00e3o de areia\",\"universo profundo\"],\"articleSection\":[\"Autoconhecimento\"],\"inLanguage\":\"pt-BR\"},{\"@type\":\"WebPage\",\"@id\":\"https:\\\/\\\/www.iquilibrio.com\\\/blog\\\/bem-estar\\\/autoconhecimento\\\/james-webb\\\/\",\"url\":\"https:\\\/\\\/www.iquilibrio.com\\\/blog\\\/bem-estar\\\/autoconhecimento\\\/james-webb\\\/\",\"name\":\"James Webb e o sentido de nossa exist\u00eancia\",\"isPartOf\":{\"@id\":\"https:\\\/\\\/www.iquilibrio.com\\\/blog\\\/#website\"},\"primaryImageOfPage\":{\"@id\":\"https:\\\/\\\/www.iquilibrio.com\\\/blog\\\/bem-estar\\\/autoconhecimento\\\/james-webb\\\/#primaryimage\"},\"image\":{\"@id\":\"https:\\\/\\\/www.iquilibrio.com\\\/blog\\\/bem-estar\\\/autoconhecimento\\\/james-webb\\\/#primaryimage\"},\"thumbnailUrl\":\"https:\\\/\\\/www.iquilibrio.com\\\/blog\\\/wp-content\\\/uploads\\\/2022\\\/07\\\/Nebulosa-Carina1.jpg\",\"datePublished\":\"2022-07-13T18:09:48+00:00\",\"dateModified\":\"2022-07-13T19:02:12+00:00\",\"description\":\"Voc\u00ea viu as imagens produzidas pelo super telesc\u00f3pio James Webb? S\u00e3o imagens de 12 bilh\u00f5es de anos de dist\u00e2ncia. Mas o que isso significa?\",\"breadcrumb\":{\"@id\":\"https:\\\/\\\/www.iquilibrio.com\\\/blog\\\/bem-estar\\\/autoconhecimento\\\/james-webb\\\/#breadcrumb\"},\"inLanguage\":\"pt-BR\",\"potentialAction\":[{\"@type\":\"ReadAction\",\"target\":[\"https:\\\/\\\/www.iquilibrio.com\\\/blog\\\/bem-estar\\\/autoconhecimento\\\/james-webb\\\/\"]}]},{\"@type\":\"ImageObject\",\"inLanguage\":\"pt-BR\",\"@id\":\"https:\\\/\\\/www.iquilibrio.com\\\/blog\\\/bem-estar\\\/autoconhecimento\\\/james-webb\\\/#primaryimage\",\"url\":\"https:\\\/\\\/www.iquilibrio.com\\\/blog\\\/wp-content\\\/uploads\\\/2022\\\/07\\\/Nebulosa-Carina1.jpg\",\"contentUrl\":\"https:\\\/\\\/www.iquilibrio.com\\\/blog\\\/wp-content\\\/uploads\\\/2022\\\/07\\\/Nebulosa-Carina1.jpg\",\"width\":900,\"height\":560,\"caption\":\"Nebulosa Carina - James Webb\"},{\"@type\":\"BreadcrumbList\",\"@id\":\"https:\\\/\\\/www.iquilibrio.com\\\/blog\\\/bem-estar\\\/autoconhecimento\\\/james-webb\\\/#breadcrumb\",\"itemListElement\":[{\"@type\":\"ListItem\",\"position\":1,\"name\":\"In\u00edcio\",\"item\":\"https:\\\/\\\/www.iquilibrio.com\\\/blog\\\/\"},{\"@type\":\"ListItem\",\"position\":2,\"name\":\"James Webb e o sentido de nossa exist\u00eancia &#x1f30c;\"}]},{\"@type\":\"WebSite\",\"@id\":\"https:\\\/\\\/www.iquilibrio.com\\\/blog\\\/#website\",\"url\":\"https:\\\/\\\/www.iquilibrio.com\\\/blog\\\/\",\"name\":\"iQuilibrio\",\"description\":\"Blog iQuilibrio\",\"publisher\":{\"@id\":\"https:\\\/\\\/www.iquilibrio.com\\\/blog\\\/#organization\"},\"potentialAction\":[{\"@type\":\"SearchAction\",\"target\":{\"@type\":\"EntryPoint\",\"urlTemplate\":\"https:\\\/\\\/www.iquilibrio.com\\\/blog\\\/?s={search_term_string}\"},\"query-input\":{\"@type\":\"PropertyValueSpecification\",\"valueRequired\":true,\"valueName\":\"search_term_string\"}}],\"inLanguage\":\"pt-BR\"},{\"@type\":\"Organization\",\"@id\":\"https:\\\/\\\/www.iquilibrio.com\\\/blog\\\/#organization\",\"name\":\"Esoterismo, Misticismo e Tarot Online - iQuilibrio\",\"url\":\"https:\\\/\\\/www.iquilibrio.com\\\/blog\\\/\",\"logo\":{\"@type\":\"ImageObject\",\"inLanguage\":\"pt-BR\",\"@id\":\"https:\\\/\\\/www.iquilibrio.com\\\/blog\\\/#\\\/schema\\\/logo\\\/image\\\/\",\"url\":\"https:\\\/\\\/www.iquilibrio.com\\\/blog\\\/wp-content\\\/uploads\\\/2018\\\/12\\\/iquilibrio_lovo_vetor_preto-retina.png\",\"contentUrl\":\"https:\\\/\\\/www.iquilibrio.com\\\/blog\\\/wp-content\\\/uploads\\\/2018\\\/12\\\/iquilibrio_lovo_vetor_preto-retina.png\",\"width\":972,\"height\":180,\"caption\":\"Esoterismo, Misticismo e Tarot Online - iQuilibrio\"},\"image\":{\"@id\":\"https:\\\/\\\/www.iquilibrio.com\\\/blog\\\/#\\\/schema\\\/logo\\\/image\\\/\"},\"sameAs\":[\"https:\\\/\\\/www.facebook.com\\\/iQuilibrio\\\/\",\"https:\\\/\\\/x.com\\\/iquilibrio\",\"https:\\\/\\\/www.instagram.com\\\/iquilibrio\\\/\",\"https:\\\/\\\/www.linkedin.com\\\/company\\\/iquilibrio\\\/\",\"https:\\\/\\\/br.pinterest.com\\\/iquilibrio1397\\\/\",\"https:\\\/\\\/www.youtube.com\\\/channel\\\/UC175qxd-4Zsi4wzawT5zF2g\"]},{\"@type\":\"Person\",\"@id\":\"https:\\\/\\\/www.iquilibrio.com\\\/blog\\\/#\\\/schema\\\/person\\\/c77867b3c23fbf4763476631f4b92e6e\",\"name\":\"Eduardo Miranda\",\"image\":{\"@type\":\"ImageObject\",\"inLanguage\":\"pt-BR\",\"@id\":\"https:\\\/\\\/www.iquilibrio.com\\\/blog\\\/wp-content\\\/uploads\\\/2021\\\/12\\\/Consulta-por-email-3-150x150.png\",\"url\":\"https:\\\/\\\/www.iquilibrio.com\\\/blog\\\/wp-content\\\/uploads\\\/2021\\\/12\\\/Consulta-por-email-3-150x150.png\",\"contentUrl\":\"https:\\\/\\\/www.iquilibrio.com\\\/blog\\\/wp-content\\\/uploads\\\/2021\\\/12\\\/Consulta-por-email-3-150x150.png\",\"caption\":\"Eduardo Miranda\"},\"description\":\"Eduardo, \u00e9 um jovem apaixonado pela leitura e escrita. Est\u00e1 constantemente em busca de novos aprendizados e experi\u00eancias. A miss\u00e3o dele envolve o desenvolvimento das pessoas atrav\u00e9s daquilo que escreve, de forma leve e pr\u00e1tica, em busca de propagar conte\u00fados emp\u00e1ticos ao falar sobre temas como autoconhecimento e espiritualidade. Sempre prezando pela complexidade interior de cada um, respeitando as cargas emocionais e culturais de cada indiv\u00edduo ao abordar temas como: religi\u00e3o, amor e outras vertentes da vida espiritual.\",\"url\":\"https:\\\/\\\/www.iquilibrio.com\\\/blog\\\/author\\\/lucas-eduardo\\\/\"}]}<\/script>\n<!-- \/ Yoast SEO plugin. -->","yoast_head_json":{"title":"James Webb e o sentido de nossa exist\u00eancia","description":"Voc\u00ea viu as imagens produzidas pelo super telesc\u00f3pio James Webb? S\u00e3o imagens de 12 bilh\u00f5es de anos de dist\u00e2ncia. Mas o que isso significa?","robots":{"index":"index","follow":"follow","max-snippet":"max-snippet:-1","max-image-preview":"max-image-preview:large","max-video-preview":"max-video-preview:-1"},"canonical":"https:\/\/www.iquilibrio.com\/blog\/bem-estar\/autoconhecimento\/james-webb\/","og_locale":"pt_BR","og_type":"article","og_title":"James Webb e o sentido de nossa exist\u00eancia","og_description":"Voc\u00ea viu as imagens produzidas pelo super telesc\u00f3pio James Webb? S\u00e3o imagens de 12 bilh\u00f5es de anos de dist\u00e2ncia. Mas o que isso significa?","og_url":"https:\/\/www.iquilibrio.com\/blog\/bem-estar\/autoconhecimento\/james-webb\/","og_site_name":"iQuilibrio","article_publisher":"https:\/\/www.facebook.com\/iQuilibrio\/","article_published_time":"2022-07-13T18:09:48+00:00","article_modified_time":"2022-07-13T19:02:12+00:00","og_image":[{"width":900,"height":560,"url":"https:\/\/www.iquilibrio.com\/blog\/wp-content\/uploads\/2022\/07\/Nebulosa-Carina1.jpg","type":"image\/jpeg"}],"author":"Eduardo Miranda","twitter_card":"summary_large_image","twitter_creator":"@iquilibrio","twitter_site":"@iquilibrio","twitter_misc":{"Escrito por":"Eduardo Miranda","Est. tempo de leitura":"8 minutos"},"schema":{"@context":"https:\/\/schema.org","@graph":[{"@type":"Article","@id":"https:\/\/www.iquilibrio.com\/blog\/bem-estar\/autoconhecimento\/james-webb\/#article","isPartOf":{"@id":"https:\/\/www.iquilibrio.com\/blog\/bem-estar\/autoconhecimento\/james-webb\/"},"author":{"name":"Eduardo Miranda","@id":"https:\/\/www.iquilibrio.com\/blog\/#\/schema\/person\/c77867b3c23fbf4763476631f4b92e6e"},"headline":"James Webb e o sentido de nossa exist\u00eancia &#x1f30c;","datePublished":"2022-07-13T18:09:48+00:00","dateModified":"2022-07-13T19:02:12+00:00","mainEntityOfPage":{"@id":"https:\/\/www.iquilibrio.com\/blog\/bem-estar\/autoconhecimento\/james-webb\/"},"wordCount":1344,"publisher":{"@id":"https:\/\/www.iquilibrio.com\/blog\/#organization"},"image":{"@id":"https:\/\/www.iquilibrio.com\/blog\/bem-estar\/autoconhecimento\/james-webb\/#primaryimage"},"thumbnailUrl":"https:\/\/www.iquilibrio.com\/blog\/wp-content\/uploads\/2022\/07\/Nebulosa-Carina1.jpg","keywords":["Fotos do James Webb","James Webb","p\u00e1lido ponto azul","Somos um gr\u00e3o de areia","universo profundo"],"articleSection":["Autoconhecimento"],"inLanguage":"pt-BR"},{"@type":"WebPage","@id":"https:\/\/www.iquilibrio.com\/blog\/bem-estar\/autoconhecimento\/james-webb\/","url":"https:\/\/www.iquilibrio.com\/blog\/bem-estar\/autoconhecimento\/james-webb\/","name":"James Webb e o sentido de nossa exist\u00eancia","isPartOf":{"@id":"https:\/\/www.iquilibrio.com\/blog\/#website"},"primaryImageOfPage":{"@id":"https:\/\/www.iquilibrio.com\/blog\/bem-estar\/autoconhecimento\/james-webb\/#primaryimage"},"image":{"@id":"https:\/\/www.iquilibrio.com\/blog\/bem-estar\/autoconhecimento\/james-webb\/#primaryimage"},"thumbnailUrl":"https:\/\/www.iquilibrio.com\/blog\/wp-content\/uploads\/2022\/07\/Nebulosa-Carina1.jpg","datePublished":"2022-07-13T18:09:48+00:00","dateModified":"2022-07-13T19:02:12+00:00","description":"Voc\u00ea viu as imagens produzidas pelo super telesc\u00f3pio James Webb? S\u00e3o imagens de 12 bilh\u00f5es de anos de dist\u00e2ncia. Mas o que isso significa?","breadcrumb":{"@id":"https:\/\/www.iquilibrio.com\/blog\/bem-estar\/autoconhecimento\/james-webb\/#breadcrumb"},"inLanguage":"pt-BR","potentialAction":[{"@type":"ReadAction","target":["https:\/\/www.iquilibrio.com\/blog\/bem-estar\/autoconhecimento\/james-webb\/"]}]},{"@type":"ImageObject","inLanguage":"pt-BR","@id":"https:\/\/www.iquilibrio.com\/blog\/bem-estar\/autoconhecimento\/james-webb\/#primaryimage","url":"https:\/\/www.iquilibrio.com\/blog\/wp-content\/uploads\/2022\/07\/Nebulosa-Carina1.jpg","contentUrl":"https:\/\/www.iquilibrio.com\/blog\/wp-content\/uploads\/2022\/07\/Nebulosa-Carina1.jpg","width":900,"height":560,"caption":"Nebulosa Carina - James Webb"},{"@type":"BreadcrumbList","@id":"https:\/\/www.iquilibrio.com\/blog\/bem-estar\/autoconhecimento\/james-webb\/#breadcrumb","itemListElement":[{"@type":"ListItem","position":1,"name":"In\u00edcio","item":"https:\/\/www.iquilibrio.com\/blog\/"},{"@type":"ListItem","position":2,"name":"James Webb e o sentido de nossa exist\u00eancia &#x1f30c;"}]},{"@type":"WebSite","@id":"https:\/\/www.iquilibrio.com\/blog\/#website","url":"https:\/\/www.iquilibrio.com\/blog\/","name":"iQuilibrio","description":"Blog iQuilibrio","publisher":{"@id":"https:\/\/www.iquilibrio.com\/blog\/#organization"},"potentialAction":[{"@type":"SearchAction","target":{"@type":"EntryPoint","urlTemplate":"https:\/\/www.iquilibrio.com\/blog\/?s={search_term_string}"},"query-input":{"@type":"PropertyValueSpecification","valueRequired":true,"valueName":"search_term_string"}}],"inLanguage":"pt-BR"},{"@type":"Organization","@id":"https:\/\/www.iquilibrio.com\/blog\/#organization","name":"Esoterismo, Misticismo e Tarot Online - iQuilibrio","url":"https:\/\/www.iquilibrio.com\/blog\/","logo":{"@type":"ImageObject","inLanguage":"pt-BR","@id":"https:\/\/www.iquilibrio.com\/blog\/#\/schema\/logo\/image\/","url":"https:\/\/www.iquilibrio.com\/blog\/wp-content\/uploads\/2018\/12\/iquilibrio_lovo_vetor_preto-retina.png","contentUrl":"https:\/\/www.iquilibrio.com\/blog\/wp-content\/uploads\/2018\/12\/iquilibrio_lovo_vetor_preto-retina.png","width":972,"height":180,"caption":"Esoterismo, Misticismo e Tarot Online - iQuilibrio"},"image":{"@id":"https:\/\/www.iquilibrio.com\/blog\/#\/schema\/logo\/image\/"},"sameAs":["https:\/\/www.facebook.com\/iQuilibrio\/","https:\/\/x.com\/iquilibrio","https:\/\/www.instagram.com\/iquilibrio\/","https:\/\/www.linkedin.com\/company\/iquilibrio\/","https:\/\/br.pinterest.com\/iquilibrio1397\/","https:\/\/www.youtube.com\/channel\/UC175qxd-4Zsi4wzawT5zF2g"]},{"@type":"Person","@id":"https:\/\/www.iquilibrio.com\/blog\/#\/schema\/person\/c77867b3c23fbf4763476631f4b92e6e","name":"Eduardo Miranda","image":{"@type":"ImageObject","inLanguage":"pt-BR","@id":"https:\/\/www.iquilibrio.com\/blog\/wp-content\/uploads\/2021\/12\/Consulta-por-email-3-150x150.png","url":"https:\/\/www.iquilibrio.com\/blog\/wp-content\/uploads\/2021\/12\/Consulta-por-email-3-150x150.png","contentUrl":"https:\/\/www.iquilibrio.com\/blog\/wp-content\/uploads\/2021\/12\/Consulta-por-email-3-150x150.png","caption":"Eduardo Miranda"},"description":"Eduardo, \u00e9 um jovem apaixonado pela leitura e escrita. Est\u00e1 constantemente em busca de novos aprendizados e experi\u00eancias. A miss\u00e3o dele envolve o desenvolvimento das pessoas atrav\u00e9s daquilo que escreve, de forma leve e pr\u00e1tica, em busca de propagar conte\u00fados emp\u00e1ticos ao falar sobre temas como autoconhecimento e espiritualidade. Sempre prezando pela complexidade interior de cada um, respeitando as cargas emocionais e culturais de cada indiv\u00edduo ao abordar temas como: religi\u00e3o, amor e outras vertentes da vida espiritual.","url":"https:\/\/www.iquilibrio.com\/blog\/author\/lucas-eduardo\/"}]}},"_links":{"self":[{"href":"https:\/\/www.iquilibrio.com\/blog\/wp-json\/wp\/v2\/posts\/36281","targetHints":{"allow":["GET"]}}],"collection":[{"href":"https:\/\/www.iquilibrio.com\/blog\/wp-json\/wp\/v2\/posts"}],"about":[{"href":"https:\/\/www.iquilibrio.com\/blog\/wp-json\/wp\/v2\/types\/post"}],"author":[{"embeddable":true,"href":"https:\/\/www.iquilibrio.com\/blog\/wp-json\/wp\/v2\/users\/153"}],"replies":[{"embeddable":true,"href":"https:\/\/www.iquilibrio.com\/blog\/wp-json\/wp\/v2\/comments?post=36281"}],"version-history":[{"count":18,"href":"https:\/\/www.iquilibrio.com\/blog\/wp-json\/wp\/v2\/posts\/36281\/revisions"}],"predecessor-version":[{"id":36315,"href":"https:\/\/www.iquilibrio.com\/blog\/wp-json\/wp\/v2\/posts\/36281\/revisions\/36315"}],"wp:featuredmedia":[{"embeddable":true,"href":"https:\/\/www.iquilibrio.com\/blog\/wp-json\/wp\/v2\/media\/36287"}],"wp:attachment":[{"href":"https:\/\/www.iquilibrio.com\/blog\/wp-json\/wp\/v2\/media?parent=36281"}],"wp:term":[{"taxonomy":"category","embeddable":true,"href":"https:\/\/www.iquilibrio.com\/blog\/wp-json\/wp\/v2\/categories?post=36281"},{"taxonomy":"post_tag","embeddable":true,"href":"https:\/\/www.iquilibrio.com\/blog\/wp-json\/wp\/v2\/tags?post=36281"}],"curies":[{"name":"wp","href":"https:\/\/api.w.org\/{rel}","templated":true}]}}