{"id":36115,"date":"2022-07-01T15:15:43","date_gmt":"2022-07-01T18:15:43","guid":{"rendered":"https:\/\/www.iquilibrio.com\/blog\/?p=36115"},"modified":"2022-06-30T16:19:34","modified_gmt":"2022-06-30T19:19:34","slug":"vesak-festival-luzes","status":"publish","type":"post","link":"https:\/\/www.iquilibrio.com\/blog\/espiritualidade\/vesak-festival-luzes\/","title":{"rendered":"Vesak &#8211; Conhe\u00e7a mais sobre o festival das luzes!"},"content":{"rendered":"<h2><span style=\"font-weight: 400;\">\u00cdndice &#8211; Vesak\u00a0<\/span><\/h2>\n<p><span style=\"font-weight: 400;\">Acredito que a todos os que se interessam pela caridade, benevol\u00eancia e boas a\u00e7\u00f5es, devem se interessar por esse tema. Hoje vamos aprender juntos sobre o que \u00e9 o <\/span><b>Vesak<\/b><span style=\"font-weight: 400;\">, uma data festiva budista, que \u00e9 muito conhecido, pois est\u00e1 relacionado com o maior s\u00edmbolo do budismo no mundo, Buda Gautama.<\/span><\/p>\n<h2><span style=\"font-weight: 400;\">Quem \u00e9 Buda e qual sua rela\u00e7\u00e3o com Vesak?<\/span><\/h2>\n<p><span style=\"font-weight: 400;\">Buda foi um pr\u00edncipe que nasceu 600 anos antes de Cristo, cresceu dentro de um pal\u00e1cio riqu\u00edssimo at\u00e9 parte de sua adolesc\u00eancia, mas em certo momento Buda decide passar pelas portas do pal\u00e1cio para conhecer a vila e as pessoas que habitavam \u00e0 sua volta.\u00a0<\/span><\/p>\n<p><span style=\"font-weight: 400;\">Foi quando passou por um momento de choque, ao ver tanta pobreza, dor e sofrimento ao lado de tanta fartura e riquezas bloqueadas e restritas apenas ao pal\u00e1cio. Ele ent\u00e3o decide abandonar todas as regalias que o cercavam para ir se conectar com uma<a href=\"https:\/\/www.iquilibrio.com\/blog\/espiritualidade\/fraternidade-branca\/\"> filosofia livre de religiosidade<\/a> e que se aproximasse dos pobres, trazendo al\u00edvio das suas dores.\u00a0<\/span><\/p>\n<p><span style=\"font-weight: 400;\">Al\u00e9m disso, Buda alcan\u00e7ou em sua busca por encontrar a verdade e a bondade, um n\u00edvel de ilumina\u00e7\u00e3o, conhecimento e consci\u00eancia. Segundo a hist\u00f3ria, <a href=\"https:\/\/www.iquilibrio.com\/blog\/espiritualidade\/vishnu\/\">Buda alcan\u00e7ou esse n\u00edvel de conhecimento<\/a> e bondade na primeira Lua nova de Maio, por volta de 1990 foi decretado que essa data em alguns pa\u00edses cujo budismo \u00e9 forte, seja considerada feriado.\u00a0<\/span><\/p>\n<h3><span style=\"font-weight: 400;\">Quando o festival de Wesak \u00e9 comemorado?<\/span><\/h3>\n<p><span style=\"font-weight: 400;\">Esse \u00e9 o maior festival budista do mundo e n\u00e3o tem data fixa, pois se guia pelo calend\u00e1rio lunar, a ideia \u00e9 que ocorra na 1\u00ba lua nova de maio<\/span><\/p>\n<p><span style=\"font-weight: 400;\">Ent\u00e3o, <a href=\"https:\/\/www.iquilibrio.com\/blog\/astrologia\/encantamento-13-luas\/\">a primeira lua nova<\/a> \u00e9 uma data onde os praticantes da filosofia budista comemoram o dia de Wesak, como um momento para relembrar os ensinamentos e a bondade de Buda. O festival de Wesak tamb\u00e9m \u00e9 um dia para se dedicar \u00e0 caridade, \u00e0s doa\u00e7\u00f5es, \u00e0 ajuda aos pobres e necessitados.\u00a0<\/span><\/p>\n<p><span style=\"font-weight: 400;\">Dentro do budismo a data \u00e9 em refer\u00eancia a ilumina\u00e7\u00e3o de Buda, como um ser humano que alcan\u00e7ou a superioridade de conhecimento, bondade e consci\u00eancia. Alguns interpretam como o anivers\u00e1rio de Vesak Buda.\u00a0<\/span><\/p>\n<p><span style=\"font-weight: 400;\">Voc\u00ea sabia que pode melhorar a sua vida atrav\u00e9s do autoconhecimento? Pois \u00e9! A plataforma iQui est\u00e1 cheia de <a href=\"https:\/\/www.iquilibrio.com\/blog\/oraculos\/tarot\/alegria-viver\/\">especialistas em Tarot,<\/a> e j\u00e1 sabemos que o Tarot tem o poder de nos ajudar com as causas internas e pessoais do nosso cotidiano.\u00a0<\/span><\/p>\n<p><b>Por isso, recomendamos que se voc\u00ea \u00e9 algu\u00e9m que deseja ter controle sobre suas a\u00e7\u00f5es, sentimentos e emo\u00e7\u00f5es, para ter uma vida mais feliz, fa\u00e7a uma consulta do Tarot, temos certeza que voc\u00ea ser\u00e1 muito aben\u00e7oado pelos or\u00e1culos, que est\u00e3o prontos a te ajudar.\u00a0<\/b><\/p>\n<p style=\"text-align: center;\"><a href=\"https:\/\/www.iquilibrio.com\/tarot\/?utm_campaign=blog_conversao&amp;utm_medium=texto_cta&amp;utm_source=blog&amp;utm_content=20220630_vesak_festival_luzes_botao_abaixo_paragrafo9\"><strong><span class=\"td_btn td_btn_md td_round_btn\" style=\"background-color: #0000ff;\">Clique aqui e viva a melhor fase da sua vida!<\/span><\/strong><\/a><\/p>\n<h2><span style=\"font-weight: 400;\">O que o budismo nos ensina\u00a0<\/span><\/h2>\n<p><span style=\"font-weight: 400;\">No budismo existem 4 pilares que estruturam todo o conhecimento dessa filosofia, que a cada ano conquista cada vez mais pessoas, por ser muito ligada \u00e0 a\u00e7\u00f5es de bondade e a busca da conscientiza\u00e7\u00e3o do ser humano, como igual ao seu pr\u00f3ximo, e que fortalece as ideias de comunidade e ajuda.<\/span><\/p>\n<p><span style=\"font-weight: 400;\">Sendo assim, o budismo fica conhecido por seus quatro pilares:\u00a0<\/span><\/p>\n<h3><span style=\"font-weight: 400;\">A vida \u00e9 sofrimento<\/span><\/h3>\n<p><span style=\"font-weight: 400;\">A maioria dos processos que enfrentamos em nossas vidas, \u00e9 cercado de dor e algum n\u00edvel de sofrimento. Esse sofrimento citado pelo budismo, pode ser maior quando se vive em condi\u00e7\u00f5es de extrema pobreza e dificuldades, ainda mais \u00e0s relacionadas \u00e0 sa\u00fade.\u00a0<\/span><\/p>\n<p><span style=\"font-weight: 400;\">No entanto, <a href=\"https:\/\/www.iquilibrio.com\/blog\/espiritualidade\/live-hooponopono\/\">essa dor pode ser amenizada<\/a> por aqueles que t\u00eam maiores condi\u00e7\u00f5es e est\u00e3o dispostos a ajudar o pr\u00f3ximo. A vida \u00e9 sofrimento, mas o mundo pode ser um lugar melhor se deixarmos a bondade entrar em nosso cora\u00e7\u00e3o e fluir atrav\u00e9s de n\u00f3s.<\/span><\/p>\n<h3><span style=\"font-weight: 400;\">A causa do sofrimento\u00a0<\/span><\/h3>\n<p><span style=\"font-weight: 400;\">Al\u00e9m de haver o sofrimento externo, relacionado \u00e0s condi\u00e7\u00f5es humanas, do corpo, e do ambiente, existem tamb\u00e9m as causas internas. Buda dizia que os sentimentos ruins e avassaladores que sentimos ao longo da vida, n\u00e3o surgem do nada, mas s\u00e3o gerados dentro de n\u00f3s, a partir daquilo que desejamos conscientemente ou n\u00e3o, e n\u00e3o alcan\u00e7amos.\u00a0<\/span><\/p>\n<p><span style=\"font-weight: 400;\">As nossas frustra\u00e7\u00f5es e desilus\u00f5es s\u00e3o as causas do nosso sofrimento, ou seja,<a href=\"https:\/\/www.iquilibrio.com\/blog\/lives\/live-lei-atracao\/\"> ter controle sobre a nossa mente<\/a>, e se aprofundar no autoconhecimento \u00e9 essencial para que as frustra\u00e7\u00f5es e desilus\u00f5es sejam evitadas ou reduzidos os danos.\u00a0<\/span><\/p>\n<h3>\u00c9 poss\u00edvel eliminar essas causas<\/h3>\n<p><span style=\"font-weight: 400;\">Nesse sentido, o controle da mente, <a href=\"https:\/\/www.iquilibrio.com\/blog\/bem-estar\/autoconhecimento\/como-desenvolver-autoconhecimento\/\">o autoconhecimento<\/a>, e com a ajuda da consci\u00eancia plena, \u00e9 poss\u00edvel ir eliminando aos poucos todas essas coisas que n\u00e3o importam tanto. Os desejos t\u00f3xicos e impulsivos devem ser controlados, pois eles representam a inibi\u00e7\u00e3o para o surgimento da felicidade e dos estados de plena satisfa\u00e7\u00e3o da alma e do esp\u00edrito.\u00a0<\/span><\/p>\n<p><span style=\"font-weight: 400;\">\u00c9 isso que o budismo ensina, voc\u00ea precisa se conhecer o suficiente para impor limites e superar seus pr\u00f3prios desafios a fim de elevar o seu conhecimento sobre a realidade do mundo e da vida em si.\u00a0<\/span><\/p>\n<h3><span style=\"font-weight: 400;\">O nobre caminho \u00f3ctuplo\u00a0<\/span><\/h3>\n<p><span style=\"font-weight: 400;\">Para que tudo isso possa ocorrer com sucesso e voc\u00ea alcan\u00e7ar a plenitude de vida, o budismo indica 8 passos, ou 8 caminhos que voc\u00ea deve seguir para alcan\u00e7ar o estado de ilumina\u00e7\u00e3o que est\u00e1 sobre Buda e que \u00e9 comemorado no dia de Wesak. S\u00e3o eles:<\/span><\/p>\n<ol>\n<li style=\"font-weight: 400;\" aria-level=\"1\"><a href=\"https:\/\/www.iquilibrio.com\/blog\/terapias-alternativas\/meditacao\/meditacao-iniciantes\/\"><span style=\"font-weight: 400;\">Medita\u00e7\u00e3o correta\u00a0<\/span><\/a><\/li>\n<li style=\"font-weight: 400;\" aria-level=\"1\"><span style=\"font-weight: 400;\">Concentra\u00e7\u00e3o\u00a0<\/span><\/li>\n<li style=\"font-weight: 400;\" aria-level=\"1\"><span style=\"font-weight: 400;\">Compreens\u00e3o plena<\/span><\/li>\n<li style=\"font-weight: 400;\" aria-level=\"1\"><a href=\"https:\/\/www.iquilibrio.com\/blog\/bem-estar\/bem-estar-iquilibrio\/\"><span style=\"font-weight: 400;\">Estilo de vida correto<\/span><\/a><\/li>\n<li style=\"font-weight: 400;\" aria-level=\"1\"><span style=\"font-weight: 400;\">Inten\u00e7\u00e3o pura<\/span><\/li>\n<li style=\"font-weight: 400;\" aria-level=\"1\"><span style=\"font-weight: 400;\">Fala comedida\u00a0<\/span><\/li>\n<li style=\"font-weight: 400;\" aria-level=\"1\"><a href=\"https:\/\/www.astrocentro.com.br\/blog\/bem-estar\/meditacao-budista\/\"><span style=\"font-weight: 400;\">A\u00e7\u00e3o adequada<\/span><\/a><\/li>\n<li style=\"font-weight: 400;\" aria-level=\"1\"><span style=\"font-weight: 400;\">Esfor\u00e7o apropriado<\/span><\/li>\n<\/ol>\n<p><span style=\"font-weight: 400;\">A mudan\u00e7a de h\u00e1bitos e mudan\u00e7a de vida, n\u00e3o s\u00e3o processos f\u00e1ceis, ter controle sobre a medita\u00e7\u00e3o constante, mudar a forma de interpretar as coisas, e sempre buscar o conhecimento s\u00e3o causas que exigem algum esfor\u00e7o.\u00a0<\/span><\/p>\n<p><b>Ou seja, ajuda nesses momentos delicados nunca \u00e9 demais! Fale com um especialista e saiba como melhorar a sua vida e espiritualidade, trazendo paz e alegria para o seu dia a dia, fa\u00e7a uma consulta e aprimore o seu processo de autoconhecimento!<\/b><\/p>\n<p style=\"text-align: center;\"><a href=\"https:\/\/www.iquilibrio.com\/autoconhecimento\/?utm_campaign=blog_conversao&amp;utm_medium=texto_cta&amp;utm_source=blog&amp;utm_content=20220630_vesak_festival_luzes_botao_abaixo_paragrafo19\"><strong><span class=\"td_btn td_btn_md td_round_btn\" style=\"background-color: #0000ff;\">Quer trabalhar o autoconhecimento e descobrir a felicidade, Clique Aqui agora!<\/span><\/strong><\/a><\/p>\n<h2><img loading=\"lazy\" decoding=\"async\" class=\"size-full wp-image-31147 aligncenter\" src=\"https:\/\/www.iquilibrio.com\/blog\/wp-content\/uploads\/2021\/05\/beneficios-meditacao.jpg\" alt=\"benef\u00edcios da medita\u00e7\u00e3o\" width=\"900\" height=\"560\" srcset=\"https:\/\/www.iquilibrio.com\/blog\/wp-content\/uploads\/2021\/05\/beneficios-meditacao.jpg 900w, https:\/\/www.iquilibrio.com\/blog\/wp-content\/uploads\/2021\/05\/beneficios-meditacao-300x187.jpg 300w, https:\/\/www.iquilibrio.com\/blog\/wp-content\/uploads\/2021\/05\/beneficios-meditacao-768x478.jpg 768w, https:\/\/www.iquilibrio.com\/blog\/wp-content\/uploads\/2021\/05\/beneficios-meditacao-696x433.jpg 696w, https:\/\/www.iquilibrio.com\/blog\/wp-content\/uploads\/2021\/05\/beneficios-meditacao-675x420.jpg 675w\" sizes=\"auto, (max-width: 900px) 100vw, 900px\" \/><\/h2>\n<h2><span style=\"font-weight: 400;\">Por que comemorar o dia de Vesak?<\/span><\/h2>\n<p><span style=\"font-weight: 400;\">O dia de Vesak \u00e9 comemorado, e posso afirmar que esse dia serve para nos lembrar de todos esses ensinamentos do budismo, a fim de alcan\u00e7armos uma vida feliz, plena, saud\u00e1vel e cheia de bondade e amor.\u00a0<\/span><\/p>\n<p><span style=\"font-weight: 400;\">Essa \u00e9 a verdadeira ess\u00eancia do festival de Wesak, que seja um dia para lembrarmos que n\u00e3o somos seres individuais, somos uma rede interdependente, onde precisa haver ajuda e coopera\u00e7\u00e3o m\u00fatua, sempre pautadas no amor e no favor ao pr\u00f3ximo.\u00a0<\/span><\/p>\n<p><span style=\"font-weight: 400;\">Comemorar Vesak \u00e9 reconhecer que somos seres imperfeitos em busca do desenvolvimento como seres iluminados pela mesma luz e raiou sobre Buda h\u00e1 mais de 2 mil anos atr\u00e1s.\u00a0<\/span><\/p>\n<h2><span style=\"font-weight: 400;\">Festival Wesak &#8211; Caracter\u00edsticas e rituais\u00a0<\/span><\/h2>\n<p><span style=\"font-weight: 400;\">O festival se d\u00e1 atrav\u00e9s de medita\u00e7\u00f5es cont\u00ednuas, mas tamb\u00e9m em estudar os ensinamentos budistas\u00a0 e celebrar a uni\u00e3o da comunidade. Esse tamb\u00e9m \u00e9 considerado o dia de Uposatha, que significa um dia de purifica\u00e7\u00e3o da mente.\u00a0<\/span><\/p>\n<p><span style=\"font-weight: 400;\">A purifica\u00e7\u00e3o da mente se d\u00e1 atrav\u00e9s das medita\u00e7\u00f5es e das boas a\u00e7\u00f5es, no entanto, existem alguns rituais que s\u00e3o feitos durante o festival Wesak que visam derramar \u00e1gua aromatizada, sobre os ombros das est\u00e1tuas do Buda, esses s\u00e3o os famosos banhos que j\u00e1 s\u00e3o muito conhecidos aqui no blog.\u00a0<\/span><\/p>\n<p><span style=\"font-weight: 400;\">Isso \u00e9 feito como sin\u00f4nimo, ou a representa\u00e7\u00e3o da purifica\u00e7\u00e3o da mente e do corpo atrav\u00e9s da \u00e1gua, que sabemos ser o principal s\u00edmbolo e <a href=\"https:\/\/www.iquilibrio.com\/blog\/espiritualidade\/elemento-agua\/\">elemento usado para a purifica\u00e7\u00e3o<\/a> em rituais, seguido pelo <a href=\"https:\/\/www.iquilibrio.com\/blog\/espiritualidade\/elemento-fogo\/\">elemento fogo<\/a>.<\/span><\/p>\n<h3><span style=\"font-weight: 400;\">Dia de Wesak &#8211; Compaix\u00e3o, caridade e bondade!<\/span><\/h3>\n<p><span style=\"font-weight: 400;\">Essas a\u00e7\u00f5es do dia de Wesak s\u00e3o a base dos ensinamentos de Buda, que sempre pregou aos que t\u00eam melhores condi\u00e7\u00f5es de vida, que n\u00e3o abandonem seus bens e riquezas, mas que usem isso para fazer o bem e ajudar o pr\u00f3ximo a ter uma vida mais digna. A vida, segundo o budismo, gera muito sofrimento, ent\u00e3o a bondade est\u00e1 em aliviar o sofrimento daqueles que precisam.\u00a0<\/span><\/p>\n<h2><span style=\"font-weight: 400;\">Porque Vesak \u00e9 um festival das luzes?<\/span><\/h2>\n<p><span style=\"font-weight: 400;\">Vesak ou o festival de Wesak, \u00e9 conhecido como festival das luzes porque reconhece e comemora a <a href=\"https:\/\/www.astrocentro.com.br\/blog\/espiritual\/lua-buda\/\">ilumina\u00e7\u00e3o de Buda<\/a>, com o conhecimento e amor que recebeu das divindades superiores, a partir da busca pelo autoconhecimento, atrav\u00e9s da medita\u00e7\u00e3o, consci\u00eancia e completa compreens\u00e3o da sua vida e do mundo.\u00a0<\/span><\/p>\n<p><span style=\"font-weight: 400;\">Por isso, nessa data, os templos, e casas de pessoas que aderem a essa filosofia de vida, s\u00e3o decorados com muitas luzes, al\u00e9m de as pessoas se vestirem com roupas brancas ou claras, a fim de trazer essa ideia de ritual de purifica\u00e7\u00e3o e busca pelo conhecimento elevado.\u00a0<\/span><\/p>\n<p>Sempre passamos por situa\u00e7\u00f5es dif\u00edceis onde precisamos de algum direcionamento.<\/p>\n<p><b>Ent\u00e3o, se voc\u00ea est\u00e1 passando por algum momento dif\u00edcil na vida, seja relacionado ao amor, trabalho, dinheiro, ou fam\u00edlia, aproveite o dia de Vesak e fa\u00e7a uma tiragem das cartas do Baralho Cigano e obtenha as respostas que voc\u00ea precisa para melhorar sua vida!<\/b><\/p>\n<p style=\"text-align: center;\"><a href=\"https:\/\/www.iquilibrio.com\/baralho-cigano\/?utm_campaign=blog_conversao&amp;utm_medium=texto_cta&amp;utm_source=blog&amp;utm_content=20220630_vesak_festival_luzes_botao_abaixo_ultimo_paragrafo\"><strong><span class=\"td_btn td_btn_md td_round_btn\" style=\"background-color: #0000ff;\">Fa\u00e7a uma consulta do Baralho Cigano e receba direcionamento para mudar a sua vida!<\/span><\/strong><\/a><\/p>\n<hr \/>\n<p>Assista a esse v\u00eddeo e receba mais conhecimento sobre a pratica do autoconhecimento e da espiritualidade:<\/p>\n<p><iframe loading=\"lazy\" title=\"Espiritualidade: como desenvolver e praticar?  - iQuilibrio\" width=\"696\" height=\"392\" src=\"https:\/\/www.youtube.com\/embed\/b_9Y6oLByXw?feature=oembed\" frameborder=\"0\" allow=\"accelerometer; autoplay; clipboard-write; encrypted-media; gyroscope; picture-in-picture\" allowfullscreen><\/iframe><\/p>\n\n\n<div class=\"kk-star-ratings kksr-auto kksr-align-left kksr-valign-bottom\"\n    data-payload='{&quot;align&quot;:&quot;left&quot;,&quot;id&quot;:&quot;36115&quot;,&quot;slug&quot;:&quot;default&quot;,&quot;valign&quot;:&quot;bottom&quot;,&quot;ignore&quot;:&quot;&quot;,&quot;reference&quot;:&quot;auto&quot;,&quot;class&quot;:&quot;&quot;,&quot;count&quot;:&quot;0&quot;,&quot;legendonly&quot;:&quot;&quot;,&quot;readonly&quot;:&quot;&quot;,&quot;score&quot;:&quot;0&quot;,&quot;starsonly&quot;:&quot;&quot;,&quot;best&quot;:&quot;5&quot;,&quot;gap&quot;:&quot;5&quot;,&quot;greet&quot;:&quot;Rate this post&quot;,&quot;legend&quot;:&quot;0\\\/5 - (0 voto)&quot;,&quot;size&quot;:&quot;24&quot;,&quot;title&quot;:&quot;Vesak - Conhe\u00e7a mais sobre o festival das luzes!&quot;,&quot;width&quot;:&quot;0&quot;,&quot;_legend&quot;:&quot;{score}\\\/{best} - ({count} {votes})&quot;,&quot;font_factor&quot;:&quot;1.25&quot;}'>\n            \n<div class=\"kksr-stars\">\n    \n<div class=\"kksr-stars-inactive\">\n            <div class=\"kksr-star\" data-star=\"1\" style=\"padding-right: 5px\">\n            \n\n<div class=\"kksr-icon\" style=\"width: 24px; height: 24px;\"><\/div>\n        <\/div>\n            <div class=\"kksr-star\" data-star=\"2\" style=\"padding-right: 5px\">\n            \n\n<div class=\"kksr-icon\" style=\"width: 24px; height: 24px;\"><\/div>\n        <\/div>\n            <div class=\"kksr-star\" data-star=\"3\" style=\"padding-right: 5px\">\n            \n\n<div class=\"kksr-icon\" style=\"width: 24px; height: 24px;\"><\/div>\n        <\/div>\n            <div class=\"kksr-star\" data-star=\"4\" style=\"padding-right: 5px\">\n            \n\n<div class=\"kksr-icon\" style=\"width: 24px; height: 24px;\"><\/div>\n        <\/div>\n            <div class=\"kksr-star\" data-star=\"5\" style=\"padding-right: 5px\">\n            \n\n<div class=\"kksr-icon\" style=\"width: 24px; height: 24px;\"><\/div>\n        <\/div>\n    <\/div>\n    \n<div class=\"kksr-stars-active\" style=\"width: 0px;\">\n            <div class=\"kksr-star\" style=\"padding-right: 5px\">\n            \n\n<div class=\"kksr-icon\" style=\"width: 24px; height: 24px;\"><\/div>\n        <\/div>\n            <div class=\"kksr-star\" style=\"padding-right: 5px\">\n            \n\n<div class=\"kksr-icon\" style=\"width: 24px; height: 24px;\"><\/div>\n        <\/div>\n            <div class=\"kksr-star\" style=\"padding-right: 5px\">\n            \n\n<div class=\"kksr-icon\" style=\"width: 24px; height: 24px;\"><\/div>\n        <\/div>\n            <div class=\"kksr-star\" style=\"padding-right: 5px\">\n            \n\n<div class=\"kksr-icon\" style=\"width: 24px; height: 24px;\"><\/div>\n        <\/div>\n            <div class=\"kksr-star\" style=\"padding-right: 5px\">\n            \n\n<div class=\"kksr-icon\" style=\"width: 24px; height: 24px;\"><\/div>\n        <\/div>\n    <\/div>\n<\/div>\n                \n\n<div class=\"kksr-legend\" style=\"font-size: 19.2px;\">\n            <span class=\"kksr-muted\">Rate this post<\/span>\n    <\/div>\n    <\/div>\n","protected":false},"excerpt":{"rendered":"<p>\u00cdndice &#8211; Vesak\u00a0 Acredito que a todos os que se interessam pela caridade, benevol\u00eancia e boas a\u00e7\u00f5es, devem se interessar por esse tema. Hoje vamos aprender juntos sobre o que \u00e9 o Vesak, uma data festiva budista, que \u00e9 muito conhecido, pois est\u00e1 relacionado com o maior s\u00edmbolo do budismo no mundo, Buda Gautama. Quem [&hellip;]<\/p>\n","protected":false},"author":153,"featured_media":36117,"comment_status":"closed","ping_status":"closed","sticky":false,"template":"","format":"standard","meta":{"footnotes":""},"categories":[502],"tags":[4713,4716,4714,4711,4712,4715],"class_list":["post-36115","post","type-post","status-publish","format-standard","has-post-thumbnail","hentry","category-espiritualidade","tag-dia-de-wesak","tag-festival-das-luzes","tag-festival-de-wesak","tag-vesak","tag-wesak","tag-wesak-festival"],"yoast_head":"<!-- This site is optimized with the Yoast SEO plugin v27.4 - https:\/\/yoast.com\/product\/yoast-seo-wordpress\/ -->\n<title>Vesak - Conhe\u00e7a mais sobre o festival das luzes!<\/title>\n<meta name=\"description\" content=\"Voc\u00ea conhece Vesak, ou o festival das luzes? Essa \u00e9 uma data que ocorre na primeira lua nova de maio, afim de comemorar a data de Buda!\" \/>\n<meta name=\"robots\" content=\"index, follow, max-snippet:-1, max-image-preview:large, max-video-preview:-1\" \/>\n<link rel=\"canonical\" href=\"https:\/\/www.iquilibrio.com\/blog\/espiritualidade\/vesak-festival-luzes\/\" \/>\n<meta property=\"og:locale\" content=\"pt_BR\" \/>\n<meta property=\"og:type\" content=\"article\" \/>\n<meta property=\"og:title\" content=\"Vesak - Conhe\u00e7a mais sobre o festival das luzes!\" \/>\n<meta property=\"og:description\" content=\"Voc\u00ea conhece Vesak, ou o festival das luzes? Essa \u00e9 uma data que ocorre na primeira lua nova de maio, afim de comemorar a data de Buda!\" \/>\n<meta property=\"og:url\" content=\"https:\/\/www.iquilibrio.com\/blog\/espiritualidade\/vesak-festival-luzes\/\" \/>\n<meta property=\"og:site_name\" content=\"iQuilibrio\" \/>\n<meta property=\"article:publisher\" content=\"https:\/\/www.facebook.com\/iQuilibrio\/\" \/>\n<meta property=\"article:published_time\" content=\"2022-07-01T18:15:43+00:00\" \/>\n<meta property=\"og:image\" content=\"https:\/\/www.iquilibrio.com\/blog\/wp-content\/uploads\/2022\/06\/Vesak.jpg\" \/>\n\t<meta property=\"og:image:width\" content=\"900\" \/>\n\t<meta property=\"og:image:height\" content=\"560\" \/>\n\t<meta property=\"og:image:type\" content=\"image\/jpeg\" \/>\n<meta name=\"author\" content=\"Eduardo Miranda\" \/>\n<meta name=\"twitter:card\" content=\"summary_large_image\" \/>\n<meta name=\"twitter:creator\" content=\"@iquilibrio\" \/>\n<meta name=\"twitter:site\" content=\"@iquilibrio\" \/>\n<meta name=\"twitter:label1\" content=\"Escrito por\" \/>\n\t<meta name=\"twitter:data1\" content=\"Eduardo Miranda\" \/>\n\t<meta name=\"twitter:label2\" content=\"Est. tempo de leitura\" \/>\n\t<meta name=\"twitter:data2\" content=\"9 minutos\" \/>\n<script type=\"application\/ld+json\" class=\"yoast-schema-graph\">{\"@context\":\"https:\\\/\\\/schema.org\",\"@graph\":[{\"@type\":\"Article\",\"@id\":\"https:\\\/\\\/www.iquilibrio.com\\\/blog\\\/espiritualidade\\\/vesak-festival-luzes\\\/#article\",\"isPartOf\":{\"@id\":\"https:\\\/\\\/www.iquilibrio.com\\\/blog\\\/espiritualidade\\\/vesak-festival-luzes\\\/\"},\"author\":{\"name\":\"Eduardo Miranda\",\"@id\":\"https:\\\/\\\/www.iquilibrio.com\\\/blog\\\/#\\\/schema\\\/person\\\/c77867b3c23fbf4763476631f4b92e6e\"},\"headline\":\"Vesak &#8211; Conhe\u00e7a mais sobre o festival das luzes!\",\"datePublished\":\"2022-07-01T18:15:43+00:00\",\"mainEntityOfPage\":{\"@id\":\"https:\\\/\\\/www.iquilibrio.com\\\/blog\\\/espiritualidade\\\/vesak-festival-luzes\\\/\"},\"wordCount\":1587,\"publisher\":{\"@id\":\"https:\\\/\\\/www.iquilibrio.com\\\/blog\\\/#organization\"},\"image\":{\"@id\":\"https:\\\/\\\/www.iquilibrio.com\\\/blog\\\/espiritualidade\\\/vesak-festival-luzes\\\/#primaryimage\"},\"thumbnailUrl\":\"https:\\\/\\\/www.iquilibrio.com\\\/blog\\\/wp-content\\\/uploads\\\/2022\\\/06\\\/Vesak.jpg\",\"keywords\":[\"dia de wesak\",\"festival das luzes\",\"festival de wesak\",\"Vesak\",\"Wesak\",\"wesak festival\"],\"articleSection\":[\"Espiritualidade\"],\"inLanguage\":\"pt-BR\"},{\"@type\":\"WebPage\",\"@id\":\"https:\\\/\\\/www.iquilibrio.com\\\/blog\\\/espiritualidade\\\/vesak-festival-luzes\\\/\",\"url\":\"https:\\\/\\\/www.iquilibrio.com\\\/blog\\\/espiritualidade\\\/vesak-festival-luzes\\\/\",\"name\":\"Vesak - Conhe\u00e7a mais sobre o festival das luzes!\",\"isPartOf\":{\"@id\":\"https:\\\/\\\/www.iquilibrio.com\\\/blog\\\/#website\"},\"primaryImageOfPage\":{\"@id\":\"https:\\\/\\\/www.iquilibrio.com\\\/blog\\\/espiritualidade\\\/vesak-festival-luzes\\\/#primaryimage\"},\"image\":{\"@id\":\"https:\\\/\\\/www.iquilibrio.com\\\/blog\\\/espiritualidade\\\/vesak-festival-luzes\\\/#primaryimage\"},\"thumbnailUrl\":\"https:\\\/\\\/www.iquilibrio.com\\\/blog\\\/wp-content\\\/uploads\\\/2022\\\/06\\\/Vesak.jpg\",\"datePublished\":\"2022-07-01T18:15:43+00:00\",\"description\":\"Voc\u00ea conhece Vesak, ou o festival das luzes? Essa \u00e9 uma data que ocorre na primeira lua nova de maio, afim de comemorar a data de Buda!\",\"breadcrumb\":{\"@id\":\"https:\\\/\\\/www.iquilibrio.com\\\/blog\\\/espiritualidade\\\/vesak-festival-luzes\\\/#breadcrumb\"},\"inLanguage\":\"pt-BR\",\"potentialAction\":[{\"@type\":\"ReadAction\",\"target\":[\"https:\\\/\\\/www.iquilibrio.com\\\/blog\\\/espiritualidade\\\/vesak-festival-luzes\\\/\"]}]},{\"@type\":\"ImageObject\",\"inLanguage\":\"pt-BR\",\"@id\":\"https:\\\/\\\/www.iquilibrio.com\\\/blog\\\/espiritualidade\\\/vesak-festival-luzes\\\/#primaryimage\",\"url\":\"https:\\\/\\\/www.iquilibrio.com\\\/blog\\\/wp-content\\\/uploads\\\/2022\\\/06\\\/Vesak.jpg\",\"contentUrl\":\"https:\\\/\\\/www.iquilibrio.com\\\/blog\\\/wp-content\\\/uploads\\\/2022\\\/06\\\/Vesak.jpg\",\"width\":900,\"height\":560,\"caption\":\"Vesak\"},{\"@type\":\"BreadcrumbList\",\"@id\":\"https:\\\/\\\/www.iquilibrio.com\\\/blog\\\/espiritualidade\\\/vesak-festival-luzes\\\/#breadcrumb\",\"itemListElement\":[{\"@type\":\"ListItem\",\"position\":1,\"name\":\"In\u00edcio\",\"item\":\"https:\\\/\\\/www.iquilibrio.com\\\/blog\\\/\"},{\"@type\":\"ListItem\",\"position\":2,\"name\":\"Vesak &#8211; Conhe\u00e7a mais sobre o festival das luzes!\"}]},{\"@type\":\"WebSite\",\"@id\":\"https:\\\/\\\/www.iquilibrio.com\\\/blog\\\/#website\",\"url\":\"https:\\\/\\\/www.iquilibrio.com\\\/blog\\\/\",\"name\":\"iQuilibrio\",\"description\":\"Blog iQuilibrio\",\"publisher\":{\"@id\":\"https:\\\/\\\/www.iquilibrio.com\\\/blog\\\/#organization\"},\"potentialAction\":[{\"@type\":\"SearchAction\",\"target\":{\"@type\":\"EntryPoint\",\"urlTemplate\":\"https:\\\/\\\/www.iquilibrio.com\\\/blog\\\/?s={search_term_string}\"},\"query-input\":{\"@type\":\"PropertyValueSpecification\",\"valueRequired\":true,\"valueName\":\"search_term_string\"}}],\"inLanguage\":\"pt-BR\"},{\"@type\":\"Organization\",\"@id\":\"https:\\\/\\\/www.iquilibrio.com\\\/blog\\\/#organization\",\"name\":\"Esoterismo, Misticismo e Tarot Online - iQuilibrio\",\"url\":\"https:\\\/\\\/www.iquilibrio.com\\\/blog\\\/\",\"logo\":{\"@type\":\"ImageObject\",\"inLanguage\":\"pt-BR\",\"@id\":\"https:\\\/\\\/www.iquilibrio.com\\\/blog\\\/#\\\/schema\\\/logo\\\/image\\\/\",\"url\":\"https:\\\/\\\/www.iquilibrio.com\\\/blog\\\/wp-content\\\/uploads\\\/2018\\\/12\\\/iquilibrio_lovo_vetor_preto-retina.png\",\"contentUrl\":\"https:\\\/\\\/www.iquilibrio.com\\\/blog\\\/wp-content\\\/uploads\\\/2018\\\/12\\\/iquilibrio_lovo_vetor_preto-retina.png\",\"width\":972,\"height\":180,\"caption\":\"Esoterismo, Misticismo e Tarot Online - iQuilibrio\"},\"image\":{\"@id\":\"https:\\\/\\\/www.iquilibrio.com\\\/blog\\\/#\\\/schema\\\/logo\\\/image\\\/\"},\"sameAs\":[\"https:\\\/\\\/www.facebook.com\\\/iQuilibrio\\\/\",\"https:\\\/\\\/x.com\\\/iquilibrio\",\"https:\\\/\\\/www.instagram.com\\\/iquilibrio\\\/\",\"https:\\\/\\\/www.linkedin.com\\\/company\\\/iquilibrio\\\/\",\"https:\\\/\\\/br.pinterest.com\\\/iquilibrio1397\\\/\",\"https:\\\/\\\/www.youtube.com\\\/channel\\\/UC175qxd-4Zsi4wzawT5zF2g\"]},{\"@type\":\"Person\",\"@id\":\"https:\\\/\\\/www.iquilibrio.com\\\/blog\\\/#\\\/schema\\\/person\\\/c77867b3c23fbf4763476631f4b92e6e\",\"name\":\"Eduardo Miranda\",\"image\":{\"@type\":\"ImageObject\",\"inLanguage\":\"pt-BR\",\"@id\":\"https:\\\/\\\/www.iquilibrio.com\\\/blog\\\/wp-content\\\/uploads\\\/2021\\\/12\\\/Consulta-por-email-3-150x150.png\",\"url\":\"https:\\\/\\\/www.iquilibrio.com\\\/blog\\\/wp-content\\\/uploads\\\/2021\\\/12\\\/Consulta-por-email-3-150x150.png\",\"contentUrl\":\"https:\\\/\\\/www.iquilibrio.com\\\/blog\\\/wp-content\\\/uploads\\\/2021\\\/12\\\/Consulta-por-email-3-150x150.png\",\"caption\":\"Eduardo Miranda\"},\"description\":\"Eduardo, \u00e9 um jovem apaixonado pela leitura e escrita. Est\u00e1 constantemente em busca de novos aprendizados e experi\u00eancias. A miss\u00e3o dele envolve o desenvolvimento das pessoas atrav\u00e9s daquilo que escreve, de forma leve e pr\u00e1tica, em busca de propagar conte\u00fados emp\u00e1ticos ao falar sobre temas como autoconhecimento e espiritualidade. Sempre prezando pela complexidade interior de cada um, respeitando as cargas emocionais e culturais de cada indiv\u00edduo ao abordar temas como: religi\u00e3o, amor e outras vertentes da vida espiritual.\",\"url\":\"https:\\\/\\\/www.iquilibrio.com\\\/blog\\\/author\\\/lucas-eduardo\\\/\"}]}<\/script>\n<!-- \/ Yoast SEO plugin. -->","yoast_head_json":{"title":"Vesak - Conhe\u00e7a mais sobre o festival das luzes!","description":"Voc\u00ea conhece Vesak, ou o festival das luzes? Essa \u00e9 uma data que ocorre na primeira lua nova de maio, afim de comemorar a data de Buda!","robots":{"index":"index","follow":"follow","max-snippet":"max-snippet:-1","max-image-preview":"max-image-preview:large","max-video-preview":"max-video-preview:-1"},"canonical":"https:\/\/www.iquilibrio.com\/blog\/espiritualidade\/vesak-festival-luzes\/","og_locale":"pt_BR","og_type":"article","og_title":"Vesak - Conhe\u00e7a mais sobre o festival das luzes!","og_description":"Voc\u00ea conhece Vesak, ou o festival das luzes? Essa \u00e9 uma data que ocorre na primeira lua nova de maio, afim de comemorar a data de Buda!","og_url":"https:\/\/www.iquilibrio.com\/blog\/espiritualidade\/vesak-festival-luzes\/","og_site_name":"iQuilibrio","article_publisher":"https:\/\/www.facebook.com\/iQuilibrio\/","article_published_time":"2022-07-01T18:15:43+00:00","og_image":[{"width":900,"height":560,"url":"https:\/\/www.iquilibrio.com\/blog\/wp-content\/uploads\/2022\/06\/Vesak.jpg","type":"image\/jpeg"}],"author":"Eduardo Miranda","twitter_card":"summary_large_image","twitter_creator":"@iquilibrio","twitter_site":"@iquilibrio","twitter_misc":{"Escrito por":"Eduardo Miranda","Est. tempo de leitura":"9 minutos"},"schema":{"@context":"https:\/\/schema.org","@graph":[{"@type":"Article","@id":"https:\/\/www.iquilibrio.com\/blog\/espiritualidade\/vesak-festival-luzes\/#article","isPartOf":{"@id":"https:\/\/www.iquilibrio.com\/blog\/espiritualidade\/vesak-festival-luzes\/"},"author":{"name":"Eduardo Miranda","@id":"https:\/\/www.iquilibrio.com\/blog\/#\/schema\/person\/c77867b3c23fbf4763476631f4b92e6e"},"headline":"Vesak &#8211; Conhe\u00e7a mais sobre o festival das luzes!","datePublished":"2022-07-01T18:15:43+00:00","mainEntityOfPage":{"@id":"https:\/\/www.iquilibrio.com\/blog\/espiritualidade\/vesak-festival-luzes\/"},"wordCount":1587,"publisher":{"@id":"https:\/\/www.iquilibrio.com\/blog\/#organization"},"image":{"@id":"https:\/\/www.iquilibrio.com\/blog\/espiritualidade\/vesak-festival-luzes\/#primaryimage"},"thumbnailUrl":"https:\/\/www.iquilibrio.com\/blog\/wp-content\/uploads\/2022\/06\/Vesak.jpg","keywords":["dia de wesak","festival das luzes","festival de wesak","Vesak","Wesak","wesak festival"],"articleSection":["Espiritualidade"],"inLanguage":"pt-BR"},{"@type":"WebPage","@id":"https:\/\/www.iquilibrio.com\/blog\/espiritualidade\/vesak-festival-luzes\/","url":"https:\/\/www.iquilibrio.com\/blog\/espiritualidade\/vesak-festival-luzes\/","name":"Vesak - Conhe\u00e7a mais sobre o festival das luzes!","isPartOf":{"@id":"https:\/\/www.iquilibrio.com\/blog\/#website"},"primaryImageOfPage":{"@id":"https:\/\/www.iquilibrio.com\/blog\/espiritualidade\/vesak-festival-luzes\/#primaryimage"},"image":{"@id":"https:\/\/www.iquilibrio.com\/blog\/espiritualidade\/vesak-festival-luzes\/#primaryimage"},"thumbnailUrl":"https:\/\/www.iquilibrio.com\/blog\/wp-content\/uploads\/2022\/06\/Vesak.jpg","datePublished":"2022-07-01T18:15:43+00:00","description":"Voc\u00ea conhece Vesak, ou o festival das luzes? Essa \u00e9 uma data que ocorre na primeira lua nova de maio, afim de comemorar a data de Buda!","breadcrumb":{"@id":"https:\/\/www.iquilibrio.com\/blog\/espiritualidade\/vesak-festival-luzes\/#breadcrumb"},"inLanguage":"pt-BR","potentialAction":[{"@type":"ReadAction","target":["https:\/\/www.iquilibrio.com\/blog\/espiritualidade\/vesak-festival-luzes\/"]}]},{"@type":"ImageObject","inLanguage":"pt-BR","@id":"https:\/\/www.iquilibrio.com\/blog\/espiritualidade\/vesak-festival-luzes\/#primaryimage","url":"https:\/\/www.iquilibrio.com\/blog\/wp-content\/uploads\/2022\/06\/Vesak.jpg","contentUrl":"https:\/\/www.iquilibrio.com\/blog\/wp-content\/uploads\/2022\/06\/Vesak.jpg","width":900,"height":560,"caption":"Vesak"},{"@type":"BreadcrumbList","@id":"https:\/\/www.iquilibrio.com\/blog\/espiritualidade\/vesak-festival-luzes\/#breadcrumb","itemListElement":[{"@type":"ListItem","position":1,"name":"In\u00edcio","item":"https:\/\/www.iquilibrio.com\/blog\/"},{"@type":"ListItem","position":2,"name":"Vesak &#8211; Conhe\u00e7a mais sobre o festival das luzes!"}]},{"@type":"WebSite","@id":"https:\/\/www.iquilibrio.com\/blog\/#website","url":"https:\/\/www.iquilibrio.com\/blog\/","name":"iQuilibrio","description":"Blog iQuilibrio","publisher":{"@id":"https:\/\/www.iquilibrio.com\/blog\/#organization"},"potentialAction":[{"@type":"SearchAction","target":{"@type":"EntryPoint","urlTemplate":"https:\/\/www.iquilibrio.com\/blog\/?s={search_term_string}"},"query-input":{"@type":"PropertyValueSpecification","valueRequired":true,"valueName":"search_term_string"}}],"inLanguage":"pt-BR"},{"@type":"Organization","@id":"https:\/\/www.iquilibrio.com\/blog\/#organization","name":"Esoterismo, Misticismo e Tarot Online - iQuilibrio","url":"https:\/\/www.iquilibrio.com\/blog\/","logo":{"@type":"ImageObject","inLanguage":"pt-BR","@id":"https:\/\/www.iquilibrio.com\/blog\/#\/schema\/logo\/image\/","url":"https:\/\/www.iquilibrio.com\/blog\/wp-content\/uploads\/2018\/12\/iquilibrio_lovo_vetor_preto-retina.png","contentUrl":"https:\/\/www.iquilibrio.com\/blog\/wp-content\/uploads\/2018\/12\/iquilibrio_lovo_vetor_preto-retina.png","width":972,"height":180,"caption":"Esoterismo, Misticismo e Tarot Online - iQuilibrio"},"image":{"@id":"https:\/\/www.iquilibrio.com\/blog\/#\/schema\/logo\/image\/"},"sameAs":["https:\/\/www.facebook.com\/iQuilibrio\/","https:\/\/x.com\/iquilibrio","https:\/\/www.instagram.com\/iquilibrio\/","https:\/\/www.linkedin.com\/company\/iquilibrio\/","https:\/\/br.pinterest.com\/iquilibrio1397\/","https:\/\/www.youtube.com\/channel\/UC175qxd-4Zsi4wzawT5zF2g"]},{"@type":"Person","@id":"https:\/\/www.iquilibrio.com\/blog\/#\/schema\/person\/c77867b3c23fbf4763476631f4b92e6e","name":"Eduardo Miranda","image":{"@type":"ImageObject","inLanguage":"pt-BR","@id":"https:\/\/www.iquilibrio.com\/blog\/wp-content\/uploads\/2021\/12\/Consulta-por-email-3-150x150.png","url":"https:\/\/www.iquilibrio.com\/blog\/wp-content\/uploads\/2021\/12\/Consulta-por-email-3-150x150.png","contentUrl":"https:\/\/www.iquilibrio.com\/blog\/wp-content\/uploads\/2021\/12\/Consulta-por-email-3-150x150.png","caption":"Eduardo Miranda"},"description":"Eduardo, \u00e9 um jovem apaixonado pela leitura e escrita. Est\u00e1 constantemente em busca de novos aprendizados e experi\u00eancias. A miss\u00e3o dele envolve o desenvolvimento das pessoas atrav\u00e9s daquilo que escreve, de forma leve e pr\u00e1tica, em busca de propagar conte\u00fados emp\u00e1ticos ao falar sobre temas como autoconhecimento e espiritualidade. Sempre prezando pela complexidade interior de cada um, respeitando as cargas emocionais e culturais de cada indiv\u00edduo ao abordar temas como: religi\u00e3o, amor e outras vertentes da vida espiritual.","url":"https:\/\/www.iquilibrio.com\/blog\/author\/lucas-eduardo\/"}]}},"_links":{"self":[{"href":"https:\/\/www.iquilibrio.com\/blog\/wp-json\/wp\/v2\/posts\/36115","targetHints":{"allow":["GET"]}}],"collection":[{"href":"https:\/\/www.iquilibrio.com\/blog\/wp-json\/wp\/v2\/posts"}],"about":[{"href":"https:\/\/www.iquilibrio.com\/blog\/wp-json\/wp\/v2\/types\/post"}],"author":[{"embeddable":true,"href":"https:\/\/www.iquilibrio.com\/blog\/wp-json\/wp\/v2\/users\/153"}],"replies":[{"embeddable":true,"href":"https:\/\/www.iquilibrio.com\/blog\/wp-json\/wp\/v2\/comments?post=36115"}],"version-history":[{"count":4,"href":"https:\/\/www.iquilibrio.com\/blog\/wp-json\/wp\/v2\/posts\/36115\/revisions"}],"predecessor-version":[{"id":36120,"href":"https:\/\/www.iquilibrio.com\/blog\/wp-json\/wp\/v2\/posts\/36115\/revisions\/36120"}],"wp:featuredmedia":[{"embeddable":true,"href":"https:\/\/www.iquilibrio.com\/blog\/wp-json\/wp\/v2\/media\/36117"}],"wp:attachment":[{"href":"https:\/\/www.iquilibrio.com\/blog\/wp-json\/wp\/v2\/media?parent=36115"}],"wp:term":[{"taxonomy":"category","embeddable":true,"href":"https:\/\/www.iquilibrio.com\/blog\/wp-json\/wp\/v2\/categories?post=36115"},{"taxonomy":"post_tag","embeddable":true,"href":"https:\/\/www.iquilibrio.com\/blog\/wp-json\/wp\/v2\/tags?post=36115"}],"curies":[{"name":"wp","href":"https:\/\/api.w.org\/{rel}","templated":true}]}}