{"id":36091,"date":"2022-06-29T15:15:22","date_gmt":"2022-06-29T18:15:22","guid":{"rendered":"https:\/\/www.iquilibrio.com\/blog\/?p=36091"},"modified":"2022-06-28T17:31:20","modified_gmt":"2022-06-28T20:31:20","slug":"oracao-de-sao-pedro","status":"publish","type":"post","link":"https:\/\/www.iquilibrio.com\/blog\/espiritualidade\/oracoes-salmos\/oracao-de-sao-pedro\/","title":{"rendered":"Ora\u00e7\u00e3o de S\u00e3o Pedro &#8211; Descubra a f\u00e9 e o poder de Deus"},"content":{"rendered":"<h2><span style=\"font-weight: 400;\">\u00cdndice &#8211; Ora\u00e7\u00e3o de S\u00e3o Pedro<\/span><\/h2>\n<p><span style=\"font-weight: 400;\">Existe um di\u00e1logo na b\u00edblia entre Jesus e Pedro <\/span><b>\u201cPedro tu \u00e9s pedra e sobre essa pedra proclamo minha Igreja. &#8211; Mateus 16: 18-19\u201d<\/b><span style=\"font-weight: 400;\">. Pedro negou a Jesus, era est\u00fapido, violento, bruto e sem modos. No entanto, foi este que compreendeu e realizou o projeto de Deus depois da passagem de Jesus aqui na Terra. Por isso, hoje vamos fazer uma poderosa\u00a0 <\/span><b>Ora\u00e7\u00e3o de S\u00e3o Pedro.<\/b><\/p>\n<p><span style=\"font-weight: 400;\">Estamos aqui mais uma vez para falar sobre os santos do m\u00eas de Junho. Este \u00e9 um m\u00eas onde relembramos as hist\u00f3rias de vida de tr\u00eas Santos, s\u00e3o eles: <a href=\"https:\/\/www.iquilibrio.com\/blog\/espiritualidade\/cristianismo\/dia-santo-antonio\/\">Santo Ant\u00f4nio<\/a>; <a href=\"https:\/\/www.iquilibrio.com\/blog\/espiritualidade\/cristianismo\/sao-joao-batista\/\">S\u00e3o Jo\u00e3o<\/a>; S\u00e3o Pedro. No entanto, al\u00e9m de relembrar as hist\u00f3rias de vida deles e os milagres, tamb\u00e9m mostramos a voc\u00eas as ora\u00e7\u00f5es mais poderosas de cada um deles.\u00a0<\/span><\/p>\n<p><span style=\"font-weight: 400;\">Hoje o consultor Mariano, nos guiar\u00e1 por uma poderosa <\/span><b>ora\u00e7\u00e3o de S\u00e3o Pedro<\/b><span style=\"font-weight: 400;\">, a fim de que tenhamos uma forma eficaz de nos aproximar de um <a href=\"https:\/\/www.iquilibrio.com\/blog\/espiritualidade\/cristianismo\/sao-pedro\/\">Santo t\u00e3o poderoso<\/a> como S\u00e3o Pedro. Ent\u00e3o aproveite!!!<\/span><\/p>\n<h2><span style=\"font-weight: 400;\">Al\u00e9m de pedidos e ora\u00e7\u00f5es, tenha intimidade!<\/span><\/h2>\n<p><span style=\"font-weight: 400;\">Assim como as ora\u00e7\u00f5es dos outros dois santos, a<\/span><b> ora\u00e7\u00e3o de S\u00e3o Pedro <\/b><span style=\"font-weight: 400;\">tem muito poder e pode se alinhar aos seus prop\u00f3sitos. O que \u00e9 interessante enfatizar, \u00e9 que voc\u00ea n\u00e3o deve orar apenas quando precisa ou deseja alguma coisa que os poderosos celestiais podem te dar. Mas a ora\u00e7\u00e3o deve ser praticada diariamente, a fim de que se tenha intimidade e um relacionamento saud\u00e1vel e duradouro com essas divindades.<\/span><\/p>\n<h2><span style=\"font-weight: 400;\">Ora\u00e7\u00e3o de S\u00e3o Pedro &#8211; Amor e perd\u00e3o<\/span><\/h2>\n<p><span style=\"font-weight: 400;\">Eu te neguei por medo dos homens, logo tu que encarou os homens por ser Deus em N\u00f3s.<\/span><\/p>\n<p><span style=\"font-weight: 400;\">Assim te procuro \u00e9 meu Senhor, Amigo e Mestre;<\/span><\/p>\n<p><span style=\"font-weight: 400;\">Pe\u00e7o-vos perd\u00e3o por ter lamentado quando tinha que ter exaltado.<\/span><\/p>\n<p><span style=\"font-weight: 400;\">Pe\u00e7o perd\u00e3o por ter brigado, quando tinha que ter amado.<\/span><\/p>\n<p><span style=\"font-weight: 400;\">Perd\u00e3o por ter negado meu amor a ti, quando tinha que provar minha f\u00e9.<\/span><\/p>\n<p><span style=\"font-weight: 400;\">Pe\u00e7o miseric\u00f3rdia por ter sido fraco, quando eu precisava ser forte.<\/span><\/p>\n<p><span style=\"font-weight: 400;\">A ti clamo por perd\u00e3o j\u00e1 que 3 vezes eu disse \u201cn\u00e3o conhe\u00e7o\u201d, logo tu que me conheces como a palma de sua m\u00e3o.<\/span><\/p>\n<p><span style=\"font-weight: 400;\">Pe\u00e7o a ti paci\u00eancia para me perdoar, pois sou humano e limitado.<\/span><\/p>\n<p><span style=\"font-weight: 400;\">Meu pedido \u00e9 que me ames, pois s\u00f3 fico angustiado.<\/span><\/p>\n<p><span style=\"font-weight: 400;\">Por favor me ajude, afinal nem eu sei meus rumos.<\/span><\/p>\n<p><span style=\"font-weight: 400;\">Que seu perd\u00e3o seja minha salva\u00e7\u00e3o,\u00a0<\/span><\/p>\n<p><span style=\"font-weight: 400;\">Seu amor minha cura, e Senhor que seu nome seja minha defesa Jesus.<\/span><\/p>\n<p><span style=\"font-weight: 400;\">Am\u00e9m!<\/span><\/p>\n<h2><span style=\"font-weight: 400;\">Ora\u00e7\u00e3o a S\u00e3o Pedro para alcan\u00e7ar o que voc\u00ea precisa<\/span><\/h2>\n<p><span style=\"font-weight: 400;\">Oh digno Profeta e seguidor de Jesus,\u00a0<\/span><\/p>\n<p><span style=\"font-weight: 400;\">Nos ensine a ser mais vibrantes como tu eras\u00a0<\/span><\/p>\n<p><span style=\"font-weight: 400;\">E mais atento \u00e0 f\u00e9 como se tornaste<\/span><\/p>\n<p><span style=\"font-weight: 400;\">S\u00e3o Pedro, edifique em meu cora\u00e7\u00e3o o amor de Cristo\u00a0<\/span><\/p>\n<p><span style=\"font-weight: 400;\">Para afastar de mim toda forma de persegui\u00e7\u00e3o,\u00a0<\/span><\/p>\n<p><span style=\"font-weight: 400;\">Toda maledic\u00eancia, toda desumanidade, trai\u00e7\u00e3o, dor e desejos mundanos.<\/span><\/p>\n<p><span style=\"font-weight: 400;\">Acolha minha vida em suas m\u00e3os fortes\u00a0<\/span><\/p>\n<p><span style=\"font-weight: 400;\">E me fa\u00e7a pescar em abund\u00e2ncia as gra\u00e7as que tanto preciso. (especificar a gra\u00e7a), Reconhecendo as minhas fraquezas e transformando-as em minhas fortalezas,\u00a0<\/span><\/p>\n<p><span style=\"font-weight: 400;\">Assim espero na prosperidade de sua F\u00e9 e Paz, crescer e me fortalecer,\u00a0<\/span><\/p>\n<p><span style=\"font-weight: 400;\">\u00d3 sagrado sacerdote de Cristo, Papa primeiro, pescador de homens.<\/span><\/p>\n<p><span style=\"font-weight: 400;\">Sou Grato por sua exist\u00eancia e hoje me coloco em rendi\u00e7\u00e3o a sua For\u00e7a,\u00a0<\/span><\/p>\n<p><span style=\"font-weight: 400;\">Pois S\u00e3o Pedro tu \u00e9s a Pedra viva de Cristo.<\/span><\/p>\n<p><span style=\"font-weight: 400;\">Am\u00e9m!<\/span><\/p>\n<p style=\"text-align: center;\"><b>Acenda uma vela n\u00famero 4. <\/b><\/p>\n<p style=\"text-align: center;\"><b>Reze a ora\u00e7\u00e3o, 3 Aves Maria e 1 Pai Nosso.<\/b><\/p>\n<h2>O segredo para ora\u00e7\u00f5es eficazes!<\/h2>\n<p><span style=\"font-weight: 400;\">O que disse no come\u00e7o sobre ter intimidade se deve ao fato de que quando temos intimidade com algu\u00e9m, automaticamente nos tornamos mais pr\u00f3ximos desse algu\u00e9m, portanto, no momento que precisar de algo, ter\u00e1 acesso mais r\u00e1pido j\u00e1 que voc\u00ea semeia momentos bons, de f\u00e9 e dedica\u00e7\u00e3o a esse <a href=\"https:\/\/www.astrocentro.com.br\/blog\/previsoes\/simpatia-de-sao-pedro\/\">Santo t\u00e3o amado<\/a>.<\/span><\/p>\n<p><span style=\"font-weight: 400;\">Essa \u00e9 a poderosa ora\u00e7\u00e3o de S\u00e3o Pedro. Por isso, ore a esse Santo com f\u00e9 e creia que aquilo que voc\u00ea precisa e que deixou <a href=\"https:\/\/www.iquilibrio.com\/blog\/espiritualidade\/oracoes-salmos\/salmo-91\/\">claro na ora\u00e7\u00e3o<\/a>, ser\u00e1 atendido muito em breve, n\u00e3o deixe de crer nisso!\u00a0<\/span><\/p>\n<p><span style=\"font-weight: 400;\">Quer saber mais formas de atrair aquilo que voc\u00ea deseja para a sua vida? Conte com a ajuda do Tarot, ele tem o poder de ver e entender o que est\u00e1 em sua mente e cora\u00e7\u00e3o, muitas vezes at\u00e9 te causando afli\u00e7\u00e3o. Dessa forma, o consultor ou tar\u00f3logo, recebe orienta\u00e7\u00f5es de como voc\u00ea consulente deve fazer a tomada de decis\u00e3o correta para uma situa\u00e7\u00e3o espec\u00edfica em sua vida.\u00a0<\/span><\/p>\n<p style=\"text-align: center;\"><a href=\"https:\/\/www.iquilibrio.com\/tarot\/?utm_campaign=blog_conversao&amp;utm_medium=texto_cta&amp;utm_source=blog&amp;utm_content=20220628_ora\u00e7\u00e3o_de_s\u00e3o_pedro_botao_abaixo_ultimo_paragrafo\"><strong><span class=\"td_btn td_btn_md td_round_btn\" style=\"background-color: #0000ff;\">Aproveite o poder do Tarot e transforme ainda hoje a sua vida!<\/span><\/strong><\/a><\/p>\n<hr \/>\n<div>\n<figure id=\"attachment_36093\" aria-describedby=\"caption-attachment-36093\" style=\"width: 150px\" class=\"wp-caption alignleft\"><img loading=\"lazy\" decoding=\"async\" class=\"wp-image-36093 size-thumbnail\" src=\"https:\/\/www.iquilibrio.com\/blog\/wp-content\/uploads\/2022\/06\/consultor-Mariano-1-150x150.png\" alt=\"consultor Mariano \" width=\"150\" height=\"150\" \/><figcaption id=\"caption-attachment-36093\" class=\"wp-caption-text\">consultor Mariano<\/figcaption><\/figure>\n<p>Ol\u00e1, sou terapeuta, formado na espiritualidade Crist\u00e3, onde a mais de 30 anos trabalho e estudo. Conheci e tenho experi\u00eancia em b\u00ean\u00e7\u00e3os com incensos, velas, medita\u00e7\u00e3o, Ho&#8217;oponopono e misticismo crist\u00e3o, onde aprendi, sobre as estrelas, constela\u00e7\u00f5es, magias antigas, po\u00e7\u00f5es, entre outros. Depois comecei a estudar espiritismo, tanto a linha de Kardec quanto a linha dos Orix\u00e1s e por fim iniciei meu interesse por trabalhos volunt\u00e1rios realizando atua\u00e7\u00f5es sociais e do conv\u00edvio humano.<\/p>\n<\/div>\n<div>Ser\u00e1 um imenso prazer te atender!!!<\/div>\n<div><\/div>\n<div style=\"text-align: center;\"><a href=\"https:\/\/www.iquilibrio.com\/esotericos\/mariano\/?utm_campaign=blog_conversao&amp;utm_medium=texto_cta&amp;utm_source=blog&amp;utm_content=20220628_ora\u00e7\u00e3o_de_s\u00e3o_pedro_botao_abaixo_perfil_consultor\"><strong><span class=\"td_btn td_btn_md td_round_btn\" style=\"background-color: #00ff00;\">Fale com o consultor Mariano!<\/span><\/strong><\/a><\/div>\n<div><\/div>\n<hr \/>\n<p>Assista a esse v\u00eddeo e conhe\u00e7a a ora\u00e7\u00e3o para causas urgentes:<\/p>\n<p><iframe loading=\"lazy\" title=\"Ora\u00e7\u00e3o de Santo Expedito para causas urgentes - iQuilibrio\" width=\"696\" height=\"392\" src=\"https:\/\/www.youtube.com\/embed\/iXvDsZGcQVA?feature=oembed\" frameborder=\"0\" allow=\"accelerometer; autoplay; clipboard-write; encrypted-media; gyroscope; picture-in-picture\" allowfullscreen><\/iframe><\/p>\n\n\n<div class=\"kk-star-ratings kksr-auto kksr-align-left kksr-valign-bottom\"\n    data-payload='{&quot;align&quot;:&quot;left&quot;,&quot;id&quot;:&quot;36091&quot;,&quot;slug&quot;:&quot;default&quot;,&quot;valign&quot;:&quot;bottom&quot;,&quot;ignore&quot;:&quot;&quot;,&quot;reference&quot;:&quot;auto&quot;,&quot;class&quot;:&quot;&quot;,&quot;count&quot;:&quot;0&quot;,&quot;legendonly&quot;:&quot;&quot;,&quot;readonly&quot;:&quot;&quot;,&quot;score&quot;:&quot;0&quot;,&quot;starsonly&quot;:&quot;&quot;,&quot;best&quot;:&quot;5&quot;,&quot;gap&quot;:&quot;5&quot;,&quot;greet&quot;:&quot;Rate this post&quot;,&quot;legend&quot;:&quot;0\\\/5 - (0 voto)&quot;,&quot;size&quot;:&quot;24&quot;,&quot;title&quot;:&quot;Ora\u00e7\u00e3o de S\u00e3o Pedro - Descubra a f\u00e9 e o poder de Deus&quot;,&quot;width&quot;:&quot;0&quot;,&quot;_legend&quot;:&quot;{score}\\\/{best} - ({count} {votes})&quot;,&quot;font_factor&quot;:&quot;1.25&quot;}'>\n            \n<div class=\"kksr-stars\">\n    \n<div class=\"kksr-stars-inactive\">\n            <div class=\"kksr-star\" data-star=\"1\" style=\"padding-right: 5px\">\n            \n\n<div class=\"kksr-icon\" style=\"width: 24px; height: 24px;\"><\/div>\n        <\/div>\n            <div class=\"kksr-star\" data-star=\"2\" style=\"padding-right: 5px\">\n            \n\n<div class=\"kksr-icon\" style=\"width: 24px; height: 24px;\"><\/div>\n        <\/div>\n            <div class=\"kksr-star\" data-star=\"3\" style=\"padding-right: 5px\">\n            \n\n<div class=\"kksr-icon\" style=\"width: 24px; height: 24px;\"><\/div>\n        <\/div>\n            <div class=\"kksr-star\" data-star=\"4\" style=\"padding-right: 5px\">\n            \n\n<div class=\"kksr-icon\" style=\"width: 24px; height: 24px;\"><\/div>\n        <\/div>\n            <div class=\"kksr-star\" data-star=\"5\" style=\"padding-right: 5px\">\n            \n\n<div class=\"kksr-icon\" style=\"width: 24px; height: 24px;\"><\/div>\n        <\/div>\n    <\/div>\n    \n<div class=\"kksr-stars-active\" style=\"width: 0px;\">\n            <div class=\"kksr-star\" style=\"padding-right: 5px\">\n            \n\n<div class=\"kksr-icon\" style=\"width: 24px; height: 24px;\"><\/div>\n        <\/div>\n            <div class=\"kksr-star\" style=\"padding-right: 5px\">\n            \n\n<div class=\"kksr-icon\" style=\"width: 24px; height: 24px;\"><\/div>\n        <\/div>\n            <div class=\"kksr-star\" style=\"padding-right: 5px\">\n            \n\n<div class=\"kksr-icon\" style=\"width: 24px; height: 24px;\"><\/div>\n        <\/div>\n            <div class=\"kksr-star\" style=\"padding-right: 5px\">\n            \n\n<div class=\"kksr-icon\" style=\"width: 24px; height: 24px;\"><\/div>\n        <\/div>\n            <div class=\"kksr-star\" style=\"padding-right: 5px\">\n            \n\n<div class=\"kksr-icon\" style=\"width: 24px; height: 24px;\"><\/div>\n        <\/div>\n    <\/div>\n<\/div>\n                \n\n<div class=\"kksr-legend\" style=\"font-size: 19.2px;\">\n            <span class=\"kksr-muted\">Rate this post<\/span>\n    <\/div>\n    <\/div>\n","protected":false},"excerpt":{"rendered":"<p>\u00cdndice &#8211; Ora\u00e7\u00e3o de S\u00e3o Pedro Existe um di\u00e1logo na b\u00edblia entre Jesus e Pedro \u201cPedro tu \u00e9s pedra e sobre essa pedra proclamo minha Igreja. &#8211; Mateus 16: 18-19\u201d. Pedro negou a Jesus, era est\u00fapido, violento, bruto e sem modos. No entanto, foi este que compreendeu e realizou o projeto de Deus depois da [&hellip;]<\/p>\n","protected":false},"author":153,"featured_media":36094,"comment_status":"closed","ping_status":"closed","sticky":false,"template":"","format":"standard","meta":{"footnotes":""},"categories":[509],"tags":[4705,4704,4706],"class_list":["post-36091","post","type-post","status-publish","format-standard","has-post-thumbnail","hentry","category-oracoes-salmos","tag-oracao-a-sao-pedro","tag-oracao-de-sao-pedro","tag-oracao-para-sao-pedro"],"yoast_head":"<!-- This site is optimized with the Yoast SEO plugin v27.4 - https:\/\/yoast.com\/product\/yoast-seo-wordpress\/ -->\n<title>Ora\u00e7\u00e3o de S\u00e3o Pedro - Descubra a f\u00e9 e o poder de Deus<\/title>\n<meta name=\"description\" content=\"A Ora\u00e7\u00e3o de S\u00e3o Pedro tem muito poder para realizar milagres e trazer aquilo que voc\u00ea deseja, assim como os outros santos do m\u00eas de Junho!\" \/>\n<meta name=\"robots\" content=\"index, follow, max-snippet:-1, max-image-preview:large, max-video-preview:-1\" \/>\n<link rel=\"canonical\" href=\"https:\/\/www.iquilibrio.com\/blog\/espiritualidade\/oracoes-salmos\/oracao-de-sao-pedro\/\" \/>\n<meta property=\"og:locale\" content=\"pt_BR\" \/>\n<meta property=\"og:type\" content=\"article\" \/>\n<meta property=\"og:title\" content=\"Ora\u00e7\u00e3o de S\u00e3o Pedro - Descubra a f\u00e9 e o poder de Deus\" \/>\n<meta property=\"og:description\" content=\"A Ora\u00e7\u00e3o de S\u00e3o Pedro tem muito poder para realizar milagres e trazer aquilo que voc\u00ea deseja, assim como os outros santos do m\u00eas de Junho!\" \/>\n<meta property=\"og:url\" content=\"https:\/\/www.iquilibrio.com\/blog\/espiritualidade\/oracoes-salmos\/oracao-de-sao-pedro\/\" \/>\n<meta property=\"og:site_name\" content=\"iQuilibrio\" \/>\n<meta property=\"article:publisher\" content=\"https:\/\/www.facebook.com\/iQuilibrio\/\" \/>\n<meta property=\"article:published_time\" content=\"2022-06-29T18:15:22+00:00\" \/>\n<meta property=\"og:image\" content=\"https:\/\/www.iquilibrio.com\/blog\/wp-content\/uploads\/2022\/06\/oracao-de-Sao-Pedro.jpg\" \/>\n\t<meta property=\"og:image:width\" content=\"900\" \/>\n\t<meta property=\"og:image:height\" content=\"560\" \/>\n\t<meta property=\"og:image:type\" content=\"image\/jpeg\" \/>\n<meta name=\"author\" content=\"Eduardo Miranda\" \/>\n<meta name=\"twitter:card\" content=\"summary_large_image\" \/>\n<meta name=\"twitter:creator\" content=\"@iquilibrio\" \/>\n<meta name=\"twitter:site\" content=\"@iquilibrio\" \/>\n<meta name=\"twitter:label1\" content=\"Escrito por\" \/>\n\t<meta name=\"twitter:data1\" content=\"Eduardo Miranda\" \/>\n\t<meta name=\"twitter:label2\" content=\"Est. tempo de leitura\" \/>\n\t<meta name=\"twitter:data2\" content=\"5 minutos\" \/>\n<script type=\"application\/ld+json\" class=\"yoast-schema-graph\">{\"@context\":\"https:\\\/\\\/schema.org\",\"@graph\":[{\"@type\":\"Article\",\"@id\":\"https:\\\/\\\/www.iquilibrio.com\\\/blog\\\/espiritualidade\\\/oracoes-salmos\\\/oracao-de-sao-pedro\\\/#article\",\"isPartOf\":{\"@id\":\"https:\\\/\\\/www.iquilibrio.com\\\/blog\\\/espiritualidade\\\/oracoes-salmos\\\/oracao-de-sao-pedro\\\/\"},\"author\":{\"name\":\"Eduardo Miranda\",\"@id\":\"https:\\\/\\\/www.iquilibrio.com\\\/blog\\\/#\\\/schema\\\/person\\\/c77867b3c23fbf4763476631f4b92e6e\"},\"headline\":\"Ora\u00e7\u00e3o de S\u00e3o Pedro &#8211; Descubra a f\u00e9 e o poder de Deus\",\"datePublished\":\"2022-06-29T18:15:22+00:00\",\"mainEntityOfPage\":{\"@id\":\"https:\\\/\\\/www.iquilibrio.com\\\/blog\\\/espiritualidade\\\/oracoes-salmos\\\/oracao-de-sao-pedro\\\/\"},\"wordCount\":950,\"publisher\":{\"@id\":\"https:\\\/\\\/www.iquilibrio.com\\\/blog\\\/#organization\"},\"image\":{\"@id\":\"https:\\\/\\\/www.iquilibrio.com\\\/blog\\\/espiritualidade\\\/oracoes-salmos\\\/oracao-de-sao-pedro\\\/#primaryimage\"},\"thumbnailUrl\":\"https:\\\/\\\/www.iquilibrio.com\\\/blog\\\/wp-content\\\/uploads\\\/2022\\\/06\\\/oracao-de-Sao-Pedro.jpg\",\"keywords\":[\"ora\u00e7\u00e3o a s\u00e3o pedro\",\"ora\u00e7\u00e3o de s\u00e3o Pedro\",\"ora\u00e7\u00e3o para s\u00e3o pedro\"],\"articleSection\":[\"Ora\u00e7\u00f5es e Salmos\"],\"inLanguage\":\"pt-BR\"},{\"@type\":\"WebPage\",\"@id\":\"https:\\\/\\\/www.iquilibrio.com\\\/blog\\\/espiritualidade\\\/oracoes-salmos\\\/oracao-de-sao-pedro\\\/\",\"url\":\"https:\\\/\\\/www.iquilibrio.com\\\/blog\\\/espiritualidade\\\/oracoes-salmos\\\/oracao-de-sao-pedro\\\/\",\"name\":\"Ora\u00e7\u00e3o de S\u00e3o Pedro - Descubra a f\u00e9 e o poder de Deus\",\"isPartOf\":{\"@id\":\"https:\\\/\\\/www.iquilibrio.com\\\/blog\\\/#website\"},\"primaryImageOfPage\":{\"@id\":\"https:\\\/\\\/www.iquilibrio.com\\\/blog\\\/espiritualidade\\\/oracoes-salmos\\\/oracao-de-sao-pedro\\\/#primaryimage\"},\"image\":{\"@id\":\"https:\\\/\\\/www.iquilibrio.com\\\/blog\\\/espiritualidade\\\/oracoes-salmos\\\/oracao-de-sao-pedro\\\/#primaryimage\"},\"thumbnailUrl\":\"https:\\\/\\\/www.iquilibrio.com\\\/blog\\\/wp-content\\\/uploads\\\/2022\\\/06\\\/oracao-de-Sao-Pedro.jpg\",\"datePublished\":\"2022-06-29T18:15:22+00:00\",\"description\":\"A Ora\u00e7\u00e3o de S\u00e3o Pedro tem muito poder para realizar milagres e trazer aquilo que voc\u00ea deseja, assim como os outros santos do m\u00eas de Junho!\",\"breadcrumb\":{\"@id\":\"https:\\\/\\\/www.iquilibrio.com\\\/blog\\\/espiritualidade\\\/oracoes-salmos\\\/oracao-de-sao-pedro\\\/#breadcrumb\"},\"inLanguage\":\"pt-BR\",\"potentialAction\":[{\"@type\":\"ReadAction\",\"target\":[\"https:\\\/\\\/www.iquilibrio.com\\\/blog\\\/espiritualidade\\\/oracoes-salmos\\\/oracao-de-sao-pedro\\\/\"]}]},{\"@type\":\"ImageObject\",\"inLanguage\":\"pt-BR\",\"@id\":\"https:\\\/\\\/www.iquilibrio.com\\\/blog\\\/espiritualidade\\\/oracoes-salmos\\\/oracao-de-sao-pedro\\\/#primaryimage\",\"url\":\"https:\\\/\\\/www.iquilibrio.com\\\/blog\\\/wp-content\\\/uploads\\\/2022\\\/06\\\/oracao-de-Sao-Pedro.jpg\",\"contentUrl\":\"https:\\\/\\\/www.iquilibrio.com\\\/blog\\\/wp-content\\\/uploads\\\/2022\\\/06\\\/oracao-de-Sao-Pedro.jpg\",\"width\":900,\"height\":560,\"caption\":\"ora\u00e7\u00e3o de S\u00e3o Pedro\"},{\"@type\":\"BreadcrumbList\",\"@id\":\"https:\\\/\\\/www.iquilibrio.com\\\/blog\\\/espiritualidade\\\/oracoes-salmos\\\/oracao-de-sao-pedro\\\/#breadcrumb\",\"itemListElement\":[{\"@type\":\"ListItem\",\"position\":1,\"name\":\"In\u00edcio\",\"item\":\"https:\\\/\\\/www.iquilibrio.com\\\/blog\\\/\"},{\"@type\":\"ListItem\",\"position\":2,\"name\":\"Ora\u00e7\u00e3o de S\u00e3o Pedro &#8211; Descubra a f\u00e9 e o poder de Deus\"}]},{\"@type\":\"WebSite\",\"@id\":\"https:\\\/\\\/www.iquilibrio.com\\\/blog\\\/#website\",\"url\":\"https:\\\/\\\/www.iquilibrio.com\\\/blog\\\/\",\"name\":\"iQuilibrio\",\"description\":\"Blog iQuilibrio\",\"publisher\":{\"@id\":\"https:\\\/\\\/www.iquilibrio.com\\\/blog\\\/#organization\"},\"potentialAction\":[{\"@type\":\"SearchAction\",\"target\":{\"@type\":\"EntryPoint\",\"urlTemplate\":\"https:\\\/\\\/www.iquilibrio.com\\\/blog\\\/?s={search_term_string}\"},\"query-input\":{\"@type\":\"PropertyValueSpecification\",\"valueRequired\":true,\"valueName\":\"search_term_string\"}}],\"inLanguage\":\"pt-BR\"},{\"@type\":\"Organization\",\"@id\":\"https:\\\/\\\/www.iquilibrio.com\\\/blog\\\/#organization\",\"name\":\"Esoterismo, Misticismo e Tarot Online - iQuilibrio\",\"url\":\"https:\\\/\\\/www.iquilibrio.com\\\/blog\\\/\",\"logo\":{\"@type\":\"ImageObject\",\"inLanguage\":\"pt-BR\",\"@id\":\"https:\\\/\\\/www.iquilibrio.com\\\/blog\\\/#\\\/schema\\\/logo\\\/image\\\/\",\"url\":\"https:\\\/\\\/www.iquilibrio.com\\\/blog\\\/wp-content\\\/uploads\\\/2018\\\/12\\\/iquilibrio_lovo_vetor_preto-retina.png\",\"contentUrl\":\"https:\\\/\\\/www.iquilibrio.com\\\/blog\\\/wp-content\\\/uploads\\\/2018\\\/12\\\/iquilibrio_lovo_vetor_preto-retina.png\",\"width\":972,\"height\":180,\"caption\":\"Esoterismo, Misticismo e Tarot Online - iQuilibrio\"},\"image\":{\"@id\":\"https:\\\/\\\/www.iquilibrio.com\\\/blog\\\/#\\\/schema\\\/logo\\\/image\\\/\"},\"sameAs\":[\"https:\\\/\\\/www.facebook.com\\\/iQuilibrio\\\/\",\"https:\\\/\\\/x.com\\\/iquilibrio\",\"https:\\\/\\\/www.instagram.com\\\/iquilibrio\\\/\",\"https:\\\/\\\/www.linkedin.com\\\/company\\\/iquilibrio\\\/\",\"https:\\\/\\\/br.pinterest.com\\\/iquilibrio1397\\\/\",\"https:\\\/\\\/www.youtube.com\\\/channel\\\/UC175qxd-4Zsi4wzawT5zF2g\"]},{\"@type\":\"Person\",\"@id\":\"https:\\\/\\\/www.iquilibrio.com\\\/blog\\\/#\\\/schema\\\/person\\\/c77867b3c23fbf4763476631f4b92e6e\",\"name\":\"Eduardo Miranda\",\"image\":{\"@type\":\"ImageObject\",\"inLanguage\":\"pt-BR\",\"@id\":\"https:\\\/\\\/www.iquilibrio.com\\\/blog\\\/wp-content\\\/uploads\\\/2021\\\/12\\\/Consulta-por-email-3-150x150.png\",\"url\":\"https:\\\/\\\/www.iquilibrio.com\\\/blog\\\/wp-content\\\/uploads\\\/2021\\\/12\\\/Consulta-por-email-3-150x150.png\",\"contentUrl\":\"https:\\\/\\\/www.iquilibrio.com\\\/blog\\\/wp-content\\\/uploads\\\/2021\\\/12\\\/Consulta-por-email-3-150x150.png\",\"caption\":\"Eduardo Miranda\"},\"description\":\"Eduardo, \u00e9 um jovem apaixonado pela leitura e escrita. Est\u00e1 constantemente em busca de novos aprendizados e experi\u00eancias. A miss\u00e3o dele envolve o desenvolvimento das pessoas atrav\u00e9s daquilo que escreve, de forma leve e pr\u00e1tica, em busca de propagar conte\u00fados emp\u00e1ticos ao falar sobre temas como autoconhecimento e espiritualidade. Sempre prezando pela complexidade interior de cada um, respeitando as cargas emocionais e culturais de cada indiv\u00edduo ao abordar temas como: religi\u00e3o, amor e outras vertentes da vida espiritual.\",\"url\":\"https:\\\/\\\/www.iquilibrio.com\\\/blog\\\/author\\\/lucas-eduardo\\\/\"}]}<\/script>\n<!-- \/ Yoast SEO plugin. -->","yoast_head_json":{"title":"Ora\u00e7\u00e3o de S\u00e3o Pedro - Descubra a f\u00e9 e o poder de Deus","description":"A Ora\u00e7\u00e3o de S\u00e3o Pedro tem muito poder para realizar milagres e trazer aquilo que voc\u00ea deseja, assim como os outros santos do m\u00eas de Junho!","robots":{"index":"index","follow":"follow","max-snippet":"max-snippet:-1","max-image-preview":"max-image-preview:large","max-video-preview":"max-video-preview:-1"},"canonical":"https:\/\/www.iquilibrio.com\/blog\/espiritualidade\/oracoes-salmos\/oracao-de-sao-pedro\/","og_locale":"pt_BR","og_type":"article","og_title":"Ora\u00e7\u00e3o de S\u00e3o Pedro - Descubra a f\u00e9 e o poder de Deus","og_description":"A Ora\u00e7\u00e3o de S\u00e3o Pedro tem muito poder para realizar milagres e trazer aquilo que voc\u00ea deseja, assim como os outros santos do m\u00eas de Junho!","og_url":"https:\/\/www.iquilibrio.com\/blog\/espiritualidade\/oracoes-salmos\/oracao-de-sao-pedro\/","og_site_name":"iQuilibrio","article_publisher":"https:\/\/www.facebook.com\/iQuilibrio\/","article_published_time":"2022-06-29T18:15:22+00:00","og_image":[{"width":900,"height":560,"url":"https:\/\/www.iquilibrio.com\/blog\/wp-content\/uploads\/2022\/06\/oracao-de-Sao-Pedro.jpg","type":"image\/jpeg"}],"author":"Eduardo Miranda","twitter_card":"summary_large_image","twitter_creator":"@iquilibrio","twitter_site":"@iquilibrio","twitter_misc":{"Escrito por":"Eduardo Miranda","Est. tempo de leitura":"5 minutos"},"schema":{"@context":"https:\/\/schema.org","@graph":[{"@type":"Article","@id":"https:\/\/www.iquilibrio.com\/blog\/espiritualidade\/oracoes-salmos\/oracao-de-sao-pedro\/#article","isPartOf":{"@id":"https:\/\/www.iquilibrio.com\/blog\/espiritualidade\/oracoes-salmos\/oracao-de-sao-pedro\/"},"author":{"name":"Eduardo Miranda","@id":"https:\/\/www.iquilibrio.com\/blog\/#\/schema\/person\/c77867b3c23fbf4763476631f4b92e6e"},"headline":"Ora\u00e7\u00e3o de S\u00e3o Pedro &#8211; Descubra a f\u00e9 e o poder de Deus","datePublished":"2022-06-29T18:15:22+00:00","mainEntityOfPage":{"@id":"https:\/\/www.iquilibrio.com\/blog\/espiritualidade\/oracoes-salmos\/oracao-de-sao-pedro\/"},"wordCount":950,"publisher":{"@id":"https:\/\/www.iquilibrio.com\/blog\/#organization"},"image":{"@id":"https:\/\/www.iquilibrio.com\/blog\/espiritualidade\/oracoes-salmos\/oracao-de-sao-pedro\/#primaryimage"},"thumbnailUrl":"https:\/\/www.iquilibrio.com\/blog\/wp-content\/uploads\/2022\/06\/oracao-de-Sao-Pedro.jpg","keywords":["ora\u00e7\u00e3o a s\u00e3o pedro","ora\u00e7\u00e3o de s\u00e3o Pedro","ora\u00e7\u00e3o para s\u00e3o pedro"],"articleSection":["Ora\u00e7\u00f5es e Salmos"],"inLanguage":"pt-BR"},{"@type":"WebPage","@id":"https:\/\/www.iquilibrio.com\/blog\/espiritualidade\/oracoes-salmos\/oracao-de-sao-pedro\/","url":"https:\/\/www.iquilibrio.com\/blog\/espiritualidade\/oracoes-salmos\/oracao-de-sao-pedro\/","name":"Ora\u00e7\u00e3o de S\u00e3o Pedro - Descubra a f\u00e9 e o poder de Deus","isPartOf":{"@id":"https:\/\/www.iquilibrio.com\/blog\/#website"},"primaryImageOfPage":{"@id":"https:\/\/www.iquilibrio.com\/blog\/espiritualidade\/oracoes-salmos\/oracao-de-sao-pedro\/#primaryimage"},"image":{"@id":"https:\/\/www.iquilibrio.com\/blog\/espiritualidade\/oracoes-salmos\/oracao-de-sao-pedro\/#primaryimage"},"thumbnailUrl":"https:\/\/www.iquilibrio.com\/blog\/wp-content\/uploads\/2022\/06\/oracao-de-Sao-Pedro.jpg","datePublished":"2022-06-29T18:15:22+00:00","description":"A Ora\u00e7\u00e3o de S\u00e3o Pedro tem muito poder para realizar milagres e trazer aquilo que voc\u00ea deseja, assim como os outros santos do m\u00eas de Junho!","breadcrumb":{"@id":"https:\/\/www.iquilibrio.com\/blog\/espiritualidade\/oracoes-salmos\/oracao-de-sao-pedro\/#breadcrumb"},"inLanguage":"pt-BR","potentialAction":[{"@type":"ReadAction","target":["https:\/\/www.iquilibrio.com\/blog\/espiritualidade\/oracoes-salmos\/oracao-de-sao-pedro\/"]}]},{"@type":"ImageObject","inLanguage":"pt-BR","@id":"https:\/\/www.iquilibrio.com\/blog\/espiritualidade\/oracoes-salmos\/oracao-de-sao-pedro\/#primaryimage","url":"https:\/\/www.iquilibrio.com\/blog\/wp-content\/uploads\/2022\/06\/oracao-de-Sao-Pedro.jpg","contentUrl":"https:\/\/www.iquilibrio.com\/blog\/wp-content\/uploads\/2022\/06\/oracao-de-Sao-Pedro.jpg","width":900,"height":560,"caption":"ora\u00e7\u00e3o de S\u00e3o Pedro"},{"@type":"BreadcrumbList","@id":"https:\/\/www.iquilibrio.com\/blog\/espiritualidade\/oracoes-salmos\/oracao-de-sao-pedro\/#breadcrumb","itemListElement":[{"@type":"ListItem","position":1,"name":"In\u00edcio","item":"https:\/\/www.iquilibrio.com\/blog\/"},{"@type":"ListItem","position":2,"name":"Ora\u00e7\u00e3o de S\u00e3o Pedro &#8211; Descubra a f\u00e9 e o poder de Deus"}]},{"@type":"WebSite","@id":"https:\/\/www.iquilibrio.com\/blog\/#website","url":"https:\/\/www.iquilibrio.com\/blog\/","name":"iQuilibrio","description":"Blog iQuilibrio","publisher":{"@id":"https:\/\/www.iquilibrio.com\/blog\/#organization"},"potentialAction":[{"@type":"SearchAction","target":{"@type":"EntryPoint","urlTemplate":"https:\/\/www.iquilibrio.com\/blog\/?s={search_term_string}"},"query-input":{"@type":"PropertyValueSpecification","valueRequired":true,"valueName":"search_term_string"}}],"inLanguage":"pt-BR"},{"@type":"Organization","@id":"https:\/\/www.iquilibrio.com\/blog\/#organization","name":"Esoterismo, Misticismo e Tarot Online - iQuilibrio","url":"https:\/\/www.iquilibrio.com\/blog\/","logo":{"@type":"ImageObject","inLanguage":"pt-BR","@id":"https:\/\/www.iquilibrio.com\/blog\/#\/schema\/logo\/image\/","url":"https:\/\/www.iquilibrio.com\/blog\/wp-content\/uploads\/2018\/12\/iquilibrio_lovo_vetor_preto-retina.png","contentUrl":"https:\/\/www.iquilibrio.com\/blog\/wp-content\/uploads\/2018\/12\/iquilibrio_lovo_vetor_preto-retina.png","width":972,"height":180,"caption":"Esoterismo, Misticismo e Tarot Online - iQuilibrio"},"image":{"@id":"https:\/\/www.iquilibrio.com\/blog\/#\/schema\/logo\/image\/"},"sameAs":["https:\/\/www.facebook.com\/iQuilibrio\/","https:\/\/x.com\/iquilibrio","https:\/\/www.instagram.com\/iquilibrio\/","https:\/\/www.linkedin.com\/company\/iquilibrio\/","https:\/\/br.pinterest.com\/iquilibrio1397\/","https:\/\/www.youtube.com\/channel\/UC175qxd-4Zsi4wzawT5zF2g"]},{"@type":"Person","@id":"https:\/\/www.iquilibrio.com\/blog\/#\/schema\/person\/c77867b3c23fbf4763476631f4b92e6e","name":"Eduardo Miranda","image":{"@type":"ImageObject","inLanguage":"pt-BR","@id":"https:\/\/www.iquilibrio.com\/blog\/wp-content\/uploads\/2021\/12\/Consulta-por-email-3-150x150.png","url":"https:\/\/www.iquilibrio.com\/blog\/wp-content\/uploads\/2021\/12\/Consulta-por-email-3-150x150.png","contentUrl":"https:\/\/www.iquilibrio.com\/blog\/wp-content\/uploads\/2021\/12\/Consulta-por-email-3-150x150.png","caption":"Eduardo Miranda"},"description":"Eduardo, \u00e9 um jovem apaixonado pela leitura e escrita. Est\u00e1 constantemente em busca de novos aprendizados e experi\u00eancias. A miss\u00e3o dele envolve o desenvolvimento das pessoas atrav\u00e9s daquilo que escreve, de forma leve e pr\u00e1tica, em busca de propagar conte\u00fados emp\u00e1ticos ao falar sobre temas como autoconhecimento e espiritualidade. Sempre prezando pela complexidade interior de cada um, respeitando as cargas emocionais e culturais de cada indiv\u00edduo ao abordar temas como: religi\u00e3o, amor e outras vertentes da vida espiritual.","url":"https:\/\/www.iquilibrio.com\/blog\/author\/lucas-eduardo\/"}]}},"_links":{"self":[{"href":"https:\/\/www.iquilibrio.com\/blog\/wp-json\/wp\/v2\/posts\/36091","targetHints":{"allow":["GET"]}}],"collection":[{"href":"https:\/\/www.iquilibrio.com\/blog\/wp-json\/wp\/v2\/posts"}],"about":[{"href":"https:\/\/www.iquilibrio.com\/blog\/wp-json\/wp\/v2\/types\/post"}],"author":[{"embeddable":true,"href":"https:\/\/www.iquilibrio.com\/blog\/wp-json\/wp\/v2\/users\/153"}],"replies":[{"embeddable":true,"href":"https:\/\/www.iquilibrio.com\/blog\/wp-json\/wp\/v2\/comments?post=36091"}],"version-history":[{"count":4,"href":"https:\/\/www.iquilibrio.com\/blog\/wp-json\/wp\/v2\/posts\/36091\/revisions"}],"predecessor-version":[{"id":36097,"href":"https:\/\/www.iquilibrio.com\/blog\/wp-json\/wp\/v2\/posts\/36091\/revisions\/36097"}],"wp:featuredmedia":[{"embeddable":true,"href":"https:\/\/www.iquilibrio.com\/blog\/wp-json\/wp\/v2\/media\/36094"}],"wp:attachment":[{"href":"https:\/\/www.iquilibrio.com\/blog\/wp-json\/wp\/v2\/media?parent=36091"}],"wp:term":[{"taxonomy":"category","embeddable":true,"href":"https:\/\/www.iquilibrio.com\/blog\/wp-json\/wp\/v2\/categories?post=36091"},{"taxonomy":"post_tag","embeddable":true,"href":"https:\/\/www.iquilibrio.com\/blog\/wp-json\/wp\/v2\/tags?post=36091"}],"curies":[{"name":"wp","href":"https:\/\/api.w.org\/{rel}","templated":true}]}}