{"id":34411,"date":"2022-08-06T10:10:52","date_gmt":"2022-08-06T13:10:52","guid":{"rendered":"https:\/\/www.iquilibrio.com\/blog\/?p=34411"},"modified":"2022-08-05T23:39:41","modified_gmt":"2022-08-06T02:39:41","slug":"beneficios-aromaterapia","status":"publish","type":"post","link":"https:\/\/www.iquilibrio.com\/blog\/terapias-alternativas\/aromaterapia\/beneficios-aromaterapia\/","title":{"rendered":"Benef\u00edcios da aromaterapia para uma vida plena&#x2764;"},"content":{"rendered":"<p><span style=\"font-weight: 400;\">A principio, os <strong>benef\u00edcios da aromaterapia<\/strong> provem de uma medicina alternativa e complementar, existente h\u00e1 mais de seis mil\u00eanios. Entretanto, sua origem n\u00e3o possui um \u201cmapa\u201d, pois se trata de um m\u00e9todo usado em v\u00e1rios pa\u00edses.\u00a0<\/span><\/p>\n<h2>\u00cdndice &#8211; Benef\u00edcios da aromaterapia&#x2764;<\/h2>\n<p><span style=\"font-weight: 400;\">Anteriormente, no Antigo Egito, a aromaterapia era usada para unguento, b\u00e1lsamos, banhos de assento, calmantes e at\u00e9 mesmo como ofertas aos deuses e consagra\u00e7\u00f5es. <\/span><span style=\"font-weight: 400;\">A un\u00e7\u00e3o, para quem n\u00e3o sabe, \u00e9 de origem eg\u00edpcia e sua f\u00f3rmula \u00e9 de especiarias e \u00f3leos essenciais, de cascalhos e flores.\u00a0<\/span><\/p>\n<p><span style=\"font-weight: 400;\">Ao mesmo tempo, na \u00cdndia, 200 a.C, usava-se a aromaterapia para embalsamar, assim como os eg\u00edpcios; para purificar a mente e o corpo; para tratar doen\u00e7as da pele; e tamb\u00e9m para inala\u00e7\u00e3o.\u00a0<\/span><\/p>\n<p><span style=\"font-weight: 400;\">Na medicina Ayurveda, usa-se at\u00e9 hoje, \u00f3leos <a href=\"https:\/\/www.iquilibrio.com\/blog\/terapias-alternativas\/aromaterapia-ansiedade\/\">para tratar doen\u00e7as pulmonares e tratamento de ansiedade.<\/a> Na medicina chinesa temos o uso dos \u00f3leos essenciais para massagem, compostos e pomadas, tratamento dos nervos e doen\u00e7as da pele.\u00a0<\/span><\/p>\n<p><span style=\"font-weight: 400;\">Nesse sentido, s\u00e3o vastos os tratamentos que encontramos na hist\u00f3ria, com os \u00f3leos essenciais. <\/span><\/p>\n<p><span style=\"font-weight: 400;\">Sendo assim, depois da modernidade e comodidade contempor\u00e2nea, esses m\u00e9todos alternativos ficaram para tr\u00e1s, dando espa\u00e7o para o \u201cfast tratment&#8221;, ou \u201ctratamentos r\u00e1pidos\u201d e assim, caindo no esquecimento. <\/span><\/p>\n<p><span style=\"font-weight: 400;\">Hoje, \u00e9 visto como \u201ctratamento da vov\u00f3\u201d, e n\u00e3o sendo valorizado como deveria.\u00a0<\/span><\/p>\n<p><span style=\"font-weight: 400;\">Contudo, gra\u00e7as \u00e0s mudan\u00e7as repentinas durante o per\u00edodo da Covid-19, muitas pessoas t\u00eam realizado pesquisas e descoberto a exist\u00eancia daquilo que existe h\u00e1 mil\u00eanios; Ou seja, as pessoas t\u00eam buscado meios alternativos para o <a href=\"https:\/\/revistacasaejardim.globo.com\/Casa-e-Jardim\/Bem-Estar\/noticia\/2021\/08\/aromaterapia-saiba-qual-e-o-melhor-aroma-para-cada-ambiente-da-casa.html\">tratamento da ansiedade, problemas respirat\u00f3rios<\/a> e a preven\u00e7\u00e3o de certas doen\u00e7as.\u00a0<\/span><\/p>\n<p style=\"text-align: center;\"><a href=\"https:\/\/www.iquilibrio.com\/esotericos\/?utm_campaign=blog_conversao&amp;utm_medium=texto_cta&amp;utm_source=blog&amp;utm_content=20220805_beneficios_aromaterapia_botao_abaixo_paragrafo8\"><strong><span class=\"td_btn td_btn_md td_round_btn\" style=\"background-color: #0000ff;\">Fale agora com um consultor e tenha luz em seu caminho!<\/span><\/strong><\/a><\/p>\n<h2><span style=\"font-weight: 400;\">&#8220;Os benef\u00edcios da aromaterapia podem me ajudar?&#8221;<\/span><\/h2>\n<p><span style=\"font-weight: 400;\">Antes de mais nada, o uso da aromaterapia <a href=\"https:\/\/www.iquilibrio.com\/blog\/astrologia\/oleos-essenciais-signos\/\">\u00e9 uma rela\u00e7\u00e3o de amor<\/a>. Voc\u00ea pega intimidade com os \u00f3leos essenciais, e cada um age de forma neurol\u00f3gica, atrav\u00e9s do olfato, produzindo a sensa\u00e7\u00e3o de relaxamento, concentra\u00e7\u00e3o e for\u00e7a. <\/span><\/p>\n<p><span style=\"font-weight: 400;\">Sendo assim, seu corpo produz neurotransmissores que alerta o seu corpo para que esteja pronto e apto para a cura.\u00a0<\/span><\/p>\n<p><span style=\"font-weight: 400;\">Contudo, voc\u00ea deve estar se perguntando quais \u00f3leos essenciais e ess\u00eancias deve usar no come\u00e7o? Nesse sentido<\/span><span style=\"font-weight: 400;\">, temos uma gama de variedades, por isso, passarei <a href=\"https:\/\/www.iquilibrio.com\/blog\/previsoes\/aromaterapia-2023\/\">os mais f\u00e1ceis de se achar e de usar tamb\u00e9m<\/a>.\u00a0<\/span><\/p>\n<p><span style=\"font-weight: 400;\">Vamos l\u00e1?\u00a0<\/span><\/p>\n<p><img loading=\"lazy\" decoding=\"async\" class=\"size-full wp-image-28217 aligncenter\" src=\"https:\/\/www.iquilibrio.com\/blog\/wp-content\/uploads\/2019\/09\/aromaterapia.png\" alt=\"poder da aromaterapia\" width=\"900\" height=\"560\" srcset=\"https:\/\/www.iquilibrio.com\/blog\/wp-content\/uploads\/2019\/09\/aromaterapia.png 900w, https:\/\/www.iquilibrio.com\/blog\/wp-content\/uploads\/2019\/09\/aromaterapia-300x187.png 300w, https:\/\/www.iquilibrio.com\/blog\/wp-content\/uploads\/2019\/09\/aromaterapia-768x478.png 768w, https:\/\/www.iquilibrio.com\/blog\/wp-content\/uploads\/2019\/09\/aromaterapia-696x433.png 696w, https:\/\/www.iquilibrio.com\/blog\/wp-content\/uploads\/2019\/09\/aromaterapia-675x420.png 675w\" sizes=\"auto, (max-width: 900px) 100vw, 900px\" \/><\/p>\n<h3><span style=\"font-weight: 400;\">Benef\u00edcios da aromaterapia &#8211; Para o Medo, Ansiedade\/Estresse e Depress\u00e3o<\/span><\/h3>\n<ul>\n<li style=\"font-weight: 400;\" aria-level=\"1\"><span style=\"font-weight: 400;\">Bergamota \u2013 inala\u00e7\u00e3o<\/span><\/li>\n<li style=\"font-weight: 400;\" aria-level=\"1\"><span style=\"font-weight: 400;\">Laranja \u2013 inala\u00e7\u00e3o<\/span><\/li>\n<li style=\"font-weight: 400;\" aria-level=\"1\"><span style=\"font-weight: 400;\">Bergamota \u2013 inala\u00e7\u00e3o<\/span><\/li>\n<li style=\"font-weight: 400;\" aria-level=\"1\"><span style=\"font-weight: 400;\">Gengibre \u2013 escalda-p\u00e9s ou compressa nos rins<\/span><\/li>\n<li style=\"font-weight: 400;\" aria-level=\"1\"><span style=\"font-weight: 400;\">Lavanda \u2013 inala\u00e7\u00e3o ou compressa entre as mamas<\/span><\/li>\n<li style=\"font-weight: 400;\" aria-level=\"1\"><span style=\"font-weight: 400;\">S\u00e1lvia \u2013 inala\u00e7\u00e3o<\/span><\/li>\n<\/ul>\n<h3><span style=\"font-weight: 400;\">Para o Sistema Respirat\u00f3rio, Antiss\u00e9ptico, Expectorante e Asma<\/span><\/h3>\n<ul>\n<li style=\"font-weight: 400;\" aria-level=\"1\"><span style=\"font-weight: 400;\">Eucalipto gl\u00f3bulos \u2013 inala\u00e7\u00e3o ou compressa pulmonar<\/span><\/li>\n<li style=\"font-weight: 400;\" aria-level=\"1\"><span style=\"font-weight: 400;\">Hortel\u00e3 \u2013 inala\u00e7\u00e3o<\/span><\/li>\n<li style=\"font-weight: 400;\" aria-level=\"1\"><span style=\"font-weight: 400;\">Ol\u00edbano \u2013 inala\u00e7\u00e3o<\/span><\/li>\n<\/ul>\n<h3><span style=\"font-weight: 400;\">Sistema Imunol\u00f3gico<\/span><\/h3>\n<ul>\n<li style=\"font-weight: 400;\" aria-level=\"1\"><span style=\"font-weight: 400;\">Tomilho \u2013 inala\u00e7\u00e3o<\/span><\/li>\n<li style=\"font-weight: 400;\" aria-level=\"1\"><span style=\"font-weight: 400;\">Louro \u2013 inala\u00e7\u00e3o<\/span><\/li>\n<li style=\"font-weight: 400;\" aria-level=\"1\"><span style=\"font-weight: 400;\">Tea tree \u2013 inala\u00e7\u00e3o\u00a0<\/span><\/li>\n<\/ul>\n<h2><span style=\"font-weight: 400;\">Os benef\u00edcios da aromaterapia &#8211; Tratamento para outras doen\u00e7as<\/span><\/h2>\n<h3><span style=\"font-weight: 400;\">Febre<\/span><\/h3>\n<ul>\n<li style=\"font-weight: 400;\" aria-level=\"1\"><span style=\"font-weight: 400;\">Lim\u00e3o inteiro<\/span><\/li>\n<li style=\"font-weight: 400;\" aria-level=\"1\"><span style=\"font-weight: 400;\">\u00d3leo essencial<\/span><\/li>\n<\/ul>\n<p><span style=\"font-weight: 400;\">Compressas nas panturrilhas<\/span><\/p>\n<h3><span style=\"font-weight: 400;\">Cefaleia<\/span><\/h3>\n<ul>\n<li style=\"font-weight: 400;\" aria-level=\"1\"><span style=\"font-weight: 400;\">\u00d3leo essencial<\/span><\/li>\n<li style=\"font-weight: 400;\" aria-level=\"1\"><span style=\"font-weight: 400;\">Hortel\u00e3 <\/span><\/li>\n<li style=\"font-weight: 400;\" aria-level=\"1\"><span style=\"font-weight: 400;\">Pimenta<\/span><\/li>\n<li style=\"font-weight: 400;\" aria-level=\"1\"><span style=\"font-weight: 400;\">Lavanda<\/span><\/li>\n<li style=\"font-weight: 400;\" aria-level=\"1\"><span style=\"font-weight: 400;\">Gengibre<\/span><\/li>\n<li style=\"font-weight: 400;\" aria-level=\"1\"><span style=\"font-weight: 400;\">Rizoma<\/span><\/li>\n<\/ul>\n<p><span style=\"font-weight: 400;\">Fric\u00e7\u00e3o nas t\u00eamporas com escalda-p\u00e9s<\/span><\/p>\n<h3><span style=\"font-weight: 400;\">Tosse seca<\/span><\/h3>\n<ul>\n<li style=\"font-weight: 400;\" aria-level=\"1\"><span style=\"font-weight: 400;\">Lavanda, <\/span><\/li>\n<li style=\"font-weight: 400;\" aria-level=\"1\"><span style=\"font-weight: 400;\">Anis<\/span><\/li>\n<li style=\"font-weight: 400;\" aria-level=\"1\"><span style=\"font-weight: 400;\">Eucalipto\u00a0<\/span><\/li>\n<\/ul>\n<p><span style=\"font-weight: 400;\">Inala\u00e7\u00e3o \u00famida e compressas no t\u00f3rax<\/span><\/p>\n<h3><span style=\"font-weight: 400;\">Benef\u00edcios da aromaterapia &#8211; Fadiga<\/span><\/h3>\n<ul>\n<li style=\"font-weight: 400;\" aria-level=\"1\"><span style=\"font-weight: 400;\">Alecrim<\/span><\/li>\n<li style=\"font-weight: 400;\" aria-level=\"1\"><span style=\"font-weight: 400;\">Pinheiro<\/span><\/li>\n<li style=\"font-weight: 400;\" aria-level=\"1\"><span style=\"font-weight: 400;\">hortel\u00e3 <\/span><\/li>\n<li style=\"font-weight: 400;\" aria-level=\"1\"><span style=\"font-weight: 400;\">Pimenta<\/span><\/li>\n<\/ul>\n<p><span style=\"font-weight: 400;\">Fric\u00e7\u00e3o local ou massagem<\/span><\/p>\n<h3><span style=\"font-weight: 400;\">Obstru\u00e7\u00e3o nasal<\/span><\/h3>\n<ul>\n<li style=\"font-weight: 400;\" aria-level=\"1\"><span style=\"font-weight: 400;\">Hortel\u00e3<\/span><\/li>\n<li style=\"font-weight: 400;\" aria-level=\"1\"><span style=\"font-weight: 400;\">Eucalipto gl\u00f3bulos<\/span><\/li>\n<\/ul>\n<p><span style=\"font-weight: 400;\">Inala\u00e7\u00e3o \u00famida<\/span><\/p>\n<h3><span style=\"font-weight: 400;\">Dor na garganta<\/span><\/h3>\n<ul>\n<li style=\"font-weight: 400;\" aria-level=\"1\"><span style=\"font-weight: 400;\">Louro<\/span><\/li>\n<li style=\"font-weight: 400;\" aria-level=\"1\"><span style=\"font-weight: 400;\">Cravo<\/span><\/li>\n<li style=\"font-weight: 400;\" aria-level=\"1\"><span style=\"font-weight: 400;\">Lim\u00e3o<\/span><\/li>\n<\/ul>\n<p><span style=\"font-weight: 400;\">Compressa no pesco\u00e7o<\/span><\/p>\n<h3><span style=\"font-weight: 400;\">Benef\u00edcios da aromaterapia &#8211; Mialgia<\/span><\/h3>\n<ul>\n<li style=\"font-weight: 400;\" aria-level=\"1\"><span style=\"font-weight: 400;\">Alecrim<\/span><\/li>\n<\/ul>\n<p><span style=\"font-weight: 400;\">Fric\u00e7\u00e3o local ou massagem<\/span><\/p>\n<h3><span style=\"font-weight: 400;\">Diarreia<\/span><\/h3>\n<ul>\n<li><span style=\"font-weight: 400;\">Camomila<\/span><\/li>\n<\/ul>\n<p><span style=\"font-weight: 400;\">Compressas abdominais, <\/span><span style=\"font-weight: 400;\">Massagem<\/span><\/p>\n<h3><span style=\"font-weight: 400;\">Anosmia e hiposmia<\/span><\/h3>\n<ul>\n<li><span style=\"font-weight: 400;\">Alecrim<\/span><\/li>\n<\/ul>\n<p><span style=\"font-weight: 400;\">Inala\u00e7\u00e3o<\/span><\/p>\n<h3><span style=\"font-weight: 400;\">Ansiedade e ins\u00f4nia<\/span><\/h3>\n<ul>\n<li style=\"font-weight: 400;\" aria-level=\"1\"><span style=\"font-weight: 400;\">Lavanda<\/span><\/li>\n<li style=\"font-weight: 400;\" aria-level=\"1\"><span style=\"font-weight: 400;\">Laranjas<\/span><\/li>\n<\/ul>\n<p><span style=\"font-weight: 400;\">Inala\u00e7\u00e3o, massagem no peito ou compressa card\u00edaca<\/span><\/p>\n<h2>Benef\u00edcios da aromaterapia<\/h2>\n<h3>Inala\u00e7\u00f5es<\/h3>\n<p><b>Inala\u00e7\u00e3o:<\/b><span style=\"font-weight: 400;\"> o interessante \u00e9 ter um difusor, daqueles com umidificador de ar. Pois assim, voc\u00ea pode pingar 30 gotas, e ficar pr\u00f3ximo do difusor para <a href=\"https:\/\/www.iquilibrio.com\/blog\/terapias-alternativas\/aromaterapia\/o-que-e-aromaterapia\/\">come\u00e7ar a inala\u00e7\u00e3o<\/a>, ou seja, inspirando pelo nariz e soltando o ar pela boca. <\/span><\/p>\n<p><span style=\"font-weight: 400;\">Fa\u00e7a essa t\u00e9cnica de respira\u00e7\u00e3o por pelo menos 5 vezes, descansar e voltar com a t\u00e9cnica respirat\u00f3ria.\u00a0<\/span><\/p>\n<p><span style=\"font-weight: 400;\">Al\u00e9m disso, outra forma de inala\u00e7\u00e3o, \u00e9 ferver \u00e1gua numa panela, e depois de fervida, gotejar 30 <a href=\"https:\/\/www.iquilibrio.com\/blog\/astrologia\/oleos-essenciais-signos\/\">gotas de \u00f3leo essencial<\/a> de sua prefer\u00eancia, e ent\u00e3o, colocar uma toalha na cabe\u00e7a e ir respirando a fuma\u00e7a que sair da panela. <\/span><\/p>\n<p><span style=\"font-weight: 400;\">Por\u00e9m, fa\u00e7a com cuidado para n\u00e3o se queimar, e indico a lavar o rosto com sab\u00e3o depois, pois existem \u00f3leos essenciais que podem manchar a pele, como eucalipto e lim\u00e3o.\u00a0<\/span><\/p>\n<p><span style=\"font-weight: 400;\">Al\u00e9m dessa, h\u00e1 outra forma de inala\u00e7\u00e3o, essa \u00e9 mais usada em casos de urg\u00eancia, sendo assim, voc\u00ea vai pingar 3 gotas de \u00f3leo na palma das m\u00e3os, e levar as m\u00e3os em formato de concha, at\u00e9 o nariz, para respirar o aroma da ess\u00eancia. <\/span><\/p>\n<p><span style=\"font-weight: 400;\">Contudo, use essa t\u00e9cnica em casos de viagem ou quando n\u00e3o conseguir as outras alternativas citadas acima.\u00a0<\/span><\/p>\n<h2>Benef\u00edcios da aromaterapia &#8211; Compressas<\/h2>\n<p><span style=\"font-weight: 400;\">Antes de mais nada, separe um pano limpo, tipo fraldinha que usava-se antigamente, para limpar a boca de beb\u00eas, depois disso, coloque o paninho em \u00e1gua fervente, e com cuidado, tire o pano da \u00e1gua e com ajuda de pegadores, tor\u00e7a o pano, mas n\u00e3o deixe esfriar. <\/span><\/p>\n<p><span style=\"font-weight: 400;\">Dobre este pano j\u00e1 torcido e pingue 50 gotas de \u00f3leo essencial e leve no local desejado. Barriga para, c\u00f3licas; nuca, para dores de cabe\u00e7a e pesco\u00e7o. Para dores de garganta, e peito, fa\u00e7a isso com um pouco de eucalipto, mentolado e <strong><em>vick<\/em><\/strong> (aquela pomada antiga).<\/span><\/p>\n<p><span style=\"font-weight: 400;\">Ficou alguma d\u00favida? Fale comigo. Deixe seu coment\u00e1rio e compartilhe com as pessoas que voc\u00ea ama. Elas podem precisar tamb\u00e9m!\u00a0<\/span><\/p>\n<p><span style=\"font-weight: 400;\">Com amor, Klarah&#x2764;<\/span><\/p>\n<hr \/>\n<h2><span id=\"Conheca_mais_sobre_a_consultora_Klarah\">Conhe\u00e7a mais sobre a consultora Klarah<\/span><\/h2>\n<p><img loading=\"lazy\" decoding=\"async\" class=\"size-full wp-image-25855 alignleft td-animation-stack-type0-2\" src=\"https:\/\/www.iquilibrio.com\/blog\/wp-content\/uploads\/2019\/05\/klarah.jpg\" alt=\"\" width=\"150\" height=\"150\" \/>A consultora Klarah tem o foco em ajudar o seu consulente a caminhar em dire\u00e7\u00e3o ao que trar\u00e1 o melhor para a sua vida. Nascida em ber\u00e7o cigano, ela pode auxiliar com toda a sabedoria dessa cultura, onde seus rituais, simpatias e orienta\u00e7\u00f5es guiam exatamente o que \u00e9 preciso para alcan\u00e7ar a verdadeira felicidade. Quer conhecer o poderoso aux\u00edlio dessa maravilhosa consultora?\u00a0<span class=\"class-texto-consultor\">Clique aqui e n\u00e3o perca tempo<\/span>!<\/p>\n<p><span style=\"font-weight: 400;\">Klarah \u00e9 formada em aromaterapia, naturopatia e fitoterapia desde 2005 e filiada pela ABRATH. Atende em casos de ansiedade, fobias e medos. Tamb\u00e9m \u00e9 psicanalista, astr\u00f3loga e oraculista h\u00e1 mais de 16 anos.<\/span><\/p>\n<p style=\"text-align: center;\"><a href=\"https:\/\/www.iquilibrio.com\/esotericos\/klarah\/?utm_campaign=blog_conversao&amp;utm_medium=texto_cta&amp;utm_source=blog&amp;utm_content=20220805_beneficios_aromaterapia_botao_abaixo_ultimo_paragrafo\"><strong><span class=\"td_btn td_btn_md td_round_btn\" style=\"background-color: #00ff00;\">Fale agora com a consultora Klarah e receba direcionamento!<\/span><\/strong><\/a><\/p>\n<hr \/>\n<p>Assista a esse v\u00eddeo e descubra o poder dos \u00f3leos essenciais contra a ansiedade:<\/p>\n<p><iframe loading=\"lazy\" title=\"Ansiedade: tr\u00eas \u00f3leos essenciais que ajudam a combat\u00ea-la - iQuilibrio\" width=\"696\" height=\"392\" src=\"https:\/\/www.youtube.com\/embed\/5vJsm63O9tA?feature=oembed\" frameborder=\"0\" allow=\"accelerometer; autoplay; clipboard-write; encrypted-media; gyroscope; picture-in-picture\" allowfullscreen><\/iframe><\/p>\n\n\n<div class=\"kk-star-ratings kksr-auto kksr-align-left kksr-valign-bottom\"\n    data-payload='{&quot;align&quot;:&quot;left&quot;,&quot;id&quot;:&quot;34411&quot;,&quot;slug&quot;:&quot;default&quot;,&quot;valign&quot;:&quot;bottom&quot;,&quot;ignore&quot;:&quot;&quot;,&quot;reference&quot;:&quot;auto&quot;,&quot;class&quot;:&quot;&quot;,&quot;count&quot;:&quot;0&quot;,&quot;legendonly&quot;:&quot;&quot;,&quot;readonly&quot;:&quot;&quot;,&quot;score&quot;:&quot;0&quot;,&quot;starsonly&quot;:&quot;&quot;,&quot;best&quot;:&quot;5&quot;,&quot;gap&quot;:&quot;5&quot;,&quot;greet&quot;:&quot;Rate this post&quot;,&quot;legend&quot;:&quot;0\\\/5 - (0 voto)&quot;,&quot;size&quot;:&quot;24&quot;,&quot;title&quot;:&quot;Benef\u00edcios da aromaterapia para uma vida plena\\u0026#x2764;&quot;,&quot;width&quot;:&quot;0&quot;,&quot;_legend&quot;:&quot;{score}\\\/{best} - ({count} {votes})&quot;,&quot;font_factor&quot;:&quot;1.25&quot;}'>\n            \n<div class=\"kksr-stars\">\n    \n<div class=\"kksr-stars-inactive\">\n            <div class=\"kksr-star\" data-star=\"1\" style=\"padding-right: 5px\">\n            \n\n<div class=\"kksr-icon\" style=\"width: 24px; height: 24px;\"><\/div>\n        <\/div>\n            <div class=\"kksr-star\" data-star=\"2\" style=\"padding-right: 5px\">\n            \n\n<div class=\"kksr-icon\" style=\"width: 24px; height: 24px;\"><\/div>\n        <\/div>\n            <div class=\"kksr-star\" data-star=\"3\" style=\"padding-right: 5px\">\n            \n\n<div class=\"kksr-icon\" style=\"width: 24px; height: 24px;\"><\/div>\n        <\/div>\n            <div class=\"kksr-star\" data-star=\"4\" style=\"padding-right: 5px\">\n            \n\n<div class=\"kksr-icon\" style=\"width: 24px; height: 24px;\"><\/div>\n        <\/div>\n            <div class=\"kksr-star\" data-star=\"5\" style=\"padding-right: 5px\">\n            \n\n<div class=\"kksr-icon\" style=\"width: 24px; height: 24px;\"><\/div>\n        <\/div>\n    <\/div>\n    \n<div class=\"kksr-stars-active\" style=\"width: 0px;\">\n            <div class=\"kksr-star\" style=\"padding-right: 5px\">\n            \n\n<div class=\"kksr-icon\" style=\"width: 24px; height: 24px;\"><\/div>\n        <\/div>\n            <div class=\"kksr-star\" style=\"padding-right: 5px\">\n            \n\n<div class=\"kksr-icon\" style=\"width: 24px; height: 24px;\"><\/div>\n        <\/div>\n            <div class=\"kksr-star\" style=\"padding-right: 5px\">\n            \n\n<div class=\"kksr-icon\" style=\"width: 24px; height: 24px;\"><\/div>\n        <\/div>\n            <div class=\"kksr-star\" style=\"padding-right: 5px\">\n            \n\n<div class=\"kksr-icon\" style=\"width: 24px; height: 24px;\"><\/div>\n        <\/div>\n            <div class=\"kksr-star\" style=\"padding-right: 5px\">\n            \n\n<div class=\"kksr-icon\" style=\"width: 24px; height: 24px;\"><\/div>\n        <\/div>\n    <\/div>\n<\/div>\n                \n\n<div class=\"kksr-legend\" style=\"font-size: 19.2px;\">\n            <span class=\"kksr-muted\">Rate this post<\/span>\n    <\/div>\n    <\/div>\n","protected":false},"excerpt":{"rendered":"<p>A principio, os benef\u00edcios da aromaterapia provem de uma medicina alternativa e complementar, existente h\u00e1 mais de seis mil\u00eanios. Entretanto, sua origem n\u00e3o possui um \u201cmapa\u201d, pois se trata de um m\u00e9todo usado em v\u00e1rios pa\u00edses.\u00a0 \u00cdndice &#8211; Benef\u00edcios da aromaterapia&#x2764; Anteriormente, no Antigo Egito, a aromaterapia era usada para unguento, b\u00e1lsamos, banhos de assento, [&hellip;]<\/p>\n","protected":false},"author":156,"featured_media":34727,"comment_status":"closed","ping_status":"closed","sticky":false,"template":"","format":"standard","meta":{"footnotes":""},"categories":[514,592],"tags":[],"class_list":["post-34411","post","type-post","status-publish","format-standard","has-post-thumbnail","hentry","category-aromaterapia","category-bem-estar"],"yoast_head":"<!-- This site is optimized with the Yoast SEO plugin v27.4 - https:\/\/yoast.com\/product\/yoast-seo-wordpress\/ -->\n<title>Benef\u00edcios da aromaterapia - Tenha uma vida plena!<\/title>\n<meta name=\"description\" content=\"Descubra quais s\u00e3o os benef\u00edcios da aromaterapia, e use essas t\u00e9cnicas para obter uma vida cheia de leveza e plenitude!\" \/>\n<meta name=\"robots\" content=\"index, follow, max-snippet:-1, max-image-preview:large, max-video-preview:-1\" \/>\n<link rel=\"canonical\" href=\"https:\/\/www.iquilibrio.com\/blog\/terapias-alternativas\/aromaterapia\/beneficios-aromaterapia\/\" \/>\n<meta property=\"og:locale\" content=\"pt_BR\" \/>\n<meta property=\"og:type\" content=\"article\" \/>\n<meta property=\"og:title\" content=\"Benef\u00edcios da aromaterapia - Tenha uma vida plena!\" \/>\n<meta property=\"og:description\" content=\"Descubra quais s\u00e3o os benef\u00edcios da aromaterapia, e use essas t\u00e9cnicas para obter uma vida cheia de leveza e plenitude!\" \/>\n<meta property=\"og:url\" content=\"https:\/\/www.iquilibrio.com\/blog\/terapias-alternativas\/aromaterapia\/beneficios-aromaterapia\/\" \/>\n<meta property=\"og:site_name\" content=\"iQuilibrio\" \/>\n<meta property=\"article:publisher\" content=\"https:\/\/www.facebook.com\/iQuilibrio\/\" \/>\n<meta property=\"article:published_time\" content=\"2022-08-06T13:10:52+00:00\" \/>\n<meta property=\"og:image\" content=\"https:\/\/www.iquilibrio.com\/blog\/wp-content\/uploads\/2022\/02\/aromaterapia.jpg\" \/>\n\t<meta property=\"og:image:width\" content=\"900\" \/>\n\t<meta property=\"og:image:height\" content=\"560\" \/>\n\t<meta property=\"og:image:type\" content=\"image\/jpeg\" \/>\n<meta name=\"author\" content=\"iQuilibrio\" \/>\n<meta name=\"twitter:card\" content=\"summary_large_image\" \/>\n<meta name=\"twitter:creator\" content=\"@iquilibrio\" \/>\n<meta name=\"twitter:site\" content=\"@iquilibrio\" \/>\n<meta name=\"twitter:label1\" content=\"Escrito por\" \/>\n\t<meta name=\"twitter:data1\" content=\"iQuilibrio\" \/>\n\t<meta name=\"twitter:label2\" content=\"Est. tempo de leitura\" \/>\n\t<meta name=\"twitter:data2\" content=\"6 minutos\" \/>\n<script type=\"application\/ld+json\" class=\"yoast-schema-graph\">{\"@context\":\"https:\\\/\\\/schema.org\",\"@graph\":[{\"@type\":\"Article\",\"@id\":\"https:\\\/\\\/www.iquilibrio.com\\\/blog\\\/terapias-alternativas\\\/aromaterapia\\\/beneficios-aromaterapia\\\/#article\",\"isPartOf\":{\"@id\":\"https:\\\/\\\/www.iquilibrio.com\\\/blog\\\/terapias-alternativas\\\/aromaterapia\\\/beneficios-aromaterapia\\\/\"},\"author\":{\"name\":\"iQuilibrio\",\"@id\":\"https:\\\/\\\/www.iquilibrio.com\\\/blog\\\/#\\\/schema\\\/person\\\/2acb51f4069f3a1354edeaff3dee22f4\"},\"headline\":\"Benef\u00edcios da aromaterapia para uma vida plena&#x2764;\",\"datePublished\":\"2022-08-06T13:10:52+00:00\",\"mainEntityOfPage\":{\"@id\":\"https:\\\/\\\/www.iquilibrio.com\\\/blog\\\/terapias-alternativas\\\/aromaterapia\\\/beneficios-aromaterapia\\\/\"},\"wordCount\":1113,\"publisher\":{\"@id\":\"https:\\\/\\\/www.iquilibrio.com\\\/blog\\\/#organization\"},\"image\":{\"@id\":\"https:\\\/\\\/www.iquilibrio.com\\\/blog\\\/terapias-alternativas\\\/aromaterapia\\\/beneficios-aromaterapia\\\/#primaryimage\"},\"thumbnailUrl\":\"https:\\\/\\\/www.iquilibrio.com\\\/blog\\\/wp-content\\\/uploads\\\/2022\\\/02\\\/aromaterapia.jpg\",\"articleSection\":[\"Aromaterapia\",\"Dicas de Bem-Estar\"],\"inLanguage\":\"pt-BR\"},{\"@type\":\"WebPage\",\"@id\":\"https:\\\/\\\/www.iquilibrio.com\\\/blog\\\/terapias-alternativas\\\/aromaterapia\\\/beneficios-aromaterapia\\\/\",\"url\":\"https:\\\/\\\/www.iquilibrio.com\\\/blog\\\/terapias-alternativas\\\/aromaterapia\\\/beneficios-aromaterapia\\\/\",\"name\":\"Benef\u00edcios da aromaterapia - Tenha uma vida plena!\",\"isPartOf\":{\"@id\":\"https:\\\/\\\/www.iquilibrio.com\\\/blog\\\/#website\"},\"primaryImageOfPage\":{\"@id\":\"https:\\\/\\\/www.iquilibrio.com\\\/blog\\\/terapias-alternativas\\\/aromaterapia\\\/beneficios-aromaterapia\\\/#primaryimage\"},\"image\":{\"@id\":\"https:\\\/\\\/www.iquilibrio.com\\\/blog\\\/terapias-alternativas\\\/aromaterapia\\\/beneficios-aromaterapia\\\/#primaryimage\"},\"thumbnailUrl\":\"https:\\\/\\\/www.iquilibrio.com\\\/blog\\\/wp-content\\\/uploads\\\/2022\\\/02\\\/aromaterapia.jpg\",\"datePublished\":\"2022-08-06T13:10:52+00:00\",\"description\":\"Descubra quais s\u00e3o os benef\u00edcios da aromaterapia, e use essas t\u00e9cnicas para obter uma vida cheia de leveza e plenitude!\",\"breadcrumb\":{\"@id\":\"https:\\\/\\\/www.iquilibrio.com\\\/blog\\\/terapias-alternativas\\\/aromaterapia\\\/beneficios-aromaterapia\\\/#breadcrumb\"},\"inLanguage\":\"pt-BR\",\"potentialAction\":[{\"@type\":\"ReadAction\",\"target\":[\"https:\\\/\\\/www.iquilibrio.com\\\/blog\\\/terapias-alternativas\\\/aromaterapia\\\/beneficios-aromaterapia\\\/\"]}]},{\"@type\":\"ImageObject\",\"inLanguage\":\"pt-BR\",\"@id\":\"https:\\\/\\\/www.iquilibrio.com\\\/blog\\\/terapias-alternativas\\\/aromaterapia\\\/beneficios-aromaterapia\\\/#primaryimage\",\"url\":\"https:\\\/\\\/www.iquilibrio.com\\\/blog\\\/wp-content\\\/uploads\\\/2022\\\/02\\\/aromaterapia.jpg\",\"contentUrl\":\"https:\\\/\\\/www.iquilibrio.com\\\/blog\\\/wp-content\\\/uploads\\\/2022\\\/02\\\/aromaterapia.jpg\",\"width\":900,\"height\":560,\"caption\":\"aromaterapia\"},{\"@type\":\"BreadcrumbList\",\"@id\":\"https:\\\/\\\/www.iquilibrio.com\\\/blog\\\/terapias-alternativas\\\/aromaterapia\\\/beneficios-aromaterapia\\\/#breadcrumb\",\"itemListElement\":[{\"@type\":\"ListItem\",\"position\":1,\"name\":\"In\u00edcio\",\"item\":\"https:\\\/\\\/www.iquilibrio.com\\\/blog\\\/\"},{\"@type\":\"ListItem\",\"position\":2,\"name\":\"Benef\u00edcios da aromaterapia para uma vida plena&#x2764;\"}]},{\"@type\":\"WebSite\",\"@id\":\"https:\\\/\\\/www.iquilibrio.com\\\/blog\\\/#website\",\"url\":\"https:\\\/\\\/www.iquilibrio.com\\\/blog\\\/\",\"name\":\"iQuilibrio\",\"description\":\"Blog iQuilibrio\",\"publisher\":{\"@id\":\"https:\\\/\\\/www.iquilibrio.com\\\/blog\\\/#organization\"},\"potentialAction\":[{\"@type\":\"SearchAction\",\"target\":{\"@type\":\"EntryPoint\",\"urlTemplate\":\"https:\\\/\\\/www.iquilibrio.com\\\/blog\\\/?s={search_term_string}\"},\"query-input\":{\"@type\":\"PropertyValueSpecification\",\"valueRequired\":true,\"valueName\":\"search_term_string\"}}],\"inLanguage\":\"pt-BR\"},{\"@type\":\"Organization\",\"@id\":\"https:\\\/\\\/www.iquilibrio.com\\\/blog\\\/#organization\",\"name\":\"Esoterismo, Misticismo e Tarot Online - iQuilibrio\",\"url\":\"https:\\\/\\\/www.iquilibrio.com\\\/blog\\\/\",\"logo\":{\"@type\":\"ImageObject\",\"inLanguage\":\"pt-BR\",\"@id\":\"https:\\\/\\\/www.iquilibrio.com\\\/blog\\\/#\\\/schema\\\/logo\\\/image\\\/\",\"url\":\"https:\\\/\\\/www.iquilibrio.com\\\/blog\\\/wp-content\\\/uploads\\\/2018\\\/12\\\/iquilibrio_lovo_vetor_preto-retina.png\",\"contentUrl\":\"https:\\\/\\\/www.iquilibrio.com\\\/blog\\\/wp-content\\\/uploads\\\/2018\\\/12\\\/iquilibrio_lovo_vetor_preto-retina.png\",\"width\":972,\"height\":180,\"caption\":\"Esoterismo, Misticismo e Tarot Online - iQuilibrio\"},\"image\":{\"@id\":\"https:\\\/\\\/www.iquilibrio.com\\\/blog\\\/#\\\/schema\\\/logo\\\/image\\\/\"},\"sameAs\":[\"https:\\\/\\\/www.facebook.com\\\/iQuilibrio\\\/\",\"https:\\\/\\\/x.com\\\/iquilibrio\",\"https:\\\/\\\/www.instagram.com\\\/iquilibrio\\\/\",\"https:\\\/\\\/www.linkedin.com\\\/company\\\/iquilibrio\\\/\",\"https:\\\/\\\/br.pinterest.com\\\/iquilibrio1397\\\/\",\"https:\\\/\\\/www.youtube.com\\\/channel\\\/UC175qxd-4Zsi4wzawT5zF2g\"]},{\"@type\":\"Person\",\"@id\":\"https:\\\/\\\/www.iquilibrio.com\\\/blog\\\/#\\\/schema\\\/person\\\/2acb51f4069f3a1354edeaff3dee22f4\",\"name\":\"iQuilibrio\",\"image\":{\"@type\":\"ImageObject\",\"inLanguage\":\"pt-BR\",\"@id\":\"https:\\\/\\\/www.iquilibrio.com\\\/blog\\\/wp-content\\\/uploads\\\/2021\\\/12\\\/Consulta-por-email-3-150x150.png\",\"url\":\"https:\\\/\\\/www.iquilibrio.com\\\/blog\\\/wp-content\\\/uploads\\\/2021\\\/12\\\/Consulta-por-email-3-150x150.png\",\"contentUrl\":\"https:\\\/\\\/www.iquilibrio.com\\\/blog\\\/wp-content\\\/uploads\\\/2021\\\/12\\\/Consulta-por-email-3-150x150.png\",\"caption\":\"iQuilibrio\"},\"description\":\"A equipe de reda\u00e7\u00e3o da iQuilibrio \u00e9 composta pelos mais diversos especialistas e esot\u00e9ricos. Al\u00e9m de dominar a arte de traduzir as energias que o universo emana, nossos redatores sentem imenso prazer em trabalhar com palavras. Boa leitura e um \u00f3timo aprendizado!\",\"url\":\"https:\\\/\\\/www.iquilibrio.com\\\/blog\\\/author\\\/iquilibrio\\\/\"}]}<\/script>\n<!-- \/ Yoast SEO plugin. -->","yoast_head_json":{"title":"Benef\u00edcios da aromaterapia - Tenha uma vida plena!","description":"Descubra quais s\u00e3o os benef\u00edcios da aromaterapia, e use essas t\u00e9cnicas para obter uma vida cheia de leveza e plenitude!","robots":{"index":"index","follow":"follow","max-snippet":"max-snippet:-1","max-image-preview":"max-image-preview:large","max-video-preview":"max-video-preview:-1"},"canonical":"https:\/\/www.iquilibrio.com\/blog\/terapias-alternativas\/aromaterapia\/beneficios-aromaterapia\/","og_locale":"pt_BR","og_type":"article","og_title":"Benef\u00edcios da aromaterapia - Tenha uma vida plena!","og_description":"Descubra quais s\u00e3o os benef\u00edcios da aromaterapia, e use essas t\u00e9cnicas para obter uma vida cheia de leveza e plenitude!","og_url":"https:\/\/www.iquilibrio.com\/blog\/terapias-alternativas\/aromaterapia\/beneficios-aromaterapia\/","og_site_name":"iQuilibrio","article_publisher":"https:\/\/www.facebook.com\/iQuilibrio\/","article_published_time":"2022-08-06T13:10:52+00:00","og_image":[{"width":900,"height":560,"url":"https:\/\/www.iquilibrio.com\/blog\/wp-content\/uploads\/2022\/02\/aromaterapia.jpg","type":"image\/jpeg"}],"author":"iQuilibrio","twitter_card":"summary_large_image","twitter_creator":"@iquilibrio","twitter_site":"@iquilibrio","twitter_misc":{"Escrito por":"iQuilibrio","Est. tempo de leitura":"6 minutos"},"schema":{"@context":"https:\/\/schema.org","@graph":[{"@type":"Article","@id":"https:\/\/www.iquilibrio.com\/blog\/terapias-alternativas\/aromaterapia\/beneficios-aromaterapia\/#article","isPartOf":{"@id":"https:\/\/www.iquilibrio.com\/blog\/terapias-alternativas\/aromaterapia\/beneficios-aromaterapia\/"},"author":{"name":"iQuilibrio","@id":"https:\/\/www.iquilibrio.com\/blog\/#\/schema\/person\/2acb51f4069f3a1354edeaff3dee22f4"},"headline":"Benef\u00edcios da aromaterapia para uma vida plena&#x2764;","datePublished":"2022-08-06T13:10:52+00:00","mainEntityOfPage":{"@id":"https:\/\/www.iquilibrio.com\/blog\/terapias-alternativas\/aromaterapia\/beneficios-aromaterapia\/"},"wordCount":1113,"publisher":{"@id":"https:\/\/www.iquilibrio.com\/blog\/#organization"},"image":{"@id":"https:\/\/www.iquilibrio.com\/blog\/terapias-alternativas\/aromaterapia\/beneficios-aromaterapia\/#primaryimage"},"thumbnailUrl":"https:\/\/www.iquilibrio.com\/blog\/wp-content\/uploads\/2022\/02\/aromaterapia.jpg","articleSection":["Aromaterapia","Dicas de Bem-Estar"],"inLanguage":"pt-BR"},{"@type":"WebPage","@id":"https:\/\/www.iquilibrio.com\/blog\/terapias-alternativas\/aromaterapia\/beneficios-aromaterapia\/","url":"https:\/\/www.iquilibrio.com\/blog\/terapias-alternativas\/aromaterapia\/beneficios-aromaterapia\/","name":"Benef\u00edcios da aromaterapia - Tenha uma vida plena!","isPartOf":{"@id":"https:\/\/www.iquilibrio.com\/blog\/#website"},"primaryImageOfPage":{"@id":"https:\/\/www.iquilibrio.com\/blog\/terapias-alternativas\/aromaterapia\/beneficios-aromaterapia\/#primaryimage"},"image":{"@id":"https:\/\/www.iquilibrio.com\/blog\/terapias-alternativas\/aromaterapia\/beneficios-aromaterapia\/#primaryimage"},"thumbnailUrl":"https:\/\/www.iquilibrio.com\/blog\/wp-content\/uploads\/2022\/02\/aromaterapia.jpg","datePublished":"2022-08-06T13:10:52+00:00","description":"Descubra quais s\u00e3o os benef\u00edcios da aromaterapia, e use essas t\u00e9cnicas para obter uma vida cheia de leveza e plenitude!","breadcrumb":{"@id":"https:\/\/www.iquilibrio.com\/blog\/terapias-alternativas\/aromaterapia\/beneficios-aromaterapia\/#breadcrumb"},"inLanguage":"pt-BR","potentialAction":[{"@type":"ReadAction","target":["https:\/\/www.iquilibrio.com\/blog\/terapias-alternativas\/aromaterapia\/beneficios-aromaterapia\/"]}]},{"@type":"ImageObject","inLanguage":"pt-BR","@id":"https:\/\/www.iquilibrio.com\/blog\/terapias-alternativas\/aromaterapia\/beneficios-aromaterapia\/#primaryimage","url":"https:\/\/www.iquilibrio.com\/blog\/wp-content\/uploads\/2022\/02\/aromaterapia.jpg","contentUrl":"https:\/\/www.iquilibrio.com\/blog\/wp-content\/uploads\/2022\/02\/aromaterapia.jpg","width":900,"height":560,"caption":"aromaterapia"},{"@type":"BreadcrumbList","@id":"https:\/\/www.iquilibrio.com\/blog\/terapias-alternativas\/aromaterapia\/beneficios-aromaterapia\/#breadcrumb","itemListElement":[{"@type":"ListItem","position":1,"name":"In\u00edcio","item":"https:\/\/www.iquilibrio.com\/blog\/"},{"@type":"ListItem","position":2,"name":"Benef\u00edcios da aromaterapia para uma vida plena&#x2764;"}]},{"@type":"WebSite","@id":"https:\/\/www.iquilibrio.com\/blog\/#website","url":"https:\/\/www.iquilibrio.com\/blog\/","name":"iQuilibrio","description":"Blog iQuilibrio","publisher":{"@id":"https:\/\/www.iquilibrio.com\/blog\/#organization"},"potentialAction":[{"@type":"SearchAction","target":{"@type":"EntryPoint","urlTemplate":"https:\/\/www.iquilibrio.com\/blog\/?s={search_term_string}"},"query-input":{"@type":"PropertyValueSpecification","valueRequired":true,"valueName":"search_term_string"}}],"inLanguage":"pt-BR"},{"@type":"Organization","@id":"https:\/\/www.iquilibrio.com\/blog\/#organization","name":"Esoterismo, Misticismo e Tarot Online - iQuilibrio","url":"https:\/\/www.iquilibrio.com\/blog\/","logo":{"@type":"ImageObject","inLanguage":"pt-BR","@id":"https:\/\/www.iquilibrio.com\/blog\/#\/schema\/logo\/image\/","url":"https:\/\/www.iquilibrio.com\/blog\/wp-content\/uploads\/2018\/12\/iquilibrio_lovo_vetor_preto-retina.png","contentUrl":"https:\/\/www.iquilibrio.com\/blog\/wp-content\/uploads\/2018\/12\/iquilibrio_lovo_vetor_preto-retina.png","width":972,"height":180,"caption":"Esoterismo, Misticismo e Tarot Online - iQuilibrio"},"image":{"@id":"https:\/\/www.iquilibrio.com\/blog\/#\/schema\/logo\/image\/"},"sameAs":["https:\/\/www.facebook.com\/iQuilibrio\/","https:\/\/x.com\/iquilibrio","https:\/\/www.instagram.com\/iquilibrio\/","https:\/\/www.linkedin.com\/company\/iquilibrio\/","https:\/\/br.pinterest.com\/iquilibrio1397\/","https:\/\/www.youtube.com\/channel\/UC175qxd-4Zsi4wzawT5zF2g"]},{"@type":"Person","@id":"https:\/\/www.iquilibrio.com\/blog\/#\/schema\/person\/2acb51f4069f3a1354edeaff3dee22f4","name":"iQuilibrio","image":{"@type":"ImageObject","inLanguage":"pt-BR","@id":"https:\/\/www.iquilibrio.com\/blog\/wp-content\/uploads\/2021\/12\/Consulta-por-email-3-150x150.png","url":"https:\/\/www.iquilibrio.com\/blog\/wp-content\/uploads\/2021\/12\/Consulta-por-email-3-150x150.png","contentUrl":"https:\/\/www.iquilibrio.com\/blog\/wp-content\/uploads\/2021\/12\/Consulta-por-email-3-150x150.png","caption":"iQuilibrio"},"description":"A equipe de reda\u00e7\u00e3o da iQuilibrio \u00e9 composta pelos mais diversos especialistas e esot\u00e9ricos. Al\u00e9m de dominar a arte de traduzir as energias que o universo emana, nossos redatores sentem imenso prazer em trabalhar com palavras. Boa leitura e um \u00f3timo aprendizado!","url":"https:\/\/www.iquilibrio.com\/blog\/author\/iquilibrio\/"}]}},"_links":{"self":[{"href":"https:\/\/www.iquilibrio.com\/blog\/wp-json\/wp\/v2\/posts\/34411","targetHints":{"allow":["GET"]}}],"collection":[{"href":"https:\/\/www.iquilibrio.com\/blog\/wp-json\/wp\/v2\/posts"}],"about":[{"href":"https:\/\/www.iquilibrio.com\/blog\/wp-json\/wp\/v2\/types\/post"}],"author":[{"embeddable":true,"href":"https:\/\/www.iquilibrio.com\/blog\/wp-json\/wp\/v2\/users\/156"}],"replies":[{"embeddable":true,"href":"https:\/\/www.iquilibrio.com\/blog\/wp-json\/wp\/v2\/comments?post=34411"}],"version-history":[{"count":12,"href":"https:\/\/www.iquilibrio.com\/blog\/wp-json\/wp\/v2\/posts\/34411\/revisions"}],"predecessor-version":[{"id":36631,"href":"https:\/\/www.iquilibrio.com\/blog\/wp-json\/wp\/v2\/posts\/34411\/revisions\/36631"}],"wp:featuredmedia":[{"embeddable":true,"href":"https:\/\/www.iquilibrio.com\/blog\/wp-json\/wp\/v2\/media\/34727"}],"wp:attachment":[{"href":"https:\/\/www.iquilibrio.com\/blog\/wp-json\/wp\/v2\/media?parent=34411"}],"wp:term":[{"taxonomy":"category","embeddable":true,"href":"https:\/\/www.iquilibrio.com\/blog\/wp-json\/wp\/v2\/categories?post=34411"},{"taxonomy":"post_tag","embeddable":true,"href":"https:\/\/www.iquilibrio.com\/blog\/wp-json\/wp\/v2\/tags?post=34411"}],"curies":[{"name":"wp","href":"https:\/\/api.w.org\/{rel}","templated":true}]}}