{"id":34407,"date":"2022-05-26T16:58:12","date_gmt":"2022-05-26T19:58:12","guid":{"rendered":"https:\/\/www.iquilibrio.com\/blog\/?p=34407"},"modified":"2022-05-26T16:58:54","modified_gmt":"2022-05-26T19:58:54","slug":"oracao-espirita-manha","status":"publish","type":"post","link":"https:\/\/www.iquilibrio.com\/blog\/espiritualidade\/oracoes-salmos\/oracao-espirita-manha\/","title":{"rendered":"Ora\u00e7\u00e3o da manh\u00e3 esp\u00edrita &#8211; Preces para ir bem no seu dia"},"content":{"rendered":"<h2>Ora\u00e7\u00e3o da manh\u00e3 esp\u00edrita<\/h2>\n<p><span style=\"font-weight: 400;\">Primordialmente, \u00e9 necess\u00e1rio dizer, que em todos os momentos de ora\u00e7\u00e3o, o ser humano pode ligar-se \u00e0 energia de Deus, alcan\u00e7ar a paz e promover a luz em si mesmo e no mundo. Por isso, a ora\u00e7\u00e3o da manh\u00e3 esp\u00edrita \u00e9 importante para <a href=\"https:\/\/www.iquilibrio.com\/blog\/espiritualidade\/oracoes-salmos\/oracao-sao-jorge-inimigos\/\">nos manter equilibrados<\/a> e com total vigor.<\/span><\/p>\n<p><span style=\"font-weight: 400;\">Para isso \u00e9 importante que fa\u00e7a a sua ora\u00e7\u00e3o de uma forma sentida e n\u00e3o de forma mec\u00e2nica, decorada. Nesse sentido, te ensinarei a ora\u00e7\u00e3o da manh\u00e3 esp\u00edrita<\/span><\/p>\n<p><span style=\"font-weight: 400;\">No entanto, a Prece de C\u00e1ritas \u00e9 uma ora\u00e7\u00e3o profunda, psicografada na Fran\u00e7a pela m\u00e9dium Madame W. Krell durante a noite de Natal de 1873. Em suma, diz-se que C\u00e1ritas era um esp\u00edrito que se comunicava atrav\u00e9s da m\u00e9dium.<\/span><\/p>\n<h2>Ora\u00e7\u00e3o da manh\u00e3 esp\u00edrita<\/h2>\n<p><span style=\"font-weight: 400;\">Al\u00e9m disso, a ora\u00e7\u00e3o da manh\u00e3 esp\u00edrita <a href=\"https:\/\/www.astrocentro.com.br\/blog\/bem-estar\/mensagens-espiritas\/\">tem poder<\/a> de te fazer sentir dentro de si o <a href=\"https:\/\/www.iquilibrio.com\/blog\/bem-estar\/oracao-espirita-para-dormir\/\">chamado para a paz<\/a> e o recolhimento interior, de forma a permitir que o seu esp\u00edrito procure a Deus, para que assim, possa ligar a centelha divina dentro do seu pr\u00f3prio cora\u00e7\u00e3o.<\/span><\/p>\n<p><span style=\"font-weight: 400;\">Ou seja, emitimos for\u00e7as que s\u00e3o peculiares a n\u00f3s, e que v\u00e3o atuar no plano desta vida. Nesse sentido, o c\u00edrculo de permuta incessante, os raios divinos expedidos pela ora\u00e7\u00e3o santificadora, convertem-se em fatores adiantados de coopera\u00e7\u00e3o eficiente e definitiva na cura do corpo, na renova\u00e7\u00e3o da alma e ilumina\u00e7\u00e3o da consci\u00eancia.<\/span><\/p>\n<p><span style=\"font-weight: 400;\"><a href=\"https:\/\/www.iquilibrio.com\/blog\/terapias-alternativas\/meditacao\/meditacao-da-manha\/\">Toda prece elevada \u00e9 um manancial<\/a> de magnetismo criador, ent\u00e3o, toda criatura que cultiva a ora\u00e7\u00e3o com devido equil\u00edbrio de sentimento, transforma-se gradativamente em foco irradiante da Divindade.<\/span><\/p>\n<blockquote class=\"td_quote_box td_box_center\">\n<blockquote class=\"td_pull_quote td_pull_center\">\n<h2>Prece de C\u00e1ritas<\/h2>\n<p><b>Deus nosso Pai, que sois todo poder e bondade.\u00a0<\/b><\/p>\n<p><b>Dai for\u00e7a \u00e0quele que passa pela prova\u00e7\u00e3o, dai luz \u00e0quele que procura a verdade, ponde no cora\u00e7\u00e3o do homem a compaix\u00e3o e a caridade.\u00a0<\/b><\/p>\n<p><b>Deus! Dai ao viajor a estrela-guia, ao aflito a consola\u00e7\u00e3o, ao doente o repouso.<\/b><\/p>\n<p><b>Pai! Dai ao culpado, arrependimento, ao Esp\u00edrito a verdade;<\/b><\/p>\n<p><b>\u00c0 crian\u00e7a o guia, ao \u00f3rf\u00e3o o pai.<\/b><\/p>\n<p><b>Senhor! Que vossa bondade se estenda sobre tudo que criaste.<\/b><\/p>\n<p><b>Piedade Senhor, para aquele que n\u00e3o vos conhece, esperan\u00e7a para aquele que sofre.<\/b><\/p>\n<p><b>Que a vossa bondade permita aos Esp\u00edritos consoladores, derramarem por toda a parte a paz, a esperan\u00e7a e a f\u00e9.<\/b><\/p>\n<p><b>Deus! um reflexo, uma centelha do teu amor pode abrasar a terra!<\/b><\/p>\n<p><b>Deixai-nos beber na fonte da vossa bondade fecunda e infinita, e todas as l\u00e1grimas secar\u00e3o, todas as dores se acalmar\u00e3o!<\/b><\/p>\n<p><b>Um s\u00f3 cora\u00e7\u00e3o, um s\u00f3 pensamento subir\u00e1 at\u00e9 v\u00f3s, como um grito de reconhecimento e de amor.<\/b><\/p>\n<p><b>Como Mois\u00e9s sobre a montanha, n\u00f3s esperamos de bra\u00e7os abertos, oh poder! oh bondade! oh perfei\u00e7\u00e3o!<\/b><\/p>\n<p><b>E queremos de alguma forma merecer a vossa miseric\u00f3rdia!<\/b><\/p>\n<p><b>Deus! Dai-nos a for\u00e7a de ajudar o progresso, a fim de subirmos at\u00e9 v\u00f3s!<\/b><\/p>\n<p><b>Dai-nos a caridade pura!<\/b><\/p>\n<p><b>Dai-nos a f\u00e9 e a raz\u00e3o!<\/b><\/p>\n<p><b>Dai-nos a simplicidade que far\u00e1 de nossas almas o espelho onde deve refletir a vossa imagem!<\/b><\/p><\/blockquote>\n<\/blockquote>\n<p style=\"text-align: right;\"><em>Francisco C\u00e2ndido Xavier, pelo Esp\u00edrito Andr\u00e9 Luiz.<\/em><\/p>\n<h3>O poder da ora\u00e7\u00e3o<\/h3>\n<p>Em suma, a ora\u00e7\u00e3o tem muito poder de nos fortalecer, ou seja, nos tornar capazes de enfrentar a vida, com muita energia e disposi\u00e7\u00e3o para vencer todas as batalhas.<\/p>\n<p>Por isso, melhore a sua vida, e aprenda como lidar com diversas situa\u00e7\u00f5es que podem parecer dif\u00edceis ou imposs\u00edveis. Ent\u00e3o, fa\u00e7a uma consulta com um especialista e melhore a cada dia a sua for\u00e7a e disposi\u00e7\u00e3o para as vit\u00f3rias di\u00e1rias!<\/p>\n<p style=\"text-align: right;\"><em>Escrito pela consultora Gislaine.\u00a0<\/em><\/p>\n<h2><span id=\"Conheca_mais_sobre_a_consultora_Gislaine\">Conhe\u00e7a mais sobre a consultora Gislaine<\/span><\/h2>\n<h2><span id=\"Conheca_mais_sobre_a_consultora_Gislaine\"><img loading=\"lazy\" decoding=\"async\" class=\"wp-image-29292 alignleft lazyloaded td-animation-stack-type0-2\" src=\"https:\/\/cdn.shortpixel.ai\/client\/to_webp,q_glossy,ret_img,w_122,h_121\/https:\/\/www.iquilibrio.com\/blog\/wp-content\/uploads\/2020\/02\/Sem-T%C3%ADtulo-2.png\" sizes=\"auto, (max-width: 122px) 100vw, 122px\" srcset=\"https:\/\/cdn.shortpixel.ai\/client\/to_webp,q_glossy,ret_img,w_455\/https:\/\/www.iquilibrio.com\/blog\/wp-content\/uploads\/2020\/02\/Sem-T\u00edtulo-2.png 455w, https:\/\/cdn.shortpixel.ai\/client\/q_glossy,ret_img,w_150\/https:\/\/www.iquilibrio.com\/blog\/wp-content\/uploads\/2020\/02\/Sem-T\u00edtulo-2-150x150.png 150w, https:\/\/cdn.shortpixel.ai\/client\/q_glossy,ret_img,w_300\/https:\/\/www.iquilibrio.com\/blog\/wp-content\/uploads\/2020\/02\/Sem-T\u00edtulo-2-300x300.png 300w, https:\/\/cdn.shortpixel.ai\/client\/q_glossy,ret_img,w_422\/https:\/\/www.iquilibrio.com\/blog\/wp-content\/uploads\/2020\/02\/Sem-T\u00edtulo-2-422x420.png 422w\" alt=\"\" width=\"122\" height=\"121\" data-src=\"https:\/\/cdn.shortpixel.ai\/client\/to_webp,q_glossy,ret_img,w_122,h_121\/https:\/\/www.iquilibrio.com\/blog\/wp-content\/uploads\/2020\/02\/Sem-T%C3%ADtulo-2.png\" data-sizes=\"(max-width: 122px) 100vw, 122px\" data-srcset=\"https:\/\/cdn.shortpixel.ai\/client\/to_webp, q_glossy, ret_img, w_455\/https:\/\/www.iquilibrio.com\/blog\/wp-content\/uploads\/2020\/02\/Sem-T\u00edtulo-2.png 455w, https:\/\/cdn.shortpixel.ai\/client\/q_glossy, ret_img, w_150\/https:\/\/www.iquilibrio.com\/blog\/wp-content\/uploads\/2020\/02\/Sem-T\u00edtulo-2-150x150.png 150w, https:\/\/cdn.shortpixel.ai\/client\/q_glossy, ret_img, w_300\/https:\/\/www.iquilibrio.com\/blog\/wp-content\/uploads\/2020\/02\/Sem-T\u00edtulo-2-300x300.png 300w, https:\/\/cdn.shortpixel.ai\/client\/q_glossy, ret_img, w_422\/https:\/\/www.iquilibrio.com\/blog\/wp-content\/uploads\/2020\/02\/Sem-T\u00edtulo-2-422x420.png 422w\" \/><\/span><\/h2>\n<div>Sou umbandista h\u00e1 mais de 20 anos, atrav\u00e9s da minha mediunidade e a conviv\u00eancia frequente com plano espiritual.<\/div>\n<div>Iniciei uma jornada em busca de mais sabedoria, aperfei\u00e7oando atrav\u00e9s dos estudos espec\u00edficos. Meu objetivo \u00e9 agregar mais conhecimento com o intuito de melhor servir como canal de comunica\u00e7\u00e3o para o plano astral.<\/div>\n<div><\/div>\n<div style=\"text-align: center;\"><a href=\"https:\/\/www.iquilibrio.com\/?utm_campaign=blog_conversao&amp;utm_medium=texto_cta&amp;utm_source=blog&amp;utm_content=20220526_ora\u00e7ao_espirita_manha_botao_abaixo_ultimo_paragrafo\"><strong><span class=\"td_btn td_btn_md td_round_btn\" style=\"background-color: #0000ff;\">Quero melhorar minhas viv\u00eancias e vencer os obst\u00e1culos!<\/span><\/strong><\/a><\/div>\n<div><\/div>\n<hr \/>\n<p>Assista esse v\u00eddeo e aprenda a fazer essa poderosa <strong>ora\u00e7\u00e3o para o Arcanjo Miguel<\/strong>:<\/p>\n<p><iframe loading=\"lazy\" title=\"Ora\u00e7\u00e3o de 21 dias do Arcanjo Miguel - iQuilibrio\" width=\"696\" height=\"392\" src=\"https:\/\/www.youtube.com\/embed\/d3wakX2p6D0?feature=oembed\" frameborder=\"0\" allow=\"accelerometer; autoplay; clipboard-write; encrypted-media; gyroscope; picture-in-picture\" allowfullscreen><\/iframe><\/p>\n\n\n<div class=\"kk-star-ratings kksr-auto kksr-align-left kksr-valign-bottom\"\n    data-payload='{&quot;align&quot;:&quot;left&quot;,&quot;id&quot;:&quot;34407&quot;,&quot;slug&quot;:&quot;default&quot;,&quot;valign&quot;:&quot;bottom&quot;,&quot;ignore&quot;:&quot;&quot;,&quot;reference&quot;:&quot;auto&quot;,&quot;class&quot;:&quot;&quot;,&quot;count&quot;:&quot;1&quot;,&quot;legendonly&quot;:&quot;&quot;,&quot;readonly&quot;:&quot;&quot;,&quot;score&quot;:&quot;5&quot;,&quot;starsonly&quot;:&quot;&quot;,&quot;best&quot;:&quot;5&quot;,&quot;gap&quot;:&quot;5&quot;,&quot;greet&quot;:&quot;Rate this post&quot;,&quot;legend&quot;:&quot;5\\\/5 - (1 voto)&quot;,&quot;size&quot;:&quot;24&quot;,&quot;title&quot;:&quot;Ora\u00e7\u00e3o da manh\u00e3 esp\u00edrita - Preces para ir bem no seu dia&quot;,&quot;width&quot;:&quot;142.5&quot;,&quot;_legend&quot;:&quot;{score}\\\/{best} - ({count} {votes})&quot;,&quot;font_factor&quot;:&quot;1.25&quot;}'>\n            \n<div class=\"kksr-stars\">\n    \n<div class=\"kksr-stars-inactive\">\n            <div class=\"kksr-star\" data-star=\"1\" style=\"padding-right: 5px\">\n            \n\n<div class=\"kksr-icon\" style=\"width: 24px; height: 24px;\"><\/div>\n        <\/div>\n            <div class=\"kksr-star\" data-star=\"2\" style=\"padding-right: 5px\">\n            \n\n<div class=\"kksr-icon\" style=\"width: 24px; height: 24px;\"><\/div>\n        <\/div>\n            <div class=\"kksr-star\" data-star=\"3\" style=\"padding-right: 5px\">\n            \n\n<div class=\"kksr-icon\" style=\"width: 24px; height: 24px;\"><\/div>\n        <\/div>\n            <div class=\"kksr-star\" data-star=\"4\" style=\"padding-right: 5px\">\n            \n\n<div class=\"kksr-icon\" style=\"width: 24px; height: 24px;\"><\/div>\n        <\/div>\n            <div class=\"kksr-star\" data-star=\"5\" style=\"padding-right: 5px\">\n            \n\n<div class=\"kksr-icon\" style=\"width: 24px; height: 24px;\"><\/div>\n        <\/div>\n    <\/div>\n    \n<div class=\"kksr-stars-active\" style=\"width: 142.5px;\">\n            <div class=\"kksr-star\" style=\"padding-right: 5px\">\n            \n\n<div class=\"kksr-icon\" style=\"width: 24px; height: 24px;\"><\/div>\n        <\/div>\n            <div class=\"kksr-star\" style=\"padding-right: 5px\">\n            \n\n<div class=\"kksr-icon\" style=\"width: 24px; height: 24px;\"><\/div>\n        <\/div>\n            <div class=\"kksr-star\" style=\"padding-right: 5px\">\n            \n\n<div class=\"kksr-icon\" style=\"width: 24px; height: 24px;\"><\/div>\n        <\/div>\n            <div class=\"kksr-star\" style=\"padding-right: 5px\">\n            \n\n<div class=\"kksr-icon\" style=\"width: 24px; height: 24px;\"><\/div>\n        <\/div>\n            <div class=\"kksr-star\" style=\"padding-right: 5px\">\n            \n\n<div class=\"kksr-icon\" style=\"width: 24px; height: 24px;\"><\/div>\n        <\/div>\n    <\/div>\n<\/div>\n                \n\n<div class=\"kksr-legend\" style=\"font-size: 19.2px;\">\n            5\/5 - (1 voto)    <\/div>\n    <\/div>\n","protected":false},"excerpt":{"rendered":"<p>Ora\u00e7\u00e3o da manh\u00e3 esp\u00edrita Primordialmente, \u00e9 necess\u00e1rio dizer, que em todos os momentos de ora\u00e7\u00e3o, o ser humano pode ligar-se \u00e0 energia de Deus, alcan\u00e7ar a paz e promover a luz em si mesmo e no mundo. Por isso, a ora\u00e7\u00e3o da manh\u00e3 esp\u00edrita \u00e9 importante para nos manter equilibrados e com total vigor. Para [&hellip;]<\/p>\n","protected":false},"author":156,"featured_media":34729,"comment_status":"closed","ping_status":"closed","sticky":false,"template":"","format":"standard","meta":{"footnotes":""},"categories":[509],"tags":[430,1032,4505,4504],"class_list":["post-34407","post","type-post","status-publish","format-standard","has-post-thumbnail","hentry","category-oracoes-salmos","tag-oracao","tag-oracao-da-manha","tag-oracao-espirita","tag-prece-de-caritas"],"yoast_head":"<!-- This site is optimized with the Yoast SEO plugin v27.4 - https:\/\/yoast.com\/product\/yoast-seo-wordpress\/ -->\n<title>ora\u00e7\u00e3o da manh\u00e3 esp\u00edrita - Saiba a ora\u00e7\u00e3o esp\u00edrita para fazer de manh\u00e3<\/title>\n<meta name=\"description\" content=\"\u00c9 muito importante que nosso dia inicie com uma ora\u00e7\u00e3o, por isso vamos te ensinar uma ora\u00e7\u00e3o da manh\u00e3 esp\u00edrita, para te trazer paz!\" \/>\n<meta name=\"robots\" content=\"index, follow, max-snippet:-1, max-image-preview:large, max-video-preview:-1\" \/>\n<link rel=\"canonical\" href=\"https:\/\/www.iquilibrio.com\/blog\/espiritualidade\/oracoes-salmos\/oracao-espirita-manha\/\" \/>\n<meta property=\"og:locale\" content=\"pt_BR\" \/>\n<meta property=\"og:type\" content=\"article\" \/>\n<meta property=\"og:title\" content=\"ora\u00e7\u00e3o da manh\u00e3 esp\u00edrita - Saiba a ora\u00e7\u00e3o esp\u00edrita para fazer de manh\u00e3\" \/>\n<meta property=\"og:description\" content=\"\u00c9 muito importante que nosso dia inicie com uma ora\u00e7\u00e3o, por isso vamos te ensinar uma ora\u00e7\u00e3o da manh\u00e3 esp\u00edrita, para te trazer paz!\" \/>\n<meta property=\"og:url\" content=\"https:\/\/www.iquilibrio.com\/blog\/espiritualidade\/oracoes-salmos\/oracao-espirita-manha\/\" \/>\n<meta property=\"og:site_name\" content=\"iQuilibrio\" \/>\n<meta property=\"article:publisher\" content=\"https:\/\/www.facebook.com\/iQuilibrio\/\" \/>\n<meta property=\"article:published_time\" content=\"2022-05-26T19:58:12+00:00\" \/>\n<meta property=\"article:modified_time\" content=\"2022-05-26T19:58:54+00:00\" \/>\n<meta property=\"og:image\" content=\"https:\/\/www.iquilibrio.com\/blog\/wp-content\/uploads\/2022\/02\/Oracao.jpg\" \/>\n\t<meta property=\"og:image:width\" content=\"900\" \/>\n\t<meta property=\"og:image:height\" content=\"560\" \/>\n\t<meta property=\"og:image:type\" content=\"image\/jpeg\" \/>\n<meta name=\"author\" content=\"iQuilibrio\" \/>\n<meta name=\"twitter:card\" content=\"summary_large_image\" \/>\n<meta name=\"twitter:creator\" content=\"@iquilibrio\" \/>\n<meta name=\"twitter:site\" content=\"@iquilibrio\" \/>\n<meta name=\"twitter:label1\" content=\"Escrito por\" \/>\n\t<meta name=\"twitter:data1\" content=\"iQuilibrio\" \/>\n\t<meta name=\"twitter:label2\" content=\"Est. tempo de leitura\" \/>\n\t<meta name=\"twitter:data2\" content=\"4 minutos\" \/>\n<script type=\"application\/ld+json\" class=\"yoast-schema-graph\">{\"@context\":\"https:\\\/\\\/schema.org\",\"@graph\":[{\"@type\":\"Article\",\"@id\":\"https:\\\/\\\/www.iquilibrio.com\\\/blog\\\/espiritualidade\\\/oracoes-salmos\\\/oracao-espirita-manha\\\/#article\",\"isPartOf\":{\"@id\":\"https:\\\/\\\/www.iquilibrio.com\\\/blog\\\/espiritualidade\\\/oracoes-salmos\\\/oracao-espirita-manha\\\/\"},\"author\":{\"name\":\"iQuilibrio\",\"@id\":\"https:\\\/\\\/www.iquilibrio.com\\\/blog\\\/#\\\/schema\\\/person\\\/2acb51f4069f3a1354edeaff3dee22f4\"},\"headline\":\"Ora\u00e7\u00e3o da manh\u00e3 esp\u00edrita &#8211; Preces para ir bem no seu dia\",\"datePublished\":\"2022-05-26T19:58:12+00:00\",\"dateModified\":\"2022-05-26T19:58:54+00:00\",\"mainEntityOfPage\":{\"@id\":\"https:\\\/\\\/www.iquilibrio.com\\\/blog\\\/espiritualidade\\\/oracoes-salmos\\\/oracao-espirita-manha\\\/\"},\"wordCount\":748,\"publisher\":{\"@id\":\"https:\\\/\\\/www.iquilibrio.com\\\/blog\\\/#organization\"},\"image\":{\"@id\":\"https:\\\/\\\/www.iquilibrio.com\\\/blog\\\/espiritualidade\\\/oracoes-salmos\\\/oracao-espirita-manha\\\/#primaryimage\"},\"thumbnailUrl\":\"https:\\\/\\\/www.iquilibrio.com\\\/blog\\\/wp-content\\\/uploads\\\/2022\\\/02\\\/Oracao.jpg\",\"keywords\":[\"Ora\u00e7\u00e3o\",\"ora\u00e7\u00e3o da manh\u00e3\",\"Ora\u00e7\u00e3o esp\u00edrita\",\"Prece de C\u00e1ritas\"],\"articleSection\":[\"Ora\u00e7\u00f5es e Salmos\"],\"inLanguage\":\"pt-BR\"},{\"@type\":\"WebPage\",\"@id\":\"https:\\\/\\\/www.iquilibrio.com\\\/blog\\\/espiritualidade\\\/oracoes-salmos\\\/oracao-espirita-manha\\\/\",\"url\":\"https:\\\/\\\/www.iquilibrio.com\\\/blog\\\/espiritualidade\\\/oracoes-salmos\\\/oracao-espirita-manha\\\/\",\"name\":\"ora\u00e7\u00e3o da manh\u00e3 esp\u00edrita - Saiba a ora\u00e7\u00e3o esp\u00edrita para fazer de manh\u00e3\",\"isPartOf\":{\"@id\":\"https:\\\/\\\/www.iquilibrio.com\\\/blog\\\/#website\"},\"primaryImageOfPage\":{\"@id\":\"https:\\\/\\\/www.iquilibrio.com\\\/blog\\\/espiritualidade\\\/oracoes-salmos\\\/oracao-espirita-manha\\\/#primaryimage\"},\"image\":{\"@id\":\"https:\\\/\\\/www.iquilibrio.com\\\/blog\\\/espiritualidade\\\/oracoes-salmos\\\/oracao-espirita-manha\\\/#primaryimage\"},\"thumbnailUrl\":\"https:\\\/\\\/www.iquilibrio.com\\\/blog\\\/wp-content\\\/uploads\\\/2022\\\/02\\\/Oracao.jpg\",\"datePublished\":\"2022-05-26T19:58:12+00:00\",\"dateModified\":\"2022-05-26T19:58:54+00:00\",\"description\":\"\u00c9 muito importante que nosso dia inicie com uma ora\u00e7\u00e3o, por isso vamos te ensinar uma ora\u00e7\u00e3o da manh\u00e3 esp\u00edrita, para te trazer paz!\",\"breadcrumb\":{\"@id\":\"https:\\\/\\\/www.iquilibrio.com\\\/blog\\\/espiritualidade\\\/oracoes-salmos\\\/oracao-espirita-manha\\\/#breadcrumb\"},\"inLanguage\":\"pt-BR\",\"potentialAction\":[{\"@type\":\"ReadAction\",\"target\":[\"https:\\\/\\\/www.iquilibrio.com\\\/blog\\\/espiritualidade\\\/oracoes-salmos\\\/oracao-espirita-manha\\\/\"]}]},{\"@type\":\"ImageObject\",\"inLanguage\":\"pt-BR\",\"@id\":\"https:\\\/\\\/www.iquilibrio.com\\\/blog\\\/espiritualidade\\\/oracoes-salmos\\\/oracao-espirita-manha\\\/#primaryimage\",\"url\":\"https:\\\/\\\/www.iquilibrio.com\\\/blog\\\/wp-content\\\/uploads\\\/2022\\\/02\\\/Oracao.jpg\",\"contentUrl\":\"https:\\\/\\\/www.iquilibrio.com\\\/blog\\\/wp-content\\\/uploads\\\/2022\\\/02\\\/Oracao.jpg\",\"width\":900,\"height\":560,\"caption\":\"Ora\u00e7\u00e3o esp\u00edrita da manh\u00e3\"},{\"@type\":\"BreadcrumbList\",\"@id\":\"https:\\\/\\\/www.iquilibrio.com\\\/blog\\\/espiritualidade\\\/oracoes-salmos\\\/oracao-espirita-manha\\\/#breadcrumb\",\"itemListElement\":[{\"@type\":\"ListItem\",\"position\":1,\"name\":\"In\u00edcio\",\"item\":\"https:\\\/\\\/www.iquilibrio.com\\\/blog\\\/\"},{\"@type\":\"ListItem\",\"position\":2,\"name\":\"Ora\u00e7\u00e3o da manh\u00e3 esp\u00edrita &#8211; Preces para ir bem no seu dia\"}]},{\"@type\":\"WebSite\",\"@id\":\"https:\\\/\\\/www.iquilibrio.com\\\/blog\\\/#website\",\"url\":\"https:\\\/\\\/www.iquilibrio.com\\\/blog\\\/\",\"name\":\"iQuilibrio\",\"description\":\"Blog iQuilibrio\",\"publisher\":{\"@id\":\"https:\\\/\\\/www.iquilibrio.com\\\/blog\\\/#organization\"},\"potentialAction\":[{\"@type\":\"SearchAction\",\"target\":{\"@type\":\"EntryPoint\",\"urlTemplate\":\"https:\\\/\\\/www.iquilibrio.com\\\/blog\\\/?s={search_term_string}\"},\"query-input\":{\"@type\":\"PropertyValueSpecification\",\"valueRequired\":true,\"valueName\":\"search_term_string\"}}],\"inLanguage\":\"pt-BR\"},{\"@type\":\"Organization\",\"@id\":\"https:\\\/\\\/www.iquilibrio.com\\\/blog\\\/#organization\",\"name\":\"Esoterismo, Misticismo e Tarot Online - iQuilibrio\",\"url\":\"https:\\\/\\\/www.iquilibrio.com\\\/blog\\\/\",\"logo\":{\"@type\":\"ImageObject\",\"inLanguage\":\"pt-BR\",\"@id\":\"https:\\\/\\\/www.iquilibrio.com\\\/blog\\\/#\\\/schema\\\/logo\\\/image\\\/\",\"url\":\"https:\\\/\\\/www.iquilibrio.com\\\/blog\\\/wp-content\\\/uploads\\\/2018\\\/12\\\/iquilibrio_lovo_vetor_preto-retina.png\",\"contentUrl\":\"https:\\\/\\\/www.iquilibrio.com\\\/blog\\\/wp-content\\\/uploads\\\/2018\\\/12\\\/iquilibrio_lovo_vetor_preto-retina.png\",\"width\":972,\"height\":180,\"caption\":\"Esoterismo, Misticismo e Tarot Online - iQuilibrio\"},\"image\":{\"@id\":\"https:\\\/\\\/www.iquilibrio.com\\\/blog\\\/#\\\/schema\\\/logo\\\/image\\\/\"},\"sameAs\":[\"https:\\\/\\\/www.facebook.com\\\/iQuilibrio\\\/\",\"https:\\\/\\\/x.com\\\/iquilibrio\",\"https:\\\/\\\/www.instagram.com\\\/iquilibrio\\\/\",\"https:\\\/\\\/www.linkedin.com\\\/company\\\/iquilibrio\\\/\",\"https:\\\/\\\/br.pinterest.com\\\/iquilibrio1397\\\/\",\"https:\\\/\\\/www.youtube.com\\\/channel\\\/UC175qxd-4Zsi4wzawT5zF2g\"]},{\"@type\":\"Person\",\"@id\":\"https:\\\/\\\/www.iquilibrio.com\\\/blog\\\/#\\\/schema\\\/person\\\/2acb51f4069f3a1354edeaff3dee22f4\",\"name\":\"iQuilibrio\",\"image\":{\"@type\":\"ImageObject\",\"inLanguage\":\"pt-BR\",\"@id\":\"https:\\\/\\\/www.iquilibrio.com\\\/blog\\\/wp-content\\\/uploads\\\/2021\\\/12\\\/Consulta-por-email-3-150x150.png\",\"url\":\"https:\\\/\\\/www.iquilibrio.com\\\/blog\\\/wp-content\\\/uploads\\\/2021\\\/12\\\/Consulta-por-email-3-150x150.png\",\"contentUrl\":\"https:\\\/\\\/www.iquilibrio.com\\\/blog\\\/wp-content\\\/uploads\\\/2021\\\/12\\\/Consulta-por-email-3-150x150.png\",\"caption\":\"iQuilibrio\"},\"description\":\"A equipe de reda\u00e7\u00e3o da iQuilibrio \u00e9 composta pelos mais diversos especialistas e esot\u00e9ricos. Al\u00e9m de dominar a arte de traduzir as energias que o universo emana, nossos redatores sentem imenso prazer em trabalhar com palavras. Boa leitura e um \u00f3timo aprendizado!\",\"url\":\"https:\\\/\\\/www.iquilibrio.com\\\/blog\\\/author\\\/iquilibrio\\\/\"}]}<\/script>\n<!-- \/ Yoast SEO plugin. -->","yoast_head_json":{"title":"ora\u00e7\u00e3o da manh\u00e3 esp\u00edrita - Saiba a ora\u00e7\u00e3o esp\u00edrita para fazer de manh\u00e3","description":"\u00c9 muito importante que nosso dia inicie com uma ora\u00e7\u00e3o, por isso vamos te ensinar uma ora\u00e7\u00e3o da manh\u00e3 esp\u00edrita, para te trazer paz!","robots":{"index":"index","follow":"follow","max-snippet":"max-snippet:-1","max-image-preview":"max-image-preview:large","max-video-preview":"max-video-preview:-1"},"canonical":"https:\/\/www.iquilibrio.com\/blog\/espiritualidade\/oracoes-salmos\/oracao-espirita-manha\/","og_locale":"pt_BR","og_type":"article","og_title":"ora\u00e7\u00e3o da manh\u00e3 esp\u00edrita - Saiba a ora\u00e7\u00e3o esp\u00edrita para fazer de manh\u00e3","og_description":"\u00c9 muito importante que nosso dia inicie com uma ora\u00e7\u00e3o, por isso vamos te ensinar uma ora\u00e7\u00e3o da manh\u00e3 esp\u00edrita, para te trazer paz!","og_url":"https:\/\/www.iquilibrio.com\/blog\/espiritualidade\/oracoes-salmos\/oracao-espirita-manha\/","og_site_name":"iQuilibrio","article_publisher":"https:\/\/www.facebook.com\/iQuilibrio\/","article_published_time":"2022-05-26T19:58:12+00:00","article_modified_time":"2022-05-26T19:58:54+00:00","og_image":[{"width":900,"height":560,"url":"https:\/\/www.iquilibrio.com\/blog\/wp-content\/uploads\/2022\/02\/Oracao.jpg","type":"image\/jpeg"}],"author":"iQuilibrio","twitter_card":"summary_large_image","twitter_creator":"@iquilibrio","twitter_site":"@iquilibrio","twitter_misc":{"Escrito por":"iQuilibrio","Est. tempo de leitura":"4 minutos"},"schema":{"@context":"https:\/\/schema.org","@graph":[{"@type":"Article","@id":"https:\/\/www.iquilibrio.com\/blog\/espiritualidade\/oracoes-salmos\/oracao-espirita-manha\/#article","isPartOf":{"@id":"https:\/\/www.iquilibrio.com\/blog\/espiritualidade\/oracoes-salmos\/oracao-espirita-manha\/"},"author":{"name":"iQuilibrio","@id":"https:\/\/www.iquilibrio.com\/blog\/#\/schema\/person\/2acb51f4069f3a1354edeaff3dee22f4"},"headline":"Ora\u00e7\u00e3o da manh\u00e3 esp\u00edrita &#8211; Preces para ir bem no seu dia","datePublished":"2022-05-26T19:58:12+00:00","dateModified":"2022-05-26T19:58:54+00:00","mainEntityOfPage":{"@id":"https:\/\/www.iquilibrio.com\/blog\/espiritualidade\/oracoes-salmos\/oracao-espirita-manha\/"},"wordCount":748,"publisher":{"@id":"https:\/\/www.iquilibrio.com\/blog\/#organization"},"image":{"@id":"https:\/\/www.iquilibrio.com\/blog\/espiritualidade\/oracoes-salmos\/oracao-espirita-manha\/#primaryimage"},"thumbnailUrl":"https:\/\/www.iquilibrio.com\/blog\/wp-content\/uploads\/2022\/02\/Oracao.jpg","keywords":["Ora\u00e7\u00e3o","ora\u00e7\u00e3o da manh\u00e3","Ora\u00e7\u00e3o esp\u00edrita","Prece de C\u00e1ritas"],"articleSection":["Ora\u00e7\u00f5es e Salmos"],"inLanguage":"pt-BR"},{"@type":"WebPage","@id":"https:\/\/www.iquilibrio.com\/blog\/espiritualidade\/oracoes-salmos\/oracao-espirita-manha\/","url":"https:\/\/www.iquilibrio.com\/blog\/espiritualidade\/oracoes-salmos\/oracao-espirita-manha\/","name":"ora\u00e7\u00e3o da manh\u00e3 esp\u00edrita - Saiba a ora\u00e7\u00e3o esp\u00edrita para fazer de manh\u00e3","isPartOf":{"@id":"https:\/\/www.iquilibrio.com\/blog\/#website"},"primaryImageOfPage":{"@id":"https:\/\/www.iquilibrio.com\/blog\/espiritualidade\/oracoes-salmos\/oracao-espirita-manha\/#primaryimage"},"image":{"@id":"https:\/\/www.iquilibrio.com\/blog\/espiritualidade\/oracoes-salmos\/oracao-espirita-manha\/#primaryimage"},"thumbnailUrl":"https:\/\/www.iquilibrio.com\/blog\/wp-content\/uploads\/2022\/02\/Oracao.jpg","datePublished":"2022-05-26T19:58:12+00:00","dateModified":"2022-05-26T19:58:54+00:00","description":"\u00c9 muito importante que nosso dia inicie com uma ora\u00e7\u00e3o, por isso vamos te ensinar uma ora\u00e7\u00e3o da manh\u00e3 esp\u00edrita, para te trazer paz!","breadcrumb":{"@id":"https:\/\/www.iquilibrio.com\/blog\/espiritualidade\/oracoes-salmos\/oracao-espirita-manha\/#breadcrumb"},"inLanguage":"pt-BR","potentialAction":[{"@type":"ReadAction","target":["https:\/\/www.iquilibrio.com\/blog\/espiritualidade\/oracoes-salmos\/oracao-espirita-manha\/"]}]},{"@type":"ImageObject","inLanguage":"pt-BR","@id":"https:\/\/www.iquilibrio.com\/blog\/espiritualidade\/oracoes-salmos\/oracao-espirita-manha\/#primaryimage","url":"https:\/\/www.iquilibrio.com\/blog\/wp-content\/uploads\/2022\/02\/Oracao.jpg","contentUrl":"https:\/\/www.iquilibrio.com\/blog\/wp-content\/uploads\/2022\/02\/Oracao.jpg","width":900,"height":560,"caption":"Ora\u00e7\u00e3o esp\u00edrita da manh\u00e3"},{"@type":"BreadcrumbList","@id":"https:\/\/www.iquilibrio.com\/blog\/espiritualidade\/oracoes-salmos\/oracao-espirita-manha\/#breadcrumb","itemListElement":[{"@type":"ListItem","position":1,"name":"In\u00edcio","item":"https:\/\/www.iquilibrio.com\/blog\/"},{"@type":"ListItem","position":2,"name":"Ora\u00e7\u00e3o da manh\u00e3 esp\u00edrita &#8211; Preces para ir bem no seu dia"}]},{"@type":"WebSite","@id":"https:\/\/www.iquilibrio.com\/blog\/#website","url":"https:\/\/www.iquilibrio.com\/blog\/","name":"iQuilibrio","description":"Blog iQuilibrio","publisher":{"@id":"https:\/\/www.iquilibrio.com\/blog\/#organization"},"potentialAction":[{"@type":"SearchAction","target":{"@type":"EntryPoint","urlTemplate":"https:\/\/www.iquilibrio.com\/blog\/?s={search_term_string}"},"query-input":{"@type":"PropertyValueSpecification","valueRequired":true,"valueName":"search_term_string"}}],"inLanguage":"pt-BR"},{"@type":"Organization","@id":"https:\/\/www.iquilibrio.com\/blog\/#organization","name":"Esoterismo, Misticismo e Tarot Online - iQuilibrio","url":"https:\/\/www.iquilibrio.com\/blog\/","logo":{"@type":"ImageObject","inLanguage":"pt-BR","@id":"https:\/\/www.iquilibrio.com\/blog\/#\/schema\/logo\/image\/","url":"https:\/\/www.iquilibrio.com\/blog\/wp-content\/uploads\/2018\/12\/iquilibrio_lovo_vetor_preto-retina.png","contentUrl":"https:\/\/www.iquilibrio.com\/blog\/wp-content\/uploads\/2018\/12\/iquilibrio_lovo_vetor_preto-retina.png","width":972,"height":180,"caption":"Esoterismo, Misticismo e Tarot Online - iQuilibrio"},"image":{"@id":"https:\/\/www.iquilibrio.com\/blog\/#\/schema\/logo\/image\/"},"sameAs":["https:\/\/www.facebook.com\/iQuilibrio\/","https:\/\/x.com\/iquilibrio","https:\/\/www.instagram.com\/iquilibrio\/","https:\/\/www.linkedin.com\/company\/iquilibrio\/","https:\/\/br.pinterest.com\/iquilibrio1397\/","https:\/\/www.youtube.com\/channel\/UC175qxd-4Zsi4wzawT5zF2g"]},{"@type":"Person","@id":"https:\/\/www.iquilibrio.com\/blog\/#\/schema\/person\/2acb51f4069f3a1354edeaff3dee22f4","name":"iQuilibrio","image":{"@type":"ImageObject","inLanguage":"pt-BR","@id":"https:\/\/www.iquilibrio.com\/blog\/wp-content\/uploads\/2021\/12\/Consulta-por-email-3-150x150.png","url":"https:\/\/www.iquilibrio.com\/blog\/wp-content\/uploads\/2021\/12\/Consulta-por-email-3-150x150.png","contentUrl":"https:\/\/www.iquilibrio.com\/blog\/wp-content\/uploads\/2021\/12\/Consulta-por-email-3-150x150.png","caption":"iQuilibrio"},"description":"A equipe de reda\u00e7\u00e3o da iQuilibrio \u00e9 composta pelos mais diversos especialistas e esot\u00e9ricos. Al\u00e9m de dominar a arte de traduzir as energias que o universo emana, nossos redatores sentem imenso prazer em trabalhar com palavras. Boa leitura e um \u00f3timo aprendizado!","url":"https:\/\/www.iquilibrio.com\/blog\/author\/iquilibrio\/"}]}},"_links":{"self":[{"href":"https:\/\/www.iquilibrio.com\/blog\/wp-json\/wp\/v2\/posts\/34407","targetHints":{"allow":["GET"]}}],"collection":[{"href":"https:\/\/www.iquilibrio.com\/blog\/wp-json\/wp\/v2\/posts"}],"about":[{"href":"https:\/\/www.iquilibrio.com\/blog\/wp-json\/wp\/v2\/types\/post"}],"author":[{"embeddable":true,"href":"https:\/\/www.iquilibrio.com\/blog\/wp-json\/wp\/v2\/users\/156"}],"replies":[{"embeddable":true,"href":"https:\/\/www.iquilibrio.com\/blog\/wp-json\/wp\/v2\/comments?post=34407"}],"version-history":[{"count":8,"href":"https:\/\/www.iquilibrio.com\/blog\/wp-json\/wp\/v2\/posts\/34407\/revisions"}],"predecessor-version":[{"id":35736,"href":"https:\/\/www.iquilibrio.com\/blog\/wp-json\/wp\/v2\/posts\/34407\/revisions\/35736"}],"wp:featuredmedia":[{"embeddable":true,"href":"https:\/\/www.iquilibrio.com\/blog\/wp-json\/wp\/v2\/media\/34729"}],"wp:attachment":[{"href":"https:\/\/www.iquilibrio.com\/blog\/wp-json\/wp\/v2\/media?parent=34407"}],"wp:term":[{"taxonomy":"category","embeddable":true,"href":"https:\/\/www.iquilibrio.com\/blog\/wp-json\/wp\/v2\/categories?post=34407"},{"taxonomy":"post_tag","embeddable":true,"href":"https:\/\/www.iquilibrio.com\/blog\/wp-json\/wp\/v2\/tags?post=34407"}],"curies":[{"name":"wp","href":"https:\/\/api.w.org\/{rel}","templated":true}]}}