{"id":33965,"date":"2022-01-10T20:03:24","date_gmt":"2022-01-10T23:03:24","guid":{"rendered":"https:\/\/www.iquilibrio.com\/blog\/?p=33965"},"modified":"2022-01-10T20:03:24","modified_gmt":"2022-01-10T23:03:24","slug":"aura","status":"publish","type":"post","link":"https:\/\/www.iquilibrio.com\/blog\/espiritualidade\/mediunidade-videncia\/aura\/","title":{"rendered":"Aura: o que ela \u00e9? Qual a sua cor? Como ver?"},"content":{"rendered":"<p><span style=\"font-weight: 400;\">Sabe quando voc\u00ea encontra uma pessoa que n\u00e3o via h\u00e1 tempos e quando ela chega perto voc\u00ea sente uma \u201caura\u201d pesada? Chega a sair cansada e exausta do encontro.<\/span><\/p>\n<p><span style=\"font-weight: 400;\">Saiba que, provavelmente, voc\u00ea conseguiu captar a energia que a aura dessa pessoa estava emanando. Para quem n\u00e3o sabe, a aura \u00e9 uma extens\u00e3o energ\u00e9tica do nosso corpo, quase que uma impress\u00e3o digital do nosso estado de esp\u00edrito e de tudo que teve intera\u00e7\u00e3o conosco.<\/span><\/p>\n<p><span style=\"font-weight: 400;\">Basicamente, s\u00e3o evid\u00eancias de uma natureza ps\u00edquica que n\u00e3o podemos comunicar ou expressar. Interessante, n\u00e3o?<\/span><\/p>\n<p><span style=\"font-weight: 400;\">A origem do termo \u201caura\u201d vem do latim e significa \u201csopro de ar\u201d ou \u201cbrisa\u201d e \u00e9 visto como uma esp\u00e9cie de radia\u00e7\u00e3o luminosa e invis\u00edvel &#8211; para a maioria das pessoas &#8211; que envolve o corpo humano. Acredita-se que \u00e9 formada por frequ\u00eancias vibracionais de part\u00edculas do nosso corpo f\u00edsico.<\/span><\/p>\n<h2><span style=\"font-weight: 400;\">Quem pode ver a aura?<\/span><\/h2>\n<p><span style=\"font-weight: 400;\">Qualquer pessoa pode ver a aura, mas nem todos t\u00eam essa capacidade. O dom natural de enxergar, perceber e interpretar a aura \u00e9 comum \u00e0 <\/span><a href=\"https:\/\/www.iquilibrio.com\/blog\/oraculos\/como-saber-se-voce-e-vidente\/\"><span style=\"font-weight: 400;\">videntes<\/span><\/a><span style=\"font-weight: 400;\">, <\/span><a href=\"https:\/\/www.iquilibrio.com\/blog\/oraculos\/o-que-e-clarividencia\/\"><span style=\"font-weight: 400;\">clarividentes<\/span><\/a><span style=\"font-weight: 400;\"> e <\/span><a href=\"https:\/\/www.iquilibrio.com\/blog\/espiritualidade\/pessoas-sensitivas\/\"><span style=\"font-weight: 400;\">sensitivos<\/span><\/a><span style=\"font-weight: 400;\">.<\/span><\/p>\n<p><span style=\"font-weight: 400;\">Os <\/span><a href=\"https:\/\/www.iquilibrio.com\/mediuns\/\"><span style=\"font-weight: 400;\">clarividentes<\/span><\/a><span style=\"font-weight: 400;\"> t\u00eam esse senso de percep\u00e7\u00e3o visual muito mais agu\u00e7ado que <\/span><a href=\"https:\/\/www.iquilibrio.com\/blog\/oraculos\/videncia\/\"><span style=\"font-weight: 400;\">videntes<\/span><\/a><span style=\"font-weight: 400;\"> e outros sensitivos. \u00c9 algo que surge naturalmente, sem ter que ficar muito tempo se esfor\u00e7ando e se concentrando.<\/span><\/p>\n<p><span style=\"font-weight: 400;\">No entanto, por mais que seja um dom, \u00e9 preciso exercit\u00e1-lo para que fique cada vez menos complicado de fazer a visualiza\u00e7\u00e3o e interpreta\u00e7\u00e3o. Uma \u00f3tima aliada nesse exerc\u00edcio \u00e9 a intui\u00e7\u00e3o.<\/span><\/p>\n<p><span style=\"font-weight: 400;\">Se trabalhar as duas ao mesmo tempo, \u00e9 prov\u00e1vel que voc\u00ea acelere o processo de percep\u00e7\u00e3o. Ao aprender a ler auras e entender suas cores e significados &#8211; veremos isso um pouco mais para frente nesse texto &#8211; voc\u00ea pode ajustar sua intui\u00e7\u00e3o.<\/span><\/p>\n<p><span style=\"font-weight: 400;\">Ali\u00e1s, essa \u00e9 uma forma de se comunicar telepaticamente com outras pessoas e animais atrav\u00e9s do campo \u00e1urico. Ao perceber as auras, voc\u00ea pode compreender sobre por que algumas pessoas lhe d\u00e3o vibra\u00e7\u00f5es ruins e porque voc\u00ea se sente bem com outras.<\/span><\/p>\n<h2><span style=\"font-weight: 400;\">Exerc\u00edcios para ver a aura<\/span><\/h2>\n<h3><span style=\"font-weight: 400;\">1- Percebendo a pr\u00f3pria energia<\/span><\/h3>\n<p><span style=\"font-weight: 400;\">Procure energizar-se com um pouco de luz<\/span><a href=\"https:\/\/www.iquilibrio.com\/blog\/espiritualidade\/chakras\/chakra-plexo-solar\/\"><span style=\"font-weight: 400;\"> solar<\/span><\/a><span style=\"font-weight: 400;\"> ou a luz do luar. Sente-se em uma posi\u00e7\u00e3o confort\u00e1vel e de frente para uma parede branca ou de uma cor muito clara.<\/span><\/p>\n<p><span style=\"font-weight: 400;\">Fa\u00e7a um <\/span><a href=\"https:\/\/www.iquilibrio.com\/blog\/bem-estar\/tecnicas-respiracao\/\"><span style=\"font-weight: 400;\">exerc\u00edcio de respira\u00e7\u00e3o<\/span><\/a><span style=\"font-weight: 400;\"> profunda para concentrar-se:<\/span><\/p>\n<ul>\n<li style=\"font-weight: 400;\" aria-level=\"1\"><span style=\"font-weight: 400;\">Inspire contando at\u00e9 tr\u00eas;<\/span><\/li>\n<li style=\"font-weight: 400;\" aria-level=\"1\"><span style=\"font-weight: 400;\">Segure o ar e conte at\u00e9 quatro;<\/span><\/li>\n<li style=\"font-weight: 400;\" aria-level=\"1\"><span style=\"font-weight: 400;\">Expire lentamente, contando at\u00e9 cinco.<\/span><\/li>\n<\/ul>\n<p><span style=\"font-weight: 400;\">Realize esse exerc\u00edcio at\u00e9 sentir seu corpo relaxado e perceber que est\u00e1 em completa conex\u00e3o consigo mesma. De olhos fechados, toque suas m\u00e3os. Sinta o calor que emana de sua pele.<\/span><\/p>\n<p><span style=\"font-weight: 400;\">Encoste a ponta de seu dedo indicador da m\u00e3o direita na ponta do dedo indicador esquerdo. Empurre um contra o outro como se quisesse col\u00e1-los. Em seguida, conte at\u00e9 15, abra os olhos e afaste os dedos lentamente.<\/span><\/p>\n<p><span style=\"font-weight: 400;\">Tente ver sua aura entre eles. Para melhorar a visualiza\u00e7\u00e3o, tente deixar a parede branca como fundo, assim nenhuma cor interferir\u00e1 na aura.<\/span><\/p>\n<h3><span style=\"font-weight: 400;\">2- Eu me vejo, eu me compreendo e eu me percebo<\/span><\/h3>\n<p><span style=\"font-weight: 400;\">Para esse exerc\u00edcio, o ideal \u00e9 que voc\u00ea esteja com boas energias, para isso, procure tomar um <\/span><a href=\"https:\/\/www.iquilibrio.com\/blog\/2022\/banho-limpeza-espiritual\/\"><span style=\"font-weight: 400;\">banho de ervas<\/span><\/a><span style=\"font-weight: 400;\"> ou qualquer outro banho para limpar suas energias negativas e deixar voc\u00ea mais em contato consigo mesma.<\/span><\/p>\n<p><span style=\"font-weight: 400;\">Fique de frente para um espelho e veja a sua face. Perceba os contornos do rosto e do cabelo. Olhe seus olhos profundamente, examinando-os. Fa\u00e7a isso por um minuto ou dois. Em seguida, feche os olhos e fa\u00e7a o exerc\u00edcio de respira\u00e7\u00e3o descrito no item anterior.\u00a0<\/span><\/p>\n<p><span style=\"font-weight: 400;\">Quando estiver completamente relaxada, abra seus olhos e veja o contorno de sua cabe\u00e7a no espelho. Se estiver bem conectada com si mesma, ser\u00e1 capaz de perceber uma luz cristalina e brilhante.<\/span><\/p>\n<h3><span style=\"font-weight: 400;\">3- A energia de suas m\u00e3os<\/span><\/h3>\n<p><span style=\"font-weight: 400;\">Sente-se confortavelmente e coloque uma toalha ou almofada branca no colo. Repouse as m\u00e3o sobre ela. Com as palmas voltadas para cima, concentre-se na palma de sua m\u00e3o, sem piscar. Fique assim o m\u00e1ximo que conseguir. \u00c9 prov\u00e1vel que voc\u00ea veja um brilho irradiando da borda externa das m\u00e3os.<\/span><\/p>\n<h3><span style=\"font-weight: 400;\">N\u00e3o deu certo\u2026 =(<\/span><\/h3>\n<p><span style=\"font-weight: 400;\">N\u00e3o desista! Continue exercitando a sua intui\u00e7\u00e3o e seus olhos para <\/span><a href=\"https:\/\/www.astrocentro.com.br\/blog\/espiritual\/ver-sua-propria-aurea\/\" target=\"_blank\" rel=\"noopener\"><span style=\"font-weight: 400;\">ver a sua e a aura dos outros.<\/span><\/a><span style=\"font-weight: 400;\"> Mas, se voc\u00ea viu a aura\u2026<\/span><\/p>\n<h2><span style=\"font-weight: 400;\">\u2026que cor enxergou? Quais os significados das cores das auras?<\/span><\/h2>\n<h3><span style=\"font-weight: 400;\">Branco<\/span><\/h3>\n<p><span style=\"font-weight: 400;\">A mais rara de todas as cores \u00e9 uma indica\u00e7\u00e3o de personalidade bem equilibrada, calma e aberta a novos aprendizados e possibilidades. \u00c9 poss\u00edvel que tenha uma tend\u00eancia a absorver a energia dos outros, por isso, tampe seu umbigo quando encontrar com muitas pessoas.<\/span><\/p>\n<h3><span style=\"font-weight: 400;\">Cinza<\/span><\/h3>\n<p><span style=\"font-weight: 400;\">Essa cor indica uma personalidade mais niilista, que v\u00ea as coisas mais cinzas e sem gra\u00e7a. Existe uma dificuldade em abrir-se para novas possibilidades, mas n\u00e3o \u00e9 imposs\u00edvel. Ali\u00e1s, \u00e9 at\u00e9 recompensador.<\/span><\/p>\n<h3><span style=\"font-weight: 400;\">Marrom<\/span><\/h3>\n<p><span style=\"font-weight: 400;\">Marrom lembra sangue coagulado, algo parado e que precisa ser limpo. Ou seja, uma aura assim denota um momento em que precisa de uma <\/span><a href=\"https:\/\/www.iquilibrio.com\/blog\/bem-estar\/limpeza-espiritual\/\"><span style=\"font-weight: 400;\">limpeza energ\u00e9tica<\/span><\/a><span style=\"font-weight: 400;\">.<\/span><\/p>\n<p><span style=\"font-weight: 400;\">Al\u00e9m disso, pode significar ego\u00edsmo e inseguran\u00e7a. Abra mais sua vida e se livre do que n\u00e3o usa mais.<\/span><\/p>\n<h3><span style=\"font-weight: 400;\">Preto<\/span><\/h3>\n<p><span style=\"font-weight: 400;\">Uma aura t\u00e3o escura quanto a noite carrega mist\u00e9rios, crueldades, maldades e um comportamento ego\u00edsta. Uma pessoa com essa aura precisa de ajuda e de amor, mas s\u00f3 vai melhorar se ela se permitir evoluir.\u00a0<\/span><\/p>\n<h3><span style=\"font-weight: 400;\">Vermelho<\/span><\/h3>\n<p><span style=\"font-weight: 400;\">Criatividade, paix\u00f5es, amores e desejos intensos marcam aquele momento da pessoa que tem a aura avermelhada. Essa aura tamb\u00e9m pode ser uma indica\u00e7\u00e3o de mudan\u00e7a e evolu\u00e7\u00e3o criativa. <\/span><span style=\"font-weight: 400;\"><br \/>\n<\/span><span style=\"font-weight: 400;\">Resumo: aura vermelha \u00e9 tudo de bom para quem tem e quem convive.<\/span><\/p>\n<h3><span style=\"font-weight: 400;\">Cor de rosa<\/span><\/h3>\n<p><span style=\"font-weight: 400;\">Aura rosa indica um cora\u00e7\u00e3o e uma alma livre e leve. Doar-se \u00e9 uma caracter\u00edstica forte, mas pode levar a certas decep\u00e7\u00f5es que logo s\u00e3o superadas.\u00a0<\/span><\/p>\n<h3><span style=\"font-weight: 400;\">Laranja<\/span><\/h3>\n<p><span style=\"font-weight: 400;\">Energia. Criatividade. Intensidade. Essas s\u00e3o as palavras que resumem uma aura predominantemente laranja. Mas aten\u00e7\u00e3o, tanta energia pode n\u00e3o permitir foco. Portanto, respira, n\u00e3o pira e uma atividade de cada vez.<\/span><\/p>\n<h3><span style=\"font-weight: 400;\">Amarelo<\/span><\/h3>\n<p><span style=\"font-weight: 400;\">Energia e otimismo s\u00e3o marcas registradas de quem tem tons dessa cor na aura.<\/span><\/p>\n<p><span style=\"font-weight: 400;\">Dica: viva o presente que o futuro ser\u00e1 maravilhoso se voc\u00ea se mantiver otimista.<\/span><\/p>\n<h3><span style=\"font-weight: 400;\">Verde<\/span><\/h3>\n<p><span style=\"font-weight: 400;\">As auras verdes marcam uma pessoa fundamentada e trabalhadora que \u00e9 amante da natureza. Al\u00e9m disso, pode indicar um ci\u00fames excessivo. Cuidado.<\/span><\/p>\n<h3><span style=\"font-weight: 400;\">Azul<\/span><\/h3>\n<p><span style=\"font-weight: 400;\">Aqueles com auras azuis s\u00e3o emocionalmente sens\u00edveis e auto-expressivos. Eles podem sentir timidez ao falar de seus sentimentos mais profundos. O medo da n\u00e3o aprova\u00e7\u00e3o e de n\u00e3o ser compreendido impedem de evoluir.\u00a0<\/span><\/p>\n<p><span style=\"font-weight: 400;\">E a\u00ed, que cor voc\u00ea viu em voc\u00ea ou em outra pessoa. O que conseguiu interpretar? Conte aqui nos coment\u00e1rios.<\/span><\/p>\n<p><span style=\"font-weight: 400;\">Um grande beijo e nos vemos em breve! &#x2728;<\/span><\/p>\n\n\n<div class=\"kk-star-ratings kksr-auto kksr-align-left kksr-valign-bottom\"\n    data-payload='{&quot;align&quot;:&quot;left&quot;,&quot;id&quot;:&quot;33965&quot;,&quot;slug&quot;:&quot;default&quot;,&quot;valign&quot;:&quot;bottom&quot;,&quot;ignore&quot;:&quot;&quot;,&quot;reference&quot;:&quot;auto&quot;,&quot;class&quot;:&quot;&quot;,&quot;count&quot;:&quot;2&quot;,&quot;legendonly&quot;:&quot;&quot;,&quot;readonly&quot;:&quot;&quot;,&quot;score&quot;:&quot;5&quot;,&quot;starsonly&quot;:&quot;&quot;,&quot;best&quot;:&quot;5&quot;,&quot;gap&quot;:&quot;5&quot;,&quot;greet&quot;:&quot;Rate this post&quot;,&quot;legend&quot;:&quot;5\\\/5 - (2 votos)&quot;,&quot;size&quot;:&quot;24&quot;,&quot;title&quot;:&quot;Aura: o que ela \u00e9? Qual a sua cor? Como ver?&quot;,&quot;width&quot;:&quot;142.5&quot;,&quot;_legend&quot;:&quot;{score}\\\/{best} - ({count} {votes})&quot;,&quot;font_factor&quot;:&quot;1.25&quot;}'>\n            \n<div class=\"kksr-stars\">\n    \n<div class=\"kksr-stars-inactive\">\n            <div class=\"kksr-star\" data-star=\"1\" style=\"padding-right: 5px\">\n            \n\n<div class=\"kksr-icon\" style=\"width: 24px; height: 24px;\"><\/div>\n        <\/div>\n            <div class=\"kksr-star\" data-star=\"2\" style=\"padding-right: 5px\">\n            \n\n<div class=\"kksr-icon\" style=\"width: 24px; height: 24px;\"><\/div>\n        <\/div>\n            <div class=\"kksr-star\" data-star=\"3\" style=\"padding-right: 5px\">\n            \n\n<div class=\"kksr-icon\" style=\"width: 24px; height: 24px;\"><\/div>\n        <\/div>\n            <div class=\"kksr-star\" data-star=\"4\" style=\"padding-right: 5px\">\n            \n\n<div class=\"kksr-icon\" style=\"width: 24px; height: 24px;\"><\/div>\n        <\/div>\n            <div class=\"kksr-star\" data-star=\"5\" style=\"padding-right: 5px\">\n            \n\n<div class=\"kksr-icon\" style=\"width: 24px; height: 24px;\"><\/div>\n        <\/div>\n    <\/div>\n    \n<div class=\"kksr-stars-active\" style=\"width: 142.5px;\">\n            <div class=\"kksr-star\" style=\"padding-right: 5px\">\n            \n\n<div class=\"kksr-icon\" style=\"width: 24px; height: 24px;\"><\/div>\n        <\/div>\n            <div class=\"kksr-star\" style=\"padding-right: 5px\">\n            \n\n<div class=\"kksr-icon\" style=\"width: 24px; height: 24px;\"><\/div>\n        <\/div>\n            <div class=\"kksr-star\" style=\"padding-right: 5px\">\n            \n\n<div class=\"kksr-icon\" style=\"width: 24px; height: 24px;\"><\/div>\n        <\/div>\n            <div class=\"kksr-star\" style=\"padding-right: 5px\">\n            \n\n<div class=\"kksr-icon\" style=\"width: 24px; height: 24px;\"><\/div>\n        <\/div>\n            <div class=\"kksr-star\" style=\"padding-right: 5px\">\n            \n\n<div class=\"kksr-icon\" style=\"width: 24px; height: 24px;\"><\/div>\n        <\/div>\n    <\/div>\n<\/div>\n                \n\n<div class=\"kksr-legend\" style=\"font-size: 19.2px;\">\n            5\/5 - (2 votos)    <\/div>\n    <\/div>\n","protected":false},"excerpt":{"rendered":"<p>Sabe quando voc\u00ea encontra uma pessoa que n\u00e3o via h\u00e1 tempos e quando ela chega perto voc\u00ea sente uma \u201caura\u201d pesada? Chega a sair cansada e exausta do encontro. Saiba que, provavelmente, voc\u00ea conseguiu captar a energia que a aura dessa pessoa estava emanando. Para quem n\u00e3o sabe, a aura \u00e9 uma extens\u00e3o energ\u00e9tica do [&hellip;]<\/p>\n","protected":false},"author":155,"featured_media":33966,"comment_status":"open","ping_status":"open","sticky":false,"template":"","format":"standard","meta":{"footnotes":""},"categories":[502,508],"tags":[4378,4380,4359,4379],"class_list":["post-33965","post","type-post","status-publish","format-standard","has-post-thumbnail","hentry","category-espiritualidade","category-mediunidade-videncia","tag-aura","tag-cor-aura","tag-energia","tag-significado-das-cores-da-aura"],"yoast_head":"<!-- This site is optimized with the Yoast SEO plugin v27.4 - https:\/\/yoast.com\/product\/yoast-seo-wordpress\/ -->\n<title>Aura: o que ela \u00e9? Qual a sua cor? Como ver? - iQuilibrio<\/title>\n<meta name=\"description\" content=\"Voc\u00ea sabe o que \u00e9 aura? Sabia que ela possui diversas cores e cada uma tem um significado diferente? N\u00f3s vamos te ajudar a entender!\" \/>\n<meta name=\"robots\" content=\"index, follow, max-snippet:-1, max-image-preview:large, max-video-preview:-1\" \/>\n<link rel=\"canonical\" href=\"https:\/\/www.iquilibrio.com\/blog\/espiritualidade\/mediunidade-videncia\/aura\/\" \/>\n<meta property=\"og:locale\" content=\"pt_BR\" \/>\n<meta property=\"og:type\" content=\"article\" \/>\n<meta property=\"og:title\" content=\"Aura: o que ela \u00e9? Qual a sua cor? Como ver? - iQuilibrio\" \/>\n<meta property=\"og:description\" content=\"Voc\u00ea sabe o que \u00e9 aura? Sabia que ela possui diversas cores e cada uma tem um significado diferente? N\u00f3s vamos te ajudar a entender!\" \/>\n<meta property=\"og:url\" content=\"https:\/\/www.iquilibrio.com\/blog\/espiritualidade\/mediunidade-videncia\/aura\/\" \/>\n<meta property=\"og:site_name\" content=\"iQuilibrio\" \/>\n<meta property=\"article:publisher\" content=\"https:\/\/www.facebook.com\/iQuilibrio\/\" \/>\n<meta property=\"article:published_time\" content=\"2022-01-10T23:03:24+00:00\" \/>\n<meta property=\"og:image\" content=\"https:\/\/www.iquilibrio.com\/blog\/wp-content\/uploads\/2022\/01\/aura.jpg\" \/>\n\t<meta property=\"og:image:width\" content=\"900\" \/>\n\t<meta property=\"og:image:height\" content=\"560\" \/>\n\t<meta property=\"og:image:type\" content=\"image\/jpeg\" \/>\n<meta name=\"author\" content=\"Katrina Devilla\" \/>\n<meta name=\"twitter:card\" content=\"summary_large_image\" \/>\n<meta name=\"twitter:creator\" content=\"@iquilibrio\" \/>\n<meta name=\"twitter:site\" content=\"@iquilibrio\" \/>\n<meta name=\"twitter:label1\" content=\"Escrito por\" \/>\n\t<meta name=\"twitter:data1\" content=\"Katrina Devilla\" \/>\n\t<meta name=\"twitter:label2\" content=\"Est. tempo de leitura\" \/>\n\t<meta name=\"twitter:data2\" content=\"6 minutos\" \/>\n<script type=\"application\/ld+json\" class=\"yoast-schema-graph\">{\"@context\":\"https:\\\/\\\/schema.org\",\"@graph\":[{\"@type\":\"Article\",\"@id\":\"https:\\\/\\\/www.iquilibrio.com\\\/blog\\\/espiritualidade\\\/mediunidade-videncia\\\/aura\\\/#article\",\"isPartOf\":{\"@id\":\"https:\\\/\\\/www.iquilibrio.com\\\/blog\\\/espiritualidade\\\/mediunidade-videncia\\\/aura\\\/\"},\"author\":{\"name\":\"Katrina Devilla\",\"@id\":\"https:\\\/\\\/www.iquilibrio.com\\\/blog\\\/#\\\/schema\\\/person\\\/a9cde6e88d14c853339bcd3d04fe1dbb\"},\"headline\":\"Aura: o que ela \u00e9? Qual a sua cor? Como ver?\",\"datePublished\":\"2022-01-10T23:03:24+00:00\",\"mainEntityOfPage\":{\"@id\":\"https:\\\/\\\/www.iquilibrio.com\\\/blog\\\/espiritualidade\\\/mediunidade-videncia\\\/aura\\\/\"},\"wordCount\":1168,\"commentCount\":0,\"publisher\":{\"@id\":\"https:\\\/\\\/www.iquilibrio.com\\\/blog\\\/#organization\"},\"image\":{\"@id\":\"https:\\\/\\\/www.iquilibrio.com\\\/blog\\\/espiritualidade\\\/mediunidade-videncia\\\/aura\\\/#primaryimage\"},\"thumbnailUrl\":\"https:\\\/\\\/www.iquilibrio.com\\\/blog\\\/wp-content\\\/uploads\\\/2022\\\/01\\\/aura.jpg\",\"keywords\":[\"aura\",\"cor aura\",\"energia\",\"significado das cores da aura\"],\"articleSection\":[\"Espiritualidade\",\"Mediunidade e Vid\u00eancia\"],\"inLanguage\":\"pt-BR\"},{\"@type\":\"WebPage\",\"@id\":\"https:\\\/\\\/www.iquilibrio.com\\\/blog\\\/espiritualidade\\\/mediunidade-videncia\\\/aura\\\/\",\"url\":\"https:\\\/\\\/www.iquilibrio.com\\\/blog\\\/espiritualidade\\\/mediunidade-videncia\\\/aura\\\/\",\"name\":\"Aura: o que ela \u00e9? Qual a sua cor? Como ver? - iQuilibrio\",\"isPartOf\":{\"@id\":\"https:\\\/\\\/www.iquilibrio.com\\\/blog\\\/#website\"},\"primaryImageOfPage\":{\"@id\":\"https:\\\/\\\/www.iquilibrio.com\\\/blog\\\/espiritualidade\\\/mediunidade-videncia\\\/aura\\\/#primaryimage\"},\"image\":{\"@id\":\"https:\\\/\\\/www.iquilibrio.com\\\/blog\\\/espiritualidade\\\/mediunidade-videncia\\\/aura\\\/#primaryimage\"},\"thumbnailUrl\":\"https:\\\/\\\/www.iquilibrio.com\\\/blog\\\/wp-content\\\/uploads\\\/2022\\\/01\\\/aura.jpg\",\"datePublished\":\"2022-01-10T23:03:24+00:00\",\"description\":\"Voc\u00ea sabe o que \u00e9 aura? Sabia que ela possui diversas cores e cada uma tem um significado diferente? N\u00f3s vamos te ajudar a entender!\",\"breadcrumb\":{\"@id\":\"https:\\\/\\\/www.iquilibrio.com\\\/blog\\\/espiritualidade\\\/mediunidade-videncia\\\/aura\\\/#breadcrumb\"},\"inLanguage\":\"pt-BR\",\"potentialAction\":[{\"@type\":\"ReadAction\",\"target\":[\"https:\\\/\\\/www.iquilibrio.com\\\/blog\\\/espiritualidade\\\/mediunidade-videncia\\\/aura\\\/\"]}]},{\"@type\":\"ImageObject\",\"inLanguage\":\"pt-BR\",\"@id\":\"https:\\\/\\\/www.iquilibrio.com\\\/blog\\\/espiritualidade\\\/mediunidade-videncia\\\/aura\\\/#primaryimage\",\"url\":\"https:\\\/\\\/www.iquilibrio.com\\\/blog\\\/wp-content\\\/uploads\\\/2022\\\/01\\\/aura.jpg\",\"contentUrl\":\"https:\\\/\\\/www.iquilibrio.com\\\/blog\\\/wp-content\\\/uploads\\\/2022\\\/01\\\/aura.jpg\",\"width\":900,\"height\":560,\"caption\":\"Aura\"},{\"@type\":\"BreadcrumbList\",\"@id\":\"https:\\\/\\\/www.iquilibrio.com\\\/blog\\\/espiritualidade\\\/mediunidade-videncia\\\/aura\\\/#breadcrumb\",\"itemListElement\":[{\"@type\":\"ListItem\",\"position\":1,\"name\":\"In\u00edcio\",\"item\":\"https:\\\/\\\/www.iquilibrio.com\\\/blog\\\/\"},{\"@type\":\"ListItem\",\"position\":2,\"name\":\"Aura: o que ela \u00e9? Qual a sua cor? Como ver?\"}]},{\"@type\":\"WebSite\",\"@id\":\"https:\\\/\\\/www.iquilibrio.com\\\/blog\\\/#website\",\"url\":\"https:\\\/\\\/www.iquilibrio.com\\\/blog\\\/\",\"name\":\"iQuilibrio\",\"description\":\"Blog iQuilibrio\",\"publisher\":{\"@id\":\"https:\\\/\\\/www.iquilibrio.com\\\/blog\\\/#organization\"},\"potentialAction\":[{\"@type\":\"SearchAction\",\"target\":{\"@type\":\"EntryPoint\",\"urlTemplate\":\"https:\\\/\\\/www.iquilibrio.com\\\/blog\\\/?s={search_term_string}\"},\"query-input\":{\"@type\":\"PropertyValueSpecification\",\"valueRequired\":true,\"valueName\":\"search_term_string\"}}],\"inLanguage\":\"pt-BR\"},{\"@type\":\"Organization\",\"@id\":\"https:\\\/\\\/www.iquilibrio.com\\\/blog\\\/#organization\",\"name\":\"Esoterismo, Misticismo e Tarot Online - iQuilibrio\",\"url\":\"https:\\\/\\\/www.iquilibrio.com\\\/blog\\\/\",\"logo\":{\"@type\":\"ImageObject\",\"inLanguage\":\"pt-BR\",\"@id\":\"https:\\\/\\\/www.iquilibrio.com\\\/blog\\\/#\\\/schema\\\/logo\\\/image\\\/\",\"url\":\"https:\\\/\\\/www.iquilibrio.com\\\/blog\\\/wp-content\\\/uploads\\\/2018\\\/12\\\/iquilibrio_lovo_vetor_preto-retina.png\",\"contentUrl\":\"https:\\\/\\\/www.iquilibrio.com\\\/blog\\\/wp-content\\\/uploads\\\/2018\\\/12\\\/iquilibrio_lovo_vetor_preto-retina.png\",\"width\":972,\"height\":180,\"caption\":\"Esoterismo, Misticismo e Tarot Online - iQuilibrio\"},\"image\":{\"@id\":\"https:\\\/\\\/www.iquilibrio.com\\\/blog\\\/#\\\/schema\\\/logo\\\/image\\\/\"},\"sameAs\":[\"https:\\\/\\\/www.facebook.com\\\/iQuilibrio\\\/\",\"https:\\\/\\\/x.com\\\/iquilibrio\",\"https:\\\/\\\/www.instagram.com\\\/iquilibrio\\\/\",\"https:\\\/\\\/www.linkedin.com\\\/company\\\/iquilibrio\\\/\",\"https:\\\/\\\/br.pinterest.com\\\/iquilibrio1397\\\/\",\"https:\\\/\\\/www.youtube.com\\\/channel\\\/UC175qxd-4Zsi4wzawT5zF2g\"]},{\"@type\":\"Person\",\"@id\":\"https:\\\/\\\/www.iquilibrio.com\\\/blog\\\/#\\\/schema\\\/person\\\/a9cde6e88d14c853339bcd3d04fe1dbb\",\"name\":\"Katrina Devilla\",\"image\":{\"@type\":\"ImageObject\",\"inLanguage\":\"pt-BR\",\"@id\":\"https:\\\/\\\/secure.gravatar.com\\\/avatar\\\/1f540b99ef20bca9c5117565f5cb62c1a95aa578d9d45345315e4338aac207d6?s=96&d=blank&r=g\",\"url\":\"https:\\\/\\\/secure.gravatar.com\\\/avatar\\\/1f540b99ef20bca9c5117565f5cb62c1a95aa578d9d45345315e4338aac207d6?s=96&d=blank&r=g\",\"contentUrl\":\"https:\\\/\\\/secure.gravatar.com\\\/avatar\\\/1f540b99ef20bca9c5117565f5cb62c1a95aa578d9d45345315e4338aac207d6?s=96&d=blank&r=g\",\"caption\":\"Katrina Devilla\"},\"description\":\"Katrina Devilla escreve sobre magia e como deixar a vida leve. Cozinha coisas gostosas, deita no quintal para ver estrelas e, quando tem sorte, v\u00ea um ou outro sat\u00e9lite, mas pensa que \u00e9 estrela cadente. Vive a magia da natureza e se encanta com cada amanhecer. Frui vita! Al\u00e9m disso, Katrina Devilla \u00e9 uma bruxa espiritualista que, por acaso, escreve bem e entende de SEO. Tem imenso prazer em ajudar os outros e ver que seus textos podem inspirar e mudar vidas. A espiritualidade est\u00e1 aqui, basta voc\u00ea querer ver e experimentar!\",\"url\":\"https:\\\/\\\/www.iquilibrio.com\\\/blog\\\/author\\\/candida-thomazellicanoadigital-com\\\/\"}]}<\/script>\n<!-- \/ Yoast SEO plugin. -->","yoast_head_json":{"title":"Aura: o que ela \u00e9? Qual a sua cor? Como ver? - iQuilibrio","description":"Voc\u00ea sabe o que \u00e9 aura? Sabia que ela possui diversas cores e cada uma tem um significado diferente? N\u00f3s vamos te ajudar a entender!","robots":{"index":"index","follow":"follow","max-snippet":"max-snippet:-1","max-image-preview":"max-image-preview:large","max-video-preview":"max-video-preview:-1"},"canonical":"https:\/\/www.iquilibrio.com\/blog\/espiritualidade\/mediunidade-videncia\/aura\/","og_locale":"pt_BR","og_type":"article","og_title":"Aura: o que ela \u00e9? Qual a sua cor? Como ver? - iQuilibrio","og_description":"Voc\u00ea sabe o que \u00e9 aura? Sabia que ela possui diversas cores e cada uma tem um significado diferente? N\u00f3s vamos te ajudar a entender!","og_url":"https:\/\/www.iquilibrio.com\/blog\/espiritualidade\/mediunidade-videncia\/aura\/","og_site_name":"iQuilibrio","article_publisher":"https:\/\/www.facebook.com\/iQuilibrio\/","article_published_time":"2022-01-10T23:03:24+00:00","og_image":[{"width":900,"height":560,"url":"https:\/\/www.iquilibrio.com\/blog\/wp-content\/uploads\/2022\/01\/aura.jpg","type":"image\/jpeg"}],"author":"Katrina Devilla","twitter_card":"summary_large_image","twitter_creator":"@iquilibrio","twitter_site":"@iquilibrio","twitter_misc":{"Escrito por":"Katrina Devilla","Est. tempo de leitura":"6 minutos"},"schema":{"@context":"https:\/\/schema.org","@graph":[{"@type":"Article","@id":"https:\/\/www.iquilibrio.com\/blog\/espiritualidade\/mediunidade-videncia\/aura\/#article","isPartOf":{"@id":"https:\/\/www.iquilibrio.com\/blog\/espiritualidade\/mediunidade-videncia\/aura\/"},"author":{"name":"Katrina Devilla","@id":"https:\/\/www.iquilibrio.com\/blog\/#\/schema\/person\/a9cde6e88d14c853339bcd3d04fe1dbb"},"headline":"Aura: o que ela \u00e9? Qual a sua cor? Como ver?","datePublished":"2022-01-10T23:03:24+00:00","mainEntityOfPage":{"@id":"https:\/\/www.iquilibrio.com\/blog\/espiritualidade\/mediunidade-videncia\/aura\/"},"wordCount":1168,"commentCount":0,"publisher":{"@id":"https:\/\/www.iquilibrio.com\/blog\/#organization"},"image":{"@id":"https:\/\/www.iquilibrio.com\/blog\/espiritualidade\/mediunidade-videncia\/aura\/#primaryimage"},"thumbnailUrl":"https:\/\/www.iquilibrio.com\/blog\/wp-content\/uploads\/2022\/01\/aura.jpg","keywords":["aura","cor aura","energia","significado das cores da aura"],"articleSection":["Espiritualidade","Mediunidade e Vid\u00eancia"],"inLanguage":"pt-BR"},{"@type":"WebPage","@id":"https:\/\/www.iquilibrio.com\/blog\/espiritualidade\/mediunidade-videncia\/aura\/","url":"https:\/\/www.iquilibrio.com\/blog\/espiritualidade\/mediunidade-videncia\/aura\/","name":"Aura: o que ela \u00e9? Qual a sua cor? Como ver? - iQuilibrio","isPartOf":{"@id":"https:\/\/www.iquilibrio.com\/blog\/#website"},"primaryImageOfPage":{"@id":"https:\/\/www.iquilibrio.com\/blog\/espiritualidade\/mediunidade-videncia\/aura\/#primaryimage"},"image":{"@id":"https:\/\/www.iquilibrio.com\/blog\/espiritualidade\/mediunidade-videncia\/aura\/#primaryimage"},"thumbnailUrl":"https:\/\/www.iquilibrio.com\/blog\/wp-content\/uploads\/2022\/01\/aura.jpg","datePublished":"2022-01-10T23:03:24+00:00","description":"Voc\u00ea sabe o que \u00e9 aura? Sabia que ela possui diversas cores e cada uma tem um significado diferente? N\u00f3s vamos te ajudar a entender!","breadcrumb":{"@id":"https:\/\/www.iquilibrio.com\/blog\/espiritualidade\/mediunidade-videncia\/aura\/#breadcrumb"},"inLanguage":"pt-BR","potentialAction":[{"@type":"ReadAction","target":["https:\/\/www.iquilibrio.com\/blog\/espiritualidade\/mediunidade-videncia\/aura\/"]}]},{"@type":"ImageObject","inLanguage":"pt-BR","@id":"https:\/\/www.iquilibrio.com\/blog\/espiritualidade\/mediunidade-videncia\/aura\/#primaryimage","url":"https:\/\/www.iquilibrio.com\/blog\/wp-content\/uploads\/2022\/01\/aura.jpg","contentUrl":"https:\/\/www.iquilibrio.com\/blog\/wp-content\/uploads\/2022\/01\/aura.jpg","width":900,"height":560,"caption":"Aura"},{"@type":"BreadcrumbList","@id":"https:\/\/www.iquilibrio.com\/blog\/espiritualidade\/mediunidade-videncia\/aura\/#breadcrumb","itemListElement":[{"@type":"ListItem","position":1,"name":"In\u00edcio","item":"https:\/\/www.iquilibrio.com\/blog\/"},{"@type":"ListItem","position":2,"name":"Aura: o que ela \u00e9? Qual a sua cor? Como ver?"}]},{"@type":"WebSite","@id":"https:\/\/www.iquilibrio.com\/blog\/#website","url":"https:\/\/www.iquilibrio.com\/blog\/","name":"iQuilibrio","description":"Blog iQuilibrio","publisher":{"@id":"https:\/\/www.iquilibrio.com\/blog\/#organization"},"potentialAction":[{"@type":"SearchAction","target":{"@type":"EntryPoint","urlTemplate":"https:\/\/www.iquilibrio.com\/blog\/?s={search_term_string}"},"query-input":{"@type":"PropertyValueSpecification","valueRequired":true,"valueName":"search_term_string"}}],"inLanguage":"pt-BR"},{"@type":"Organization","@id":"https:\/\/www.iquilibrio.com\/blog\/#organization","name":"Esoterismo, Misticismo e Tarot Online - iQuilibrio","url":"https:\/\/www.iquilibrio.com\/blog\/","logo":{"@type":"ImageObject","inLanguage":"pt-BR","@id":"https:\/\/www.iquilibrio.com\/blog\/#\/schema\/logo\/image\/","url":"https:\/\/www.iquilibrio.com\/blog\/wp-content\/uploads\/2018\/12\/iquilibrio_lovo_vetor_preto-retina.png","contentUrl":"https:\/\/www.iquilibrio.com\/blog\/wp-content\/uploads\/2018\/12\/iquilibrio_lovo_vetor_preto-retina.png","width":972,"height":180,"caption":"Esoterismo, Misticismo e Tarot Online - iQuilibrio"},"image":{"@id":"https:\/\/www.iquilibrio.com\/blog\/#\/schema\/logo\/image\/"},"sameAs":["https:\/\/www.facebook.com\/iQuilibrio\/","https:\/\/x.com\/iquilibrio","https:\/\/www.instagram.com\/iquilibrio\/","https:\/\/www.linkedin.com\/company\/iquilibrio\/","https:\/\/br.pinterest.com\/iquilibrio1397\/","https:\/\/www.youtube.com\/channel\/UC175qxd-4Zsi4wzawT5zF2g"]},{"@type":"Person","@id":"https:\/\/www.iquilibrio.com\/blog\/#\/schema\/person\/a9cde6e88d14c853339bcd3d04fe1dbb","name":"Katrina Devilla","image":{"@type":"ImageObject","inLanguage":"pt-BR","@id":"https:\/\/secure.gravatar.com\/avatar\/1f540b99ef20bca9c5117565f5cb62c1a95aa578d9d45345315e4338aac207d6?s=96&d=blank&r=g","url":"https:\/\/secure.gravatar.com\/avatar\/1f540b99ef20bca9c5117565f5cb62c1a95aa578d9d45345315e4338aac207d6?s=96&d=blank&r=g","contentUrl":"https:\/\/secure.gravatar.com\/avatar\/1f540b99ef20bca9c5117565f5cb62c1a95aa578d9d45345315e4338aac207d6?s=96&d=blank&r=g","caption":"Katrina Devilla"},"description":"Katrina Devilla escreve sobre magia e como deixar a vida leve. Cozinha coisas gostosas, deita no quintal para ver estrelas e, quando tem sorte, v\u00ea um ou outro sat\u00e9lite, mas pensa que \u00e9 estrela cadente. Vive a magia da natureza e se encanta com cada amanhecer. Frui vita! Al\u00e9m disso, Katrina Devilla \u00e9 uma bruxa espiritualista que, por acaso, escreve bem e entende de SEO. Tem imenso prazer em ajudar os outros e ver que seus textos podem inspirar e mudar vidas. A espiritualidade est\u00e1 aqui, basta voc\u00ea querer ver e experimentar!","url":"https:\/\/www.iquilibrio.com\/blog\/author\/candida-thomazellicanoadigital-com\/"}]}},"_links":{"self":[{"href":"https:\/\/www.iquilibrio.com\/blog\/wp-json\/wp\/v2\/posts\/33965","targetHints":{"allow":["GET"]}}],"collection":[{"href":"https:\/\/www.iquilibrio.com\/blog\/wp-json\/wp\/v2\/posts"}],"about":[{"href":"https:\/\/www.iquilibrio.com\/blog\/wp-json\/wp\/v2\/types\/post"}],"author":[{"embeddable":true,"href":"https:\/\/www.iquilibrio.com\/blog\/wp-json\/wp\/v2\/users\/155"}],"replies":[{"embeddable":true,"href":"https:\/\/www.iquilibrio.com\/blog\/wp-json\/wp\/v2\/comments?post=33965"}],"version-history":[{"count":1,"href":"https:\/\/www.iquilibrio.com\/blog\/wp-json\/wp\/v2\/posts\/33965\/revisions"}],"predecessor-version":[{"id":33967,"href":"https:\/\/www.iquilibrio.com\/blog\/wp-json\/wp\/v2\/posts\/33965\/revisions\/33967"}],"wp:featuredmedia":[{"embeddable":true,"href":"https:\/\/www.iquilibrio.com\/blog\/wp-json\/wp\/v2\/media\/33966"}],"wp:attachment":[{"href":"https:\/\/www.iquilibrio.com\/blog\/wp-json\/wp\/v2\/media?parent=33965"}],"wp:term":[{"taxonomy":"category","embeddable":true,"href":"https:\/\/www.iquilibrio.com\/blog\/wp-json\/wp\/v2\/categories?post=33965"},{"taxonomy":"post_tag","embeddable":true,"href":"https:\/\/www.iquilibrio.com\/blog\/wp-json\/wp\/v2\/tags?post=33965"}],"curies":[{"name":"wp","href":"https:\/\/api.w.org\/{rel}","templated":true}]}}