{"id":33929,"date":"2022-01-02T13:05:29","date_gmt":"2022-01-02T16:05:29","guid":{"rendered":"https:\/\/www.iquilibrio.com\/blog\/?p=33929"},"modified":"2022-01-02T13:06:25","modified_gmt":"2022-01-02T16:06:25","slug":"pessoas-sensitivas","status":"publish","type":"post","link":"https:\/\/www.iquilibrio.com\/blog\/espiritualidade\/pessoas-sensitivas\/","title":{"rendered":"Pessoas sensitivas: percebendo o mundo com outros olhos"},"content":{"rendered":"<p><span style=\"font-weight: 400;\"><strong>Pessoas sensitivas<\/strong> sentem e percebem o mundo como poucos o fazem. S\u00e3o, praticamente, esponjas que absorvem todas as nuances do universo, captam os mais sutis sinais e s\u00e3o extremamente sens\u00edveis.<\/span><\/p>\n<p><span style=\"font-weight: 400;\">Um fato interessante \u00e9 que todos n\u00f3s nascemos sensitivos, por\u00e9m, com o passar do tempo, vamos racionalizando mais e mais. Dessa forma, voc\u00ea cria barreiras e esses sinais deixam de ser percebidos e sentidos.<\/span><\/p>\n<p><span style=\"font-weight: 400;\">Isso acontece muito pelo fato de muitas pessoas acreditarem que \u00e9 bobagem, que n\u00e3o existe um sexto sentido. E, infelizmente, essas pessoas acabam prejudicando outras que poderiam desenvolver essa sensibilidade.<\/span><\/p>\n<h2><span style=\"font-weight: 400;\">Como pessoas sensitivas desenvolvem essa habilidade?<\/span><\/h2>\n<p><span style=\"font-weight: 400;\">Como dissemos, todos n\u00f3s nascemos com esse dom de perceber o mundo de forma \u00fanica, mas tem gente que n\u00e3o consegue desenvolver ou escolhe ignorar. Mas a boa not\u00edcia \u00e9 que tem como desenvolver, sim!<\/span><\/p>\n<p><span style=\"font-weight: 400;\">Mas primeiro, vamos ver algumas caracter\u00edsticas de pessoas sensitivas?<\/span><\/p>\n<ul>\n<li style=\"font-weight: 400;\" aria-level=\"1\"><span style=\"font-weight: 400;\">Se emocionam com facilidade;<\/span><\/li>\n<li style=\"font-weight: 400;\" aria-level=\"1\"><span style=\"font-weight: 400;\">Lugares lotados s\u00e3o muito inc\u00f4modos, causam nervosismo e sensa\u00e7\u00e3o de esgotamento;<\/span><\/li>\n<li style=\"font-weight: 400;\" aria-level=\"1\"><span style=\"font-weight: 400;\">Tem muita empatia por pessoas e animais;<\/span><\/li>\n<li style=\"font-weight: 400;\" aria-level=\"1\"><span style=\"font-weight: 400;\">Se emocionam com coisas belas;<\/span><\/li>\n<li style=\"font-weight: 400;\" aria-level=\"1\"><span style=\"font-weight: 400;\">Luzes muito claras, como l\u00e2mpadas fluorescentes, incomodam demais (inclusive algumas pessoas ficam extremamente irritadas com o som que elas emitem);<\/span><\/li>\n<li style=\"font-weight: 400;\" aria-level=\"1\"><span style=\"font-weight: 400;\">Intui\u00e7\u00e3o agu\u00e7ada e raramente falha.<\/span><\/li>\n<\/ul>\n<p><span style=\"font-weight: 400;\">Na verdade, qualquer pessoa pode desenvolver essa habilidade. Basta paci\u00eancia e muita dedica\u00e7\u00e3o para desbloquear. Vamos ver alguns exerc\u00edcios?<\/span><\/p>\n<h3><span style=\"font-weight: 400;\">Medita\u00e7\u00e3o<\/span><\/h3>\n<p><span style=\"font-weight: 400;\">A <\/span><a href=\"https:\/\/www.iquilibrio.com\/blog\/2022\/meditacao-por-do-sol-2022\/\"><span style=\"font-weight: 400;\">medita\u00e7\u00e3o<\/span><\/a><span style=\"font-weight: 400;\"> \u00e9 uma \u00f3tima forma de come\u00e7ar. Por meio dela voc\u00ea consegue se concentrar no aqui e no agora, deixando o passado para tr\u00e1s e sem antecipar o futuro. Comece com um bom exerc\u00edcio de respira\u00e7\u00e3o para relaxar.<\/span><\/p>\n<p><span style=\"font-weight: 400;\">Pessoas sensitivas sofrem com muitos est\u00edmulos, por isso \u00e9 bom escolher um lugar calmo e confort\u00e1vel para fazer essa pr\u00e1tica.<\/span><\/p>\n<p><span style=\"font-weight: 400;\">\u00a0Esse momento \u00e9 s\u00f3 seu, ent\u00e3o concentre-se em voc\u00ea mesma e compreenda todos os sentimentos que tem em seu cora\u00e7\u00e3o. Aos poucos, tente focar apenas na sua ess\u00eancia e em como voc\u00ea v\u00ea o mundo.\u00a0<\/span><\/p>\n<p><span style=\"font-weight: 400;\">Relaxe, respire e finalize sua<\/span><a href=\"https:\/\/www.iquilibrio.com\/blog\/2022\/meditacao-matinal-2022\/\"><span style=\"font-weight: 400;\"> medita\u00e7\u00e3o<\/span><\/a><span style=\"font-weight: 400;\"> com um bom banho de ervas para revigorar e agu\u00e7ar seus sentidos.<\/span><\/p>\n<p><iframe loading=\"lazy\" title=\"MEDITA\u00c7\u00c3O - TIPOS DE MEDITA\u00c7\u00c3O - O PODER DA MEDITA\u00c7\u00c3O NA SUA VIDA!\" width=\"696\" height=\"392\" src=\"https:\/\/www.youtube.com\/embed\/zFQlyKcqMpY?feature=oembed\" frameborder=\"0\" allow=\"accelerometer; autoplay; clipboard-write; encrypted-media; gyroscope; picture-in-picture\" allowfullscreen><\/iframe><\/p>\n<h3><span style=\"font-weight: 400;\">Tenha empatia<\/span><\/h3>\n<p><span style=\"font-weight: 400;\">Colocar-se no lugar do outro \u00e9 imprescind\u00edvel para as pessoas sensitivas. Na verdade, isso \u00e9 muito natural. Mas, se voc\u00ea est\u00e1 desenvolvendo essa habilidade, procure &#8220;cal\u00e7ar os sapatos dos outros\u201d.<\/span><\/p>\n<p><span style=\"font-weight: 400;\">Pense em como se sentem em determinadas situa\u00e7\u00f5es, como agiriam e resolveriam. Observe as pessoas que est\u00e3o mais perto de voc\u00ea, fa\u00e7a uma leitura de seus sentimentos por meio de gestos, postura e express\u00f5es.<\/span><\/p>\n<p><span style=\"font-weight: 400;\">E a empatia n\u00e3o \u00e9 s\u00f3 direcionada a humanos, mas tamb\u00e9m serve para <\/span><a href=\"https:\/\/www.iquilibrio.com\/blog\/espiritualidade\/xamanismo\/significado-animais-poder\/\"><span style=\"font-weight: 400;\">animais<\/span><\/a><span style=\"font-weight: 400;\">. Pessoas sensitivas t\u00eam muita empatia por animais. Inclusive, costumam sofrer demais quando v\u00eaem um animal com algum problema.<\/span><\/p>\n<p><span style=\"font-weight: 400;\">Por isso,<\/span><a href=\"https:\/\/www.iquilibrio.com\/blog\/outros\/conectar-natureza\/\"><span style=\"font-weight: 400;\"> conviva mais com a natureza<\/span><\/a><span style=\"font-weight: 400;\"> e os animais. Aprenda a ler os seus sinais enquanto recarrega as baterias.<\/span><\/p>\n<p><iframe loading=\"lazy\" title=\"O que \u00e9 empatia? Um papo sobre colocar-se no lugar do outro - iQuilibrio\" width=\"696\" height=\"392\" src=\"https:\/\/www.youtube.com\/embed\/k9zUNcFnK5Q?feature=oembed\" frameborder=\"0\" allow=\"accelerometer; autoplay; clipboard-write; encrypted-media; gyroscope; picture-in-picture\" allowfullscreen><\/iframe><\/p>\n<h3><span style=\"font-weight: 400;\">Use a imagina\u00e7\u00e3o<\/span><\/h3>\n<p><span style=\"font-weight: 400;\">Quando estiver em um lugar com pessoas desconhecidas, use a <\/span><a href=\"https:\/\/www.iquilibrio.com\/blog\/bem-estar\/cuidar-crianca-interior\/\"><span style=\"font-weight: 400;\">imagina\u00e7\u00e3o<\/span><\/a><span style=\"font-weight: 400;\"> e comece a \u201cadivinhar\u201d como \u00e9 a vida dessa pessoa. Observe suas roupas, modo de se portar, falar e se mexer.<\/span><\/p>\n<p><span style=\"font-weight: 400;\">Em seguida, pense em como foi o dia dela. Cansativo? Agitado? Leve? Muito trabalho ou f\u00e9rias? Estaria doente? Dessa forma, voc\u00ea for\u00e7a o seu lado mais sensitivo a buscar sinais nessa pessoa.<\/span><\/p>\n<p><span style=\"font-weight: 400;\">N\u00e3o \u00e9 dif\u00edcil e at\u00e9 \u00e9 divertido! Eu costumo fazer isso muitas vezes e adoro criar essas hist\u00f3rias e at\u00e9 mesmo me emocionar. Ali\u00e1s, uma vez conversei com uma psic\u00f3loga sobre isso e ela me deu uma vis\u00e3o que a ci\u00eancia tem sobre pessoas sensitivas.<\/span><\/p>\n<h2><span style=\"font-weight: 400;\">Como a ci\u00eancia v\u00ea as pessoas sensitivas?<\/span><\/h2>\n<p><span style=\"font-weight: 400;\">No campo da psicologia, existe uma condi\u00e7\u00e3o chamada de Highly Sensitive Person (HSP) ou Pessoa Altamente Sensitiva. Acredita-se que cerca de 20% da popula\u00e7\u00e3o mundial seja assim.<\/span><\/p>\n<p><span style=\"font-weight: 400;\">O significado dessas pessoas sensitivas \u00e9 um pouco diferente da que vemos no campo espiritual. A diferen\u00e7a est\u00e1 em racionalizar os \u201csintomas\u201d. Veja algumas caracter\u00edsticas:<\/span><\/p>\n<ul>\n<li style=\"font-weight: 400;\" aria-level=\"1\"><span style=\"font-weight: 400;\">Tomam sustos com frequ\u00eancia;<\/span><\/li>\n<li style=\"font-weight: 400;\" aria-level=\"1\"><span style=\"font-weight: 400;\">Se emocionam com a beleza (natureza, obras de arte, performances\u2026);<\/span><\/li>\n<li style=\"font-weight: 400;\" aria-level=\"1\"><span style=\"font-weight: 400;\">Ficam incomodadas na presen\u00e7a de muitas pessoas;<\/span><\/li>\n<li style=\"font-weight: 400;\" aria-level=\"1\"><span style=\"font-weight: 400;\">Se emocionam muito com filmes ou pe\u00e7as de teatro que envolvem dramas ou muito sofrimento;<\/span><\/li>\n<li style=\"font-weight: 400;\" aria-level=\"1\"><span style=\"font-weight: 400;\">Preferem ficar sozinhas para acalmar a mente e o cora\u00e7\u00e3o.<\/span><\/li>\n<\/ul>\n<p><span style=\"font-weight: 400;\">Basicamente s\u00e3o os mesmos sintomas, no entanto, como falamos anteriormente, a racionaliza\u00e7\u00e3o acaba por restringir a eventos externos. Uma pessoa altamente sensitiva pode desenvolver mediunidade sensitiva? Sim, ela pode. Basta fazer aqueles exerc\u00edcios que citamos logo acima.<\/span><\/p>\n<p><span style=\"font-weight: 400;\">Mas o mundo \u00e9 dividido em pessoas sensitivas e n\u00e3o sensitivas? N\u00e3o, tem muito mais coisa por a\u00ed!<\/span><\/p>\n<h2><span style=\"font-weight: 400;\">Sencientes, pessoas sensitivas e intuitivas<\/span><\/h2>\n<p><span style=\"font-weight: 400;\">\u00c9 comum vermos a palavra senciente ser relacionada a animais, como gatos, cachorros, golfinhos e muito mais. Na verdade, em uma tradu\u00e7\u00e3o livre, o ser senciente \u00e9 aquele que percebe e sente o mundo por meio dos sentidos e de forma consciente.<\/span><\/p>\n<p><span style=\"font-weight: 400;\">Gatos e cachorros t\u00eam essa sensibilidade mais aflorada, pois est\u00e3o conscientes de algo est\u00e1 acontecendo com seus donos ou com outros animais de estima\u00e7\u00e3o que convivem com ele.<\/span><\/p>\n<p><span style=\"font-weight: 400;\">O mesmo pode acontecer conosco. Uma pessoa senciente \u00e9 capaz de sentir vibra\u00e7\u00f5es e ter impress\u00f5es sobre uma s\u00e9rie de fatos e de forma completamente consciente. \u00c9 quase como uma intui\u00e7\u00e3o muito agu\u00e7ada.<\/span><\/p>\n<p><span style=\"font-weight: 400;\">Um senciente \u00e9 sensitivo? Sim! Mas nem toda pessoa sensitiva \u00e9 senciente. Essa \u00e9 uma habilidade que precisa ser bem desenvolvida, afinal, s\u00e3o coisas mais focadas.<\/span><\/p>\n<p><span style=\"font-weight: 400;\">Pessoas intuitivas trabalham mais com o acaso. Ela percebe, mas n\u00e3o sabe de onde veio e nem sempre consegue traduzir essa mensagem. Elas t\u00eam a sensa\u00e7\u00e3o de que algo est\u00e1 deslocado mas n\u00e3o sabem o que e nem o porqu\u00ea.<\/span><\/p>\n<p><span style=\"font-weight: 400;\">Pessoas sensitivas s\u00e3o intuitivas? Sim! Mas nem todas as pessoas intuitivas s\u00e3o sensitivas. Dessa forma, podemos dizer que <\/span><a href=\"https:\/\/www.astrocentro.com.br\/blog\/videncia\/descubra-quem-sensitivo\/\" target=\"_blank\" rel=\"noopener\"><span style=\"font-weight: 400;\">sensitivos<\/span><\/a><span style=\"font-weight: 400;\"> t\u00eam a habilidade mais apurada que uma intuitiva e est\u00e1 no caminho para ser senciente.<\/span><\/p>\n<h2><span style=\"font-weight: 400;\">Quer desenvolver essa habilidade ou saber mais sobre pessoas sensitivas?<\/span><\/h2>\n<p><span style=\"font-weight: 400;\">Procure literatura adequada, converse com pessoas sensitivas, troque experi\u00eancias e viva essa habilidade com frequ\u00eancia.<\/span><\/p>\n<p><span style=\"font-weight: 400;\">Se quiser abrir seu cora\u00e7\u00e3o e ser acolhida, procure um de nossos <\/span><a href=\"https:\/\/www.iquilibrio.com\/esotericos\/\"><span style=\"font-weight: 400;\">esot\u00e9ricos sensitivos<\/span><\/a><span style=\"font-weight: 400;\">. Converse sobre como percebe o mundo e tente melhorar a sua percep\u00e7\u00e3o.<\/span><\/p>\n<p><span style=\"font-weight: 400;\">Um grande beijo e at\u00e9 a pr\u00f3xima! &#x2728;<\/span><\/p>\n\n\n<div class=\"kk-star-ratings kksr-auto kksr-align-left kksr-valign-bottom\"\n    data-payload='{&quot;align&quot;:&quot;left&quot;,&quot;id&quot;:&quot;33929&quot;,&quot;slug&quot;:&quot;default&quot;,&quot;valign&quot;:&quot;bottom&quot;,&quot;ignore&quot;:&quot;&quot;,&quot;reference&quot;:&quot;auto&quot;,&quot;class&quot;:&quot;&quot;,&quot;count&quot;:&quot;3&quot;,&quot;legendonly&quot;:&quot;&quot;,&quot;readonly&quot;:&quot;&quot;,&quot;score&quot;:&quot;5&quot;,&quot;starsonly&quot;:&quot;&quot;,&quot;best&quot;:&quot;5&quot;,&quot;gap&quot;:&quot;5&quot;,&quot;greet&quot;:&quot;Rate this post&quot;,&quot;legend&quot;:&quot;5\\\/5 - (3 votos)&quot;,&quot;size&quot;:&quot;24&quot;,&quot;title&quot;:&quot;Pessoas sensitivas: percebendo o mundo com outros olhos&quot;,&quot;width&quot;:&quot;142.5&quot;,&quot;_legend&quot;:&quot;{score}\\\/{best} - ({count} {votes})&quot;,&quot;font_factor&quot;:&quot;1.25&quot;}'>\n            \n<div class=\"kksr-stars\">\n    \n<div class=\"kksr-stars-inactive\">\n            <div class=\"kksr-star\" data-star=\"1\" style=\"padding-right: 5px\">\n            \n\n<div class=\"kksr-icon\" style=\"width: 24px; height: 24px;\"><\/div>\n        <\/div>\n            <div class=\"kksr-star\" data-star=\"2\" style=\"padding-right: 5px\">\n            \n\n<div class=\"kksr-icon\" style=\"width: 24px; height: 24px;\"><\/div>\n        <\/div>\n            <div class=\"kksr-star\" data-star=\"3\" style=\"padding-right: 5px\">\n            \n\n<div class=\"kksr-icon\" style=\"width: 24px; height: 24px;\"><\/div>\n        <\/div>\n            <div class=\"kksr-star\" data-star=\"4\" style=\"padding-right: 5px\">\n            \n\n<div class=\"kksr-icon\" style=\"width: 24px; height: 24px;\"><\/div>\n        <\/div>\n            <div class=\"kksr-star\" data-star=\"5\" style=\"padding-right: 5px\">\n            \n\n<div class=\"kksr-icon\" style=\"width: 24px; height: 24px;\"><\/div>\n        <\/div>\n    <\/div>\n    \n<div class=\"kksr-stars-active\" style=\"width: 142.5px;\">\n            <div class=\"kksr-star\" style=\"padding-right: 5px\">\n            \n\n<div class=\"kksr-icon\" style=\"width: 24px; height: 24px;\"><\/div>\n        <\/div>\n            <div class=\"kksr-star\" style=\"padding-right: 5px\">\n            \n\n<div class=\"kksr-icon\" style=\"width: 24px; height: 24px;\"><\/div>\n        <\/div>\n            <div class=\"kksr-star\" style=\"padding-right: 5px\">\n            \n\n<div class=\"kksr-icon\" style=\"width: 24px; height: 24px;\"><\/div>\n        <\/div>\n            <div class=\"kksr-star\" style=\"padding-right: 5px\">\n            \n\n<div class=\"kksr-icon\" style=\"width: 24px; height: 24px;\"><\/div>\n        <\/div>\n            <div class=\"kksr-star\" style=\"padding-right: 5px\">\n            \n\n<div class=\"kksr-icon\" style=\"width: 24px; height: 24px;\"><\/div>\n        <\/div>\n    <\/div>\n<\/div>\n                \n\n<div class=\"kksr-legend\" style=\"font-size: 19.2px;\">\n            5\/5 - (3 votos)    <\/div>\n    <\/div>\n","protected":false},"excerpt":{"rendered":"<p>Pessoas sensitivas sentem e percebem o mundo como poucos o fazem. S\u00e3o, praticamente, esponjas que absorvem todas as nuances do universo, captam os mais sutis sinais e s\u00e3o extremamente sens\u00edveis. Um fato interessante \u00e9 que todos n\u00f3s nascemos sensitivos, por\u00e9m, com o passar do tempo, vamos racionalizando mais e mais. Dessa forma, voc\u00ea cria barreiras [&hellip;]<\/p>\n","protected":false},"author":155,"featured_media":33930,"comment_status":"open","ping_status":"open","sticky":false,"template":"","format":"standard","meta":{"footnotes":""},"categories":[502],"tags":[2836,444,4361,4362,4360],"class_list":["post-33929","post","type-post","status-publish","format-standard","has-post-thumbnail","hentry","category-espiritualidade","tag-espiritualidade","tag-mediunidade","tag-pessoas-sensitivas","tag-senciente","tag-sensibilidade"],"yoast_head":"<!-- This site is optimized with the Yoast SEO plugin v27.4 - https:\/\/yoast.com\/product\/yoast-seo-wordpress\/ -->\n<title>Pessoas sensitivas: percebendo o mundo com outros olhos - iQuilibrio<\/title>\n<meta name=\"description\" content=\"J\u00e1 parou para pensar o que s\u00e3o pessoas sensitivas? Como ser\u00e1 que percebem o mundo? Como desenvolvem seus dons? Saiba + sobre os sensitivos!\" \/>\n<meta name=\"robots\" content=\"index, follow, max-snippet:-1, max-image-preview:large, max-video-preview:-1\" \/>\n<link rel=\"canonical\" href=\"https:\/\/www.iquilibrio.com\/blog\/espiritualidade\/pessoas-sensitivas\/\" \/>\n<meta property=\"og:locale\" content=\"pt_BR\" \/>\n<meta property=\"og:type\" content=\"article\" \/>\n<meta property=\"og:title\" content=\"Pessoas sensitivas: percebendo o mundo com outros olhos - iQuilibrio\" \/>\n<meta property=\"og:description\" content=\"J\u00e1 parou para pensar o que s\u00e3o pessoas sensitivas? Como ser\u00e1 que percebem o mundo? Como desenvolvem seus dons? Saiba + sobre os sensitivos!\" \/>\n<meta property=\"og:url\" content=\"https:\/\/www.iquilibrio.com\/blog\/espiritualidade\/pessoas-sensitivas\/\" \/>\n<meta property=\"og:site_name\" content=\"iQuilibrio\" \/>\n<meta property=\"article:publisher\" content=\"https:\/\/www.facebook.com\/iQuilibrio\/\" \/>\n<meta property=\"article:published_time\" content=\"2022-01-02T16:05:29+00:00\" \/>\n<meta property=\"article:modified_time\" content=\"2022-01-02T16:06:25+00:00\" \/>\n<meta property=\"og:image\" content=\"https:\/\/www.iquilibrio.com\/blog\/wp-content\/uploads\/2022\/01\/pessoas-sensitivas.jpg\" \/>\n\t<meta property=\"og:image:width\" content=\"900\" \/>\n\t<meta property=\"og:image:height\" content=\"560\" \/>\n\t<meta property=\"og:image:type\" content=\"image\/jpeg\" \/>\n<meta name=\"author\" content=\"Katrina Devilla\" \/>\n<meta name=\"twitter:card\" content=\"summary_large_image\" \/>\n<meta name=\"twitter:creator\" content=\"@iquilibrio\" \/>\n<meta name=\"twitter:site\" content=\"@iquilibrio\" \/>\n<meta name=\"twitter:label1\" content=\"Escrito por\" \/>\n\t<meta name=\"twitter:data1\" content=\"Katrina Devilla\" \/>\n\t<meta name=\"twitter:label2\" content=\"Est. tempo de leitura\" \/>\n\t<meta name=\"twitter:data2\" content=\"5 minutos\" \/>\n<script type=\"application\/ld+json\" class=\"yoast-schema-graph\">{\"@context\":\"https:\\\/\\\/schema.org\",\"@graph\":[{\"@type\":\"Article\",\"@id\":\"https:\\\/\\\/www.iquilibrio.com\\\/blog\\\/espiritualidade\\\/pessoas-sensitivas\\\/#article\",\"isPartOf\":{\"@id\":\"https:\\\/\\\/www.iquilibrio.com\\\/blog\\\/espiritualidade\\\/pessoas-sensitivas\\\/\"},\"author\":{\"name\":\"Katrina Devilla\",\"@id\":\"https:\\\/\\\/www.iquilibrio.com\\\/blog\\\/#\\\/schema\\\/person\\\/a9cde6e88d14c853339bcd3d04fe1dbb\"},\"headline\":\"Pessoas sensitivas: percebendo o mundo com outros olhos\",\"datePublished\":\"2022-01-02T16:05:29+00:00\",\"dateModified\":\"2022-01-02T16:06:25+00:00\",\"mainEntityOfPage\":{\"@id\":\"https:\\\/\\\/www.iquilibrio.com\\\/blog\\\/espiritualidade\\\/pessoas-sensitivas\\\/\"},\"wordCount\":1072,\"commentCount\":0,\"publisher\":{\"@id\":\"https:\\\/\\\/www.iquilibrio.com\\\/blog\\\/#organization\"},\"image\":{\"@id\":\"https:\\\/\\\/www.iquilibrio.com\\\/blog\\\/espiritualidade\\\/pessoas-sensitivas\\\/#primaryimage\"},\"thumbnailUrl\":\"https:\\\/\\\/www.iquilibrio.com\\\/blog\\\/wp-content\\\/uploads\\\/2022\\\/01\\\/pessoas-sensitivas.jpg\",\"keywords\":[\"espiritualidade\",\"mediunidade\",\"pessoas sensitivas\",\"senciente\",\"sensibilidade\"],\"articleSection\":[\"Espiritualidade\"],\"inLanguage\":\"pt-BR\"},{\"@type\":\"WebPage\",\"@id\":\"https:\\\/\\\/www.iquilibrio.com\\\/blog\\\/espiritualidade\\\/pessoas-sensitivas\\\/\",\"url\":\"https:\\\/\\\/www.iquilibrio.com\\\/blog\\\/espiritualidade\\\/pessoas-sensitivas\\\/\",\"name\":\"Pessoas sensitivas: percebendo o mundo com outros olhos - iQuilibrio\",\"isPartOf\":{\"@id\":\"https:\\\/\\\/www.iquilibrio.com\\\/blog\\\/#website\"},\"primaryImageOfPage\":{\"@id\":\"https:\\\/\\\/www.iquilibrio.com\\\/blog\\\/espiritualidade\\\/pessoas-sensitivas\\\/#primaryimage\"},\"image\":{\"@id\":\"https:\\\/\\\/www.iquilibrio.com\\\/blog\\\/espiritualidade\\\/pessoas-sensitivas\\\/#primaryimage\"},\"thumbnailUrl\":\"https:\\\/\\\/www.iquilibrio.com\\\/blog\\\/wp-content\\\/uploads\\\/2022\\\/01\\\/pessoas-sensitivas.jpg\",\"datePublished\":\"2022-01-02T16:05:29+00:00\",\"dateModified\":\"2022-01-02T16:06:25+00:00\",\"description\":\"J\u00e1 parou para pensar o que s\u00e3o pessoas sensitivas? Como ser\u00e1 que percebem o mundo? Como desenvolvem seus dons? Saiba + sobre os sensitivos!\",\"breadcrumb\":{\"@id\":\"https:\\\/\\\/www.iquilibrio.com\\\/blog\\\/espiritualidade\\\/pessoas-sensitivas\\\/#breadcrumb\"},\"inLanguage\":\"pt-BR\",\"potentialAction\":[{\"@type\":\"ReadAction\",\"target\":[\"https:\\\/\\\/www.iquilibrio.com\\\/blog\\\/espiritualidade\\\/pessoas-sensitivas\\\/\"]}]},{\"@type\":\"ImageObject\",\"inLanguage\":\"pt-BR\",\"@id\":\"https:\\\/\\\/www.iquilibrio.com\\\/blog\\\/espiritualidade\\\/pessoas-sensitivas\\\/#primaryimage\",\"url\":\"https:\\\/\\\/www.iquilibrio.com\\\/blog\\\/wp-content\\\/uploads\\\/2022\\\/01\\\/pessoas-sensitivas.jpg\",\"contentUrl\":\"https:\\\/\\\/www.iquilibrio.com\\\/blog\\\/wp-content\\\/uploads\\\/2022\\\/01\\\/pessoas-sensitivas.jpg\",\"width\":900,\"height\":560,\"caption\":\"Pessoas sensitivas\"},{\"@type\":\"BreadcrumbList\",\"@id\":\"https:\\\/\\\/www.iquilibrio.com\\\/blog\\\/espiritualidade\\\/pessoas-sensitivas\\\/#breadcrumb\",\"itemListElement\":[{\"@type\":\"ListItem\",\"position\":1,\"name\":\"In\u00edcio\",\"item\":\"https:\\\/\\\/www.iquilibrio.com\\\/blog\\\/\"},{\"@type\":\"ListItem\",\"position\":2,\"name\":\"Pessoas sensitivas: percebendo o mundo com outros olhos\"}]},{\"@type\":\"WebSite\",\"@id\":\"https:\\\/\\\/www.iquilibrio.com\\\/blog\\\/#website\",\"url\":\"https:\\\/\\\/www.iquilibrio.com\\\/blog\\\/\",\"name\":\"iQuilibrio\",\"description\":\"Blog iQuilibrio\",\"publisher\":{\"@id\":\"https:\\\/\\\/www.iquilibrio.com\\\/blog\\\/#organization\"},\"potentialAction\":[{\"@type\":\"SearchAction\",\"target\":{\"@type\":\"EntryPoint\",\"urlTemplate\":\"https:\\\/\\\/www.iquilibrio.com\\\/blog\\\/?s={search_term_string}\"},\"query-input\":{\"@type\":\"PropertyValueSpecification\",\"valueRequired\":true,\"valueName\":\"search_term_string\"}}],\"inLanguage\":\"pt-BR\"},{\"@type\":\"Organization\",\"@id\":\"https:\\\/\\\/www.iquilibrio.com\\\/blog\\\/#organization\",\"name\":\"Esoterismo, Misticismo e Tarot Online - iQuilibrio\",\"url\":\"https:\\\/\\\/www.iquilibrio.com\\\/blog\\\/\",\"logo\":{\"@type\":\"ImageObject\",\"inLanguage\":\"pt-BR\",\"@id\":\"https:\\\/\\\/www.iquilibrio.com\\\/blog\\\/#\\\/schema\\\/logo\\\/image\\\/\",\"url\":\"https:\\\/\\\/www.iquilibrio.com\\\/blog\\\/wp-content\\\/uploads\\\/2018\\\/12\\\/iquilibrio_lovo_vetor_preto-retina.png\",\"contentUrl\":\"https:\\\/\\\/www.iquilibrio.com\\\/blog\\\/wp-content\\\/uploads\\\/2018\\\/12\\\/iquilibrio_lovo_vetor_preto-retina.png\",\"width\":972,\"height\":180,\"caption\":\"Esoterismo, Misticismo e Tarot Online - iQuilibrio\"},\"image\":{\"@id\":\"https:\\\/\\\/www.iquilibrio.com\\\/blog\\\/#\\\/schema\\\/logo\\\/image\\\/\"},\"sameAs\":[\"https:\\\/\\\/www.facebook.com\\\/iQuilibrio\\\/\",\"https:\\\/\\\/x.com\\\/iquilibrio\",\"https:\\\/\\\/www.instagram.com\\\/iquilibrio\\\/\",\"https:\\\/\\\/www.linkedin.com\\\/company\\\/iquilibrio\\\/\",\"https:\\\/\\\/br.pinterest.com\\\/iquilibrio1397\\\/\",\"https:\\\/\\\/www.youtube.com\\\/channel\\\/UC175qxd-4Zsi4wzawT5zF2g\"]},{\"@type\":\"Person\",\"@id\":\"https:\\\/\\\/www.iquilibrio.com\\\/blog\\\/#\\\/schema\\\/person\\\/a9cde6e88d14c853339bcd3d04fe1dbb\",\"name\":\"Katrina Devilla\",\"image\":{\"@type\":\"ImageObject\",\"inLanguage\":\"pt-BR\",\"@id\":\"https:\\\/\\\/secure.gravatar.com\\\/avatar\\\/1f540b99ef20bca9c5117565f5cb62c1a95aa578d9d45345315e4338aac207d6?s=96&d=blank&r=g\",\"url\":\"https:\\\/\\\/secure.gravatar.com\\\/avatar\\\/1f540b99ef20bca9c5117565f5cb62c1a95aa578d9d45345315e4338aac207d6?s=96&d=blank&r=g\",\"contentUrl\":\"https:\\\/\\\/secure.gravatar.com\\\/avatar\\\/1f540b99ef20bca9c5117565f5cb62c1a95aa578d9d45345315e4338aac207d6?s=96&d=blank&r=g\",\"caption\":\"Katrina Devilla\"},\"description\":\"Katrina Devilla escreve sobre magia e como deixar a vida leve. Cozinha coisas gostosas, deita no quintal para ver estrelas e, quando tem sorte, v\u00ea um ou outro sat\u00e9lite, mas pensa que \u00e9 estrela cadente. Vive a magia da natureza e se encanta com cada amanhecer. Frui vita! Al\u00e9m disso, Katrina Devilla \u00e9 uma bruxa espiritualista que, por acaso, escreve bem e entende de SEO. Tem imenso prazer em ajudar os outros e ver que seus textos podem inspirar e mudar vidas. A espiritualidade est\u00e1 aqui, basta voc\u00ea querer ver e experimentar!\",\"url\":\"https:\\\/\\\/www.iquilibrio.com\\\/blog\\\/author\\\/candida-thomazellicanoadigital-com\\\/\"}]}<\/script>\n<!-- \/ Yoast SEO plugin. -->","yoast_head_json":{"title":"Pessoas sensitivas: percebendo o mundo com outros olhos - iQuilibrio","description":"J\u00e1 parou para pensar o que s\u00e3o pessoas sensitivas? Como ser\u00e1 que percebem o mundo? Como desenvolvem seus dons? Saiba + sobre os sensitivos!","robots":{"index":"index","follow":"follow","max-snippet":"max-snippet:-1","max-image-preview":"max-image-preview:large","max-video-preview":"max-video-preview:-1"},"canonical":"https:\/\/www.iquilibrio.com\/blog\/espiritualidade\/pessoas-sensitivas\/","og_locale":"pt_BR","og_type":"article","og_title":"Pessoas sensitivas: percebendo o mundo com outros olhos - iQuilibrio","og_description":"J\u00e1 parou para pensar o que s\u00e3o pessoas sensitivas? Como ser\u00e1 que percebem o mundo? Como desenvolvem seus dons? Saiba + sobre os sensitivos!","og_url":"https:\/\/www.iquilibrio.com\/blog\/espiritualidade\/pessoas-sensitivas\/","og_site_name":"iQuilibrio","article_publisher":"https:\/\/www.facebook.com\/iQuilibrio\/","article_published_time":"2022-01-02T16:05:29+00:00","article_modified_time":"2022-01-02T16:06:25+00:00","og_image":[{"width":900,"height":560,"url":"https:\/\/www.iquilibrio.com\/blog\/wp-content\/uploads\/2022\/01\/pessoas-sensitivas.jpg","type":"image\/jpeg"}],"author":"Katrina Devilla","twitter_card":"summary_large_image","twitter_creator":"@iquilibrio","twitter_site":"@iquilibrio","twitter_misc":{"Escrito por":"Katrina Devilla","Est. tempo de leitura":"5 minutos"},"schema":{"@context":"https:\/\/schema.org","@graph":[{"@type":"Article","@id":"https:\/\/www.iquilibrio.com\/blog\/espiritualidade\/pessoas-sensitivas\/#article","isPartOf":{"@id":"https:\/\/www.iquilibrio.com\/blog\/espiritualidade\/pessoas-sensitivas\/"},"author":{"name":"Katrina Devilla","@id":"https:\/\/www.iquilibrio.com\/blog\/#\/schema\/person\/a9cde6e88d14c853339bcd3d04fe1dbb"},"headline":"Pessoas sensitivas: percebendo o mundo com outros olhos","datePublished":"2022-01-02T16:05:29+00:00","dateModified":"2022-01-02T16:06:25+00:00","mainEntityOfPage":{"@id":"https:\/\/www.iquilibrio.com\/blog\/espiritualidade\/pessoas-sensitivas\/"},"wordCount":1072,"commentCount":0,"publisher":{"@id":"https:\/\/www.iquilibrio.com\/blog\/#organization"},"image":{"@id":"https:\/\/www.iquilibrio.com\/blog\/espiritualidade\/pessoas-sensitivas\/#primaryimage"},"thumbnailUrl":"https:\/\/www.iquilibrio.com\/blog\/wp-content\/uploads\/2022\/01\/pessoas-sensitivas.jpg","keywords":["espiritualidade","mediunidade","pessoas sensitivas","senciente","sensibilidade"],"articleSection":["Espiritualidade"],"inLanguage":"pt-BR"},{"@type":"WebPage","@id":"https:\/\/www.iquilibrio.com\/blog\/espiritualidade\/pessoas-sensitivas\/","url":"https:\/\/www.iquilibrio.com\/blog\/espiritualidade\/pessoas-sensitivas\/","name":"Pessoas sensitivas: percebendo o mundo com outros olhos - iQuilibrio","isPartOf":{"@id":"https:\/\/www.iquilibrio.com\/blog\/#website"},"primaryImageOfPage":{"@id":"https:\/\/www.iquilibrio.com\/blog\/espiritualidade\/pessoas-sensitivas\/#primaryimage"},"image":{"@id":"https:\/\/www.iquilibrio.com\/blog\/espiritualidade\/pessoas-sensitivas\/#primaryimage"},"thumbnailUrl":"https:\/\/www.iquilibrio.com\/blog\/wp-content\/uploads\/2022\/01\/pessoas-sensitivas.jpg","datePublished":"2022-01-02T16:05:29+00:00","dateModified":"2022-01-02T16:06:25+00:00","description":"J\u00e1 parou para pensar o que s\u00e3o pessoas sensitivas? Como ser\u00e1 que percebem o mundo? Como desenvolvem seus dons? Saiba + sobre os sensitivos!","breadcrumb":{"@id":"https:\/\/www.iquilibrio.com\/blog\/espiritualidade\/pessoas-sensitivas\/#breadcrumb"},"inLanguage":"pt-BR","potentialAction":[{"@type":"ReadAction","target":["https:\/\/www.iquilibrio.com\/blog\/espiritualidade\/pessoas-sensitivas\/"]}]},{"@type":"ImageObject","inLanguage":"pt-BR","@id":"https:\/\/www.iquilibrio.com\/blog\/espiritualidade\/pessoas-sensitivas\/#primaryimage","url":"https:\/\/www.iquilibrio.com\/blog\/wp-content\/uploads\/2022\/01\/pessoas-sensitivas.jpg","contentUrl":"https:\/\/www.iquilibrio.com\/blog\/wp-content\/uploads\/2022\/01\/pessoas-sensitivas.jpg","width":900,"height":560,"caption":"Pessoas sensitivas"},{"@type":"BreadcrumbList","@id":"https:\/\/www.iquilibrio.com\/blog\/espiritualidade\/pessoas-sensitivas\/#breadcrumb","itemListElement":[{"@type":"ListItem","position":1,"name":"In\u00edcio","item":"https:\/\/www.iquilibrio.com\/blog\/"},{"@type":"ListItem","position":2,"name":"Pessoas sensitivas: percebendo o mundo com outros olhos"}]},{"@type":"WebSite","@id":"https:\/\/www.iquilibrio.com\/blog\/#website","url":"https:\/\/www.iquilibrio.com\/blog\/","name":"iQuilibrio","description":"Blog iQuilibrio","publisher":{"@id":"https:\/\/www.iquilibrio.com\/blog\/#organization"},"potentialAction":[{"@type":"SearchAction","target":{"@type":"EntryPoint","urlTemplate":"https:\/\/www.iquilibrio.com\/blog\/?s={search_term_string}"},"query-input":{"@type":"PropertyValueSpecification","valueRequired":true,"valueName":"search_term_string"}}],"inLanguage":"pt-BR"},{"@type":"Organization","@id":"https:\/\/www.iquilibrio.com\/blog\/#organization","name":"Esoterismo, Misticismo e Tarot Online - iQuilibrio","url":"https:\/\/www.iquilibrio.com\/blog\/","logo":{"@type":"ImageObject","inLanguage":"pt-BR","@id":"https:\/\/www.iquilibrio.com\/blog\/#\/schema\/logo\/image\/","url":"https:\/\/www.iquilibrio.com\/blog\/wp-content\/uploads\/2018\/12\/iquilibrio_lovo_vetor_preto-retina.png","contentUrl":"https:\/\/www.iquilibrio.com\/blog\/wp-content\/uploads\/2018\/12\/iquilibrio_lovo_vetor_preto-retina.png","width":972,"height":180,"caption":"Esoterismo, Misticismo e Tarot Online - iQuilibrio"},"image":{"@id":"https:\/\/www.iquilibrio.com\/blog\/#\/schema\/logo\/image\/"},"sameAs":["https:\/\/www.facebook.com\/iQuilibrio\/","https:\/\/x.com\/iquilibrio","https:\/\/www.instagram.com\/iquilibrio\/","https:\/\/www.linkedin.com\/company\/iquilibrio\/","https:\/\/br.pinterest.com\/iquilibrio1397\/","https:\/\/www.youtube.com\/channel\/UC175qxd-4Zsi4wzawT5zF2g"]},{"@type":"Person","@id":"https:\/\/www.iquilibrio.com\/blog\/#\/schema\/person\/a9cde6e88d14c853339bcd3d04fe1dbb","name":"Katrina Devilla","image":{"@type":"ImageObject","inLanguage":"pt-BR","@id":"https:\/\/secure.gravatar.com\/avatar\/1f540b99ef20bca9c5117565f5cb62c1a95aa578d9d45345315e4338aac207d6?s=96&d=blank&r=g","url":"https:\/\/secure.gravatar.com\/avatar\/1f540b99ef20bca9c5117565f5cb62c1a95aa578d9d45345315e4338aac207d6?s=96&d=blank&r=g","contentUrl":"https:\/\/secure.gravatar.com\/avatar\/1f540b99ef20bca9c5117565f5cb62c1a95aa578d9d45345315e4338aac207d6?s=96&d=blank&r=g","caption":"Katrina Devilla"},"description":"Katrina Devilla escreve sobre magia e como deixar a vida leve. Cozinha coisas gostosas, deita no quintal para ver estrelas e, quando tem sorte, v\u00ea um ou outro sat\u00e9lite, mas pensa que \u00e9 estrela cadente. Vive a magia da natureza e se encanta com cada amanhecer. Frui vita! Al\u00e9m disso, Katrina Devilla \u00e9 uma bruxa espiritualista que, por acaso, escreve bem e entende de SEO. Tem imenso prazer em ajudar os outros e ver que seus textos podem inspirar e mudar vidas. A espiritualidade est\u00e1 aqui, basta voc\u00ea querer ver e experimentar!","url":"https:\/\/www.iquilibrio.com\/blog\/author\/candida-thomazellicanoadigital-com\/"}]}},"_links":{"self":[{"href":"https:\/\/www.iquilibrio.com\/blog\/wp-json\/wp\/v2\/posts\/33929","targetHints":{"allow":["GET"]}}],"collection":[{"href":"https:\/\/www.iquilibrio.com\/blog\/wp-json\/wp\/v2\/posts"}],"about":[{"href":"https:\/\/www.iquilibrio.com\/blog\/wp-json\/wp\/v2\/types\/post"}],"author":[{"embeddable":true,"href":"https:\/\/www.iquilibrio.com\/blog\/wp-json\/wp\/v2\/users\/155"}],"replies":[{"embeddable":true,"href":"https:\/\/www.iquilibrio.com\/blog\/wp-json\/wp\/v2\/comments?post=33929"}],"version-history":[{"count":1,"href":"https:\/\/www.iquilibrio.com\/blog\/wp-json\/wp\/v2\/posts\/33929\/revisions"}],"predecessor-version":[{"id":33931,"href":"https:\/\/www.iquilibrio.com\/blog\/wp-json\/wp\/v2\/posts\/33929\/revisions\/33931"}],"wp:featuredmedia":[{"embeddable":true,"href":"https:\/\/www.iquilibrio.com\/blog\/wp-json\/wp\/v2\/media\/33930"}],"wp:attachment":[{"href":"https:\/\/www.iquilibrio.com\/blog\/wp-json\/wp\/v2\/media?parent=33929"}],"wp:term":[{"taxonomy":"category","embeddable":true,"href":"https:\/\/www.iquilibrio.com\/blog\/wp-json\/wp\/v2\/categories?post=33929"},{"taxonomy":"post_tag","embeddable":true,"href":"https:\/\/www.iquilibrio.com\/blog\/wp-json\/wp\/v2\/tags?post=33929"}],"curies":[{"name":"wp","href":"https:\/\/api.w.org\/{rel}","templated":true}]}}