{"id":33874,"date":"2021-12-25T16:02:13","date_gmt":"2021-12-25T19:02:13","guid":{"rendered":"https:\/\/www.iquilibrio.com\/blog\/?p=33874"},"modified":"2021-12-25T16:02:13","modified_gmt":"2021-12-25T19:02:13","slug":"oracao-agradecimento-deus","status":"publish","type":"post","link":"https:\/\/www.iquilibrio.com\/blog\/espiritualidade\/cristianismo\/oracao-agradecimento-deus\/","title":{"rendered":"Ora\u00e7\u00e3o de agradecimento a Deus: obrigado pela vida! &#x1f64f;"},"content":{"rendered":"<p><span style=\"font-weight: 400;\">J\u00e1 fez a sua ora\u00e7\u00e3o de agradecimento a Deus hoje? Agradeceu pela fam\u00edlia, pela vida, pela comida e pelas doses de felicidade que recebe todos os dias?<\/span><\/p>\n<p><span style=\"font-weight: 400;\">Trabalhar junto com a f\u00e9 \u00e9 uma tarefa trabalhosa, mas ao mesmo tempo gratificante e edificante. No entanto, muitas de n\u00f3s acaba lembrando de orar para Deus apenas quando \u201co bicho pega\u201d, n\u00e3o \u00e9 mesmo?<\/span><\/p>\n<p><span style=\"font-weight: 400;\">N\u00e3o se sinta culpada, eu tamb\u00e9m fazia isso. Minhas ora\u00e7\u00f5es s\u00f3 apareciam quando eu estava com um problema, precisava de uma orienta\u00e7\u00e3o ou precisava <\/span><a href=\"https:\/\/www.iquilibrio.com\/blog\/terapias-alternativas\/mantras-acalmar-coracao\/\"><span style=\"font-weight: 400;\">aliviar meu cora\u00e7\u00e3o<\/span><\/a><span style=\"font-weight: 400;\">.<\/span><\/p>\n<p><span style=\"font-weight: 400;\">Quando estava feliz, com a vida \u201cnos eixos\u201d eu esquecia de orar em agradecimento a Deus. At\u00e9 que um dia eu me encontrei em apuros, com muitas d\u00favidas e uma grande amiga minha me perguntou a quanto tempo eu n\u00e3o rezava e se eu queria fazer isso juntamente com ela.<\/span><\/p>\n<p><span style=\"font-weight: 400;\">Nessa hora eu me dei conta da ingratid\u00e3o que eu carregava comigo: s\u00f3 rezava para pedir ajuda, nunca para agradecer. Nessa hora, eu decidi n\u00e3o s\u00f3 rezar, mas como agradecer por tudo que tinha recebido e aprendido at\u00e9 ali.<\/span><\/p>\n<p><span style=\"font-weight: 400;\">Quanto ao problema? Bem, ele continuou me perturbando, mas eu n\u00e3o o inclu\u00ed em minha <\/span><a href=\"https:\/\/www.iquilibrio.com\/blog\/2022\/oracao-para-2022\/\"><span style=\"font-weight: 400;\">ora\u00e7\u00e3o<\/span><\/a><span style=\"font-weight: 400;\"> naquele momento. Ele s\u00f3 apareceu em minhas preces quando o resolvi, a\u00ed eu agradeci novamente pela orienta\u00e7\u00e3o.<\/span><\/p>\n<p><span style=\"font-weight: 400;\">Mas, dessa vez, eu n\u00e3o rezei um Pai Nosso, tamb\u00e9m n\u00e3o foi uma Ladainha e muito menos o Serm\u00e3o da Montanha. Foi uma ora\u00e7\u00e3o de agradecimento a Deus que brotou do fundo do meu cora\u00e7\u00e3o.<\/span><\/p>\n<h2><span style=\"font-weight: 400;\">Como fazer a sua ora\u00e7\u00e3o de agradecimento a Deus?<\/span><\/h2>\n<p><span style=\"font-weight: 400;\">A primeira coisa que voc\u00ea precisa ter em mente \u00e9 que Deus \u00e9 seu melhor amigo, ent\u00e3o, ter um di\u00e1logo franco e sem enrola\u00e7\u00e3o por si s\u00f3 j\u00e1 \u00e9 uma ora\u00e7\u00e3o.<\/span><\/p>\n<p><span style=\"font-weight: 400;\">Mas nem sempre \u00e9 f\u00e1cil fazer uma ora\u00e7\u00e3o de agradecimento espont\u00e2nea. Afinal, quem \u00e9 crist\u00e3o (independentemente da vertente, se \u00e9 cat\u00f3lico, evang\u00e9lico\u2026) cresceu ouvindo as mesmas ora\u00e7\u00f5es.<\/span><\/p>\n<p><span style=\"font-weight: 400;\">Por isso, vamos ensinar um breve passo a passo que pode ajudar voc\u00ea nesse momento t\u00e3o lindo que \u00e9 quando agradecemos. Papel e caneta na m\u00e3o &#8211; ou prepara o print ou salva o link &#8211; para anotar nossas dicas!<\/span><\/p>\n<h3><span style=\"font-weight: 400;\">Pelo que voc\u00ea \u00e9 grata?<\/span><\/h3>\n<p><span style=\"font-weight: 400;\">\u201cGrata por tudo\u201d n\u00e3o \u00e9 resposta. Se voc\u00ea n\u00e3o parar para pensar em todas as coisas boas que aconteceram, voc\u00ea nunca vai conseguir identificar esses momentos.<\/span><\/p>\n<p><span style=\"font-weight: 400;\">Repense sua vida nos \u00faltimos meses. O que estava atrapalhando e melhorou, aquele emprego novo, aquela mat\u00e9ria dif\u00edcil na faculdade que voc\u00ea passou\u2026<\/span><\/p>\n<p><span style=\"font-weight: 400;\">Sem falar nos milagres, como escapar de um acidente, n\u00e3o ter se machucado tanto, ou ter se curado de alguma doen\u00e7a s\u00e9ria. Sim, esses s\u00e3o milagres que muitas vezes n\u00e3o enxergamos e n\u00e3o inclu\u00edmos em nossas ora\u00e7\u00f5es de agradecimento.<\/span><\/p>\n<p><span style=\"font-weight: 400;\">Pense em todas as coisas boas que voc\u00ea percebe em sua vida e na dos outros e seja grata por elas. Tem muita coisa na sua lista (na minha sempre tem!)? Anote para n\u00e3o se perder.<\/span><\/p>\n<h3><span style=\"font-weight: 400;\">N\u00e3o seja ego\u00edsta!<\/span><\/h3>\n<p><span style=\"font-weight: 400;\">Agrade\u00e7a pelas b\u00ean\u00e7\u00e3os que tamb\u00e9m aconteceram na vida daqueles que voc\u00ea ama. Afinal, a felicidade dos outros tamb\u00e9m \u00e9 sua felicidade.<\/span><\/p>\n<p><span style=\"font-weight: 400;\">Pense nas pessoas que se salvaram de desastres, da bondade de quem faz servi\u00e7o comunit\u00e1rio e diga obrigado por tudo isso. A gratid\u00e3o por algo que n\u00e3o envolve voc\u00ea \u00e9 importante, pois assim voc\u00ea consegue entender quanta coisa boa existe al\u00e9m da escurid\u00e3o.<\/span><\/p>\n<h3><span style=\"font-weight: 400;\">Pense no amor<\/span><\/h3>\n<p><span style=\"font-weight: 400;\">Mas n\u00e3o no amor carnal, mas naquele que <\/span><a href=\"https:\/\/www.astrocentro.com.br\/blog\/oracoes\/oracao-para-acalmar-coracao-aflito\/\"><span style=\"font-weight: 400;\">alegra seu cora\u00e7\u00e3o<\/span><\/a><span style=\"font-weight: 400;\"> e tr\u00e1s calma. Quem faz isso com voc\u00ea? Quem s\u00e3o os amigos e familiares que te amam e tamb\u00e9m s\u00e3o amados.<\/span><\/p>\n<p><span style=\"font-weight: 400;\">Amar e se deixar amar \u00e9 uma das coisas mais belas que Deus nos deu de presente. Se \u00e9 presente, por que n\u00e3o agradecer?<\/span><\/p>\n<p><iframe loading=\"lazy\" title=\"Cura pelo amor: superando dificuldades com sabedoria - iQuilibrio\" width=\"696\" height=\"392\" src=\"https:\/\/www.youtube.com\/embed\/eLQd9olB-hU?feature=oembed\" frameborder=\"0\" allow=\"accelerometer; autoplay; clipboard-write; encrypted-media; gyroscope; picture-in-picture\" allowfullscreen><\/iframe><\/p>\n<h3><span style=\"font-weight: 400;\">Procure um lugar sossegado para orar<\/span><\/h3>\n<p><span style=\"font-weight: 400;\">Realizar uma ora\u00e7\u00e3o de agradecimento a Deus requer um momento especial, n\u00e3o acha? Voc\u00ea at\u00e9 pode estar no meio de uma multid\u00e3o, mas crie sua zona de sossego para estabelecer aquela comunica\u00e7\u00e3o.<\/span><\/p>\n<p><span style=\"font-weight: 400;\">Se estiver em casa, v\u00e1 para um cantinho confort\u00e1vel, que voc\u00ea se sinta segura e sinta a presen\u00e7a dEle.<\/span><\/p>\n<h3><span style=\"font-weight: 400;\">Oi, Deus, sou eu de novo\u2026<\/span><\/h3>\n<p><span style=\"font-weight: 400;\">\u2026mas dessa vez eu vim para agradecer e n\u00e3o para pedir ajuda. Essa \u00e9 uma das formas que voc\u00ea pode come\u00e7ar a fazer a sua ora\u00e7\u00e3o de agradecimento.<\/span><\/p>\n<p><span style=\"font-weight: 400;\">Ou pode simplesmente come\u00e7ar a ler sua lista de agradecimento, dando detalhes e at\u00e9 mesmo contando algumas coisas curiosas. Lembre-se que Deus \u00e9 amor e ele quer ser seu melhor amigo.<\/span><\/p>\n<h3><span style=\"font-weight: 400;\">Como finalizar?<\/span><\/h3>\n<p><span style=\"font-weight: 400;\">Para finalizar uma ora\u00e7\u00e3o de agradecimento a Deus, voc\u00ea pode simplesmente encerrar essa conversa como qualquer outra: com um profundo e sincero \u201cobrigado\u201d.<\/span><\/p>\n<p><span style=\"font-weight: 400;\">Mas se para voc\u00ea isso n\u00e3o for o suficiente, quem sabe voc\u00ea possa rezar um ter\u00e7o, fazer uma promessa ou at\u00e9 mesmo rezar um Pai nosso.<\/span><\/p>\n<p><span style=\"font-weight: 400;\">Fa\u00e7a o que seu cora\u00e7\u00e3o mandar! &#x1f496;<\/span><\/p>\n<h2><span style=\"font-weight: 400;\">Ora\u00e7\u00f5es para se inspirar<\/span><\/h2>\n<p><span style=\"font-weight: 400;\">Se voc\u00ea busca inspira\u00e7\u00e3o para montar a sua ora\u00e7\u00e3o ou queira simplesmente alguma para finalizar o seu agradecimento, conhe\u00e7a algumas para se inspirar.<\/span><\/p>\n<h3><span style=\"font-weight: 400;\">Ora\u00e7\u00e3o de Gratid\u00e3o a Deus<\/span><\/h3>\n<blockquote class=\"td_quote_box td_box_center\">\n<blockquote class=\"td_pull_quote td_pull_center\"><p><span style=\"font-weight: 400;\">Senhor, meu Deus e meu Pai, eu Te agrade\u00e7o por tudo o que tens feito em minha vida: pela alegria de viver, por minha fam\u00edlia, pelos meus amigos, pelo ar que respiro, pelos dons que me deste, pelos relacionamentos que possibilitam que eu cres\u00e7a a cada dia. Por tudo. Obrigado, Pai, pelas oportunidades que me tens dado de testemunhar o Amor com que amas a mim e a todas as pessoas. Obrigado, Pai, por Teu perd\u00e3o e por dar-me uma vida plena e abundante. Senhor, a Ti, que \u00e9s o Criador de tudo o que sou e do que possuo, dedico a minha vida, clamando para que eu veja e fa\u00e7a sempre a Tua vontade, e que minhas obras honrem e glorifiquem o Teu Nome. Am\u00e9m!<\/span><\/p><\/blockquote>\n<\/blockquote>\n<h3><span style=\"font-weight: 400;\">Obrigado, Deus!<\/span><\/h3>\n<blockquote class=\"td_quote_box td_box_center\">\n<blockquote class=\"td_pull_quote td_pull_center\"><p><span style=\"font-weight: 400;\">Obrigado, Deus! Pelas risadas das crian\u00e7as, pelo sopro da minha pr\u00f3pria vida, pela abund\u00e2ncia de comida nesta mesa, por aqueles que se preocupam com os outros, pelo teto sobre nossas cabe\u00e7as, as roupas do nosso corpo, pela nossa sa\u00fade.<\/span><\/p>\n<p><span style=\"font-weight: 400;\">Obrigado, Deus! Pela nossa riqueza de b\u00ean\u00e7\u00e3os, por esta oportunidade de estar com a fam\u00edlia e amigos, pela liberdade de <\/span><a href=\"https:\/\/www.iquilibrio.com\/blog\/2022\/oracao-2022\/\"><span style=\"font-weight: 400;\">rezar<\/span><\/a><span style=\"font-weight: 400;\"> estas palavras sem medo, em qualquer l\u00edngua, em qualquer f\u00e9, neste grande pa\u00eds, cuja paisagem \u00e9 t\u00e3o vasta e bela como os seus habitantes. Obrigado, Deus, por nos dar tudo isso! Am\u00e9m!<\/span><\/p><\/blockquote>\n<\/blockquote>\n<p><span style=\"font-weight: 400;\">Por fim, agora que voc\u00ea j\u00e1 est\u00e1 planejando a sua ora\u00e7\u00e3o de agradecimento a Deus, quero eu agradecer a sua leitura. Espero ter ajudado nesta linda miss\u00e3o.<\/span><\/p>\n<p><span style=\"font-weight: 400;\">Ah! <\/span><a href=\"https:\/\/www.iquilibrio.com\/blog\/2022\/oracao-natal-2022\/\"><span style=\"font-weight: 400;\">Feliz Natal<\/span><\/a><span style=\"font-weight: 400;\"> para voc\u00ea e para sua fam\u00edlia! Deixe seu Feliz Natal aqui nos coment\u00e1rios e, se quiser compartilhar, diga pelo que voc\u00ea \u00e9 grata!<\/span><\/p>\n<p><span style=\"font-weight: 400;\">Um aben\u00e7oado Natal, um grande beijo e at\u00e9 a pr\u00f3xima! &#x1f496;&#x1f64f;<\/span><\/p>\n\n\n<div class=\"kk-star-ratings kksr-auto kksr-align-left kksr-valign-bottom\"\n    data-payload='{&quot;align&quot;:&quot;left&quot;,&quot;id&quot;:&quot;33874&quot;,&quot;slug&quot;:&quot;default&quot;,&quot;valign&quot;:&quot;bottom&quot;,&quot;ignore&quot;:&quot;&quot;,&quot;reference&quot;:&quot;auto&quot;,&quot;class&quot;:&quot;&quot;,&quot;count&quot;:&quot;2&quot;,&quot;legendonly&quot;:&quot;&quot;,&quot;readonly&quot;:&quot;&quot;,&quot;score&quot;:&quot;5&quot;,&quot;starsonly&quot;:&quot;&quot;,&quot;best&quot;:&quot;5&quot;,&quot;gap&quot;:&quot;5&quot;,&quot;greet&quot;:&quot;Rate this post&quot;,&quot;legend&quot;:&quot;5\\\/5 - (2 votos)&quot;,&quot;size&quot;:&quot;24&quot;,&quot;title&quot;:&quot;Ora\u00e7\u00e3o de agradecimento a Deus: obrigado pela vida! \\u0026#x1f64f;&quot;,&quot;width&quot;:&quot;142.5&quot;,&quot;_legend&quot;:&quot;{score}\\\/{best} - ({count} {votes})&quot;,&quot;font_factor&quot;:&quot;1.25&quot;}'>\n            \n<div class=\"kksr-stars\">\n    \n<div class=\"kksr-stars-inactive\">\n            <div class=\"kksr-star\" data-star=\"1\" style=\"padding-right: 5px\">\n            \n\n<div class=\"kksr-icon\" style=\"width: 24px; height: 24px;\"><\/div>\n        <\/div>\n            <div class=\"kksr-star\" data-star=\"2\" style=\"padding-right: 5px\">\n            \n\n<div class=\"kksr-icon\" style=\"width: 24px; height: 24px;\"><\/div>\n        <\/div>\n            <div class=\"kksr-star\" data-star=\"3\" style=\"padding-right: 5px\">\n            \n\n<div class=\"kksr-icon\" style=\"width: 24px; height: 24px;\"><\/div>\n        <\/div>\n            <div class=\"kksr-star\" data-star=\"4\" style=\"padding-right: 5px\">\n            \n\n<div class=\"kksr-icon\" style=\"width: 24px; height: 24px;\"><\/div>\n        <\/div>\n            <div class=\"kksr-star\" data-star=\"5\" style=\"padding-right: 5px\">\n            \n\n<div class=\"kksr-icon\" style=\"width: 24px; height: 24px;\"><\/div>\n        <\/div>\n    <\/div>\n    \n<div class=\"kksr-stars-active\" style=\"width: 142.5px;\">\n            <div class=\"kksr-star\" style=\"padding-right: 5px\">\n            \n\n<div class=\"kksr-icon\" style=\"width: 24px; height: 24px;\"><\/div>\n        <\/div>\n            <div class=\"kksr-star\" style=\"padding-right: 5px\">\n            \n\n<div class=\"kksr-icon\" style=\"width: 24px; height: 24px;\"><\/div>\n        <\/div>\n            <div class=\"kksr-star\" style=\"padding-right: 5px\">\n            \n\n<div class=\"kksr-icon\" style=\"width: 24px; height: 24px;\"><\/div>\n        <\/div>\n            <div class=\"kksr-star\" style=\"padding-right: 5px\">\n            \n\n<div class=\"kksr-icon\" style=\"width: 24px; height: 24px;\"><\/div>\n        <\/div>\n            <div class=\"kksr-star\" style=\"padding-right: 5px\">\n            \n\n<div class=\"kksr-icon\" style=\"width: 24px; height: 24px;\"><\/div>\n        <\/div>\n    <\/div>\n<\/div>\n                \n\n<div class=\"kksr-legend\" style=\"font-size: 19.2px;\">\n            5\/5 - (2 votos)    <\/div>\n    <\/div>\n","protected":false},"excerpt":{"rendered":"<p>J\u00e1 fez a sua ora\u00e7\u00e3o de agradecimento a Deus hoje? Agradeceu pela fam\u00edlia, pela vida, pela comida e pelas doses de felicidade que recebe todos os dias? Trabalhar junto com a f\u00e9 \u00e9 uma tarefa trabalhosa, mas ao mesmo tempo gratificante e edificante. No entanto, muitas de n\u00f3s acaba lembrando de orar para Deus apenas [&hellip;]<\/p>\n","protected":false},"author":155,"featured_media":33875,"comment_status":"open","ping_status":"open","sticky":false,"template":"","format":"standard","meta":{"footnotes":""},"categories":[504,509],"tags":[4351,495,769,430],"class_list":["post-33874","post","type-post","status-publish","format-standard","has-post-thumbnail","hentry","category-cristianismo","category-oracoes-salmos","tag-agradecimento","tag-deus","tag-natal","tag-oracao"],"yoast_head":"<!-- This site is optimized with the Yoast SEO plugin v27.4 - https:\/\/yoast.com\/product\/yoast-seo-wordpress\/ -->\n<title>Ora\u00e7\u00e3o de agradecimento a Deus: obrigado pela vida! &#x1f64f; - iQuilibrio<\/title>\n<meta name=\"description\" content=\"Muitas pessoas s\u00f3 se lembram de rezar na hora em que est\u00e3o em afli\u00e7\u00e3o. Por isso, fa\u00e7a sua ora\u00e7\u00e3o de agradecimento a Deus de forma personalizada!\" \/>\n<meta name=\"robots\" content=\"index, follow, max-snippet:-1, max-image-preview:large, max-video-preview:-1\" \/>\n<link rel=\"canonical\" href=\"https:\/\/www.iquilibrio.com\/blog\/espiritualidade\/cristianismo\/oracao-agradecimento-deus\/\" \/>\n<meta property=\"og:locale\" content=\"pt_BR\" \/>\n<meta property=\"og:type\" content=\"article\" \/>\n<meta property=\"og:title\" content=\"Ora\u00e7\u00e3o de agradecimento a Deus: obrigado pela vida! &#x1f64f; - iQuilibrio\" \/>\n<meta property=\"og:description\" content=\"Muitas pessoas s\u00f3 se lembram de rezar na hora em que est\u00e3o em afli\u00e7\u00e3o. Por isso, fa\u00e7a sua ora\u00e7\u00e3o de agradecimento a Deus de forma personalizada!\" \/>\n<meta property=\"og:url\" content=\"https:\/\/www.iquilibrio.com\/blog\/espiritualidade\/cristianismo\/oracao-agradecimento-deus\/\" \/>\n<meta property=\"og:site_name\" content=\"iQuilibrio\" \/>\n<meta property=\"article:publisher\" content=\"https:\/\/www.facebook.com\/iQuilibrio\/\" \/>\n<meta property=\"article:published_time\" content=\"2021-12-25T19:02:13+00:00\" \/>\n<meta property=\"og:image\" content=\"https:\/\/www.iquilibrio.com\/blog\/wp-content\/uploads\/2021\/12\/oracao-agradecimento-deus.jpg\" \/>\n\t<meta property=\"og:image:width\" content=\"900\" \/>\n\t<meta property=\"og:image:height\" content=\"560\" \/>\n\t<meta property=\"og:image:type\" content=\"image\/jpeg\" \/>\n<meta name=\"author\" content=\"Katrina Devilla\" \/>\n<meta name=\"twitter:card\" content=\"summary_large_image\" \/>\n<meta name=\"twitter:creator\" content=\"@iquilibrio\" \/>\n<meta name=\"twitter:site\" content=\"@iquilibrio\" \/>\n<meta name=\"twitter:label1\" content=\"Escrito por\" \/>\n\t<meta name=\"twitter:data1\" content=\"Katrina Devilla\" \/>\n\t<meta name=\"twitter:label2\" content=\"Est. tempo de leitura\" \/>\n\t<meta name=\"twitter:data2\" content=\"5 minutos\" \/>\n<script type=\"application\/ld+json\" class=\"yoast-schema-graph\">{\"@context\":\"https:\\\/\\\/schema.org\",\"@graph\":[{\"@type\":\"Article\",\"@id\":\"https:\\\/\\\/www.iquilibrio.com\\\/blog\\\/espiritualidade\\\/cristianismo\\\/oracao-agradecimento-deus\\\/#article\",\"isPartOf\":{\"@id\":\"https:\\\/\\\/www.iquilibrio.com\\\/blog\\\/espiritualidade\\\/cristianismo\\\/oracao-agradecimento-deus\\\/\"},\"author\":{\"name\":\"Katrina Devilla\",\"@id\":\"https:\\\/\\\/www.iquilibrio.com\\\/blog\\\/#\\\/schema\\\/person\\\/a9cde6e88d14c853339bcd3d04fe1dbb\"},\"headline\":\"Ora\u00e7\u00e3o de agradecimento a Deus: obrigado pela vida! &#x1f64f;\",\"datePublished\":\"2021-12-25T19:02:13+00:00\",\"mainEntityOfPage\":{\"@id\":\"https:\\\/\\\/www.iquilibrio.com\\\/blog\\\/espiritualidade\\\/cristianismo\\\/oracao-agradecimento-deus\\\/\"},\"wordCount\":1221,\"commentCount\":0,\"publisher\":{\"@id\":\"https:\\\/\\\/www.iquilibrio.com\\\/blog\\\/#organization\"},\"image\":{\"@id\":\"https:\\\/\\\/www.iquilibrio.com\\\/blog\\\/espiritualidade\\\/cristianismo\\\/oracao-agradecimento-deus\\\/#primaryimage\"},\"thumbnailUrl\":\"https:\\\/\\\/www.iquilibrio.com\\\/blog\\\/wp-content\\\/uploads\\\/2021\\\/12\\\/oracao-agradecimento-deus.jpg\",\"keywords\":[\"agradecimento\",\"Deus\",\"natal\",\"Ora\u00e7\u00e3o\"],\"articleSection\":[\"Cristianismo\",\"Ora\u00e7\u00f5es e Salmos\"],\"inLanguage\":\"pt-BR\"},{\"@type\":\"WebPage\",\"@id\":\"https:\\\/\\\/www.iquilibrio.com\\\/blog\\\/espiritualidade\\\/cristianismo\\\/oracao-agradecimento-deus\\\/\",\"url\":\"https:\\\/\\\/www.iquilibrio.com\\\/blog\\\/espiritualidade\\\/cristianismo\\\/oracao-agradecimento-deus\\\/\",\"name\":\"Ora\u00e7\u00e3o de agradecimento a Deus: obrigado pela vida! &#x1f64f; - iQuilibrio\",\"isPartOf\":{\"@id\":\"https:\\\/\\\/www.iquilibrio.com\\\/blog\\\/#website\"},\"primaryImageOfPage\":{\"@id\":\"https:\\\/\\\/www.iquilibrio.com\\\/blog\\\/espiritualidade\\\/cristianismo\\\/oracao-agradecimento-deus\\\/#primaryimage\"},\"image\":{\"@id\":\"https:\\\/\\\/www.iquilibrio.com\\\/blog\\\/espiritualidade\\\/cristianismo\\\/oracao-agradecimento-deus\\\/#primaryimage\"},\"thumbnailUrl\":\"https:\\\/\\\/www.iquilibrio.com\\\/blog\\\/wp-content\\\/uploads\\\/2021\\\/12\\\/oracao-agradecimento-deus.jpg\",\"datePublished\":\"2021-12-25T19:02:13+00:00\",\"description\":\"Muitas pessoas s\u00f3 se lembram de rezar na hora em que est\u00e3o em afli\u00e7\u00e3o. Por isso, fa\u00e7a sua ora\u00e7\u00e3o de agradecimento a Deus de forma personalizada!\",\"breadcrumb\":{\"@id\":\"https:\\\/\\\/www.iquilibrio.com\\\/blog\\\/espiritualidade\\\/cristianismo\\\/oracao-agradecimento-deus\\\/#breadcrumb\"},\"inLanguage\":\"pt-BR\",\"potentialAction\":[{\"@type\":\"ReadAction\",\"target\":[\"https:\\\/\\\/www.iquilibrio.com\\\/blog\\\/espiritualidade\\\/cristianismo\\\/oracao-agradecimento-deus\\\/\"]}]},{\"@type\":\"ImageObject\",\"inLanguage\":\"pt-BR\",\"@id\":\"https:\\\/\\\/www.iquilibrio.com\\\/blog\\\/espiritualidade\\\/cristianismo\\\/oracao-agradecimento-deus\\\/#primaryimage\",\"url\":\"https:\\\/\\\/www.iquilibrio.com\\\/blog\\\/wp-content\\\/uploads\\\/2021\\\/12\\\/oracao-agradecimento-deus.jpg\",\"contentUrl\":\"https:\\\/\\\/www.iquilibrio.com\\\/blog\\\/wp-content\\\/uploads\\\/2021\\\/12\\\/oracao-agradecimento-deus.jpg\",\"width\":900,\"height\":560,\"caption\":\"Ora\u00e7\u00e3o de agradecimento a Deus\"},{\"@type\":\"BreadcrumbList\",\"@id\":\"https:\\\/\\\/www.iquilibrio.com\\\/blog\\\/espiritualidade\\\/cristianismo\\\/oracao-agradecimento-deus\\\/#breadcrumb\",\"itemListElement\":[{\"@type\":\"ListItem\",\"position\":1,\"name\":\"In\u00edcio\",\"item\":\"https:\\\/\\\/www.iquilibrio.com\\\/blog\\\/\"},{\"@type\":\"ListItem\",\"position\":2,\"name\":\"Ora\u00e7\u00e3o de agradecimento a Deus: obrigado pela vida! &#x1f64f;\"}]},{\"@type\":\"WebSite\",\"@id\":\"https:\\\/\\\/www.iquilibrio.com\\\/blog\\\/#website\",\"url\":\"https:\\\/\\\/www.iquilibrio.com\\\/blog\\\/\",\"name\":\"iQuilibrio\",\"description\":\"Blog iQuilibrio\",\"publisher\":{\"@id\":\"https:\\\/\\\/www.iquilibrio.com\\\/blog\\\/#organization\"},\"potentialAction\":[{\"@type\":\"SearchAction\",\"target\":{\"@type\":\"EntryPoint\",\"urlTemplate\":\"https:\\\/\\\/www.iquilibrio.com\\\/blog\\\/?s={search_term_string}\"},\"query-input\":{\"@type\":\"PropertyValueSpecification\",\"valueRequired\":true,\"valueName\":\"search_term_string\"}}],\"inLanguage\":\"pt-BR\"},{\"@type\":\"Organization\",\"@id\":\"https:\\\/\\\/www.iquilibrio.com\\\/blog\\\/#organization\",\"name\":\"Esoterismo, Misticismo e Tarot Online - iQuilibrio\",\"url\":\"https:\\\/\\\/www.iquilibrio.com\\\/blog\\\/\",\"logo\":{\"@type\":\"ImageObject\",\"inLanguage\":\"pt-BR\",\"@id\":\"https:\\\/\\\/www.iquilibrio.com\\\/blog\\\/#\\\/schema\\\/logo\\\/image\\\/\",\"url\":\"https:\\\/\\\/www.iquilibrio.com\\\/blog\\\/wp-content\\\/uploads\\\/2018\\\/12\\\/iquilibrio_lovo_vetor_preto-retina.png\",\"contentUrl\":\"https:\\\/\\\/www.iquilibrio.com\\\/blog\\\/wp-content\\\/uploads\\\/2018\\\/12\\\/iquilibrio_lovo_vetor_preto-retina.png\",\"width\":972,\"height\":180,\"caption\":\"Esoterismo, Misticismo e Tarot Online - iQuilibrio\"},\"image\":{\"@id\":\"https:\\\/\\\/www.iquilibrio.com\\\/blog\\\/#\\\/schema\\\/logo\\\/image\\\/\"},\"sameAs\":[\"https:\\\/\\\/www.facebook.com\\\/iQuilibrio\\\/\",\"https:\\\/\\\/x.com\\\/iquilibrio\",\"https:\\\/\\\/www.instagram.com\\\/iquilibrio\\\/\",\"https:\\\/\\\/www.linkedin.com\\\/company\\\/iquilibrio\\\/\",\"https:\\\/\\\/br.pinterest.com\\\/iquilibrio1397\\\/\",\"https:\\\/\\\/www.youtube.com\\\/channel\\\/UC175qxd-4Zsi4wzawT5zF2g\"]},{\"@type\":\"Person\",\"@id\":\"https:\\\/\\\/www.iquilibrio.com\\\/blog\\\/#\\\/schema\\\/person\\\/a9cde6e88d14c853339bcd3d04fe1dbb\",\"name\":\"Katrina Devilla\",\"image\":{\"@type\":\"ImageObject\",\"inLanguage\":\"pt-BR\",\"@id\":\"https:\\\/\\\/secure.gravatar.com\\\/avatar\\\/1f540b99ef20bca9c5117565f5cb62c1a95aa578d9d45345315e4338aac207d6?s=96&d=blank&r=g\",\"url\":\"https:\\\/\\\/secure.gravatar.com\\\/avatar\\\/1f540b99ef20bca9c5117565f5cb62c1a95aa578d9d45345315e4338aac207d6?s=96&d=blank&r=g\",\"contentUrl\":\"https:\\\/\\\/secure.gravatar.com\\\/avatar\\\/1f540b99ef20bca9c5117565f5cb62c1a95aa578d9d45345315e4338aac207d6?s=96&d=blank&r=g\",\"caption\":\"Katrina Devilla\"},\"description\":\"Katrina Devilla escreve sobre magia e como deixar a vida leve. Cozinha coisas gostosas, deita no quintal para ver estrelas e, quando tem sorte, v\u00ea um ou outro sat\u00e9lite, mas pensa que \u00e9 estrela cadente. Vive a magia da natureza e se encanta com cada amanhecer. Frui vita! Al\u00e9m disso, Katrina Devilla \u00e9 uma bruxa espiritualista que, por acaso, escreve bem e entende de SEO. Tem imenso prazer em ajudar os outros e ver que seus textos podem inspirar e mudar vidas. A espiritualidade est\u00e1 aqui, basta voc\u00ea querer ver e experimentar!\",\"url\":\"https:\\\/\\\/www.iquilibrio.com\\\/blog\\\/author\\\/candida-thomazellicanoadigital-com\\\/\"}]}<\/script>\n<!-- \/ Yoast SEO plugin. -->","yoast_head_json":{"title":"Ora\u00e7\u00e3o de agradecimento a Deus: obrigado pela vida! &#x1f64f; - iQuilibrio","description":"Muitas pessoas s\u00f3 se lembram de rezar na hora em que est\u00e3o em afli\u00e7\u00e3o. Por isso, fa\u00e7a sua ora\u00e7\u00e3o de agradecimento a Deus de forma personalizada!","robots":{"index":"index","follow":"follow","max-snippet":"max-snippet:-1","max-image-preview":"max-image-preview:large","max-video-preview":"max-video-preview:-1"},"canonical":"https:\/\/www.iquilibrio.com\/blog\/espiritualidade\/cristianismo\/oracao-agradecimento-deus\/","og_locale":"pt_BR","og_type":"article","og_title":"Ora\u00e7\u00e3o de agradecimento a Deus: obrigado pela vida! &#x1f64f; - iQuilibrio","og_description":"Muitas pessoas s\u00f3 se lembram de rezar na hora em que est\u00e3o em afli\u00e7\u00e3o. Por isso, fa\u00e7a sua ora\u00e7\u00e3o de agradecimento a Deus de forma personalizada!","og_url":"https:\/\/www.iquilibrio.com\/blog\/espiritualidade\/cristianismo\/oracao-agradecimento-deus\/","og_site_name":"iQuilibrio","article_publisher":"https:\/\/www.facebook.com\/iQuilibrio\/","article_published_time":"2021-12-25T19:02:13+00:00","og_image":[{"width":900,"height":560,"url":"https:\/\/www.iquilibrio.com\/blog\/wp-content\/uploads\/2021\/12\/oracao-agradecimento-deus.jpg","type":"image\/jpeg"}],"author":"Katrina Devilla","twitter_card":"summary_large_image","twitter_creator":"@iquilibrio","twitter_site":"@iquilibrio","twitter_misc":{"Escrito por":"Katrina Devilla","Est. tempo de leitura":"5 minutos"},"schema":{"@context":"https:\/\/schema.org","@graph":[{"@type":"Article","@id":"https:\/\/www.iquilibrio.com\/blog\/espiritualidade\/cristianismo\/oracao-agradecimento-deus\/#article","isPartOf":{"@id":"https:\/\/www.iquilibrio.com\/blog\/espiritualidade\/cristianismo\/oracao-agradecimento-deus\/"},"author":{"name":"Katrina Devilla","@id":"https:\/\/www.iquilibrio.com\/blog\/#\/schema\/person\/a9cde6e88d14c853339bcd3d04fe1dbb"},"headline":"Ora\u00e7\u00e3o de agradecimento a Deus: obrigado pela vida! &#x1f64f;","datePublished":"2021-12-25T19:02:13+00:00","mainEntityOfPage":{"@id":"https:\/\/www.iquilibrio.com\/blog\/espiritualidade\/cristianismo\/oracao-agradecimento-deus\/"},"wordCount":1221,"commentCount":0,"publisher":{"@id":"https:\/\/www.iquilibrio.com\/blog\/#organization"},"image":{"@id":"https:\/\/www.iquilibrio.com\/blog\/espiritualidade\/cristianismo\/oracao-agradecimento-deus\/#primaryimage"},"thumbnailUrl":"https:\/\/www.iquilibrio.com\/blog\/wp-content\/uploads\/2021\/12\/oracao-agradecimento-deus.jpg","keywords":["agradecimento","Deus","natal","Ora\u00e7\u00e3o"],"articleSection":["Cristianismo","Ora\u00e7\u00f5es e Salmos"],"inLanguage":"pt-BR"},{"@type":"WebPage","@id":"https:\/\/www.iquilibrio.com\/blog\/espiritualidade\/cristianismo\/oracao-agradecimento-deus\/","url":"https:\/\/www.iquilibrio.com\/blog\/espiritualidade\/cristianismo\/oracao-agradecimento-deus\/","name":"Ora\u00e7\u00e3o de agradecimento a Deus: obrigado pela vida! &#x1f64f; - iQuilibrio","isPartOf":{"@id":"https:\/\/www.iquilibrio.com\/blog\/#website"},"primaryImageOfPage":{"@id":"https:\/\/www.iquilibrio.com\/blog\/espiritualidade\/cristianismo\/oracao-agradecimento-deus\/#primaryimage"},"image":{"@id":"https:\/\/www.iquilibrio.com\/blog\/espiritualidade\/cristianismo\/oracao-agradecimento-deus\/#primaryimage"},"thumbnailUrl":"https:\/\/www.iquilibrio.com\/blog\/wp-content\/uploads\/2021\/12\/oracao-agradecimento-deus.jpg","datePublished":"2021-12-25T19:02:13+00:00","description":"Muitas pessoas s\u00f3 se lembram de rezar na hora em que est\u00e3o em afli\u00e7\u00e3o. Por isso, fa\u00e7a sua ora\u00e7\u00e3o de agradecimento a Deus de forma personalizada!","breadcrumb":{"@id":"https:\/\/www.iquilibrio.com\/blog\/espiritualidade\/cristianismo\/oracao-agradecimento-deus\/#breadcrumb"},"inLanguage":"pt-BR","potentialAction":[{"@type":"ReadAction","target":["https:\/\/www.iquilibrio.com\/blog\/espiritualidade\/cristianismo\/oracao-agradecimento-deus\/"]}]},{"@type":"ImageObject","inLanguage":"pt-BR","@id":"https:\/\/www.iquilibrio.com\/blog\/espiritualidade\/cristianismo\/oracao-agradecimento-deus\/#primaryimage","url":"https:\/\/www.iquilibrio.com\/blog\/wp-content\/uploads\/2021\/12\/oracao-agradecimento-deus.jpg","contentUrl":"https:\/\/www.iquilibrio.com\/blog\/wp-content\/uploads\/2021\/12\/oracao-agradecimento-deus.jpg","width":900,"height":560,"caption":"Ora\u00e7\u00e3o de agradecimento a Deus"},{"@type":"BreadcrumbList","@id":"https:\/\/www.iquilibrio.com\/blog\/espiritualidade\/cristianismo\/oracao-agradecimento-deus\/#breadcrumb","itemListElement":[{"@type":"ListItem","position":1,"name":"In\u00edcio","item":"https:\/\/www.iquilibrio.com\/blog\/"},{"@type":"ListItem","position":2,"name":"Ora\u00e7\u00e3o de agradecimento a Deus: obrigado pela vida! &#x1f64f;"}]},{"@type":"WebSite","@id":"https:\/\/www.iquilibrio.com\/blog\/#website","url":"https:\/\/www.iquilibrio.com\/blog\/","name":"iQuilibrio","description":"Blog iQuilibrio","publisher":{"@id":"https:\/\/www.iquilibrio.com\/blog\/#organization"},"potentialAction":[{"@type":"SearchAction","target":{"@type":"EntryPoint","urlTemplate":"https:\/\/www.iquilibrio.com\/blog\/?s={search_term_string}"},"query-input":{"@type":"PropertyValueSpecification","valueRequired":true,"valueName":"search_term_string"}}],"inLanguage":"pt-BR"},{"@type":"Organization","@id":"https:\/\/www.iquilibrio.com\/blog\/#organization","name":"Esoterismo, Misticismo e Tarot Online - iQuilibrio","url":"https:\/\/www.iquilibrio.com\/blog\/","logo":{"@type":"ImageObject","inLanguage":"pt-BR","@id":"https:\/\/www.iquilibrio.com\/blog\/#\/schema\/logo\/image\/","url":"https:\/\/www.iquilibrio.com\/blog\/wp-content\/uploads\/2018\/12\/iquilibrio_lovo_vetor_preto-retina.png","contentUrl":"https:\/\/www.iquilibrio.com\/blog\/wp-content\/uploads\/2018\/12\/iquilibrio_lovo_vetor_preto-retina.png","width":972,"height":180,"caption":"Esoterismo, Misticismo e Tarot Online - iQuilibrio"},"image":{"@id":"https:\/\/www.iquilibrio.com\/blog\/#\/schema\/logo\/image\/"},"sameAs":["https:\/\/www.facebook.com\/iQuilibrio\/","https:\/\/x.com\/iquilibrio","https:\/\/www.instagram.com\/iquilibrio\/","https:\/\/www.linkedin.com\/company\/iquilibrio\/","https:\/\/br.pinterest.com\/iquilibrio1397\/","https:\/\/www.youtube.com\/channel\/UC175qxd-4Zsi4wzawT5zF2g"]},{"@type":"Person","@id":"https:\/\/www.iquilibrio.com\/blog\/#\/schema\/person\/a9cde6e88d14c853339bcd3d04fe1dbb","name":"Katrina Devilla","image":{"@type":"ImageObject","inLanguage":"pt-BR","@id":"https:\/\/secure.gravatar.com\/avatar\/1f540b99ef20bca9c5117565f5cb62c1a95aa578d9d45345315e4338aac207d6?s=96&d=blank&r=g","url":"https:\/\/secure.gravatar.com\/avatar\/1f540b99ef20bca9c5117565f5cb62c1a95aa578d9d45345315e4338aac207d6?s=96&d=blank&r=g","contentUrl":"https:\/\/secure.gravatar.com\/avatar\/1f540b99ef20bca9c5117565f5cb62c1a95aa578d9d45345315e4338aac207d6?s=96&d=blank&r=g","caption":"Katrina Devilla"},"description":"Katrina Devilla escreve sobre magia e como deixar a vida leve. Cozinha coisas gostosas, deita no quintal para ver estrelas e, quando tem sorte, v\u00ea um ou outro sat\u00e9lite, mas pensa que \u00e9 estrela cadente. Vive a magia da natureza e se encanta com cada amanhecer. Frui vita! Al\u00e9m disso, Katrina Devilla \u00e9 uma bruxa espiritualista que, por acaso, escreve bem e entende de SEO. Tem imenso prazer em ajudar os outros e ver que seus textos podem inspirar e mudar vidas. A espiritualidade est\u00e1 aqui, basta voc\u00ea querer ver e experimentar!","url":"https:\/\/www.iquilibrio.com\/blog\/author\/candida-thomazellicanoadigital-com\/"}]}},"_links":{"self":[{"href":"https:\/\/www.iquilibrio.com\/blog\/wp-json\/wp\/v2\/posts\/33874","targetHints":{"allow":["GET"]}}],"collection":[{"href":"https:\/\/www.iquilibrio.com\/blog\/wp-json\/wp\/v2\/posts"}],"about":[{"href":"https:\/\/www.iquilibrio.com\/blog\/wp-json\/wp\/v2\/types\/post"}],"author":[{"embeddable":true,"href":"https:\/\/www.iquilibrio.com\/blog\/wp-json\/wp\/v2\/users\/155"}],"replies":[{"embeddable":true,"href":"https:\/\/www.iquilibrio.com\/blog\/wp-json\/wp\/v2\/comments?post=33874"}],"version-history":[{"count":1,"href":"https:\/\/www.iquilibrio.com\/blog\/wp-json\/wp\/v2\/posts\/33874\/revisions"}],"predecessor-version":[{"id":33876,"href":"https:\/\/www.iquilibrio.com\/blog\/wp-json\/wp\/v2\/posts\/33874\/revisions\/33876"}],"wp:featuredmedia":[{"embeddable":true,"href":"https:\/\/www.iquilibrio.com\/blog\/wp-json\/wp\/v2\/media\/33875"}],"wp:attachment":[{"href":"https:\/\/www.iquilibrio.com\/blog\/wp-json\/wp\/v2\/media?parent=33874"}],"wp:term":[{"taxonomy":"category","embeddable":true,"href":"https:\/\/www.iquilibrio.com\/blog\/wp-json\/wp\/v2\/categories?post=33874"},{"taxonomy":"post_tag","embeddable":true,"href":"https:\/\/www.iquilibrio.com\/blog\/wp-json\/wp\/v2\/tags?post=33874"}],"curies":[{"name":"wp","href":"https:\/\/api.w.org\/{rel}","templated":true}]}}