{"id":33805,"date":"2021-12-19T10:00:38","date_gmt":"2021-12-19T13:00:38","guid":{"rendered":"https:\/\/www.iquilibrio.com\/blog\/?p=33805"},"modified":"2021-12-16T22:19:30","modified_gmt":"2021-12-17T01:19:30","slug":"como-lidar-mudancas-vida","status":"publish","type":"post","link":"https:\/\/www.iquilibrio.com\/blog\/bem-estar\/como-lidar-mudancas-vida\/","title":{"rendered":"Como lidar com as mudan\u00e7as na vida sem estar preparada?"},"content":{"rendered":"<p><span style=\"font-weight: 400;\">Algumas situa\u00e7\u00f5es s\u00e3o planejadas, mas outras nos tomam de surpresa. Como lidar com mudan\u00e7as na vida sem estar preparada?<\/span><\/p>\n<p><span style=\"font-weight: 400;\">Mudar de casa, trocar de curso, ter um beb\u00ea ou at\u00e9 mesmo adotar um <\/span><i><span style=\"font-weight: 400;\">aumiguinho<\/span><\/i><span style=\"font-weight: 400;\"> novo s\u00e3o mudan\u00e7as grandes em nossa vida, mas com planejamento tudo fica mais f\u00e1cil, n\u00e3o \u00e9 mesmo?<\/span><\/p>\n<p><span style=\"font-weight: 400;\">Mesmo assim, algumas coisas fogem do nosso controle e a\u00ed vem aquele desespero. Imagina como deve ser para quem enfrenta a <\/span><a href=\"https:\/\/www.iquilibrio.com\/blog\/espiritualidade\/morte\/\"><span style=\"font-weight: 400;\">passagem de uma pessoa amada<\/span><\/a><span style=\"font-weight: 400;\">, a perda repentina do <\/span><a href=\"https:\/\/www.iquilibrio.com\/blog\/2022\/simpatia-conseguir-emprego-2022\/\"><span style=\"font-weight: 400;\">emprego<\/span><\/a><span style=\"font-weight: 400;\">, a mudan\u00e7a inesperada de cidade, uma doen\u00e7a ou uma briga com algu\u00e9m querido.<\/span><\/p>\n<p><span style=\"font-weight: 400;\">Realmente, nunca estamos preparadas para as mudan\u00e7as, sejam elas suaves ou intensas, pouco dolorosas ou imensamente tristes. O potencial devastador de uma not\u00edcia ruim tamb\u00e9m \u00e9 transformador. E \u00e9 sobre isso que vamos falar neste texto.<\/span><\/p>\n<h2><span style=\"font-weight: 400;\">Aprenda com a pipoca como lidar com as mudan\u00e7as na vida<\/span><\/h2>\n<p>&nbsp;<\/p>\n<div style=\"width: 100%; height: 0; padding-bottom: 70%; position: relative;\"><iframe loading=\"lazy\" class=\"giphy-embed\" style=\"position: absolute;\" src=\"https:\/\/giphy.com\/embed\/Znj9tJamHmLoQ\" width=\"100%\" height=\"100%\" frameborder=\"0\" allowfullscreen=\"allowfullscreen\"><\/iframe><\/div>\n<p><a href=\"https:\/\/giphy.com\/gifs\/corn-Znj9tJamHmLoQ\">via GIPHY<\/a><\/p>\n<p><span style=\"font-weight: 400;\">Pipoca? Sim, voc\u00ea leu certo, \u00e9 isso mesmo mesmo. E o que tem a ver <\/span><a href=\"https:\/\/www.iquilibrio.com\/blog\/simpatias\/limpeza-energetica\/banho-de-pipoca\/\"><span style=\"font-weight: 400;\">pipoca<\/span><\/a><span style=\"font-weight: 400;\"> com as mudan\u00e7as na vida? Tem tudo a ver!<\/span><\/p>\n<p><span style=\"font-weight: 400;\">Eu li um texto bem interessante de Rubem Alves, chamado \u201cA Pipoca\u201d. Nele, Alves faz uma analogia sobre as mudan\u00e7as e as transforma\u00e7\u00f5es.<\/span><\/p>\n<p><span style=\"font-weight: 400;\">Acho que a melhor parte \u00e9 quando ele menciona o milho de pipoca na panela, que, em agonia, espera seu fim e\u2026 puf! Uma pipoca leve e macia surge no lugar do milho mirrado e duro.<\/span><\/p>\n<p><span style=\"font-weight: 400;\">Pessoas que n\u00e3o aceitam as mudan\u00e7as, se apegando ao passado, nunca deixar\u00e3o de ser esse milho pequenino. As mudan\u00e7as podem at\u00e9 ser forjadas no fogo da m\u00e1goa e da tristeza, mas as transforma\u00e7\u00f5es internas muitas vezes s\u00e3o ben\u00e9ficas.<\/span><\/p>\n<p><span style=\"font-weight: 400;\">Vejamos um trecho desse texto:<\/span><\/p>\n<blockquote class=\"td_quote_box td_box_center\">\n<blockquote class=\"td_pull_quote td_pull_center\">\n<p style=\"text-align: left;\"><i><span style=\"font-weight: 400;\">Mas, de repente, vem o fogo. O fogo \u00e9 quando a vida nos lan\u00e7a numa situa\u00e7\u00e3o que nunca imaginamos. Dor. Pode ser fogo de fora: perder um amor, perder um filho, ficar doente, perder um emprego, ficar pobre. Pode ser fogo de dentro. P\u00e2nico, medo, ansiedade, depress\u00e3o \u2013 sofrimentos cujas causas ignoramos. H\u00e1 sempre o recurso aos rem\u00e9dios. Apagar o fogo. Sem fogo o sofrimento diminui. E com isso a possibilidade da grande transforma\u00e7\u00e3o.<\/span><\/i><\/p>\n<p style=\"text-align: left;\"><i><span style=\"font-weight: 400;\">Imagino que a pobre pipoca, fechada dentro da panela, l\u00e1 dentro ficando cada vez mais quente, pense que sua hora chegou: vai morrer. De dentro de sua casca dura, fechada em si mesma, ela n\u00e3o pode imaginar destino diferente. N\u00e3o pode imaginar a transforma\u00e7\u00e3o que est\u00e1 sendo preparada. A pipoca n\u00e3o imagina aquilo de que ela \u00e9 capaz. A\u00ed, sem aviso pr\u00e9vio, pelo poder do fogo, a grande transforma\u00e7\u00e3o acontece: pum! \u2013 e ela aparece como uma outra coisa, completamente diferente, que ela mesma nunca havia sonhado. \u00c9 a lagarta rastejante e feia que surge do casulo como borboleta voante.<\/span><\/i><\/p>\n<p style=\"text-align: right;\"><i><span style=\"font-weight: 400;\">A pipoca, por Rubem Alves<\/span><\/i><\/p>\n<\/blockquote>\n<\/blockquote>\n<h3><span style=\"font-weight: 400;\">N\u00e3o seja um piru\u00e1<\/span><\/h3>\n<p><span style=\"font-weight: 400;\">Piru\u00e1 \u00e9 aquele milho de pipoca que teimou e no calor do fogo s\u00f3 se queimou e n\u00e3o virou a pipoca fofinha. H\u00e1 quem veja isso como resili\u00eancia, mas nesse contexto pode ser teimosia ou simplesmente uma forma de n\u00e3o saber como lidar com as mudan\u00e7as da vida.<\/span><\/p>\n<p><span style=\"font-weight: 400;\">N\u00e3o seja um piru\u00e1. N\u00e3o passe pelas mudan\u00e7as com sofrimento sem levar consigo algo que acrescente na sua vida. Sem me estender, vou contar sobre uma mudan\u00e7a de vida que aconteceu (e ainda acontece) comigo.<\/span><\/p>\n<p><span style=\"font-weight: 400;\">Sou uma pessoa que n\u00e3o suporta finais e sempre falei \u201cn\u00e3o sei lidar com perdas\u201d. Um dia, estava assistindo ao cap\u00edtulo final de uma s\u00e9rie de anima\u00e7\u00e3o da Netflix, chamada <\/span><a href=\"https:\/\/www.netflix.com\/br\/title\/80987903\" target=\"_blank\" rel=\"noopener\"><span style=\"font-weight: 400;\">The Midnight Gospel<\/span><\/a><span style=\"font-weight: 400;\"> (recomendo!), e me deparei com um assunto MUITO delicado para mim, a morte.<\/span><\/p>\n<p><span style=\"font-weight: 400;\">Chorei todas as l\u00e1grimas e tristezas que haviam em meu corpo durante todo o cap\u00edtulo. Era pesado, triste e, apesar de ser uma anima\u00e7\u00e3o, tratava-se de um podcast real, com assuntos reais e que foi animado. Isso foi demais para mim.<\/span><\/p>\n<p><span style=\"font-weight: 400;\">Precisava desabafar. Chamei uma grande amiga minha e falei sobre esse cap\u00edtulo e repeti a frase \u201cn\u00e3o sei lidar com perdas\u201d. Eu sabia que da parte dela n\u00e3o viria um \u201ct\u00e1 tudo bem\u201d, viria algo profundo. E veio.<\/span><\/p>\n<p><span style=\"font-weight: 400;\">Ela disse que eu n\u00e3o sabia lidar com fins de ciclo, pois nada se perde de fato. Todos esses finais &#8211; de vida, de emprego, de s\u00e9ries e livros &#8211; n\u00e3o passavam de mudan\u00e7as e n\u00e3o eram perdas.<\/span><\/p>\n<p><span style=\"font-weight: 400;\">Eu precisava entender que n\u00e3o eram \u201cfinais\u201d, mas mudan\u00e7as. Durante a pandemia, pessoas que eu amo fizeram a passagem e eu entendi que n\u00e3o as tinha perdido, elas continuavam em minha mente e cora\u00e7\u00e3o. S\u00f3 haviam se transformado, mudado.<\/span><\/p>\n<p><span style=\"font-weight: 400;\">Se doeu? Doeu pra caramba, mas esse pensamento traz conforto de alguma forma e eu acredito que, estejam onde estiverem &#8211; c\u00e9u, para\u00edso, summerland- eles est\u00e3o bem e nos reencontraremos um dia.<\/span><\/p>\n<p><span style=\"font-weight: 400;\">O fogo veio e eu n\u00e3o virei um piru\u00e1.<\/span><\/p>\n<h2><span style=\"font-weight: 400;\">Guia de sobreviv\u00eancia a mudan\u00e7as na vida<\/span><\/h2>\n<p><span style=\"font-weight: 400;\">N\u00e3o \u00e9 uma receita de bolo, mas funciona com muita gente. No entanto, vale lembrar que a mudan\u00e7a s\u00f3 acontece se voc\u00ea desejar. Mudar pelos outros, n\u00e3o \u00e9 mudan\u00e7a. Pode at\u00e9 ser diferente no in\u00edcio, mas logo voc\u00ea volta ao que era antes.<\/span><\/p>\n<p><iframe loading=\"lazy\" title=\"Como lidar com o desconforto da incerteza? | Monja Coen | Zen Budismo\" width=\"696\" height=\"392\" src=\"https:\/\/www.youtube.com\/embed\/Khq4gExl3H0?feature=oembed\" frameborder=\"0\" allow=\"accelerometer; autoplay; clipboard-write; encrypted-media; gyroscope; picture-in-picture\" allowfullscreen><\/iframe><\/p>\n<h3><span style=\"font-weight: 400;\">Entenda que nada \u00e9 para sempre<\/span><\/h3>\n<p><span style=\"font-weight: 400;\">Nada \u00e9 para sempre: felicidade, tristeza, dor, momentos de prazer e desespero. Tudo isso tem um ciclo e, por fim, se transforma.<\/span><\/p>\n<p><span style=\"font-weight: 400;\">Por isso, ficar abra\u00e7ada ao seu eu do passado n\u00e3o \u00e9 muito bom. Como vai se abrir \u00e0s oportunidades do futuro se est\u00e1 encolhida e dura como um piru\u00e1?<\/span><\/p>\n<h3><span style=\"font-weight: 400;\">A finitude \u00e9 linda. Voc\u00ea que n\u00e3o sabe valorizar.<\/span><\/h3>\n<p><span style=\"font-weight: 400;\">Viva o aqui e o agora. Tenha plena consci\u00eancia da experi\u00eancia que est\u00e1 vivendo. Se est\u00e1 comendo algo gostoso, aprecie cada sabor. Se est\u00e1 conversando com amigos, preste aten\u00e7\u00e3o aos detalhes.<\/span><\/p>\n<p><span style=\"font-weight: 400;\">N\u00e3o viva presa ao passado e ao futuro (olha a <\/span><a href=\"https:\/\/www.iquilibrio.com\/blog\/terapias-alternativas\/oleo-essencial-depressao\/\"><span style=\"font-weight: 400;\">depress\u00e3o<\/span><\/a><span style=\"font-weight: 400;\"> e a <\/span><a href=\"https:\/\/www.iquilibrio.com\/blog\/outros\/meditacao-ansiedade\/\"><span style=\"font-weight: 400;\">ansiedade<\/span><\/a><span style=\"font-weight: 400;\">, a\u00ed gente!). Aprecie o presente, tire li\u00e7\u00f5es das coisas ruins.<\/span><\/p>\n<h3><span style=\"font-weight: 400;\">Viva o luto<\/span><\/h3>\n<p><span style=\"font-weight: 400;\">O luto n\u00e3o \u00e9 s\u00f3 sobre morte, mas tamb\u00e9m quando algu\u00e9m \u00e9 demitido, quando uma amizade acaba, quando uma doen\u00e7a s\u00e9ria aparece. Viver luto \u00e9 compreender que se est\u00e1 triste e esgotada, mas que isso passar\u00e1 em breve.<\/span><\/p>\n<p><span style=\"font-weight: 400;\">N\u00e3o tente pular etapas e ignorar o que aconteceu. Para saber lidar com as mudan\u00e7as na vida \u00e9 preciso compreender tudo que est\u00e1 acontecendo, sem tentar acelerar o processo.<\/span><\/p>\n<p><span style=\"font-weight: 400;\">Inclusive, recomendo que leia uma outra mat\u00e9ria chamada <\/span><a href=\"https:\/\/www.iquilibrio.com\/blog\/bem-estar\/como-lidar-com-luto\/\"><span style=\"font-weight: 400;\">Como lidar com o luto: a dor que precisa ser vivida<\/span><\/a><span style=\"font-weight: 400;\">.<\/span><\/p>\n<h3><span style=\"font-weight: 400;\">Mudar \u00e9 evolu\u00e7\u00e3o, n\u00e3o \u00e9 perda<\/span><\/h3>\n<p><span style=\"font-weight: 400;\">Voc\u00ea muda ao longo dos anos. Pensa comigo: voc\u00ea \u00e9 a mesma pessoa de 10 anos atr\u00e1s? Definitivamente, eu n\u00e3o sou. Mas nem por isso eu sofro com essa mudan\u00e7a, pois eu sou uma pessoa melhor, mais espiritualizada e \u201ccalejada\u201d com a vida.<\/span><\/p>\n<p><span style=\"font-weight: 400;\">N\u00e3o esqueci e nem quero esquecer quem eu fui. Voc\u00ea tamb\u00e9m n\u00e3o deve esquecer o que j\u00e1 viveu e quem foi, s\u00f3 n\u00e3o pode se apegar. Liberte-se e viva o aqui e o agora com total intensidade.<\/span><\/p>\n<p><span style=\"font-weight: 400;\">Eu ainda estou em processo de mudan\u00e7as (isso \u00e9 cont\u00ednuo, nunca para), procurando estudar para entender que minhas \u201cperdas\u201d s\u00e3o apenas ciclos que tiveram um fim e reiniciaram de outra forma. Tamb\u00e9m quero entender por que eu sofro tanto com isso (quem sabe em uma constela\u00e7\u00e3o familiar, n\u00e3o \u00e9 mesmo?).<\/span><\/p>\n<p><span style=\"font-weight: 400;\">E voc\u00ea, sabe como lidar com as mudan\u00e7as na vida? Conte algo que aconteceu com voc\u00ea e como voc\u00ea lidou (ou n\u00e3o) aqui nos coment\u00e1rios. Quem sabe voc\u00ea inspire algu\u00e9m ou consiga conselhos de outros que j\u00e1 passaram pelo mesmo que voc\u00ea, n\u00e3o \u00e9 mesmo?<\/span><\/p>\n<p><span style=\"font-weight: 400;\">Um grande beijo e n\u00e3o esque\u00e7a que nossos <\/span><a href=\"https:\/\/www.iquilibrio.com\/esotericos\/\"><span style=\"font-weight: 400;\">esot\u00e9ricos<\/span><\/a><span style=\"font-weight: 400;\"> est\u00e3o sempre de bra\u00e7os abertos para ajudar voc\u00ea! &#x2728;&#x1f496;<\/span><\/p>\n\n\n<div class=\"kk-star-ratings kksr-auto kksr-align-left kksr-valign-bottom\"\n    data-payload='{&quot;align&quot;:&quot;left&quot;,&quot;id&quot;:&quot;33805&quot;,&quot;slug&quot;:&quot;default&quot;,&quot;valign&quot;:&quot;bottom&quot;,&quot;ignore&quot;:&quot;&quot;,&quot;reference&quot;:&quot;auto&quot;,&quot;class&quot;:&quot;&quot;,&quot;count&quot;:&quot;2&quot;,&quot;legendonly&quot;:&quot;&quot;,&quot;readonly&quot;:&quot;&quot;,&quot;score&quot;:&quot;5&quot;,&quot;starsonly&quot;:&quot;&quot;,&quot;best&quot;:&quot;5&quot;,&quot;gap&quot;:&quot;5&quot;,&quot;greet&quot;:&quot;Rate this post&quot;,&quot;legend&quot;:&quot;5\\\/5 - (2 votos)&quot;,&quot;size&quot;:&quot;24&quot;,&quot;title&quot;:&quot;Como lidar com as mudan\u00e7as na vida sem estar preparada?&quot;,&quot;width&quot;:&quot;142.5&quot;,&quot;_legend&quot;:&quot;{score}\\\/{best} - ({count} {votes})&quot;,&quot;font_factor&quot;:&quot;1.25&quot;}'>\n            \n<div class=\"kksr-stars\">\n    \n<div class=\"kksr-stars-inactive\">\n            <div class=\"kksr-star\" data-star=\"1\" style=\"padding-right: 5px\">\n            \n\n<div class=\"kksr-icon\" style=\"width: 24px; height: 24px;\"><\/div>\n        <\/div>\n            <div class=\"kksr-star\" data-star=\"2\" style=\"padding-right: 5px\">\n            \n\n<div class=\"kksr-icon\" style=\"width: 24px; height: 24px;\"><\/div>\n        <\/div>\n            <div class=\"kksr-star\" data-star=\"3\" style=\"padding-right: 5px\">\n            \n\n<div class=\"kksr-icon\" style=\"width: 24px; height: 24px;\"><\/div>\n        <\/div>\n            <div class=\"kksr-star\" data-star=\"4\" style=\"padding-right: 5px\">\n            \n\n<div class=\"kksr-icon\" style=\"width: 24px; height: 24px;\"><\/div>\n        <\/div>\n            <div class=\"kksr-star\" data-star=\"5\" style=\"padding-right: 5px\">\n            \n\n<div class=\"kksr-icon\" style=\"width: 24px; height: 24px;\"><\/div>\n        <\/div>\n    <\/div>\n    \n<div class=\"kksr-stars-active\" style=\"width: 142.5px;\">\n            <div class=\"kksr-star\" style=\"padding-right: 5px\">\n            \n\n<div class=\"kksr-icon\" style=\"width: 24px; height: 24px;\"><\/div>\n        <\/div>\n            <div class=\"kksr-star\" style=\"padding-right: 5px\">\n            \n\n<div class=\"kksr-icon\" style=\"width: 24px; height: 24px;\"><\/div>\n        <\/div>\n            <div class=\"kksr-star\" style=\"padding-right: 5px\">\n            \n\n<div class=\"kksr-icon\" style=\"width: 24px; height: 24px;\"><\/div>\n        <\/div>\n            <div class=\"kksr-star\" style=\"padding-right: 5px\">\n            \n\n<div class=\"kksr-icon\" style=\"width: 24px; height: 24px;\"><\/div>\n        <\/div>\n            <div class=\"kksr-star\" style=\"padding-right: 5px\">\n            \n\n<div class=\"kksr-icon\" style=\"width: 24px; height: 24px;\"><\/div>\n        <\/div>\n    <\/div>\n<\/div>\n                \n\n<div class=\"kksr-legend\" style=\"font-size: 19.2px;\">\n            5\/5 - (2 votos)    <\/div>\n    <\/div>\n","protected":false},"excerpt":{"rendered":"<p>Algumas situa\u00e7\u00f5es s\u00e3o planejadas, mas outras nos tomam de surpresa. Como lidar com mudan\u00e7as na vida sem estar preparada? Mudar de casa, trocar de curso, ter um beb\u00ea ou at\u00e9 mesmo adotar um aumiguinho novo s\u00e3o mudan\u00e7as grandes em nossa vida, mas com planejamento tudo fica mais f\u00e1cil, n\u00e3o \u00e9 mesmo? Mesmo assim, algumas coisas [&hellip;]<\/p>\n","protected":false},"author":155,"featured_media":33807,"comment_status":"open","ping_status":"open","sticky":false,"template":"","format":"standard","meta":{"footnotes":""},"categories":[592],"tags":[4340,4338,4339,4335,4341],"class_list":["post-33805","post","type-post","status-publish","format-standard","has-post-thumbnail","hentry","category-bem-estar","tag-como-lidar-com-mudancas","tag-mudancas","tag-mudancas-de-vida","tag-mudancas-pessoais","tag-perda"],"yoast_head":"<!-- This site is optimized with the Yoast SEO plugin v27.4 - https:\/\/yoast.com\/product\/yoast-seo-wordpress\/ -->\n<title>Como lidar com mudan\u00e7as na vida? [GUIA] \u2728<\/title>\n<meta name=\"description\" content=\"Voc\u00ea sabe como lidar com mudan\u00e7as na vida? Aquelas que parecem que sa\u00edram de um filme cheio de surpresas. D\u00e1 para sobreviver, sim, viu?\" \/>\n<meta name=\"robots\" content=\"index, follow, max-snippet:-1, max-image-preview:large, max-video-preview:-1\" \/>\n<link rel=\"canonical\" href=\"https:\/\/www.iquilibrio.com\/blog\/bem-estar\/como-lidar-mudancas-vida\/\" \/>\n<meta property=\"og:locale\" content=\"pt_BR\" \/>\n<meta property=\"og:type\" content=\"article\" \/>\n<meta property=\"og:title\" content=\"Como lidar com mudan\u00e7as na vida? [GUIA] \u2728\" \/>\n<meta property=\"og:description\" content=\"Voc\u00ea sabe como lidar com mudan\u00e7as na vida? Aquelas que parecem que sa\u00edram de um filme cheio de surpresas. D\u00e1 para sobreviver, sim, viu?\" \/>\n<meta property=\"og:url\" content=\"https:\/\/www.iquilibrio.com\/blog\/bem-estar\/como-lidar-mudancas-vida\/\" \/>\n<meta property=\"og:site_name\" content=\"iQuilibrio\" \/>\n<meta property=\"article:publisher\" content=\"https:\/\/www.facebook.com\/iQuilibrio\/\" \/>\n<meta property=\"article:published_time\" content=\"2021-12-19T13:00:38+00:00\" \/>\n<meta property=\"og:image\" content=\"https:\/\/www.iquilibrio.com\/blog\/wp-content\/uploads\/2021\/12\/como-lidar-mudancas-vida.jpg\" \/>\n\t<meta property=\"og:image:width\" content=\"900\" \/>\n\t<meta property=\"og:image:height\" content=\"560\" \/>\n\t<meta property=\"og:image:type\" content=\"image\/jpeg\" \/>\n<meta name=\"author\" content=\"Katrina Devilla\" \/>\n<meta name=\"twitter:card\" content=\"summary_large_image\" \/>\n<meta name=\"twitter:creator\" content=\"@iquilibrio\" \/>\n<meta name=\"twitter:site\" content=\"@iquilibrio\" \/>\n<meta name=\"twitter:label1\" content=\"Escrito por\" \/>\n\t<meta name=\"twitter:data1\" content=\"Katrina Devilla\" \/>\n\t<meta name=\"twitter:label2\" content=\"Est. tempo de leitura\" \/>\n\t<meta name=\"twitter:data2\" content=\"7 minutos\" \/>\n<script type=\"application\/ld+json\" class=\"yoast-schema-graph\">{\"@context\":\"https:\\\/\\\/schema.org\",\"@graph\":[{\"@type\":\"Article\",\"@id\":\"https:\\\/\\\/www.iquilibrio.com\\\/blog\\\/bem-estar\\\/como-lidar-mudancas-vida\\\/#article\",\"isPartOf\":{\"@id\":\"https:\\\/\\\/www.iquilibrio.com\\\/blog\\\/bem-estar\\\/como-lidar-mudancas-vida\\\/\"},\"author\":{\"name\":\"Katrina Devilla\",\"@id\":\"https:\\\/\\\/www.iquilibrio.com\\\/blog\\\/#\\\/schema\\\/person\\\/a9cde6e88d14c853339bcd3d04fe1dbb\"},\"headline\":\"Como lidar com as mudan\u00e7as na vida sem estar preparada?\",\"datePublished\":\"2021-12-19T13:00:38+00:00\",\"mainEntityOfPage\":{\"@id\":\"https:\\\/\\\/www.iquilibrio.com\\\/blog\\\/bem-estar\\\/como-lidar-mudancas-vida\\\/\"},\"wordCount\":1350,\"commentCount\":0,\"publisher\":{\"@id\":\"https:\\\/\\\/www.iquilibrio.com\\\/blog\\\/#organization\"},\"image\":{\"@id\":\"https:\\\/\\\/www.iquilibrio.com\\\/blog\\\/bem-estar\\\/como-lidar-mudancas-vida\\\/#primaryimage\"},\"thumbnailUrl\":\"https:\\\/\\\/www.iquilibrio.com\\\/blog\\\/wp-content\\\/uploads\\\/2021\\\/12\\\/como-lidar-mudancas-vida.jpg\",\"keywords\":[\"como lidar com mudan\u00e7as\",\"mudan\u00e7as\",\"mudan\u00e7as de vida\",\"mudan\u00e7as pessoais\",\"perda\"],\"articleSection\":[\"Dicas de Bem-Estar\"],\"inLanguage\":\"pt-BR\"},{\"@type\":\"WebPage\",\"@id\":\"https:\\\/\\\/www.iquilibrio.com\\\/blog\\\/bem-estar\\\/como-lidar-mudancas-vida\\\/\",\"url\":\"https:\\\/\\\/www.iquilibrio.com\\\/blog\\\/bem-estar\\\/como-lidar-mudancas-vida\\\/\",\"name\":\"Como lidar com mudan\u00e7as na vida? [GUIA] \u2728\",\"isPartOf\":{\"@id\":\"https:\\\/\\\/www.iquilibrio.com\\\/blog\\\/#website\"},\"primaryImageOfPage\":{\"@id\":\"https:\\\/\\\/www.iquilibrio.com\\\/blog\\\/bem-estar\\\/como-lidar-mudancas-vida\\\/#primaryimage\"},\"image\":{\"@id\":\"https:\\\/\\\/www.iquilibrio.com\\\/blog\\\/bem-estar\\\/como-lidar-mudancas-vida\\\/#primaryimage\"},\"thumbnailUrl\":\"https:\\\/\\\/www.iquilibrio.com\\\/blog\\\/wp-content\\\/uploads\\\/2021\\\/12\\\/como-lidar-mudancas-vida.jpg\",\"datePublished\":\"2021-12-19T13:00:38+00:00\",\"description\":\"Voc\u00ea sabe como lidar com mudan\u00e7as na vida? Aquelas que parecem que sa\u00edram de um filme cheio de surpresas. D\u00e1 para sobreviver, sim, viu?\",\"breadcrumb\":{\"@id\":\"https:\\\/\\\/www.iquilibrio.com\\\/blog\\\/bem-estar\\\/como-lidar-mudancas-vida\\\/#breadcrumb\"},\"inLanguage\":\"pt-BR\",\"potentialAction\":[{\"@type\":\"ReadAction\",\"target\":[\"https:\\\/\\\/www.iquilibrio.com\\\/blog\\\/bem-estar\\\/como-lidar-mudancas-vida\\\/\"]}]},{\"@type\":\"ImageObject\",\"inLanguage\":\"pt-BR\",\"@id\":\"https:\\\/\\\/www.iquilibrio.com\\\/blog\\\/bem-estar\\\/como-lidar-mudancas-vida\\\/#primaryimage\",\"url\":\"https:\\\/\\\/www.iquilibrio.com\\\/blog\\\/wp-content\\\/uploads\\\/2021\\\/12\\\/como-lidar-mudancas-vida.jpg\",\"contentUrl\":\"https:\\\/\\\/www.iquilibrio.com\\\/blog\\\/wp-content\\\/uploads\\\/2021\\\/12\\\/como-lidar-mudancas-vida.jpg\",\"width\":900,\"height\":560,\"caption\":\"Como lidar com mudan\u00e7as na vida?\"},{\"@type\":\"BreadcrumbList\",\"@id\":\"https:\\\/\\\/www.iquilibrio.com\\\/blog\\\/bem-estar\\\/como-lidar-mudancas-vida\\\/#breadcrumb\",\"itemListElement\":[{\"@type\":\"ListItem\",\"position\":1,\"name\":\"In\u00edcio\",\"item\":\"https:\\\/\\\/www.iquilibrio.com\\\/blog\\\/\"},{\"@type\":\"ListItem\",\"position\":2,\"name\":\"Como lidar com as mudan\u00e7as na vida sem estar preparada?\"}]},{\"@type\":\"WebSite\",\"@id\":\"https:\\\/\\\/www.iquilibrio.com\\\/blog\\\/#website\",\"url\":\"https:\\\/\\\/www.iquilibrio.com\\\/blog\\\/\",\"name\":\"iQuilibrio\",\"description\":\"Blog iQuilibrio\",\"publisher\":{\"@id\":\"https:\\\/\\\/www.iquilibrio.com\\\/blog\\\/#organization\"},\"potentialAction\":[{\"@type\":\"SearchAction\",\"target\":{\"@type\":\"EntryPoint\",\"urlTemplate\":\"https:\\\/\\\/www.iquilibrio.com\\\/blog\\\/?s={search_term_string}\"},\"query-input\":{\"@type\":\"PropertyValueSpecification\",\"valueRequired\":true,\"valueName\":\"search_term_string\"}}],\"inLanguage\":\"pt-BR\"},{\"@type\":\"Organization\",\"@id\":\"https:\\\/\\\/www.iquilibrio.com\\\/blog\\\/#organization\",\"name\":\"Esoterismo, Misticismo e Tarot Online - iQuilibrio\",\"url\":\"https:\\\/\\\/www.iquilibrio.com\\\/blog\\\/\",\"logo\":{\"@type\":\"ImageObject\",\"inLanguage\":\"pt-BR\",\"@id\":\"https:\\\/\\\/www.iquilibrio.com\\\/blog\\\/#\\\/schema\\\/logo\\\/image\\\/\",\"url\":\"https:\\\/\\\/www.iquilibrio.com\\\/blog\\\/wp-content\\\/uploads\\\/2018\\\/12\\\/iquilibrio_lovo_vetor_preto-retina.png\",\"contentUrl\":\"https:\\\/\\\/www.iquilibrio.com\\\/blog\\\/wp-content\\\/uploads\\\/2018\\\/12\\\/iquilibrio_lovo_vetor_preto-retina.png\",\"width\":972,\"height\":180,\"caption\":\"Esoterismo, Misticismo e Tarot Online - iQuilibrio\"},\"image\":{\"@id\":\"https:\\\/\\\/www.iquilibrio.com\\\/blog\\\/#\\\/schema\\\/logo\\\/image\\\/\"},\"sameAs\":[\"https:\\\/\\\/www.facebook.com\\\/iQuilibrio\\\/\",\"https:\\\/\\\/x.com\\\/iquilibrio\",\"https:\\\/\\\/www.instagram.com\\\/iquilibrio\\\/\",\"https:\\\/\\\/www.linkedin.com\\\/company\\\/iquilibrio\\\/\",\"https:\\\/\\\/br.pinterest.com\\\/iquilibrio1397\\\/\",\"https:\\\/\\\/www.youtube.com\\\/channel\\\/UC175qxd-4Zsi4wzawT5zF2g\"]},{\"@type\":\"Person\",\"@id\":\"https:\\\/\\\/www.iquilibrio.com\\\/blog\\\/#\\\/schema\\\/person\\\/a9cde6e88d14c853339bcd3d04fe1dbb\",\"name\":\"Katrina Devilla\",\"image\":{\"@type\":\"ImageObject\",\"inLanguage\":\"pt-BR\",\"@id\":\"https:\\\/\\\/secure.gravatar.com\\\/avatar\\\/1f540b99ef20bca9c5117565f5cb62c1a95aa578d9d45345315e4338aac207d6?s=96&d=blank&r=g\",\"url\":\"https:\\\/\\\/secure.gravatar.com\\\/avatar\\\/1f540b99ef20bca9c5117565f5cb62c1a95aa578d9d45345315e4338aac207d6?s=96&d=blank&r=g\",\"contentUrl\":\"https:\\\/\\\/secure.gravatar.com\\\/avatar\\\/1f540b99ef20bca9c5117565f5cb62c1a95aa578d9d45345315e4338aac207d6?s=96&d=blank&r=g\",\"caption\":\"Katrina Devilla\"},\"description\":\"Katrina Devilla escreve sobre magia e como deixar a vida leve. Cozinha coisas gostosas, deita no quintal para ver estrelas e, quando tem sorte, v\u00ea um ou outro sat\u00e9lite, mas pensa que \u00e9 estrela cadente. Vive a magia da natureza e se encanta com cada amanhecer. Frui vita! Al\u00e9m disso, Katrina Devilla \u00e9 uma bruxa espiritualista que, por acaso, escreve bem e entende de SEO. Tem imenso prazer em ajudar os outros e ver que seus textos podem inspirar e mudar vidas. A espiritualidade est\u00e1 aqui, basta voc\u00ea querer ver e experimentar!\",\"url\":\"https:\\\/\\\/www.iquilibrio.com\\\/blog\\\/author\\\/candida-thomazellicanoadigital-com\\\/\"}]}<\/script>\n<!-- \/ Yoast SEO plugin. -->","yoast_head_json":{"title":"Como lidar com mudan\u00e7as na vida? [GUIA] \u2728","description":"Voc\u00ea sabe como lidar com mudan\u00e7as na vida? Aquelas que parecem que sa\u00edram de um filme cheio de surpresas. D\u00e1 para sobreviver, sim, viu?","robots":{"index":"index","follow":"follow","max-snippet":"max-snippet:-1","max-image-preview":"max-image-preview:large","max-video-preview":"max-video-preview:-1"},"canonical":"https:\/\/www.iquilibrio.com\/blog\/bem-estar\/como-lidar-mudancas-vida\/","og_locale":"pt_BR","og_type":"article","og_title":"Como lidar com mudan\u00e7as na vida? [GUIA] \u2728","og_description":"Voc\u00ea sabe como lidar com mudan\u00e7as na vida? Aquelas que parecem que sa\u00edram de um filme cheio de surpresas. D\u00e1 para sobreviver, sim, viu?","og_url":"https:\/\/www.iquilibrio.com\/blog\/bem-estar\/como-lidar-mudancas-vida\/","og_site_name":"iQuilibrio","article_publisher":"https:\/\/www.facebook.com\/iQuilibrio\/","article_published_time":"2021-12-19T13:00:38+00:00","og_image":[{"width":900,"height":560,"url":"https:\/\/www.iquilibrio.com\/blog\/wp-content\/uploads\/2021\/12\/como-lidar-mudancas-vida.jpg","type":"image\/jpeg"}],"author":"Katrina Devilla","twitter_card":"summary_large_image","twitter_creator":"@iquilibrio","twitter_site":"@iquilibrio","twitter_misc":{"Escrito por":"Katrina Devilla","Est. tempo de leitura":"7 minutos"},"schema":{"@context":"https:\/\/schema.org","@graph":[{"@type":"Article","@id":"https:\/\/www.iquilibrio.com\/blog\/bem-estar\/como-lidar-mudancas-vida\/#article","isPartOf":{"@id":"https:\/\/www.iquilibrio.com\/blog\/bem-estar\/como-lidar-mudancas-vida\/"},"author":{"name":"Katrina Devilla","@id":"https:\/\/www.iquilibrio.com\/blog\/#\/schema\/person\/a9cde6e88d14c853339bcd3d04fe1dbb"},"headline":"Como lidar com as mudan\u00e7as na vida sem estar preparada?","datePublished":"2021-12-19T13:00:38+00:00","mainEntityOfPage":{"@id":"https:\/\/www.iquilibrio.com\/blog\/bem-estar\/como-lidar-mudancas-vida\/"},"wordCount":1350,"commentCount":0,"publisher":{"@id":"https:\/\/www.iquilibrio.com\/blog\/#organization"},"image":{"@id":"https:\/\/www.iquilibrio.com\/blog\/bem-estar\/como-lidar-mudancas-vida\/#primaryimage"},"thumbnailUrl":"https:\/\/www.iquilibrio.com\/blog\/wp-content\/uploads\/2021\/12\/como-lidar-mudancas-vida.jpg","keywords":["como lidar com mudan\u00e7as","mudan\u00e7as","mudan\u00e7as de vida","mudan\u00e7as pessoais","perda"],"articleSection":["Dicas de Bem-Estar"],"inLanguage":"pt-BR"},{"@type":"WebPage","@id":"https:\/\/www.iquilibrio.com\/blog\/bem-estar\/como-lidar-mudancas-vida\/","url":"https:\/\/www.iquilibrio.com\/blog\/bem-estar\/como-lidar-mudancas-vida\/","name":"Como lidar com mudan\u00e7as na vida? [GUIA] \u2728","isPartOf":{"@id":"https:\/\/www.iquilibrio.com\/blog\/#website"},"primaryImageOfPage":{"@id":"https:\/\/www.iquilibrio.com\/blog\/bem-estar\/como-lidar-mudancas-vida\/#primaryimage"},"image":{"@id":"https:\/\/www.iquilibrio.com\/blog\/bem-estar\/como-lidar-mudancas-vida\/#primaryimage"},"thumbnailUrl":"https:\/\/www.iquilibrio.com\/blog\/wp-content\/uploads\/2021\/12\/como-lidar-mudancas-vida.jpg","datePublished":"2021-12-19T13:00:38+00:00","description":"Voc\u00ea sabe como lidar com mudan\u00e7as na vida? Aquelas que parecem que sa\u00edram de um filme cheio de surpresas. D\u00e1 para sobreviver, sim, viu?","breadcrumb":{"@id":"https:\/\/www.iquilibrio.com\/blog\/bem-estar\/como-lidar-mudancas-vida\/#breadcrumb"},"inLanguage":"pt-BR","potentialAction":[{"@type":"ReadAction","target":["https:\/\/www.iquilibrio.com\/blog\/bem-estar\/como-lidar-mudancas-vida\/"]}]},{"@type":"ImageObject","inLanguage":"pt-BR","@id":"https:\/\/www.iquilibrio.com\/blog\/bem-estar\/como-lidar-mudancas-vida\/#primaryimage","url":"https:\/\/www.iquilibrio.com\/blog\/wp-content\/uploads\/2021\/12\/como-lidar-mudancas-vida.jpg","contentUrl":"https:\/\/www.iquilibrio.com\/blog\/wp-content\/uploads\/2021\/12\/como-lidar-mudancas-vida.jpg","width":900,"height":560,"caption":"Como lidar com mudan\u00e7as na vida?"},{"@type":"BreadcrumbList","@id":"https:\/\/www.iquilibrio.com\/blog\/bem-estar\/como-lidar-mudancas-vida\/#breadcrumb","itemListElement":[{"@type":"ListItem","position":1,"name":"In\u00edcio","item":"https:\/\/www.iquilibrio.com\/blog\/"},{"@type":"ListItem","position":2,"name":"Como lidar com as mudan\u00e7as na vida sem estar preparada?"}]},{"@type":"WebSite","@id":"https:\/\/www.iquilibrio.com\/blog\/#website","url":"https:\/\/www.iquilibrio.com\/blog\/","name":"iQuilibrio","description":"Blog iQuilibrio","publisher":{"@id":"https:\/\/www.iquilibrio.com\/blog\/#organization"},"potentialAction":[{"@type":"SearchAction","target":{"@type":"EntryPoint","urlTemplate":"https:\/\/www.iquilibrio.com\/blog\/?s={search_term_string}"},"query-input":{"@type":"PropertyValueSpecification","valueRequired":true,"valueName":"search_term_string"}}],"inLanguage":"pt-BR"},{"@type":"Organization","@id":"https:\/\/www.iquilibrio.com\/blog\/#organization","name":"Esoterismo, Misticismo e Tarot Online - iQuilibrio","url":"https:\/\/www.iquilibrio.com\/blog\/","logo":{"@type":"ImageObject","inLanguage":"pt-BR","@id":"https:\/\/www.iquilibrio.com\/blog\/#\/schema\/logo\/image\/","url":"https:\/\/www.iquilibrio.com\/blog\/wp-content\/uploads\/2018\/12\/iquilibrio_lovo_vetor_preto-retina.png","contentUrl":"https:\/\/www.iquilibrio.com\/blog\/wp-content\/uploads\/2018\/12\/iquilibrio_lovo_vetor_preto-retina.png","width":972,"height":180,"caption":"Esoterismo, Misticismo e Tarot Online - iQuilibrio"},"image":{"@id":"https:\/\/www.iquilibrio.com\/blog\/#\/schema\/logo\/image\/"},"sameAs":["https:\/\/www.facebook.com\/iQuilibrio\/","https:\/\/x.com\/iquilibrio","https:\/\/www.instagram.com\/iquilibrio\/","https:\/\/www.linkedin.com\/company\/iquilibrio\/","https:\/\/br.pinterest.com\/iquilibrio1397\/","https:\/\/www.youtube.com\/channel\/UC175qxd-4Zsi4wzawT5zF2g"]},{"@type":"Person","@id":"https:\/\/www.iquilibrio.com\/blog\/#\/schema\/person\/a9cde6e88d14c853339bcd3d04fe1dbb","name":"Katrina Devilla","image":{"@type":"ImageObject","inLanguage":"pt-BR","@id":"https:\/\/secure.gravatar.com\/avatar\/1f540b99ef20bca9c5117565f5cb62c1a95aa578d9d45345315e4338aac207d6?s=96&d=blank&r=g","url":"https:\/\/secure.gravatar.com\/avatar\/1f540b99ef20bca9c5117565f5cb62c1a95aa578d9d45345315e4338aac207d6?s=96&d=blank&r=g","contentUrl":"https:\/\/secure.gravatar.com\/avatar\/1f540b99ef20bca9c5117565f5cb62c1a95aa578d9d45345315e4338aac207d6?s=96&d=blank&r=g","caption":"Katrina Devilla"},"description":"Katrina Devilla escreve sobre magia e como deixar a vida leve. Cozinha coisas gostosas, deita no quintal para ver estrelas e, quando tem sorte, v\u00ea um ou outro sat\u00e9lite, mas pensa que \u00e9 estrela cadente. Vive a magia da natureza e se encanta com cada amanhecer. Frui vita! Al\u00e9m disso, Katrina Devilla \u00e9 uma bruxa espiritualista que, por acaso, escreve bem e entende de SEO. Tem imenso prazer em ajudar os outros e ver que seus textos podem inspirar e mudar vidas. A espiritualidade est\u00e1 aqui, basta voc\u00ea querer ver e experimentar!","url":"https:\/\/www.iquilibrio.com\/blog\/author\/candida-thomazellicanoadigital-com\/"}]}},"_links":{"self":[{"href":"https:\/\/www.iquilibrio.com\/blog\/wp-json\/wp\/v2\/posts\/33805","targetHints":{"allow":["GET"]}}],"collection":[{"href":"https:\/\/www.iquilibrio.com\/blog\/wp-json\/wp\/v2\/posts"}],"about":[{"href":"https:\/\/www.iquilibrio.com\/blog\/wp-json\/wp\/v2\/types\/post"}],"author":[{"embeddable":true,"href":"https:\/\/www.iquilibrio.com\/blog\/wp-json\/wp\/v2\/users\/155"}],"replies":[{"embeddable":true,"href":"https:\/\/www.iquilibrio.com\/blog\/wp-json\/wp\/v2\/comments?post=33805"}],"version-history":[{"count":1,"href":"https:\/\/www.iquilibrio.com\/blog\/wp-json\/wp\/v2\/posts\/33805\/revisions"}],"predecessor-version":[{"id":33806,"href":"https:\/\/www.iquilibrio.com\/blog\/wp-json\/wp\/v2\/posts\/33805\/revisions\/33806"}],"wp:featuredmedia":[{"embeddable":true,"href":"https:\/\/www.iquilibrio.com\/blog\/wp-json\/wp\/v2\/media\/33807"}],"wp:attachment":[{"href":"https:\/\/www.iquilibrio.com\/blog\/wp-json\/wp\/v2\/media?parent=33805"}],"wp:term":[{"taxonomy":"category","embeddable":true,"href":"https:\/\/www.iquilibrio.com\/blog\/wp-json\/wp\/v2\/categories?post=33805"},{"taxonomy":"post_tag","embeddable":true,"href":"https:\/\/www.iquilibrio.com\/blog\/wp-json\/wp\/v2\/tags?post=33805"}],"curies":[{"name":"wp","href":"https:\/\/api.w.org\/{rel}","templated":true}]}}