{"id":33802,"date":"2021-12-18T10:00:15","date_gmt":"2021-12-18T13:00:15","guid":{"rendered":"https:\/\/www.iquilibrio.com\/blog\/?p=33802"},"modified":"2021-12-16T11:03:34","modified_gmt":"2021-12-16T14:03:34","slug":"mudancas-pessoais","status":"publish","type":"post","link":"https:\/\/www.iquilibrio.com\/blog\/bem-estar\/mudancas-pessoais\/","title":{"rendered":"Por que as mudan\u00e7as pessoais doem tanto? Desapegue!"},"content":{"rendered":"<p><span style=\"font-weight: 400;\">Ahh\u2026 as mudan\u00e7as pessoais! Dificilmente elas v\u00eam acompanhadas de sorrisos e intensa felicidade. Mudar d\u00f3i, exige esfor\u00e7o, d\u00e1 medo. Mas n\u00e3o deveria ser assim.\u00a0<\/span><\/p>\n<blockquote class=\"td_quote_box td_box_center\">\n<blockquote class=\"td_pull_quote td_pull_center\"><p><span style=\"font-weight: 400;\">Ent\u00e3o, por que sofremos tanto?<\/span><\/p><\/blockquote>\n<\/blockquote>\n<p><span style=\"font-weight: 400;\">Porque o desconhecido e o novo d\u00e3o medo. Porque sair da zona de conforto d\u00e1 trabalho. E em um mundo t\u00e3o imediatista, queremos pular essa transi\u00e7\u00e3o como pulamos a abertura das s\u00e9ries da Netflix, n\u00e3o \u00e9 mesmo?\u00a0<\/span><\/p>\n<p><span style=\"font-weight: 400;\">Confesso que algumas aberturas eu pulo, porque quero chegar logo no epis\u00f3dio e ver o desenrolar da hist\u00f3ria. Tenho pregui\u00e7a de ver a mesma coisa e <a href=\"https:\/\/www.iquilibrio.com\/blog\/bem-estar\/saude-mental-pandemia\/\">impaci\u00eancia<\/a> em esperar. O mesmo acontece com as mudan\u00e7as, n\u00f3s as queremos, mas sem esperar.<\/span><\/p>\n<p><span style=\"font-weight: 400;\">Desejamos ser pessoas melhores, mas lavar a garrafa pet depois de usar para fazer a reciclagem d\u00e1 trabalho. Ao mesmo tempo, queremos uma <a href=\"https:\/\/www.iquilibrio.com\/blog\/bem-estar\/vida-saudavel\/\">vida mais saud\u00e1vel<\/a> comendo ultra processados. Nos indignamos com a corrup\u00e7\u00e3o, mas pagamos TV a cabo pirata (famosa \u201cgatoNet\u201d).<\/span><\/p>\n<p><span style=\"font-weight: 400;\">Que atire a primeira pedra quem nunca fez isso e adiou as mudan\u00e7as pessoais! Eu nem sei onde encontrar a pedra, quem dir\u00e1 atirar!<\/span><\/p>\n<h2><span style=\"font-weight: 400;\">Procrastina\u00e7\u00e3o n\u00e3o combina com mudan\u00e7as pessoais\u2026<\/span><\/h2>\n<p><span style=\"font-weight: 400;\">Depois eu fa\u00e7o. Segunda-feira eu come\u00e7o. Depois do <a href=\"https:\/\/www.iquilibrio.com\/blog\/2022\/oracao-natal-2022\/\">Natal<\/a> eu concluo. Amanh\u00e3 eu retorno. Mais tarde eu penso nisso. Essas frases s\u00e3o muito comuns para quem est\u00e1 em processo de mudan\u00e7a pessoal.<\/span><\/p>\n<p><span style=\"font-weight: 400;\">E a primeira batalha a ser vencida \u00e9 a da procrastina\u00e7\u00e3o. Deixar para depois s\u00f3 far\u00e1 com que o processo fique mais demorado e voc\u00ea ensina seu c\u00e9rebro a adiar as tarefas.<\/span><\/p>\n<p><span style=\"font-weight: 400;\">Por isso, se esforce um pouco e pelo menos comece uma de suas mudan\u00e7as pessoais. N\u00e3o precisa ir de 0 a 100 do dia para noite. Afinal, grandes mudan\u00e7as acontecem aos poucos e acelerar o processo pode prejudicar o seu crescimento e amadurecimento.<\/span><\/p>\n<p><span style=\"font-weight: 400;\">Sabe, um dos grandes motivos de muitas de n\u00f3s procrastinarmos? N\u00e3o queremos nos desapegar do que j\u00e1 fomos e do que j\u00e1 acreditamos.<\/span><\/p>\n<h2><span style=\"font-weight: 400;\">Nada do que foi ser\u00e1 de novo do jeito que j\u00e1 foi um dia. Tudo passa, tudo sempre passar\u00e1!<\/span><\/h2>\n<blockquote class=\"td_quote_box td_box_center\">\n<blockquote class=\"td_pull_quote td_pull_center\"><p><span style=\"font-weight: 400;\">A vida vem em ondas<\/span><\/p>\n<p><span style=\"font-weight: 400;\">Como um mar<\/span><\/p>\n<p><span style=\"font-weight: 400;\">Num indo e vindo infinito<\/span><\/p><\/blockquote>\n<\/blockquote>\n<p><span style=\"font-weight: 400;\">Sim, essa \u00e9 a famosa m\u00fasica do Lulu Santos em parceria com Nelson Motta. Eu poderia escrever a letra inteira, mas quero que voc\u00ea ou\u00e7a a melodia e reflita.<\/span><\/p>\n<p><iframe loading=\"lazy\" title=\"Lulu Santos - Como uma Onda (Ao Vivo)\" width=\"696\" height=\"392\" src=\"https:\/\/www.youtube.com\/embed\/XFa73hlzR-4?feature=oembed\" frameborder=\"0\" allow=\"accelerometer; autoplay; clipboard-write; encrypted-media; gyroscope; picture-in-picture\" allowfullscreen><\/iframe><\/p>\n<p><span style=\"font-weight: 400;\">Desapegar do que j\u00e1 passou, do que j\u00e1 fomos e do que j\u00e1 acreditamos n\u00e3o \u00e9 uma fraqueza e muito menos sinal de instabilidade emocional.<\/span><\/p>\n<p><span style=\"font-weight: 400;\">Evoluir \u00e9 despir-se de ideias antigas e abra\u00e7ar o novo, \u00e9 se expor, dar a cara a tapa, sofrer, mas melhorar e ser uma vers\u00e3o incrivelmente melhor de si mesma.<\/span><\/p>\n<p><span style=\"font-weight: 400;\">Entretanto, as mudan\u00e7as pessoais n\u00e3o implicam em passar uma borracha no passado e apagar tudo. As mudan\u00e7as s\u00e3o frutos do que j\u00e1 fomos e pensamos, logo, esquecer o passado n\u00e3o ajuda.<\/span><\/p>\n<p><span style=\"font-weight: 400;\">Precisamos lembrar quem fomos, de onde viemos, o que acreditamos e, principalmente, porque queremos mudar. E voc\u00ea, est\u00e1 desapegando de qu\u00ea para ver as mudan\u00e7as acontecerem? Conte nos coment\u00e1rios!<\/span><\/p>\n<h2><span style=\"font-weight: 400;\">Mudan\u00e7as pessoais para se inspirar &#x2728;<\/span><\/h2>\n<p><span style=\"font-weight: 400;\">Sim, mudan\u00e7as pessoais s\u00e3o muito \u00edntimas e eu n\u00e3o duvido disso, mas alguns exemplos podem ajudar as coleguinhas a identificar uma mudan\u00e7a a caminho.<\/span><\/p>\n<p><span style=\"font-weight: 400;\">Afinal, nem sempre notamos que estamos mudando, pois tudo acontece de forma devagar. E fica mais lento ainda se n\u00e3o nos damos conta do que est\u00e1 acontecendo. Dessa forma, separei, aqui embaixo, uma s\u00e9rie de mudan\u00e7as comuns e que s\u00e3o boas para quem busca ser feliz e mais leve.<\/span><\/p>\n<h3><span style=\"font-weight: 400;\">Aprender a dizer n\u00e3o<\/span><\/h3>\n<p><span style=\"font-weight: 400;\">Por medo de magoar, desagradar e at\u00e9 mesmo perder as pessoas que est\u00e3o conosco, dizemos sim para situa\u00e7\u00f5es em que um n\u00e3o \u00e9 mais que bem-vindo. Geralmente, passamos por cima de nossas vontades, de nossas cren\u00e7as e opini\u00f5es apenas para agradar.<\/span><\/p>\n<p><span style=\"font-weight: 400;\">Bem, as coisas n\u00e3o funcionam dessa forma. Dizer <\/span><b>n\u00e3o <\/b><span style=\"font-weight: 400;\">para o que n\u00e3o se quer fazer \u00e9 um ato de amor pr\u00f3prio. Respeite-se e imponha-se. Lembre-se que uma negativa n\u00e3o significa que a pessoa deixar\u00e1 de amar voc\u00ea.<\/span><\/p>\n<p><span style=\"font-weight: 400;\">Se a pessoa se ofender e sair da sua vida, pode at\u00e9 doer, mas agrade\u00e7a o universo por tirar algu\u00e9m t\u00e3o ego\u00edsta da sua volta.<\/span><\/p>\n<h3><span style=\"font-weight: 400;\">Voc\u00ea n\u00e3o \u00e9 o sol, ent\u00e3o o mundo n\u00e3o tem que girar ao seu redor<\/span><\/h3>\n<p><span style=\"font-weight: 400;\">Aquela indireta no Instagram pode n\u00e3o ser para voc\u00ea, o copo sujo na pia n\u00e3o \u00e9 s\u00f3 para te irritar, o seu doce favorito na casa de um amigo n\u00e3o \u00e9 por sua causa e o mundo n\u00e3o deve parar porque voc\u00ea precisa de ajuda e aten\u00e7\u00e3o.<\/span><\/p>\n<p><span style=\"font-weight: 400;\">Sim, voc\u00ea pode ser um pouco ego\u00edsta e narcisista, mas isso tem jeito. N\u00e3o se coloque no centro de tudo pois as vezes estar junto com todos, de escanteio, \u00e9 mais proveitoso.<\/span><\/p>\n<p><span style=\"font-weight: 400;\">Reveja suas atitudes, afinal, ningu\u00e9m gosta de uma amiga mimada. Cres\u00e7a, seja independente, seja feliz e, principalmente, n\u00e3o use os outros de escada.\u00a0<\/span><\/p>\n<h3><span style=\"font-weight: 400;\">A juventude n\u00e3o dura para sempre<\/span><\/h3>\n<p><span style=\"font-weight: 400;\">Use filtro solar, beba \u00e1gua, pratique exerc\u00edcios e fa\u00e7a coisas que te d\u00e3o prazer. Ou seja, cuide da sua <a href=\"https:\/\/www.iquilibrio.com\/blog\/bem-estar\/qual-importancia-saude-mental\/\">sa\u00fade f\u00edsica e mental<\/a>. Confesso, \u00e9 muito bom comer porcarias, ficar sentada em frente ao celular e praticar levantamento de controle remoto.<\/span><\/p>\n<p><span style=\"font-weight: 400;\">Mas fazer isso por um longo tempo pode deix\u00e1-la sedent\u00e1ria e afetar profundamente sua sa\u00fade. E n\u00e3o \u00e9 s\u00f3 o seu corpo que sofre, sua mente tamb\u00e9m, pois se j\u00e1 tiver tend\u00eancia a ter <a href=\"https:\/\/www.iquilibrio.com\/blog\/terapias-alternativas\/oleo-essencial-depressao\/\">depress\u00e3o<\/a>, isso pode se agravar.<\/span><\/p>\n<p><span style=\"font-weight: 400;\">E a\u00ed, vira um ciclo: voc\u00ea fica triste e n\u00e3o faz exerc\u00edcio \/ n\u00e3o faz exerc\u00edcio e fica mais triste ainda. Vamos quebrar esse ciclo?<\/span><\/p>\n<h3><span style=\"font-weight: 400;\">Todos os excessos n\u00e3o s\u00e3o bem-vindos<\/span><\/h3>\n<p><span style=\"font-weight: 400;\">Os <a href=\"https:\/\/www.astrocentro.com.br\/blog\/simpatias\/simpatia-para-acabar-com-vicios\/?utm_campaign=iquilibrio&amp;utm_medium=blog&amp;utm_source=vicios&amp;utm_content=mudancas-pessoais&amp;sck=link_building\">v\u00edcios<\/a>, exageros e excessos nunca fazem bem. Dormir demais, dormir pouco, comer muito, comer quase nada, jogar demais, perder o controle e se entregar aos v\u00edcios s\u00e3o situa\u00e7\u00f5es muito perigosas.<\/span><\/p>\n<p><span style=\"font-weight: 400;\">Por isso, vamos repensar os excessos? Vamos cuidar dos v\u00edcios? O primeiro e mais importante passo \u00e9 admitir que existe um problema. Converse com as pessoas que convivem com voc\u00ea, demonstre interesse em mudar e pe\u00e7a ajuda.<\/span><\/p>\n<p><span style=\"font-weight: 400;\">N\u00e3o sabe com quem contar? Procure um m\u00e9dico, psic\u00f3logo, terapeuta ou psiquiatra. O SUS oferece alguns servi\u00e7os, assim como os CAPS (Centro de Apoio Psicossocial).<\/span><\/p>\n<h3><span style=\"font-weight: 400;\">Mude, evolua e busque a felicidade<\/span><\/h3>\n<p><span style=\"font-weight: 400;\">Mudan\u00e7as pessoais causam medo, d\u00f3i, mas n\u00e3o \u00e9 imposs\u00edvel. Por isso, invista em voc\u00ea mesma, n\u00e3o abra m\u00e3o da sua felicidade e busque sempre ser a sua melhor vers\u00e3o.<\/span><\/p>\n<p><span style=\"font-weight: 400;\">E a\u00ed, quais mudan\u00e7as voc\u00ea quer daqui para frente? Conta aqui nos coment\u00e1rios!<\/span><\/p>\n<p><span style=\"font-weight: 400;\">Grande beijo e at\u00e9 a pr\u00f3xima! &#x2728;<\/span><\/p>\n\n\n<div class=\"kk-star-ratings kksr-auto kksr-align-left kksr-valign-bottom\"\n    data-payload='{&quot;align&quot;:&quot;left&quot;,&quot;id&quot;:&quot;33802&quot;,&quot;slug&quot;:&quot;default&quot;,&quot;valign&quot;:&quot;bottom&quot;,&quot;ignore&quot;:&quot;&quot;,&quot;reference&quot;:&quot;auto&quot;,&quot;class&quot;:&quot;&quot;,&quot;count&quot;:&quot;1&quot;,&quot;legendonly&quot;:&quot;&quot;,&quot;readonly&quot;:&quot;&quot;,&quot;score&quot;:&quot;5&quot;,&quot;starsonly&quot;:&quot;&quot;,&quot;best&quot;:&quot;5&quot;,&quot;gap&quot;:&quot;5&quot;,&quot;greet&quot;:&quot;Rate this post&quot;,&quot;legend&quot;:&quot;5\\\/5 - (1 voto)&quot;,&quot;size&quot;:&quot;24&quot;,&quot;title&quot;:&quot;Por que as mudan\u00e7as pessoais doem tanto? Desapegue!&quot;,&quot;width&quot;:&quot;142.5&quot;,&quot;_legend&quot;:&quot;{score}\\\/{best} - ({count} {votes})&quot;,&quot;font_factor&quot;:&quot;1.25&quot;}'>\n            \n<div class=\"kksr-stars\">\n    \n<div class=\"kksr-stars-inactive\">\n            <div class=\"kksr-star\" data-star=\"1\" style=\"padding-right: 5px\">\n            \n\n<div class=\"kksr-icon\" style=\"width: 24px; height: 24px;\"><\/div>\n        <\/div>\n            <div class=\"kksr-star\" data-star=\"2\" style=\"padding-right: 5px\">\n            \n\n<div class=\"kksr-icon\" style=\"width: 24px; height: 24px;\"><\/div>\n        <\/div>\n            <div class=\"kksr-star\" data-star=\"3\" style=\"padding-right: 5px\">\n            \n\n<div class=\"kksr-icon\" style=\"width: 24px; height: 24px;\"><\/div>\n        <\/div>\n            <div class=\"kksr-star\" data-star=\"4\" style=\"padding-right: 5px\">\n            \n\n<div class=\"kksr-icon\" style=\"width: 24px; height: 24px;\"><\/div>\n        <\/div>\n            <div class=\"kksr-star\" data-star=\"5\" style=\"padding-right: 5px\">\n            \n\n<div class=\"kksr-icon\" style=\"width: 24px; height: 24px;\"><\/div>\n        <\/div>\n    <\/div>\n    \n<div class=\"kksr-stars-active\" style=\"width: 142.5px;\">\n            <div class=\"kksr-star\" style=\"padding-right: 5px\">\n            \n\n<div class=\"kksr-icon\" style=\"width: 24px; height: 24px;\"><\/div>\n        <\/div>\n            <div class=\"kksr-star\" style=\"padding-right: 5px\">\n            \n\n<div class=\"kksr-icon\" style=\"width: 24px; height: 24px;\"><\/div>\n        <\/div>\n            <div class=\"kksr-star\" style=\"padding-right: 5px\">\n            \n\n<div class=\"kksr-icon\" style=\"width: 24px; height: 24px;\"><\/div>\n        <\/div>\n            <div class=\"kksr-star\" style=\"padding-right: 5px\">\n            \n\n<div class=\"kksr-icon\" style=\"width: 24px; height: 24px;\"><\/div>\n        <\/div>\n            <div class=\"kksr-star\" style=\"padding-right: 5px\">\n            \n\n<div class=\"kksr-icon\" style=\"width: 24px; height: 24px;\"><\/div>\n        <\/div>\n    <\/div>\n<\/div>\n                \n\n<div class=\"kksr-legend\" style=\"font-size: 19.2px;\">\n            5\/5 - (1 voto)    <\/div>\n    <\/div>\n","protected":false},"excerpt":{"rendered":"<p>Ahh\u2026 as mudan\u00e7as pessoais! Dificilmente elas v\u00eam acompanhadas de sorrisos e intensa felicidade. Mudar d\u00f3i, exige esfor\u00e7o, d\u00e1 medo. Mas n\u00e3o deveria ser assim.\u00a0 Ent\u00e3o, por que sofremos tanto? Porque o desconhecido e o novo d\u00e3o medo. Porque sair da zona de conforto d\u00e1 trabalho. E em um mundo t\u00e3o imediatista, queremos pular essa transi\u00e7\u00e3o [&hellip;]<\/p>\n","protected":false},"author":155,"featured_media":33803,"comment_status":"open","ping_status":"open","sticky":false,"template":"","format":"standard","meta":{"footnotes":""},"categories":[623,592],"tags":[3089,4336,4335,4337],"class_list":["post-33802","post","type-post","status-publish","format-standard","has-post-thumbnail","hentry","category-autoconhecimento","category-bem-estar","tag-bem-estar","tag-evolucao","tag-mudancas-pessoais","tag-mudar"],"yoast_head":"<!-- This site is optimized with the Yoast SEO plugin v27.4 - https:\/\/yoast.com\/product\/yoast-seo-wordpress\/ -->\n<title>Mudan\u00e7as pessoais, evolu\u00e7\u00e3o e felicidade [GUIA do desapego]\u2728<\/title>\n<meta name=\"description\" content=\"As mudan\u00e7as pessoais te assustam? Saiba que sem elas n\u00e3o h\u00e1 evolu\u00e7\u00e3o e a felicidade pode ser afetada. Como mudar? Como aceitar essa mudan\u00e7a?\" \/>\n<meta name=\"robots\" content=\"index, follow, max-snippet:-1, max-image-preview:large, max-video-preview:-1\" \/>\n<link rel=\"canonical\" href=\"https:\/\/www.iquilibrio.com\/blog\/bem-estar\/mudancas-pessoais\/\" \/>\n<meta property=\"og:locale\" content=\"pt_BR\" \/>\n<meta property=\"og:type\" content=\"article\" \/>\n<meta property=\"og:title\" content=\"Mudan\u00e7as pessoais, evolu\u00e7\u00e3o e felicidade [GUIA do desapego]\u2728\" \/>\n<meta property=\"og:description\" content=\"As mudan\u00e7as pessoais te assustam? Saiba que sem elas n\u00e3o h\u00e1 evolu\u00e7\u00e3o e a felicidade pode ser afetada. Como mudar? Como aceitar essa mudan\u00e7a?\" \/>\n<meta property=\"og:url\" content=\"https:\/\/www.iquilibrio.com\/blog\/bem-estar\/mudancas-pessoais\/\" \/>\n<meta property=\"og:site_name\" content=\"iQuilibrio\" \/>\n<meta property=\"article:publisher\" content=\"https:\/\/www.facebook.com\/iQuilibrio\/\" \/>\n<meta property=\"article:published_time\" content=\"2021-12-18T13:00:15+00:00\" \/>\n<meta property=\"og:image\" content=\"https:\/\/www.iquilibrio.com\/blog\/wp-content\/uploads\/2021\/12\/mudancas-pessoais.jpg\" \/>\n\t<meta property=\"og:image:width\" content=\"900\" \/>\n\t<meta property=\"og:image:height\" content=\"560\" \/>\n\t<meta property=\"og:image:type\" content=\"image\/jpeg\" \/>\n<meta name=\"author\" content=\"Katrina Devilla\" \/>\n<meta name=\"twitter:card\" content=\"summary_large_image\" \/>\n<meta name=\"twitter:creator\" content=\"@iquilibrio\" \/>\n<meta name=\"twitter:site\" content=\"@iquilibrio\" \/>\n<meta name=\"twitter:label1\" content=\"Escrito por\" \/>\n\t<meta name=\"twitter:data1\" content=\"Katrina Devilla\" \/>\n\t<meta name=\"twitter:label2\" content=\"Est. tempo de leitura\" \/>\n\t<meta name=\"twitter:data2\" content=\"6 minutos\" \/>\n<script type=\"application\/ld+json\" class=\"yoast-schema-graph\">{\"@context\":\"https:\\\/\\\/schema.org\",\"@graph\":[{\"@type\":\"Article\",\"@id\":\"https:\\\/\\\/www.iquilibrio.com\\\/blog\\\/bem-estar\\\/mudancas-pessoais\\\/#article\",\"isPartOf\":{\"@id\":\"https:\\\/\\\/www.iquilibrio.com\\\/blog\\\/bem-estar\\\/mudancas-pessoais\\\/\"},\"author\":{\"name\":\"Katrina Devilla\",\"@id\":\"https:\\\/\\\/www.iquilibrio.com\\\/blog\\\/#\\\/schema\\\/person\\\/a9cde6e88d14c853339bcd3d04fe1dbb\"},\"headline\":\"Por que as mudan\u00e7as pessoais doem tanto? Desapegue!\",\"datePublished\":\"2021-12-18T13:00:15+00:00\",\"mainEntityOfPage\":{\"@id\":\"https:\\\/\\\/www.iquilibrio.com\\\/blog\\\/bem-estar\\\/mudancas-pessoais\\\/\"},\"wordCount\":1171,\"commentCount\":0,\"publisher\":{\"@id\":\"https:\\\/\\\/www.iquilibrio.com\\\/blog\\\/#organization\"},\"image\":{\"@id\":\"https:\\\/\\\/www.iquilibrio.com\\\/blog\\\/bem-estar\\\/mudancas-pessoais\\\/#primaryimage\"},\"thumbnailUrl\":\"https:\\\/\\\/www.iquilibrio.com\\\/blog\\\/wp-content\\\/uploads\\\/2021\\\/12\\\/mudancas-pessoais.jpg\",\"keywords\":[\"bem-estar\",\"evolu\u00e7\u00e3o\",\"mudan\u00e7as pessoais\",\"mudar\"],\"articleSection\":[\"Autoconhecimento\",\"Dicas de Bem-Estar\"],\"inLanguage\":\"pt-BR\"},{\"@type\":\"WebPage\",\"@id\":\"https:\\\/\\\/www.iquilibrio.com\\\/blog\\\/bem-estar\\\/mudancas-pessoais\\\/\",\"url\":\"https:\\\/\\\/www.iquilibrio.com\\\/blog\\\/bem-estar\\\/mudancas-pessoais\\\/\",\"name\":\"Mudan\u00e7as pessoais, evolu\u00e7\u00e3o e felicidade [GUIA do desapego]\u2728\",\"isPartOf\":{\"@id\":\"https:\\\/\\\/www.iquilibrio.com\\\/blog\\\/#website\"},\"primaryImageOfPage\":{\"@id\":\"https:\\\/\\\/www.iquilibrio.com\\\/blog\\\/bem-estar\\\/mudancas-pessoais\\\/#primaryimage\"},\"image\":{\"@id\":\"https:\\\/\\\/www.iquilibrio.com\\\/blog\\\/bem-estar\\\/mudancas-pessoais\\\/#primaryimage\"},\"thumbnailUrl\":\"https:\\\/\\\/www.iquilibrio.com\\\/blog\\\/wp-content\\\/uploads\\\/2021\\\/12\\\/mudancas-pessoais.jpg\",\"datePublished\":\"2021-12-18T13:00:15+00:00\",\"description\":\"As mudan\u00e7as pessoais te assustam? Saiba que sem elas n\u00e3o h\u00e1 evolu\u00e7\u00e3o e a felicidade pode ser afetada. Como mudar? Como aceitar essa mudan\u00e7a?\",\"breadcrumb\":{\"@id\":\"https:\\\/\\\/www.iquilibrio.com\\\/blog\\\/bem-estar\\\/mudancas-pessoais\\\/#breadcrumb\"},\"inLanguage\":\"pt-BR\",\"potentialAction\":[{\"@type\":\"ReadAction\",\"target\":[\"https:\\\/\\\/www.iquilibrio.com\\\/blog\\\/bem-estar\\\/mudancas-pessoais\\\/\"]}]},{\"@type\":\"ImageObject\",\"inLanguage\":\"pt-BR\",\"@id\":\"https:\\\/\\\/www.iquilibrio.com\\\/blog\\\/bem-estar\\\/mudancas-pessoais\\\/#primaryimage\",\"url\":\"https:\\\/\\\/www.iquilibrio.com\\\/blog\\\/wp-content\\\/uploads\\\/2021\\\/12\\\/mudancas-pessoais.jpg\",\"contentUrl\":\"https:\\\/\\\/www.iquilibrio.com\\\/blog\\\/wp-content\\\/uploads\\\/2021\\\/12\\\/mudancas-pessoais.jpg\",\"width\":900,\"height\":560,\"caption\":\"Mudan\u00e7as pessoais\"},{\"@type\":\"BreadcrumbList\",\"@id\":\"https:\\\/\\\/www.iquilibrio.com\\\/blog\\\/bem-estar\\\/mudancas-pessoais\\\/#breadcrumb\",\"itemListElement\":[{\"@type\":\"ListItem\",\"position\":1,\"name\":\"In\u00edcio\",\"item\":\"https:\\\/\\\/www.iquilibrio.com\\\/blog\\\/\"},{\"@type\":\"ListItem\",\"position\":2,\"name\":\"Por que as mudan\u00e7as pessoais doem tanto? Desapegue!\"}]},{\"@type\":\"WebSite\",\"@id\":\"https:\\\/\\\/www.iquilibrio.com\\\/blog\\\/#website\",\"url\":\"https:\\\/\\\/www.iquilibrio.com\\\/blog\\\/\",\"name\":\"iQuilibrio\",\"description\":\"Blog iQuilibrio\",\"publisher\":{\"@id\":\"https:\\\/\\\/www.iquilibrio.com\\\/blog\\\/#organization\"},\"potentialAction\":[{\"@type\":\"SearchAction\",\"target\":{\"@type\":\"EntryPoint\",\"urlTemplate\":\"https:\\\/\\\/www.iquilibrio.com\\\/blog\\\/?s={search_term_string}\"},\"query-input\":{\"@type\":\"PropertyValueSpecification\",\"valueRequired\":true,\"valueName\":\"search_term_string\"}}],\"inLanguage\":\"pt-BR\"},{\"@type\":\"Organization\",\"@id\":\"https:\\\/\\\/www.iquilibrio.com\\\/blog\\\/#organization\",\"name\":\"Esoterismo, Misticismo e Tarot Online - iQuilibrio\",\"url\":\"https:\\\/\\\/www.iquilibrio.com\\\/blog\\\/\",\"logo\":{\"@type\":\"ImageObject\",\"inLanguage\":\"pt-BR\",\"@id\":\"https:\\\/\\\/www.iquilibrio.com\\\/blog\\\/#\\\/schema\\\/logo\\\/image\\\/\",\"url\":\"https:\\\/\\\/www.iquilibrio.com\\\/blog\\\/wp-content\\\/uploads\\\/2018\\\/12\\\/iquilibrio_lovo_vetor_preto-retina.png\",\"contentUrl\":\"https:\\\/\\\/www.iquilibrio.com\\\/blog\\\/wp-content\\\/uploads\\\/2018\\\/12\\\/iquilibrio_lovo_vetor_preto-retina.png\",\"width\":972,\"height\":180,\"caption\":\"Esoterismo, Misticismo e Tarot Online - iQuilibrio\"},\"image\":{\"@id\":\"https:\\\/\\\/www.iquilibrio.com\\\/blog\\\/#\\\/schema\\\/logo\\\/image\\\/\"},\"sameAs\":[\"https:\\\/\\\/www.facebook.com\\\/iQuilibrio\\\/\",\"https:\\\/\\\/x.com\\\/iquilibrio\",\"https:\\\/\\\/www.instagram.com\\\/iquilibrio\\\/\",\"https:\\\/\\\/www.linkedin.com\\\/company\\\/iquilibrio\\\/\",\"https:\\\/\\\/br.pinterest.com\\\/iquilibrio1397\\\/\",\"https:\\\/\\\/www.youtube.com\\\/channel\\\/UC175qxd-4Zsi4wzawT5zF2g\"]},{\"@type\":\"Person\",\"@id\":\"https:\\\/\\\/www.iquilibrio.com\\\/blog\\\/#\\\/schema\\\/person\\\/a9cde6e88d14c853339bcd3d04fe1dbb\",\"name\":\"Katrina Devilla\",\"image\":{\"@type\":\"ImageObject\",\"inLanguage\":\"pt-BR\",\"@id\":\"https:\\\/\\\/secure.gravatar.com\\\/avatar\\\/1f540b99ef20bca9c5117565f5cb62c1a95aa578d9d45345315e4338aac207d6?s=96&d=blank&r=g\",\"url\":\"https:\\\/\\\/secure.gravatar.com\\\/avatar\\\/1f540b99ef20bca9c5117565f5cb62c1a95aa578d9d45345315e4338aac207d6?s=96&d=blank&r=g\",\"contentUrl\":\"https:\\\/\\\/secure.gravatar.com\\\/avatar\\\/1f540b99ef20bca9c5117565f5cb62c1a95aa578d9d45345315e4338aac207d6?s=96&d=blank&r=g\",\"caption\":\"Katrina Devilla\"},\"description\":\"Katrina Devilla escreve sobre magia e como deixar a vida leve. Cozinha coisas gostosas, deita no quintal para ver estrelas e, quando tem sorte, v\u00ea um ou outro sat\u00e9lite, mas pensa que \u00e9 estrela cadente. Vive a magia da natureza e se encanta com cada amanhecer. Frui vita! Al\u00e9m disso, Katrina Devilla \u00e9 uma bruxa espiritualista que, por acaso, escreve bem e entende de SEO. Tem imenso prazer em ajudar os outros e ver que seus textos podem inspirar e mudar vidas. A espiritualidade est\u00e1 aqui, basta voc\u00ea querer ver e experimentar!\",\"url\":\"https:\\\/\\\/www.iquilibrio.com\\\/blog\\\/author\\\/candida-thomazellicanoadigital-com\\\/\"}]}<\/script>\n<!-- \/ Yoast SEO plugin. -->","yoast_head_json":{"title":"Mudan\u00e7as pessoais, evolu\u00e7\u00e3o e felicidade [GUIA do desapego]\u2728","description":"As mudan\u00e7as pessoais te assustam? Saiba que sem elas n\u00e3o h\u00e1 evolu\u00e7\u00e3o e a felicidade pode ser afetada. Como mudar? Como aceitar essa mudan\u00e7a?","robots":{"index":"index","follow":"follow","max-snippet":"max-snippet:-1","max-image-preview":"max-image-preview:large","max-video-preview":"max-video-preview:-1"},"canonical":"https:\/\/www.iquilibrio.com\/blog\/bem-estar\/mudancas-pessoais\/","og_locale":"pt_BR","og_type":"article","og_title":"Mudan\u00e7as pessoais, evolu\u00e7\u00e3o e felicidade [GUIA do desapego]\u2728","og_description":"As mudan\u00e7as pessoais te assustam? Saiba que sem elas n\u00e3o h\u00e1 evolu\u00e7\u00e3o e a felicidade pode ser afetada. Como mudar? Como aceitar essa mudan\u00e7a?","og_url":"https:\/\/www.iquilibrio.com\/blog\/bem-estar\/mudancas-pessoais\/","og_site_name":"iQuilibrio","article_publisher":"https:\/\/www.facebook.com\/iQuilibrio\/","article_published_time":"2021-12-18T13:00:15+00:00","og_image":[{"width":900,"height":560,"url":"https:\/\/www.iquilibrio.com\/blog\/wp-content\/uploads\/2021\/12\/mudancas-pessoais.jpg","type":"image\/jpeg"}],"author":"Katrina Devilla","twitter_card":"summary_large_image","twitter_creator":"@iquilibrio","twitter_site":"@iquilibrio","twitter_misc":{"Escrito por":"Katrina Devilla","Est. tempo de leitura":"6 minutos"},"schema":{"@context":"https:\/\/schema.org","@graph":[{"@type":"Article","@id":"https:\/\/www.iquilibrio.com\/blog\/bem-estar\/mudancas-pessoais\/#article","isPartOf":{"@id":"https:\/\/www.iquilibrio.com\/blog\/bem-estar\/mudancas-pessoais\/"},"author":{"name":"Katrina Devilla","@id":"https:\/\/www.iquilibrio.com\/blog\/#\/schema\/person\/a9cde6e88d14c853339bcd3d04fe1dbb"},"headline":"Por que as mudan\u00e7as pessoais doem tanto? Desapegue!","datePublished":"2021-12-18T13:00:15+00:00","mainEntityOfPage":{"@id":"https:\/\/www.iquilibrio.com\/blog\/bem-estar\/mudancas-pessoais\/"},"wordCount":1171,"commentCount":0,"publisher":{"@id":"https:\/\/www.iquilibrio.com\/blog\/#organization"},"image":{"@id":"https:\/\/www.iquilibrio.com\/blog\/bem-estar\/mudancas-pessoais\/#primaryimage"},"thumbnailUrl":"https:\/\/www.iquilibrio.com\/blog\/wp-content\/uploads\/2021\/12\/mudancas-pessoais.jpg","keywords":["bem-estar","evolu\u00e7\u00e3o","mudan\u00e7as pessoais","mudar"],"articleSection":["Autoconhecimento","Dicas de Bem-Estar"],"inLanguage":"pt-BR"},{"@type":"WebPage","@id":"https:\/\/www.iquilibrio.com\/blog\/bem-estar\/mudancas-pessoais\/","url":"https:\/\/www.iquilibrio.com\/blog\/bem-estar\/mudancas-pessoais\/","name":"Mudan\u00e7as pessoais, evolu\u00e7\u00e3o e felicidade [GUIA do desapego]\u2728","isPartOf":{"@id":"https:\/\/www.iquilibrio.com\/blog\/#website"},"primaryImageOfPage":{"@id":"https:\/\/www.iquilibrio.com\/blog\/bem-estar\/mudancas-pessoais\/#primaryimage"},"image":{"@id":"https:\/\/www.iquilibrio.com\/blog\/bem-estar\/mudancas-pessoais\/#primaryimage"},"thumbnailUrl":"https:\/\/www.iquilibrio.com\/blog\/wp-content\/uploads\/2021\/12\/mudancas-pessoais.jpg","datePublished":"2021-12-18T13:00:15+00:00","description":"As mudan\u00e7as pessoais te assustam? Saiba que sem elas n\u00e3o h\u00e1 evolu\u00e7\u00e3o e a felicidade pode ser afetada. Como mudar? Como aceitar essa mudan\u00e7a?","breadcrumb":{"@id":"https:\/\/www.iquilibrio.com\/blog\/bem-estar\/mudancas-pessoais\/#breadcrumb"},"inLanguage":"pt-BR","potentialAction":[{"@type":"ReadAction","target":["https:\/\/www.iquilibrio.com\/blog\/bem-estar\/mudancas-pessoais\/"]}]},{"@type":"ImageObject","inLanguage":"pt-BR","@id":"https:\/\/www.iquilibrio.com\/blog\/bem-estar\/mudancas-pessoais\/#primaryimage","url":"https:\/\/www.iquilibrio.com\/blog\/wp-content\/uploads\/2021\/12\/mudancas-pessoais.jpg","contentUrl":"https:\/\/www.iquilibrio.com\/blog\/wp-content\/uploads\/2021\/12\/mudancas-pessoais.jpg","width":900,"height":560,"caption":"Mudan\u00e7as pessoais"},{"@type":"BreadcrumbList","@id":"https:\/\/www.iquilibrio.com\/blog\/bem-estar\/mudancas-pessoais\/#breadcrumb","itemListElement":[{"@type":"ListItem","position":1,"name":"In\u00edcio","item":"https:\/\/www.iquilibrio.com\/blog\/"},{"@type":"ListItem","position":2,"name":"Por que as mudan\u00e7as pessoais doem tanto? Desapegue!"}]},{"@type":"WebSite","@id":"https:\/\/www.iquilibrio.com\/blog\/#website","url":"https:\/\/www.iquilibrio.com\/blog\/","name":"iQuilibrio","description":"Blog iQuilibrio","publisher":{"@id":"https:\/\/www.iquilibrio.com\/blog\/#organization"},"potentialAction":[{"@type":"SearchAction","target":{"@type":"EntryPoint","urlTemplate":"https:\/\/www.iquilibrio.com\/blog\/?s={search_term_string}"},"query-input":{"@type":"PropertyValueSpecification","valueRequired":true,"valueName":"search_term_string"}}],"inLanguage":"pt-BR"},{"@type":"Organization","@id":"https:\/\/www.iquilibrio.com\/blog\/#organization","name":"Esoterismo, Misticismo e Tarot Online - iQuilibrio","url":"https:\/\/www.iquilibrio.com\/blog\/","logo":{"@type":"ImageObject","inLanguage":"pt-BR","@id":"https:\/\/www.iquilibrio.com\/blog\/#\/schema\/logo\/image\/","url":"https:\/\/www.iquilibrio.com\/blog\/wp-content\/uploads\/2018\/12\/iquilibrio_lovo_vetor_preto-retina.png","contentUrl":"https:\/\/www.iquilibrio.com\/blog\/wp-content\/uploads\/2018\/12\/iquilibrio_lovo_vetor_preto-retina.png","width":972,"height":180,"caption":"Esoterismo, Misticismo e Tarot Online - iQuilibrio"},"image":{"@id":"https:\/\/www.iquilibrio.com\/blog\/#\/schema\/logo\/image\/"},"sameAs":["https:\/\/www.facebook.com\/iQuilibrio\/","https:\/\/x.com\/iquilibrio","https:\/\/www.instagram.com\/iquilibrio\/","https:\/\/www.linkedin.com\/company\/iquilibrio\/","https:\/\/br.pinterest.com\/iquilibrio1397\/","https:\/\/www.youtube.com\/channel\/UC175qxd-4Zsi4wzawT5zF2g"]},{"@type":"Person","@id":"https:\/\/www.iquilibrio.com\/blog\/#\/schema\/person\/a9cde6e88d14c853339bcd3d04fe1dbb","name":"Katrina Devilla","image":{"@type":"ImageObject","inLanguage":"pt-BR","@id":"https:\/\/secure.gravatar.com\/avatar\/1f540b99ef20bca9c5117565f5cb62c1a95aa578d9d45345315e4338aac207d6?s=96&d=blank&r=g","url":"https:\/\/secure.gravatar.com\/avatar\/1f540b99ef20bca9c5117565f5cb62c1a95aa578d9d45345315e4338aac207d6?s=96&d=blank&r=g","contentUrl":"https:\/\/secure.gravatar.com\/avatar\/1f540b99ef20bca9c5117565f5cb62c1a95aa578d9d45345315e4338aac207d6?s=96&d=blank&r=g","caption":"Katrina Devilla"},"description":"Katrina Devilla escreve sobre magia e como deixar a vida leve. Cozinha coisas gostosas, deita no quintal para ver estrelas e, quando tem sorte, v\u00ea um ou outro sat\u00e9lite, mas pensa que \u00e9 estrela cadente. Vive a magia da natureza e se encanta com cada amanhecer. Frui vita! Al\u00e9m disso, Katrina Devilla \u00e9 uma bruxa espiritualista que, por acaso, escreve bem e entende de SEO. Tem imenso prazer em ajudar os outros e ver que seus textos podem inspirar e mudar vidas. A espiritualidade est\u00e1 aqui, basta voc\u00ea querer ver e experimentar!","url":"https:\/\/www.iquilibrio.com\/blog\/author\/candida-thomazellicanoadigital-com\/"}]}},"_links":{"self":[{"href":"https:\/\/www.iquilibrio.com\/blog\/wp-json\/wp\/v2\/posts\/33802","targetHints":{"allow":["GET"]}}],"collection":[{"href":"https:\/\/www.iquilibrio.com\/blog\/wp-json\/wp\/v2\/posts"}],"about":[{"href":"https:\/\/www.iquilibrio.com\/blog\/wp-json\/wp\/v2\/types\/post"}],"author":[{"embeddable":true,"href":"https:\/\/www.iquilibrio.com\/blog\/wp-json\/wp\/v2\/users\/155"}],"replies":[{"embeddable":true,"href":"https:\/\/www.iquilibrio.com\/blog\/wp-json\/wp\/v2\/comments?post=33802"}],"version-history":[{"count":1,"href":"https:\/\/www.iquilibrio.com\/blog\/wp-json\/wp\/v2\/posts\/33802\/revisions"}],"predecessor-version":[{"id":33804,"href":"https:\/\/www.iquilibrio.com\/blog\/wp-json\/wp\/v2\/posts\/33802\/revisions\/33804"}],"wp:featuredmedia":[{"embeddable":true,"href":"https:\/\/www.iquilibrio.com\/blog\/wp-json\/wp\/v2\/media\/33803"}],"wp:attachment":[{"href":"https:\/\/www.iquilibrio.com\/blog\/wp-json\/wp\/v2\/media?parent=33802"}],"wp:term":[{"taxonomy":"category","embeddable":true,"href":"https:\/\/www.iquilibrio.com\/blog\/wp-json\/wp\/v2\/categories?post=33802"},{"taxonomy":"post_tag","embeddable":true,"href":"https:\/\/www.iquilibrio.com\/blog\/wp-json\/wp\/v2\/tags?post=33802"}],"curies":[{"name":"wp","href":"https:\/\/api.w.org\/{rel}","templated":true}]}}