{"id":33724,"date":"2021-12-05T12:29:18","date_gmt":"2021-12-05T15:29:18","guid":{"rendered":"https:\/\/www.iquilibrio.com\/blog\/?p=33724"},"modified":"2021-12-05T12:29:18","modified_gmt":"2021-12-05T15:29:18","slug":"como-lidar-criticas","status":"publish","type":"post","link":"https:\/\/www.iquilibrio.com\/blog\/bem-estar\/autoconhecimento\/como-lidar-criticas\/","title":{"rendered":"Voc\u00ea sabe como lidar com as cr\u00edticas? Dicas para evoluir!"},"content":{"rendered":"<p><span style=\"font-weight: 400;\">Uma situa\u00e7\u00e3o curiosa aconteceu comigo, h\u00e1 pouqu\u00edssimo tempo atr\u00e1s, e me fez pensar seriamente sobre <\/span><b>como lidar com as cr\u00edticas<\/b><span style=\"font-weight: 400;\"> que recebemos. Como estar preparada para fazer e receber cr\u00edticas?<\/span><\/p>\n<p><span style=\"font-weight: 400;\">Vou relatar o que aconteceu comigo e se algo parecido aconteceu com voc\u00ea, me conta aqui embaixo nos coment\u00e1rios, como resolveu essa pendenga (para quem n\u00e3o sabe, pendenga \u00e9 o mesmo que conflito, mas \u00e9 mais gostoso de falar).<\/span><\/p>\n<p><span style=\"font-weight: 400;\">N\u00e3o tenho muitos <\/span><a href=\"https:\/\/www.astrocentro.com.br\/blog\/espiritual\/amizade-vidas-passadas\/?utm_campaign=iquilibrio&amp;utm_medium=blog&amp;utm_source=amigos&amp;utm_content=como-lidar-criticas&amp;sck=link_building\" target=\"_blank\" rel=\"noopener\"><span style=\"font-weight: 400;\">amigos<\/span><\/a><span style=\"font-weight: 400;\">, e isso \u00e9 algo que vem com a idade. Com o tempo a gente passa a selecionar quem vai participar da nossa vida ou n\u00e3o. Pode-se dizer que \u00e9 quase uma pregui\u00e7a de gente chata.<\/span><\/p>\n<p><span style=\"font-weight: 400;\">J\u00e1 ouviu falar em \u201camigo a gente escolhe, <\/span><a href=\"https:\/\/www.iquilibrio.com\/blog\/espiritualidade\/oracoes-salmos\/oracao-da-familia\/\"><span style=\"font-weight: 400;\">fam\u00edlia <\/span><\/a><span style=\"font-weight: 400;\">a gente engole\u201d? Ent\u00e3o, eu escolho minhas amizades desde muito cedo. Ao contr\u00e1rio do que voc\u00ea pode estar pensando, n\u00e3o sou uma adulta sozinha.<\/span><\/p>\n<p><span style=\"font-weight: 400;\">Pois bem, em uma bela tarde de novembro, estava eu escrevendo sobre como <\/span><a href=\"https:\/\/www.iquilibrio.com\/blog\/bem-estar\/autoestima\/\"><span style=\"font-weight: 400;\">melhorar a autoestima<\/span><\/a><span style=\"font-weight: 400;\"> quando recebo mensagem de uma amiga. Entusiasmada, achei que era um convite para ir jantar na casa dela.<\/span><\/p>\n<p><span style=\"font-weight: 400;\">Ledo engano\u2026 Me deparei com um texto no qual ela destilava descontentamento e proferia alguns xingamentos a um outro amigo meu. Nota: ela sabia que essa pessoa era minha amiga, logo, n\u00e3o foi sem querer.<\/span><\/p>\n<p><span style=\"font-weight: 400;\">Essa n\u00e3o era a primeira vez (nem a segunda, nem a terceira\u2026) que acontecia e eu sempre a aconselhei a n\u00e3o nutrir esses sentimentos e passar por cima disso. Nunca o defendi ou mostrei argumentos que a levassem repensar o que sentia por essa pessoa.<\/span><\/p>\n<p><span style=\"font-weight: 400;\">Afinal, ningu\u00e9m \u00e9 obrigado a gostar e ter afinidade com ningu\u00e9m. Mas essa situa\u00e7\u00e3o j\u00e1 estava me incomodando mais do que eu gostaria. E a\u00ed eu resolvi fazer uma observa\u00e7\u00e3o. Ou melhor, uma cr\u00edtica.<\/span><\/p>\n<h2><span style=\"font-weight: 400;\">Como lidar com as cr\u00edticas: exemplo do que N\u00c3O fazer<\/span><\/h2>\n<p><span style=\"font-weight: 400;\">Antes de contar o que eu escrevi, quero ressaltar que nossa <\/span><a href=\"https:\/\/www.iquilibrio.com\/blog\/outros\/amigo-espiritual\/\"><span style=\"font-weight: 400;\">amizade <\/span><\/a><span style=\"font-weight: 400;\">era pautada em \u201cn\u00e3o se sentiu bem, fala! Somos adultas e sabemos lidar com situa\u00e7\u00f5es dif\u00edceis\u201d. Eu acreditei nisso, portanto, n\u00e3o pensei duas vezes em mandar a cr\u00edtica.<\/span><\/p>\n<p><span style=\"font-weight: 400;\">De uma forma bem resumida, eu escrevi que como eu era amiga do fulano, eu ficava bem chateada todas as vezes em que ela falava mal dele para mim. Tamb\u00e9m disse que ela tinha amizades que n\u00e3o me agradavam e eu nunca fiz um coment\u00e1rio negativo sobre essas pessoas pois saberia que isso poderia mago\u00e1-la.<\/span><\/p>\n<p><span style=\"font-weight: 400;\">Finalizei a mensagem dizendo que ela tinha todo direito de n\u00e3o gostar do fulano, afinal, eu n\u00e3o sei o que aconteceu entre eles, mas gostaria que ela n\u00e3o fizesse mais isso. N\u00e3o s\u00f3 pelo meu bem, mas pelo dela, pois nutrir sentimentos negativos e verbalizar isso s\u00f3 traz coisas ruins para nossa volta.<\/span><\/p>\n<p><span style=\"font-weight: 400;\">Ainda disse para ela que nossa amizade permanecia forte e que isso n\u00e3o tinha estragado nada. O que eu achei que aconteceria: \u201ctudo bem, n\u00e3o fa\u00e7o mais isso\u201d. O que realmente aconteceu: \u201ceu preciso de um tempo para n\u00e3o escrever coisas que eu v\u00e1 me arrepender depois. N\u00e3o acredito que isso tenha vindo de voc\u00ea\u201d.<\/span><\/p>\n<p><span style=\"font-weight: 400;\">A \u201ctorta de clim\u00e3o\u201d foi instaurada. E a\u00ed eu percebi que nem todo mundo sabe como lidar com as cr\u00edticas. E o pior, elas nem sempre v\u00eam de forma sutil como eu fiz. Geralmente \u00e9 mais agressiva.<\/span><\/p>\n<h3><span style=\"font-weight: 400;\">Bateu, doeu? Pega que \u00e9 teu!<\/span><\/h3>\n<p><span style=\"font-weight: 400;\">Realmente, fiquei surpresa. Ent\u00e3o, fui buscar a opini\u00e3o de algu\u00e9m que n\u00e3o conhecia os envolvidos, exceto minha pessoa. Contei o \u201ccauso\u201d e recebi esse v\u00eddeo curtinho da youtuber Jout Jout:<\/span><\/p>\n<p><iframe loading=\"lazy\" title=\"Jout Jout e sabedorias da tia: os inc\u00f4modos nas rela\u00e7\u00f5es e no dia a dia que dizem muito sobre N\u00d3S\" width=\"696\" height=\"392\" src=\"https:\/\/www.youtube.com\/embed\/IFOPq1nqgAg?feature=oembed\" frameborder=\"0\" allow=\"accelerometer; autoplay; clipboard-write; encrypted-media; gyroscope; picture-in-picture\" allowfullscreen><\/iframe><\/p>\n<p><span style=\"font-weight: 400;\">E o melhor, fui aconselhada a mandar esse v\u00eddeo para a amiga ofendida. Mas minha intui\u00e7\u00e3o disse que n\u00e3o era a melhor hora para isso.<\/span><\/p>\n<p><span style=\"font-weight: 400;\">Sabe \u201capagar fogo com gasolina\u201d? Seria algo do g\u00eanero\u2026 A frase final do v\u00eddeo, \u201cquando Jo\u00e3o fala de Pedro, sabemos mais sobre Jo\u00e3o do que de Pedro\u201d, era direta demais a algu\u00e9m sens\u00edvel \u00e0s cr\u00edticas.<\/span><\/p>\n<p><span style=\"font-weight: 400;\">O que eu fiz: n\u00e3o respondi as mensagens da minha amiga, esperando que os \u00e2nimos se acalmassem e ela colocasse a cabe\u00e7a no lugar. O que eu deveria ter feito: exatamente o que eu fiz, porque deu certo (e eu nem precisei mandar esse incr\u00edvel v\u00eddeo da Jout Jout).<\/span><\/p>\n<p><span style=\"font-weight: 400;\">Essa minha amiga soube lidar com as cr\u00edticas, mesmo que tardiamente. E para isso, ela seguiu um passo a passo, quase que intuitivo, que eu vou mostrar para voc\u00ea.<\/span><\/p>\n<h2><span style=\"font-weight: 400;\">Leve para o lado pessoal, sim, mas n\u00e3o se ofenda<\/span><\/h2>\n<p><span style=\"font-weight: 400;\">Afinal, a cr\u00edtica \u00e9 sobre uma postura sua ou algo que voc\u00ea fez. Se tiver fundamento, acolha essa cr\u00edtica e fa\u00e7a uma autoan\u00e1lise. N\u00e3o para saber como \u201ccorrigir\u201d algo, mas saber o motivo que te fez ficar t\u00e3o chateada.<\/span><\/p>\n<p><span style=\"font-weight: 400;\">Recebeu muitas cr\u00edticas e compara\u00e7\u00f5es quando era crian\u00e7a? Pois bem, saiba que esse tipo de situa\u00e7\u00e3o gera esse \u201cataque\u201d a qualquer coment\u00e1rio recebido.<\/span><\/p>\n<p><span style=\"font-weight: 400;\">Outra situa\u00e7\u00e3o que nos leva a ficar ofendida \u00e9 a inseguran\u00e7a. Essa tamb\u00e9m \u00e9 uma das grandes causadoras de mal estar diante de uma cr\u00edtica. Mas como lidar com as cr\u00edticas tendo esse perfil de inseguran\u00e7a e um hist\u00f3rico de cr\u00edticas frequentes no passado?<\/span><\/p>\n<p><span style=\"font-weight: 400;\">N\u00e3o \u00e9 f\u00e1cil e r\u00e1pido, mas \u00e9 poss\u00edvel melhorar. Acolha sua crian\u00e7a interior, acolha essa cr\u00edtica e pense em como voc\u00ea pode evoluir com tudo isso. O ideal \u00e9 procurar algum terapeuta ou pegar aconselhamento com algum <\/span><a href=\"https:\/\/www.iquilibrio.com\/reiki\/\"><span style=\"font-weight: 400;\">profissional hol\u00edstico<\/span><\/a><span style=\"font-weight: 400;\">.<\/span><\/p>\n<h2><span style=\"font-weight: 400;\">Bateu, doeu? Pega que \u00e9 teu! Parte 2<\/span><\/h2>\n<p><span style=\"font-weight: 400;\">Ouviu algo que n\u00e3o gostou? Ent\u00e3o, fez algum sentido para voc\u00ea, certo? Afinal, se n\u00e3o fizesse, entraria por uma orelha e sairia pela outra. Como a pr\u00f3pria Jout Jout disse no v\u00eddeo, se n\u00e3o faz sentido para voc\u00ea, n\u00e3o pegue porque n\u00e3o \u00e9 seu.<\/span><\/p>\n<p><span style=\"font-weight: 400;\">Mas e se for? Repense suas atitudes, e, principalmente, de onde veio essa cr\u00edtica. Falando nisso\u2026<\/span><\/p>\n<h2><span style=\"font-weight: 400;\">Como lidar com cr\u00edticas de pessoas que gostam da gente?<\/span><\/h2>\n<p><span style=\"font-weight: 400;\">Essa \u00e9 uma situa\u00e7\u00e3o bem diferente e que merece aten\u00e7\u00e3o. As pessoas que gostam da gente e que nos <\/span><a href=\"https:\/\/www.iquilibrio.com\/blog\/bem-estar\/dicas-amor\/amar-de-verdade\/\"><span style=\"font-weight: 400;\">amam<\/span><\/a><span style=\"font-weight: 400;\"> querem o nosso bem (pelo menos deveriam desejar isso).<\/span><\/p>\n<p><span style=\"font-weight: 400;\">Dessa forma, antes de atacar, pense no que foi dito e leve em considera\u00e7\u00e3o que essa pessoas n\u00e3o tem inten\u00e7\u00f5es de prejudic\u00e1-la. Ou seja, qual o motivo de voc\u00ea se ofender e atacar?<\/span><\/p>\n<p><span style=\"font-weight: 400;\">Acolha a cr\u00edtica e leve o tempo que for necess\u00e1rio para compreender e assimilar, mas n\u00e3o deixe a <\/span><a href=\"https:\/\/www.iquilibrio.com\/blog\/bem-estar\/pensamentos-negativos\/\"><span style=\"font-weight: 400;\">tristeza ou a raiva<\/span><\/a><span style=\"font-weight: 400;\"> tomarem conta.<\/span><\/p>\n<h2><span style=\"font-weight: 400;\">N\u00e3o entendi. Por que estou recebendo essa cr\u00edtica?<\/span><\/h2>\n<p><span style=\"font-weight: 400;\">Pergunte! N\u00e3o leve com voc\u00ea quest\u00f5es mal explicadas. Por que voc\u00ea disse isso? Por que acha isso? O que voc\u00ea faria em meu lugar? Como se sentiria se fosse voc\u00ea a receber a cr\u00edtica.<\/span><\/p>\n<p><span style=\"font-weight: 400;\">Desse jeito, voc\u00ea conseguir\u00e1 compreender o que a pessoa quis dizer, se faz sentido ou n\u00e3o e se voc\u00ea deve tirar uma li\u00e7\u00e3o disso. Portanto, n\u00e3o abrace todas as cr\u00edticas como se fossem verdadeiras e bem direcionadas. Questione sempre.<\/span><\/p>\n<h2><span style=\"font-weight: 400;\">Ou\u00e7a com empatia<\/span><\/h2>\n<p><span style=\"font-weight: 400;\">Por fim, mas n\u00e3o menos importante, \u00e9 ouvir para entender e n\u00e3o para se defender. Se for algo que vem de algu\u00e9m que quer seu bem, quer te ver evoluir e que faz sentido, considere e tente melhorar.<\/span><\/p>\n<p><span style=\"font-weight: 400;\">Agora, se vem de algu\u00e9m que quer mais te prejudicar do que ajudar, continue ouvindo para entender. Afinal, essa cr\u00edtica diz mais sobre essa pessoa do que sobre voc\u00ea.<\/span><\/p>\n<h2><span style=\"font-weight: 400;\">E como acabou o meu \u201ccauso\u201d?<\/span><\/h2>\n<p><span style=\"font-weight: 400;\">Bem, como eu disse, ela usou a intui\u00e7\u00e3o, bom senso e repensou tudo desde o in\u00edcio. Eu pedi desculpas por ter demorado a responder e mais uma vez eu disse que n\u00e3o iria alimentar aquela briga.<\/span><\/p>\n<p><span style=\"font-weight: 400;\">Tudo acabou com uma caixa de bombom na porta da minha casa, um bilhete fofo e uma longa conversa por telefone. Estamos bem e espero que voc\u00ea tamb\u00e9m fique bem, pois saber como lidar com as cr\u00edticas n\u00e3o \u00e9 uma tarefa f\u00e1cil.<\/span><\/p>\n<p><span style=\"font-weight: 400;\">E se voc\u00ea estiver precisando de uma m\u00e3ozinha e desejar conversar com um de nossos <\/span><a href=\"https:\/\/www.iquilibrio.com\/esotericos\/\"><span style=\"font-weight: 400;\">esot\u00e9ricos <\/span><\/a><span style=\"font-weight: 400;\">especialistas, saiba que estamos de bra\u00e7os abertos para acolher voc\u00ea!<\/span><\/p>\n<p><span style=\"font-weight: 400;\">Grande beijo e at\u00e9 a pr\u00f3xima! &#x2728;<\/span><\/p>\n\n\n<div class=\"kk-star-ratings kksr-auto kksr-align-left kksr-valign-bottom\"\n    data-payload='{&quot;align&quot;:&quot;left&quot;,&quot;id&quot;:&quot;33724&quot;,&quot;slug&quot;:&quot;default&quot;,&quot;valign&quot;:&quot;bottom&quot;,&quot;ignore&quot;:&quot;&quot;,&quot;reference&quot;:&quot;auto&quot;,&quot;class&quot;:&quot;&quot;,&quot;count&quot;:&quot;6&quot;,&quot;legendonly&quot;:&quot;&quot;,&quot;readonly&quot;:&quot;&quot;,&quot;score&quot;:&quot;4.8&quot;,&quot;starsonly&quot;:&quot;&quot;,&quot;best&quot;:&quot;5&quot;,&quot;gap&quot;:&quot;5&quot;,&quot;greet&quot;:&quot;Rate this post&quot;,&quot;legend&quot;:&quot;4.8\\\/5 - (6 votos)&quot;,&quot;size&quot;:&quot;24&quot;,&quot;title&quot;:&quot;Voc\u00ea sabe como lidar com as cr\u00edticas? Dicas para evoluir!&quot;,&quot;width&quot;:&quot;136.7&quot;,&quot;_legend&quot;:&quot;{score}\\\/{best} - ({count} {votes})&quot;,&quot;font_factor&quot;:&quot;1.25&quot;}'>\n            \n<div class=\"kksr-stars\">\n    \n<div class=\"kksr-stars-inactive\">\n            <div class=\"kksr-star\" data-star=\"1\" style=\"padding-right: 5px\">\n            \n\n<div class=\"kksr-icon\" style=\"width: 24px; height: 24px;\"><\/div>\n        <\/div>\n            <div class=\"kksr-star\" data-star=\"2\" style=\"padding-right: 5px\">\n            \n\n<div class=\"kksr-icon\" style=\"width: 24px; height: 24px;\"><\/div>\n        <\/div>\n            <div class=\"kksr-star\" data-star=\"3\" style=\"padding-right: 5px\">\n            \n\n<div class=\"kksr-icon\" style=\"width: 24px; height: 24px;\"><\/div>\n        <\/div>\n            <div class=\"kksr-star\" data-star=\"4\" style=\"padding-right: 5px\">\n            \n\n<div class=\"kksr-icon\" style=\"width: 24px; height: 24px;\"><\/div>\n        <\/div>\n            <div class=\"kksr-star\" data-star=\"5\" style=\"padding-right: 5px\">\n            \n\n<div class=\"kksr-icon\" style=\"width: 24px; height: 24px;\"><\/div>\n        <\/div>\n    <\/div>\n    \n<div class=\"kksr-stars-active\" style=\"width: 136.7px;\">\n            <div class=\"kksr-star\" style=\"padding-right: 5px\">\n            \n\n<div class=\"kksr-icon\" style=\"width: 24px; height: 24px;\"><\/div>\n        <\/div>\n            <div class=\"kksr-star\" style=\"padding-right: 5px\">\n            \n\n<div class=\"kksr-icon\" style=\"width: 24px; height: 24px;\"><\/div>\n        <\/div>\n            <div class=\"kksr-star\" style=\"padding-right: 5px\">\n            \n\n<div class=\"kksr-icon\" style=\"width: 24px; height: 24px;\"><\/div>\n        <\/div>\n            <div class=\"kksr-star\" style=\"padding-right: 5px\">\n            \n\n<div class=\"kksr-icon\" style=\"width: 24px; height: 24px;\"><\/div>\n        <\/div>\n            <div class=\"kksr-star\" style=\"padding-right: 5px\">\n            \n\n<div class=\"kksr-icon\" style=\"width: 24px; height: 24px;\"><\/div>\n        <\/div>\n    <\/div>\n<\/div>\n                \n\n<div class=\"kksr-legend\" style=\"font-size: 19.2px;\">\n            4.8\/5 - (6 votos)    <\/div>\n    <\/div>\n","protected":false},"excerpt":{"rendered":"<p>Uma situa\u00e7\u00e3o curiosa aconteceu comigo, h\u00e1 pouqu\u00edssimo tempo atr\u00e1s, e me fez pensar seriamente sobre como lidar com as cr\u00edticas que recebemos. Como estar preparada para fazer e receber cr\u00edticas? Vou relatar o que aconteceu comigo e se algo parecido aconteceu com voc\u00ea, me conta aqui embaixo nos coment\u00e1rios, como resolveu essa pendenga (para quem [&hellip;]<\/p>\n","protected":false},"author":155,"featured_media":33725,"comment_status":"open","ping_status":"open","sticky":false,"template":"","format":"standard","meta":{"footnotes":""},"categories":[623,592],"tags":[423,4332,4333,4334],"class_list":["post-33724","post","type-post","status-publish","format-standard","has-post-thumbnail","hentry","category-autoconhecimento","category-bem-estar","tag-autoconhecimento","tag-como-lidar-com-criticas","tag-criticas","tag-sabedoria"],"yoast_head":"<!-- This site is optimized with the Yoast SEO plugin v27.4 - https:\/\/yoast.com\/product\/yoast-seo-wordpress\/ -->\n<title>Voc\u00ea sabe como lidar com as cr\u00edticas? Dicas para evoluir! - iQuilibrio<\/title>\n<meta name=\"description\" content=\"Como lidar com as cr\u00edticas sem ficar ofendida - nem ofender os outros - e ainda crescer pessoalmente? \u00c9 dif\u00edcil, mas n\u00e3o imposs\u00edvel!\" \/>\n<meta name=\"robots\" content=\"index, follow, max-snippet:-1, max-image-preview:large, max-video-preview:-1\" \/>\n<link rel=\"canonical\" href=\"https:\/\/www.iquilibrio.com\/blog\/bem-estar\/autoconhecimento\/como-lidar-criticas\/\" \/>\n<meta property=\"og:locale\" content=\"pt_BR\" \/>\n<meta property=\"og:type\" content=\"article\" \/>\n<meta property=\"og:title\" content=\"Voc\u00ea sabe como lidar com as cr\u00edticas? Dicas para evoluir! - iQuilibrio\" \/>\n<meta property=\"og:description\" content=\"Como lidar com as cr\u00edticas sem ficar ofendida - nem ofender os outros - e ainda crescer pessoalmente? \u00c9 dif\u00edcil, mas n\u00e3o imposs\u00edvel!\" \/>\n<meta property=\"og:url\" content=\"https:\/\/www.iquilibrio.com\/blog\/bem-estar\/autoconhecimento\/como-lidar-criticas\/\" \/>\n<meta property=\"og:site_name\" content=\"iQuilibrio\" \/>\n<meta property=\"article:publisher\" content=\"https:\/\/www.facebook.com\/iQuilibrio\/\" \/>\n<meta property=\"article:published_time\" content=\"2021-12-05T15:29:18+00:00\" \/>\n<meta property=\"og:image\" content=\"https:\/\/www.iquilibrio.com\/blog\/wp-content\/uploads\/2021\/12\/como-lidar-criticas.jpg\" \/>\n\t<meta property=\"og:image:width\" content=\"900\" \/>\n\t<meta property=\"og:image:height\" content=\"560\" \/>\n\t<meta property=\"og:image:type\" content=\"image\/jpeg\" \/>\n<meta name=\"author\" content=\"Katrina Devilla\" \/>\n<meta name=\"twitter:card\" content=\"summary_large_image\" \/>\n<meta name=\"twitter:creator\" content=\"@iquilibrio\" \/>\n<meta name=\"twitter:site\" content=\"@iquilibrio\" \/>\n<meta name=\"twitter:label1\" content=\"Escrito por\" \/>\n\t<meta name=\"twitter:data1\" content=\"Katrina Devilla\" \/>\n\t<meta name=\"twitter:label2\" content=\"Est. tempo de leitura\" \/>\n\t<meta name=\"twitter:data2\" content=\"6 minutos\" \/>\n<script type=\"application\/ld+json\" class=\"yoast-schema-graph\">{\"@context\":\"https:\\\/\\\/schema.org\",\"@graph\":[{\"@type\":\"Article\",\"@id\":\"https:\\\/\\\/www.iquilibrio.com\\\/blog\\\/bem-estar\\\/autoconhecimento\\\/como-lidar-criticas\\\/#article\",\"isPartOf\":{\"@id\":\"https:\\\/\\\/www.iquilibrio.com\\\/blog\\\/bem-estar\\\/autoconhecimento\\\/como-lidar-criticas\\\/\"},\"author\":{\"name\":\"Katrina Devilla\",\"@id\":\"https:\\\/\\\/www.iquilibrio.com\\\/blog\\\/#\\\/schema\\\/person\\\/a9cde6e88d14c853339bcd3d04fe1dbb\"},\"headline\":\"Voc\u00ea sabe como lidar com as cr\u00edticas? Dicas para evoluir!\",\"datePublished\":\"2021-12-05T15:29:18+00:00\",\"mainEntityOfPage\":{\"@id\":\"https:\\\/\\\/www.iquilibrio.com\\\/blog\\\/bem-estar\\\/autoconhecimento\\\/como-lidar-criticas\\\/\"},\"wordCount\":1434,\"commentCount\":0,\"publisher\":{\"@id\":\"https:\\\/\\\/www.iquilibrio.com\\\/blog\\\/#organization\"},\"image\":{\"@id\":\"https:\\\/\\\/www.iquilibrio.com\\\/blog\\\/bem-estar\\\/autoconhecimento\\\/como-lidar-criticas\\\/#primaryimage\"},\"thumbnailUrl\":\"https:\\\/\\\/www.iquilibrio.com\\\/blog\\\/wp-content\\\/uploads\\\/2021\\\/12\\\/como-lidar-criticas.jpg\",\"keywords\":[\"autoconhecimento\",\"como lidar com cr\u00edticas\",\"cr\u00edticas\",\"sabedoria\"],\"articleSection\":[\"Autoconhecimento\",\"Dicas de Bem-Estar\"],\"inLanguage\":\"pt-BR\"},{\"@type\":\"WebPage\",\"@id\":\"https:\\\/\\\/www.iquilibrio.com\\\/blog\\\/bem-estar\\\/autoconhecimento\\\/como-lidar-criticas\\\/\",\"url\":\"https:\\\/\\\/www.iquilibrio.com\\\/blog\\\/bem-estar\\\/autoconhecimento\\\/como-lidar-criticas\\\/\",\"name\":\"Voc\u00ea sabe como lidar com as cr\u00edticas? Dicas para evoluir! - iQuilibrio\",\"isPartOf\":{\"@id\":\"https:\\\/\\\/www.iquilibrio.com\\\/blog\\\/#website\"},\"primaryImageOfPage\":{\"@id\":\"https:\\\/\\\/www.iquilibrio.com\\\/blog\\\/bem-estar\\\/autoconhecimento\\\/como-lidar-criticas\\\/#primaryimage\"},\"image\":{\"@id\":\"https:\\\/\\\/www.iquilibrio.com\\\/blog\\\/bem-estar\\\/autoconhecimento\\\/como-lidar-criticas\\\/#primaryimage\"},\"thumbnailUrl\":\"https:\\\/\\\/www.iquilibrio.com\\\/blog\\\/wp-content\\\/uploads\\\/2021\\\/12\\\/como-lidar-criticas.jpg\",\"datePublished\":\"2021-12-05T15:29:18+00:00\",\"description\":\"Como lidar com as cr\u00edticas sem ficar ofendida - nem ofender os outros - e ainda crescer pessoalmente? \u00c9 dif\u00edcil, mas n\u00e3o imposs\u00edvel!\",\"breadcrumb\":{\"@id\":\"https:\\\/\\\/www.iquilibrio.com\\\/blog\\\/bem-estar\\\/autoconhecimento\\\/como-lidar-criticas\\\/#breadcrumb\"},\"inLanguage\":\"pt-BR\",\"potentialAction\":[{\"@type\":\"ReadAction\",\"target\":[\"https:\\\/\\\/www.iquilibrio.com\\\/blog\\\/bem-estar\\\/autoconhecimento\\\/como-lidar-criticas\\\/\"]}]},{\"@type\":\"ImageObject\",\"inLanguage\":\"pt-BR\",\"@id\":\"https:\\\/\\\/www.iquilibrio.com\\\/blog\\\/bem-estar\\\/autoconhecimento\\\/como-lidar-criticas\\\/#primaryimage\",\"url\":\"https:\\\/\\\/www.iquilibrio.com\\\/blog\\\/wp-content\\\/uploads\\\/2021\\\/12\\\/como-lidar-criticas.jpg\",\"contentUrl\":\"https:\\\/\\\/www.iquilibrio.com\\\/blog\\\/wp-content\\\/uploads\\\/2021\\\/12\\\/como-lidar-criticas.jpg\",\"width\":900,\"height\":560,\"caption\":\"Como lidar com as cr\u00edticas\"},{\"@type\":\"BreadcrumbList\",\"@id\":\"https:\\\/\\\/www.iquilibrio.com\\\/blog\\\/bem-estar\\\/autoconhecimento\\\/como-lidar-criticas\\\/#breadcrumb\",\"itemListElement\":[{\"@type\":\"ListItem\",\"position\":1,\"name\":\"In\u00edcio\",\"item\":\"https:\\\/\\\/www.iquilibrio.com\\\/blog\\\/\"},{\"@type\":\"ListItem\",\"position\":2,\"name\":\"Voc\u00ea sabe como lidar com as cr\u00edticas? Dicas para evoluir!\"}]},{\"@type\":\"WebSite\",\"@id\":\"https:\\\/\\\/www.iquilibrio.com\\\/blog\\\/#website\",\"url\":\"https:\\\/\\\/www.iquilibrio.com\\\/blog\\\/\",\"name\":\"iQuilibrio\",\"description\":\"Blog iQuilibrio\",\"publisher\":{\"@id\":\"https:\\\/\\\/www.iquilibrio.com\\\/blog\\\/#organization\"},\"potentialAction\":[{\"@type\":\"SearchAction\",\"target\":{\"@type\":\"EntryPoint\",\"urlTemplate\":\"https:\\\/\\\/www.iquilibrio.com\\\/blog\\\/?s={search_term_string}\"},\"query-input\":{\"@type\":\"PropertyValueSpecification\",\"valueRequired\":true,\"valueName\":\"search_term_string\"}}],\"inLanguage\":\"pt-BR\"},{\"@type\":\"Organization\",\"@id\":\"https:\\\/\\\/www.iquilibrio.com\\\/blog\\\/#organization\",\"name\":\"Esoterismo, Misticismo e Tarot Online - iQuilibrio\",\"url\":\"https:\\\/\\\/www.iquilibrio.com\\\/blog\\\/\",\"logo\":{\"@type\":\"ImageObject\",\"inLanguage\":\"pt-BR\",\"@id\":\"https:\\\/\\\/www.iquilibrio.com\\\/blog\\\/#\\\/schema\\\/logo\\\/image\\\/\",\"url\":\"https:\\\/\\\/www.iquilibrio.com\\\/blog\\\/wp-content\\\/uploads\\\/2018\\\/12\\\/iquilibrio_lovo_vetor_preto-retina.png\",\"contentUrl\":\"https:\\\/\\\/www.iquilibrio.com\\\/blog\\\/wp-content\\\/uploads\\\/2018\\\/12\\\/iquilibrio_lovo_vetor_preto-retina.png\",\"width\":972,\"height\":180,\"caption\":\"Esoterismo, Misticismo e Tarot Online - iQuilibrio\"},\"image\":{\"@id\":\"https:\\\/\\\/www.iquilibrio.com\\\/blog\\\/#\\\/schema\\\/logo\\\/image\\\/\"},\"sameAs\":[\"https:\\\/\\\/www.facebook.com\\\/iQuilibrio\\\/\",\"https:\\\/\\\/x.com\\\/iquilibrio\",\"https:\\\/\\\/www.instagram.com\\\/iquilibrio\\\/\",\"https:\\\/\\\/www.linkedin.com\\\/company\\\/iquilibrio\\\/\",\"https:\\\/\\\/br.pinterest.com\\\/iquilibrio1397\\\/\",\"https:\\\/\\\/www.youtube.com\\\/channel\\\/UC175qxd-4Zsi4wzawT5zF2g\"]},{\"@type\":\"Person\",\"@id\":\"https:\\\/\\\/www.iquilibrio.com\\\/blog\\\/#\\\/schema\\\/person\\\/a9cde6e88d14c853339bcd3d04fe1dbb\",\"name\":\"Katrina Devilla\",\"image\":{\"@type\":\"ImageObject\",\"inLanguage\":\"pt-BR\",\"@id\":\"https:\\\/\\\/secure.gravatar.com\\\/avatar\\\/1f540b99ef20bca9c5117565f5cb62c1a95aa578d9d45345315e4338aac207d6?s=96&d=blank&r=g\",\"url\":\"https:\\\/\\\/secure.gravatar.com\\\/avatar\\\/1f540b99ef20bca9c5117565f5cb62c1a95aa578d9d45345315e4338aac207d6?s=96&d=blank&r=g\",\"contentUrl\":\"https:\\\/\\\/secure.gravatar.com\\\/avatar\\\/1f540b99ef20bca9c5117565f5cb62c1a95aa578d9d45345315e4338aac207d6?s=96&d=blank&r=g\",\"caption\":\"Katrina Devilla\"},\"description\":\"Katrina Devilla escreve sobre magia e como deixar a vida leve. Cozinha coisas gostosas, deita no quintal para ver estrelas e, quando tem sorte, v\u00ea um ou outro sat\u00e9lite, mas pensa que \u00e9 estrela cadente. Vive a magia da natureza e se encanta com cada amanhecer. Frui vita! Al\u00e9m disso, Katrina Devilla \u00e9 uma bruxa espiritualista que, por acaso, escreve bem e entende de SEO. Tem imenso prazer em ajudar os outros e ver que seus textos podem inspirar e mudar vidas. A espiritualidade est\u00e1 aqui, basta voc\u00ea querer ver e experimentar!\",\"url\":\"https:\\\/\\\/www.iquilibrio.com\\\/blog\\\/author\\\/candida-thomazellicanoadigital-com\\\/\"}]}<\/script>\n<!-- \/ Yoast SEO plugin. -->","yoast_head_json":{"title":"Voc\u00ea sabe como lidar com as cr\u00edticas? Dicas para evoluir! - iQuilibrio","description":"Como lidar com as cr\u00edticas sem ficar ofendida - nem ofender os outros - e ainda crescer pessoalmente? \u00c9 dif\u00edcil, mas n\u00e3o imposs\u00edvel!","robots":{"index":"index","follow":"follow","max-snippet":"max-snippet:-1","max-image-preview":"max-image-preview:large","max-video-preview":"max-video-preview:-1"},"canonical":"https:\/\/www.iquilibrio.com\/blog\/bem-estar\/autoconhecimento\/como-lidar-criticas\/","og_locale":"pt_BR","og_type":"article","og_title":"Voc\u00ea sabe como lidar com as cr\u00edticas? Dicas para evoluir! - iQuilibrio","og_description":"Como lidar com as cr\u00edticas sem ficar ofendida - nem ofender os outros - e ainda crescer pessoalmente? \u00c9 dif\u00edcil, mas n\u00e3o imposs\u00edvel!","og_url":"https:\/\/www.iquilibrio.com\/blog\/bem-estar\/autoconhecimento\/como-lidar-criticas\/","og_site_name":"iQuilibrio","article_publisher":"https:\/\/www.facebook.com\/iQuilibrio\/","article_published_time":"2021-12-05T15:29:18+00:00","og_image":[{"width":900,"height":560,"url":"https:\/\/www.iquilibrio.com\/blog\/wp-content\/uploads\/2021\/12\/como-lidar-criticas.jpg","type":"image\/jpeg"}],"author":"Katrina Devilla","twitter_card":"summary_large_image","twitter_creator":"@iquilibrio","twitter_site":"@iquilibrio","twitter_misc":{"Escrito por":"Katrina Devilla","Est. tempo de leitura":"6 minutos"},"schema":{"@context":"https:\/\/schema.org","@graph":[{"@type":"Article","@id":"https:\/\/www.iquilibrio.com\/blog\/bem-estar\/autoconhecimento\/como-lidar-criticas\/#article","isPartOf":{"@id":"https:\/\/www.iquilibrio.com\/blog\/bem-estar\/autoconhecimento\/como-lidar-criticas\/"},"author":{"name":"Katrina Devilla","@id":"https:\/\/www.iquilibrio.com\/blog\/#\/schema\/person\/a9cde6e88d14c853339bcd3d04fe1dbb"},"headline":"Voc\u00ea sabe como lidar com as cr\u00edticas? Dicas para evoluir!","datePublished":"2021-12-05T15:29:18+00:00","mainEntityOfPage":{"@id":"https:\/\/www.iquilibrio.com\/blog\/bem-estar\/autoconhecimento\/como-lidar-criticas\/"},"wordCount":1434,"commentCount":0,"publisher":{"@id":"https:\/\/www.iquilibrio.com\/blog\/#organization"},"image":{"@id":"https:\/\/www.iquilibrio.com\/blog\/bem-estar\/autoconhecimento\/como-lidar-criticas\/#primaryimage"},"thumbnailUrl":"https:\/\/www.iquilibrio.com\/blog\/wp-content\/uploads\/2021\/12\/como-lidar-criticas.jpg","keywords":["autoconhecimento","como lidar com cr\u00edticas","cr\u00edticas","sabedoria"],"articleSection":["Autoconhecimento","Dicas de Bem-Estar"],"inLanguage":"pt-BR"},{"@type":"WebPage","@id":"https:\/\/www.iquilibrio.com\/blog\/bem-estar\/autoconhecimento\/como-lidar-criticas\/","url":"https:\/\/www.iquilibrio.com\/blog\/bem-estar\/autoconhecimento\/como-lidar-criticas\/","name":"Voc\u00ea sabe como lidar com as cr\u00edticas? Dicas para evoluir! - iQuilibrio","isPartOf":{"@id":"https:\/\/www.iquilibrio.com\/blog\/#website"},"primaryImageOfPage":{"@id":"https:\/\/www.iquilibrio.com\/blog\/bem-estar\/autoconhecimento\/como-lidar-criticas\/#primaryimage"},"image":{"@id":"https:\/\/www.iquilibrio.com\/blog\/bem-estar\/autoconhecimento\/como-lidar-criticas\/#primaryimage"},"thumbnailUrl":"https:\/\/www.iquilibrio.com\/blog\/wp-content\/uploads\/2021\/12\/como-lidar-criticas.jpg","datePublished":"2021-12-05T15:29:18+00:00","description":"Como lidar com as cr\u00edticas sem ficar ofendida - nem ofender os outros - e ainda crescer pessoalmente? \u00c9 dif\u00edcil, mas n\u00e3o imposs\u00edvel!","breadcrumb":{"@id":"https:\/\/www.iquilibrio.com\/blog\/bem-estar\/autoconhecimento\/como-lidar-criticas\/#breadcrumb"},"inLanguage":"pt-BR","potentialAction":[{"@type":"ReadAction","target":["https:\/\/www.iquilibrio.com\/blog\/bem-estar\/autoconhecimento\/como-lidar-criticas\/"]}]},{"@type":"ImageObject","inLanguage":"pt-BR","@id":"https:\/\/www.iquilibrio.com\/blog\/bem-estar\/autoconhecimento\/como-lidar-criticas\/#primaryimage","url":"https:\/\/www.iquilibrio.com\/blog\/wp-content\/uploads\/2021\/12\/como-lidar-criticas.jpg","contentUrl":"https:\/\/www.iquilibrio.com\/blog\/wp-content\/uploads\/2021\/12\/como-lidar-criticas.jpg","width":900,"height":560,"caption":"Como lidar com as cr\u00edticas"},{"@type":"BreadcrumbList","@id":"https:\/\/www.iquilibrio.com\/blog\/bem-estar\/autoconhecimento\/como-lidar-criticas\/#breadcrumb","itemListElement":[{"@type":"ListItem","position":1,"name":"In\u00edcio","item":"https:\/\/www.iquilibrio.com\/blog\/"},{"@type":"ListItem","position":2,"name":"Voc\u00ea sabe como lidar com as cr\u00edticas? Dicas para evoluir!"}]},{"@type":"WebSite","@id":"https:\/\/www.iquilibrio.com\/blog\/#website","url":"https:\/\/www.iquilibrio.com\/blog\/","name":"iQuilibrio","description":"Blog iQuilibrio","publisher":{"@id":"https:\/\/www.iquilibrio.com\/blog\/#organization"},"potentialAction":[{"@type":"SearchAction","target":{"@type":"EntryPoint","urlTemplate":"https:\/\/www.iquilibrio.com\/blog\/?s={search_term_string}"},"query-input":{"@type":"PropertyValueSpecification","valueRequired":true,"valueName":"search_term_string"}}],"inLanguage":"pt-BR"},{"@type":"Organization","@id":"https:\/\/www.iquilibrio.com\/blog\/#organization","name":"Esoterismo, Misticismo e Tarot Online - iQuilibrio","url":"https:\/\/www.iquilibrio.com\/blog\/","logo":{"@type":"ImageObject","inLanguage":"pt-BR","@id":"https:\/\/www.iquilibrio.com\/blog\/#\/schema\/logo\/image\/","url":"https:\/\/www.iquilibrio.com\/blog\/wp-content\/uploads\/2018\/12\/iquilibrio_lovo_vetor_preto-retina.png","contentUrl":"https:\/\/www.iquilibrio.com\/blog\/wp-content\/uploads\/2018\/12\/iquilibrio_lovo_vetor_preto-retina.png","width":972,"height":180,"caption":"Esoterismo, Misticismo e Tarot Online - iQuilibrio"},"image":{"@id":"https:\/\/www.iquilibrio.com\/blog\/#\/schema\/logo\/image\/"},"sameAs":["https:\/\/www.facebook.com\/iQuilibrio\/","https:\/\/x.com\/iquilibrio","https:\/\/www.instagram.com\/iquilibrio\/","https:\/\/www.linkedin.com\/company\/iquilibrio\/","https:\/\/br.pinterest.com\/iquilibrio1397\/","https:\/\/www.youtube.com\/channel\/UC175qxd-4Zsi4wzawT5zF2g"]},{"@type":"Person","@id":"https:\/\/www.iquilibrio.com\/blog\/#\/schema\/person\/a9cde6e88d14c853339bcd3d04fe1dbb","name":"Katrina Devilla","image":{"@type":"ImageObject","inLanguage":"pt-BR","@id":"https:\/\/secure.gravatar.com\/avatar\/1f540b99ef20bca9c5117565f5cb62c1a95aa578d9d45345315e4338aac207d6?s=96&d=blank&r=g","url":"https:\/\/secure.gravatar.com\/avatar\/1f540b99ef20bca9c5117565f5cb62c1a95aa578d9d45345315e4338aac207d6?s=96&d=blank&r=g","contentUrl":"https:\/\/secure.gravatar.com\/avatar\/1f540b99ef20bca9c5117565f5cb62c1a95aa578d9d45345315e4338aac207d6?s=96&d=blank&r=g","caption":"Katrina Devilla"},"description":"Katrina Devilla escreve sobre magia e como deixar a vida leve. Cozinha coisas gostosas, deita no quintal para ver estrelas e, quando tem sorte, v\u00ea um ou outro sat\u00e9lite, mas pensa que \u00e9 estrela cadente. Vive a magia da natureza e se encanta com cada amanhecer. Frui vita! Al\u00e9m disso, Katrina Devilla \u00e9 uma bruxa espiritualista que, por acaso, escreve bem e entende de SEO. Tem imenso prazer em ajudar os outros e ver que seus textos podem inspirar e mudar vidas. A espiritualidade est\u00e1 aqui, basta voc\u00ea querer ver e experimentar!","url":"https:\/\/www.iquilibrio.com\/blog\/author\/candida-thomazellicanoadigital-com\/"}]}},"_links":{"self":[{"href":"https:\/\/www.iquilibrio.com\/blog\/wp-json\/wp\/v2\/posts\/33724","targetHints":{"allow":["GET"]}}],"collection":[{"href":"https:\/\/www.iquilibrio.com\/blog\/wp-json\/wp\/v2\/posts"}],"about":[{"href":"https:\/\/www.iquilibrio.com\/blog\/wp-json\/wp\/v2\/types\/post"}],"author":[{"embeddable":true,"href":"https:\/\/www.iquilibrio.com\/blog\/wp-json\/wp\/v2\/users\/155"}],"replies":[{"embeddable":true,"href":"https:\/\/www.iquilibrio.com\/blog\/wp-json\/wp\/v2\/comments?post=33724"}],"version-history":[{"count":1,"href":"https:\/\/www.iquilibrio.com\/blog\/wp-json\/wp\/v2\/posts\/33724\/revisions"}],"predecessor-version":[{"id":33726,"href":"https:\/\/www.iquilibrio.com\/blog\/wp-json\/wp\/v2\/posts\/33724\/revisions\/33726"}],"wp:featuredmedia":[{"embeddable":true,"href":"https:\/\/www.iquilibrio.com\/blog\/wp-json\/wp\/v2\/media\/33725"}],"wp:attachment":[{"href":"https:\/\/www.iquilibrio.com\/blog\/wp-json\/wp\/v2\/media?parent=33724"}],"wp:term":[{"taxonomy":"category","embeddable":true,"href":"https:\/\/www.iquilibrio.com\/blog\/wp-json\/wp\/v2\/categories?post=33724"},{"taxonomy":"post_tag","embeddable":true,"href":"https:\/\/www.iquilibrio.com\/blog\/wp-json\/wp\/v2\/tags?post=33724"}],"curies":[{"name":"wp","href":"https:\/\/api.w.org\/{rel}","templated":true}]}}