{"id":33628,"date":"2022-01-18T10:10:03","date_gmt":"2022-01-18T13:10:03","guid":{"rendered":"https:\/\/www.iquilibrio.com\/blog\/?p=33628"},"modified":"2022-01-18T10:10:03","modified_gmt":"2022-01-18T13:10:03","slug":"como-socializar","status":"publish","type":"post","link":"https:\/\/www.iquilibrio.com\/blog\/bem-estar\/como-socializar\/","title":{"rendered":"13 dicas de como socializar p\u00f3s pandemia"},"content":{"rendered":"<p>Depois de mais de dois anos, as taxas de infec\u00e7\u00e3o por COVID-19 ca\u00edram e o n\u00famero de vacinados continua a aumentar. As coisas est\u00e3o come\u00e7ando a se abrir. Veja como socializar ap\u00f3s dois anos de pandemia com algumas dicas que separamos para voc\u00ea.<\/p>\n<h2><strong>Como socializar e perder o \u201cmedo do normal\u201d<\/strong><\/h2>\n<p>Voltar ao normal era algo com que todos sonh\u00e1vamos, m\u00eas ap\u00f3s m\u00eas. E agora? Para alguns, o FOMO (medo de perder) experimentado antes da pandemia foi substitu\u00eddo pelo FONO (medo do normal). Isso pode variar de um medo cont\u00ednuo de infec\u00e7\u00e3o \u00e0 medida que escrit\u00f3rios, escolas e locais p\u00fablicos abrem, a ser estressado sobre como retomar a socializa\u00e7\u00e3o com pessoas fora de sua casa. Sair de sua caverna de seguran\u00e7a COVID pode n\u00e3o ser f\u00e1cil, mesmo se voc\u00ea estiver esperando pacientemente pela chance de sair.<\/p>\n<p>Com isso em mente, conforme avan\u00e7amos em dire\u00e7\u00e3o a uma nova normalidade, um primeiro bom passo \u00e9 reconhecer que a pandemia \u00e9 um evento traum\u00e1tico que vivenciamos coletivamente. Ent\u00e3o, podemos tomar cuidado extra para atender \u00e0s nossas necessidades.<\/p>\n<p style=\"text-align: center;\"><a href=\"https:\/\/www.iquilibrio.com\/\"><span class=\"td_btn td_btn_md td_round_btn\">Fale com um consultor iQuilibrio, aqui!<\/span><\/a><\/p>\n<p>Abaixo, encontre dicas para reduzir o estresse do dia a dia que tamb\u00e9m nos ajudar\u00e3o a enfrentar esse momento \u00fanico, conforme nos aproximamos da reentrada em um mundo aberto. Acima de tudo, tente se lembrar de que voc\u00ea n\u00e3o est\u00e1 sozinho nisso. Com uma pandemia global, cada um de n\u00f3s \u00e9 impactado.<\/p>\n<h3><strong>Observe e aceite como voc\u00ea se sente: como socializar<\/strong><\/h3>\n<p>Quando voc\u00ea estiver estressado, com medo ou desconfort\u00e1vel, pare para pensar sobre o que est\u00e1 sentindo e considere o que est\u00e1 ativando esses sentimentos. Talvez conversar com um amigo sobre os planos de ir ao cinema esteja fazendo seu est\u00f4mago apertar, procurar voos online para ver a fam\u00edlia depois de mais de um ano est\u00e1 fazendo sua cabe\u00e7a girar ou considerar voltar ao escrit\u00f3rio est\u00e1 fazendo voc\u00ea querer dormir no alarme pela quarta vez.<\/p>\n<p style=\"text-align: center;\"><a href=\"https:\/\/www.iquilibrio.com\/\"><span class=\"td_btn td_btn_md td_round_btn\">Fale com um consultor iQuilibrio, aqui!<\/span><\/a><\/p>\n<p>Quando voc\u00ea reconhece como est\u00e1 se sentindo e o que o est\u00e1 deixando desconfort\u00e1vel ou estressado, voc\u00ea pode fazer uma pausa para fazer uma pausa e explorar o que est\u00e1 acontecendo. Sem julgamento, voc\u00ea pode se concentrar em maneiras de lidar com o que est\u00e1 sentindo e se preparar para o que vem a seguir.<\/p>\n<h3><strong>Siga seu pr\u00f3prio ritmo e estabele\u00e7a seus pr\u00f3prios limites<\/strong><\/h3>\n<p>Aceite como voc\u00ea se sente e tome as decis\u00f5es certas para voc\u00ea. Comece sendo honesto consigo mesmo sobre seus limites e n\u00e3o se sinta mal se n\u00e3o estiver pronto para retomar as atividades pessoais ou p\u00fablicas.<\/p>\n<h3><strong>Seja direto sobre o que funciona para voc\u00ea<\/strong><\/h3>\n<p>Tente ser direto ao discutir planos com amigos e familiares. N\u00e3o est\u00e1 pronto para a socializa\u00e7\u00e3o normal? Tente usar declara\u00e7\u00f5es &#8220;eu&#8221; para que fique claro que voc\u00ea est\u00e1 tomando decis\u00f5es com base em suas necessidades pessoais: &#8220;N\u00e3o estou pronto para isso agora&#8221; ou &#8220;N\u00e3o posso fazer isso desta vez, mas espero que possamos no futuro pr\u00f3ximo\u201d. Ser franco tamb\u00e9m pode deixar os outros \u00e0 vontade. Lembre-se de que todos n\u00f3s sofremos o impacto da pandemia.<\/p>\n<h3><strong>Pratique a aten\u00e7\u00e3o plena e veja como socializar\u00a0<\/strong><\/h3>\n<p>Quando voc\u00ea est\u00e1 estressado, a ideia de meditar pode parecer imposs\u00edvel, mas sabemos que pode funcionar. Mas como socializar pode te ajudar nesse processo? Comece devagar, respirando em um local tranquilo ou sentado do lado de fora com uma x\u00edcara de ch\u00e1 (sem rolar pelo telefone!). A respira\u00e7\u00e3o profunda, a medita\u00e7\u00e3o e as pr\u00e1ticas conscientes podem treinar nosso c\u00e9rebro para controlar melhor o estresse.<\/p>\n<h3><strong>Fa\u00e7a exerc\u00edcios: como socializar?\u00a0<\/strong><\/h3>\n<p><a href=\"https:\/\/www.iquilibrio.com\/blog\/bem-estar\/o-que-significa-yoga\/\">Movimentar o corpo \u00e9 uma das melhores atividades<\/a> para reduzir o estresse. Arranjar tempo para caminhar ou correr ao ar livre, andar de bicicleta, dan\u00e7ar ou praticar ioga pode ser tudo de que voc\u00ea precisa para encontrar a calma. O exerc\u00edcio di\u00e1rio produz naturalmente horm\u00f4nios que aliviam o estresse em seu corpo e melhoram sua sa\u00fade f\u00edsica geral. Mais sobre os benef\u00edcios dos exerc\u00edcios.<\/p>\n<h3><strong>Reserve um tempo para voc\u00ea<\/strong><\/h3>\n<p>Reserve um tempo para se envolver em uma atividade que o fa\u00e7a se sentir descansado ou feliz. Pode ser ler um livro, assistir a um filme, ouvir m\u00fasica, tomar banho ou passear com o cachorro pela vizinhan\u00e7a.<\/p>\n<h3><strong>Observe o que voc\u00ea come e bebe<\/strong><\/h3>\n<p>Escolher uma dieta com alimentos integrais, incluindo muitos vegetais, frutas e gr\u00e3os saud\u00e1veis, \u00e9 bom para um corpo e mente saud\u00e1veis. Comer bem e manter-se hidratado tamb\u00e9m pode ajudar a estabilizar seu humor. Limite o consumo de alimentos altamente processados \u200b\u200b(\u00e9 chamado de junk food por um motivo). Evite tamb\u00e9m o uso de \u00e1lcool e drogas recreativas como meio de relaxar; eles na verdade n\u00e3o reduzem o estresse, muitas vezes podem pior\u00e1-lo. Se voc\u00ea est\u00e1 lutando contra o abuso de subst\u00e2ncias, eduque-se e pe\u00e7a ajuda.<\/p>\n<p>Conhe\u00e7a mais sobre a <a href=\"https:\/\/www.iquilibrio.com\/blog\/espiritualidade\/medicina-ayurveda\/\">filosofia medicina ayurveda<\/a>, e transforme sua rela\u00e7\u00e3o com os alimentos.<\/p>\n<h3><strong>Durma o suficiente<\/strong><\/h3>\n<p>Nossos corpos e mentes precisam de descanso para funcionar adequadamente. Os sintomas de alguns problemas de sa\u00fade mental, como mania no transtorno bipolar, podem ser desencadeados por dormir pouco.<\/p>\n<h3><strong>Passe algum tempo na natureza<\/strong><\/h3>\n<p>Estudos mostram que o tempo na natureza reduz o estresse. Algo t\u00e3o simples como cuidar de um jardim ou das plantas da casa ou caminhar por um parque pode ajudar a acalm\u00e1-lo.<\/p>\n<p>Saiba como se conectar com a natureza, <a href=\"https:\/\/www.iquilibrio.com\/blog\/outros\/conectar-natureza\/\"><strong>aqui<\/strong><\/a>!<\/p>\n<h3><strong>Aterre a energia <\/strong><\/h3>\n<p>Se voc\u00ea estiver se sentindo ansioso, tente este exerc\u00edcio de aterramento: fa\u00e7a uma pausa para nomear 5 coisas que voc\u00ea pode ver, 4 coisas que voc\u00ea pode tocar, 3 coisas que voc\u00ea pode ouvir, 2 coisas que voc\u00ea pode cheirar e 1 coisa que voc\u00ea pode provar.<\/p>\n<h3><strong>Seja gentil com voc\u00ea mesmo: como socializar<\/strong><\/h3>\n<p>Seus sentimentos s\u00e3o v\u00e1lidos. Fale consigo mesmo e trate-se como se fosse um amigo. Al\u00e9m disso, lembrar que esta \u00e9 uma pandemia global que afetou a todos n\u00f3s e pode fazer voc\u00ea se sentir menos cr\u00edtico sobre como se sente.<\/p>\n<h3><strong>Encontre suporte<\/strong><\/h3>\n<p>Voc\u00ea n\u00e3o tem que sofrer sozinho, mas como buscar ajuda e como socializar? Entre em contato com sua rede para obter apoio, seja um amigo, membro da fam\u00edlia, <a href=\"https:\/\/www.iquilibrio.com\/\">um terapeuta, l\u00edder religioso<\/a> ou um grupo de apoio. \u00c9 verdade que somos mais fortes juntos e a abertura para falar sobre o que estamos sentindo e pensando pode ajudar.<\/p>\n<h3><strong>Continue ou procure terapia<\/strong><\/h3>\n<p>Se as etapas que voc\u00ea seguiu n\u00e3o estiverem funcionando, pode ser hora de <a href=\"https:\/\/www.telavita.com.br\/\">compartilhar com seu profissional de sa\u00fade mental<\/a>. Eles podem ajud\u00e1-lo a identificar eventos espec\u00edficos que o desencadeiam e a criar um plano de a\u00e7\u00e3o para mud\u00e1-los.<\/p>\n<p>Leia tamb\u00e9m sobre a <a href=\"https:\/\/www.iquilibrio.com\/blog\/bem-estar\/saude-mental-pandemia\/\">sa\u00fade mental na pandemia!<\/a><\/p>\n\n\n<div class=\"kk-star-ratings kksr-auto kksr-align-left kksr-valign-bottom\"\n    data-payload='{&quot;align&quot;:&quot;left&quot;,&quot;id&quot;:&quot;33628&quot;,&quot;slug&quot;:&quot;default&quot;,&quot;valign&quot;:&quot;bottom&quot;,&quot;ignore&quot;:&quot;&quot;,&quot;reference&quot;:&quot;auto&quot;,&quot;class&quot;:&quot;&quot;,&quot;count&quot;:&quot;0&quot;,&quot;legendonly&quot;:&quot;&quot;,&quot;readonly&quot;:&quot;&quot;,&quot;score&quot;:&quot;0&quot;,&quot;starsonly&quot;:&quot;&quot;,&quot;best&quot;:&quot;5&quot;,&quot;gap&quot;:&quot;5&quot;,&quot;greet&quot;:&quot;Rate this post&quot;,&quot;legend&quot;:&quot;0\\\/5 - (0 voto)&quot;,&quot;size&quot;:&quot;24&quot;,&quot;title&quot;:&quot;13 dicas de como socializar p\u00f3s pandemia&quot;,&quot;width&quot;:&quot;0&quot;,&quot;_legend&quot;:&quot;{score}\\\/{best} - ({count} {votes})&quot;,&quot;font_factor&quot;:&quot;1.25&quot;}'>\n            \n<div class=\"kksr-stars\">\n    \n<div class=\"kksr-stars-inactive\">\n            <div class=\"kksr-star\" data-star=\"1\" style=\"padding-right: 5px\">\n            \n\n<div class=\"kksr-icon\" style=\"width: 24px; height: 24px;\"><\/div>\n        <\/div>\n            <div class=\"kksr-star\" data-star=\"2\" style=\"padding-right: 5px\">\n            \n\n<div class=\"kksr-icon\" style=\"width: 24px; height: 24px;\"><\/div>\n        <\/div>\n            <div class=\"kksr-star\" data-star=\"3\" style=\"padding-right: 5px\">\n            \n\n<div class=\"kksr-icon\" style=\"width: 24px; height: 24px;\"><\/div>\n        <\/div>\n            <div class=\"kksr-star\" data-star=\"4\" style=\"padding-right: 5px\">\n            \n\n<div class=\"kksr-icon\" style=\"width: 24px; height: 24px;\"><\/div>\n        <\/div>\n            <div class=\"kksr-star\" data-star=\"5\" style=\"padding-right: 5px\">\n            \n\n<div class=\"kksr-icon\" style=\"width: 24px; height: 24px;\"><\/div>\n        <\/div>\n    <\/div>\n    \n<div class=\"kksr-stars-active\" style=\"width: 0px;\">\n            <div class=\"kksr-star\" style=\"padding-right: 5px\">\n            \n\n<div class=\"kksr-icon\" style=\"width: 24px; height: 24px;\"><\/div>\n        <\/div>\n            <div class=\"kksr-star\" style=\"padding-right: 5px\">\n            \n\n<div class=\"kksr-icon\" style=\"width: 24px; height: 24px;\"><\/div>\n        <\/div>\n            <div class=\"kksr-star\" style=\"padding-right: 5px\">\n            \n\n<div class=\"kksr-icon\" style=\"width: 24px; height: 24px;\"><\/div>\n        <\/div>\n            <div class=\"kksr-star\" style=\"padding-right: 5px\">\n            \n\n<div class=\"kksr-icon\" style=\"width: 24px; height: 24px;\"><\/div>\n        <\/div>\n            <div class=\"kksr-star\" style=\"padding-right: 5px\">\n            \n\n<div class=\"kksr-icon\" style=\"width: 24px; height: 24px;\"><\/div>\n        <\/div>\n    <\/div>\n<\/div>\n                \n\n<div class=\"kksr-legend\" style=\"font-size: 19.2px;\">\n            <span class=\"kksr-muted\">Rate this post<\/span>\n    <\/div>\n    <\/div>\n","protected":false},"excerpt":{"rendered":"<p>Depois de mais de dois anos, as taxas de infec\u00e7\u00e3o por COVID-19 ca\u00edram e o n\u00famero de vacinados continua a aumentar. As coisas est\u00e3o come\u00e7ando a se abrir. Veja como socializar ap\u00f3s dois anos de pandemia com algumas dicas que separamos para voc\u00ea. Como socializar e perder o \u201cmedo do normal\u201d Voltar ao normal era [&hellip;]<\/p>\n","protected":false},"author":155,"featured_media":33629,"comment_status":"open","ping_status":"open","sticky":false,"template":"","format":"standard","meta":{"footnotes":""},"categories":[592],"tags":[],"class_list":["post-33628","post","type-post","status-publish","format-standard","has-post-thumbnail","hentry","category-bem-estar"],"yoast_head":"<!-- This site is optimized with the Yoast SEO plugin v27.4 - https:\/\/yoast.com\/product\/yoast-seo-wordpress\/ -->\n<title>Como socializar? Saiba como perder o medo de socializar!<\/title>\n<meta name=\"description\" content=\"Como socializar? Como perder o medo de voltar ao normal? Ou voltar ao que era antes da pandemia? Esses s\u00e3o alguns pontos de aten\u00e7\u00e3o.\" \/>\n<meta name=\"robots\" content=\"index, follow, max-snippet:-1, max-image-preview:large, max-video-preview:-1\" \/>\n<link rel=\"canonical\" href=\"https:\/\/www.iquilibrio.com\/blog\/bem-estar\/como-socializar\/\" \/>\n<meta property=\"og:locale\" content=\"pt_BR\" \/>\n<meta property=\"og:type\" content=\"article\" \/>\n<meta property=\"og:title\" content=\"Como socializar? Saiba como perder o medo de socializar!\" \/>\n<meta property=\"og:description\" content=\"Como socializar? Como perder o medo de voltar ao normal? Ou voltar ao que era antes da pandemia? Esses s\u00e3o alguns pontos de aten\u00e7\u00e3o.\" \/>\n<meta property=\"og:url\" content=\"https:\/\/www.iquilibrio.com\/blog\/bem-estar\/como-socializar\/\" \/>\n<meta property=\"og:site_name\" content=\"iQuilibrio\" \/>\n<meta property=\"article:publisher\" content=\"https:\/\/www.facebook.com\/iQuilibrio\/\" \/>\n<meta property=\"article:published_time\" content=\"2022-01-18T13:10:03+00:00\" \/>\n<meta property=\"og:image\" content=\"https:\/\/www.iquilibrio.com\/blog\/wp-content\/uploads\/2021\/11\/Captura-de-Tela-2021-11-26-a\u0300s-12.07.50.png\" \/>\n\t<meta property=\"og:image:width\" content=\"802\" \/>\n\t<meta property=\"og:image:height\" content=\"503\" \/>\n\t<meta property=\"og:image:type\" content=\"image\/png\" \/>\n<meta name=\"author\" content=\"Katrina Devilla\" \/>\n<meta name=\"twitter:card\" content=\"summary_large_image\" \/>\n<meta name=\"twitter:creator\" content=\"@iquilibrio\" \/>\n<meta name=\"twitter:site\" content=\"@iquilibrio\" \/>\n<meta name=\"twitter:label1\" content=\"Escrito por\" \/>\n\t<meta name=\"twitter:data1\" content=\"Katrina Devilla\" \/>\n\t<meta name=\"twitter:label2\" content=\"Est. tempo de leitura\" \/>\n\t<meta name=\"twitter:data2\" content=\"5 minutos\" \/>\n<script type=\"application\/ld+json\" class=\"yoast-schema-graph\">{\"@context\":\"https:\\\/\\\/schema.org\",\"@graph\":[{\"@type\":\"Article\",\"@id\":\"https:\\\/\\\/www.iquilibrio.com\\\/blog\\\/bem-estar\\\/como-socializar\\\/#article\",\"isPartOf\":{\"@id\":\"https:\\\/\\\/www.iquilibrio.com\\\/blog\\\/bem-estar\\\/como-socializar\\\/\"},\"author\":{\"name\":\"Katrina Devilla\",\"@id\":\"https:\\\/\\\/www.iquilibrio.com\\\/blog\\\/#\\\/schema\\\/person\\\/a9cde6e88d14c853339bcd3d04fe1dbb\"},\"headline\":\"13 dicas de como socializar p\u00f3s pandemia\",\"datePublished\":\"2022-01-18T13:10:03+00:00\",\"mainEntityOfPage\":{\"@id\":\"https:\\\/\\\/www.iquilibrio.com\\\/blog\\\/bem-estar\\\/como-socializar\\\/\"},\"wordCount\":1170,\"commentCount\":0,\"publisher\":{\"@id\":\"https:\\\/\\\/www.iquilibrio.com\\\/blog\\\/#organization\"},\"image\":{\"@id\":\"https:\\\/\\\/www.iquilibrio.com\\\/blog\\\/bem-estar\\\/como-socializar\\\/#primaryimage\"},\"thumbnailUrl\":\"https:\\\/\\\/www.iquilibrio.com\\\/blog\\\/wp-content\\\/uploads\\\/2021\\\/11\\\/Captura-de-Tela-2021-11-26-a\u0300s-12.07.50.png\",\"articleSection\":[\"Dicas de Bem-Estar\"],\"inLanguage\":\"pt-BR\"},{\"@type\":\"WebPage\",\"@id\":\"https:\\\/\\\/www.iquilibrio.com\\\/blog\\\/bem-estar\\\/como-socializar\\\/\",\"url\":\"https:\\\/\\\/www.iquilibrio.com\\\/blog\\\/bem-estar\\\/como-socializar\\\/\",\"name\":\"Como socializar? Saiba como perder o medo de socializar!\",\"isPartOf\":{\"@id\":\"https:\\\/\\\/www.iquilibrio.com\\\/blog\\\/#website\"},\"primaryImageOfPage\":{\"@id\":\"https:\\\/\\\/www.iquilibrio.com\\\/blog\\\/bem-estar\\\/como-socializar\\\/#primaryimage\"},\"image\":{\"@id\":\"https:\\\/\\\/www.iquilibrio.com\\\/blog\\\/bem-estar\\\/como-socializar\\\/#primaryimage\"},\"thumbnailUrl\":\"https:\\\/\\\/www.iquilibrio.com\\\/blog\\\/wp-content\\\/uploads\\\/2021\\\/11\\\/Captura-de-Tela-2021-11-26-a\u0300s-12.07.50.png\",\"datePublished\":\"2022-01-18T13:10:03+00:00\",\"description\":\"Como socializar? Como perder o medo de voltar ao normal? Ou voltar ao que era antes da pandemia? Esses s\u00e3o alguns pontos de aten\u00e7\u00e3o.\",\"breadcrumb\":{\"@id\":\"https:\\\/\\\/www.iquilibrio.com\\\/blog\\\/bem-estar\\\/como-socializar\\\/#breadcrumb\"},\"inLanguage\":\"pt-BR\",\"potentialAction\":[{\"@type\":\"ReadAction\",\"target\":[\"https:\\\/\\\/www.iquilibrio.com\\\/blog\\\/bem-estar\\\/como-socializar\\\/\"]}]},{\"@type\":\"ImageObject\",\"inLanguage\":\"pt-BR\",\"@id\":\"https:\\\/\\\/www.iquilibrio.com\\\/blog\\\/bem-estar\\\/como-socializar\\\/#primaryimage\",\"url\":\"https:\\\/\\\/www.iquilibrio.com\\\/blog\\\/wp-content\\\/uploads\\\/2021\\\/11\\\/Captura-de-Tela-2021-11-26-a\u0300s-12.07.50.png\",\"contentUrl\":\"https:\\\/\\\/www.iquilibrio.com\\\/blog\\\/wp-content\\\/uploads\\\/2021\\\/11\\\/Captura-de-Tela-2021-11-26-a\u0300s-12.07.50.png\",\"width\":802,\"height\":503,\"caption\":\"como socializar\"},{\"@type\":\"BreadcrumbList\",\"@id\":\"https:\\\/\\\/www.iquilibrio.com\\\/blog\\\/bem-estar\\\/como-socializar\\\/#breadcrumb\",\"itemListElement\":[{\"@type\":\"ListItem\",\"position\":1,\"name\":\"In\u00edcio\",\"item\":\"https:\\\/\\\/www.iquilibrio.com\\\/blog\\\/\"},{\"@type\":\"ListItem\",\"position\":2,\"name\":\"13 dicas de como socializar p\u00f3s pandemia\"}]},{\"@type\":\"WebSite\",\"@id\":\"https:\\\/\\\/www.iquilibrio.com\\\/blog\\\/#website\",\"url\":\"https:\\\/\\\/www.iquilibrio.com\\\/blog\\\/\",\"name\":\"iQuilibrio\",\"description\":\"Blog iQuilibrio\",\"publisher\":{\"@id\":\"https:\\\/\\\/www.iquilibrio.com\\\/blog\\\/#organization\"},\"potentialAction\":[{\"@type\":\"SearchAction\",\"target\":{\"@type\":\"EntryPoint\",\"urlTemplate\":\"https:\\\/\\\/www.iquilibrio.com\\\/blog\\\/?s={search_term_string}\"},\"query-input\":{\"@type\":\"PropertyValueSpecification\",\"valueRequired\":true,\"valueName\":\"search_term_string\"}}],\"inLanguage\":\"pt-BR\"},{\"@type\":\"Organization\",\"@id\":\"https:\\\/\\\/www.iquilibrio.com\\\/blog\\\/#organization\",\"name\":\"Esoterismo, Misticismo e Tarot Online - iQuilibrio\",\"url\":\"https:\\\/\\\/www.iquilibrio.com\\\/blog\\\/\",\"logo\":{\"@type\":\"ImageObject\",\"inLanguage\":\"pt-BR\",\"@id\":\"https:\\\/\\\/www.iquilibrio.com\\\/blog\\\/#\\\/schema\\\/logo\\\/image\\\/\",\"url\":\"https:\\\/\\\/www.iquilibrio.com\\\/blog\\\/wp-content\\\/uploads\\\/2018\\\/12\\\/iquilibrio_lovo_vetor_preto-retina.png\",\"contentUrl\":\"https:\\\/\\\/www.iquilibrio.com\\\/blog\\\/wp-content\\\/uploads\\\/2018\\\/12\\\/iquilibrio_lovo_vetor_preto-retina.png\",\"width\":972,\"height\":180,\"caption\":\"Esoterismo, Misticismo e Tarot Online - iQuilibrio\"},\"image\":{\"@id\":\"https:\\\/\\\/www.iquilibrio.com\\\/blog\\\/#\\\/schema\\\/logo\\\/image\\\/\"},\"sameAs\":[\"https:\\\/\\\/www.facebook.com\\\/iQuilibrio\\\/\",\"https:\\\/\\\/x.com\\\/iquilibrio\",\"https:\\\/\\\/www.instagram.com\\\/iquilibrio\\\/\",\"https:\\\/\\\/www.linkedin.com\\\/company\\\/iquilibrio\\\/\",\"https:\\\/\\\/br.pinterest.com\\\/iquilibrio1397\\\/\",\"https:\\\/\\\/www.youtube.com\\\/channel\\\/UC175qxd-4Zsi4wzawT5zF2g\"]},{\"@type\":\"Person\",\"@id\":\"https:\\\/\\\/www.iquilibrio.com\\\/blog\\\/#\\\/schema\\\/person\\\/a9cde6e88d14c853339bcd3d04fe1dbb\",\"name\":\"Katrina Devilla\",\"image\":{\"@type\":\"ImageObject\",\"inLanguage\":\"pt-BR\",\"@id\":\"https:\\\/\\\/secure.gravatar.com\\\/avatar\\\/1f540b99ef20bca9c5117565f5cb62c1a95aa578d9d45345315e4338aac207d6?s=96&d=blank&r=g\",\"url\":\"https:\\\/\\\/secure.gravatar.com\\\/avatar\\\/1f540b99ef20bca9c5117565f5cb62c1a95aa578d9d45345315e4338aac207d6?s=96&d=blank&r=g\",\"contentUrl\":\"https:\\\/\\\/secure.gravatar.com\\\/avatar\\\/1f540b99ef20bca9c5117565f5cb62c1a95aa578d9d45345315e4338aac207d6?s=96&d=blank&r=g\",\"caption\":\"Katrina Devilla\"},\"description\":\"Katrina Devilla escreve sobre magia e como deixar a vida leve. Cozinha coisas gostosas, deita no quintal para ver estrelas e, quando tem sorte, v\u00ea um ou outro sat\u00e9lite, mas pensa que \u00e9 estrela cadente. Vive a magia da natureza e se encanta com cada amanhecer. Frui vita! Al\u00e9m disso, Katrina Devilla \u00e9 uma bruxa espiritualista que, por acaso, escreve bem e entende de SEO. Tem imenso prazer em ajudar os outros e ver que seus textos podem inspirar e mudar vidas. A espiritualidade est\u00e1 aqui, basta voc\u00ea querer ver e experimentar!\",\"url\":\"https:\\\/\\\/www.iquilibrio.com\\\/blog\\\/author\\\/candida-thomazellicanoadigital-com\\\/\"}]}<\/script>\n<!-- \/ Yoast SEO plugin. -->","yoast_head_json":{"title":"Como socializar? Saiba como perder o medo de socializar!","description":"Como socializar? Como perder o medo de voltar ao normal? Ou voltar ao que era antes da pandemia? Esses s\u00e3o alguns pontos de aten\u00e7\u00e3o.","robots":{"index":"index","follow":"follow","max-snippet":"max-snippet:-1","max-image-preview":"max-image-preview:large","max-video-preview":"max-video-preview:-1"},"canonical":"https:\/\/www.iquilibrio.com\/blog\/bem-estar\/como-socializar\/","og_locale":"pt_BR","og_type":"article","og_title":"Como socializar? Saiba como perder o medo de socializar!","og_description":"Como socializar? Como perder o medo de voltar ao normal? Ou voltar ao que era antes da pandemia? Esses s\u00e3o alguns pontos de aten\u00e7\u00e3o.","og_url":"https:\/\/www.iquilibrio.com\/blog\/bem-estar\/como-socializar\/","og_site_name":"iQuilibrio","article_publisher":"https:\/\/www.facebook.com\/iQuilibrio\/","article_published_time":"2022-01-18T13:10:03+00:00","og_image":[{"width":802,"height":503,"url":"https:\/\/www.iquilibrio.com\/blog\/wp-content\/uploads\/2021\/11\/Captura-de-Tela-2021-11-26-a\u0300s-12.07.50.png","type":"image\/png"}],"author":"Katrina Devilla","twitter_card":"summary_large_image","twitter_creator":"@iquilibrio","twitter_site":"@iquilibrio","twitter_misc":{"Escrito por":"Katrina Devilla","Est. tempo de leitura":"5 minutos"},"schema":{"@context":"https:\/\/schema.org","@graph":[{"@type":"Article","@id":"https:\/\/www.iquilibrio.com\/blog\/bem-estar\/como-socializar\/#article","isPartOf":{"@id":"https:\/\/www.iquilibrio.com\/blog\/bem-estar\/como-socializar\/"},"author":{"name":"Katrina Devilla","@id":"https:\/\/www.iquilibrio.com\/blog\/#\/schema\/person\/a9cde6e88d14c853339bcd3d04fe1dbb"},"headline":"13 dicas de como socializar p\u00f3s pandemia","datePublished":"2022-01-18T13:10:03+00:00","mainEntityOfPage":{"@id":"https:\/\/www.iquilibrio.com\/blog\/bem-estar\/como-socializar\/"},"wordCount":1170,"commentCount":0,"publisher":{"@id":"https:\/\/www.iquilibrio.com\/blog\/#organization"},"image":{"@id":"https:\/\/www.iquilibrio.com\/blog\/bem-estar\/como-socializar\/#primaryimage"},"thumbnailUrl":"https:\/\/www.iquilibrio.com\/blog\/wp-content\/uploads\/2021\/11\/Captura-de-Tela-2021-11-26-a\u0300s-12.07.50.png","articleSection":["Dicas de Bem-Estar"],"inLanguage":"pt-BR"},{"@type":"WebPage","@id":"https:\/\/www.iquilibrio.com\/blog\/bem-estar\/como-socializar\/","url":"https:\/\/www.iquilibrio.com\/blog\/bem-estar\/como-socializar\/","name":"Como socializar? Saiba como perder o medo de socializar!","isPartOf":{"@id":"https:\/\/www.iquilibrio.com\/blog\/#website"},"primaryImageOfPage":{"@id":"https:\/\/www.iquilibrio.com\/blog\/bem-estar\/como-socializar\/#primaryimage"},"image":{"@id":"https:\/\/www.iquilibrio.com\/blog\/bem-estar\/como-socializar\/#primaryimage"},"thumbnailUrl":"https:\/\/www.iquilibrio.com\/blog\/wp-content\/uploads\/2021\/11\/Captura-de-Tela-2021-11-26-a\u0300s-12.07.50.png","datePublished":"2022-01-18T13:10:03+00:00","description":"Como socializar? Como perder o medo de voltar ao normal? Ou voltar ao que era antes da pandemia? Esses s\u00e3o alguns pontos de aten\u00e7\u00e3o.","breadcrumb":{"@id":"https:\/\/www.iquilibrio.com\/blog\/bem-estar\/como-socializar\/#breadcrumb"},"inLanguage":"pt-BR","potentialAction":[{"@type":"ReadAction","target":["https:\/\/www.iquilibrio.com\/blog\/bem-estar\/como-socializar\/"]}]},{"@type":"ImageObject","inLanguage":"pt-BR","@id":"https:\/\/www.iquilibrio.com\/blog\/bem-estar\/como-socializar\/#primaryimage","url":"https:\/\/www.iquilibrio.com\/blog\/wp-content\/uploads\/2021\/11\/Captura-de-Tela-2021-11-26-a\u0300s-12.07.50.png","contentUrl":"https:\/\/www.iquilibrio.com\/blog\/wp-content\/uploads\/2021\/11\/Captura-de-Tela-2021-11-26-a\u0300s-12.07.50.png","width":802,"height":503,"caption":"como socializar"},{"@type":"BreadcrumbList","@id":"https:\/\/www.iquilibrio.com\/blog\/bem-estar\/como-socializar\/#breadcrumb","itemListElement":[{"@type":"ListItem","position":1,"name":"In\u00edcio","item":"https:\/\/www.iquilibrio.com\/blog\/"},{"@type":"ListItem","position":2,"name":"13 dicas de como socializar p\u00f3s pandemia"}]},{"@type":"WebSite","@id":"https:\/\/www.iquilibrio.com\/blog\/#website","url":"https:\/\/www.iquilibrio.com\/blog\/","name":"iQuilibrio","description":"Blog iQuilibrio","publisher":{"@id":"https:\/\/www.iquilibrio.com\/blog\/#organization"},"potentialAction":[{"@type":"SearchAction","target":{"@type":"EntryPoint","urlTemplate":"https:\/\/www.iquilibrio.com\/blog\/?s={search_term_string}"},"query-input":{"@type":"PropertyValueSpecification","valueRequired":true,"valueName":"search_term_string"}}],"inLanguage":"pt-BR"},{"@type":"Organization","@id":"https:\/\/www.iquilibrio.com\/blog\/#organization","name":"Esoterismo, Misticismo e Tarot Online - iQuilibrio","url":"https:\/\/www.iquilibrio.com\/blog\/","logo":{"@type":"ImageObject","inLanguage":"pt-BR","@id":"https:\/\/www.iquilibrio.com\/blog\/#\/schema\/logo\/image\/","url":"https:\/\/www.iquilibrio.com\/blog\/wp-content\/uploads\/2018\/12\/iquilibrio_lovo_vetor_preto-retina.png","contentUrl":"https:\/\/www.iquilibrio.com\/blog\/wp-content\/uploads\/2018\/12\/iquilibrio_lovo_vetor_preto-retina.png","width":972,"height":180,"caption":"Esoterismo, Misticismo e Tarot Online - iQuilibrio"},"image":{"@id":"https:\/\/www.iquilibrio.com\/blog\/#\/schema\/logo\/image\/"},"sameAs":["https:\/\/www.facebook.com\/iQuilibrio\/","https:\/\/x.com\/iquilibrio","https:\/\/www.instagram.com\/iquilibrio\/","https:\/\/www.linkedin.com\/company\/iquilibrio\/","https:\/\/br.pinterest.com\/iquilibrio1397\/","https:\/\/www.youtube.com\/channel\/UC175qxd-4Zsi4wzawT5zF2g"]},{"@type":"Person","@id":"https:\/\/www.iquilibrio.com\/blog\/#\/schema\/person\/a9cde6e88d14c853339bcd3d04fe1dbb","name":"Katrina Devilla","image":{"@type":"ImageObject","inLanguage":"pt-BR","@id":"https:\/\/secure.gravatar.com\/avatar\/1f540b99ef20bca9c5117565f5cb62c1a95aa578d9d45345315e4338aac207d6?s=96&d=blank&r=g","url":"https:\/\/secure.gravatar.com\/avatar\/1f540b99ef20bca9c5117565f5cb62c1a95aa578d9d45345315e4338aac207d6?s=96&d=blank&r=g","contentUrl":"https:\/\/secure.gravatar.com\/avatar\/1f540b99ef20bca9c5117565f5cb62c1a95aa578d9d45345315e4338aac207d6?s=96&d=blank&r=g","caption":"Katrina Devilla"},"description":"Katrina Devilla escreve sobre magia e como deixar a vida leve. Cozinha coisas gostosas, deita no quintal para ver estrelas e, quando tem sorte, v\u00ea um ou outro sat\u00e9lite, mas pensa que \u00e9 estrela cadente. Vive a magia da natureza e se encanta com cada amanhecer. Frui vita! Al\u00e9m disso, Katrina Devilla \u00e9 uma bruxa espiritualista que, por acaso, escreve bem e entende de SEO. Tem imenso prazer em ajudar os outros e ver que seus textos podem inspirar e mudar vidas. A espiritualidade est\u00e1 aqui, basta voc\u00ea querer ver e experimentar!","url":"https:\/\/www.iquilibrio.com\/blog\/author\/candida-thomazellicanoadigital-com\/"}]}},"_links":{"self":[{"href":"https:\/\/www.iquilibrio.com\/blog\/wp-json\/wp\/v2\/posts\/33628","targetHints":{"allow":["GET"]}}],"collection":[{"href":"https:\/\/www.iquilibrio.com\/blog\/wp-json\/wp\/v2\/posts"}],"about":[{"href":"https:\/\/www.iquilibrio.com\/blog\/wp-json\/wp\/v2\/types\/post"}],"author":[{"embeddable":true,"href":"https:\/\/www.iquilibrio.com\/blog\/wp-json\/wp\/v2\/users\/155"}],"replies":[{"embeddable":true,"href":"https:\/\/www.iquilibrio.com\/blog\/wp-json\/wp\/v2\/comments?post=33628"}],"version-history":[{"count":4,"href":"https:\/\/www.iquilibrio.com\/blog\/wp-json\/wp\/v2\/posts\/33628\/revisions"}],"predecessor-version":[{"id":34025,"href":"https:\/\/www.iquilibrio.com\/blog\/wp-json\/wp\/v2\/posts\/33628\/revisions\/34025"}],"wp:featuredmedia":[{"embeddable":true,"href":"https:\/\/www.iquilibrio.com\/blog\/wp-json\/wp\/v2\/media\/33629"}],"wp:attachment":[{"href":"https:\/\/www.iquilibrio.com\/blog\/wp-json\/wp\/v2\/media?parent=33628"}],"wp:term":[{"taxonomy":"category","embeddable":true,"href":"https:\/\/www.iquilibrio.com\/blog\/wp-json\/wp\/v2\/categories?post=33628"},{"taxonomy":"post_tag","embeddable":true,"href":"https:\/\/www.iquilibrio.com\/blog\/wp-json\/wp\/v2\/tags?post=33628"}],"curies":[{"name":"wp","href":"https:\/\/api.w.org\/{rel}","templated":true}]}}