{"id":33572,"date":"2021-11-26T18:52:34","date_gmt":"2021-11-26T21:52:34","guid":{"rendered":"https:\/\/www.iquilibrio.com\/blog\/?p=33572"},"modified":"2021-11-25T13:34:16","modified_gmt":"2021-11-25T16:34:16","slug":"branco-ano-novo","status":"publish","type":"post","link":"https:\/\/www.iquilibrio.com\/blog\/simpatias\/branco-ano-novo\/","title":{"rendered":"O que significa usar branco no Ano Novo?"},"content":{"rendered":"<p><span style=\"font-weight: 400;\">Branco \u00e9 a uni\u00e3o de todas as cores. Usar branco no Ano Novo remete \u00e0 <\/span><b>paz e \u00e0 pureza.<\/b><span style=\"font-weight: 400;\"> Mas existem outros significados para essa cor tamb\u00e9m. Entenda porque muitas pessoas usam roupa branca no Ano Novo e como surgiu essa tradi\u00e7\u00e3o em nosso pa\u00eds.\u00a0<\/span><\/p>\n<p><span style=\"font-weight: 400;\">O fim do ano vai chegando e com ele come\u00e7amos a fazer as reflex\u00f5es. \u00c9 tempo de <\/span><b>analisar o ano que est\u00e1 acabando<\/b><span style=\"font-weight: 400;\"> e pensar naquilo que queremos para o pr\u00f3ximo que vai entrar, n\u00e3o \u00e9 mesmo? Afinal, nada melhor que aproveitar que o mundo todo estar\u00e1 em uma energia de renova\u00e7\u00e3o e transforma\u00e7\u00e3o.\u00a0<\/span><\/p>\n<p><span style=\"font-weight: 400;\">Ao fazer esse balan\u00e7o \u00e9 quase imposs\u00edvel n\u00e3o pensar na cor de roupa que vamos usar na virada. Quem acredita na energia das cores j\u00e1 decide com certa anteced\u00eancia para garantir que vai conseguir usar aquela cor. Se voc\u00ea est\u00e1 nessa busca e, por isso, quer saber o significado de usar branco no Ano Novo, vamos te contar tudo neste artigo.\u00a0\u00a0<\/span><\/p>\n<h2><span style=\"font-weight: 400;\">Qual a origem de usar roupa branca no Ano Novo?<\/span><\/h2>\n<p><span style=\"font-weight: 400;\">Voc\u00ea sabia que o Brasil \u00e9 um dos \u00fanicos pa\u00edses que possui esse costume de passar o Ano Novo de branco? Isso porque cada cultura tem um significado diferente para as cores. Conta-se que essa pr\u00e1tica teve in\u00edcio no Brasil por conta das <\/span><b>religi\u00f5es africanas <\/b><span style=\"font-weight: 400;\">como a <\/span><a href=\"https:\/\/www.iquilibrio.com\/blog\/espiritualidade\/umbanda-candomble\/terreiro-umbanda\/\"><span style=\"font-weight: 400;\">Umbanda<\/span><\/a><span style=\"font-weight: 400;\"> e o Candombl\u00e9. Mais precisamente por conta do <\/span><a href=\"https:\/\/www.iquilibrio.com\/blog\/espiritualidade\/umbanda-candomble\/nacoes-do-candomble\/\"><span style=\"font-weight: 400;\">Candombl\u00e9<\/span><\/a><span style=\"font-weight: 400;\">, no Rio de Janeiro, <\/span><a href=\"https:\/\/www.nsctotal.com.br\/noticias\/branco-no-reveillon\" target=\"_blank\" rel=\"noopener\"><span style=\"font-weight: 400;\">por volta de 1970<\/span><\/a><span style=\"font-weight: 400;\">.\u00a0<\/span><\/p>\n<p><span style=\"font-weight: 400;\">Mas o que essa religi\u00e3o tem a ver com o fato de as pessoas passarem o Ano Novo de branco? A hist\u00f3ria conta que as pessoas adeptas dessa religi\u00e3o sempre iam \u00e0 praia na noite de Ano Novo para fazer sua <\/span><b>oferenda \u00e0 <\/b><a href=\"https:\/\/www.astrocentro.com.br\/blog\/previsoes\/oracao-de-iemanja-para-2022-abra-os-caminhos-do-ano-novo\/\" target=\"_blank\" rel=\"noopener\"><b>Iemanj\u00e1<\/b><\/a> <span style=\"font-weight: 400;\">vestidas de branco, pois para eles a cor simboliza a <\/span><b>purifica\u00e7\u00e3o <\/b><a href=\"https:\/\/www.iquilibrio.com\/blog\/espiritualidade\/guias-espirituais\/\"><b>espiritual<\/b><\/a><b> e a paz.\u00a0<\/b><\/p>\n<p><span style=\"font-weight: 400;\">Elas levavam seus presentes \u00e0 rainha do mar e vestiam essa cor em sua homenagem. Quem estava na praia e via essa pr\u00e1tica, come\u00e7ou a achar interessante e, aos poucos, at\u00e9 mesmo quem n\u00e3o seguia nenhuma dessas duas religi\u00f5es come\u00e7ou a aderir ao branco no Ano Novo. Certamente j\u00e1 sentiam as energias boas dessa cor ali mesmo na areia, n\u00e3o \u00e9 mesmo?<\/span><\/p>\n<p><span style=\"font-weight: 400;\">Hoje em dia, a grande maioria das pessoas que usa branco no Ano Novo nem mesmo sabe a origem desse costume, mas continua fazendo mais por conta da energia que essa cor traz. Dessa forma, nos dias atuais usar branco no Ano Novo est\u00e1 mais <\/span><b>relacionado com o significado da cor.<\/b><span style=\"font-weight: 400;\"> Mas afinal de contas, o que significa passar o Ano Novo de branco?<\/span><\/p>\n<p><b>Leia tamb\u00e9m:<\/b> <a href=\"https:\/\/www.iquilibrio.com\/blog\/simpatias\/banhos\/banho-para-ano-novo\/\"><span style=\"font-weight: 400;\">Descubra o poder dos Banhos para o Ano Novo<\/span><\/a><\/p>\n<h2><span style=\"font-weight: 400;\">Branco no Ano Novo: qual o significado?<\/span><\/h2>\n<p><span style=\"font-weight: 400;\">Se voc\u00ea n\u00e3o segue as religi\u00f5es e quer mesmo \u00e9 ter com voc\u00ea a vibra\u00e7\u00e3o do branco no Ano Novo, saiba que al\u00e9m da paz, essa cor tamb\u00e9m remete a outras qualidades. Passar o Ano Novo de branco est\u00e1 relacionado tamb\u00e9m com a <\/span><b>calma, mod\u00e9stia, inoc\u00eancia, limpeza, clareza, f\u00e9, positividade e estabilidade.<\/b><\/p>\n<p><span style=\"font-weight: 400;\">J\u00e1 parou para pensar quando voc\u00ea v\u00ea algu\u00e9m de branco como parece que aquela pessoa muitas vezes est\u00e1 at\u00e9 iluminada? O branco tem essa <\/span><b>capacidade de despertar o brilho e a luminosidade<\/b><span style=\"font-weight: 400;\">. Ent\u00e3o, se \u00e9 isso que voc\u00ea quer para os pr\u00f3ximos 12 meses, ent\u00e3o passar o Ano Novo de branco certamente ser\u00e1 a cor ideal.\u00a0<\/span><\/p>\n<p><span style=\"font-weight: 400;\">Como o branco no Ano Novo traz paz e harmonia, para ter um novo ciclo tranquilo e com boas energias aposte nele. Est\u00e1 cansada de ter discuss\u00f5es, brigas e desentendimentos? Essa cor vai te trazer um maior equil\u00edbrio das emo\u00e7\u00f5es.\u00a0<\/span><\/p>\n<p><span style=\"font-weight: 400;\">Outro significado do branco no Ano Novo \u00e9 que essa cor comunica <\/span><b>pureza e humildade<\/b><span style=\"font-weight: 400;\">.\u00a0<\/span><\/p>\n<p><span style=\"font-weight: 400;\">Al\u00e9m disso, ela tamb\u00e9m transmite a mensagem de que voc\u00ea \u00e9 uma <\/span><b>pessoa verdadeira e confi\u00e1vel<\/b><span style=\"font-weight: 400;\">.\u00a0\u00a0<\/span><\/p>\n<p><span style=\"font-weight: 400;\">De uma maneira geral, se voc\u00ea quer <\/span><b>paz e positividade<\/b><span style=\"font-weight: 400;\"> para os pr\u00f3ximos meses, ent\u00e3o precisa passar o Ano Novo de branco.<\/span><\/p>\n<p><b>Leia tamb\u00e9m<\/b><span style=\"font-weight: 400;\">: <\/span><a href=\"https:\/\/www.iquilibrio.com\/blog\/2022\/salmo-ano-novo-2022\/\"><span style=\"font-weight: 400;\">Salmo para entrar o Ano Novo<\/span><\/a><\/p>\n<h2><span style=\"font-weight: 400;\">Como usar roupa branca no Ano Novo?<\/span><\/h2>\n<p><span style=\"font-weight: 400;\">Agora que voc\u00ea viu o significado do branco no Ano Novo, quer ter com voc\u00ea a energia dessa cor? Saiba que muitas pessoas n\u00e3o usam a roupa branca no Ano Novo dos p\u00e9s \u00e0 cabe\u00e7a. \u00c9 claro que isso \u00e9 um gosto super pessoal, mas saiba que para ter os benef\u00edcios do branco, basta t\u00ea-lo em<\/span><b> pelo menos uma parte.\u00a0<\/b><\/p>\n<p><span style=\"font-weight: 400;\">Por exemplo, se n\u00e3o quiser usar um vestido todo branco, pode optar por uma saia, uma cal\u00e7a ou uma blusa. At\u00e9 mesmo um blazer branco por cima da sua composi\u00e7\u00e3o pode ser uma boa pedida. Principalmente porque o branco al\u00e9m de ser super bonito, ele ainda <\/span><b>real\u00e7a as outras cores<\/b><span style=\"font-weight: 400;\"> e traz equil\u00edbrio para um look cheio de cor.\u00a0<\/span><\/p>\n<p><span style=\"font-weight: 400;\">Veja na imagem abaixo algumas ideias de looks com a roupa branca no Ano Novo, mas tamb\u00e9m looks misturados com outras cores:\u00a0<\/span><\/p>\n<p><img loading=\"lazy\" decoding=\"async\" class=\"alignnone size-medium wp-image-33574\" src=\"https:\/\/www.iquilibrio.com\/blog\/wp-content\/uploads\/2021\/11\/roupa-branca-ano-novo-300x252.jpg\" alt=\"branco ano novo\" width=\"300\" height=\"252\" srcset=\"https:\/\/www.iquilibrio.com\/blog\/wp-content\/uploads\/2021\/11\/roupa-branca-ano-novo-300x252.jpg 300w, https:\/\/www.iquilibrio.com\/blog\/wp-content\/uploads\/2021\/11\/roupa-branca-ano-novo-501x420.jpg 501w, https:\/\/www.iquilibrio.com\/blog\/wp-content\/uploads\/2021\/11\/roupa-branca-ano-novo.jpg 563w\" sizes=\"auto, (max-width: 300px) 100vw, 300px\" \/><\/p>\n<p><b>Fonte:<\/b> <a href=\"https:\/\/br.pinterest.com\/pin\/434597432790478642\/\" target=\"_blank\" rel=\"noopener\"><span style=\"font-weight: 400;\">Pinterest<\/span><\/a><\/p>\n<p><img loading=\"lazy\" decoding=\"async\" class=\"alignnone size-medium wp-image-33573\" src=\"https:\/\/www.iquilibrio.com\/blog\/wp-content\/uploads\/2021\/11\/branco-no-ano-novo-300x183.jpg\" alt=\"branco ano novo\" width=\"300\" height=\"183\" srcset=\"https:\/\/www.iquilibrio.com\/blog\/wp-content\/uploads\/2021\/11\/branco-no-ano-novo-300x183.jpg 300w, https:\/\/www.iquilibrio.com\/blog\/wp-content\/uploads\/2021\/11\/branco-no-ano-novo.jpg 563w\" sizes=\"auto, (max-width: 300px) 100vw, 300px\" \/><\/p>\n<p><b>Fonte:<\/b> <a href=\"https:\/\/br.pinterest.com\/pin\/160370436718953771\/\" target=\"_blank\" rel=\"noopener\"><span style=\"font-weight: 400;\">Pinterest<\/span><\/a><\/p>\n<p><b>Leia tamb\u00e9m<\/b><span style=\"font-weight: 400;\">: <\/span><a href=\"https:\/\/www.iquilibrio.com\/blog\/simpatias\/amuletos-rituais-ano-novo\/\"><span style=\"font-weight: 400;\">Saiba mais sobre os amuletos da sorte e rituais para o ano novo<\/span><\/a><\/p>\n<h2><span style=\"font-weight: 400;\">Todos podemos passar o Ano Novo de branco?<\/span><\/h2>\n<p><span style=\"font-weight: 400;\">J\u00e1 imaginou o <\/span><b>mundo inteiro vestindo branco <\/b><span style=\"font-weight: 400;\">e vibrando a energia da <\/span><a href=\"https:\/\/www.iquilibrio.com\/blog\/espiritualidade\/paz-mundial-anna-raposo\/\"><span style=\"font-weight: 400;\">paz mundial<\/span><\/a><span style=\"font-weight: 400;\"> no dia da virada? Ia ser m\u00e1gico, n\u00e3o \u00e9 mesmo? Qualquer pessoa que quiser pode sim escolher essa cor para passar a virada.\u00a0<\/span><\/p>\n<p><span style=\"font-weight: 400;\">No entanto, voc\u00ea tamb\u00e9m pode escolher de acordo com a <\/span><b>numerologia das cores<\/b><span style=\"font-weight: 400;\">. Para saber qual n\u00famero \u00e9 qual cor deve vestir, confira o no artigo <\/span><a href=\"https:\/\/www.iquilibrio.com\/blog\/oraculos\/numerologia\/cores-do-ano-novo-marta\/\"><span style=\"font-weight: 400;\">Cores do Ano Novo<\/span><\/a><span style=\"font-weight: 400;\"> e descubra.\u00a0<\/span><\/p>\n<p><span style=\"font-weight: 400;\">Confira tamb\u00e9m no v\u00eddeo abaixo um resumo do significado das cores para o Ano Novo, come\u00e7ando pela cor branca. Confira:\u00a0<\/span><\/p>\n<p><iframe loading=\"lazy\" title=\"YouTube video player\" src=\"https:\/\/www.youtube.com\/embed\/z7f1zgYtQA0\" width=\"560\" height=\"315\" frameborder=\"0\" allowfullscreen=\"allowfullscreen\"><\/iframe><\/p>\n<p><span style=\"font-weight: 400;\">Al\u00e9m disso, cada signo tamb\u00e9m possui uma cor que te favorece. Ent\u00e3o, al\u00e9m do branco no Ano Novo, se voc\u00ea quiser compor seu visual com a cor do seu signo tamb\u00e9m \u00e9 poss\u00edvel.<\/span><\/p>\n<p><span style=\"font-weight: 400;\">Quer garantir que voc\u00ea vai aproveitar ao m\u00e1ximo o potencial do pr\u00f3ximo ano? Marque uma <\/span><a href=\"https:\/\/www.iquilibrio.com\/produtos\/\"><span style=\"font-weight: 400;\">consulta com um esot\u00e9rico<\/span><\/a><span style=\"font-weight: 400;\"> para <\/span><a href=\"https:\/\/www.iquilibrio.com\/astrologia\/\"><span style=\"font-weight: 400;\">falar sobre astrologia<\/span><\/a><span style=\"font-weight: 400;\">, veja as previs\u00f5es do tarot e descubra tudo que voc\u00ea tem que fazer para que seu novo ano seja incr\u00edvel. <\/span><\/p>\n\n\n<div class=\"kk-star-ratings kksr-auto kksr-align-left kksr-valign-bottom\"\n    data-payload='{&quot;align&quot;:&quot;left&quot;,&quot;id&quot;:&quot;33572&quot;,&quot;slug&quot;:&quot;default&quot;,&quot;valign&quot;:&quot;bottom&quot;,&quot;ignore&quot;:&quot;&quot;,&quot;reference&quot;:&quot;auto&quot;,&quot;class&quot;:&quot;&quot;,&quot;count&quot;:&quot;0&quot;,&quot;legendonly&quot;:&quot;&quot;,&quot;readonly&quot;:&quot;&quot;,&quot;score&quot;:&quot;0&quot;,&quot;starsonly&quot;:&quot;&quot;,&quot;best&quot;:&quot;5&quot;,&quot;gap&quot;:&quot;5&quot;,&quot;greet&quot;:&quot;Rate this post&quot;,&quot;legend&quot;:&quot;0\\\/5 - (0 voto)&quot;,&quot;size&quot;:&quot;24&quot;,&quot;title&quot;:&quot;O que significa usar branco no Ano Novo?&quot;,&quot;width&quot;:&quot;0&quot;,&quot;_legend&quot;:&quot;{score}\\\/{best} - ({count} {votes})&quot;,&quot;font_factor&quot;:&quot;1.25&quot;}'>\n            \n<div class=\"kksr-stars\">\n    \n<div class=\"kksr-stars-inactive\">\n            <div class=\"kksr-star\" data-star=\"1\" style=\"padding-right: 5px\">\n            \n\n<div class=\"kksr-icon\" style=\"width: 24px; height: 24px;\"><\/div>\n        <\/div>\n            <div class=\"kksr-star\" data-star=\"2\" style=\"padding-right: 5px\">\n            \n\n<div class=\"kksr-icon\" style=\"width: 24px; height: 24px;\"><\/div>\n        <\/div>\n            <div class=\"kksr-star\" data-star=\"3\" style=\"padding-right: 5px\">\n            \n\n<div class=\"kksr-icon\" style=\"width: 24px; height: 24px;\"><\/div>\n        <\/div>\n            <div class=\"kksr-star\" data-star=\"4\" style=\"padding-right: 5px\">\n            \n\n<div class=\"kksr-icon\" style=\"width: 24px; height: 24px;\"><\/div>\n        <\/div>\n            <div class=\"kksr-star\" data-star=\"5\" style=\"padding-right: 5px\">\n            \n\n<div class=\"kksr-icon\" style=\"width: 24px; height: 24px;\"><\/div>\n        <\/div>\n    <\/div>\n    \n<div class=\"kksr-stars-active\" style=\"width: 0px;\">\n            <div class=\"kksr-star\" style=\"padding-right: 5px\">\n            \n\n<div class=\"kksr-icon\" style=\"width: 24px; height: 24px;\"><\/div>\n        <\/div>\n            <div class=\"kksr-star\" style=\"padding-right: 5px\">\n            \n\n<div class=\"kksr-icon\" style=\"width: 24px; height: 24px;\"><\/div>\n        <\/div>\n            <div class=\"kksr-star\" style=\"padding-right: 5px\">\n            \n\n<div class=\"kksr-icon\" style=\"width: 24px; height: 24px;\"><\/div>\n        <\/div>\n            <div class=\"kksr-star\" style=\"padding-right: 5px\">\n            \n\n<div class=\"kksr-icon\" style=\"width: 24px; height: 24px;\"><\/div>\n        <\/div>\n            <div class=\"kksr-star\" style=\"padding-right: 5px\">\n            \n\n<div class=\"kksr-icon\" style=\"width: 24px; height: 24px;\"><\/div>\n        <\/div>\n    <\/div>\n<\/div>\n                \n\n<div class=\"kksr-legend\" style=\"font-size: 19.2px;\">\n            <span class=\"kksr-muted\">Rate this post<\/span>\n    <\/div>\n    <\/div>\n","protected":false},"excerpt":{"rendered":"<p>Branco \u00e9 a uni\u00e3o de todas as cores. Usar branco no Ano Novo remete \u00e0 paz e \u00e0 pureza. Mas existem outros significados para essa cor tamb\u00e9m. Entenda porque muitas pessoas usam roupa branca no Ano Novo e como surgiu essa tradi\u00e7\u00e3o em nosso pa\u00eds.\u00a0 O fim do ano vai chegando e com ele come\u00e7amos [&hellip;]<\/p>\n","protected":false},"author":155,"featured_media":33575,"comment_status":"open","ping_status":"open","sticky":false,"template":"","format":"standard","meta":{"footnotes":""},"categories":[539],"tags":[],"class_list":["post-33572","post","type-post","status-publish","format-standard","has-post-thumbnail","hentry","category-simpatias"],"yoast_head":"<!-- This site is optimized with the Yoast SEO plugin v27.4 - https:\/\/yoast.com\/product\/yoast-seo-wordpress\/ -->\n<title>Branco no Ano Novo: traz apenas paz? O que significa?<\/title>\n<meta name=\"description\" content=\"Passar o Ano Novo de branco vai te trazer paz e harmonia. Al\u00e9m disso, essa cor tamb\u00e9m desperta outras energias. Descubra quais s\u00e3o!\" \/>\n<meta name=\"robots\" content=\"index, follow, max-snippet:-1, max-image-preview:large, max-video-preview:-1\" \/>\n<link rel=\"canonical\" href=\"https:\/\/www.iquilibrio.com\/blog\/simpatias\/branco-ano-novo\/\" \/>\n<meta property=\"og:locale\" content=\"pt_BR\" \/>\n<meta property=\"og:type\" content=\"article\" \/>\n<meta property=\"og:title\" content=\"Branco no Ano Novo: traz apenas paz? O que significa?\" \/>\n<meta property=\"og:description\" content=\"Passar o Ano Novo de branco vai te trazer paz e harmonia. Al\u00e9m disso, essa cor tamb\u00e9m desperta outras energias. Descubra quais s\u00e3o!\" \/>\n<meta property=\"og:url\" content=\"https:\/\/www.iquilibrio.com\/blog\/simpatias\/branco-ano-novo\/\" \/>\n<meta property=\"og:site_name\" content=\"iQuilibrio\" \/>\n<meta property=\"article:publisher\" content=\"https:\/\/www.facebook.com\/iQuilibrio\/\" \/>\n<meta property=\"article:published_time\" content=\"2021-11-26T21:52:34+00:00\" \/>\n<meta property=\"og:image\" content=\"https:\/\/www.iquilibrio.com\/blog\/wp-content\/uploads\/2021\/11\/branco-ano-novo.jpg\" \/>\n\t<meta property=\"og:image:width\" content=\"696\" \/>\n\t<meta property=\"og:image:height\" content=\"433\" \/>\n\t<meta property=\"og:image:type\" content=\"image\/jpeg\" \/>\n<meta name=\"author\" content=\"Katrina Devilla\" \/>\n<meta name=\"twitter:card\" content=\"summary_large_image\" \/>\n<meta name=\"twitter:creator\" content=\"@iquilibrio\" \/>\n<meta name=\"twitter:site\" content=\"@iquilibrio\" \/>\n<meta name=\"twitter:label1\" content=\"Escrito por\" \/>\n\t<meta name=\"twitter:data1\" content=\"Katrina Devilla\" \/>\n\t<meta name=\"twitter:label2\" content=\"Est. tempo de leitura\" \/>\n\t<meta name=\"twitter:data2\" content=\"5 minutos\" \/>\n<script type=\"application\/ld+json\" class=\"yoast-schema-graph\">{\"@context\":\"https:\\\/\\\/schema.org\",\"@graph\":[{\"@type\":\"Article\",\"@id\":\"https:\\\/\\\/www.iquilibrio.com\\\/blog\\\/simpatias\\\/branco-ano-novo\\\/#article\",\"isPartOf\":{\"@id\":\"https:\\\/\\\/www.iquilibrio.com\\\/blog\\\/simpatias\\\/branco-ano-novo\\\/\"},\"author\":{\"name\":\"Katrina Devilla\",\"@id\":\"https:\\\/\\\/www.iquilibrio.com\\\/blog\\\/#\\\/schema\\\/person\\\/a9cde6e88d14c853339bcd3d04fe1dbb\"},\"headline\":\"O que significa usar branco no Ano Novo?\",\"datePublished\":\"2021-11-26T21:52:34+00:00\",\"mainEntityOfPage\":{\"@id\":\"https:\\\/\\\/www.iquilibrio.com\\\/blog\\\/simpatias\\\/branco-ano-novo\\\/\"},\"wordCount\":1053,\"commentCount\":0,\"publisher\":{\"@id\":\"https:\\\/\\\/www.iquilibrio.com\\\/blog\\\/#organization\"},\"image\":{\"@id\":\"https:\\\/\\\/www.iquilibrio.com\\\/blog\\\/simpatias\\\/branco-ano-novo\\\/#primaryimage\"},\"thumbnailUrl\":\"https:\\\/\\\/www.iquilibrio.com\\\/blog\\\/wp-content\\\/uploads\\\/2021\\\/11\\\/branco-ano-novo.jpg\",\"articleSection\":[\"Simpatias\"],\"inLanguage\":\"pt-BR\"},{\"@type\":\"WebPage\",\"@id\":\"https:\\\/\\\/www.iquilibrio.com\\\/blog\\\/simpatias\\\/branco-ano-novo\\\/\",\"url\":\"https:\\\/\\\/www.iquilibrio.com\\\/blog\\\/simpatias\\\/branco-ano-novo\\\/\",\"name\":\"Branco no Ano Novo: traz apenas paz? O que significa?\",\"isPartOf\":{\"@id\":\"https:\\\/\\\/www.iquilibrio.com\\\/blog\\\/#website\"},\"primaryImageOfPage\":{\"@id\":\"https:\\\/\\\/www.iquilibrio.com\\\/blog\\\/simpatias\\\/branco-ano-novo\\\/#primaryimage\"},\"image\":{\"@id\":\"https:\\\/\\\/www.iquilibrio.com\\\/blog\\\/simpatias\\\/branco-ano-novo\\\/#primaryimage\"},\"thumbnailUrl\":\"https:\\\/\\\/www.iquilibrio.com\\\/blog\\\/wp-content\\\/uploads\\\/2021\\\/11\\\/branco-ano-novo.jpg\",\"datePublished\":\"2021-11-26T21:52:34+00:00\",\"description\":\"Passar o Ano Novo de branco vai te trazer paz e harmonia. Al\u00e9m disso, essa cor tamb\u00e9m desperta outras energias. Descubra quais s\u00e3o!\",\"breadcrumb\":{\"@id\":\"https:\\\/\\\/www.iquilibrio.com\\\/blog\\\/simpatias\\\/branco-ano-novo\\\/#breadcrumb\"},\"inLanguage\":\"pt-BR\",\"potentialAction\":[{\"@type\":\"ReadAction\",\"target\":[\"https:\\\/\\\/www.iquilibrio.com\\\/blog\\\/simpatias\\\/branco-ano-novo\\\/\"]}]},{\"@type\":\"ImageObject\",\"inLanguage\":\"pt-BR\",\"@id\":\"https:\\\/\\\/www.iquilibrio.com\\\/blog\\\/simpatias\\\/branco-ano-novo\\\/#primaryimage\",\"url\":\"https:\\\/\\\/www.iquilibrio.com\\\/blog\\\/wp-content\\\/uploads\\\/2021\\\/11\\\/branco-ano-novo.jpg\",\"contentUrl\":\"https:\\\/\\\/www.iquilibrio.com\\\/blog\\\/wp-content\\\/uploads\\\/2021\\\/11\\\/branco-ano-novo.jpg\",\"width\":696,\"height\":433},{\"@type\":\"BreadcrumbList\",\"@id\":\"https:\\\/\\\/www.iquilibrio.com\\\/blog\\\/simpatias\\\/branco-ano-novo\\\/#breadcrumb\",\"itemListElement\":[{\"@type\":\"ListItem\",\"position\":1,\"name\":\"In\u00edcio\",\"item\":\"https:\\\/\\\/www.iquilibrio.com\\\/blog\\\/\"},{\"@type\":\"ListItem\",\"position\":2,\"name\":\"O que significa usar branco no Ano Novo?\"}]},{\"@type\":\"WebSite\",\"@id\":\"https:\\\/\\\/www.iquilibrio.com\\\/blog\\\/#website\",\"url\":\"https:\\\/\\\/www.iquilibrio.com\\\/blog\\\/\",\"name\":\"iQuilibrio\",\"description\":\"Blog iQuilibrio\",\"publisher\":{\"@id\":\"https:\\\/\\\/www.iquilibrio.com\\\/blog\\\/#organization\"},\"potentialAction\":[{\"@type\":\"SearchAction\",\"target\":{\"@type\":\"EntryPoint\",\"urlTemplate\":\"https:\\\/\\\/www.iquilibrio.com\\\/blog\\\/?s={search_term_string}\"},\"query-input\":{\"@type\":\"PropertyValueSpecification\",\"valueRequired\":true,\"valueName\":\"search_term_string\"}}],\"inLanguage\":\"pt-BR\"},{\"@type\":\"Organization\",\"@id\":\"https:\\\/\\\/www.iquilibrio.com\\\/blog\\\/#organization\",\"name\":\"Esoterismo, Misticismo e Tarot Online - iQuilibrio\",\"url\":\"https:\\\/\\\/www.iquilibrio.com\\\/blog\\\/\",\"logo\":{\"@type\":\"ImageObject\",\"inLanguage\":\"pt-BR\",\"@id\":\"https:\\\/\\\/www.iquilibrio.com\\\/blog\\\/#\\\/schema\\\/logo\\\/image\\\/\",\"url\":\"https:\\\/\\\/www.iquilibrio.com\\\/blog\\\/wp-content\\\/uploads\\\/2018\\\/12\\\/iquilibrio_lovo_vetor_preto-retina.png\",\"contentUrl\":\"https:\\\/\\\/www.iquilibrio.com\\\/blog\\\/wp-content\\\/uploads\\\/2018\\\/12\\\/iquilibrio_lovo_vetor_preto-retina.png\",\"width\":972,\"height\":180,\"caption\":\"Esoterismo, Misticismo e Tarot Online - iQuilibrio\"},\"image\":{\"@id\":\"https:\\\/\\\/www.iquilibrio.com\\\/blog\\\/#\\\/schema\\\/logo\\\/image\\\/\"},\"sameAs\":[\"https:\\\/\\\/www.facebook.com\\\/iQuilibrio\\\/\",\"https:\\\/\\\/x.com\\\/iquilibrio\",\"https:\\\/\\\/www.instagram.com\\\/iquilibrio\\\/\",\"https:\\\/\\\/www.linkedin.com\\\/company\\\/iquilibrio\\\/\",\"https:\\\/\\\/br.pinterest.com\\\/iquilibrio1397\\\/\",\"https:\\\/\\\/www.youtube.com\\\/channel\\\/UC175qxd-4Zsi4wzawT5zF2g\"]},{\"@type\":\"Person\",\"@id\":\"https:\\\/\\\/www.iquilibrio.com\\\/blog\\\/#\\\/schema\\\/person\\\/a9cde6e88d14c853339bcd3d04fe1dbb\",\"name\":\"Katrina Devilla\",\"image\":{\"@type\":\"ImageObject\",\"inLanguage\":\"pt-BR\",\"@id\":\"https:\\\/\\\/secure.gravatar.com\\\/avatar\\\/1f540b99ef20bca9c5117565f5cb62c1a95aa578d9d45345315e4338aac207d6?s=96&d=blank&r=g\",\"url\":\"https:\\\/\\\/secure.gravatar.com\\\/avatar\\\/1f540b99ef20bca9c5117565f5cb62c1a95aa578d9d45345315e4338aac207d6?s=96&d=blank&r=g\",\"contentUrl\":\"https:\\\/\\\/secure.gravatar.com\\\/avatar\\\/1f540b99ef20bca9c5117565f5cb62c1a95aa578d9d45345315e4338aac207d6?s=96&d=blank&r=g\",\"caption\":\"Katrina Devilla\"},\"description\":\"Katrina Devilla escreve sobre magia e como deixar a vida leve. Cozinha coisas gostosas, deita no quintal para ver estrelas e, quando tem sorte, v\u00ea um ou outro sat\u00e9lite, mas pensa que \u00e9 estrela cadente. Vive a magia da natureza e se encanta com cada amanhecer. Frui vita! Al\u00e9m disso, Katrina Devilla \u00e9 uma bruxa espiritualista que, por acaso, escreve bem e entende de SEO. Tem imenso prazer em ajudar os outros e ver que seus textos podem inspirar e mudar vidas. A espiritualidade est\u00e1 aqui, basta voc\u00ea querer ver e experimentar!\",\"url\":\"https:\\\/\\\/www.iquilibrio.com\\\/blog\\\/author\\\/candida-thomazellicanoadigital-com\\\/\"}]}<\/script>\n<!-- \/ Yoast SEO plugin. -->","yoast_head_json":{"title":"Branco no Ano Novo: traz apenas paz? O que significa?","description":"Passar o Ano Novo de branco vai te trazer paz e harmonia. Al\u00e9m disso, essa cor tamb\u00e9m desperta outras energias. Descubra quais s\u00e3o!","robots":{"index":"index","follow":"follow","max-snippet":"max-snippet:-1","max-image-preview":"max-image-preview:large","max-video-preview":"max-video-preview:-1"},"canonical":"https:\/\/www.iquilibrio.com\/blog\/simpatias\/branco-ano-novo\/","og_locale":"pt_BR","og_type":"article","og_title":"Branco no Ano Novo: traz apenas paz? O que significa?","og_description":"Passar o Ano Novo de branco vai te trazer paz e harmonia. Al\u00e9m disso, essa cor tamb\u00e9m desperta outras energias. Descubra quais s\u00e3o!","og_url":"https:\/\/www.iquilibrio.com\/blog\/simpatias\/branco-ano-novo\/","og_site_name":"iQuilibrio","article_publisher":"https:\/\/www.facebook.com\/iQuilibrio\/","article_published_time":"2021-11-26T21:52:34+00:00","og_image":[{"width":696,"height":433,"url":"https:\/\/www.iquilibrio.com\/blog\/wp-content\/uploads\/2021\/11\/branco-ano-novo.jpg","type":"image\/jpeg"}],"author":"Katrina Devilla","twitter_card":"summary_large_image","twitter_creator":"@iquilibrio","twitter_site":"@iquilibrio","twitter_misc":{"Escrito por":"Katrina Devilla","Est. tempo de leitura":"5 minutos"},"schema":{"@context":"https:\/\/schema.org","@graph":[{"@type":"Article","@id":"https:\/\/www.iquilibrio.com\/blog\/simpatias\/branco-ano-novo\/#article","isPartOf":{"@id":"https:\/\/www.iquilibrio.com\/blog\/simpatias\/branco-ano-novo\/"},"author":{"name":"Katrina Devilla","@id":"https:\/\/www.iquilibrio.com\/blog\/#\/schema\/person\/a9cde6e88d14c853339bcd3d04fe1dbb"},"headline":"O que significa usar branco no Ano Novo?","datePublished":"2021-11-26T21:52:34+00:00","mainEntityOfPage":{"@id":"https:\/\/www.iquilibrio.com\/blog\/simpatias\/branco-ano-novo\/"},"wordCount":1053,"commentCount":0,"publisher":{"@id":"https:\/\/www.iquilibrio.com\/blog\/#organization"},"image":{"@id":"https:\/\/www.iquilibrio.com\/blog\/simpatias\/branco-ano-novo\/#primaryimage"},"thumbnailUrl":"https:\/\/www.iquilibrio.com\/blog\/wp-content\/uploads\/2021\/11\/branco-ano-novo.jpg","articleSection":["Simpatias"],"inLanguage":"pt-BR"},{"@type":"WebPage","@id":"https:\/\/www.iquilibrio.com\/blog\/simpatias\/branco-ano-novo\/","url":"https:\/\/www.iquilibrio.com\/blog\/simpatias\/branco-ano-novo\/","name":"Branco no Ano Novo: traz apenas paz? O que significa?","isPartOf":{"@id":"https:\/\/www.iquilibrio.com\/blog\/#website"},"primaryImageOfPage":{"@id":"https:\/\/www.iquilibrio.com\/blog\/simpatias\/branco-ano-novo\/#primaryimage"},"image":{"@id":"https:\/\/www.iquilibrio.com\/blog\/simpatias\/branco-ano-novo\/#primaryimage"},"thumbnailUrl":"https:\/\/www.iquilibrio.com\/blog\/wp-content\/uploads\/2021\/11\/branco-ano-novo.jpg","datePublished":"2021-11-26T21:52:34+00:00","description":"Passar o Ano Novo de branco vai te trazer paz e harmonia. Al\u00e9m disso, essa cor tamb\u00e9m desperta outras energias. Descubra quais s\u00e3o!","breadcrumb":{"@id":"https:\/\/www.iquilibrio.com\/blog\/simpatias\/branco-ano-novo\/#breadcrumb"},"inLanguage":"pt-BR","potentialAction":[{"@type":"ReadAction","target":["https:\/\/www.iquilibrio.com\/blog\/simpatias\/branco-ano-novo\/"]}]},{"@type":"ImageObject","inLanguage":"pt-BR","@id":"https:\/\/www.iquilibrio.com\/blog\/simpatias\/branco-ano-novo\/#primaryimage","url":"https:\/\/www.iquilibrio.com\/blog\/wp-content\/uploads\/2021\/11\/branco-ano-novo.jpg","contentUrl":"https:\/\/www.iquilibrio.com\/blog\/wp-content\/uploads\/2021\/11\/branco-ano-novo.jpg","width":696,"height":433},{"@type":"BreadcrumbList","@id":"https:\/\/www.iquilibrio.com\/blog\/simpatias\/branco-ano-novo\/#breadcrumb","itemListElement":[{"@type":"ListItem","position":1,"name":"In\u00edcio","item":"https:\/\/www.iquilibrio.com\/blog\/"},{"@type":"ListItem","position":2,"name":"O que significa usar branco no Ano Novo?"}]},{"@type":"WebSite","@id":"https:\/\/www.iquilibrio.com\/blog\/#website","url":"https:\/\/www.iquilibrio.com\/blog\/","name":"iQuilibrio","description":"Blog iQuilibrio","publisher":{"@id":"https:\/\/www.iquilibrio.com\/blog\/#organization"},"potentialAction":[{"@type":"SearchAction","target":{"@type":"EntryPoint","urlTemplate":"https:\/\/www.iquilibrio.com\/blog\/?s={search_term_string}"},"query-input":{"@type":"PropertyValueSpecification","valueRequired":true,"valueName":"search_term_string"}}],"inLanguage":"pt-BR"},{"@type":"Organization","@id":"https:\/\/www.iquilibrio.com\/blog\/#organization","name":"Esoterismo, Misticismo e Tarot Online - iQuilibrio","url":"https:\/\/www.iquilibrio.com\/blog\/","logo":{"@type":"ImageObject","inLanguage":"pt-BR","@id":"https:\/\/www.iquilibrio.com\/blog\/#\/schema\/logo\/image\/","url":"https:\/\/www.iquilibrio.com\/blog\/wp-content\/uploads\/2018\/12\/iquilibrio_lovo_vetor_preto-retina.png","contentUrl":"https:\/\/www.iquilibrio.com\/blog\/wp-content\/uploads\/2018\/12\/iquilibrio_lovo_vetor_preto-retina.png","width":972,"height":180,"caption":"Esoterismo, Misticismo e Tarot Online - iQuilibrio"},"image":{"@id":"https:\/\/www.iquilibrio.com\/blog\/#\/schema\/logo\/image\/"},"sameAs":["https:\/\/www.facebook.com\/iQuilibrio\/","https:\/\/x.com\/iquilibrio","https:\/\/www.instagram.com\/iquilibrio\/","https:\/\/www.linkedin.com\/company\/iquilibrio\/","https:\/\/br.pinterest.com\/iquilibrio1397\/","https:\/\/www.youtube.com\/channel\/UC175qxd-4Zsi4wzawT5zF2g"]},{"@type":"Person","@id":"https:\/\/www.iquilibrio.com\/blog\/#\/schema\/person\/a9cde6e88d14c853339bcd3d04fe1dbb","name":"Katrina Devilla","image":{"@type":"ImageObject","inLanguage":"pt-BR","@id":"https:\/\/secure.gravatar.com\/avatar\/1f540b99ef20bca9c5117565f5cb62c1a95aa578d9d45345315e4338aac207d6?s=96&d=blank&r=g","url":"https:\/\/secure.gravatar.com\/avatar\/1f540b99ef20bca9c5117565f5cb62c1a95aa578d9d45345315e4338aac207d6?s=96&d=blank&r=g","contentUrl":"https:\/\/secure.gravatar.com\/avatar\/1f540b99ef20bca9c5117565f5cb62c1a95aa578d9d45345315e4338aac207d6?s=96&d=blank&r=g","caption":"Katrina Devilla"},"description":"Katrina Devilla escreve sobre magia e como deixar a vida leve. Cozinha coisas gostosas, deita no quintal para ver estrelas e, quando tem sorte, v\u00ea um ou outro sat\u00e9lite, mas pensa que \u00e9 estrela cadente. Vive a magia da natureza e se encanta com cada amanhecer. Frui vita! Al\u00e9m disso, Katrina Devilla \u00e9 uma bruxa espiritualista que, por acaso, escreve bem e entende de SEO. Tem imenso prazer em ajudar os outros e ver que seus textos podem inspirar e mudar vidas. A espiritualidade est\u00e1 aqui, basta voc\u00ea querer ver e experimentar!","url":"https:\/\/www.iquilibrio.com\/blog\/author\/candida-thomazellicanoadigital-com\/"}]}},"_links":{"self":[{"href":"https:\/\/www.iquilibrio.com\/blog\/wp-json\/wp\/v2\/posts\/33572","targetHints":{"allow":["GET"]}}],"collection":[{"href":"https:\/\/www.iquilibrio.com\/blog\/wp-json\/wp\/v2\/posts"}],"about":[{"href":"https:\/\/www.iquilibrio.com\/blog\/wp-json\/wp\/v2\/types\/post"}],"author":[{"embeddable":true,"href":"https:\/\/www.iquilibrio.com\/blog\/wp-json\/wp\/v2\/users\/155"}],"replies":[{"embeddable":true,"href":"https:\/\/www.iquilibrio.com\/blog\/wp-json\/wp\/v2\/comments?post=33572"}],"version-history":[{"count":1,"href":"https:\/\/www.iquilibrio.com\/blog\/wp-json\/wp\/v2\/posts\/33572\/revisions"}],"predecessor-version":[{"id":33576,"href":"https:\/\/www.iquilibrio.com\/blog\/wp-json\/wp\/v2\/posts\/33572\/revisions\/33576"}],"wp:featuredmedia":[{"embeddable":true,"href":"https:\/\/www.iquilibrio.com\/blog\/wp-json\/wp\/v2\/media\/33575"}],"wp:attachment":[{"href":"https:\/\/www.iquilibrio.com\/blog\/wp-json\/wp\/v2\/media?parent=33572"}],"wp:term":[{"taxonomy":"category","embeddable":true,"href":"https:\/\/www.iquilibrio.com\/blog\/wp-json\/wp\/v2\/categories?post=33572"},{"taxonomy":"post_tag","embeddable":true,"href":"https:\/\/www.iquilibrio.com\/blog\/wp-json\/wp\/v2\/tags?post=33572"}],"curies":[{"name":"wp","href":"https:\/\/api.w.org\/{rel}","templated":true}]}}