{"id":33356,"date":"2021-11-04T19:35:06","date_gmt":"2021-11-04T22:35:06","guid":{"rendered":"https:\/\/www.iquilibrio.com\/blog\/?p=33356"},"modified":"2021-11-04T19:37:19","modified_gmt":"2021-11-04T22:37:19","slug":"quem-allan-kardec","status":"publish","type":"post","link":"https:\/\/www.iquilibrio.com\/blog\/espiritualidade\/espiritismo\/quem-allan-kardec\/","title":{"rendered":"Quem \u00e9 Allan Kardec para o espiritismo?"},"content":{"rendered":"<p><span style=\"font-weight: 400;\">Aqui, no Brasil, temos uma grande comunidade esp\u00edrita e, por isso, fica dif\u00edcil n\u00e3o ouvir vez ou outra o nome do fundador. Mas afinal, <\/span><b>quem \u00e9 Allan Kardec<\/b><span style=\"font-weight: 400;\"> e como ele mudou o rumo do espiritismo na Fran\u00e7a e no mundo?<\/span><\/p>\n<p><span style=\"font-weight: 400;\">Antes de mais nada, vamos contar algo que at\u00e9 hoje muitos jovens esp\u00edritas n\u00e3o sabem: Allan Kardec n\u00e3o era m\u00e9dium. Est\u00e1 chocada? Exatamente, ele utilizou-se de m\u00e9diuns para se comunicar e come\u00e7ar a montar as primeiras ideias do que hoje \u00e9 o espiritismo, tamb\u00e9m conhecido como Kardecismo.<\/span><\/p>\n<p><span style=\"font-weight: 400;\">Est\u00e1 curiosa? Continue nos acompanhando para saber mais!<\/span><\/p>\n<h2><span style=\"font-weight: 400;\">Voc\u00ea sabe quem \u00e9 Allan Kardec? E Hippolyte L\u00e9on D\u00e9nizard Rivail?<\/span><\/h2>\n<p><span style=\"font-weight: 400;\">Ao terceiro dia do m\u00eas de outubro do ano de 1804, na cidade de Lyon, na Fran\u00e7a, nasce o beb\u00ea Hippolyte L\u00e9on D\u00e9nizard Rivail. Filho de uma fam\u00edlia tradicional, cujas ra\u00edzes estavam fincadas profundamente na \u00e1rea de Direito.<\/span><\/p>\n<p><span style=\"font-weight: 400;\">Pai e av\u00f4 eram famosos advogados e reconhecidos pela polidez e alto car\u00e1ter. A m\u00e3e era a do\u00e7ura em pessoa, sempre lhe cobrindo de carinhos e o educando como todo amor poss\u00edvel.<\/span><\/p>\n<p><span style=\"font-weight: 400;\">Isso, criar os filhos com carinhos, pode soar como algo &#8220;normal&#8221;, mas na \u00e9poca as crian\u00e7as eram vistas como pequenos adultos. Logo, todo esse cuidado que temos hoje n\u00e3o era comum na \u00e9poca.<\/span><\/p>\n<p><span style=\"font-weight: 400;\">Por isso, podemos dizer que Rivail teve sorte em nascer nessa fam\u00edlia que lhe deu toda uma base para ser a pessoa que mudaria o rumo das religi\u00f5es.<\/span><\/p>\n<p><span style=\"font-weight: 400;\">Ao contr\u00e1rio do que se pensa, Rivail n\u00e3o seguiu a \u00e1rea de Direito. A sua paix\u00e3o era a educa\u00e7\u00e3o. Ele queria ensinar os pequenos e facilitar o processo de aprendizagem.<\/span><\/p>\n<p><span style=\"font-weight: 400;\">Dedicou boa parte de sua vida para a educa\u00e7\u00e3o e era muito bom nisso. Inclusive, escreveu diversos livros did\u00e1ticos e alguns s\u00e3o t\u00e3o atemporais que at\u00e9 hoje s\u00e3o utilizados na Fran\u00e7a.<\/span><\/p>\n<p><span style=\"font-weight: 400;\">Os temas eram variados: qu\u00edmica, f\u00edsica, anatomia comparada, astronomia, hist\u00f3ria francesa e at\u00e9 bot\u00e2nica. Como amava o que fazia, decidiu investir mais e tirar seu sustento da educa\u00e7\u00e3o.<\/span><\/p>\n<p><span style=\"font-weight: 400;\">Al\u00e9m de escrever livros e dar aulas, abriu uma escola para meninos. L\u00e1, ele lecionava, dirigia e criava suas teorias para tornar o processo de aprendizagem mais atrativo.<\/span><\/p>\n<p><span style=\"font-weight: 400;\">Ao passo que se dedicava \u00e0 educa\u00e7\u00e3o, tamb\u00e9m come\u00e7ou estudar psicologia e magnetismo. Ali\u00e1s, dedicou e contribuiu por bons anos para os estudos acerca do sonambulismo.<\/span><\/p>\n<p><span style=\"font-weight: 400;\">E foi a partir desse momento que Rivail come\u00e7ou a ter contato com o mundo sobrenatural, como fen\u00f4menos magn\u00e9ticos inexplic\u00e1veis e clarivid\u00eancia.<\/span><\/p>\n<h3><span style=\"font-weight: 400;\">As mesas girat\u00f3rias, mais manifesta\u00e7\u00f5es e o &#8220;nascimento&#8221; de Allan Kardec<\/span><\/h3>\n<p><span style=\"font-weight: 400;\">Aos 50 anos, ap\u00f3s d\u00e9cadas dedicadas ao ensino e ao estudo da parapsicologia (que na \u00e9poca n\u00e3o era chamada assim), Rivail, at\u00e9 ent\u00e3o c\u00e9tico, foi convidado para observar o fen\u00f4meno das mesas dan\u00e7antes.<\/span><\/p>\n<p><span style=\"font-weight: 400;\">Incr\u00e9dulo e a procura de respostas plaus\u00edveis para as movimenta\u00e7\u00f5es &#8220;dan\u00e7antes&#8221; das mesas, Rivail procurou por respostas. Ele queria encontrar causas f\u00edsicas para tal movimenta\u00e7\u00e3o, pois acreditava ser um simples truque.<\/span><\/p>\n<p><span style=\"font-weight: 400;\">Sem conseguir provar e muito curioso, aceitou novamente o convite de um amigo para uma nova sess\u00e3o do que seria uma forma desorganizada de espiritismo.<\/span><\/p>\n<p><span style=\"font-weight: 400;\">Ao perceber que se tratava de uma manifesta\u00e7\u00e3o do &#8220;mundo invis\u00edvel&#8221;, ficou instigado e quis estudar cada vez mais.\u00a0<\/span><\/p>\n<p><span style=\"font-weight: 400;\">Por dois anos observou duas irm\u00e3s que davam voz ao que ele chamava de &#8220;Intelig\u00eancias Invis\u00edveis&#8221;, hoje n\u00f3s as chamamos de m\u00e9diuns. Na presen\u00e7a dele, as Intelig\u00eancias ganhavam um tom mais s\u00e9rio e lhe forneciam in\u00fameras informa\u00e7\u00f5es.<\/span><\/p>\n<p><span style=\"font-weight: 400;\">Empolgado com tantas vis\u00f5es diferentes sobre vida, morte e consequ\u00eancias, pensou em escrever um livro relatando o conte\u00fado dos dois anos. Quando manifestou essa vontade para um dos esp\u00edritos, ambos disseram que a ideia foi sugerida por eles e que Rivail, deveria incorporar mais instru\u00e7\u00f5es que seriam dadas.<\/span><\/p>\n<p><span style=\"font-weight: 400;\">Al\u00e9m do mais, o livro deveria se chamar &#8220;O livro dos esp\u00edritos&#8221; e deveria ser assinado por Allan Kardec, nome de uma das encarna\u00e7\u00f5es passadas de Rivail, na \u00e9poca dos povos celtas na antiga regi\u00e3o da Fran\u00e7a, conhecida como G\u00e1lia.<\/span><\/p>\n<p><span style=\"font-weight: 400;\">Sendo assim, no ano de 1857 nasce aos 53 anos Allan Kardec, o pai do espiritismo moderno.<\/span><\/p>\n<h2><span style=\"font-weight: 400;\">Foi pouco tempo, mas valeu\u2026<\/span><\/h2>\n<p><span style=\"font-weight: 400;\">No primeiro dia do ano de 1858 nasce a primeira revista esp\u00edrita, completamente pensada, desenvolvida e publicada por Allan Kardec. Ele decidiu que a revista seria gratuita para alcan\u00e7ar o maior n\u00famero de pessoas poss\u00edvel.<\/span><\/p>\n<p><span style=\"font-weight: 400;\">Al\u00e9m do mais, ele queria manter todos muito bem informados sobre os desdobramentos da mais nova doutrina. Ainda assim, queria precaver seus leitores de certos exageros que andavam acontecendo (fake news n\u00e3o \u00e9 de agora&#8230;) e tentando combater o ceticismo que ele mesmo tinha antes de ter seus primeiros contatos com o espiritismo.<\/span><\/p>\n<p><span style=\"font-weight: 400;\">Em abril do mesmo ano, foi fundada a primeira Sociedade Parisiense de Estudos Esp\u00edritas, o que podemos considerar como o primeiro centro esp\u00edrita do mundo. L\u00e1, Allan Kardec e quem mais fosse aprovado por ele, participavam de suas reuni\u00f5es semanais.<\/span><\/p>\n<p><span style=\"font-weight: 400;\">N\u00e3o era qualquer um que poderia participar. Afinal, como educador, ele era rigoroso e queria que seus estudos frutificassem.<\/span><\/p>\n<p><span style=\"font-weight: 400;\">Os anos se passam e a organiza\u00e7\u00e3o fica cada vez mais s\u00f3lida e sempre em busca de novos estudos e ensinar aos outros.<\/span><\/p>\n<p><span style=\"font-weight: 400;\">Em mar\u00e7o de 1869, ap\u00f3s lan\u00e7ar O Livro dos M\u00e9diuns (1861), O Evangelho segundo o Espiritismo (1864), O C\u00e9u e o Inferno (1865) e A G\u00eanese (1868), aos 64 anos, desencarna, subitamente, Allan Kardec. Alguns acreditam que ele poderia ter sido v\u00edtima de uma cardiopatia ou de algum aneurisma fulminante.<\/span><\/p>\n<p><span style=\"font-weight: 400;\">Camille Flammarion, astr\u00f4nomo e m\u00e9dium fez um breve e emocionante discurso, no qual destacamos este trecho:<\/span><\/p>\n<blockquote class=\"td_quote_box td_box_center\">\n<blockquote class=\"td_pull_quote td_pull_center\"><p><span style=\"font-weight: 400;\">Nos encontraremos em um mundo melhor, e no grande c\u00e9u, onde usaremos nossas mais preciosas faculdades; continuaremos os estudos para os quais a Terra ainda n\u00e3o \u00e9 um campo preparado. Somos mais gratos por conhecer essa verdade do que por acreditar que todo o corpo e a alma s\u00e3o aniquilados com a cessa\u00e7\u00e3o do funcionamento de um \u00f3rg\u00e3o. A imortalidade \u00e9 a luz da vida, assim como este sol \u00e9 a luz da natureza. At\u00e9 breve, meu caro Allan Kardec, at\u00e9 breve!<\/span><\/p><\/blockquote>\n<\/blockquote>\n<h2><span style=\"font-weight: 400;\">\u00daltimas considera\u00e7\u00f5es e indica\u00e7\u00f5es<\/span><\/h2>\n<p><span style=\"font-weight: 400;\">Surpreendente que o expoente do espiritismo moderno tenha vivido t\u00e3o pouco ap\u00f3s descobrir a sua segunda voca\u00e7\u00e3o. Ele continuou como educador, mas o foco era na eleva\u00e7\u00e3o espiritual.<\/span><\/p>\n<p><span style=\"font-weight: 400;\">Para saber mais quem foi Allan Kardec, voc\u00ea pode assistir ao filme <\/span><a href=\"https:\/\/www.netflix.com\/br\/title\/80997400?source=35\" target=\"_blank\" rel=\"noopener\"><span style=\"font-weight: 400;\">Kardec<\/span><\/a><span style=\"font-weight: 400;\"> que est\u00e1 dispon\u00edvel na plataforma da Netflix. Quer saber mais curiosidades? Vejo o v\u00eddeo abaixo.<\/span><\/p>\n<p><iframe loading=\"lazy\" title=\"10 Fatos sobre Allan Kardec - Minha Nada Mole Encarna\u00e7\u00e3o\" width=\"696\" height=\"392\" src=\"https:\/\/www.youtube.com\/embed\/tO9U2uGgyQo?feature=oembed\" frameborder=\"0\" allow=\"accelerometer; autoplay; clipboard-write; encrypted-media; gyroscope; picture-in-picture\" allowfullscreen><\/iframe><\/p>\n<p><span style=\"font-weight: 400;\">Agora que voc\u00ea j\u00e1 sabe quem \u00e9 Allan Kardec e o que ele fez pela doutrina esp\u00edrita, que tal continuar lendo sobre espiritismo? Separamos algumas mat\u00e9rias que podem ser interessantes para voc\u00ea, com a tem\u00e1tica de <\/span><a href=\"https:\/\/www.iquilibrio.com\/blog\/espiritualidade\/espiritismo\/\"><span style=\"font-weight: 400;\">espiritismo<\/span><\/a><span style=\"font-weight: 400;\"> e <\/span><a href=\"https:\/\/www.iquilibrio.com\/blog\/espiritualidade\/\"><span style=\"font-weight: 400;\">espiritualidade<\/span><\/a><span style=\"font-weight: 400;\">. Confira!<\/span><\/p>\n<ul>\n<li style=\"font-weight: 400;\" aria-level=\"1\"><a href=\"https:\/\/www.iquilibrio.com\/blog\/espiritualidade\/encosto-espiritual\/\"><span style=\"font-weight: 400;\">Socorro! Estou com encosto espiritual. E agora?<\/span><\/a><\/li>\n<li style=\"font-weight: 400;\" aria-level=\"1\"><a href=\"https:\/\/www.iquilibrio.com\/blog\/bem-estar\/pesadelos-constantes-espiritismo\/\"><span style=\"font-weight: 400;\">Pesadelos constantes no espiritismo: O que significa?<\/span><\/a><\/li>\n<li style=\"font-weight: 400;\" aria-level=\"1\"><a href=\"https:\/\/www.iquilibrio.com\/blog\/espiritualidade\/espiritismo\/filhos-visao-espirita\/\"><span style=\"font-weight: 400;\">Os filhos na vis\u00e3o esp\u00edrita: companheiros de evolu\u00e7\u00e3o<\/span><\/a><\/li>\n<li style=\"font-weight: 400;\" aria-level=\"1\"><a href=\"https:\/\/www.iquilibrio.com\/blog\/espiritualidade\/alma-gemea-espiritismo\/\"><span style=\"font-weight: 400;\">Almas g\u00eameas: no espiritismo elas s\u00e3o verdadeiras?<\/span><\/a><\/li>\n<\/ul>\n<p><span style=\"font-weight: 400;\">\u00a0Um grande beijo e at\u00e9 a pr\u00f3xima!<\/span><\/p>\n\n\n<div class=\"kk-star-ratings kksr-auto kksr-align-left kksr-valign-bottom\"\n    data-payload='{&quot;align&quot;:&quot;left&quot;,&quot;id&quot;:&quot;33356&quot;,&quot;slug&quot;:&quot;default&quot;,&quot;valign&quot;:&quot;bottom&quot;,&quot;ignore&quot;:&quot;&quot;,&quot;reference&quot;:&quot;auto&quot;,&quot;class&quot;:&quot;&quot;,&quot;count&quot;:&quot;2&quot;,&quot;legendonly&quot;:&quot;&quot;,&quot;readonly&quot;:&quot;&quot;,&quot;score&quot;:&quot;5&quot;,&quot;starsonly&quot;:&quot;&quot;,&quot;best&quot;:&quot;5&quot;,&quot;gap&quot;:&quot;5&quot;,&quot;greet&quot;:&quot;Rate this post&quot;,&quot;legend&quot;:&quot;5\\\/5 - (2 votos)&quot;,&quot;size&quot;:&quot;24&quot;,&quot;title&quot;:&quot;Quem \u00e9 Allan Kardec para o espiritismo?&quot;,&quot;width&quot;:&quot;142.5&quot;,&quot;_legend&quot;:&quot;{score}\\\/{best} - ({count} {votes})&quot;,&quot;font_factor&quot;:&quot;1.25&quot;}'>\n            \n<div class=\"kksr-stars\">\n    \n<div class=\"kksr-stars-inactive\">\n            <div class=\"kksr-star\" data-star=\"1\" style=\"padding-right: 5px\">\n            \n\n<div class=\"kksr-icon\" style=\"width: 24px; height: 24px;\"><\/div>\n        <\/div>\n            <div class=\"kksr-star\" data-star=\"2\" style=\"padding-right: 5px\">\n            \n\n<div class=\"kksr-icon\" style=\"width: 24px; height: 24px;\"><\/div>\n        <\/div>\n            <div class=\"kksr-star\" data-star=\"3\" style=\"padding-right: 5px\">\n            \n\n<div class=\"kksr-icon\" style=\"width: 24px; height: 24px;\"><\/div>\n        <\/div>\n            <div class=\"kksr-star\" data-star=\"4\" style=\"padding-right: 5px\">\n            \n\n<div class=\"kksr-icon\" style=\"width: 24px; height: 24px;\"><\/div>\n        <\/div>\n            <div class=\"kksr-star\" data-star=\"5\" style=\"padding-right: 5px\">\n            \n\n<div class=\"kksr-icon\" style=\"width: 24px; height: 24px;\"><\/div>\n        <\/div>\n    <\/div>\n    \n<div class=\"kksr-stars-active\" style=\"width: 142.5px;\">\n            <div class=\"kksr-star\" style=\"padding-right: 5px\">\n            \n\n<div class=\"kksr-icon\" style=\"width: 24px; height: 24px;\"><\/div>\n        <\/div>\n            <div class=\"kksr-star\" style=\"padding-right: 5px\">\n            \n\n<div class=\"kksr-icon\" style=\"width: 24px; height: 24px;\"><\/div>\n        <\/div>\n            <div class=\"kksr-star\" style=\"padding-right: 5px\">\n            \n\n<div class=\"kksr-icon\" style=\"width: 24px; height: 24px;\"><\/div>\n        <\/div>\n            <div class=\"kksr-star\" style=\"padding-right: 5px\">\n            \n\n<div class=\"kksr-icon\" style=\"width: 24px; height: 24px;\"><\/div>\n        <\/div>\n            <div class=\"kksr-star\" style=\"padding-right: 5px\">\n            \n\n<div class=\"kksr-icon\" style=\"width: 24px; height: 24px;\"><\/div>\n        <\/div>\n    <\/div>\n<\/div>\n                \n\n<div class=\"kksr-legend\" style=\"font-size: 19.2px;\">\n            5\/5 - (2 votos)    <\/div>\n    <\/div>\n","protected":false},"excerpt":{"rendered":"<p>Aqui, no Brasil, temos uma grande comunidade esp\u00edrita e, por isso, fica dif\u00edcil n\u00e3o ouvir vez ou outra o nome do fundador. Mas afinal, quem \u00e9 Allan Kardec e como ele mudou o rumo do espiritismo na Fran\u00e7a e no mundo? Antes de mais nada, vamos contar algo que at\u00e9 hoje muitos jovens esp\u00edritas n\u00e3o [&hellip;]<\/p>\n","protected":false},"author":155,"featured_media":33357,"comment_status":"open","ping_status":"open","sticky":false,"template":"","format":"standard","meta":{"footnotes":""},"categories":[505,502],"tags":[3313,462,2836,4308,4309,4306,4307],"class_list":["post-33356","post","type-post","status-publish","format-standard","has-post-thumbnail","hentry","category-espiritismo","category-espiritualidade","tag-allan-kardec","tag-espiritismo","tag-espiritualidade","tag-evangelho-dos-espiritos","tag-historia","tag-kardecismo","tag-livro-dos-espiritos"],"yoast_head":"<!-- This site is optimized with the Yoast SEO plugin v27.4 - https:\/\/yoast.com\/product\/yoast-seo-wordpress\/ -->\n<title>Quem \u00e9 Allan Kardec para o espiritismo? - iQuilibrio<\/title>\n<meta name=\"description\" content=\"Voc\u00ea sabe quem \u00e9 Allan Kardec e a import\u00e2ncia dele para os esp\u00edritas? Ali\u00e1s, voc\u00ea sabe o que ele procura nos ensinar? Saiba mais!\" \/>\n<meta name=\"robots\" content=\"index, follow, max-snippet:-1, max-image-preview:large, max-video-preview:-1\" \/>\n<link rel=\"canonical\" href=\"https:\/\/www.iquilibrio.com\/blog\/espiritualidade\/espiritismo\/quem-allan-kardec\/\" \/>\n<meta property=\"og:locale\" content=\"pt_BR\" \/>\n<meta property=\"og:type\" content=\"article\" \/>\n<meta property=\"og:title\" content=\"Quem \u00e9 Allan Kardec para o espiritismo? - iQuilibrio\" \/>\n<meta property=\"og:description\" content=\"Voc\u00ea sabe quem \u00e9 Allan Kardec e a import\u00e2ncia dele para os esp\u00edritas? Ali\u00e1s, voc\u00ea sabe o que ele procura nos ensinar? Saiba mais!\" \/>\n<meta property=\"og:url\" content=\"https:\/\/www.iquilibrio.com\/blog\/espiritualidade\/espiritismo\/quem-allan-kardec\/\" \/>\n<meta property=\"og:site_name\" content=\"iQuilibrio\" \/>\n<meta property=\"article:publisher\" content=\"https:\/\/www.facebook.com\/iQuilibrio\/\" \/>\n<meta property=\"article:published_time\" content=\"2021-11-04T22:35:06+00:00\" \/>\n<meta property=\"article:modified_time\" content=\"2021-11-04T22:37:19+00:00\" \/>\n<meta property=\"og:image\" content=\"https:\/\/www.iquilibrio.com\/blog\/wp-content\/uploads\/2021\/11\/quem-allan-kardec.jpg\" \/>\n\t<meta property=\"og:image:width\" content=\"900\" \/>\n\t<meta property=\"og:image:height\" content=\"560\" \/>\n\t<meta property=\"og:image:type\" content=\"image\/jpeg\" \/>\n<meta name=\"author\" content=\"Katrina Devilla\" \/>\n<meta name=\"twitter:card\" content=\"summary_large_image\" \/>\n<meta name=\"twitter:creator\" content=\"@iquilibrio\" \/>\n<meta name=\"twitter:site\" content=\"@iquilibrio\" \/>\n<meta name=\"twitter:label1\" content=\"Escrito por\" \/>\n\t<meta name=\"twitter:data1\" content=\"Katrina Devilla\" \/>\n\t<meta name=\"twitter:label2\" content=\"Est. tempo de leitura\" \/>\n\t<meta name=\"twitter:data2\" content=\"6 minutos\" \/>\n<script type=\"application\/ld+json\" class=\"yoast-schema-graph\">{\"@context\":\"https:\\\/\\\/schema.org\",\"@graph\":[{\"@type\":\"Article\",\"@id\":\"https:\\\/\\\/www.iquilibrio.com\\\/blog\\\/espiritualidade\\\/espiritismo\\\/quem-allan-kardec\\\/#article\",\"isPartOf\":{\"@id\":\"https:\\\/\\\/www.iquilibrio.com\\\/blog\\\/espiritualidade\\\/espiritismo\\\/quem-allan-kardec\\\/\"},\"author\":{\"name\":\"Katrina Devilla\",\"@id\":\"https:\\\/\\\/www.iquilibrio.com\\\/blog\\\/#\\\/schema\\\/person\\\/a9cde6e88d14c853339bcd3d04fe1dbb\"},\"headline\":\"Quem \u00e9 Allan Kardec para o espiritismo?\",\"datePublished\":\"2021-11-04T22:35:06+00:00\",\"dateModified\":\"2021-11-04T22:37:19+00:00\",\"mainEntityOfPage\":{\"@id\":\"https:\\\/\\\/www.iquilibrio.com\\\/blog\\\/espiritualidade\\\/espiritismo\\\/quem-allan-kardec\\\/\"},\"wordCount\":1249,\"commentCount\":0,\"publisher\":{\"@id\":\"https:\\\/\\\/www.iquilibrio.com\\\/blog\\\/#organization\"},\"image\":{\"@id\":\"https:\\\/\\\/www.iquilibrio.com\\\/blog\\\/espiritualidade\\\/espiritismo\\\/quem-allan-kardec\\\/#primaryimage\"},\"thumbnailUrl\":\"https:\\\/\\\/www.iquilibrio.com\\\/blog\\\/wp-content\\\/uploads\\\/2021\\\/11\\\/quem-allan-kardec.jpg\",\"keywords\":[\"Allan Kardec\",\"Espiritismo\",\"espiritualidade\",\"Evangelho dos esp\u00edritos\",\"hist\u00f3ria\",\"Kardecismo\",\"Livro dos esp\u00edritos\"],\"articleSection\":[\"Espiritismo\",\"Espiritualidade\"],\"inLanguage\":\"pt-BR\"},{\"@type\":\"WebPage\",\"@id\":\"https:\\\/\\\/www.iquilibrio.com\\\/blog\\\/espiritualidade\\\/espiritismo\\\/quem-allan-kardec\\\/\",\"url\":\"https:\\\/\\\/www.iquilibrio.com\\\/blog\\\/espiritualidade\\\/espiritismo\\\/quem-allan-kardec\\\/\",\"name\":\"Quem \u00e9 Allan Kardec para o espiritismo? - iQuilibrio\",\"isPartOf\":{\"@id\":\"https:\\\/\\\/www.iquilibrio.com\\\/blog\\\/#website\"},\"primaryImageOfPage\":{\"@id\":\"https:\\\/\\\/www.iquilibrio.com\\\/blog\\\/espiritualidade\\\/espiritismo\\\/quem-allan-kardec\\\/#primaryimage\"},\"image\":{\"@id\":\"https:\\\/\\\/www.iquilibrio.com\\\/blog\\\/espiritualidade\\\/espiritismo\\\/quem-allan-kardec\\\/#primaryimage\"},\"thumbnailUrl\":\"https:\\\/\\\/www.iquilibrio.com\\\/blog\\\/wp-content\\\/uploads\\\/2021\\\/11\\\/quem-allan-kardec.jpg\",\"datePublished\":\"2021-11-04T22:35:06+00:00\",\"dateModified\":\"2021-11-04T22:37:19+00:00\",\"description\":\"Voc\u00ea sabe quem \u00e9 Allan Kardec e a import\u00e2ncia dele para os esp\u00edritas? Ali\u00e1s, voc\u00ea sabe o que ele procura nos ensinar? Saiba mais!\",\"breadcrumb\":{\"@id\":\"https:\\\/\\\/www.iquilibrio.com\\\/blog\\\/espiritualidade\\\/espiritismo\\\/quem-allan-kardec\\\/#breadcrumb\"},\"inLanguage\":\"pt-BR\",\"potentialAction\":[{\"@type\":\"ReadAction\",\"target\":[\"https:\\\/\\\/www.iquilibrio.com\\\/blog\\\/espiritualidade\\\/espiritismo\\\/quem-allan-kardec\\\/\"]}]},{\"@type\":\"ImageObject\",\"inLanguage\":\"pt-BR\",\"@id\":\"https:\\\/\\\/www.iquilibrio.com\\\/blog\\\/espiritualidade\\\/espiritismo\\\/quem-allan-kardec\\\/#primaryimage\",\"url\":\"https:\\\/\\\/www.iquilibrio.com\\\/blog\\\/wp-content\\\/uploads\\\/2021\\\/11\\\/quem-allan-kardec.jpg\",\"contentUrl\":\"https:\\\/\\\/www.iquilibrio.com\\\/blog\\\/wp-content\\\/uploads\\\/2021\\\/11\\\/quem-allan-kardec.jpg\",\"width\":900,\"height\":560,\"caption\":\"Quem \u00e9 Allan Kardec?\"},{\"@type\":\"BreadcrumbList\",\"@id\":\"https:\\\/\\\/www.iquilibrio.com\\\/blog\\\/espiritualidade\\\/espiritismo\\\/quem-allan-kardec\\\/#breadcrumb\",\"itemListElement\":[{\"@type\":\"ListItem\",\"position\":1,\"name\":\"In\u00edcio\",\"item\":\"https:\\\/\\\/www.iquilibrio.com\\\/blog\\\/\"},{\"@type\":\"ListItem\",\"position\":2,\"name\":\"Quem \u00e9 Allan Kardec para o espiritismo?\"}]},{\"@type\":\"WebSite\",\"@id\":\"https:\\\/\\\/www.iquilibrio.com\\\/blog\\\/#website\",\"url\":\"https:\\\/\\\/www.iquilibrio.com\\\/blog\\\/\",\"name\":\"iQuilibrio\",\"description\":\"Blog iQuilibrio\",\"publisher\":{\"@id\":\"https:\\\/\\\/www.iquilibrio.com\\\/blog\\\/#organization\"},\"potentialAction\":[{\"@type\":\"SearchAction\",\"target\":{\"@type\":\"EntryPoint\",\"urlTemplate\":\"https:\\\/\\\/www.iquilibrio.com\\\/blog\\\/?s={search_term_string}\"},\"query-input\":{\"@type\":\"PropertyValueSpecification\",\"valueRequired\":true,\"valueName\":\"search_term_string\"}}],\"inLanguage\":\"pt-BR\"},{\"@type\":\"Organization\",\"@id\":\"https:\\\/\\\/www.iquilibrio.com\\\/blog\\\/#organization\",\"name\":\"Esoterismo, Misticismo e Tarot Online - iQuilibrio\",\"url\":\"https:\\\/\\\/www.iquilibrio.com\\\/blog\\\/\",\"logo\":{\"@type\":\"ImageObject\",\"inLanguage\":\"pt-BR\",\"@id\":\"https:\\\/\\\/www.iquilibrio.com\\\/blog\\\/#\\\/schema\\\/logo\\\/image\\\/\",\"url\":\"https:\\\/\\\/www.iquilibrio.com\\\/blog\\\/wp-content\\\/uploads\\\/2018\\\/12\\\/iquilibrio_lovo_vetor_preto-retina.png\",\"contentUrl\":\"https:\\\/\\\/www.iquilibrio.com\\\/blog\\\/wp-content\\\/uploads\\\/2018\\\/12\\\/iquilibrio_lovo_vetor_preto-retina.png\",\"width\":972,\"height\":180,\"caption\":\"Esoterismo, Misticismo e Tarot Online - iQuilibrio\"},\"image\":{\"@id\":\"https:\\\/\\\/www.iquilibrio.com\\\/blog\\\/#\\\/schema\\\/logo\\\/image\\\/\"},\"sameAs\":[\"https:\\\/\\\/www.facebook.com\\\/iQuilibrio\\\/\",\"https:\\\/\\\/x.com\\\/iquilibrio\",\"https:\\\/\\\/www.instagram.com\\\/iquilibrio\\\/\",\"https:\\\/\\\/www.linkedin.com\\\/company\\\/iquilibrio\\\/\",\"https:\\\/\\\/br.pinterest.com\\\/iquilibrio1397\\\/\",\"https:\\\/\\\/www.youtube.com\\\/channel\\\/UC175qxd-4Zsi4wzawT5zF2g\"]},{\"@type\":\"Person\",\"@id\":\"https:\\\/\\\/www.iquilibrio.com\\\/blog\\\/#\\\/schema\\\/person\\\/a9cde6e88d14c853339bcd3d04fe1dbb\",\"name\":\"Katrina Devilla\",\"image\":{\"@type\":\"ImageObject\",\"inLanguage\":\"pt-BR\",\"@id\":\"https:\\\/\\\/secure.gravatar.com\\\/avatar\\\/1f540b99ef20bca9c5117565f5cb62c1a95aa578d9d45345315e4338aac207d6?s=96&d=blank&r=g\",\"url\":\"https:\\\/\\\/secure.gravatar.com\\\/avatar\\\/1f540b99ef20bca9c5117565f5cb62c1a95aa578d9d45345315e4338aac207d6?s=96&d=blank&r=g\",\"contentUrl\":\"https:\\\/\\\/secure.gravatar.com\\\/avatar\\\/1f540b99ef20bca9c5117565f5cb62c1a95aa578d9d45345315e4338aac207d6?s=96&d=blank&r=g\",\"caption\":\"Katrina Devilla\"},\"description\":\"Katrina Devilla escreve sobre magia e como deixar a vida leve. Cozinha coisas gostosas, deita no quintal para ver estrelas e, quando tem sorte, v\u00ea um ou outro sat\u00e9lite, mas pensa que \u00e9 estrela cadente. Vive a magia da natureza e se encanta com cada amanhecer. Frui vita! Al\u00e9m disso, Katrina Devilla \u00e9 uma bruxa espiritualista que, por acaso, escreve bem e entende de SEO. Tem imenso prazer em ajudar os outros e ver que seus textos podem inspirar e mudar vidas. A espiritualidade est\u00e1 aqui, basta voc\u00ea querer ver e experimentar!\",\"url\":\"https:\\\/\\\/www.iquilibrio.com\\\/blog\\\/author\\\/candida-thomazellicanoadigital-com\\\/\"}]}<\/script>\n<!-- \/ Yoast SEO plugin. -->","yoast_head_json":{"title":"Quem \u00e9 Allan Kardec para o espiritismo? - iQuilibrio","description":"Voc\u00ea sabe quem \u00e9 Allan Kardec e a import\u00e2ncia dele para os esp\u00edritas? Ali\u00e1s, voc\u00ea sabe o que ele procura nos ensinar? Saiba mais!","robots":{"index":"index","follow":"follow","max-snippet":"max-snippet:-1","max-image-preview":"max-image-preview:large","max-video-preview":"max-video-preview:-1"},"canonical":"https:\/\/www.iquilibrio.com\/blog\/espiritualidade\/espiritismo\/quem-allan-kardec\/","og_locale":"pt_BR","og_type":"article","og_title":"Quem \u00e9 Allan Kardec para o espiritismo? - iQuilibrio","og_description":"Voc\u00ea sabe quem \u00e9 Allan Kardec e a import\u00e2ncia dele para os esp\u00edritas? Ali\u00e1s, voc\u00ea sabe o que ele procura nos ensinar? Saiba mais!","og_url":"https:\/\/www.iquilibrio.com\/blog\/espiritualidade\/espiritismo\/quem-allan-kardec\/","og_site_name":"iQuilibrio","article_publisher":"https:\/\/www.facebook.com\/iQuilibrio\/","article_published_time":"2021-11-04T22:35:06+00:00","article_modified_time":"2021-11-04T22:37:19+00:00","og_image":[{"width":900,"height":560,"url":"https:\/\/www.iquilibrio.com\/blog\/wp-content\/uploads\/2021\/11\/quem-allan-kardec.jpg","type":"image\/jpeg"}],"author":"Katrina Devilla","twitter_card":"summary_large_image","twitter_creator":"@iquilibrio","twitter_site":"@iquilibrio","twitter_misc":{"Escrito por":"Katrina Devilla","Est. tempo de leitura":"6 minutos"},"schema":{"@context":"https:\/\/schema.org","@graph":[{"@type":"Article","@id":"https:\/\/www.iquilibrio.com\/blog\/espiritualidade\/espiritismo\/quem-allan-kardec\/#article","isPartOf":{"@id":"https:\/\/www.iquilibrio.com\/blog\/espiritualidade\/espiritismo\/quem-allan-kardec\/"},"author":{"name":"Katrina Devilla","@id":"https:\/\/www.iquilibrio.com\/blog\/#\/schema\/person\/a9cde6e88d14c853339bcd3d04fe1dbb"},"headline":"Quem \u00e9 Allan Kardec para o espiritismo?","datePublished":"2021-11-04T22:35:06+00:00","dateModified":"2021-11-04T22:37:19+00:00","mainEntityOfPage":{"@id":"https:\/\/www.iquilibrio.com\/blog\/espiritualidade\/espiritismo\/quem-allan-kardec\/"},"wordCount":1249,"commentCount":0,"publisher":{"@id":"https:\/\/www.iquilibrio.com\/blog\/#organization"},"image":{"@id":"https:\/\/www.iquilibrio.com\/blog\/espiritualidade\/espiritismo\/quem-allan-kardec\/#primaryimage"},"thumbnailUrl":"https:\/\/www.iquilibrio.com\/blog\/wp-content\/uploads\/2021\/11\/quem-allan-kardec.jpg","keywords":["Allan Kardec","Espiritismo","espiritualidade","Evangelho dos esp\u00edritos","hist\u00f3ria","Kardecismo","Livro dos esp\u00edritos"],"articleSection":["Espiritismo","Espiritualidade"],"inLanguage":"pt-BR"},{"@type":"WebPage","@id":"https:\/\/www.iquilibrio.com\/blog\/espiritualidade\/espiritismo\/quem-allan-kardec\/","url":"https:\/\/www.iquilibrio.com\/blog\/espiritualidade\/espiritismo\/quem-allan-kardec\/","name":"Quem \u00e9 Allan Kardec para o espiritismo? - iQuilibrio","isPartOf":{"@id":"https:\/\/www.iquilibrio.com\/blog\/#website"},"primaryImageOfPage":{"@id":"https:\/\/www.iquilibrio.com\/blog\/espiritualidade\/espiritismo\/quem-allan-kardec\/#primaryimage"},"image":{"@id":"https:\/\/www.iquilibrio.com\/blog\/espiritualidade\/espiritismo\/quem-allan-kardec\/#primaryimage"},"thumbnailUrl":"https:\/\/www.iquilibrio.com\/blog\/wp-content\/uploads\/2021\/11\/quem-allan-kardec.jpg","datePublished":"2021-11-04T22:35:06+00:00","dateModified":"2021-11-04T22:37:19+00:00","description":"Voc\u00ea sabe quem \u00e9 Allan Kardec e a import\u00e2ncia dele para os esp\u00edritas? Ali\u00e1s, voc\u00ea sabe o que ele procura nos ensinar? Saiba mais!","breadcrumb":{"@id":"https:\/\/www.iquilibrio.com\/blog\/espiritualidade\/espiritismo\/quem-allan-kardec\/#breadcrumb"},"inLanguage":"pt-BR","potentialAction":[{"@type":"ReadAction","target":["https:\/\/www.iquilibrio.com\/blog\/espiritualidade\/espiritismo\/quem-allan-kardec\/"]}]},{"@type":"ImageObject","inLanguage":"pt-BR","@id":"https:\/\/www.iquilibrio.com\/blog\/espiritualidade\/espiritismo\/quem-allan-kardec\/#primaryimage","url":"https:\/\/www.iquilibrio.com\/blog\/wp-content\/uploads\/2021\/11\/quem-allan-kardec.jpg","contentUrl":"https:\/\/www.iquilibrio.com\/blog\/wp-content\/uploads\/2021\/11\/quem-allan-kardec.jpg","width":900,"height":560,"caption":"Quem \u00e9 Allan Kardec?"},{"@type":"BreadcrumbList","@id":"https:\/\/www.iquilibrio.com\/blog\/espiritualidade\/espiritismo\/quem-allan-kardec\/#breadcrumb","itemListElement":[{"@type":"ListItem","position":1,"name":"In\u00edcio","item":"https:\/\/www.iquilibrio.com\/blog\/"},{"@type":"ListItem","position":2,"name":"Quem \u00e9 Allan Kardec para o espiritismo?"}]},{"@type":"WebSite","@id":"https:\/\/www.iquilibrio.com\/blog\/#website","url":"https:\/\/www.iquilibrio.com\/blog\/","name":"iQuilibrio","description":"Blog iQuilibrio","publisher":{"@id":"https:\/\/www.iquilibrio.com\/blog\/#organization"},"potentialAction":[{"@type":"SearchAction","target":{"@type":"EntryPoint","urlTemplate":"https:\/\/www.iquilibrio.com\/blog\/?s={search_term_string}"},"query-input":{"@type":"PropertyValueSpecification","valueRequired":true,"valueName":"search_term_string"}}],"inLanguage":"pt-BR"},{"@type":"Organization","@id":"https:\/\/www.iquilibrio.com\/blog\/#organization","name":"Esoterismo, Misticismo e Tarot Online - iQuilibrio","url":"https:\/\/www.iquilibrio.com\/blog\/","logo":{"@type":"ImageObject","inLanguage":"pt-BR","@id":"https:\/\/www.iquilibrio.com\/blog\/#\/schema\/logo\/image\/","url":"https:\/\/www.iquilibrio.com\/blog\/wp-content\/uploads\/2018\/12\/iquilibrio_lovo_vetor_preto-retina.png","contentUrl":"https:\/\/www.iquilibrio.com\/blog\/wp-content\/uploads\/2018\/12\/iquilibrio_lovo_vetor_preto-retina.png","width":972,"height":180,"caption":"Esoterismo, Misticismo e Tarot Online - iQuilibrio"},"image":{"@id":"https:\/\/www.iquilibrio.com\/blog\/#\/schema\/logo\/image\/"},"sameAs":["https:\/\/www.facebook.com\/iQuilibrio\/","https:\/\/x.com\/iquilibrio","https:\/\/www.instagram.com\/iquilibrio\/","https:\/\/www.linkedin.com\/company\/iquilibrio\/","https:\/\/br.pinterest.com\/iquilibrio1397\/","https:\/\/www.youtube.com\/channel\/UC175qxd-4Zsi4wzawT5zF2g"]},{"@type":"Person","@id":"https:\/\/www.iquilibrio.com\/blog\/#\/schema\/person\/a9cde6e88d14c853339bcd3d04fe1dbb","name":"Katrina Devilla","image":{"@type":"ImageObject","inLanguage":"pt-BR","@id":"https:\/\/secure.gravatar.com\/avatar\/1f540b99ef20bca9c5117565f5cb62c1a95aa578d9d45345315e4338aac207d6?s=96&d=blank&r=g","url":"https:\/\/secure.gravatar.com\/avatar\/1f540b99ef20bca9c5117565f5cb62c1a95aa578d9d45345315e4338aac207d6?s=96&d=blank&r=g","contentUrl":"https:\/\/secure.gravatar.com\/avatar\/1f540b99ef20bca9c5117565f5cb62c1a95aa578d9d45345315e4338aac207d6?s=96&d=blank&r=g","caption":"Katrina Devilla"},"description":"Katrina Devilla escreve sobre magia e como deixar a vida leve. Cozinha coisas gostosas, deita no quintal para ver estrelas e, quando tem sorte, v\u00ea um ou outro sat\u00e9lite, mas pensa que \u00e9 estrela cadente. Vive a magia da natureza e se encanta com cada amanhecer. Frui vita! Al\u00e9m disso, Katrina Devilla \u00e9 uma bruxa espiritualista que, por acaso, escreve bem e entende de SEO. Tem imenso prazer em ajudar os outros e ver que seus textos podem inspirar e mudar vidas. A espiritualidade est\u00e1 aqui, basta voc\u00ea querer ver e experimentar!","url":"https:\/\/www.iquilibrio.com\/blog\/author\/candida-thomazellicanoadigital-com\/"}]}},"_links":{"self":[{"href":"https:\/\/www.iquilibrio.com\/blog\/wp-json\/wp\/v2\/posts\/33356","targetHints":{"allow":["GET"]}}],"collection":[{"href":"https:\/\/www.iquilibrio.com\/blog\/wp-json\/wp\/v2\/posts"}],"about":[{"href":"https:\/\/www.iquilibrio.com\/blog\/wp-json\/wp\/v2\/types\/post"}],"author":[{"embeddable":true,"href":"https:\/\/www.iquilibrio.com\/blog\/wp-json\/wp\/v2\/users\/155"}],"replies":[{"embeddable":true,"href":"https:\/\/www.iquilibrio.com\/blog\/wp-json\/wp\/v2\/comments?post=33356"}],"version-history":[{"count":4,"href":"https:\/\/www.iquilibrio.com\/blog\/wp-json\/wp\/v2\/posts\/33356\/revisions"}],"predecessor-version":[{"id":33406,"href":"https:\/\/www.iquilibrio.com\/blog\/wp-json\/wp\/v2\/posts\/33356\/revisions\/33406"}],"wp:featuredmedia":[{"embeddable":true,"href":"https:\/\/www.iquilibrio.com\/blog\/wp-json\/wp\/v2\/media\/33357"}],"wp:attachment":[{"href":"https:\/\/www.iquilibrio.com\/blog\/wp-json\/wp\/v2\/media?parent=33356"}],"wp:term":[{"taxonomy":"category","embeddable":true,"href":"https:\/\/www.iquilibrio.com\/blog\/wp-json\/wp\/v2\/categories?post=33356"},{"taxonomy":"post_tag","embeddable":true,"href":"https:\/\/www.iquilibrio.com\/blog\/wp-json\/wp\/v2\/tags?post=33356"}],"curies":[{"name":"wp","href":"https:\/\/api.w.org\/{rel}","templated":true}]}}