{"id":32478,"date":"2021-09-03T10:00:05","date_gmt":"2021-09-03T13:00:05","guid":{"rendered":"https:\/\/www.iquilibrio.com\/blog\/?p=32478"},"modified":"2021-09-02T17:35:35","modified_gmt":"2021-09-02T20:35:35","slug":"oracao-manha-catolica-2022","status":"publish","type":"post","link":"https:\/\/www.iquilibrio.com\/blog\/previsoes\/2022\/oracao-manha-catolica-2022\/","title":{"rendered":"Comece o dia bem: ora\u00e7\u00e3o da manh\u00e3 cat\u00f3lica para 2022"},"content":{"rendered":"<p><span style=\"font-weight: 400;\">Come\u00e7ar o dia com a <\/span><b>ora\u00e7\u00e3o da manh\u00e3 cat\u00f3lica para 2022<\/b><span style=\"font-weight: 400;\"> ser mais leve \u00e9 uma \u00f3tima op\u00e7\u00e3o. Al\u00e9m de energizar o dia que est\u00e1 por vir, essa ora\u00e7\u00e3o nos conforta e nos deixa cada vez mais pr\u00f3ximas de Deus.<\/span><\/p>\n<p><span style=\"font-weight: 400;\">H\u00e1 quem defenda que rezar a noite \u00e9 melhor, mas nada como come\u00e7ar um novo dia com a palavra do Senhor para nos guiar e iluminar. E, para complementar, um <\/span><a href=\"https:\/\/www.astrocentro.com.br\/blog\/salmos\/salmo-do-dia\/?utm_campaign=iquilibrio&amp;utm_medium=blog&amp;utm_source=salmo-do-dia&amp;utm_content=20210903-oracao-manha-catolica-2022&amp;sck=link_building\"><span style=\"font-weight: 400;\">salmo do dia<\/span><\/a><span style=\"font-weight: 400;\"> para dar aquela for\u00e7a.<\/span><\/p>\n<p><span style=\"font-weight: 400;\">Ter Deus em nosso cora\u00e7\u00e3o \u00e9 um alento para esses dias dif\u00edceis que enfrentamos. Al\u00e9m do mais, com essa pr\u00e1tica di\u00e1ria, n\u00f3s plantamos uma sementinha de amor e esperan\u00e7a que ser\u00e1 regada em cada manh\u00e3.<\/span><\/p>\n<p><span style=\"font-weight: 400;\">Deixe que essas palavras venham trazer alento e modifiquem a sua jornada. Voc\u00ea vai ver como o dia fica mais leve e aben\u00e7oado. A vida n\u00e3o precisa ser s\u00f3 agruras e tristeza, deixe que a sabedoria do Senhor lhe abrace e conduza.<\/span><\/p>\n<p><span style=\"font-weight: 400;\">Vamos conferir algumas das <\/span><a href=\"https:\/\/www.astrocentro.com.br\/blog\/oracoes\/oracao-para-acalmar-coracao-aflito\/?utm_campaign=iquilibrio&amp;utm_medium=blog&amp;utm_source=oracao&amp;utm_content=20210903-oracao-manha-catolica-2022&amp;sck=link_building\"><span style=\"font-weight: 400;\">ora\u00e7\u00f5es<\/span><\/a><span style=\"font-weight: 400;\"> que separamos para seu 2022 ser incr\u00edvel?<\/span><\/p>\n<h2><span style=\"font-weight: 400;\">Ora\u00e7\u00e3o da manh\u00e3 cat\u00f3lica para 2022 trazer amor e paz<\/span><\/h2>\n<p><span style=\"font-weight: 400;\">\u201c<\/span><b><i>Senhor, no sil\u00eancio deste dia que amanhece, venho pedir-te a paz, a sabedoria, a for\u00e7a. Quero olhar o mundo com olhos cheios de amor: ser paciente, compreensivo, justo, calmo e alegre. Quero ver teus filhos como o Senhor mesmo os v\u00ea, e ver somente o bem em cada pessoa que passar pelo meu caminho.<\/i><\/b><\/p>\n<p><b><i>Fecha meus ouvidos a toda cal\u00fania, guarda minha l\u00edngua de toda maldade, que s\u00f3 de b\u00ean\u00e7\u00e3os se encha minha alma e que meu esp\u00edrito viva s\u00f3 de paz. Que eu seja t\u00e3o bom e alegre que todos que de mim se aproximem sintam a tua presen\u00e7a, meu Deus. Senhor, reveste-me interiormente da tua beleza, e que, no decorrer deste dia, eu a todos revele o teu amor.<\/i><\/b><\/p>\n<p><b><i>Am\u00e9m.<\/i><\/b><span style=\"font-weight: 400;\">\u201d<\/span><\/p>\n<h2><span style=\"font-weight: 400;\">Ora\u00e7\u00e3o da manh\u00e3 cat\u00f3lica para 2022 ser um recome\u00e7o pleno em f\u00e9<\/span><\/h2>\n<p><span style=\"font-weight: 400;\">\u201c<\/span><b><i>Em nome do Pai, do Filho e do Esp\u00edrito, sa\u00edmos da noite, entramos na aurora, com alegria saudamos a luz, ressuscitada e ressuscitadora.<\/i><\/b><\/p>\n<p><b><i>A m\u00e3o do Senhor traz o fogo do dia, e o rosto das coisas fica l\u00facido e calmo, a aurora \u00e9 uma palavra da divina presen\u00e7a e o sol uma certeza que incessante nos busca.<\/i><\/b><\/p>\n<p><b><i>O homem vem do sonho e regressa ao presente acudindo ao trabalho, madrugador e forte.<\/i><\/b><\/p>\n<p><b><i>Deus entrega-lhe o mundo que anoitece cansado ao recolher o p\u00e3o e o suor do rosto.<\/i><\/b><\/p>\n<p><b><i>Deus proclama nos homens o poder do Seu bra\u00e7o, entrega em nossas m\u00e3os a obra come\u00e7ada, e assim vemos crescer fi\u00e9is e vigilantes, o esfor\u00e7o de quem sonha criar um mundo novo.<\/i><\/b><\/p>\n<p><b><i>Bendita esta manh\u00e3 que nos traz a not\u00edcia da presen\u00e7a de Deus jovem e glorioso.<\/i><\/b><\/p>\n<p><b><i>Am\u00e9m.<\/i><\/b><span style=\"font-weight: 400;\">\u201d<\/span><\/p>\n<h2><span style=\"font-weight: 400;\">Ora\u00e7\u00e3o da manh\u00e3 cat\u00f3lica para 2022 ser leve e aben\u00e7oado<\/span><\/h2>\n<p><span style=\"font-weight: 400;\">\u201c<\/span><b><i>Ouve a minha voz nesta manh\u00e3, \u00f3 Senhor Pai Celestial, venho a Ti agradecer por este novo dia. Obrigado pela noite que passou, pelo sono tranquilo e reparador. Nesta manh\u00e3 quero louvar Teu nome e pedir que a cada minuto, lembre-me que minha vida \u00e9 muito preciosa e que o dia de hoje Tu me deste para que eu me realize e seja feliz.<\/i><\/b><\/p>\n<p><b><i>Preenche-me com Teu amor e Tua sabedoria. Aben\u00e7oa meu lar e meu trabalho. Que nesta manh\u00e3 eu tenha bons pensamentos, fale boas palavras, seja bem-sucedida em minhas a\u00e7\u00f5es e aprenda a fazer a Tua vontade. Entrego esta manh\u00e3 em tuas m\u00e3os. Sei que estarei bem.<\/i><\/b><\/p>\n<p><b><i>Obrigado, Senhor.<\/i><\/b><\/p>\n<p><b><i>Am\u00e9m.<\/i><\/b><span style=\"font-weight: 400;\">&#8220;<\/span><\/p>\n<h2><span style=\"font-weight: 400;\">Antes de abrir os olhos, agrade\u00e7a!<\/span><\/h2>\n<p><span style=\"font-weight: 400;\">Sim, antes mesmo de despertar por completo, vale lembrar essa pequena e delicada ora\u00e7\u00e3o que aprendemos quando crian\u00e7a. Ela nos aquece o cora\u00e7\u00e3o e \u00e9 t\u00e3o fofinha, que j\u00e1 nos p\u00f5e um sorriso nos l\u00e1bios. Confira.<\/span><\/p>\n<p style=\"text-align: center;\"><b><i>&#8220;Bendita seja a luz do dia,<\/i><\/b><\/p>\n<p style=\"text-align: center;\"><b><i>bendito seja Quem tudo cria,<\/i><\/b><\/p>\n<p style=\"text-align: center;\"><b><i>bendito seja o fruto sagrado<\/i><\/b><\/p>\n<p style=\"text-align: center;\"><b><i>da sempre pur\u00edssima Virgem Maria.<\/i><\/b><\/p>\n<p style=\"text-align: center;\"><b><i>Am\u00e9m.&#8221;<\/i><\/b><\/p>\n<p><span style=\"font-weight: 400;\">Agradecer n\u00e3o s\u00f3 pela luz do dia, mas tamb\u00e9m pela luz divina que nos ilumina os pensamentos e guia em meio \u00e0s tempestades que enfrentamos. Dessa forma, nos faz refletir o tanto que ganhamos e o quanto devemos ser gratos.<\/span><\/p>\n<p><span style=\"font-weight: 400;\">Ter dimens\u00e3o da bondade do amor de Cristo nos rejuvenesce a alma e nos deixa mais fortes e confiantes de que nunca estamos s\u00f3s.<\/span><\/p>\n<p><span style=\"font-weight: 400;\">Portanto, se os seus dias andam dif\u00edceis e algum problema a incomoda, aproveite o sil\u00eancio da manh\u00e3 e fa\u00e7a algumas dessas ora\u00e7\u00f5es que indicamos. Tenha f\u00e9, mesmo que seja do tamanho de um gr\u00e3o de mostarda, e perseveran\u00e7a. Nosso Senhor nunca nos desampara e sempre quer nosso melhor.<\/span><\/p>\n<p><span style=\"font-weight: 400;\">Ali\u00e1s, voc\u00ea j\u00e1 conhece o tema da Campanha da Fraternidade de 2022?<\/span><\/p>\n<h3><span style=\"font-weight: 400;\">Fala com sabedoria, ensina com amor &#8211; Campanha da Fraternidade 2022<\/span><\/h3>\n<p><span style=\"font-weight: 400;\">A Campanha da Fraternidade de 2022 vem com um tema muito bonito: \u201cfala com sabedoria, ensina com amor\u201d.\u00a0 Al\u00e9m de nos alertar sobre a falta de empatia, nos faz pensar em como podemos dar nosso melhor e fazer da comunidade em que vivemos algo melhor e mais perto de nosso Senhor.<\/span><\/p>\n<p><span style=\"font-weight: 400;\">Confira a seguir a ora\u00e7\u00e3o da CF de 2022 que pode ser feita logo ap\u00f3s a ora\u00e7\u00e3o da manh\u00e3.<\/span><\/p>\n<p><b><i>\u201cPai Santo, neste tempo favor\u00e1vel de convers\u00e3o e compromisso,\u00a0<\/i><\/b><b><i>dai-nos a gra\u00e7a de sermos educados pela Palavra que liberta e salva.<\/i><\/b><\/p>\n<p><b><i>Livrai-nos da influ\u00eancia negativa de uma cultura em que\u00a0<\/i><\/b><b><i>a educa\u00e7\u00e3o n\u00e3o \u00e9 assumida como ato de amor aos irm\u00e3os\u00a0<\/i><\/b><b><i>e de esperan\u00e7a no ser humano.<\/i><\/b><\/p>\n<p><b><i>Renovai-nos com a vossa gra\u00e7a para vencermos o medo, o des\u00e2nimo e o cansa\u00e7o,\u00a0<\/i><\/b><b><i>e ajudai-nos a promover uma educa\u00e7\u00e3o integral, fraterna e solid\u00e1ria.<\/i><\/b><\/p>\n<p><b><i>Fortalecei-nos, para que sejamos corajosos na miss\u00e3o de educar para a vida plena em fam\u00edlia, em comunidades eclesiais mission\u00e1rias, nas escolas, nas universidades e em todos os ambientes.<\/i><\/b><\/p>\n<p><b><i>Ensinai-nos a falar com sabedoria e educar com amor!<\/i><\/b><\/p>\n<p><b><i>Fazei com que a Virgem Maria, M\u00e3e educadora, com a sabedoria dos pequenos e pobres,\u00a0<\/i><\/b><b><i>nos ajude a educar e servir com a pedagogia do di\u00e1logo, da solidariedade e da paz.<\/i><\/b><\/p>\n<p><b><i>Por Jesus, vosso Filho amado, no Esp\u00edrito, Senhor que d\u00e1 a vida.<\/i><\/b><\/p>\n<p><b><i>Am\u00e9m.\u201d<\/i><\/b><\/p>\n<p><span style=\"font-weight: 400;\">Agora que voc\u00ea j\u00e1 escolheu a sua ora\u00e7\u00e3o da manh\u00e3 cat\u00f3lica para 2022 ser incr\u00edvel e mais proveitoso, conta para gente nos coment\u00e1rios se faz alguma outra ora\u00e7\u00e3o.<\/span><\/p>\n<p><span style=\"font-weight: 400;\">E, se voc\u00ea tem dificuldades em se concentrar e achar um equil\u00edbrio, procure um de nossos especialistas em <\/span><a href=\"https:\/\/www.iquilibrio.com\/meditacao\/\"><span style=\"font-weight: 400;\">medita\u00e7\u00e3o<\/span><\/a><span style=\"font-weight: 400;\">. Eles lhe acolher\u00e3o com todo carinho. E se voc\u00ea quiser saber mais sobre nossos <\/span><a href=\"https:\/\/www.iquilibrio.com\/esotericos\/\"><span style=\"font-weight: 400;\">esot\u00e9ricos<\/span><\/a><span style=\"font-weight: 400;\"> especialistas, confira nossa p\u00e1gina.<\/span><\/p>\n<p><span style=\"font-weight: 400;\">Se curtiu essa mat\u00e9ria, vai gostar tamb\u00e9m destas aqui:<\/span><\/p>\n<ul>\n<li style=\"font-weight: 400;\" aria-level=\"1\"><a href=\"https:\/\/www.iquilibrio.com\/blog\/2022\/oracao-2022\/\"><span style=\"font-weight: 400;\">Escolha a melhor ora\u00e7\u00e3o para 2022 ser o m\u00e1ximo!<\/span><\/a><\/li>\n<li style=\"font-weight: 400;\" aria-level=\"1\"><a href=\"https:\/\/www.iquilibrio.com\/blog\/espiritualidade\/oracoes-salmos\/oracao-nossa-senhora-fatima\/\"><span style=\"font-weight: 400;\">Poderosa ora\u00e7\u00e3o para Nossa Senhora de F\u00e1tima<\/span><\/a><\/li>\n<li style=\"font-weight: 400;\" aria-level=\"1\"><a href=\"https:\/\/www.iquilibrio.com\/blog\/espiritualidade\/cristianismo\/nossa-senhora-das-dores\/\"><span style=\"font-weight: 400;\">Nossa Senhora das Dores \u2013 O Sagrado Cora\u00e7\u00e3o de M\u00e3e<\/span><\/a><\/li>\n<li style=\"font-weight: 400;\" aria-level=\"1\"><a href=\"https:\/\/www.iquilibrio.com\/blog\/espiritualidade\/oracoes-salmos\/beneficios-dos-salmos\/\"><span style=\"font-weight: 400;\">O Poder dos Salmos: Benef\u00edcios do Salmo em sua Prece\/Ora\u00e7\u00e3o<\/span><\/a><\/li>\n<\/ul>\n\n\n<div class=\"kk-star-ratings kksr-auto kksr-align-left kksr-valign-bottom\"\n    data-payload='{&quot;align&quot;:&quot;left&quot;,&quot;id&quot;:&quot;32478&quot;,&quot;slug&quot;:&quot;default&quot;,&quot;valign&quot;:&quot;bottom&quot;,&quot;ignore&quot;:&quot;&quot;,&quot;reference&quot;:&quot;auto&quot;,&quot;class&quot;:&quot;&quot;,&quot;count&quot;:&quot;0&quot;,&quot;legendonly&quot;:&quot;&quot;,&quot;readonly&quot;:&quot;&quot;,&quot;score&quot;:&quot;0&quot;,&quot;starsonly&quot;:&quot;&quot;,&quot;best&quot;:&quot;5&quot;,&quot;gap&quot;:&quot;5&quot;,&quot;greet&quot;:&quot;Rate this post&quot;,&quot;legend&quot;:&quot;0\\\/5 - (0 voto)&quot;,&quot;size&quot;:&quot;24&quot;,&quot;title&quot;:&quot;Comece o dia bem: ora\u00e7\u00e3o da manh\u00e3 cat\u00f3lica para 2022&quot;,&quot;width&quot;:&quot;0&quot;,&quot;_legend&quot;:&quot;{score}\\\/{best} - ({count} {votes})&quot;,&quot;font_factor&quot;:&quot;1.25&quot;}'>\n            \n<div class=\"kksr-stars\">\n    \n<div class=\"kksr-stars-inactive\">\n            <div class=\"kksr-star\" data-star=\"1\" style=\"padding-right: 5px\">\n            \n\n<div class=\"kksr-icon\" style=\"width: 24px; height: 24px;\"><\/div>\n        <\/div>\n            <div class=\"kksr-star\" data-star=\"2\" style=\"padding-right: 5px\">\n            \n\n<div class=\"kksr-icon\" style=\"width: 24px; height: 24px;\"><\/div>\n        <\/div>\n            <div class=\"kksr-star\" data-star=\"3\" style=\"padding-right: 5px\">\n            \n\n<div class=\"kksr-icon\" style=\"width: 24px; height: 24px;\"><\/div>\n        <\/div>\n            <div class=\"kksr-star\" data-star=\"4\" style=\"padding-right: 5px\">\n            \n\n<div class=\"kksr-icon\" style=\"width: 24px; height: 24px;\"><\/div>\n        <\/div>\n            <div class=\"kksr-star\" data-star=\"5\" style=\"padding-right: 5px\">\n            \n\n<div class=\"kksr-icon\" style=\"width: 24px; height: 24px;\"><\/div>\n        <\/div>\n    <\/div>\n    \n<div class=\"kksr-stars-active\" style=\"width: 0px;\">\n            <div class=\"kksr-star\" style=\"padding-right: 5px\">\n            \n\n<div class=\"kksr-icon\" style=\"width: 24px; height: 24px;\"><\/div>\n        <\/div>\n            <div class=\"kksr-star\" style=\"padding-right: 5px\">\n            \n\n<div class=\"kksr-icon\" style=\"width: 24px; height: 24px;\"><\/div>\n        <\/div>\n            <div class=\"kksr-star\" style=\"padding-right: 5px\">\n            \n\n<div class=\"kksr-icon\" style=\"width: 24px; height: 24px;\"><\/div>\n        <\/div>\n            <div class=\"kksr-star\" style=\"padding-right: 5px\">\n            \n\n<div class=\"kksr-icon\" style=\"width: 24px; height: 24px;\"><\/div>\n        <\/div>\n            <div class=\"kksr-star\" style=\"padding-right: 5px\">\n            \n\n<div class=\"kksr-icon\" style=\"width: 24px; height: 24px;\"><\/div>\n        <\/div>\n    <\/div>\n<\/div>\n                \n\n<div class=\"kksr-legend\" style=\"font-size: 19.2px;\">\n            <span class=\"kksr-muted\">Rate this post<\/span>\n    <\/div>\n    <\/div>\n","protected":false},"excerpt":{"rendered":"<p>Come\u00e7ar o dia com a ora\u00e7\u00e3o da manh\u00e3 cat\u00f3lica para 2022 ser mais leve \u00e9 uma \u00f3tima op\u00e7\u00e3o. Al\u00e9m de energizar o dia que est\u00e1 por vir, essa ora\u00e7\u00e3o nos conforta e nos deixa cada vez mais pr\u00f3ximas de Deus. H\u00e1 quem defenda que rezar a noite \u00e9 melhor, mas nada como come\u00e7ar um novo [&hellip;]<\/p>\n","protected":false},"author":155,"featured_media":32479,"comment_status":"open","ping_status":"open","sticky":false,"template":"","format":"standard","meta":{"footnotes":""},"categories":[4254,509],"tags":[4261,4262,1032],"class_list":["post-32478","post","type-post","status-publish","format-standard","has-post-thumbnail","hentry","category-4254","category-oracoes-salmos","tag-oracao-catolica","tag-oracao-catolica-da-manha-para-2022","tag-oracao-da-manha"],"yoast_head":"<!-- This site is optimized with the Yoast SEO plugin v27.4 - https:\/\/yoast.com\/product\/yoast-seo-wordpress\/ -->\n<title>Comece o dia bem: ora\u00e7\u00e3o da manh\u00e3 cat\u00f3lica para 2022 - iQuilibrio<\/title>\n<meta name=\"description\" content=\"No sil\u00eancio do raiar do dia \u00e9 que a ora\u00e7\u00e3o da manh\u00e3 cat\u00f3lica para 2022 acontece. Serve para nos guiar e acalmar o \u2665 inquieto.\" \/>\n<meta name=\"robots\" content=\"index, follow, max-snippet:-1, max-image-preview:large, max-video-preview:-1\" \/>\n<link rel=\"canonical\" href=\"https:\/\/www.iquilibrio.com\/blog\/previsoes\/2022\/oracao-manha-catolica-2022\/\" \/>\n<meta property=\"og:locale\" content=\"pt_BR\" \/>\n<meta property=\"og:type\" content=\"article\" \/>\n<meta property=\"og:title\" content=\"Comece o dia bem: ora\u00e7\u00e3o da manh\u00e3 cat\u00f3lica para 2022 - iQuilibrio\" \/>\n<meta property=\"og:description\" content=\"No sil\u00eancio do raiar do dia \u00e9 que a ora\u00e7\u00e3o da manh\u00e3 cat\u00f3lica para 2022 acontece. Serve para nos guiar e acalmar o \u2665 inquieto.\" \/>\n<meta property=\"og:url\" content=\"https:\/\/www.iquilibrio.com\/blog\/previsoes\/2022\/oracao-manha-catolica-2022\/\" \/>\n<meta property=\"og:site_name\" content=\"iQuilibrio\" \/>\n<meta property=\"article:publisher\" content=\"https:\/\/www.facebook.com\/iQuilibrio\/\" \/>\n<meta property=\"article:published_time\" content=\"2021-09-03T13:00:05+00:00\" \/>\n<meta property=\"og:image\" content=\"https:\/\/www.iquilibrio.com\/blog\/wp-content\/uploads\/2021\/09\/oracao-manha-catolica-2022.jpg\" \/>\n\t<meta property=\"og:image:width\" content=\"900\" \/>\n\t<meta property=\"og:image:height\" content=\"560\" \/>\n\t<meta property=\"og:image:type\" content=\"image\/jpeg\" \/>\n<meta name=\"author\" content=\"Katrina Devilla\" \/>\n<meta name=\"twitter:card\" content=\"summary_large_image\" \/>\n<meta name=\"twitter:creator\" content=\"@iquilibrio\" \/>\n<meta name=\"twitter:site\" content=\"@iquilibrio\" \/>\n<meta name=\"twitter:label1\" content=\"Escrito por\" \/>\n\t<meta name=\"twitter:data1\" content=\"Katrina Devilla\" \/>\n\t<meta name=\"twitter:label2\" content=\"Est. tempo de leitura\" \/>\n\t<meta name=\"twitter:data2\" content=\"6 minutos\" \/>\n<script type=\"application\/ld+json\" class=\"yoast-schema-graph\">{\"@context\":\"https:\\\/\\\/schema.org\",\"@graph\":[{\"@type\":\"Article\",\"@id\":\"https:\\\/\\\/www.iquilibrio.com\\\/blog\\\/previsoes\\\/2022\\\/oracao-manha-catolica-2022\\\/#article\",\"isPartOf\":{\"@id\":\"https:\\\/\\\/www.iquilibrio.com\\\/blog\\\/previsoes\\\/2022\\\/oracao-manha-catolica-2022\\\/\"},\"author\":{\"name\":\"Katrina Devilla\",\"@id\":\"https:\\\/\\\/www.iquilibrio.com\\\/blog\\\/#\\\/schema\\\/person\\\/a9cde6e88d14c853339bcd3d04fe1dbb\"},\"headline\":\"Comece o dia bem: ora\u00e7\u00e3o da manh\u00e3 cat\u00f3lica para 2022\",\"datePublished\":\"2021-09-03T13:00:05+00:00\",\"mainEntityOfPage\":{\"@id\":\"https:\\\/\\\/www.iquilibrio.com\\\/blog\\\/previsoes\\\/2022\\\/oracao-manha-catolica-2022\\\/\"},\"wordCount\":1213,\"commentCount\":0,\"publisher\":{\"@id\":\"https:\\\/\\\/www.iquilibrio.com\\\/blog\\\/#organization\"},\"image\":{\"@id\":\"https:\\\/\\\/www.iquilibrio.com\\\/blog\\\/previsoes\\\/2022\\\/oracao-manha-catolica-2022\\\/#primaryimage\"},\"thumbnailUrl\":\"https:\\\/\\\/www.iquilibrio.com\\\/blog\\\/wp-content\\\/uploads\\\/2021\\\/09\\\/oracao-manha-catolica-2022.jpg\",\"keywords\":[\"ora\u00e7\u00e3o cat\u00f3lica\",\"ora\u00e7\u00e3o cat\u00f3lica da manh\u00e3 para 2022\",\"ora\u00e7\u00e3o da manh\u00e3\"],\"articleSection\":[\"2022\",\"Ora\u00e7\u00f5es e Salmos\"],\"inLanguage\":\"pt-BR\"},{\"@type\":\"WebPage\",\"@id\":\"https:\\\/\\\/www.iquilibrio.com\\\/blog\\\/previsoes\\\/2022\\\/oracao-manha-catolica-2022\\\/\",\"url\":\"https:\\\/\\\/www.iquilibrio.com\\\/blog\\\/previsoes\\\/2022\\\/oracao-manha-catolica-2022\\\/\",\"name\":\"Comece o dia bem: ora\u00e7\u00e3o da manh\u00e3 cat\u00f3lica para 2022 - iQuilibrio\",\"isPartOf\":{\"@id\":\"https:\\\/\\\/www.iquilibrio.com\\\/blog\\\/#website\"},\"primaryImageOfPage\":{\"@id\":\"https:\\\/\\\/www.iquilibrio.com\\\/blog\\\/previsoes\\\/2022\\\/oracao-manha-catolica-2022\\\/#primaryimage\"},\"image\":{\"@id\":\"https:\\\/\\\/www.iquilibrio.com\\\/blog\\\/previsoes\\\/2022\\\/oracao-manha-catolica-2022\\\/#primaryimage\"},\"thumbnailUrl\":\"https:\\\/\\\/www.iquilibrio.com\\\/blog\\\/wp-content\\\/uploads\\\/2021\\\/09\\\/oracao-manha-catolica-2022.jpg\",\"datePublished\":\"2021-09-03T13:00:05+00:00\",\"description\":\"No sil\u00eancio do raiar do dia \u00e9 que a ora\u00e7\u00e3o da manh\u00e3 cat\u00f3lica para 2022 acontece. Serve para nos guiar e acalmar o \u2665 inquieto.\",\"breadcrumb\":{\"@id\":\"https:\\\/\\\/www.iquilibrio.com\\\/blog\\\/previsoes\\\/2022\\\/oracao-manha-catolica-2022\\\/#breadcrumb\"},\"inLanguage\":\"pt-BR\",\"potentialAction\":[{\"@type\":\"ReadAction\",\"target\":[\"https:\\\/\\\/www.iquilibrio.com\\\/blog\\\/previsoes\\\/2022\\\/oracao-manha-catolica-2022\\\/\"]}]},{\"@type\":\"ImageObject\",\"inLanguage\":\"pt-BR\",\"@id\":\"https:\\\/\\\/www.iquilibrio.com\\\/blog\\\/previsoes\\\/2022\\\/oracao-manha-catolica-2022\\\/#primaryimage\",\"url\":\"https:\\\/\\\/www.iquilibrio.com\\\/blog\\\/wp-content\\\/uploads\\\/2021\\\/09\\\/oracao-manha-catolica-2022.jpg\",\"contentUrl\":\"https:\\\/\\\/www.iquilibrio.com\\\/blog\\\/wp-content\\\/uploads\\\/2021\\\/09\\\/oracao-manha-catolica-2022.jpg\",\"width\":900,\"height\":560,\"caption\":\"Ora\u00e7\u00e3o da manh\u00e3 cat\u00f3lica para 2022\"},{\"@type\":\"BreadcrumbList\",\"@id\":\"https:\\\/\\\/www.iquilibrio.com\\\/blog\\\/previsoes\\\/2022\\\/oracao-manha-catolica-2022\\\/#breadcrumb\",\"itemListElement\":[{\"@type\":\"ListItem\",\"position\":1,\"name\":\"In\u00edcio\",\"item\":\"https:\\\/\\\/www.iquilibrio.com\\\/blog\\\/\"},{\"@type\":\"ListItem\",\"position\":2,\"name\":\"Comece o dia bem: ora\u00e7\u00e3o da manh\u00e3 cat\u00f3lica para 2022\"}]},{\"@type\":\"WebSite\",\"@id\":\"https:\\\/\\\/www.iquilibrio.com\\\/blog\\\/#website\",\"url\":\"https:\\\/\\\/www.iquilibrio.com\\\/blog\\\/\",\"name\":\"iQuilibrio\",\"description\":\"Blog iQuilibrio\",\"publisher\":{\"@id\":\"https:\\\/\\\/www.iquilibrio.com\\\/blog\\\/#organization\"},\"potentialAction\":[{\"@type\":\"SearchAction\",\"target\":{\"@type\":\"EntryPoint\",\"urlTemplate\":\"https:\\\/\\\/www.iquilibrio.com\\\/blog\\\/?s={search_term_string}\"},\"query-input\":{\"@type\":\"PropertyValueSpecification\",\"valueRequired\":true,\"valueName\":\"search_term_string\"}}],\"inLanguage\":\"pt-BR\"},{\"@type\":\"Organization\",\"@id\":\"https:\\\/\\\/www.iquilibrio.com\\\/blog\\\/#organization\",\"name\":\"Esoterismo, Misticismo e Tarot Online - iQuilibrio\",\"url\":\"https:\\\/\\\/www.iquilibrio.com\\\/blog\\\/\",\"logo\":{\"@type\":\"ImageObject\",\"inLanguage\":\"pt-BR\",\"@id\":\"https:\\\/\\\/www.iquilibrio.com\\\/blog\\\/#\\\/schema\\\/logo\\\/image\\\/\",\"url\":\"https:\\\/\\\/www.iquilibrio.com\\\/blog\\\/wp-content\\\/uploads\\\/2018\\\/12\\\/iquilibrio_lovo_vetor_preto-retina.png\",\"contentUrl\":\"https:\\\/\\\/www.iquilibrio.com\\\/blog\\\/wp-content\\\/uploads\\\/2018\\\/12\\\/iquilibrio_lovo_vetor_preto-retina.png\",\"width\":972,\"height\":180,\"caption\":\"Esoterismo, Misticismo e Tarot Online - iQuilibrio\"},\"image\":{\"@id\":\"https:\\\/\\\/www.iquilibrio.com\\\/blog\\\/#\\\/schema\\\/logo\\\/image\\\/\"},\"sameAs\":[\"https:\\\/\\\/www.facebook.com\\\/iQuilibrio\\\/\",\"https:\\\/\\\/x.com\\\/iquilibrio\",\"https:\\\/\\\/www.instagram.com\\\/iquilibrio\\\/\",\"https:\\\/\\\/www.linkedin.com\\\/company\\\/iquilibrio\\\/\",\"https:\\\/\\\/br.pinterest.com\\\/iquilibrio1397\\\/\",\"https:\\\/\\\/www.youtube.com\\\/channel\\\/UC175qxd-4Zsi4wzawT5zF2g\"]},{\"@type\":\"Person\",\"@id\":\"https:\\\/\\\/www.iquilibrio.com\\\/blog\\\/#\\\/schema\\\/person\\\/a9cde6e88d14c853339bcd3d04fe1dbb\",\"name\":\"Katrina Devilla\",\"image\":{\"@type\":\"ImageObject\",\"inLanguage\":\"pt-BR\",\"@id\":\"https:\\\/\\\/secure.gravatar.com\\\/avatar\\\/1f540b99ef20bca9c5117565f5cb62c1a95aa578d9d45345315e4338aac207d6?s=96&d=blank&r=g\",\"url\":\"https:\\\/\\\/secure.gravatar.com\\\/avatar\\\/1f540b99ef20bca9c5117565f5cb62c1a95aa578d9d45345315e4338aac207d6?s=96&d=blank&r=g\",\"contentUrl\":\"https:\\\/\\\/secure.gravatar.com\\\/avatar\\\/1f540b99ef20bca9c5117565f5cb62c1a95aa578d9d45345315e4338aac207d6?s=96&d=blank&r=g\",\"caption\":\"Katrina Devilla\"},\"description\":\"Katrina Devilla escreve sobre magia e como deixar a vida leve. Cozinha coisas gostosas, deita no quintal para ver estrelas e, quando tem sorte, v\u00ea um ou outro sat\u00e9lite, mas pensa que \u00e9 estrela cadente. Vive a magia da natureza e se encanta com cada amanhecer. Frui vita! Al\u00e9m disso, Katrina Devilla \u00e9 uma bruxa espiritualista que, por acaso, escreve bem e entende de SEO. Tem imenso prazer em ajudar os outros e ver que seus textos podem inspirar e mudar vidas. A espiritualidade est\u00e1 aqui, basta voc\u00ea querer ver e experimentar!\",\"url\":\"https:\\\/\\\/www.iquilibrio.com\\\/blog\\\/author\\\/candida-thomazellicanoadigital-com\\\/\"}]}<\/script>\n<!-- \/ Yoast SEO plugin. -->","yoast_head_json":{"title":"Comece o dia bem: ora\u00e7\u00e3o da manh\u00e3 cat\u00f3lica para 2022 - iQuilibrio","description":"No sil\u00eancio do raiar do dia \u00e9 que a ora\u00e7\u00e3o da manh\u00e3 cat\u00f3lica para 2022 acontece. Serve para nos guiar e acalmar o \u2665 inquieto.","robots":{"index":"index","follow":"follow","max-snippet":"max-snippet:-1","max-image-preview":"max-image-preview:large","max-video-preview":"max-video-preview:-1"},"canonical":"https:\/\/www.iquilibrio.com\/blog\/previsoes\/2022\/oracao-manha-catolica-2022\/","og_locale":"pt_BR","og_type":"article","og_title":"Comece o dia bem: ora\u00e7\u00e3o da manh\u00e3 cat\u00f3lica para 2022 - iQuilibrio","og_description":"No sil\u00eancio do raiar do dia \u00e9 que a ora\u00e7\u00e3o da manh\u00e3 cat\u00f3lica para 2022 acontece. Serve para nos guiar e acalmar o \u2665 inquieto.","og_url":"https:\/\/www.iquilibrio.com\/blog\/previsoes\/2022\/oracao-manha-catolica-2022\/","og_site_name":"iQuilibrio","article_publisher":"https:\/\/www.facebook.com\/iQuilibrio\/","article_published_time":"2021-09-03T13:00:05+00:00","og_image":[{"width":900,"height":560,"url":"https:\/\/www.iquilibrio.com\/blog\/wp-content\/uploads\/2021\/09\/oracao-manha-catolica-2022.jpg","type":"image\/jpeg"}],"author":"Katrina Devilla","twitter_card":"summary_large_image","twitter_creator":"@iquilibrio","twitter_site":"@iquilibrio","twitter_misc":{"Escrito por":"Katrina Devilla","Est. tempo de leitura":"6 minutos"},"schema":{"@context":"https:\/\/schema.org","@graph":[{"@type":"Article","@id":"https:\/\/www.iquilibrio.com\/blog\/previsoes\/2022\/oracao-manha-catolica-2022\/#article","isPartOf":{"@id":"https:\/\/www.iquilibrio.com\/blog\/previsoes\/2022\/oracao-manha-catolica-2022\/"},"author":{"name":"Katrina Devilla","@id":"https:\/\/www.iquilibrio.com\/blog\/#\/schema\/person\/a9cde6e88d14c853339bcd3d04fe1dbb"},"headline":"Comece o dia bem: ora\u00e7\u00e3o da manh\u00e3 cat\u00f3lica para 2022","datePublished":"2021-09-03T13:00:05+00:00","mainEntityOfPage":{"@id":"https:\/\/www.iquilibrio.com\/blog\/previsoes\/2022\/oracao-manha-catolica-2022\/"},"wordCount":1213,"commentCount":0,"publisher":{"@id":"https:\/\/www.iquilibrio.com\/blog\/#organization"},"image":{"@id":"https:\/\/www.iquilibrio.com\/blog\/previsoes\/2022\/oracao-manha-catolica-2022\/#primaryimage"},"thumbnailUrl":"https:\/\/www.iquilibrio.com\/blog\/wp-content\/uploads\/2021\/09\/oracao-manha-catolica-2022.jpg","keywords":["ora\u00e7\u00e3o cat\u00f3lica","ora\u00e7\u00e3o cat\u00f3lica da manh\u00e3 para 2022","ora\u00e7\u00e3o da manh\u00e3"],"articleSection":["2022","Ora\u00e7\u00f5es e Salmos"],"inLanguage":"pt-BR"},{"@type":"WebPage","@id":"https:\/\/www.iquilibrio.com\/blog\/previsoes\/2022\/oracao-manha-catolica-2022\/","url":"https:\/\/www.iquilibrio.com\/blog\/previsoes\/2022\/oracao-manha-catolica-2022\/","name":"Comece o dia bem: ora\u00e7\u00e3o da manh\u00e3 cat\u00f3lica para 2022 - iQuilibrio","isPartOf":{"@id":"https:\/\/www.iquilibrio.com\/blog\/#website"},"primaryImageOfPage":{"@id":"https:\/\/www.iquilibrio.com\/blog\/previsoes\/2022\/oracao-manha-catolica-2022\/#primaryimage"},"image":{"@id":"https:\/\/www.iquilibrio.com\/blog\/previsoes\/2022\/oracao-manha-catolica-2022\/#primaryimage"},"thumbnailUrl":"https:\/\/www.iquilibrio.com\/blog\/wp-content\/uploads\/2021\/09\/oracao-manha-catolica-2022.jpg","datePublished":"2021-09-03T13:00:05+00:00","description":"No sil\u00eancio do raiar do dia \u00e9 que a ora\u00e7\u00e3o da manh\u00e3 cat\u00f3lica para 2022 acontece. Serve para nos guiar e acalmar o \u2665 inquieto.","breadcrumb":{"@id":"https:\/\/www.iquilibrio.com\/blog\/previsoes\/2022\/oracao-manha-catolica-2022\/#breadcrumb"},"inLanguage":"pt-BR","potentialAction":[{"@type":"ReadAction","target":["https:\/\/www.iquilibrio.com\/blog\/previsoes\/2022\/oracao-manha-catolica-2022\/"]}]},{"@type":"ImageObject","inLanguage":"pt-BR","@id":"https:\/\/www.iquilibrio.com\/blog\/previsoes\/2022\/oracao-manha-catolica-2022\/#primaryimage","url":"https:\/\/www.iquilibrio.com\/blog\/wp-content\/uploads\/2021\/09\/oracao-manha-catolica-2022.jpg","contentUrl":"https:\/\/www.iquilibrio.com\/blog\/wp-content\/uploads\/2021\/09\/oracao-manha-catolica-2022.jpg","width":900,"height":560,"caption":"Ora\u00e7\u00e3o da manh\u00e3 cat\u00f3lica para 2022"},{"@type":"BreadcrumbList","@id":"https:\/\/www.iquilibrio.com\/blog\/previsoes\/2022\/oracao-manha-catolica-2022\/#breadcrumb","itemListElement":[{"@type":"ListItem","position":1,"name":"In\u00edcio","item":"https:\/\/www.iquilibrio.com\/blog\/"},{"@type":"ListItem","position":2,"name":"Comece o dia bem: ora\u00e7\u00e3o da manh\u00e3 cat\u00f3lica para 2022"}]},{"@type":"WebSite","@id":"https:\/\/www.iquilibrio.com\/blog\/#website","url":"https:\/\/www.iquilibrio.com\/blog\/","name":"iQuilibrio","description":"Blog iQuilibrio","publisher":{"@id":"https:\/\/www.iquilibrio.com\/blog\/#organization"},"potentialAction":[{"@type":"SearchAction","target":{"@type":"EntryPoint","urlTemplate":"https:\/\/www.iquilibrio.com\/blog\/?s={search_term_string}"},"query-input":{"@type":"PropertyValueSpecification","valueRequired":true,"valueName":"search_term_string"}}],"inLanguage":"pt-BR"},{"@type":"Organization","@id":"https:\/\/www.iquilibrio.com\/blog\/#organization","name":"Esoterismo, Misticismo e Tarot Online - iQuilibrio","url":"https:\/\/www.iquilibrio.com\/blog\/","logo":{"@type":"ImageObject","inLanguage":"pt-BR","@id":"https:\/\/www.iquilibrio.com\/blog\/#\/schema\/logo\/image\/","url":"https:\/\/www.iquilibrio.com\/blog\/wp-content\/uploads\/2018\/12\/iquilibrio_lovo_vetor_preto-retina.png","contentUrl":"https:\/\/www.iquilibrio.com\/blog\/wp-content\/uploads\/2018\/12\/iquilibrio_lovo_vetor_preto-retina.png","width":972,"height":180,"caption":"Esoterismo, Misticismo e Tarot Online - iQuilibrio"},"image":{"@id":"https:\/\/www.iquilibrio.com\/blog\/#\/schema\/logo\/image\/"},"sameAs":["https:\/\/www.facebook.com\/iQuilibrio\/","https:\/\/x.com\/iquilibrio","https:\/\/www.instagram.com\/iquilibrio\/","https:\/\/www.linkedin.com\/company\/iquilibrio\/","https:\/\/br.pinterest.com\/iquilibrio1397\/","https:\/\/www.youtube.com\/channel\/UC175qxd-4Zsi4wzawT5zF2g"]},{"@type":"Person","@id":"https:\/\/www.iquilibrio.com\/blog\/#\/schema\/person\/a9cde6e88d14c853339bcd3d04fe1dbb","name":"Katrina Devilla","image":{"@type":"ImageObject","inLanguage":"pt-BR","@id":"https:\/\/secure.gravatar.com\/avatar\/1f540b99ef20bca9c5117565f5cb62c1a95aa578d9d45345315e4338aac207d6?s=96&d=blank&r=g","url":"https:\/\/secure.gravatar.com\/avatar\/1f540b99ef20bca9c5117565f5cb62c1a95aa578d9d45345315e4338aac207d6?s=96&d=blank&r=g","contentUrl":"https:\/\/secure.gravatar.com\/avatar\/1f540b99ef20bca9c5117565f5cb62c1a95aa578d9d45345315e4338aac207d6?s=96&d=blank&r=g","caption":"Katrina Devilla"},"description":"Katrina Devilla escreve sobre magia e como deixar a vida leve. Cozinha coisas gostosas, deita no quintal para ver estrelas e, quando tem sorte, v\u00ea um ou outro sat\u00e9lite, mas pensa que \u00e9 estrela cadente. Vive a magia da natureza e se encanta com cada amanhecer. Frui vita! Al\u00e9m disso, Katrina Devilla \u00e9 uma bruxa espiritualista que, por acaso, escreve bem e entende de SEO. Tem imenso prazer em ajudar os outros e ver que seus textos podem inspirar e mudar vidas. A espiritualidade est\u00e1 aqui, basta voc\u00ea querer ver e experimentar!","url":"https:\/\/www.iquilibrio.com\/blog\/author\/candida-thomazellicanoadigital-com\/"}]}},"_links":{"self":[{"href":"https:\/\/www.iquilibrio.com\/blog\/wp-json\/wp\/v2\/posts\/32478","targetHints":{"allow":["GET"]}}],"collection":[{"href":"https:\/\/www.iquilibrio.com\/blog\/wp-json\/wp\/v2\/posts"}],"about":[{"href":"https:\/\/www.iquilibrio.com\/blog\/wp-json\/wp\/v2\/types\/post"}],"author":[{"embeddable":true,"href":"https:\/\/www.iquilibrio.com\/blog\/wp-json\/wp\/v2\/users\/155"}],"replies":[{"embeddable":true,"href":"https:\/\/www.iquilibrio.com\/blog\/wp-json\/wp\/v2\/comments?post=32478"}],"version-history":[{"count":1,"href":"https:\/\/www.iquilibrio.com\/blog\/wp-json\/wp\/v2\/posts\/32478\/revisions"}],"predecessor-version":[{"id":32480,"href":"https:\/\/www.iquilibrio.com\/blog\/wp-json\/wp\/v2\/posts\/32478\/revisions\/32480"}],"wp:featuredmedia":[{"embeddable":true,"href":"https:\/\/www.iquilibrio.com\/blog\/wp-json\/wp\/v2\/media\/32479"}],"wp:attachment":[{"href":"https:\/\/www.iquilibrio.com\/blog\/wp-json\/wp\/v2\/media?parent=32478"}],"wp:term":[{"taxonomy":"category","embeddable":true,"href":"https:\/\/www.iquilibrio.com\/blog\/wp-json\/wp\/v2\/categories?post=32478"},{"taxonomy":"post_tag","embeddable":true,"href":"https:\/\/www.iquilibrio.com\/blog\/wp-json\/wp\/v2\/tags?post=32478"}],"curies":[{"name":"wp","href":"https:\/\/api.w.org\/{rel}","templated":true}]}}