{"id":32112,"date":"2021-08-02T10:04:58","date_gmt":"2021-08-02T13:04:58","guid":{"rendered":"https:\/\/www.iquilibrio.com\/blog\/?p=32112"},"modified":"2021-08-13T10:50:24","modified_gmt":"2021-08-13T13:50:24","slug":"o-que-sao-fadas","status":"publish","type":"post","link":"https:\/\/www.iquilibrio.com\/blog\/espiritualidade\/o-que-sao-fadas\/","title":{"rendered":"Fadas, quem s\u00e3o? Origem, mitologia e hierarquia das fadas!"},"content":{"rendered":"<p>O que s\u00e3o fadas?<\/p>\n<p>\u201cEu estava caminhando em um campo de flores, na regi\u00e3o rural da cidade. Meus pais e eu est\u00e1vamos ali explorando umas ru\u00ednas de casar\u00e3o, e decidimos parar para um lanche.<\/p>\n<p>Uma trilha para o meio da floresta me chamava aten\u00e7\u00e3o, como se eu estivesse sendo chamada por ela. Eu me levantei e comecei a caminhar trilha a dentro. Quanto mais eu caminhava para dentro da trilha, mais o espa\u00e7o ficava silencioso, nem o vento eu sentia. E havia muita luz, apesar de as \u00e1rvores se fecharem e n\u00e3o ter clareira.<\/p>\n<p>Cheguei num local que parecia um acampamento em miniatura, em forma circular, e eu ouvia vozes rindo e cochichando, pareciam vozes de crian\u00e7as. Eu via luzes, e orbes de luz, e tinha uma m\u00fasica que parecia tocar dentro da minha cabe\u00e7a. Eu n\u00e3o via ningu\u00e9m, mas parecia que estava sendo vigiada.<\/p>\n<p>Eu passei um tempo observando &#8211; pra mim pareciam horas. Eu n\u00e3o sei bem como e quando voltei daquela cena, mas quando voltei, vi que eu tinha estado fora por apenas alguns minutos. N\u00e3o fazia sentido. Ser\u00e1 que eu tinha adormecido e sonhado? Decidi voltar ao come\u00e7o da trilha e ver se realmente ela existia. Quando cheguei l\u00e1, havia uma mulher ruiva, muito bonita, de vestido longo, parada na beira do caminho e me disse para n\u00e3o voltar l\u00e1. Quando eu ia perguntar seu nome e porqu\u00ea n\u00e3o voltar&#8230; ela desapareceu no meio da trilha.\u201d<\/p>\n<p style=\"text-align: center;\"><a href=\"https:\/\/www.iquilibrio.com\/esotericos\/barbara\/\"><span class=\"td_btn td_btn_lg td_round_btn class-cta2\">Confira aqui os produtos e atendimentos especializados da Consultora B\u00e1rbara<\/span><\/a><\/p>\n<h2>Significado do conto<\/h2>\n<p>Esse conto \u00e9 baseado em uma das minhas primeiras experi\u00eancias com as fadas, logo que minha mediunidade se abriu e eu n\u00e3o tinha controle sobre ela. Na \u00e9poca eu n\u00e3o sabia nada sobre fadas, e s\u00f3 vim a ter conhecimento que esse encontro foi m\u00e1gico com esses seres espirituais anos depois, quando eu comecei a ver e trabalhar com os anjos.<\/p>\n<h2>O que s\u00e3o fadas?<\/h2>\n<p>As fadas s\u00e3o seres que habitam a 4\u00aa dimens\u00e3o, s\u00e3o respons\u00e1veis por manipular a mat\u00e9ria que forma tudo na natureza.<\/p>\n<p>A origem do nome Fada vem da palavra latina Fata\/Fate, que significa encantamento; alguns estudiosos relacionam a palavra Fada com a palavra francesa F\u00e9e, que denomina a figura da mulher que tem conhecimento m\u00edstico de ervas, cristais, e pratica cura natural e encantamentos.<\/p>\n<p>Mas na verdade, as fadas representam todos os seres que realizam \u201cencantamentos\u201d naturais ao manipular a energia da natureza. E dessa forma, Fadas s\u00e3o todos os<a href=\"https:\/\/www.iquilibrio.com\/blog\/espiritualidade\/seres-elementais\/\"> seres elementais da natureza<\/a>, que manipulam, moldam e criam a natureza no nosso planeta: elfos, gnomos, fadas, pixies, brownies, drag\u00f5es, sereias, e muitos outros seres m\u00e1gicos do folclore.<\/p>\n<h2>Caracter\u00edsticas<\/h2>\n<p>Cada regi\u00e3o do planeta apresenta fadas com caracter\u00edsticas muito diferentes. E a intera\u00e7\u00e3o das pessoas com as fadas gera um vasto repert\u00f3rio de hist\u00f3rias que se tornam parte do folclore da regi\u00e3o.<\/p>\n<p>Conhecemos muitas hist\u00f3rias de fadas vindas da cultura irlandesa, como o leprechaum, e a rainha das Fadas \u2013 Oonagh. Aqui no Brasil uma representa\u00e7\u00e3o muito popular de fada \u00e9 a Caipora.<\/p>\n<p>A maioria de n\u00f3s hoje em dia pensa em fadas boas e com asas, como as fadas da Disney, mas na verdade, por centenas de anos as pessoas tinham medo das fadas, pois acreditavam que certas atitudes poderiam fazer com que elas se zangassem contra elas e lhes fizessem maldades.<\/p>\n<p>Na Irlanda era t\u00e3o comum o medo de ofender as fadas, que eles nem se referiam \u00e0s fadas pelo nome, as chamavam de Povo pequeno, ou vizinhos.<\/p>\n<p>Existe at\u00e9 mesmo uma lenda dos \u201ctrocados\u201d, que \u00e9 quando uma fada rouba um beb\u00ea humano e coloca um beb\u00ea fada no lugar.<\/p>\n<p style=\"text-align: center;\"><a href=\"https:\/\/www.iquilibrio.com\/esotericos\/barbara\/\"><span class=\"td_btn td_btn_lg td_round_btn class-cta2\">Confira aqui os produtos e atendimentos especializados da Consultora B\u00e1rbara<\/span><\/a><\/p>\n<h2>Como fazer amizade com esses seres?<\/h2>\n<p>As fadas, ou anjos da natureza como eu gosto de cham\u00e1-las, n\u00e3o possuem corpo f\u00edsico na 3\u00aa dimens\u00e3o. Ent\u00e3o nem todos podem v\u00ea-las ou perceber a presen\u00e7a delas. Al\u00e9m disso, elas n\u00e3o s\u00e3o muito f\u00e3s dos humanos, j\u00e1 que elas s\u00e3o os seres que cuidam da natureza, e n\u00f3s acabamos destruindo o trabalho e casas delas.<\/p>\n<p>Mas voc\u00ea pode ganhar a amizade delas mostrando sinceridade, respeito ao entrar em meio \u00e0 natureza, principalmente nos lugares mais selvagens, pouco manipulados pelo homem.<\/p>\n<p>Leve sempre frutas, castanhas e chocolate, e ofere\u00e7a para elas perto de um riacho, queda d\u2019\u00e1gua, entrada de cavernas, florestas. Ofere\u00e7a os alimentos sem embalagem\u00a0 e pe\u00e7a licen\u00e7a ao entrar na casa delas. Leve com voc\u00ea uma sacola ecol\u00f3gica e recolha o lixo que encontrar no meio da natureza (voc\u00ea vai ganhar a aten\u00e7\u00e3o delas por limpar a casa delas).<\/p>\n<p>Se voc\u00ea encontrar forma\u00e7\u00f5es circulares (c\u00edrculo de pedras, c\u00edrculo de cogumelos, c\u00edrculo de \u00e1rvores) em hip\u00f3tese alguma pise no meio dela! As cidades das fadas s\u00e3o organizadas em forma\u00e7\u00f5es circulares, e voc\u00ea n\u00e3o pode nem quer pisar num c\u00edrculo de fada!<\/p>\n<h2>Hierarquia e linha de evolu\u00e7\u00e3o<\/h2>\n<p>As fadas seguem a linha de evolu\u00e7\u00e3o dos esp\u00edritos da natureza.<\/p>\n<p>Quando o elemental est\u00e1 pronto para sair do reino mineral para a evolu\u00e7\u00e3o como um esp\u00edrito da natureza, o esp\u00edrito elemental ganha um corpo et\u00e9rico que habita nas profundezas das rochas e da Terra. Conforme ele vai evoluindo, as formas se tornam mais sutis e vai subindo \u00e0 superf\u00edcie, at\u00e9 se tornarem duendes que momentaneamente podem sair para fora da Terra.<\/p>\n<p>Do mesmo modo, as formas elementais que moram nas profundezas das \u00e1guas quando est\u00e3o prontas \u00e0 se tornar um esp\u00edrito da natureza, ganham um corpo et\u00e9rico denso que habita nas profundezas, e vai evoluindo at\u00e9 ganhar formas de sereias que temporariamente saem da \u00e1gua.<\/p>\n<p>Os esp\u00edritos da natureza de gnomos e sereias quando est\u00e3o prontos para evoluir se transformam em fadas do ar (aladas). Por fim as fadas do ar se transformam em salamandas ( esp\u00edritos do fogo). E o \u00faltimo degrau de evolu\u00e7\u00e3o como esp\u00edritos da natureza \u00e9 o reino ang\u00e9lico.<\/p>\n<p>Existe uma infinidade de tipos morfol\u00f3gicos de fadas, cidades, e organiza\u00e7\u00f5es entre elas, assim como temos entre os humanos. Dentre as fadas com formas mais humanizadas, temos as fadas floristas (Tipo Tinkerbell), fadas guardi\u00e3 dos animais (gordinhas como fadas madrinhas), fadas das \u00e1rvores (longas).<\/p>\n<p>Agora que voc\u00ea sabe mais sobre as fadas, <a href=\"https:\/\/www.iquilibrio.com\/blog\/espiritualidade\/anjos-existem\/\"><strong>descubra se os Anjos realmente existem, aqui!<\/strong><\/a><\/p>\n<p><img loading=\"lazy\" decoding=\"async\" class=\"wp-image-27122 alignleft td-animation-stack-type0-2\" src=\"https:\/\/www.iquilibrio.com\/blog\/wp-content\/uploads\/2019\/07\/barbara-2.jpg\" sizes=\"auto, (max-width: 123px) 100vw, 123px\" srcset=\"https:\/\/www.iquilibrio.com\/blog\/wp-content\/uploads\/2019\/07\/barbara-2.jpg 200w, https:\/\/www.iquilibrio.com\/blog\/wp-content\/uploads\/2019\/07\/barbara-2-150x150.jpg 150w\" alt=\"\" width=\"123\" height=\"122\" data-pagespeed-url-hash=\"734805073\" \/>Especialista em Anjos, a B\u00e1rbara consegue enxergar por meio desses seres da Luz, quais os melhores caminhos que os consulentes devem seguir. As mensagens dos Anjos s\u00e3o transmitidas em suas consultas e ela consegue se conectar diretamente com o seu Anjo da Guarda, podendo at\u00e9 te dizer qual \u00e9 o Anjo que te acompanha nessa vida. Fa\u00e7a previs\u00f5es, receba orienta\u00e7\u00f5es e aprenda tamb\u00e9m a agradecer aos seus guardi\u00f5es com essa consultora. Para realizar um atendimento personalizado,\u00a0<a href=\"https:\/\/www.iquilibrio.com\/esotericos\/barbara\/\"><span class=\"class-texto-consultor\">clique aqui<\/span><\/a>\u00a0e fale com ela ou agende sua consulta!<\/p>\n<p style=\"text-align: center;\"><a href=\"https:\/\/www.iquilibrio.com\/esotericos\/barbara\/\"><span class=\"td_btn td_btn_lg td_round_btn class-cta2\">Confira aqui os produtos e atendimentos especializados da Consultora B\u00e1rbara<\/span><\/a><\/p>\n\n\n<div class=\"kk-star-ratings kksr-auto kksr-align-left kksr-valign-bottom\"\n    data-payload='{&quot;align&quot;:&quot;left&quot;,&quot;id&quot;:&quot;32112&quot;,&quot;slug&quot;:&quot;default&quot;,&quot;valign&quot;:&quot;bottom&quot;,&quot;ignore&quot;:&quot;&quot;,&quot;reference&quot;:&quot;auto&quot;,&quot;class&quot;:&quot;&quot;,&quot;count&quot;:&quot;1&quot;,&quot;legendonly&quot;:&quot;&quot;,&quot;readonly&quot;:&quot;&quot;,&quot;score&quot;:&quot;5&quot;,&quot;starsonly&quot;:&quot;&quot;,&quot;best&quot;:&quot;5&quot;,&quot;gap&quot;:&quot;5&quot;,&quot;greet&quot;:&quot;Rate this post&quot;,&quot;legend&quot;:&quot;5\\\/5 - (1 voto)&quot;,&quot;size&quot;:&quot;24&quot;,&quot;title&quot;:&quot;Fadas, quem s\u00e3o? Origem, mitologia e hierarquia das fadas!&quot;,&quot;width&quot;:&quot;142.5&quot;,&quot;_legend&quot;:&quot;{score}\\\/{best} - ({count} {votes})&quot;,&quot;font_factor&quot;:&quot;1.25&quot;}'>\n            \n<div class=\"kksr-stars\">\n    \n<div class=\"kksr-stars-inactive\">\n            <div class=\"kksr-star\" data-star=\"1\" style=\"padding-right: 5px\">\n            \n\n<div class=\"kksr-icon\" style=\"width: 24px; height: 24px;\"><\/div>\n        <\/div>\n            <div class=\"kksr-star\" data-star=\"2\" style=\"padding-right: 5px\">\n            \n\n<div class=\"kksr-icon\" style=\"width: 24px; height: 24px;\"><\/div>\n        <\/div>\n            <div class=\"kksr-star\" data-star=\"3\" style=\"padding-right: 5px\">\n            \n\n<div class=\"kksr-icon\" style=\"width: 24px; height: 24px;\"><\/div>\n        <\/div>\n            <div class=\"kksr-star\" data-star=\"4\" style=\"padding-right: 5px\">\n            \n\n<div class=\"kksr-icon\" style=\"width: 24px; height: 24px;\"><\/div>\n        <\/div>\n            <div class=\"kksr-star\" data-star=\"5\" style=\"padding-right: 5px\">\n            \n\n<div class=\"kksr-icon\" style=\"width: 24px; height: 24px;\"><\/div>\n        <\/div>\n    <\/div>\n    \n<div class=\"kksr-stars-active\" style=\"width: 142.5px;\">\n            <div class=\"kksr-star\" style=\"padding-right: 5px\">\n            \n\n<div class=\"kksr-icon\" style=\"width: 24px; height: 24px;\"><\/div>\n        <\/div>\n            <div class=\"kksr-star\" style=\"padding-right: 5px\">\n            \n\n<div class=\"kksr-icon\" style=\"width: 24px; height: 24px;\"><\/div>\n        <\/div>\n            <div class=\"kksr-star\" style=\"padding-right: 5px\">\n            \n\n<div class=\"kksr-icon\" style=\"width: 24px; height: 24px;\"><\/div>\n        <\/div>\n            <div class=\"kksr-star\" style=\"padding-right: 5px\">\n            \n\n<div class=\"kksr-icon\" style=\"width: 24px; height: 24px;\"><\/div>\n        <\/div>\n            <div class=\"kksr-star\" style=\"padding-right: 5px\">\n            \n\n<div class=\"kksr-icon\" style=\"width: 24px; height: 24px;\"><\/div>\n        <\/div>\n    <\/div>\n<\/div>\n                \n\n<div class=\"kksr-legend\" style=\"font-size: 19.2px;\">\n            5\/5 - (1 voto)    <\/div>\n    <\/div>\n","protected":false},"excerpt":{"rendered":"<p>O que s\u00e3o fadas? \u201cEu estava caminhando em um campo de flores, na regi\u00e3o rural da cidade. Meus pais e eu est\u00e1vamos ali explorando umas ru\u00ednas de casar\u00e3o, e decidimos parar para um lanche. Uma trilha para o meio da floresta me chamava aten\u00e7\u00e3o, como se eu estivesse sendo chamada por ela. Eu me levantei [&hellip;]<\/p>\n","protected":false},"author":20,"featured_media":32115,"comment_status":"open","ping_status":"open","sticky":false,"template":"","format":"standard","meta":{"footnotes":""},"categories":[502],"tags":[],"class_list":["post-32112","post","type-post","status-publish","format-standard","has-post-thumbnail","hentry","category-espiritualidade"],"yoast_head":"<!-- This site is optimized with the Yoast SEO plugin v27.4 - https:\/\/yoast.com\/product\/yoast-seo-wordpress\/ -->\n<title>O que s\u00e3o fadas? Conhe\u00e7a mais sobre a hist\u00f3ria e origem das fadas!<\/title>\n<meta name=\"description\" content=\"Voc\u00ea j\u00e1 deve ter ouvido falar sobre fadas, mas voc\u00ea sabe o que s\u00e3o fadas? Conhece a origem e a mitologia? Ent\u00e3o clique aqui e saiba mais!\" \/>\n<meta name=\"robots\" content=\"index, follow, max-snippet:-1, max-image-preview:large, max-video-preview:-1\" \/>\n<link rel=\"canonical\" href=\"https:\/\/www.iquilibrio.com\/blog\/espiritualidade\/o-que-sao-fadas\/\" \/>\n<meta property=\"og:locale\" content=\"pt_BR\" \/>\n<meta property=\"og:type\" content=\"article\" \/>\n<meta property=\"og:title\" content=\"O que s\u00e3o fadas? Conhe\u00e7a mais sobre a hist\u00f3ria e origem das fadas!\" \/>\n<meta property=\"og:description\" content=\"Voc\u00ea j\u00e1 deve ter ouvido falar sobre fadas, mas voc\u00ea sabe o que s\u00e3o fadas? Conhece a origem e a mitologia? Ent\u00e3o clique aqui e saiba mais!\" \/>\n<meta property=\"og:url\" content=\"https:\/\/www.iquilibrio.com\/blog\/espiritualidade\/o-que-sao-fadas\/\" \/>\n<meta property=\"og:site_name\" content=\"iQuilibrio\" \/>\n<meta property=\"article:publisher\" content=\"https:\/\/www.facebook.com\/iQuilibrio\/\" \/>\n<meta property=\"article:published_time\" content=\"2021-08-02T13:04:58+00:00\" \/>\n<meta property=\"article:modified_time\" content=\"2021-08-13T13:50:24+00:00\" \/>\n<meta property=\"og:image\" content=\"https:\/\/www.iquilibrio.com\/blog\/wp-content\/uploads\/2021\/07\/o-que-sao-fadas.png\" \/>\n\t<meta property=\"og:image:width\" content=\"900\" \/>\n\t<meta property=\"og:image:height\" content=\"560\" \/>\n\t<meta property=\"og:image:type\" content=\"image\/png\" \/>\n<meta name=\"author\" content=\"Reda\u00e7\u00e3o iQuilibrio\" \/>\n<meta name=\"twitter:card\" content=\"summary_large_image\" \/>\n<meta name=\"twitter:creator\" content=\"@iquilibrio\" \/>\n<meta name=\"twitter:site\" content=\"@iquilibrio\" \/>\n<meta name=\"twitter:label1\" content=\"Escrito por\" \/>\n\t<meta name=\"twitter:data1\" content=\"Reda\u00e7\u00e3o iQuilibrio\" \/>\n\t<meta name=\"twitter:label2\" content=\"Est. tempo de leitura\" \/>\n\t<meta name=\"twitter:data2\" content=\"6 minutos\" \/>\n<script type=\"application\/ld+json\" class=\"yoast-schema-graph\">{\"@context\":\"https:\\\/\\\/schema.org\",\"@graph\":[{\"@type\":\"Article\",\"@id\":\"https:\\\/\\\/www.iquilibrio.com\\\/blog\\\/espiritualidade\\\/o-que-sao-fadas\\\/#article\",\"isPartOf\":{\"@id\":\"https:\\\/\\\/www.iquilibrio.com\\\/blog\\\/espiritualidade\\\/o-que-sao-fadas\\\/\"},\"author\":{\"name\":\"Reda\u00e7\u00e3o iQuilibrio\",\"@id\":\"https:\\\/\\\/www.iquilibrio.com\\\/blog\\\/#\\\/schema\\\/person\\\/199505a1f0db0d00f022188666c75dca\"},\"headline\":\"Fadas, quem s\u00e3o? Origem, mitologia e hierarquia das fadas!\",\"datePublished\":\"2021-08-02T13:04:58+00:00\",\"dateModified\":\"2021-08-13T13:50:24+00:00\",\"mainEntityOfPage\":{\"@id\":\"https:\\\/\\\/www.iquilibrio.com\\\/blog\\\/espiritualidade\\\/o-que-sao-fadas\\\/\"},\"wordCount\":1222,\"commentCount\":0,\"publisher\":{\"@id\":\"https:\\\/\\\/www.iquilibrio.com\\\/blog\\\/#organization\"},\"image\":{\"@id\":\"https:\\\/\\\/www.iquilibrio.com\\\/blog\\\/espiritualidade\\\/o-que-sao-fadas\\\/#primaryimage\"},\"thumbnailUrl\":\"https:\\\/\\\/www.iquilibrio.com\\\/blog\\\/wp-content\\\/uploads\\\/2021\\\/07\\\/o-que-sao-fadas.png\",\"articleSection\":[\"Espiritualidade\"],\"inLanguage\":\"pt-BR\"},{\"@type\":\"WebPage\",\"@id\":\"https:\\\/\\\/www.iquilibrio.com\\\/blog\\\/espiritualidade\\\/o-que-sao-fadas\\\/\",\"url\":\"https:\\\/\\\/www.iquilibrio.com\\\/blog\\\/espiritualidade\\\/o-que-sao-fadas\\\/\",\"name\":\"O que s\u00e3o fadas? Conhe\u00e7a mais sobre a hist\u00f3ria e origem das fadas!\",\"isPartOf\":{\"@id\":\"https:\\\/\\\/www.iquilibrio.com\\\/blog\\\/#website\"},\"primaryImageOfPage\":{\"@id\":\"https:\\\/\\\/www.iquilibrio.com\\\/blog\\\/espiritualidade\\\/o-que-sao-fadas\\\/#primaryimage\"},\"image\":{\"@id\":\"https:\\\/\\\/www.iquilibrio.com\\\/blog\\\/espiritualidade\\\/o-que-sao-fadas\\\/#primaryimage\"},\"thumbnailUrl\":\"https:\\\/\\\/www.iquilibrio.com\\\/blog\\\/wp-content\\\/uploads\\\/2021\\\/07\\\/o-que-sao-fadas.png\",\"datePublished\":\"2021-08-02T13:04:58+00:00\",\"dateModified\":\"2021-08-13T13:50:24+00:00\",\"description\":\"Voc\u00ea j\u00e1 deve ter ouvido falar sobre fadas, mas voc\u00ea sabe o que s\u00e3o fadas? Conhece a origem e a mitologia? Ent\u00e3o clique aqui e saiba mais!\",\"breadcrumb\":{\"@id\":\"https:\\\/\\\/www.iquilibrio.com\\\/blog\\\/espiritualidade\\\/o-que-sao-fadas\\\/#breadcrumb\"},\"inLanguage\":\"pt-BR\",\"potentialAction\":[{\"@type\":\"ReadAction\",\"target\":[\"https:\\\/\\\/www.iquilibrio.com\\\/blog\\\/espiritualidade\\\/o-que-sao-fadas\\\/\"]}]},{\"@type\":\"ImageObject\",\"inLanguage\":\"pt-BR\",\"@id\":\"https:\\\/\\\/www.iquilibrio.com\\\/blog\\\/espiritualidade\\\/o-que-sao-fadas\\\/#primaryimage\",\"url\":\"https:\\\/\\\/www.iquilibrio.com\\\/blog\\\/wp-content\\\/uploads\\\/2021\\\/07\\\/o-que-sao-fadas.png\",\"contentUrl\":\"https:\\\/\\\/www.iquilibrio.com\\\/blog\\\/wp-content\\\/uploads\\\/2021\\\/07\\\/o-que-sao-fadas.png\",\"width\":900,\"height\":560,\"caption\":\"O que s\u00e3o fadas?\"},{\"@type\":\"BreadcrumbList\",\"@id\":\"https:\\\/\\\/www.iquilibrio.com\\\/blog\\\/espiritualidade\\\/o-que-sao-fadas\\\/#breadcrumb\",\"itemListElement\":[{\"@type\":\"ListItem\",\"position\":1,\"name\":\"In\u00edcio\",\"item\":\"https:\\\/\\\/www.iquilibrio.com\\\/blog\\\/\"},{\"@type\":\"ListItem\",\"position\":2,\"name\":\"Fadas, quem s\u00e3o? Origem, mitologia e hierarquia das fadas!\"}]},{\"@type\":\"WebSite\",\"@id\":\"https:\\\/\\\/www.iquilibrio.com\\\/blog\\\/#website\",\"url\":\"https:\\\/\\\/www.iquilibrio.com\\\/blog\\\/\",\"name\":\"iQuilibrio\",\"description\":\"Blog iQuilibrio\",\"publisher\":{\"@id\":\"https:\\\/\\\/www.iquilibrio.com\\\/blog\\\/#organization\"},\"potentialAction\":[{\"@type\":\"SearchAction\",\"target\":{\"@type\":\"EntryPoint\",\"urlTemplate\":\"https:\\\/\\\/www.iquilibrio.com\\\/blog\\\/?s={search_term_string}\"},\"query-input\":{\"@type\":\"PropertyValueSpecification\",\"valueRequired\":true,\"valueName\":\"search_term_string\"}}],\"inLanguage\":\"pt-BR\"},{\"@type\":\"Organization\",\"@id\":\"https:\\\/\\\/www.iquilibrio.com\\\/blog\\\/#organization\",\"name\":\"Esoterismo, Misticismo e Tarot Online - iQuilibrio\",\"url\":\"https:\\\/\\\/www.iquilibrio.com\\\/blog\\\/\",\"logo\":{\"@type\":\"ImageObject\",\"inLanguage\":\"pt-BR\",\"@id\":\"https:\\\/\\\/www.iquilibrio.com\\\/blog\\\/#\\\/schema\\\/logo\\\/image\\\/\",\"url\":\"https:\\\/\\\/www.iquilibrio.com\\\/blog\\\/wp-content\\\/uploads\\\/2018\\\/12\\\/iquilibrio_lovo_vetor_preto-retina.png\",\"contentUrl\":\"https:\\\/\\\/www.iquilibrio.com\\\/blog\\\/wp-content\\\/uploads\\\/2018\\\/12\\\/iquilibrio_lovo_vetor_preto-retina.png\",\"width\":972,\"height\":180,\"caption\":\"Esoterismo, Misticismo e Tarot Online - iQuilibrio\"},\"image\":{\"@id\":\"https:\\\/\\\/www.iquilibrio.com\\\/blog\\\/#\\\/schema\\\/logo\\\/image\\\/\"},\"sameAs\":[\"https:\\\/\\\/www.facebook.com\\\/iQuilibrio\\\/\",\"https:\\\/\\\/x.com\\\/iquilibrio\",\"https:\\\/\\\/www.instagram.com\\\/iquilibrio\\\/\",\"https:\\\/\\\/www.linkedin.com\\\/company\\\/iquilibrio\\\/\",\"https:\\\/\\\/br.pinterest.com\\\/iquilibrio1397\\\/\",\"https:\\\/\\\/www.youtube.com\\\/channel\\\/UC175qxd-4Zsi4wzawT5zF2g\"]},{\"@type\":\"Person\",\"@id\":\"https:\\\/\\\/www.iquilibrio.com\\\/blog\\\/#\\\/schema\\\/person\\\/199505a1f0db0d00f022188666c75dca\",\"name\":\"Reda\u00e7\u00e3o iQuilibrio\",\"image\":{\"@type\":\"ImageObject\",\"inLanguage\":\"pt-BR\",\"@id\":\"https:\\\/\\\/www.iquilibrio.com\\\/blog\\\/wp-content\\\/uploads\\\/2021\\\/12\\\/Consulta-por-email-3-150x150.png\",\"url\":\"https:\\\/\\\/www.iquilibrio.com\\\/blog\\\/wp-content\\\/uploads\\\/2021\\\/12\\\/Consulta-por-email-3-150x150.png\",\"contentUrl\":\"https:\\\/\\\/www.iquilibrio.com\\\/blog\\\/wp-content\\\/uploads\\\/2021\\\/12\\\/Consulta-por-email-3-150x150.png\",\"caption\":\"Reda\u00e7\u00e3o iQuilibrio\"},\"description\":\"A equipe de reda\u00e7\u00e3o da iQuilibrio \u00e9 composta pelos mais diversos especialistas e esot\u00e9ricos. Al\u00e9m de dominar a arte de traduzir as energias que o universo emana, nossos redatores sentem imenso prazer em trabalhar com palavras. Boa leitura e um \u00f3timo aprendizado!\",\"url\":\"https:\\\/\\\/www.iquilibrio.com\\\/blog\\\/author\\\/juliana\\\/\"}]}<\/script>\n<!-- \/ Yoast SEO plugin. -->","yoast_head_json":{"title":"O que s\u00e3o fadas? Conhe\u00e7a mais sobre a hist\u00f3ria e origem das fadas!","description":"Voc\u00ea j\u00e1 deve ter ouvido falar sobre fadas, mas voc\u00ea sabe o que s\u00e3o fadas? Conhece a origem e a mitologia? Ent\u00e3o clique aqui e saiba mais!","robots":{"index":"index","follow":"follow","max-snippet":"max-snippet:-1","max-image-preview":"max-image-preview:large","max-video-preview":"max-video-preview:-1"},"canonical":"https:\/\/www.iquilibrio.com\/blog\/espiritualidade\/o-que-sao-fadas\/","og_locale":"pt_BR","og_type":"article","og_title":"O que s\u00e3o fadas? Conhe\u00e7a mais sobre a hist\u00f3ria e origem das fadas!","og_description":"Voc\u00ea j\u00e1 deve ter ouvido falar sobre fadas, mas voc\u00ea sabe o que s\u00e3o fadas? Conhece a origem e a mitologia? Ent\u00e3o clique aqui e saiba mais!","og_url":"https:\/\/www.iquilibrio.com\/blog\/espiritualidade\/o-que-sao-fadas\/","og_site_name":"iQuilibrio","article_publisher":"https:\/\/www.facebook.com\/iQuilibrio\/","article_published_time":"2021-08-02T13:04:58+00:00","article_modified_time":"2021-08-13T13:50:24+00:00","og_image":[{"width":900,"height":560,"url":"https:\/\/www.iquilibrio.com\/blog\/wp-content\/uploads\/2021\/07\/o-que-sao-fadas.png","type":"image\/png"}],"author":"Reda\u00e7\u00e3o iQuilibrio","twitter_card":"summary_large_image","twitter_creator":"@iquilibrio","twitter_site":"@iquilibrio","twitter_misc":{"Escrito por":"Reda\u00e7\u00e3o iQuilibrio","Est. tempo de leitura":"6 minutos"},"schema":{"@context":"https:\/\/schema.org","@graph":[{"@type":"Article","@id":"https:\/\/www.iquilibrio.com\/blog\/espiritualidade\/o-que-sao-fadas\/#article","isPartOf":{"@id":"https:\/\/www.iquilibrio.com\/blog\/espiritualidade\/o-que-sao-fadas\/"},"author":{"name":"Reda\u00e7\u00e3o iQuilibrio","@id":"https:\/\/www.iquilibrio.com\/blog\/#\/schema\/person\/199505a1f0db0d00f022188666c75dca"},"headline":"Fadas, quem s\u00e3o? Origem, mitologia e hierarquia das fadas!","datePublished":"2021-08-02T13:04:58+00:00","dateModified":"2021-08-13T13:50:24+00:00","mainEntityOfPage":{"@id":"https:\/\/www.iquilibrio.com\/blog\/espiritualidade\/o-que-sao-fadas\/"},"wordCount":1222,"commentCount":0,"publisher":{"@id":"https:\/\/www.iquilibrio.com\/blog\/#organization"},"image":{"@id":"https:\/\/www.iquilibrio.com\/blog\/espiritualidade\/o-que-sao-fadas\/#primaryimage"},"thumbnailUrl":"https:\/\/www.iquilibrio.com\/blog\/wp-content\/uploads\/2021\/07\/o-que-sao-fadas.png","articleSection":["Espiritualidade"],"inLanguage":"pt-BR"},{"@type":"WebPage","@id":"https:\/\/www.iquilibrio.com\/blog\/espiritualidade\/o-que-sao-fadas\/","url":"https:\/\/www.iquilibrio.com\/blog\/espiritualidade\/o-que-sao-fadas\/","name":"O que s\u00e3o fadas? Conhe\u00e7a mais sobre a hist\u00f3ria e origem das fadas!","isPartOf":{"@id":"https:\/\/www.iquilibrio.com\/blog\/#website"},"primaryImageOfPage":{"@id":"https:\/\/www.iquilibrio.com\/blog\/espiritualidade\/o-que-sao-fadas\/#primaryimage"},"image":{"@id":"https:\/\/www.iquilibrio.com\/blog\/espiritualidade\/o-que-sao-fadas\/#primaryimage"},"thumbnailUrl":"https:\/\/www.iquilibrio.com\/blog\/wp-content\/uploads\/2021\/07\/o-que-sao-fadas.png","datePublished":"2021-08-02T13:04:58+00:00","dateModified":"2021-08-13T13:50:24+00:00","description":"Voc\u00ea j\u00e1 deve ter ouvido falar sobre fadas, mas voc\u00ea sabe o que s\u00e3o fadas? Conhece a origem e a mitologia? Ent\u00e3o clique aqui e saiba mais!","breadcrumb":{"@id":"https:\/\/www.iquilibrio.com\/blog\/espiritualidade\/o-que-sao-fadas\/#breadcrumb"},"inLanguage":"pt-BR","potentialAction":[{"@type":"ReadAction","target":["https:\/\/www.iquilibrio.com\/blog\/espiritualidade\/o-que-sao-fadas\/"]}]},{"@type":"ImageObject","inLanguage":"pt-BR","@id":"https:\/\/www.iquilibrio.com\/blog\/espiritualidade\/o-que-sao-fadas\/#primaryimage","url":"https:\/\/www.iquilibrio.com\/blog\/wp-content\/uploads\/2021\/07\/o-que-sao-fadas.png","contentUrl":"https:\/\/www.iquilibrio.com\/blog\/wp-content\/uploads\/2021\/07\/o-que-sao-fadas.png","width":900,"height":560,"caption":"O que s\u00e3o fadas?"},{"@type":"BreadcrumbList","@id":"https:\/\/www.iquilibrio.com\/blog\/espiritualidade\/o-que-sao-fadas\/#breadcrumb","itemListElement":[{"@type":"ListItem","position":1,"name":"In\u00edcio","item":"https:\/\/www.iquilibrio.com\/blog\/"},{"@type":"ListItem","position":2,"name":"Fadas, quem s\u00e3o? Origem, mitologia e hierarquia das fadas!"}]},{"@type":"WebSite","@id":"https:\/\/www.iquilibrio.com\/blog\/#website","url":"https:\/\/www.iquilibrio.com\/blog\/","name":"iQuilibrio","description":"Blog iQuilibrio","publisher":{"@id":"https:\/\/www.iquilibrio.com\/blog\/#organization"},"potentialAction":[{"@type":"SearchAction","target":{"@type":"EntryPoint","urlTemplate":"https:\/\/www.iquilibrio.com\/blog\/?s={search_term_string}"},"query-input":{"@type":"PropertyValueSpecification","valueRequired":true,"valueName":"search_term_string"}}],"inLanguage":"pt-BR"},{"@type":"Organization","@id":"https:\/\/www.iquilibrio.com\/blog\/#organization","name":"Esoterismo, Misticismo e Tarot Online - iQuilibrio","url":"https:\/\/www.iquilibrio.com\/blog\/","logo":{"@type":"ImageObject","inLanguage":"pt-BR","@id":"https:\/\/www.iquilibrio.com\/blog\/#\/schema\/logo\/image\/","url":"https:\/\/www.iquilibrio.com\/blog\/wp-content\/uploads\/2018\/12\/iquilibrio_lovo_vetor_preto-retina.png","contentUrl":"https:\/\/www.iquilibrio.com\/blog\/wp-content\/uploads\/2018\/12\/iquilibrio_lovo_vetor_preto-retina.png","width":972,"height":180,"caption":"Esoterismo, Misticismo e Tarot Online - iQuilibrio"},"image":{"@id":"https:\/\/www.iquilibrio.com\/blog\/#\/schema\/logo\/image\/"},"sameAs":["https:\/\/www.facebook.com\/iQuilibrio\/","https:\/\/x.com\/iquilibrio","https:\/\/www.instagram.com\/iquilibrio\/","https:\/\/www.linkedin.com\/company\/iquilibrio\/","https:\/\/br.pinterest.com\/iquilibrio1397\/","https:\/\/www.youtube.com\/channel\/UC175qxd-4Zsi4wzawT5zF2g"]},{"@type":"Person","@id":"https:\/\/www.iquilibrio.com\/blog\/#\/schema\/person\/199505a1f0db0d00f022188666c75dca","name":"Reda\u00e7\u00e3o iQuilibrio","image":{"@type":"ImageObject","inLanguage":"pt-BR","@id":"https:\/\/www.iquilibrio.com\/blog\/wp-content\/uploads\/2021\/12\/Consulta-por-email-3-150x150.png","url":"https:\/\/www.iquilibrio.com\/blog\/wp-content\/uploads\/2021\/12\/Consulta-por-email-3-150x150.png","contentUrl":"https:\/\/www.iquilibrio.com\/blog\/wp-content\/uploads\/2021\/12\/Consulta-por-email-3-150x150.png","caption":"Reda\u00e7\u00e3o iQuilibrio"},"description":"A equipe de reda\u00e7\u00e3o da iQuilibrio \u00e9 composta pelos mais diversos especialistas e esot\u00e9ricos. Al\u00e9m de dominar a arte de traduzir as energias que o universo emana, nossos redatores sentem imenso prazer em trabalhar com palavras. Boa leitura e um \u00f3timo aprendizado!","url":"https:\/\/www.iquilibrio.com\/blog\/author\/juliana\/"}]}},"_links":{"self":[{"href":"https:\/\/www.iquilibrio.com\/blog\/wp-json\/wp\/v2\/posts\/32112","targetHints":{"allow":["GET"]}}],"collection":[{"href":"https:\/\/www.iquilibrio.com\/blog\/wp-json\/wp\/v2\/posts"}],"about":[{"href":"https:\/\/www.iquilibrio.com\/blog\/wp-json\/wp\/v2\/types\/post"}],"author":[{"embeddable":true,"href":"https:\/\/www.iquilibrio.com\/blog\/wp-json\/wp\/v2\/users\/20"}],"replies":[{"embeddable":true,"href":"https:\/\/www.iquilibrio.com\/blog\/wp-json\/wp\/v2\/comments?post=32112"}],"version-history":[{"count":11,"href":"https:\/\/www.iquilibrio.com\/blog\/wp-json\/wp\/v2\/posts\/32112\/revisions"}],"predecessor-version":[{"id":32171,"href":"https:\/\/www.iquilibrio.com\/blog\/wp-json\/wp\/v2\/posts\/32112\/revisions\/32171"}],"wp:featuredmedia":[{"embeddable":true,"href":"https:\/\/www.iquilibrio.com\/blog\/wp-json\/wp\/v2\/media\/32115"}],"wp:attachment":[{"href":"https:\/\/www.iquilibrio.com\/blog\/wp-json\/wp\/v2\/media?parent=32112"}],"wp:term":[{"taxonomy":"category","embeddable":true,"href":"https:\/\/www.iquilibrio.com\/blog\/wp-json\/wp\/v2\/categories?post=32112"},{"taxonomy":"post_tag","embeddable":true,"href":"https:\/\/www.iquilibrio.com\/blog\/wp-json\/wp\/v2\/tags?post=32112"}],"curies":[{"name":"wp","href":"https:\/\/api.w.org\/{rel}","templated":true}]}}