{"id":31642,"date":"2021-06-20T01:07:16","date_gmt":"2021-06-20T04:07:16","guid":{"rendered":"https:\/\/www.iquilibrio.com\/blog\/?p=31642"},"modified":"2021-06-24T01:07:27","modified_gmt":"2021-06-24T04:07:27","slug":"yoga-espiritualidade","status":"publish","type":"post","link":"https:\/\/www.iquilibrio.com\/blog\/outros\/yoga-espiritualidade\/","title":{"rendered":"Yoga e espiritualidade"},"content":{"rendered":"<p>Estar ciente do poder de sua feminilidade permite que voc\u00ea flores\u00e7a como mulher, mas tamb\u00e9m como um ser f\u00edsico e espiritual. \u00c9 aceitar sua ess\u00eancia divina e eterna, como uma deusa poderosa e serena. A Yoga e espiritualidade s\u00e3o duas faces da mesma moeda.<\/p>\n<p>Este encontro interno entre Yoga e espiritualidade tamb\u00e9m envolve um relacionamento com o corpo de uma pessoa de maneira gentil e respeitosa. O poder do sagrado feminino, e do \u00fatero sagrado, depende de uma menstrua\u00e7\u00e3o feliz e realizada! Sejamos orgulhosas, poderosas e 100% mulheres. Enquanto a maioria das pessoas come\u00e7a o treinamento de ioga por seus benef\u00edcios f\u00edsicos, a pr\u00e1tica da ioga pode nos beneficiar de v\u00e1rias outras maneiras.<\/p>\n<h2><strong>As ra\u00edzes da Yoga<\/strong><\/h2>\n<p>A <a href=\"https:\/\/www.iquilibrio.com\/blog\/?s=yoga\">Yoga<\/a> est\u00e1 profundamente enraizada na espiritualidade e muitas das posturas t\u00eam objetivos mais profundos que v\u00e3o al\u00e9m do simples alongamento e fortalecimento dos m\u00fasculos. O efeito hol\u00edstico obtido atrav\u00e9s da Yoga e espiritualidade permite que os praticantes n\u00e3o apenas melhorem sua for\u00e7a f\u00edsica e flexibilidade, mas tamb\u00e9m suas emo\u00e7\u00f5es, mentalidade e concentra\u00e7\u00e3o.<\/p>\n<p>Essa ci\u00eancia milenar vai muito al\u00e9m dos meros aspectos f\u00edsicos, por meio de aprofundar a conex\u00e3o entre mente, corpo e o mais importante de tudo, o esp\u00edrito. O aspecto espiritual da Yoga e espiritualidade pode ajudar os iogues a desenvolver a integra\u00e7\u00e3o do ser interior, bem como a unidade com a Consci\u00eancia Suprema. E tudo come\u00e7a com o corpo e os asanas ou posturas.<\/p>\n<p>Yoga e espiritualidade a natureza e o ambiente que nos rodeia s\u00e3o essenciais, testemunhados nos muitos termos s\u00e2nscritos e ingleses para asanas (posturas) que s\u00e3o derivados de animais e plantas e que pertencem \u00e0s suas caracter\u00edsticas ou qualidades especiais, como o L\u00f3tus, por exemplo . Al\u00e9m disso, alguns recebem inspira\u00e7\u00e3o da Terra e outros t\u00eam suas ra\u00edzes na espiritualidade ancestral. No entanto, cada nome tem um significado oculto mais profundo.<\/p>\n<h4>Vamos examinar a natureza de algumas dessas posturas em detalhes.<\/h4>\n<p>&nbsp;<\/p>\n<h3><strong>Padmasana &#8211; postura de l\u00f3tus<\/strong><\/h3>\n<p>Nas antigas tradi\u00e7\u00f5es da \u00c1sia, a flor de l\u00f3tus \u00e9 frequentemente um s\u00edmbolo de pureza e gera\u00e7\u00e3o \u201cespont\u00e2nea\u201d, representando o nascimento divino, o desenvolvimento espiritual e a pr\u00f3pria cria\u00e7\u00e3o. Uma flor de l\u00f3tus est\u00e1 em uma jornada de suas ra\u00edzes incrustadas nas \u00e1guas lamacentas, subindo para cima, emergindo na luz e desabrochando na bela flor que sabemos que \u00e9. Simbolicamente, representa a perfei\u00e7\u00e3o do ser humano, que est\u00e1 com seu corpo ou &#8220;ra\u00edzes&#8221; no mundo (como as ra\u00edzes do l\u00f3tus na lama do lago), mas com sua mente habitando no Divino, como o l\u00f3tus florescendo acima da superf\u00edcie da \u00e1gua. Quando a postura de l\u00f3tus \u00e9 aperfei\u00e7oada, atinge-se o desapego completo, que \u00e9 simbolizado pelas p\u00e9talas da flor de l\u00f3tus. Ao espirrar \u00e1gua nas p\u00e9talas de l\u00f3tus, as gotas rolar\u00e3o para fora das p\u00e9talas e nunca grudar\u00e3o nelas. Da mesma forma, o iogue n\u00e3o permanecer\u00e1 apegado a nada no mundo, embora esteja &#8220;encharcado&#8221; com a \u00e1gua do mundo.<\/p>\n<p>Na Yoga e espiritualidade a postura do l\u00f3tus \u00e9 a postura regular de medita\u00e7\u00e3o sentada que os iogues assumem para medita\u00e7\u00e3o e pranayama (exerc\u00edcios respirat\u00f3rios). A respira\u00e7\u00e3o \u00e9 um aspecto energizante e purificador do corpo humano. A respira\u00e7\u00e3o profunda e lenta energiza e purifica nossos corpos. A pr\u00e1tica do Yoga nos ajuda a entrar em sintonia com o nosso eu, permitindo-nos descobrir nossa verdadeira natureza e potencial extraordin\u00e1rio.<\/p>\n<h3><strong>Viirabhadrasana &#8211; postura do guerreiro<\/strong><\/h3>\n<p>A filosofia iogue afirma que o maior inimigo de uma pessoa \u00e9 a auto-ignor\u00e2ncia. Ser ignorante ou n\u00e3o estar totalmente ciente de si mesmo pode causar intenso sofrimento para voc\u00ea e para os outros. A postura do Guerreiro permite incorporar a ideia de coragem, bravura e for\u00e7a necess\u00e1rias para enfrentar seus pr\u00f3prios dem\u00f4nios internos &#8211; superando o ego e a ignor\u00e2ncia.<\/p>\n<p>As tr\u00eas posturas prim\u00e1rias do Guerreiro na Yoga e espiritualidade envolvem pernas estendidas fortes pressionando o ch\u00e3o, bra\u00e7os estendidos poderosamente e um n\u00facleo ativo e engajado. A postura do Guerreiro ajuda seu corpo a desenvolver n\u00e3o apenas a for\u00e7a f\u00edsica, mas tamb\u00e9m a prontid\u00e3o espiritual para as batalhas internas que a mente e o cora\u00e7\u00e3o devem travar e vencer.<\/p>\n<h3><strong>Balasana &#8211; pose de crian\u00e7a<\/strong><\/h3>\n<p>Parece ser uma das poses mais simples, mas h\u00e1 mais na pose da crian\u00e7a do que aparenta. Nessa postura, voc\u00ea se ajoelha no ch\u00e3o com as pernas dobradas para baixo, o tronco apoiado nas coxas, os bra\u00e7os ao lado do corpo ou estendidos para a frente e as palmas das m\u00e3os apoiadas no ch\u00e3o. Essa postura simboliza e intensifica sua conex\u00e3o com a atitude infantil de entrega.<\/p>\n<p>O objetivo deste exerc\u00edcio \u00e9 n\u00e3o fazer nada, especialmente importante se voc\u00ea estiver tenso, muito tenso ou estressado. Essa postura consiste em criar uma concha de tranquilidade silenciosa, permitindo que o esp\u00edrito descanse e se alimente, afastado das press\u00f5es externas. A \u00eanfase na respira\u00e7\u00e3o adequada nesta postura fortalece ainda mais a conex\u00e3o entre a mente e o corpo, induzindo um estado de consci\u00eancia calma que o ajuda a relaxar completamente. Voc\u00ea se permite algum tempo de sil\u00eancio para que sua mente, cora\u00e7\u00e3o e corpo se integrem, resultando em um estado de plenitude profundamente satisfat\u00f3ria. em nosso sagrado feminino!<\/p>\n<h3><strong>Vrkshasana &#8211; postura da \u00e1rvore<\/strong><\/h3>\n<p>Um asana popular praticado na ioga, o objetivo da postura da \u00e1rvore \u00e9 alcan\u00e7ar o equil\u00edbrio. No entanto, neste caso, o equil\u00edbrio n\u00e3o \u00e9 alcan\u00e7ado de forma r\u00edgida, mas como uma \u00e1rvore. Seu p\u00e9 fica enraizado no ch\u00e3o enquanto seu corpo pode balan\u00e7ar suave e quase imperceptivelmente, como uma \u00e1rvore faz ao vento. A liberdade de movimento associada ao equil\u00edbrio e ao enraizamento desenvolve a aceita\u00e7\u00e3o espiritual da posi\u00e7\u00e3o firme, embora transit\u00f3ria, do seu corpo no mundo.<\/p>\n<h3><strong>Shavasana &#8211; postura do cad\u00e1ver<\/strong><\/h3>\n<p>A maioria das sess\u00f5es de ioga termina com Shavasana, ou a &#8220;postura do cad\u00e1ver&#8221;. \u00c9 uma pose de relaxamento, executada deitado de costas com os olhos fechados e os bra\u00e7os estendidos ao longo do corpo. Este asana requer que seu corpo esteja completamente quieto para que sua mente possa ser atra\u00edda para dentro, permitindo que voc\u00ea se entregue ao seu eu interior sem nenhuma distra\u00e7\u00e3o, seja movimento ou pensamento.<\/p>\n<p>O aspecto espiritual da postura invoca a rendi\u00e7\u00e3o, desistindo de suas inten\u00e7\u00f5es, objetivos e buscas mundanas em reconhecimento do fato de que h\u00e1 uma sensa\u00e7\u00e3o de plenitude e paz a serem encontradas na mera quietude e tranquilidade. \u00c9 importante lembrar que a vers\u00e3o iogue da morte \u00e9 vista como o ponto culminante da vida de uma pessoa, o que a torna muito importante para todos. Essa postura imita a morte de uma maneira que o ajuda a se preparar para o fim inevit\u00e1vel que espera por todos n\u00f3s. E para prepar\u00e1-lo sabendo que a morte \u00e9 um estado de relaxamento total, como se relaxasse em seu pr\u00f3prio Ser. Existem tr\u00eas maneiras de relaxar: relaxamento f\u00edsico, quando o corpo est\u00e1 quieto e os m\u00fasculos totalmente relaxados, relaxamento mental, quando a mente n\u00e3o \u00e9 perturbada por pensamentos e emo\u00e7\u00f5es e, finalmente, relaxamento espiritual, quando a mente se funde com o Eu espiritual interior.<\/p>\n<h2><strong>Yoga e espiritualidade<\/strong><\/h2>\n<p>Uma boa pr\u00e1tica de ioga \u00e9 aquela que permite que seus praticantes alcancem a paz &#8211; consigo mesmos e com o mundo externo em que habitam. O aspecto espiritual da ioga enfatiza a obten\u00e7\u00e3o de paz e clareza mental, enquanto o aperfei\u00e7oamento da postura \u00e9 de import\u00e2ncia secund\u00e1ria.<\/p>\n<p>Quando praticamos ioga com uma perspectiva espiritual, reconhecemos que o prop\u00f3sito final \u00e9 a transforma\u00e7\u00e3o e o despertar do nosso verdadeiro Eu Interior. Despertar do Eu significa realizar nosso potencial mais elevado. Perceber nosso potencial oculto nos permite expressar a plenitude de nossa ess\u00eancia divina e, assim, fazer a maior contribui\u00e7\u00e3o poss\u00edvel para o mundo.<\/p>\n<p>Praticar ioga com esse objetivo final acabar\u00e1 por levar \u00e0 realiza\u00e7\u00e3o espiritual, um estado de grande bem-aventuran\u00e7a. A pr\u00e1tica de ioga voltada para a integra\u00e7\u00e3o total inclui um certo estilo de vida, a pr\u00e1tica da compaix\u00e3o e da bondade, uma dieta vegetariana ou vegana, e tudo isso desempenha um papel importante no cumprimento do objetivo acima.<\/p>\n\n\n<div class=\"kk-star-ratings kksr-auto kksr-align-left kksr-valign-bottom\"\n    data-payload='{&quot;align&quot;:&quot;left&quot;,&quot;id&quot;:&quot;31642&quot;,&quot;slug&quot;:&quot;default&quot;,&quot;valign&quot;:&quot;bottom&quot;,&quot;ignore&quot;:&quot;&quot;,&quot;reference&quot;:&quot;auto&quot;,&quot;class&quot;:&quot;&quot;,&quot;count&quot;:&quot;0&quot;,&quot;legendonly&quot;:&quot;&quot;,&quot;readonly&quot;:&quot;&quot;,&quot;score&quot;:&quot;0&quot;,&quot;starsonly&quot;:&quot;&quot;,&quot;best&quot;:&quot;5&quot;,&quot;gap&quot;:&quot;5&quot;,&quot;greet&quot;:&quot;Rate this post&quot;,&quot;legend&quot;:&quot;0\\\/5 - (0 voto)&quot;,&quot;size&quot;:&quot;24&quot;,&quot;title&quot;:&quot;Yoga e espiritualidade&quot;,&quot;width&quot;:&quot;0&quot;,&quot;_legend&quot;:&quot;{score}\\\/{best} - ({count} {votes})&quot;,&quot;font_factor&quot;:&quot;1.25&quot;}'>\n            \n<div class=\"kksr-stars\">\n    \n<div class=\"kksr-stars-inactive\">\n            <div class=\"kksr-star\" data-star=\"1\" style=\"padding-right: 5px\">\n            \n\n<div class=\"kksr-icon\" style=\"width: 24px; height: 24px;\"><\/div>\n        <\/div>\n            <div class=\"kksr-star\" data-star=\"2\" style=\"padding-right: 5px\">\n            \n\n<div class=\"kksr-icon\" style=\"width: 24px; height: 24px;\"><\/div>\n        <\/div>\n            <div class=\"kksr-star\" data-star=\"3\" style=\"padding-right: 5px\">\n            \n\n<div class=\"kksr-icon\" style=\"width: 24px; height: 24px;\"><\/div>\n        <\/div>\n            <div class=\"kksr-star\" data-star=\"4\" style=\"padding-right: 5px\">\n            \n\n<div class=\"kksr-icon\" style=\"width: 24px; height: 24px;\"><\/div>\n        <\/div>\n            <div class=\"kksr-star\" data-star=\"5\" style=\"padding-right: 5px\">\n            \n\n<div class=\"kksr-icon\" style=\"width: 24px; height: 24px;\"><\/div>\n        <\/div>\n    <\/div>\n    \n<div class=\"kksr-stars-active\" style=\"width: 0px;\">\n            <div class=\"kksr-star\" style=\"padding-right: 5px\">\n            \n\n<div class=\"kksr-icon\" style=\"width: 24px; height: 24px;\"><\/div>\n        <\/div>\n            <div class=\"kksr-star\" style=\"padding-right: 5px\">\n            \n\n<div class=\"kksr-icon\" style=\"width: 24px; height: 24px;\"><\/div>\n        <\/div>\n            <div class=\"kksr-star\" style=\"padding-right: 5px\">\n            \n\n<div class=\"kksr-icon\" style=\"width: 24px; height: 24px;\"><\/div>\n        <\/div>\n            <div class=\"kksr-star\" style=\"padding-right: 5px\">\n            \n\n<div class=\"kksr-icon\" style=\"width: 24px; height: 24px;\"><\/div>\n        <\/div>\n            <div class=\"kksr-star\" style=\"padding-right: 5px\">\n            \n\n<div class=\"kksr-icon\" style=\"width: 24px; height: 24px;\"><\/div>\n        <\/div>\n    <\/div>\n<\/div>\n                \n\n<div class=\"kksr-legend\" style=\"font-size: 19.2px;\">\n            <span class=\"kksr-muted\">Rate this post<\/span>\n    <\/div>\n    <\/div>\n","protected":false},"excerpt":{"rendered":"<p>Estar ciente do poder de sua feminilidade permite que voc\u00ea flores\u00e7a como mulher, mas tamb\u00e9m como um ser f\u00edsico e espiritual. \u00c9 aceitar sua ess\u00eancia divina e eterna, como uma deusa poderosa e serena. A Yoga e espiritualidade s\u00e3o duas faces da mesma moeda. Este encontro interno entre Yoga e espiritualidade tamb\u00e9m envolve um relacionamento [&hellip;]<\/p>\n","protected":false},"author":155,"featured_media":31643,"comment_status":"open","ping_status":"open","sticky":false,"template":"","format":"standard","meta":{"footnotes":""},"categories":[1],"tags":[],"class_list":["post-31642","post","type-post","status-publish","format-standard","has-post-thumbnail","hentry","category-outros"],"yoast_head":"<!-- This site is optimized with the Yoast SEO plugin v27.4 - https:\/\/yoast.com\/product\/yoast-seo-wordpress\/ -->\n<title>Yoga e espiritualidade - iQuilibrio<\/title>\n<meta name=\"description\" content=\"A Yoga e espiritualidade s\u00e3o duas faces da mesma moeda. Trabalhar o corpo tamb\u00e9m ajuda a mente, as emo\u00e7\u00f5es e o esp\u00edrito\" \/>\n<meta name=\"robots\" content=\"index, follow, max-snippet:-1, max-image-preview:large, max-video-preview:-1\" \/>\n<link rel=\"canonical\" href=\"https:\/\/www.iquilibrio.com\/blog\/outros\/yoga-espiritualidade\/\" \/>\n<meta property=\"og:locale\" content=\"pt_BR\" \/>\n<meta property=\"og:type\" content=\"article\" \/>\n<meta property=\"og:title\" content=\"Yoga e espiritualidade - iQuilibrio\" \/>\n<meta property=\"og:description\" content=\"A Yoga e espiritualidade s\u00e3o duas faces da mesma moeda. Trabalhar o corpo tamb\u00e9m ajuda a mente, as emo\u00e7\u00f5es e o esp\u00edrito\" \/>\n<meta property=\"og:url\" content=\"https:\/\/www.iquilibrio.com\/blog\/outros\/yoga-espiritualidade\/\" \/>\n<meta property=\"og:site_name\" content=\"iQuilibrio\" \/>\n<meta property=\"article:publisher\" content=\"https:\/\/www.facebook.com\/iQuilibrio\/\" \/>\n<meta property=\"article:published_time\" content=\"2021-06-20T04:07:16+00:00\" \/>\n<meta property=\"article:modified_time\" content=\"2021-06-24T04:07:27+00:00\" \/>\n<meta property=\"og:image\" content=\"https:\/\/www.iquilibrio.com\/blog\/wp-content\/uploads\/2021\/06\/Captura-de-Tela-2021-06-24-a\u0300s-01.04.40.png\" \/>\n\t<meta property=\"og:image:width\" content=\"945\" \/>\n\t<meta property=\"og:image:height\" content=\"630\" \/>\n\t<meta property=\"og:image:type\" content=\"image\/png\" \/>\n<meta name=\"author\" content=\"Katrina Devilla\" \/>\n<meta name=\"twitter:card\" content=\"summary_large_image\" \/>\n<meta name=\"twitter:creator\" content=\"@iquilibrio\" \/>\n<meta name=\"twitter:site\" content=\"@iquilibrio\" \/>\n<meta name=\"twitter:label1\" content=\"Escrito por\" \/>\n\t<meta name=\"twitter:data1\" content=\"Katrina Devilla\" \/>\n\t<meta name=\"twitter:label2\" content=\"Est. tempo de leitura\" \/>\n\t<meta name=\"twitter:data2\" content=\"6 minutos\" \/>\n<script type=\"application\/ld+json\" class=\"yoast-schema-graph\">{\"@context\":\"https:\\\/\\\/schema.org\",\"@graph\":[{\"@type\":\"Article\",\"@id\":\"https:\\\/\\\/www.iquilibrio.com\\\/blog\\\/outros\\\/yoga-espiritualidade\\\/#article\",\"isPartOf\":{\"@id\":\"https:\\\/\\\/www.iquilibrio.com\\\/blog\\\/outros\\\/yoga-espiritualidade\\\/\"},\"author\":{\"name\":\"Katrina Devilla\",\"@id\":\"https:\\\/\\\/www.iquilibrio.com\\\/blog\\\/#\\\/schema\\\/person\\\/a9cde6e88d14c853339bcd3d04fe1dbb\"},\"headline\":\"Yoga e espiritualidade\",\"datePublished\":\"2021-06-20T04:07:16+00:00\",\"dateModified\":\"2021-06-24T04:07:27+00:00\",\"mainEntityOfPage\":{\"@id\":\"https:\\\/\\\/www.iquilibrio.com\\\/blog\\\/outros\\\/yoga-espiritualidade\\\/\"},\"wordCount\":1450,\"commentCount\":0,\"publisher\":{\"@id\":\"https:\\\/\\\/www.iquilibrio.com\\\/blog\\\/#organization\"},\"image\":{\"@id\":\"https:\\\/\\\/www.iquilibrio.com\\\/blog\\\/outros\\\/yoga-espiritualidade\\\/#primaryimage\"},\"thumbnailUrl\":\"https:\\\/\\\/www.iquilibrio.com\\\/blog\\\/wp-content\\\/uploads\\\/2021\\\/06\\\/Captura-de-Tela-2021-06-24-a\u0300s-01.04.40.png\",\"articleSection\":[\"Outros\"],\"inLanguage\":\"pt-BR\"},{\"@type\":\"WebPage\",\"@id\":\"https:\\\/\\\/www.iquilibrio.com\\\/blog\\\/outros\\\/yoga-espiritualidade\\\/\",\"url\":\"https:\\\/\\\/www.iquilibrio.com\\\/blog\\\/outros\\\/yoga-espiritualidade\\\/\",\"name\":\"Yoga e espiritualidade - iQuilibrio\",\"isPartOf\":{\"@id\":\"https:\\\/\\\/www.iquilibrio.com\\\/blog\\\/#website\"},\"primaryImageOfPage\":{\"@id\":\"https:\\\/\\\/www.iquilibrio.com\\\/blog\\\/outros\\\/yoga-espiritualidade\\\/#primaryimage\"},\"image\":{\"@id\":\"https:\\\/\\\/www.iquilibrio.com\\\/blog\\\/outros\\\/yoga-espiritualidade\\\/#primaryimage\"},\"thumbnailUrl\":\"https:\\\/\\\/www.iquilibrio.com\\\/blog\\\/wp-content\\\/uploads\\\/2021\\\/06\\\/Captura-de-Tela-2021-06-24-a\u0300s-01.04.40.png\",\"datePublished\":\"2021-06-20T04:07:16+00:00\",\"dateModified\":\"2021-06-24T04:07:27+00:00\",\"description\":\"A Yoga e espiritualidade s\u00e3o duas faces da mesma moeda. Trabalhar o corpo tamb\u00e9m ajuda a mente, as emo\u00e7\u00f5es e o esp\u00edrito\",\"breadcrumb\":{\"@id\":\"https:\\\/\\\/www.iquilibrio.com\\\/blog\\\/outros\\\/yoga-espiritualidade\\\/#breadcrumb\"},\"inLanguage\":\"pt-BR\",\"potentialAction\":[{\"@type\":\"ReadAction\",\"target\":[\"https:\\\/\\\/www.iquilibrio.com\\\/blog\\\/outros\\\/yoga-espiritualidade\\\/\"]}]},{\"@type\":\"ImageObject\",\"inLanguage\":\"pt-BR\",\"@id\":\"https:\\\/\\\/www.iquilibrio.com\\\/blog\\\/outros\\\/yoga-espiritualidade\\\/#primaryimage\",\"url\":\"https:\\\/\\\/www.iquilibrio.com\\\/blog\\\/wp-content\\\/uploads\\\/2021\\\/06\\\/Captura-de-Tela-2021-06-24-a\u0300s-01.04.40.png\",\"contentUrl\":\"https:\\\/\\\/www.iquilibrio.com\\\/blog\\\/wp-content\\\/uploads\\\/2021\\\/06\\\/Captura-de-Tela-2021-06-24-a\u0300s-01.04.40.png\",\"width\":945,\"height\":630,\"caption\":\"yoga e espiritualidade\"},{\"@type\":\"BreadcrumbList\",\"@id\":\"https:\\\/\\\/www.iquilibrio.com\\\/blog\\\/outros\\\/yoga-espiritualidade\\\/#breadcrumb\",\"itemListElement\":[{\"@type\":\"ListItem\",\"position\":1,\"name\":\"In\u00edcio\",\"item\":\"https:\\\/\\\/www.iquilibrio.com\\\/blog\\\/\"},{\"@type\":\"ListItem\",\"position\":2,\"name\":\"Yoga e espiritualidade\"}]},{\"@type\":\"WebSite\",\"@id\":\"https:\\\/\\\/www.iquilibrio.com\\\/blog\\\/#website\",\"url\":\"https:\\\/\\\/www.iquilibrio.com\\\/blog\\\/\",\"name\":\"iQuilibrio\",\"description\":\"Blog iQuilibrio\",\"publisher\":{\"@id\":\"https:\\\/\\\/www.iquilibrio.com\\\/blog\\\/#organization\"},\"potentialAction\":[{\"@type\":\"SearchAction\",\"target\":{\"@type\":\"EntryPoint\",\"urlTemplate\":\"https:\\\/\\\/www.iquilibrio.com\\\/blog\\\/?s={search_term_string}\"},\"query-input\":{\"@type\":\"PropertyValueSpecification\",\"valueRequired\":true,\"valueName\":\"search_term_string\"}}],\"inLanguage\":\"pt-BR\"},{\"@type\":\"Organization\",\"@id\":\"https:\\\/\\\/www.iquilibrio.com\\\/blog\\\/#organization\",\"name\":\"Esoterismo, Misticismo e Tarot Online - iQuilibrio\",\"url\":\"https:\\\/\\\/www.iquilibrio.com\\\/blog\\\/\",\"logo\":{\"@type\":\"ImageObject\",\"inLanguage\":\"pt-BR\",\"@id\":\"https:\\\/\\\/www.iquilibrio.com\\\/blog\\\/#\\\/schema\\\/logo\\\/image\\\/\",\"url\":\"https:\\\/\\\/www.iquilibrio.com\\\/blog\\\/wp-content\\\/uploads\\\/2018\\\/12\\\/iquilibrio_lovo_vetor_preto-retina.png\",\"contentUrl\":\"https:\\\/\\\/www.iquilibrio.com\\\/blog\\\/wp-content\\\/uploads\\\/2018\\\/12\\\/iquilibrio_lovo_vetor_preto-retina.png\",\"width\":972,\"height\":180,\"caption\":\"Esoterismo, Misticismo e Tarot Online - iQuilibrio\"},\"image\":{\"@id\":\"https:\\\/\\\/www.iquilibrio.com\\\/blog\\\/#\\\/schema\\\/logo\\\/image\\\/\"},\"sameAs\":[\"https:\\\/\\\/www.facebook.com\\\/iQuilibrio\\\/\",\"https:\\\/\\\/x.com\\\/iquilibrio\",\"https:\\\/\\\/www.instagram.com\\\/iquilibrio\\\/\",\"https:\\\/\\\/www.linkedin.com\\\/company\\\/iquilibrio\\\/\",\"https:\\\/\\\/br.pinterest.com\\\/iquilibrio1397\\\/\",\"https:\\\/\\\/www.youtube.com\\\/channel\\\/UC175qxd-4Zsi4wzawT5zF2g\"]},{\"@type\":\"Person\",\"@id\":\"https:\\\/\\\/www.iquilibrio.com\\\/blog\\\/#\\\/schema\\\/person\\\/a9cde6e88d14c853339bcd3d04fe1dbb\",\"name\":\"Katrina Devilla\",\"image\":{\"@type\":\"ImageObject\",\"inLanguage\":\"pt-BR\",\"@id\":\"https:\\\/\\\/secure.gravatar.com\\\/avatar\\\/1f540b99ef20bca9c5117565f5cb62c1a95aa578d9d45345315e4338aac207d6?s=96&d=blank&r=g\",\"url\":\"https:\\\/\\\/secure.gravatar.com\\\/avatar\\\/1f540b99ef20bca9c5117565f5cb62c1a95aa578d9d45345315e4338aac207d6?s=96&d=blank&r=g\",\"contentUrl\":\"https:\\\/\\\/secure.gravatar.com\\\/avatar\\\/1f540b99ef20bca9c5117565f5cb62c1a95aa578d9d45345315e4338aac207d6?s=96&d=blank&r=g\",\"caption\":\"Katrina Devilla\"},\"description\":\"Katrina Devilla escreve sobre magia e como deixar a vida leve. Cozinha coisas gostosas, deita no quintal para ver estrelas e, quando tem sorte, v\u00ea um ou outro sat\u00e9lite, mas pensa que \u00e9 estrela cadente. Vive a magia da natureza e se encanta com cada amanhecer. Frui vita! Al\u00e9m disso, Katrina Devilla \u00e9 uma bruxa espiritualista que, por acaso, escreve bem e entende de SEO. Tem imenso prazer em ajudar os outros e ver que seus textos podem inspirar e mudar vidas. A espiritualidade est\u00e1 aqui, basta voc\u00ea querer ver e experimentar!\",\"url\":\"https:\\\/\\\/www.iquilibrio.com\\\/blog\\\/author\\\/candida-thomazellicanoadigital-com\\\/\"}]}<\/script>\n<!-- \/ Yoast SEO plugin. -->","yoast_head_json":{"title":"Yoga e espiritualidade - iQuilibrio","description":"A Yoga e espiritualidade s\u00e3o duas faces da mesma moeda. Trabalhar o corpo tamb\u00e9m ajuda a mente, as emo\u00e7\u00f5es e o esp\u00edrito","robots":{"index":"index","follow":"follow","max-snippet":"max-snippet:-1","max-image-preview":"max-image-preview:large","max-video-preview":"max-video-preview:-1"},"canonical":"https:\/\/www.iquilibrio.com\/blog\/outros\/yoga-espiritualidade\/","og_locale":"pt_BR","og_type":"article","og_title":"Yoga e espiritualidade - iQuilibrio","og_description":"A Yoga e espiritualidade s\u00e3o duas faces da mesma moeda. Trabalhar o corpo tamb\u00e9m ajuda a mente, as emo\u00e7\u00f5es e o esp\u00edrito","og_url":"https:\/\/www.iquilibrio.com\/blog\/outros\/yoga-espiritualidade\/","og_site_name":"iQuilibrio","article_publisher":"https:\/\/www.facebook.com\/iQuilibrio\/","article_published_time":"2021-06-20T04:07:16+00:00","article_modified_time":"2021-06-24T04:07:27+00:00","og_image":[{"width":945,"height":630,"url":"https:\/\/www.iquilibrio.com\/blog\/wp-content\/uploads\/2021\/06\/Captura-de-Tela-2021-06-24-a\u0300s-01.04.40.png","type":"image\/png"}],"author":"Katrina Devilla","twitter_card":"summary_large_image","twitter_creator":"@iquilibrio","twitter_site":"@iquilibrio","twitter_misc":{"Escrito por":"Katrina Devilla","Est. tempo de leitura":"6 minutos"},"schema":{"@context":"https:\/\/schema.org","@graph":[{"@type":"Article","@id":"https:\/\/www.iquilibrio.com\/blog\/outros\/yoga-espiritualidade\/#article","isPartOf":{"@id":"https:\/\/www.iquilibrio.com\/blog\/outros\/yoga-espiritualidade\/"},"author":{"name":"Katrina Devilla","@id":"https:\/\/www.iquilibrio.com\/blog\/#\/schema\/person\/a9cde6e88d14c853339bcd3d04fe1dbb"},"headline":"Yoga e espiritualidade","datePublished":"2021-06-20T04:07:16+00:00","dateModified":"2021-06-24T04:07:27+00:00","mainEntityOfPage":{"@id":"https:\/\/www.iquilibrio.com\/blog\/outros\/yoga-espiritualidade\/"},"wordCount":1450,"commentCount":0,"publisher":{"@id":"https:\/\/www.iquilibrio.com\/blog\/#organization"},"image":{"@id":"https:\/\/www.iquilibrio.com\/blog\/outros\/yoga-espiritualidade\/#primaryimage"},"thumbnailUrl":"https:\/\/www.iquilibrio.com\/blog\/wp-content\/uploads\/2021\/06\/Captura-de-Tela-2021-06-24-a\u0300s-01.04.40.png","articleSection":["Outros"],"inLanguage":"pt-BR"},{"@type":"WebPage","@id":"https:\/\/www.iquilibrio.com\/blog\/outros\/yoga-espiritualidade\/","url":"https:\/\/www.iquilibrio.com\/blog\/outros\/yoga-espiritualidade\/","name":"Yoga e espiritualidade - iQuilibrio","isPartOf":{"@id":"https:\/\/www.iquilibrio.com\/blog\/#website"},"primaryImageOfPage":{"@id":"https:\/\/www.iquilibrio.com\/blog\/outros\/yoga-espiritualidade\/#primaryimage"},"image":{"@id":"https:\/\/www.iquilibrio.com\/blog\/outros\/yoga-espiritualidade\/#primaryimage"},"thumbnailUrl":"https:\/\/www.iquilibrio.com\/blog\/wp-content\/uploads\/2021\/06\/Captura-de-Tela-2021-06-24-a\u0300s-01.04.40.png","datePublished":"2021-06-20T04:07:16+00:00","dateModified":"2021-06-24T04:07:27+00:00","description":"A Yoga e espiritualidade s\u00e3o duas faces da mesma moeda. Trabalhar o corpo tamb\u00e9m ajuda a mente, as emo\u00e7\u00f5es e o esp\u00edrito","breadcrumb":{"@id":"https:\/\/www.iquilibrio.com\/blog\/outros\/yoga-espiritualidade\/#breadcrumb"},"inLanguage":"pt-BR","potentialAction":[{"@type":"ReadAction","target":["https:\/\/www.iquilibrio.com\/blog\/outros\/yoga-espiritualidade\/"]}]},{"@type":"ImageObject","inLanguage":"pt-BR","@id":"https:\/\/www.iquilibrio.com\/blog\/outros\/yoga-espiritualidade\/#primaryimage","url":"https:\/\/www.iquilibrio.com\/blog\/wp-content\/uploads\/2021\/06\/Captura-de-Tela-2021-06-24-a\u0300s-01.04.40.png","contentUrl":"https:\/\/www.iquilibrio.com\/blog\/wp-content\/uploads\/2021\/06\/Captura-de-Tela-2021-06-24-a\u0300s-01.04.40.png","width":945,"height":630,"caption":"yoga e espiritualidade"},{"@type":"BreadcrumbList","@id":"https:\/\/www.iquilibrio.com\/blog\/outros\/yoga-espiritualidade\/#breadcrumb","itemListElement":[{"@type":"ListItem","position":1,"name":"In\u00edcio","item":"https:\/\/www.iquilibrio.com\/blog\/"},{"@type":"ListItem","position":2,"name":"Yoga e espiritualidade"}]},{"@type":"WebSite","@id":"https:\/\/www.iquilibrio.com\/blog\/#website","url":"https:\/\/www.iquilibrio.com\/blog\/","name":"iQuilibrio","description":"Blog iQuilibrio","publisher":{"@id":"https:\/\/www.iquilibrio.com\/blog\/#organization"},"potentialAction":[{"@type":"SearchAction","target":{"@type":"EntryPoint","urlTemplate":"https:\/\/www.iquilibrio.com\/blog\/?s={search_term_string}"},"query-input":{"@type":"PropertyValueSpecification","valueRequired":true,"valueName":"search_term_string"}}],"inLanguage":"pt-BR"},{"@type":"Organization","@id":"https:\/\/www.iquilibrio.com\/blog\/#organization","name":"Esoterismo, Misticismo e Tarot Online - iQuilibrio","url":"https:\/\/www.iquilibrio.com\/blog\/","logo":{"@type":"ImageObject","inLanguage":"pt-BR","@id":"https:\/\/www.iquilibrio.com\/blog\/#\/schema\/logo\/image\/","url":"https:\/\/www.iquilibrio.com\/blog\/wp-content\/uploads\/2018\/12\/iquilibrio_lovo_vetor_preto-retina.png","contentUrl":"https:\/\/www.iquilibrio.com\/blog\/wp-content\/uploads\/2018\/12\/iquilibrio_lovo_vetor_preto-retina.png","width":972,"height":180,"caption":"Esoterismo, Misticismo e Tarot Online - iQuilibrio"},"image":{"@id":"https:\/\/www.iquilibrio.com\/blog\/#\/schema\/logo\/image\/"},"sameAs":["https:\/\/www.facebook.com\/iQuilibrio\/","https:\/\/x.com\/iquilibrio","https:\/\/www.instagram.com\/iquilibrio\/","https:\/\/www.linkedin.com\/company\/iquilibrio\/","https:\/\/br.pinterest.com\/iquilibrio1397\/","https:\/\/www.youtube.com\/channel\/UC175qxd-4Zsi4wzawT5zF2g"]},{"@type":"Person","@id":"https:\/\/www.iquilibrio.com\/blog\/#\/schema\/person\/a9cde6e88d14c853339bcd3d04fe1dbb","name":"Katrina Devilla","image":{"@type":"ImageObject","inLanguage":"pt-BR","@id":"https:\/\/secure.gravatar.com\/avatar\/1f540b99ef20bca9c5117565f5cb62c1a95aa578d9d45345315e4338aac207d6?s=96&d=blank&r=g","url":"https:\/\/secure.gravatar.com\/avatar\/1f540b99ef20bca9c5117565f5cb62c1a95aa578d9d45345315e4338aac207d6?s=96&d=blank&r=g","contentUrl":"https:\/\/secure.gravatar.com\/avatar\/1f540b99ef20bca9c5117565f5cb62c1a95aa578d9d45345315e4338aac207d6?s=96&d=blank&r=g","caption":"Katrina Devilla"},"description":"Katrina Devilla escreve sobre magia e como deixar a vida leve. Cozinha coisas gostosas, deita no quintal para ver estrelas e, quando tem sorte, v\u00ea um ou outro sat\u00e9lite, mas pensa que \u00e9 estrela cadente. Vive a magia da natureza e se encanta com cada amanhecer. Frui vita! Al\u00e9m disso, Katrina Devilla \u00e9 uma bruxa espiritualista que, por acaso, escreve bem e entende de SEO. Tem imenso prazer em ajudar os outros e ver que seus textos podem inspirar e mudar vidas. A espiritualidade est\u00e1 aqui, basta voc\u00ea querer ver e experimentar!","url":"https:\/\/www.iquilibrio.com\/blog\/author\/candida-thomazellicanoadigital-com\/"}]}},"_links":{"self":[{"href":"https:\/\/www.iquilibrio.com\/blog\/wp-json\/wp\/v2\/posts\/31642","targetHints":{"allow":["GET"]}}],"collection":[{"href":"https:\/\/www.iquilibrio.com\/blog\/wp-json\/wp\/v2\/posts"}],"about":[{"href":"https:\/\/www.iquilibrio.com\/blog\/wp-json\/wp\/v2\/types\/post"}],"author":[{"embeddable":true,"href":"https:\/\/www.iquilibrio.com\/blog\/wp-json\/wp\/v2\/users\/155"}],"replies":[{"embeddable":true,"href":"https:\/\/www.iquilibrio.com\/blog\/wp-json\/wp\/v2\/comments?post=31642"}],"version-history":[{"count":1,"href":"https:\/\/www.iquilibrio.com\/blog\/wp-json\/wp\/v2\/posts\/31642\/revisions"}],"predecessor-version":[{"id":31644,"href":"https:\/\/www.iquilibrio.com\/blog\/wp-json\/wp\/v2\/posts\/31642\/revisions\/31644"}],"wp:featuredmedia":[{"embeddable":true,"href":"https:\/\/www.iquilibrio.com\/blog\/wp-json\/wp\/v2\/media\/31643"}],"wp:attachment":[{"href":"https:\/\/www.iquilibrio.com\/blog\/wp-json\/wp\/v2\/media?parent=31642"}],"wp:term":[{"taxonomy":"category","embeddable":true,"href":"https:\/\/www.iquilibrio.com\/blog\/wp-json\/wp\/v2\/categories?post=31642"},{"taxonomy":"post_tag","embeddable":true,"href":"https:\/\/www.iquilibrio.com\/blog\/wp-json\/wp\/v2\/tags?post=31642"}],"curies":[{"name":"wp","href":"https:\/\/api.w.org\/{rel}","templated":true}]}}