{"id":31231,"date":"2021-05-29T09:00:31","date_gmt":"2021-05-29T12:00:31","guid":{"rendered":"https:\/\/www.iquilibrio.com\/blog\/?p=31231"},"modified":"2021-05-24T15:21:58","modified_gmt":"2021-05-24T18:21:58","slug":"cuidar-crianca-interior","status":"publish","type":"post","link":"https:\/\/www.iquilibrio.com\/blog\/bem-estar\/cuidar-crianca-interior\/","title":{"rendered":"Como cuidar da sua crian\u00e7a interior e dar asas \u00e0 imagina\u00e7\u00e3o?"},"content":{"rendered":"<p><span style=\"font-weight: 400;\">Que tal dar asas \u00e0 imagina\u00e7\u00e3o para <strong>acolher e cuidar da sua crian\u00e7a interior<\/strong>? Afinal, durante a inf\u00e2ncia, algo pode ter acontecido que nos magoou profundamente. Mas, na \u00e9poca, n\u00e3o sab\u00edamos como expressar, nem lidar com isso.<\/span><\/p>\n<p><span style=\"font-weight: 400;\">Logo, o tempo foi passando e muitos de n\u00f3s criamos \u201cbarreiras\u201d para servir de <\/span><a href=\"https:\/\/www.iquilibrio.com\/blog\/espiritualidade\/oracoes-salmos\/salmos-de-protecao\/\"><span style=\"font-weight: 400;\">prote\u00e7\u00e3o<\/span><\/a><span style=\"font-weight: 400;\">. Por\u00e9m, em algum momento, essas quest\u00f5es precisam ser trabalhadas, para que possamos viver plenamente.\u00a0\u00a0<\/span><\/p>\n<p><span style=\"font-weight: 400;\">Nesse sentido, preparamos um artigo super especial com 3 dicas para cuidar da sua crian\u00e7a interior. Mas, antes disso, vamos fazer uma breve pausa para refletir sobre a magia de \u201caprender a aprender\u201d, hoje e sempre.<\/span><\/p>\n<p><iframe loading=\"lazy\" title=\"Aprender a aprender\" width=\"696\" height=\"522\" src=\"https:\/\/www.youtube.com\/embed\/Pz4vQM_EmzI?feature=oembed\" frameborder=\"0\" allow=\"accelerometer; autoplay; clipboard-write; encrypted-media; gyroscope; picture-in-picture\" allowfullscreen><\/iframe><\/p>\n<h2><span style=\"font-weight: 400;\">Por que \u00e9 importante cuidar da sua crian\u00e7a interior?<\/span><\/h2>\n<p><span style=\"font-weight: 400;\">Quem quer ter uma vida plena e abundante definitivamente precisa cuidar da sua crian\u00e7a interior. Isso porque todas n\u00f3s merecemos ser amadas, para que flores\u00e7a a autoconfian\u00e7a, a alegria de viver e a autoestima. Enfim, tudo de bom, tudo do bem.\u00a0<\/span><\/p>\n<p><span style=\"font-weight: 400;\">Dessa maneira, cultivamos um jardim florido que favorece a intui\u00e7\u00e3o, a criatividade e a imagina\u00e7\u00e3o. Em outras palavras, esse zelo traz mais equil\u00edbrio e sabedoria para lidar com os obst\u00e1culos que se apresentam.\u00a0\u00a0<\/span><\/p>\n<p><span style=\"font-weight: 400;\">Sendo assim, antes de falar sobre cuidar da sua crian\u00e7a interior, vale considerar os pontos a seguir.<\/span><\/p>\n<h3><span style=\"font-weight: 400;\">Conecte-se integralmente com a sua ess\u00eancia<\/span><\/h3>\n<p><span style=\"font-weight: 400;\">Por acaso, voc\u00ea j\u00e1 parou pra pensar sobre qual \u00e9 o seu <\/span><a href=\"https:\/\/www.iquilibrio.com\/blog\/bem-estar\/proposito-de-vida\/\"><span style=\"font-weight: 400;\">prop\u00f3sito de vida<\/span><\/a><span style=\"font-weight: 400;\">? E j\u00e1 manifestou a <\/span><a href=\"https:\/\/www.iquilibrio.com\/blog\/terapias-alternativas\/reiki\/gratidao\/\"><span style=\"font-weight: 400;\">gratid\u00e3o<\/span><\/a><span style=\"font-weight: 400;\"> por tudo que recebeu at\u00e9 hoje, bem como pelas b\u00ean\u00e7\u00e3os que ainda vai receber? S\u00e3o perguntas v\u00e1lidas, que t\u00eam tudo a ver com a imers\u00e3o no seu verdadeiro \u201ceu\u201d.\u00a0<\/span><\/p>\n<p><span style=\"font-weight: 400;\">Nessa perspectiva, confira um v\u00eddeo que fala justamente sobre a <\/span><a href=\"https:\/\/www.iquilibrio.com\/blog\/bem-estar\/autoconhecimento\/reconexao-com-a-essencia\/\"><span style=\"font-weight: 400;\">reconex\u00e3o com a sua ess\u00eancia<\/span><\/a><span style=\"font-weight: 400;\">.\u00a0<\/span><\/p>\n<p><iframe loading=\"lazy\" title=\"Ess\u00eancia interior: 7 dicas para se conectar com a sua\" width=\"696\" height=\"392\" src=\"https:\/\/www.youtube.com\/embed\/qelvXdVOngI?feature=oembed\" frameborder=\"0\" allow=\"accelerometer; autoplay; clipboard-write; encrypted-media; gyroscope; picture-in-picture\" allowfullscreen><\/iframe><\/p>\n<h3><span style=\"font-weight: 400;\">Permita-se ser feliz em sua plenitude<\/span><\/h3>\n<p><span style=\"font-weight: 400;\">Dizem por a\u00ed que <\/span><a href=\"https:\/\/www.iquilibrio.com\/blog\/espiritualidade\/dicas-para-ser-feliz\/\"><span style=\"font-weight: 400;\">ser feliz<\/span><\/a><span style=\"font-weight: 400;\"> \u00e9 um estado de esp\u00edrito. Mesmo com tantas responsabilidades da vida adulta, \u00e9 primordial tomar um tempo para cuidar de voc\u00ea mesma. Nesse caso, alguns exemplos s\u00e3o:<\/span><\/p>\n<ul>\n<li style=\"font-weight: 400;\" aria-level=\"1\"><span style=\"font-weight: 400;\">Divirta-se do jeito que voc\u00ea costumava fazer na inf\u00e2ncia, num parque ou em casa mesmo;<\/span><\/li>\n<li style=\"font-weight: 400;\" aria-level=\"1\"><span style=\"font-weight: 400;\">Compre um presente para si pr\u00f3pria, sem precisar de uma data comemorativa para isso;<\/span><\/li>\n<li style=\"font-weight: 400;\" aria-level=\"1\"><span style=\"font-weight: 400;\">Pratique exerc\u00edcios f\u00edsicos para produzir o horm\u00f4nio do bem-estar e se sentir mais relaxada;<\/span><\/li>\n<li style=\"font-weight: 400;\" aria-level=\"1\"><span style=\"font-weight: 400;\">Deixe o computador e o celular de lado, apostando em atividades l\u00fadicas para passar o tempo;<\/span><\/li>\n<li style=\"font-weight: 400;\" aria-level=\"1\"><span style=\"font-weight: 400;\">Prepare uma comida bem gostosa, daquele tipo que traz o sabor de inf\u00e2ncia s\u00f3 de pensar nela;<\/span><\/li>\n<li style=\"font-weight: 400;\" aria-level=\"1\"><span style=\"font-weight: 400;\">Tente meditar para encontrar um ponto de equil\u00edbrio entre tantas preocupa\u00e7\u00f5es da fase adulta;<\/span><\/li>\n<li style=\"font-weight: 400;\" aria-level=\"1\"><span style=\"font-weight: 400;\">Reforce os la\u00e7os com pessoas queridas ou ainda crie novos la\u00e7os;<\/span><\/li>\n<li style=\"font-weight: 400;\" aria-level=\"1\"><span style=\"font-weight: 400;\">Acredite no seu potencial e na for\u00e7a do eu interior para ampliar os horizontes, sem fronteiras;<\/span><\/li>\n<li style=\"font-weight: 400;\" aria-level=\"1\"><span style=\"font-weight: 400;\">Viva um dia de cada vez, sem o peso do passado e dos relacionamentos infrut\u00edferos;<\/span><\/li>\n<li style=\"font-weight: 400;\" aria-level=\"1\"><span style=\"font-weight: 400;\">Livre-se da <\/span><a href=\"https:\/\/youtu.be\/sQ1W_BUkDmU\" target=\"_blank\" rel=\"noopener\"><span style=\"font-weight: 400;\">positividade t\u00f3xica<\/span><\/a><span style=\"font-weight: 400;\">, a fim de acalmar o cora\u00e7\u00e3o e a mente diante dos desafios;<\/span><\/li>\n<li style=\"font-weight: 400;\" aria-level=\"1\"><span style=\"font-weight: 400;\">D\u00ea uma aten\u00e7\u00e3o especial para a sua sa\u00fade e os seus objetivos de curto, m\u00e9dio e longo prazo;<\/span><\/li>\n<li style=\"font-weight: 400;\" aria-level=\"1\"><span style=\"font-weight: 400;\">Permita-se ser feliz, plena, amada, reconhecida e valorizada. Para resumir, o mundo \u00e9 seu e o universo conspira a favor.\u00a0\u00a0<\/span><\/li>\n<\/ul>\n<p><iframe loading=\"lazy\" title=\"Maktub: saiba o significado dessa palavra\" width=\"696\" height=\"392\" src=\"https:\/\/www.youtube.com\/embed\/8JVA9Luh-u8?feature=oembed\" frameborder=\"0\" allow=\"accelerometer; autoplay; clipboard-write; encrypted-media; gyroscope; picture-in-picture\" allowfullscreen><\/iframe><\/p>\n<h2><span style=\"font-weight: 400;\">3 dicas para acolher e cuidar da sua crian\u00e7a interior<\/span><\/h2>\n<p><span style=\"font-weight: 400;\">Para te acompanhar nessa jornada, selecionamos 3 dicas que contribuem para cuidar da sua crian\u00e7a interior. Fique \u00e0 vontade para deixar pra tr\u00e1s aquilo que n\u00e3o agrega e que n\u00e3o te faz bem. Dessa forma, voc\u00ea poder\u00e1 ser plenamente feliz e realizada.\u00a0\u00a0<\/span><\/p>\n<h3><span style=\"font-weight: 400;\">1. Comece uma jornada de autoconhecimento<\/span><\/h3>\n<p><span style=\"font-weight: 400;\">O <\/span><a href=\"https:\/\/www.iquilibrio.com\/blog\/bem-estar\/autoconhecimento\/importancia-do-autoconhecimento\/\"><span style=\"font-weight: 400;\">autoconhecimento<\/span><\/a><span style=\"font-weight: 400;\"> \u00e9 o primeiro passo para buscar caminhos pr\u00f3speros e abundantes. Ali\u00e1s, essa jornada pode ser feita de muitas maneiras, como as <\/span><a href=\"https:\/\/www.iquilibrio.com\/blog\/bem-estar\/terapia-holistica-ajuda-na-relacao\/\"><span style=\"font-weight: 400;\">terapias hol\u00edsticas<\/span><\/a><span style=\"font-weight: 400;\">, os jogos de <\/span><a href=\"https:\/\/www.iquilibrio.com\/blog\/oraculos\/tarot\/tarot-e-autoconhecimento\/\"><span style=\"font-weight: 400;\">tarot<\/span><\/a><span style=\"font-weight: 400;\"> e mais. Por outro lado, voc\u00ea pode come\u00e7ar com um momento de introspec\u00e7\u00e3o.<\/span><\/p>\n<p><span style=\"font-weight: 400;\">Ou seja, tome um tempo para conversar com voc\u00ea mesma, literalmente. Fa\u00e7a um <\/span><a href=\"https:\/\/www.iquilibrio.com\/blog\/bem-estar\/cha-para-ansiedade\/\"><span style=\"font-weight: 400;\">ch\u00e1<\/span><\/a><span style=\"font-weight: 400;\">, coloque uma m\u00fasica agrad\u00e1vel e fique de frente para o espelho nesse di\u00e1logo. Se preferir, escreva uma carta em um caderno que s\u00f3 voc\u00ea vai ler.\u00a0<\/span><\/p>\n<p><span style=\"font-weight: 400;\">Enfim, seja sincera e abra o cora\u00e7\u00e3o, sem reservas. Expresse suas emo\u00e7\u00f5es. Chore de alegria ou de tristeza. Coloque pra fora o que voc\u00ea sempre quis verbalizar e, por qualquer motivo, ainda n\u00e3o conseguiu.\u00a0<\/span><\/p>\n<p><span style=\"font-weight: 400;\">A princ\u00edpio, pode parecer um exerc\u00edcio simplista, n\u00e3o \u00e9? Contudo, esses s\u00e3o passos fundamentais para cuidar da sua crian\u00e7a interior. No fim das contas, \u00e9 vital reconhecer aquilo que te incomoda, al\u00e9m de acolher as suas dores e ang\u00fastias.<\/span><\/p>\n<h3><span style=\"font-weight: 400;\">2. Fa\u00e7a a regress\u00e3o de vidas passadas<\/span><\/h3>\n<p><span style=\"font-weight: 400;\">Essa \u00e9 uma dica para quem acredita em <\/span><a href=\"https:\/\/www.iquilibrio.com\/blog\/espiritualidade\/indicios-de-reencarnacao\/\"><span style=\"font-weight: 400;\">reencarna\u00e7\u00e3o<\/span><\/a><span style=\"font-weight: 400;\">. Por meio da <\/span><a href=\"https:\/\/www.astrocentro.com.br\/blog\/espiritual\/beneficios-terapia-regressao-vida-passada\/\" target=\"_blank\" rel=\"noopener\"><span style=\"font-weight: 400;\">regress\u00e3o de vidas passadas<\/span><\/a><span style=\"font-weight: 400;\">, \u00e9 poss\u00edvel se curar de diversos traumas e, assim, evoluir espiritualmente. Nessa terapia, voc\u00ea tamb\u00e9m amplia a compreens\u00e3o sobre aspectos que te afetam negativamente.<\/span><\/p>\n<p><span style=\"font-weight: 400;\">Para tal, \u00e9 importante contar com um guia espiritual \u00e9tico e experiente. Ent\u00e3o, a pessoa poder\u00e1 te conduzir em busca de respostas, al\u00e9m de desbloquear traumas e viv\u00eancias. E, como resultado, voc\u00ea poder\u00e1 viver seu presente de maneira mais positiva.<\/span><\/p>\n<h3><span style=\"font-weight: 400;\">3. Experimente o ritual de limpeza do passado<\/span><\/h3>\n<p><span style=\"font-weight: 400;\">Quem quer se desprender do passado (e finalmente evoluir) pode fazer um exerc\u00edcio simples e funcional. Para isso, basta identificar e escrever tudo aquilo que te faz mal, para\u00a0 ent\u00e3o queimar as palavras (e as coisas) que te machucam. Isto \u00e9, voc\u00ea vai transmutar toda aquela ang\u00fastia, lan\u00e7ando m\u00e3o do poder do fogo.<\/span><\/p>\n<p><span style=\"font-weight: 400;\">Para o ritual, voc\u00ea vai precisar somente desses itens:<\/span><\/p>\n<ul>\n<li style=\"font-weight: 400;\" aria-level=\"1\"><span style=\"font-weight: 400;\">Caneta ou l\u00e1pis;<\/span><\/li>\n<li style=\"font-weight: 400;\" aria-level=\"1\"><span style=\"font-weight: 400;\">Papel;<\/span><\/li>\n<li style=\"font-weight: 400;\" aria-level=\"1\"><span style=\"font-weight: 400;\">Caldeir\u00e3o para colocar o papel dentro e queim\u00e1-lo. Se for o caso, voc\u00ea pode fazer a queima na pia ou no quintal, mas sempre com seguran\u00e7a, ok?\u00a0\u00a0\u00a0<\/span><\/li>\n<\/ul>\n<p><span style=\"font-weight: 400;\">A prop\u00f3sito, confira o passo a passo em um v\u00eddeo especialmente preparado pela Juliana Viveiros.<\/span><\/p>\n<p><iframe loading=\"lazy\" title=\"Conhe\u00e7a o Exerc\u00edcio de Limpeza do Passado\" width=\"696\" height=\"392\" src=\"https:\/\/www.youtube.com\/embed\/iKTQKNVGR9Q?feature=oembed\" frameborder=\"0\" allow=\"accelerometer; autoplay; clipboard-write; encrypted-media; gyroscope; picture-in-picture\" allowfullscreen><\/iframe><\/p>\n<p><span style=\"font-weight: 400;\">Por fim, esperamos que essas dicas sejam \u00fateis para que voc\u00ea possa cuidar da sua crian\u00e7a interior. E, por sinal, aproveite para conferir outros conte\u00fados que podem te ajudar nessa jornada, tanto no <\/span><a href=\"https:\/\/www.youtube.com\/c\/IquilibrioBrasil\/featured\" target=\"_blank\" rel=\"noopener\"><span style=\"font-weight: 400;\">Youtube<\/span><\/a><span style=\"font-weight: 400;\">, quanto no <\/span><a href=\"https:\/\/www.iquilibrio.com\/blog\/\"><span style=\"font-weight: 400;\">Blog<\/span><\/a><span style=\"font-weight: 400;\"> da iQui.\u00a0<\/span><\/p>\n<ul>\n<li style=\"font-weight: 400;\" aria-level=\"1\"><a href=\"https:\/\/youtu.be\/8eqVpHnB0iQ\" target=\"_blank\" rel=\"noopener\"><span style=\"font-weight: 400;\">Ser \u00edndigo<\/span><\/a><span style=\"font-weight: 400;\">: descubra o que significa uma <\/span><a href=\"https:\/\/www.iquilibrio.com\/blog\/espiritualidade\/crianca-ou-adulto-cristal\/\"><span style=\"font-weight: 400;\">crian\u00e7a ou adulto cristal<\/span><\/a><span style=\"font-weight: 400;\">;<\/span><\/li>\n<li style=\"font-weight: 400;\" aria-level=\"1\"><a href=\"https:\/\/www.iquilibrio.com\/blog\/espiritualidade\/espiritismo\/filhos-visao-espirita\/\"><span style=\"font-weight: 400;\">Filhos na vis\u00e3o esp\u00edrita<\/span><\/a><span style=\"font-weight: 400;\">: os verdadeiros companheiros de evolu\u00e7\u00e3o;<\/span><\/li>\n<li style=\"font-weight: 400;\" aria-level=\"1\"><a href=\"https:\/\/www.iquilibrio.com\/blog\/terapias-alternativas\/mantra-hooponopono\/\">Ho\u2019oponopono<\/a>: entenda porque a <a href=\"https:\/\/youtu.be\/4ggXzRK-dRU\" target=\"_blank\" rel=\"noopener\">cura est\u00e1 dentro de n\u00f3s<\/a> mesmas.<\/li>\n<\/ul>\n\n\n<div class=\"kk-star-ratings kksr-auto kksr-align-left kksr-valign-bottom\"\n    data-payload='{&quot;align&quot;:&quot;left&quot;,&quot;id&quot;:&quot;31231&quot;,&quot;slug&quot;:&quot;default&quot;,&quot;valign&quot;:&quot;bottom&quot;,&quot;ignore&quot;:&quot;&quot;,&quot;reference&quot;:&quot;auto&quot;,&quot;class&quot;:&quot;&quot;,&quot;count&quot;:&quot;0&quot;,&quot;legendonly&quot;:&quot;&quot;,&quot;readonly&quot;:&quot;&quot;,&quot;score&quot;:&quot;0&quot;,&quot;starsonly&quot;:&quot;&quot;,&quot;best&quot;:&quot;5&quot;,&quot;gap&quot;:&quot;5&quot;,&quot;greet&quot;:&quot;Rate this post&quot;,&quot;legend&quot;:&quot;0\\\/5 - (0 voto)&quot;,&quot;size&quot;:&quot;24&quot;,&quot;title&quot;:&quot;Como cuidar da sua crian\u00e7a interior e dar asas \u00e0 imagina\u00e7\u00e3o?&quot;,&quot;width&quot;:&quot;0&quot;,&quot;_legend&quot;:&quot;{score}\\\/{best} - ({count} {votes})&quot;,&quot;font_factor&quot;:&quot;1.25&quot;}'>\n            \n<div class=\"kksr-stars\">\n    \n<div class=\"kksr-stars-inactive\">\n            <div class=\"kksr-star\" data-star=\"1\" style=\"padding-right: 5px\">\n            \n\n<div class=\"kksr-icon\" style=\"width: 24px; height: 24px;\"><\/div>\n        <\/div>\n            <div class=\"kksr-star\" data-star=\"2\" style=\"padding-right: 5px\">\n            \n\n<div class=\"kksr-icon\" style=\"width: 24px; height: 24px;\"><\/div>\n        <\/div>\n            <div class=\"kksr-star\" data-star=\"3\" style=\"padding-right: 5px\">\n            \n\n<div class=\"kksr-icon\" style=\"width: 24px; height: 24px;\"><\/div>\n        <\/div>\n            <div class=\"kksr-star\" data-star=\"4\" style=\"padding-right: 5px\">\n            \n\n<div class=\"kksr-icon\" style=\"width: 24px; height: 24px;\"><\/div>\n        <\/div>\n            <div class=\"kksr-star\" data-star=\"5\" style=\"padding-right: 5px\">\n            \n\n<div class=\"kksr-icon\" style=\"width: 24px; height: 24px;\"><\/div>\n        <\/div>\n    <\/div>\n    \n<div class=\"kksr-stars-active\" style=\"width: 0px;\">\n            <div class=\"kksr-star\" style=\"padding-right: 5px\">\n            \n\n<div class=\"kksr-icon\" style=\"width: 24px; height: 24px;\"><\/div>\n        <\/div>\n            <div class=\"kksr-star\" style=\"padding-right: 5px\">\n            \n\n<div class=\"kksr-icon\" style=\"width: 24px; height: 24px;\"><\/div>\n        <\/div>\n            <div class=\"kksr-star\" style=\"padding-right: 5px\">\n            \n\n<div class=\"kksr-icon\" style=\"width: 24px; height: 24px;\"><\/div>\n        <\/div>\n            <div class=\"kksr-star\" style=\"padding-right: 5px\">\n            \n\n<div class=\"kksr-icon\" style=\"width: 24px; height: 24px;\"><\/div>\n        <\/div>\n            <div class=\"kksr-star\" style=\"padding-right: 5px\">\n            \n\n<div class=\"kksr-icon\" style=\"width: 24px; height: 24px;\"><\/div>\n        <\/div>\n    <\/div>\n<\/div>\n                \n\n<div class=\"kksr-legend\" style=\"font-size: 19.2px;\">\n            <span class=\"kksr-muted\">Rate this post<\/span>\n    <\/div>\n    <\/div>\n","protected":false},"excerpt":{"rendered":"<p>Que tal dar asas \u00e0 imagina\u00e7\u00e3o para acolher e cuidar da sua crian\u00e7a interior? Afinal, durante a inf\u00e2ncia, algo pode ter acontecido que nos magoou profundamente. Mas, na \u00e9poca, n\u00e3o sab\u00edamos como expressar, nem lidar com isso. Logo, o tempo foi passando e muitos de n\u00f3s criamos \u201cbarreiras\u201d para servir de prote\u00e7\u00e3o. Por\u00e9m, em algum [&hellip;]<\/p>\n","protected":false},"author":155,"featured_media":31232,"comment_status":"open","ping_status":"open","sticky":false,"template":"","format":"standard","meta":{"footnotes":""},"categories":[592],"tags":[],"class_list":["post-31231","post","type-post","status-publish","format-standard","has-post-thumbnail","hentry","category-bem-estar"],"yoast_head":"<!-- This site is optimized with the Yoast SEO plugin v27.4 - https:\/\/yoast.com\/product\/yoast-seo-wordpress\/ -->\n<title>Como cuidar da sua crian\u00e7a interior e dar asas \u00e0 imagina\u00e7\u00e3o? - iQuilibrio<\/title>\n<meta name=\"description\" content=\"Descubra como acolher e cuidar da sua crian\u00e7a interior, com 3 dicas: autoconhecimento, regress\u00e3o de vidas passadas e limpeza do passado\" \/>\n<meta name=\"robots\" content=\"index, follow, max-snippet:-1, max-image-preview:large, max-video-preview:-1\" \/>\n<link rel=\"canonical\" href=\"https:\/\/www.iquilibrio.com\/blog\/bem-estar\/cuidar-crianca-interior\/\" \/>\n<meta property=\"og:locale\" content=\"pt_BR\" \/>\n<meta property=\"og:type\" content=\"article\" \/>\n<meta property=\"og:title\" content=\"Como cuidar da sua crian\u00e7a interior e dar asas \u00e0 imagina\u00e7\u00e3o? - iQuilibrio\" \/>\n<meta property=\"og:description\" content=\"Descubra como acolher e cuidar da sua crian\u00e7a interior, com 3 dicas: autoconhecimento, regress\u00e3o de vidas passadas e limpeza do passado\" \/>\n<meta property=\"og:url\" content=\"https:\/\/www.iquilibrio.com\/blog\/bem-estar\/cuidar-crianca-interior\/\" \/>\n<meta property=\"og:site_name\" content=\"iQuilibrio\" \/>\n<meta property=\"article:publisher\" content=\"https:\/\/www.facebook.com\/iQuilibrio\/\" \/>\n<meta property=\"article:published_time\" content=\"2021-05-29T12:00:31+00:00\" \/>\n<meta property=\"og:image\" content=\"https:\/\/www.iquilibrio.com\/blog\/wp-content\/uploads\/2021\/05\/cuidar-crianca-interior.jpg\" \/>\n\t<meta property=\"og:image:width\" content=\"900\" \/>\n\t<meta property=\"og:image:height\" content=\"560\" \/>\n\t<meta property=\"og:image:type\" content=\"image\/jpeg\" \/>\n<meta name=\"author\" content=\"Katrina Devilla\" \/>\n<meta name=\"twitter:card\" content=\"summary_large_image\" \/>\n<meta name=\"twitter:creator\" content=\"@iquilibrio\" \/>\n<meta name=\"twitter:site\" content=\"@iquilibrio\" \/>\n<meta name=\"twitter:label1\" content=\"Escrito por\" \/>\n\t<meta name=\"twitter:data1\" content=\"Katrina Devilla\" \/>\n\t<meta name=\"twitter:label2\" content=\"Est. tempo de leitura\" \/>\n\t<meta name=\"twitter:data2\" content=\"5 minutos\" \/>\n<script type=\"application\/ld+json\" class=\"yoast-schema-graph\">{\"@context\":\"https:\\\/\\\/schema.org\",\"@graph\":[{\"@type\":\"Article\",\"@id\":\"https:\\\/\\\/www.iquilibrio.com\\\/blog\\\/bem-estar\\\/cuidar-crianca-interior\\\/#article\",\"isPartOf\":{\"@id\":\"https:\\\/\\\/www.iquilibrio.com\\\/blog\\\/bem-estar\\\/cuidar-crianca-interior\\\/\"},\"author\":{\"name\":\"Katrina Devilla\",\"@id\":\"https:\\\/\\\/www.iquilibrio.com\\\/blog\\\/#\\\/schema\\\/person\\\/a9cde6e88d14c853339bcd3d04fe1dbb\"},\"headline\":\"Como cuidar da sua crian\u00e7a interior e dar asas \u00e0 imagina\u00e7\u00e3o?\",\"datePublished\":\"2021-05-29T12:00:31+00:00\",\"mainEntityOfPage\":{\"@id\":\"https:\\\/\\\/www.iquilibrio.com\\\/blog\\\/bem-estar\\\/cuidar-crianca-interior\\\/\"},\"wordCount\":1107,\"commentCount\":0,\"publisher\":{\"@id\":\"https:\\\/\\\/www.iquilibrio.com\\\/blog\\\/#organization\"},\"image\":{\"@id\":\"https:\\\/\\\/www.iquilibrio.com\\\/blog\\\/bem-estar\\\/cuidar-crianca-interior\\\/#primaryimage\"},\"thumbnailUrl\":\"https:\\\/\\\/www.iquilibrio.com\\\/blog\\\/wp-content\\\/uploads\\\/2021\\\/05\\\/cuidar-crianca-interior.jpg\",\"articleSection\":[\"Dicas de Bem-Estar\"],\"inLanguage\":\"pt-BR\"},{\"@type\":\"WebPage\",\"@id\":\"https:\\\/\\\/www.iquilibrio.com\\\/blog\\\/bem-estar\\\/cuidar-crianca-interior\\\/\",\"url\":\"https:\\\/\\\/www.iquilibrio.com\\\/blog\\\/bem-estar\\\/cuidar-crianca-interior\\\/\",\"name\":\"Como cuidar da sua crian\u00e7a interior e dar asas \u00e0 imagina\u00e7\u00e3o? - iQuilibrio\",\"isPartOf\":{\"@id\":\"https:\\\/\\\/www.iquilibrio.com\\\/blog\\\/#website\"},\"primaryImageOfPage\":{\"@id\":\"https:\\\/\\\/www.iquilibrio.com\\\/blog\\\/bem-estar\\\/cuidar-crianca-interior\\\/#primaryimage\"},\"image\":{\"@id\":\"https:\\\/\\\/www.iquilibrio.com\\\/blog\\\/bem-estar\\\/cuidar-crianca-interior\\\/#primaryimage\"},\"thumbnailUrl\":\"https:\\\/\\\/www.iquilibrio.com\\\/blog\\\/wp-content\\\/uploads\\\/2021\\\/05\\\/cuidar-crianca-interior.jpg\",\"datePublished\":\"2021-05-29T12:00:31+00:00\",\"description\":\"Descubra como acolher e cuidar da sua crian\u00e7a interior, com 3 dicas: autoconhecimento, regress\u00e3o de vidas passadas e limpeza do passado\",\"breadcrumb\":{\"@id\":\"https:\\\/\\\/www.iquilibrio.com\\\/blog\\\/bem-estar\\\/cuidar-crianca-interior\\\/#breadcrumb\"},\"inLanguage\":\"pt-BR\",\"potentialAction\":[{\"@type\":\"ReadAction\",\"target\":[\"https:\\\/\\\/www.iquilibrio.com\\\/blog\\\/bem-estar\\\/cuidar-crianca-interior\\\/\"]}]},{\"@type\":\"ImageObject\",\"inLanguage\":\"pt-BR\",\"@id\":\"https:\\\/\\\/www.iquilibrio.com\\\/blog\\\/bem-estar\\\/cuidar-crianca-interior\\\/#primaryimage\",\"url\":\"https:\\\/\\\/www.iquilibrio.com\\\/blog\\\/wp-content\\\/uploads\\\/2021\\\/05\\\/cuidar-crianca-interior.jpg\",\"contentUrl\":\"https:\\\/\\\/www.iquilibrio.com\\\/blog\\\/wp-content\\\/uploads\\\/2021\\\/05\\\/cuidar-crianca-interior.jpg\",\"width\":900,\"height\":560,\"caption\":\"cuidar da sua crian\u00e7a interior\"},{\"@type\":\"BreadcrumbList\",\"@id\":\"https:\\\/\\\/www.iquilibrio.com\\\/blog\\\/bem-estar\\\/cuidar-crianca-interior\\\/#breadcrumb\",\"itemListElement\":[{\"@type\":\"ListItem\",\"position\":1,\"name\":\"In\u00edcio\",\"item\":\"https:\\\/\\\/www.iquilibrio.com\\\/blog\\\/\"},{\"@type\":\"ListItem\",\"position\":2,\"name\":\"Como cuidar da sua crian\u00e7a interior e dar asas \u00e0 imagina\u00e7\u00e3o?\"}]},{\"@type\":\"WebSite\",\"@id\":\"https:\\\/\\\/www.iquilibrio.com\\\/blog\\\/#website\",\"url\":\"https:\\\/\\\/www.iquilibrio.com\\\/blog\\\/\",\"name\":\"iQuilibrio\",\"description\":\"Blog iQuilibrio\",\"publisher\":{\"@id\":\"https:\\\/\\\/www.iquilibrio.com\\\/blog\\\/#organization\"},\"potentialAction\":[{\"@type\":\"SearchAction\",\"target\":{\"@type\":\"EntryPoint\",\"urlTemplate\":\"https:\\\/\\\/www.iquilibrio.com\\\/blog\\\/?s={search_term_string}\"},\"query-input\":{\"@type\":\"PropertyValueSpecification\",\"valueRequired\":true,\"valueName\":\"search_term_string\"}}],\"inLanguage\":\"pt-BR\"},{\"@type\":\"Organization\",\"@id\":\"https:\\\/\\\/www.iquilibrio.com\\\/blog\\\/#organization\",\"name\":\"Esoterismo, Misticismo e Tarot Online - iQuilibrio\",\"url\":\"https:\\\/\\\/www.iquilibrio.com\\\/blog\\\/\",\"logo\":{\"@type\":\"ImageObject\",\"inLanguage\":\"pt-BR\",\"@id\":\"https:\\\/\\\/www.iquilibrio.com\\\/blog\\\/#\\\/schema\\\/logo\\\/image\\\/\",\"url\":\"https:\\\/\\\/www.iquilibrio.com\\\/blog\\\/wp-content\\\/uploads\\\/2018\\\/12\\\/iquilibrio_lovo_vetor_preto-retina.png\",\"contentUrl\":\"https:\\\/\\\/www.iquilibrio.com\\\/blog\\\/wp-content\\\/uploads\\\/2018\\\/12\\\/iquilibrio_lovo_vetor_preto-retina.png\",\"width\":972,\"height\":180,\"caption\":\"Esoterismo, Misticismo e Tarot Online - iQuilibrio\"},\"image\":{\"@id\":\"https:\\\/\\\/www.iquilibrio.com\\\/blog\\\/#\\\/schema\\\/logo\\\/image\\\/\"},\"sameAs\":[\"https:\\\/\\\/www.facebook.com\\\/iQuilibrio\\\/\",\"https:\\\/\\\/x.com\\\/iquilibrio\",\"https:\\\/\\\/www.instagram.com\\\/iquilibrio\\\/\",\"https:\\\/\\\/www.linkedin.com\\\/company\\\/iquilibrio\\\/\",\"https:\\\/\\\/br.pinterest.com\\\/iquilibrio1397\\\/\",\"https:\\\/\\\/www.youtube.com\\\/channel\\\/UC175qxd-4Zsi4wzawT5zF2g\"]},{\"@type\":\"Person\",\"@id\":\"https:\\\/\\\/www.iquilibrio.com\\\/blog\\\/#\\\/schema\\\/person\\\/a9cde6e88d14c853339bcd3d04fe1dbb\",\"name\":\"Katrina Devilla\",\"image\":{\"@type\":\"ImageObject\",\"inLanguage\":\"pt-BR\",\"@id\":\"https:\\\/\\\/secure.gravatar.com\\\/avatar\\\/1f540b99ef20bca9c5117565f5cb62c1a95aa578d9d45345315e4338aac207d6?s=96&d=blank&r=g\",\"url\":\"https:\\\/\\\/secure.gravatar.com\\\/avatar\\\/1f540b99ef20bca9c5117565f5cb62c1a95aa578d9d45345315e4338aac207d6?s=96&d=blank&r=g\",\"contentUrl\":\"https:\\\/\\\/secure.gravatar.com\\\/avatar\\\/1f540b99ef20bca9c5117565f5cb62c1a95aa578d9d45345315e4338aac207d6?s=96&d=blank&r=g\",\"caption\":\"Katrina Devilla\"},\"description\":\"Katrina Devilla escreve sobre magia e como deixar a vida leve. Cozinha coisas gostosas, deita no quintal para ver estrelas e, quando tem sorte, v\u00ea um ou outro sat\u00e9lite, mas pensa que \u00e9 estrela cadente. Vive a magia da natureza e se encanta com cada amanhecer. Frui vita! Al\u00e9m disso, Katrina Devilla \u00e9 uma bruxa espiritualista que, por acaso, escreve bem e entende de SEO. Tem imenso prazer em ajudar os outros e ver que seus textos podem inspirar e mudar vidas. A espiritualidade est\u00e1 aqui, basta voc\u00ea querer ver e experimentar!\",\"url\":\"https:\\\/\\\/www.iquilibrio.com\\\/blog\\\/author\\\/candida-thomazellicanoadigital-com\\\/\"}]}<\/script>\n<!-- \/ Yoast SEO plugin. -->","yoast_head_json":{"title":"Como cuidar da sua crian\u00e7a interior e dar asas \u00e0 imagina\u00e7\u00e3o? - iQuilibrio","description":"Descubra como acolher e cuidar da sua crian\u00e7a interior, com 3 dicas: autoconhecimento, regress\u00e3o de vidas passadas e limpeza do passado","robots":{"index":"index","follow":"follow","max-snippet":"max-snippet:-1","max-image-preview":"max-image-preview:large","max-video-preview":"max-video-preview:-1"},"canonical":"https:\/\/www.iquilibrio.com\/blog\/bem-estar\/cuidar-crianca-interior\/","og_locale":"pt_BR","og_type":"article","og_title":"Como cuidar da sua crian\u00e7a interior e dar asas \u00e0 imagina\u00e7\u00e3o? - iQuilibrio","og_description":"Descubra como acolher e cuidar da sua crian\u00e7a interior, com 3 dicas: autoconhecimento, regress\u00e3o de vidas passadas e limpeza do passado","og_url":"https:\/\/www.iquilibrio.com\/blog\/bem-estar\/cuidar-crianca-interior\/","og_site_name":"iQuilibrio","article_publisher":"https:\/\/www.facebook.com\/iQuilibrio\/","article_published_time":"2021-05-29T12:00:31+00:00","og_image":[{"width":900,"height":560,"url":"https:\/\/www.iquilibrio.com\/blog\/wp-content\/uploads\/2021\/05\/cuidar-crianca-interior.jpg","type":"image\/jpeg"}],"author":"Katrina Devilla","twitter_card":"summary_large_image","twitter_creator":"@iquilibrio","twitter_site":"@iquilibrio","twitter_misc":{"Escrito por":"Katrina Devilla","Est. tempo de leitura":"5 minutos"},"schema":{"@context":"https:\/\/schema.org","@graph":[{"@type":"Article","@id":"https:\/\/www.iquilibrio.com\/blog\/bem-estar\/cuidar-crianca-interior\/#article","isPartOf":{"@id":"https:\/\/www.iquilibrio.com\/blog\/bem-estar\/cuidar-crianca-interior\/"},"author":{"name":"Katrina Devilla","@id":"https:\/\/www.iquilibrio.com\/blog\/#\/schema\/person\/a9cde6e88d14c853339bcd3d04fe1dbb"},"headline":"Como cuidar da sua crian\u00e7a interior e dar asas \u00e0 imagina\u00e7\u00e3o?","datePublished":"2021-05-29T12:00:31+00:00","mainEntityOfPage":{"@id":"https:\/\/www.iquilibrio.com\/blog\/bem-estar\/cuidar-crianca-interior\/"},"wordCount":1107,"commentCount":0,"publisher":{"@id":"https:\/\/www.iquilibrio.com\/blog\/#organization"},"image":{"@id":"https:\/\/www.iquilibrio.com\/blog\/bem-estar\/cuidar-crianca-interior\/#primaryimage"},"thumbnailUrl":"https:\/\/www.iquilibrio.com\/blog\/wp-content\/uploads\/2021\/05\/cuidar-crianca-interior.jpg","articleSection":["Dicas de Bem-Estar"],"inLanguage":"pt-BR"},{"@type":"WebPage","@id":"https:\/\/www.iquilibrio.com\/blog\/bem-estar\/cuidar-crianca-interior\/","url":"https:\/\/www.iquilibrio.com\/blog\/bem-estar\/cuidar-crianca-interior\/","name":"Como cuidar da sua crian\u00e7a interior e dar asas \u00e0 imagina\u00e7\u00e3o? - iQuilibrio","isPartOf":{"@id":"https:\/\/www.iquilibrio.com\/blog\/#website"},"primaryImageOfPage":{"@id":"https:\/\/www.iquilibrio.com\/blog\/bem-estar\/cuidar-crianca-interior\/#primaryimage"},"image":{"@id":"https:\/\/www.iquilibrio.com\/blog\/bem-estar\/cuidar-crianca-interior\/#primaryimage"},"thumbnailUrl":"https:\/\/www.iquilibrio.com\/blog\/wp-content\/uploads\/2021\/05\/cuidar-crianca-interior.jpg","datePublished":"2021-05-29T12:00:31+00:00","description":"Descubra como acolher e cuidar da sua crian\u00e7a interior, com 3 dicas: autoconhecimento, regress\u00e3o de vidas passadas e limpeza do passado","breadcrumb":{"@id":"https:\/\/www.iquilibrio.com\/blog\/bem-estar\/cuidar-crianca-interior\/#breadcrumb"},"inLanguage":"pt-BR","potentialAction":[{"@type":"ReadAction","target":["https:\/\/www.iquilibrio.com\/blog\/bem-estar\/cuidar-crianca-interior\/"]}]},{"@type":"ImageObject","inLanguage":"pt-BR","@id":"https:\/\/www.iquilibrio.com\/blog\/bem-estar\/cuidar-crianca-interior\/#primaryimage","url":"https:\/\/www.iquilibrio.com\/blog\/wp-content\/uploads\/2021\/05\/cuidar-crianca-interior.jpg","contentUrl":"https:\/\/www.iquilibrio.com\/blog\/wp-content\/uploads\/2021\/05\/cuidar-crianca-interior.jpg","width":900,"height":560,"caption":"cuidar da sua crian\u00e7a interior"},{"@type":"BreadcrumbList","@id":"https:\/\/www.iquilibrio.com\/blog\/bem-estar\/cuidar-crianca-interior\/#breadcrumb","itemListElement":[{"@type":"ListItem","position":1,"name":"In\u00edcio","item":"https:\/\/www.iquilibrio.com\/blog\/"},{"@type":"ListItem","position":2,"name":"Como cuidar da sua crian\u00e7a interior e dar asas \u00e0 imagina\u00e7\u00e3o?"}]},{"@type":"WebSite","@id":"https:\/\/www.iquilibrio.com\/blog\/#website","url":"https:\/\/www.iquilibrio.com\/blog\/","name":"iQuilibrio","description":"Blog iQuilibrio","publisher":{"@id":"https:\/\/www.iquilibrio.com\/blog\/#organization"},"potentialAction":[{"@type":"SearchAction","target":{"@type":"EntryPoint","urlTemplate":"https:\/\/www.iquilibrio.com\/blog\/?s={search_term_string}"},"query-input":{"@type":"PropertyValueSpecification","valueRequired":true,"valueName":"search_term_string"}}],"inLanguage":"pt-BR"},{"@type":"Organization","@id":"https:\/\/www.iquilibrio.com\/blog\/#organization","name":"Esoterismo, Misticismo e Tarot Online - iQuilibrio","url":"https:\/\/www.iquilibrio.com\/blog\/","logo":{"@type":"ImageObject","inLanguage":"pt-BR","@id":"https:\/\/www.iquilibrio.com\/blog\/#\/schema\/logo\/image\/","url":"https:\/\/www.iquilibrio.com\/blog\/wp-content\/uploads\/2018\/12\/iquilibrio_lovo_vetor_preto-retina.png","contentUrl":"https:\/\/www.iquilibrio.com\/blog\/wp-content\/uploads\/2018\/12\/iquilibrio_lovo_vetor_preto-retina.png","width":972,"height":180,"caption":"Esoterismo, Misticismo e Tarot Online - iQuilibrio"},"image":{"@id":"https:\/\/www.iquilibrio.com\/blog\/#\/schema\/logo\/image\/"},"sameAs":["https:\/\/www.facebook.com\/iQuilibrio\/","https:\/\/x.com\/iquilibrio","https:\/\/www.instagram.com\/iquilibrio\/","https:\/\/www.linkedin.com\/company\/iquilibrio\/","https:\/\/br.pinterest.com\/iquilibrio1397\/","https:\/\/www.youtube.com\/channel\/UC175qxd-4Zsi4wzawT5zF2g"]},{"@type":"Person","@id":"https:\/\/www.iquilibrio.com\/blog\/#\/schema\/person\/a9cde6e88d14c853339bcd3d04fe1dbb","name":"Katrina Devilla","image":{"@type":"ImageObject","inLanguage":"pt-BR","@id":"https:\/\/secure.gravatar.com\/avatar\/1f540b99ef20bca9c5117565f5cb62c1a95aa578d9d45345315e4338aac207d6?s=96&d=blank&r=g","url":"https:\/\/secure.gravatar.com\/avatar\/1f540b99ef20bca9c5117565f5cb62c1a95aa578d9d45345315e4338aac207d6?s=96&d=blank&r=g","contentUrl":"https:\/\/secure.gravatar.com\/avatar\/1f540b99ef20bca9c5117565f5cb62c1a95aa578d9d45345315e4338aac207d6?s=96&d=blank&r=g","caption":"Katrina Devilla"},"description":"Katrina Devilla escreve sobre magia e como deixar a vida leve. Cozinha coisas gostosas, deita no quintal para ver estrelas e, quando tem sorte, v\u00ea um ou outro sat\u00e9lite, mas pensa que \u00e9 estrela cadente. Vive a magia da natureza e se encanta com cada amanhecer. Frui vita! Al\u00e9m disso, Katrina Devilla \u00e9 uma bruxa espiritualista que, por acaso, escreve bem e entende de SEO. Tem imenso prazer em ajudar os outros e ver que seus textos podem inspirar e mudar vidas. A espiritualidade est\u00e1 aqui, basta voc\u00ea querer ver e experimentar!","url":"https:\/\/www.iquilibrio.com\/blog\/author\/candida-thomazellicanoadigital-com\/"}]}},"_links":{"self":[{"href":"https:\/\/www.iquilibrio.com\/blog\/wp-json\/wp\/v2\/posts\/31231","targetHints":{"allow":["GET"]}}],"collection":[{"href":"https:\/\/www.iquilibrio.com\/blog\/wp-json\/wp\/v2\/posts"}],"about":[{"href":"https:\/\/www.iquilibrio.com\/blog\/wp-json\/wp\/v2\/types\/post"}],"author":[{"embeddable":true,"href":"https:\/\/www.iquilibrio.com\/blog\/wp-json\/wp\/v2\/users\/155"}],"replies":[{"embeddable":true,"href":"https:\/\/www.iquilibrio.com\/blog\/wp-json\/wp\/v2\/comments?post=31231"}],"version-history":[{"count":2,"href":"https:\/\/www.iquilibrio.com\/blog\/wp-json\/wp\/v2\/posts\/31231\/revisions"}],"predecessor-version":[{"id":31260,"href":"https:\/\/www.iquilibrio.com\/blog\/wp-json\/wp\/v2\/posts\/31231\/revisions\/31260"}],"wp:featuredmedia":[{"embeddable":true,"href":"https:\/\/www.iquilibrio.com\/blog\/wp-json\/wp\/v2\/media\/31232"}],"wp:attachment":[{"href":"https:\/\/www.iquilibrio.com\/blog\/wp-json\/wp\/v2\/media?parent=31231"}],"wp:term":[{"taxonomy":"category","embeddable":true,"href":"https:\/\/www.iquilibrio.com\/blog\/wp-json\/wp\/v2\/categories?post=31231"},{"taxonomy":"post_tag","embeddable":true,"href":"https:\/\/www.iquilibrio.com\/blog\/wp-json\/wp\/v2\/tags?post=31231"}],"curies":[{"name":"wp","href":"https:\/\/api.w.org\/{rel}","templated":true}]}}