{"id":31134,"date":"2021-05-06T11:53:44","date_gmt":"2021-05-06T14:53:44","guid":{"rendered":"https:\/\/www.iquilibrio.com\/blog\/?p=31134"},"modified":"2021-05-06T11:53:44","modified_gmt":"2021-05-06T14:53:44","slug":"sao-jorge-sincretismo","status":"publish","type":"post","link":"https:\/\/www.iquilibrio.com\/blog\/espiritualidade\/sao-jorge-sincretismo\/","title":{"rendered":"S\u00e3o Jorge e Ogum &#8211; entenda esse sincretismo religioso!"},"content":{"rendered":"<p>Antes de falarmos sobre o Sincretismo S\u00e3o Jorge e Ogum, vamos primeiro entender o significado da palavra &#8220;sincretismo&#8221;, assim conseguiremos compreender com profundidade qual \u00e9 a rela\u00e7\u00e3o entre S\u00e3o Jorge e Ogum.<\/p>\n<p><a href=\"https:\/\/www.dicio.com.br\/sincretismo\/\">Segundo o dicion\u00e1rio<\/a>, a defini\u00e7\u00e3o para a palavra &#8220;sincretismo&#8221; \u00e9:<\/p>\n<p>&#8221; Jun\u00e7\u00e3o ou mistura de cultos ou de doutrinas religiosas distintas, atribuindo um novo sentido aos seus elementos: sincretismo religioso.&#8221;<\/p>\n<p>Ou ainda:<\/p>\n<p>&#8220;Fus\u00e3o de filosofias, de ideologias, de sistemas sociais ou de elementos culturais diverso: sincretismo social.&#8221;<\/p>\n<p style=\"text-align: center;\"><a href=\"https:\/\/www.iquilibrio.com\/esotericos\/luciana\/\"><span class=\"td_btn td_btn_lg td_round_btn class-cta1\">Com uma Aten\u00e7\u00e3o Especial ao Seu Momento, a Consultora Luciana te Guiar\u00e1 aos Melhores Caminhos de Sua Vida<\/span><\/a><\/p>\n<p>Assim, entendemos que \u00e9 um conjunto de cren\u00e7as que se misturam e que tem como finalidade uma pr\u00e1tica devocional ou ainda \u00e9 a fus\u00e3o, a uni\u00e3o, a jun\u00e7\u00e3o de diferentes cultos ou doutrinas religiosas que tr\u00e1s uma reinterpreta\u00e7\u00e3o de seus elementos\u00a0 sejam culturais, religiosos e ideol\u00f3gicos.<\/p>\n<p>Agora, vamos entender mais sobre essa rela\u00e7\u00e3o!<\/p>\n<h2>Origem do sincretismo S\u00e3o Jorge e Ogum<\/h2>\n<p>Ogum \u00e9 um orix\u00e1 guerreiro, filho de Odudu\u00e1, que ao ficar cego deixa a ele a responsabilidade de governar a cidade de\u00a0 If\u00e9, onde travou muitas batalhas. \u00c9 orix\u00e1 de vestes azul e brancas ou vermelho e brancas, senhor do ferro, da guerra, da agricultura e da tecnologia.<\/p>\n<p>J\u00e1, S\u00e3o Jorge nasceu em 275, na Capad\u00f3cia, por isso \u00e9 conhecido como <em>Jorge da Capad\u00f3cia<\/em>\u00a0ou\u00a0<em>Jorge de Lida<\/em>. Foi um soldado romano um alto comandante do ex\u00e9rcito romano,<em>\u00a0<\/em>venceu lutas, renunciou sua vida a Jesus Cristo e at\u00e9 mesmo venceu um drag\u00e3o em uma batalha. Sendo aqui no Brasil um dos santos de maior devo\u00e7\u00e3o.<\/p>\n<p>Percebe-se assim, que a associa\u00e7\u00e3o entre os dois \u00e9 f\u00e1cil, afinal s\u00e3o guerreiros e visam a justi\u00e7a. S\u00e3o Jorge foi associado a Ogum por ter um perfil de guerreiro e combatente, seu dia de comemora\u00e7\u00e3o \u00e9 o dia 23 de Abril.<\/p>\n<p>Mas quando esse sincretismo aconteceu?<\/p>\n<p>O sincretismo surge na \u00e9poca da coloniza\u00e7\u00e3o, com a chegada dos primeiros escravos africanos que trouxeram suas cren\u00e7as, divindades e religi\u00f5es. Por\u00e9m com os vetos e proibi\u00e7\u00f5es impostas a eles, arrumaram uma maneira de poder cultuar estas divindades fazendo associa\u00e7\u00f5es com santos presentes na religi\u00e3o permitida, e n\u00e3o sofrerem puni\u00e7\u00f5es de seus senhores.<\/p>\n<p>Isto \u00e9, os escravos cultuavam S\u00e3o Jorge para n\u00e3o serem punidos, mas na verdade, pensando e cultuando Ogum.<\/p>\n<h2>Devo\u00e7\u00e3o &#8211; sincretismo S\u00e3o Jorge e Ogum<\/h2>\n<p>Os filhos de Ogum, costumam pedir for\u00e7a e prote\u00e7\u00e3o. As ervas mais ligadas a Ogum s\u00e3o: a abre caminho, arruda, folha de seringueira e espada de ogum (ou de S\u00e3o Jorge).<\/p>\n<p>S\u00e3o Jorge santo padroeiro, um dos mais venerados na Igreja cat\u00f3lica, representado em sua imagem sentado em um cavalo, vestindo uma armadura e com uma lan\u00e7a remetendo ao combate.<\/p>\n<p>Os dois s\u00e3o combatentes, guerreiros, buscam sempre o justo, senhores das batalhas, impetuosos com a justi\u00e7a e ambos sempre prontos a buscar a vit\u00f3ria pela f\u00e9 e agir com justi\u00e7a para abrirem os caminhos.<\/p>\n<h3>Importante!<\/h3>\n<p>Apesar de observamos as semelhan\u00e7as entre ambos, esta associa\u00e7\u00e3o ou sincretismo n\u00e3o \u00e9 aceito por todas as religi\u00f5es, por quest\u00f5es de doutrina e cultos praticados.<\/p>\n<p>Se buscarmos a defini\u00e7\u00e3o de Santo e de Orix\u00e1, podemos de certa forma trazer uma justificativa para esta n\u00e3o aceita\u00e7\u00e3o, ou seja a forma que cada um entende e percebe dentro de sua religi\u00e3o cada um deles.<\/p>\n<ul>\n<li><strong>Santo: <\/strong>segundo uma vis\u00e3o crist\u00e3, propriamente da doutrina cat\u00f3lia: s\u00e3o as pessoas que desempenharam uma obra admir\u00e1vel, cuja vida serve de testemunho aos demais cat\u00f3licos ou que morreram pela f\u00e9 em Jesus Cristo.<\/li>\n<li><strong>Orix\u00e1s:<\/strong> s\u00e3o deuses cultuados pelas muitas cren\u00e7as africanas, sendo ligados \u00e0 fam\u00edlia e aos cl\u00e3s.<\/li>\n<\/ul>\n<p>Mas de certa forma todos concordam e enxergam que ambos s\u00e3o justiceiros e guerreiros. S\u00e3o invocados para a prote\u00e7\u00e3o contra inimigos, para a abertura de caminhos e principalmente quando h\u00e1 a necessidade de justi\u00e7a.<\/p>\n<p>Se sua d\u00favida \u00e9: &#8220;S\u00e3o Jorge e Ogum s\u00e3o a mesma divindade?&#8221; isso vai depender muito de sua cren\u00e7a e ponto de vista em rela\u00e7\u00e3o ao que \u00e9 o sincretismo!<\/p>\n<p>Lembrando que os sincretismos, s\u00e3o mais comuns do que voc\u00ea pode imaginar, entenda alguns exemplos destas associa\u00e7\u00f5es: Ox\u00f3ssi, como S\u00e3o Sebasti\u00e3o. Ians\u00e3 e Santa B\u00e1rbara. Oxal\u00e1, como <a href=\"https:\/\/www.iquilibrio.com\/blog\/espiritualidade\/cristianismo\/jesus-cristo\/\">Jesus Cristo<\/a>, e por fim: Ogum como S\u00e3o Jorge, entre diversas outras.<\/p>\n<p>Artigos que voc\u00ea deveria ler:<\/p>\n<ul>\n<li><a href=\"https:\/\/www.iquilibrio.com\/blog\/espiritualidade\/cristianismo\/sao-jorge\/\">Saiba tudo sobre S\u00e3o Jorge<\/a>;<\/li>\n<li><a href=\"https:\/\/www.iquilibrio.com\/blog\/simpatias\/banhos\/banho-de-ogum\/\">As ervas de Ogum<\/a>;<\/li>\n<\/ul>\n<hr \/>\n<p>&nbsp;<\/p>\n<h2><span id=\"Conheca_um_pouco_mais_sobre_a_consultora_Luciana\"><img loading=\"lazy\" decoding=\"async\" class=\"size-full wp-image-20670 alignleft td-animation-stack-type0-2\" src=\"https:\/\/www.iquilibrio.com\/blog\/wp-content\/uploads\/2018\/11\/luciana.png\" alt=\"\" width=\"100\" height=\"100\" \/>Conhe\u00e7a um pouco mais sobre a consultora Luciana<\/span><\/h2>\n<p>A Luciana \u00e9 uma consultora muito atenciosa. Ela tem amor pelo que faz e isso \u00e9 muito claro nos seus atendimentos, onde o foco de orientar os consulentes \u00e0s melhores decis\u00f5es est\u00e1 sempre evidente. Em uma conversa com esta consultora voc\u00ea ver\u00e1 que ao se descobrir os princ\u00edpios, causas e efeitos de cada acontecimento se torna mais f\u00e1cil em decidir os pr\u00f3ximos passos futuros. Voc\u00ea procura por esclarecimentos em sua vida? Ent\u00e3o\u00a0<a href=\"https:\/\/www.iquilibrio.com\/esotericos\/luciana\/\">clique aqui<\/a>\u00a0e fale com a Luciana!<\/p>\n<p style=\"text-align: center;\"><span class=\"td_btn td_btn_lg td_round_btn class-cta2\" style=\"color: #ffffff;\"><a style=\"color: #ffffff;\" href=\"https:\/\/www.iquilibrio.com\/esotericos\/luciana\/\">Confira Aqui os Produtos e Atendimentos Especializados da Consultora Luciana<\/a><\/span><\/p>\n\n\n<div class=\"kk-star-ratings kksr-auto kksr-align-left kksr-valign-bottom\"\n    data-payload='{&quot;align&quot;:&quot;left&quot;,&quot;id&quot;:&quot;31134&quot;,&quot;slug&quot;:&quot;default&quot;,&quot;valign&quot;:&quot;bottom&quot;,&quot;ignore&quot;:&quot;&quot;,&quot;reference&quot;:&quot;auto&quot;,&quot;class&quot;:&quot;&quot;,&quot;count&quot;:&quot;0&quot;,&quot;legendonly&quot;:&quot;&quot;,&quot;readonly&quot;:&quot;&quot;,&quot;score&quot;:&quot;0&quot;,&quot;starsonly&quot;:&quot;&quot;,&quot;best&quot;:&quot;5&quot;,&quot;gap&quot;:&quot;5&quot;,&quot;greet&quot;:&quot;Rate this post&quot;,&quot;legend&quot;:&quot;0\\\/5 - (0 voto)&quot;,&quot;size&quot;:&quot;24&quot;,&quot;title&quot;:&quot;S\u00e3o Jorge e Ogum - entenda esse sincretismo religioso!&quot;,&quot;width&quot;:&quot;0&quot;,&quot;_legend&quot;:&quot;{score}\\\/{best} - ({count} {votes})&quot;,&quot;font_factor&quot;:&quot;1.25&quot;}'>\n            \n<div class=\"kksr-stars\">\n    \n<div class=\"kksr-stars-inactive\">\n            <div class=\"kksr-star\" data-star=\"1\" style=\"padding-right: 5px\">\n            \n\n<div class=\"kksr-icon\" style=\"width: 24px; height: 24px;\"><\/div>\n        <\/div>\n            <div class=\"kksr-star\" data-star=\"2\" style=\"padding-right: 5px\">\n            \n\n<div class=\"kksr-icon\" style=\"width: 24px; height: 24px;\"><\/div>\n        <\/div>\n            <div class=\"kksr-star\" data-star=\"3\" style=\"padding-right: 5px\">\n            \n\n<div class=\"kksr-icon\" style=\"width: 24px; height: 24px;\"><\/div>\n        <\/div>\n            <div class=\"kksr-star\" data-star=\"4\" style=\"padding-right: 5px\">\n            \n\n<div class=\"kksr-icon\" style=\"width: 24px; height: 24px;\"><\/div>\n        <\/div>\n            <div class=\"kksr-star\" data-star=\"5\" style=\"padding-right: 5px\">\n            \n\n<div class=\"kksr-icon\" style=\"width: 24px; height: 24px;\"><\/div>\n        <\/div>\n    <\/div>\n    \n<div class=\"kksr-stars-active\" style=\"width: 0px;\">\n            <div class=\"kksr-star\" style=\"padding-right: 5px\">\n            \n\n<div class=\"kksr-icon\" style=\"width: 24px; height: 24px;\"><\/div>\n        <\/div>\n            <div class=\"kksr-star\" style=\"padding-right: 5px\">\n            \n\n<div class=\"kksr-icon\" style=\"width: 24px; height: 24px;\"><\/div>\n        <\/div>\n            <div class=\"kksr-star\" style=\"padding-right: 5px\">\n            \n\n<div class=\"kksr-icon\" style=\"width: 24px; height: 24px;\"><\/div>\n        <\/div>\n            <div class=\"kksr-star\" style=\"padding-right: 5px\">\n            \n\n<div class=\"kksr-icon\" style=\"width: 24px; height: 24px;\"><\/div>\n        <\/div>\n            <div class=\"kksr-star\" style=\"padding-right: 5px\">\n            \n\n<div class=\"kksr-icon\" style=\"width: 24px; height: 24px;\"><\/div>\n        <\/div>\n    <\/div>\n<\/div>\n                \n\n<div class=\"kksr-legend\" style=\"font-size: 19.2px;\">\n            <span class=\"kksr-muted\">Rate this post<\/span>\n    <\/div>\n    <\/div>\n","protected":false},"excerpt":{"rendered":"<p>Antes de falarmos sobre o Sincretismo S\u00e3o Jorge e Ogum, vamos primeiro entender o significado da palavra &#8220;sincretismo&#8221;, assim conseguiremos compreender com profundidade qual \u00e9 a rela\u00e7\u00e3o entre S\u00e3o Jorge e Ogum. Segundo o dicion\u00e1rio, a defini\u00e7\u00e3o para a palavra &#8220;sincretismo&#8221; \u00e9: &#8221; Jun\u00e7\u00e3o ou mistura de cultos ou de doutrinas religiosas distintas, atribuindo um [&hellip;]<\/p>\n","protected":false},"author":20,"featured_media":31139,"comment_status":"open","ping_status":"open","sticky":false,"template":"","format":"standard","meta":{"footnotes":""},"categories":[504,502,503],"tags":[],"class_list":["post-31134","post","type-post","status-publish","format-standard","has-post-thumbnail","hentry","category-cristianismo","category-espiritualidade","category-umbanda-candomble"],"yoast_head":"<!-- This site is optimized with the Yoast SEO plugin v27.4 - https:\/\/yoast.com\/product\/yoast-seo-wordpress\/ -->\n<title>Sincretismo S\u00e3o Jorge e Ogum - qual rela\u00e7\u00e3o entre S\u00e3o Jorge e Ogum?<\/title>\n<meta name=\"description\" content=\"Conhe\u00e7a e entenda melhor sobre o sincretismo S\u00e3o Jorge e Ogum, saiba a hist\u00f3ria e origem dessas associa\u00e7\u00f5es. Clique e leia mais.\" \/>\n<meta name=\"robots\" content=\"index, follow, max-snippet:-1, max-image-preview:large, max-video-preview:-1\" \/>\n<link rel=\"canonical\" href=\"https:\/\/www.iquilibrio.com\/blog\/espiritualidade\/sao-jorge-sincretismo\/\" \/>\n<meta property=\"og:locale\" content=\"pt_BR\" \/>\n<meta property=\"og:type\" content=\"article\" \/>\n<meta property=\"og:title\" content=\"Sincretismo S\u00e3o Jorge e Ogum - qual rela\u00e7\u00e3o entre S\u00e3o Jorge e Ogum?\" \/>\n<meta property=\"og:description\" content=\"Conhe\u00e7a e entenda melhor sobre o sincretismo S\u00e3o Jorge e Ogum, saiba a hist\u00f3ria e origem dessas associa\u00e7\u00f5es. Clique e leia mais.\" \/>\n<meta property=\"og:url\" content=\"https:\/\/www.iquilibrio.com\/blog\/espiritualidade\/sao-jorge-sincretismo\/\" \/>\n<meta property=\"og:site_name\" content=\"iQuilibrio\" \/>\n<meta property=\"article:publisher\" content=\"https:\/\/www.facebook.com\/iQuilibrio\/\" \/>\n<meta property=\"article:published_time\" content=\"2021-05-06T14:53:44+00:00\" \/>\n<meta property=\"og:image\" content=\"https:\/\/www.iquilibrio.com\/blog\/wp-content\/uploads\/2021\/05\/sincretismo-S\u00e3o-Jorge-e-Ogum.png\" \/>\n\t<meta property=\"og:image:width\" content=\"900\" \/>\n\t<meta property=\"og:image:height\" content=\"560\" \/>\n\t<meta property=\"og:image:type\" content=\"image\/png\" \/>\n<meta name=\"author\" content=\"Reda\u00e7\u00e3o iQuilibrio\" \/>\n<meta name=\"twitter:card\" content=\"summary_large_image\" \/>\n<meta name=\"twitter:creator\" content=\"@iquilibrio\" \/>\n<meta name=\"twitter:site\" content=\"@iquilibrio\" \/>\n<meta name=\"twitter:label1\" content=\"Escrito por\" \/>\n\t<meta name=\"twitter:data1\" content=\"Reda\u00e7\u00e3o iQuilibrio\" \/>\n\t<meta name=\"twitter:label2\" content=\"Est. tempo de leitura\" \/>\n\t<meta name=\"twitter:data2\" content=\"4 minutos\" \/>\n<script type=\"application\/ld+json\" class=\"yoast-schema-graph\">{\"@context\":\"https:\\\/\\\/schema.org\",\"@graph\":[{\"@type\":\"Article\",\"@id\":\"https:\\\/\\\/www.iquilibrio.com\\\/blog\\\/espiritualidade\\\/sao-jorge-sincretismo\\\/#article\",\"isPartOf\":{\"@id\":\"https:\\\/\\\/www.iquilibrio.com\\\/blog\\\/espiritualidade\\\/sao-jorge-sincretismo\\\/\"},\"author\":{\"name\":\"Reda\u00e7\u00e3o iQuilibrio\",\"@id\":\"https:\\\/\\\/www.iquilibrio.com\\\/blog\\\/#\\\/schema\\\/person\\\/199505a1f0db0d00f022188666c75dca\"},\"headline\":\"S\u00e3o Jorge e Ogum &#8211; entenda esse sincretismo religioso!\",\"datePublished\":\"2021-05-06T14:53:44+00:00\",\"mainEntityOfPage\":{\"@id\":\"https:\\\/\\\/www.iquilibrio.com\\\/blog\\\/espiritualidade\\\/sao-jorge-sincretismo\\\/\"},\"wordCount\":893,\"commentCount\":0,\"publisher\":{\"@id\":\"https:\\\/\\\/www.iquilibrio.com\\\/blog\\\/#organization\"},\"image\":{\"@id\":\"https:\\\/\\\/www.iquilibrio.com\\\/blog\\\/espiritualidade\\\/sao-jorge-sincretismo\\\/#primaryimage\"},\"thumbnailUrl\":\"https:\\\/\\\/www.iquilibrio.com\\\/blog\\\/wp-content\\\/uploads\\\/2021\\\/05\\\/sincretismo-S\u00e3o-Jorge-e-Ogum.png\",\"articleSection\":[\"Cristianismo\",\"Espiritualidade\",\"Umbanda e Candombl\u00e9\"],\"inLanguage\":\"pt-BR\"},{\"@type\":\"WebPage\",\"@id\":\"https:\\\/\\\/www.iquilibrio.com\\\/blog\\\/espiritualidade\\\/sao-jorge-sincretismo\\\/\",\"url\":\"https:\\\/\\\/www.iquilibrio.com\\\/blog\\\/espiritualidade\\\/sao-jorge-sincretismo\\\/\",\"name\":\"Sincretismo S\u00e3o Jorge e Ogum - qual rela\u00e7\u00e3o entre S\u00e3o Jorge e Ogum?\",\"isPartOf\":{\"@id\":\"https:\\\/\\\/www.iquilibrio.com\\\/blog\\\/#website\"},\"primaryImageOfPage\":{\"@id\":\"https:\\\/\\\/www.iquilibrio.com\\\/blog\\\/espiritualidade\\\/sao-jorge-sincretismo\\\/#primaryimage\"},\"image\":{\"@id\":\"https:\\\/\\\/www.iquilibrio.com\\\/blog\\\/espiritualidade\\\/sao-jorge-sincretismo\\\/#primaryimage\"},\"thumbnailUrl\":\"https:\\\/\\\/www.iquilibrio.com\\\/blog\\\/wp-content\\\/uploads\\\/2021\\\/05\\\/sincretismo-S\u00e3o-Jorge-e-Ogum.png\",\"datePublished\":\"2021-05-06T14:53:44+00:00\",\"description\":\"Conhe\u00e7a e entenda melhor sobre o sincretismo S\u00e3o Jorge e Ogum, saiba a hist\u00f3ria e origem dessas associa\u00e7\u00f5es. Clique e leia mais.\",\"breadcrumb\":{\"@id\":\"https:\\\/\\\/www.iquilibrio.com\\\/blog\\\/espiritualidade\\\/sao-jorge-sincretismo\\\/#breadcrumb\"},\"inLanguage\":\"pt-BR\",\"potentialAction\":[{\"@type\":\"ReadAction\",\"target\":[\"https:\\\/\\\/www.iquilibrio.com\\\/blog\\\/espiritualidade\\\/sao-jorge-sincretismo\\\/\"]}]},{\"@type\":\"ImageObject\",\"inLanguage\":\"pt-BR\",\"@id\":\"https:\\\/\\\/www.iquilibrio.com\\\/blog\\\/espiritualidade\\\/sao-jorge-sincretismo\\\/#primaryimage\",\"url\":\"https:\\\/\\\/www.iquilibrio.com\\\/blog\\\/wp-content\\\/uploads\\\/2021\\\/05\\\/sincretismo-S\u00e3o-Jorge-e-Ogum.png\",\"contentUrl\":\"https:\\\/\\\/www.iquilibrio.com\\\/blog\\\/wp-content\\\/uploads\\\/2021\\\/05\\\/sincretismo-S\u00e3o-Jorge-e-Ogum.png\",\"width\":900,\"height\":560,\"caption\":\"S\u00e3o Jorge e Ogum\"},{\"@type\":\"BreadcrumbList\",\"@id\":\"https:\\\/\\\/www.iquilibrio.com\\\/blog\\\/espiritualidade\\\/sao-jorge-sincretismo\\\/#breadcrumb\",\"itemListElement\":[{\"@type\":\"ListItem\",\"position\":1,\"name\":\"In\u00edcio\",\"item\":\"https:\\\/\\\/www.iquilibrio.com\\\/blog\\\/\"},{\"@type\":\"ListItem\",\"position\":2,\"name\":\"S\u00e3o Jorge e Ogum &#8211; entenda esse sincretismo religioso!\"}]},{\"@type\":\"WebSite\",\"@id\":\"https:\\\/\\\/www.iquilibrio.com\\\/blog\\\/#website\",\"url\":\"https:\\\/\\\/www.iquilibrio.com\\\/blog\\\/\",\"name\":\"iQuilibrio\",\"description\":\"Blog iQuilibrio\",\"publisher\":{\"@id\":\"https:\\\/\\\/www.iquilibrio.com\\\/blog\\\/#organization\"},\"potentialAction\":[{\"@type\":\"SearchAction\",\"target\":{\"@type\":\"EntryPoint\",\"urlTemplate\":\"https:\\\/\\\/www.iquilibrio.com\\\/blog\\\/?s={search_term_string}\"},\"query-input\":{\"@type\":\"PropertyValueSpecification\",\"valueRequired\":true,\"valueName\":\"search_term_string\"}}],\"inLanguage\":\"pt-BR\"},{\"@type\":\"Organization\",\"@id\":\"https:\\\/\\\/www.iquilibrio.com\\\/blog\\\/#organization\",\"name\":\"Esoterismo, Misticismo e Tarot Online - iQuilibrio\",\"url\":\"https:\\\/\\\/www.iquilibrio.com\\\/blog\\\/\",\"logo\":{\"@type\":\"ImageObject\",\"inLanguage\":\"pt-BR\",\"@id\":\"https:\\\/\\\/www.iquilibrio.com\\\/blog\\\/#\\\/schema\\\/logo\\\/image\\\/\",\"url\":\"https:\\\/\\\/www.iquilibrio.com\\\/blog\\\/wp-content\\\/uploads\\\/2018\\\/12\\\/iquilibrio_lovo_vetor_preto-retina.png\",\"contentUrl\":\"https:\\\/\\\/www.iquilibrio.com\\\/blog\\\/wp-content\\\/uploads\\\/2018\\\/12\\\/iquilibrio_lovo_vetor_preto-retina.png\",\"width\":972,\"height\":180,\"caption\":\"Esoterismo, Misticismo e Tarot Online - iQuilibrio\"},\"image\":{\"@id\":\"https:\\\/\\\/www.iquilibrio.com\\\/blog\\\/#\\\/schema\\\/logo\\\/image\\\/\"},\"sameAs\":[\"https:\\\/\\\/www.facebook.com\\\/iQuilibrio\\\/\",\"https:\\\/\\\/x.com\\\/iquilibrio\",\"https:\\\/\\\/www.instagram.com\\\/iquilibrio\\\/\",\"https:\\\/\\\/www.linkedin.com\\\/company\\\/iquilibrio\\\/\",\"https:\\\/\\\/br.pinterest.com\\\/iquilibrio1397\\\/\",\"https:\\\/\\\/www.youtube.com\\\/channel\\\/UC175qxd-4Zsi4wzawT5zF2g\"]},{\"@type\":\"Person\",\"@id\":\"https:\\\/\\\/www.iquilibrio.com\\\/blog\\\/#\\\/schema\\\/person\\\/199505a1f0db0d00f022188666c75dca\",\"name\":\"Reda\u00e7\u00e3o iQuilibrio\",\"image\":{\"@type\":\"ImageObject\",\"inLanguage\":\"pt-BR\",\"@id\":\"https:\\\/\\\/www.iquilibrio.com\\\/blog\\\/wp-content\\\/uploads\\\/2021\\\/12\\\/Consulta-por-email-3-150x150.png\",\"url\":\"https:\\\/\\\/www.iquilibrio.com\\\/blog\\\/wp-content\\\/uploads\\\/2021\\\/12\\\/Consulta-por-email-3-150x150.png\",\"contentUrl\":\"https:\\\/\\\/www.iquilibrio.com\\\/blog\\\/wp-content\\\/uploads\\\/2021\\\/12\\\/Consulta-por-email-3-150x150.png\",\"caption\":\"Reda\u00e7\u00e3o iQuilibrio\"},\"description\":\"A equipe de reda\u00e7\u00e3o da iQuilibrio \u00e9 composta pelos mais diversos especialistas e esot\u00e9ricos. Al\u00e9m de dominar a arte de traduzir as energias que o universo emana, nossos redatores sentem imenso prazer em trabalhar com palavras. Boa leitura e um \u00f3timo aprendizado!\",\"url\":\"https:\\\/\\\/www.iquilibrio.com\\\/blog\\\/author\\\/juliana\\\/\"}]}<\/script>\n<!-- \/ Yoast SEO plugin. -->","yoast_head_json":{"title":"Sincretismo S\u00e3o Jorge e Ogum - qual rela\u00e7\u00e3o entre S\u00e3o Jorge e Ogum?","description":"Conhe\u00e7a e entenda melhor sobre o sincretismo S\u00e3o Jorge e Ogum, saiba a hist\u00f3ria e origem dessas associa\u00e7\u00f5es. Clique e leia mais.","robots":{"index":"index","follow":"follow","max-snippet":"max-snippet:-1","max-image-preview":"max-image-preview:large","max-video-preview":"max-video-preview:-1"},"canonical":"https:\/\/www.iquilibrio.com\/blog\/espiritualidade\/sao-jorge-sincretismo\/","og_locale":"pt_BR","og_type":"article","og_title":"Sincretismo S\u00e3o Jorge e Ogum - qual rela\u00e7\u00e3o entre S\u00e3o Jorge e Ogum?","og_description":"Conhe\u00e7a e entenda melhor sobre o sincretismo S\u00e3o Jorge e Ogum, saiba a hist\u00f3ria e origem dessas associa\u00e7\u00f5es. Clique e leia mais.","og_url":"https:\/\/www.iquilibrio.com\/blog\/espiritualidade\/sao-jorge-sincretismo\/","og_site_name":"iQuilibrio","article_publisher":"https:\/\/www.facebook.com\/iQuilibrio\/","article_published_time":"2021-05-06T14:53:44+00:00","og_image":[{"width":900,"height":560,"url":"https:\/\/www.iquilibrio.com\/blog\/wp-content\/uploads\/2021\/05\/sincretismo-S\u00e3o-Jorge-e-Ogum.png","type":"image\/png"}],"author":"Reda\u00e7\u00e3o iQuilibrio","twitter_card":"summary_large_image","twitter_creator":"@iquilibrio","twitter_site":"@iquilibrio","twitter_misc":{"Escrito por":"Reda\u00e7\u00e3o iQuilibrio","Est. tempo de leitura":"4 minutos"},"schema":{"@context":"https:\/\/schema.org","@graph":[{"@type":"Article","@id":"https:\/\/www.iquilibrio.com\/blog\/espiritualidade\/sao-jorge-sincretismo\/#article","isPartOf":{"@id":"https:\/\/www.iquilibrio.com\/blog\/espiritualidade\/sao-jorge-sincretismo\/"},"author":{"name":"Reda\u00e7\u00e3o iQuilibrio","@id":"https:\/\/www.iquilibrio.com\/blog\/#\/schema\/person\/199505a1f0db0d00f022188666c75dca"},"headline":"S\u00e3o Jorge e Ogum &#8211; entenda esse sincretismo religioso!","datePublished":"2021-05-06T14:53:44+00:00","mainEntityOfPage":{"@id":"https:\/\/www.iquilibrio.com\/blog\/espiritualidade\/sao-jorge-sincretismo\/"},"wordCount":893,"commentCount":0,"publisher":{"@id":"https:\/\/www.iquilibrio.com\/blog\/#organization"},"image":{"@id":"https:\/\/www.iquilibrio.com\/blog\/espiritualidade\/sao-jorge-sincretismo\/#primaryimage"},"thumbnailUrl":"https:\/\/www.iquilibrio.com\/blog\/wp-content\/uploads\/2021\/05\/sincretismo-S\u00e3o-Jorge-e-Ogum.png","articleSection":["Cristianismo","Espiritualidade","Umbanda e Candombl\u00e9"],"inLanguage":"pt-BR"},{"@type":"WebPage","@id":"https:\/\/www.iquilibrio.com\/blog\/espiritualidade\/sao-jorge-sincretismo\/","url":"https:\/\/www.iquilibrio.com\/blog\/espiritualidade\/sao-jorge-sincretismo\/","name":"Sincretismo S\u00e3o Jorge e Ogum - qual rela\u00e7\u00e3o entre S\u00e3o Jorge e Ogum?","isPartOf":{"@id":"https:\/\/www.iquilibrio.com\/blog\/#website"},"primaryImageOfPage":{"@id":"https:\/\/www.iquilibrio.com\/blog\/espiritualidade\/sao-jorge-sincretismo\/#primaryimage"},"image":{"@id":"https:\/\/www.iquilibrio.com\/blog\/espiritualidade\/sao-jorge-sincretismo\/#primaryimage"},"thumbnailUrl":"https:\/\/www.iquilibrio.com\/blog\/wp-content\/uploads\/2021\/05\/sincretismo-S\u00e3o-Jorge-e-Ogum.png","datePublished":"2021-05-06T14:53:44+00:00","description":"Conhe\u00e7a e entenda melhor sobre o sincretismo S\u00e3o Jorge e Ogum, saiba a hist\u00f3ria e origem dessas associa\u00e7\u00f5es. Clique e leia mais.","breadcrumb":{"@id":"https:\/\/www.iquilibrio.com\/blog\/espiritualidade\/sao-jorge-sincretismo\/#breadcrumb"},"inLanguage":"pt-BR","potentialAction":[{"@type":"ReadAction","target":["https:\/\/www.iquilibrio.com\/blog\/espiritualidade\/sao-jorge-sincretismo\/"]}]},{"@type":"ImageObject","inLanguage":"pt-BR","@id":"https:\/\/www.iquilibrio.com\/blog\/espiritualidade\/sao-jorge-sincretismo\/#primaryimage","url":"https:\/\/www.iquilibrio.com\/blog\/wp-content\/uploads\/2021\/05\/sincretismo-S\u00e3o-Jorge-e-Ogum.png","contentUrl":"https:\/\/www.iquilibrio.com\/blog\/wp-content\/uploads\/2021\/05\/sincretismo-S\u00e3o-Jorge-e-Ogum.png","width":900,"height":560,"caption":"S\u00e3o Jorge e Ogum"},{"@type":"BreadcrumbList","@id":"https:\/\/www.iquilibrio.com\/blog\/espiritualidade\/sao-jorge-sincretismo\/#breadcrumb","itemListElement":[{"@type":"ListItem","position":1,"name":"In\u00edcio","item":"https:\/\/www.iquilibrio.com\/blog\/"},{"@type":"ListItem","position":2,"name":"S\u00e3o Jorge e Ogum &#8211; entenda esse sincretismo religioso!"}]},{"@type":"WebSite","@id":"https:\/\/www.iquilibrio.com\/blog\/#website","url":"https:\/\/www.iquilibrio.com\/blog\/","name":"iQuilibrio","description":"Blog iQuilibrio","publisher":{"@id":"https:\/\/www.iquilibrio.com\/blog\/#organization"},"potentialAction":[{"@type":"SearchAction","target":{"@type":"EntryPoint","urlTemplate":"https:\/\/www.iquilibrio.com\/blog\/?s={search_term_string}"},"query-input":{"@type":"PropertyValueSpecification","valueRequired":true,"valueName":"search_term_string"}}],"inLanguage":"pt-BR"},{"@type":"Organization","@id":"https:\/\/www.iquilibrio.com\/blog\/#organization","name":"Esoterismo, Misticismo e Tarot Online - iQuilibrio","url":"https:\/\/www.iquilibrio.com\/blog\/","logo":{"@type":"ImageObject","inLanguage":"pt-BR","@id":"https:\/\/www.iquilibrio.com\/blog\/#\/schema\/logo\/image\/","url":"https:\/\/www.iquilibrio.com\/blog\/wp-content\/uploads\/2018\/12\/iquilibrio_lovo_vetor_preto-retina.png","contentUrl":"https:\/\/www.iquilibrio.com\/blog\/wp-content\/uploads\/2018\/12\/iquilibrio_lovo_vetor_preto-retina.png","width":972,"height":180,"caption":"Esoterismo, Misticismo e Tarot Online - iQuilibrio"},"image":{"@id":"https:\/\/www.iquilibrio.com\/blog\/#\/schema\/logo\/image\/"},"sameAs":["https:\/\/www.facebook.com\/iQuilibrio\/","https:\/\/x.com\/iquilibrio","https:\/\/www.instagram.com\/iquilibrio\/","https:\/\/www.linkedin.com\/company\/iquilibrio\/","https:\/\/br.pinterest.com\/iquilibrio1397\/","https:\/\/www.youtube.com\/channel\/UC175qxd-4Zsi4wzawT5zF2g"]},{"@type":"Person","@id":"https:\/\/www.iquilibrio.com\/blog\/#\/schema\/person\/199505a1f0db0d00f022188666c75dca","name":"Reda\u00e7\u00e3o iQuilibrio","image":{"@type":"ImageObject","inLanguage":"pt-BR","@id":"https:\/\/www.iquilibrio.com\/blog\/wp-content\/uploads\/2021\/12\/Consulta-por-email-3-150x150.png","url":"https:\/\/www.iquilibrio.com\/blog\/wp-content\/uploads\/2021\/12\/Consulta-por-email-3-150x150.png","contentUrl":"https:\/\/www.iquilibrio.com\/blog\/wp-content\/uploads\/2021\/12\/Consulta-por-email-3-150x150.png","caption":"Reda\u00e7\u00e3o iQuilibrio"},"description":"A equipe de reda\u00e7\u00e3o da iQuilibrio \u00e9 composta pelos mais diversos especialistas e esot\u00e9ricos. Al\u00e9m de dominar a arte de traduzir as energias que o universo emana, nossos redatores sentem imenso prazer em trabalhar com palavras. Boa leitura e um \u00f3timo aprendizado!","url":"https:\/\/www.iquilibrio.com\/blog\/author\/juliana\/"}]}},"_links":{"self":[{"href":"https:\/\/www.iquilibrio.com\/blog\/wp-json\/wp\/v2\/posts\/31134","targetHints":{"allow":["GET"]}}],"collection":[{"href":"https:\/\/www.iquilibrio.com\/blog\/wp-json\/wp\/v2\/posts"}],"about":[{"href":"https:\/\/www.iquilibrio.com\/blog\/wp-json\/wp\/v2\/types\/post"}],"author":[{"embeddable":true,"href":"https:\/\/www.iquilibrio.com\/blog\/wp-json\/wp\/v2\/users\/20"}],"replies":[{"embeddable":true,"href":"https:\/\/www.iquilibrio.com\/blog\/wp-json\/wp\/v2\/comments?post=31134"}],"version-history":[{"count":4,"href":"https:\/\/www.iquilibrio.com\/blog\/wp-json\/wp\/v2\/posts\/31134\/revisions"}],"predecessor-version":[{"id":31138,"href":"https:\/\/www.iquilibrio.com\/blog\/wp-json\/wp\/v2\/posts\/31134\/revisions\/31138"}],"wp:featuredmedia":[{"embeddable":true,"href":"https:\/\/www.iquilibrio.com\/blog\/wp-json\/wp\/v2\/media\/31139"}],"wp:attachment":[{"href":"https:\/\/www.iquilibrio.com\/blog\/wp-json\/wp\/v2\/media?parent=31134"}],"wp:term":[{"taxonomy":"category","embeddable":true,"href":"https:\/\/www.iquilibrio.com\/blog\/wp-json\/wp\/v2\/categories?post=31134"},{"taxonomy":"post_tag","embeddable":true,"href":"https:\/\/www.iquilibrio.com\/blog\/wp-json\/wp\/v2\/tags?post=31134"}],"curies":[{"name":"wp","href":"https:\/\/api.w.org\/{rel}","templated":true}]}}