{"id":30767,"date":"2021-03-20T09:00:03","date_gmt":"2021-03-20T12:00:03","guid":{"rendered":"https:\/\/www.iquilibrio.com\/blog\/?p=30767"},"modified":"2021-03-22T11:34:25","modified_gmt":"2021-03-22T14:34:25","slug":"origem-estacoes-ano","status":"publish","type":"post","link":"https:\/\/www.iquilibrio.com\/blog\/espiritualidade\/origem-estacoes-ano\/","title":{"rendered":"Origem das esta\u00e7\u00f5es do ano &#8211; A lenda das 4 esta\u00e7\u00f5es &#8211; Primavera, Ver\u00e3o, Outono e Inverno"},"content":{"rendered":"<p><span style=\"font-weight: 400;\">Neste artigo vamos falar da origem das esta\u00e7\u00f5es do ano, que tamb\u00e9m \u00e9 conhecido como a lenda das 4 esta\u00e7\u00f5es.<\/span><\/p>\n<p><span style=\"font-weight: 400;\">O Outono possui algumas caracter\u00edsticas que interferem diretamente na nossa rotina, isto \u00e9 os dias ficam mais curtos e mais frescos, a primavera traz cores e flores, o Ver\u00e3o com o calor e o bronzeado e o inverno com a calma, o aconchego. Assim, se forma as quatro esta\u00e7\u00f5es do ano<\/span><\/p>\n<p style=\"text-align: center;\"><a href=\"https:\/\/www.iquilibrio.com\/esotericos\/\"><span class=\"td_btn td_btn_lg td_round_btn class-cta2\">A iQuilibrio pode te ajudar! Entenda qual \u00e9 sua miss\u00e3o nessa jornada de vida. Confira Aqui!<\/span><\/a><\/p>\n<p><span style=\"font-weight: 400;\">Mas para adentrar mesmo na Origem das esta\u00e7\u00f5es do ano vamos ler agora o conto de <em>Robson A. Santos.<\/em><\/span><\/p>\n<h2><span style=\"font-weight: 400;\">Origem das esta\u00e7\u00f5es do ano<\/span><\/h2>\n<h3><span style=\"font-weight: 400;\">A lenda das 4 esta\u00e7\u00f5es &#8211; Primavera, Ver\u00e3o, Outono e Inverno<\/span><\/h3>\n<p><span style=\"font-weight: 400;\">Era uma vez quatro irm\u00e3os: Primavera, Ver\u00e3o, Outono e Inverno. Eles<\/span><span style=\"font-weight: 400;\">\u00a0trabalhavam muito e nem sempre se encontravam. Quando um <\/span><span style=\"font-weight: 400;\">viajava de um lado do mundo, o outro viajava do outro lado. <\/span><\/p>\n<p><span style=\"font-weight: 400;\">Contam as <\/span><span style=\"font-weight: 400;\">lendas que uma vez por ano eles se encontravam para um <\/span><span style=\"font-weight: 400;\">almo\u00e7o em fam\u00edlia com direito a sobremesa e muita m\u00fasica. <\/span><\/p>\n<p><span style=\"font-weight: 400;\">Esta hist\u00f3ria que estamos vendo aconteceu <\/span><span style=\"font-weight: 400;\">no \u00faltimo almo\u00e7o:<\/span><\/p>\n<ul>\n<li><span style=\"font-weight: 400;\">Primavera, como sempre, chegou para o almo\u00e7o toda vestida de flores e <\/span><span style=\"font-weight: 400;\">muito colorida.<\/span><\/li>\n<li><span style=\"font-weight: 400;\">Ver\u00e3o, por sua vez, chegou com \u00f3culos escuros, <\/span><span style=\"font-weight: 400;\">bermuda, camiseta regata e chinelos.<\/span><\/li>\n<li><span style=\"font-weight: 400;\">Outono chegou um tanto quanto <\/span><span style=\"font-weight: 400;\">encolhido, com as ma\u00e7\u00e3s do rosto coradas.<\/span><\/li>\n<\/ul>\n<p><span style=\"font-weight: 400;\">Todos se sentaram esperando <\/span><span style=\"font-weight: 400;\">Inverno, estranhando porque ele nunca se atrasava, por isso se perguntavam &#8220;O que estaria acontecendo com o inverno?&#8221;<\/span><\/p>\n<p><span style=\"font-weight: 400;\">Passou um tempo e eles, muito preocupados, resolveram sair para <\/span><span style=\"font-weight: 400;\">procur\u00e1-lo. Quando sa\u00edram no jardim, l\u00e1 estava Inverno, com um casaco <\/span><span style=\"font-weight: 400;\">cinzento e chorando encolhido em um canto. Foi quando Primavera se aproximou e lhe perguntou:<\/span><\/p>\n<p><span style=\"font-weight: 400;\">\u2013 O que aconteceu?<\/span><\/p>\n<p><span style=\"font-weight: 400;\">\u2013 Quem te machucou? Vou dar um jeito nisso! \u2013 bradou Ver\u00e3o.\u00a0<\/span><\/p>\n<p><span style=\"font-weight: 400;\">\u2013 Tenham calma, vamos ouvir o que nosso irm\u00e3o tem para falar &#8211; prosseguiu a Primavera.<\/span><\/p>\n<p><span style=\"font-weight: 400;\">Secando as l\u00e1grimas com a manga do casaco, contendo o choro, Inverno <\/span><span style=\"font-weight: 400;\">come\u00e7ou a falar:<\/span><\/p>\n<p><span style=\"font-weight: 400;\">\u2013 Estou triste! N\u00e3o deveria ter vindo, n\u00e3o quero estragar o almo\u00e7o.\u00a0<\/span><\/p>\n<p><span style=\"font-weight: 400;\">\u2013 Vamos entrar e l\u00e1 conversaremos melhor. \u2013 disse a Primavera.<\/span><\/p>\n<p><span style=\"font-weight: 400;\">Os irm\u00e3os abra\u00e7aram Inverno e entraram para a sala de jantar. Estavam <\/span><span style=\"font-weight: 400;\">intrigados, pois Inverno sempre chegava animado e sorridente, o que poderia t<\/span><span style=\"font-weight: 400;\">er acontecido? Todos se sentaram ao redor da mesa farta esperando <\/span><span style=\"font-weight: 400;\">que Inverno falasse algo, mas o sil\u00eancio pairava no ar at\u00e9 que, fungando um <\/span><span style=\"font-weight: 400;\">pouco, Inverno come\u00e7ou a falar:<\/span><\/p>\n<p><span style=\"font-weight: 400;\">\u2013 Antes de vir para c\u00e1 passei por v\u00e1rios lugares do mundo e ouvi muita <\/span><span style=\"font-weight: 400;\">gente reclamando na regi\u00e3o onde eu morarei durante um tempo. <\/span><span style=\"font-weight: 400;\">Reclamavam do frio, da tristeza que eu levava nesta \u00e9poca e que n\u00e3o <\/span><span style=\"font-weight: 400;\">permitia que as pessoas vivessem sorrindo como se estivessem no calor <\/span><span style=\"font-weight: 400;\">do Ver\u00e3o. Ningu\u00e9m gosta de mim!<\/span><\/p>\n<p><span style=\"font-weight: 400;\">\u2013 N\u00e3o \u00e9 isso, Inverno, as pessoas sempre reclamam. N\u00e3o ligue para <\/span><span style=\"font-weight: 400;\">isso! &#8211; Disse o Ver\u00e3o<\/span><\/p>\n<p><span style=\"font-weight: 400;\">\u2013 E como n\u00e3o ligar? Todo mundo gosta do seu calor, das flores da <\/span><span style=\"font-weight: 400;\">Primavera e das frutas do Outono. Mas quando eu chego todo mundo se <\/span><span style=\"font-weight: 400;\">esconde e ningu\u00e9m quer saber de mim.<\/span><\/p>\n<p><span style=\"font-weight: 400;\">\u2013 Calma, meu irm\u00e3o \u2013 disse a Primavera \u2013 Cada um de n\u00f3s tem sua <\/span><span style=\"font-weight: 400;\">import\u00e2ncia e todos nos completamos. <strong>Eu chego trazendo cores e flores, <\/strong><\/span><strong>o Ver\u00e3o com o calor e o bronzeado, o Outono com as frutas e voc\u00ea com a calma, o aconchego.\u00a0<\/strong><\/p>\n<p><span style=\"font-weight: 400;\">\u2013 Primavera tem raz\u00e3o, mas quando eu chego com o calor tem sempre <\/span><span style=\"font-weight: 400;\">algu\u00e9m que reclama que est\u00e1 muito quente e chegam at\u00e9 passar mal.<\/span><\/p>\n<p><span style=\"font-weight: 400;\">\u2013 E eu, ent\u00e3o, tem gente que nem gosta de frutas? Passam pelas feiras e <\/span><span style=\"font-weight: 400;\">mercados e n\u00e3o ligam para as frutas madurinhas que ali est\u00e3o. Nem <\/span><span style=\"font-weight: 400;\">olham para os p\u00e9s de frutas nos pomares.<\/span><\/p>\n<p><span style=\"font-weight: 400;\">\u2013 Pois \u00e9, todos voc\u00eas t\u00eam alguma coisa para que as pessoas observem <\/span><span style=\"font-weight: 400;\">ou reclamem e eu? Quando eu chego n\u00e3o trago nada para elas! S\u00f3 o <\/span><span style=\"font-weight: 400;\">frio!<\/span><\/p>\n<p><span style=\"font-weight: 400;\">Os irm\u00e3os se olharam, pois seus argumentos pareciam complicar ainda <\/span><span style=\"font-weight: 400;\">mais a situa\u00e7\u00e3o. N\u00e3o sabiam o que fazer para alegrar o irm\u00e3o que se <\/span><span style=\"font-weight: 400;\">encontrava t\u00e3o desolado. Olhavam um para o outro, para o teto, para o <\/span><span style=\"font-weight: 400;\">ch\u00e3o e de novo um para o outro e n\u00e3o achavam uma resposta.<\/span><\/p>\n<p><span style=\"font-weight: 400;\">Estavam ali quebrando a cabe\u00e7a quando um senhor grisalho entrou na <\/span><span style=\"font-weight: 400;\">sala de jantar, perguntando se poderia come\u00e7ar a servir. Ao olhar para <\/span><span style=\"font-weight: 400;\">Inverno choroso e triste se aproximou dele: <\/span><\/p>\n<p><span style=\"font-weight: 400;\">\u2013 Mestre Inverno, o que <\/span><span style=\"font-weight: 400;\">aconteceu? Por que o senhor est\u00e1 triste? Entrei aqui esperando ouvir sua <\/span><span style=\"font-weight: 400;\">gargalhada ou ver o seu sorriso. <\/span><\/p>\n<p><span style=\"font-weight: 400;\">Inverno se encolheu mais, por\u00e9m, <\/span><span style=\"font-weight: 400;\">olhando para o mordomo, disse: <\/span><\/p>\n<p><span style=\"font-weight: 400;\">\u2013 Amigo Tempo, desculpe se o frustrei, <\/span><span style=\"font-weight: 400;\">mas estou muito triste para sorrir ou gargalhar.<\/span><\/p>\n<p><span style=\"font-weight: 400;\">\u2013 E qual o motivo de tanta tristeza? &#8211; Disse o Senhor.<\/span><\/p>\n<p><span style=\"font-weight: 400;\">Os irm\u00e3os olharam para o mordomo que parecia querer tirar o Inverno daquela <\/span><span style=\"font-weight: 400;\">tristeza, a amizade deles era muito grande. Inverno, pacientemente, <\/span><span style=\"font-weight: 400;\">explicou para Tempo tudo o que o entristecia. Quando terminou, foi a vez <\/span><span style=\"font-weight: 400;\">de Tempo dar uma gargalhada. Os irm\u00e3os acharam que o mordomo <\/span><span style=\"font-weight: 400;\">estava louco e n\u00e3o falaram nada.<\/span><\/p>\n<p><span style=\"font-weight: 400;\">\u2013 Mestre Inverno, pare com isso, n\u00e3o d\u00ea aten\u00e7\u00e3o a coment\u00e1rios <\/span><span style=\"font-weight: 400;\">maldosos de quem n\u00e3o entende o ciclo das esta\u00e7\u00f5es e da vida. Venha <\/span><span style=\"font-weight: 400;\">c\u00e1!<\/span><\/p>\n<p><span style=\"font-weight: 400;\">Dizendo isso, deu um abra\u00e7o apertado em Inverno. O frio do Inverno <\/span><span style=\"font-weight: 400;\">n\u00e3o incomodava Tempo e aos poucos, depois de mais um monte de <\/span><span style=\"font-weight: 400;\">choro, Inverno se acalmou.<\/span><\/p>\n<p><span style=\"font-weight: 400;\">\u2013 Escute, Mestre Inverno, as pessoas que reclamaram n\u00e3o perceberam\u00a0<\/span><span style=\"font-weight: 400;\">que na sua esta\u00e7\u00e3o o calor est\u00e1 muito presente, assim como as cores e <\/span><span style=\"font-weight: 400;\">os sabores, s\u00f3 que de forma diferente das esta\u00e7\u00f5es de seus irm\u00e3os.<\/span><\/p>\n<p><span style=\"font-weight: 400;\">\u2013 Como assim? \u2013 perguntou Inverno. <\/span><\/p>\n<p><span style=\"font-weight: 400;\">\u2013 O calor que aparece no inverno <\/span><span style=\"font-weight: 400;\">vem do cora\u00e7\u00e3o das pessoas que se aproximam mais, se abra\u00e7am mais <\/span><span style=\"font-weight: 400;\">e com isso se aquecem. <\/span><span style=\"font-weight: 400;\">Vem do fogo aceso que faz com que as pessoas fiquem mais perto entre a<\/span>s cores est\u00e3o presentes nas roupas que as pessoas vestem, <span style=\"font-weight: 400;\">tornando-as mais elegantes. E os sabores est\u00e3o presentes nas sopas, <\/span><span style=\"font-weight: 400;\">nos pratos deliciosos que as pessoas preparam. Como voc\u00ea pode ver, <\/span><span style=\"font-weight: 400;\">Mestre Inverno, quando voc\u00ea chega tudo muda realmente, mas para <\/span><span style=\"font-weight: 400;\">melhor.<\/span><\/p>\n<p><span style=\"font-weight: 400;\">Um sorriso se abriu no rosto de Inverno, acompanhado de sorrisos dos <\/span><span style=\"font-weight: 400;\">irm\u00e3os. Todos olhavam para Tempo lembrando que o melhor mestre \u00e9 o <\/span><span style=\"font-weight: 400;\">tempo, que s\u00f3 ele pode ensinar aquilo que outros n\u00e3o conseguem. <\/span>A humildade de Tempo era sua maior qualidade, tanto \u00e9 que ele nunca quis ser mais do que o mordomo nas reuni\u00f5es dos irm\u00e3os.<\/p>\n<p><span style=\"font-weight: 400;\"> Mais uma vez, Tempo foi <\/span><span style=\"font-weight: 400;\">at\u00e9 Inverno dando-lhe um grande abra\u00e7o. Os irm\u00e3os se levantaram e <\/span><span style=\"font-weight: 400;\">todos juntos abra\u00e7aram Inverno e Tempo, fazendo com que toda a <\/span><span style=\"font-weight: 400;\">tristeza fosse embora, no aconchego daquele abra\u00e7o, na alegria do <\/span><span style=\"font-weight: 400;\">contato e no calor de quem se ama.<\/span><\/p>\n<p><span style=\"font-weight: 400;\">Quando perceberam o significado e a origem das esta\u00e7\u00f5es do ano, o abra\u00e7o demorou um pouco e quando voltaram para seus lugares os <\/span><span style=\"font-weight: 400;\">sorrisos haviam aumentado e todos, como se nada tivesse entristecido <\/span><span style=\"font-weight: 400;\">os irm\u00e3os, come\u00e7aram a conversar. Tempo come\u00e7ou a servir o almo\u00e7o e, <\/span><span style=\"font-weight: 400;\">depois de satisfeitos, todos sentaram ao redor da lareira e cada um <\/span><span style=\"font-weight: 400;\">come\u00e7ou a contar uma hist\u00f3ria. <\/span><\/p>\n<p><span style=\"font-weight: 400;\">Inverno percebeu que al\u00e9m de trazer <\/span><span style=\"font-weight: 400;\">aconchego e tudo aquilo que Tempo falou, trazia tamb\u00e9m o prazer de <\/span><span style=\"font-weight: 400;\">contar hist\u00f3rias ao redor do fogo!<\/span><\/p>\n<p>Voc\u00ea pode conferir outros artigos, al\u00e9m da Origem das esta\u00e7\u00f5es do ano, voltado para o seu bem-estar:<\/p>\n<ul>\n<li><a href=\"https:\/\/www.iquilibrio.com\/blog\/simpatias\/banhos\/solsticio-de-inverno-heloisa\/\">Banhos poderosos para o Solst\u00edcio de Inverno;<\/a><\/li>\n<li><a href=\"https:\/\/www.iquilibrio.com\/blog\/simpatias\/sorte\/solsticio-verao\/\">Solst\u00edcio de Ver\u00e3o e o Significado M\u00edstico;<\/a><\/li>\n<li><a href=\"https:\/\/www.iquilibrio.com\/blog\/simpatias\/simpatias-de-outono\/\">Energia poderosas para o seu Outono;<\/a><\/li>\n<li><a href=\"https:\/\/www.iquilibrio.com\/blog\/simpatias\/primavera-renovacao-vida\/\">Entenda profundamente o significado da Primavera<\/a>.<\/li>\n<\/ul>\n<p style=\"text-align: center;\"><a href=\"https:\/\/www.iquilibrio.com\/esotericos\/vanessa\/\"><span class=\"td_btn td_btn_lg td_round_btn class-cta2\">Confira Aqui o Atendimento Especializado da Consultora Vanessa!<\/span><\/a><\/p>\n<h2><span id=\"Saiba_um_pouco_mais_sobre_a_consultora_Vanessa_Sensitiva\"><img loading=\"lazy\" decoding=\"async\" class=\"size-full wp-image-20410 alignleft td-animation-stack-type0-2 lazyloaded\" src=\"https:\/\/cdn.shortpixel.ai\/client\/to_webp,q_glossy,ret_img,w_100,h_100\/https:\/\/www.iquilibrio.com\/blog\/wp-content\/uploads\/2018\/10\/vanessa.jpg\" alt=\"\" width=\"100\" height=\"100\" data-src=\"https:\/\/cdn.shortpixel.ai\/client\/to_webp,q_glossy,ret_img,w_100,h_100\/https:\/\/www.iquilibrio.com\/blog\/wp-content\/uploads\/2018\/10\/vanessa.jpg\" \/>Saiba um pouco mais sobre a consultora Vanessa Sensitiva<\/span><\/h2>\n<p>Umbandista e com uma forte sensitividade, a consultora Vanessa atende h\u00e1 mais de 12 anos com o aux\u00edlio dos or\u00e1culos. Ela \u00e9 especialista em cartas tanto de Tarot como do Baralho Cigano, atende causas para abertura de caminhos, previs\u00f5es amorosas, vida financeira e muitos outros. Ela pode tamb\u00e9m te indicar banhos e simpatias que ajudar\u00e3o a atingir os objetivos do que \u00e9 melhor em sua vida. Quer agendar ou fazer uma consulta agora?\u00a0<a href=\"https:\/\/www.iquilibrio.com\/esotericos\/vanessa\/\"><span class=\"class-texto-consultas\">Ent\u00e3o clique aqui<\/span><\/a>\u00a0e conhe\u00e7a mais sobre a Vanessa!<\/p>\n\n\n<div class=\"kk-star-ratings kksr-auto kksr-align-left kksr-valign-bottom\"\n    data-payload='{&quot;align&quot;:&quot;left&quot;,&quot;id&quot;:&quot;30767&quot;,&quot;slug&quot;:&quot;default&quot;,&quot;valign&quot;:&quot;bottom&quot;,&quot;ignore&quot;:&quot;&quot;,&quot;reference&quot;:&quot;auto&quot;,&quot;class&quot;:&quot;&quot;,&quot;count&quot;:&quot;1&quot;,&quot;legendonly&quot;:&quot;&quot;,&quot;readonly&quot;:&quot;&quot;,&quot;score&quot;:&quot;1&quot;,&quot;starsonly&quot;:&quot;&quot;,&quot;best&quot;:&quot;5&quot;,&quot;gap&quot;:&quot;5&quot;,&quot;greet&quot;:&quot;Rate this post&quot;,&quot;legend&quot;:&quot;1\\\/5 - (1 voto)&quot;,&quot;size&quot;:&quot;24&quot;,&quot;title&quot;:&quot;Origem das esta\u00e7\u00f5es do ano - A lenda das 4 esta\u00e7\u00f5es - Primavera, Ver\u00e3o, Outono e Inverno&quot;,&quot;width&quot;:&quot;26.5&quot;,&quot;_legend&quot;:&quot;{score}\\\/{best} - ({count} {votes})&quot;,&quot;font_factor&quot;:&quot;1.25&quot;}'>\n            \n<div class=\"kksr-stars\">\n    \n<div class=\"kksr-stars-inactive\">\n            <div class=\"kksr-star\" data-star=\"1\" style=\"padding-right: 5px\">\n            \n\n<div class=\"kksr-icon\" style=\"width: 24px; height: 24px;\"><\/div>\n        <\/div>\n            <div class=\"kksr-star\" data-star=\"2\" style=\"padding-right: 5px\">\n            \n\n<div class=\"kksr-icon\" style=\"width: 24px; height: 24px;\"><\/div>\n        <\/div>\n            <div class=\"kksr-star\" data-star=\"3\" style=\"padding-right: 5px\">\n            \n\n<div class=\"kksr-icon\" style=\"width: 24px; height: 24px;\"><\/div>\n        <\/div>\n            <div class=\"kksr-star\" data-star=\"4\" style=\"padding-right: 5px\">\n            \n\n<div class=\"kksr-icon\" style=\"width: 24px; height: 24px;\"><\/div>\n        <\/div>\n            <div class=\"kksr-star\" data-star=\"5\" style=\"padding-right: 5px\">\n            \n\n<div class=\"kksr-icon\" style=\"width: 24px; height: 24px;\"><\/div>\n        <\/div>\n    <\/div>\n    \n<div class=\"kksr-stars-active\" style=\"width: 26.5px;\">\n            <div class=\"kksr-star\" style=\"padding-right: 5px\">\n            \n\n<div class=\"kksr-icon\" style=\"width: 24px; height: 24px;\"><\/div>\n        <\/div>\n            <div class=\"kksr-star\" style=\"padding-right: 5px\">\n            \n\n<div class=\"kksr-icon\" style=\"width: 24px; height: 24px;\"><\/div>\n        <\/div>\n            <div class=\"kksr-star\" style=\"padding-right: 5px\">\n            \n\n<div class=\"kksr-icon\" style=\"width: 24px; height: 24px;\"><\/div>\n        <\/div>\n            <div class=\"kksr-star\" style=\"padding-right: 5px\">\n            \n\n<div class=\"kksr-icon\" style=\"width: 24px; height: 24px;\"><\/div>\n        <\/div>\n            <div class=\"kksr-star\" style=\"padding-right: 5px\">\n            \n\n<div class=\"kksr-icon\" style=\"width: 24px; height: 24px;\"><\/div>\n        <\/div>\n    <\/div>\n<\/div>\n                \n\n<div class=\"kksr-legend\" style=\"font-size: 19.2px;\">\n            1\/5 - (1 voto)    <\/div>\n    <\/div>\n","protected":false},"excerpt":{"rendered":"<p>Neste artigo vamos falar da origem das esta\u00e7\u00f5es do ano, que tamb\u00e9m \u00e9 conhecido como a lenda das 4 esta\u00e7\u00f5es. O Outono possui algumas caracter\u00edsticas que interferem diretamente na nossa rotina, isto \u00e9 os dias ficam mais curtos e mais frescos, a primavera traz cores e flores, o Ver\u00e3o com o calor e o bronzeado [&hellip;]<\/p>\n","protected":false},"author":20,"featured_media":30774,"comment_status":"open","ping_status":"open","sticky":false,"template":"","format":"standard","meta":{"footnotes":""},"categories":[502],"tags":[],"class_list":["post-30767","post","type-post","status-publish","format-standard","has-post-thumbnail","hentry","category-espiritualidade"],"yoast_head":"<!-- This site is optimized with the Yoast SEO plugin v27.4 - https:\/\/yoast.com\/product\/yoast-seo-wordpress\/ -->\n<title>Origem das esta\u00e7\u00f5es do ano - a lenda das 4 esta\u00e7\u00f5es<\/title>\n<meta name=\"description\" content=\"Voc\u00ea conhece a lenda que conta sobre a origem das esta\u00e7\u00f5es do ano? \u00c9 sobre isso que vamos falar nesse artigo! Entenda a importancia das esta\u00e7\u00f5es!\" \/>\n<meta name=\"robots\" content=\"index, follow, max-snippet:-1, max-image-preview:large, max-video-preview:-1\" \/>\n<link rel=\"canonical\" href=\"https:\/\/www.iquilibrio.com\/blog\/espiritualidade\/origem-estacoes-ano\/\" \/>\n<meta property=\"og:locale\" content=\"pt_BR\" \/>\n<meta property=\"og:type\" content=\"article\" \/>\n<meta property=\"og:title\" content=\"Origem das esta\u00e7\u00f5es do ano - a lenda das 4 esta\u00e7\u00f5es\" \/>\n<meta property=\"og:description\" content=\"Voc\u00ea conhece a lenda que conta sobre a origem das esta\u00e7\u00f5es do ano? \u00c9 sobre isso que vamos falar nesse artigo! Entenda a importancia das esta\u00e7\u00f5es!\" \/>\n<meta property=\"og:url\" content=\"https:\/\/www.iquilibrio.com\/blog\/espiritualidade\/origem-estacoes-ano\/\" \/>\n<meta property=\"og:site_name\" content=\"iQuilibrio\" \/>\n<meta property=\"article:publisher\" content=\"https:\/\/www.facebook.com\/iQuilibrio\/\" \/>\n<meta property=\"article:published_time\" content=\"2021-03-20T12:00:03+00:00\" \/>\n<meta property=\"article:modified_time\" content=\"2021-03-22T14:34:25+00:00\" \/>\n<meta property=\"og:image\" content=\"https:\/\/www.iquilibrio.com\/blog\/wp-content\/uploads\/2021\/03\/bigstock-Four-Seasons-697020.jpg\" \/>\n\t<meta property=\"og:image:width\" content=\"1068\" \/>\n\t<meta property=\"og:image:height\" content=\"801\" \/>\n\t<meta property=\"og:image:type\" content=\"image\/jpeg\" \/>\n<meta name=\"author\" content=\"Reda\u00e7\u00e3o iQuilibrio\" \/>\n<meta name=\"twitter:card\" content=\"summary_large_image\" \/>\n<meta name=\"twitter:creator\" content=\"@iquilibrio\" \/>\n<meta name=\"twitter:site\" content=\"@iquilibrio\" \/>\n<meta name=\"twitter:label1\" content=\"Escrito por\" \/>\n\t<meta name=\"twitter:data1\" content=\"Reda\u00e7\u00e3o iQuilibrio\" \/>\n\t<meta name=\"twitter:label2\" content=\"Est. tempo de leitura\" \/>\n\t<meta name=\"twitter:data2\" content=\"7 minutos\" \/>\n<script type=\"application\/ld+json\" class=\"yoast-schema-graph\">{\"@context\":\"https:\\\/\\\/schema.org\",\"@graph\":[{\"@type\":\"Article\",\"@id\":\"https:\\\/\\\/www.iquilibrio.com\\\/blog\\\/espiritualidade\\\/origem-estacoes-ano\\\/#article\",\"isPartOf\":{\"@id\":\"https:\\\/\\\/www.iquilibrio.com\\\/blog\\\/espiritualidade\\\/origem-estacoes-ano\\\/\"},\"author\":{\"name\":\"Reda\u00e7\u00e3o iQuilibrio\",\"@id\":\"https:\\\/\\\/www.iquilibrio.com\\\/blog\\\/#\\\/schema\\\/person\\\/199505a1f0db0d00f022188666c75dca\"},\"headline\":\"Origem das esta\u00e7\u00f5es do ano &#8211; A lenda das 4 esta\u00e7\u00f5es &#8211; Primavera, Ver\u00e3o, Outono e Inverno\",\"datePublished\":\"2021-03-20T12:00:03+00:00\",\"dateModified\":\"2021-03-22T14:34:25+00:00\",\"mainEntityOfPage\":{\"@id\":\"https:\\\/\\\/www.iquilibrio.com\\\/blog\\\/espiritualidade\\\/origem-estacoes-ano\\\/\"},\"wordCount\":1446,\"commentCount\":0,\"publisher\":{\"@id\":\"https:\\\/\\\/www.iquilibrio.com\\\/blog\\\/#organization\"},\"image\":{\"@id\":\"https:\\\/\\\/www.iquilibrio.com\\\/blog\\\/espiritualidade\\\/origem-estacoes-ano\\\/#primaryimage\"},\"thumbnailUrl\":\"https:\\\/\\\/www.iquilibrio.com\\\/blog\\\/wp-content\\\/uploads\\\/2021\\\/03\\\/bigstock-Four-Seasons-697020.jpg\",\"articleSection\":[\"Espiritualidade\"],\"inLanguage\":\"pt-BR\"},{\"@type\":\"WebPage\",\"@id\":\"https:\\\/\\\/www.iquilibrio.com\\\/blog\\\/espiritualidade\\\/origem-estacoes-ano\\\/\",\"url\":\"https:\\\/\\\/www.iquilibrio.com\\\/blog\\\/espiritualidade\\\/origem-estacoes-ano\\\/\",\"name\":\"Origem das esta\u00e7\u00f5es do ano - a lenda das 4 esta\u00e7\u00f5es\",\"isPartOf\":{\"@id\":\"https:\\\/\\\/www.iquilibrio.com\\\/blog\\\/#website\"},\"primaryImageOfPage\":{\"@id\":\"https:\\\/\\\/www.iquilibrio.com\\\/blog\\\/espiritualidade\\\/origem-estacoes-ano\\\/#primaryimage\"},\"image\":{\"@id\":\"https:\\\/\\\/www.iquilibrio.com\\\/blog\\\/espiritualidade\\\/origem-estacoes-ano\\\/#primaryimage\"},\"thumbnailUrl\":\"https:\\\/\\\/www.iquilibrio.com\\\/blog\\\/wp-content\\\/uploads\\\/2021\\\/03\\\/bigstock-Four-Seasons-697020.jpg\",\"datePublished\":\"2021-03-20T12:00:03+00:00\",\"dateModified\":\"2021-03-22T14:34:25+00:00\",\"description\":\"Voc\u00ea conhece a lenda que conta sobre a origem das esta\u00e7\u00f5es do ano? \u00c9 sobre isso que vamos falar nesse artigo! Entenda a importancia das esta\u00e7\u00f5es!\",\"breadcrumb\":{\"@id\":\"https:\\\/\\\/www.iquilibrio.com\\\/blog\\\/espiritualidade\\\/origem-estacoes-ano\\\/#breadcrumb\"},\"inLanguage\":\"pt-BR\",\"potentialAction\":[{\"@type\":\"ReadAction\",\"target\":[\"https:\\\/\\\/www.iquilibrio.com\\\/blog\\\/espiritualidade\\\/origem-estacoes-ano\\\/\"]}]},{\"@type\":\"ImageObject\",\"inLanguage\":\"pt-BR\",\"@id\":\"https:\\\/\\\/www.iquilibrio.com\\\/blog\\\/espiritualidade\\\/origem-estacoes-ano\\\/#primaryimage\",\"url\":\"https:\\\/\\\/www.iquilibrio.com\\\/blog\\\/wp-content\\\/uploads\\\/2021\\\/03\\\/bigstock-Four-Seasons-697020.jpg\",\"contentUrl\":\"https:\\\/\\\/www.iquilibrio.com\\\/blog\\\/wp-content\\\/uploads\\\/2021\\\/03\\\/bigstock-Four-Seasons-697020.jpg\",\"width\":1068,\"height\":801,\"caption\":\"4 esta\u00e7\u00f5es do ano\"},{\"@type\":\"BreadcrumbList\",\"@id\":\"https:\\\/\\\/www.iquilibrio.com\\\/blog\\\/espiritualidade\\\/origem-estacoes-ano\\\/#breadcrumb\",\"itemListElement\":[{\"@type\":\"ListItem\",\"position\":1,\"name\":\"In\u00edcio\",\"item\":\"https:\\\/\\\/www.iquilibrio.com\\\/blog\\\/\"},{\"@type\":\"ListItem\",\"position\":2,\"name\":\"Origem das esta\u00e7\u00f5es do ano &#8211; A lenda das 4 esta\u00e7\u00f5es &#8211; Primavera, Ver\u00e3o, Outono e Inverno\"}]},{\"@type\":\"WebSite\",\"@id\":\"https:\\\/\\\/www.iquilibrio.com\\\/blog\\\/#website\",\"url\":\"https:\\\/\\\/www.iquilibrio.com\\\/blog\\\/\",\"name\":\"iQuilibrio\",\"description\":\"Blog iQuilibrio\",\"publisher\":{\"@id\":\"https:\\\/\\\/www.iquilibrio.com\\\/blog\\\/#organization\"},\"potentialAction\":[{\"@type\":\"SearchAction\",\"target\":{\"@type\":\"EntryPoint\",\"urlTemplate\":\"https:\\\/\\\/www.iquilibrio.com\\\/blog\\\/?s={search_term_string}\"},\"query-input\":{\"@type\":\"PropertyValueSpecification\",\"valueRequired\":true,\"valueName\":\"search_term_string\"}}],\"inLanguage\":\"pt-BR\"},{\"@type\":\"Organization\",\"@id\":\"https:\\\/\\\/www.iquilibrio.com\\\/blog\\\/#organization\",\"name\":\"Esoterismo, Misticismo e Tarot Online - iQuilibrio\",\"url\":\"https:\\\/\\\/www.iquilibrio.com\\\/blog\\\/\",\"logo\":{\"@type\":\"ImageObject\",\"inLanguage\":\"pt-BR\",\"@id\":\"https:\\\/\\\/www.iquilibrio.com\\\/blog\\\/#\\\/schema\\\/logo\\\/image\\\/\",\"url\":\"https:\\\/\\\/www.iquilibrio.com\\\/blog\\\/wp-content\\\/uploads\\\/2018\\\/12\\\/iquilibrio_lovo_vetor_preto-retina.png\",\"contentUrl\":\"https:\\\/\\\/www.iquilibrio.com\\\/blog\\\/wp-content\\\/uploads\\\/2018\\\/12\\\/iquilibrio_lovo_vetor_preto-retina.png\",\"width\":972,\"height\":180,\"caption\":\"Esoterismo, Misticismo e Tarot Online - iQuilibrio\"},\"image\":{\"@id\":\"https:\\\/\\\/www.iquilibrio.com\\\/blog\\\/#\\\/schema\\\/logo\\\/image\\\/\"},\"sameAs\":[\"https:\\\/\\\/www.facebook.com\\\/iQuilibrio\\\/\",\"https:\\\/\\\/x.com\\\/iquilibrio\",\"https:\\\/\\\/www.instagram.com\\\/iquilibrio\\\/\",\"https:\\\/\\\/www.linkedin.com\\\/company\\\/iquilibrio\\\/\",\"https:\\\/\\\/br.pinterest.com\\\/iquilibrio1397\\\/\",\"https:\\\/\\\/www.youtube.com\\\/channel\\\/UC175qxd-4Zsi4wzawT5zF2g\"]},{\"@type\":\"Person\",\"@id\":\"https:\\\/\\\/www.iquilibrio.com\\\/blog\\\/#\\\/schema\\\/person\\\/199505a1f0db0d00f022188666c75dca\",\"name\":\"Reda\u00e7\u00e3o iQuilibrio\",\"image\":{\"@type\":\"ImageObject\",\"inLanguage\":\"pt-BR\",\"@id\":\"https:\\\/\\\/www.iquilibrio.com\\\/blog\\\/wp-content\\\/uploads\\\/2021\\\/12\\\/Consulta-por-email-3-150x150.png\",\"url\":\"https:\\\/\\\/www.iquilibrio.com\\\/blog\\\/wp-content\\\/uploads\\\/2021\\\/12\\\/Consulta-por-email-3-150x150.png\",\"contentUrl\":\"https:\\\/\\\/www.iquilibrio.com\\\/blog\\\/wp-content\\\/uploads\\\/2021\\\/12\\\/Consulta-por-email-3-150x150.png\",\"caption\":\"Reda\u00e7\u00e3o iQuilibrio\"},\"description\":\"A equipe de reda\u00e7\u00e3o da iQuilibrio \u00e9 composta pelos mais diversos especialistas e esot\u00e9ricos. Al\u00e9m de dominar a arte de traduzir as energias que o universo emana, nossos redatores sentem imenso prazer em trabalhar com palavras. Boa leitura e um \u00f3timo aprendizado!\",\"url\":\"https:\\\/\\\/www.iquilibrio.com\\\/blog\\\/author\\\/juliana\\\/\"}]}<\/script>\n<!-- \/ Yoast SEO plugin. -->","yoast_head_json":{"title":"Origem das esta\u00e7\u00f5es do ano - a lenda das 4 esta\u00e7\u00f5es","description":"Voc\u00ea conhece a lenda que conta sobre a origem das esta\u00e7\u00f5es do ano? \u00c9 sobre isso que vamos falar nesse artigo! Entenda a importancia das esta\u00e7\u00f5es!","robots":{"index":"index","follow":"follow","max-snippet":"max-snippet:-1","max-image-preview":"max-image-preview:large","max-video-preview":"max-video-preview:-1"},"canonical":"https:\/\/www.iquilibrio.com\/blog\/espiritualidade\/origem-estacoes-ano\/","og_locale":"pt_BR","og_type":"article","og_title":"Origem das esta\u00e7\u00f5es do ano - a lenda das 4 esta\u00e7\u00f5es","og_description":"Voc\u00ea conhece a lenda que conta sobre a origem das esta\u00e7\u00f5es do ano? \u00c9 sobre isso que vamos falar nesse artigo! Entenda a importancia das esta\u00e7\u00f5es!","og_url":"https:\/\/www.iquilibrio.com\/blog\/espiritualidade\/origem-estacoes-ano\/","og_site_name":"iQuilibrio","article_publisher":"https:\/\/www.facebook.com\/iQuilibrio\/","article_published_time":"2021-03-20T12:00:03+00:00","article_modified_time":"2021-03-22T14:34:25+00:00","og_image":[{"width":1068,"height":801,"url":"https:\/\/www.iquilibrio.com\/blog\/wp-content\/uploads\/2021\/03\/bigstock-Four-Seasons-697020.jpg","type":"image\/jpeg"}],"author":"Reda\u00e7\u00e3o iQuilibrio","twitter_card":"summary_large_image","twitter_creator":"@iquilibrio","twitter_site":"@iquilibrio","twitter_misc":{"Escrito por":"Reda\u00e7\u00e3o iQuilibrio","Est. tempo de leitura":"7 minutos"},"schema":{"@context":"https:\/\/schema.org","@graph":[{"@type":"Article","@id":"https:\/\/www.iquilibrio.com\/blog\/espiritualidade\/origem-estacoes-ano\/#article","isPartOf":{"@id":"https:\/\/www.iquilibrio.com\/blog\/espiritualidade\/origem-estacoes-ano\/"},"author":{"name":"Reda\u00e7\u00e3o iQuilibrio","@id":"https:\/\/www.iquilibrio.com\/blog\/#\/schema\/person\/199505a1f0db0d00f022188666c75dca"},"headline":"Origem das esta\u00e7\u00f5es do ano &#8211; A lenda das 4 esta\u00e7\u00f5es &#8211; Primavera, Ver\u00e3o, Outono e Inverno","datePublished":"2021-03-20T12:00:03+00:00","dateModified":"2021-03-22T14:34:25+00:00","mainEntityOfPage":{"@id":"https:\/\/www.iquilibrio.com\/blog\/espiritualidade\/origem-estacoes-ano\/"},"wordCount":1446,"commentCount":0,"publisher":{"@id":"https:\/\/www.iquilibrio.com\/blog\/#organization"},"image":{"@id":"https:\/\/www.iquilibrio.com\/blog\/espiritualidade\/origem-estacoes-ano\/#primaryimage"},"thumbnailUrl":"https:\/\/www.iquilibrio.com\/blog\/wp-content\/uploads\/2021\/03\/bigstock-Four-Seasons-697020.jpg","articleSection":["Espiritualidade"],"inLanguage":"pt-BR"},{"@type":"WebPage","@id":"https:\/\/www.iquilibrio.com\/blog\/espiritualidade\/origem-estacoes-ano\/","url":"https:\/\/www.iquilibrio.com\/blog\/espiritualidade\/origem-estacoes-ano\/","name":"Origem das esta\u00e7\u00f5es do ano - a lenda das 4 esta\u00e7\u00f5es","isPartOf":{"@id":"https:\/\/www.iquilibrio.com\/blog\/#website"},"primaryImageOfPage":{"@id":"https:\/\/www.iquilibrio.com\/blog\/espiritualidade\/origem-estacoes-ano\/#primaryimage"},"image":{"@id":"https:\/\/www.iquilibrio.com\/blog\/espiritualidade\/origem-estacoes-ano\/#primaryimage"},"thumbnailUrl":"https:\/\/www.iquilibrio.com\/blog\/wp-content\/uploads\/2021\/03\/bigstock-Four-Seasons-697020.jpg","datePublished":"2021-03-20T12:00:03+00:00","dateModified":"2021-03-22T14:34:25+00:00","description":"Voc\u00ea conhece a lenda que conta sobre a origem das esta\u00e7\u00f5es do ano? \u00c9 sobre isso que vamos falar nesse artigo! Entenda a importancia das esta\u00e7\u00f5es!","breadcrumb":{"@id":"https:\/\/www.iquilibrio.com\/blog\/espiritualidade\/origem-estacoes-ano\/#breadcrumb"},"inLanguage":"pt-BR","potentialAction":[{"@type":"ReadAction","target":["https:\/\/www.iquilibrio.com\/blog\/espiritualidade\/origem-estacoes-ano\/"]}]},{"@type":"ImageObject","inLanguage":"pt-BR","@id":"https:\/\/www.iquilibrio.com\/blog\/espiritualidade\/origem-estacoes-ano\/#primaryimage","url":"https:\/\/www.iquilibrio.com\/blog\/wp-content\/uploads\/2021\/03\/bigstock-Four-Seasons-697020.jpg","contentUrl":"https:\/\/www.iquilibrio.com\/blog\/wp-content\/uploads\/2021\/03\/bigstock-Four-Seasons-697020.jpg","width":1068,"height":801,"caption":"4 esta\u00e7\u00f5es do ano"},{"@type":"BreadcrumbList","@id":"https:\/\/www.iquilibrio.com\/blog\/espiritualidade\/origem-estacoes-ano\/#breadcrumb","itemListElement":[{"@type":"ListItem","position":1,"name":"In\u00edcio","item":"https:\/\/www.iquilibrio.com\/blog\/"},{"@type":"ListItem","position":2,"name":"Origem das esta\u00e7\u00f5es do ano &#8211; A lenda das 4 esta\u00e7\u00f5es &#8211; Primavera, Ver\u00e3o, Outono e Inverno"}]},{"@type":"WebSite","@id":"https:\/\/www.iquilibrio.com\/blog\/#website","url":"https:\/\/www.iquilibrio.com\/blog\/","name":"iQuilibrio","description":"Blog iQuilibrio","publisher":{"@id":"https:\/\/www.iquilibrio.com\/blog\/#organization"},"potentialAction":[{"@type":"SearchAction","target":{"@type":"EntryPoint","urlTemplate":"https:\/\/www.iquilibrio.com\/blog\/?s={search_term_string}"},"query-input":{"@type":"PropertyValueSpecification","valueRequired":true,"valueName":"search_term_string"}}],"inLanguage":"pt-BR"},{"@type":"Organization","@id":"https:\/\/www.iquilibrio.com\/blog\/#organization","name":"Esoterismo, Misticismo e Tarot Online - iQuilibrio","url":"https:\/\/www.iquilibrio.com\/blog\/","logo":{"@type":"ImageObject","inLanguage":"pt-BR","@id":"https:\/\/www.iquilibrio.com\/blog\/#\/schema\/logo\/image\/","url":"https:\/\/www.iquilibrio.com\/blog\/wp-content\/uploads\/2018\/12\/iquilibrio_lovo_vetor_preto-retina.png","contentUrl":"https:\/\/www.iquilibrio.com\/blog\/wp-content\/uploads\/2018\/12\/iquilibrio_lovo_vetor_preto-retina.png","width":972,"height":180,"caption":"Esoterismo, Misticismo e Tarot Online - iQuilibrio"},"image":{"@id":"https:\/\/www.iquilibrio.com\/blog\/#\/schema\/logo\/image\/"},"sameAs":["https:\/\/www.facebook.com\/iQuilibrio\/","https:\/\/x.com\/iquilibrio","https:\/\/www.instagram.com\/iquilibrio\/","https:\/\/www.linkedin.com\/company\/iquilibrio\/","https:\/\/br.pinterest.com\/iquilibrio1397\/","https:\/\/www.youtube.com\/channel\/UC175qxd-4Zsi4wzawT5zF2g"]},{"@type":"Person","@id":"https:\/\/www.iquilibrio.com\/blog\/#\/schema\/person\/199505a1f0db0d00f022188666c75dca","name":"Reda\u00e7\u00e3o iQuilibrio","image":{"@type":"ImageObject","inLanguage":"pt-BR","@id":"https:\/\/www.iquilibrio.com\/blog\/wp-content\/uploads\/2021\/12\/Consulta-por-email-3-150x150.png","url":"https:\/\/www.iquilibrio.com\/blog\/wp-content\/uploads\/2021\/12\/Consulta-por-email-3-150x150.png","contentUrl":"https:\/\/www.iquilibrio.com\/blog\/wp-content\/uploads\/2021\/12\/Consulta-por-email-3-150x150.png","caption":"Reda\u00e7\u00e3o iQuilibrio"},"description":"A equipe de reda\u00e7\u00e3o da iQuilibrio \u00e9 composta pelos mais diversos especialistas e esot\u00e9ricos. Al\u00e9m de dominar a arte de traduzir as energias que o universo emana, nossos redatores sentem imenso prazer em trabalhar com palavras. Boa leitura e um \u00f3timo aprendizado!","url":"https:\/\/www.iquilibrio.com\/blog\/author\/juliana\/"}]}},"_links":{"self":[{"href":"https:\/\/www.iquilibrio.com\/blog\/wp-json\/wp\/v2\/posts\/30767","targetHints":{"allow":["GET"]}}],"collection":[{"href":"https:\/\/www.iquilibrio.com\/blog\/wp-json\/wp\/v2\/posts"}],"about":[{"href":"https:\/\/www.iquilibrio.com\/blog\/wp-json\/wp\/v2\/types\/post"}],"author":[{"embeddable":true,"href":"https:\/\/www.iquilibrio.com\/blog\/wp-json\/wp\/v2\/users\/20"}],"replies":[{"embeddable":true,"href":"https:\/\/www.iquilibrio.com\/blog\/wp-json\/wp\/v2\/comments?post=30767"}],"version-history":[{"count":7,"href":"https:\/\/www.iquilibrio.com\/blog\/wp-json\/wp\/v2\/posts\/30767\/revisions"}],"predecessor-version":[{"id":30776,"href":"https:\/\/www.iquilibrio.com\/blog\/wp-json\/wp\/v2\/posts\/30767\/revisions\/30776"}],"wp:featuredmedia":[{"embeddable":true,"href":"https:\/\/www.iquilibrio.com\/blog\/wp-json\/wp\/v2\/media\/30774"}],"wp:attachment":[{"href":"https:\/\/www.iquilibrio.com\/blog\/wp-json\/wp\/v2\/media?parent=30767"}],"wp:term":[{"taxonomy":"category","embeddable":true,"href":"https:\/\/www.iquilibrio.com\/blog\/wp-json\/wp\/v2\/categories?post=30767"},{"taxonomy":"post_tag","embeddable":true,"href":"https:\/\/www.iquilibrio.com\/blog\/wp-json\/wp\/v2\/tags?post=30767"}],"curies":[{"name":"wp","href":"https:\/\/api.w.org\/{rel}","templated":true}]}}