{"id":30680,"date":"2021-03-01T18:35:02","date_gmt":"2021-03-01T21:35:02","guid":{"rendered":"https:\/\/www.iquilibrio.com\/blog\/?p=30680"},"modified":"2021-03-01T18:35:02","modified_gmt":"2021-03-01T21:35:02","slug":"reconexao-com-a-essencia","status":"publish","type":"post","link":"https:\/\/www.iquilibrio.com\/blog\/bem-estar\/autoconhecimento\/reconexao-com-a-essencia\/","title":{"rendered":"7 sinais que voc\u00ea precisa de reconectar com sua ess\u00eancia"},"content":{"rendered":"<p><span style=\"font-weight: 400;\">Voc\u00ea j\u00e1 pensou maneiras de ter <strong>reconex\u00e3o com a ess\u00eancia<\/strong>? De se livrar de todos os pensamentos, m\u00e1goas e todos os erros que te desanimam em acreditar em voc\u00ea? Eu sei que sempre estamos vivendo e insistindo em evoluir, porque no fundo sabemos que apesar das etapas sombrias que passamos, a vida \u00e9 bela demais para n\u00e3o ser vivida intensamente. <\/span><\/p>\n<p><span style=\"font-weight: 400;\">Assim, hoje esse artigo \u00e9 especialmente para voc\u00ea saber e aprender 7 passos muito simples que te ajudar\u00e1 a se conectar com sua ess\u00eancia, e consequentemente te ajudar\u00e1 muito em alguns desafios que voc\u00ea encontrar\u00e1 em torno de sua vida.<\/span><\/p>\n<h2>SE ENCONTRAR<\/h2>\n<p><span style=\"font-weight: 400;\">Encontros e desencontros fazem parte da vida e s\u00f3 sabe se encontrar quem antes j\u00e1 se perdeu. Sempre que eu me encontro perdido, eu paro e agrade\u00e7o \u00e0 b\u00ean\u00e7\u00e3o do encontro consigo mesmo. E ali eu me vejo renovado, t\u00e3o forte quanto eu fui um dia. E \u00e9 assim, Vivendo, lutando, vencendo e aprendendo que a gente se perde e se encontra quantas vezes for necess\u00e1rio. Planejamos, sonhamos, mas um mapa n\u00e3o \u00e9 um territ\u00f3rio e nessa estrada longa do viver, muitas coisas se perdem por\u00e9m a \u00fanica perda que se reencontra \u00e9 voc\u00ea mesma. Sendo assim, bem aventurados os que andaram a se perder pois deles ser\u00e1 o reino das novas descobertas.\u00a0<\/span><\/p>\n<h2><span style=\"font-weight: 400;\">SE EQUILIBRAR<\/span><\/h2>\n<p><span style=\"font-weight: 400;\">Vivendo e percorrendo essas tantas estradas e mares da vida, quantas vezes n\u00e3o sofremos diversos abalos que compromete a nossa estrutura e n\u00f3s, balan\u00e7amos&#8230;? N\u00e3o se contam as vezes. As crises nos relacionamentos e os relacionamentos que chegam ao fim, parece que tira o ch\u00e3o de debaixo dos nossos p\u00e9s. As demiss\u00f5es, os neg\u00f3cios que parecem n\u00e3o prosperar, as portas fechadas j\u00e1 tem tempo, n\u00e9? Isso nos abala. Perder um ente querido, estamos passando por uma pandemia e muitas pessoas queridas foram perdidas. Um cen\u00e1rio de caos e terror. N\u00f3s balan\u00e7amos, ca\u00edmos, quantas vezes n\u00e3o pensastes em desistir? S\u00f3 voc\u00ea sabe o que voc\u00ea tem enfrentado. Mas quando o mundo cai ao seu redor, o segredo do equil\u00edbrio da nossa mentalidade \u00e9 a esperan\u00e7a. Quando as ondas forem altas demais, assustadoras, mergulhe o mais fundo que puder, deixe as pessoas pensar o que quiserem. &#8220;Agora n\u00e3o deu para ela.&#8221; &#8220;Agora ele n\u00e3o vai escapar&#8221;. E ao fim da tempestade, quando a onda gigante passar, surpreenda. Apare\u00e7a! Busca teu equil\u00edbrio no teu sonho e o revista de esperan\u00e7a! Se n\u00e3o foi dessa vez, vai ser na pr\u00f3xima, ou na pr\u00f3xima da pr\u00f3xima. Venha o que viver, mas nunca perca a esperan\u00e7a! Eis o verdadeiro equil\u00edbrio.\u00a0<\/span><\/p>\n<h2><span style=\"font-weight: 400;\">Se (RE)CONSTRUIR\u00a0<\/span><\/h2>\n<p><span style=\"font-weight: 400;\">Dentre as 78 cartas de Tarot, h\u00e1 os arcanos maiores e nesse t\u00f3pico eu parei para refletir sobre A Torre, a carta 16 dentre os Arcanos Maiores. Sempre assimilam essa carta ao conceito da destrui\u00e7\u00e3o e ru\u00edna. Eu prefiro edificar a esperan\u00e7a em meio as pedras e ru\u00ednas que ficaram e entender essa carta com os olhos de um gracioso Mestre de Cabala que muito compartilhou comigo no come\u00e7o de minha jornada, e ele dizia: &#8221; O momento da reconstru\u00e7\u00e3o s\u00f3 \u00e9 poss\u00edvel depois do momento da destrui\u00e7\u00e3o. &#8221; As destrui\u00e7\u00f5es pelas quais passamos na vida \u00e9 a pr\u00f3pria vida a nos dar oportunidades em nos reconstruirmos mais fortes, melhores, mais firmes. Se reconstruir exige tempo e paci\u00eancia mas passe o tempo que passar, vale a pena, pois vai te levar a se conectar com o melhor de si. <\/span><\/p>\n<h2>SEJA FORTE<\/h2>\n<p><span style=\"font-weight: 400;\">Independente do momento que estejas a experimentar na vida, ser forte ou n\u00e3o \u00e9 uma op\u00e7\u00e3o. Acredite! Voc\u00ea pode escolher enfrentar bravamente, ou n\u00e3o. Meu conselho \u00e9 que sejas FORTE! Sempre forte. Nunca permita que nenhuma situa\u00e7\u00e3o desdenha de si e te fa\u00e7a inferior, limitando a for\u00e7a que tens. Honrar a sua for\u00e7a, mesmo naqueles momentos que parece n\u00e3o te restar for\u00e7a alguma \u00e9 uma maneira de honrar a tua ess\u00eancia pois h\u00e1 for\u00e7a at\u00e9 na fraqueza. <\/span><\/p>\n<h2>SEJA ESPECIAL<\/h2>\n<p><span style=\"font-weight: 400;\">H\u00e1 uma devida press\u00e3o social e midi\u00e1tica sobre sermos diferentes, fazer a diferem, estourar a bolha e coisas do tipo. Em uma sociedade moldada nas redes sociais onde casualmente somos iludidos sobre influ\u00eancia somos levados a ser influenciados por devidos padr\u00f5es\u00a0 que tentam nos enquadrar, emoldurar, limitar e essa conflu\u00eancia social nos leva a nos desconectarmos de nossa ess\u00eancia e diante disso, sair um pouco desse meio, assimilar que o segredo para que sejas especial \u00e9 a simplicidade de ser quem realmente voc\u00ea \u00e9. Assumir sua verdadeira identidade de ser quem tu \u00e9s de verdade \u00e9 a melhor forma de ser especial e isso te leva ao \u00e2mago de tua pr\u00f3pria ess\u00eancia. <\/span><\/p>\n<h2>SEJA PLENITUDE<\/h2>\n<p><span style=\"font-weight: 400;\">Onde quer que voc\u00ea esteja agora, seja plenitude. N\u00e3o fa\u00e7as o teu lar em lugares onde n\u00e3o tens a liberdade de ser a tua pr\u00f3pria plenitude. Vou ser mais claro, n\u00e3o se permita estar em um relacionamento que te oprime e n\u00e3o d\u00e1 a voc\u00ea a liberdade de ser completude, plenitude, abundante. Se est\u00e1s num relacionamento, seja amoroso, seja profissional e pessoal onde n\u00e3o tens a liberdade de ser completude, isso \u00e9 ind\u00edcio que mais a frente sentir\u00e1s falta de algo. Falta de si. E isso nos arrasta a situa\u00e7\u00f5es onde perdemos a conex\u00e3o com nossa ess\u00eancia.\u00a0<\/span><\/p>\n<h2><span style=\"font-weight: 400;\">AME-SE\u00a0<\/span><\/h2>\n<p><span style=\"font-weight: 400;\">O Amor pr\u00f3prio \u00e9 um b\u00e1lsamo poderoso que cura as feridas abertas na nossa caminhada pela vida e pelo mundo, mas tamb\u00e9m \u00e9 o b\u00e1lsamo que nos previne de feridas futuras. O Amor pr\u00f3prio \u00e9 o que vai libertar voc\u00ea de caminhos que te levariam a\u00a0 uma futura decep\u00e7\u00e3o amorosa, uma frustra\u00e7\u00e3o pessoal, pois tudo o que acontece e se manifesta na vida vai sendo projetado no cotidiano e nos revelando em silhuetas vislumbres do que vem a seguir. As vezes, por car\u00eancia, falta de amor pr\u00f3prio acabamos ignorando esses sinais. O Amor pr\u00f3prio vai te conduzir a lugares, rela\u00e7\u00f5es e pessoas que tem amor a ser compartilhado. Por qu\u00ea te amas e cuidas de ti n\u00e3o te permitir\u00e1s estar em um lugar ou ao lado de algu\u00e9m que n\u00e3o tem amor por ti. Por se amar demais s\u00f3 se permitir\u00e1s estar onde se tem amor.\u00a0<\/span><\/p>\n<p><span style=\"font-weight: 400;\">Eis sete recursos pessoais a te levar a se conectar consigo quando tudo ao seu redor for sombrio demais.\u00a0<\/span><\/p>\n<p><span style=\"font-weight: 400;\">SE ENCONTRAR. SE EQUILIBRAR. SE (RE)CONSTRUIR. SEJA FORTE. SEJA ESPECIAL. SEJA PLENITUDE. SEJA O SEU AMOR PR\u00d3PRIO.\u00a0<\/span><\/p>\n<p><span style=\"font-weight: 400;\">Grave essas palavras como um selo, num di\u00e1rio e leve-as consigo deixando-as viver intensamente em voc\u00ea e atrav\u00e9s de voc\u00ea.<\/span><\/p>\n<h2><span id=\"Conheca_um_pouco_mais_sobre_o_consultor_Davi_Martins\"><img loading=\"lazy\" decoding=\"async\" class=\"size-full wp-image-27731 alignleft td-animation-stack-type0-2 lazyloaded\" src=\"https:\/\/cdn.shortpixel.ai\/client\/to_webp,q_glossy,ret_img,w_150,h_150\/https:\/\/www.iquilibrio.com\/blog\/wp-content\/uploads\/2019\/08\/davi.jpg\" alt=\"\" width=\"150\" height=\"150\" data-src=\"https:\/\/cdn.shortpixel.ai\/client\/to_webp,q_glossy,ret_img,w_150,h_150\/https:\/\/www.iquilibrio.com\/blog\/wp-content\/uploads\/2019\/08\/davi.jpg\" \/>Conhe\u00e7a um pouco mais sobre o consultor Davi Martins<\/span><\/h2>\n<p>N\u00e3o tenha medo das dificuldades que apontam em sua vida, por meio do esoterismo e terapia hol\u00edstica irei te ajudar a superar as barreiras em seu caminho, a estrada do autoconhecimento \u00e9 trilhada com ac\u00famulo de conhecimento, e n\u00f3s iremos juntos entender qual o melhor trajeto para que voc\u00ea encontre a sua felicidade. Para falar comigo,\u00a0<a href=\"https:\/\/www.iquilibrio.com\/esotericos\/davi\/\"><span class=\"class-texto-consultor\">basta clicar aqui!<\/span><\/a><\/p>\n<p><a href=\"https:\/\/www.iquilibrio.com\/esotericos\/davi\/\"><span class=\"td_btn td_btn_lg td_round_btn class-cta2\">Confira Aqui os Produtos e Atendimentos Especializados do Consultor Davi\u00a0<\/span><\/a><\/p>\n<p>&nbsp;<\/p>\n\n\n<div class=\"kk-star-ratings kksr-auto kksr-align-left kksr-valign-bottom\"\n    data-payload='{&quot;align&quot;:&quot;left&quot;,&quot;id&quot;:&quot;30680&quot;,&quot;slug&quot;:&quot;default&quot;,&quot;valign&quot;:&quot;bottom&quot;,&quot;ignore&quot;:&quot;&quot;,&quot;reference&quot;:&quot;auto&quot;,&quot;class&quot;:&quot;&quot;,&quot;count&quot;:&quot;0&quot;,&quot;legendonly&quot;:&quot;&quot;,&quot;readonly&quot;:&quot;&quot;,&quot;score&quot;:&quot;0&quot;,&quot;starsonly&quot;:&quot;&quot;,&quot;best&quot;:&quot;5&quot;,&quot;gap&quot;:&quot;5&quot;,&quot;greet&quot;:&quot;Rate this post&quot;,&quot;legend&quot;:&quot;0\\\/5 - (0 voto)&quot;,&quot;size&quot;:&quot;24&quot;,&quot;title&quot;:&quot;7 sinais que voc\u00ea precisa de reconectar com sua ess\u00eancia&quot;,&quot;width&quot;:&quot;0&quot;,&quot;_legend&quot;:&quot;{score}\\\/{best} - ({count} {votes})&quot;,&quot;font_factor&quot;:&quot;1.25&quot;}'>\n            \n<div class=\"kksr-stars\">\n    \n<div class=\"kksr-stars-inactive\">\n            <div class=\"kksr-star\" data-star=\"1\" style=\"padding-right: 5px\">\n            \n\n<div class=\"kksr-icon\" style=\"width: 24px; height: 24px;\"><\/div>\n        <\/div>\n            <div class=\"kksr-star\" data-star=\"2\" style=\"padding-right: 5px\">\n            \n\n<div class=\"kksr-icon\" style=\"width: 24px; height: 24px;\"><\/div>\n        <\/div>\n            <div class=\"kksr-star\" data-star=\"3\" style=\"padding-right: 5px\">\n            \n\n<div class=\"kksr-icon\" style=\"width: 24px; height: 24px;\"><\/div>\n        <\/div>\n            <div class=\"kksr-star\" data-star=\"4\" style=\"padding-right: 5px\">\n            \n\n<div class=\"kksr-icon\" style=\"width: 24px; height: 24px;\"><\/div>\n        <\/div>\n            <div class=\"kksr-star\" data-star=\"5\" style=\"padding-right: 5px\">\n            \n\n<div class=\"kksr-icon\" style=\"width: 24px; height: 24px;\"><\/div>\n        <\/div>\n    <\/div>\n    \n<div class=\"kksr-stars-active\" style=\"width: 0px;\">\n            <div class=\"kksr-star\" style=\"padding-right: 5px\">\n            \n\n<div class=\"kksr-icon\" style=\"width: 24px; height: 24px;\"><\/div>\n        <\/div>\n            <div class=\"kksr-star\" style=\"padding-right: 5px\">\n            \n\n<div class=\"kksr-icon\" style=\"width: 24px; height: 24px;\"><\/div>\n        <\/div>\n            <div class=\"kksr-star\" style=\"padding-right: 5px\">\n            \n\n<div class=\"kksr-icon\" style=\"width: 24px; height: 24px;\"><\/div>\n        <\/div>\n            <div class=\"kksr-star\" style=\"padding-right: 5px\">\n            \n\n<div class=\"kksr-icon\" style=\"width: 24px; height: 24px;\"><\/div>\n        <\/div>\n            <div class=\"kksr-star\" style=\"padding-right: 5px\">\n            \n\n<div class=\"kksr-icon\" style=\"width: 24px; height: 24px;\"><\/div>\n        <\/div>\n    <\/div>\n<\/div>\n                \n\n<div class=\"kksr-legend\" style=\"font-size: 19.2px;\">\n            <span class=\"kksr-muted\">Rate this post<\/span>\n    <\/div>\n    <\/div>\n","protected":false},"excerpt":{"rendered":"<p>Voc\u00ea j\u00e1 pensou maneiras de ter reconex\u00e3o com a ess\u00eancia? De se livrar de todos os pensamentos, m\u00e1goas e todos os erros que te desanimam em acreditar em voc\u00ea? Eu sei que sempre estamos vivendo e insistindo em evoluir, porque no fundo sabemos que apesar das etapas sombrias que passamos, a vida \u00e9 bela demais [&hellip;]<\/p>\n","protected":false},"author":20,"featured_media":30684,"comment_status":"open","ping_status":"open","sticky":false,"template":"","format":"standard","meta":{"footnotes":""},"categories":[623,592],"tags":[],"class_list":["post-30680","post","type-post","status-publish","format-standard","has-post-thumbnail","hentry","category-autoconhecimento","category-bem-estar"],"yoast_head":"<!-- This site is optimized with the Yoast SEO plugin v27.4 - https:\/\/yoast.com\/product\/yoast-seo-wordpress\/ -->\n<title>Ess\u00eancia Interior - Saiba Como Ter Reconex\u00e3o com a Sua Ess\u00eancia<\/title>\n<meta name=\"description\" content=\"&quot;Grave essas palavras como um selo, em um di\u00e1rio e leve-as consigo deixando-as viver intensamente em voc\u00ea&quot;, Leia e Se Conecte com Sua Ess\u00eancia!\" \/>\n<meta name=\"robots\" content=\"index, follow, max-snippet:-1, max-image-preview:large, max-video-preview:-1\" \/>\n<link rel=\"canonical\" href=\"https:\/\/www.iquilibrio.com\/blog\/bem-estar\/autoconhecimento\/reconexao-com-a-essencia\/\" \/>\n<meta property=\"og:locale\" content=\"pt_BR\" \/>\n<meta property=\"og:type\" content=\"article\" \/>\n<meta property=\"og:title\" content=\"Ess\u00eancia Interior - Saiba Como Ter Reconex\u00e3o com a Sua Ess\u00eancia\" \/>\n<meta property=\"og:description\" content=\"&quot;Grave essas palavras como um selo, em um di\u00e1rio e leve-as consigo deixando-as viver intensamente em voc\u00ea&quot;, Leia e Se Conecte com Sua Ess\u00eancia!\" \/>\n<meta property=\"og:url\" content=\"https:\/\/www.iquilibrio.com\/blog\/bem-estar\/autoconhecimento\/reconexao-com-a-essencia\/\" \/>\n<meta property=\"og:site_name\" content=\"iQuilibrio\" \/>\n<meta property=\"article:publisher\" content=\"https:\/\/www.facebook.com\/iQuilibrio\/\" \/>\n<meta property=\"article:published_time\" content=\"2021-03-01T21:35:02+00:00\" \/>\n<meta property=\"og:image\" content=\"https:\/\/www.iquilibrio.com\/blog\/wp-content\/uploads\/2021\/03\/ess\u00eancia-interior.png\" \/>\n\t<meta property=\"og:image:width\" content=\"900\" \/>\n\t<meta property=\"og:image:height\" content=\"560\" \/>\n\t<meta property=\"og:image:type\" content=\"image\/png\" \/>\n<meta name=\"author\" content=\"Reda\u00e7\u00e3o iQuilibrio\" \/>\n<meta name=\"twitter:card\" content=\"summary_large_image\" \/>\n<meta name=\"twitter:creator\" content=\"@iquilibrio\" \/>\n<meta name=\"twitter:site\" content=\"@iquilibrio\" \/>\n<meta name=\"twitter:label1\" content=\"Escrito por\" \/>\n\t<meta name=\"twitter:data1\" content=\"Reda\u00e7\u00e3o iQuilibrio\" \/>\n\t<meta name=\"twitter:label2\" content=\"Est. tempo de leitura\" \/>\n\t<meta name=\"twitter:data2\" content=\"6 minutos\" \/>\n<script type=\"application\/ld+json\" class=\"yoast-schema-graph\">{\"@context\":\"https:\\\/\\\/schema.org\",\"@graph\":[{\"@type\":\"Article\",\"@id\":\"https:\\\/\\\/www.iquilibrio.com\\\/blog\\\/bem-estar\\\/autoconhecimento\\\/reconexao-com-a-essencia\\\/#article\",\"isPartOf\":{\"@id\":\"https:\\\/\\\/www.iquilibrio.com\\\/blog\\\/bem-estar\\\/autoconhecimento\\\/reconexao-com-a-essencia\\\/\"},\"author\":{\"name\":\"Reda\u00e7\u00e3o iQuilibrio\",\"@id\":\"https:\\\/\\\/www.iquilibrio.com\\\/blog\\\/#\\\/schema\\\/person\\\/199505a1f0db0d00f022188666c75dca\"},\"headline\":\"7 sinais que voc\u00ea precisa de reconectar com sua ess\u00eancia\",\"datePublished\":\"2021-03-01T21:35:02+00:00\",\"mainEntityOfPage\":{\"@id\":\"https:\\\/\\\/www.iquilibrio.com\\\/blog\\\/bem-estar\\\/autoconhecimento\\\/reconexao-com-a-essencia\\\/\"},\"wordCount\":1231,\"commentCount\":0,\"publisher\":{\"@id\":\"https:\\\/\\\/www.iquilibrio.com\\\/blog\\\/#organization\"},\"image\":{\"@id\":\"https:\\\/\\\/www.iquilibrio.com\\\/blog\\\/bem-estar\\\/autoconhecimento\\\/reconexao-com-a-essencia\\\/#primaryimage\"},\"thumbnailUrl\":\"https:\\\/\\\/www.iquilibrio.com\\\/blog\\\/wp-content\\\/uploads\\\/2021\\\/03\\\/ess\u00eancia-interior.png\",\"articleSection\":[\"Autoconhecimento\",\"Dicas de Bem-Estar\"],\"inLanguage\":\"pt-BR\"},{\"@type\":\"WebPage\",\"@id\":\"https:\\\/\\\/www.iquilibrio.com\\\/blog\\\/bem-estar\\\/autoconhecimento\\\/reconexao-com-a-essencia\\\/\",\"url\":\"https:\\\/\\\/www.iquilibrio.com\\\/blog\\\/bem-estar\\\/autoconhecimento\\\/reconexao-com-a-essencia\\\/\",\"name\":\"Ess\u00eancia Interior - Saiba Como Ter Reconex\u00e3o com a Sua Ess\u00eancia\",\"isPartOf\":{\"@id\":\"https:\\\/\\\/www.iquilibrio.com\\\/blog\\\/#website\"},\"primaryImageOfPage\":{\"@id\":\"https:\\\/\\\/www.iquilibrio.com\\\/blog\\\/bem-estar\\\/autoconhecimento\\\/reconexao-com-a-essencia\\\/#primaryimage\"},\"image\":{\"@id\":\"https:\\\/\\\/www.iquilibrio.com\\\/blog\\\/bem-estar\\\/autoconhecimento\\\/reconexao-com-a-essencia\\\/#primaryimage\"},\"thumbnailUrl\":\"https:\\\/\\\/www.iquilibrio.com\\\/blog\\\/wp-content\\\/uploads\\\/2021\\\/03\\\/ess\u00eancia-interior.png\",\"datePublished\":\"2021-03-01T21:35:02+00:00\",\"description\":\"\\\"Grave essas palavras como um selo, em um di\u00e1rio e leve-as consigo deixando-as viver intensamente em voc\u00ea\\\", Leia e Se Conecte com Sua Ess\u00eancia!\",\"breadcrumb\":{\"@id\":\"https:\\\/\\\/www.iquilibrio.com\\\/blog\\\/bem-estar\\\/autoconhecimento\\\/reconexao-com-a-essencia\\\/#breadcrumb\"},\"inLanguage\":\"pt-BR\",\"potentialAction\":[{\"@type\":\"ReadAction\",\"target\":[\"https:\\\/\\\/www.iquilibrio.com\\\/blog\\\/bem-estar\\\/autoconhecimento\\\/reconexao-com-a-essencia\\\/\"]}]},{\"@type\":\"ImageObject\",\"inLanguage\":\"pt-BR\",\"@id\":\"https:\\\/\\\/www.iquilibrio.com\\\/blog\\\/bem-estar\\\/autoconhecimento\\\/reconexao-com-a-essencia\\\/#primaryimage\",\"url\":\"https:\\\/\\\/www.iquilibrio.com\\\/blog\\\/wp-content\\\/uploads\\\/2021\\\/03\\\/ess\u00eancia-interior.png\",\"contentUrl\":\"https:\\\/\\\/www.iquilibrio.com\\\/blog\\\/wp-content\\\/uploads\\\/2021\\\/03\\\/ess\u00eancia-interior.png\",\"width\":900,\"height\":560},{\"@type\":\"BreadcrumbList\",\"@id\":\"https:\\\/\\\/www.iquilibrio.com\\\/blog\\\/bem-estar\\\/autoconhecimento\\\/reconexao-com-a-essencia\\\/#breadcrumb\",\"itemListElement\":[{\"@type\":\"ListItem\",\"position\":1,\"name\":\"In\u00edcio\",\"item\":\"https:\\\/\\\/www.iquilibrio.com\\\/blog\\\/\"},{\"@type\":\"ListItem\",\"position\":2,\"name\":\"7 sinais que voc\u00ea precisa de reconectar com sua ess\u00eancia\"}]},{\"@type\":\"WebSite\",\"@id\":\"https:\\\/\\\/www.iquilibrio.com\\\/blog\\\/#website\",\"url\":\"https:\\\/\\\/www.iquilibrio.com\\\/blog\\\/\",\"name\":\"iQuilibrio\",\"description\":\"Blog iQuilibrio\",\"publisher\":{\"@id\":\"https:\\\/\\\/www.iquilibrio.com\\\/blog\\\/#organization\"},\"potentialAction\":[{\"@type\":\"SearchAction\",\"target\":{\"@type\":\"EntryPoint\",\"urlTemplate\":\"https:\\\/\\\/www.iquilibrio.com\\\/blog\\\/?s={search_term_string}\"},\"query-input\":{\"@type\":\"PropertyValueSpecification\",\"valueRequired\":true,\"valueName\":\"search_term_string\"}}],\"inLanguage\":\"pt-BR\"},{\"@type\":\"Organization\",\"@id\":\"https:\\\/\\\/www.iquilibrio.com\\\/blog\\\/#organization\",\"name\":\"Esoterismo, Misticismo e Tarot Online - iQuilibrio\",\"url\":\"https:\\\/\\\/www.iquilibrio.com\\\/blog\\\/\",\"logo\":{\"@type\":\"ImageObject\",\"inLanguage\":\"pt-BR\",\"@id\":\"https:\\\/\\\/www.iquilibrio.com\\\/blog\\\/#\\\/schema\\\/logo\\\/image\\\/\",\"url\":\"https:\\\/\\\/www.iquilibrio.com\\\/blog\\\/wp-content\\\/uploads\\\/2018\\\/12\\\/iquilibrio_lovo_vetor_preto-retina.png\",\"contentUrl\":\"https:\\\/\\\/www.iquilibrio.com\\\/blog\\\/wp-content\\\/uploads\\\/2018\\\/12\\\/iquilibrio_lovo_vetor_preto-retina.png\",\"width\":972,\"height\":180,\"caption\":\"Esoterismo, Misticismo e Tarot Online - iQuilibrio\"},\"image\":{\"@id\":\"https:\\\/\\\/www.iquilibrio.com\\\/blog\\\/#\\\/schema\\\/logo\\\/image\\\/\"},\"sameAs\":[\"https:\\\/\\\/www.facebook.com\\\/iQuilibrio\\\/\",\"https:\\\/\\\/x.com\\\/iquilibrio\",\"https:\\\/\\\/www.instagram.com\\\/iquilibrio\\\/\",\"https:\\\/\\\/www.linkedin.com\\\/company\\\/iquilibrio\\\/\",\"https:\\\/\\\/br.pinterest.com\\\/iquilibrio1397\\\/\",\"https:\\\/\\\/www.youtube.com\\\/channel\\\/UC175qxd-4Zsi4wzawT5zF2g\"]},{\"@type\":\"Person\",\"@id\":\"https:\\\/\\\/www.iquilibrio.com\\\/blog\\\/#\\\/schema\\\/person\\\/199505a1f0db0d00f022188666c75dca\",\"name\":\"Reda\u00e7\u00e3o iQuilibrio\",\"image\":{\"@type\":\"ImageObject\",\"inLanguage\":\"pt-BR\",\"@id\":\"https:\\\/\\\/www.iquilibrio.com\\\/blog\\\/wp-content\\\/uploads\\\/2021\\\/12\\\/Consulta-por-email-3-150x150.png\",\"url\":\"https:\\\/\\\/www.iquilibrio.com\\\/blog\\\/wp-content\\\/uploads\\\/2021\\\/12\\\/Consulta-por-email-3-150x150.png\",\"contentUrl\":\"https:\\\/\\\/www.iquilibrio.com\\\/blog\\\/wp-content\\\/uploads\\\/2021\\\/12\\\/Consulta-por-email-3-150x150.png\",\"caption\":\"Reda\u00e7\u00e3o iQuilibrio\"},\"description\":\"A equipe de reda\u00e7\u00e3o da iQuilibrio \u00e9 composta pelos mais diversos especialistas e esot\u00e9ricos. Al\u00e9m de dominar a arte de traduzir as energias que o universo emana, nossos redatores sentem imenso prazer em trabalhar com palavras. Boa leitura e um \u00f3timo aprendizado!\",\"url\":\"https:\\\/\\\/www.iquilibrio.com\\\/blog\\\/author\\\/juliana\\\/\"}]}<\/script>\n<!-- \/ Yoast SEO plugin. -->","yoast_head_json":{"title":"Ess\u00eancia Interior - Saiba Como Ter Reconex\u00e3o com a Sua Ess\u00eancia","description":"\"Grave essas palavras como um selo, em um di\u00e1rio e leve-as consigo deixando-as viver intensamente em voc\u00ea\", Leia e Se Conecte com Sua Ess\u00eancia!","robots":{"index":"index","follow":"follow","max-snippet":"max-snippet:-1","max-image-preview":"max-image-preview:large","max-video-preview":"max-video-preview:-1"},"canonical":"https:\/\/www.iquilibrio.com\/blog\/bem-estar\/autoconhecimento\/reconexao-com-a-essencia\/","og_locale":"pt_BR","og_type":"article","og_title":"Ess\u00eancia Interior - Saiba Como Ter Reconex\u00e3o com a Sua Ess\u00eancia","og_description":"\"Grave essas palavras como um selo, em um di\u00e1rio e leve-as consigo deixando-as viver intensamente em voc\u00ea\", Leia e Se Conecte com Sua Ess\u00eancia!","og_url":"https:\/\/www.iquilibrio.com\/blog\/bem-estar\/autoconhecimento\/reconexao-com-a-essencia\/","og_site_name":"iQuilibrio","article_publisher":"https:\/\/www.facebook.com\/iQuilibrio\/","article_published_time":"2021-03-01T21:35:02+00:00","og_image":[{"width":900,"height":560,"url":"https:\/\/www.iquilibrio.com\/blog\/wp-content\/uploads\/2021\/03\/ess\u00eancia-interior.png","type":"image\/png"}],"author":"Reda\u00e7\u00e3o iQuilibrio","twitter_card":"summary_large_image","twitter_creator":"@iquilibrio","twitter_site":"@iquilibrio","twitter_misc":{"Escrito por":"Reda\u00e7\u00e3o iQuilibrio","Est. tempo de leitura":"6 minutos"},"schema":{"@context":"https:\/\/schema.org","@graph":[{"@type":"Article","@id":"https:\/\/www.iquilibrio.com\/blog\/bem-estar\/autoconhecimento\/reconexao-com-a-essencia\/#article","isPartOf":{"@id":"https:\/\/www.iquilibrio.com\/blog\/bem-estar\/autoconhecimento\/reconexao-com-a-essencia\/"},"author":{"name":"Reda\u00e7\u00e3o iQuilibrio","@id":"https:\/\/www.iquilibrio.com\/blog\/#\/schema\/person\/199505a1f0db0d00f022188666c75dca"},"headline":"7 sinais que voc\u00ea precisa de reconectar com sua ess\u00eancia","datePublished":"2021-03-01T21:35:02+00:00","mainEntityOfPage":{"@id":"https:\/\/www.iquilibrio.com\/blog\/bem-estar\/autoconhecimento\/reconexao-com-a-essencia\/"},"wordCount":1231,"commentCount":0,"publisher":{"@id":"https:\/\/www.iquilibrio.com\/blog\/#organization"},"image":{"@id":"https:\/\/www.iquilibrio.com\/blog\/bem-estar\/autoconhecimento\/reconexao-com-a-essencia\/#primaryimage"},"thumbnailUrl":"https:\/\/www.iquilibrio.com\/blog\/wp-content\/uploads\/2021\/03\/ess\u00eancia-interior.png","articleSection":["Autoconhecimento","Dicas de Bem-Estar"],"inLanguage":"pt-BR"},{"@type":"WebPage","@id":"https:\/\/www.iquilibrio.com\/blog\/bem-estar\/autoconhecimento\/reconexao-com-a-essencia\/","url":"https:\/\/www.iquilibrio.com\/blog\/bem-estar\/autoconhecimento\/reconexao-com-a-essencia\/","name":"Ess\u00eancia Interior - Saiba Como Ter Reconex\u00e3o com a Sua Ess\u00eancia","isPartOf":{"@id":"https:\/\/www.iquilibrio.com\/blog\/#website"},"primaryImageOfPage":{"@id":"https:\/\/www.iquilibrio.com\/blog\/bem-estar\/autoconhecimento\/reconexao-com-a-essencia\/#primaryimage"},"image":{"@id":"https:\/\/www.iquilibrio.com\/blog\/bem-estar\/autoconhecimento\/reconexao-com-a-essencia\/#primaryimage"},"thumbnailUrl":"https:\/\/www.iquilibrio.com\/blog\/wp-content\/uploads\/2021\/03\/ess\u00eancia-interior.png","datePublished":"2021-03-01T21:35:02+00:00","description":"\"Grave essas palavras como um selo, em um di\u00e1rio e leve-as consigo deixando-as viver intensamente em voc\u00ea\", Leia e Se Conecte com Sua Ess\u00eancia!","breadcrumb":{"@id":"https:\/\/www.iquilibrio.com\/blog\/bem-estar\/autoconhecimento\/reconexao-com-a-essencia\/#breadcrumb"},"inLanguage":"pt-BR","potentialAction":[{"@type":"ReadAction","target":["https:\/\/www.iquilibrio.com\/blog\/bem-estar\/autoconhecimento\/reconexao-com-a-essencia\/"]}]},{"@type":"ImageObject","inLanguage":"pt-BR","@id":"https:\/\/www.iquilibrio.com\/blog\/bem-estar\/autoconhecimento\/reconexao-com-a-essencia\/#primaryimage","url":"https:\/\/www.iquilibrio.com\/blog\/wp-content\/uploads\/2021\/03\/ess\u00eancia-interior.png","contentUrl":"https:\/\/www.iquilibrio.com\/blog\/wp-content\/uploads\/2021\/03\/ess\u00eancia-interior.png","width":900,"height":560},{"@type":"BreadcrumbList","@id":"https:\/\/www.iquilibrio.com\/blog\/bem-estar\/autoconhecimento\/reconexao-com-a-essencia\/#breadcrumb","itemListElement":[{"@type":"ListItem","position":1,"name":"In\u00edcio","item":"https:\/\/www.iquilibrio.com\/blog\/"},{"@type":"ListItem","position":2,"name":"7 sinais que voc\u00ea precisa de reconectar com sua ess\u00eancia"}]},{"@type":"WebSite","@id":"https:\/\/www.iquilibrio.com\/blog\/#website","url":"https:\/\/www.iquilibrio.com\/blog\/","name":"iQuilibrio","description":"Blog iQuilibrio","publisher":{"@id":"https:\/\/www.iquilibrio.com\/blog\/#organization"},"potentialAction":[{"@type":"SearchAction","target":{"@type":"EntryPoint","urlTemplate":"https:\/\/www.iquilibrio.com\/blog\/?s={search_term_string}"},"query-input":{"@type":"PropertyValueSpecification","valueRequired":true,"valueName":"search_term_string"}}],"inLanguage":"pt-BR"},{"@type":"Organization","@id":"https:\/\/www.iquilibrio.com\/blog\/#organization","name":"Esoterismo, Misticismo e Tarot Online - iQuilibrio","url":"https:\/\/www.iquilibrio.com\/blog\/","logo":{"@type":"ImageObject","inLanguage":"pt-BR","@id":"https:\/\/www.iquilibrio.com\/blog\/#\/schema\/logo\/image\/","url":"https:\/\/www.iquilibrio.com\/blog\/wp-content\/uploads\/2018\/12\/iquilibrio_lovo_vetor_preto-retina.png","contentUrl":"https:\/\/www.iquilibrio.com\/blog\/wp-content\/uploads\/2018\/12\/iquilibrio_lovo_vetor_preto-retina.png","width":972,"height":180,"caption":"Esoterismo, Misticismo e Tarot Online - iQuilibrio"},"image":{"@id":"https:\/\/www.iquilibrio.com\/blog\/#\/schema\/logo\/image\/"},"sameAs":["https:\/\/www.facebook.com\/iQuilibrio\/","https:\/\/x.com\/iquilibrio","https:\/\/www.instagram.com\/iquilibrio\/","https:\/\/www.linkedin.com\/company\/iquilibrio\/","https:\/\/br.pinterest.com\/iquilibrio1397\/","https:\/\/www.youtube.com\/channel\/UC175qxd-4Zsi4wzawT5zF2g"]},{"@type":"Person","@id":"https:\/\/www.iquilibrio.com\/blog\/#\/schema\/person\/199505a1f0db0d00f022188666c75dca","name":"Reda\u00e7\u00e3o iQuilibrio","image":{"@type":"ImageObject","inLanguage":"pt-BR","@id":"https:\/\/www.iquilibrio.com\/blog\/wp-content\/uploads\/2021\/12\/Consulta-por-email-3-150x150.png","url":"https:\/\/www.iquilibrio.com\/blog\/wp-content\/uploads\/2021\/12\/Consulta-por-email-3-150x150.png","contentUrl":"https:\/\/www.iquilibrio.com\/blog\/wp-content\/uploads\/2021\/12\/Consulta-por-email-3-150x150.png","caption":"Reda\u00e7\u00e3o iQuilibrio"},"description":"A equipe de reda\u00e7\u00e3o da iQuilibrio \u00e9 composta pelos mais diversos especialistas e esot\u00e9ricos. Al\u00e9m de dominar a arte de traduzir as energias que o universo emana, nossos redatores sentem imenso prazer em trabalhar com palavras. Boa leitura e um \u00f3timo aprendizado!","url":"https:\/\/www.iquilibrio.com\/blog\/author\/juliana\/"}]}},"_links":{"self":[{"href":"https:\/\/www.iquilibrio.com\/blog\/wp-json\/wp\/v2\/posts\/30680","targetHints":{"allow":["GET"]}}],"collection":[{"href":"https:\/\/www.iquilibrio.com\/blog\/wp-json\/wp\/v2\/posts"}],"about":[{"href":"https:\/\/www.iquilibrio.com\/blog\/wp-json\/wp\/v2\/types\/post"}],"author":[{"embeddable":true,"href":"https:\/\/www.iquilibrio.com\/blog\/wp-json\/wp\/v2\/users\/20"}],"replies":[{"embeddable":true,"href":"https:\/\/www.iquilibrio.com\/blog\/wp-json\/wp\/v2\/comments?post=30680"}],"version-history":[{"count":4,"href":"https:\/\/www.iquilibrio.com\/blog\/wp-json\/wp\/v2\/posts\/30680\/revisions"}],"predecessor-version":[{"id":30685,"href":"https:\/\/www.iquilibrio.com\/blog\/wp-json\/wp\/v2\/posts\/30680\/revisions\/30685"}],"wp:featuredmedia":[{"embeddable":true,"href":"https:\/\/www.iquilibrio.com\/blog\/wp-json\/wp\/v2\/media\/30684"}],"wp:attachment":[{"href":"https:\/\/www.iquilibrio.com\/blog\/wp-json\/wp\/v2\/media?parent=30680"}],"wp:term":[{"taxonomy":"category","embeddable":true,"href":"https:\/\/www.iquilibrio.com\/blog\/wp-json\/wp\/v2\/categories?post=30680"},{"taxonomy":"post_tag","embeddable":true,"href":"https:\/\/www.iquilibrio.com\/blog\/wp-json\/wp\/v2\/tags?post=30680"}],"curies":[{"name":"wp","href":"https:\/\/api.w.org\/{rel}","templated":true}]}}