{"id":30261,"date":"2020-08-28T13:33:18","date_gmt":"2020-08-28T16:33:18","guid":{"rendered":"https:\/\/www.iquilibrio.com\/blog\/?p=30261"},"modified":"2020-08-28T13:33:46","modified_gmt":"2020-08-28T16:33:46","slug":"uso-das-cores-no-dia-a-dia","status":"publish","type":"post","link":"https:\/\/www.iquilibrio.com\/blog\/terapias-alternativas\/cromoterapia\/uso-das-cores-no-dia-a-dia\/","title":{"rendered":"Cromoterapia &#8211; O uso das cores no dia a dia &#8211; Pela consultora Gopi"},"content":{"rendered":"<p><span style=\"font-weight: 400;\">A <strong>cromoterapia<\/strong> vem sendo utilizada desde as antigas civiliza\u00e7\u00f5es, desde os Eg\u00edpcios, Gregos, Chineses e Indianos.<\/span><\/p>\n<p><span style=\"font-weight: 400;\">Na cultura ocidental, as cores podem ter alguns significados, alguns estudiosos afirmam que podem provocar lembran\u00e7as e sensa\u00e7\u00f5es \u00e0s pessoas. \u00c1s vezes, no ano-novo \u00e9 comum colocar roupas com cores espec\u00edficas para, no ano seguinte, ter o que a cor representa. Ex: se uma pessoa passa o ano novo de amarelo, ela pode esperar riqueza para o ano seguinte. Muitas pessoas passam de branco, esperando a paz e assim por diante.<\/span><\/p>\n<p style=\"text-align: center;\"><a href=\"https:\/\/www.iquilibrio.com\/esotericos\/gopi-yana\/\"><span class=\"td_btn td_btn_lg td_round_btn class-cta1\">Precisa de Ajuda? FALE AQUI com a consultora Gopi Yana e receba os Conselhos que Precisa!<\/span><\/a><\/p>\n<p><span style=\"font-weight: 400;\">Atualmente, hospitais de v\u00e1rios lugares do mundo j\u00e1 utilizam a Cromoterapia em beb\u00eas prematuros, com o uso da luz ultravioleta. Al\u00e9m disso, a t\u00e9cnica que usa as cores \u00e9 reconhecida desde 1976 pela Organiza\u00e7\u00e3o Mundial de Sa\u00fade.<\/span><\/p>\n<p><span style=\"font-weight: 400;\">Para equilibrar o ser humano e promover uma melhora em sua sa\u00fade, <strong>a cromoterapia vale-se sobretudo das sete cores do espectro solar: vermelho, alaranjado, amarelo, verde, azul, anil e violeta.<\/strong><\/span><\/p>\n<p><span style=\"font-weight: 400;\">Mas o uso da cromoterapia vai al\u00e9m: o marketing global tamb\u00e9m utiliza a cromoterapia em marcas famosas de acordo com a mensagem que desejam passar ao p\u00fablico, por exemplo uma grande rede de fast food utiliza as cores vermelho e amarelo como forma de estimular o desejo e o apetite, aumentando o consumo de seus alimentos. Em contrapartida empresas de produtos naturais usam o verde para imprimir a ideia de sustentabilidade e natureza. Enfim, cada cor traz em si muitas mensagens visuais e por isso tem tanto impacto na hora de lan\u00e7ar um produto ou servi\u00e7o no mercado, a cor \u00e9 cuidadosamente escolhida de acordo com o estimulo que se deseja.<\/span><\/p>\n<p><span style=\"font-weight: 400;\">A utiliza\u00e7\u00e3o das cores ultrapassa as aplica\u00e7\u00f5es em tratamentos f\u00edsicos e mudan\u00e7as de comportamento, vale para a harmonia da casa, do ambiente de trabalho e da vida das pessoas como um todo. Sem deixar de lado at\u00e9 mesmo a alimenta\u00e7\u00e3o, um prato colorido, decorado e alegre faz diferen\u00e7a. Quando precisamos tonificar, por exemplo recomenda-se alimentos vermelhos, relacionados com o ferro, como a beterraba, e os minerais, como o morango. Em dietas de emagrecimento, o mel\u00e3o verde-claro \u00e9 indicado porque \u00e9 diur\u00e9tico e sedativo, com componentes adstringentes e calmantes.<\/span><\/p>\n<p><span style=\"font-weight: 400;\">Os m\u00e9todos de aplica\u00e7\u00e3o das cores, de forma a harmonizar os aspectos f\u00edsicos e mentais vai da simples escolha de tonalidades das roupas e objetos de decora\u00e7\u00e3o de uma casa, at\u00e9 a mentaliza\u00e7\u00e3o das cores. <strong>Mas as maneiras mais comuns de us\u00e1-las s\u00e3o atrav\u00e9s de focos de luz na \u00e1rea do corpo a ser tratada at\u00e9 \u00e1gua impregnada com a vibra\u00e7\u00e3o da cor, chamada de \u00e1gua solarizada<\/strong>. Uma das t\u00e9cnicas mais simples \u00e9 observar a cor que mais chama a sua aten\u00e7\u00e3o, pois ela define a cor que a pessoa necessita naquele momento.<\/span><\/p>\n<h2><span style=\"font-weight: 400;\">Algumas propriedades terap\u00eauticas das cores<\/span><\/h2>\n<p><span style=\"font-weight: 400;\"><img loading=\"lazy\" decoding=\"async\" class=\" wp-image-30265 alignleft\" src=\"https:\/\/www.iquilibrio.com\/blog\/wp-content\/uploads\/2020\/08\/red-flag.png\" alt=\"\" width=\"61\" height=\"61\" srcset=\"https:\/\/www.iquilibrio.com\/blog\/wp-content\/uploads\/2020\/08\/red-flag.png 512w, https:\/\/www.iquilibrio.com\/blog\/wp-content\/uploads\/2020\/08\/red-flag-150x150.png 150w, https:\/\/www.iquilibrio.com\/blog\/wp-content\/uploads\/2020\/08\/red-flag-300x300.png 300w, https:\/\/www.iquilibrio.com\/blog\/wp-content\/uploads\/2020\/08\/red-flag-356x364.png 356w, https:\/\/www.iquilibrio.com\/blog\/wp-content\/uploads\/2020\/08\/red-flag-420x420.png 420w\" sizes=\"auto, (max-width: 61px) 100vw, 61px\" \/><strong>VERMELHO<\/strong> <\/span><\/p>\n<p><span style=\"font-weight: 400;\">D\u00e1 energia e vitalidade, libera adrenalina, ameniza dores reum\u00e1ticas. \u00c9 indicado para anemias, impot\u00eancia sexual, frigidez, depress\u00e3o, melancolia e dores musculares. SINTO ENERGIA VOU EM FRENTE, CONSIGO!<\/span><\/p>\n<p><span style=\"font-weight: 400;\"><img loading=\"lazy\" decoding=\"async\" class=\" wp-image-30266 alignleft\" src=\"https:\/\/www.iquilibrio.com\/blog\/wp-content\/uploads\/2020\/08\/check.png\" alt=\"\" width=\"61\" height=\"61\" srcset=\"https:\/\/www.iquilibrio.com\/blog\/wp-content\/uploads\/2020\/08\/check.png 512w, https:\/\/www.iquilibrio.com\/blog\/wp-content\/uploads\/2020\/08\/check-150x150.png 150w, https:\/\/www.iquilibrio.com\/blog\/wp-content\/uploads\/2020\/08\/check-300x300.png 300w, https:\/\/www.iquilibrio.com\/blog\/wp-content\/uploads\/2020\/08\/check-356x364.png 356w, https:\/\/www.iquilibrio.com\/blog\/wp-content\/uploads\/2020\/08\/check-420x420.png 420w\" sizes=\"auto, (max-width: 61px) 100vw, 61px\" \/><strong>LARANJA<\/strong><\/span><\/p>\n<p><span style=\"font-weight: 400;\">Combate a fadiga e estimula o sistema respirat\u00f3rio, aumentam o otimismo e a criatividade e a atuam de forma eficiente nos casos de bronquite e cisto no ov\u00e1rio. SINTO-ME VIVO!<\/span><\/p>\n<p><span style=\"font-weight: 400;\"><img loading=\"lazy\" decoding=\"async\" class=\" wp-image-30267 alignleft\" src=\"https:\/\/www.iquilibrio.com\/blog\/wp-content\/uploads\/2020\/08\/star.png\" alt=\"\" width=\"61\" height=\"61\" srcset=\"https:\/\/www.iquilibrio.com\/blog\/wp-content\/uploads\/2020\/08\/star.png 512w, https:\/\/www.iquilibrio.com\/blog\/wp-content\/uploads\/2020\/08\/star-150x150.png 150w, https:\/\/www.iquilibrio.com\/blog\/wp-content\/uploads\/2020\/08\/star-300x300.png 300w, https:\/\/www.iquilibrio.com\/blog\/wp-content\/uploads\/2020\/08\/star-356x364.png 356w, https:\/\/www.iquilibrio.com\/blog\/wp-content\/uploads\/2020\/08\/star-420x420.png 420w\" sizes=\"auto, (max-width: 61px) 100vw, 61px\" \/><strong>AMARELO<\/strong><\/span><\/p>\n<p><span style=\"font-weight: 400;\">Estimula o sistema nervoso central, contribui para a regenera\u00e7\u00e3o \u00f3ssea e \u00e9 recomendado nos tratamentos de manias, ideias fixas, preocupa\u00e7\u00e3o excessiva, fixa\u00e7\u00e3o em ganhos e lucros, \u00falcera g\u00e1strica, diarreias, colites e falta de confian\u00e7a no futuro. SINTO-ME MAIS FORTE, ALEGRE E FELIZ!<\/span><\/p>\n<p><span style=\"font-weight: 400;\"><img loading=\"lazy\" decoding=\"async\" class=\" wp-image-30268 alignleft\" src=\"https:\/\/www.iquilibrio.com\/blog\/wp-content\/uploads\/2020\/08\/green.png\" alt=\"\" width=\"61\" height=\"61\" srcset=\"https:\/\/www.iquilibrio.com\/blog\/wp-content\/uploads\/2020\/08\/green.png 512w, https:\/\/www.iquilibrio.com\/blog\/wp-content\/uploads\/2020\/08\/green-150x150.png 150w, https:\/\/www.iquilibrio.com\/blog\/wp-content\/uploads\/2020\/08\/green-300x300.png 300w, https:\/\/www.iquilibrio.com\/blog\/wp-content\/uploads\/2020\/08\/green-356x364.png 356w, https:\/\/www.iquilibrio.com\/blog\/wp-content\/uploads\/2020\/08\/green-420x420.png 420w\" sizes=\"auto, (max-width: 61px) 100vw, 61px\" \/><strong>VERDE<\/strong><\/span><\/p>\n<p><span style=\"font-weight: 400;\">Favorece o equil\u00edbrio hormonal e alivia a ins\u00f4nia. Estimula \u00f3rg\u00e3os digestivos e tem a\u00e7\u00e3o anti-infecciosa. Tem bom resultado quando usada no tratamento de depress\u00e3o cr\u00f4nica, complexo de inferioridade, psicose man\u00edaco depressiva, auto estima diminu\u00edda e falta de mem\u00f3ria. SINTO-ME BEM E SAUD\u00c1VEL!<\/span><\/p>\n<p><span style=\"font-weight: 400;\"><img loading=\"lazy\" decoding=\"async\" class=\" wp-image-30270 alignleft\" src=\"https:\/\/www.iquilibrio.com\/blog\/wp-content\/uploads\/2020\/08\/diamond.png\" alt=\"\" width=\"61\" height=\"61\" srcset=\"https:\/\/www.iquilibrio.com\/blog\/wp-content\/uploads\/2020\/08\/diamond.png 512w, https:\/\/www.iquilibrio.com\/blog\/wp-content\/uploads\/2020\/08\/diamond-150x150.png 150w, https:\/\/www.iquilibrio.com\/blog\/wp-content\/uploads\/2020\/08\/diamond-300x300.png 300w, https:\/\/www.iquilibrio.com\/blog\/wp-content\/uploads\/2020\/08\/diamond-356x364.png 356w, https:\/\/www.iquilibrio.com\/blog\/wp-content\/uploads\/2020\/08\/diamond-420x420.png 420w\" sizes=\"auto, (max-width: 61px) 100vw, 61px\" \/><strong>AZUL <\/strong><\/span><\/p>\n<p><span style=\"font-weight: 400;\">\u00c9 calmante e analg\u00e9sico, indicado para os casos de estresse, convalescen\u00e7a, press\u00e3o alta, obesidade convalescen\u00e7a e press\u00e3o alta. Pode ser aplicada para casos de irritabilidade, inseguran\u00e7a e ansiedade. SINTO-ME TRANQUILO E CALMO!<\/span><\/p>\n<p><span style=\"font-weight: 400;\"><img loading=\"lazy\" decoding=\"async\" class=\" wp-image-30272 alignleft\" src=\"https:\/\/www.iquilibrio.com\/blog\/wp-content\/uploads\/2020\/08\/unnamed.jpg\" alt=\"\" width=\"61\" height=\"71\" srcset=\"https:\/\/www.iquilibrio.com\/blog\/wp-content\/uploads\/2020\/08\/unnamed.jpg 442w, https:\/\/www.iquilibrio.com\/blog\/wp-content\/uploads\/2020\/08\/unnamed-259x300.jpg 259w, https:\/\/www.iquilibrio.com\/blog\/wp-content\/uploads\/2020\/08\/unnamed-363x420.jpg 363w\" sizes=\"auto, (max-width: 61px) 100vw, 61px\" \/><strong>\u00cdNDIGO<\/strong><\/span><\/p>\n<p><span style=\"font-weight: 400;\">Tem a\u00e7\u00e3o coagulante e anest\u00e9sica. \u00c9 usada em casos de ferimentos e sangramentos em geral, al\u00e9m das doen\u00e7as nos olhos como glaucoma e catarata, Ajuda a combater a ins\u00f4nia. N\u00c3O ESTOU S\u00d3, SINTO A PRESEN\u00c7A DE DEUS!<\/span><\/p>\n<p><span style=\"font-weight: 400;\"><img loading=\"lazy\" decoding=\"async\" class=\" wp-image-30271 alignleft\" src=\"https:\/\/www.iquilibrio.com\/blog\/wp-content\/uploads\/2020\/08\/violet.png\" alt=\"\" width=\"61\" height=\"61\" srcset=\"https:\/\/www.iquilibrio.com\/blog\/wp-content\/uploads\/2020\/08\/violet.png 512w, https:\/\/www.iquilibrio.com\/blog\/wp-content\/uploads\/2020\/08\/violet-150x150.png 150w, https:\/\/www.iquilibrio.com\/blog\/wp-content\/uploads\/2020\/08\/violet-300x300.png 300w, https:\/\/www.iquilibrio.com\/blog\/wp-content\/uploads\/2020\/08\/violet-356x364.png 356w, https:\/\/www.iquilibrio.com\/blog\/wp-content\/uploads\/2020\/08\/violet-420x420.png 420w\" sizes=\"auto, (max-width: 61px) 100vw, 61px\" \/><strong>VIOLETA <\/strong><\/span><\/p>\n<p><span style=\"font-weight: 400;\">A\u00e7\u00e3o calmante e purificadora do sangue. Elimina toxinas e estimula a produ\u00e7\u00e3o de leuc\u00f3citos. Bom nos casos de pneumonia, tosse seca, asma, irrita\u00e7\u00e3o da pele e dor ci\u00e1tica. Al\u00e9m disso \u00e9 eficiente na car\u00eancia afetiva, remorso e sentimento de culpa. SINTO CLAREZA MENTAL RACIOC\u00cdNIO CLARO E EQUILIBRADO!<\/span><\/p>\n<h2><span id=\"Saiba_um_pouco_mais_sobre_a_consultora_Gopi_Yana\"><img loading=\"lazy\" decoding=\"async\" class=\"size-full wp-image-20311 alignleft td-animation-stack-type0-2 td-animation-stack-type0-1 lazyloaded\" src=\"https:\/\/cdn.shortpixel.ai\/client\/to_webp,q_glossy,ret_img,w_100,h_100\/https:\/\/www.iquilibrio.com\/blog\/wp-content\/uploads\/2018\/10\/gopi.png\" alt=\"\" width=\"100\" height=\"100\" data-src=\"https:\/\/cdn.shortpixel.ai\/client\/to_webp,q_glossy,ret_img,w_100,h_100\/https:\/\/www.iquilibrio.com\/blog\/wp-content\/uploads\/2018\/10\/gopi.png\" \/>Saiba um pouco mais sobre a consultora Gopi Yana<\/span><\/h2>\n<p>Uma grande estudiosa e praticante do esoterismo, a Gopi \u00e9 a o tipo de consultora que realiza um atendimento completo, fazendo desde a previs\u00e3o assertiva, a orienta\u00e7\u00e3o e a terapia para o alcance do equil\u00edbrio perfeito na vida do consulente. Quer conhecer mais sobre sua hist\u00f3ria e conhecimentos? Ent\u00e3o\u00a0<a href=\"https:\/\/www.iquilibrio.com\/esotericos\/gopi-yana\/\"><span class=\"class-texto-consultor\">clique aqui<\/span><\/a>\u00a0e aproveite para agendar a sua consulta!<\/p>\n<p><a href=\"https:\/\/www.iquilibrio.com\/esotericos\/gopi-yana\/\"><span class=\"td_btn td_btn_lg td_round_btn class-cta2\">Confira Aqui os Produtos e Atendimentos Especializados da Consultora Gopi Yana<\/span><\/a><\/p>\n\n\n<div class=\"kk-star-ratings kksr-auto kksr-align-left kksr-valign-bottom\"\n    data-payload='{&quot;align&quot;:&quot;left&quot;,&quot;id&quot;:&quot;30261&quot;,&quot;slug&quot;:&quot;default&quot;,&quot;valign&quot;:&quot;bottom&quot;,&quot;ignore&quot;:&quot;&quot;,&quot;reference&quot;:&quot;auto&quot;,&quot;class&quot;:&quot;&quot;,&quot;count&quot;:&quot;0&quot;,&quot;legendonly&quot;:&quot;&quot;,&quot;readonly&quot;:&quot;&quot;,&quot;score&quot;:&quot;0&quot;,&quot;starsonly&quot;:&quot;&quot;,&quot;best&quot;:&quot;5&quot;,&quot;gap&quot;:&quot;5&quot;,&quot;greet&quot;:&quot;Rate this post&quot;,&quot;legend&quot;:&quot;0\\\/5 - (0 voto)&quot;,&quot;size&quot;:&quot;24&quot;,&quot;title&quot;:&quot;Cromoterapia - O uso das cores no dia a dia - Pela consultora Gopi&quot;,&quot;width&quot;:&quot;0&quot;,&quot;_legend&quot;:&quot;{score}\\\/{best} - ({count} {votes})&quot;,&quot;font_factor&quot;:&quot;1.25&quot;}'>\n            \n<div class=\"kksr-stars\">\n    \n<div class=\"kksr-stars-inactive\">\n            <div class=\"kksr-star\" data-star=\"1\" style=\"padding-right: 5px\">\n            \n\n<div class=\"kksr-icon\" style=\"width: 24px; height: 24px;\"><\/div>\n        <\/div>\n            <div class=\"kksr-star\" data-star=\"2\" style=\"padding-right: 5px\">\n            \n\n<div class=\"kksr-icon\" style=\"width: 24px; height: 24px;\"><\/div>\n        <\/div>\n            <div class=\"kksr-star\" data-star=\"3\" style=\"padding-right: 5px\">\n            \n\n<div class=\"kksr-icon\" style=\"width: 24px; height: 24px;\"><\/div>\n        <\/div>\n            <div class=\"kksr-star\" data-star=\"4\" style=\"padding-right: 5px\">\n            \n\n<div class=\"kksr-icon\" style=\"width: 24px; height: 24px;\"><\/div>\n        <\/div>\n            <div class=\"kksr-star\" data-star=\"5\" style=\"padding-right: 5px\">\n            \n\n<div class=\"kksr-icon\" style=\"width: 24px; height: 24px;\"><\/div>\n        <\/div>\n    <\/div>\n    \n<div class=\"kksr-stars-active\" style=\"width: 0px;\">\n            <div class=\"kksr-star\" style=\"padding-right: 5px\">\n            \n\n<div class=\"kksr-icon\" style=\"width: 24px; height: 24px;\"><\/div>\n        <\/div>\n            <div class=\"kksr-star\" style=\"padding-right: 5px\">\n            \n\n<div class=\"kksr-icon\" style=\"width: 24px; height: 24px;\"><\/div>\n        <\/div>\n            <div class=\"kksr-star\" style=\"padding-right: 5px\">\n            \n\n<div class=\"kksr-icon\" style=\"width: 24px; height: 24px;\"><\/div>\n        <\/div>\n            <div class=\"kksr-star\" style=\"padding-right: 5px\">\n            \n\n<div class=\"kksr-icon\" style=\"width: 24px; height: 24px;\"><\/div>\n        <\/div>\n            <div class=\"kksr-star\" style=\"padding-right: 5px\">\n            \n\n<div class=\"kksr-icon\" style=\"width: 24px; height: 24px;\"><\/div>\n        <\/div>\n    <\/div>\n<\/div>\n                \n\n<div class=\"kksr-legend\" style=\"font-size: 19.2px;\">\n            <span class=\"kksr-muted\">Rate this post<\/span>\n    <\/div>\n    <\/div>\n","protected":false},"excerpt":{"rendered":"<p>A cromoterapia vem sendo utilizada desde as antigas civiliza\u00e7\u00f5es, desde os Eg\u00edpcios, Gregos, Chineses e Indianos. Na cultura ocidental, as cores podem ter alguns significados, alguns estudiosos afirmam que podem provocar lembran\u00e7as e sensa\u00e7\u00f5es \u00e0s pessoas. \u00c1s vezes, no ano-novo \u00e9 comum colocar roupas com cores espec\u00edficas para, no ano seguinte, ter o que a [&hellip;]<\/p>\n","protected":false},"author":20,"featured_media":30263,"comment_status":"open","ping_status":"open","sticky":false,"template":"","format":"standard","meta":{"footnotes":""},"categories":[673],"tags":[],"class_list":["post-30261","post","type-post","status-publish","format-standard","has-post-thumbnail","hentry","category-cromoterapia"],"yoast_head":"<!-- This site is optimized with the Yoast SEO plugin v27.4 - https:\/\/yoast.com\/product\/yoast-seo-wordpress\/ -->\n<title>Cromoterapia - Como Usar As Cores a Meu Favor? - Descubra Aqui!<\/title>\n<meta name=\"description\" content=\"Descubra o significado de todas as cores e como voc\u00ea pode usar a cromoterapia a seu favor! Clique e leia o artigo feito pela consultora Gopi!\" \/>\n<meta name=\"robots\" content=\"index, follow, max-snippet:-1, max-image-preview:large, max-video-preview:-1\" \/>\n<link rel=\"canonical\" href=\"https:\/\/www.iquilibrio.com\/blog\/terapias-alternativas\/cromoterapia\/uso-das-cores-no-dia-a-dia\/\" \/>\n<meta property=\"og:locale\" content=\"pt_BR\" \/>\n<meta property=\"og:type\" content=\"article\" \/>\n<meta property=\"og:title\" content=\"Cromoterapia - Como Usar As Cores a Meu Favor? - Descubra Aqui!\" \/>\n<meta property=\"og:description\" content=\"Descubra o significado de todas as cores e como voc\u00ea pode usar a cromoterapia a seu favor! Clique e leia o artigo feito pela consultora Gopi!\" \/>\n<meta property=\"og:url\" content=\"https:\/\/www.iquilibrio.com\/blog\/terapias-alternativas\/cromoterapia\/uso-das-cores-no-dia-a-dia\/\" \/>\n<meta property=\"og:site_name\" content=\"iQuilibrio\" \/>\n<meta property=\"article:publisher\" content=\"https:\/\/www.facebook.com\/iQuilibrio\/\" \/>\n<meta property=\"article:published_time\" content=\"2020-08-28T16:33:18+00:00\" \/>\n<meta property=\"article:modified_time\" content=\"2020-08-28T16:33:46+00:00\" \/>\n<meta property=\"og:image\" content=\"https:\/\/www.iquilibrio.com\/blog\/wp-content\/uploads\/2020\/08\/cromoterapia.png\" \/>\n\t<meta property=\"og:image:width\" content=\"900\" \/>\n\t<meta property=\"og:image:height\" content=\"560\" \/>\n\t<meta property=\"og:image:type\" content=\"image\/png\" \/>\n<meta name=\"author\" content=\"Reda\u00e7\u00e3o iQuilibrio\" \/>\n<meta name=\"twitter:card\" content=\"summary_large_image\" \/>\n<meta name=\"twitter:creator\" content=\"@iquilibrio\" \/>\n<meta name=\"twitter:site\" content=\"@iquilibrio\" \/>\n<meta name=\"twitter:label1\" content=\"Escrito por\" \/>\n\t<meta name=\"twitter:data1\" content=\"Reda\u00e7\u00e3o iQuilibrio\" \/>\n\t<meta name=\"twitter:label2\" content=\"Est. tempo de leitura\" \/>\n\t<meta name=\"twitter:data2\" content=\"4 minutos\" \/>\n<script type=\"application\/ld+json\" class=\"yoast-schema-graph\">{\"@context\":\"https:\\\/\\\/schema.org\",\"@graph\":[{\"@type\":\"Article\",\"@id\":\"https:\\\/\\\/www.iquilibrio.com\\\/blog\\\/terapias-alternativas\\\/cromoterapia\\\/uso-das-cores-no-dia-a-dia\\\/#article\",\"isPartOf\":{\"@id\":\"https:\\\/\\\/www.iquilibrio.com\\\/blog\\\/terapias-alternativas\\\/cromoterapia\\\/uso-das-cores-no-dia-a-dia\\\/\"},\"author\":{\"name\":\"Reda\u00e7\u00e3o iQuilibrio\",\"@id\":\"https:\\\/\\\/www.iquilibrio.com\\\/blog\\\/#\\\/schema\\\/person\\\/199505a1f0db0d00f022188666c75dca\"},\"headline\":\"Cromoterapia &#8211; O uso das cores no dia a dia &#8211; Pela consultora Gopi\",\"datePublished\":\"2020-08-28T16:33:18+00:00\",\"dateModified\":\"2020-08-28T16:33:46+00:00\",\"mainEntityOfPage\":{\"@id\":\"https:\\\/\\\/www.iquilibrio.com\\\/blog\\\/terapias-alternativas\\\/cromoterapia\\\/uso-das-cores-no-dia-a-dia\\\/\"},\"wordCount\":893,\"commentCount\":0,\"publisher\":{\"@id\":\"https:\\\/\\\/www.iquilibrio.com\\\/blog\\\/#organization\"},\"image\":{\"@id\":\"https:\\\/\\\/www.iquilibrio.com\\\/blog\\\/terapias-alternativas\\\/cromoterapia\\\/uso-das-cores-no-dia-a-dia\\\/#primaryimage\"},\"thumbnailUrl\":\"https:\\\/\\\/www.iquilibrio.com\\\/blog\\\/wp-content\\\/uploads\\\/2020\\\/08\\\/cromoterapia.png\",\"articleSection\":[\"Cromoterapia\"],\"inLanguage\":\"pt-BR\"},{\"@type\":\"WebPage\",\"@id\":\"https:\\\/\\\/www.iquilibrio.com\\\/blog\\\/terapias-alternativas\\\/cromoterapia\\\/uso-das-cores-no-dia-a-dia\\\/\",\"url\":\"https:\\\/\\\/www.iquilibrio.com\\\/blog\\\/terapias-alternativas\\\/cromoterapia\\\/uso-das-cores-no-dia-a-dia\\\/\",\"name\":\"Cromoterapia - Como Usar As Cores a Meu Favor? - Descubra Aqui!\",\"isPartOf\":{\"@id\":\"https:\\\/\\\/www.iquilibrio.com\\\/blog\\\/#website\"},\"primaryImageOfPage\":{\"@id\":\"https:\\\/\\\/www.iquilibrio.com\\\/blog\\\/terapias-alternativas\\\/cromoterapia\\\/uso-das-cores-no-dia-a-dia\\\/#primaryimage\"},\"image\":{\"@id\":\"https:\\\/\\\/www.iquilibrio.com\\\/blog\\\/terapias-alternativas\\\/cromoterapia\\\/uso-das-cores-no-dia-a-dia\\\/#primaryimage\"},\"thumbnailUrl\":\"https:\\\/\\\/www.iquilibrio.com\\\/blog\\\/wp-content\\\/uploads\\\/2020\\\/08\\\/cromoterapia.png\",\"datePublished\":\"2020-08-28T16:33:18+00:00\",\"dateModified\":\"2020-08-28T16:33:46+00:00\",\"description\":\"Descubra o significado de todas as cores e como voc\u00ea pode usar a cromoterapia a seu favor! Clique e leia o artigo feito pela consultora Gopi!\",\"breadcrumb\":{\"@id\":\"https:\\\/\\\/www.iquilibrio.com\\\/blog\\\/terapias-alternativas\\\/cromoterapia\\\/uso-das-cores-no-dia-a-dia\\\/#breadcrumb\"},\"inLanguage\":\"pt-BR\",\"potentialAction\":[{\"@type\":\"ReadAction\",\"target\":[\"https:\\\/\\\/www.iquilibrio.com\\\/blog\\\/terapias-alternativas\\\/cromoterapia\\\/uso-das-cores-no-dia-a-dia\\\/\"]}]},{\"@type\":\"ImageObject\",\"inLanguage\":\"pt-BR\",\"@id\":\"https:\\\/\\\/www.iquilibrio.com\\\/blog\\\/terapias-alternativas\\\/cromoterapia\\\/uso-das-cores-no-dia-a-dia\\\/#primaryimage\",\"url\":\"https:\\\/\\\/www.iquilibrio.com\\\/blog\\\/wp-content\\\/uploads\\\/2020\\\/08\\\/cromoterapia.png\",\"contentUrl\":\"https:\\\/\\\/www.iquilibrio.com\\\/blog\\\/wp-content\\\/uploads\\\/2020\\\/08\\\/cromoterapia.png\",\"width\":900,\"height\":560},{\"@type\":\"BreadcrumbList\",\"@id\":\"https:\\\/\\\/www.iquilibrio.com\\\/blog\\\/terapias-alternativas\\\/cromoterapia\\\/uso-das-cores-no-dia-a-dia\\\/#breadcrumb\",\"itemListElement\":[{\"@type\":\"ListItem\",\"position\":1,\"name\":\"In\u00edcio\",\"item\":\"https:\\\/\\\/www.iquilibrio.com\\\/blog\\\/\"},{\"@type\":\"ListItem\",\"position\":2,\"name\":\"Cromoterapia &#8211; O uso das cores no dia a dia &#8211; Pela consultora Gopi\"}]},{\"@type\":\"WebSite\",\"@id\":\"https:\\\/\\\/www.iquilibrio.com\\\/blog\\\/#website\",\"url\":\"https:\\\/\\\/www.iquilibrio.com\\\/blog\\\/\",\"name\":\"iQuilibrio\",\"description\":\"Blog iQuilibrio\",\"publisher\":{\"@id\":\"https:\\\/\\\/www.iquilibrio.com\\\/blog\\\/#organization\"},\"potentialAction\":[{\"@type\":\"SearchAction\",\"target\":{\"@type\":\"EntryPoint\",\"urlTemplate\":\"https:\\\/\\\/www.iquilibrio.com\\\/blog\\\/?s={search_term_string}\"},\"query-input\":{\"@type\":\"PropertyValueSpecification\",\"valueRequired\":true,\"valueName\":\"search_term_string\"}}],\"inLanguage\":\"pt-BR\"},{\"@type\":\"Organization\",\"@id\":\"https:\\\/\\\/www.iquilibrio.com\\\/blog\\\/#organization\",\"name\":\"Esoterismo, Misticismo e Tarot Online - iQuilibrio\",\"url\":\"https:\\\/\\\/www.iquilibrio.com\\\/blog\\\/\",\"logo\":{\"@type\":\"ImageObject\",\"inLanguage\":\"pt-BR\",\"@id\":\"https:\\\/\\\/www.iquilibrio.com\\\/blog\\\/#\\\/schema\\\/logo\\\/image\\\/\",\"url\":\"https:\\\/\\\/www.iquilibrio.com\\\/blog\\\/wp-content\\\/uploads\\\/2018\\\/12\\\/iquilibrio_lovo_vetor_preto-retina.png\",\"contentUrl\":\"https:\\\/\\\/www.iquilibrio.com\\\/blog\\\/wp-content\\\/uploads\\\/2018\\\/12\\\/iquilibrio_lovo_vetor_preto-retina.png\",\"width\":972,\"height\":180,\"caption\":\"Esoterismo, Misticismo e Tarot Online - iQuilibrio\"},\"image\":{\"@id\":\"https:\\\/\\\/www.iquilibrio.com\\\/blog\\\/#\\\/schema\\\/logo\\\/image\\\/\"},\"sameAs\":[\"https:\\\/\\\/www.facebook.com\\\/iQuilibrio\\\/\",\"https:\\\/\\\/x.com\\\/iquilibrio\",\"https:\\\/\\\/www.instagram.com\\\/iquilibrio\\\/\",\"https:\\\/\\\/www.linkedin.com\\\/company\\\/iquilibrio\\\/\",\"https:\\\/\\\/br.pinterest.com\\\/iquilibrio1397\\\/\",\"https:\\\/\\\/www.youtube.com\\\/channel\\\/UC175qxd-4Zsi4wzawT5zF2g\"]},{\"@type\":\"Person\",\"@id\":\"https:\\\/\\\/www.iquilibrio.com\\\/blog\\\/#\\\/schema\\\/person\\\/199505a1f0db0d00f022188666c75dca\",\"name\":\"Reda\u00e7\u00e3o iQuilibrio\",\"image\":{\"@type\":\"ImageObject\",\"inLanguage\":\"pt-BR\",\"@id\":\"https:\\\/\\\/www.iquilibrio.com\\\/blog\\\/wp-content\\\/uploads\\\/2021\\\/12\\\/Consulta-por-email-3-150x150.png\",\"url\":\"https:\\\/\\\/www.iquilibrio.com\\\/blog\\\/wp-content\\\/uploads\\\/2021\\\/12\\\/Consulta-por-email-3-150x150.png\",\"contentUrl\":\"https:\\\/\\\/www.iquilibrio.com\\\/blog\\\/wp-content\\\/uploads\\\/2021\\\/12\\\/Consulta-por-email-3-150x150.png\",\"caption\":\"Reda\u00e7\u00e3o iQuilibrio\"},\"description\":\"A equipe de reda\u00e7\u00e3o da iQuilibrio \u00e9 composta pelos mais diversos especialistas e esot\u00e9ricos. Al\u00e9m de dominar a arte de traduzir as energias que o universo emana, nossos redatores sentem imenso prazer em trabalhar com palavras. Boa leitura e um \u00f3timo aprendizado!\",\"url\":\"https:\\\/\\\/www.iquilibrio.com\\\/blog\\\/author\\\/juliana\\\/\"}]}<\/script>\n<!-- \/ Yoast SEO plugin. -->","yoast_head_json":{"title":"Cromoterapia - Como Usar As Cores a Meu Favor? - Descubra Aqui!","description":"Descubra o significado de todas as cores e como voc\u00ea pode usar a cromoterapia a seu favor! Clique e leia o artigo feito pela consultora Gopi!","robots":{"index":"index","follow":"follow","max-snippet":"max-snippet:-1","max-image-preview":"max-image-preview:large","max-video-preview":"max-video-preview:-1"},"canonical":"https:\/\/www.iquilibrio.com\/blog\/terapias-alternativas\/cromoterapia\/uso-das-cores-no-dia-a-dia\/","og_locale":"pt_BR","og_type":"article","og_title":"Cromoterapia - Como Usar As Cores a Meu Favor? - Descubra Aqui!","og_description":"Descubra o significado de todas as cores e como voc\u00ea pode usar a cromoterapia a seu favor! Clique e leia o artigo feito pela consultora Gopi!","og_url":"https:\/\/www.iquilibrio.com\/blog\/terapias-alternativas\/cromoterapia\/uso-das-cores-no-dia-a-dia\/","og_site_name":"iQuilibrio","article_publisher":"https:\/\/www.facebook.com\/iQuilibrio\/","article_published_time":"2020-08-28T16:33:18+00:00","article_modified_time":"2020-08-28T16:33:46+00:00","og_image":[{"width":900,"height":560,"url":"https:\/\/www.iquilibrio.com\/blog\/wp-content\/uploads\/2020\/08\/cromoterapia.png","type":"image\/png"}],"author":"Reda\u00e7\u00e3o iQuilibrio","twitter_card":"summary_large_image","twitter_creator":"@iquilibrio","twitter_site":"@iquilibrio","twitter_misc":{"Escrito por":"Reda\u00e7\u00e3o iQuilibrio","Est. tempo de leitura":"4 minutos"},"schema":{"@context":"https:\/\/schema.org","@graph":[{"@type":"Article","@id":"https:\/\/www.iquilibrio.com\/blog\/terapias-alternativas\/cromoterapia\/uso-das-cores-no-dia-a-dia\/#article","isPartOf":{"@id":"https:\/\/www.iquilibrio.com\/blog\/terapias-alternativas\/cromoterapia\/uso-das-cores-no-dia-a-dia\/"},"author":{"name":"Reda\u00e7\u00e3o iQuilibrio","@id":"https:\/\/www.iquilibrio.com\/blog\/#\/schema\/person\/199505a1f0db0d00f022188666c75dca"},"headline":"Cromoterapia &#8211; O uso das cores no dia a dia &#8211; Pela consultora Gopi","datePublished":"2020-08-28T16:33:18+00:00","dateModified":"2020-08-28T16:33:46+00:00","mainEntityOfPage":{"@id":"https:\/\/www.iquilibrio.com\/blog\/terapias-alternativas\/cromoterapia\/uso-das-cores-no-dia-a-dia\/"},"wordCount":893,"commentCount":0,"publisher":{"@id":"https:\/\/www.iquilibrio.com\/blog\/#organization"},"image":{"@id":"https:\/\/www.iquilibrio.com\/blog\/terapias-alternativas\/cromoterapia\/uso-das-cores-no-dia-a-dia\/#primaryimage"},"thumbnailUrl":"https:\/\/www.iquilibrio.com\/blog\/wp-content\/uploads\/2020\/08\/cromoterapia.png","articleSection":["Cromoterapia"],"inLanguage":"pt-BR"},{"@type":"WebPage","@id":"https:\/\/www.iquilibrio.com\/blog\/terapias-alternativas\/cromoterapia\/uso-das-cores-no-dia-a-dia\/","url":"https:\/\/www.iquilibrio.com\/blog\/terapias-alternativas\/cromoterapia\/uso-das-cores-no-dia-a-dia\/","name":"Cromoterapia - Como Usar As Cores a Meu Favor? - Descubra Aqui!","isPartOf":{"@id":"https:\/\/www.iquilibrio.com\/blog\/#website"},"primaryImageOfPage":{"@id":"https:\/\/www.iquilibrio.com\/blog\/terapias-alternativas\/cromoterapia\/uso-das-cores-no-dia-a-dia\/#primaryimage"},"image":{"@id":"https:\/\/www.iquilibrio.com\/blog\/terapias-alternativas\/cromoterapia\/uso-das-cores-no-dia-a-dia\/#primaryimage"},"thumbnailUrl":"https:\/\/www.iquilibrio.com\/blog\/wp-content\/uploads\/2020\/08\/cromoterapia.png","datePublished":"2020-08-28T16:33:18+00:00","dateModified":"2020-08-28T16:33:46+00:00","description":"Descubra o significado de todas as cores e como voc\u00ea pode usar a cromoterapia a seu favor! Clique e leia o artigo feito pela consultora Gopi!","breadcrumb":{"@id":"https:\/\/www.iquilibrio.com\/blog\/terapias-alternativas\/cromoterapia\/uso-das-cores-no-dia-a-dia\/#breadcrumb"},"inLanguage":"pt-BR","potentialAction":[{"@type":"ReadAction","target":["https:\/\/www.iquilibrio.com\/blog\/terapias-alternativas\/cromoterapia\/uso-das-cores-no-dia-a-dia\/"]}]},{"@type":"ImageObject","inLanguage":"pt-BR","@id":"https:\/\/www.iquilibrio.com\/blog\/terapias-alternativas\/cromoterapia\/uso-das-cores-no-dia-a-dia\/#primaryimage","url":"https:\/\/www.iquilibrio.com\/blog\/wp-content\/uploads\/2020\/08\/cromoterapia.png","contentUrl":"https:\/\/www.iquilibrio.com\/blog\/wp-content\/uploads\/2020\/08\/cromoterapia.png","width":900,"height":560},{"@type":"BreadcrumbList","@id":"https:\/\/www.iquilibrio.com\/blog\/terapias-alternativas\/cromoterapia\/uso-das-cores-no-dia-a-dia\/#breadcrumb","itemListElement":[{"@type":"ListItem","position":1,"name":"In\u00edcio","item":"https:\/\/www.iquilibrio.com\/blog\/"},{"@type":"ListItem","position":2,"name":"Cromoterapia &#8211; O uso das cores no dia a dia &#8211; Pela consultora Gopi"}]},{"@type":"WebSite","@id":"https:\/\/www.iquilibrio.com\/blog\/#website","url":"https:\/\/www.iquilibrio.com\/blog\/","name":"iQuilibrio","description":"Blog iQuilibrio","publisher":{"@id":"https:\/\/www.iquilibrio.com\/blog\/#organization"},"potentialAction":[{"@type":"SearchAction","target":{"@type":"EntryPoint","urlTemplate":"https:\/\/www.iquilibrio.com\/blog\/?s={search_term_string}"},"query-input":{"@type":"PropertyValueSpecification","valueRequired":true,"valueName":"search_term_string"}}],"inLanguage":"pt-BR"},{"@type":"Organization","@id":"https:\/\/www.iquilibrio.com\/blog\/#organization","name":"Esoterismo, Misticismo e Tarot Online - iQuilibrio","url":"https:\/\/www.iquilibrio.com\/blog\/","logo":{"@type":"ImageObject","inLanguage":"pt-BR","@id":"https:\/\/www.iquilibrio.com\/blog\/#\/schema\/logo\/image\/","url":"https:\/\/www.iquilibrio.com\/blog\/wp-content\/uploads\/2018\/12\/iquilibrio_lovo_vetor_preto-retina.png","contentUrl":"https:\/\/www.iquilibrio.com\/blog\/wp-content\/uploads\/2018\/12\/iquilibrio_lovo_vetor_preto-retina.png","width":972,"height":180,"caption":"Esoterismo, Misticismo e Tarot Online - iQuilibrio"},"image":{"@id":"https:\/\/www.iquilibrio.com\/blog\/#\/schema\/logo\/image\/"},"sameAs":["https:\/\/www.facebook.com\/iQuilibrio\/","https:\/\/x.com\/iquilibrio","https:\/\/www.instagram.com\/iquilibrio\/","https:\/\/www.linkedin.com\/company\/iquilibrio\/","https:\/\/br.pinterest.com\/iquilibrio1397\/","https:\/\/www.youtube.com\/channel\/UC175qxd-4Zsi4wzawT5zF2g"]},{"@type":"Person","@id":"https:\/\/www.iquilibrio.com\/blog\/#\/schema\/person\/199505a1f0db0d00f022188666c75dca","name":"Reda\u00e7\u00e3o iQuilibrio","image":{"@type":"ImageObject","inLanguage":"pt-BR","@id":"https:\/\/www.iquilibrio.com\/blog\/wp-content\/uploads\/2021\/12\/Consulta-por-email-3-150x150.png","url":"https:\/\/www.iquilibrio.com\/blog\/wp-content\/uploads\/2021\/12\/Consulta-por-email-3-150x150.png","contentUrl":"https:\/\/www.iquilibrio.com\/blog\/wp-content\/uploads\/2021\/12\/Consulta-por-email-3-150x150.png","caption":"Reda\u00e7\u00e3o iQuilibrio"},"description":"A equipe de reda\u00e7\u00e3o da iQuilibrio \u00e9 composta pelos mais diversos especialistas e esot\u00e9ricos. Al\u00e9m de dominar a arte de traduzir as energias que o universo emana, nossos redatores sentem imenso prazer em trabalhar com palavras. Boa leitura e um \u00f3timo aprendizado!","url":"https:\/\/www.iquilibrio.com\/blog\/author\/juliana\/"}]}},"_links":{"self":[{"href":"https:\/\/www.iquilibrio.com\/blog\/wp-json\/wp\/v2\/posts\/30261","targetHints":{"allow":["GET"]}}],"collection":[{"href":"https:\/\/www.iquilibrio.com\/blog\/wp-json\/wp\/v2\/posts"}],"about":[{"href":"https:\/\/www.iquilibrio.com\/blog\/wp-json\/wp\/v2\/types\/post"}],"author":[{"embeddable":true,"href":"https:\/\/www.iquilibrio.com\/blog\/wp-json\/wp\/v2\/users\/20"}],"replies":[{"embeddable":true,"href":"https:\/\/www.iquilibrio.com\/blog\/wp-json\/wp\/v2\/comments?post=30261"}],"version-history":[{"count":5,"href":"https:\/\/www.iquilibrio.com\/blog\/wp-json\/wp\/v2\/posts\/30261\/revisions"}],"predecessor-version":[{"id":30274,"href":"https:\/\/www.iquilibrio.com\/blog\/wp-json\/wp\/v2\/posts\/30261\/revisions\/30274"}],"wp:featuredmedia":[{"embeddable":true,"href":"https:\/\/www.iquilibrio.com\/blog\/wp-json\/wp\/v2\/media\/30263"}],"wp:attachment":[{"href":"https:\/\/www.iquilibrio.com\/blog\/wp-json\/wp\/v2\/media?parent=30261"}],"wp:term":[{"taxonomy":"category","embeddable":true,"href":"https:\/\/www.iquilibrio.com\/blog\/wp-json\/wp\/v2\/categories?post=30261"},{"taxonomy":"post_tag","embeddable":true,"href":"https:\/\/www.iquilibrio.com\/blog\/wp-json\/wp\/v2\/tags?post=30261"}],"curies":[{"name":"wp","href":"https:\/\/api.w.org\/{rel}","templated":true}]}}