{"id":29936,"date":"2020-05-21T14:45:28","date_gmt":"2020-05-21T17:45:28","guid":{"rendered":"https:\/\/www.iquilibrio.com\/blog\/?p=29936"},"modified":"2020-05-21T14:45:28","modified_gmt":"2020-05-21T17:45:28","slug":"como-organizar-sua-vida-pessoal","status":"publish","type":"post","link":"https:\/\/www.iquilibrio.com\/blog\/bem-estar\/como-organizar-sua-vida-pessoal\/","title":{"rendered":"5 dicas de como organizar sua vida pessoal &#8211; Pela Consultora Daniela"},"content":{"rendered":"<p><span style=\"font-weight: 400;\">E de repente percebemos que a vida desandou. Como disse um conhecido \u201ceu me enrolei comigo <\/span><span style=\"font-weight: 400;\">mesmo\u201c. Quantas vezes n\u00e3o passamos por isso? Estava tudo indo bem: contas em dia, treino, dieta, <\/span><span style=\"font-weight: 400;\">sono. Um dia abre-se uma exce\u00e7\u00e3o na dieta, no outro um gasto extravagante com aquela justificativa de <\/span><span style=\"font-weight: 400;\">que \u201ccomprei porque estava precisando muito\u201d. Da\u00ed surgem tantas parcelas no cart\u00e3o. <\/span><\/p>\n<p><span style=\"font-weight: 400;\">Um dia a ficha cai e voc\u00ea se depara: quilos a mais, parcelas extras, sono a menos, <\/span><span style=\"font-weight: 400;\">olheiras, baixa auto-estima, d\u00edvidas. E quando o panorama fica bem pior por causa de um susto na <\/span><span style=\"font-weight: 400;\">sa\u00fade ou pela perda de um emprego? Ah! Pode ser tamb\u00e9m um fim de relacionamento. Derrota total!<\/span><\/p>\n<p><span style=\"font-weight: 400;\">Nada \u00e9 t\u00e3o ruim que nunca acabe e nem t\u00e3o bom que dure para sempre. Caiu a ficha? Desespero?<\/span><span style=\"font-weight: 400;\"> Mova-se! Essa \u00e9 a hora da virada. Vem comigo! Vou compartilhar umas dicas\u00a0<\/span><span style=\"font-weight: 400;\">que uso no meu dia a dia.<\/span><\/p>\n<h2><span style=\"font-weight: 400;\">Dica 1 &#8211;\u00a0<\/span><span style=\"font-weight: 400;\">Aprenda a respirar e medite. <\/span><\/h2>\n<p><span style=\"font-weight: 400;\">No caos precisamos de pausas. Existe um lugar dentro da gente aonde <\/span><span style=\"font-weight: 400;\">est\u00e3o todas as respostas. Antes de agir vale perceber, sentir, organizar os sentimentos e as id\u00e9ias.<\/span><\/p>\n<p><span style=\"font-weight: 400;\">Nada de sair como um fio desencapado tentando resolver os problemas ou fazendo o contr\u00e1rio, que \u00e9 <\/span><span style=\"font-weight: 400;\">fugir deles. Outra coisa, esse lugar de paz \u00e9 uma conquista, leva tempo, mas pode ter certeza que \u00e9 um <\/span><span style=\"font-weight: 400;\">big b\u00f4nus para a vida!<\/span><\/p>\n<h2><span style=\"font-weight: 400;\">Dica 2 &#8211;\u00a0 <\/span><span style=\"font-weight: 400;\">Liste as prioridades<\/span><\/h2>\n<p><span style=\"font-weight: 400;\">O que \u00e9 urgente, de m\u00e9dio e longo prazo! N\u00e3o d\u00e1 para resolver tudo de uma vez<\/span><\/p>\n<p><span style=\"font-weight: 400;\">ent\u00e3o voc\u00ea precisa entender o que d\u00e1 para ser feito, como e quando.<\/span><\/p>\n<h2><span style=\"font-weight: 400;\">Dica 3 &#8211; Financeiramente<\/span><\/h2>\n<p><span style=\"font-weight: 400;\">Se o seu problema \u00e9 financeiro fa\u00e7a um levantamento do que gasta e das suas d\u00edvidas. Acredite, tem <\/span><span style=\"font-weight: 400;\">gente que n\u00e3o consegue encarar as pr\u00f3prias contas. Mas depois de analisar a planilha sente um baita <\/span><span style=\"font-weight: 400;\">al\u00edvio porque \u00e9 libertador ter o dom\u00ednio do que se ganha e do que se gasta. Da\u00ed se pode conversar com <\/span><span style=\"font-weight: 400;\">os credores, renegociar d\u00edvidas, entender prazos. Dinheiro \u00e9 energia. A roda gira!<\/span><\/p>\n<h2><span style=\"font-weight: 400;\">Dica 4 &#8211; Coragem e mudan\u00e7as<\/span><\/h2>\n<p><span style=\"font-weight: 400;\">Avalie com sinceridade o que n\u00e3o cabe mais na sua vida. Coragem para fazer as mudan\u00e7as <\/span><span style=\"font-weight: 400;\">necess\u00e1rias. Como diz a Maria Gadu na m\u00fasica Dona Cila: \u201co apego tem que ir embora \u201c. Nada pior que <\/span><span style=\"font-weight: 400;\">uma vida arrastada, engessada e sem sentido. Eu sei que falar \u00e9 f\u00e1cil e que ter coragem \u00e9 uma outra <\/span><span style=\"font-weight: 400;\">etapa. Mas se pelo menos voc\u00ea tiver consci\u00eancia do que precisa mudar, j\u00e1 \u00e9 meio caminho andado.<\/span><\/p>\n<p><span style=\"font-weight: 400;\">Com o tempo as id\u00e9ias amadurecem e a iniciativa desabrocha.<\/span><\/p>\n<h2><span style=\"font-weight: 400;\">Dica 5 &#8211; Paci\u00eancia<\/span><\/h2>\n<p><span style=\"font-weight: 400;\">Cada um tem o seu pr\u00f3prio ritmo. F\u00f3rmulas, sugest\u00f5es e conselhos inspiram mas isso n\u00e3o quer dizer <\/span><span style=\"font-weight: 400;\">que o que funciona para mim seja bom para voc\u00ea. Descubra o que move sua alma, o que te d\u00e1 <\/span><span style=\"font-weight: 400;\">entusiasmo! Aprenda a se dar prazer. Tire um tempo para voc\u00ea. Quando aprendemos a nos respeitar e <\/span><span style=\"font-weight: 400;\">temos consci\u00eancia do nosso valor estamos prontos para fazer escolhas. E s\u00f3 assim podemos fechar <\/span><span style=\"font-weight: 400;\">ciclos para explorar novos horizontes.<\/span><\/p>\n<p><span style=\"font-weight: 400;\">Dani Rebellov<\/span><\/p>\n<h2><span id=\"Saiba_um_pouco_mais_sobre_a_consultora_Daniela\"><img loading=\"lazy\" decoding=\"async\" class=\"size-full wp-image-21365 alignleft td-animation-stack-type0-2 td-animation-stack-type0-1\" src=\"https:\/\/www.iquilibrio.com\/blog\/wp-content\/uploads\/2018\/12\/daniela.jpg\" alt=\"\" width=\"100\" height=\"100\" \/>Saiba um pouco mais sobre a consultora Daniela<\/span><\/h2>\n<p>Chamada de Dani pela maioria de seus consulentes, nossa esot\u00e9rica Daniela \u00e9 conhecida por sua assertividade e acolhimento em seus atendimentos. A meta da Daniela \u00e9 que cada cliente atendido saia da consulta n\u00e3o somente com uma previs\u00e3o, e sim com um maior esclarecimento sobre a vida e os melhores caminhos a seguir. Voc\u00ea busca por conselhos para melhorar sua vida? Ent\u00e3o\u00a0<a href=\"https:\/\/www.iquilibrio.com\/esotericos\/daniela\/\"><span class=\"class-texto-consultor\">clique aqui e fale com a Daniela<\/span><\/a>.<\/p>\n<p><a href=\"https:\/\/www.iquilibrio.com\/esotericos\/daniela\/\"><span class=\"td_btn td_btn_lg td_round_btn class-cta2\">Confira Aqui os Produtos e Atendimentos Especializados da Consultora Daniela<\/span><\/a><\/p>\n\n\n<div class=\"kk-star-ratings kksr-auto kksr-align-left kksr-valign-bottom\"\n    data-payload='{&quot;align&quot;:&quot;left&quot;,&quot;id&quot;:&quot;29936&quot;,&quot;slug&quot;:&quot;default&quot;,&quot;valign&quot;:&quot;bottom&quot;,&quot;ignore&quot;:&quot;&quot;,&quot;reference&quot;:&quot;auto&quot;,&quot;class&quot;:&quot;&quot;,&quot;count&quot;:&quot;0&quot;,&quot;legendonly&quot;:&quot;&quot;,&quot;readonly&quot;:&quot;&quot;,&quot;score&quot;:&quot;0&quot;,&quot;starsonly&quot;:&quot;&quot;,&quot;best&quot;:&quot;5&quot;,&quot;gap&quot;:&quot;5&quot;,&quot;greet&quot;:&quot;Rate this post&quot;,&quot;legend&quot;:&quot;0\\\/5 - (0 voto)&quot;,&quot;size&quot;:&quot;24&quot;,&quot;title&quot;:&quot;5 dicas de como organizar sua vida pessoal - Pela Consultora Daniela&quot;,&quot;width&quot;:&quot;0&quot;,&quot;_legend&quot;:&quot;{score}\\\/{best} - ({count} {votes})&quot;,&quot;font_factor&quot;:&quot;1.25&quot;}'>\n            \n<div class=\"kksr-stars\">\n    \n<div class=\"kksr-stars-inactive\">\n            <div class=\"kksr-star\" data-star=\"1\" style=\"padding-right: 5px\">\n            \n\n<div class=\"kksr-icon\" style=\"width: 24px; height: 24px;\"><\/div>\n        <\/div>\n            <div class=\"kksr-star\" data-star=\"2\" style=\"padding-right: 5px\">\n            \n\n<div class=\"kksr-icon\" style=\"width: 24px; height: 24px;\"><\/div>\n        <\/div>\n            <div class=\"kksr-star\" data-star=\"3\" style=\"padding-right: 5px\">\n            \n\n<div class=\"kksr-icon\" style=\"width: 24px; height: 24px;\"><\/div>\n        <\/div>\n            <div class=\"kksr-star\" data-star=\"4\" style=\"padding-right: 5px\">\n            \n\n<div class=\"kksr-icon\" style=\"width: 24px; height: 24px;\"><\/div>\n        <\/div>\n            <div class=\"kksr-star\" data-star=\"5\" style=\"padding-right: 5px\">\n            \n\n<div class=\"kksr-icon\" style=\"width: 24px; height: 24px;\"><\/div>\n        <\/div>\n    <\/div>\n    \n<div class=\"kksr-stars-active\" style=\"width: 0px;\">\n            <div class=\"kksr-star\" style=\"padding-right: 5px\">\n            \n\n<div class=\"kksr-icon\" style=\"width: 24px; height: 24px;\"><\/div>\n        <\/div>\n            <div class=\"kksr-star\" style=\"padding-right: 5px\">\n            \n\n<div class=\"kksr-icon\" style=\"width: 24px; height: 24px;\"><\/div>\n        <\/div>\n            <div class=\"kksr-star\" style=\"padding-right: 5px\">\n            \n\n<div class=\"kksr-icon\" style=\"width: 24px; height: 24px;\"><\/div>\n        <\/div>\n            <div class=\"kksr-star\" style=\"padding-right: 5px\">\n            \n\n<div class=\"kksr-icon\" style=\"width: 24px; height: 24px;\"><\/div>\n        <\/div>\n            <div class=\"kksr-star\" style=\"padding-right: 5px\">\n            \n\n<div class=\"kksr-icon\" style=\"width: 24px; height: 24px;\"><\/div>\n        <\/div>\n    <\/div>\n<\/div>\n                \n\n<div class=\"kksr-legend\" style=\"font-size: 19.2px;\">\n            <span class=\"kksr-muted\">Rate this post<\/span>\n    <\/div>\n    <\/div>\n","protected":false},"excerpt":{"rendered":"<p>E de repente percebemos que a vida desandou. Como disse um conhecido \u201ceu me enrolei comigo mesmo\u201c. Quantas vezes n\u00e3o passamos por isso? Estava tudo indo bem: contas em dia, treino, dieta, sono. Um dia abre-se uma exce\u00e7\u00e3o na dieta, no outro um gasto extravagante com aquela justificativa de que \u201ccomprei porque estava precisando muito\u201d. [&hellip;]<\/p>\n","protected":false},"author":20,"featured_media":29938,"comment_status":"open","ping_status":"open","sticky":false,"template":"","format":"standard","meta":{"footnotes":""},"categories":[592],"tags":[],"class_list":["post-29936","post","type-post","status-publish","format-standard","has-post-thumbnail","hentry","category-bem-estar"],"yoast_head":"<!-- This site is optimized with the Yoast SEO plugin v27.4 - https:\/\/yoast.com\/product\/yoast-seo-wordpress\/ -->\n<title>5 Dicas de Como Organizar Sua Vida Pessoal - Pela Consultora Daniela<\/title>\n<meta name=\"description\" content=\"E de repente percebemos que a vida desandou. Como disse um conhecido \u201ceu me enrolei comigo mesmo\u201c. Quantas vezes n\u00e3o passamos por isso? ... continue lendo...\" \/>\n<meta name=\"robots\" content=\"index, follow, max-snippet:-1, max-image-preview:large, max-video-preview:-1\" \/>\n<link rel=\"canonical\" href=\"https:\/\/www.iquilibrio.com\/blog\/bem-estar\/como-organizar-sua-vida-pessoal\/\" \/>\n<meta property=\"og:locale\" content=\"pt_BR\" \/>\n<meta property=\"og:type\" content=\"article\" \/>\n<meta property=\"og:title\" content=\"5 Dicas de Como Organizar Sua Vida Pessoal - Pela Consultora Daniela\" \/>\n<meta property=\"og:description\" content=\"E de repente percebemos que a vida desandou. Como disse um conhecido \u201ceu me enrolei comigo mesmo\u201c. Quantas vezes n\u00e3o passamos por isso? ... continue lendo...\" \/>\n<meta property=\"og:url\" content=\"https:\/\/www.iquilibrio.com\/blog\/bem-estar\/como-organizar-sua-vida-pessoal\/\" \/>\n<meta property=\"og:site_name\" content=\"iQuilibrio\" \/>\n<meta property=\"article:publisher\" content=\"https:\/\/www.facebook.com\/iQuilibrio\/\" \/>\n<meta property=\"article:published_time\" content=\"2020-05-21T17:45:28+00:00\" \/>\n<meta property=\"og:image\" content=\"https:\/\/www.iquilibrio.com\/blog\/wp-content\/uploads\/2020\/05\/dica-para-sua-vida-pessoal.png\" \/>\n\t<meta property=\"og:image:width\" content=\"900\" \/>\n\t<meta property=\"og:image:height\" content=\"560\" \/>\n\t<meta property=\"og:image:type\" content=\"image\/png\" \/>\n<meta name=\"author\" content=\"Reda\u00e7\u00e3o iQuilibrio\" \/>\n<meta name=\"twitter:card\" content=\"summary_large_image\" \/>\n<meta name=\"twitter:creator\" content=\"@iquilibrio\" \/>\n<meta name=\"twitter:site\" content=\"@iquilibrio\" \/>\n<meta name=\"twitter:label1\" content=\"Escrito por\" \/>\n\t<meta name=\"twitter:data1\" content=\"Reda\u00e7\u00e3o iQuilibrio\" \/>\n\t<meta name=\"twitter:label2\" content=\"Est. tempo de leitura\" \/>\n\t<meta name=\"twitter:data2\" content=\"3 minutos\" \/>\n<script type=\"application\/ld+json\" class=\"yoast-schema-graph\">{\"@context\":\"https:\\\/\\\/schema.org\",\"@graph\":[{\"@type\":\"Article\",\"@id\":\"https:\\\/\\\/www.iquilibrio.com\\\/blog\\\/bem-estar\\\/como-organizar-sua-vida-pessoal\\\/#article\",\"isPartOf\":{\"@id\":\"https:\\\/\\\/www.iquilibrio.com\\\/blog\\\/bem-estar\\\/como-organizar-sua-vida-pessoal\\\/\"},\"author\":{\"name\":\"Reda\u00e7\u00e3o iQuilibrio\",\"@id\":\"https:\\\/\\\/www.iquilibrio.com\\\/blog\\\/#\\\/schema\\\/person\\\/199505a1f0db0d00f022188666c75dca\"},\"headline\":\"5 dicas de como organizar sua vida pessoal &#8211; Pela Consultora Daniela\",\"datePublished\":\"2020-05-21T17:45:28+00:00\",\"mainEntityOfPage\":{\"@id\":\"https:\\\/\\\/www.iquilibrio.com\\\/blog\\\/bem-estar\\\/como-organizar-sua-vida-pessoal\\\/\"},\"wordCount\":624,\"commentCount\":0,\"publisher\":{\"@id\":\"https:\\\/\\\/www.iquilibrio.com\\\/blog\\\/#organization\"},\"image\":{\"@id\":\"https:\\\/\\\/www.iquilibrio.com\\\/blog\\\/bem-estar\\\/como-organizar-sua-vida-pessoal\\\/#primaryimage\"},\"thumbnailUrl\":\"https:\\\/\\\/www.iquilibrio.com\\\/blog\\\/wp-content\\\/uploads\\\/2020\\\/05\\\/dica-para-sua-vida-pessoal.png\",\"articleSection\":[\"Dicas de Bem-Estar\"],\"inLanguage\":\"pt-BR\"},{\"@type\":\"WebPage\",\"@id\":\"https:\\\/\\\/www.iquilibrio.com\\\/blog\\\/bem-estar\\\/como-organizar-sua-vida-pessoal\\\/\",\"url\":\"https:\\\/\\\/www.iquilibrio.com\\\/blog\\\/bem-estar\\\/como-organizar-sua-vida-pessoal\\\/\",\"name\":\"5 Dicas de Como Organizar Sua Vida Pessoal - Pela Consultora Daniela\",\"isPartOf\":{\"@id\":\"https:\\\/\\\/www.iquilibrio.com\\\/blog\\\/#website\"},\"primaryImageOfPage\":{\"@id\":\"https:\\\/\\\/www.iquilibrio.com\\\/blog\\\/bem-estar\\\/como-organizar-sua-vida-pessoal\\\/#primaryimage\"},\"image\":{\"@id\":\"https:\\\/\\\/www.iquilibrio.com\\\/blog\\\/bem-estar\\\/como-organizar-sua-vida-pessoal\\\/#primaryimage\"},\"thumbnailUrl\":\"https:\\\/\\\/www.iquilibrio.com\\\/blog\\\/wp-content\\\/uploads\\\/2020\\\/05\\\/dica-para-sua-vida-pessoal.png\",\"datePublished\":\"2020-05-21T17:45:28+00:00\",\"description\":\"E de repente percebemos que a vida desandou. Como disse um conhecido \u201ceu me enrolei comigo mesmo\u201c. Quantas vezes n\u00e3o passamos por isso? ... continue lendo...\",\"breadcrumb\":{\"@id\":\"https:\\\/\\\/www.iquilibrio.com\\\/blog\\\/bem-estar\\\/como-organizar-sua-vida-pessoal\\\/#breadcrumb\"},\"inLanguage\":\"pt-BR\",\"potentialAction\":[{\"@type\":\"ReadAction\",\"target\":[\"https:\\\/\\\/www.iquilibrio.com\\\/blog\\\/bem-estar\\\/como-organizar-sua-vida-pessoal\\\/\"]}]},{\"@type\":\"ImageObject\",\"inLanguage\":\"pt-BR\",\"@id\":\"https:\\\/\\\/www.iquilibrio.com\\\/blog\\\/bem-estar\\\/como-organizar-sua-vida-pessoal\\\/#primaryimage\",\"url\":\"https:\\\/\\\/www.iquilibrio.com\\\/blog\\\/wp-content\\\/uploads\\\/2020\\\/05\\\/dica-para-sua-vida-pessoal.png\",\"contentUrl\":\"https:\\\/\\\/www.iquilibrio.com\\\/blog\\\/wp-content\\\/uploads\\\/2020\\\/05\\\/dica-para-sua-vida-pessoal.png\",\"width\":900,\"height\":560},{\"@type\":\"BreadcrumbList\",\"@id\":\"https:\\\/\\\/www.iquilibrio.com\\\/blog\\\/bem-estar\\\/como-organizar-sua-vida-pessoal\\\/#breadcrumb\",\"itemListElement\":[{\"@type\":\"ListItem\",\"position\":1,\"name\":\"In\u00edcio\",\"item\":\"https:\\\/\\\/www.iquilibrio.com\\\/blog\\\/\"},{\"@type\":\"ListItem\",\"position\":2,\"name\":\"5 dicas de como organizar sua vida pessoal &#8211; Pela Consultora Daniela\"}]},{\"@type\":\"WebSite\",\"@id\":\"https:\\\/\\\/www.iquilibrio.com\\\/blog\\\/#website\",\"url\":\"https:\\\/\\\/www.iquilibrio.com\\\/blog\\\/\",\"name\":\"iQuilibrio\",\"description\":\"Blog iQuilibrio\",\"publisher\":{\"@id\":\"https:\\\/\\\/www.iquilibrio.com\\\/blog\\\/#organization\"},\"potentialAction\":[{\"@type\":\"SearchAction\",\"target\":{\"@type\":\"EntryPoint\",\"urlTemplate\":\"https:\\\/\\\/www.iquilibrio.com\\\/blog\\\/?s={search_term_string}\"},\"query-input\":{\"@type\":\"PropertyValueSpecification\",\"valueRequired\":true,\"valueName\":\"search_term_string\"}}],\"inLanguage\":\"pt-BR\"},{\"@type\":\"Organization\",\"@id\":\"https:\\\/\\\/www.iquilibrio.com\\\/blog\\\/#organization\",\"name\":\"Esoterismo, Misticismo e Tarot Online - iQuilibrio\",\"url\":\"https:\\\/\\\/www.iquilibrio.com\\\/blog\\\/\",\"logo\":{\"@type\":\"ImageObject\",\"inLanguage\":\"pt-BR\",\"@id\":\"https:\\\/\\\/www.iquilibrio.com\\\/blog\\\/#\\\/schema\\\/logo\\\/image\\\/\",\"url\":\"https:\\\/\\\/www.iquilibrio.com\\\/blog\\\/wp-content\\\/uploads\\\/2018\\\/12\\\/iquilibrio_lovo_vetor_preto-retina.png\",\"contentUrl\":\"https:\\\/\\\/www.iquilibrio.com\\\/blog\\\/wp-content\\\/uploads\\\/2018\\\/12\\\/iquilibrio_lovo_vetor_preto-retina.png\",\"width\":972,\"height\":180,\"caption\":\"Esoterismo, Misticismo e Tarot Online - iQuilibrio\"},\"image\":{\"@id\":\"https:\\\/\\\/www.iquilibrio.com\\\/blog\\\/#\\\/schema\\\/logo\\\/image\\\/\"},\"sameAs\":[\"https:\\\/\\\/www.facebook.com\\\/iQuilibrio\\\/\",\"https:\\\/\\\/x.com\\\/iquilibrio\",\"https:\\\/\\\/www.instagram.com\\\/iquilibrio\\\/\",\"https:\\\/\\\/www.linkedin.com\\\/company\\\/iquilibrio\\\/\",\"https:\\\/\\\/br.pinterest.com\\\/iquilibrio1397\\\/\",\"https:\\\/\\\/www.youtube.com\\\/channel\\\/UC175qxd-4Zsi4wzawT5zF2g\"]},{\"@type\":\"Person\",\"@id\":\"https:\\\/\\\/www.iquilibrio.com\\\/blog\\\/#\\\/schema\\\/person\\\/199505a1f0db0d00f022188666c75dca\",\"name\":\"Reda\u00e7\u00e3o iQuilibrio\",\"image\":{\"@type\":\"ImageObject\",\"inLanguage\":\"pt-BR\",\"@id\":\"https:\\\/\\\/www.iquilibrio.com\\\/blog\\\/wp-content\\\/uploads\\\/2021\\\/12\\\/Consulta-por-email-3-150x150.png\",\"url\":\"https:\\\/\\\/www.iquilibrio.com\\\/blog\\\/wp-content\\\/uploads\\\/2021\\\/12\\\/Consulta-por-email-3-150x150.png\",\"contentUrl\":\"https:\\\/\\\/www.iquilibrio.com\\\/blog\\\/wp-content\\\/uploads\\\/2021\\\/12\\\/Consulta-por-email-3-150x150.png\",\"caption\":\"Reda\u00e7\u00e3o iQuilibrio\"},\"description\":\"A equipe de reda\u00e7\u00e3o da iQuilibrio \u00e9 composta pelos mais diversos especialistas e esot\u00e9ricos. Al\u00e9m de dominar a arte de traduzir as energias que o universo emana, nossos redatores sentem imenso prazer em trabalhar com palavras. Boa leitura e um \u00f3timo aprendizado!\",\"url\":\"https:\\\/\\\/www.iquilibrio.com\\\/blog\\\/author\\\/juliana\\\/\"}]}<\/script>\n<!-- \/ Yoast SEO plugin. -->","yoast_head_json":{"title":"5 Dicas de Como Organizar Sua Vida Pessoal - Pela Consultora Daniela","description":"E de repente percebemos que a vida desandou. Como disse um conhecido \u201ceu me enrolei comigo mesmo\u201c. Quantas vezes n\u00e3o passamos por isso? ... continue lendo...","robots":{"index":"index","follow":"follow","max-snippet":"max-snippet:-1","max-image-preview":"max-image-preview:large","max-video-preview":"max-video-preview:-1"},"canonical":"https:\/\/www.iquilibrio.com\/blog\/bem-estar\/como-organizar-sua-vida-pessoal\/","og_locale":"pt_BR","og_type":"article","og_title":"5 Dicas de Como Organizar Sua Vida Pessoal - Pela Consultora Daniela","og_description":"E de repente percebemos que a vida desandou. Como disse um conhecido \u201ceu me enrolei comigo mesmo\u201c. Quantas vezes n\u00e3o passamos por isso? ... continue lendo...","og_url":"https:\/\/www.iquilibrio.com\/blog\/bem-estar\/como-organizar-sua-vida-pessoal\/","og_site_name":"iQuilibrio","article_publisher":"https:\/\/www.facebook.com\/iQuilibrio\/","article_published_time":"2020-05-21T17:45:28+00:00","og_image":[{"width":900,"height":560,"url":"https:\/\/www.iquilibrio.com\/blog\/wp-content\/uploads\/2020\/05\/dica-para-sua-vida-pessoal.png","type":"image\/png"}],"author":"Reda\u00e7\u00e3o iQuilibrio","twitter_card":"summary_large_image","twitter_creator":"@iquilibrio","twitter_site":"@iquilibrio","twitter_misc":{"Escrito por":"Reda\u00e7\u00e3o iQuilibrio","Est. tempo de leitura":"3 minutos"},"schema":{"@context":"https:\/\/schema.org","@graph":[{"@type":"Article","@id":"https:\/\/www.iquilibrio.com\/blog\/bem-estar\/como-organizar-sua-vida-pessoal\/#article","isPartOf":{"@id":"https:\/\/www.iquilibrio.com\/blog\/bem-estar\/como-organizar-sua-vida-pessoal\/"},"author":{"name":"Reda\u00e7\u00e3o iQuilibrio","@id":"https:\/\/www.iquilibrio.com\/blog\/#\/schema\/person\/199505a1f0db0d00f022188666c75dca"},"headline":"5 dicas de como organizar sua vida pessoal &#8211; Pela Consultora Daniela","datePublished":"2020-05-21T17:45:28+00:00","mainEntityOfPage":{"@id":"https:\/\/www.iquilibrio.com\/blog\/bem-estar\/como-organizar-sua-vida-pessoal\/"},"wordCount":624,"commentCount":0,"publisher":{"@id":"https:\/\/www.iquilibrio.com\/blog\/#organization"},"image":{"@id":"https:\/\/www.iquilibrio.com\/blog\/bem-estar\/como-organizar-sua-vida-pessoal\/#primaryimage"},"thumbnailUrl":"https:\/\/www.iquilibrio.com\/blog\/wp-content\/uploads\/2020\/05\/dica-para-sua-vida-pessoal.png","articleSection":["Dicas de Bem-Estar"],"inLanguage":"pt-BR"},{"@type":"WebPage","@id":"https:\/\/www.iquilibrio.com\/blog\/bem-estar\/como-organizar-sua-vida-pessoal\/","url":"https:\/\/www.iquilibrio.com\/blog\/bem-estar\/como-organizar-sua-vida-pessoal\/","name":"5 Dicas de Como Organizar Sua Vida Pessoal - Pela Consultora Daniela","isPartOf":{"@id":"https:\/\/www.iquilibrio.com\/blog\/#website"},"primaryImageOfPage":{"@id":"https:\/\/www.iquilibrio.com\/blog\/bem-estar\/como-organizar-sua-vida-pessoal\/#primaryimage"},"image":{"@id":"https:\/\/www.iquilibrio.com\/blog\/bem-estar\/como-organizar-sua-vida-pessoal\/#primaryimage"},"thumbnailUrl":"https:\/\/www.iquilibrio.com\/blog\/wp-content\/uploads\/2020\/05\/dica-para-sua-vida-pessoal.png","datePublished":"2020-05-21T17:45:28+00:00","description":"E de repente percebemos que a vida desandou. Como disse um conhecido \u201ceu me enrolei comigo mesmo\u201c. Quantas vezes n\u00e3o passamos por isso? ... continue lendo...","breadcrumb":{"@id":"https:\/\/www.iquilibrio.com\/blog\/bem-estar\/como-organizar-sua-vida-pessoal\/#breadcrumb"},"inLanguage":"pt-BR","potentialAction":[{"@type":"ReadAction","target":["https:\/\/www.iquilibrio.com\/blog\/bem-estar\/como-organizar-sua-vida-pessoal\/"]}]},{"@type":"ImageObject","inLanguage":"pt-BR","@id":"https:\/\/www.iquilibrio.com\/blog\/bem-estar\/como-organizar-sua-vida-pessoal\/#primaryimage","url":"https:\/\/www.iquilibrio.com\/blog\/wp-content\/uploads\/2020\/05\/dica-para-sua-vida-pessoal.png","contentUrl":"https:\/\/www.iquilibrio.com\/blog\/wp-content\/uploads\/2020\/05\/dica-para-sua-vida-pessoal.png","width":900,"height":560},{"@type":"BreadcrumbList","@id":"https:\/\/www.iquilibrio.com\/blog\/bem-estar\/como-organizar-sua-vida-pessoal\/#breadcrumb","itemListElement":[{"@type":"ListItem","position":1,"name":"In\u00edcio","item":"https:\/\/www.iquilibrio.com\/blog\/"},{"@type":"ListItem","position":2,"name":"5 dicas de como organizar sua vida pessoal &#8211; Pela Consultora Daniela"}]},{"@type":"WebSite","@id":"https:\/\/www.iquilibrio.com\/blog\/#website","url":"https:\/\/www.iquilibrio.com\/blog\/","name":"iQuilibrio","description":"Blog iQuilibrio","publisher":{"@id":"https:\/\/www.iquilibrio.com\/blog\/#organization"},"potentialAction":[{"@type":"SearchAction","target":{"@type":"EntryPoint","urlTemplate":"https:\/\/www.iquilibrio.com\/blog\/?s={search_term_string}"},"query-input":{"@type":"PropertyValueSpecification","valueRequired":true,"valueName":"search_term_string"}}],"inLanguage":"pt-BR"},{"@type":"Organization","@id":"https:\/\/www.iquilibrio.com\/blog\/#organization","name":"Esoterismo, Misticismo e Tarot Online - iQuilibrio","url":"https:\/\/www.iquilibrio.com\/blog\/","logo":{"@type":"ImageObject","inLanguage":"pt-BR","@id":"https:\/\/www.iquilibrio.com\/blog\/#\/schema\/logo\/image\/","url":"https:\/\/www.iquilibrio.com\/blog\/wp-content\/uploads\/2018\/12\/iquilibrio_lovo_vetor_preto-retina.png","contentUrl":"https:\/\/www.iquilibrio.com\/blog\/wp-content\/uploads\/2018\/12\/iquilibrio_lovo_vetor_preto-retina.png","width":972,"height":180,"caption":"Esoterismo, Misticismo e Tarot Online - iQuilibrio"},"image":{"@id":"https:\/\/www.iquilibrio.com\/blog\/#\/schema\/logo\/image\/"},"sameAs":["https:\/\/www.facebook.com\/iQuilibrio\/","https:\/\/x.com\/iquilibrio","https:\/\/www.instagram.com\/iquilibrio\/","https:\/\/www.linkedin.com\/company\/iquilibrio\/","https:\/\/br.pinterest.com\/iquilibrio1397\/","https:\/\/www.youtube.com\/channel\/UC175qxd-4Zsi4wzawT5zF2g"]},{"@type":"Person","@id":"https:\/\/www.iquilibrio.com\/blog\/#\/schema\/person\/199505a1f0db0d00f022188666c75dca","name":"Reda\u00e7\u00e3o iQuilibrio","image":{"@type":"ImageObject","inLanguage":"pt-BR","@id":"https:\/\/www.iquilibrio.com\/blog\/wp-content\/uploads\/2021\/12\/Consulta-por-email-3-150x150.png","url":"https:\/\/www.iquilibrio.com\/blog\/wp-content\/uploads\/2021\/12\/Consulta-por-email-3-150x150.png","contentUrl":"https:\/\/www.iquilibrio.com\/blog\/wp-content\/uploads\/2021\/12\/Consulta-por-email-3-150x150.png","caption":"Reda\u00e7\u00e3o iQuilibrio"},"description":"A equipe de reda\u00e7\u00e3o da iQuilibrio \u00e9 composta pelos mais diversos especialistas e esot\u00e9ricos. Al\u00e9m de dominar a arte de traduzir as energias que o universo emana, nossos redatores sentem imenso prazer em trabalhar com palavras. Boa leitura e um \u00f3timo aprendizado!","url":"https:\/\/www.iquilibrio.com\/blog\/author\/juliana\/"}]}},"_links":{"self":[{"href":"https:\/\/www.iquilibrio.com\/blog\/wp-json\/wp\/v2\/posts\/29936","targetHints":{"allow":["GET"]}}],"collection":[{"href":"https:\/\/www.iquilibrio.com\/blog\/wp-json\/wp\/v2\/posts"}],"about":[{"href":"https:\/\/www.iquilibrio.com\/blog\/wp-json\/wp\/v2\/types\/post"}],"author":[{"embeddable":true,"href":"https:\/\/www.iquilibrio.com\/blog\/wp-json\/wp\/v2\/users\/20"}],"replies":[{"embeddable":true,"href":"https:\/\/www.iquilibrio.com\/blog\/wp-json\/wp\/v2\/comments?post=29936"}],"version-history":[{"count":3,"href":"https:\/\/www.iquilibrio.com\/blog\/wp-json\/wp\/v2\/posts\/29936\/revisions"}],"predecessor-version":[{"id":29940,"href":"https:\/\/www.iquilibrio.com\/blog\/wp-json\/wp\/v2\/posts\/29936\/revisions\/29940"}],"wp:featuredmedia":[{"embeddable":true,"href":"https:\/\/www.iquilibrio.com\/blog\/wp-json\/wp\/v2\/media\/29938"}],"wp:attachment":[{"href":"https:\/\/www.iquilibrio.com\/blog\/wp-json\/wp\/v2\/media?parent=29936"}],"wp:term":[{"taxonomy":"category","embeddable":true,"href":"https:\/\/www.iquilibrio.com\/blog\/wp-json\/wp\/v2\/categories?post=29936"},{"taxonomy":"post_tag","embeddable":true,"href":"https:\/\/www.iquilibrio.com\/blog\/wp-json\/wp\/v2\/tags?post=29936"}],"curies":[{"name":"wp","href":"https:\/\/api.w.org\/{rel}","templated":true}]}}