{"id":29827,"date":"2020-04-15T17:56:58","date_gmt":"2020-04-15T20:56:58","guid":{"rendered":"https:\/\/www.iquilibrio.com\/blog\/?p=29827"},"modified":"2020-04-15T17:56:58","modified_gmt":"2020-04-15T20:56:58","slug":"o-que-sao-elfos","status":"publish","type":"post","link":"https:\/\/www.iquilibrio.com\/blog\/espiritualidade\/o-que-sao-elfos\/","title":{"rendered":"O que s\u00e3o elfos? elfos existem? &#8211; Pela Consultora Gislaine"},"content":{"rendered":"<p><span style=\"font-weight: 400;\">Os Elfos s\u00e3o divindades da Mitologia n\u00f3rdica e c\u00e9ltica, criaturas do crep\u00fasculo e da noite. <\/span><span style=\"font-weight: 400;\">Embora sejam seres capazes de voar, s\u00e3o origin\u00e1rios da terra e das \u00e1guas. Existem <\/span><span style=\"font-weight: 400;\">os Elfos da luz: seres et\u00e9reos e os<\/span> Elfos da escurid\u00e3o, que s\u00e3o mais densos, estes seres mal\u00e9ficos, provocam pavores da morte quando atraem os humanos a participarem de suas dan\u00e7as noturnas para em seguida lev\u00e1-los \u00e0 loucura e ao \u00f3bito.<\/p>\n<p style=\"text-align: center;\"><span class=\"td_btn td_btn_md td_round_btn\" style=\"color: #ffffff;\"><a style=\"color: #ffffff;\" href=\"https:\/\/www.iquilibrio.com\/esotericos\/gislaine\/\">Quer falar com a consulta Gislaine? Entenda melhor sua vida em uma consulta transformadora! Clique Aqui!<\/a><\/span><\/p>\n<p><span style=\"font-weight: 400;\">Por incr\u00edvel que pare\u00e7a, os Elfos j\u00e1 foram seres f\u00edsicos parecidos com <\/span><span style=\"font-weight: 400;\">os humanos, por\u00e9m com ossos male\u00e1veis.<\/span><\/p>\n<h3>\u00ccndice<\/h3>\n<h2>Quem s\u00e3o os Elfos?<\/h2>\n<p><span style=\"font-weight: 400;\">S\u00e3o um pequeno povo de cabelos claros, belos rostos, que vivem em uma regi\u00e3o <\/span><span style=\"font-weight: 400;\">escura, falam pouco e s<\/span><span style=\"font-weight: 400;\">ua maneira de expressar-se \u00e9 atrav\u00e9s de um sibilo claro.\u00a0<\/span><span style=\"font-weight: 400;\">Quando n\u00e3o residem em suas encantadas, eles vivem embaixo da terra. Sempre e<\/span><span style=\"font-weight: 400;\">m fun\u00e7\u00e3o das fases da lua, as moradas ocultas dos elfos surgem da terra, ent\u00e3o \u00e9 poss\u00edvel <\/span><span style=\"font-weight: 400;\">distinguir as silhuetas de seus habitantes e perceber o som da sua voz e da sua m\u00fasica.<\/span><\/p>\n<p><span style=\"font-weight: 400;\">As casas do Elfos s\u00e3o grandes e belas, embora invis\u00edveis para os olhos, mas como em <\/span><span style=\"font-weight: 400;\">outras ilhas encantadas, possuem luzes de abeto, l\u00e2mpadas que ardem sem interrup\u00e7\u00e3o e <\/span><span style=\"font-weight: 400;\">fogos que n\u00e3o tem nenhum combust\u00edvel que os mantenha acesos.<\/span><\/p>\n<p><span style=\"font-weight: 400;\">Os Elfos n\u00e3o gostam de ser molestados e n\u00e3o permitem serem vistos por simples humanos. <\/span><span style=\"font-weight: 400;\">Os observadores devem ter paci\u00eancia e serem discretos se conseguirem ganhar a amizade e a <\/span><span style=\"font-weight: 400;\">cumplicidade do povo invis\u00edvel.<\/span><\/p>\n<p><span style=\"font-weight: 400;\">Diziam na idade m\u00e9dia q<\/span><span style=\"font-weight: 400;\">ue eles eram respons\u00e1veis por curar pessoas, uma dor repentina se invocava o Elfo para <\/span><span style=\"font-weight: 400;\">cura. Eram divindades maiores da natureza e da fertilidade. <\/span><\/p>\n<p><span style=\"font-weight: 400;\">Eles s\u00e3o geralmente mostrados <\/span><span style=\"font-weight: 400;\">como jovens de grande beleza vivendo entre florestas, sob a terra, em fontes e outros lugares <\/span><span style=\"font-weight: 400;\">naturais. Foram retratados como seres sens\u00edveis, de longa vida ou imortalidade, com poderes <\/span><span style=\"font-weight: 400;\">m\u00e1gicos e grande liga\u00e7\u00e3o com a natureza.<\/span><\/p>\n<h3>Lenda dos Elfos<\/h3>\n<p><span style=\"font-weight: 400;\">Uma lenda diz que se espalhar folhas de escambroeiro ou espinheiro-cerval ( Rhamnus <\/span><span style=\"font-weight: 400;\">cath\u00e1rtica) de frutos purgativos em um circulo e dan\u00e7ar dentro dele sob a lua cheia, aparecer\u00e1 <\/span><span style=\"font-weight: 400;\">um elfo. O dan\u00e7arino deve ver o elfo e dizer: &#8220;Haltand grand my boon!&#8221; (pare e me de uma <\/span><span style=\"font-weight: 400;\">ben\u00e7\u00e3o!) antes que ele fuja. O elfo atender\u00e1 ent\u00e3o um desejo.<\/span><\/p>\n<p><span style=\"font-weight: 400;\">Projetos de constru\u00e7\u00e3o na Isl\u00e2ndia s\u00e3o alterados ocasionalmente para prevenir que as rochas <\/span><span style=\"font-weight: 400;\">onde acredita-se que eles vivam sejam danificadas. De acordo com essas cren\u00e7as populares <\/span><span style=\"font-weight: 400;\">islandesas n\u00e3o se deve jogar pedras devido a possibilidade de atingir o Povo Oculto.<\/span><\/p>\n<p><span style=\"font-weight: 400;\">Em Reykjavik h\u00e1 uma escola chamada Icelandia Elf Shool que organiza excurs\u00f5es <\/span><span style=\"font-weight: 400;\">educacionais de cinco horas de dura\u00e7\u00e3o para visitantes. A cidade de Hafnarfjorour, oferece <\/span><span style=\"font-weight: 400;\">uma caminhada guiada de cerca de 90 minutos. Inclui um passeio no parque Hellisgerdi, onde <\/span><span style=\"font-weight: 400;\">os caminhos curvam-se por um campo de lava com \u00e1rvores altas e arvores de bonsai em <\/span><span style=\"font-weight: 400;\">vasos. \u00c9 dito que \u00e9 povoado pela maior col\u00f4nia \u00e9lfica da cidade.<\/span><\/p>\n<h2><span style=\"font-weight: 400;\">Curiosidades<\/span><\/h2>\n<p><span style=\"font-weight: 400;\">\u00c1lfh\u00f3ll (colina dos Elfos) \u00e9 o lar mais famoso em K\u00f3pavogur, e Alfh\u00f3esvegur (estrada da <\/span><span style=\"font-weight: 400;\">colina dos Elfos). No final de 1930 come\u00e7ou a constru\u00e7\u00e3o de estradas, que deveria passar por <\/span><span style=\"font-weight: 400;\">Alfh\u00f3ll o que significa que Alfh\u00f3ll teria que ser demolida. Nada parecia ir bem e a constru\u00e7\u00e3o foi <\/span><span style=\"font-weight: 400;\">interrompida. Uma d\u00e9cada depois a constru\u00e7\u00e3o da estrada seria continuada, mas quando as <\/span><span style=\"font-weight: 400;\">maquinas voltaram a trabalhar, come\u00e7aram a quebrar e as ferramentas foram danificadas e <\/span><span style=\"font-weight: 400;\">perdidas. A estrada permaneceu encaminhada em volta da colina, n\u00e3o atrav\u00e9s dela como <\/span><span style=\"font-weight: 400;\">planejada inicialmente. No final de 1980 era para a estrada ser levantada e pavimentada. A <\/span><span style=\"font-weight: 400;\">constru\u00e7\u00e3o saiu do planejamento at\u00e9 chegar a hora de demolir parte de Alfh\u00f3ll. Uma furadeira <\/span><span style=\"font-weight: 400;\">de Rocha foi usada mas quebrou. Outra foi buscada, mas quebrou tamb\u00e9m. Depois de duas <\/span><span style=\"font-weight: 400;\">brocas serem quebradas em peda\u00e7os, os trabalhadores negaram chegar perto da colina com <\/span><span style=\"font-weight: 400;\">qualquer ferramenta.<\/span><\/p>\n<p><span style=\"font-weight: 400;\">O antropologista Magnus Skarphedinsson que passou as \u00faltimas d\u00e9cadas a recolher <\/span><span style=\"font-weight: 400;\">testemunhos relacionados c<\/span><span style=\"font-weight: 400;\">om este tema est\u00e1 convencido de que sim e dedica-se a transmitir os seus conhecimentos a <\/span><span style=\"font-weight: 400;\">grupos de curiosos enquanto diretor da Escola de Elfos, em Reikjavik.\u00a0<\/span><\/p>\n<p style=\"text-align: center;\"><span class=\"td_btn td_btn_md td_round_btn\" style=\"color: #ffffff;\"><a style=\"color: #ffffff;\" href=\"https:\/\/www.iquilibrio.com\/esotericos\/gislaine\/\">Voc\u00ea tamb\u00e9m pode contar com a iQuilibrio para entender e aliviar suas ansiedades e ang\u00fastias! Clique Aqui, Fale com a Consultora E Receba ajuda!<\/a><\/span><\/p>\n<h3><span style=\"font-weight: 400;\">Skarphedinsson apresenta \u201cdois testemunhos\u201d<\/span><\/h3>\n<p><span style=\"font-weight: 400;\">O primeiro relato \u00e9 de uma mulher que afirma ter conhecido um pescador capaz de ver os <\/span><span style=\"font-weight: 400;\">elfos que tamb\u00e9m sa\u00edram para o mar para pescar. Numa manh\u00e3 de fevereiro de 1921, o <\/span><span style=\"font-weight: 400;\">homem constatou que os elfos n\u00e3o quiseram ir para o mar e tentou convencer os outros a <\/span><span style=\"font-weight: 400;\">pescadores a n\u00e3o sa\u00edrem, mas o patr\u00e3o n\u00e3o deu aten\u00e7\u00e3o \u00e1s suas advert\u00eancias. E de fato, <\/span><span style=\"font-weight: 400;\">nesse dia, formou-se uma tempestade com uma for\u00e7a fora do comum nesta regi\u00e3o do Atl\u00e2ntico <\/span><span style=\"font-weight: 400;\">Norte Felizmente segundo o pescador, todos voltaram a casa s\u00e3os e salvos.<\/span><\/p>\n<p><span style=\"font-weight: 400;\">A outro testemunho \u00e9 o de uma senhora de 80 anos.<\/span><\/p>\n<p><span style=\"font-weight: 400;\">Em 2002, a idosa passou por um adolescente que garantiu que a conhecia. \u201dmas onde nos <\/span><span style=\"font-weight: 400;\">conhecemos? \u201c, perguntou, e o jovem deu-lhe a morada onde a mulher tinha vivido h\u00e1 53 <\/span><span style=\"font-weight: 400;\">anos , e onde a filha firmava ter brincado com um amigo invis\u00edvel. Quando a senhora descreveu <\/span><span style=\"font-weight: 400;\">o jovem \u00e0 filha, a mesma explicou a m\u00e3e que se tratava de Maggi, o amigo com quem brincava <\/span><span style=\"font-weight: 400;\">na inf\u00e2ncia tinha envelhecido cinco vezes mais devagar que um ser humano. Afirmou <\/span><span style=\"font-weight: 400;\">Skarphedinsson.<\/span><\/p>\n<p><span style=\"font-weight: 400;\">Em 2004 a empresa Alcoa precisou de um certificado governamental especial para seu local de <\/span><span style=\"font-weight: 400;\">constru\u00e7\u00e3o fosse considerada livre de s\u00edtios arqueol\u00f3gicos, incluindo aqueles relacionados ao <\/span><span style=\"font-weight: 400;\">folclore hulduf\u00f3lk, antes de poderem construir uma forja de alum\u00ednio na Isl\u00e2ndia.<\/span><\/p>\n<p><span style=\"font-weight: 400;\">A Isl\u00e2ndia \u00e9 cheia de alagablettir ou pontos encantados, lugares que voc\u00ea n\u00e3o toca- assim <\/span><span style=\"font-weight: 400;\">como os fortes das fadas em Turfeiras da Irlanda.<\/span><\/p>\n<p><span style=\"font-weight: 400;\">\u00c9 costumeiro na Isl\u00e2ndia limpar a casa antes do natal e deixar comida para o Povo Oculto, para <\/span><span style=\"font-weight: 400;\">que eles n\u00e3o invadam casas e fazendas para realizar festas selvagens. <\/span><span style=\"font-weight: 400;\">Na noite do ano novo acreditam-se que os elfos se mudam para lugares novos e os islandeses <\/span><span style=\"font-weight: 400;\">deixam velas para ajuda-los a encontrar caminho. Na noite de ver\u00e3o o<\/span><span style=\"font-weight: 400;\"> folclore estabelece que se voc\u00ea se sentar em uma encruzilhada, Elfos tentar\u00e3o te seduzir\u00a0<\/span><span style=\"font-weight: 400;\">com comidas e presentes. H\u00e1 consequ\u00eancias graves por ser seduzido por essas ofertas, mas <\/span><span style=\"font-weight: 400;\">h\u00e1 grandes recompensas se resistir.<\/span><\/p>\n<h2><span id=\"Conheca_mais_sobre_a_consultora_Gislaine\"><img loading=\"lazy\" decoding=\"async\" class=\"wp-image-29292 alignleft\" src=\"https:\/\/www.iquilibrio.com\/blog\/wp-content\/uploads\/2020\/02\/Sem-T%C3%ADtulo-2.png\" sizes=\"auto, (max-width: 122px) 100vw, 122px\" srcset=\"https:\/\/www.iquilibrio.com\/blog\/wp-content\/uploads\/2020\/02\/Sem-T\u00edtulo-2.png 455w, https:\/\/www.iquilibrio.com\/blog\/wp-content\/uploads\/2020\/02\/Sem-T\u00edtulo-2-150x150.png 150w, https:\/\/www.iquilibrio.com\/blog\/wp-content\/uploads\/2020\/02\/Sem-T\u00edtulo-2-300x300.png 300w, https:\/\/www.iquilibrio.com\/blog\/wp-content\/uploads\/2020\/02\/Sem-T\u00edtulo-2-422x420.png 422w\" alt=\"\" width=\"122\" height=\"121\" \/>Conhe\u00e7a mais sobre a consultora Gislaine<\/span><\/h2>\n<div>Sou umbandista h\u00e1 mais de 20 anos, atrav\u00e9s da minha mediunidade e a conviv\u00eancia frequente com plano espiritual, iniciei uma jornada em busca de mais sabedoria, aperfei\u00e7oando atrav\u00e9s dos estudos espec\u00edficos, agregar mais conhecimento com o intuito de melhor servir como canal de comunica\u00e7\u00e3o para o plano astral.<\/div>\n<div>Quer falar com essa consultora?\u00a0<a href=\"https:\/\/www.iquilibrio.com\/esotericos\/gislaine\/\">Clique Aqui!<\/a><\/div>\n\n\n<div class=\"kk-star-ratings kksr-auto kksr-align-left kksr-valign-bottom\"\n    data-payload='{&quot;align&quot;:&quot;left&quot;,&quot;id&quot;:&quot;29827&quot;,&quot;slug&quot;:&quot;default&quot;,&quot;valign&quot;:&quot;bottom&quot;,&quot;ignore&quot;:&quot;&quot;,&quot;reference&quot;:&quot;auto&quot;,&quot;class&quot;:&quot;&quot;,&quot;count&quot;:&quot;2&quot;,&quot;legendonly&quot;:&quot;&quot;,&quot;readonly&quot;:&quot;&quot;,&quot;score&quot;:&quot;5&quot;,&quot;starsonly&quot;:&quot;&quot;,&quot;best&quot;:&quot;5&quot;,&quot;gap&quot;:&quot;5&quot;,&quot;greet&quot;:&quot;Rate this post&quot;,&quot;legend&quot;:&quot;5\\\/5 - (2 votos)&quot;,&quot;size&quot;:&quot;24&quot;,&quot;title&quot;:&quot;O que s\u00e3o elfos? elfos existem? - Pela Consultora Gislaine&quot;,&quot;width&quot;:&quot;142.5&quot;,&quot;_legend&quot;:&quot;{score}\\\/{best} - ({count} {votes})&quot;,&quot;font_factor&quot;:&quot;1.25&quot;}'>\n            \n<div class=\"kksr-stars\">\n    \n<div class=\"kksr-stars-inactive\">\n            <div class=\"kksr-star\" data-star=\"1\" style=\"padding-right: 5px\">\n            \n\n<div class=\"kksr-icon\" style=\"width: 24px; height: 24px;\"><\/div>\n        <\/div>\n            <div class=\"kksr-star\" data-star=\"2\" style=\"padding-right: 5px\">\n            \n\n<div class=\"kksr-icon\" style=\"width: 24px; height: 24px;\"><\/div>\n        <\/div>\n            <div class=\"kksr-star\" data-star=\"3\" style=\"padding-right: 5px\">\n            \n\n<div class=\"kksr-icon\" style=\"width: 24px; height: 24px;\"><\/div>\n        <\/div>\n            <div class=\"kksr-star\" data-star=\"4\" style=\"padding-right: 5px\">\n            \n\n<div class=\"kksr-icon\" style=\"width: 24px; height: 24px;\"><\/div>\n        <\/div>\n            <div class=\"kksr-star\" data-star=\"5\" style=\"padding-right: 5px\">\n            \n\n<div class=\"kksr-icon\" style=\"width: 24px; height: 24px;\"><\/div>\n        <\/div>\n    <\/div>\n    \n<div class=\"kksr-stars-active\" style=\"width: 142.5px;\">\n            <div class=\"kksr-star\" style=\"padding-right: 5px\">\n            \n\n<div class=\"kksr-icon\" style=\"width: 24px; height: 24px;\"><\/div>\n        <\/div>\n            <div class=\"kksr-star\" style=\"padding-right: 5px\">\n            \n\n<div class=\"kksr-icon\" style=\"width: 24px; height: 24px;\"><\/div>\n        <\/div>\n            <div class=\"kksr-star\" style=\"padding-right: 5px\">\n            \n\n<div class=\"kksr-icon\" style=\"width: 24px; height: 24px;\"><\/div>\n        <\/div>\n            <div class=\"kksr-star\" style=\"padding-right: 5px\">\n            \n\n<div class=\"kksr-icon\" style=\"width: 24px; height: 24px;\"><\/div>\n        <\/div>\n            <div class=\"kksr-star\" style=\"padding-right: 5px\">\n            \n\n<div class=\"kksr-icon\" style=\"width: 24px; height: 24px;\"><\/div>\n        <\/div>\n    <\/div>\n<\/div>\n                \n\n<div class=\"kksr-legend\" style=\"font-size: 19.2px;\">\n            5\/5 - (2 votos)    <\/div>\n    <\/div>\n","protected":false},"excerpt":{"rendered":"<p>Os Elfos s\u00e3o divindades da Mitologia n\u00f3rdica e c\u00e9ltica, criaturas do crep\u00fasculo e da noite. Embora sejam seres capazes de voar, s\u00e3o origin\u00e1rios da terra e das \u00e1guas. Existem os Elfos da luz: seres et\u00e9reos e os Elfos da escurid\u00e3o, que s\u00e3o mais densos, estes seres mal\u00e9ficos, provocam pavores da morte quando atraem os humanos [&hellip;]<\/p>\n","protected":false},"author":20,"featured_media":29830,"comment_status":"open","ping_status":"open","sticky":false,"template":"","format":"standard","meta":{"footnotes":""},"categories":[502],"tags":[],"class_list":["post-29827","post","type-post","status-publish","format-standard","has-post-thumbnail","hentry","category-espiritualidade"],"yoast_head":"<!-- This site is optimized with the Yoast SEO plugin v27.4 - https:\/\/yoast.com\/product\/yoast-seo-wordpress\/ -->\n<title>Elfos - O Que S\u00e3o Elfos? Eles Existem? Descubra Aqui - Por Gislaine<\/title>\n<meta name=\"description\" content=\"Os Elfos s\u00e3o divindades da Mitologia n\u00f3rdica e c\u00e9ltica, criaturas do crep\u00fasculo e da noite. Embora sejam seres capazes de voar.... continue lendo...\" \/>\n<meta name=\"robots\" content=\"index, follow, max-snippet:-1, max-image-preview:large, max-video-preview:-1\" \/>\n<link rel=\"canonical\" href=\"https:\/\/www.iquilibrio.com\/blog\/espiritualidade\/o-que-sao-elfos\/\" \/>\n<meta property=\"og:locale\" content=\"pt_BR\" \/>\n<meta property=\"og:type\" content=\"article\" \/>\n<meta property=\"og:title\" content=\"Elfos - O Que S\u00e3o Elfos? Eles Existem? Descubra Aqui - Por Gislaine\" \/>\n<meta property=\"og:description\" content=\"Os Elfos s\u00e3o divindades da Mitologia n\u00f3rdica e c\u00e9ltica, criaturas do crep\u00fasculo e da noite. Embora sejam seres capazes de voar.... continue lendo...\" \/>\n<meta property=\"og:url\" content=\"https:\/\/www.iquilibrio.com\/blog\/espiritualidade\/o-que-sao-elfos\/\" \/>\n<meta property=\"og:site_name\" content=\"iQuilibrio\" \/>\n<meta property=\"article:publisher\" content=\"https:\/\/www.facebook.com\/iQuilibrio\/\" \/>\n<meta property=\"article:published_time\" content=\"2020-04-15T20:56:58+00:00\" \/>\n<meta property=\"og:image\" content=\"https:\/\/www.iquilibrio.com\/blog\/wp-content\/uploads\/2020\/04\/elfos.png\" \/>\n\t<meta property=\"og:image:width\" content=\"900\" \/>\n\t<meta property=\"og:image:height\" content=\"560\" \/>\n\t<meta property=\"og:image:type\" content=\"image\/png\" \/>\n<meta name=\"author\" content=\"Reda\u00e7\u00e3o iQuilibrio\" \/>\n<meta name=\"twitter:card\" content=\"summary_large_image\" \/>\n<meta name=\"twitter:creator\" content=\"@iquilibrio\" \/>\n<meta name=\"twitter:site\" content=\"@iquilibrio\" \/>\n<meta name=\"twitter:label1\" content=\"Escrito por\" \/>\n\t<meta name=\"twitter:data1\" content=\"Reda\u00e7\u00e3o iQuilibrio\" \/>\n\t<meta name=\"twitter:label2\" content=\"Est. tempo de leitura\" \/>\n\t<meta name=\"twitter:data2\" content=\"6 minutos\" \/>\n<script type=\"application\/ld+json\" class=\"yoast-schema-graph\">{\"@context\":\"https:\\\/\\\/schema.org\",\"@graph\":[{\"@type\":\"Article\",\"@id\":\"https:\\\/\\\/www.iquilibrio.com\\\/blog\\\/espiritualidade\\\/o-que-sao-elfos\\\/#article\",\"isPartOf\":{\"@id\":\"https:\\\/\\\/www.iquilibrio.com\\\/blog\\\/espiritualidade\\\/o-que-sao-elfos\\\/\"},\"author\":{\"name\":\"Reda\u00e7\u00e3o iQuilibrio\",\"@id\":\"https:\\\/\\\/www.iquilibrio.com\\\/blog\\\/#\\\/schema\\\/person\\\/199505a1f0db0d00f022188666c75dca\"},\"headline\":\"O que s\u00e3o elfos? elfos existem? &#8211; Pela Consultora Gislaine\",\"datePublished\":\"2020-04-15T20:56:58+00:00\",\"mainEntityOfPage\":{\"@id\":\"https:\\\/\\\/www.iquilibrio.com\\\/blog\\\/espiritualidade\\\/o-que-sao-elfos\\\/\"},\"wordCount\":1214,\"commentCount\":0,\"publisher\":{\"@id\":\"https:\\\/\\\/www.iquilibrio.com\\\/blog\\\/#organization\"},\"image\":{\"@id\":\"https:\\\/\\\/www.iquilibrio.com\\\/blog\\\/espiritualidade\\\/o-que-sao-elfos\\\/#primaryimage\"},\"thumbnailUrl\":\"https:\\\/\\\/www.iquilibrio.com\\\/blog\\\/wp-content\\\/uploads\\\/2020\\\/04\\\/elfos.png\",\"articleSection\":[\"Espiritualidade\"],\"inLanguage\":\"pt-BR\"},{\"@type\":\"WebPage\",\"@id\":\"https:\\\/\\\/www.iquilibrio.com\\\/blog\\\/espiritualidade\\\/o-que-sao-elfos\\\/\",\"url\":\"https:\\\/\\\/www.iquilibrio.com\\\/blog\\\/espiritualidade\\\/o-que-sao-elfos\\\/\",\"name\":\"Elfos - O Que S\u00e3o Elfos? Eles Existem? Descubra Aqui - Por Gislaine\",\"isPartOf\":{\"@id\":\"https:\\\/\\\/www.iquilibrio.com\\\/blog\\\/#website\"},\"primaryImageOfPage\":{\"@id\":\"https:\\\/\\\/www.iquilibrio.com\\\/blog\\\/espiritualidade\\\/o-que-sao-elfos\\\/#primaryimage\"},\"image\":{\"@id\":\"https:\\\/\\\/www.iquilibrio.com\\\/blog\\\/espiritualidade\\\/o-que-sao-elfos\\\/#primaryimage\"},\"thumbnailUrl\":\"https:\\\/\\\/www.iquilibrio.com\\\/blog\\\/wp-content\\\/uploads\\\/2020\\\/04\\\/elfos.png\",\"datePublished\":\"2020-04-15T20:56:58+00:00\",\"description\":\"Os Elfos s\u00e3o divindades da Mitologia n\u00f3rdica e c\u00e9ltica, criaturas do crep\u00fasculo e da noite. Embora sejam seres capazes de voar.... continue lendo...\",\"breadcrumb\":{\"@id\":\"https:\\\/\\\/www.iquilibrio.com\\\/blog\\\/espiritualidade\\\/o-que-sao-elfos\\\/#breadcrumb\"},\"inLanguage\":\"pt-BR\",\"potentialAction\":[{\"@type\":\"ReadAction\",\"target\":[\"https:\\\/\\\/www.iquilibrio.com\\\/blog\\\/espiritualidade\\\/o-que-sao-elfos\\\/\"]}]},{\"@type\":\"ImageObject\",\"inLanguage\":\"pt-BR\",\"@id\":\"https:\\\/\\\/www.iquilibrio.com\\\/blog\\\/espiritualidade\\\/o-que-sao-elfos\\\/#primaryimage\",\"url\":\"https:\\\/\\\/www.iquilibrio.com\\\/blog\\\/wp-content\\\/uploads\\\/2020\\\/04\\\/elfos.png\",\"contentUrl\":\"https:\\\/\\\/www.iquilibrio.com\\\/blog\\\/wp-content\\\/uploads\\\/2020\\\/04\\\/elfos.png\",\"width\":900,\"height\":560},{\"@type\":\"BreadcrumbList\",\"@id\":\"https:\\\/\\\/www.iquilibrio.com\\\/blog\\\/espiritualidade\\\/o-que-sao-elfos\\\/#breadcrumb\",\"itemListElement\":[{\"@type\":\"ListItem\",\"position\":1,\"name\":\"In\u00edcio\",\"item\":\"https:\\\/\\\/www.iquilibrio.com\\\/blog\\\/\"},{\"@type\":\"ListItem\",\"position\":2,\"name\":\"O que s\u00e3o elfos? elfos existem? &#8211; Pela Consultora Gislaine\"}]},{\"@type\":\"WebSite\",\"@id\":\"https:\\\/\\\/www.iquilibrio.com\\\/blog\\\/#website\",\"url\":\"https:\\\/\\\/www.iquilibrio.com\\\/blog\\\/\",\"name\":\"iQuilibrio\",\"description\":\"Blog iQuilibrio\",\"publisher\":{\"@id\":\"https:\\\/\\\/www.iquilibrio.com\\\/blog\\\/#organization\"},\"potentialAction\":[{\"@type\":\"SearchAction\",\"target\":{\"@type\":\"EntryPoint\",\"urlTemplate\":\"https:\\\/\\\/www.iquilibrio.com\\\/blog\\\/?s={search_term_string}\"},\"query-input\":{\"@type\":\"PropertyValueSpecification\",\"valueRequired\":true,\"valueName\":\"search_term_string\"}}],\"inLanguage\":\"pt-BR\"},{\"@type\":\"Organization\",\"@id\":\"https:\\\/\\\/www.iquilibrio.com\\\/blog\\\/#organization\",\"name\":\"Esoterismo, Misticismo e Tarot Online - iQuilibrio\",\"url\":\"https:\\\/\\\/www.iquilibrio.com\\\/blog\\\/\",\"logo\":{\"@type\":\"ImageObject\",\"inLanguage\":\"pt-BR\",\"@id\":\"https:\\\/\\\/www.iquilibrio.com\\\/blog\\\/#\\\/schema\\\/logo\\\/image\\\/\",\"url\":\"https:\\\/\\\/www.iquilibrio.com\\\/blog\\\/wp-content\\\/uploads\\\/2018\\\/12\\\/iquilibrio_lovo_vetor_preto-retina.png\",\"contentUrl\":\"https:\\\/\\\/www.iquilibrio.com\\\/blog\\\/wp-content\\\/uploads\\\/2018\\\/12\\\/iquilibrio_lovo_vetor_preto-retina.png\",\"width\":972,\"height\":180,\"caption\":\"Esoterismo, Misticismo e Tarot Online - iQuilibrio\"},\"image\":{\"@id\":\"https:\\\/\\\/www.iquilibrio.com\\\/blog\\\/#\\\/schema\\\/logo\\\/image\\\/\"},\"sameAs\":[\"https:\\\/\\\/www.facebook.com\\\/iQuilibrio\\\/\",\"https:\\\/\\\/x.com\\\/iquilibrio\",\"https:\\\/\\\/www.instagram.com\\\/iquilibrio\\\/\",\"https:\\\/\\\/www.linkedin.com\\\/company\\\/iquilibrio\\\/\",\"https:\\\/\\\/br.pinterest.com\\\/iquilibrio1397\\\/\",\"https:\\\/\\\/www.youtube.com\\\/channel\\\/UC175qxd-4Zsi4wzawT5zF2g\"]},{\"@type\":\"Person\",\"@id\":\"https:\\\/\\\/www.iquilibrio.com\\\/blog\\\/#\\\/schema\\\/person\\\/199505a1f0db0d00f022188666c75dca\",\"name\":\"Reda\u00e7\u00e3o iQuilibrio\",\"image\":{\"@type\":\"ImageObject\",\"inLanguage\":\"pt-BR\",\"@id\":\"https:\\\/\\\/www.iquilibrio.com\\\/blog\\\/wp-content\\\/uploads\\\/2021\\\/12\\\/Consulta-por-email-3-150x150.png\",\"url\":\"https:\\\/\\\/www.iquilibrio.com\\\/blog\\\/wp-content\\\/uploads\\\/2021\\\/12\\\/Consulta-por-email-3-150x150.png\",\"contentUrl\":\"https:\\\/\\\/www.iquilibrio.com\\\/blog\\\/wp-content\\\/uploads\\\/2021\\\/12\\\/Consulta-por-email-3-150x150.png\",\"caption\":\"Reda\u00e7\u00e3o iQuilibrio\"},\"description\":\"A equipe de reda\u00e7\u00e3o da iQuilibrio \u00e9 composta pelos mais diversos especialistas e esot\u00e9ricos. Al\u00e9m de dominar a arte de traduzir as energias que o universo emana, nossos redatores sentem imenso prazer em trabalhar com palavras. Boa leitura e um \u00f3timo aprendizado!\",\"url\":\"https:\\\/\\\/www.iquilibrio.com\\\/blog\\\/author\\\/juliana\\\/\"}]}<\/script>\n<!-- \/ Yoast SEO plugin. -->","yoast_head_json":{"title":"Elfos - O Que S\u00e3o Elfos? Eles Existem? Descubra Aqui - Por Gislaine","description":"Os Elfos s\u00e3o divindades da Mitologia n\u00f3rdica e c\u00e9ltica, criaturas do crep\u00fasculo e da noite. Embora sejam seres capazes de voar.... continue lendo...","robots":{"index":"index","follow":"follow","max-snippet":"max-snippet:-1","max-image-preview":"max-image-preview:large","max-video-preview":"max-video-preview:-1"},"canonical":"https:\/\/www.iquilibrio.com\/blog\/espiritualidade\/o-que-sao-elfos\/","og_locale":"pt_BR","og_type":"article","og_title":"Elfos - O Que S\u00e3o Elfos? Eles Existem? Descubra Aqui - Por Gislaine","og_description":"Os Elfos s\u00e3o divindades da Mitologia n\u00f3rdica e c\u00e9ltica, criaturas do crep\u00fasculo e da noite. Embora sejam seres capazes de voar.... continue lendo...","og_url":"https:\/\/www.iquilibrio.com\/blog\/espiritualidade\/o-que-sao-elfos\/","og_site_name":"iQuilibrio","article_publisher":"https:\/\/www.facebook.com\/iQuilibrio\/","article_published_time":"2020-04-15T20:56:58+00:00","og_image":[{"width":900,"height":560,"url":"https:\/\/www.iquilibrio.com\/blog\/wp-content\/uploads\/2020\/04\/elfos.png","type":"image\/png"}],"author":"Reda\u00e7\u00e3o iQuilibrio","twitter_card":"summary_large_image","twitter_creator":"@iquilibrio","twitter_site":"@iquilibrio","twitter_misc":{"Escrito por":"Reda\u00e7\u00e3o iQuilibrio","Est. tempo de leitura":"6 minutos"},"schema":{"@context":"https:\/\/schema.org","@graph":[{"@type":"Article","@id":"https:\/\/www.iquilibrio.com\/blog\/espiritualidade\/o-que-sao-elfos\/#article","isPartOf":{"@id":"https:\/\/www.iquilibrio.com\/blog\/espiritualidade\/o-que-sao-elfos\/"},"author":{"name":"Reda\u00e7\u00e3o iQuilibrio","@id":"https:\/\/www.iquilibrio.com\/blog\/#\/schema\/person\/199505a1f0db0d00f022188666c75dca"},"headline":"O que s\u00e3o elfos? elfos existem? &#8211; Pela Consultora Gislaine","datePublished":"2020-04-15T20:56:58+00:00","mainEntityOfPage":{"@id":"https:\/\/www.iquilibrio.com\/blog\/espiritualidade\/o-que-sao-elfos\/"},"wordCount":1214,"commentCount":0,"publisher":{"@id":"https:\/\/www.iquilibrio.com\/blog\/#organization"},"image":{"@id":"https:\/\/www.iquilibrio.com\/blog\/espiritualidade\/o-que-sao-elfos\/#primaryimage"},"thumbnailUrl":"https:\/\/www.iquilibrio.com\/blog\/wp-content\/uploads\/2020\/04\/elfos.png","articleSection":["Espiritualidade"],"inLanguage":"pt-BR"},{"@type":"WebPage","@id":"https:\/\/www.iquilibrio.com\/blog\/espiritualidade\/o-que-sao-elfos\/","url":"https:\/\/www.iquilibrio.com\/blog\/espiritualidade\/o-que-sao-elfos\/","name":"Elfos - O Que S\u00e3o Elfos? Eles Existem? Descubra Aqui - Por Gislaine","isPartOf":{"@id":"https:\/\/www.iquilibrio.com\/blog\/#website"},"primaryImageOfPage":{"@id":"https:\/\/www.iquilibrio.com\/blog\/espiritualidade\/o-que-sao-elfos\/#primaryimage"},"image":{"@id":"https:\/\/www.iquilibrio.com\/blog\/espiritualidade\/o-que-sao-elfos\/#primaryimage"},"thumbnailUrl":"https:\/\/www.iquilibrio.com\/blog\/wp-content\/uploads\/2020\/04\/elfos.png","datePublished":"2020-04-15T20:56:58+00:00","description":"Os Elfos s\u00e3o divindades da Mitologia n\u00f3rdica e c\u00e9ltica, criaturas do crep\u00fasculo e da noite. Embora sejam seres capazes de voar.... continue lendo...","breadcrumb":{"@id":"https:\/\/www.iquilibrio.com\/blog\/espiritualidade\/o-que-sao-elfos\/#breadcrumb"},"inLanguage":"pt-BR","potentialAction":[{"@type":"ReadAction","target":["https:\/\/www.iquilibrio.com\/blog\/espiritualidade\/o-que-sao-elfos\/"]}]},{"@type":"ImageObject","inLanguage":"pt-BR","@id":"https:\/\/www.iquilibrio.com\/blog\/espiritualidade\/o-que-sao-elfos\/#primaryimage","url":"https:\/\/www.iquilibrio.com\/blog\/wp-content\/uploads\/2020\/04\/elfos.png","contentUrl":"https:\/\/www.iquilibrio.com\/blog\/wp-content\/uploads\/2020\/04\/elfos.png","width":900,"height":560},{"@type":"BreadcrumbList","@id":"https:\/\/www.iquilibrio.com\/blog\/espiritualidade\/o-que-sao-elfos\/#breadcrumb","itemListElement":[{"@type":"ListItem","position":1,"name":"In\u00edcio","item":"https:\/\/www.iquilibrio.com\/blog\/"},{"@type":"ListItem","position":2,"name":"O que s\u00e3o elfos? elfos existem? &#8211; Pela Consultora Gislaine"}]},{"@type":"WebSite","@id":"https:\/\/www.iquilibrio.com\/blog\/#website","url":"https:\/\/www.iquilibrio.com\/blog\/","name":"iQuilibrio","description":"Blog iQuilibrio","publisher":{"@id":"https:\/\/www.iquilibrio.com\/blog\/#organization"},"potentialAction":[{"@type":"SearchAction","target":{"@type":"EntryPoint","urlTemplate":"https:\/\/www.iquilibrio.com\/blog\/?s={search_term_string}"},"query-input":{"@type":"PropertyValueSpecification","valueRequired":true,"valueName":"search_term_string"}}],"inLanguage":"pt-BR"},{"@type":"Organization","@id":"https:\/\/www.iquilibrio.com\/blog\/#organization","name":"Esoterismo, Misticismo e Tarot Online - iQuilibrio","url":"https:\/\/www.iquilibrio.com\/blog\/","logo":{"@type":"ImageObject","inLanguage":"pt-BR","@id":"https:\/\/www.iquilibrio.com\/blog\/#\/schema\/logo\/image\/","url":"https:\/\/www.iquilibrio.com\/blog\/wp-content\/uploads\/2018\/12\/iquilibrio_lovo_vetor_preto-retina.png","contentUrl":"https:\/\/www.iquilibrio.com\/blog\/wp-content\/uploads\/2018\/12\/iquilibrio_lovo_vetor_preto-retina.png","width":972,"height":180,"caption":"Esoterismo, Misticismo e Tarot Online - iQuilibrio"},"image":{"@id":"https:\/\/www.iquilibrio.com\/blog\/#\/schema\/logo\/image\/"},"sameAs":["https:\/\/www.facebook.com\/iQuilibrio\/","https:\/\/x.com\/iquilibrio","https:\/\/www.instagram.com\/iquilibrio\/","https:\/\/www.linkedin.com\/company\/iquilibrio\/","https:\/\/br.pinterest.com\/iquilibrio1397\/","https:\/\/www.youtube.com\/channel\/UC175qxd-4Zsi4wzawT5zF2g"]},{"@type":"Person","@id":"https:\/\/www.iquilibrio.com\/blog\/#\/schema\/person\/199505a1f0db0d00f022188666c75dca","name":"Reda\u00e7\u00e3o iQuilibrio","image":{"@type":"ImageObject","inLanguage":"pt-BR","@id":"https:\/\/www.iquilibrio.com\/blog\/wp-content\/uploads\/2021\/12\/Consulta-por-email-3-150x150.png","url":"https:\/\/www.iquilibrio.com\/blog\/wp-content\/uploads\/2021\/12\/Consulta-por-email-3-150x150.png","contentUrl":"https:\/\/www.iquilibrio.com\/blog\/wp-content\/uploads\/2021\/12\/Consulta-por-email-3-150x150.png","caption":"Reda\u00e7\u00e3o iQuilibrio"},"description":"A equipe de reda\u00e7\u00e3o da iQuilibrio \u00e9 composta pelos mais diversos especialistas e esot\u00e9ricos. Al\u00e9m de dominar a arte de traduzir as energias que o universo emana, nossos redatores sentem imenso prazer em trabalhar com palavras. Boa leitura e um \u00f3timo aprendizado!","url":"https:\/\/www.iquilibrio.com\/blog\/author\/juliana\/"}]}},"_links":{"self":[{"href":"https:\/\/www.iquilibrio.com\/blog\/wp-json\/wp\/v2\/posts\/29827","targetHints":{"allow":["GET"]}}],"collection":[{"href":"https:\/\/www.iquilibrio.com\/blog\/wp-json\/wp\/v2\/posts"}],"about":[{"href":"https:\/\/www.iquilibrio.com\/blog\/wp-json\/wp\/v2\/types\/post"}],"author":[{"embeddable":true,"href":"https:\/\/www.iquilibrio.com\/blog\/wp-json\/wp\/v2\/users\/20"}],"replies":[{"embeddable":true,"href":"https:\/\/www.iquilibrio.com\/blog\/wp-json\/wp\/v2\/comments?post=29827"}],"version-history":[{"count":3,"href":"https:\/\/www.iquilibrio.com\/blog\/wp-json\/wp\/v2\/posts\/29827\/revisions"}],"predecessor-version":[{"id":29831,"href":"https:\/\/www.iquilibrio.com\/blog\/wp-json\/wp\/v2\/posts\/29827\/revisions\/29831"}],"wp:featuredmedia":[{"embeddable":true,"href":"https:\/\/www.iquilibrio.com\/blog\/wp-json\/wp\/v2\/media\/29830"}],"wp:attachment":[{"href":"https:\/\/www.iquilibrio.com\/blog\/wp-json\/wp\/v2\/media?parent=29827"}],"wp:term":[{"taxonomy":"category","embeddable":true,"href":"https:\/\/www.iquilibrio.com\/blog\/wp-json\/wp\/v2\/categories?post=29827"},{"taxonomy":"post_tag","embeddable":true,"href":"https:\/\/www.iquilibrio.com\/blog\/wp-json\/wp\/v2\/tags?post=29827"}],"curies":[{"name":"wp","href":"https:\/\/api.w.org\/{rel}","templated":true}]}}