{"id":29454,"date":"2020-02-13T17:36:10","date_gmt":"2020-02-13T20:36:10","guid":{"rendered":"https:\/\/www.iquilibrio.com\/blog\/?p=29454"},"modified":"2020-02-13T17:36:10","modified_gmt":"2020-02-13T20:36:10","slug":"novo-emprego-vai-dar-certo","status":"publish","type":"post","link":"https:\/\/www.iquilibrio.com\/blog\/bem-estar\/novo-emprego-vai-dar-certo\/","title":{"rendered":"Novo emprego, vai dar certo? Se conhecer melhor pode ser o caminho! &#8211; Pelo consultor Eloi"},"content":{"rendered":"<blockquote>\n<h4><span style=\"font-weight: 400;\">Come\u00e7ou uma nova etapa na sua vida profissional, e \u00e9 natural que voc\u00ea se pergunte o que <\/span><span style=\"font-weight: 400;\">deve fazer para que as coisas corram bem.<\/span><\/h4>\n<\/blockquote>\n<p><span style=\"font-weight: 400;\">Para al\u00e9m dos fatores de ordem pr\u00e1tica, \u00e9 preciso <\/span><span style=\"font-weight: 400;\">considerar que o sucesso profissional est\u00e1 intimamente ligado ao sucesso da pessoa como um <\/span><span style=\"font-weight: 400;\">todo.<\/span><\/p>\n<p><span style=\"font-weight: 400;\">Somos seres de corpo, mente e esp\u00edrito e tudo est\u00e1 interligado. Se deixarmos de considerar <\/span><span style=\"font-weight: 400;\">um dos aspectos da nossa vida, nosso sucesso como pessoa estar\u00e1 comprometido e, por <\/span><span style=\"font-weight: 400;\">consequ\u00eancia, a vida profissional estar\u00e1 prejudicada.<\/span><\/p>\n<div class=\"google-auto-placed ap_container\"><\/div>\n<p style=\"text-align: center;\"><span class=\"td_btn td_btn_md td_round_btn\"><a href=\"https:\/\/www.iquilibrio.com\/esotericos\/eloi-silvestre\/\"><span class=\"class-cta1\"><span style=\"color: #ffffff;\">Receba Previs\u00f5es e Orienta\u00e7\u00f5es em uma Consulta Reveladora com o Eloi. Clique Aqui!<\/span><\/span><\/a><\/span><\/p>\n<p><span style=\"font-weight: 400;\">Um bom profissional \u00e9 um ser humano que busca se melhorar em todos os aspectos e se <\/span><span style=\"font-weight: 400;\">compromete com sua felicidade de forma integral. \u00c9 importante dar um significado e uma <\/span><span style=\"font-weight: 400;\">finalidade para nossa vida, favorecendo o crescimento de forma integral e harm\u00f4nica.<\/span><\/p>\n<p><span style=\"font-weight: 400;\">Para melhorar \u00e9 preciso se conhecer. Com o autoconhecimento voc\u00ea pode descobrir as <\/span><span style=\"font-weight: 400;\">qualidades que voc\u00ea deve estimular e os aspectos que podem ser melhorados. \u00c9 preciso olhar <\/span><span style=\"font-weight: 400;\">para voc\u00ea mesmo, e o Tarot pode te ajudar muito neste processo mostrando pontos positivos <\/span><span style=\"font-weight: 400;\">e desafios, facilitando a busca de seus objetivos. A partir das revela\u00e7\u00f5es de uma consulta fica <\/span><span style=\"font-weight: 400;\">mais f\u00e1cil entender quais s\u00e3o seus desejos e metas e como perseguir seus prop\u00f3sitos.<\/span><\/p>\n<p><span style=\"font-weight: 400;\">Conforme o autoconhecimento aumenta, podemos trabalhar melhor com as emo\u00e7\u00f5es <\/span><span style=\"font-weight: 400;\">negativas para que elas n\u00e3o interfiram tanto no nosso equil\u00edbrio. Lidamos melhor com as <\/span><span style=\"font-weight: 400;\">mudan\u00e7as que ocorrem no caminho, e repensamos nossas atitudes quando necess\u00e1rio.<\/span><\/p>\n<p><span style=\"font-weight: 400;\">Ent\u00e3o, para que um emprego novo d\u00ea certo, \u00e9 importante que tudo em nossa vida esteja em\u00a0<\/span><span style=\"font-weight: 400;\">processo de crescimento, inclusive a nossa percep\u00e7\u00e3o de n\u00f3s mesmos. Assim, podemos <\/span><span style=\"font-weight: 400;\">come\u00e7ar com o p\u00e9 direito uma aventura de realiza\u00e7\u00e3o plena.<\/span><\/p>\n<h2>Conhe\u00e7a melhor o consultor Eloi<\/h2>\n<p><img loading=\"lazy\" decoding=\"async\" class=\"size-full wp-image-29462 alignleft\" src=\"https:\/\/www.iquilibrio.com\/blog\/wp-content\/uploads\/2020\/02\/eloi.png\" alt=\"\" width=\"100\" height=\"100\" \/>Ol\u00e1!\u00a0 Bem-vindol! Estou aqui para te ajudar a encontrar o melhor caminho para as suas quest\u00f5es, nas diversas \u00e1reas da vida. Estou a sua disposi\u00e7\u00e3o, com o aconselhamento que pode dar o rumo certo em um momento dif\u00edcil.<\/p>\n<p>Sou sensitivo e acredito no poder que os Arcanos do Tarot possuem de guiar nossa jornada, e procuro usar esta luz para esclarecer e guiar meus a todos nas d\u00favidas que sempre aparecem em sua caminhada.<\/p>\n<p style=\"text-align: center;\"><span class=\"td_btn td_btn_md td_outlined_btn\"><a href=\"https:\/\/www.iquilibrio.com\/esotericos\/eloi-silvestre\/\"><span class=\"class-cta2\">Confira Aqui os Produtos e Atendimentos Especializados da Consultora Eloi<\/span><\/a><\/span><\/p>\n\n\n<div class=\"kk-star-ratings kksr-auto kksr-align-left kksr-valign-bottom\"\n    data-payload='{&quot;align&quot;:&quot;left&quot;,&quot;id&quot;:&quot;29454&quot;,&quot;slug&quot;:&quot;default&quot;,&quot;valign&quot;:&quot;bottom&quot;,&quot;ignore&quot;:&quot;&quot;,&quot;reference&quot;:&quot;auto&quot;,&quot;class&quot;:&quot;&quot;,&quot;count&quot;:&quot;0&quot;,&quot;legendonly&quot;:&quot;&quot;,&quot;readonly&quot;:&quot;&quot;,&quot;score&quot;:&quot;0&quot;,&quot;starsonly&quot;:&quot;&quot;,&quot;best&quot;:&quot;5&quot;,&quot;gap&quot;:&quot;5&quot;,&quot;greet&quot;:&quot;Rate this post&quot;,&quot;legend&quot;:&quot;0\\\/5 - (0 voto)&quot;,&quot;size&quot;:&quot;24&quot;,&quot;title&quot;:&quot;Novo emprego, vai dar certo? Se conhecer melhor pode ser o caminho! - Pelo consultor Eloi&quot;,&quot;width&quot;:&quot;0&quot;,&quot;_legend&quot;:&quot;{score}\\\/{best} - ({count} {votes})&quot;,&quot;font_factor&quot;:&quot;1.25&quot;}'>\n            \n<div class=\"kksr-stars\">\n    \n<div class=\"kksr-stars-inactive\">\n            <div class=\"kksr-star\" data-star=\"1\" style=\"padding-right: 5px\">\n            \n\n<div class=\"kksr-icon\" style=\"width: 24px; height: 24px;\"><\/div>\n        <\/div>\n            <div class=\"kksr-star\" data-star=\"2\" style=\"padding-right: 5px\">\n            \n\n<div class=\"kksr-icon\" style=\"width: 24px; height: 24px;\"><\/div>\n        <\/div>\n            <div class=\"kksr-star\" data-star=\"3\" style=\"padding-right: 5px\">\n            \n\n<div class=\"kksr-icon\" style=\"width: 24px; height: 24px;\"><\/div>\n        <\/div>\n            <div class=\"kksr-star\" data-star=\"4\" style=\"padding-right: 5px\">\n            \n\n<div class=\"kksr-icon\" style=\"width: 24px; height: 24px;\"><\/div>\n        <\/div>\n            <div class=\"kksr-star\" data-star=\"5\" style=\"padding-right: 5px\">\n            \n\n<div class=\"kksr-icon\" style=\"width: 24px; height: 24px;\"><\/div>\n        <\/div>\n    <\/div>\n    \n<div class=\"kksr-stars-active\" style=\"width: 0px;\">\n            <div class=\"kksr-star\" style=\"padding-right: 5px\">\n            \n\n<div class=\"kksr-icon\" style=\"width: 24px; height: 24px;\"><\/div>\n        <\/div>\n            <div class=\"kksr-star\" style=\"padding-right: 5px\">\n            \n\n<div class=\"kksr-icon\" style=\"width: 24px; height: 24px;\"><\/div>\n        <\/div>\n            <div class=\"kksr-star\" style=\"padding-right: 5px\">\n            \n\n<div class=\"kksr-icon\" style=\"width: 24px; height: 24px;\"><\/div>\n        <\/div>\n            <div class=\"kksr-star\" style=\"padding-right: 5px\">\n            \n\n<div class=\"kksr-icon\" style=\"width: 24px; height: 24px;\"><\/div>\n        <\/div>\n            <div class=\"kksr-star\" style=\"padding-right: 5px\">\n            \n\n<div class=\"kksr-icon\" style=\"width: 24px; height: 24px;\"><\/div>\n        <\/div>\n    <\/div>\n<\/div>\n                \n\n<div class=\"kksr-legend\" style=\"font-size: 19.2px;\">\n            <span class=\"kksr-muted\">Rate this post<\/span>\n    <\/div>\n    <\/div>\n","protected":false},"excerpt":{"rendered":"<p>Come\u00e7ou uma nova etapa na sua vida profissional, e \u00e9 natural que voc\u00ea se pergunte o que deve fazer para que as coisas corram bem. Para al\u00e9m dos fatores de ordem pr\u00e1tica, \u00e9 preciso considerar que o sucesso profissional est\u00e1 intimamente ligado ao sucesso da pessoa como um todo. Somos seres de corpo, mente e [&hellip;]<\/p>\n","protected":false},"author":20,"featured_media":29464,"comment_status":"open","ping_status":"open","sticky":false,"template":"","format":"standard","meta":{"footnotes":""},"categories":[592],"tags":[],"class_list":["post-29454","post","type-post","status-publish","format-standard","has-post-thumbnail","hentry","category-bem-estar"],"yoast_head":"<!-- This site is optimized with the Yoast SEO plugin v27.4 - https:\/\/yoast.com\/product\/yoast-seo-wordpress\/ -->\n<title>&quot;Ser\u00e1 Que Meu Novo Emprego Vai Dar Certo? - Pelo Consultor Eloi<\/title>\n<meta name=\"description\" content=\"Come\u00e7ou uma nova etapa na sua vida profissional, e \u00e9 natural que voc\u00ea se pergunte o que deve fazer para que as coisas corram bem... continue lendo....\" \/>\n<meta name=\"robots\" content=\"index, follow, max-snippet:-1, max-image-preview:large, max-video-preview:-1\" \/>\n<link rel=\"canonical\" href=\"https:\/\/www.iquilibrio.com\/blog\/bem-estar\/novo-emprego-vai-dar-certo\/\" \/>\n<meta property=\"og:locale\" content=\"pt_BR\" \/>\n<meta property=\"og:type\" content=\"article\" \/>\n<meta property=\"og:title\" content=\"&quot;Ser\u00e1 Que Meu Novo Emprego Vai Dar Certo? - Pelo Consultor Eloi\" \/>\n<meta property=\"og:description\" content=\"Come\u00e7ou uma nova etapa na sua vida profissional, e \u00e9 natural que voc\u00ea se pergunte o que deve fazer para que as coisas corram bem... continue lendo....\" \/>\n<meta property=\"og:url\" content=\"https:\/\/www.iquilibrio.com\/blog\/bem-estar\/novo-emprego-vai-dar-certo\/\" \/>\n<meta property=\"og:site_name\" content=\"iQuilibrio\" \/>\n<meta property=\"article:publisher\" content=\"https:\/\/www.facebook.com\/iQuilibrio\/\" \/>\n<meta property=\"article:published_time\" content=\"2020-02-13T20:36:10+00:00\" \/>\n<meta property=\"og:image\" content=\"https:\/\/www.iquilibrio.com\/blog\/wp-content\/uploads\/2020\/02\/emprego.png\" \/>\n\t<meta property=\"og:image:width\" content=\"900\" \/>\n\t<meta property=\"og:image:height\" content=\"560\" \/>\n\t<meta property=\"og:image:type\" content=\"image\/png\" \/>\n<meta name=\"author\" content=\"Reda\u00e7\u00e3o iQuilibrio\" \/>\n<meta name=\"twitter:card\" content=\"summary_large_image\" \/>\n<meta name=\"twitter:creator\" content=\"@iquilibrio\" \/>\n<meta name=\"twitter:site\" content=\"@iquilibrio\" \/>\n<meta name=\"twitter:label1\" content=\"Escrito por\" \/>\n\t<meta name=\"twitter:data1\" content=\"Reda\u00e7\u00e3o iQuilibrio\" \/>\n\t<meta name=\"twitter:label2\" content=\"Est. tempo de leitura\" \/>\n\t<meta name=\"twitter:data2\" content=\"2 minutos\" \/>\n<script type=\"application\/ld+json\" class=\"yoast-schema-graph\">{\"@context\":\"https:\\\/\\\/schema.org\",\"@graph\":[{\"@type\":\"Article\",\"@id\":\"https:\\\/\\\/www.iquilibrio.com\\\/blog\\\/bem-estar\\\/novo-emprego-vai-dar-certo\\\/#article\",\"isPartOf\":{\"@id\":\"https:\\\/\\\/www.iquilibrio.com\\\/blog\\\/bem-estar\\\/novo-emprego-vai-dar-certo\\\/\"},\"author\":{\"name\":\"Reda\u00e7\u00e3o iQuilibrio\",\"@id\":\"https:\\\/\\\/www.iquilibrio.com\\\/blog\\\/#\\\/schema\\\/person\\\/199505a1f0db0d00f022188666c75dca\"},\"headline\":\"Novo emprego, vai dar certo? Se conhecer melhor pode ser o caminho! &#8211; Pelo consultor Eloi\",\"datePublished\":\"2020-02-13T20:36:10+00:00\",\"mainEntityOfPage\":{\"@id\":\"https:\\\/\\\/www.iquilibrio.com\\\/blog\\\/bem-estar\\\/novo-emprego-vai-dar-certo\\\/\"},\"wordCount\":412,\"commentCount\":0,\"publisher\":{\"@id\":\"https:\\\/\\\/www.iquilibrio.com\\\/blog\\\/#organization\"},\"image\":{\"@id\":\"https:\\\/\\\/www.iquilibrio.com\\\/blog\\\/bem-estar\\\/novo-emprego-vai-dar-certo\\\/#primaryimage\"},\"thumbnailUrl\":\"https:\\\/\\\/www.iquilibrio.com\\\/blog\\\/wp-content\\\/uploads\\\/2020\\\/02\\\/emprego.png\",\"articleSection\":[\"Dicas de Bem-Estar\"],\"inLanguage\":\"pt-BR\"},{\"@type\":\"WebPage\",\"@id\":\"https:\\\/\\\/www.iquilibrio.com\\\/blog\\\/bem-estar\\\/novo-emprego-vai-dar-certo\\\/\",\"url\":\"https:\\\/\\\/www.iquilibrio.com\\\/blog\\\/bem-estar\\\/novo-emprego-vai-dar-certo\\\/\",\"name\":\"\\\"Ser\u00e1 Que Meu Novo Emprego Vai Dar Certo? - Pelo Consultor Eloi\",\"isPartOf\":{\"@id\":\"https:\\\/\\\/www.iquilibrio.com\\\/blog\\\/#website\"},\"primaryImageOfPage\":{\"@id\":\"https:\\\/\\\/www.iquilibrio.com\\\/blog\\\/bem-estar\\\/novo-emprego-vai-dar-certo\\\/#primaryimage\"},\"image\":{\"@id\":\"https:\\\/\\\/www.iquilibrio.com\\\/blog\\\/bem-estar\\\/novo-emprego-vai-dar-certo\\\/#primaryimage\"},\"thumbnailUrl\":\"https:\\\/\\\/www.iquilibrio.com\\\/blog\\\/wp-content\\\/uploads\\\/2020\\\/02\\\/emprego.png\",\"datePublished\":\"2020-02-13T20:36:10+00:00\",\"description\":\"Come\u00e7ou uma nova etapa na sua vida profissional, e \u00e9 natural que voc\u00ea se pergunte o que deve fazer para que as coisas corram bem... continue lendo....\",\"breadcrumb\":{\"@id\":\"https:\\\/\\\/www.iquilibrio.com\\\/blog\\\/bem-estar\\\/novo-emprego-vai-dar-certo\\\/#breadcrumb\"},\"inLanguage\":\"pt-BR\",\"potentialAction\":[{\"@type\":\"ReadAction\",\"target\":[\"https:\\\/\\\/www.iquilibrio.com\\\/blog\\\/bem-estar\\\/novo-emprego-vai-dar-certo\\\/\"]}]},{\"@type\":\"ImageObject\",\"inLanguage\":\"pt-BR\",\"@id\":\"https:\\\/\\\/www.iquilibrio.com\\\/blog\\\/bem-estar\\\/novo-emprego-vai-dar-certo\\\/#primaryimage\",\"url\":\"https:\\\/\\\/www.iquilibrio.com\\\/blog\\\/wp-content\\\/uploads\\\/2020\\\/02\\\/emprego.png\",\"contentUrl\":\"https:\\\/\\\/www.iquilibrio.com\\\/blog\\\/wp-content\\\/uploads\\\/2020\\\/02\\\/emprego.png\",\"width\":900,\"height\":560,\"caption\":\"novo emprego\"},{\"@type\":\"BreadcrumbList\",\"@id\":\"https:\\\/\\\/www.iquilibrio.com\\\/blog\\\/bem-estar\\\/novo-emprego-vai-dar-certo\\\/#breadcrumb\",\"itemListElement\":[{\"@type\":\"ListItem\",\"position\":1,\"name\":\"In\u00edcio\",\"item\":\"https:\\\/\\\/www.iquilibrio.com\\\/blog\\\/\"},{\"@type\":\"ListItem\",\"position\":2,\"name\":\"Novo emprego, vai dar certo? Se conhecer melhor pode ser o caminho! &#8211; Pelo consultor Eloi\"}]},{\"@type\":\"WebSite\",\"@id\":\"https:\\\/\\\/www.iquilibrio.com\\\/blog\\\/#website\",\"url\":\"https:\\\/\\\/www.iquilibrio.com\\\/blog\\\/\",\"name\":\"iQuilibrio\",\"description\":\"Blog iQuilibrio\",\"publisher\":{\"@id\":\"https:\\\/\\\/www.iquilibrio.com\\\/blog\\\/#organization\"},\"potentialAction\":[{\"@type\":\"SearchAction\",\"target\":{\"@type\":\"EntryPoint\",\"urlTemplate\":\"https:\\\/\\\/www.iquilibrio.com\\\/blog\\\/?s={search_term_string}\"},\"query-input\":{\"@type\":\"PropertyValueSpecification\",\"valueRequired\":true,\"valueName\":\"search_term_string\"}}],\"inLanguage\":\"pt-BR\"},{\"@type\":\"Organization\",\"@id\":\"https:\\\/\\\/www.iquilibrio.com\\\/blog\\\/#organization\",\"name\":\"Esoterismo, Misticismo e Tarot Online - iQuilibrio\",\"url\":\"https:\\\/\\\/www.iquilibrio.com\\\/blog\\\/\",\"logo\":{\"@type\":\"ImageObject\",\"inLanguage\":\"pt-BR\",\"@id\":\"https:\\\/\\\/www.iquilibrio.com\\\/blog\\\/#\\\/schema\\\/logo\\\/image\\\/\",\"url\":\"https:\\\/\\\/www.iquilibrio.com\\\/blog\\\/wp-content\\\/uploads\\\/2018\\\/12\\\/iquilibrio_lovo_vetor_preto-retina.png\",\"contentUrl\":\"https:\\\/\\\/www.iquilibrio.com\\\/blog\\\/wp-content\\\/uploads\\\/2018\\\/12\\\/iquilibrio_lovo_vetor_preto-retina.png\",\"width\":972,\"height\":180,\"caption\":\"Esoterismo, Misticismo e Tarot Online - iQuilibrio\"},\"image\":{\"@id\":\"https:\\\/\\\/www.iquilibrio.com\\\/blog\\\/#\\\/schema\\\/logo\\\/image\\\/\"},\"sameAs\":[\"https:\\\/\\\/www.facebook.com\\\/iQuilibrio\\\/\",\"https:\\\/\\\/x.com\\\/iquilibrio\",\"https:\\\/\\\/www.instagram.com\\\/iquilibrio\\\/\",\"https:\\\/\\\/www.linkedin.com\\\/company\\\/iquilibrio\\\/\",\"https:\\\/\\\/br.pinterest.com\\\/iquilibrio1397\\\/\",\"https:\\\/\\\/www.youtube.com\\\/channel\\\/UC175qxd-4Zsi4wzawT5zF2g\"]},{\"@type\":\"Person\",\"@id\":\"https:\\\/\\\/www.iquilibrio.com\\\/blog\\\/#\\\/schema\\\/person\\\/199505a1f0db0d00f022188666c75dca\",\"name\":\"Reda\u00e7\u00e3o iQuilibrio\",\"image\":{\"@type\":\"ImageObject\",\"inLanguage\":\"pt-BR\",\"@id\":\"https:\\\/\\\/www.iquilibrio.com\\\/blog\\\/wp-content\\\/uploads\\\/2021\\\/12\\\/Consulta-por-email-3-150x150.png\",\"url\":\"https:\\\/\\\/www.iquilibrio.com\\\/blog\\\/wp-content\\\/uploads\\\/2021\\\/12\\\/Consulta-por-email-3-150x150.png\",\"contentUrl\":\"https:\\\/\\\/www.iquilibrio.com\\\/blog\\\/wp-content\\\/uploads\\\/2021\\\/12\\\/Consulta-por-email-3-150x150.png\",\"caption\":\"Reda\u00e7\u00e3o iQuilibrio\"},\"description\":\"A equipe de reda\u00e7\u00e3o da iQuilibrio \u00e9 composta pelos mais diversos especialistas e esot\u00e9ricos. Al\u00e9m de dominar a arte de traduzir as energias que o universo emana, nossos redatores sentem imenso prazer em trabalhar com palavras. Boa leitura e um \u00f3timo aprendizado!\",\"url\":\"https:\\\/\\\/www.iquilibrio.com\\\/blog\\\/author\\\/juliana\\\/\"}]}<\/script>\n<!-- \/ Yoast SEO plugin. -->","yoast_head_json":{"title":"\"Ser\u00e1 Que Meu Novo Emprego Vai Dar Certo? - Pelo Consultor Eloi","description":"Come\u00e7ou uma nova etapa na sua vida profissional, e \u00e9 natural que voc\u00ea se pergunte o que deve fazer para que as coisas corram bem... continue lendo....","robots":{"index":"index","follow":"follow","max-snippet":"max-snippet:-1","max-image-preview":"max-image-preview:large","max-video-preview":"max-video-preview:-1"},"canonical":"https:\/\/www.iquilibrio.com\/blog\/bem-estar\/novo-emprego-vai-dar-certo\/","og_locale":"pt_BR","og_type":"article","og_title":"\"Ser\u00e1 Que Meu Novo Emprego Vai Dar Certo? - Pelo Consultor Eloi","og_description":"Come\u00e7ou uma nova etapa na sua vida profissional, e \u00e9 natural que voc\u00ea se pergunte o que deve fazer para que as coisas corram bem... continue lendo....","og_url":"https:\/\/www.iquilibrio.com\/blog\/bem-estar\/novo-emprego-vai-dar-certo\/","og_site_name":"iQuilibrio","article_publisher":"https:\/\/www.facebook.com\/iQuilibrio\/","article_published_time":"2020-02-13T20:36:10+00:00","og_image":[{"width":900,"height":560,"url":"https:\/\/www.iquilibrio.com\/blog\/wp-content\/uploads\/2020\/02\/emprego.png","type":"image\/png"}],"author":"Reda\u00e7\u00e3o iQuilibrio","twitter_card":"summary_large_image","twitter_creator":"@iquilibrio","twitter_site":"@iquilibrio","twitter_misc":{"Escrito por":"Reda\u00e7\u00e3o iQuilibrio","Est. tempo de leitura":"2 minutos"},"schema":{"@context":"https:\/\/schema.org","@graph":[{"@type":"Article","@id":"https:\/\/www.iquilibrio.com\/blog\/bem-estar\/novo-emprego-vai-dar-certo\/#article","isPartOf":{"@id":"https:\/\/www.iquilibrio.com\/blog\/bem-estar\/novo-emprego-vai-dar-certo\/"},"author":{"name":"Reda\u00e7\u00e3o iQuilibrio","@id":"https:\/\/www.iquilibrio.com\/blog\/#\/schema\/person\/199505a1f0db0d00f022188666c75dca"},"headline":"Novo emprego, vai dar certo? Se conhecer melhor pode ser o caminho! &#8211; Pelo consultor Eloi","datePublished":"2020-02-13T20:36:10+00:00","mainEntityOfPage":{"@id":"https:\/\/www.iquilibrio.com\/blog\/bem-estar\/novo-emprego-vai-dar-certo\/"},"wordCount":412,"commentCount":0,"publisher":{"@id":"https:\/\/www.iquilibrio.com\/blog\/#organization"},"image":{"@id":"https:\/\/www.iquilibrio.com\/blog\/bem-estar\/novo-emprego-vai-dar-certo\/#primaryimage"},"thumbnailUrl":"https:\/\/www.iquilibrio.com\/blog\/wp-content\/uploads\/2020\/02\/emprego.png","articleSection":["Dicas de Bem-Estar"],"inLanguage":"pt-BR"},{"@type":"WebPage","@id":"https:\/\/www.iquilibrio.com\/blog\/bem-estar\/novo-emprego-vai-dar-certo\/","url":"https:\/\/www.iquilibrio.com\/blog\/bem-estar\/novo-emprego-vai-dar-certo\/","name":"\"Ser\u00e1 Que Meu Novo Emprego Vai Dar Certo? - Pelo Consultor Eloi","isPartOf":{"@id":"https:\/\/www.iquilibrio.com\/blog\/#website"},"primaryImageOfPage":{"@id":"https:\/\/www.iquilibrio.com\/blog\/bem-estar\/novo-emprego-vai-dar-certo\/#primaryimage"},"image":{"@id":"https:\/\/www.iquilibrio.com\/blog\/bem-estar\/novo-emprego-vai-dar-certo\/#primaryimage"},"thumbnailUrl":"https:\/\/www.iquilibrio.com\/blog\/wp-content\/uploads\/2020\/02\/emprego.png","datePublished":"2020-02-13T20:36:10+00:00","description":"Come\u00e7ou uma nova etapa na sua vida profissional, e \u00e9 natural que voc\u00ea se pergunte o que deve fazer para que as coisas corram bem... continue lendo....","breadcrumb":{"@id":"https:\/\/www.iquilibrio.com\/blog\/bem-estar\/novo-emprego-vai-dar-certo\/#breadcrumb"},"inLanguage":"pt-BR","potentialAction":[{"@type":"ReadAction","target":["https:\/\/www.iquilibrio.com\/blog\/bem-estar\/novo-emprego-vai-dar-certo\/"]}]},{"@type":"ImageObject","inLanguage":"pt-BR","@id":"https:\/\/www.iquilibrio.com\/blog\/bem-estar\/novo-emprego-vai-dar-certo\/#primaryimage","url":"https:\/\/www.iquilibrio.com\/blog\/wp-content\/uploads\/2020\/02\/emprego.png","contentUrl":"https:\/\/www.iquilibrio.com\/blog\/wp-content\/uploads\/2020\/02\/emprego.png","width":900,"height":560,"caption":"novo emprego"},{"@type":"BreadcrumbList","@id":"https:\/\/www.iquilibrio.com\/blog\/bem-estar\/novo-emprego-vai-dar-certo\/#breadcrumb","itemListElement":[{"@type":"ListItem","position":1,"name":"In\u00edcio","item":"https:\/\/www.iquilibrio.com\/blog\/"},{"@type":"ListItem","position":2,"name":"Novo emprego, vai dar certo? Se conhecer melhor pode ser o caminho! &#8211; Pelo consultor Eloi"}]},{"@type":"WebSite","@id":"https:\/\/www.iquilibrio.com\/blog\/#website","url":"https:\/\/www.iquilibrio.com\/blog\/","name":"iQuilibrio","description":"Blog iQuilibrio","publisher":{"@id":"https:\/\/www.iquilibrio.com\/blog\/#organization"},"potentialAction":[{"@type":"SearchAction","target":{"@type":"EntryPoint","urlTemplate":"https:\/\/www.iquilibrio.com\/blog\/?s={search_term_string}"},"query-input":{"@type":"PropertyValueSpecification","valueRequired":true,"valueName":"search_term_string"}}],"inLanguage":"pt-BR"},{"@type":"Organization","@id":"https:\/\/www.iquilibrio.com\/blog\/#organization","name":"Esoterismo, Misticismo e Tarot Online - iQuilibrio","url":"https:\/\/www.iquilibrio.com\/blog\/","logo":{"@type":"ImageObject","inLanguage":"pt-BR","@id":"https:\/\/www.iquilibrio.com\/blog\/#\/schema\/logo\/image\/","url":"https:\/\/www.iquilibrio.com\/blog\/wp-content\/uploads\/2018\/12\/iquilibrio_lovo_vetor_preto-retina.png","contentUrl":"https:\/\/www.iquilibrio.com\/blog\/wp-content\/uploads\/2018\/12\/iquilibrio_lovo_vetor_preto-retina.png","width":972,"height":180,"caption":"Esoterismo, Misticismo e Tarot Online - iQuilibrio"},"image":{"@id":"https:\/\/www.iquilibrio.com\/blog\/#\/schema\/logo\/image\/"},"sameAs":["https:\/\/www.facebook.com\/iQuilibrio\/","https:\/\/x.com\/iquilibrio","https:\/\/www.instagram.com\/iquilibrio\/","https:\/\/www.linkedin.com\/company\/iquilibrio\/","https:\/\/br.pinterest.com\/iquilibrio1397\/","https:\/\/www.youtube.com\/channel\/UC175qxd-4Zsi4wzawT5zF2g"]},{"@type":"Person","@id":"https:\/\/www.iquilibrio.com\/blog\/#\/schema\/person\/199505a1f0db0d00f022188666c75dca","name":"Reda\u00e7\u00e3o iQuilibrio","image":{"@type":"ImageObject","inLanguage":"pt-BR","@id":"https:\/\/www.iquilibrio.com\/blog\/wp-content\/uploads\/2021\/12\/Consulta-por-email-3-150x150.png","url":"https:\/\/www.iquilibrio.com\/blog\/wp-content\/uploads\/2021\/12\/Consulta-por-email-3-150x150.png","contentUrl":"https:\/\/www.iquilibrio.com\/blog\/wp-content\/uploads\/2021\/12\/Consulta-por-email-3-150x150.png","caption":"Reda\u00e7\u00e3o iQuilibrio"},"description":"A equipe de reda\u00e7\u00e3o da iQuilibrio \u00e9 composta pelos mais diversos especialistas e esot\u00e9ricos. Al\u00e9m de dominar a arte de traduzir as energias que o universo emana, nossos redatores sentem imenso prazer em trabalhar com palavras. Boa leitura e um \u00f3timo aprendizado!","url":"https:\/\/www.iquilibrio.com\/blog\/author\/juliana\/"}]}},"_links":{"self":[{"href":"https:\/\/www.iquilibrio.com\/blog\/wp-json\/wp\/v2\/posts\/29454","targetHints":{"allow":["GET"]}}],"collection":[{"href":"https:\/\/www.iquilibrio.com\/blog\/wp-json\/wp\/v2\/posts"}],"about":[{"href":"https:\/\/www.iquilibrio.com\/blog\/wp-json\/wp\/v2\/types\/post"}],"author":[{"embeddable":true,"href":"https:\/\/www.iquilibrio.com\/blog\/wp-json\/wp\/v2\/users\/20"}],"replies":[{"embeddable":true,"href":"https:\/\/www.iquilibrio.com\/blog\/wp-json\/wp\/v2\/comments?post=29454"}],"version-history":[{"count":4,"href":"https:\/\/www.iquilibrio.com\/blog\/wp-json\/wp\/v2\/posts\/29454\/revisions"}],"predecessor-version":[{"id":29463,"href":"https:\/\/www.iquilibrio.com\/blog\/wp-json\/wp\/v2\/posts\/29454\/revisions\/29463"}],"wp:featuredmedia":[{"embeddable":true,"href":"https:\/\/www.iquilibrio.com\/blog\/wp-json\/wp\/v2\/media\/29464"}],"wp:attachment":[{"href":"https:\/\/www.iquilibrio.com\/blog\/wp-json\/wp\/v2\/media?parent=29454"}],"wp:term":[{"taxonomy":"category","embeddable":true,"href":"https:\/\/www.iquilibrio.com\/blog\/wp-json\/wp\/v2\/categories?post=29454"},{"taxonomy":"post_tag","embeddable":true,"href":"https:\/\/www.iquilibrio.com\/blog\/wp-json\/wp\/v2\/tags?post=29454"}],"curies":[{"name":"wp","href":"https:\/\/api.w.org\/{rel}","templated":true}]}}