{"id":28929,"date":"2019-11-27T16:05:50","date_gmt":"2019-11-27T19:05:50","guid":{"rendered":"https:\/\/www.iquilibrio.com\/blog\/?p=28929"},"modified":"2019-11-27T16:05:50","modified_gmt":"2019-11-27T19:05:50","slug":"previsoes-do-tarot-para-2020-por-nadima","status":"publish","type":"post","link":"https:\/\/www.iquilibrio.com\/blog\/bem-estar\/previsoes-do-tarot-para-2020-por-nadima\/","title":{"rendered":"Previs\u00f5es do Tarot para 2020 por N\u00e1dima"},"content":{"rendered":"<h2><span style=\"font-weight: 400;\">Previs\u00f5es do Tarot para 2020<\/span><\/h2>\n<p><span style=\"font-weight: 400;\">Para trazer um melhor entendimento das previs\u00f5es aqui realizadas, nossa <a href=\"https:\/\/www.iquilibrio.com\/esotericos\/nadima\/\">consultora N\u00e1dima<\/a> utilizou duas ferramentas, sendo a primeira a leitura Astrol\u00f3gica, para trazer contexto aos por qu\u00eas que naturalmente surgem, logo no in\u00edcio do ano.<\/span><\/p>\n<p>Se voc\u00ea quiser ter uma previs\u00e3o personalizada da SUA VIDA, fale agora mesmo com N\u00e1dima. <a href=\"https:\/\/www.iquilibrio.com\/esotericos\/nadima\/\">Ela est\u00e1 te esperando aqui!<\/a><\/p>\n<p style=\"text-align: center;\"><span style=\"font-weight: 400;\"><br \/>\n<a href=\"https:\/\/www.iquilibrio.com\/esotericos\/nadima\/\"><span class=\"td_btn td_btn_md td_round_btn\" style=\"background-color: #99cc00;\">Fa\u00e7a sua previs\u00e3o personalizada AGORA MESMO!<\/span><\/a><\/span><span style=\"font-weight: 400;\">\u00a0<\/span><\/p>\n<h2><span style=\"font-weight: 400;\"><br \/>\nIntrodu\u00e7\u00e3o Astrol\u00f3gica<br \/>\n<\/span><\/h2>\n<p><span style=\"font-weight: 400;\">2019 est\u00e1 sendo regido por Marte, o guerreiro, neto de Cronos ou Saturno na Mitologia, que estar\u00e1 fazendo o grande ciclo at\u00e9 2052. O ano astrol\u00f3gico come\u00e7a em mar\u00e7o, dia 20, no signo de \u00c1ries, somos neste momento evolutivos, a\u00a0quinta sub-ra\u00e7a da quinta Ra\u00e7a Ariana, portanto, o ano de 2020 come\u00e7ar\u00e1 em mar\u00e7o.<\/span><\/p>\n<p><span style=\"font-weight: 400;\">Marte representa os cortes que precisamos fazer naquilo que n\u00e3o est\u00e1 em conson\u00e2ncia com quem somos, tudo que est\u00e1 fora de lugar, tudo que est\u00e1 obsoleto, tudo que desequilibra, est\u00e1 sendo retirado de nossas vidas pela energia de Marte, em comunh\u00e3o com a de Saturno, que \u00e9 o &#8220;grande cobrador&#8221;; ele\u00a0 vem cobrar se estamos fazendo a li\u00e7\u00e3o de casa, o que nos comprometemos fazer. Se fizemos, colheremos os louros, se n\u00e3o, sofreremos as consequ\u00eancias da li\u00e7\u00e3o n\u00e3o feita.<\/span><\/p>\n<p><span style=\"font-weight: 400;\">Temos at\u00e9 mar\u00e7o para rever nossas posturas, para resolver pend\u00eancias, para mudar o que decidimos mudar em n\u00f3s, e ainda mantemos. S\u00e3o tr\u00eas meses em 2020 ainda regidos por Marte, que nos permite uma revis\u00e3o e oportunidade de mudar o que \u00e9 necess\u00e1rio, e que ainda n\u00e3o mudamos. 2020 ser\u00e1 regido pelo Sol, ele ilumina, clareia, mostra o caminho. Se seguimos o que Marte pediu, juntamente com Saturno, fizemos nossas faxinas internas. Caso contr\u00e1rio, a vida, \u00e0 sua maneira, vai retirar do nosso caminho o que n\u00e3o tem a ver com nosso momento atual.<\/span><\/p>\n<p><span style=\"font-weight: 400;\">O Sol \u00e9 o astro rei, ao mesmo tempo que ele ilumina, ele cega se o olharmos de frente, ent\u00e3o h\u00e1 de ter cuidado com o excesso de brilho que possamos ter em nossas atitudes.\u00a0 Temos que ter nosso Sol interno brilhando, no sentido de acreditarmos em n\u00f3s, em nosso potencial, mas temos que tomar cuidado com o orgulho e a soberba. Ter consci\u00eancia de quem somos, n\u00e3o nos transforma em maiorais. o que o Sol clareia em n\u00f3s, s\u00e3o nossos pontos positivos, quanto os negativos.\u00a0E 2020 vem mostrar o que precisa ser mostrado em todos os n\u00edveis: social, pol\u00edtico, religioso, macro e micro.<\/span><\/p>\n<p><span style=\"font-weight: 400;\">Tudo que est\u00e1 desgastado vem sendo mostrado desde 2017 sob a reg\u00eancia grande de Saturno, que, repito, vai at\u00e9 2052. At\u00e9 l\u00e1, a cada ano, os planetas far\u00e3o suas reg\u00eancias anuais para corroborar o julgamento pelo qual a humanidade est\u00e1 passando.<\/span><\/p>\n<p><span style=\"font-weight: 400;\">Voltando ao Sol, ele mostra a verdade, esteja ela onde estiver, cabe a cada um de n\u00f3s, olharmos para nossa escurid\u00e3o, para nossa sombra e entender o que ela nos diz: somos duais, polares, imperfeitos e falhos, ent\u00e3o cabe a n\u00f3s aprendermos as li\u00e7\u00f5es que viemos aprender neste momento em que aqui estamos.<\/span><\/p>\n<p><span style=\"font-weight: 400;\">Que o Sol ilumine nossos sonhos, ideias, que tenhamos clareza de que somos irm\u00e3os independentemente da consanguinidade.\u00a0 Que sejamos humildes o suficiente para enxergarmos o que precisamos ver, para melhorarmos quem somos, no caminho da evolu\u00e7\u00e3o. Que o preconceito, a indiferen\u00e7a e o ego\u00edsmo possam ser diminu\u00eddos, que a t\u00e3o falada solidariedade se fa\u00e7a presente nos m\u00ednimos gestos de nosso cotidiano.<\/span><\/p>\n<h2><span style=\"font-weight: 400;\"><br \/>\nA previs\u00e3o d&#8217;O Tarot<\/span><\/h2>\n<h3><span style=\"font-weight: 400;\">O Eu: Perdoe-se e Siga em Frente<\/span><\/h3>\n<p><span style=\"font-weight: 400;\">O Tarot nos orienta a mantermos nossas escolhas pautadas em discernimento e intui\u00e7\u00e3o.<\/span><\/p>\n<p><span style=\"font-weight: 400;\">Nosso racional \u00e9 suficientemente valorizado aqui no ocidente, precisamos aprender a valorizar nosso lado intuitivo, que todos temos. Nossa intui\u00e7\u00e3o conversa conosco, n\u00f3s \u00e9 que n\u00e3o lhe damos ouvidos, e depois no arrependemos!<\/span><\/p>\n<p><span style=\"font-weight: 400;\">A mensagem \u00e9: n\u00e3o nos culparmos pelos erros cometidos, n\u00e3o trazer do passado m\u00e1goas e ressentimentos, e sim, olhar para isso com outros olhos, porque tudo na vida s\u00e3o aprendizados. Ent\u00e3o, n\u00e3o repetir o que fizemos, se uma situa\u00e7\u00e3o parecida acontecer de novo. Fazer nossas escolhas com equil\u00edbrio entre a raz\u00e3o e a intui\u00e7\u00e3o. Seguir cada um seu caminho, de acordo com suas cren\u00e7as e valores, respeitando os demais.<\/span><\/p>\n<h3><span style=\"font-weight: 400;\">Emo\u00e7\u00f5es: Com os P\u00e9s no Ch\u00e3o!<\/span><\/h3>\n<p><span style=\"font-weight: 400;\">Esteja atenta para que as fantasias n\u00e3o se sobreponham \u00e0 realidade, \u00e9 diferente de ir atr\u00e1s dos nossos sonhos; a orienta\u00e7\u00e3o \u00e9 n\u00e3o nos iludirmos facilmente, tomarmos cuidado com propostas mirabolantes e &#8220;milagres&#8221; instant\u00e2neos, abrirmos nossos olhos e ouvidos, evitar nos deixarmos levar por l\u00e1bias, sejam em que situa\u00e7\u00f5es forem: profissionais, pessoais, amorosas, familiares.<\/span><\/p>\n<p><span style=\"font-weight: 400;\">Muito cuidado para n\u00e3o cair em armadilhas de not\u00edcias falsas, de curas milagrosas, de m\u00e9todos revolucion\u00e1rios, manter as antenas ligadas, usar do bom senso e das experi\u00eancias de vida j\u00e1 acumuladas.<\/span><\/p>\n<p><span style=\"font-weight: 400;\">Evitar que o emocional (rompantes, impulsividade) domine o filtro entre raz\u00e3o e intui\u00e7\u00e3o na tomada de atitudes; usar, sim, a sensibilidade no sentido de perceber as situa\u00e7\u00f5es que se apresentarem, agir ponderadamente, ao inv\u00e9s de reagir por impulso.<\/span><\/p>\n<p><span style=\"font-weight: 400;\">Procurar equilibrar as paix\u00f5es bem direcionadas (paix\u00e3o por um projeto, por uma ideia, um trabalho, um ideal, por uma pessoa) e as paix\u00f5es por histeria coletiva, evitar ser massa de manobra, evitar se envolver em rela\u00e7\u00f5es dominadas pelo lado selvagem do ser humano: agressivo e belicoso. Procurar a luz interna, a clareza, a serenidade, ao inv\u00e9s da rea\u00e7\u00e3o pela rea\u00e7\u00e3o.<\/span><\/p>\n<p><span style=\"font-weight: 400;\">Novos in\u00edcios, ano regido pelo Sol, que tanto vai mostrar nosso lado claro e obscuro, ent\u00e3o iniciar o processo de olhar para a sombra e entend\u00ea-la, aceit\u00e1-la e dar luz a ela. Dizia Jung que sem a sombra, n\u00e3o evolu\u00edmos, n\u00e3o conseguimos nossa individua\u00e7\u00e3o. Somos duais, polares, temos positivo e negativo em n\u00f3s, negarmos isso, \u00e9 negar que somos humanos.<\/span><\/p>\n<h3><span style=\"font-weight: 400;\">Projetos Pessoais e Profissionais<\/span><\/h3>\n<p><span style=\"font-weight: 400;\">Ano favor\u00e1vel \u00e0 concretiza\u00e7\u00e3o de projetos, desde que pautados na \u00e9tica, no respeito, no amor, na coletividade. Mesmo que a coletividade seja um grupo pequeno de pessoas, sua fam\u00edlia por exemplo. Projetos n\u00e3o necessariamente s\u00e3o projetos, exclusivamente de trabalho. Pode ser um projeto relacionado a um novo curso, mudar de \u00e1rea, de casa, de postura, de cidade, de atitude perante si mesmo, iniciar uma terapia, resolver um mal-entendido\u2026 tantos outros assuntos cabem aqui!<\/span><\/p>\n<p><span style=\"font-weight: 400;\">Importante perceber o que \u00e9 necess\u00e1rio cortar de nossa vida que j\u00e1 n\u00e3o agrega nada: h\u00e1bitos, pensamentos, v\u00edcios (falar dos outros \u00e9 um, amplie o conceito de v\u00edcios), comportamentos, pensamentos, atitudes, pessoas, lugares, roupas, objetos, sentimentos; para que possa realizar o que verdadeiramente quer para a vida.<\/span><\/p>\n<p><span style=\"font-weight: 400;\">Comprometimento com o que realmente tem valor para cada um de n\u00f3s, evitar cr\u00edticas desnecess\u00e1rias, olhar mais para si e procurar em nosso interior o que significa espiritualidade. Cada um tem seu conceito e seu caminho, ent\u00e3o que cada um siga e viva sua espiritualidade, respeitando a dos outros. Nada impede que ou\u00e7am e se interessem por outros conceitos. Pesquisem, leiam, observem, testem outras linhas, todas t\u00eam algo em comum, procurem as converg\u00eancias entre elas. Construam dentro de si, suas bases emocionais, com calma e aten\u00e7\u00e3o. Mudem quando sentirem que \u00e9 necess\u00e1rio, agreguem o novo que fa\u00e7a eco ao que j\u00e1 est\u00e1 assimilado.<\/span><\/p>\n<h3><span style=\"font-weight: 400;\">Novos Caminhos<\/span><\/h3>\n<p><span style=\"font-weight: 400;\">Esteja aberta ao novo, eliminem o velho quando ele deixar de fazer sentido, sem menosprez\u00e1-lo, ele foi importante na sua forma\u00e7\u00e3o. Encerrem os ciclos que perceber que est\u00e3o sendo encerrados independentemente da sua vontade. A vida est\u00e1 te mostrando isso, ent\u00e3o aceite. Se tiver apego, ser\u00e1 dolorido, ent\u00e3o apenas entregue, doer\u00e1 menos.<\/span><\/p>\n<p><span style=\"font-weight: 400;\">Procure manter seu equil\u00edbrio, usando as t\u00e9cnicas que fazem sentido para voc\u00eas: medita\u00e7\u00e3o, mantras, Yoga, Tai Chi, corrida, caminhadas, m\u00fasica, ir \u00e0 praia, ir para um s\u00edtio, ficar sozinha por algumas horas, ler algo que acalme\u2026 fa\u00e7a uso do que costuma para relaxar. Quando sentir vontade, fique em introspec\u00e7\u00e3o. No sil\u00eancio de n\u00f3s mesmos, encontramos as respostas, que nem sempre encontramos quando desabafamos com algu\u00e9m.<\/span><\/p>\n<p><span style=\"font-weight: 400;\">Acredite mais em si. Nos seus sentimentos, nas suas percep\u00e7\u00f5es, nas suas intui\u00e7\u00f5es, nas suas experi\u00eancias de vida, nas suas observa\u00e7\u00f5es; nas suas capacidades de equilibrar seus impulsos e rea\u00e7\u00f5es, nos seus controles, nas suas explos\u00f5es, nas suas capacidades de mudar o que for preciso, nos seus discernimentos. Acredite!<\/span><\/p>\n<h3><span style=\"font-weight: 400;\">Vida Pessoal<\/span><\/h3>\n<p><span style=\"font-weight: 400;\">Continue interagindo com seus amigos e familiares, evite acreditar em tudo que ouvir, em tudo que ler. Evite se deixar levar pelo calor da discuss\u00e3o. Discuss\u00e3o saud\u00e1vel \u00e9 cada um externar sua opini\u00e3o, \u00e9 diferente de bater boca.<\/span><\/p>\n<p><span style=\"font-weight: 400;\">Assuma seu papel na sua vida, afinal, cada um de n\u00f3s \u00e9 a pessoa mais importante da pr\u00f3pria vida. E isso n\u00e3o significa soberba, nem ser o mais importante, ou o maioral, mas sim, ser e estar consciente das limita\u00e7\u00f5es e motiva\u00e7\u00f5es para sermos a cada dia e momento, um pouco melhor do que no anterior.<\/span><\/p>\n<p><span style=\"font-weight: 400;\">O Sol brilhar\u00e1 para todos, literalmente!<\/span><\/p>\n<h2><span id=\"Saiba_mais_sobre_o_consultor_Shimonn\"><br \/>\nA N\u00e1dima pode te ajudar!<\/span><\/h2>\n<p>Uma \u00f3tima conselheira, assim \u00e9 definida a N\u00e1dima por seus consulentes. Dedicada, tem a preocupa\u00e7\u00e3o de explicar tudo que cerca seus anseios e expectativas, falando com delicadeza e muita propriedade. Vem falar com ela <a href=\"https:\/\/www.iquilibrio.com\/esotericos\/nadima\/\"><span class=\"class-texto-consultor\"><strong>agora mesmo<\/strong> clicando aqui<\/span><\/a>!<\/p>\n<p style=\"text-align: center;\"><span style=\"font-weight: 400;\"><a href=\"https:\/\/www.iquilibrio.com\/esotericos\/nadima\/\"><span class=\"td_btn td_btn_md td_round_btn\" style=\"background-color: #99cc00;\">Oi, eu posso e vou te ajudar. Vem falar comigo!<\/span><\/a><\/span><span style=\"font-weight: 400;\">\u00a0<\/span><\/p>\n<p>&nbsp;<\/p>\n\n\n<div class=\"kk-star-ratings kksr-auto kksr-align-left kksr-valign-bottom\"\n    data-payload='{&quot;align&quot;:&quot;left&quot;,&quot;id&quot;:&quot;28929&quot;,&quot;slug&quot;:&quot;default&quot;,&quot;valign&quot;:&quot;bottom&quot;,&quot;ignore&quot;:&quot;&quot;,&quot;reference&quot;:&quot;auto&quot;,&quot;class&quot;:&quot;&quot;,&quot;count&quot;:&quot;5&quot;,&quot;legendonly&quot;:&quot;&quot;,&quot;readonly&quot;:&quot;&quot;,&quot;score&quot;:&quot;2.8&quot;,&quot;starsonly&quot;:&quot;&quot;,&quot;best&quot;:&quot;5&quot;,&quot;gap&quot;:&quot;5&quot;,&quot;greet&quot;:&quot;Rate this post&quot;,&quot;legend&quot;:&quot;2.8\\\/5 - (5 votos)&quot;,&quot;size&quot;:&quot;24&quot;,&quot;title&quot;:&quot;Previs\u00f5es do Tarot para 2020 por N\u00e1dima&quot;,&quot;width&quot;:&quot;78.7&quot;,&quot;_legend&quot;:&quot;{score}\\\/{best} - ({count} {votes})&quot;,&quot;font_factor&quot;:&quot;1.25&quot;}'>\n            \n<div class=\"kksr-stars\">\n    \n<div class=\"kksr-stars-inactive\">\n            <div class=\"kksr-star\" data-star=\"1\" style=\"padding-right: 5px\">\n            \n\n<div class=\"kksr-icon\" style=\"width: 24px; height: 24px;\"><\/div>\n        <\/div>\n            <div class=\"kksr-star\" data-star=\"2\" style=\"padding-right: 5px\">\n            \n\n<div class=\"kksr-icon\" style=\"width: 24px; height: 24px;\"><\/div>\n        <\/div>\n            <div class=\"kksr-star\" data-star=\"3\" style=\"padding-right: 5px\">\n            \n\n<div class=\"kksr-icon\" style=\"width: 24px; height: 24px;\"><\/div>\n        <\/div>\n            <div class=\"kksr-star\" data-star=\"4\" style=\"padding-right: 5px\">\n            \n\n<div class=\"kksr-icon\" style=\"width: 24px; height: 24px;\"><\/div>\n        <\/div>\n            <div class=\"kksr-star\" data-star=\"5\" style=\"padding-right: 5px\">\n            \n\n<div class=\"kksr-icon\" style=\"width: 24px; height: 24px;\"><\/div>\n        <\/div>\n    <\/div>\n    \n<div class=\"kksr-stars-active\" style=\"width: 78.7px;\">\n            <div class=\"kksr-star\" style=\"padding-right: 5px\">\n            \n\n<div class=\"kksr-icon\" style=\"width: 24px; height: 24px;\"><\/div>\n        <\/div>\n            <div class=\"kksr-star\" style=\"padding-right: 5px\">\n            \n\n<div class=\"kksr-icon\" style=\"width: 24px; height: 24px;\"><\/div>\n        <\/div>\n            <div class=\"kksr-star\" style=\"padding-right: 5px\">\n            \n\n<div class=\"kksr-icon\" style=\"width: 24px; height: 24px;\"><\/div>\n        <\/div>\n            <div class=\"kksr-star\" style=\"padding-right: 5px\">\n            \n\n<div class=\"kksr-icon\" style=\"width: 24px; height: 24px;\"><\/div>\n        <\/div>\n            <div class=\"kksr-star\" style=\"padding-right: 5px\">\n            \n\n<div class=\"kksr-icon\" style=\"width: 24px; height: 24px;\"><\/div>\n        <\/div>\n    <\/div>\n<\/div>\n                \n\n<div class=\"kksr-legend\" style=\"font-size: 19.2px;\">\n            2.8\/5 - (5 votos)    <\/div>\n    <\/div>\n","protected":false},"excerpt":{"rendered":"<p>Previs\u00f5es do Tarot para 2020 Para trazer um melhor entendimento das previs\u00f5es aqui realizadas, nossa consultora N\u00e1dima utilizou duas ferramentas, sendo a primeira a leitura Astrol\u00f3gica, para trazer contexto aos por qu\u00eas que naturalmente surgem, logo no in\u00edcio do ano. Se voc\u00ea quiser ter uma previs\u00e3o personalizada da SUA VIDA, fale agora mesmo com N\u00e1dima. [&hellip;]<\/p>\n","protected":false},"author":20,"featured_media":28930,"comment_status":"open","ping_status":"open","sticky":false,"template":"","format":"standard","meta":{"footnotes":""},"categories":[592,534],"tags":[],"class_list":["post-28929","post","type-post","status-publish","format-standard","has-post-thumbnail","hentry","category-bem-estar","category-tarot"],"yoast_head":"<!-- This site is optimized with the Yoast SEO plugin v27.4 - https:\/\/yoast.com\/product\/yoast-seo-wordpress\/ -->\n<title>Previs\u00f5es do Tarot para 2020 por N\u00e1dima - iQuilibrio<\/title>\n<meta name=\"robots\" content=\"index, follow, max-snippet:-1, max-image-preview:large, max-video-preview:-1\" \/>\n<link rel=\"canonical\" href=\"https:\/\/www.iquilibrio.com\/blog\/bem-estar\/previsoes-do-tarot-para-2020-por-nadima\/\" \/>\n<meta property=\"og:locale\" content=\"pt_BR\" \/>\n<meta property=\"og:type\" content=\"article\" \/>\n<meta property=\"og:title\" content=\"Previs\u00f5es do Tarot para 2020 por N\u00e1dima - iQuilibrio\" \/>\n<meta property=\"og:description\" content=\"Previs\u00f5es do Tarot para 2020 Para trazer um melhor entendimento das previs\u00f5es aqui realizadas, nossa consultora N\u00e1dima utilizou duas ferramentas, sendo a primeira a leitura Astrol\u00f3gica, para trazer contexto aos por qu\u00eas que naturalmente surgem, logo no in\u00edcio do ano. Se voc\u00ea quiser ter uma previs\u00e3o personalizada da SUA VIDA, fale agora mesmo com N\u00e1dima. [&hellip;]\" \/>\n<meta property=\"og:url\" content=\"https:\/\/www.iquilibrio.com\/blog\/bem-estar\/previsoes-do-tarot-para-2020-por-nadima\/\" \/>\n<meta property=\"og:site_name\" content=\"iQuilibrio\" \/>\n<meta property=\"article:publisher\" content=\"https:\/\/www.facebook.com\/iQuilibrio\/\" \/>\n<meta property=\"article:published_time\" content=\"2019-11-27T19:05:50+00:00\" \/>\n<meta property=\"og:image\" content=\"https:\/\/www.iquilibrio.com\/blog\/wp-content\/uploads\/2019\/11\/previs\u00f5es-do-tarot-2020.png\" \/>\n\t<meta property=\"og:image:width\" content=\"900\" \/>\n\t<meta property=\"og:image:height\" content=\"560\" \/>\n\t<meta property=\"og:image:type\" content=\"image\/png\" \/>\n<meta name=\"author\" content=\"Reda\u00e7\u00e3o iQuilibrio\" \/>\n<meta name=\"twitter:card\" content=\"summary_large_image\" \/>\n<meta name=\"twitter:creator\" content=\"@iquilibrio\" \/>\n<meta name=\"twitter:site\" content=\"@iquilibrio\" \/>\n<meta name=\"twitter:label1\" content=\"Escrito por\" \/>\n\t<meta name=\"twitter:data1\" content=\"Reda\u00e7\u00e3o iQuilibrio\" \/>\n\t<meta name=\"twitter:label2\" content=\"Est. tempo de leitura\" \/>\n\t<meta name=\"twitter:data2\" content=\"8 minutos\" \/>\n<script type=\"application\/ld+json\" class=\"yoast-schema-graph\">{\"@context\":\"https:\\\/\\\/schema.org\",\"@graph\":[{\"@type\":\"Article\",\"@id\":\"https:\\\/\\\/www.iquilibrio.com\\\/blog\\\/bem-estar\\\/previsoes-do-tarot-para-2020-por-nadima\\\/#article\",\"isPartOf\":{\"@id\":\"https:\\\/\\\/www.iquilibrio.com\\\/blog\\\/bem-estar\\\/previsoes-do-tarot-para-2020-por-nadima\\\/\"},\"author\":{\"name\":\"Reda\u00e7\u00e3o iQuilibrio\",\"@id\":\"https:\\\/\\\/www.iquilibrio.com\\\/blog\\\/#\\\/schema\\\/person\\\/199505a1f0db0d00f022188666c75dca\"},\"headline\":\"Previs\u00f5es do Tarot para 2020 por N\u00e1dima\",\"datePublished\":\"2019-11-27T19:05:50+00:00\",\"mainEntityOfPage\":{\"@id\":\"https:\\\/\\\/www.iquilibrio.com\\\/blog\\\/bem-estar\\\/previsoes-do-tarot-para-2020-por-nadima\\\/\"},\"wordCount\":1626,\"commentCount\":0,\"publisher\":{\"@id\":\"https:\\\/\\\/www.iquilibrio.com\\\/blog\\\/#organization\"},\"image\":{\"@id\":\"https:\\\/\\\/www.iquilibrio.com\\\/blog\\\/bem-estar\\\/previsoes-do-tarot-para-2020-por-nadima\\\/#primaryimage\"},\"thumbnailUrl\":\"https:\\\/\\\/www.iquilibrio.com\\\/blog\\\/wp-content\\\/uploads\\\/2019\\\/11\\\/previs\u00f5es-do-tarot-2020.png\",\"articleSection\":[\"Dicas de Bem-Estar\",\"Tarot\"],\"inLanguage\":\"pt-BR\"},{\"@type\":\"WebPage\",\"@id\":\"https:\\\/\\\/www.iquilibrio.com\\\/blog\\\/bem-estar\\\/previsoes-do-tarot-para-2020-por-nadima\\\/\",\"url\":\"https:\\\/\\\/www.iquilibrio.com\\\/blog\\\/bem-estar\\\/previsoes-do-tarot-para-2020-por-nadima\\\/\",\"name\":\"Previs\u00f5es do Tarot para 2020 por N\u00e1dima - iQuilibrio\",\"isPartOf\":{\"@id\":\"https:\\\/\\\/www.iquilibrio.com\\\/blog\\\/#website\"},\"primaryImageOfPage\":{\"@id\":\"https:\\\/\\\/www.iquilibrio.com\\\/blog\\\/bem-estar\\\/previsoes-do-tarot-para-2020-por-nadima\\\/#primaryimage\"},\"image\":{\"@id\":\"https:\\\/\\\/www.iquilibrio.com\\\/blog\\\/bem-estar\\\/previsoes-do-tarot-para-2020-por-nadima\\\/#primaryimage\"},\"thumbnailUrl\":\"https:\\\/\\\/www.iquilibrio.com\\\/blog\\\/wp-content\\\/uploads\\\/2019\\\/11\\\/previs\u00f5es-do-tarot-2020.png\",\"datePublished\":\"2019-11-27T19:05:50+00:00\",\"breadcrumb\":{\"@id\":\"https:\\\/\\\/www.iquilibrio.com\\\/blog\\\/bem-estar\\\/previsoes-do-tarot-para-2020-por-nadima\\\/#breadcrumb\"},\"inLanguage\":\"pt-BR\",\"potentialAction\":[{\"@type\":\"ReadAction\",\"target\":[\"https:\\\/\\\/www.iquilibrio.com\\\/blog\\\/bem-estar\\\/previsoes-do-tarot-para-2020-por-nadima\\\/\"]}]},{\"@type\":\"ImageObject\",\"inLanguage\":\"pt-BR\",\"@id\":\"https:\\\/\\\/www.iquilibrio.com\\\/blog\\\/bem-estar\\\/previsoes-do-tarot-para-2020-por-nadima\\\/#primaryimage\",\"url\":\"https:\\\/\\\/www.iquilibrio.com\\\/blog\\\/wp-content\\\/uploads\\\/2019\\\/11\\\/previs\u00f5es-do-tarot-2020.png\",\"contentUrl\":\"https:\\\/\\\/www.iquilibrio.com\\\/blog\\\/wp-content\\\/uploads\\\/2019\\\/11\\\/previs\u00f5es-do-tarot-2020.png\",\"width\":900,\"height\":560},{\"@type\":\"BreadcrumbList\",\"@id\":\"https:\\\/\\\/www.iquilibrio.com\\\/blog\\\/bem-estar\\\/previsoes-do-tarot-para-2020-por-nadima\\\/#breadcrumb\",\"itemListElement\":[{\"@type\":\"ListItem\",\"position\":1,\"name\":\"In\u00edcio\",\"item\":\"https:\\\/\\\/www.iquilibrio.com\\\/blog\\\/\"},{\"@type\":\"ListItem\",\"position\":2,\"name\":\"Previs\u00f5es do Tarot para 2020 por N\u00e1dima\"}]},{\"@type\":\"WebSite\",\"@id\":\"https:\\\/\\\/www.iquilibrio.com\\\/blog\\\/#website\",\"url\":\"https:\\\/\\\/www.iquilibrio.com\\\/blog\\\/\",\"name\":\"iQuilibrio\",\"description\":\"Blog iQuilibrio\",\"publisher\":{\"@id\":\"https:\\\/\\\/www.iquilibrio.com\\\/blog\\\/#organization\"},\"potentialAction\":[{\"@type\":\"SearchAction\",\"target\":{\"@type\":\"EntryPoint\",\"urlTemplate\":\"https:\\\/\\\/www.iquilibrio.com\\\/blog\\\/?s={search_term_string}\"},\"query-input\":{\"@type\":\"PropertyValueSpecification\",\"valueRequired\":true,\"valueName\":\"search_term_string\"}}],\"inLanguage\":\"pt-BR\"},{\"@type\":\"Organization\",\"@id\":\"https:\\\/\\\/www.iquilibrio.com\\\/blog\\\/#organization\",\"name\":\"Esoterismo, Misticismo e Tarot Online - iQuilibrio\",\"url\":\"https:\\\/\\\/www.iquilibrio.com\\\/blog\\\/\",\"logo\":{\"@type\":\"ImageObject\",\"inLanguage\":\"pt-BR\",\"@id\":\"https:\\\/\\\/www.iquilibrio.com\\\/blog\\\/#\\\/schema\\\/logo\\\/image\\\/\",\"url\":\"https:\\\/\\\/www.iquilibrio.com\\\/blog\\\/wp-content\\\/uploads\\\/2018\\\/12\\\/iquilibrio_lovo_vetor_preto-retina.png\",\"contentUrl\":\"https:\\\/\\\/www.iquilibrio.com\\\/blog\\\/wp-content\\\/uploads\\\/2018\\\/12\\\/iquilibrio_lovo_vetor_preto-retina.png\",\"width\":972,\"height\":180,\"caption\":\"Esoterismo, Misticismo e Tarot Online - iQuilibrio\"},\"image\":{\"@id\":\"https:\\\/\\\/www.iquilibrio.com\\\/blog\\\/#\\\/schema\\\/logo\\\/image\\\/\"},\"sameAs\":[\"https:\\\/\\\/www.facebook.com\\\/iQuilibrio\\\/\",\"https:\\\/\\\/x.com\\\/iquilibrio\",\"https:\\\/\\\/www.instagram.com\\\/iquilibrio\\\/\",\"https:\\\/\\\/www.linkedin.com\\\/company\\\/iquilibrio\\\/\",\"https:\\\/\\\/br.pinterest.com\\\/iquilibrio1397\\\/\",\"https:\\\/\\\/www.youtube.com\\\/channel\\\/UC175qxd-4Zsi4wzawT5zF2g\"]},{\"@type\":\"Person\",\"@id\":\"https:\\\/\\\/www.iquilibrio.com\\\/blog\\\/#\\\/schema\\\/person\\\/199505a1f0db0d00f022188666c75dca\",\"name\":\"Reda\u00e7\u00e3o iQuilibrio\",\"image\":{\"@type\":\"ImageObject\",\"inLanguage\":\"pt-BR\",\"@id\":\"https:\\\/\\\/www.iquilibrio.com\\\/blog\\\/wp-content\\\/uploads\\\/2021\\\/12\\\/Consulta-por-email-3-150x150.png\",\"url\":\"https:\\\/\\\/www.iquilibrio.com\\\/blog\\\/wp-content\\\/uploads\\\/2021\\\/12\\\/Consulta-por-email-3-150x150.png\",\"contentUrl\":\"https:\\\/\\\/www.iquilibrio.com\\\/blog\\\/wp-content\\\/uploads\\\/2021\\\/12\\\/Consulta-por-email-3-150x150.png\",\"caption\":\"Reda\u00e7\u00e3o iQuilibrio\"},\"description\":\"A equipe de reda\u00e7\u00e3o da iQuilibrio \u00e9 composta pelos mais diversos especialistas e esot\u00e9ricos. Al\u00e9m de dominar a arte de traduzir as energias que o universo emana, nossos redatores sentem imenso prazer em trabalhar com palavras. Boa leitura e um \u00f3timo aprendizado!\",\"url\":\"https:\\\/\\\/www.iquilibrio.com\\\/blog\\\/author\\\/juliana\\\/\"}]}<\/script>\n<!-- \/ Yoast SEO plugin. -->","yoast_head_json":{"title":"Previs\u00f5es do Tarot para 2020 por N\u00e1dima - iQuilibrio","robots":{"index":"index","follow":"follow","max-snippet":"max-snippet:-1","max-image-preview":"max-image-preview:large","max-video-preview":"max-video-preview:-1"},"canonical":"https:\/\/www.iquilibrio.com\/blog\/bem-estar\/previsoes-do-tarot-para-2020-por-nadima\/","og_locale":"pt_BR","og_type":"article","og_title":"Previs\u00f5es do Tarot para 2020 por N\u00e1dima - iQuilibrio","og_description":"Previs\u00f5es do Tarot para 2020 Para trazer um melhor entendimento das previs\u00f5es aqui realizadas, nossa consultora N\u00e1dima utilizou duas ferramentas, sendo a primeira a leitura Astrol\u00f3gica, para trazer contexto aos por qu\u00eas que naturalmente surgem, logo no in\u00edcio do ano. Se voc\u00ea quiser ter uma previs\u00e3o personalizada da SUA VIDA, fale agora mesmo com N\u00e1dima. [&hellip;]","og_url":"https:\/\/www.iquilibrio.com\/blog\/bem-estar\/previsoes-do-tarot-para-2020-por-nadima\/","og_site_name":"iQuilibrio","article_publisher":"https:\/\/www.facebook.com\/iQuilibrio\/","article_published_time":"2019-11-27T19:05:50+00:00","og_image":[{"width":900,"height":560,"url":"https:\/\/www.iquilibrio.com\/blog\/wp-content\/uploads\/2019\/11\/previs\u00f5es-do-tarot-2020.png","type":"image\/png"}],"author":"Reda\u00e7\u00e3o iQuilibrio","twitter_card":"summary_large_image","twitter_creator":"@iquilibrio","twitter_site":"@iquilibrio","twitter_misc":{"Escrito por":"Reda\u00e7\u00e3o iQuilibrio","Est. tempo de leitura":"8 minutos"},"schema":{"@context":"https:\/\/schema.org","@graph":[{"@type":"Article","@id":"https:\/\/www.iquilibrio.com\/blog\/bem-estar\/previsoes-do-tarot-para-2020-por-nadima\/#article","isPartOf":{"@id":"https:\/\/www.iquilibrio.com\/blog\/bem-estar\/previsoes-do-tarot-para-2020-por-nadima\/"},"author":{"name":"Reda\u00e7\u00e3o iQuilibrio","@id":"https:\/\/www.iquilibrio.com\/blog\/#\/schema\/person\/199505a1f0db0d00f022188666c75dca"},"headline":"Previs\u00f5es do Tarot para 2020 por N\u00e1dima","datePublished":"2019-11-27T19:05:50+00:00","mainEntityOfPage":{"@id":"https:\/\/www.iquilibrio.com\/blog\/bem-estar\/previsoes-do-tarot-para-2020-por-nadima\/"},"wordCount":1626,"commentCount":0,"publisher":{"@id":"https:\/\/www.iquilibrio.com\/blog\/#organization"},"image":{"@id":"https:\/\/www.iquilibrio.com\/blog\/bem-estar\/previsoes-do-tarot-para-2020-por-nadima\/#primaryimage"},"thumbnailUrl":"https:\/\/www.iquilibrio.com\/blog\/wp-content\/uploads\/2019\/11\/previs\u00f5es-do-tarot-2020.png","articleSection":["Dicas de Bem-Estar","Tarot"],"inLanguage":"pt-BR"},{"@type":"WebPage","@id":"https:\/\/www.iquilibrio.com\/blog\/bem-estar\/previsoes-do-tarot-para-2020-por-nadima\/","url":"https:\/\/www.iquilibrio.com\/blog\/bem-estar\/previsoes-do-tarot-para-2020-por-nadima\/","name":"Previs\u00f5es do Tarot para 2020 por N\u00e1dima - iQuilibrio","isPartOf":{"@id":"https:\/\/www.iquilibrio.com\/blog\/#website"},"primaryImageOfPage":{"@id":"https:\/\/www.iquilibrio.com\/blog\/bem-estar\/previsoes-do-tarot-para-2020-por-nadima\/#primaryimage"},"image":{"@id":"https:\/\/www.iquilibrio.com\/blog\/bem-estar\/previsoes-do-tarot-para-2020-por-nadima\/#primaryimage"},"thumbnailUrl":"https:\/\/www.iquilibrio.com\/blog\/wp-content\/uploads\/2019\/11\/previs\u00f5es-do-tarot-2020.png","datePublished":"2019-11-27T19:05:50+00:00","breadcrumb":{"@id":"https:\/\/www.iquilibrio.com\/blog\/bem-estar\/previsoes-do-tarot-para-2020-por-nadima\/#breadcrumb"},"inLanguage":"pt-BR","potentialAction":[{"@type":"ReadAction","target":["https:\/\/www.iquilibrio.com\/blog\/bem-estar\/previsoes-do-tarot-para-2020-por-nadima\/"]}]},{"@type":"ImageObject","inLanguage":"pt-BR","@id":"https:\/\/www.iquilibrio.com\/blog\/bem-estar\/previsoes-do-tarot-para-2020-por-nadima\/#primaryimage","url":"https:\/\/www.iquilibrio.com\/blog\/wp-content\/uploads\/2019\/11\/previs\u00f5es-do-tarot-2020.png","contentUrl":"https:\/\/www.iquilibrio.com\/blog\/wp-content\/uploads\/2019\/11\/previs\u00f5es-do-tarot-2020.png","width":900,"height":560},{"@type":"BreadcrumbList","@id":"https:\/\/www.iquilibrio.com\/blog\/bem-estar\/previsoes-do-tarot-para-2020-por-nadima\/#breadcrumb","itemListElement":[{"@type":"ListItem","position":1,"name":"In\u00edcio","item":"https:\/\/www.iquilibrio.com\/blog\/"},{"@type":"ListItem","position":2,"name":"Previs\u00f5es do Tarot para 2020 por N\u00e1dima"}]},{"@type":"WebSite","@id":"https:\/\/www.iquilibrio.com\/blog\/#website","url":"https:\/\/www.iquilibrio.com\/blog\/","name":"iQuilibrio","description":"Blog iQuilibrio","publisher":{"@id":"https:\/\/www.iquilibrio.com\/blog\/#organization"},"potentialAction":[{"@type":"SearchAction","target":{"@type":"EntryPoint","urlTemplate":"https:\/\/www.iquilibrio.com\/blog\/?s={search_term_string}"},"query-input":{"@type":"PropertyValueSpecification","valueRequired":true,"valueName":"search_term_string"}}],"inLanguage":"pt-BR"},{"@type":"Organization","@id":"https:\/\/www.iquilibrio.com\/blog\/#organization","name":"Esoterismo, Misticismo e Tarot Online - iQuilibrio","url":"https:\/\/www.iquilibrio.com\/blog\/","logo":{"@type":"ImageObject","inLanguage":"pt-BR","@id":"https:\/\/www.iquilibrio.com\/blog\/#\/schema\/logo\/image\/","url":"https:\/\/www.iquilibrio.com\/blog\/wp-content\/uploads\/2018\/12\/iquilibrio_lovo_vetor_preto-retina.png","contentUrl":"https:\/\/www.iquilibrio.com\/blog\/wp-content\/uploads\/2018\/12\/iquilibrio_lovo_vetor_preto-retina.png","width":972,"height":180,"caption":"Esoterismo, Misticismo e Tarot Online - iQuilibrio"},"image":{"@id":"https:\/\/www.iquilibrio.com\/blog\/#\/schema\/logo\/image\/"},"sameAs":["https:\/\/www.facebook.com\/iQuilibrio\/","https:\/\/x.com\/iquilibrio","https:\/\/www.instagram.com\/iquilibrio\/","https:\/\/www.linkedin.com\/company\/iquilibrio\/","https:\/\/br.pinterest.com\/iquilibrio1397\/","https:\/\/www.youtube.com\/channel\/UC175qxd-4Zsi4wzawT5zF2g"]},{"@type":"Person","@id":"https:\/\/www.iquilibrio.com\/blog\/#\/schema\/person\/199505a1f0db0d00f022188666c75dca","name":"Reda\u00e7\u00e3o iQuilibrio","image":{"@type":"ImageObject","inLanguage":"pt-BR","@id":"https:\/\/www.iquilibrio.com\/blog\/wp-content\/uploads\/2021\/12\/Consulta-por-email-3-150x150.png","url":"https:\/\/www.iquilibrio.com\/blog\/wp-content\/uploads\/2021\/12\/Consulta-por-email-3-150x150.png","contentUrl":"https:\/\/www.iquilibrio.com\/blog\/wp-content\/uploads\/2021\/12\/Consulta-por-email-3-150x150.png","caption":"Reda\u00e7\u00e3o iQuilibrio"},"description":"A equipe de reda\u00e7\u00e3o da iQuilibrio \u00e9 composta pelos mais diversos especialistas e esot\u00e9ricos. Al\u00e9m de dominar a arte de traduzir as energias que o universo emana, nossos redatores sentem imenso prazer em trabalhar com palavras. Boa leitura e um \u00f3timo aprendizado!","url":"https:\/\/www.iquilibrio.com\/blog\/author\/juliana\/"}]}},"_links":{"self":[{"href":"https:\/\/www.iquilibrio.com\/blog\/wp-json\/wp\/v2\/posts\/28929","targetHints":{"allow":["GET"]}}],"collection":[{"href":"https:\/\/www.iquilibrio.com\/blog\/wp-json\/wp\/v2\/posts"}],"about":[{"href":"https:\/\/www.iquilibrio.com\/blog\/wp-json\/wp\/v2\/types\/post"}],"author":[{"embeddable":true,"href":"https:\/\/www.iquilibrio.com\/blog\/wp-json\/wp\/v2\/users\/20"}],"replies":[{"embeddable":true,"href":"https:\/\/www.iquilibrio.com\/blog\/wp-json\/wp\/v2\/comments?post=28929"}],"version-history":[{"count":1,"href":"https:\/\/www.iquilibrio.com\/blog\/wp-json\/wp\/v2\/posts\/28929\/revisions"}],"predecessor-version":[{"id":28931,"href":"https:\/\/www.iquilibrio.com\/blog\/wp-json\/wp\/v2\/posts\/28929\/revisions\/28931"}],"wp:featuredmedia":[{"embeddable":true,"href":"https:\/\/www.iquilibrio.com\/blog\/wp-json\/wp\/v2\/media\/28930"}],"wp:attachment":[{"href":"https:\/\/www.iquilibrio.com\/blog\/wp-json\/wp\/v2\/media?parent=28929"}],"wp:term":[{"taxonomy":"category","embeddable":true,"href":"https:\/\/www.iquilibrio.com\/blog\/wp-json\/wp\/v2\/categories?post=28929"},{"taxonomy":"post_tag","embeddable":true,"href":"https:\/\/www.iquilibrio.com\/blog\/wp-json\/wp\/v2\/tags?post=28929"}],"curies":[{"name":"wp","href":"https:\/\/api.w.org\/{rel}","templated":true}]}}