{"id":27667,"date":"2019-08-25T08:25:58","date_gmt":"2019-08-25T11:25:58","guid":{"rendered":"https:\/\/www.iquilibrio.com\/blog\/?p=27667"},"modified":"2019-08-19T15:09:57","modified_gmt":"2019-08-19T18:09:57","slug":"doencas-espirituais","status":"publish","type":"post","link":"https:\/\/www.iquilibrio.com\/blog\/espiritualidade\/doencas-espirituais\/","title":{"rendered":"7 sinais de doen\u00e7as espirituais &#8211; Pela Consultora Klarah"},"content":{"rendered":"<blockquote class=\"td_pull_quote td_pull_center\"><p><strong>Mens sana in corpore sano <\/strong><\/p><\/blockquote>\n<p><span style=\"font-weight: 400;\">Significa: &#8220;uma mente s\u00e3 num corpo s\u00e3o&#8221;. \u00c9 uma famosa <\/span><span style=\"font-weight: 400;\">cita\u00e7\u00e3o latina, derivada da S\u00e1tira X do poeta romano Juvenal. Analisando melhor o seu significado, vamos pensar:<\/span><span style=\"font-weight: 400;\"> devemos somente nos preocupar com o corpo e com a mente? <\/span><span style=\"font-weight: 400;\">Assim como devemos estar em dia com nossos exames cl\u00ednicos e com a terapia <\/span><span style=\"font-weight: 400;\">psico emocional, sabemos que jamais dever\u00edamos descuidar ou diminuir a <\/span><span style=\"font-weight: 400;\">aten\u00e7\u00e3o para nosso Espiritual.<\/span><\/p>\n<p style=\"text-align: center;\"><a href=\"https:\/\/www.iquilibrio.com\/esotericos\/klarah\/\"><span class=\"td_btn td_btn_lg td_round_btn class-cta1\" style=\"color: #ffffff;\">Receba Previs\u00f5es e Orienta\u00e7\u00f5es em uma Consulta Reveladora com a Klarah. Clique Aqui!<\/span><\/a><\/p>\n<p><span style=\"font-weight: 400;\">Independente da cren\u00e7a que seguimos, o esp\u00edrito \u00e9 o que nos vivifica, o que de <\/span><span style=\"font-weight: 400;\">fato nos faz ter a sensa\u00e7\u00e3o metaf\u00edsica que estamos vivos. E por mais que seja <\/span><span style=\"font-weight: 400;\">imaterial, o nosso esp\u00edrito e a psico-energia se manifestam atrav\u00e9s do corpo <\/span><span style=\"font-weight: 400;\">f\u00edsico.<\/span><\/p>\n<p><span style=\"font-weight: 400;\">Se n\u00e3o estamos bem no espiritual, as consequ\u00eancias podem ser dr\u00e1sticas, como <\/span><span style=\"font-weight: 400;\">as somatiza\u00e7\u00f5es, por exemplo. <\/span><span style=\"font-weight: 400;\">Mas, <strong>o que seriam as somatiza\u00e7\u00f5es? <\/strong><\/span><span style=\"font-weight: 400;\">Nada mais \u00e9, do que as manifesta\u00e7\u00f5es de doen\u00e7as no nosso corpo. S<\/span><span style=\"font-weight: 400;\">abe aquele sintoma em que voc\u00ea j\u00e1 foi em todos os m\u00e9dicos da cidade, fez <\/span><span style=\"font-weight: 400;\">v\u00e1rios exames, e n\u00e3o acha o resultado? <\/span><span style=\"font-weight: 400;\">Pois bem, isso \u00e9 uma somatiza\u00e7\u00e3o!<\/span><\/p>\n<p><span style=\"font-weight: 400;\">O esp\u00edrito possui v\u00e1rios \u201ccorpos\u201d extra f\u00edsicos. <\/span><span style=\"font-weight: 400;\">Comp\u00f5em-se em:<\/span><\/p>\n<ul>\n<li><span style=\"font-weight: 400;\">Duplo Et\u00e9rico (onde se situa os chakras);<\/span><\/li>\n<li>Astral (tamb\u00e9m chamado de Aura);<\/li>\n<li>Mental Inferior (onde plasmamos a forma pensamento, onde plasmamos v\u00edcios, onde habita a manifesta\u00e7\u00e3o do ego);<\/li>\n<li>Mental Superior (autoconhecimento parte da\u00ed);<\/li>\n<li>Buddhi ( onde fica os registros e mem\u00f3rias de vidas passadas, arquivos ak\u00e1shicos &#8211; que ser\u00e1 tema de um outro artigo);<\/li>\n<li>Atma (o encontro com o Divino. O despertar de consci\u00eancia. A Acens\u00e3o Divina. O encontro com o Esp\u00edrito Santo.)<\/li>\n<\/ul>\n<p><span style=\"font-weight: 400;\">Parece complicado para quem nunca ouviu falar nesses termos, mas vou <\/span><span style=\"font-weight: 400;\">explicar:<\/span><\/p>\n<p><span style=\"font-weight: 400;\">Nosso corpo extra f\u00edsico tem camadas em que precisam ser limpas, acionadas, <\/span><span style=\"font-weight: 400;\">alimentadas e tonificadas. <\/span><span style=\"font-weight: 400;\">Cada camada tem uma rea\u00e7\u00e3o, que pode at\u00e9 mesmo se manifestar no nosso <\/span><span style=\"font-weight: 400;\">corpo f\u00edsico e mental.<\/span><\/p>\n<p><span style=\"font-weight: 400;\">Se n\u00e3o cuidamos, o resultado \u00e9 ter at\u00e9 mesmo doen\u00e7as, que nem a ci\u00eancia, aliada \u00e0 <\/span><span style=\"font-weight: 400;\">medicina, poderia ajudar.<\/span><\/p>\n<h2><span style=\"font-weight: 400;\">Quais s\u00e3o as principais doen\u00e7as espirituais?<\/span><\/h2>\n<p><span style=\"font-weight: 400;\">Os problemas citados abaixo s\u00e3o os mais comuns quando o assunto s\u00e3o doen\u00e7as espirituais. Vou citar aqui 7 das mais comuns, onde a maioria dos consulentes que me <\/span><span style=\"font-weight: 400;\">procura, sempre se queixam:<\/span><\/p>\n<h2>Sintomas de doen\u00e7as espirituais<\/h2>\n<h3><span style=\"font-weight: 400;\">Ins\u00f4nia<\/span><\/h3>\n<p><span style=\"font-weight: 400;\">Como nosso corpo precisa de descanso, de no m\u00ednimo 6 horas, o nosso esp\u00edrito <\/span><span style=\"font-weight: 400;\">\u00e9 o comando que manda a mensagem que est\u00e1 se deslocando para a nossa <\/span><span style=\"font-weight: 400;\">mat\u00e9ria descansar. Isto \u00e9, dormir.<\/span><\/p>\n<p><span style=\"font-weight: 400;\">Se campo vibracional e espiritual n\u00e3o estiver sadio, a consequ\u00eancia \u00e9 a <\/span><span style=\"font-weight: 400;\">ansiedade, palpita\u00e7\u00f5es (somatiza\u00e7\u00e3o f\u00edsica) e ins\u00f4nia.<\/span><\/p>\n<h3><span style=\"font-weight: 400;\">Caminhos fechados<\/span><\/h3>\n<p><span style=\"font-weight: 400;\">Sabe a sensa\u00e7\u00e3o que NADA, mas absolutamente NADA d\u00e1 certo? <\/span><span style=\"font-weight: 400;\">\u00c9, meu caro e minha cara, i<\/span><span style=\"font-weight: 400;\">sso \u00e9 bloqueio no campo espiritual!<\/span><\/p>\n<p><span style=\"font-weight: 400;\">Quanto mais expandida est\u00e1 a nossa Aura, mais caminhos e oportunidades <\/span><span style=\"font-weight: 400;\">surgem.<\/span><\/p>\n<p><span style=\"font-weight: 400;\">Quanto mais baixa a Aura, mais sensa\u00e7\u00e3o de incapacidade e caminhos fechados, <\/span><span style=\"font-weight: 400;\">passamos a ter.<\/span><\/p>\n<p>Leia tamb\u00e9m o artigo <a href=\"https:\/\/www.iquilibrio.com\/blog\/simpatias\/rituais-para-casamento-klarah\/\">rituais para o casamento da consultora Klarah.<\/a><\/p>\n<h3><span style=\"font-weight: 400;\">V\u00edcios<\/span><\/h3>\n<p><span style=\"font-weight: 400;\">Quando n\u00e3o estamos em dia com a nossa f\u00e9 e bons pensamentos, atra\u00edmos a <\/span><span style=\"font-weight: 400;\">v\u00e1lvulas de escape, e consequentemente os esp\u00edritos de baix\u00edssima vibra\u00e7\u00e3o, que <\/span><span style=\"font-weight: 400;\">se \u201calimentam\u201d do nosso corpo et\u00e9ricos e at\u00e9 mesmo f\u00edsico. <\/span><span style=\"font-weight: 400;\">S\u00e3o os famosos vampiros espirituais, que nos sugestionam a beber mais <\/span><span style=\"font-weight: 400;\">alco\u00f3licos, fumar em grande quantidade (considerado para o plano espiritual <\/span><span style=\"font-weight: 400;\">como suic\u00eddio lento) e a fazer uso de drogas l\u00edcitas e il\u00edcitas.<\/span><\/p>\n<h3><span style=\"font-weight: 400;\">Doen\u00e7as que a medicina n\u00e3o consegue explicar<\/span><\/h3>\n<p><span style=\"font-weight: 400;\">Como foi dito no come\u00e7o, o nosso corpo recebe mensagens extracorp\u00f3reas, que <\/span><span style=\"font-weight: 400;\">acaba virando uma esp\u00e9cie de v\u00edcio. Nosso campo espiritual manda a vibra\u00e7\u00e3o <\/span><span style=\"font-weight: 400;\">para o nosso campo neurotransmissor, que por n\u00e3o saber separar, a nossa <\/span><span style=\"font-weight: 400;\">mente entende que deve absorver aquilo.<\/span><\/p>\n<p><span style=\"font-weight: 400;\">Seja positivo ou negativo. Se for negativo, colega&#8230;<\/span><span style=\"font-weight: 400;\">O resultado \u00e9 doen\u00e7a na certa!<\/span><\/p>\n<p><strong>E o pior: <\/strong><span style=\"font-weight: 400;\">Doen\u00e7a que voc\u00ea mesmo cria, e que a medicina at\u00e9 desconhece!<\/span><\/p>\n<h3><span style=\"font-weight: 400;\">Acidentes e infort\u00fanios podem ser marcas de doen\u00e7as espirituais<\/span><\/h3>\n<p><span style=\"font-weight: 400;\">Estava tudo bem, e do nada voc\u00ea passa a enfrentar uma onda de assaltos. Seu <\/span><span style=\"font-weight: 400;\">bairro \u00e9 considerado como tranquilo, mas voc\u00ea j\u00e1 chegou a ser assaltado mais de <\/span><span style=\"font-weight: 400;\">3 vezes em um ano&#8230; <\/span><span style=\"font-weight: 400;\">Se n\u00e3o \u00e9 isso, do nada algu\u00e9m bate no seu carro, ou voc\u00ea acaba se <\/span><span style=\"font-weight: 400;\">acidentando. <\/span><span style=\"font-weight: 400;\">Claro que sabemos que existe outros fatores, como desaten\u00e7\u00e3o m<\/span><span style=\"font-weight: 400;\">as, da mesma forma que precisamos estar atentos, nosso esp\u00edrito sempre nos <\/span><span style=\"font-weight: 400;\">avisa dos perigos futuros.<\/span><\/p>\n<p><span style=\"font-weight: 400;\">Os s\u00e1bios orientais (Budismo e Xinto\u00edsmo), costumavam dizer que \u201cO Esp\u00edrito <\/span><span style=\"font-weight: 400;\">precede a mat\u00e9ria\u201d, isso deixa bem claro que nosso esp\u00edrito sabe de algum <\/span><span style=\"font-weight: 400;\">gatilho futuro, nos preparando para a nossa defesa, at\u00e9 mesmo f\u00edsica.<\/span><\/p>\n<blockquote class=\"td_pull_quote td_pull_center\"><p><strong>\u201c\u00c9 o que chamamos tamb\u00e9m de intui\u00e7\u00e3o. \u201c<\/strong><\/p><\/blockquote>\n<p><span style=\"font-weight: 400;\">Nosso esp\u00edrito nos informa de atalhos e caminhos, para nos livrar dos infort\u00fanios. <\/span><span style=\"font-weight: 400;\">Por isso devemos estar n\u00e3o s\u00f3 atentos, mas em dia com a nossa Espiritualidade.<\/span><\/p>\n<h3><span style=\"font-weight: 400;\">Crian\u00e7a sonolenta, vomitando e chorando do <\/span><span style=\"font-weight: 400;\">nada<\/span><\/h3>\n<p><span style=\"font-weight: 400;\">J\u00e1 dizia minha vov\u00f3 cigana, Joaquina:<\/span><\/p>\n<blockquote class=\"td_pull_quote td_pull_center\"><p><span style=\"font-weight: 400;\">\u201cEm olho de gente mau, habita o fogo da destrui\u00e7\u00e3o. Voc\u00ea pode at\u00e9 ser bom, ser <\/span><span style=\"font-weight: 400;\">at\u00e9 um anjo de pessoa, mas se n\u00e3o se cuidar do olho do abismo, voc\u00ea pode cair <\/span><span style=\"font-weight: 400;\">e n\u00e3o saber o porqu\u00ea\u201d<\/span><\/p><\/blockquote>\n<p><span style=\"font-weight: 400;\">A inveja mata. <\/span><span style=\"font-weight: 400;\">E n\u00e3o \u00e9 exagero! <\/span><span style=\"font-weight: 400;\">Os antigos j\u00e1 sabiam disso, e dentro de suas culturas, trabalhavam com as <\/span><span style=\"font-weight: 400;\">Benzeduras, ora\u00e7\u00f5es de quebrante, bate folhas e patu\u00e1s.<\/span><\/p>\n<p><span style=\"font-weight: 400;\">Uma benzedeira, ao ver uma crian\u00e7a sonolenta demais, vomitando acima do <\/span><span style=\"font-weight: 400;\">normal, chorando sem c\u00f3lica, e com a medica\u00e7\u00e3o correta para as gengivas, j\u00e1 \u00e9 <\/span><span style=\"font-weight: 400;\">sinal que deve fazer uma limpeza na Aura da crian\u00e7a. Aconselhamos, dentro da <\/span><span style=\"font-weight: 400;\">tradi\u00e7\u00e3o cigana, a p\u00f4r uma fita vermelha no pulso esquerdo da crian\u00e7a, e cobrir <\/span><span style=\"font-weight: 400;\">moleira com alecrim e arruda, dentro de um chapeuzinho, por 3 horas\/dia, at\u00e9 <\/span><span style=\"font-weight: 400;\">passar os sintomas das doen\u00e7as espirituais.<\/span><\/p>\n<h3><span style=\"font-weight: 400;\">Objetos que queimam do nada<\/span><\/h3>\n<p><span style=\"font-weight: 400;\">T\u00e1 tudo bem, do nada queimou aquela l\u00e2mpada, o microondas. <\/span><span style=\"font-weight: 400;\">Chamou o eletricista, e ele avaliou tudo e NADA! <\/span><span style=\"font-weight: 400;\">Est\u00e1 tudo bem na vis\u00e3o do t\u00e9cnico, mas continua queimando tudo,<\/span><span style=\"font-weight: 400;\"> ao observar tudo isso, voc\u00ea tem notado a casa mais gelada que o normal\u00a0<\/span><span style=\"font-weight: 400;\">(mesmo fora de \u00e9poca de frio), pessoas da casa adoecendo do nada, perda de <\/span><span style=\"font-weight: 400;\">dinheiro, mau humor repetindo, c<\/span><span style=\"font-weight: 400;\">orre!<\/span><\/p>\n<p><span style=\"font-weight: 400;\">Procure urgentemente um consultor metaf\u00edsico parar te auxiliar. <\/span><span style=\"font-weight: 400;\">Isso denota que voc\u00ea e sua casa clama por ajuda.<\/span><\/p>\n<p><strong>Eu, Klarah, estou a disposi\u00e7\u00e3o para te orientar de como fazer a remo\u00e7\u00e3o de tudo que bloqueia sua vida, dentro da t\u00e9cnica de Radiestesia e Sabedoria Tradicional Cigana.<\/strong><\/p>\n<p><span style=\"font-weight: 400;\">Agende uma consulta, n\u00e3o esquecendo de passar todos os detalhes dos <\/span><span style=\"font-weight: 400;\">sintomas das poss\u00edveis doen\u00e7as espirituais, que irei te ajudar.<\/span><\/p>\n<p><span style=\"font-weight: 400;\">\u00c9 na pot\u00eancia da Luz que nunca falha, que te desejo for\u00e7a para mudar! &#x2728;&#x1f496;&#x2728;<\/span><\/p>\n<p><span style=\"font-weight: 400;\">Klarah.<\/span><\/p>\n<p><img loading=\"lazy\" decoding=\"async\" class=\"size-full wp-image-25855 alignleft td-animation-stack-type0-2\" src=\"https:\/\/www.iquilibrio.com\/blog\/wp-content\/uploads\/2019\/05\/klarah.jpg\" alt=\"\" width=\"150\" height=\"150\" \/>A consultora Klarah tem o foco em ajudar o seu consulente a caminhar em dire\u00e7\u00e3o ao que trar\u00e1 o melhor para a sua vida. Nascida em ber\u00e7o cigano, ela pode auxiliar com toda a sabedoria dessa cultura, onde seus rituais, simpatias e orienta\u00e7\u00f5es guiam exatamente o que \u00e9 preciso para alcan\u00e7ar a verdadeira felicidade. Quer conhecer o poderoso aux\u00edlio dessa maravilhosa consultora?\u00a0<a href=\"https:\/\/www.iquilibrio.com\/esotericos\/klarah\/\"><span class=\"class-texto-consultor\">Clique aqui e n\u00e3o perca tempo<\/span><\/a>!<\/p>\n<p style=\"text-align: center;\"><span style=\"color: #ffffff;\"><a style=\"color: #ffffff;\" href=\"https:\/\/www.iquilibrio.com\/esotericos\/klarah\/\"><span class=\"td_btn td_btn_lg td_round_btn class-cta2\">Confira Aqui os Produtos e Atendimentos Especializados da Consultora Klarah<\/span><\/a><\/span><\/p>\n\n\n<div class=\"kk-star-ratings kksr-auto kksr-align-left kksr-valign-bottom\"\n    data-payload='{&quot;align&quot;:&quot;left&quot;,&quot;id&quot;:&quot;27667&quot;,&quot;slug&quot;:&quot;default&quot;,&quot;valign&quot;:&quot;bottom&quot;,&quot;ignore&quot;:&quot;&quot;,&quot;reference&quot;:&quot;auto&quot;,&quot;class&quot;:&quot;&quot;,&quot;count&quot;:&quot;5&quot;,&quot;legendonly&quot;:&quot;&quot;,&quot;readonly&quot;:&quot;&quot;,&quot;score&quot;:&quot;5&quot;,&quot;starsonly&quot;:&quot;&quot;,&quot;best&quot;:&quot;5&quot;,&quot;gap&quot;:&quot;5&quot;,&quot;greet&quot;:&quot;Rate this post&quot;,&quot;legend&quot;:&quot;5\\\/5 - (5 votos)&quot;,&quot;size&quot;:&quot;24&quot;,&quot;title&quot;:&quot;7 sinais de doen\u00e7as espirituais - Pela Consultora Klarah&quot;,&quot;width&quot;:&quot;142.5&quot;,&quot;_legend&quot;:&quot;{score}\\\/{best} - ({count} {votes})&quot;,&quot;font_factor&quot;:&quot;1.25&quot;}'>\n            \n<div class=\"kksr-stars\">\n    \n<div class=\"kksr-stars-inactive\">\n            <div class=\"kksr-star\" data-star=\"1\" style=\"padding-right: 5px\">\n            \n\n<div class=\"kksr-icon\" style=\"width: 24px; height: 24px;\"><\/div>\n        <\/div>\n            <div class=\"kksr-star\" data-star=\"2\" style=\"padding-right: 5px\">\n            \n\n<div class=\"kksr-icon\" style=\"width: 24px; height: 24px;\"><\/div>\n        <\/div>\n            <div class=\"kksr-star\" data-star=\"3\" style=\"padding-right: 5px\">\n            \n\n<div class=\"kksr-icon\" style=\"width: 24px; height: 24px;\"><\/div>\n        <\/div>\n            <div class=\"kksr-star\" data-star=\"4\" style=\"padding-right: 5px\">\n            \n\n<div class=\"kksr-icon\" style=\"width: 24px; height: 24px;\"><\/div>\n        <\/div>\n            <div class=\"kksr-star\" data-star=\"5\" style=\"padding-right: 5px\">\n            \n\n<div class=\"kksr-icon\" style=\"width: 24px; height: 24px;\"><\/div>\n        <\/div>\n    <\/div>\n    \n<div class=\"kksr-stars-active\" style=\"width: 142.5px;\">\n            <div class=\"kksr-star\" style=\"padding-right: 5px\">\n            \n\n<div class=\"kksr-icon\" style=\"width: 24px; height: 24px;\"><\/div>\n        <\/div>\n            <div class=\"kksr-star\" style=\"padding-right: 5px\">\n            \n\n<div class=\"kksr-icon\" style=\"width: 24px; height: 24px;\"><\/div>\n        <\/div>\n            <div class=\"kksr-star\" style=\"padding-right: 5px\">\n            \n\n<div class=\"kksr-icon\" style=\"width: 24px; height: 24px;\"><\/div>\n        <\/div>\n            <div class=\"kksr-star\" style=\"padding-right: 5px\">\n            \n\n<div class=\"kksr-icon\" style=\"width: 24px; height: 24px;\"><\/div>\n        <\/div>\n            <div class=\"kksr-star\" style=\"padding-right: 5px\">\n            \n\n<div class=\"kksr-icon\" style=\"width: 24px; height: 24px;\"><\/div>\n        <\/div>\n    <\/div>\n<\/div>\n                \n\n<div class=\"kksr-legend\" style=\"font-size: 19.2px;\">\n            5\/5 - (5 votos)    <\/div>\n    <\/div>\n","protected":false},"excerpt":{"rendered":"<p>Mens sana in corpore sano Significa: &#8220;uma mente s\u00e3 num corpo s\u00e3o&#8221;. \u00c9 uma famosa cita\u00e7\u00e3o latina, derivada da S\u00e1tira X do poeta romano Juvenal. Analisando melhor o seu significado, vamos pensar: devemos somente nos preocupar com o corpo e com a mente? Assim como devemos estar em dia com nossos exames cl\u00ednicos e com [&hellip;]<\/p>\n","protected":false},"author":20,"featured_media":27669,"comment_status":"open","ping_status":"open","sticky":false,"template":"","format":"standard","meta":{"footnotes":""},"categories":[502],"tags":[],"class_list":["post-27667","post","type-post","status-publish","format-standard","has-post-thumbnail","hentry","category-espiritualidade"],"yoast_head":"<!-- This site is optimized with the Yoast SEO plugin v27.4 - https:\/\/yoast.com\/product\/yoast-seo-wordpress\/ -->\n<title>7 Sinais de Doen\u00e7as Espirituais - Os Males da Doen\u00e7a do Esp\u00edrito: Klarah<\/title>\n<meta name=\"description\" content=\"O esp\u00edrito \u00e9 o que nos vivifica, o que de fato nos faz ter a sensa\u00e7\u00e3o metaf\u00edsica que estamos vivos. Veja aqui os sinais de doen\u00e7as espirituais.\" \/>\n<meta name=\"robots\" content=\"index, follow, max-snippet:-1, max-image-preview:large, max-video-preview:-1\" \/>\n<link rel=\"canonical\" href=\"https:\/\/www.iquilibrio.com\/blog\/espiritualidade\/doencas-espirituais\/\" \/>\n<meta property=\"og:locale\" content=\"pt_BR\" \/>\n<meta property=\"og:type\" content=\"article\" \/>\n<meta property=\"og:title\" content=\"7 Sinais de Doen\u00e7as Espirituais - Os Males da Doen\u00e7a do Esp\u00edrito: Klarah\" \/>\n<meta property=\"og:description\" content=\"O esp\u00edrito \u00e9 o que nos vivifica, o que de fato nos faz ter a sensa\u00e7\u00e3o metaf\u00edsica que estamos vivos. Veja aqui os sinais de doen\u00e7as espirituais.\" \/>\n<meta property=\"og:url\" content=\"https:\/\/www.iquilibrio.com\/blog\/espiritualidade\/doencas-espirituais\/\" \/>\n<meta property=\"og:site_name\" content=\"iQuilibrio\" \/>\n<meta property=\"article:publisher\" content=\"https:\/\/www.facebook.com\/iQuilibrio\/\" \/>\n<meta property=\"article:published_time\" content=\"2019-08-25T11:25:58+00:00\" \/>\n<meta property=\"og:image\" content=\"https:\/\/www.iquilibrio.com\/blog\/wp-content\/uploads\/2019\/08\/doen\u00e7a-espiritual.png\" \/>\n\t<meta property=\"og:image:width\" content=\"900\" \/>\n\t<meta property=\"og:image:height\" content=\"560\" \/>\n\t<meta property=\"og:image:type\" content=\"image\/png\" \/>\n<meta name=\"author\" content=\"Reda\u00e7\u00e3o iQuilibrio\" \/>\n<meta name=\"twitter:card\" content=\"summary_large_image\" \/>\n<meta name=\"twitter:creator\" content=\"@iquilibrio\" \/>\n<meta name=\"twitter:site\" content=\"@iquilibrio\" \/>\n<meta name=\"twitter:label1\" content=\"Escrito por\" \/>\n\t<meta name=\"twitter:data1\" content=\"Reda\u00e7\u00e3o iQuilibrio\" \/>\n\t<meta name=\"twitter:label2\" content=\"Est. tempo de leitura\" \/>\n\t<meta name=\"twitter:data2\" content=\"6 minutos\" \/>\n<script type=\"application\/ld+json\" class=\"yoast-schema-graph\">{\"@context\":\"https:\\\/\\\/schema.org\",\"@graph\":[{\"@type\":\"Article\",\"@id\":\"https:\\\/\\\/www.iquilibrio.com\\\/blog\\\/espiritualidade\\\/doencas-espirituais\\\/#article\",\"isPartOf\":{\"@id\":\"https:\\\/\\\/www.iquilibrio.com\\\/blog\\\/espiritualidade\\\/doencas-espirituais\\\/\"},\"author\":{\"name\":\"Reda\u00e7\u00e3o iQuilibrio\",\"@id\":\"https:\\\/\\\/www.iquilibrio.com\\\/blog\\\/#\\\/schema\\\/person\\\/199505a1f0db0d00f022188666c75dca\"},\"headline\":\"7 sinais de doen\u00e7as espirituais &#8211; Pela Consultora Klarah\",\"datePublished\":\"2019-08-25T11:25:58+00:00\",\"mainEntityOfPage\":{\"@id\":\"https:\\\/\\\/www.iquilibrio.com\\\/blog\\\/espiritualidade\\\/doencas-espirituais\\\/\"},\"wordCount\":1298,\"commentCount\":2,\"publisher\":{\"@id\":\"https:\\\/\\\/www.iquilibrio.com\\\/blog\\\/#organization\"},\"image\":{\"@id\":\"https:\\\/\\\/www.iquilibrio.com\\\/blog\\\/espiritualidade\\\/doencas-espirituais\\\/#primaryimage\"},\"thumbnailUrl\":\"https:\\\/\\\/www.iquilibrio.com\\\/blog\\\/wp-content\\\/uploads\\\/2019\\\/08\\\/doen\u00e7a-espiritual.png\",\"articleSection\":[\"Espiritualidade\"],\"inLanguage\":\"pt-BR\"},{\"@type\":\"WebPage\",\"@id\":\"https:\\\/\\\/www.iquilibrio.com\\\/blog\\\/espiritualidade\\\/doencas-espirituais\\\/\",\"url\":\"https:\\\/\\\/www.iquilibrio.com\\\/blog\\\/espiritualidade\\\/doencas-espirituais\\\/\",\"name\":\"7 Sinais de Doen\u00e7as Espirituais - Os Males da Doen\u00e7a do Esp\u00edrito: Klarah\",\"isPartOf\":{\"@id\":\"https:\\\/\\\/www.iquilibrio.com\\\/blog\\\/#website\"},\"primaryImageOfPage\":{\"@id\":\"https:\\\/\\\/www.iquilibrio.com\\\/blog\\\/espiritualidade\\\/doencas-espirituais\\\/#primaryimage\"},\"image\":{\"@id\":\"https:\\\/\\\/www.iquilibrio.com\\\/blog\\\/espiritualidade\\\/doencas-espirituais\\\/#primaryimage\"},\"thumbnailUrl\":\"https:\\\/\\\/www.iquilibrio.com\\\/blog\\\/wp-content\\\/uploads\\\/2019\\\/08\\\/doen\u00e7a-espiritual.png\",\"datePublished\":\"2019-08-25T11:25:58+00:00\",\"description\":\"O esp\u00edrito \u00e9 o que nos vivifica, o que de fato nos faz ter a sensa\u00e7\u00e3o metaf\u00edsica que estamos vivos. Veja aqui os sinais de doen\u00e7as espirituais.\",\"breadcrumb\":{\"@id\":\"https:\\\/\\\/www.iquilibrio.com\\\/blog\\\/espiritualidade\\\/doencas-espirituais\\\/#breadcrumb\"},\"inLanguage\":\"pt-BR\",\"potentialAction\":[{\"@type\":\"ReadAction\",\"target\":[\"https:\\\/\\\/www.iquilibrio.com\\\/blog\\\/espiritualidade\\\/doencas-espirituais\\\/\"]}]},{\"@type\":\"ImageObject\",\"inLanguage\":\"pt-BR\",\"@id\":\"https:\\\/\\\/www.iquilibrio.com\\\/blog\\\/espiritualidade\\\/doencas-espirituais\\\/#primaryimage\",\"url\":\"https:\\\/\\\/www.iquilibrio.com\\\/blog\\\/wp-content\\\/uploads\\\/2019\\\/08\\\/doen\u00e7a-espiritual.png\",\"contentUrl\":\"https:\\\/\\\/www.iquilibrio.com\\\/blog\\\/wp-content\\\/uploads\\\/2019\\\/08\\\/doen\u00e7a-espiritual.png\",\"width\":900,\"height\":560,\"caption\":\"doen\u00e7a do esp\u00edrito\"},{\"@type\":\"BreadcrumbList\",\"@id\":\"https:\\\/\\\/www.iquilibrio.com\\\/blog\\\/espiritualidade\\\/doencas-espirituais\\\/#breadcrumb\",\"itemListElement\":[{\"@type\":\"ListItem\",\"position\":1,\"name\":\"In\u00edcio\",\"item\":\"https:\\\/\\\/www.iquilibrio.com\\\/blog\\\/\"},{\"@type\":\"ListItem\",\"position\":2,\"name\":\"7 sinais de doen\u00e7as espirituais &#8211; Pela Consultora Klarah\"}]},{\"@type\":\"WebSite\",\"@id\":\"https:\\\/\\\/www.iquilibrio.com\\\/blog\\\/#website\",\"url\":\"https:\\\/\\\/www.iquilibrio.com\\\/blog\\\/\",\"name\":\"iQuilibrio\",\"description\":\"Blog iQuilibrio\",\"publisher\":{\"@id\":\"https:\\\/\\\/www.iquilibrio.com\\\/blog\\\/#organization\"},\"potentialAction\":[{\"@type\":\"SearchAction\",\"target\":{\"@type\":\"EntryPoint\",\"urlTemplate\":\"https:\\\/\\\/www.iquilibrio.com\\\/blog\\\/?s={search_term_string}\"},\"query-input\":{\"@type\":\"PropertyValueSpecification\",\"valueRequired\":true,\"valueName\":\"search_term_string\"}}],\"inLanguage\":\"pt-BR\"},{\"@type\":\"Organization\",\"@id\":\"https:\\\/\\\/www.iquilibrio.com\\\/blog\\\/#organization\",\"name\":\"Esoterismo, Misticismo e Tarot Online - iQuilibrio\",\"url\":\"https:\\\/\\\/www.iquilibrio.com\\\/blog\\\/\",\"logo\":{\"@type\":\"ImageObject\",\"inLanguage\":\"pt-BR\",\"@id\":\"https:\\\/\\\/www.iquilibrio.com\\\/blog\\\/#\\\/schema\\\/logo\\\/image\\\/\",\"url\":\"https:\\\/\\\/www.iquilibrio.com\\\/blog\\\/wp-content\\\/uploads\\\/2018\\\/12\\\/iquilibrio_lovo_vetor_preto-retina.png\",\"contentUrl\":\"https:\\\/\\\/www.iquilibrio.com\\\/blog\\\/wp-content\\\/uploads\\\/2018\\\/12\\\/iquilibrio_lovo_vetor_preto-retina.png\",\"width\":972,\"height\":180,\"caption\":\"Esoterismo, Misticismo e Tarot Online - iQuilibrio\"},\"image\":{\"@id\":\"https:\\\/\\\/www.iquilibrio.com\\\/blog\\\/#\\\/schema\\\/logo\\\/image\\\/\"},\"sameAs\":[\"https:\\\/\\\/www.facebook.com\\\/iQuilibrio\\\/\",\"https:\\\/\\\/x.com\\\/iquilibrio\",\"https:\\\/\\\/www.instagram.com\\\/iquilibrio\\\/\",\"https:\\\/\\\/www.linkedin.com\\\/company\\\/iquilibrio\\\/\",\"https:\\\/\\\/br.pinterest.com\\\/iquilibrio1397\\\/\",\"https:\\\/\\\/www.youtube.com\\\/channel\\\/UC175qxd-4Zsi4wzawT5zF2g\"]},{\"@type\":\"Person\",\"@id\":\"https:\\\/\\\/www.iquilibrio.com\\\/blog\\\/#\\\/schema\\\/person\\\/199505a1f0db0d00f022188666c75dca\",\"name\":\"Reda\u00e7\u00e3o iQuilibrio\",\"image\":{\"@type\":\"ImageObject\",\"inLanguage\":\"pt-BR\",\"@id\":\"https:\\\/\\\/www.iquilibrio.com\\\/blog\\\/wp-content\\\/uploads\\\/2021\\\/12\\\/Consulta-por-email-3-150x150.png\",\"url\":\"https:\\\/\\\/www.iquilibrio.com\\\/blog\\\/wp-content\\\/uploads\\\/2021\\\/12\\\/Consulta-por-email-3-150x150.png\",\"contentUrl\":\"https:\\\/\\\/www.iquilibrio.com\\\/blog\\\/wp-content\\\/uploads\\\/2021\\\/12\\\/Consulta-por-email-3-150x150.png\",\"caption\":\"Reda\u00e7\u00e3o iQuilibrio\"},\"description\":\"A equipe de reda\u00e7\u00e3o da iQuilibrio \u00e9 composta pelos mais diversos especialistas e esot\u00e9ricos. Al\u00e9m de dominar a arte de traduzir as energias que o universo emana, nossos redatores sentem imenso prazer em trabalhar com palavras. Boa leitura e um \u00f3timo aprendizado!\",\"url\":\"https:\\\/\\\/www.iquilibrio.com\\\/blog\\\/author\\\/juliana\\\/\"}]}<\/script>\n<!-- \/ Yoast SEO plugin. -->","yoast_head_json":{"title":"7 Sinais de Doen\u00e7as Espirituais - Os Males da Doen\u00e7a do Esp\u00edrito: Klarah","description":"O esp\u00edrito \u00e9 o que nos vivifica, o que de fato nos faz ter a sensa\u00e7\u00e3o metaf\u00edsica que estamos vivos. Veja aqui os sinais de doen\u00e7as espirituais.","robots":{"index":"index","follow":"follow","max-snippet":"max-snippet:-1","max-image-preview":"max-image-preview:large","max-video-preview":"max-video-preview:-1"},"canonical":"https:\/\/www.iquilibrio.com\/blog\/espiritualidade\/doencas-espirituais\/","og_locale":"pt_BR","og_type":"article","og_title":"7 Sinais de Doen\u00e7as Espirituais - Os Males da Doen\u00e7a do Esp\u00edrito: Klarah","og_description":"O esp\u00edrito \u00e9 o que nos vivifica, o que de fato nos faz ter a sensa\u00e7\u00e3o metaf\u00edsica que estamos vivos. Veja aqui os sinais de doen\u00e7as espirituais.","og_url":"https:\/\/www.iquilibrio.com\/blog\/espiritualidade\/doencas-espirituais\/","og_site_name":"iQuilibrio","article_publisher":"https:\/\/www.facebook.com\/iQuilibrio\/","article_published_time":"2019-08-25T11:25:58+00:00","og_image":[{"width":900,"height":560,"url":"https:\/\/www.iquilibrio.com\/blog\/wp-content\/uploads\/2019\/08\/doen\u00e7a-espiritual.png","type":"image\/png"}],"author":"Reda\u00e7\u00e3o iQuilibrio","twitter_card":"summary_large_image","twitter_creator":"@iquilibrio","twitter_site":"@iquilibrio","twitter_misc":{"Escrito por":"Reda\u00e7\u00e3o iQuilibrio","Est. tempo de leitura":"6 minutos"},"schema":{"@context":"https:\/\/schema.org","@graph":[{"@type":"Article","@id":"https:\/\/www.iquilibrio.com\/blog\/espiritualidade\/doencas-espirituais\/#article","isPartOf":{"@id":"https:\/\/www.iquilibrio.com\/blog\/espiritualidade\/doencas-espirituais\/"},"author":{"name":"Reda\u00e7\u00e3o iQuilibrio","@id":"https:\/\/www.iquilibrio.com\/blog\/#\/schema\/person\/199505a1f0db0d00f022188666c75dca"},"headline":"7 sinais de doen\u00e7as espirituais &#8211; Pela Consultora Klarah","datePublished":"2019-08-25T11:25:58+00:00","mainEntityOfPage":{"@id":"https:\/\/www.iquilibrio.com\/blog\/espiritualidade\/doencas-espirituais\/"},"wordCount":1298,"commentCount":2,"publisher":{"@id":"https:\/\/www.iquilibrio.com\/blog\/#organization"},"image":{"@id":"https:\/\/www.iquilibrio.com\/blog\/espiritualidade\/doencas-espirituais\/#primaryimage"},"thumbnailUrl":"https:\/\/www.iquilibrio.com\/blog\/wp-content\/uploads\/2019\/08\/doen\u00e7a-espiritual.png","articleSection":["Espiritualidade"],"inLanguage":"pt-BR"},{"@type":"WebPage","@id":"https:\/\/www.iquilibrio.com\/blog\/espiritualidade\/doencas-espirituais\/","url":"https:\/\/www.iquilibrio.com\/blog\/espiritualidade\/doencas-espirituais\/","name":"7 Sinais de Doen\u00e7as Espirituais - Os Males da Doen\u00e7a do Esp\u00edrito: Klarah","isPartOf":{"@id":"https:\/\/www.iquilibrio.com\/blog\/#website"},"primaryImageOfPage":{"@id":"https:\/\/www.iquilibrio.com\/blog\/espiritualidade\/doencas-espirituais\/#primaryimage"},"image":{"@id":"https:\/\/www.iquilibrio.com\/blog\/espiritualidade\/doencas-espirituais\/#primaryimage"},"thumbnailUrl":"https:\/\/www.iquilibrio.com\/blog\/wp-content\/uploads\/2019\/08\/doen\u00e7a-espiritual.png","datePublished":"2019-08-25T11:25:58+00:00","description":"O esp\u00edrito \u00e9 o que nos vivifica, o que de fato nos faz ter a sensa\u00e7\u00e3o metaf\u00edsica que estamos vivos. Veja aqui os sinais de doen\u00e7as espirituais.","breadcrumb":{"@id":"https:\/\/www.iquilibrio.com\/blog\/espiritualidade\/doencas-espirituais\/#breadcrumb"},"inLanguage":"pt-BR","potentialAction":[{"@type":"ReadAction","target":["https:\/\/www.iquilibrio.com\/blog\/espiritualidade\/doencas-espirituais\/"]}]},{"@type":"ImageObject","inLanguage":"pt-BR","@id":"https:\/\/www.iquilibrio.com\/blog\/espiritualidade\/doencas-espirituais\/#primaryimage","url":"https:\/\/www.iquilibrio.com\/blog\/wp-content\/uploads\/2019\/08\/doen\u00e7a-espiritual.png","contentUrl":"https:\/\/www.iquilibrio.com\/blog\/wp-content\/uploads\/2019\/08\/doen\u00e7a-espiritual.png","width":900,"height":560,"caption":"doen\u00e7a do esp\u00edrito"},{"@type":"BreadcrumbList","@id":"https:\/\/www.iquilibrio.com\/blog\/espiritualidade\/doencas-espirituais\/#breadcrumb","itemListElement":[{"@type":"ListItem","position":1,"name":"In\u00edcio","item":"https:\/\/www.iquilibrio.com\/blog\/"},{"@type":"ListItem","position":2,"name":"7 sinais de doen\u00e7as espirituais &#8211; Pela Consultora Klarah"}]},{"@type":"WebSite","@id":"https:\/\/www.iquilibrio.com\/blog\/#website","url":"https:\/\/www.iquilibrio.com\/blog\/","name":"iQuilibrio","description":"Blog iQuilibrio","publisher":{"@id":"https:\/\/www.iquilibrio.com\/blog\/#organization"},"potentialAction":[{"@type":"SearchAction","target":{"@type":"EntryPoint","urlTemplate":"https:\/\/www.iquilibrio.com\/blog\/?s={search_term_string}"},"query-input":{"@type":"PropertyValueSpecification","valueRequired":true,"valueName":"search_term_string"}}],"inLanguage":"pt-BR"},{"@type":"Organization","@id":"https:\/\/www.iquilibrio.com\/blog\/#organization","name":"Esoterismo, Misticismo e Tarot Online - iQuilibrio","url":"https:\/\/www.iquilibrio.com\/blog\/","logo":{"@type":"ImageObject","inLanguage":"pt-BR","@id":"https:\/\/www.iquilibrio.com\/blog\/#\/schema\/logo\/image\/","url":"https:\/\/www.iquilibrio.com\/blog\/wp-content\/uploads\/2018\/12\/iquilibrio_lovo_vetor_preto-retina.png","contentUrl":"https:\/\/www.iquilibrio.com\/blog\/wp-content\/uploads\/2018\/12\/iquilibrio_lovo_vetor_preto-retina.png","width":972,"height":180,"caption":"Esoterismo, Misticismo e Tarot Online - iQuilibrio"},"image":{"@id":"https:\/\/www.iquilibrio.com\/blog\/#\/schema\/logo\/image\/"},"sameAs":["https:\/\/www.facebook.com\/iQuilibrio\/","https:\/\/x.com\/iquilibrio","https:\/\/www.instagram.com\/iquilibrio\/","https:\/\/www.linkedin.com\/company\/iquilibrio\/","https:\/\/br.pinterest.com\/iquilibrio1397\/","https:\/\/www.youtube.com\/channel\/UC175qxd-4Zsi4wzawT5zF2g"]},{"@type":"Person","@id":"https:\/\/www.iquilibrio.com\/blog\/#\/schema\/person\/199505a1f0db0d00f022188666c75dca","name":"Reda\u00e7\u00e3o iQuilibrio","image":{"@type":"ImageObject","inLanguage":"pt-BR","@id":"https:\/\/www.iquilibrio.com\/blog\/wp-content\/uploads\/2021\/12\/Consulta-por-email-3-150x150.png","url":"https:\/\/www.iquilibrio.com\/blog\/wp-content\/uploads\/2021\/12\/Consulta-por-email-3-150x150.png","contentUrl":"https:\/\/www.iquilibrio.com\/blog\/wp-content\/uploads\/2021\/12\/Consulta-por-email-3-150x150.png","caption":"Reda\u00e7\u00e3o iQuilibrio"},"description":"A equipe de reda\u00e7\u00e3o da iQuilibrio \u00e9 composta pelos mais diversos especialistas e esot\u00e9ricos. Al\u00e9m de dominar a arte de traduzir as energias que o universo emana, nossos redatores sentem imenso prazer em trabalhar com palavras. Boa leitura e um \u00f3timo aprendizado!","url":"https:\/\/www.iquilibrio.com\/blog\/author\/juliana\/"}]}},"_links":{"self":[{"href":"https:\/\/www.iquilibrio.com\/blog\/wp-json\/wp\/v2\/posts\/27667","targetHints":{"allow":["GET"]}}],"collection":[{"href":"https:\/\/www.iquilibrio.com\/blog\/wp-json\/wp\/v2\/posts"}],"about":[{"href":"https:\/\/www.iquilibrio.com\/blog\/wp-json\/wp\/v2\/types\/post"}],"author":[{"embeddable":true,"href":"https:\/\/www.iquilibrio.com\/blog\/wp-json\/wp\/v2\/users\/20"}],"replies":[{"embeddable":true,"href":"https:\/\/www.iquilibrio.com\/blog\/wp-json\/wp\/v2\/comments?post=27667"}],"version-history":[{"count":5,"href":"https:\/\/www.iquilibrio.com\/blog\/wp-json\/wp\/v2\/posts\/27667\/revisions"}],"predecessor-version":[{"id":27870,"href":"https:\/\/www.iquilibrio.com\/blog\/wp-json\/wp\/v2\/posts\/27667\/revisions\/27870"}],"wp:featuredmedia":[{"embeddable":true,"href":"https:\/\/www.iquilibrio.com\/blog\/wp-json\/wp\/v2\/media\/27669"}],"wp:attachment":[{"href":"https:\/\/www.iquilibrio.com\/blog\/wp-json\/wp\/v2\/media?parent=27667"}],"wp:term":[{"taxonomy":"category","embeddable":true,"href":"https:\/\/www.iquilibrio.com\/blog\/wp-json\/wp\/v2\/categories?post=27667"},{"taxonomy":"post_tag","embeddable":true,"href":"https:\/\/www.iquilibrio.com\/blog\/wp-json\/wp\/v2\/tags?post=27667"}],"curies":[{"name":"wp","href":"https:\/\/api.w.org\/{rel}","templated":true}]}}